{"id":192884,"date":"2018-12-05T17:38:36","date_gmt":"2018-12-05T17:38:36","guid":{"rendered":"https:\/\/www.meydan.tv\/article\/gurcustan-mene-azerbaycan-ise-mananaya-veten-olub\/"},"modified":"2018-12-05T17:38:36","modified_gmt":"2018-12-05T17:38:36","slug":"gurcustan-mene-azerbaycan-ise-mananaya-veten-olub","status":"publish","type":"post","link":"https:\/\/www.meydan.tv\/az\/article\/gurcustan-mene-azerbaycan-ise-mananaya-veten-olub\/","title":{"rendered":"&#8221;G\u00fcrc\u00fcstan m\u0259n\u0259, Az\u0259rbaycan is\u0259 Mananaya v\u0259t\u0259n olub&#8221;"},"content":{"rendered":"<figure class=\"wp-block-image size-large\">\n  <img decoding=\"async\" src=\"https:\/\/www.meydan.tv\/az\/113595\/\" alt=\"\" class=\"wp-image-113595\"\/><figcaption><\/figcaption><\/figure>\n<p>\n  <i><br \/>\n    Tbilisi bazar\u0131nda alver ed\u0259n az\u0259rbaycanl\u0131 qad\u0131nlar Az\u0259rbaycandan gileyl\u0259nibl\u0259r<br \/>\n  <\/i>\n<\/p>\n<p>\n  Tbilisid\u0259 yerl\u0259\u015f\u0259n Samqori bazar\u0131 30 ild\u0259n \u00e7oxdur G\u00fcrc\u00fcstan az\u0259rbaycanl\u0131lar\u0131n\u0131n g\u0259lir yerin\u0259 \u00e7evrilib. H\u0259r s\u0259h\u0259r onlar Kaxeti, Qardabani, Qara T\u0259hl\u0259d\u0259n bazara \u0259kib-bec\u0259rdikl\u0259ri m\u0259hsullar\u0131 satma\u011fa g\u0259lirl\u0259r. Bazarda i\u015fl\u0259y\u0259n az\u0259rbaycanl\u0131lar\u0131n \u0259ks\u0259riyy\u0259ti g\u00f6y\u0259rti satmaqla g\u00fcz\u0259ranlar\u0131n\u0131 ke\u00e7irirl\u0259r.\n<\/p>\n<p>\n  Meydan TV \u0259m\u0259kda\u015f\u0131 h\u0259min bazarda alver ed\u0259n qad\u0131nlar\u0131n bir ne\u00e7\u0259si il\u0259 s\u00f6hb\u0259tl\u0259\u015fib.\n<\/p>\n<p>\n  \u015e\u00f6vk\u0259t \u018fliyeva Az\u0259rbaycanda onlara qiym\u0259t verilm\u0259m\u0259sind\u0259n gileyl\u0259nir:\n<\/p>\n<figure class=\"wp-block-image size-large\">\n  <img decoding=\"async\" src=\"https:\/\/www.meydan.tv\/az\/113598\/\" alt=\"\" class=\"wp-image-113598\"\/><figcaption><\/figcaption><\/figure>\n<p>\n  \u201cManana niy\u0259 G\u00fcrc\u00fcstandan k\u00f6\u00e7\u00fcb Az\u0259rbaycanda \u00e7\u00f6r\u0259k tapa bilir, bizimkil\u0259r\u0259 bir tik\u0259 \u00e7\u00f6r\u0259k tap\u0131lm\u0131r?! Burada balaca da olsa, q\u0131z\u0131nma\u011fa yerimiz, dam\u0131m\u0131z var. Bak\u0131ya qay\u0131tsaq, kiray\u0259l\u0259rd\u0259 s\u00fcr\u00fcn\u0259rik. Kaxetid\u0259n h\u0259r g\u00fcn Tbilisiy\u0259 i\u015f\u0259 g\u0259lir\u0259m. Amma bunlar m\u0259n\u0259 \u00e7\u0259tin g\u0259lmir. Adam\u0131n \u00f6z v\u0259t\u0259nind\u0259 yad olma\u011f\u0131ndansa, G\u00fcrc\u00fcstan bazar\u0131nda i\u015fl\u0259m\u0259yi yax\u015f\u0131d\u0131r. Az\u0259rbaycan Mananaya v\u0259t\u0259n olub, G\u00fcrc\u00fcstan da biz\u0259\u201d.\n<\/p>\n<blockquote><p>\n  U\u015faq vaxt\u0131 g\u00f6rd\u00fcy\u00fcm yerl\u0259r\u0259 \u00e7\u0259kin\u0259r\u0259k getm\u0259k m\u0259n\u0259 a\u011f\u0131r g\u0259l\u0259r\n<\/p><\/blockquote>\n<p>\n  G\u00fclnar\u0259 Mehtiyeva is\u0259 Az\u0259rbaycandan daha \u00e7ox do\u011fulub, b\u00f6y\u00fcd\u00fcy\u00fc Erm\u0259nistan \u00fc\u00e7\u00fcn dar\u0131x\u0131r:\n<\/p>\n<figure class=\"wp-block-image size-large\">\n  <img decoding=\"async\" src=\"https:\/\/www.meydan.tv\/az\/45261-2\/\" alt=\"45261\" class=\"wp-image-113604\"\/><figcaption><\/figcaption><\/figure>\n<p>\n  \u201cM\u0259nim 15 ya\u015f\u0131m olanda Erm\u0259nistandan birba\u015fa Tbilisiy\u0259 g\u0259lmi\u015fik. O vaxt Qalina rayonunda ya\u015fay\u0131rd\u0131q. Dolan\u0131\u015f\u0131q olmad\u0131 dey\u0259 G\u00fcrc\u00fcstana k\u00f6\u00e7m\u0259li olduq, sonra da ara qar\u0131\u015fd\u0131, gedi\u015f-g\u0259li\u015f k\u0259sildi. Qarda\u015flar\u0131m\u0131n \u00fc\u00e7\u00fc 20 ildir Bak\u0131da ya\u015fay\u0131r. Amma m\u0259n Bak\u0131n\u0131 arzulam\u0131ram. Burada ya\u015fay\u0131\u015f \u00e7\u0259tin olsa da, qanun-qayda var. Bilirs\u0259n ki, haqs\u0131z yer\u0259 s\u0259ni he\u00e7 k\u0259s c\u0259rim\u0259l\u0259y\u0259n, danlayan deyil. Marneulid\u0259 ya\u015fayanlar Az\u0259rbaycana qay\u0131tmaqdansa, Rusiyaya k\u00f6\u00e7\u00fcb gedirl\u0259r. Az\u0259rbaycanda yar\u0131ac-yar\u0131tox ya\u015famaq bu ya\u015fdan sonra m\u0259n\u0259 a\u011f\u0131r g\u0259l\u0259r. Bu bazarda, el\u0259 b\u00fct\u00fcn G\u00fcrc\u00fcstanda erm\u0259ni-az\u0259rbaycanl\u0131 s\u00f6hb\u0259ti yoxdur. Ham\u0131m\u0131z bura s\u0131\u011f\u0131nm\u0131\u015f did\u0259rginl\u0259rik. H\u0259r\u0259miz bir c\u00fcr b\u0259db\u0259xt mill\u0259tik. Erm\u0259nistanda do\u011fulmu\u015fam dey\u0259 arada k\u00f6nl\u00fcm\u0259 ora getm\u0259k d\u00fc\u015f\u00fcr. Bazardak\u0131 erm\u0259ni yolda\u015f deyir ki, daha sakitlikdir, g\u0259l m\u0259n s\u0259ni apar\u0131m. 34 ildi Erm\u0259nistandan \u00e7\u0131xsam da, erm\u0259ni dilini bilir\u0259m. Geri qay\u0131da bil\u0259r\u0259m. Amma arzulad\u0131\u011f\u0131m yeri, insanlar\u0131 tapmayaca\u011f\u0131m\u0131 da bilir\u0259m. D\u00fczd\u00fcr, G\u00fcrc\u00fcstan\u0131n \u015f\u0259xsiyy\u0259t v\u0259siq\u0259si il\u0259 gedib g\u0259lm\u0259k m\u00fcmk\u00fcnd\u00fcr, amma m\u0259n do\u011fulub, b\u00f6y\u00fcd\u00fcy\u00fcm yer\u0259 qorxa-qorxa getm\u0259k ist\u0259mir\u0259m. U\u015faq vaxt\u0131 g\u00f6rd\u00fcy\u00fcm yerl\u0259r\u0259 \u00e7\u0259kin\u0259r\u0259k getm\u0259k m\u0259n\u0259 a\u011f\u0131r g\u0259l\u0259r\u201d.\n<\/p>\n<blockquote><p>\n  \u0130ld\u0259 bir d\u0259f\u0259 Az\u0259rbaycana qonaq ged\u0259nd\u0259 el\u0259 bilir\u0259m harasa yad yer\u0259 g\u0259lmi\u015f\u0259m\n<\/p><\/blockquote>\n<p>\n  M\u0259hruba V\u0259liyeva da G\u00fcrc\u00fcstan az\u0259rbaycanl\u0131lar\u0131ndand\u0131r. O da \u00f6z v\u0259t\u0259nind\u0259 ya\u015fama\u011fa \u00fcst\u00fcnl\u00fck verir:\n<\/p>\n<figure class=\"wp-block-image size-large\">\n  <img decoding=\"async\" src=\"https:\/\/www.meydan.tv\/az\/113601\/\" alt=\"\" class=\"wp-image-113601\"\/><figcaption><\/figcaption><\/figure>\n<p>\n  \u201cN\u0259sil-k\u00f6k\u00fcm G\u00fcrc\u00fcstanda ya\u015fay\u0131b, m\u0259n d\u0259 burada do\u011fulmu\u015fam. Qarda\u015f\u0131m ail\u0259sini d\u0259 g\u00f6t\u00fcr\u00fcb 10 il \u0259vv\u0259l Bak\u0131ya k\u00f6\u00e7d\u00fc. Amma h\u0259l\u0259 d\u0259 1 otaql\u0131 ev ala bilm\u0259yib. H\u0259r g\u00fcn Qara T\u0259hl\u0259d\u0259n Tbilisiy\u0259 \u00e7\u00f6r\u0259kpulu \u00fc\u00e7\u00fcn g\u0259lir\u0259m, bu, m\u0259n\u0259 a\u011f\u0131r g\u0259lmir. Amma qarda\u015f\u0131m\u0131n 10 illik \u0259ziyy\u0259tinin qar\u015f\u0131l\u0131\u011f\u0131nda bir daxmaya sahib ola bilm\u0259m\u0259si m\u0259nim pisim\u0259 g\u0259lir. \u0130ld\u0259 bir d\u0259f\u0259 Az\u0259rbaycana qonaq ged\u0259nd\u0259 el\u0259 bilir\u0259m harasa yad yer\u0259 g\u0259lmi\u015f\u0259m\u201d.<br \/>\n  \n<\/p>\n<blockquote><p>\n  Az\u0259rbaycanda ancaq n\u00f6k\u0259r ola bil\u0259rik\n<\/p><\/blockquote>\n<p>\n  Bayaqdan sakitc\u0259 qulaq asan Yet\u0259r \u018fhm\u0259dova da s\u00f6hb\u0259t\u0259 qo\u015fulur:\n<\/p>\n<p>\n  \u201cBac\u0131m, qarda\u015f\u0131m, atam, anam 26 il \u0259vv\u0259l Az\u0259rbaycana k\u00f6\u00e7d\u00fcl\u0259r. 26 ild\u0259 qeydiyyata d\u00fc\u015f\u0259 bilm\u0259dil\u0259r. H\u0259l\u0259 d\u0259 g\u0259lib pensiyan\u0131 G\u00fcrc\u00fcstandan al\u0131rlar. Niy\u0259 k\u00f6\u00e7\u0259k Az\u0259rbaycana? Bizim Az\u0259rbaycanda he\u00e7 n\u0259yimiz yoxdur. Buradan Bak\u0131ya ged\u0259nl\u0259rin ad\u0131 qa\u00e7q\u0131n qal\u0131r. 26 ild\u0259 ail\u0259m v\u0259t\u0259nind\u0259 qeydiyyata d\u00fc\u015f\u0259 bilm\u0259yibs\u0259, bel\u0259 v\u0259t\u0259n kim\u0259 laz\u0131md\u0131r? M\u0259n burada t\u0259k qald\u0131m, amma yen\u0259 d\u0259 getm\u0259dim. D\u00f6rd n\u0259f\u0259r ail\u0259 \u00fczv\u00fcmd\u0259n c\u0259mi biri qeydiyyata d\u00fc\u015f\u0259 bilib, o da ba\u015fqas\u0131 il\u0259 nikaha girm\u0259li olub. Allah k\u0259ssin el\u0259 dolanma\u011f\u0131. Bu dolanmaq deyil, s\u00fcr\u00fcnm\u0259kdir\u201d.\n<\/p>\n<figure class=\"wp-block-image size-large\">\n  <img decoding=\"async\" src=\"https:\/\/www.meydan.tv\/az\/113592\/\" alt=\"\" class=\"wp-image-113592\"\/><figcaption><\/figcaption><\/figure>\n<p>\n  Sabutaladan Tbilisi bazar\u0131na i\u015fl\u0259m\u0259y\u0259 g\u0259l\u0259n Yet\u0259r \u018fhm\u0259dova erm\u0259nil\u0259rl\u0259 m\u00fcnasib\u0259tl\u0259rin k\u0259skinl\u0259\u015fm\u0259sind\u0259 ba\u015fqalar\u0131n\u0131 g\u00fcnahland\u0131r\u0131r:\n<\/p>\n<p>\n  \u201cM\u0259n\u0259 qalsa, g\u00fcrc\u00fcl\u0259r\u0259 \u015f\u00fck\u00fcr el\u0259yir\u0259m. Biz\u0259 G\u00fcrc\u00fcstanda a\u011fa olmaq \u00fc\u00e7\u00fcn \u015f\u0259rait yarad\u0131rlar, Az\u0259rbaycanda is\u0259 ancaq n\u00f6k\u0259r ola bil\u0259rik. Erm\u0259nil\u0259rl\u0259 d\u0259 g\u00fcl kimi dolan\u0131r\u0131q. M\u0259nim erm\u0259ni r\u0259fiq\u0259l\u0259rim var, el\u0259 bilir\u0259m, do\u011fmalar\u0131md\u0131. Aram\u0131za saxta nifaq toxumu s\u0259p\u0259nl\u0259r\u0259 ham\u0131m\u0131z l\u0259n\u0259t oxuyuruq\u201d.\n<\/p>\n<blockquote><p>\n  Biz onlara \u00f6gey, g\u00fcrc\u00fcl\u0259r\u0259 is\u0259 do\u011fmay\u0131q\n<\/p><\/blockquote>\n<p>\n  Bazarda g\u00f6y\u0259rti sat\u0131lan hans\u0131 pi\u015ftaxtaya yax\u0131nla\u015fsan, az\u0259rbaycanl\u0131 qad\u0131n\u0131n s\u0259n\u0259 g\u00fcl\u00fcms\u0259diyini g\u00f6r\u00fcrs\u0259n. Eyni c\u0259rg\u0259d\u0259 d\u00fcz\u00fclm\u00fc\u015f pi\u015ftaxtalardan sonuncusunda G\u00fclh\u0259yat Nuriyeva dayan\u0131b:\n<\/p>\n<figure class=\"wp-block-image size-large\">\n  <img decoding=\"async\" src=\"https:\/\/www.meydan.tv\/az\/113607\/\" alt=\"\" class=\"wp-image-113607\"\/><figcaption><\/figcaption><\/figure>\n<p>\n  \u201cM\u0259n h\u0259mi\u015f\u0259 Az\u0259rbaycan\u0131 arzulay\u0131ram, amma bura v\u0259t\u0259nimdir. G\u00fcrc\u00fcstanda g\u0259nc az\u0259rbaycanl\u0131 o\u011flan var idi. \u0130ki il \u0259vv\u0259l \u00fcr\u0259yind\u0259n \u0259m\u0259liyyat olunmal\u0131 idi. Y\u0131\u011f\u0131\u015f\u0131b Xo\u015fq\u0259d\u0259m\u0259 m\u00fcraci\u0259t el\u0259dik ki, ona k\u00f6m\u0259k el\u0259sinl\u0259r. Sa\u011folsunlar, el\u0259m\u0259dil\u0259r. Biz az\u0259rbaycanl\u0131y\u0131q, \u00fcmidimizi d\u0259 Az\u0259rbaycana ba\u011flam\u0131\u015fd\u0131q. \u00dcmidimiz pu\u00e7a \u00e7\u0131xd\u0131. Ax\u0131rda Moskvada i\u015fl\u0259y\u0259n G\u00fcrc\u00fcstan az\u0259rbaycanl\u0131lar\u0131 il\u0259 birg\u0259 \u00f6z aram\u0131zda pul toplay\u0131b, o\u011flan\u0131 m\u00fcalic\u0259 etdirdik. 150 min dollar\u0131 b\u00fct\u00fcn G\u00fcrc\u00fcstan az\u0259rbaycanl\u0131lar\u0131 y\u0131\u011f\u0131b d\u0259rdimiz\u0259 \u00e7ar\u0259 el\u0259dik. Ondan sonra ba\u015fa d\u00fc\u015fd\u00fck ki, biz onlara \u00f6gey, g\u00fcrc\u00fcl\u0259r\u0259 is\u0259 do\u011fmay\u0131q. Erm\u0259nil\u0259rl\u0259 d\u0259 qon\u015fulu\u011fumuzu saxlaya bilirik. 20 ild\u0259n \u00e7oxdur bir d\u0259f\u0259 d\u0259 olsun s\u00f6z-s\u00f6hb\u0259timiz d\u00fc\u015fm\u0259yib\u201d.\n<\/p>\n<p>\n  Bu qad\u0131nlar\u0131n \u0259n ki\u00e7iyinin 46, \u0259n ya\u015fl\u0131s\u0131n\u0131n 55 ya\u015f\u0131 var. Onlar ox\u015far c\u0259h\u0259ti Az\u0259rbaycandan incik d\u00fc\u015fm\u0259l\u0259ridir.\n<\/p>\n<p>\n  Bu g\u00fcn G\u00fcrc\u00fcstanda r\u0259smi r\u0259q\u0259ml\u0259r\u0259 g\u00f6r\u0259 350 mind\u0259n \u00e7ox, qeyri-r\u0259smi m\u0259lumatlara g\u00f6r\u0259 is\u0259 yar\u0131m milyona yax\u0131n az\u0259rbaycanl\u0131 ya\u015fay\u0131r.\n<\/p>\n<figure class=\"wp-block-image size-large\">\n  <img decoding=\"async\" src=\"https:\/\/www.meydan.tv\/az\/113622\/\" alt=\"\" class=\"wp-image-113622\"\/><figcaption><\/figcaption><\/figure><\/p>\n","protected":false},"excerpt":{"rendered":"<p>Tbilisi bazar\u0131nda alver ed\u0259n az\u0259rbaycanl\u0131 qad\u0131nlar Az\u0259rbaycandan gileyl\u0259nibl\u0259r<\/p>\n","protected":false},"author":11,"featured_media":113595,"comment_status":"closed","ping_status":"open","sticky":false,"template":"","format":"standard","meta":{"_acf_changed":false,"_sitemap_exclude":false,"_sitemap_priority":"","_sitemap_frequency":"","footnotes":""},"categories":[60],"tags":[],"class_list":["post-192884","post","type-post","status-publish","format-standard","has-post-thumbnail","hentry","category-bolge","infinite-scroll-item","generate-columns","tablet-grid-50","mobile-grid-100","grid-parent","grid-33","no-featured-image-padding"],"acf":[],"yoast_head":"<!-- This site is optimized with the Yoast SEO plugin v27.4 - https:\/\/yoast.com\/product\/yoast-seo-wordpress\/ -->\n<title>&#039;&#039;G\u00fcrc\u00fcstan m\u0259n\u0259, Az\u0259rbaycan is\u0259 Mananaya v\u0259t\u0259n olub&#039;&#039; - MEYDAN.TV<\/title>\n<meta name=\"robots\" content=\"index, follow, max-snippet:-1, max-image-preview:large, max-video-preview:-1\" \/>\n<link rel=\"canonical\" href=\"https:\/\/www.meydan.tv\/az\/article\/gurcustan-mene-azerbaycan-ise-mananaya-veten-olub\/\" \/>\n<meta property=\"og:locale\" content=\"az_AZ\" \/>\n<meta property=\"og:type\" content=\"article\" \/>\n<meta property=\"og:title\" content=\"&#039;&#039;G\u00fcrc\u00fcstan m\u0259n\u0259, Az\u0259rbaycan is\u0259 Mananaya v\u0259t\u0259n olub&#039;&#039; - MEYDAN.TV\" \/>\n<meta property=\"og:description\" content=\"Tbilisi bazar\u0131nda alver ed\u0259n az\u0259rbaycanl\u0131 qad\u0131nlar Az\u0259rbaycandan gileyl\u0259nibl\u0259r\" \/>\n<meta property=\"og:url\" content=\"https:\/\/www.meydan.tv\/az\/article\/gurcustan-mene-azerbaycan-ise-mananaya-veten-olub\/\" \/>\n<meta property=\"og:site_name\" content=\"MEYDAN.TV\" \/>\n<meta property=\"article:published_time\" content=\"2018-12-05T17:38:36+00:00\" \/>\n<meta property=\"og:image\" content=\"https:\/\/www.meydan.tv\/wp-content\/uploads\/45260-scaled.jpg\" \/>\n\t<meta property=\"og:image:width\" content=\"2560\" \/>\n\t<meta property=\"og:image:height\" content=\"1707\" \/>\n\t<meta property=\"og:image:type\" content=\"image\/jpeg\" \/>\n<meta name=\"author\" content=\"user-manager\" \/>\n<meta name=\"twitter:card\" content=\"summary_large_image\" \/>\n<script type=\"application\/ld+json\" class=\"yoast-schema-graph\">{\"@context\":\"https:\\\/\\\/schema.org\",\"@graph\":[{\"@type\":\"Article\",\"@id\":\"https:\\\/\\\/www.meydan.tv\\\/az\\\/article\\\/gurcustan-mene-azerbaycan-ise-mananaya-veten-olub\\\/#article\",\"isPartOf\":{\"@id\":\"https:\\\/\\\/www.meydan.tv\\\/az\\\/article\\\/gurcustan-mene-azerbaycan-ise-mananaya-veten-olub\\\/\"},\"author\":{\"name\":\"user-manager\",\"@id\":\"https:\\\/\\\/www.meydan.tv\\\/az\\\/#\\\/schema\\\/person\\\/10d11eccf6da3662cf5fdab9806ea91a\"},\"headline\":\"&#8221;G\u00fcrc\u00fcstan m\u0259n\u0259, Az\u0259rbaycan is\u0259 Mananaya v\u0259t\u0259n olub&#8221;\",\"datePublished\":\"2018-12-05T17:38:36+00:00\",\"mainEntityOfPage\":{\"@id\":\"https:\\\/\\\/www.meydan.tv\\\/az\\\/article\\\/gurcustan-mene-azerbaycan-ise-mananaya-veten-olub\\\/\"},\"wordCount\":1216,\"publisher\":{\"@id\":\"https:\\\/\\\/www.meydan.tv\\\/az\\\/#organization\"},\"image\":{\"@id\":\"https:\\\/\\\/www.meydan.tv\\\/az\\\/article\\\/gurcustan-mene-azerbaycan-ise-mananaya-veten-olub\\\/#primaryimage\"},\"thumbnailUrl\":\"https:\\\/\\\/www.meydan.tv\\\/wp-content\\\/uploads\\\/45260-scaled.jpg\",\"articleSection\":[\"B\u00f6lg\u0259\"],\"inLanguage\":\"az\"},{\"@type\":\"WebPage\",\"@id\":\"https:\\\/\\\/www.meydan.tv\\\/az\\\/article\\\/gurcustan-mene-azerbaycan-ise-mananaya-veten-olub\\\/\",\"url\":\"https:\\\/\\\/www.meydan.tv\\\/az\\\/article\\\/gurcustan-mene-azerbaycan-ise-mananaya-veten-olub\\\/\",\"name\":\"''G\u00fcrc\u00fcstan m\u0259n\u0259, Az\u0259rbaycan is\u0259 Mananaya v\u0259t\u0259n olub'' - MEYDAN.TV\",\"isPartOf\":{\"@id\":\"https:\\\/\\\/www.meydan.tv\\\/az\\\/#website\"},\"primaryImageOfPage\":{\"@id\":\"https:\\\/\\\/www.meydan.tv\\\/az\\\/article\\\/gurcustan-mene-azerbaycan-ise-mananaya-veten-olub\\\/#primaryimage\"},\"image\":{\"@id\":\"https:\\\/\\\/www.meydan.tv\\\/az\\\/article\\\/gurcustan-mene-azerbaycan-ise-mananaya-veten-olub\\\/#primaryimage\"},\"thumbnailUrl\":\"https:\\\/\\\/www.meydan.tv\\\/wp-content\\\/uploads\\\/45260-scaled.jpg\",\"datePublished\":\"2018-12-05T17:38:36+00:00\",\"breadcrumb\":{\"@id\":\"https:\\\/\\\/www.meydan.tv\\\/az\\\/article\\\/gurcustan-mene-azerbaycan-ise-mananaya-veten-olub\\\/#breadcrumb\"},\"inLanguage\":\"az\",\"potentialAction\":[{\"@type\":\"ReadAction\",\"target\":[\"https:\\\/\\\/www.meydan.tv\\\/az\\\/article\\\/gurcustan-mene-azerbaycan-ise-mananaya-veten-olub\\\/\"]}]},{\"@type\":\"ImageObject\",\"inLanguage\":\"az\",\"@id\":\"https:\\\/\\\/www.meydan.tv\\\/az\\\/article\\\/gurcustan-mene-azerbaycan-ise-mananaya-veten-olub\\\/#primaryimage\",\"url\":\"https:\\\/\\\/www.meydan.tv\\\/wp-content\\\/uploads\\\/45260-scaled.jpg\",\"contentUrl\":\"https:\\\/\\\/www.meydan.tv\\\/wp-content\\\/uploads\\\/45260-scaled.jpg\",\"width\":2560,\"height\":1707,\"caption\":\"Source:\"},{\"@type\":\"BreadcrumbList\",\"@id\":\"https:\\\/\\\/www.meydan.tv\\\/az\\\/article\\\/gurcustan-mene-azerbaycan-ise-mananaya-veten-olub\\\/#breadcrumb\",\"itemListElement\":[{\"@type\":\"ListItem\",\"position\":1,\"name\":\"Ana s\u0259hif\u0259\",\"item\":\"https:\\\/\\\/www.meydan.tv\\\/az\\\/\"},{\"@type\":\"ListItem\",\"position\":2,\"name\":\"B\u00f6lg\u0259\",\"item\":\"https:\\\/\\\/www.meydan.tv\\\/az\\\/section\\\/bolge\\\/\"},{\"@type\":\"ListItem\",\"position\":3,\"name\":\"&#8221;G\u00fcrc\u00fcstan m\u0259n\u0259, Az\u0259rbaycan is\u0259 Mananaya v\u0259t\u0259n olub&#8221;\"}]},{\"@type\":\"WebSite\",\"@id\":\"https:\\\/\\\/www.meydan.tv\\\/az\\\/#website\",\"url\":\"https:\\\/\\\/www.meydan.tv\\\/az\\\/\",\"name\":\"MEYDAN.TV\",\"description\":\"Meydan TV Az\u0259rbaycan\u0131n media m\u0259kan\u0131ndak\u0131 alternativ s\u0259sidir\",\"publisher\":{\"@id\":\"https:\\\/\\\/www.meydan.tv\\\/az\\\/#organization\"},\"potentialAction\":[{\"@type\":\"SearchAction\",\"target\":{\"@type\":\"EntryPoint\",\"urlTemplate\":\"https:\\\/\\\/www.meydan.tv\\\/az\\\/?s={search_term_string}\"},\"query-input\":{\"@type\":\"PropertyValueSpecification\",\"valueRequired\":true,\"valueName\":\"search_term_string\"}}],\"inLanguage\":\"az\"},{\"@type\":\"Organization\",\"@id\":\"https:\\\/\\\/www.meydan.tv\\\/az\\\/#organization\",\"name\":\"Meydan TV\",\"url\":\"https:\\\/\\\/www.meydan.tv\\\/az\\\/\",\"logo\":{\"@type\":\"ImageObject\",\"inLanguage\":\"az\",\"@id\":\"https:\\\/\\\/www.meydan.tv\\\/az\\\/#\\\/schema\\\/logo\\\/image\\\/\",\"url\":\"https:\\\/\\\/www.meydan.tv\\\/wp-content\\\/uploads\\\/2021\\\/07\\\/meydan-logo.svg\",\"contentUrl\":\"https:\\\/\\\/www.meydan.tv\\\/wp-content\\\/uploads\\\/2021\\\/07\\\/meydan-logo.svg\",\"width\":195,\"height\":46,\"caption\":\"Meydan TV\"},\"image\":{\"@id\":\"https:\\\/\\\/www.meydan.tv\\\/az\\\/#\\\/schema\\\/logo\\\/image\\\/\"}},{\"@type\":\"Person\",\"@id\":\"https:\\\/\\\/www.meydan.tv\\\/az\\\/#\\\/schema\\\/person\\\/10d11eccf6da3662cf5fdab9806ea91a\",\"name\":\"user-manager\"}]}<\/script>\n<!-- \/ Yoast SEO plugin. -->","yoast_head_json":{"title":"''G\u00fcrc\u00fcstan m\u0259n\u0259, Az\u0259rbaycan is\u0259 Mananaya v\u0259t\u0259n olub'' - MEYDAN.TV","robots":{"index":"index","follow":"follow","max-snippet":"max-snippet:-1","max-image-preview":"max-image-preview:large","max-video-preview":"max-video-preview:-1"},"canonical":"https:\/\/www.meydan.tv\/az\/article\/gurcustan-mene-azerbaycan-ise-mananaya-veten-olub\/","og_locale":"az_AZ","og_type":"article","og_title":"''G\u00fcrc\u00fcstan m\u0259n\u0259, Az\u0259rbaycan is\u0259 Mananaya v\u0259t\u0259n olub'' - MEYDAN.TV","og_description":"Tbilisi bazar\u0131nda alver ed\u0259n az\u0259rbaycanl\u0131 qad\u0131nlar Az\u0259rbaycandan gileyl\u0259nibl\u0259r","og_url":"https:\/\/www.meydan.tv\/az\/article\/gurcustan-mene-azerbaycan-ise-mananaya-veten-olub\/","og_site_name":"MEYDAN.TV","article_published_time":"2018-12-05T17:38:36+00:00","og_image":[{"width":2560,"height":1707,"url":"https:\/\/www.meydan.tv\/wp-content\/uploads\/45260-scaled.jpg","type":"image\/jpeg"}],"author":"user-manager","twitter_card":"summary_large_image","schema":{"@context":"https:\/\/schema.org","@graph":[{"@type":"Article","@id":"https:\/\/www.meydan.tv\/az\/article\/gurcustan-mene-azerbaycan-ise-mananaya-veten-olub\/#article","isPartOf":{"@id":"https:\/\/www.meydan.tv\/az\/article\/gurcustan-mene-azerbaycan-ise-mananaya-veten-olub\/"},"author":{"name":"user-manager","@id":"https:\/\/www.meydan.tv\/az\/#\/schema\/person\/10d11eccf6da3662cf5fdab9806ea91a"},"headline":"&#8221;G\u00fcrc\u00fcstan m\u0259n\u0259, Az\u0259rbaycan is\u0259 Mananaya v\u0259t\u0259n olub&#8221;","datePublished":"2018-12-05T17:38:36+00:00","mainEntityOfPage":{"@id":"https:\/\/www.meydan.tv\/az\/article\/gurcustan-mene-azerbaycan-ise-mananaya-veten-olub\/"},"wordCount":1216,"publisher":{"@id":"https:\/\/www.meydan.tv\/az\/#organization"},"image":{"@id":"https:\/\/www.meydan.tv\/az\/article\/gurcustan-mene-azerbaycan-ise-mananaya-veten-olub\/#primaryimage"},"thumbnailUrl":"https:\/\/www.meydan.tv\/wp-content\/uploads\/45260-scaled.jpg","articleSection":["B\u00f6lg\u0259"],"inLanguage":"az"},{"@type":"WebPage","@id":"https:\/\/www.meydan.tv\/az\/article\/gurcustan-mene-azerbaycan-ise-mananaya-veten-olub\/","url":"https:\/\/www.meydan.tv\/az\/article\/gurcustan-mene-azerbaycan-ise-mananaya-veten-olub\/","name":"''G\u00fcrc\u00fcstan m\u0259n\u0259, Az\u0259rbaycan is\u0259 Mananaya v\u0259t\u0259n olub'' - MEYDAN.TV","isPartOf":{"@id":"https:\/\/www.meydan.tv\/az\/#website"},"primaryImageOfPage":{"@id":"https:\/\/www.meydan.tv\/az\/article\/gurcustan-mene-azerbaycan-ise-mananaya-veten-olub\/#primaryimage"},"image":{"@id":"https:\/\/www.meydan.tv\/az\/article\/gurcustan-mene-azerbaycan-ise-mananaya-veten-olub\/#primaryimage"},"thumbnailUrl":"https:\/\/www.meydan.tv\/wp-content\/uploads\/45260-scaled.jpg","datePublished":"2018-12-05T17:38:36+00:00","breadcrumb":{"@id":"https:\/\/www.meydan.tv\/az\/article\/gurcustan-mene-azerbaycan-ise-mananaya-veten-olub\/#breadcrumb"},"inLanguage":"az","potentialAction":[{"@type":"ReadAction","target":["https:\/\/www.meydan.tv\/az\/article\/gurcustan-mene-azerbaycan-ise-mananaya-veten-olub\/"]}]},{"@type":"ImageObject","inLanguage":"az","@id":"https:\/\/www.meydan.tv\/az\/article\/gurcustan-mene-azerbaycan-ise-mananaya-veten-olub\/#primaryimage","url":"https:\/\/www.meydan.tv\/wp-content\/uploads\/45260-scaled.jpg","contentUrl":"https:\/\/www.meydan.tv\/wp-content\/uploads\/45260-scaled.jpg","width":2560,"height":1707,"caption":"Source:"},{"@type":"BreadcrumbList","@id":"https:\/\/www.meydan.tv\/az\/article\/gurcustan-mene-azerbaycan-ise-mananaya-veten-olub\/#breadcrumb","itemListElement":[{"@type":"ListItem","position":1,"name":"Ana s\u0259hif\u0259","item":"https:\/\/www.meydan.tv\/az\/"},{"@type":"ListItem","position":2,"name":"B\u00f6lg\u0259","item":"https:\/\/www.meydan.tv\/az\/section\/bolge\/"},{"@type":"ListItem","position":3,"name":"&#8221;G\u00fcrc\u00fcstan m\u0259n\u0259, Az\u0259rbaycan is\u0259 Mananaya v\u0259t\u0259n olub&#8221;"}]},{"@type":"WebSite","@id":"https:\/\/www.meydan.tv\/az\/#website","url":"https:\/\/www.meydan.tv\/az\/","name":"MEYDAN.TV","description":"Meydan TV Az\u0259rbaycan\u0131n media m\u0259kan\u0131ndak\u0131 alternativ s\u0259sidir","publisher":{"@id":"https:\/\/www.meydan.tv\/az\/#organization"},"potentialAction":[{"@type":"SearchAction","target":{"@type":"EntryPoint","urlTemplate":"https:\/\/www.meydan.tv\/az\/?s={search_term_string}"},"query-input":{"@type":"PropertyValueSpecification","valueRequired":true,"valueName":"search_term_string"}}],"inLanguage":"az"},{"@type":"Organization","@id":"https:\/\/www.meydan.tv\/az\/#organization","name":"Meydan TV","url":"https:\/\/www.meydan.tv\/az\/","logo":{"@type":"ImageObject","inLanguage":"az","@id":"https:\/\/www.meydan.tv\/az\/#\/schema\/logo\/image\/","url":"https:\/\/www.meydan.tv\/wp-content\/uploads\/2021\/07\/meydan-logo.svg","contentUrl":"https:\/\/www.meydan.tv\/wp-content\/uploads\/2021\/07\/meydan-logo.svg","width":195,"height":46,"caption":"Meydan TV"},"image":{"@id":"https:\/\/www.meydan.tv\/az\/#\/schema\/logo\/image\/"}},{"@type":"Person","@id":"https:\/\/www.meydan.tv\/az\/#\/schema\/person\/10d11eccf6da3662cf5fdab9806ea91a","name":"user-manager"}]}},"_links":{"self":[{"href":"https:\/\/www.meydan.tv\/az\/wp-json\/wp\/v2\/posts\/192884","targetHints":{"allow":["GET"]}}],"collection":[{"href":"https:\/\/www.meydan.tv\/az\/wp-json\/wp\/v2\/posts"}],"about":[{"href":"https:\/\/www.meydan.tv\/az\/wp-json\/wp\/v2\/types\/post"}],"author":[{"embeddable":true,"href":"https:\/\/www.meydan.tv\/az\/wp-json\/wp\/v2\/users\/11"}],"replies":[{"embeddable":true,"href":"https:\/\/www.meydan.tv\/az\/wp-json\/wp\/v2\/comments?post=192884"}],"version-history":[{"count":0,"href":"https:\/\/www.meydan.tv\/az\/wp-json\/wp\/v2\/posts\/192884\/revisions"}],"wp:featuredmedia":[{"embeddable":true,"href":"https:\/\/www.meydan.tv\/az\/wp-json\/wp\/v2\/media\/113595"}],"wp:attachment":[{"href":"https:\/\/www.meydan.tv\/az\/wp-json\/wp\/v2\/media?parent=192884"}],"wp:term":[{"taxonomy":"category","embeddable":true,"href":"https:\/\/www.meydan.tv\/az\/wp-json\/wp\/v2\/categories?post=192884"},{"taxonomy":"post_tag","embeddable":true,"href":"https:\/\/www.meydan.tv\/az\/wp-json\/wp\/v2\/tags?post=192884"}],"curies":[{"name":"wp","href":"https:\/\/api.w.org\/{rel}","templated":true}]}}