{"id":192881,"date":"2018-12-05T18:26:15","date_gmt":"2018-12-05T18:26:15","guid":{"rendered":"https:\/\/www.meydan.tv\/article\/ugursuzluq-ideyaya-cevrilmeyende\/"},"modified":"2018-12-05T18:26:15","modified_gmt":"2018-12-05T18:26:15","slug":"ugursuzluq-ideyaya-cevrilmeyende","status":"publish","type":"post","link":"https:\/\/www.meydan.tv\/az\/article\/ugursuzluq-ideyaya-cevrilmeyende\/","title":{"rendered":"U\u011fursuzluq ideyaya \u00e7evrilm\u0259y\u0259nd\u0259\u2026"},"content":{"rendered":"<figure class=\"wp-block-image size-large\">\n  <img decoding=\"async\" src=\"https:\/\/www.meydan.tv\/az\/yalcin-imanov-5\/\" alt=\"Yal\u00e7\u0131n \u0130manov\" class=\"wp-image-113137\"\/><figcaption>\n    Yal\u00e7\u0131n \u0130manov<br \/>\n  <\/figcaption><\/figure>\n<p>\n  \u0130ndi kim m\u0259n\u0259 dey\u0259 bil\u0259r ki, Az\u0259rbaycan\u0131n hans\u0131sa yaras\u0131, lap miqyas\u0131na g\u00f6r\u0259, \u0259n ki\u00e7iyini, balacas\u0131n\u0131 g\u00f6t\u00fcr\u0259k, sa\u011fal\u0131b, h\u0259ll olunub?\n<\/p>\n<p>\n  \u0130nsan ba\u015f\u0131na g\u0259l\u0259nl\u0259ri tam, b\u00fctov v\u0259 d\u0259rind\u0259n ya\u015faya bilm\u0259y\u0259nd\u0259, ba\u015f\u0131na g\u0259l\u0259nl\u0259rin \u0259sl, ger\u00e7\u0259k s\u0259b\u0259bl\u0259rini anlay\u0131b, d\u0259rk ed\u0259 bilmir.\n<\/p>\n<p>\n  O \u015feyin k\u00f6k\u00fcn\u00fc ki h\u0259l\u0259 d\u0259 qaz\u0131y\u0131b, tapa bilm\u0259mis\u0259n, dem\u0259li, onu h\u0259l\u0259 d\u0259 sonuna q\u0259d\u0259r ya\u015famam\u0131san.\n<\/p>\n<p>\n  O \u015fey ki s\u0259n\u0259 tam mahiyy\u0259til\u0259 a\u00e7\u0131lmay\u0131b, h\u0259l\u0259 d\u0259 hans\u0131sa qaranl\u0131q m\u0259s\u0259l\u0259l\u0259r var, \u0259min ol ki, ya\u015fant\u0131da n\u0259s\u0259 yar\u0131m\u00e7\u0131q qal\u0131b, hardasa daxili proses dayan\u0131b, getm\u0259yib, ya ist\u0259nil\u0259n g\u0259rginlikd\u0259 v\u0259 h\u0259cmd\u0259 getm\u0259yib, ya da \u00fcmumiyy\u0259tl\u0259 q\u0131r\u0131l\u0131b, istiqam\u0259tini itirib v\u0259 n\u0259tic\u0259d\u0259 yekunla\u015f\u0131b, ba\u015fa \u00e7atmay\u0131b.\n<\/p>\n<p>\n  O \u015feyi ki tam ya\u015fay\u0131b, ba\u015fa d\u00fc\u015fm\u0259mis\u0259n, o, s\u0259ni \u00f6mr\u00fcn\u00fcn ist\u0259nil\u0259n m\u0259rh\u0259l\u0259sind\u0259 haqlayacaq, q\u0259bir evin\u0259d\u0259k t\u0259qib ed\u0259c\u0259k.\n<\/p>\n<p>\n  C\u0259miyy\u0259tl\u0259r d\u0259 bel\u0259dir, onu vahid bir orqanizm kimi f\u0259rz edib, q\u0259bul ed\u0259 bils\u0259k, ortaya ox\u015far m\u0259nz\u0259r\u0259 \u00e7\u0131xacaq. B\u0259z\u0259n ayr\u0131ca g\u00f6t\u00fcr\u00fclm\u00fc\u015f bir c\u0259miyy\u0259t, hans\u0131sa bir f\u0259rdi, konkret bir adam\u0131, kimis\u0259 assosiasiya edir, \u00e7ox b\u0259nz\u0259r c\u0259h\u0259tl\u0259ri, xarakter cizgil\u0259ri v\u0259 \u0259lam\u0259tl\u0259ri il\u0259 onu yada sal\u0131b, xat\u0131rlad\u0131r.\n<\/p>\n<p>\n  V\u0259 bel\u0259d\u0259 bir d\u0259 g\u00f6r\u00fcrs\u0259n ki, b\u00f6y\u00fck bir toplum, iki g\u00f6z\u00fc, iki qula\u011f\u0131, bir b\u0259d\u0259ni v\u0259 vur-tut bir ba\u015f\u0131 il\u0259 h\u00fczurunda dayan\u0131b v\u0259 s\u0259n d\u0259 bu yek\u0259 canl\u0131n\u0131, varl\u0131\u011f\u0131 israrla kim\u0259s\u0259 ox\u015fad\u0131rsan.\n<\/p>\n<p>\n  Az\u0259rbaycan c\u0259miyy\u0259ti ba\u015f\u0131na g\u0259l\u0259nl\u0259ri, g\u0259tiril\u0259nl\u0259ri v\u0259 yaxud da i\u00e7ind\u0259 bi\u015fdiyi, bi\u015firildiyi \u0259ks\u0259r prosesl\u0259ri sonuna q\u0259d\u0259r ya\u015fay\u0131b, hiss ed\u0259 bilm\u0259yib.\n<\/p>\n<p>\n  Yeri g\u0259lmi\u015fk\u0259n, ba\u015fa g\u0259tiril\u0259nl\u0259r\u00a0\u0259ks\u0259r\u0259n k\u0259nar\u0131 n\u0259z\u0259rd\u0259 tutur v\u0259 b\u0259z\u0259n o d\u0259rhal h\u0259ll edilm\u0259lidir. Yoxsa, o, bir d\u0259 h\u0259ll edilmir, \u0259b\u0259di d\u00fcy\u00fcn\u0259 d\u00fc\u015f\u00fcr. Nec\u0259 ki, m\u0259s\u0259l\u0259n, Qaraba\u011f problemi yaranan kimi d\u0259rhal h\u0259ll edilm\u0259liydi, ancaq h\u0259ll edilm\u0259di v\u0259 buna g\u00f6r\u0259 d\u0259 \u00e7\u0131xmaza d\u00fc\u015fd\u00fc.\n<\/p>\n<p>\n  C\u0259miyy\u0259tin ba\u015f\u0131na g\u0259l\u0259nl\u0259rsa onun \u00f6z\u00fcnd\u0259n, xarakterind\u0259n qaynaqlan\u0131r, onu ya\u015fant\u0131 problemi m\u00fc\u015fayi\u0259t edir v\u0259 ona vaxt-v\u0259d\u0259 tan\u0131maq laz\u0131m g\u0259lir.\n<\/p>\n<p>\n  M\u0259n, \u00f6lk\u0259min \u0259vv\u0259lki tarixl\u0259rini o q\u0259d\u0259r d\u0259 yax\u015f\u0131 bilmir\u0259m, amma son onillikl\u0259rin, ax\u0131r 30 ild\u0259 ba\u015f ver\u0259nl\u0259rin \u00f6t\u0259ri analizi v\u0259 bundan \u00e7\u0131xan n\u0259tic\u0259l\u0259r, \u0259ld\u0259 edil\u0259n d\u0259rsl\u0259r \u0259minlikl\u0259 bel\u0259 dem\u0259y\u0259 \u0259sas verir.\n<\/p>\n<p>\n  \u0130st\u0259r ac\u0131 g\u00fcnl\u0259r olsun, ist\u0259rs\u0259 d\u0259 xo\u015f xatir\u0259l\u0259r, ist\u0259r a\u011f\u0131r faci\u0259l\u0259r olsun, ist\u0259rs\u0259 d\u0259 y\u00fcng\u00fcl sevincl\u0259r, \u0259sla f\u0259rq etm\u0259z. Ham\u0131s\u0131n\u0131n ya\u015fant\u0131s\u0131nda v\u0259 n\u0259tic\u0259 etibaril\u0259 anla\u015f\u0131l\u0131b, d\u0259rk edilm\u0259sind\u0259 bir \u00e7iylik, yar\u0131m\u00e7\u0131ql\u0131q duyulur. Ham\u0131s\u0131na n\u0259s\u0259 bir t\u0259l\u0259sk\u0259nlik, ild\u0131r\u0131m sur\u0259tli, k\u0259skin ke\u00e7idl\u0259r xasd\u0131r. Sanki y\u00fcks\u0259k templi h\u0259yat dinamikas\u0131 q\u0259sd\u0259n, q\u0259r\u0259zli \u015f\u0259kild\u0259 toplumu dart\u0131b \u00f6z arxas\u0131nca apar\u0131b, onu olan\u0131n, ba\u015f ver\u0259nin \u00fcst\u00fcnd\u0259 dayanma\u011fa v\u0259 daha \u00e7ox d\u00fc\u015f\u00fcnm\u0259y\u0259, t\u0259krar-t\u0259krar ona d\u00f6nm\u0259y\u0259, ara\u015fd\u0131rma\u011fa imkan v\u0259 macal verm\u0259yib. Aritmik h\u0259yat t\u0259rzi y\u0259ni!\n<\/p>\n<p>\n  H\u0259r\u00e7\u0259nd b\u0259z\u0259n he\u00e7 bir \u0259lav\u0259 ehtiyac olmadan hans\u0131sa l\u00fczumsuz, o q\u0259d\u0259r d\u0259 diqq\u0259t\u0259 v\u0259 mara\u011fa layiq olmayan hadis\u0259l\u0259rin \u00fcst\u00fcnd\u0259 \u0259tal\u0259tli l\u0259ngim\u0259l\u0259ri, izafi vaxt itikil\u0259rini d\u0259 sezm\u0259k v\u0259 m\u00fc\u015fahid\u0259 el\u0259m\u0259k olur.\n<\/p>\n<p>\n  M\u0259hz bu s\u0259b\u0259bd\u0259ndir ki, c\u0259miyy\u0259timiz ba\u015f\u0131na g\u0259l\u0259nl\u0259rin, g\u0259tiril\u0259nl\u0259rin v\u0259 yaxud da i\u00e7ind\u0259 bi\u015fdiyi, bi\u015firildiyi prosesl\u0259rin ger\u00e7\u0259k s\u0259b\u0259bl\u0259rini tam anlay\u0131b, h\u0259zm ed\u0259 bilmir.\n<\/p>\n<p>\n  G\u00fcman ki, el\u0259 buna g\u00f6r\u0259dir, \u00e7ox tez-tez k\u00f6hn\u0259 palan i\u00e7i t\u00f6k\u00fcl\u00fcr, filan hadis\u0259 v\u0259 onun f\u0259rqli ba\u015f verm\u0259 tarix\u00e7\u0259l\u0259ri, \u00e7ox versiyal\u0131 v\u0259 \u0259ks\u0259r\u0259n d\u0259 bir-birini inkar ed\u0259n s\u0259b\u0259bl\u0259ri i\u00e7ind\u0259 e\u015f\u0259l\u0259nir, ba\u015f s\u0131nd\u0131r\u0131rlar. Ancaq pisi d\u0259 budur, \u00e7ox zaman da yekunda hans\u0131sa yekdil n\u0259tic\u0259y\u0259 g\u0259linib \u00e7\u0131x\u0131lm\u0131r ki, \u00e7\u0131x\u0131lm\u0131r.\n<\/p>\n<p>\n  Hadis\u0259l\u0259ri, ba\u015f\u0131na g\u0259l\u0259nl\u0259ri v\u0259 g\u0259tiril\u0259nl\u0259ri k\u0259nar t\u0259sirl\u0259rd\u0259n ay\u0131r\u0131b, t\u0259mizl\u0259m\u0259y\u0259n, d\u0259rind\u0259n v\u0259 sonuna q\u0259d\u0259r ya\u015famayan toplumun yaralar\u0131 qaysaq ba\u011flam\u0131r, daima a\u00e7\u0131q qal\u0131r, sevincl\u0259ri tumurcuqlam\u0131r, g\u00fcl a\u00e7\u0131b, b\u00f6y\u00fcm\u00fcr.\n<\/p>\n<p>\n  \u0130ndi kim m\u0259n\u0259 dey\u0259 bil\u0259r ki, Az\u0259rbaycan\u0131n hans\u0131sa yaras\u0131, lap miqyas\u0131na g\u00f6r\u0259, \u0259n ki\u00e7iyini, balacas\u0131n\u0131 g\u00f6t\u00fcr\u0259k, sa\u011fal\u0131b, h\u0259ll olunub? V\u0259 yaxud da hans\u0131 xo\u015f s\u0259hif\u0259si tam \u0259minlik v\u0259 ehtiramla \u00e7evrilib, s\u0259liq\u0259-sahmanla k\u0259nara qoyulub?\n<\/p>\n<p>\n  Bu, a\u015fkar ya\u015fanmazl\u0131\u011f\u0131n, ba\u015fdansovduluq v\u0259 k\u0259mliyin z\u0259ruri \u0259lam\u0259ti deyil, b\u0259s n\u0259dir?\n<\/p>\n<p>\n  ***\n<\/p>\n<p>\n  Xo\u015f g\u00fcnl\u0259ri bir k\u0259nara qoyuram, onunla i\u015fim yox, onu yola verm\u0259yi b\u0259lk\u0259 d\u0259 hardasa anlamaq v\u0259 ba\u011f\u0131\u015flamaq olar. Ziyans\u0131zd\u0131r \u0259n az\u0131, daha b\u00f6y\u00fck faydalar\u0131n\u0131n a\u015fkar edilm\u0259m\u0259si o q\u0259d\u0259r d\u0259 z\u0259r\u0259r vermir. Ancaq faci\u0259l\u0259rd\u0259, pis g\u00fcnl\u0259rd\u0259 bu qayda, bu \u00fcsul i\u015fl\u0259mir, yarars\u0131z v\u0259 g\u0259r\u0259ksiz olur.\n<\/p>\n<p>\n  U\u011fursuzluqlar\u0131 \u00f6yr\u0259nib, ondan n\u0259tic\u0259 \u00e7\u0131xarmaq \u00fc\u00e7\u00fcn onu tam, b\u00fctov v\u0259 d\u0259rind\u0259n ya\u015fay\u0131b, anlamaq, \u00f6z qar\u015f\u0131nda \u00e7\u0131lpaqlanmaq laz\u0131md\u0131r. H\u0259r halda u\u011fursuzluqdan \u00e7\u0131xma\u011f\u0131n bundan ba\u015fqa \u00f6zg\u0259 he\u00e7 bir u\u011furlu yolu yoxdur. Ugursuzlu\u011fu anlayanda, art\u0131q o u\u011fursuzluq olmur, bu m\u0259zmundan, kontekstd\u0259n \u00e7\u0131x\u0131r.\n<\/p>\n<p>\n  Az\u0259rbaycan c\u0259miyy\u0259ti \u00f6z u\u011fursuzluqlar\u0131n\u0131 ya\u015fay\u0131b, onu stimul m\u0259nb\u0259yin\u0259 \u00e7evir\u0259 bilm\u0259di. T\u0259\u0259ss\u00fcf ki, m\u0259hz bu s\u0259b\u0259bd\u0259n adam son ill\u0259rin tarixin\u0259 \u0259ll\u0259rini uzad\u0131b, he\u00e7 c\u00fcr isid\u0259, q\u0131zd\u0131ra bilmir. Tarix adama hayan olmur!\n<\/p>\n<p>\n  U\u011fursuzluqda b\u00f6y\u00fck, faydal\u0131 ideya yaratmaq, istehsal el\u0259m\u0259k potensial\u0131 var. U\u011fursuzluqla ba\u015f-ba\u015fa g\u0259lmi\u015f c\u0259miyy\u0259t onu ideya qayna\u011f\u0131na \u00e7evirm\u0259lidir.\n<\/p>\n<p>\n  Yoxsa, l\u0259n\u0259tl\u0259nmi\u015f tale qa\u00e7\u0131lmaz olur, h\u0259yat onun s\u0259rh\u0259dl\u0259rind\u0259 sovrulur, s\u00fcst v\u0259 yor\u011fun halda n\u0259y\u0259s\u0259 ili\u015fib qal\u0131r. U\u011fursuzluq, u\u011furun stimul m\u0259nb\u0259yin\u0259 \u00e7evrilm\u0259y\u0259nd\u0259, t\u0259r\u0259qqid\u0259n qoyur v\u0259 he\u00e7 vaxt a\u00e7\u0131lmayacaq sabah\u0131 m\u00fc\u0259yy\u0259n edib, \u015f\u0259rtl\u0259ndirir\u2026\n<\/p>\n<p>\n  <b><br \/>\n    <i><br \/>\n      Yaz\u0131 m\u00fc\u0259llifin fikirl\u0259rini \u0259ks etdirir v\u0259 Meydan TV-nin m\u00f6vqeyi il\u0259 \u00fcst-\u00fcst\u0259 d\u00fc\u015fm\u0259y\u0259 bil\u0259r.<br \/>\n    <\/i><br \/>\n  <\/b>\n<\/p><\/p>\n","protected":false},"excerpt":{"rendered":"<p>\u0130ndi kim m\u0259n\u0259 dey\u0259 bil\u0259r ki, Az\u0259rbaycan\u0131n hans\u0131sa yaras\u0131, lap miqyas\u0131na g\u00f6r\u0259, \u0259n ki\u00e7iyini, balacas\u0131n\u0131 g\u00f6t\u00fcr\u0259k, sa\u011fal\u0131b, h\u0259ll olunub?<\/p>\n","protected":false},"author":11,"featured_media":113137,"comment_status":"closed","ping_status":"open","sticky":false,"template":"","format":"standard","meta":{"_acf_changed":false,"_sitemap_exclude":false,"_sitemap_priority":"","_sitemap_frequency":"","footnotes":""},"categories":[57],"tags":[],"class_list":["post-192881","post","type-post","status-publish","format-standard","has-post-thumbnail","hentry","category-menim-fikrimce","infinite-scroll-item","generate-columns","tablet-grid-50","mobile-grid-100","grid-parent","grid-33","no-featured-image-padding"],"acf":[],"yoast_head":"<!-- This site is optimized with the Yoast SEO plugin v27.4 - https:\/\/yoast.com\/product\/yoast-seo-wordpress\/ -->\n<title>U\u011fursuzluq ideyaya \u00e7evrilm\u0259y\u0259nd\u0259\u2026 - MEYDAN.TV<\/title>\n<meta name=\"robots\" content=\"index, follow, max-snippet:-1, max-image-preview:large, max-video-preview:-1\" \/>\n<link rel=\"canonical\" href=\"https:\/\/www.meydan.tv\/az\/article\/ugursuzluq-ideyaya-cevrilmeyende\/\" \/>\n<meta property=\"og:locale\" content=\"az_AZ\" \/>\n<meta property=\"og:type\" content=\"article\" \/>\n<meta property=\"og:title\" content=\"U\u011fursuzluq ideyaya \u00e7evrilm\u0259y\u0259nd\u0259\u2026 - MEYDAN.TV\" \/>\n<meta property=\"og:description\" content=\"\u0130ndi kim m\u0259n\u0259 dey\u0259 bil\u0259r ki, Az\u0259rbaycan\u0131n hans\u0131sa yaras\u0131, lap miqyas\u0131na g\u00f6r\u0259, \u0259n ki\u00e7iyini, balacas\u0131n\u0131 g\u00f6t\u00fcr\u0259k, sa\u011fal\u0131b, h\u0259ll olunub?\" \/>\n<meta property=\"og:url\" content=\"https:\/\/www.meydan.tv\/az\/article\/ugursuzluq-ideyaya-cevrilmeyende\/\" \/>\n<meta property=\"og:site_name\" content=\"MEYDAN.TV\" \/>\n<meta property=\"article:published_time\" content=\"2018-12-05T18:26:15+00:00\" \/>\n<meta property=\"og:image\" content=\"https:\/\/www.meydan.tv\/wp-content\/uploads\/45093.jpg\" \/>\n\t<meta property=\"og:image:width\" content=\"2048\" \/>\n\t<meta property=\"og:image:height\" content=\"1152\" \/>\n\t<meta property=\"og:image:type\" content=\"image\/jpeg\" \/>\n<meta name=\"author\" content=\"user-manager\" \/>\n<meta name=\"twitter:card\" content=\"summary_large_image\" \/>\n<script type=\"application\/ld+json\" class=\"yoast-schema-graph\">{\"@context\":\"https:\\\/\\\/schema.org\",\"@graph\":[{\"@type\":\"Article\",\"@id\":\"https:\\\/\\\/www.meydan.tv\\\/az\\\/article\\\/ugursuzluq-ideyaya-cevrilmeyende\\\/#article\",\"isPartOf\":{\"@id\":\"https:\\\/\\\/www.meydan.tv\\\/az\\\/article\\\/ugursuzluq-ideyaya-cevrilmeyende\\\/\"},\"author\":{\"name\":\"user-manager\",\"@id\":\"https:\\\/\\\/www.meydan.tv\\\/az\\\/#\\\/schema\\\/person\\\/10d11eccf6da3662cf5fdab9806ea91a\"},\"headline\":\"U\u011fursuzluq ideyaya \u00e7evrilm\u0259y\u0259nd\u0259\u2026\",\"datePublished\":\"2018-12-05T18:26:15+00:00\",\"mainEntityOfPage\":{\"@id\":\"https:\\\/\\\/www.meydan.tv\\\/az\\\/article\\\/ugursuzluq-ideyaya-cevrilmeyende\\\/\"},\"wordCount\":1290,\"publisher\":{\"@id\":\"https:\\\/\\\/www.meydan.tv\\\/az\\\/#organization\"},\"image\":{\"@id\":\"https:\\\/\\\/www.meydan.tv\\\/az\\\/article\\\/ugursuzluq-ideyaya-cevrilmeyende\\\/#primaryimage\"},\"thumbnailUrl\":\"https:\\\/\\\/www.meydan.tv\\\/wp-content\\\/uploads\\\/45093.jpg\",\"articleSection\":[\"M\u0259nim Fikrimc\u0259\"],\"inLanguage\":\"az\"},{\"@type\":\"WebPage\",\"@id\":\"https:\\\/\\\/www.meydan.tv\\\/az\\\/article\\\/ugursuzluq-ideyaya-cevrilmeyende\\\/\",\"url\":\"https:\\\/\\\/www.meydan.tv\\\/az\\\/article\\\/ugursuzluq-ideyaya-cevrilmeyende\\\/\",\"name\":\"U\u011fursuzluq ideyaya \u00e7evrilm\u0259y\u0259nd\u0259\u2026 - MEYDAN.TV\",\"isPartOf\":{\"@id\":\"https:\\\/\\\/www.meydan.tv\\\/az\\\/#website\"},\"primaryImageOfPage\":{\"@id\":\"https:\\\/\\\/www.meydan.tv\\\/az\\\/article\\\/ugursuzluq-ideyaya-cevrilmeyende\\\/#primaryimage\"},\"image\":{\"@id\":\"https:\\\/\\\/www.meydan.tv\\\/az\\\/article\\\/ugursuzluq-ideyaya-cevrilmeyende\\\/#primaryimage\"},\"thumbnailUrl\":\"https:\\\/\\\/www.meydan.tv\\\/wp-content\\\/uploads\\\/45093.jpg\",\"datePublished\":\"2018-12-05T18:26:15+00:00\",\"breadcrumb\":{\"@id\":\"https:\\\/\\\/www.meydan.tv\\\/az\\\/article\\\/ugursuzluq-ideyaya-cevrilmeyende\\\/#breadcrumb\"},\"inLanguage\":\"az\",\"potentialAction\":[{\"@type\":\"ReadAction\",\"target\":[\"https:\\\/\\\/www.meydan.tv\\\/az\\\/article\\\/ugursuzluq-ideyaya-cevrilmeyende\\\/\"]}]},{\"@type\":\"ImageObject\",\"inLanguage\":\"az\",\"@id\":\"https:\\\/\\\/www.meydan.tv\\\/az\\\/article\\\/ugursuzluq-ideyaya-cevrilmeyende\\\/#primaryimage\",\"url\":\"https:\\\/\\\/www.meydan.tv\\\/wp-content\\\/uploads\\\/45093.jpg\",\"contentUrl\":\"https:\\\/\\\/www.meydan.tv\\\/wp-content\\\/uploads\\\/45093.jpg\",\"width\":2048,\"height\":1152,\"caption\":\"Yal\u00e7\u0131n \u0130manov. Foto: Meydan TV\"},{\"@type\":\"BreadcrumbList\",\"@id\":\"https:\\\/\\\/www.meydan.tv\\\/az\\\/article\\\/ugursuzluq-ideyaya-cevrilmeyende\\\/#breadcrumb\",\"itemListElement\":[{\"@type\":\"ListItem\",\"position\":1,\"name\":\"Ana s\u0259hif\u0259\",\"item\":\"https:\\\/\\\/www.meydan.tv\\\/az\\\/\"},{\"@type\":\"ListItem\",\"position\":2,\"name\":\"M\u0259nim Fikrimc\u0259\",\"item\":\"https:\\\/\\\/www.meydan.tv\\\/az\\\/section\\\/menim-fikrimce\\\/\"},{\"@type\":\"ListItem\",\"position\":3,\"name\":\"U\u011fursuzluq ideyaya \u00e7evrilm\u0259y\u0259nd\u0259\u2026\"}]},{\"@type\":\"WebSite\",\"@id\":\"https:\\\/\\\/www.meydan.tv\\\/az\\\/#website\",\"url\":\"https:\\\/\\\/www.meydan.tv\\\/az\\\/\",\"name\":\"MEYDAN.TV\",\"description\":\"Meydan TV Az\u0259rbaycan\u0131n media m\u0259kan\u0131ndak\u0131 alternativ s\u0259sidir\",\"publisher\":{\"@id\":\"https:\\\/\\\/www.meydan.tv\\\/az\\\/#organization\"},\"potentialAction\":[{\"@type\":\"SearchAction\",\"target\":{\"@type\":\"EntryPoint\",\"urlTemplate\":\"https:\\\/\\\/www.meydan.tv\\\/az\\\/?s={search_term_string}\"},\"query-input\":{\"@type\":\"PropertyValueSpecification\",\"valueRequired\":true,\"valueName\":\"search_term_string\"}}],\"inLanguage\":\"az\"},{\"@type\":\"Organization\",\"@id\":\"https:\\\/\\\/www.meydan.tv\\\/az\\\/#organization\",\"name\":\"Meydan TV\",\"url\":\"https:\\\/\\\/www.meydan.tv\\\/az\\\/\",\"logo\":{\"@type\":\"ImageObject\",\"inLanguage\":\"az\",\"@id\":\"https:\\\/\\\/www.meydan.tv\\\/az\\\/#\\\/schema\\\/logo\\\/image\\\/\",\"url\":\"https:\\\/\\\/www.meydan.tv\\\/wp-content\\\/uploads\\\/2021\\\/07\\\/meydan-logo.svg\",\"contentUrl\":\"https:\\\/\\\/www.meydan.tv\\\/wp-content\\\/uploads\\\/2021\\\/07\\\/meydan-logo.svg\",\"width\":195,\"height\":46,\"caption\":\"Meydan TV\"},\"image\":{\"@id\":\"https:\\\/\\\/www.meydan.tv\\\/az\\\/#\\\/schema\\\/logo\\\/image\\\/\"}},{\"@type\":\"Person\",\"@id\":\"https:\\\/\\\/www.meydan.tv\\\/az\\\/#\\\/schema\\\/person\\\/10d11eccf6da3662cf5fdab9806ea91a\",\"name\":\"user-manager\"}]}<\/script>\n<!-- \/ Yoast SEO plugin. -->","yoast_head_json":{"title":"U\u011fursuzluq ideyaya \u00e7evrilm\u0259y\u0259nd\u0259\u2026 - MEYDAN.TV","robots":{"index":"index","follow":"follow","max-snippet":"max-snippet:-1","max-image-preview":"max-image-preview:large","max-video-preview":"max-video-preview:-1"},"canonical":"https:\/\/www.meydan.tv\/az\/article\/ugursuzluq-ideyaya-cevrilmeyende\/","og_locale":"az_AZ","og_type":"article","og_title":"U\u011fursuzluq ideyaya \u00e7evrilm\u0259y\u0259nd\u0259\u2026 - MEYDAN.TV","og_description":"\u0130ndi kim m\u0259n\u0259 dey\u0259 bil\u0259r ki, Az\u0259rbaycan\u0131n hans\u0131sa yaras\u0131, lap miqyas\u0131na g\u00f6r\u0259, \u0259n ki\u00e7iyini, balacas\u0131n\u0131 g\u00f6t\u00fcr\u0259k, sa\u011fal\u0131b, h\u0259ll olunub?","og_url":"https:\/\/www.meydan.tv\/az\/article\/ugursuzluq-ideyaya-cevrilmeyende\/","og_site_name":"MEYDAN.TV","article_published_time":"2018-12-05T18:26:15+00:00","og_image":[{"width":2048,"height":1152,"url":"https:\/\/www.meydan.tv\/wp-content\/uploads\/45093.jpg","type":"image\/jpeg"}],"author":"user-manager","twitter_card":"summary_large_image","schema":{"@context":"https:\/\/schema.org","@graph":[{"@type":"Article","@id":"https:\/\/www.meydan.tv\/az\/article\/ugursuzluq-ideyaya-cevrilmeyende\/#article","isPartOf":{"@id":"https:\/\/www.meydan.tv\/az\/article\/ugursuzluq-ideyaya-cevrilmeyende\/"},"author":{"name":"user-manager","@id":"https:\/\/www.meydan.tv\/az\/#\/schema\/person\/10d11eccf6da3662cf5fdab9806ea91a"},"headline":"U\u011fursuzluq ideyaya \u00e7evrilm\u0259y\u0259nd\u0259\u2026","datePublished":"2018-12-05T18:26:15+00:00","mainEntityOfPage":{"@id":"https:\/\/www.meydan.tv\/az\/article\/ugursuzluq-ideyaya-cevrilmeyende\/"},"wordCount":1290,"publisher":{"@id":"https:\/\/www.meydan.tv\/az\/#organization"},"image":{"@id":"https:\/\/www.meydan.tv\/az\/article\/ugursuzluq-ideyaya-cevrilmeyende\/#primaryimage"},"thumbnailUrl":"https:\/\/www.meydan.tv\/wp-content\/uploads\/45093.jpg","articleSection":["M\u0259nim Fikrimc\u0259"],"inLanguage":"az"},{"@type":"WebPage","@id":"https:\/\/www.meydan.tv\/az\/article\/ugursuzluq-ideyaya-cevrilmeyende\/","url":"https:\/\/www.meydan.tv\/az\/article\/ugursuzluq-ideyaya-cevrilmeyende\/","name":"U\u011fursuzluq ideyaya \u00e7evrilm\u0259y\u0259nd\u0259\u2026 - MEYDAN.TV","isPartOf":{"@id":"https:\/\/www.meydan.tv\/az\/#website"},"primaryImageOfPage":{"@id":"https:\/\/www.meydan.tv\/az\/article\/ugursuzluq-ideyaya-cevrilmeyende\/#primaryimage"},"image":{"@id":"https:\/\/www.meydan.tv\/az\/article\/ugursuzluq-ideyaya-cevrilmeyende\/#primaryimage"},"thumbnailUrl":"https:\/\/www.meydan.tv\/wp-content\/uploads\/45093.jpg","datePublished":"2018-12-05T18:26:15+00:00","breadcrumb":{"@id":"https:\/\/www.meydan.tv\/az\/article\/ugursuzluq-ideyaya-cevrilmeyende\/#breadcrumb"},"inLanguage":"az","potentialAction":[{"@type":"ReadAction","target":["https:\/\/www.meydan.tv\/az\/article\/ugursuzluq-ideyaya-cevrilmeyende\/"]}]},{"@type":"ImageObject","inLanguage":"az","@id":"https:\/\/www.meydan.tv\/az\/article\/ugursuzluq-ideyaya-cevrilmeyende\/#primaryimage","url":"https:\/\/www.meydan.tv\/wp-content\/uploads\/45093.jpg","contentUrl":"https:\/\/www.meydan.tv\/wp-content\/uploads\/45093.jpg","width":2048,"height":1152,"caption":"Yal\u00e7\u0131n \u0130manov. Foto: Meydan TV"},{"@type":"BreadcrumbList","@id":"https:\/\/www.meydan.tv\/az\/article\/ugursuzluq-ideyaya-cevrilmeyende\/#breadcrumb","itemListElement":[{"@type":"ListItem","position":1,"name":"Ana s\u0259hif\u0259","item":"https:\/\/www.meydan.tv\/az\/"},{"@type":"ListItem","position":2,"name":"M\u0259nim Fikrimc\u0259","item":"https:\/\/www.meydan.tv\/az\/section\/menim-fikrimce\/"},{"@type":"ListItem","position":3,"name":"U\u011fursuzluq ideyaya \u00e7evrilm\u0259y\u0259nd\u0259\u2026"}]},{"@type":"WebSite","@id":"https:\/\/www.meydan.tv\/az\/#website","url":"https:\/\/www.meydan.tv\/az\/","name":"MEYDAN.TV","description":"Meydan TV Az\u0259rbaycan\u0131n media m\u0259kan\u0131ndak\u0131 alternativ s\u0259sidir","publisher":{"@id":"https:\/\/www.meydan.tv\/az\/#organization"},"potentialAction":[{"@type":"SearchAction","target":{"@type":"EntryPoint","urlTemplate":"https:\/\/www.meydan.tv\/az\/?s={search_term_string}"},"query-input":{"@type":"PropertyValueSpecification","valueRequired":true,"valueName":"search_term_string"}}],"inLanguage":"az"},{"@type":"Organization","@id":"https:\/\/www.meydan.tv\/az\/#organization","name":"Meydan TV","url":"https:\/\/www.meydan.tv\/az\/","logo":{"@type":"ImageObject","inLanguage":"az","@id":"https:\/\/www.meydan.tv\/az\/#\/schema\/logo\/image\/","url":"https:\/\/www.meydan.tv\/wp-content\/uploads\/2021\/07\/meydan-logo.svg","contentUrl":"https:\/\/www.meydan.tv\/wp-content\/uploads\/2021\/07\/meydan-logo.svg","width":195,"height":46,"caption":"Meydan TV"},"image":{"@id":"https:\/\/www.meydan.tv\/az\/#\/schema\/logo\/image\/"}},{"@type":"Person","@id":"https:\/\/www.meydan.tv\/az\/#\/schema\/person\/10d11eccf6da3662cf5fdab9806ea91a","name":"user-manager"}]}},"_links":{"self":[{"href":"https:\/\/www.meydan.tv\/az\/wp-json\/wp\/v2\/posts\/192881","targetHints":{"allow":["GET"]}}],"collection":[{"href":"https:\/\/www.meydan.tv\/az\/wp-json\/wp\/v2\/posts"}],"about":[{"href":"https:\/\/www.meydan.tv\/az\/wp-json\/wp\/v2\/types\/post"}],"author":[{"embeddable":true,"href":"https:\/\/www.meydan.tv\/az\/wp-json\/wp\/v2\/users\/11"}],"replies":[{"embeddable":true,"href":"https:\/\/www.meydan.tv\/az\/wp-json\/wp\/v2\/comments?post=192881"}],"version-history":[{"count":0,"href":"https:\/\/www.meydan.tv\/az\/wp-json\/wp\/v2\/posts\/192881\/revisions"}],"wp:featuredmedia":[{"embeddable":true,"href":"https:\/\/www.meydan.tv\/az\/wp-json\/wp\/v2\/media\/113137"}],"wp:attachment":[{"href":"https:\/\/www.meydan.tv\/az\/wp-json\/wp\/v2\/media?parent=192881"}],"wp:term":[{"taxonomy":"category","embeddable":true,"href":"https:\/\/www.meydan.tv\/az\/wp-json\/wp\/v2\/categories?post=192881"},{"taxonomy":"post_tag","embeddable":true,"href":"https:\/\/www.meydan.tv\/az\/wp-json\/wp\/v2\/tags?post=192881"}],"curies":[{"name":"wp","href":"https:\/\/api.w.org\/{rel}","templated":true}]}}