{"id":192865,"date":"2018-12-04T16:06:04","date_gmt":"2018-12-04T16:06:04","guid":{"rendered":"https:\/\/www.meydan.tv\/article\/vergiler-mecellesine-deyisiklikler-iqtisadiyyati-kolgeden-cixarmaq-ucun-kifayet-deyil\/"},"modified":"2018-12-04T16:06:04","modified_gmt":"2018-12-04T16:06:04","slug":"vergiler-mecellesine-deyisiklikler-iqtisadiyyati-kolgeden-cixarmaq-ucun-kifayet-deyil","status":"publish","type":"post","link":"https:\/\/www.meydan.tv\/az\/article\/vergiler-mecellesine-deyisiklikler-iqtisadiyyati-kolgeden-cixarmaq-ucun-kifayet-deyil\/","title":{"rendered":"&#8221;Vergil\u0259r M\u0259c\u0259ll\u0259sin\u0259 d\u0259yi\u015fiklikl\u0259r iqtisadiyyat\u0131 k\u00f6lg\u0259d\u0259n \u00e7\u0131xarmaq \u00fc\u00e7\u00fcn kifay\u0259t deyil&#8221;"},"content":{"rendered":"<figure class=\"wp-block-image size-large\">\n  <img decoding=\"async\" src=\"https:\/\/www.meydan.tv\/az\/vergiler-nazirliyi\/\" alt=\"Vergil\u0259r Nazirliyi\" class=\"wp-image-97783\"\/><figcaption>\n    Vergil\u0259r Nazirliyi<br \/>\n  <\/figcaption><\/figure>\n<p>\n  <i><br \/>\n    \u018fl\u0259sg\u0259r M\u0259mm\u0259dli: &#8221;H\u0259r il eyni yanl\u0131\u015f t\u0259krar olunur&#8221;<br \/>\n  <\/i>\n<\/p>\n<p>\n  \u00d6lk\u0259d\u0259ki makro v\u0259 ki\u00e7ik sahibkarl\u0131q subyektl\u0259rinin 2019-cu ild\u0259n balanslar\u0131nda olan \u0259sas v\u0259saitl\u0259r \u00fczr\u0259 s\u00fcr\u0259tli amortizasiya normalar\u0131 t\u0259tbiq edil\u0259c\u0259k.\n<\/p>\n<p>\n  Bunu Vergil\u0259r Nazirliyinin Vergi siyas\u0259ti Departamentinin ba\u015f direktoru Samir\u0259 Musayeva m\u0259tbuat konfrans\u0131nda deyib.\n<\/p>\n<p>\n  O deyib ki, bu d\u0259yi\u015fikliy\u0259 q\u0259d\u0259r ki\u00e7ik sahibkarl\u0131q subyektl\u0259rind\u0259n d\u0259 xalis m\u0259nf\u0259\u0259ti \u00f6z t\u0259sis\u00e7il\u0259ri aras\u0131nda b\u00f6l\u00fc\u015fd\u00fcr\u0259rk\u0259n \u00fcmumi qaydada 10 faiz d\u0259r\u0259c\u0259 il\u0259 vergi tuturdu.\n<\/p>\n<p>\n  \u201cBununla da sahibkarl\u0131q subyektl\u0259rin\u0259 \u015f\u0259ffaf u\u00e7ot apad\u0131qlar\u0131 halda \u0259lav\u0259 vergi g\u00fcz\u0259\u015ftl\u0259ri veril\u0259c\u0259k v\u0259 onlar t\u0259r\u0259find\u0259n t\u0259sis\u00e7il\u0259rin\u0259 (pay\u00e7\u0131lar\u0131na) \u00f6d\u0259nil\u0259n dividendl\u0259r \u00f6d\u0259m\u0259 m\u0259nb\u0259yind\u0259 10 faiz d\u0259r\u0259c\u0259 il\u0259 tutulan vergid\u0259n azad olunacaq\u201d.\n<\/p>\n<p>\n  Onun s\u00f6zl\u0259rin\u0259 g\u00f6r\u0259, eyni zamanda, ki\u00e7ik v\u0259 orta sahibkarl\u0131q subyektl\u0259ri \u00fc\u00e7\u00fcn g\u0259lir, m\u0259nf\u0259\u0259t, \u0259mlak, torpaq vergisi v\u0259 \u0259lav\u0259 d\u0259y\u0259r vergisi (\u018fDV) \u00fczr\u0259 g\u00fcz\u0259\u015ftl\u0259r n\u0259z\u0259rd\u0259 tutulur.\n<\/p>\n<p>\n  \u201cKi\u00e7ik v\u0259 orta biznes (KOB) klasterin\u0259 daxil olan \u015firk\u0259tl\u0259r KOB reyesterind\u0259 qeydiyyata al\u0131nd\u0131qlar\u0131 andan etibar\u0259n 7 il m\u00fcdd\u0259tin\u0259 m\u0259nf\u0259\u0259t, torpaq v\u0259 \u0259lav\u0259 d\u0259y\u0259r vergisind\u0259n azad edilirl\u0259r. KOB klasterin\u0259 daxil olan \u015firk\u0259tl\u0259r t\u0259r\u0259find\u0259n istehsal v\u0259 emal m\u0259qs\u0259dil\u0259 texnika, texnoloji avadanl\u0131q v\u0259 qur\u011fular\u0131n idxal\u0131 is\u0259 7 il m\u00fcdd\u0259tin\u0259 \u018fDV-d\u0259n azad edlir. Mikro-sahibkarl\u0131q subyektl\u0259ri \u00fc\u00e7\u00fcn n\u0259z\u0259rd\u0259 tutulan g\u00fcz\u0259\u015ftl\u0259r\u0259 sahibkarl\u0131q f\u0259aliyy\u0259tind\u0259n \u0259ld\u0259 olunan g\u0259lir v\u0259 m\u0259nf\u0259\u0259tin 75%-nin vergid\u0259n azad edilm\u0259si daxildir. Bundan ba\u015fqa, mikro-sahibkarl\u0131q subyekti olan f\u0259rdi sahibkarlar v\u0259 h\u00fcquqi \u015f\u0259xsl\u0259r \u0259mlak vergisind\u0259n azad edilirl\u0259r. H\u0259m\u00e7inin mikro v\u0259 ki\u00e7ik sahibkarl\u0131q f\u0259aliyy\u0259ti il\u0259 m\u0259\u015f\u011ful olan startaplar\u0131n startap f\u0259aliyy\u0259ti \u00fc\u00e7\u00fcn \u015f\u0259had\u0259tnam\u0259 ald\u0131qlar\u0131 andan etibar\u0259n 3 il m\u00fcdd\u0259tin\u0259 g\u0259lir v\u0259 m\u0259nf\u0259\u0259t vergisi \u00f6d\u0259ni\u015find\u0259n azad edilir\u201d.\n<\/p>\n<figure class=\"wp-block-image size-large\">\n  <img decoding=\"async\" src=\"https:\/\/www.meydan.tv\/az\/samire-musayeva\/\" alt=\"Samir\u0259 Musayeva\" class=\"wp-image-113511\"\/><figcaption>\n    Samir\u0259 Musayeva<br \/>\n  <\/figcaption><\/figure>\n<p>\n  S.Musayeva deyib ki, g\u0259lir vergisi \u00fczr\u0259 g\u00fcz\u0259\u015ft n\u0259tic\u0259sind\u0259 b\u00fcdc\u0259 ciddi \u015f\u0259kild\u0259 itkil\u0259r\u0259 m\u0259ruz qalmayacaq.\n<\/p>\n<p>\n  \u0130qtisad\u00e7\u0131 Natiq C\u0259f\u0259rli d\u00fc\u015f\u00fcn\u00fcr ki, m\u00fcst\u0259qil ekspertl\u0259rin \u00e7\u0131x\u0131\u015flar\u0131ndan sonra Vergil\u0259r Nazirliyi h\u0259r\u0259k\u0259t\u0259 ke\u00e7ib d\u0259yi\u015fil\u0259c\u0259k madd\u0259l\u0259rin m\u0259ntiqini izah etm\u0259y\u0259 \u00e7al\u0131\u015fd\u0131lar.\n<\/p>\n<p>\n  \u201c\u018fslind\u0259, \u0259ksin\u0259 olmal\u0131yd\u0131, \u00f6nc\u0259d\u0259n m\u0259tbuat konfranslar\u0131, toplant\u0131lar, m\u00fczakir\u0259l\u0259r ke\u00e7irilm\u0259li, ard\u0131nca d\u0259yi\u015fiklikl\u0259r q\u0259bul edilm\u0259liydi\u201d.\n<\/p>\n<p>\n  Natiq C\u0259f\u0259rli Meydan TV-y\u0259 deyib ki, Vergil\u0259r Nazirliyinin r\u0259smisinin \u00e7\u0131x\u0131\u015f\u0131nda yenilik yox, onlar\u0131n ehtimallar\u0131n\u0131n t\u0259sdiqini g\u00f6r\u00fcb. Onun s\u00f6zl\u0259rin\u0259 g\u00f6r\u0259, h\u00f6kum\u0259t yeni d\u0259yi\u015fiklikl\u0259rl\u0259 gizli i\u015f yerl\u0259rini a\u015fkara \u00e7\u0131xartma\u011f\u0131, m\u00fcqavil\u0259 \u00f6hd\u0259likl\u0259ri il\u0259 i\u015fl\u0259y\u0259nl\u0259rin say\u0131n\u0131n artmas\u0131n\u0131, n\u0259tic\u0259d\u0259 d\u00f6vl\u0259t b\u00fcdc\u0259sin\u0259 v\u0259 \u0259sas\u0259n d\u0259 Sosial M\u00fcdafi\u0259 Fonduna \u00f6d\u0259ni\u015fl\u0259ri art\u0131rma\u011f\u0131 \u00e7al\u0131\u015f\u0131r.\n<\/p>\n<p>\n  \u201cBiz d\u0259 bunlar\u0131 yazm\u0131\u015fd\u0131q. Amma nazirliyinin r\u0259smisi konfransda h\u00f6kum\u0259tin bu m\u0259qs\u0259dl\u0259r\u0259 \u00e7atmas\u0131 \u00fc\u00e7\u00fcn m\u0259c\u0259ll\u0259d\u0259 d\u0259yi\u015fiklikl\u0259r yet\u0259rlidirmi sual\u0131na cavab verm\u0259di. \u00c7\u00fcnki bu d\u0259yi\u015fiklikl\u0259r gizli i\u015f yerl\u0259rinin v\u0259 \u0259m\u0259k m\u00fcqavil\u0259l\u0259rinin r\u0259smil\u0259\u015fm\u0259sind\u0259 yet\u0259rli, h\u0259m d\u0259 kifay\u0259t q\u0259d\u0259r c\u0259lbedici v\u0259 t\u0259\u015fviqedici deyil. Sual yaran\u0131r, hans\u0131 yolla biznes\u0259 v\u0259 v\u0259t\u0259nda\u015flara m\u00fcqavil\u0259l\u0259ri r\u0259smil\u0259\u015fdirm\u0259kd\u0259 maraq yaranacaq. T\u0259\u0259ss\u00fcf ki, Samir\u0259 Musayev\u0259 bu m\u0259s\u0259l\u0259d\u0259 he\u00e7 bir yol g\u00f6st\u0259rm\u0259di\u201d.<br \/>\n  <br \/>\n  \u0130qtisad\u00e7\u0131 d\u00fc\u015f\u00fcn\u00fcr ki, d\u0259yi\u015fiklikl\u0259rin f\u0259ls\u0259f\u0259sini, m\u0259ntiqini, h\u0259d\u0259f\u0259 \u00e7atmaq \u00fc\u00e7\u00fcn yollar\u0131n\u0131, \u00f6l\u00e7\u00fc indikatorlar\u0131n\u0131, 6 aydan v\u0259 1 ild\u0259n sonra n\u0259 g\u00f6zl\u0259yirl\u0259r suallar\u0131 a\u00e7\u0131q qald\u0131.\n<\/p>\n<figure class=\"wp-block-image size-large\">\n  <img decoding=\"async\" src=\"https:\/\/www.meydan.tv\/az\/natiq-ceferli-8\/\" alt=\"Natiq C\u0259f\u0259rli\" class=\"wp-image-113357\"\/><figcaption>\n    Natiq C\u0259f\u0259rli<br \/>\n  <\/figcaption><\/figure>\n<p>\n  Natiq C\u0259f\u0259rli hesab edir ki, o yen\u0259 d\u0259 nazirliyin \u0259vv\u0259lki qaydalar\u0131 b\u0259rpa ed\u0259c\u0259yi haqda fikrind\u0259 qalacaq, \u00e7\u00fcnki h\u00f6kum\u0259t bu d\u0259yi\u015fiklikl\u0259rl\u0259 m\u0259qs\u0259din\u0259 \u00e7ata bilm\u0259y\u0259c\u0259k.\n<\/p>\n<p>\n  \u201cH\u0259d\u0259fl\u0259r do\u011fru, m\u0259qs\u0259dl\u0259r \u00fclvi ola bil\u0259r, amma bunlara \u00e7atmaq \u00fc\u00e7\u00fcn d\u00fc\u015f\u00fcn\u00fclm\u00fc\u015f konsepsiya ortal\u0131\u011fa qoyulmay\u0131b. \u018fg\u0259r bir m\u00fcdd\u0259t sonra yeni qaydalar\u0131n i\u015fl\u0259m\u0259diyini g\u00f6rs\u0259l\u0259r, yaxud ciddi probleml\u0259r var, onda k\u00f6hn\u0259 qaydalara qay\u0131tmaqla ba\u011fl\u0131 qeyri-formal q\u0259rar veril\u0259 bil\u0259r. Amma h\u0259d\u0259f iqtisadiyyat\u0131n k\u00f6lg\u0259d\u0259n \u00e7\u0131xartmaq idis\u0259, bunun \u00fc\u00e7\u00fcn m\u0259lum d\u0259yi\u015fiklikl\u0259r kifay\u0259t deyil\u201d.\n<\/p>\n<p>\n  \u0130qtisad\u00e7\u0131 Vergi M\u0259c\u0259ll\u0259sind\u0259 tez-tez d\u0259yi\u015fiklik etm\u0259yin \u0259leyhin\u0259 oldu\u011funu bildirdi:\n<\/p>\n<p>\n  \u201cBu, \u00e7ox \u00e7\u0259tin v\u0259 a\u011fr\u0131l\u0131 m\u0259s\u0259l\u0259dir, 2016-c\u0131 ild\u0259 t\u0259xmin\u0259n 201 madd\u0259d\u0259 d\u0259yi\u015fiklik v\u0259 \u0259lav\u0259l\u0259r oldu. \u0130ndi s\u0259n\u0259din yar\u0131dan \u00e7oxu d\u0259yi\u015fdirilib, yaxud \u0259lav\u0259l\u0259r edilib. Bel\u0259c\u0259 yamaq \u015f\u0259klin\u0259 d\u00fc\u015f\u0259n Vergil\u0259r M\u0259c\u0259ll\u0259si yaran\u0131r. H\u0259m d\u0259 tez-tez d\u0259yi\u015fdiril\u0259n vergi qanunvericiliyi biznes \u00fc\u00e7\u00fcn \u00e7ox pis x\u0259b\u0259rdir. Oyun qaydalar\u0131n\u0131n 2 ild\u0259 k\u00f6kl\u00fc \u015f\u0259kild\u0259 iki d\u0259f\u0259 d\u0259yi\u015fm\u0259si yerli, xarici, iri, orta v\u0259 ki\u00e7ik daxili, investorlara \u00e7ox pis x\u0259b\u0259r v\u0259 g\u00f6st\u0259ricidir, x\u00fcsus\u0259n xaricil\u0259r\u0259. Bel\u0259 \u00e7\u0131x\u0131r ki, Az\u0259rbaycanda oturu\u015fmu\u015f oyun qaydalar\u0131 yoxdur, qanunlar tez-tez d\u0259yi\u015f\u0259 bil\u0259r. He\u00e7 kimd\u0259 d\u0259 z\u0259man\u0259t yoxdur ki, bug\u00fcn q\u0259bul olunmu\u015f yeni qaydalar g\u0259l\u0259n il d\u0259yi\u015fdirilm\u0259y\u0259c\u0259k\u201d.\n<\/p>\n<p>\n  H\u00fcquq\u015f\u00fcnas \u018fl\u0259sg\u0259r M\u0259mm\u0259dli Milli M\u0259clisin h\u0259r il oldu\u011fu kimi yen\u0259 d\u0259 q\u00fcvv\u0259d\u0259 olan Vergi M\u0259c\u0259ll\u0259sin\u0259 y\u00fczd\u0259n \u00e7ox \u0259lav\u0259 v\u0259 d\u0259yi\u015fiklik etm\u0259sini m\u0259nfi qiym\u0259tl\u0259ndirib v\u0259 Konstitusiya il\u0259 ziddiyy\u0259t t\u0259\u015fkil etdiyini bildirib.\n<\/p>\n<figure class=\"wp-block-image size-large\">\n  <img decoding=\"async\" src=\"https:\/\/www.meydan.tv\/az\/elesger-memmedli-2\/\" alt=\"\u018fl\u0259sg\u0259r M\u0259mm\u0259dli\" class=\"wp-image-91824\"\/><figcaption>\n    \u018fl\u0259sg\u0259r M\u0259mm\u0259dli<br \/>\n  <\/figcaption><\/figure>\n<p>\n  H\u00fcquq\u015f\u00fcnas \u201cFacebook\u201d s\u0259hif\u0259sind\u0259 yaz\u0131b ki, h\u0259r il M\u0259c\u0259ll\u0259ni a\u015fs\u00fcz\u0259n\u0259 d\u00f6nd\u0259r\u0259r\u0259k ona m\u00f6vcud madd\u0259l\u0259rin say\u0131 q\u0259d\u0259r d\u0259yi\u015fiklik v\u0259 \u0259lav\u0259 etm\u0259k h\u00fcquq m\u0259ntiqin\u0259 s\u0131\u011fm\u0131r:\n<\/p>\n<p>\n  \u201cY\u0259qin ki, n\u00f6vb\u0259ti ili b\u00fct\u00fcnl\u00fckl\u0259 vergi \u00e7al\u0131\u015fanlar\u0131 yeni prosedurlar\u0131 t\u0259tbiq etm\u0259k \u00fc\u00e7\u00fcn m\u0259nims\u0259m\u0259y\u0259 ay\u0131rmal\u0131 olacaqlar. H\u0259r il eyni yanl\u0131\u015f t\u0259krar olunur\u201d.\n<\/p>\n<p>\n  \u018fl\u0259sg\u0259r M\u0259mm\u0259dli bu d\u0259f\u0259ki d\u0259yi\u015fiklikl\u0259rd\u0259 daha ciddi bir yanl\u0131\u015f\u0131n diqq\u0259ti \u00e7\u0259kdiyini bildirib:\n<\/p>\n<p>\n  \u201cM\u00fc\u0259yy\u0259n islahatlar ad\u0131 alt\u0131nda vergi d\u0259r\u0259c\u0259l\u0259ndirm\u0259l\u0259ri d\u0259yi\u015fdirilir. Amma n\u0259d\u0259ns\u0259 Milli M\u0259clis Az\u0259rbaycan Respublikas\u0131 Konstitusiyas\u0131n\u0131n 94-c\u00fc mad\u0259sinin 15-ci b\u0259ndind\u0259 ona verilmi\u015f m\u00fcst\u0259sna s\u0259lahiyy\u0259ti-vergil\u0259ri m\u00fc\u0259yy\u0259n etm\u0259 s\u0259lahiyy\u0259tini b\u0259lli bir qrup \u00fc\u00e7\u00fcn 101.1-6 madd\u0259d\u0259 qeyri-m\u00fc\u0259yy\u0259n orqana verib:101.1-6, bu M\u0259c\u0259ll\u0259nin m\u0259qs\u0259dl\u0259ri \u00fc\u00e7\u00fcn neft-qaz sah\u0259sind\u0259 f\u0259aliyy\u0259tin v\u0259 qeyri-d\u00f6vl\u0259t sektorunun meyarlar\u0131 m\u00fcvafiq icra hakimiyy\u0259ti orqan\u0131n\u0131n m\u00fc\u0259yy\u0259n etdiyi orqan (qurum) t\u0259r\u0259find\u0259n m\u00fc\u0259yy\u0259n edilir. M\u0259s\u0259l\u0259 \u00e7ox sad\u0259dir, Konstitusiyan\u0131n 73-c\u00fc madd\u0259si il\u0259 bu norma ziddiyy\u0259t t\u0259\u015fkil edir. 73-c\u00fc madd\u0259 deyir ki: He\u00e7 k\u0259s qanunla n\u0259z\u0259rd\u0259 tutulmu\u015f \u0259saslar olmadan v\u0259 qanunda g\u00f6st\u0259rilmi\u015f h\u0259cmd\u0259n \u0259lav\u0259 vergil\u0259ri v\u0259 ba\u015fqa d\u00f6vl\u0259t \u00f6d\u0259ni\u015fl\u0259ri \u00f6d\u0259m\u0259y\u0259 m\u0259cbur edil\u0259 bilm\u0259z. Y\u0259ni Vergi M\u0259c\u0259ll\u0259si bu M\u0259c\u0259ll\u0259nin m\u0259qs\u0259dl\u0259ri \u00fc\u00e7\u00fcn \u201cneft-qaz sah\u0259si\u201d v\u0259 \u201cqeyri-d\u00f6vl\u0259t sektoru\u201d anlay\u0131\u015flar\u0131n\u0131 ayd\u0131n g\u00f6st\u0259rm\u0259lidir. \u018fks halda M\u0259c\u0259ll\u0259 bu qaydada q\u00fcvv\u0259y\u0259 mins\u0259 101.1-6-c\u0131 b\u0259ndin Konstitusiyaya ziddiyy\u0259t m\u0259s\u0259l\u0259si haql\u0131 g\u00fcnd\u0259m\u0259 g\u0259l\u0259c\u0259k v\u0259 Konstitusiya M\u0259hk\u0259m\u0259si ciddi s\u0131naq qar\u015f\u0131s\u0131na d\u00fc\u015f\u0259c\u0259k\u201d.<\/p>\n","protected":false},"excerpt":{"rendered":"<p>\u018fl\u0259sg\u0259r M\u0259mm\u0259dli: &#8221;H\u0259r il eyni yanl\u0131\u015f t\u0259krar olunur&#8221;<\/p>\n","protected":false},"author":11,"featured_media":97783,"comment_status":"closed","ping_status":"open","sticky":false,"template":"","format":"standard","meta":{"_acf_changed":false,"_sitemap_exclude":false,"_sitemap_priority":"","_sitemap_frequency":"","footnotes":""},"categories":[51],"tags":[],"class_list":["post-192865","post","type-post","status-publish","format-standard","has-post-thumbnail","hentry","category-analitika","infinite-scroll-item","generate-columns","tablet-grid-50","mobile-grid-100","grid-parent","grid-33","no-featured-image-padding"],"acf":[],"yoast_head":"<!-- This site is optimized with the Yoast SEO plugin v27.4 - https:\/\/yoast.com\/product\/yoast-seo-wordpress\/ -->\n<title>&#039;&#039;Vergil\u0259r M\u0259c\u0259ll\u0259sin\u0259 d\u0259yi\u015fiklikl\u0259r iqtisadiyyat\u0131 k\u00f6lg\u0259d\u0259n \u00e7\u0131xarmaq \u00fc\u00e7\u00fcn kifay\u0259t deyil&#039;&#039; - MEYDAN.TV<\/title>\n<meta name=\"robots\" content=\"index, follow, max-snippet:-1, max-image-preview:large, max-video-preview:-1\" \/>\n<link rel=\"canonical\" href=\"https:\/\/www.meydan.tv\/az\/article\/vergiler-mecellesine-deyisiklikler-iqtisadiyyati-kolgeden-cixarmaq-ucun-kifayet-deyil\/\" \/>\n<meta property=\"og:locale\" content=\"az_AZ\" \/>\n<meta property=\"og:type\" content=\"article\" \/>\n<meta property=\"og:title\" content=\"&#039;&#039;Vergil\u0259r M\u0259c\u0259ll\u0259sin\u0259 d\u0259yi\u015fiklikl\u0259r iqtisadiyyat\u0131 k\u00f6lg\u0259d\u0259n \u00e7\u0131xarmaq \u00fc\u00e7\u00fcn kifay\u0259t deyil&#039;&#039; - MEYDAN.TV\" \/>\n<meta property=\"og:description\" content=\"\u018fl\u0259sg\u0259r M\u0259mm\u0259dli: &#039;&#039;H\u0259r il eyni yanl\u0131\u015f t\u0259krar olunur&#039;&#039;\" \/>\n<meta property=\"og:url\" content=\"https:\/\/www.meydan.tv\/az\/article\/vergiler-mecellesine-deyisiklikler-iqtisadiyyati-kolgeden-cixarmaq-ucun-kifayet-deyil\/\" \/>\n<meta property=\"og:site_name\" content=\"MEYDAN.TV\" \/>\n<meta property=\"article:published_time\" content=\"2018-12-04T16:06:04+00:00\" \/>\n<meta property=\"og:image\" content=\"https:\/\/www.meydan.tv\/wp-content\/uploads\/38649.jpg\" \/>\n\t<meta property=\"og:image:width\" content=\"1000\" \/>\n\t<meta property=\"og:image:height\" content=\"541\" \/>\n\t<meta property=\"og:image:type\" content=\"image\/jpeg\" \/>\n<meta name=\"author\" content=\"user-manager\" \/>\n<meta name=\"twitter:card\" content=\"summary_large_image\" \/>\n<script type=\"application\/ld+json\" class=\"yoast-schema-graph\">{\"@context\":\"https:\\\/\\\/schema.org\",\"@graph\":[{\"@type\":\"Article\",\"@id\":\"https:\\\/\\\/www.meydan.tv\\\/az\\\/article\\\/vergiler-mecellesine-deyisiklikler-iqtisadiyyati-kolgeden-cixarmaq-ucun-kifayet-deyil\\\/#article\",\"isPartOf\":{\"@id\":\"https:\\\/\\\/www.meydan.tv\\\/az\\\/article\\\/vergiler-mecellesine-deyisiklikler-iqtisadiyyati-kolgeden-cixarmaq-ucun-kifayet-deyil\\\/\"},\"author\":{\"name\":\"user-manager\",\"@id\":\"https:\\\/\\\/www.meydan.tv\\\/az\\\/#\\\/schema\\\/person\\\/10d11eccf6da3662cf5fdab9806ea91a\"},\"headline\":\"&#8221;Vergil\u0259r M\u0259c\u0259ll\u0259sin\u0259 d\u0259yi\u015fiklikl\u0259r iqtisadiyyat\u0131 k\u00f6lg\u0259d\u0259n \u00e7\u0131xarmaq \u00fc\u00e7\u00fcn kifay\u0259t deyil&#8221;\",\"datePublished\":\"2018-12-04T16:06:04+00:00\",\"mainEntityOfPage\":{\"@id\":\"https:\\\/\\\/www.meydan.tv\\\/az\\\/article\\\/vergiler-mecellesine-deyisiklikler-iqtisadiyyati-kolgeden-cixarmaq-ucun-kifayet-deyil\\\/\"},\"wordCount\":1456,\"publisher\":{\"@id\":\"https:\\\/\\\/www.meydan.tv\\\/az\\\/#organization\"},\"image\":{\"@id\":\"https:\\\/\\\/www.meydan.tv\\\/az\\\/article\\\/vergiler-mecellesine-deyisiklikler-iqtisadiyyati-kolgeden-cixarmaq-ucun-kifayet-deyil\\\/#primaryimage\"},\"thumbnailUrl\":\"https:\\\/\\\/www.meydan.tv\\\/wp-content\\\/uploads\\\/38649.jpg\",\"articleSection\":[\"Analitika\"],\"inLanguage\":\"az\"},{\"@type\":\"WebPage\",\"@id\":\"https:\\\/\\\/www.meydan.tv\\\/az\\\/article\\\/vergiler-mecellesine-deyisiklikler-iqtisadiyyati-kolgeden-cixarmaq-ucun-kifayet-deyil\\\/\",\"url\":\"https:\\\/\\\/www.meydan.tv\\\/az\\\/article\\\/vergiler-mecellesine-deyisiklikler-iqtisadiyyati-kolgeden-cixarmaq-ucun-kifayet-deyil\\\/\",\"name\":\"''Vergil\u0259r M\u0259c\u0259ll\u0259sin\u0259 d\u0259yi\u015fiklikl\u0259r iqtisadiyyat\u0131 k\u00f6lg\u0259d\u0259n \u00e7\u0131xarmaq \u00fc\u00e7\u00fcn kifay\u0259t deyil'' - MEYDAN.TV\",\"isPartOf\":{\"@id\":\"https:\\\/\\\/www.meydan.tv\\\/az\\\/#website\"},\"primaryImageOfPage\":{\"@id\":\"https:\\\/\\\/www.meydan.tv\\\/az\\\/article\\\/vergiler-mecellesine-deyisiklikler-iqtisadiyyati-kolgeden-cixarmaq-ucun-kifayet-deyil\\\/#primaryimage\"},\"image\":{\"@id\":\"https:\\\/\\\/www.meydan.tv\\\/az\\\/article\\\/vergiler-mecellesine-deyisiklikler-iqtisadiyyati-kolgeden-cixarmaq-ucun-kifayet-deyil\\\/#primaryimage\"},\"thumbnailUrl\":\"https:\\\/\\\/www.meydan.tv\\\/wp-content\\\/uploads\\\/38649.jpg\",\"datePublished\":\"2018-12-04T16:06:04+00:00\",\"breadcrumb\":{\"@id\":\"https:\\\/\\\/www.meydan.tv\\\/az\\\/article\\\/vergiler-mecellesine-deyisiklikler-iqtisadiyyati-kolgeden-cixarmaq-ucun-kifayet-deyil\\\/#breadcrumb\"},\"inLanguage\":\"az\",\"potentialAction\":[{\"@type\":\"ReadAction\",\"target\":[\"https:\\\/\\\/www.meydan.tv\\\/az\\\/article\\\/vergiler-mecellesine-deyisiklikler-iqtisadiyyati-kolgeden-cixarmaq-ucun-kifayet-deyil\\\/\"]}]},{\"@type\":\"ImageObject\",\"inLanguage\":\"az\",\"@id\":\"https:\\\/\\\/www.meydan.tv\\\/az\\\/article\\\/vergiler-mecellesine-deyisiklikler-iqtisadiyyati-kolgeden-cixarmaq-ucun-kifayet-deyil\\\/#primaryimage\",\"url\":\"https:\\\/\\\/www.meydan.tv\\\/wp-content\\\/uploads\\\/38649.jpg\",\"contentUrl\":\"https:\\\/\\\/www.meydan.tv\\\/wp-content\\\/uploads\\\/38649.jpg\",\"width\":1000,\"height\":541,\"caption\":\"Source:\"},{\"@type\":\"BreadcrumbList\",\"@id\":\"https:\\\/\\\/www.meydan.tv\\\/az\\\/article\\\/vergiler-mecellesine-deyisiklikler-iqtisadiyyati-kolgeden-cixarmaq-ucun-kifayet-deyil\\\/#breadcrumb\",\"itemListElement\":[{\"@type\":\"ListItem\",\"position\":1,\"name\":\"Ana s\u0259hif\u0259\",\"item\":\"https:\\\/\\\/www.meydan.tv\\\/az\\\/\"},{\"@type\":\"ListItem\",\"position\":2,\"name\":\"Analitika\",\"item\":\"https:\\\/\\\/www.meydan.tv\\\/az\\\/section\\\/analitika\\\/\"},{\"@type\":\"ListItem\",\"position\":3,\"name\":\"&#8221;Vergil\u0259r M\u0259c\u0259ll\u0259sin\u0259 d\u0259yi\u015fiklikl\u0259r iqtisadiyyat\u0131 k\u00f6lg\u0259d\u0259n \u00e7\u0131xarmaq \u00fc\u00e7\u00fcn kifay\u0259t deyil&#8221;\"}]},{\"@type\":\"WebSite\",\"@id\":\"https:\\\/\\\/www.meydan.tv\\\/az\\\/#website\",\"url\":\"https:\\\/\\\/www.meydan.tv\\\/az\\\/\",\"name\":\"MEYDAN.TV\",\"description\":\"Meydan TV Az\u0259rbaycan\u0131n media m\u0259kan\u0131ndak\u0131 alternativ s\u0259sidir\",\"publisher\":{\"@id\":\"https:\\\/\\\/www.meydan.tv\\\/az\\\/#organization\"},\"potentialAction\":[{\"@type\":\"SearchAction\",\"target\":{\"@type\":\"EntryPoint\",\"urlTemplate\":\"https:\\\/\\\/www.meydan.tv\\\/az\\\/?s={search_term_string}\"},\"query-input\":{\"@type\":\"PropertyValueSpecification\",\"valueRequired\":true,\"valueName\":\"search_term_string\"}}],\"inLanguage\":\"az\"},{\"@type\":\"Organization\",\"@id\":\"https:\\\/\\\/www.meydan.tv\\\/az\\\/#organization\",\"name\":\"Meydan TV\",\"url\":\"https:\\\/\\\/www.meydan.tv\\\/az\\\/\",\"logo\":{\"@type\":\"ImageObject\",\"inLanguage\":\"az\",\"@id\":\"https:\\\/\\\/www.meydan.tv\\\/az\\\/#\\\/schema\\\/logo\\\/image\\\/\",\"url\":\"https:\\\/\\\/www.meydan.tv\\\/wp-content\\\/uploads\\\/2021\\\/07\\\/meydan-logo.svg\",\"contentUrl\":\"https:\\\/\\\/www.meydan.tv\\\/wp-content\\\/uploads\\\/2021\\\/07\\\/meydan-logo.svg\",\"width\":195,\"height\":46,\"caption\":\"Meydan TV\"},\"image\":{\"@id\":\"https:\\\/\\\/www.meydan.tv\\\/az\\\/#\\\/schema\\\/logo\\\/image\\\/\"}},{\"@type\":\"Person\",\"@id\":\"https:\\\/\\\/www.meydan.tv\\\/az\\\/#\\\/schema\\\/person\\\/10d11eccf6da3662cf5fdab9806ea91a\",\"name\":\"user-manager\"}]}<\/script>\n<!-- \/ Yoast SEO plugin. -->","yoast_head_json":{"title":"''Vergil\u0259r M\u0259c\u0259ll\u0259sin\u0259 d\u0259yi\u015fiklikl\u0259r iqtisadiyyat\u0131 k\u00f6lg\u0259d\u0259n \u00e7\u0131xarmaq \u00fc\u00e7\u00fcn kifay\u0259t deyil'' - MEYDAN.TV","robots":{"index":"index","follow":"follow","max-snippet":"max-snippet:-1","max-image-preview":"max-image-preview:large","max-video-preview":"max-video-preview:-1"},"canonical":"https:\/\/www.meydan.tv\/az\/article\/vergiler-mecellesine-deyisiklikler-iqtisadiyyati-kolgeden-cixarmaq-ucun-kifayet-deyil\/","og_locale":"az_AZ","og_type":"article","og_title":"''Vergil\u0259r M\u0259c\u0259ll\u0259sin\u0259 d\u0259yi\u015fiklikl\u0259r iqtisadiyyat\u0131 k\u00f6lg\u0259d\u0259n \u00e7\u0131xarmaq \u00fc\u00e7\u00fcn kifay\u0259t deyil'' - MEYDAN.TV","og_description":"\u018fl\u0259sg\u0259r M\u0259mm\u0259dli: ''H\u0259r il eyni yanl\u0131\u015f t\u0259krar olunur''","og_url":"https:\/\/www.meydan.tv\/az\/article\/vergiler-mecellesine-deyisiklikler-iqtisadiyyati-kolgeden-cixarmaq-ucun-kifayet-deyil\/","og_site_name":"MEYDAN.TV","article_published_time":"2018-12-04T16:06:04+00:00","og_image":[{"width":1000,"height":541,"url":"https:\/\/www.meydan.tv\/wp-content\/uploads\/38649.jpg","type":"image\/jpeg"}],"author":"user-manager","twitter_card":"summary_large_image","schema":{"@context":"https:\/\/schema.org","@graph":[{"@type":"Article","@id":"https:\/\/www.meydan.tv\/az\/article\/vergiler-mecellesine-deyisiklikler-iqtisadiyyati-kolgeden-cixarmaq-ucun-kifayet-deyil\/#article","isPartOf":{"@id":"https:\/\/www.meydan.tv\/az\/article\/vergiler-mecellesine-deyisiklikler-iqtisadiyyati-kolgeden-cixarmaq-ucun-kifayet-deyil\/"},"author":{"name":"user-manager","@id":"https:\/\/www.meydan.tv\/az\/#\/schema\/person\/10d11eccf6da3662cf5fdab9806ea91a"},"headline":"&#8221;Vergil\u0259r M\u0259c\u0259ll\u0259sin\u0259 d\u0259yi\u015fiklikl\u0259r iqtisadiyyat\u0131 k\u00f6lg\u0259d\u0259n \u00e7\u0131xarmaq \u00fc\u00e7\u00fcn kifay\u0259t deyil&#8221;","datePublished":"2018-12-04T16:06:04+00:00","mainEntityOfPage":{"@id":"https:\/\/www.meydan.tv\/az\/article\/vergiler-mecellesine-deyisiklikler-iqtisadiyyati-kolgeden-cixarmaq-ucun-kifayet-deyil\/"},"wordCount":1456,"publisher":{"@id":"https:\/\/www.meydan.tv\/az\/#organization"},"image":{"@id":"https:\/\/www.meydan.tv\/az\/article\/vergiler-mecellesine-deyisiklikler-iqtisadiyyati-kolgeden-cixarmaq-ucun-kifayet-deyil\/#primaryimage"},"thumbnailUrl":"https:\/\/www.meydan.tv\/wp-content\/uploads\/38649.jpg","articleSection":["Analitika"],"inLanguage":"az"},{"@type":"WebPage","@id":"https:\/\/www.meydan.tv\/az\/article\/vergiler-mecellesine-deyisiklikler-iqtisadiyyati-kolgeden-cixarmaq-ucun-kifayet-deyil\/","url":"https:\/\/www.meydan.tv\/az\/article\/vergiler-mecellesine-deyisiklikler-iqtisadiyyati-kolgeden-cixarmaq-ucun-kifayet-deyil\/","name":"''Vergil\u0259r M\u0259c\u0259ll\u0259sin\u0259 d\u0259yi\u015fiklikl\u0259r iqtisadiyyat\u0131 k\u00f6lg\u0259d\u0259n \u00e7\u0131xarmaq \u00fc\u00e7\u00fcn kifay\u0259t deyil'' - MEYDAN.TV","isPartOf":{"@id":"https:\/\/www.meydan.tv\/az\/#website"},"primaryImageOfPage":{"@id":"https:\/\/www.meydan.tv\/az\/article\/vergiler-mecellesine-deyisiklikler-iqtisadiyyati-kolgeden-cixarmaq-ucun-kifayet-deyil\/#primaryimage"},"image":{"@id":"https:\/\/www.meydan.tv\/az\/article\/vergiler-mecellesine-deyisiklikler-iqtisadiyyati-kolgeden-cixarmaq-ucun-kifayet-deyil\/#primaryimage"},"thumbnailUrl":"https:\/\/www.meydan.tv\/wp-content\/uploads\/38649.jpg","datePublished":"2018-12-04T16:06:04+00:00","breadcrumb":{"@id":"https:\/\/www.meydan.tv\/az\/article\/vergiler-mecellesine-deyisiklikler-iqtisadiyyati-kolgeden-cixarmaq-ucun-kifayet-deyil\/#breadcrumb"},"inLanguage":"az","potentialAction":[{"@type":"ReadAction","target":["https:\/\/www.meydan.tv\/az\/article\/vergiler-mecellesine-deyisiklikler-iqtisadiyyati-kolgeden-cixarmaq-ucun-kifayet-deyil\/"]}]},{"@type":"ImageObject","inLanguage":"az","@id":"https:\/\/www.meydan.tv\/az\/article\/vergiler-mecellesine-deyisiklikler-iqtisadiyyati-kolgeden-cixarmaq-ucun-kifayet-deyil\/#primaryimage","url":"https:\/\/www.meydan.tv\/wp-content\/uploads\/38649.jpg","contentUrl":"https:\/\/www.meydan.tv\/wp-content\/uploads\/38649.jpg","width":1000,"height":541,"caption":"Source:"},{"@type":"BreadcrumbList","@id":"https:\/\/www.meydan.tv\/az\/article\/vergiler-mecellesine-deyisiklikler-iqtisadiyyati-kolgeden-cixarmaq-ucun-kifayet-deyil\/#breadcrumb","itemListElement":[{"@type":"ListItem","position":1,"name":"Ana s\u0259hif\u0259","item":"https:\/\/www.meydan.tv\/az\/"},{"@type":"ListItem","position":2,"name":"Analitika","item":"https:\/\/www.meydan.tv\/az\/section\/analitika\/"},{"@type":"ListItem","position":3,"name":"&#8221;Vergil\u0259r M\u0259c\u0259ll\u0259sin\u0259 d\u0259yi\u015fiklikl\u0259r iqtisadiyyat\u0131 k\u00f6lg\u0259d\u0259n \u00e7\u0131xarmaq \u00fc\u00e7\u00fcn kifay\u0259t deyil&#8221;"}]},{"@type":"WebSite","@id":"https:\/\/www.meydan.tv\/az\/#website","url":"https:\/\/www.meydan.tv\/az\/","name":"MEYDAN.TV","description":"Meydan TV Az\u0259rbaycan\u0131n media m\u0259kan\u0131ndak\u0131 alternativ s\u0259sidir","publisher":{"@id":"https:\/\/www.meydan.tv\/az\/#organization"},"potentialAction":[{"@type":"SearchAction","target":{"@type":"EntryPoint","urlTemplate":"https:\/\/www.meydan.tv\/az\/?s={search_term_string}"},"query-input":{"@type":"PropertyValueSpecification","valueRequired":true,"valueName":"search_term_string"}}],"inLanguage":"az"},{"@type":"Organization","@id":"https:\/\/www.meydan.tv\/az\/#organization","name":"Meydan TV","url":"https:\/\/www.meydan.tv\/az\/","logo":{"@type":"ImageObject","inLanguage":"az","@id":"https:\/\/www.meydan.tv\/az\/#\/schema\/logo\/image\/","url":"https:\/\/www.meydan.tv\/wp-content\/uploads\/2021\/07\/meydan-logo.svg","contentUrl":"https:\/\/www.meydan.tv\/wp-content\/uploads\/2021\/07\/meydan-logo.svg","width":195,"height":46,"caption":"Meydan TV"},"image":{"@id":"https:\/\/www.meydan.tv\/az\/#\/schema\/logo\/image\/"}},{"@type":"Person","@id":"https:\/\/www.meydan.tv\/az\/#\/schema\/person\/10d11eccf6da3662cf5fdab9806ea91a","name":"user-manager"}]}},"_links":{"self":[{"href":"https:\/\/www.meydan.tv\/az\/wp-json\/wp\/v2\/posts\/192865","targetHints":{"allow":["GET"]}}],"collection":[{"href":"https:\/\/www.meydan.tv\/az\/wp-json\/wp\/v2\/posts"}],"about":[{"href":"https:\/\/www.meydan.tv\/az\/wp-json\/wp\/v2\/types\/post"}],"author":[{"embeddable":true,"href":"https:\/\/www.meydan.tv\/az\/wp-json\/wp\/v2\/users\/11"}],"replies":[{"embeddable":true,"href":"https:\/\/www.meydan.tv\/az\/wp-json\/wp\/v2\/comments?post=192865"}],"version-history":[{"count":0,"href":"https:\/\/www.meydan.tv\/az\/wp-json\/wp\/v2\/posts\/192865\/revisions"}],"wp:featuredmedia":[{"embeddable":true,"href":"https:\/\/www.meydan.tv\/az\/wp-json\/wp\/v2\/media\/97783"}],"wp:attachment":[{"href":"https:\/\/www.meydan.tv\/az\/wp-json\/wp\/v2\/media?parent=192865"}],"wp:term":[{"taxonomy":"category","embeddable":true,"href":"https:\/\/www.meydan.tv\/az\/wp-json\/wp\/v2\/categories?post=192865"},{"taxonomy":"post_tag","embeddable":true,"href":"https:\/\/www.meydan.tv\/az\/wp-json\/wp\/v2\/tags?post=192865"}],"curies":[{"name":"wp","href":"https:\/\/api.w.org\/{rel}","templated":true}]}}