{"id":192846,"date":"2018-12-03T14:24:12","date_gmt":"2018-12-03T14:24:12","guid":{"rendered":"https:\/\/www.meydan.tv\/article\/sixli-sakinleri-kendde-bir-zibil-qutusu-bele-yoxdu\/"},"modified":"2018-12-03T14:24:12","modified_gmt":"2018-12-03T14:24:12","slug":"sixli-sakinleri-kendde-bir-zibil-qutusu-bele-yoxdu","status":"publish","type":"post","link":"https:\/\/www.meydan.tv\/az\/article\/sixli-sakinleri-kendde-bir-zibil-qutusu-bele-yoxdu\/","title":{"rendered":"\u015e\u0131xl\u0131 sakinl\u0259ri: K\u0259ndd\u0259 bir zibil qutusu bel\u0259 yoxdu"},"content":{"rendered":"<figure class=\"wp-block-image size-large\">\n  <img decoding=\"async\" src=\"https:\/\/www.meydan.tv\/az\/113457\/\" alt=\"\" class=\"wp-image-113457\"\/><figcaption><\/figcaption><\/figure>\n<p>\n  <i><br \/>\n    &#8221;B\u0259l\u0259diyy\u0259 s\u0259drinin kim oldu\u011funu bilmirik&#8221;<br \/>\n  <\/i>\n<\/p>\n<p>\n  &#8220;Zibil qutusu y\u0259qin \u00e7ox baha olmaz. \u018fn az\u0131 ona g\u00f6r\u0259 b\u00fcdc\u0259d\u0259n milyonlar ay\u0131rma\u011fa g\u0259r\u0259k yoxdur. Bir zibil qutusunun mahiyy\u0259ti n\u0259dir ki, g\u0259tirib ikisini, \u00fc\u00e7\u00fcn\u00fc k\u0259nd\u0259 qoymurlar. \u0130nsanlar zibill\u0259rini d\u0259r\u0259y\u0259 at\u0131r. Onu da min d\u0259f\u0259 \u015fikay\u0259t ed\u0259nd\u0259n sonra g\u0259lib bir d\u0259f\u0259 t\u0259mizl\u0259yirl\u0259r. Qalan vaxt iyd\u0259n-qoxudan birt\u0259h\u0259r oluruq. H\u0259r \u015fey bir yana, k\u00fcl\u0259k \u0259s\u0259nd\u0259 k\u0259ndd\u0259 plastik sellofanlar u\u00e7u\u015fur. G\u0259lib \u00e7\u0259p\u0259rl\u0259r\u0259 ili\u015fir, bezmi\u015fik&#8221;.\n<\/p>\n<p>\n  Qazax\u0131n Birinci \u015e\u0131xl\u0131 k\u0259ndinin sakinl\u0259ri bel\u0259 deyirl\u0259r. Onlar Meydan TV-y\u0259 m\u00fcraci\u0259t ed\u0259r\u0259k bildiribl\u0259r ki, indiy\u0259 q\u0259d\u0259r \u015fikay\u0259t etm\u0259dikl\u0259ri yer qalmay\u0131b. Ancaq bir xeyri olmay\u0131b, baxmay\u0131blar.\n<\/p>\n<p>\n  K\u0259ndd\u0259 zibil atmaq \u00fc\u00e7\u00fcn qutu yoxdur. Sakinl\u0259r m\u0259i\u015f\u0259t tullant\u0131lar\u0131n\u0131 k\u0259ndd\u0259 \u00f6zl\u0259ri m\u00fc\u0259yy\u0259n etdikl\u0259ri bir yer\u0259 t\u00f6k\u00fcrl\u0259r. H\u0259min \u0259razinin yax\u0131nl\u0131\u011f\u0131nda evl\u0259r var. Sakinl\u0259r antisanitariyadan \u015fikay\u0259t edirl\u0259r. K\u00fcl\u0259k olanda zibil qal\u0131qlar\u0131n\u0131n h\u0259y\u0259tl\u0259rin\u0259 yay\u0131ld\u0131\u011f\u0131n\u0131 s\u00f6yl\u0259yirl\u0259r.\n<\/p>\n<p>\n  &#8220;D\u0259f\u0259l\u0259rl\u0259 k\u0259nd\u0259 zibil qutusu qoyulmas\u0131 \u00fc\u00e7\u00fcn b\u0259l\u0259diyy\u0259y\u0259 m\u00fcraci\u0259t etmi\u015fik. Biz b\u00f6y\u00fck bir \u015fey ist\u0259mirik. Laz\u0131mi avadanl\u0131qd\u0131r, h\u0259r k\u0259ndd\u0259 zibil t\u00f6km\u0259y\u0259 yer olmal\u0131d\u0131r. B\u0259l\u0259diyy\u0259 n\u0259 i\u015fl\u0259 m\u0259\u015f\u011ful olmal\u0131d\u0131r? Biz h\u0259l\u0259 b\u0259l\u0259diyy\u0259d\u0259 i\u015fl\u0259y\u0259nl\u0259rin \u00fcz\u00fcn\u00fc g\u00f6rm\u0259mi\u015fik. Se\u00e7m\u0259mi\u015fik, hardan bil\u0259k? He\u00e7 s\u0259drin kim oldu\u011funu da bilmirik&#8221;, &#8211; k\u0259nd sakinl\u0259rind\u0259n H\u00fcseynqulu M\u0259mm\u0259dov bel\u0259 deyir.\n<\/p>\n<figure class=\"wp-block-image size-large\">\n  <img decoding=\"async\" src=\"https:\/\/www.meydan.tv\/az\/113454\/\" alt=\"\" class=\"wp-image-113454\"\/><figcaption><\/figcaption><\/figure>\n<p>\n  Bildirir ki, \u0259slind\u0259 zibil qab\u0131 qoymaqla da i\u015f bitmir. Dig\u0259r problem onun da\u015f\u0131nmas\u0131d\u0131r:\n<\/p>\n<p>\n  &#8220;Da\u015f\u0131yacaqlarm\u0131? Bilmir\u0259m. Da\u015f\u0131yan olsayd\u0131lar, m\u0259i\u015f\u0259t tullant\u0131lar\u0131 qalaq-qalaq y\u0131\u011f\u0131l\u0131b qalmazd\u0131. Biz bilmirik onlar\u0131 n\u0259 ed\u0259k. \u00dcst\u00fcn\u00fc basd\u0131r\u0131r\u0131q, heyvan qaz\u0131b \u00e7\u0131xar\u0131r. Bir k\u00fcl\u0259k olan kimi d\u0259 sellofanlar yay\u0131l\u0131r k\u0259nd\u0259. Yayda is\u0259 mil\u00e7\u0259k \u0259lind\u0259n t\u0259rp\u0259nm\u0259k olmur. G\u00fcn\u0259\u015f vurur, \u0259trafa \u00fcfun\u0259t iyi yay\u0131l\u0131r. Biz n\u0259 etm\u0259liyik, zibill\u0259ri \u00f6z\u00fcm\u00fcz da\u015f\u0131yaq? O zaman b\u0259l\u0259diyy\u0259 n\u0259 \u00fc\u00e7\u00fcnd\u00fcr? Xahi\u015f edirik, g\u0259lib y\u0131\u011f\u0131\u015fd\u0131rs\u0131nlar. Biz deyirik, e\u015fitmirl\u0259r, b\u0259lk\u0259 mediada i\u015f\u0131qland\u0131r\u0131lsa, ordan oxuyub, utanar, g\u0259lib, bir \u00e7ar\u0259 taparlar&#8221;.\n<\/p>\n<figure class=\"wp-block-image size-large\">\n  <img decoding=\"async\" src=\"https:\/\/www.meydan.tv\/az\/45204\/\" alt=\"45204\" class=\"wp-image-113463\"\/><figcaption><\/figcaption><\/figure>\n<p>\n  El\u015f\u0259n \u018fliyev d\u0259 \u015e\u0131xl\u0131 sakinidir. Deyir, he\u00e7 yerd\u0259 bel\u0259 biab\u0131r\u00e7\u0131l\u0131q yoxdur:\n<\/p>\n<p>\n  &#8220;U\u015faqlar oynay\u0131r, antisanitariyad\u0131r. Mal\u0131-heyvan\u0131 h\u0259r d\u0259qiq\u0259 g\u00fcd\u0259 bilmirik. Gedib zibilliyi e\u015fir. Camaat\u0131n atd\u0131\u011f\u0131 m\u0259i\u015f\u0259t tullant\u0131lar\u0131 aylarla y\u0131\u011f\u0131l\u0131r, da\u015f\u0131nm\u0131r. Bu is\u0259 m\u00fcxt\u0259lif x\u0259st\u0259likl\u0259rin yaranmas\u0131na s\u0259b\u0259b olur. Sonda m\u0259cbur olub, y\u0131\u011f\u0131lan zibill\u0259ri yand\u0131r\u0131r\u0131q. Q\u0131\u015f\u0131n g\u00fcn\u00fcd\u00fcr, h\u0259r g\u00fcn ya\u011f\u0131\u015f ya\u011f\u0131r. \u0130ndi o da m\u00fcmk\u00fcn deyil&#8221;.\n<\/p>\n<p>\n  E.\u018fliyev deyir ki, indiy\u0259 q\u0259d\u0259r etdikl\u0259ri \u015fikay\u0259tl\u0259r\u0259 baxan olmay\u0131b: &#8220;He\u00e7 vecl\u0259rin\u0259 d\u0259 deyil. Bir qulaqlar\u0131ndan girib dig\u0259rind\u0259n \u00e7\u0131x\u0131r. \u00d6z dediyimizi \u00f6z\u00fcm\u00fcz e\u015fidirik el\u0259. Yollar b\u0259rbad, zibil qutusu yox, k\u0259nd\u0259 baxan da yox. N\u0259 ed\u0259k, ham\u0131m\u0131z k\u00f6\u00e7\u00fcb gedib \u015f\u0259h\u0259rd\u0259 ya\u015fayaq? Onsuz da normal i\u015f-g\u00fcc d\u0259 yoxdur. Bir m\u00fcdd\u0259t sonra k\u0259ndd\u0259 adam tap\u0131lmayacaq&#8221;.\n<\/p>\n<figure class=\"wp-block-image size-large\">\n  <img decoding=\"async\" src=\"https:\/\/www.meydan.tv\/az\/113466\/\" alt=\"\" class=\"wp-image-113466\"\/><figcaption><\/figcaption><\/figure>\n<p>\n  Meydan TV m\u0259s\u0259l\u0259y\u0259 \u015e\u0131xl\u0131 B\u0259l\u0259diyy\u0259sind\u0259n m\u00fcnasib\u0259t \u00f6yr\u0259n\u0259 bilm\u0259yib. \u018fvv\u0259lc\u0259 bir saat sonra z\u0259ng edin des\u0259l\u0259r d\u0259, sonradan telefonlara cavab verilm\u0259yib. Qazax Rayon \u0130cra Hakimiyy\u0259tind\u0259n is\u0259 bildiribl\u0259r ki, probleml\u0259 ba\u011fl\u0131 bir t\u0259dbir g\u00f6r\u0259c\u0259kl\u0259r:\n<\/p>\n<p>\n  &#8220;K\u0259ndl\u0259rd\u0259 olan zibillikl\u0259r b\u0259l\u0259diyy\u0259l\u0259r t\u0259r\u0259find\u0259n vaxta\u015f\u0131r\u0131 t\u0259mizl\u0259nir. G\u00f6r\u00fcn\u00fcr, n\u0259s\u0259 gecikm\u0259 olub ki, sakinl\u0259r \u015fikay\u0259t edibl\u0259r. Biz \u0259laq\u0259 saxlay\u0131b, g\u00f6st\u0259ri\u015f ver\u0259rik. Tezlikl\u0259 problem h\u0259ll edil\u0259r. El\u0259 b\u00f6y\u00fck problem deyil, h\u0259ll edilm\u0259si d\u0259 asand\u0131r. Narahatl\u0131\u011fa \u0259sas yoxdur&#8221;.<\/p>\n","protected":false},"excerpt":{"rendered":"<p>&#8221;B\u0259l\u0259diyy\u0259 s\u0259drinin kim oldu\u011funu bilmirik&#8221;<\/p>\n","protected":false},"author":11,"featured_media":113457,"comment_status":"closed","ping_status":"open","sticky":false,"template":"","format":"standard","meta":{"_acf_changed":false,"_sitemap_exclude":false,"_sitemap_priority":"","_sitemap_frequency":"","footnotes":""},"categories":[60],"tags":[],"class_list":["post-192846","post","type-post","status-publish","format-standard","has-post-thumbnail","hentry","category-bolge","infinite-scroll-item","generate-columns","tablet-grid-50","mobile-grid-100","grid-parent","grid-33","no-featured-image-padding"],"acf":[],"yoast_head":"<!-- This site is optimized with the Yoast SEO plugin v27.4 - https:\/\/yoast.com\/product\/yoast-seo-wordpress\/ -->\n<title>\u015e\u0131xl\u0131 sakinl\u0259ri: K\u0259ndd\u0259 bir zibil qutusu bel\u0259 yoxdu - MEYDAN.TV<\/title>\n<meta name=\"robots\" content=\"index, follow, max-snippet:-1, max-image-preview:large, max-video-preview:-1\" \/>\n<link rel=\"canonical\" href=\"https:\/\/www.meydan.tv\/az\/article\/sixli-sakinleri-kendde-bir-zibil-qutusu-bele-yoxdu\/\" \/>\n<meta property=\"og:locale\" content=\"az_AZ\" \/>\n<meta property=\"og:type\" content=\"article\" \/>\n<meta property=\"og:title\" content=\"\u015e\u0131xl\u0131 sakinl\u0259ri: K\u0259ndd\u0259 bir zibil qutusu bel\u0259 yoxdu - MEYDAN.TV\" \/>\n<meta property=\"og:description\" content=\"&#039;&#039;B\u0259l\u0259diyy\u0259 s\u0259drinin kim oldu\u011funu bilmirik&#039;&#039;\" \/>\n<meta property=\"og:url\" content=\"https:\/\/www.meydan.tv\/az\/article\/sixli-sakinleri-kendde-bir-zibil-qutusu-bele-yoxdu\/\" \/>\n<meta property=\"og:site_name\" content=\"MEYDAN.TV\" \/>\n<meta property=\"article:published_time\" content=\"2018-12-03T14:24:12+00:00\" \/>\n<meta property=\"og:image\" content=\"https:\/\/www.meydan.tv\/wp-content\/uploads\/45202-scaled.jpg\" \/>\n\t<meta property=\"og:image:width\" content=\"2560\" \/>\n\t<meta property=\"og:image:height\" content=\"1640\" \/>\n\t<meta property=\"og:image:type\" content=\"image\/jpeg\" \/>\n<meta name=\"author\" content=\"user-manager\" \/>\n<meta name=\"twitter:card\" content=\"summary_large_image\" \/>\n<script type=\"application\/ld+json\" class=\"yoast-schema-graph\">{\"@context\":\"https:\\\/\\\/schema.org\",\"@graph\":[{\"@type\":\"Article\",\"@id\":\"https:\\\/\\\/www.meydan.tv\\\/az\\\/article\\\/sixli-sakinleri-kendde-bir-zibil-qutusu-bele-yoxdu\\\/#article\",\"isPartOf\":{\"@id\":\"https:\\\/\\\/www.meydan.tv\\\/az\\\/article\\\/sixli-sakinleri-kendde-bir-zibil-qutusu-bele-yoxdu\\\/\"},\"author\":{\"name\":\"user-manager\",\"@id\":\"https:\\\/\\\/www.meydan.tv\\\/az\\\/#\\\/schema\\\/person\\\/10d11eccf6da3662cf5fdab9806ea91a\"},\"headline\":\"\u015e\u0131xl\u0131 sakinl\u0259ri: K\u0259ndd\u0259 bir zibil qutusu bel\u0259 yoxdu\",\"datePublished\":\"2018-12-03T14:24:12+00:00\",\"mainEntityOfPage\":{\"@id\":\"https:\\\/\\\/www.meydan.tv\\\/az\\\/article\\\/sixli-sakinleri-kendde-bir-zibil-qutusu-bele-yoxdu\\\/\"},\"wordCount\":762,\"publisher\":{\"@id\":\"https:\\\/\\\/www.meydan.tv\\\/az\\\/#organization\"},\"image\":{\"@id\":\"https:\\\/\\\/www.meydan.tv\\\/az\\\/article\\\/sixli-sakinleri-kendde-bir-zibil-qutusu-bele-yoxdu\\\/#primaryimage\"},\"thumbnailUrl\":\"https:\\\/\\\/www.meydan.tv\\\/wp-content\\\/uploads\\\/45202-scaled.jpg\",\"articleSection\":[\"B\u00f6lg\u0259\"],\"inLanguage\":\"az\"},{\"@type\":\"WebPage\",\"@id\":\"https:\\\/\\\/www.meydan.tv\\\/az\\\/article\\\/sixli-sakinleri-kendde-bir-zibil-qutusu-bele-yoxdu\\\/\",\"url\":\"https:\\\/\\\/www.meydan.tv\\\/az\\\/article\\\/sixli-sakinleri-kendde-bir-zibil-qutusu-bele-yoxdu\\\/\",\"name\":\"\u015e\u0131xl\u0131 sakinl\u0259ri: K\u0259ndd\u0259 bir zibil qutusu bel\u0259 yoxdu - MEYDAN.TV\",\"isPartOf\":{\"@id\":\"https:\\\/\\\/www.meydan.tv\\\/az\\\/#website\"},\"primaryImageOfPage\":{\"@id\":\"https:\\\/\\\/www.meydan.tv\\\/az\\\/article\\\/sixli-sakinleri-kendde-bir-zibil-qutusu-bele-yoxdu\\\/#primaryimage\"},\"image\":{\"@id\":\"https:\\\/\\\/www.meydan.tv\\\/az\\\/article\\\/sixli-sakinleri-kendde-bir-zibil-qutusu-bele-yoxdu\\\/#primaryimage\"},\"thumbnailUrl\":\"https:\\\/\\\/www.meydan.tv\\\/wp-content\\\/uploads\\\/45202-scaled.jpg\",\"datePublished\":\"2018-12-03T14:24:12+00:00\",\"breadcrumb\":{\"@id\":\"https:\\\/\\\/www.meydan.tv\\\/az\\\/article\\\/sixli-sakinleri-kendde-bir-zibil-qutusu-bele-yoxdu\\\/#breadcrumb\"},\"inLanguage\":\"az\",\"potentialAction\":[{\"@type\":\"ReadAction\",\"target\":[\"https:\\\/\\\/www.meydan.tv\\\/az\\\/article\\\/sixli-sakinleri-kendde-bir-zibil-qutusu-bele-yoxdu\\\/\"]}]},{\"@type\":\"ImageObject\",\"inLanguage\":\"az\",\"@id\":\"https:\\\/\\\/www.meydan.tv\\\/az\\\/article\\\/sixli-sakinleri-kendde-bir-zibil-qutusu-bele-yoxdu\\\/#primaryimage\",\"url\":\"https:\\\/\\\/www.meydan.tv\\\/wp-content\\\/uploads\\\/45202-scaled.jpg\",\"contentUrl\":\"https:\\\/\\\/www.meydan.tv\\\/wp-content\\\/uploads\\\/45202-scaled.jpg\",\"width\":2560,\"height\":1640,\"caption\":\"Source:\"},{\"@type\":\"BreadcrumbList\",\"@id\":\"https:\\\/\\\/www.meydan.tv\\\/az\\\/article\\\/sixli-sakinleri-kendde-bir-zibil-qutusu-bele-yoxdu\\\/#breadcrumb\",\"itemListElement\":[{\"@type\":\"ListItem\",\"position\":1,\"name\":\"Ana s\u0259hif\u0259\",\"item\":\"https:\\\/\\\/www.meydan.tv\\\/az\\\/\"},{\"@type\":\"ListItem\",\"position\":2,\"name\":\"B\u00f6lg\u0259\",\"item\":\"https:\\\/\\\/www.meydan.tv\\\/az\\\/section\\\/bolge\\\/\"},{\"@type\":\"ListItem\",\"position\":3,\"name\":\"\u015e\u0131xl\u0131 sakinl\u0259ri: K\u0259ndd\u0259 bir zibil qutusu bel\u0259 yoxdu\"}]},{\"@type\":\"WebSite\",\"@id\":\"https:\\\/\\\/www.meydan.tv\\\/az\\\/#website\",\"url\":\"https:\\\/\\\/www.meydan.tv\\\/az\\\/\",\"name\":\"MEYDAN.TV\",\"description\":\"Meydan TV Az\u0259rbaycan\u0131n media m\u0259kan\u0131ndak\u0131 alternativ s\u0259sidir\",\"publisher\":{\"@id\":\"https:\\\/\\\/www.meydan.tv\\\/az\\\/#organization\"},\"potentialAction\":[{\"@type\":\"SearchAction\",\"target\":{\"@type\":\"EntryPoint\",\"urlTemplate\":\"https:\\\/\\\/www.meydan.tv\\\/az\\\/?s={search_term_string}\"},\"query-input\":{\"@type\":\"PropertyValueSpecification\",\"valueRequired\":true,\"valueName\":\"search_term_string\"}}],\"inLanguage\":\"az\"},{\"@type\":\"Organization\",\"@id\":\"https:\\\/\\\/www.meydan.tv\\\/az\\\/#organization\",\"name\":\"Meydan TV\",\"url\":\"https:\\\/\\\/www.meydan.tv\\\/az\\\/\",\"logo\":{\"@type\":\"ImageObject\",\"inLanguage\":\"az\",\"@id\":\"https:\\\/\\\/www.meydan.tv\\\/az\\\/#\\\/schema\\\/logo\\\/image\\\/\",\"url\":\"https:\\\/\\\/www.meydan.tv\\\/wp-content\\\/uploads\\\/2021\\\/07\\\/meydan-logo.svg\",\"contentUrl\":\"https:\\\/\\\/www.meydan.tv\\\/wp-content\\\/uploads\\\/2021\\\/07\\\/meydan-logo.svg\",\"width\":195,\"height\":46,\"caption\":\"Meydan TV\"},\"image\":{\"@id\":\"https:\\\/\\\/www.meydan.tv\\\/az\\\/#\\\/schema\\\/logo\\\/image\\\/\"}},{\"@type\":\"Person\",\"@id\":\"https:\\\/\\\/www.meydan.tv\\\/az\\\/#\\\/schema\\\/person\\\/10d11eccf6da3662cf5fdab9806ea91a\",\"name\":\"user-manager\"}]}<\/script>\n<!-- \/ Yoast SEO plugin. -->","yoast_head_json":{"title":"\u015e\u0131xl\u0131 sakinl\u0259ri: K\u0259ndd\u0259 bir zibil qutusu bel\u0259 yoxdu - MEYDAN.TV","robots":{"index":"index","follow":"follow","max-snippet":"max-snippet:-1","max-image-preview":"max-image-preview:large","max-video-preview":"max-video-preview:-1"},"canonical":"https:\/\/www.meydan.tv\/az\/article\/sixli-sakinleri-kendde-bir-zibil-qutusu-bele-yoxdu\/","og_locale":"az_AZ","og_type":"article","og_title":"\u015e\u0131xl\u0131 sakinl\u0259ri: K\u0259ndd\u0259 bir zibil qutusu bel\u0259 yoxdu - MEYDAN.TV","og_description":"''B\u0259l\u0259diyy\u0259 s\u0259drinin kim oldu\u011funu bilmirik''","og_url":"https:\/\/www.meydan.tv\/az\/article\/sixli-sakinleri-kendde-bir-zibil-qutusu-bele-yoxdu\/","og_site_name":"MEYDAN.TV","article_published_time":"2018-12-03T14:24:12+00:00","og_image":[{"width":2560,"height":1640,"url":"https:\/\/www.meydan.tv\/wp-content\/uploads\/45202-scaled.jpg","type":"image\/jpeg"}],"author":"user-manager","twitter_card":"summary_large_image","schema":{"@context":"https:\/\/schema.org","@graph":[{"@type":"Article","@id":"https:\/\/www.meydan.tv\/az\/article\/sixli-sakinleri-kendde-bir-zibil-qutusu-bele-yoxdu\/#article","isPartOf":{"@id":"https:\/\/www.meydan.tv\/az\/article\/sixli-sakinleri-kendde-bir-zibil-qutusu-bele-yoxdu\/"},"author":{"name":"user-manager","@id":"https:\/\/www.meydan.tv\/az\/#\/schema\/person\/10d11eccf6da3662cf5fdab9806ea91a"},"headline":"\u015e\u0131xl\u0131 sakinl\u0259ri: K\u0259ndd\u0259 bir zibil qutusu bel\u0259 yoxdu","datePublished":"2018-12-03T14:24:12+00:00","mainEntityOfPage":{"@id":"https:\/\/www.meydan.tv\/az\/article\/sixli-sakinleri-kendde-bir-zibil-qutusu-bele-yoxdu\/"},"wordCount":762,"publisher":{"@id":"https:\/\/www.meydan.tv\/az\/#organization"},"image":{"@id":"https:\/\/www.meydan.tv\/az\/article\/sixli-sakinleri-kendde-bir-zibil-qutusu-bele-yoxdu\/#primaryimage"},"thumbnailUrl":"https:\/\/www.meydan.tv\/wp-content\/uploads\/45202-scaled.jpg","articleSection":["B\u00f6lg\u0259"],"inLanguage":"az"},{"@type":"WebPage","@id":"https:\/\/www.meydan.tv\/az\/article\/sixli-sakinleri-kendde-bir-zibil-qutusu-bele-yoxdu\/","url":"https:\/\/www.meydan.tv\/az\/article\/sixli-sakinleri-kendde-bir-zibil-qutusu-bele-yoxdu\/","name":"\u015e\u0131xl\u0131 sakinl\u0259ri: K\u0259ndd\u0259 bir zibil qutusu bel\u0259 yoxdu - MEYDAN.TV","isPartOf":{"@id":"https:\/\/www.meydan.tv\/az\/#website"},"primaryImageOfPage":{"@id":"https:\/\/www.meydan.tv\/az\/article\/sixli-sakinleri-kendde-bir-zibil-qutusu-bele-yoxdu\/#primaryimage"},"image":{"@id":"https:\/\/www.meydan.tv\/az\/article\/sixli-sakinleri-kendde-bir-zibil-qutusu-bele-yoxdu\/#primaryimage"},"thumbnailUrl":"https:\/\/www.meydan.tv\/wp-content\/uploads\/45202-scaled.jpg","datePublished":"2018-12-03T14:24:12+00:00","breadcrumb":{"@id":"https:\/\/www.meydan.tv\/az\/article\/sixli-sakinleri-kendde-bir-zibil-qutusu-bele-yoxdu\/#breadcrumb"},"inLanguage":"az","potentialAction":[{"@type":"ReadAction","target":["https:\/\/www.meydan.tv\/az\/article\/sixli-sakinleri-kendde-bir-zibil-qutusu-bele-yoxdu\/"]}]},{"@type":"ImageObject","inLanguage":"az","@id":"https:\/\/www.meydan.tv\/az\/article\/sixli-sakinleri-kendde-bir-zibil-qutusu-bele-yoxdu\/#primaryimage","url":"https:\/\/www.meydan.tv\/wp-content\/uploads\/45202-scaled.jpg","contentUrl":"https:\/\/www.meydan.tv\/wp-content\/uploads\/45202-scaled.jpg","width":2560,"height":1640,"caption":"Source:"},{"@type":"BreadcrumbList","@id":"https:\/\/www.meydan.tv\/az\/article\/sixli-sakinleri-kendde-bir-zibil-qutusu-bele-yoxdu\/#breadcrumb","itemListElement":[{"@type":"ListItem","position":1,"name":"Ana s\u0259hif\u0259","item":"https:\/\/www.meydan.tv\/az\/"},{"@type":"ListItem","position":2,"name":"B\u00f6lg\u0259","item":"https:\/\/www.meydan.tv\/az\/section\/bolge\/"},{"@type":"ListItem","position":3,"name":"\u015e\u0131xl\u0131 sakinl\u0259ri: K\u0259ndd\u0259 bir zibil qutusu bel\u0259 yoxdu"}]},{"@type":"WebSite","@id":"https:\/\/www.meydan.tv\/az\/#website","url":"https:\/\/www.meydan.tv\/az\/","name":"MEYDAN.TV","description":"Meydan TV Az\u0259rbaycan\u0131n media m\u0259kan\u0131ndak\u0131 alternativ s\u0259sidir","publisher":{"@id":"https:\/\/www.meydan.tv\/az\/#organization"},"potentialAction":[{"@type":"SearchAction","target":{"@type":"EntryPoint","urlTemplate":"https:\/\/www.meydan.tv\/az\/?s={search_term_string}"},"query-input":{"@type":"PropertyValueSpecification","valueRequired":true,"valueName":"search_term_string"}}],"inLanguage":"az"},{"@type":"Organization","@id":"https:\/\/www.meydan.tv\/az\/#organization","name":"Meydan TV","url":"https:\/\/www.meydan.tv\/az\/","logo":{"@type":"ImageObject","inLanguage":"az","@id":"https:\/\/www.meydan.tv\/az\/#\/schema\/logo\/image\/","url":"https:\/\/www.meydan.tv\/wp-content\/uploads\/2021\/07\/meydan-logo.svg","contentUrl":"https:\/\/www.meydan.tv\/wp-content\/uploads\/2021\/07\/meydan-logo.svg","width":195,"height":46,"caption":"Meydan TV"},"image":{"@id":"https:\/\/www.meydan.tv\/az\/#\/schema\/logo\/image\/"}},{"@type":"Person","@id":"https:\/\/www.meydan.tv\/az\/#\/schema\/person\/10d11eccf6da3662cf5fdab9806ea91a","name":"user-manager"}]}},"_links":{"self":[{"href":"https:\/\/www.meydan.tv\/az\/wp-json\/wp\/v2\/posts\/192846","targetHints":{"allow":["GET"]}}],"collection":[{"href":"https:\/\/www.meydan.tv\/az\/wp-json\/wp\/v2\/posts"}],"about":[{"href":"https:\/\/www.meydan.tv\/az\/wp-json\/wp\/v2\/types\/post"}],"author":[{"embeddable":true,"href":"https:\/\/www.meydan.tv\/az\/wp-json\/wp\/v2\/users\/11"}],"replies":[{"embeddable":true,"href":"https:\/\/www.meydan.tv\/az\/wp-json\/wp\/v2\/comments?post=192846"}],"version-history":[{"count":0,"href":"https:\/\/www.meydan.tv\/az\/wp-json\/wp\/v2\/posts\/192846\/revisions"}],"wp:featuredmedia":[{"embeddable":true,"href":"https:\/\/www.meydan.tv\/az\/wp-json\/wp\/v2\/media\/113457"}],"wp:attachment":[{"href":"https:\/\/www.meydan.tv\/az\/wp-json\/wp\/v2\/media?parent=192846"}],"wp:term":[{"taxonomy":"category","embeddable":true,"href":"https:\/\/www.meydan.tv\/az\/wp-json\/wp\/v2\/categories?post=192846"},{"taxonomy":"post_tag","embeddable":true,"href":"https:\/\/www.meydan.tv\/az\/wp-json\/wp\/v2\/tags?post=192846"}],"curies":[{"name":"wp","href":"https:\/\/api.w.org\/{rel}","templated":true}]}}