{"id":192840,"date":"2018-12-01T02:58:41","date_gmt":"2018-12-01T02:58:41","guid":{"rendered":"https:\/\/www.meydan.tv\/article\/aksiya-eden-eliller-kartda-corekpulu-da-saxlamirlar\/"},"modified":"2018-12-01T02:58:41","modified_gmt":"2018-12-01T02:58:41","slug":"aksiya-eden-eliller-kartda-corekpulu-da-saxlamirlar","status":"publish","type":"post","link":"https:\/\/www.meydan.tv\/az\/article\/aksiya-eden-eliller-kartda-corekpulu-da-saxlamirlar\/","title":{"rendered":"Aksiya ed\u0259n \u0259lill\u0259r: Kartda \u00e7\u00f6r\u0259kpulu da saxlam\u0131rlar"},"content":{"rendered":"<figure class=\"wp-block-image size-large\">\n  <img decoding=\"async\" src=\"https:\/\/www.meydan.tv\/az\/113439\/\" alt=\"\" class=\"wp-image-113439\"\/><figcaption><\/figcaption><\/figure>\n<p>\n  <i><br \/>\n    \u0130mi\u015flid\u0259 m\u00fcharib\u0259 \u0259lil v\u0259 veteranlar\u0131 aksiya ke\u00e7irib<br \/>\n  <\/i><\/p>\n<p>  \u201c\u018flil\u0259m, pensiyam dolan\u0131\u015f\u0131\u011f\u0131ma da \u00e7atm\u0131r. M\u0259hk\u0259m\u0259 h\u0259yat yolda\u015f\u0131m \u00fc\u00e7\u00fcn q\u0259rar \u00e7\u0131xar\u0131b. H\u0259r \u015fey devalvasiyadan sonra ba\u015f verdi. Dollarla g\u00f6t\u00fcrd\u00fcy\u00fcm\u00fcz kredit k\u0259ll\u0259-\u015farxa \u00e7\u0131xd\u0131, yolda\u015f\u0131m, \u00f6z\u00fcm i\u015fsiz qald\u0131q&#8230; N\u0259 olar ki, h\u00f6kum\u0259t d\u0259 bunlar\u0131 n\u0259z\u0259r\u0259 al\u0131b, bir az da v\u0259t\u0259nda\u015fa t\u0259r\u0259f \u00e7\u0131xs\u0131n. H\u0259r t\u0259r\u0259fd\u0259n \u00fcst\u00fcm\u00fcz\u0259 g\u0259lirl\u0259r. 4 n\u0259f\u0259rlik ail\u0259 pensiyam\u0131n \u00fcmidin\u0259 ya\u015fay\u0131r\u201d, &#8211; \u0130mi\u015fli sakini, ikinci qrup m\u00fcharib\u0259 \u0259lili Ramin \u018f\u015fr\u0259fov deyir.\n<\/p>\n<p>\n  Ramin \u018f\u015fr\u0259fovun h\u0259yat yolda\u015f\u0131 Minay\u0259 Soltanova bank kreditini \u00f6d\u0259y\u0259 bilm\u0259diyi \u00fc\u00e7\u00fcn m\u0259hk\u0259m\u0259y\u0259 verilib, \u00f6lk\u0259d\u0259n \u00e7\u0131x\u0131\u015f\u0131 m\u0259hdudla\u015fd\u0131r\u0131l\u0131b. M\u0259hk\u0259m\u0259 icra\u00e7\u0131lar\u0131 az qala h\u0259r g\u00fcn \u00fcnvana g\u0259l\u0259r\u0259k m\u0259hk\u0259m\u0259 q\u0259rar\u0131n\u0131n icra olunmas\u0131n\u0131 t\u0259l\u0259b edirl\u0259r. Noyabr\u0131n 30-da \u0130mi\u015flinin m\u0259rk\u0259zind\u0259ki \u201c\u018fdliyy\u0259 evi\u201dnin qar\u015fs\u0131\u0131na topla\u015fan m\u00fcharib\u0259 \u0259lill\u0259ri v\u0259 veteranlar\u0131 aras\u0131nda Ramin \u018f\u015fr\u0259fov da olub. \u018flil v\u0259 veteranlar ayl\u0131q pensiyalar\u0131n\u0131n bank borclar\u0131na g\u00f6r\u0259 q\u0259piyin\u0259d\u0259k kartlar\u0131ndan silinm\u0259sin\u0259 etiraz edibl\u0259r. Onlar acl\u0131q aksiyas\u0131 ke\u00e7irm\u0259yi planla\u015fd\u0131rsalar da, sonradan dan\u0131\u015f\u0131qlar apar\u0131l\u0131b v\u0259 fikirl\u0259rind\u0259n da\u015f\u0131n\u0131blar.<\/p>\n<p>  <b><br \/>\n    <i><br \/>\n      \u015eikay\u0259t icra v\u0259 probasiya \u015f\u00f6b\u0259sind\u0259ndir<br \/>\n    <\/i><br \/>\n  <\/b><\/p>\n<p>  \u018flilliyi olan V\u00fcqar Q\u0259dirov:\n<\/p>\n<p>\n  \u201c\u015eikay\u0259timiz \u0130mi\u015fli rayon icra v\u0259 probasiya \u015f\u00f6b\u0259sind\u0259ndir. Eyni vaxtda h\u0259m \u0259sas borcludan, h\u0259m d\u0259 zamind\u0259n pul tutulur. \u018fmlaklar\u0131m\u0131z\u0131n \u00fcz\u0259rin\u0259 h\u0259bsl\u0259r qoyulub. Aylard\u0131r ki, pensiyalar\u0131m\u0131z \u0259limiz\u0259 g\u0259lib \u00e7atm\u0131r. Ail\u0259l\u0259rimiz ac qal\u0131b, kartda \u00e7\u00f6r\u0259kpulu da saxlam\u0131rlar\u201d.<\/p>\n<p>  Hadis\u0259 yerin\u0259 g\u0259l\u0259n polisl\u0259r \u0259lil v\u0259 veteranlar\u0131 \u015f\u00f6b\u0259y\u0259 d\u0259v\u0259t edibl\u0259r, onlar\u0131 polis r\u0259isi q\u0259bul edib. \u0130cra \u015f\u00f6b\u0259sinin r\u0259hb\u0259rliyi d\u0259 polis\u0259 d\u0259v\u0259t olunub v\u0259 dan\u0131\u015f\u0131qlar apar\u0131l\u0131b. \u018flil v\u0259 veteranlara bildirilib ki, \u015fikay\u0259tl\u0259ri \u0259dliyy\u0259 nazirin\u0259 \u00e7atd\u0131r\u0131lacaq.<\/p>\n<blockquote><p>\n  Biz onlara imkan daxilind\u0259 g\u00fcz\u0259\u015ft edirik\n<\/p><\/blockquote>\n<p>\n  <br \/>\n  V\u00fcqar Q\u0259dirov: \u201cBiz\u0259 tap\u015f\u0131r\u0131ld\u0131 ki, bununla ba\u011fl\u0131 b\u00fct\u00fcn m\u00fcharib\u0259 \u0259lil v\u0259 veteranlar\u0131n\u0131n siyah\u0131s\u0131n\u0131 haz\u0131rlay\u0131b onlara t\u0259qdim ed\u0259k, onlar da problemi nazir\u0259 bildirsinl\u0259r\u201d.<\/p>\n<p>  \u0130mi\u015fli Rayon \u0130cra v\u0259 Probasiya \u015e\u00f6b\u0259sind\u0259n Meydan TV-y\u0259 bildirilib ki, aksiya\u00e7\u0131lar\u0131n bir n\u00fcmay\u0259nd\u0259si il\u0259 g\u00f6r\u00fc\u015f\u00fcbl\u0259r v\u0259 ortaq raz\u0131l\u0131q \u0259ld\u0259 olunub:\n<\/p>\n<p>\n  \u201cBizim \u015f\u00f6b\u0259nin v\u0259zif\u0259si icraya y\u00f6n\u0259ldil\u0259n m\u0259hk\u0259m\u0259 q\u0259rar\u0131n\u0131 icra etm\u0259kd\u0259n ibar\u0259tdir. Tam qanuni i\u015fl\u0259yirik. V\u0259t\u0259nda\u015f\u0131n o q\u0259rardan naraz\u0131l\u0131\u011f\u0131 varsa, vaxt\u0131nda qanuni add\u0131mlar at\u0131b yuxar\u0131 m\u0259hk\u0259m\u0259l\u0259r\u0259 m\u00fcraci\u0259t ed\u0259 bil\u0259r. \u018flil v\u0259 veteranlara g\u0259linc\u0259, \u015f\u00f6b\u0259 onlara borclar\u0131n \u00f6d\u0259nilm\u0259sind\u0259 imkan daxilind\u0259 g\u00fcz\u0259\u015ftl\u0259r etm\u0259y\u0259 \u00e7al\u0131\u015f\u0131r\u201d.<\/p>\n","protected":false},"excerpt":{"rendered":"<p>\u0130mi\u015flid\u0259 m\u00fcharib\u0259 \u0259lil v\u0259 veteranlar\u0131 aksiya ke\u00e7irib<\/p>\n","protected":false},"author":11,"featured_media":113439,"comment_status":"closed","ping_status":"open","sticky":false,"template":"","format":"standard","meta":{"_acf_changed":false,"_sitemap_exclude":false,"_sitemap_priority":"","_sitemap_frequency":"","footnotes":""},"categories":[60],"tags":[],"class_list":["post-192840","post","type-post","status-publish","format-standard","has-post-thumbnail","hentry","category-bolge","infinite-scroll-item","generate-columns","tablet-grid-50","mobile-grid-100","grid-parent","grid-33","no-featured-image-padding"],"acf":[],"yoast_head":"<!-- This site is optimized with the Yoast SEO plugin v27.4 - https:\/\/yoast.com\/product\/yoast-seo-wordpress\/ -->\n<title>Aksiya ed\u0259n \u0259lill\u0259r: Kartda \u00e7\u00f6r\u0259kpulu da saxlam\u0131rlar - MEYDAN.TV<\/title>\n<meta name=\"robots\" content=\"index, follow, max-snippet:-1, max-image-preview:large, max-video-preview:-1\" \/>\n<link rel=\"canonical\" href=\"https:\/\/www.meydan.tv\/az\/article\/aksiya-eden-eliller-kartda-corekpulu-da-saxlamirlar\/\" \/>\n<meta property=\"og:locale\" content=\"az_AZ\" \/>\n<meta property=\"og:type\" content=\"article\" \/>\n<meta property=\"og:title\" content=\"Aksiya ed\u0259n \u0259lill\u0259r: Kartda \u00e7\u00f6r\u0259kpulu da saxlam\u0131rlar - MEYDAN.TV\" \/>\n<meta property=\"og:description\" content=\"\u0130mi\u015flid\u0259 m\u00fcharib\u0259 \u0259lil v\u0259 veteranlar\u0131 aksiya ke\u00e7irib\" \/>\n<meta property=\"og:url\" content=\"https:\/\/www.meydan.tv\/az\/article\/aksiya-eden-eliller-kartda-corekpulu-da-saxlamirlar\/\" \/>\n<meta property=\"og:site_name\" content=\"MEYDAN.TV\" \/>\n<meta property=\"article:published_time\" content=\"2018-12-01T02:58:41+00:00\" \/>\n<meta property=\"og:image\" content=\"https:\/\/www.meydan.tv\/wp-content\/uploads\/45199.jpg\" \/>\n\t<meta property=\"og:image:width\" content=\"720\" \/>\n\t<meta property=\"og:image:height\" content=\"960\" \/>\n\t<meta property=\"og:image:type\" content=\"image\/jpeg\" \/>\n<meta name=\"author\" content=\"user-manager\" \/>\n<meta name=\"twitter:card\" content=\"summary_large_image\" \/>\n<script type=\"application\/ld+json\" class=\"yoast-schema-graph\">{\"@context\":\"https:\\\/\\\/schema.org\",\"@graph\":[{\"@type\":\"Article\",\"@id\":\"https:\\\/\\\/www.meydan.tv\\\/az\\\/article\\\/aksiya-eden-eliller-kartda-corekpulu-da-saxlamirlar\\\/#article\",\"isPartOf\":{\"@id\":\"https:\\\/\\\/www.meydan.tv\\\/az\\\/article\\\/aksiya-eden-eliller-kartda-corekpulu-da-saxlamirlar\\\/\"},\"author\":{\"name\":\"user-manager\",\"@id\":\"https:\\\/\\\/www.meydan.tv\\\/az\\\/#\\\/schema\\\/person\\\/10d11eccf6da3662cf5fdab9806ea91a\"},\"headline\":\"Aksiya ed\u0259n \u0259lill\u0259r: Kartda \u00e7\u00f6r\u0259kpulu da saxlam\u0131rlar\",\"datePublished\":\"2018-12-01T02:58:41+00:00\",\"mainEntityOfPage\":{\"@id\":\"https:\\\/\\\/www.meydan.tv\\\/az\\\/article\\\/aksiya-eden-eliller-kartda-corekpulu-da-saxlamirlar\\\/\"},\"wordCount\":553,\"publisher\":{\"@id\":\"https:\\\/\\\/www.meydan.tv\\\/az\\\/#organization\"},\"image\":{\"@id\":\"https:\\\/\\\/www.meydan.tv\\\/az\\\/article\\\/aksiya-eden-eliller-kartda-corekpulu-da-saxlamirlar\\\/#primaryimage\"},\"thumbnailUrl\":\"https:\\\/\\\/www.meydan.tv\\\/wp-content\\\/uploads\\\/45199.jpg\",\"articleSection\":[\"B\u00f6lg\u0259\"],\"inLanguage\":\"az\"},{\"@type\":\"WebPage\",\"@id\":\"https:\\\/\\\/www.meydan.tv\\\/az\\\/article\\\/aksiya-eden-eliller-kartda-corekpulu-da-saxlamirlar\\\/\",\"url\":\"https:\\\/\\\/www.meydan.tv\\\/az\\\/article\\\/aksiya-eden-eliller-kartda-corekpulu-da-saxlamirlar\\\/\",\"name\":\"Aksiya ed\u0259n \u0259lill\u0259r: Kartda \u00e7\u00f6r\u0259kpulu da saxlam\u0131rlar - MEYDAN.TV\",\"isPartOf\":{\"@id\":\"https:\\\/\\\/www.meydan.tv\\\/az\\\/#website\"},\"primaryImageOfPage\":{\"@id\":\"https:\\\/\\\/www.meydan.tv\\\/az\\\/article\\\/aksiya-eden-eliller-kartda-corekpulu-da-saxlamirlar\\\/#primaryimage\"},\"image\":{\"@id\":\"https:\\\/\\\/www.meydan.tv\\\/az\\\/article\\\/aksiya-eden-eliller-kartda-corekpulu-da-saxlamirlar\\\/#primaryimage\"},\"thumbnailUrl\":\"https:\\\/\\\/www.meydan.tv\\\/wp-content\\\/uploads\\\/45199.jpg\",\"datePublished\":\"2018-12-01T02:58:41+00:00\",\"breadcrumb\":{\"@id\":\"https:\\\/\\\/www.meydan.tv\\\/az\\\/article\\\/aksiya-eden-eliller-kartda-corekpulu-da-saxlamirlar\\\/#breadcrumb\"},\"inLanguage\":\"az\",\"potentialAction\":[{\"@type\":\"ReadAction\",\"target\":[\"https:\\\/\\\/www.meydan.tv\\\/az\\\/article\\\/aksiya-eden-eliller-kartda-corekpulu-da-saxlamirlar\\\/\"]}]},{\"@type\":\"ImageObject\",\"inLanguage\":\"az\",\"@id\":\"https:\\\/\\\/www.meydan.tv\\\/az\\\/article\\\/aksiya-eden-eliller-kartda-corekpulu-da-saxlamirlar\\\/#primaryimage\",\"url\":\"https:\\\/\\\/www.meydan.tv\\\/wp-content\\\/uploads\\\/45199.jpg\",\"contentUrl\":\"https:\\\/\\\/www.meydan.tv\\\/wp-content\\\/uploads\\\/45199.jpg\",\"width\":720,\"height\":960,\"caption\":\"Source:\"},{\"@type\":\"BreadcrumbList\",\"@id\":\"https:\\\/\\\/www.meydan.tv\\\/az\\\/article\\\/aksiya-eden-eliller-kartda-corekpulu-da-saxlamirlar\\\/#breadcrumb\",\"itemListElement\":[{\"@type\":\"ListItem\",\"position\":1,\"name\":\"Ana s\u0259hif\u0259\",\"item\":\"https:\\\/\\\/www.meydan.tv\\\/az\\\/\"},{\"@type\":\"ListItem\",\"position\":2,\"name\":\"B\u00f6lg\u0259\",\"item\":\"https:\\\/\\\/www.meydan.tv\\\/az\\\/section\\\/bolge\\\/\"},{\"@type\":\"ListItem\",\"position\":3,\"name\":\"Aksiya ed\u0259n \u0259lill\u0259r: Kartda \u00e7\u00f6r\u0259kpulu da saxlam\u0131rlar\"}]},{\"@type\":\"WebSite\",\"@id\":\"https:\\\/\\\/www.meydan.tv\\\/az\\\/#website\",\"url\":\"https:\\\/\\\/www.meydan.tv\\\/az\\\/\",\"name\":\"MEYDAN.TV\",\"description\":\"Meydan TV Az\u0259rbaycan\u0131n media m\u0259kan\u0131ndak\u0131 alternativ s\u0259sidir\",\"publisher\":{\"@id\":\"https:\\\/\\\/www.meydan.tv\\\/az\\\/#organization\"},\"potentialAction\":[{\"@type\":\"SearchAction\",\"target\":{\"@type\":\"EntryPoint\",\"urlTemplate\":\"https:\\\/\\\/www.meydan.tv\\\/az\\\/?s={search_term_string}\"},\"query-input\":{\"@type\":\"PropertyValueSpecification\",\"valueRequired\":true,\"valueName\":\"search_term_string\"}}],\"inLanguage\":\"az\"},{\"@type\":\"Organization\",\"@id\":\"https:\\\/\\\/www.meydan.tv\\\/az\\\/#organization\",\"name\":\"Meydan TV\",\"url\":\"https:\\\/\\\/www.meydan.tv\\\/az\\\/\",\"logo\":{\"@type\":\"ImageObject\",\"inLanguage\":\"az\",\"@id\":\"https:\\\/\\\/www.meydan.tv\\\/az\\\/#\\\/schema\\\/logo\\\/image\\\/\",\"url\":\"https:\\\/\\\/www.meydan.tv\\\/wp-content\\\/uploads\\\/2021\\\/07\\\/meydan-logo.svg\",\"contentUrl\":\"https:\\\/\\\/www.meydan.tv\\\/wp-content\\\/uploads\\\/2021\\\/07\\\/meydan-logo.svg\",\"width\":195,\"height\":46,\"caption\":\"Meydan TV\"},\"image\":{\"@id\":\"https:\\\/\\\/www.meydan.tv\\\/az\\\/#\\\/schema\\\/logo\\\/image\\\/\"}},{\"@type\":\"Person\",\"@id\":\"https:\\\/\\\/www.meydan.tv\\\/az\\\/#\\\/schema\\\/person\\\/10d11eccf6da3662cf5fdab9806ea91a\",\"name\":\"user-manager\"}]}<\/script>\n<!-- \/ Yoast SEO plugin. -->","yoast_head_json":{"title":"Aksiya ed\u0259n \u0259lill\u0259r: Kartda \u00e7\u00f6r\u0259kpulu da saxlam\u0131rlar - MEYDAN.TV","robots":{"index":"index","follow":"follow","max-snippet":"max-snippet:-1","max-image-preview":"max-image-preview:large","max-video-preview":"max-video-preview:-1"},"canonical":"https:\/\/www.meydan.tv\/az\/article\/aksiya-eden-eliller-kartda-corekpulu-da-saxlamirlar\/","og_locale":"az_AZ","og_type":"article","og_title":"Aksiya ed\u0259n \u0259lill\u0259r: Kartda \u00e7\u00f6r\u0259kpulu da saxlam\u0131rlar - MEYDAN.TV","og_description":"\u0130mi\u015flid\u0259 m\u00fcharib\u0259 \u0259lil v\u0259 veteranlar\u0131 aksiya ke\u00e7irib","og_url":"https:\/\/www.meydan.tv\/az\/article\/aksiya-eden-eliller-kartda-corekpulu-da-saxlamirlar\/","og_site_name":"MEYDAN.TV","article_published_time":"2018-12-01T02:58:41+00:00","og_image":[{"width":720,"height":960,"url":"https:\/\/www.meydan.tv\/wp-content\/uploads\/45199.jpg","type":"image\/jpeg"}],"author":"user-manager","twitter_card":"summary_large_image","schema":{"@context":"https:\/\/schema.org","@graph":[{"@type":"Article","@id":"https:\/\/www.meydan.tv\/az\/article\/aksiya-eden-eliller-kartda-corekpulu-da-saxlamirlar\/#article","isPartOf":{"@id":"https:\/\/www.meydan.tv\/az\/article\/aksiya-eden-eliller-kartda-corekpulu-da-saxlamirlar\/"},"author":{"name":"user-manager","@id":"https:\/\/www.meydan.tv\/az\/#\/schema\/person\/10d11eccf6da3662cf5fdab9806ea91a"},"headline":"Aksiya ed\u0259n \u0259lill\u0259r: Kartda \u00e7\u00f6r\u0259kpulu da saxlam\u0131rlar","datePublished":"2018-12-01T02:58:41+00:00","mainEntityOfPage":{"@id":"https:\/\/www.meydan.tv\/az\/article\/aksiya-eden-eliller-kartda-corekpulu-da-saxlamirlar\/"},"wordCount":553,"publisher":{"@id":"https:\/\/www.meydan.tv\/az\/#organization"},"image":{"@id":"https:\/\/www.meydan.tv\/az\/article\/aksiya-eden-eliller-kartda-corekpulu-da-saxlamirlar\/#primaryimage"},"thumbnailUrl":"https:\/\/www.meydan.tv\/wp-content\/uploads\/45199.jpg","articleSection":["B\u00f6lg\u0259"],"inLanguage":"az"},{"@type":"WebPage","@id":"https:\/\/www.meydan.tv\/az\/article\/aksiya-eden-eliller-kartda-corekpulu-da-saxlamirlar\/","url":"https:\/\/www.meydan.tv\/az\/article\/aksiya-eden-eliller-kartda-corekpulu-da-saxlamirlar\/","name":"Aksiya ed\u0259n \u0259lill\u0259r: Kartda \u00e7\u00f6r\u0259kpulu da saxlam\u0131rlar - MEYDAN.TV","isPartOf":{"@id":"https:\/\/www.meydan.tv\/az\/#website"},"primaryImageOfPage":{"@id":"https:\/\/www.meydan.tv\/az\/article\/aksiya-eden-eliller-kartda-corekpulu-da-saxlamirlar\/#primaryimage"},"image":{"@id":"https:\/\/www.meydan.tv\/az\/article\/aksiya-eden-eliller-kartda-corekpulu-da-saxlamirlar\/#primaryimage"},"thumbnailUrl":"https:\/\/www.meydan.tv\/wp-content\/uploads\/45199.jpg","datePublished":"2018-12-01T02:58:41+00:00","breadcrumb":{"@id":"https:\/\/www.meydan.tv\/az\/article\/aksiya-eden-eliller-kartda-corekpulu-da-saxlamirlar\/#breadcrumb"},"inLanguage":"az","potentialAction":[{"@type":"ReadAction","target":["https:\/\/www.meydan.tv\/az\/article\/aksiya-eden-eliller-kartda-corekpulu-da-saxlamirlar\/"]}]},{"@type":"ImageObject","inLanguage":"az","@id":"https:\/\/www.meydan.tv\/az\/article\/aksiya-eden-eliller-kartda-corekpulu-da-saxlamirlar\/#primaryimage","url":"https:\/\/www.meydan.tv\/wp-content\/uploads\/45199.jpg","contentUrl":"https:\/\/www.meydan.tv\/wp-content\/uploads\/45199.jpg","width":720,"height":960,"caption":"Source:"},{"@type":"BreadcrumbList","@id":"https:\/\/www.meydan.tv\/az\/article\/aksiya-eden-eliller-kartda-corekpulu-da-saxlamirlar\/#breadcrumb","itemListElement":[{"@type":"ListItem","position":1,"name":"Ana s\u0259hif\u0259","item":"https:\/\/www.meydan.tv\/az\/"},{"@type":"ListItem","position":2,"name":"B\u00f6lg\u0259","item":"https:\/\/www.meydan.tv\/az\/section\/bolge\/"},{"@type":"ListItem","position":3,"name":"Aksiya ed\u0259n \u0259lill\u0259r: Kartda \u00e7\u00f6r\u0259kpulu da saxlam\u0131rlar"}]},{"@type":"WebSite","@id":"https:\/\/www.meydan.tv\/az\/#website","url":"https:\/\/www.meydan.tv\/az\/","name":"MEYDAN.TV","description":"Meydan TV Az\u0259rbaycan\u0131n media m\u0259kan\u0131ndak\u0131 alternativ s\u0259sidir","publisher":{"@id":"https:\/\/www.meydan.tv\/az\/#organization"},"potentialAction":[{"@type":"SearchAction","target":{"@type":"EntryPoint","urlTemplate":"https:\/\/www.meydan.tv\/az\/?s={search_term_string}"},"query-input":{"@type":"PropertyValueSpecification","valueRequired":true,"valueName":"search_term_string"}}],"inLanguage":"az"},{"@type":"Organization","@id":"https:\/\/www.meydan.tv\/az\/#organization","name":"Meydan TV","url":"https:\/\/www.meydan.tv\/az\/","logo":{"@type":"ImageObject","inLanguage":"az","@id":"https:\/\/www.meydan.tv\/az\/#\/schema\/logo\/image\/","url":"https:\/\/www.meydan.tv\/wp-content\/uploads\/2021\/07\/meydan-logo.svg","contentUrl":"https:\/\/www.meydan.tv\/wp-content\/uploads\/2021\/07\/meydan-logo.svg","width":195,"height":46,"caption":"Meydan TV"},"image":{"@id":"https:\/\/www.meydan.tv\/az\/#\/schema\/logo\/image\/"}},{"@type":"Person","@id":"https:\/\/www.meydan.tv\/az\/#\/schema\/person\/10d11eccf6da3662cf5fdab9806ea91a","name":"user-manager"}]}},"_links":{"self":[{"href":"https:\/\/www.meydan.tv\/az\/wp-json\/wp\/v2\/posts\/192840","targetHints":{"allow":["GET"]}}],"collection":[{"href":"https:\/\/www.meydan.tv\/az\/wp-json\/wp\/v2\/posts"}],"about":[{"href":"https:\/\/www.meydan.tv\/az\/wp-json\/wp\/v2\/types\/post"}],"author":[{"embeddable":true,"href":"https:\/\/www.meydan.tv\/az\/wp-json\/wp\/v2\/users\/11"}],"replies":[{"embeddable":true,"href":"https:\/\/www.meydan.tv\/az\/wp-json\/wp\/v2\/comments?post=192840"}],"version-history":[{"count":0,"href":"https:\/\/www.meydan.tv\/az\/wp-json\/wp\/v2\/posts\/192840\/revisions"}],"wp:featuredmedia":[{"embeddable":true,"href":"https:\/\/www.meydan.tv\/az\/wp-json\/wp\/v2\/media\/113439"}],"wp:attachment":[{"href":"https:\/\/www.meydan.tv\/az\/wp-json\/wp\/v2\/media?parent=192840"}],"wp:term":[{"taxonomy":"category","embeddable":true,"href":"https:\/\/www.meydan.tv\/az\/wp-json\/wp\/v2\/categories?post=192840"},{"taxonomy":"post_tag","embeddable":true,"href":"https:\/\/www.meydan.tv\/az\/wp-json\/wp\/v2\/tags?post=192840"}],"curies":[{"name":"wp","href":"https:\/\/api.w.org\/{rel}","templated":true}]}}