{"id":192833,"date":"2018-11-30T17:46:49","date_gmt":"2018-11-30T17:46:49","guid":{"rendered":"https:\/\/www.meydan.tv\/article\/aricilar-en-bahali-xidmet-azerbaycandadir\/"},"modified":"2018-11-30T17:46:49","modified_gmt":"2018-11-30T17:46:49","slug":"aricilar-en-bahali-xidmet-azerbaycandadir","status":"publish","type":"post","link":"https:\/\/www.meydan.tv\/az\/article\/aricilar-en-bahali-xidmet-azerbaycandadir\/","title":{"rendered":"Ar\u0131\u00e7\u0131lar: \u018fn bahal\u0131 xidm\u0259t Az\u0259rbaycandad\u0131r"},"content":{"rendered":"<figure class=\"wp-block-image size-large\">\n  <img decoding=\"async\" src=\"https:\/\/www.meydan.tv\/az\/113424\/\" alt=\"\" class=\"wp-image-113424\"\/><figcaption><\/figcaption><\/figure>\n<p>\n  <i><br \/>\n    H\u0259r ar\u0131 ail\u0259sin\u0259 g\u00f6r\u0259 ar\u0131\u00e7\u0131lara 10 manat subsidiya veril\u0259c\u0259k<br \/>\n  <\/i>\n<\/p>\n<p>\n  \u201cBizim \u015fikay\u0259timiz K\u0259nd T\u0259s\u0259rr\u00fcfat\u0131 Nazirliyin\u0259 \u00e7atd\u0131r\u0131l\u0131b. Nazirliyin \u201cqaynar x\u0259tt\u201din\u0259 z\u0259ng vurub naraz\u0131l\u0131\u011f\u0131m\u0131z\u0131 bildirmi\u015fik\u201d.\n<\/p>\n<p>\n  Qaxl\u0131 ar\u0131\u00e7\u0131 Arif M\u0259mm\u0259dov bel\u0259 deyir.\n<\/p>\n<p>\n  Nazirl\u0259r Kabinetinin t\u0259sdiql\u0259diyi \u201cAr\u0131\u00e7\u0131l\u0131qla m\u0259\u015f\u011ful olan fiziki v\u0259 h\u00fcquqi \u015f\u0259xsl\u0259r\u0259 saxlad\u0131qlar\u0131 h\u0259r ar\u0131 ail\u0259sin\u0259 (p\u0259t\u0259y\u0259) g\u00f6r\u0259 subsidiya verilm\u0259si qaydas\u0131\u201dna \u0259sas\u0259n ar\u0131\u00e7\u0131ya h\u0259r ar\u0131 ail\u0259sin\u0259 g\u00f6r\u0259 illik 10 manat subsidiya veril\u0259c\u0259k. Subsidiyan\u0131n \u00f6d\u0259nilm\u0259si \u00fc\u00e7\u00fcn is\u0259 ar\u0131 ail\u0259sinin identikl\u0259\u015fdirilm\u0259si (Heyvanlar\u0131n v\u0259 heyvandarl\u0131q m\u00fc\u0259ssis\u0259l\u0259rinin, heyvan m\u0259n\u015f\u0259li m\u0259hsullar\u0131n emal\u0131, saxlanmas\u0131 v\u0259 sat\u0131\u015f\u0131 obyektl\u0259rinin, h\u0259m\u00e7inin heyvanlar \u00fc\u00e7\u00fcn yem v\u0259 baytarl\u0131q t\u0259yinatl\u0131 bioloji preparatlar istehsal\u00e7\u0131lar\u0131n\u0131n u\u00e7ota al\u0131nmas\u0131 (kodla\u015fd\u0131r\u0131lmas\u0131))<br \/>\n  <br \/>\n  apar\u0131l\u0131r. El\u0259 naraz\u0131l\u0131q da m\u0259hz bundan sonra ba\u015flay\u0131b.\n<\/p>\n<blockquote><p>\n  \u018fn bahal\u0131 xidm\u0259t Az\u0259rbaycandad\u0131r\n<\/p><\/blockquote>\n<p>\n  Arif M\u0259mm\u0259dov deyir ki, identikl\u0259\u015fdirm\u0259 aparark\u0259n d\u00fczbucaql\u0131 formada plastik materialdan haz\u0131rlanan l\u00f6vh\u0259ni \u015furup vasit\u0259sil\u0259 p\u0259t\u0259yin yuxar\u0131 sa\u011f k\u00fcnc\u00fcn\u0259 b\u0259rkidirl\u0259r v\u0259 bu, 1 manat 80 q\u0259piy\u0259 ba\u015fa g\u0259lir: \u201cM\u00fcxt\u0259lif \u00f6lk\u0259l\u0259rin qiym\u0259tl\u0259rini \u00f6yr\u0259nmi\u015fik, T\u00fcrkiy\u0259d\u0259 50, G\u00fcrc\u00fcstanda 30 q\u0259pik xidm\u0259t haqq\u0131d\u0131r. Y\u0259ni \u0259n bahal\u0131 xidm\u0259t Az\u0259rbaycandad\u0131r. Guya ki, barmaq boyda plastik o q\u0259d\u0259r baha imi\u015f. Pulu b\u0259ri ba\u015fdan al\u0131rlar\u201d.\n<\/p>\n<p>\n  Ar\u0131\u00e7\u0131lar qeydiyyat\u0131 aparan \u015firk\u0259tl\u0259 maraqlan\u0131blar, amma he\u00e7 n\u0259 \u00f6yr\u0259n\u0259 bilm\u0259yibl\u0259r. B\u0259lli olub ki, \u015firk\u0259tin se\u00e7imi \u00fc\u00e7\u00fcn tender ke\u00e7irilm\u0259yib, nazirliyin r\u0259smi s\u0259hif\u0259sind\u0259, el\u0259c\u0259 d\u0259 internetd\u0259 identikl\u0259\u015fm\u0259ni aparan \u015firk\u0259t haqda m\u0259lumat yoxdur.\n<\/p>\n<blockquote><p>\n  Y\u0259qin g\u0259l\u0259c\u0259kd\u0259 n\u0259z\u0259r\u0259 al\u0131nacaq\n<\/p><\/blockquote>\n<p>\n  Vaqif Mehdiyev adl\u0131 dig\u0259r ar\u0131\u00e7\u0131 is\u0259 deyir ki, qeydiyyat haqq\u0131n\u0131n a\u015fa\u011f\u0131 sal\u0131nmas\u0131 il\u0259 ba\u011fl\u0131 ist\u0259kl\u0259ri yerin\u0259 yetirilm\u0259s\u0259 d\u0259, t\u0259klif\u0259 ilin sonunda yenid\u0259n bax\u0131laca\u011f\u0131na s\u00f6z verilib:\n<\/p>\n<p>\n  \u201cDeyibl\u0259r ki, bu m\u0259s\u0259l\u0259y\u0259 bax\u0131lsa, subsidiyan\u0131n \u00f6d\u0259nilm\u0259si gecikdiril\u0259 bil\u0259r. \u00c7\u00fcnki \u015firk\u0259tin d\u0259yi\u015fdirilm\u0259si vaxt aparacaq. He\u00e7 olmasa, 8 manat 20 q\u0259pik ala bil\u0259c\u0259yik, buna da \u015f\u00fck\u00fcr.\n<\/p>\n<p>\n  1 manat 80 q\u0259pik veril\u0259c\u0259k subsidiyadan, y\u0259ni 10 manatdan \u00e7\u0131x\u0131lacaq. \u018fvv\u0259l subsidiya da \u00f6d\u0259nilmirdi, indi 8 manat 20 q\u0259piy\u0259 d\u0259 \u015f\u00fck\u00fcr edirik. Y\u0259qin g\u0259l\u0259c\u0259kd\u0259 n\u0259z\u0259r\u0259 alacaqlar\u201d,-dey\u0259 ar\u0131\u00e7\u0131 s\u00f6yl\u0259yir.\n<\/p>\n<p>\n  K\u0259nd T\u0259s\u0259rr\u00fcfat\u0131 Nazirliyind\u0259n is\u0259 bildiribl\u0259r ki, ar\u0131\u00e7\u0131n\u0131n n\u0259 q\u0259d\u0259r ar\u0131 p\u0259t\u0259yi varsa, ham\u0131s\u0131na subsidiya veril\u0259c\u0259k. Q\u0131\u015f oldu\u011fu \u00fc\u00e7\u00fcn p\u0259t\u0259kd\u0259 qanunla t\u0259l\u0259b olunan ramka say\u0131 n\u0259z\u0259r\u0259 al\u0131nmayacaq.\n<\/p>\n<figure class=\"wp-block-image size-large\">\n  <img decoding=\"async\" src=\"https:\/\/www.meydan.tv\/az\/113421\/\" alt=\"\" class=\"wp-image-113421\"\/><figcaption><\/figcaption><\/figure>\n<p>\n  Noyabr\u0131n 29-da K\u0259nd T\u0259s\u0259rr\u00fcfat\u0131 Nazirliyind\u0259 ar\u0131\u00e7\u0131l\u0131qla m\u0259\u015f\u011ful olan fiziki v\u0259 h\u00fcquqi \u015f\u0259xsl\u0259r\u0259 saxlad\u0131qlar\u0131 h\u0259r ar\u0131 ail\u0259sin\u0259 (p\u0259t\u0259y\u0259) g\u00f6r\u0259 subsidiyan\u0131n verilm\u0259si \u00fczr\u0259 Respublika Komissiyas\u0131n\u0131n n\u00f6vb\u0259ti iclas\u0131 ke\u00e7irilib. Komissiya ar\u0131\u00e7\u0131lara h\u0259r ar\u0131 ail\u0259sin\u0259 (p\u0259t\u0259y\u0259) g\u00f6r\u0259 d\u00f6vl\u0259t b\u00fcdc\u0259sinin v\u0259saiti hesab\u0131na 10 manat subsidiyan\u0131n verilm\u0259si il\u0259 ba\u011fl\u0131 6 rayon komissiyas\u0131ndan daxil olmu\u015f s\u0259n\u0259dl\u0259r\u0259 bax\u0131b, 159 ar\u0131\u00e7\u0131ya saxlad\u0131qlar\u0131 4532 ar\u0131 ail\u0259sin\u0259 g\u00f6r\u0259 10 manat olmaqla c\u0259mi 45320 manat m\u0259bl\u0259\u011find\u0259 subsidiyan\u0131n verilm\u0259si bar\u0259d\u0259 q\u0259rarlar q\u0259bul edilib.\n<\/p>\n<p>\n  \u201cYaln\u0131z onu bilirik ki, K\u0259nd T\u0259s\u0259rr\u00fcfat\u0131 Nazirliyind\u0259n as\u0131l\u0131 olmayan probleml\u0259r var. Biz bunun bal yarmarkas\u0131n\u0131n t\u0259\u015fkilind\u0259 \u015fahidi olmu\u015fuq. Buna g\u00f6r\u0259 d\u0259 ar\u0131\u00e7\u0131lar m\u0259hsulunu d\u0259y\u0259r-d\u0259ym\u0259z\u0259 satma\u011fa \u00e7al\u0131\u015f\u0131rlar. Bazar tapmaq \u00e7\u0259tin oldu\u011fundan qiym\u0259tl\u0259ri art\u0131ra bilmirik\u201d, \u2013ar\u0131\u00e7\u0131lardan biri s\u00f6yl\u0259yib.\n<\/p>\n<p>\n  R\u0259smi m\u0259lumata g\u00f6r\u0259, Az\u0259baycanda 238 min\u0259 yax\u0131n ar\u0131 ail\u0259si var. 2020-ci ild\u0259 ar\u0131 ail\u0259l\u0259rinin say\u0131n\u0131n 310 min\u0259 \u00e7atd\u0131r\u0131lmas\u0131 proqnozla\u015fd\u0131r\u0131l\u0131r. C\u0259nubi Qafqazda nektar ver\u0259n bitki \u00f6rt\u00fcy\u00fcn\u00fcn 61 faizinin Az\u0259rbaycan\u0131n pay\u0131na d\u00fc\u015fd\u00fcy\u00fc n\u0259z\u0259r\u0259 al\u0131naraq ar\u0131\u00e7\u0131l\u0131\u011f\u0131n inki\u015faf\u0131n\u0131n m\u00fcmk\u00fcn oldu\u011fu g\u00fcman edilir. Ar\u0131\u00e7\u0131lar is\u0259 deyirl\u0259r ki, h\u0259l\u0259lik v\u0259dl\u0259r verilir, g\u0259l\u0259n ilin aprelin\u0259d\u0259k onlar\u0131 narahat ed\u0259n probleml\u0259r h\u0259ll edilm\u0259lidir. \u201cOnsuz da \u00fcmid etm\u0259kd\u0259n ba\u015fqa \u00e7ar\u0259miz yoxdur\u201d, &#8211; Vaqif Mehdiyev bel\u0259 deyir.<\/p>\n","protected":false},"excerpt":{"rendered":"<p>H\u0259r ar\u0131 ail\u0259sin\u0259 g\u00f6r\u0259 ar\u0131\u00e7\u0131lara 10 manat subsidiya veril\u0259c\u0259k<\/p>\n","protected":false},"author":11,"featured_media":113424,"comment_status":"closed","ping_status":"open","sticky":false,"template":"","format":"standard","meta":{"_acf_changed":false,"_sitemap_exclude":false,"_sitemap_priority":"","_sitemap_frequency":"","footnotes":""},"categories":[60],"tags":[],"class_list":["post-192833","post","type-post","status-publish","format-standard","has-post-thumbnail","hentry","category-bolge","infinite-scroll-item","generate-columns","tablet-grid-50","mobile-grid-100","grid-parent","grid-33","no-featured-image-padding"],"acf":[],"yoast_head":"<!-- This site is optimized with the Yoast SEO plugin v27.4 - https:\/\/yoast.com\/product\/yoast-seo-wordpress\/ -->\n<title>Ar\u0131\u00e7\u0131lar: \u018fn bahal\u0131 xidm\u0259t Az\u0259rbaycandad\u0131r - MEYDAN.TV<\/title>\n<meta name=\"robots\" content=\"index, follow, max-snippet:-1, max-image-preview:large, max-video-preview:-1\" \/>\n<link rel=\"canonical\" href=\"https:\/\/www.meydan.tv\/az\/article\/aricilar-en-bahali-xidmet-azerbaycandadir\/\" \/>\n<meta property=\"og:locale\" content=\"az_AZ\" \/>\n<meta property=\"og:type\" content=\"article\" \/>\n<meta property=\"og:title\" content=\"Ar\u0131\u00e7\u0131lar: \u018fn bahal\u0131 xidm\u0259t Az\u0259rbaycandad\u0131r - MEYDAN.TV\" \/>\n<meta property=\"og:description\" content=\"H\u0259r ar\u0131 ail\u0259sin\u0259 g\u00f6r\u0259 ar\u0131\u00e7\u0131lara 10 manat subsidiya veril\u0259c\u0259k\" \/>\n<meta property=\"og:url\" content=\"https:\/\/www.meydan.tv\/az\/article\/aricilar-en-bahali-xidmet-azerbaycandadir\/\" \/>\n<meta property=\"og:site_name\" content=\"MEYDAN.TV\" \/>\n<meta property=\"article:published_time\" content=\"2018-11-30T17:46:49+00:00\" \/>\n<meta property=\"og:image\" content=\"https:\/\/www.meydan.tv\/wp-content\/uploads\/45190.jpg\" \/>\n\t<meta property=\"og:image:width\" content=\"790\" \/>\n\t<meta property=\"og:image:height\" content=\"475\" \/>\n\t<meta property=\"og:image:type\" content=\"image\/jpeg\" \/>\n<meta name=\"author\" content=\"user-manager\" \/>\n<meta name=\"twitter:card\" content=\"summary_large_image\" \/>\n<script type=\"application\/ld+json\" class=\"yoast-schema-graph\">{\"@context\":\"https:\\\/\\\/schema.org\",\"@graph\":[{\"@type\":\"Article\",\"@id\":\"https:\\\/\\\/www.meydan.tv\\\/az\\\/article\\\/aricilar-en-bahali-xidmet-azerbaycandadir\\\/#article\",\"isPartOf\":{\"@id\":\"https:\\\/\\\/www.meydan.tv\\\/az\\\/article\\\/aricilar-en-bahali-xidmet-azerbaycandadir\\\/\"},\"author\":{\"name\":\"user-manager\",\"@id\":\"https:\\\/\\\/www.meydan.tv\\\/az\\\/#\\\/schema\\\/person\\\/10d11eccf6da3662cf5fdab9806ea91a\"},\"headline\":\"Ar\u0131\u00e7\u0131lar: \u018fn bahal\u0131 xidm\u0259t Az\u0259rbaycandad\u0131r\",\"datePublished\":\"2018-11-30T17:46:49+00:00\",\"mainEntityOfPage\":{\"@id\":\"https:\\\/\\\/www.meydan.tv\\\/az\\\/article\\\/aricilar-en-bahali-xidmet-azerbaycandadir\\\/\"},\"wordCount\":820,\"publisher\":{\"@id\":\"https:\\\/\\\/www.meydan.tv\\\/az\\\/#organization\"},\"image\":{\"@id\":\"https:\\\/\\\/www.meydan.tv\\\/az\\\/article\\\/aricilar-en-bahali-xidmet-azerbaycandadir\\\/#primaryimage\"},\"thumbnailUrl\":\"https:\\\/\\\/www.meydan.tv\\\/wp-content\\\/uploads\\\/45190.jpg\",\"articleSection\":[\"B\u00f6lg\u0259\"],\"inLanguage\":\"az\"},{\"@type\":\"WebPage\",\"@id\":\"https:\\\/\\\/www.meydan.tv\\\/az\\\/article\\\/aricilar-en-bahali-xidmet-azerbaycandadir\\\/\",\"url\":\"https:\\\/\\\/www.meydan.tv\\\/az\\\/article\\\/aricilar-en-bahali-xidmet-azerbaycandadir\\\/\",\"name\":\"Ar\u0131\u00e7\u0131lar: \u018fn bahal\u0131 xidm\u0259t Az\u0259rbaycandad\u0131r - MEYDAN.TV\",\"isPartOf\":{\"@id\":\"https:\\\/\\\/www.meydan.tv\\\/az\\\/#website\"},\"primaryImageOfPage\":{\"@id\":\"https:\\\/\\\/www.meydan.tv\\\/az\\\/article\\\/aricilar-en-bahali-xidmet-azerbaycandadir\\\/#primaryimage\"},\"image\":{\"@id\":\"https:\\\/\\\/www.meydan.tv\\\/az\\\/article\\\/aricilar-en-bahali-xidmet-azerbaycandadir\\\/#primaryimage\"},\"thumbnailUrl\":\"https:\\\/\\\/www.meydan.tv\\\/wp-content\\\/uploads\\\/45190.jpg\",\"datePublished\":\"2018-11-30T17:46:49+00:00\",\"breadcrumb\":{\"@id\":\"https:\\\/\\\/www.meydan.tv\\\/az\\\/article\\\/aricilar-en-bahali-xidmet-azerbaycandadir\\\/#breadcrumb\"},\"inLanguage\":\"az\",\"potentialAction\":[{\"@type\":\"ReadAction\",\"target\":[\"https:\\\/\\\/www.meydan.tv\\\/az\\\/article\\\/aricilar-en-bahali-xidmet-azerbaycandadir\\\/\"]}]},{\"@type\":\"ImageObject\",\"inLanguage\":\"az\",\"@id\":\"https:\\\/\\\/www.meydan.tv\\\/az\\\/article\\\/aricilar-en-bahali-xidmet-azerbaycandadir\\\/#primaryimage\",\"url\":\"https:\\\/\\\/www.meydan.tv\\\/wp-content\\\/uploads\\\/45190.jpg\",\"contentUrl\":\"https:\\\/\\\/www.meydan.tv\\\/wp-content\\\/uploads\\\/45190.jpg\",\"width\":790,\"height\":475,\"caption\":\"Source:\"},{\"@type\":\"BreadcrumbList\",\"@id\":\"https:\\\/\\\/www.meydan.tv\\\/az\\\/article\\\/aricilar-en-bahali-xidmet-azerbaycandadir\\\/#breadcrumb\",\"itemListElement\":[{\"@type\":\"ListItem\",\"position\":1,\"name\":\"Ana s\u0259hif\u0259\",\"item\":\"https:\\\/\\\/www.meydan.tv\\\/az\\\/\"},{\"@type\":\"ListItem\",\"position\":2,\"name\":\"B\u00f6lg\u0259\",\"item\":\"https:\\\/\\\/www.meydan.tv\\\/az\\\/section\\\/bolge\\\/\"},{\"@type\":\"ListItem\",\"position\":3,\"name\":\"Ar\u0131\u00e7\u0131lar: \u018fn bahal\u0131 xidm\u0259t Az\u0259rbaycandad\u0131r\"}]},{\"@type\":\"WebSite\",\"@id\":\"https:\\\/\\\/www.meydan.tv\\\/az\\\/#website\",\"url\":\"https:\\\/\\\/www.meydan.tv\\\/az\\\/\",\"name\":\"MEYDAN.TV\",\"description\":\"Meydan TV Az\u0259rbaycan\u0131n media m\u0259kan\u0131ndak\u0131 alternativ s\u0259sidir\",\"publisher\":{\"@id\":\"https:\\\/\\\/www.meydan.tv\\\/az\\\/#organization\"},\"potentialAction\":[{\"@type\":\"SearchAction\",\"target\":{\"@type\":\"EntryPoint\",\"urlTemplate\":\"https:\\\/\\\/www.meydan.tv\\\/az\\\/?s={search_term_string}\"},\"query-input\":{\"@type\":\"PropertyValueSpecification\",\"valueRequired\":true,\"valueName\":\"search_term_string\"}}],\"inLanguage\":\"az\"},{\"@type\":\"Organization\",\"@id\":\"https:\\\/\\\/www.meydan.tv\\\/az\\\/#organization\",\"name\":\"Meydan TV\",\"url\":\"https:\\\/\\\/www.meydan.tv\\\/az\\\/\",\"logo\":{\"@type\":\"ImageObject\",\"inLanguage\":\"az\",\"@id\":\"https:\\\/\\\/www.meydan.tv\\\/az\\\/#\\\/schema\\\/logo\\\/image\\\/\",\"url\":\"https:\\\/\\\/www.meydan.tv\\\/wp-content\\\/uploads\\\/2021\\\/07\\\/meydan-logo.svg\",\"contentUrl\":\"https:\\\/\\\/www.meydan.tv\\\/wp-content\\\/uploads\\\/2021\\\/07\\\/meydan-logo.svg\",\"width\":195,\"height\":46,\"caption\":\"Meydan TV\"},\"image\":{\"@id\":\"https:\\\/\\\/www.meydan.tv\\\/az\\\/#\\\/schema\\\/logo\\\/image\\\/\"}},{\"@type\":\"Person\",\"@id\":\"https:\\\/\\\/www.meydan.tv\\\/az\\\/#\\\/schema\\\/person\\\/10d11eccf6da3662cf5fdab9806ea91a\",\"name\":\"user-manager\"}]}<\/script>\n<!-- \/ Yoast SEO plugin. -->","yoast_head_json":{"title":"Ar\u0131\u00e7\u0131lar: \u018fn bahal\u0131 xidm\u0259t Az\u0259rbaycandad\u0131r - MEYDAN.TV","robots":{"index":"index","follow":"follow","max-snippet":"max-snippet:-1","max-image-preview":"max-image-preview:large","max-video-preview":"max-video-preview:-1"},"canonical":"https:\/\/www.meydan.tv\/az\/article\/aricilar-en-bahali-xidmet-azerbaycandadir\/","og_locale":"az_AZ","og_type":"article","og_title":"Ar\u0131\u00e7\u0131lar: \u018fn bahal\u0131 xidm\u0259t Az\u0259rbaycandad\u0131r - MEYDAN.TV","og_description":"H\u0259r ar\u0131 ail\u0259sin\u0259 g\u00f6r\u0259 ar\u0131\u00e7\u0131lara 10 manat subsidiya veril\u0259c\u0259k","og_url":"https:\/\/www.meydan.tv\/az\/article\/aricilar-en-bahali-xidmet-azerbaycandadir\/","og_site_name":"MEYDAN.TV","article_published_time":"2018-11-30T17:46:49+00:00","og_image":[{"width":790,"height":475,"url":"https:\/\/www.meydan.tv\/wp-content\/uploads\/45190.jpg","type":"image\/jpeg"}],"author":"user-manager","twitter_card":"summary_large_image","schema":{"@context":"https:\/\/schema.org","@graph":[{"@type":"Article","@id":"https:\/\/www.meydan.tv\/az\/article\/aricilar-en-bahali-xidmet-azerbaycandadir\/#article","isPartOf":{"@id":"https:\/\/www.meydan.tv\/az\/article\/aricilar-en-bahali-xidmet-azerbaycandadir\/"},"author":{"name":"user-manager","@id":"https:\/\/www.meydan.tv\/az\/#\/schema\/person\/10d11eccf6da3662cf5fdab9806ea91a"},"headline":"Ar\u0131\u00e7\u0131lar: \u018fn bahal\u0131 xidm\u0259t Az\u0259rbaycandad\u0131r","datePublished":"2018-11-30T17:46:49+00:00","mainEntityOfPage":{"@id":"https:\/\/www.meydan.tv\/az\/article\/aricilar-en-bahali-xidmet-azerbaycandadir\/"},"wordCount":820,"publisher":{"@id":"https:\/\/www.meydan.tv\/az\/#organization"},"image":{"@id":"https:\/\/www.meydan.tv\/az\/article\/aricilar-en-bahali-xidmet-azerbaycandadir\/#primaryimage"},"thumbnailUrl":"https:\/\/www.meydan.tv\/wp-content\/uploads\/45190.jpg","articleSection":["B\u00f6lg\u0259"],"inLanguage":"az"},{"@type":"WebPage","@id":"https:\/\/www.meydan.tv\/az\/article\/aricilar-en-bahali-xidmet-azerbaycandadir\/","url":"https:\/\/www.meydan.tv\/az\/article\/aricilar-en-bahali-xidmet-azerbaycandadir\/","name":"Ar\u0131\u00e7\u0131lar: \u018fn bahal\u0131 xidm\u0259t Az\u0259rbaycandad\u0131r - MEYDAN.TV","isPartOf":{"@id":"https:\/\/www.meydan.tv\/az\/#website"},"primaryImageOfPage":{"@id":"https:\/\/www.meydan.tv\/az\/article\/aricilar-en-bahali-xidmet-azerbaycandadir\/#primaryimage"},"image":{"@id":"https:\/\/www.meydan.tv\/az\/article\/aricilar-en-bahali-xidmet-azerbaycandadir\/#primaryimage"},"thumbnailUrl":"https:\/\/www.meydan.tv\/wp-content\/uploads\/45190.jpg","datePublished":"2018-11-30T17:46:49+00:00","breadcrumb":{"@id":"https:\/\/www.meydan.tv\/az\/article\/aricilar-en-bahali-xidmet-azerbaycandadir\/#breadcrumb"},"inLanguage":"az","potentialAction":[{"@type":"ReadAction","target":["https:\/\/www.meydan.tv\/az\/article\/aricilar-en-bahali-xidmet-azerbaycandadir\/"]}]},{"@type":"ImageObject","inLanguage":"az","@id":"https:\/\/www.meydan.tv\/az\/article\/aricilar-en-bahali-xidmet-azerbaycandadir\/#primaryimage","url":"https:\/\/www.meydan.tv\/wp-content\/uploads\/45190.jpg","contentUrl":"https:\/\/www.meydan.tv\/wp-content\/uploads\/45190.jpg","width":790,"height":475,"caption":"Source:"},{"@type":"BreadcrumbList","@id":"https:\/\/www.meydan.tv\/az\/article\/aricilar-en-bahali-xidmet-azerbaycandadir\/#breadcrumb","itemListElement":[{"@type":"ListItem","position":1,"name":"Ana s\u0259hif\u0259","item":"https:\/\/www.meydan.tv\/az\/"},{"@type":"ListItem","position":2,"name":"B\u00f6lg\u0259","item":"https:\/\/www.meydan.tv\/az\/section\/bolge\/"},{"@type":"ListItem","position":3,"name":"Ar\u0131\u00e7\u0131lar: \u018fn bahal\u0131 xidm\u0259t Az\u0259rbaycandad\u0131r"}]},{"@type":"WebSite","@id":"https:\/\/www.meydan.tv\/az\/#website","url":"https:\/\/www.meydan.tv\/az\/","name":"MEYDAN.TV","description":"Meydan TV Az\u0259rbaycan\u0131n media m\u0259kan\u0131ndak\u0131 alternativ s\u0259sidir","publisher":{"@id":"https:\/\/www.meydan.tv\/az\/#organization"},"potentialAction":[{"@type":"SearchAction","target":{"@type":"EntryPoint","urlTemplate":"https:\/\/www.meydan.tv\/az\/?s={search_term_string}"},"query-input":{"@type":"PropertyValueSpecification","valueRequired":true,"valueName":"search_term_string"}}],"inLanguage":"az"},{"@type":"Organization","@id":"https:\/\/www.meydan.tv\/az\/#organization","name":"Meydan TV","url":"https:\/\/www.meydan.tv\/az\/","logo":{"@type":"ImageObject","inLanguage":"az","@id":"https:\/\/www.meydan.tv\/az\/#\/schema\/logo\/image\/","url":"https:\/\/www.meydan.tv\/wp-content\/uploads\/2021\/07\/meydan-logo.svg","contentUrl":"https:\/\/www.meydan.tv\/wp-content\/uploads\/2021\/07\/meydan-logo.svg","width":195,"height":46,"caption":"Meydan TV"},"image":{"@id":"https:\/\/www.meydan.tv\/az\/#\/schema\/logo\/image\/"}},{"@type":"Person","@id":"https:\/\/www.meydan.tv\/az\/#\/schema\/person\/10d11eccf6da3662cf5fdab9806ea91a","name":"user-manager"}]}},"_links":{"self":[{"href":"https:\/\/www.meydan.tv\/az\/wp-json\/wp\/v2\/posts\/192833","targetHints":{"allow":["GET"]}}],"collection":[{"href":"https:\/\/www.meydan.tv\/az\/wp-json\/wp\/v2\/posts"}],"about":[{"href":"https:\/\/www.meydan.tv\/az\/wp-json\/wp\/v2\/types\/post"}],"author":[{"embeddable":true,"href":"https:\/\/www.meydan.tv\/az\/wp-json\/wp\/v2\/users\/11"}],"replies":[{"embeddable":true,"href":"https:\/\/www.meydan.tv\/az\/wp-json\/wp\/v2\/comments?post=192833"}],"version-history":[{"count":0,"href":"https:\/\/www.meydan.tv\/az\/wp-json\/wp\/v2\/posts\/192833\/revisions"}],"wp:featuredmedia":[{"embeddable":true,"href":"https:\/\/www.meydan.tv\/az\/wp-json\/wp\/v2\/media\/113424"}],"wp:attachment":[{"href":"https:\/\/www.meydan.tv\/az\/wp-json\/wp\/v2\/media?parent=192833"}],"wp:term":[{"taxonomy":"category","embeddable":true,"href":"https:\/\/www.meydan.tv\/az\/wp-json\/wp\/v2\/categories?post=192833"},{"taxonomy":"post_tag","embeddable":true,"href":"https:\/\/www.meydan.tv\/az\/wp-json\/wp\/v2\/tags?post=192833"}],"curies":[{"name":"wp","href":"https:\/\/api.w.org\/{rel}","templated":true}]}}