{"id":192800,"date":"2018-11-29T13:47:38","date_gmt":"2018-11-29T13:47:38","guid":{"rendered":"https:\/\/www.meydan.tv\/article\/vuqar-bayramov-dovlet-budcesinden-dotasiya-almayan-rayonlarin-sayinin-artmasina-ehtiyac-var\/"},"modified":"2018-11-29T13:47:38","modified_gmt":"2018-11-29T13:47:38","slug":"vuqar-bayramov-dovlet-budcesinden-dotasiya-almayan-rayonlarin-sayinin-artmasina-ehtiyac-var","status":"publish","type":"post","link":"https:\/\/www.meydan.tv\/az\/article\/vuqar-bayramov-dovlet-budcesinden-dotasiya-almayan-rayonlarin-sayinin-artmasina-ehtiyac-var\/","title":{"rendered":"V\u00fcqar Bayramov: D\u00f6vl\u0259t b\u00fcdc\u0259sind\u0259n dotasiya almayan rayonlar\u0131n say\u0131n\u0131n artmas\u0131na ehtiyac var"},"content":{"rendered":"<figure class=\"wp-block-image size-large\">\n  <img decoding=\"async\" src=\"https:\/\/www.meydan.tv\/az\/vuqar-bayramov-6\/\" alt=\"V\u00fcqar Bayramov\" class=\"wp-image-113014\"\/><figcaption>\n    V\u00fcqar Bayramov<br \/>\n  <\/figcaption><\/figure>\n<figure class=\"wp-block-image size-large\">\n  <img decoding=\"async\" src=\"https:\/\/www.meydan.tv\/az\/vuqar-bayramov-6\/\" alt=\"V\u00fcqar Bayramov\" class=\"wp-image-113014\"\/><figcaption>\n    V\u00fcqar Bayramov<br \/>\n  <\/figcaption><\/figure>\n<p>\n  <i><br \/>\n    &#8221;Bu, b\u00fcdc\u0259 g\u0259lirl\u0259rinin daha s\u0259m\u0259r\u0259li b\u00f6l\u00fc\u015fd\u00fcr\u00fclm\u0259si bax\u0131m\u0131ndan m\u0259qs\u0259d\u0259uy\u011fundur&#8221;<br \/>\n  <\/i>\n<\/p>\n<p>\n  2019-cu ild\u0259 x\u0259rcl\u0259rini m\u0259rk\u0259zl\u0259\u015fdirilmi\u015f b\u00fcdc\u0259d\u0259n dotasiya almadan h\u0259yata ke\u00e7ir\u0259n \u015f\u0259h\u0259r v\u0259 rayonlar\u0131n say\u0131n\u0131n 34-\u0259 \u00e7atd\u0131r\u0131lmas\u0131n\u0131 n\u0259z\u0259rd\u0259 tutulur.\n<\/p>\n<p>\n  Vergil\u0259r Nazirliyinin m\u0259lumat\u0131nda bildirilir ki, \u0259razi vergi orqanlar\u0131n\u0131n \u0259hat\u0259 dair\u0259sin\u0259 daxil olan b\u00fct\u00fcn \u015f\u0259h\u0259r v\u0259 rayonlar, o c\u00fcml\u0259d\u0259n \u00f6z x\u0259rcl\u0259rini m\u0259rk\u0259zl\u0259\u015fdirilmi\u015f b\u00fcdc\u0259d\u0259n dotasiya almadan h\u0259yata ke\u00e7ir\u0259n 32 \u015f\u0259h\u0259r v\u0259 rayon \u00fczr\u0259 b\u00fcdc\u0259 proqnozlar\u0131 yerin\u0259 yetirib:\n<\/p>\n<p>\n  \u201cReal sektorda vergi daxilolmalar\u0131n\u0131n h\u0259cmi \u00f6t\u0259n ilin m\u00fcvafiq d\u00f6vr\u00fc il\u0259 m\u00fcqayis\u0259d\u0259 8,1% art\u0131b. Regionlardan daxil olan vergil\u0259rin, dem\u0259k olar ki, b\u00fct\u00fcn t\u0259diyy\u0259l\u0259r \u00fczr\u0259 \u0259h\u0259miyy\u0259tli d\u0259r\u0259c\u0259d\u0259 art\u0131m\u0131 qeyd\u0259 al\u0131n\u0131b. 2017-ci ilin m\u00fcvafiq d\u00f6vr\u00fc il\u0259 m\u00fcqayis\u0259d\u0259 \u0259lav\u0259 d\u0259y\u0259r vergisi \u00fczr\u0259 3,8%, m\u0259nf\u0259\u0259t vergisi 42,5%, g\u0259lir vergisi \u00fczr\u0259 10,1%, aksizl\u0259r \u00fczr\u0259 67,3%, sad\u0259l\u0259\u015fdirilmi\u015f vergi \u00fczr\u0259 is\u0259 22,5% art\u0131m qeyd\u0259 al\u0131n\u0131b\u201d.\n<\/p>\n<p>\n  Nazirlik qeyd edib ki, 2019-cu ild\u0259 x\u0259rcl\u0259rini m\u0259rk\u0259zl\u0259\u015fdirilmi\u015f b\u00fcdc\u0259d\u0259n dotasiya almadan h\u0259yata ke\u00e7ir\u0259n \u015f\u0259h\u0259r v\u0259 rayonlar\u0131n say\u0131n\u0131n 34-\u0259 \u00e7atd\u0131r\u0131lacaq:\n<\/p>\n<p>\n  \u201cBu amil bir daha regionlar\u0131n inki\u015faf\u0131 il\u0259 ba\u011fl\u0131 y\u00fcr\u00fcd\u00fcl\u0259n siyas\u0259tin m\u00fch\u00fcm g\u00f6st\u0259ricisi kimi rayonlar\u0131n iqtisadi potensial\u0131n\u0131n art\u0131r\u0131lmas\u0131, maliyy\u0259 x\u0259rcl\u0259rinin v\u0259 investisiya layih\u0259l\u0259rinin yerli resurslar hesab\u0131na h\u0259yata ke\u00e7irilm\u0259si, b\u00f6lg\u0259l\u0259rd\u0259 f\u0259aliyy\u0259t g\u00f6st\u0259r\u0259n sahibkarlar\u0131n maliyy\u0259 imkanlar\u0131ndan istifad\u0259 olunmas\u0131 v\u0259 vergi \u00f6d\u0259m\u0259 imkanlar\u0131n\u0131n artmas\u0131 il\u0259 ba\u011fl\u0131d\u0131r\u201d.\n<\/p>\n<p>\n  \u0130qtisadc\u0131 V\u00fcqar Bayramov Meydan TV-y\u0259 deyib ki, 2019-cu ild\u0259 d\u00f6vl\u0259t b\u00fcdc\u0259sinin yerli x\u0259rcl\u0259rinin m\u0259bl\u0259\u011fi 840 milyon manatdan \u00e7ox olacaq. Bu, cari ill\u0259 m\u00fcqayis\u0259d\u0259 16,1 faiz art\u0131m dem\u0259kdir. Eyni zamanda, yerli x\u0259rcl\u0259rin 12,4 faizi m\u0259rk\u0259zi b\u00fcdc\u0259d\u0259n dotasiya hesab\u0131na qar\u015f\u0131lanacaq, bu is\u0259 2018-ci ill\u0259 m\u00fcqayis\u0259d\u0259 2,6 faiz art\u0131m dem\u0259kdir:\n<\/p>\n<p>\n  \u201cEl\u0259c\u0259 d\u0259 g\u0259l\u0259n il dotasiyadan azad olunan rayonlar\u0131n say\u0131n\u0131n 34-\u0259 \u00e7atd\u0131r\u0131lmas\u0131 n\u0259z\u0259rd\u0259 tutulur. Baxmayaraq ki, bu \u0259vv\u0259lki ill\u0259rl\u0259 m\u00fcqayis\u0259d\u0259 daha \u00e7oxdur, amma h\u0259l\u0259 d\u0259 d\u00f6vl\u0259t b\u00fcdc\u0259sind\u0259n dotasiya alan rayonlar\u0131n say\u0131 almayanlar\u0131n say\u0131ndan \u00e7oxdur. Ona g\u00f6r\u0259 d\u0259 n\u00f6vb\u0259ti ill\u0259rd\u0259 d\u00f6vl\u0259t b\u00fcdc\u0259sind\u0259n dotasiya almayan rayonlar\u0131n say\u0131n\u0131n artmas\u0131na ehtiyac var\u201d.\n<\/p>\n<p>\n  V\u00fcqar Bayramov beyn\u0259lxalq t\u0259cr\u00fcb\u0259ni xat\u0131rladaraq \u0259lav\u0259 edib ki, xarici \u00f6lk\u0259l\u0259rd\u0259 dissentralizasiya prinsipind\u0259n daha \u00e7ox istifad\u0259 olunur. X\u00fcsus\u0259n d\u0259 yerl\u0259r \u00f6z x\u0259rcl\u0259rini g\u0259lirl\u0259ri hesab\u0131na \u00f6d\u0259yirl\u0259r, konkret olaraq Pol\u015fa t\u0259cr\u00fcb\u0259si daha \u00e7ox t\u0259tbiq edilir v\u0259 \u00f6yr\u0259nilir:\n<\/p>\n<p>\n  \u201cPol\u015fada b\u0259l\u0259diyy\u0259l\u0259r v\u0259 yerli icra hakimiyy\u0259tl\u0259ri ilkin m\u0259rh\u0259l\u0259d\u0259 f\u0259aliyy\u0259t g\u00f6st\u0259rs\u0259 d\u0259, sonradan s\u0259lahiyy\u0259tl\u0259r b\u0259l\u0259diyy\u0259l\u0259r\u0259 verildi. N\u0259tic\u0259d\u0259 b\u0259l\u0259diyy\u0259l\u0259rin maliyy\u0259 potensial\u0131 artd\u0131 v\u0259 g\u0259lirl\u0259rini x\u0259rcl\u0259ri hesab\u0131na \u00f6d\u0259dil\u0259r. Bu bax\u0131mdan ox\u015far praktikan\u0131n Az\u0259rbaycanda t\u0259tbiqi daha m\u0259qs\u0259d\u0259uy\u011fun olard\u0131. N\u0259tic\u0259 etibar\u0131 il\u0259 rayonlar\u0131n d\u00f6vl\u0259t b\u00fcdc\u0259sind\u0259n as\u0131l\u0131l\u0131\u011f\u0131n\u0131n aradan qald\u0131r\u0131lmas\u0131na v\u0259 onlar\u0131n x\u0259rcl\u0259rini g\u0259lirl\u0259ri hesab\u0131na \u00f6d\u0259nm\u0259sin\u0259 ehtiyac var. Bu, regionlar\u0131n dotasiyadan as\u0131l\u0131l\u0131\u011f\u0131n\u0131 aradan qald\u0131racaq, h\u0259m d\u0259 b\u00fcdc\u0259 g\u0259lirl\u0259rinin daha s\u0259m\u0259r\u0259li b\u00f6l\u00fc\u015fd\u00fcr\u00fclm\u0259si bax\u0131m\u0131ndan m\u0259qs\u0259d\u0259uy\u011fundur\u201d.<\/p>\n","protected":false},"excerpt":{"rendered":"<p>&#8221;Bu, b\u00fcdc\u0259 g\u0259lirl\u0259rinin daha s\u0259m\u0259r\u0259li b\u00f6l\u00fc\u015fd\u00fcr\u00fclm\u0259si bax\u0131m\u0131ndan m\u0259qs\u0259d\u0259uy\u011fundur&#8221;<\/p>\n","protected":false},"author":11,"featured_media":113014,"comment_status":"closed","ping_status":"open","sticky":false,"template":"","format":"standard","meta":{"_acf_changed":false,"_sitemap_exclude":false,"_sitemap_priority":"","_sitemap_frequency":"","footnotes":""},"categories":[51],"tags":[],"class_list":["post-192800","post","type-post","status-publish","format-standard","has-post-thumbnail","hentry","category-analitika","infinite-scroll-item","generate-columns","tablet-grid-50","mobile-grid-100","grid-parent","grid-33","no-featured-image-padding"],"acf":[],"yoast_head":"<!-- This site is optimized with the Yoast SEO plugin v27.4 - https:\/\/yoast.com\/product\/yoast-seo-wordpress\/ -->\n<title>V\u00fcqar Bayramov: D\u00f6vl\u0259t b\u00fcdc\u0259sind\u0259n dotasiya almayan rayonlar\u0131n say\u0131n\u0131n artmas\u0131na ehtiyac var - MEYDAN.TV<\/title>\n<meta name=\"robots\" content=\"index, follow, max-snippet:-1, max-image-preview:large, max-video-preview:-1\" \/>\n<link rel=\"canonical\" href=\"https:\/\/www.meydan.tv\/az\/article\/vuqar-bayramov-dovlet-budcesinden-dotasiya-almayan-rayonlarin-sayinin-artmasina-ehtiyac-var\/\" \/>\n<meta property=\"og:locale\" content=\"az_AZ\" \/>\n<meta property=\"og:type\" content=\"article\" \/>\n<meta property=\"og:title\" content=\"V\u00fcqar Bayramov: D\u00f6vl\u0259t b\u00fcdc\u0259sind\u0259n dotasiya almayan rayonlar\u0131n say\u0131n\u0131n artmas\u0131na ehtiyac var - MEYDAN.TV\" \/>\n<meta property=\"og:description\" content=\"&#039;&#039;Bu, b\u00fcdc\u0259 g\u0259lirl\u0259rinin daha s\u0259m\u0259r\u0259li b\u00f6l\u00fc\u015fd\u00fcr\u00fclm\u0259si bax\u0131m\u0131ndan m\u0259qs\u0259d\u0259uy\u011fundur&#039;&#039;\" \/>\n<meta property=\"og:url\" content=\"https:\/\/www.meydan.tv\/az\/article\/vuqar-bayramov-dovlet-budcesinden-dotasiya-almayan-rayonlarin-sayinin-artmasina-ehtiyac-var\/\" \/>\n<meta property=\"og:site_name\" content=\"MEYDAN.TV\" \/>\n<meta property=\"article:published_time\" content=\"2018-11-29T13:47:38+00:00\" \/>\n<meta property=\"og:image\" content=\"https:\/\/www.meydan.tv\/wp-content\/uploads\/45037.jpg\" \/>\n\t<meta property=\"og:image:width\" content=\"620\" \/>\n\t<meta property=\"og:image:height\" content=\"414\" \/>\n\t<meta property=\"og:image:type\" content=\"image\/jpeg\" \/>\n<meta name=\"author\" content=\"user-manager\" \/>\n<meta name=\"twitter:card\" content=\"summary_large_image\" \/>\n<script type=\"application\/ld+json\" class=\"yoast-schema-graph\">{\"@context\":\"https:\\\/\\\/schema.org\",\"@graph\":[{\"@type\":\"Article\",\"@id\":\"https:\\\/\\\/www.meydan.tv\\\/az\\\/article\\\/vuqar-bayramov-dovlet-budcesinden-dotasiya-almayan-rayonlarin-sayinin-artmasina-ehtiyac-var\\\/#article\",\"isPartOf\":{\"@id\":\"https:\\\/\\\/www.meydan.tv\\\/az\\\/article\\\/vuqar-bayramov-dovlet-budcesinden-dotasiya-almayan-rayonlarin-sayinin-artmasina-ehtiyac-var\\\/\"},\"author\":{\"name\":\"user-manager\",\"@id\":\"https:\\\/\\\/www.meydan.tv\\\/az\\\/#\\\/schema\\\/person\\\/10d11eccf6da3662cf5fdab9806ea91a\"},\"headline\":\"V\u00fcqar Bayramov: D\u00f6vl\u0259t b\u00fcdc\u0259sind\u0259n dotasiya almayan rayonlar\u0131n say\u0131n\u0131n artmas\u0131na ehtiyac var\",\"datePublished\":\"2018-11-29T13:47:38+00:00\",\"mainEntityOfPage\":{\"@id\":\"https:\\\/\\\/www.meydan.tv\\\/az\\\/article\\\/vuqar-bayramov-dovlet-budcesinden-dotasiya-almayan-rayonlarin-sayinin-artmasina-ehtiyac-var\\\/\"},\"wordCount\":722,\"publisher\":{\"@id\":\"https:\\\/\\\/www.meydan.tv\\\/az\\\/#organization\"},\"image\":{\"@id\":\"https:\\\/\\\/www.meydan.tv\\\/az\\\/article\\\/vuqar-bayramov-dovlet-budcesinden-dotasiya-almayan-rayonlarin-sayinin-artmasina-ehtiyac-var\\\/#primaryimage\"},\"thumbnailUrl\":\"https:\\\/\\\/www.meydan.tv\\\/wp-content\\\/uploads\\\/45037.jpg\",\"articleSection\":[\"Analitika\"],\"inLanguage\":\"az\"},{\"@type\":\"WebPage\",\"@id\":\"https:\\\/\\\/www.meydan.tv\\\/az\\\/article\\\/vuqar-bayramov-dovlet-budcesinden-dotasiya-almayan-rayonlarin-sayinin-artmasina-ehtiyac-var\\\/\",\"url\":\"https:\\\/\\\/www.meydan.tv\\\/az\\\/article\\\/vuqar-bayramov-dovlet-budcesinden-dotasiya-almayan-rayonlarin-sayinin-artmasina-ehtiyac-var\\\/\",\"name\":\"V\u00fcqar Bayramov: D\u00f6vl\u0259t b\u00fcdc\u0259sind\u0259n dotasiya almayan rayonlar\u0131n say\u0131n\u0131n artmas\u0131na ehtiyac var - MEYDAN.TV\",\"isPartOf\":{\"@id\":\"https:\\\/\\\/www.meydan.tv\\\/az\\\/#website\"},\"primaryImageOfPage\":{\"@id\":\"https:\\\/\\\/www.meydan.tv\\\/az\\\/article\\\/vuqar-bayramov-dovlet-budcesinden-dotasiya-almayan-rayonlarin-sayinin-artmasina-ehtiyac-var\\\/#primaryimage\"},\"image\":{\"@id\":\"https:\\\/\\\/www.meydan.tv\\\/az\\\/article\\\/vuqar-bayramov-dovlet-budcesinden-dotasiya-almayan-rayonlarin-sayinin-artmasina-ehtiyac-var\\\/#primaryimage\"},\"thumbnailUrl\":\"https:\\\/\\\/www.meydan.tv\\\/wp-content\\\/uploads\\\/45037.jpg\",\"datePublished\":\"2018-11-29T13:47:38+00:00\",\"breadcrumb\":{\"@id\":\"https:\\\/\\\/www.meydan.tv\\\/az\\\/article\\\/vuqar-bayramov-dovlet-budcesinden-dotasiya-almayan-rayonlarin-sayinin-artmasina-ehtiyac-var\\\/#breadcrumb\"},\"inLanguage\":\"az\",\"potentialAction\":[{\"@type\":\"ReadAction\",\"target\":[\"https:\\\/\\\/www.meydan.tv\\\/az\\\/article\\\/vuqar-bayramov-dovlet-budcesinden-dotasiya-almayan-rayonlarin-sayinin-artmasina-ehtiyac-var\\\/\"]}]},{\"@type\":\"ImageObject\",\"inLanguage\":\"az\",\"@id\":\"https:\\\/\\\/www.meydan.tv\\\/az\\\/article\\\/vuqar-bayramov-dovlet-budcesinden-dotasiya-almayan-rayonlarin-sayinin-artmasina-ehtiyac-var\\\/#primaryimage\",\"url\":\"https:\\\/\\\/www.meydan.tv\\\/wp-content\\\/uploads\\\/45037.jpg\",\"contentUrl\":\"https:\\\/\\\/www.meydan.tv\\\/wp-content\\\/uploads\\\/45037.jpg\",\"width\":620,\"height\":414,\"caption\":\"Source: meydan TV\"},{\"@type\":\"BreadcrumbList\",\"@id\":\"https:\\\/\\\/www.meydan.tv\\\/az\\\/article\\\/vuqar-bayramov-dovlet-budcesinden-dotasiya-almayan-rayonlarin-sayinin-artmasina-ehtiyac-var\\\/#breadcrumb\",\"itemListElement\":[{\"@type\":\"ListItem\",\"position\":1,\"name\":\"Ana s\u0259hif\u0259\",\"item\":\"https:\\\/\\\/www.meydan.tv\\\/az\\\/\"},{\"@type\":\"ListItem\",\"position\":2,\"name\":\"Analitika\",\"item\":\"https:\\\/\\\/www.meydan.tv\\\/az\\\/section\\\/analitika\\\/\"},{\"@type\":\"ListItem\",\"position\":3,\"name\":\"V\u00fcqar Bayramov: D\u00f6vl\u0259t b\u00fcdc\u0259sind\u0259n dotasiya almayan rayonlar\u0131n say\u0131n\u0131n artmas\u0131na ehtiyac var\"}]},{\"@type\":\"WebSite\",\"@id\":\"https:\\\/\\\/www.meydan.tv\\\/az\\\/#website\",\"url\":\"https:\\\/\\\/www.meydan.tv\\\/az\\\/\",\"name\":\"MEYDAN.TV\",\"description\":\"Meydan TV Az\u0259rbaycan\u0131n media m\u0259kan\u0131ndak\u0131 alternativ s\u0259sidir\",\"publisher\":{\"@id\":\"https:\\\/\\\/www.meydan.tv\\\/az\\\/#organization\"},\"potentialAction\":[{\"@type\":\"SearchAction\",\"target\":{\"@type\":\"EntryPoint\",\"urlTemplate\":\"https:\\\/\\\/www.meydan.tv\\\/az\\\/?s={search_term_string}\"},\"query-input\":{\"@type\":\"PropertyValueSpecification\",\"valueRequired\":true,\"valueName\":\"search_term_string\"}}],\"inLanguage\":\"az\"},{\"@type\":\"Organization\",\"@id\":\"https:\\\/\\\/www.meydan.tv\\\/az\\\/#organization\",\"name\":\"Meydan TV\",\"url\":\"https:\\\/\\\/www.meydan.tv\\\/az\\\/\",\"logo\":{\"@type\":\"ImageObject\",\"inLanguage\":\"az\",\"@id\":\"https:\\\/\\\/www.meydan.tv\\\/az\\\/#\\\/schema\\\/logo\\\/image\\\/\",\"url\":\"https:\\\/\\\/www.meydan.tv\\\/wp-content\\\/uploads\\\/2021\\\/07\\\/meydan-logo.svg\",\"contentUrl\":\"https:\\\/\\\/www.meydan.tv\\\/wp-content\\\/uploads\\\/2021\\\/07\\\/meydan-logo.svg\",\"width\":195,\"height\":46,\"caption\":\"Meydan TV\"},\"image\":{\"@id\":\"https:\\\/\\\/www.meydan.tv\\\/az\\\/#\\\/schema\\\/logo\\\/image\\\/\"}},{\"@type\":\"Person\",\"@id\":\"https:\\\/\\\/www.meydan.tv\\\/az\\\/#\\\/schema\\\/person\\\/10d11eccf6da3662cf5fdab9806ea91a\",\"name\":\"user-manager\"}]}<\/script>\n<!-- \/ Yoast SEO plugin. -->","yoast_head_json":{"title":"V\u00fcqar Bayramov: D\u00f6vl\u0259t b\u00fcdc\u0259sind\u0259n dotasiya almayan rayonlar\u0131n say\u0131n\u0131n artmas\u0131na ehtiyac var - MEYDAN.TV","robots":{"index":"index","follow":"follow","max-snippet":"max-snippet:-1","max-image-preview":"max-image-preview:large","max-video-preview":"max-video-preview:-1"},"canonical":"https:\/\/www.meydan.tv\/az\/article\/vuqar-bayramov-dovlet-budcesinden-dotasiya-almayan-rayonlarin-sayinin-artmasina-ehtiyac-var\/","og_locale":"az_AZ","og_type":"article","og_title":"V\u00fcqar Bayramov: D\u00f6vl\u0259t b\u00fcdc\u0259sind\u0259n dotasiya almayan rayonlar\u0131n say\u0131n\u0131n artmas\u0131na ehtiyac var - MEYDAN.TV","og_description":"''Bu, b\u00fcdc\u0259 g\u0259lirl\u0259rinin daha s\u0259m\u0259r\u0259li b\u00f6l\u00fc\u015fd\u00fcr\u00fclm\u0259si bax\u0131m\u0131ndan m\u0259qs\u0259d\u0259uy\u011fundur''","og_url":"https:\/\/www.meydan.tv\/az\/article\/vuqar-bayramov-dovlet-budcesinden-dotasiya-almayan-rayonlarin-sayinin-artmasina-ehtiyac-var\/","og_site_name":"MEYDAN.TV","article_published_time":"2018-11-29T13:47:38+00:00","og_image":[{"width":620,"height":414,"url":"https:\/\/www.meydan.tv\/wp-content\/uploads\/45037.jpg","type":"image\/jpeg"}],"author":"user-manager","twitter_card":"summary_large_image","schema":{"@context":"https:\/\/schema.org","@graph":[{"@type":"Article","@id":"https:\/\/www.meydan.tv\/az\/article\/vuqar-bayramov-dovlet-budcesinden-dotasiya-almayan-rayonlarin-sayinin-artmasina-ehtiyac-var\/#article","isPartOf":{"@id":"https:\/\/www.meydan.tv\/az\/article\/vuqar-bayramov-dovlet-budcesinden-dotasiya-almayan-rayonlarin-sayinin-artmasina-ehtiyac-var\/"},"author":{"name":"user-manager","@id":"https:\/\/www.meydan.tv\/az\/#\/schema\/person\/10d11eccf6da3662cf5fdab9806ea91a"},"headline":"V\u00fcqar Bayramov: D\u00f6vl\u0259t b\u00fcdc\u0259sind\u0259n dotasiya almayan rayonlar\u0131n say\u0131n\u0131n artmas\u0131na ehtiyac var","datePublished":"2018-11-29T13:47:38+00:00","mainEntityOfPage":{"@id":"https:\/\/www.meydan.tv\/az\/article\/vuqar-bayramov-dovlet-budcesinden-dotasiya-almayan-rayonlarin-sayinin-artmasina-ehtiyac-var\/"},"wordCount":722,"publisher":{"@id":"https:\/\/www.meydan.tv\/az\/#organization"},"image":{"@id":"https:\/\/www.meydan.tv\/az\/article\/vuqar-bayramov-dovlet-budcesinden-dotasiya-almayan-rayonlarin-sayinin-artmasina-ehtiyac-var\/#primaryimage"},"thumbnailUrl":"https:\/\/www.meydan.tv\/wp-content\/uploads\/45037.jpg","articleSection":["Analitika"],"inLanguage":"az"},{"@type":"WebPage","@id":"https:\/\/www.meydan.tv\/az\/article\/vuqar-bayramov-dovlet-budcesinden-dotasiya-almayan-rayonlarin-sayinin-artmasina-ehtiyac-var\/","url":"https:\/\/www.meydan.tv\/az\/article\/vuqar-bayramov-dovlet-budcesinden-dotasiya-almayan-rayonlarin-sayinin-artmasina-ehtiyac-var\/","name":"V\u00fcqar Bayramov: D\u00f6vl\u0259t b\u00fcdc\u0259sind\u0259n dotasiya almayan rayonlar\u0131n say\u0131n\u0131n artmas\u0131na ehtiyac var - MEYDAN.TV","isPartOf":{"@id":"https:\/\/www.meydan.tv\/az\/#website"},"primaryImageOfPage":{"@id":"https:\/\/www.meydan.tv\/az\/article\/vuqar-bayramov-dovlet-budcesinden-dotasiya-almayan-rayonlarin-sayinin-artmasina-ehtiyac-var\/#primaryimage"},"image":{"@id":"https:\/\/www.meydan.tv\/az\/article\/vuqar-bayramov-dovlet-budcesinden-dotasiya-almayan-rayonlarin-sayinin-artmasina-ehtiyac-var\/#primaryimage"},"thumbnailUrl":"https:\/\/www.meydan.tv\/wp-content\/uploads\/45037.jpg","datePublished":"2018-11-29T13:47:38+00:00","breadcrumb":{"@id":"https:\/\/www.meydan.tv\/az\/article\/vuqar-bayramov-dovlet-budcesinden-dotasiya-almayan-rayonlarin-sayinin-artmasina-ehtiyac-var\/#breadcrumb"},"inLanguage":"az","potentialAction":[{"@type":"ReadAction","target":["https:\/\/www.meydan.tv\/az\/article\/vuqar-bayramov-dovlet-budcesinden-dotasiya-almayan-rayonlarin-sayinin-artmasina-ehtiyac-var\/"]}]},{"@type":"ImageObject","inLanguage":"az","@id":"https:\/\/www.meydan.tv\/az\/article\/vuqar-bayramov-dovlet-budcesinden-dotasiya-almayan-rayonlarin-sayinin-artmasina-ehtiyac-var\/#primaryimage","url":"https:\/\/www.meydan.tv\/wp-content\/uploads\/45037.jpg","contentUrl":"https:\/\/www.meydan.tv\/wp-content\/uploads\/45037.jpg","width":620,"height":414,"caption":"Source: meydan TV"},{"@type":"BreadcrumbList","@id":"https:\/\/www.meydan.tv\/az\/article\/vuqar-bayramov-dovlet-budcesinden-dotasiya-almayan-rayonlarin-sayinin-artmasina-ehtiyac-var\/#breadcrumb","itemListElement":[{"@type":"ListItem","position":1,"name":"Ana s\u0259hif\u0259","item":"https:\/\/www.meydan.tv\/az\/"},{"@type":"ListItem","position":2,"name":"Analitika","item":"https:\/\/www.meydan.tv\/az\/section\/analitika\/"},{"@type":"ListItem","position":3,"name":"V\u00fcqar Bayramov: D\u00f6vl\u0259t b\u00fcdc\u0259sind\u0259n dotasiya almayan rayonlar\u0131n say\u0131n\u0131n artmas\u0131na ehtiyac var"}]},{"@type":"WebSite","@id":"https:\/\/www.meydan.tv\/az\/#website","url":"https:\/\/www.meydan.tv\/az\/","name":"MEYDAN.TV","description":"Meydan TV Az\u0259rbaycan\u0131n media m\u0259kan\u0131ndak\u0131 alternativ s\u0259sidir","publisher":{"@id":"https:\/\/www.meydan.tv\/az\/#organization"},"potentialAction":[{"@type":"SearchAction","target":{"@type":"EntryPoint","urlTemplate":"https:\/\/www.meydan.tv\/az\/?s={search_term_string}"},"query-input":{"@type":"PropertyValueSpecification","valueRequired":true,"valueName":"search_term_string"}}],"inLanguage":"az"},{"@type":"Organization","@id":"https:\/\/www.meydan.tv\/az\/#organization","name":"Meydan TV","url":"https:\/\/www.meydan.tv\/az\/","logo":{"@type":"ImageObject","inLanguage":"az","@id":"https:\/\/www.meydan.tv\/az\/#\/schema\/logo\/image\/","url":"https:\/\/www.meydan.tv\/wp-content\/uploads\/2021\/07\/meydan-logo.svg","contentUrl":"https:\/\/www.meydan.tv\/wp-content\/uploads\/2021\/07\/meydan-logo.svg","width":195,"height":46,"caption":"Meydan TV"},"image":{"@id":"https:\/\/www.meydan.tv\/az\/#\/schema\/logo\/image\/"}},{"@type":"Person","@id":"https:\/\/www.meydan.tv\/az\/#\/schema\/person\/10d11eccf6da3662cf5fdab9806ea91a","name":"user-manager"}]}},"_links":{"self":[{"href":"https:\/\/www.meydan.tv\/az\/wp-json\/wp\/v2\/posts\/192800","targetHints":{"allow":["GET"]}}],"collection":[{"href":"https:\/\/www.meydan.tv\/az\/wp-json\/wp\/v2\/posts"}],"about":[{"href":"https:\/\/www.meydan.tv\/az\/wp-json\/wp\/v2\/types\/post"}],"author":[{"embeddable":true,"href":"https:\/\/www.meydan.tv\/az\/wp-json\/wp\/v2\/users\/11"}],"replies":[{"embeddable":true,"href":"https:\/\/www.meydan.tv\/az\/wp-json\/wp\/v2\/comments?post=192800"}],"version-history":[{"count":0,"href":"https:\/\/www.meydan.tv\/az\/wp-json\/wp\/v2\/posts\/192800\/revisions"}],"wp:featuredmedia":[{"embeddable":true,"href":"https:\/\/www.meydan.tv\/az\/wp-json\/wp\/v2\/media\/113014"}],"wp:attachment":[{"href":"https:\/\/www.meydan.tv\/az\/wp-json\/wp\/v2\/media?parent=192800"}],"wp:term":[{"taxonomy":"category","embeddable":true,"href":"https:\/\/www.meydan.tv\/az\/wp-json\/wp\/v2\/categories?post=192800"},{"taxonomy":"post_tag","embeddable":true,"href":"https:\/\/www.meydan.tv\/az\/wp-json\/wp\/v2\/tags?post=192800"}],"curies":[{"name":"wp","href":"https:\/\/api.w.org\/{rel}","templated":true}]}}