{"id":192788,"date":"2018-11-28T14:50:01","date_gmt":"2018-11-28T14:50:01","guid":{"rendered":"https:\/\/www.meydan.tv\/article\/bolgelerden-toplanan-vergilerin-artdigi-deyilir\/"},"modified":"2018-11-28T14:50:01","modified_gmt":"2018-11-28T14:50:01","slug":"bolgelerden-toplanan-vergilerin-artdigi-deyilir","status":"publish","type":"post","link":"https:\/\/www.meydan.tv\/az\/article\/bolgelerden-toplanan-vergilerin-artdigi-deyilir\/","title":{"rendered":"B\u00f6lg\u0259l\u0259rd\u0259n toplanan vergil\u0259rin artd\u0131\u011f\u0131 deyilir"},"content":{"rendered":"<figure class=\"wp-block-image size-large\">\n  <img decoding=\"async\" src=\"https:\/\/www.meydan.tv\/az\/vergiler-nazirliyi\/\" alt=\"Vergil\u0259r Nazirliyi\" class=\"wp-image-97783\"\/><figcaption>\n    Vergil\u0259r Nazirliyi<br \/>\n  <\/figcaption><\/figure>\n<p>\n  <i><br \/>\n    &#8221;\u018fg\u0259r, do\u011frudan da, inki\u015faf deyil\u0259n q\u0259d\u0259rdis\u0259, onu market v\u0259 bazarlarda g\u00f6r\u0259rdik&#8221;<br \/>\n  <\/i>\n<\/p>\n<p>\n  Vergil\u0259r Nazirliyi cari ilin 10 ay\u0131 \u0259rzind\u0259 \u0259razi vergi orqanlar\u0131 t\u0259r\u0259find\u0259n d\u00f6vl\u0259t b\u00fcdc\u0259sin\u0259 576,7 milyon manat v\u0259saitin daxil oldu\u011funu v\u0259 bununla proqnoz tap\u015f\u0131r\u0131\u011f\u0131na 111,6 faiz \u0259m\u0259l edildiyini a\u00e7\u0131qlay\u0131b.\n<\/p>\n<p>\n  \u201cReport\u201d-un nazirliy\u0259 istinad\u0259n yayd\u0131\u011f\u0131 m\u0259lumatda qeyd olunur ki, regionlar \u00fczr\u0259 d\u00f6vl\u0259t b\u00fcdc\u0259sin\u0259 daxil olan vergil\u0259rin 74,7 faizd\u0259n \u00e7oxu qeyri-d\u00f6vl\u0259t sektoruna aiddir:\n<\/p>\n<p>\n  \u201c2017-ci ilin m\u00fcvafiq d\u00f6vr\u00fc il\u0259 m\u00fcqayis\u0259d\u0259 s\u0259naye \u00fczr\u0259 daxilolmalarda 8,2%, ticar\u0259t \u00fczr\u0259 19,6%, xidm\u0259t sah\u0259si \u00fczr\u0259 18,6%, k\u0259nd t\u0259s\u0259rr\u00fcfat\u0131 \u00fczr\u0259 57,6% art\u0131m qeyd\u0259 al\u0131n\u0131b. Ki\u00e7ik v\u0259 orta sahibkarl\u0131q subyektl\u0259rind\u0259 yoxlamalar\u0131n say\u0131n\u0131n minimuma endirilm\u0259si, onlar\u0131n f\u0259aliyy\u0259tinin stimulla\u015fd\u0131r\u0131lmas\u0131 m\u0259qs\u0259dil\u0259 regionlarda qeydiyyatda olan vergi \u00f6d\u0259yicil\u0259rind\u0259 apar\u0131lan s\u0259yyar vergi yoxlamalar\u0131n\u0131n say\u0131 \u00f6t\u0259n 10 ayda 2017-ci ilin m\u00fcvafiq d\u00f6vr\u00fc il\u0259 m\u00fcqayis\u0259d\u0259 57% azal\u0131b\u201d.<br \/>\n  <br \/>\n  Bildirilib ki, \u0259razi vergi orqanlar\u0131n\u0131n \u0259hat\u0259 dair\u0259sin\u0259 daxil olan b\u00fct\u00fcn \u015f\u0259h\u0259r v\u0259 rayonlar, o c\u00fcml\u0259d\u0259n \u00f6z x\u0259rcl\u0259rini m\u0259rk\u0259zl\u0259\u015fdirilmi\u015f b\u00fcdc\u0259d\u0259n dotasiya almadan h\u0259yata ke\u00e7ir\u0259n 32 \u015f\u0259h\u0259r v\u0259 rayon \u00fczr\u0259 b\u00fcdc\u0259 proqnozlar\u0131 yerin\u0259 yetirilib. Real sektorda vergi daxilolmalar\u0131n\u0131n h\u0259cmi \u00f6t\u0259n ilin m\u00fcvafiq d\u00f6vr\u00fc il\u0259 m\u00fcqayis\u0259d\u0259 8,1 faiz art\u0131b. Regionlardan daxil olan vergil\u0259rin, dem\u0259k olar ki, b\u00fct\u00fcn t\u0259diyy\u0259l\u0259r \u00fczr\u0259 \u0259h\u0259miyy\u0259tli d\u0259r\u0259c\u0259d\u0259 art\u0131m\u0131 qeyd\u0259 al\u0131n\u0131b. 2017-ci ilin m\u00fcvafiq d\u00f6vr\u00fc il\u0259 m\u00fcqayis\u0259d\u0259 \u0259lav\u0259 d\u0259y\u0259r vergisi \u00fczr\u0259 3,8 faiz, m\u0259nf\u0259\u0259t vergisi 42,5 faiz, g\u0259lir vergisi \u00fczr\u0259 10,1 faiz, aksizl\u0259r \u00fczr\u0259 67,3 faiz, sad\u0259l\u0259\u015fdirilmi\u015f vergi \u00fczr\u0259 is\u0259 22,5 faiz art\u0131m qeyd\u0259 al\u0131n\u0131b.\n<\/p>\n<p>\n  \u201c2019-cu ild\u0259 x\u0259rcl\u0259rini m\u0259rk\u0259zl\u0259\u015fdirilmi\u015f b\u00fcdc\u0259d\u0259n dotasiya almadan h\u0259yata ke\u00e7ir\u0259n \u015f\u0259h\u0259r v\u0259 rayonlar\u0131n say\u0131n\u0131n 34-\u0259 \u00e7atd\u0131r\u0131lmas\u0131 n\u0259z\u0259rd\u0259 tutulub. Bu amil bir daha regionlar\u0131n inki\u015faf\u0131 il\u0259 ba\u011fl\u0131 y\u00fcr\u00fcd\u00fcl\u0259n siyas\u0259tin m\u00fch\u00fcm g\u00f6st\u0259ricisi kimi rayonlar\u0131n iqtisadi potensial\u0131n\u0131n art\u0131r\u0131lmas\u0131, maliyy\u0259 x\u0259rcl\u0259rinin v\u0259 investisiya layih\u0259l\u0259rinin yerli resurslar hesab\u0131na h\u0259yata ke\u00e7irilm\u0259si, b\u00f6lg\u0259l\u0259rd\u0259 f\u0259aliyy\u0259t g\u00f6st\u0259r\u0259n sahibkarlar\u0131n maliyy\u0259 imkanlar\u0131ndan istifad\u0259 olunmas\u0131 v\u0259 vergi \u00f6d\u0259m\u0259 imkanlar\u0131n\u0131n artmas\u0131 il\u0259 ba\u011fl\u0131d\u0131r\u201d, &#8211; dey\u0259 m\u0259lumatda vur\u011fulan\u0131b.\n<\/p>\n<p>\n  Vergil\u0259r Nazirliyinin a\u00e7\u0131qlamas\u0131n\u0131 Meydan TV-y\u0259 \u015f\u0259rh ed\u0259n iqtisad\u00e7\u0131 R\u00f6v\u015f\u0259n A\u011fayev t\u0259klif edir ki, nazirlik yax\u015f\u0131 olard\u0131, art\u0131m\u0131n hans\u0131 vergil\u0259r hesab\u0131na oldu\u011funu da a\u00e7\u0131qlas\u0131n:\n<\/p>\n<p>\n  \u201cBu, \u00e7ox vacibdir. D\u00f6vriyy\u0259 v\u0259 g\u0259lir vergil\u0259ri var. D\u00f6vriyy\u0259 vergil\u0259ri art\u0131rsa, o zaman s\u00f6hb\u0259t \u018fDV, aksizl\u0259rd\u0259n gedir, mallar\u0131n qiym\u0259ti artanda \u0259halinin b\u00fcdc\u0259sind\u0259n \u00e7\u0131x\u0131r. Manat\u0131n 2018-ci ild\u0259ki al\u0131c\u0131l\u0131q qabiliyy\u0259ti 2005-ci il\u0259 nisb\u0259t\u0259n 3 d\u0259f\u0259 a\u015fa\u011f\u0131d\u0131r. Bizim \u00fc\u00e7\u00fcn vacib olan regionlarda beznesin g\u0259lirl\u0259rinin artmas\u0131d\u0131r. G\u0259lir vergisi, insanlar\u0131n i\u015fl\u0259diyi \u0259m\u0259khaqq\u0131s\u0131ndan vergidir, m\u0259nf\u0259\u0259t vergisidir. Nazirlik d\u00f6vriyy\u0259 v\u0259 g\u0259lir vergil\u0259rini m\u00fcqayis\u0259 edib n\u0259tic\u0259ni ortaya qoysun\u201d.\n<\/p>\n<figure class=\"wp-block-image size-large\">\n  <img decoding=\"async\" src=\"https:\/\/www.meydan.tv\/az\/rovsen-agayev-8\/\" alt=\"R\u00f6v\u015f\u0259n A\u011fayev\" class=\"wp-image-109621\"\/><figcaption>\n    R\u00f6v\u015f\u0259n A\u011fayev<br \/>\n  <\/figcaption><\/figure>\n<p>\n  R\u00f6v\u015f\u0259n A\u011fayev deyir ki, bel\u0259 olan halda regionlardan daxilolmalar art\u0131rsa, bu, daha \u00e7ox nominal d\u00f6vriyy\u0259nin geni\u015fl\u0259nm\u0259si hesab\u0131nad\u0131r. \u018fsas b\u00fcdc\u0259d\u0259 faizin nec\u0259 d\u0259yi\u015fdiyidir. Regionlarda inki\u015faf proqramlar\u0131n\u0131n icras\u0131na basland\u0131\u011f\u0131 13 il \u0259vv\u0259l b\u00f6lg\u0259l\u0259rin b\u00fcdc\u0259d\u0259 pay\u0131 4 faiz \u0259traf\u0131nda idis\u0259, indi \u0259n yax\u015f\u0131 halda 3 faizdir.\u00a0 Ona g\u00f6r\u0259 \u201ch\u0259r 100 manat b\u00fcdc\u0259nin formala\u015fmas\u0131nda regionlar\u0131n pay\u0131 n\u0259 q\u0259d\u0259rdir\u201d sual\u0131na cavab verils\u0259, daha yax\u015f\u0131 olar\u201d.\n<\/p>\n<p>\n  \u0130qtisad\u00e7\u0131-alim Nazim B\u0259yd\u0259mirli Mikay\u0131l Cabbarovun t\u0259yinat\u0131ndan sonra m\u00fcxt\u0259lif maarifl\u0259ndirici t\u0259dbirl\u0259rin artd\u0131\u011f\u0131n\u0131 bildirib:\n<\/p>\n<p>\n  \u201cT\u0259bii ki, \u015f\u0259ffafland\u0131rma regionlarda art\u0131ma t\u0259sirini g\u00f6st\u0259rir v\u0259 bu haqda deyil\u0259nl\u0259r inand\u0131r\u0131c\u0131d\u0131r. \u018fvv\u0259lki ill\u0259rd\u0259 bu v\u0259 ya dig\u0259r formada t\u0259kc\u0259 Bak\u0131da deyil, h\u0259m d\u0259 b\u00f6lg\u0259l\u0259rd\u0259 sahibkar\u0131n real g\u0259lir v\u0259 x\u0259rcl\u0259rini n\u0259z\u0259r\u0259 almadan, d\u00f6vriyy\u0259l\u0259rin\u0259 bax\u0131b \u201c\u00f6d\u0259m\u0259li olduqlar\u0131\u201d m\u00fcxt\u0259lif r\u0259q\u0259ml\u0259r s\u00f6yl\u0259yirdil\u0259r. B\u0259z\u0259n bu d\u00f6vriyy\u0259 Vergi M\u0259c\u0259ll\u0259si il\u0259 qoyulmu\u015f 2,4 faiz sad\u0259l\u0259\u015fmi\u015f vergi d\u0259r\u0259c\u0259sini bel\u0259 \u00fcst\u0259l\u0259yirdi v\u0259 qeyri-qanuni t\u0259l\u0259bl\u0259r qoyulurdu. G\u00f6r\u00fcn\u0259n odur ki, \u0259vv\u0259lki ill\u0259rd\u0259 kiml\u0259rins\u0259 \u015f\u0259xsi maraqlar\u0131na xidm\u0259t ed\u0259n \u201cqanunsuz t\u0259l\u0259bl\u0259r\u0259\u201d son qoyulub. Bu m\u0259nada \u015f\u0259ffafl\u0131\u011f\u0131n artmas\u0131 n\u0259tic\u0259sind\u0259 kifay\u0259t q\u0259d\u0259r d\u0259yi\u015fiklik var\u201d.\n<\/p>\n<figure class=\"wp-block-image size-large\">\n  <img decoding=\"async\" src=\"https:\/\/www.meydan.tv\/az\/nazim-beydemirli-3\/\" alt=\"Nazim B\u0259yd\u0259mirli\" class=\"wp-image-102945\"\/><figcaption>\n    Nazim B\u0259yd\u0259mirli<br \/>\n  <\/figcaption><\/figure>\n<p>\n  Ancaq Nazim B\u0259yd\u0259mirli qeyri-neft sektoru v\u0259 regionlar\u0131n \u00f6z\u00fcn\u00fc maliyy\u0259l\u0259\u015fdirilm\u0259si bar\u0259d\u0259 fikirl\u0259ri kifay\u0259t q\u0259d\u0259r nikbin saym\u0131r:\n<\/p>\n<p>\n  \u201c2019-cu ilin d\u00f6vl\u0259t b\u00fcdc\u0259sind\u0259 m\u00fcxt\u0259lif regionlarda g\u0259lirl\u0259rin x\u0259rcl\u0259ri \u00fcst\u0259l\u0259m\u0259si, \u201conlara dotasiya verilmir\u201d fikrinin qabard\u0131lmas\u0131 \u0259vv\u0259ll\u0259r Bak\u0131da vergi qeydiyyat\u0131nda olmu\u015f bir s\u0131ra vergi \u00f6d\u0259yicil\u0259rinin v\u0259 ya onlar\u0131n struktur b\u00f6lm\u0259l\u0259rinin regionlarda t\u0259krar vergi \u00f6d\u0259yicisi kimi qeydiyyata d\u00fc\u015fm\u0259sind\u0259n qaynaqlan\u0131r. Bel\u0259 bir s\u00fcni qeydiyyat prosesi bir ne\u00e7\u0259 ill\u0259r \u00f6nc\u0259 ba\u015flad\u0131lm\u0131\u015fd\u0131 v\u0259 m\u0259nim fikrimc\u0259, iqtisadi anlay\u0131\u015fa zidd bir proses idi. M\u0259nc\u0259, m\u00fcsb\u0259t siqnallar\u0131n g\u00f6r\u00fclm\u0259si \u00fc\u00e7\u00fcn kifay\u0259t q\u0259d\u0259r i\u015f g\u00f6r\u00fclm\u0259lidir. Birinci, m\u0259mur sahibkarl\u0131\u011f\u0131 l\u0259\u011fv olunmal\u0131, inhisar\u00e7\u0131l\u0131q aradan qald\u0131r\u0131lmal\u0131, h\u0259r bir vergi \u00f6d\u0259yicisinin h\u00fcquq v\u0259 v\u0259zifl\u0259rinin b\u0259rab\u0259r olmas\u0131 t\u0259min edilm\u0259lidir. Bu islahatlar ke\u00e7irilm\u0259s\u0259, statistikan\u0131n neft v\u0259 qaz \u0259h\u0259miyy\u0259tini \u201cazaldaraq\u201d, qeyri-neft sektorunun inki\u015faf\u0131n\u0131 g\u00f6st\u0259rm\u0259yi do\u011fru saym\u0131ram. Bunu s\u00fcbut etm\u0259k \u00fc\u00e7\u00fcn uza\u011fa getm\u0259k laz\u0131m deyil, h\u0259r bir \u015f\u0259xs yax\u0131nl\u0131\u011f\u0131ndak\u0131 market\u0259 ba\u015f \u00e7\u0259kib hans\u0131 mallar\u0131n Az\u0259rbaycanda istehsal olundu\u011funu, hans\u0131lar\u0131n\u0131n xaricd\u0259n g\u0259tirildiyini g\u00f6r\u0259 bil\u0259r. \u018fg\u0259r, do\u011frudan da, inki\u015faf deyil\u0259n q\u0259d\u0259rdis\u0259, onu market v\u0259 bazarlarda g\u00f6r\u0259rdik. Q\u0259r\u0259z, iqtisadiyyat\u0131n idxaldan as\u0131l\u0131l\u0131\u011f\u0131n\u0131 aradan qald\u0131rmaq \u00fc\u00e7\u00fcn, istisadi f\u0259aliyy\u0259ti daha da stimulla\u015fd\u0131rmaq \u00fc\u00e7\u00fcn birinci n\u00f6vb\u0259d\u0259 b\u00f6lg\u0259l\u0259rd\u0259n \u015f\u0259h\u0259r\u0259 k\u00f6\u00e7m\u00fc\u015f, iqtisadi miqrasiyaya m\u0259ruz qalm\u0131\u015f y\u00fczminl\u0259rl\u0259 v\u0259t\u0259nda\u015f\u0131n geriy\u0259 qay\u0131tmas\u0131na \u00e7al\u0131\u015f\u0131lmal\u0131d\u0131r, \u00f6z\u00fc d\u0259 inzibati yollarla deyil, stimulla\u015fd\u0131r\u0131c\u0131 add\u0131mlarla. Bu, sad\u0259c\u0259, vergi d\u0259yi\u015fikliyi il\u0259 h\u0259yata ke\u00e7m\u0259y\u0259c\u0259k v\u0259 b\u00fct\u00f6vl\u00fckd\u0259 i\u015fl\u0259y\u0259 bil\u0259c\u0259k, regionlar\u0131n kompleks sosial-iqtisadi probleml\u0259rini h\u0259ll ed\u0259 bil\u0259c\u0259k bir D\u00f6vl\u0259t Proqram\u0131n\u0131n q\u0259bulu s\u00fcr\u0259tl\u0259nm\u0259lidir. T\u0259bii ki, Vergil\u0259r Nazirliyinin iqtisadiyyat\u0131 \u015f\u0259ffafland\u0131rmaqla, \u201ck\u00f6lg\u0259 iqtisadiyyat\u0131n\u0131\u201d azaltmaqla ba\u011fl\u0131 t\u0259\u015f\u0259bb\u00fcsl\u0259rin\u0259 d\u0259st\u0259k verilm\u0259lidir. Amma b\u00fct\u00fcn bunlara q\u0259d\u0259r h\u00f6kum\u0259t d\u00f6vl\u0259t v\u0259 idar\u0259etm\u0259 x\u0259rcl\u0259rini azaltma\u011f\u0131, inhisar\u00e7\u0131l\u0131\u011f\u0131 v\u0259 m\u0259mur sahibkarl\u0131\u011f\u0131n\u0131 l\u0259\u011fv etm\u0259yi d\u0259 yaddan \u00e7\u0131xarmamal\u0131d\u0131r\u201d.<\/p>\n","protected":false},"excerpt":{"rendered":"<p>&#8221;\u018fg\u0259r, do\u011frudan da, inki\u015faf deyil\u0259n q\u0259d\u0259rdis\u0259, onu market v\u0259 bazarlarda g\u00f6r\u0259rdik&#8221;<\/p>\n","protected":false},"author":11,"featured_media":97783,"comment_status":"closed","ping_status":"open","sticky":false,"template":"","format":"standard","meta":{"_acf_changed":false,"_sitemap_exclude":false,"_sitemap_priority":"","_sitemap_frequency":"","footnotes":""},"categories":[51],"tags":[],"class_list":["post-192788","post","type-post","status-publish","format-standard","has-post-thumbnail","hentry","category-analitika","infinite-scroll-item","generate-columns","tablet-grid-50","mobile-grid-100","grid-parent","grid-33","no-featured-image-padding"],"acf":[],"yoast_head":"<!-- This site is optimized with the Yoast SEO plugin v27.4 - https:\/\/yoast.com\/product\/yoast-seo-wordpress\/ -->\n<title>B\u00f6lg\u0259l\u0259rd\u0259n toplanan vergil\u0259rin artd\u0131\u011f\u0131 deyilir - MEYDAN.TV<\/title>\n<meta name=\"robots\" content=\"index, follow, max-snippet:-1, max-image-preview:large, max-video-preview:-1\" \/>\n<link rel=\"canonical\" href=\"https:\/\/www.meydan.tv\/az\/article\/bolgelerden-toplanan-vergilerin-artdigi-deyilir\/\" \/>\n<meta property=\"og:locale\" content=\"az_AZ\" \/>\n<meta property=\"og:type\" content=\"article\" \/>\n<meta property=\"og:title\" content=\"B\u00f6lg\u0259l\u0259rd\u0259n toplanan vergil\u0259rin artd\u0131\u011f\u0131 deyilir - MEYDAN.TV\" \/>\n<meta property=\"og:description\" content=\"&#039;&#039;\u018fg\u0259r, do\u011frudan da, inki\u015faf deyil\u0259n q\u0259d\u0259rdis\u0259, onu market v\u0259 bazarlarda g\u00f6r\u0259rdik&#039;&#039;\" \/>\n<meta property=\"og:url\" content=\"https:\/\/www.meydan.tv\/az\/article\/bolgelerden-toplanan-vergilerin-artdigi-deyilir\/\" \/>\n<meta property=\"og:site_name\" content=\"MEYDAN.TV\" \/>\n<meta property=\"article:published_time\" content=\"2018-11-28T14:50:01+00:00\" \/>\n<meta property=\"og:image\" content=\"https:\/\/www.meydan.tv\/wp-content\/uploads\/38649.jpg\" \/>\n\t<meta property=\"og:image:width\" content=\"1000\" \/>\n\t<meta property=\"og:image:height\" content=\"541\" \/>\n\t<meta property=\"og:image:type\" content=\"image\/jpeg\" \/>\n<meta name=\"author\" content=\"user-manager\" \/>\n<meta name=\"twitter:card\" content=\"summary_large_image\" \/>\n<script type=\"application\/ld+json\" class=\"yoast-schema-graph\">{\"@context\":\"https:\\\/\\\/schema.org\",\"@graph\":[{\"@type\":\"Article\",\"@id\":\"https:\\\/\\\/www.meydan.tv\\\/az\\\/article\\\/bolgelerden-toplanan-vergilerin-artdigi-deyilir\\\/#article\",\"isPartOf\":{\"@id\":\"https:\\\/\\\/www.meydan.tv\\\/az\\\/article\\\/bolgelerden-toplanan-vergilerin-artdigi-deyilir\\\/\"},\"author\":{\"name\":\"user-manager\",\"@id\":\"https:\\\/\\\/www.meydan.tv\\\/az\\\/#\\\/schema\\\/person\\\/10d11eccf6da3662cf5fdab9806ea91a\"},\"headline\":\"B\u00f6lg\u0259l\u0259rd\u0259n toplanan vergil\u0259rin artd\u0131\u011f\u0131 deyilir\",\"datePublished\":\"2018-11-28T14:50:01+00:00\",\"mainEntityOfPage\":{\"@id\":\"https:\\\/\\\/www.meydan.tv\\\/az\\\/article\\\/bolgelerden-toplanan-vergilerin-artdigi-deyilir\\\/\"},\"wordCount\":1346,\"publisher\":{\"@id\":\"https:\\\/\\\/www.meydan.tv\\\/az\\\/#organization\"},\"image\":{\"@id\":\"https:\\\/\\\/www.meydan.tv\\\/az\\\/article\\\/bolgelerden-toplanan-vergilerin-artdigi-deyilir\\\/#primaryimage\"},\"thumbnailUrl\":\"https:\\\/\\\/www.meydan.tv\\\/wp-content\\\/uploads\\\/38649.jpg\",\"articleSection\":[\"Analitika\"],\"inLanguage\":\"az\"},{\"@type\":\"WebPage\",\"@id\":\"https:\\\/\\\/www.meydan.tv\\\/az\\\/article\\\/bolgelerden-toplanan-vergilerin-artdigi-deyilir\\\/\",\"url\":\"https:\\\/\\\/www.meydan.tv\\\/az\\\/article\\\/bolgelerden-toplanan-vergilerin-artdigi-deyilir\\\/\",\"name\":\"B\u00f6lg\u0259l\u0259rd\u0259n toplanan vergil\u0259rin artd\u0131\u011f\u0131 deyilir - MEYDAN.TV\",\"isPartOf\":{\"@id\":\"https:\\\/\\\/www.meydan.tv\\\/az\\\/#website\"},\"primaryImageOfPage\":{\"@id\":\"https:\\\/\\\/www.meydan.tv\\\/az\\\/article\\\/bolgelerden-toplanan-vergilerin-artdigi-deyilir\\\/#primaryimage\"},\"image\":{\"@id\":\"https:\\\/\\\/www.meydan.tv\\\/az\\\/article\\\/bolgelerden-toplanan-vergilerin-artdigi-deyilir\\\/#primaryimage\"},\"thumbnailUrl\":\"https:\\\/\\\/www.meydan.tv\\\/wp-content\\\/uploads\\\/38649.jpg\",\"datePublished\":\"2018-11-28T14:50:01+00:00\",\"breadcrumb\":{\"@id\":\"https:\\\/\\\/www.meydan.tv\\\/az\\\/article\\\/bolgelerden-toplanan-vergilerin-artdigi-deyilir\\\/#breadcrumb\"},\"inLanguage\":\"az\",\"potentialAction\":[{\"@type\":\"ReadAction\",\"target\":[\"https:\\\/\\\/www.meydan.tv\\\/az\\\/article\\\/bolgelerden-toplanan-vergilerin-artdigi-deyilir\\\/\"]}]},{\"@type\":\"ImageObject\",\"inLanguage\":\"az\",\"@id\":\"https:\\\/\\\/www.meydan.tv\\\/az\\\/article\\\/bolgelerden-toplanan-vergilerin-artdigi-deyilir\\\/#primaryimage\",\"url\":\"https:\\\/\\\/www.meydan.tv\\\/wp-content\\\/uploads\\\/38649.jpg\",\"contentUrl\":\"https:\\\/\\\/www.meydan.tv\\\/wp-content\\\/uploads\\\/38649.jpg\",\"width\":1000,\"height\":541,\"caption\":\"Source:\"},{\"@type\":\"BreadcrumbList\",\"@id\":\"https:\\\/\\\/www.meydan.tv\\\/az\\\/article\\\/bolgelerden-toplanan-vergilerin-artdigi-deyilir\\\/#breadcrumb\",\"itemListElement\":[{\"@type\":\"ListItem\",\"position\":1,\"name\":\"Ana s\u0259hif\u0259\",\"item\":\"https:\\\/\\\/www.meydan.tv\\\/az\\\/\"},{\"@type\":\"ListItem\",\"position\":2,\"name\":\"Analitika\",\"item\":\"https:\\\/\\\/www.meydan.tv\\\/az\\\/section\\\/analitika\\\/\"},{\"@type\":\"ListItem\",\"position\":3,\"name\":\"B\u00f6lg\u0259l\u0259rd\u0259n toplanan vergil\u0259rin artd\u0131\u011f\u0131 deyilir\"}]},{\"@type\":\"WebSite\",\"@id\":\"https:\\\/\\\/www.meydan.tv\\\/az\\\/#website\",\"url\":\"https:\\\/\\\/www.meydan.tv\\\/az\\\/\",\"name\":\"MEYDAN.TV\",\"description\":\"Meydan TV Az\u0259rbaycan\u0131n media m\u0259kan\u0131ndak\u0131 alternativ s\u0259sidir\",\"publisher\":{\"@id\":\"https:\\\/\\\/www.meydan.tv\\\/az\\\/#organization\"},\"potentialAction\":[{\"@type\":\"SearchAction\",\"target\":{\"@type\":\"EntryPoint\",\"urlTemplate\":\"https:\\\/\\\/www.meydan.tv\\\/az\\\/?s={search_term_string}\"},\"query-input\":{\"@type\":\"PropertyValueSpecification\",\"valueRequired\":true,\"valueName\":\"search_term_string\"}}],\"inLanguage\":\"az\"},{\"@type\":\"Organization\",\"@id\":\"https:\\\/\\\/www.meydan.tv\\\/az\\\/#organization\",\"name\":\"Meydan TV\",\"url\":\"https:\\\/\\\/www.meydan.tv\\\/az\\\/\",\"logo\":{\"@type\":\"ImageObject\",\"inLanguage\":\"az\",\"@id\":\"https:\\\/\\\/www.meydan.tv\\\/az\\\/#\\\/schema\\\/logo\\\/image\\\/\",\"url\":\"https:\\\/\\\/www.meydan.tv\\\/wp-content\\\/uploads\\\/2021\\\/07\\\/meydan-logo.svg\",\"contentUrl\":\"https:\\\/\\\/www.meydan.tv\\\/wp-content\\\/uploads\\\/2021\\\/07\\\/meydan-logo.svg\",\"width\":195,\"height\":46,\"caption\":\"Meydan TV\"},\"image\":{\"@id\":\"https:\\\/\\\/www.meydan.tv\\\/az\\\/#\\\/schema\\\/logo\\\/image\\\/\"}},{\"@type\":\"Person\",\"@id\":\"https:\\\/\\\/www.meydan.tv\\\/az\\\/#\\\/schema\\\/person\\\/10d11eccf6da3662cf5fdab9806ea91a\",\"name\":\"user-manager\"}]}<\/script>\n<!-- \/ Yoast SEO plugin. -->","yoast_head_json":{"title":"B\u00f6lg\u0259l\u0259rd\u0259n toplanan vergil\u0259rin artd\u0131\u011f\u0131 deyilir - MEYDAN.TV","robots":{"index":"index","follow":"follow","max-snippet":"max-snippet:-1","max-image-preview":"max-image-preview:large","max-video-preview":"max-video-preview:-1"},"canonical":"https:\/\/www.meydan.tv\/az\/article\/bolgelerden-toplanan-vergilerin-artdigi-deyilir\/","og_locale":"az_AZ","og_type":"article","og_title":"B\u00f6lg\u0259l\u0259rd\u0259n toplanan vergil\u0259rin artd\u0131\u011f\u0131 deyilir - MEYDAN.TV","og_description":"''\u018fg\u0259r, do\u011frudan da, inki\u015faf deyil\u0259n q\u0259d\u0259rdis\u0259, onu market v\u0259 bazarlarda g\u00f6r\u0259rdik''","og_url":"https:\/\/www.meydan.tv\/az\/article\/bolgelerden-toplanan-vergilerin-artdigi-deyilir\/","og_site_name":"MEYDAN.TV","article_published_time":"2018-11-28T14:50:01+00:00","og_image":[{"width":1000,"height":541,"url":"https:\/\/www.meydan.tv\/wp-content\/uploads\/38649.jpg","type":"image\/jpeg"}],"author":"user-manager","twitter_card":"summary_large_image","schema":{"@context":"https:\/\/schema.org","@graph":[{"@type":"Article","@id":"https:\/\/www.meydan.tv\/az\/article\/bolgelerden-toplanan-vergilerin-artdigi-deyilir\/#article","isPartOf":{"@id":"https:\/\/www.meydan.tv\/az\/article\/bolgelerden-toplanan-vergilerin-artdigi-deyilir\/"},"author":{"name":"user-manager","@id":"https:\/\/www.meydan.tv\/az\/#\/schema\/person\/10d11eccf6da3662cf5fdab9806ea91a"},"headline":"B\u00f6lg\u0259l\u0259rd\u0259n toplanan vergil\u0259rin artd\u0131\u011f\u0131 deyilir","datePublished":"2018-11-28T14:50:01+00:00","mainEntityOfPage":{"@id":"https:\/\/www.meydan.tv\/az\/article\/bolgelerden-toplanan-vergilerin-artdigi-deyilir\/"},"wordCount":1346,"publisher":{"@id":"https:\/\/www.meydan.tv\/az\/#organization"},"image":{"@id":"https:\/\/www.meydan.tv\/az\/article\/bolgelerden-toplanan-vergilerin-artdigi-deyilir\/#primaryimage"},"thumbnailUrl":"https:\/\/www.meydan.tv\/wp-content\/uploads\/38649.jpg","articleSection":["Analitika"],"inLanguage":"az"},{"@type":"WebPage","@id":"https:\/\/www.meydan.tv\/az\/article\/bolgelerden-toplanan-vergilerin-artdigi-deyilir\/","url":"https:\/\/www.meydan.tv\/az\/article\/bolgelerden-toplanan-vergilerin-artdigi-deyilir\/","name":"B\u00f6lg\u0259l\u0259rd\u0259n toplanan vergil\u0259rin artd\u0131\u011f\u0131 deyilir - MEYDAN.TV","isPartOf":{"@id":"https:\/\/www.meydan.tv\/az\/#website"},"primaryImageOfPage":{"@id":"https:\/\/www.meydan.tv\/az\/article\/bolgelerden-toplanan-vergilerin-artdigi-deyilir\/#primaryimage"},"image":{"@id":"https:\/\/www.meydan.tv\/az\/article\/bolgelerden-toplanan-vergilerin-artdigi-deyilir\/#primaryimage"},"thumbnailUrl":"https:\/\/www.meydan.tv\/wp-content\/uploads\/38649.jpg","datePublished":"2018-11-28T14:50:01+00:00","breadcrumb":{"@id":"https:\/\/www.meydan.tv\/az\/article\/bolgelerden-toplanan-vergilerin-artdigi-deyilir\/#breadcrumb"},"inLanguage":"az","potentialAction":[{"@type":"ReadAction","target":["https:\/\/www.meydan.tv\/az\/article\/bolgelerden-toplanan-vergilerin-artdigi-deyilir\/"]}]},{"@type":"ImageObject","inLanguage":"az","@id":"https:\/\/www.meydan.tv\/az\/article\/bolgelerden-toplanan-vergilerin-artdigi-deyilir\/#primaryimage","url":"https:\/\/www.meydan.tv\/wp-content\/uploads\/38649.jpg","contentUrl":"https:\/\/www.meydan.tv\/wp-content\/uploads\/38649.jpg","width":1000,"height":541,"caption":"Source:"},{"@type":"BreadcrumbList","@id":"https:\/\/www.meydan.tv\/az\/article\/bolgelerden-toplanan-vergilerin-artdigi-deyilir\/#breadcrumb","itemListElement":[{"@type":"ListItem","position":1,"name":"Ana s\u0259hif\u0259","item":"https:\/\/www.meydan.tv\/az\/"},{"@type":"ListItem","position":2,"name":"Analitika","item":"https:\/\/www.meydan.tv\/az\/section\/analitika\/"},{"@type":"ListItem","position":3,"name":"B\u00f6lg\u0259l\u0259rd\u0259n toplanan vergil\u0259rin artd\u0131\u011f\u0131 deyilir"}]},{"@type":"WebSite","@id":"https:\/\/www.meydan.tv\/az\/#website","url":"https:\/\/www.meydan.tv\/az\/","name":"MEYDAN.TV","description":"Meydan TV Az\u0259rbaycan\u0131n media m\u0259kan\u0131ndak\u0131 alternativ s\u0259sidir","publisher":{"@id":"https:\/\/www.meydan.tv\/az\/#organization"},"potentialAction":[{"@type":"SearchAction","target":{"@type":"EntryPoint","urlTemplate":"https:\/\/www.meydan.tv\/az\/?s={search_term_string}"},"query-input":{"@type":"PropertyValueSpecification","valueRequired":true,"valueName":"search_term_string"}}],"inLanguage":"az"},{"@type":"Organization","@id":"https:\/\/www.meydan.tv\/az\/#organization","name":"Meydan TV","url":"https:\/\/www.meydan.tv\/az\/","logo":{"@type":"ImageObject","inLanguage":"az","@id":"https:\/\/www.meydan.tv\/az\/#\/schema\/logo\/image\/","url":"https:\/\/www.meydan.tv\/wp-content\/uploads\/2021\/07\/meydan-logo.svg","contentUrl":"https:\/\/www.meydan.tv\/wp-content\/uploads\/2021\/07\/meydan-logo.svg","width":195,"height":46,"caption":"Meydan TV"},"image":{"@id":"https:\/\/www.meydan.tv\/az\/#\/schema\/logo\/image\/"}},{"@type":"Person","@id":"https:\/\/www.meydan.tv\/az\/#\/schema\/person\/10d11eccf6da3662cf5fdab9806ea91a","name":"user-manager"}]}},"_links":{"self":[{"href":"https:\/\/www.meydan.tv\/az\/wp-json\/wp\/v2\/posts\/192788","targetHints":{"allow":["GET"]}}],"collection":[{"href":"https:\/\/www.meydan.tv\/az\/wp-json\/wp\/v2\/posts"}],"about":[{"href":"https:\/\/www.meydan.tv\/az\/wp-json\/wp\/v2\/types\/post"}],"author":[{"embeddable":true,"href":"https:\/\/www.meydan.tv\/az\/wp-json\/wp\/v2\/users\/11"}],"replies":[{"embeddable":true,"href":"https:\/\/www.meydan.tv\/az\/wp-json\/wp\/v2\/comments?post=192788"}],"version-history":[{"count":0,"href":"https:\/\/www.meydan.tv\/az\/wp-json\/wp\/v2\/posts\/192788\/revisions"}],"wp:featuredmedia":[{"embeddable":true,"href":"https:\/\/www.meydan.tv\/az\/wp-json\/wp\/v2\/media\/97783"}],"wp:attachment":[{"href":"https:\/\/www.meydan.tv\/az\/wp-json\/wp\/v2\/media?parent=192788"}],"wp:term":[{"taxonomy":"category","embeddable":true,"href":"https:\/\/www.meydan.tv\/az\/wp-json\/wp\/v2\/categories?post=192788"},{"taxonomy":"post_tag","embeddable":true,"href":"https:\/\/www.meydan.tv\/az\/wp-json\/wp\/v2\/tags?post=192788"}],"curies":[{"name":"wp","href":"https:\/\/api.w.org\/{rel}","templated":true}]}}