{"id":192761,"date":"2018-11-27T15:41:38","date_gmt":"2018-11-27T15:41:38","guid":{"rendered":"https:\/\/www.meydan.tv\/article\/pensiya-ile-bagli-teklifin-detallari-melum-olub\/"},"modified":"2018-11-27T15:41:38","modified_gmt":"2018-11-27T15:41:38","slug":"pensiya-ile-bagli-teklifin-detallari-melum-olub","status":"publish","type":"post","link":"https:\/\/www.meydan.tv\/az\/article\/pensiya-ile-bagli-teklifin-detallari-melum-olub\/","title":{"rendered":"Pensiya il\u0259 ba\u011fl\u0131 t\u0259klifin detallar\u0131 m\u0259lum olub"},"content":{"rendered":"<figure class=\"wp-block-image size-large\">\n  <img decoding=\"async\" src=\"https:\/\/www.meydan.tv\/az\/rovsen-agayev-5\/\" alt=\"R\u00f6v\u015f\u0259n A\u011fayev\" class=\"wp-image-99587\"\/><figcaption>\n    R\u00f6v\u015f\u0259n A\u011fayev<br \/>\n  <\/figcaption><\/figure>\n<p>\n  <i><br \/>\n    R\u00f6v\u015f\u0259n A\u011fayev: &#8221;\u0130ndiki orta \u00f6m\u00fcr uzunlu\u011fu il\u0259 m\u00fcqayis\u0259d\u0259 65 pensiya ya\u015f\u0131 ki\u015fil\u0259r \u00fc\u00e7\u00fcn y\u00fcks\u0259kdir&#8221;<br \/>\n  <\/i>\n<\/p>\n<p>\n  Ya\u015fa g\u00f6r\u0259 pensiyaya \u00e7\u0131xmaq \u00fc\u00e7\u00fcn t\u0259l\u0259b olunan minimum staj t\u0259l\u0259binin d\u0259yi\u015fdirilm\u0259si il\u0259 ba\u011fl\u0131 qanunvericiliy\u0259 t\u0259klif olunan t\u0259klifin detallar\u0131 m\u0259lum olub.\n<\/p>\n<p>\n  Bu bar\u0259d\u0259 \u00f6z \u201cFacebook\u201d hesab\u0131nda yazan iqtisad\u00e7\u0131 R\u00f6v\u015f\u0259n A\u011fayev qaydalar haqq\u0131nda m\u0259lumat verib:\n<\/p>\n<p>\n  \u201cHaz\u0131rk\u0131 qayda bel\u0259dir: t\u0259l\u0259b olunan pensiya ya\u015f\u0131na \u00e7atan \u015f\u0259xsl\u0259r (haz\u0131rda ki\u015fil\u0259r \u00fc\u00e7\u00fcn 63, qad\u0131nlar \u00fc\u00e7\u00fcn 60) \u00fc\u00e7\u00fcn 2 t\u0259l\u0259bd\u0259n biri \u00f6d\u0259nm\u0259lidir:\n<\/p>\n<p>\n  <b><br \/>\n    1)<br \/>\n  <\/b><br \/>\n  ya \u0259n az\u0131 25 il s\u0131\u011forta staj\u0131 olmal\u0131;\n<\/p>\n<p>\n  <b><br \/>\n    2)<br \/>\n  <\/b><br \/>\n  ya da pensiyaya \u00e7\u0131xmaq \u00fc\u00e7\u00fcn m\u00fcraci\u0259t ed\u0259n \u015f\u0259xsin f\u0259rdi hesab\u0131n\u0131n s\u0131\u011forta hiss\u0259sind\u0259 toplanm\u0131\u015f pensiya kapital\u0131n\u0131n h\u0259cmi minimum pensiya alma\u011fa imkan verm\u0259lidir. Haz\u0131rda minimum pensiya 110 manatd\u0131r. Bu m\u0259bl\u0259\u011fin yaranmas\u0131 \u00fc\u00e7\u00fcn, \u015f\u0259xsin pensiya kapital\u0131n\u0131n h\u0259cmi haz\u0131rk\u0131 d\u00f6vr\u0259 15840 manat olmal\u0131 idi.<br \/>\n  <br \/>\n  Haz\u0131rk\u0131 reall\u0131qda minl\u0259rl\u0259 insan\u0131n bu t\u0259l\u0259bi \u00f6d\u0259y\u0259 bilm\u0259diyind\u0259n pensiyas\u0131z qalmaq riski b\u00f6y\u00fck idi.\n<\/p>\n<p>\n  Yeni d\u0259yi\u015fiklik bel\u0259dir: Pensiya ya\u015f\u0131na \u00e7atm\u0131\u015f \u015f\u0259xsin m\u0259bl\u0259\u011find\u0259n as\u0131l\u0131 olmayaraq 2018-ci il 1 iyul tarixin\u0259 s\u0131\u011forta hesab\u0131nda pensiya kapital\u0131 varsa, h\u0259min \u015f\u0259xsin 2006-c\u0131 il yanvar\u0131n 1-d\u0259k olan s\u0131\u011forta staj\u0131 avtomatik olaraq 25 il\u0259 barab\u0259r g\u00f6t\u00fcr\u0259l\u0259c\u0259k. Pensiya kapital\u0131 is\u0259 \u0259vv\u0259lki \u0259msal-m\u0259bl\u0259\u011f \u0259sas\u0131nda hesablanacaq. Y\u0259ni 2006-c\u0131 ilin yanvar\u0131n 1-d\u0259k olan staj ill\u0259rinin say\u0131 306 manata vurulacaq v\u0259 bu \u015f\u0259xs\u0259 7650 manat pensiya kapital\u0131 qazand\u0131racaq\u201d.<br \/>\n  <br \/>\n  \u0130qtisad\u00e7\u0131 deyir ki, 2005-ci ild\u0259n sonrak\u0131 d\u00f6vr \u00fc\u00e7\u00fcn is\u0259 pensiya kapital\u0131n\u0131n \u00fcmumi h\u0259cmi bel\u0259 hesablan\u0131r:\n<\/p>\n<p>\n  <i><br \/>\n    \u201c1) 2006 yanvar-2017 iyun tarixind\u0259 toplanm\u0131\u015f s\u0131\u011forta kapital\u0131 80 faiz art\u0131r\u0131l\u0131r, \u00fcmumi m\u0259bl\u0259\u011f g\u00f6zl\u0259nil\u0259n pensiya \u00f6d\u0259ni\u015fi m\u00fcdd\u0259tinin say\u0131na b\u00f6l\u00fcn\u00fcr;<br \/>\n  <\/i>\n<\/p>\n<p>\n  <i><br \/>\n    2) 2017-ci iyul-2018 dekabrad\u0259k toplanm\u0131\u015f s\u0131\u011forta kapital\u0131n\u0131n 90 faizi g\u00f6t\u00fcr\u00fcl\u00fcr v\u0259 al\u0131nan r\u0259q\u0259m yen\u0259 \u00fcmumi m\u0259bl\u0259\u011f g\u00f6zl\u0259nil\u0259n pensiya \u00f6d\u0259ni\u015fi m\u00fcdd\u0259tinin say\u0131na b\u00f6l\u00fcn\u00fcr;<br \/>\n  <\/i>\n<\/p>\n<p>\n  <i><br \/>\n    3) 2005-ci ilin sonunad\u0259k m\u00fc\u0259yy\u0259n edil\u0259n 7650 manat da n\u0259z\u0259r\u0259 al\u0131nmaqla 2006-2018-ci ill\u0259rd\u0259 toplanan kapital\u0131n h\u0259cmi \u00fcmumi m\u0259bl\u0259\u011f g\u00f6zl\u0259nil\u0259n pensiya \u00f6d\u0259ni\u015fi m\u00fcdd\u0259tinin say\u0131na b\u00f6l\u00fcn\u00fcr v\u0259 pensiyan\u0131n h\u0259cmi tap\u0131l\u0131r.<br \/>\n  <\/i>\n<\/p>\n<p>\n  Bir s\u00f6zl\u0259, 25 illik staj t\u0259l\u0259bi h\u0259ll edildi, amma vacibdir ki, 2018-cil ilin iyul ay\u0131nad\u0259k f\u0259rdi hesabda qeyd\u0259 al\u0131nm\u0131\u015f pensiya kapital\u0131 olsun.\n<\/p>\n<p>\n  Yeri g\u0259lmi\u015fk\u0259n bu qayda 2019-2020-ci il\u0259rd\u0259 ya\u015fa g\u00f6r\u0259 pensiyaya \u00e7\u0131xanlara aiddir. 2021-cii ild\u0259n ba\u015flayaraq is\u0259 25 illik g\u00fcz\u0259\u015ft h\u0259r il 1 il azald\u0131lacaq. M\u0259s\u0259l\u0259n, 2025-ci ild\u0259 art\u0131q 2006-c\u0131 il\u0259 q\u0259d\u0259r s\u0131\u011forta staj\u0131 25 il yox, 20 il g\u00f6t\u00fcr\u00fcl\u0259c\u0259k. Yer\u0259 qalan 5 ilin is\u0259 2006-c\u0131 ild\u0259n sonrak\u0131 d\u00f6vrd\u0259 qazan\u0131lmas\u0131 vacibdir.<br \/>\n  <br \/>\n  S\u0131\u011forta staj\u0131 m\u0259s\u0259l\u0259si dem\u0259k olar h\u0259llini tapd\u0131\u201d.\n<\/p>\n<p>\n  R\u00f6v\u015f\u0259n A\u011fayev deyir ki, indiki orta \u00f6m\u00fcr uzunlu\u011fu il\u0259 m\u00fcqayis\u0259d\u0259 65 pensiya ya\u015f\u0131 ki\u015fil\u0259r \u00fc\u00e7\u00fcn y\u00fcks\u0259kdir:\n<\/p>\n<p>\n  \u201c\u018fn az\u0131ndan 2030-cu il\u0259 q\u0259d\u0259r 63 ya\u015f s\u0259viyy\u0259sind\u0259 saxlanmas\u0131 m\u0259qbuldur. M\u00fc\u0259yy\u0259n pe\u015f\u0259 x\u0259st\u0259liyi tutmaq riski y\u00fcks\u0259k olan sah\u0259l\u0259r var ki, onlar\u0131n da erk\u0259n pensiyaya \u00e7\u0131xmaq h\u00fcququ tan\u0131nmal\u0131d\u0131r. Bu, x\u00fcsus\u0259n m\u00fc\u0259lliml\u0259r\u0259 aiddir. M\u0259s\u0259l\u0259n, minimum 35 il staj toplayan m\u00fc\u0259lliml\u0259ri, \u00f6zl\u0259ri ist\u0259dikd\u0259 pensiyaya \u00e7\u0131xarmaq m\u00fcmk\u00fcnd\u00fcr. Amma burda vacib m\u0259s\u0259l\u0259l\u0259rd\u0259n biri odur ki, m\u00fc\u0259lliml\u0259rin pensiyas\u0131 onlar\u0131n ayl\u0131q maa\u015f\u0131na faizl\u0259 ba\u011flans\u0131n v\u0259 h\u0259b\u00e7il\u0259rd\u0259, deputatlarda, m\u0259murlarda oldu\u011fu kimi maa\u015flar\u0131n 70-80 faizd\u0259n az olmas\u0131n. T\u00fcrkiy\u0259d\u0259 oldu\u011fu kimi onlara hesablanm\u0131\u015f pensiyan\u0131n 1 illiyi h\u0259cmind\u0259 bird\u0259f\u0259lik m\u00fcavin\u0259t verilsin\u201d.<\/p>\n","protected":false},"excerpt":{"rendered":"<p>R\u00f6v\u015f\u0259n A\u011fayev: &#8221;\u0130ndiki orta \u00f6m\u00fcr uzunlu\u011fu il\u0259 m\u00fcqayis\u0259d\u0259 65 pensiya ya\u015f\u0131 ki\u015fil\u0259r \u00fc\u00e7\u00fcn y\u00fcks\u0259kdir&#8221;<\/p>\n","protected":false},"author":11,"featured_media":99587,"comment_status":"closed","ping_status":"open","sticky":false,"template":"","format":"standard","meta":{"_acf_changed":false,"_sitemap_exclude":false,"_sitemap_priority":"","_sitemap_frequency":"","footnotes":""},"categories":[51],"tags":[],"class_list":["post-192761","post","type-post","status-publish","format-standard","has-post-thumbnail","hentry","category-analitika","infinite-scroll-item","generate-columns","tablet-grid-50","mobile-grid-100","grid-parent","grid-33","no-featured-image-padding"],"acf":[],"yoast_head":"<!-- This site is optimized with the Yoast SEO plugin v27.4 - https:\/\/yoast.com\/product\/yoast-seo-wordpress\/ -->\n<title>Pensiya il\u0259 ba\u011fl\u0131 t\u0259klifin detallar\u0131 m\u0259lum olub - MEYDAN.TV<\/title>\n<meta name=\"robots\" content=\"index, follow, max-snippet:-1, max-image-preview:large, max-video-preview:-1\" \/>\n<link rel=\"canonical\" href=\"https:\/\/www.meydan.tv\/az\/article\/pensiya-ile-bagli-teklifin-detallari-melum-olub\/\" \/>\n<meta property=\"og:locale\" content=\"az_AZ\" \/>\n<meta property=\"og:type\" content=\"article\" \/>\n<meta property=\"og:title\" content=\"Pensiya il\u0259 ba\u011fl\u0131 t\u0259klifin detallar\u0131 m\u0259lum olub - MEYDAN.TV\" \/>\n<meta property=\"og:description\" content=\"R\u00f6v\u015f\u0259n A\u011fayev: &#039;&#039;\u0130ndiki orta \u00f6m\u00fcr uzunlu\u011fu il\u0259 m\u00fcqayis\u0259d\u0259 65 pensiya ya\u015f\u0131 ki\u015fil\u0259r \u00fc\u00e7\u00fcn y\u00fcks\u0259kdir&#039;&#039;\" \/>\n<meta property=\"og:url\" content=\"https:\/\/www.meydan.tv\/az\/article\/pensiya-ile-bagli-teklifin-detallari-melum-olub\/\" \/>\n<meta property=\"og:site_name\" content=\"MEYDAN.TV\" \/>\n<meta property=\"article:published_time\" content=\"2018-11-27T15:41:38+00:00\" \/>\n<meta property=\"og:image\" content=\"https:\/\/www.meydan.tv\/wp-content\/uploads\/39390.jpg\" \/>\n\t<meta property=\"og:image:width\" content=\"698\" \/>\n\t<meta property=\"og:image:height\" content=\"442\" \/>\n\t<meta property=\"og:image:type\" content=\"image\/jpeg\" \/>\n<meta name=\"author\" content=\"user-manager\" \/>\n<meta name=\"twitter:card\" content=\"summary_large_image\" \/>\n<script type=\"application\/ld+json\" class=\"yoast-schema-graph\">{\"@context\":\"https:\\\/\\\/schema.org\",\"@graph\":[{\"@type\":\"Article\",\"@id\":\"https:\\\/\\\/www.meydan.tv\\\/az\\\/article\\\/pensiya-ile-bagli-teklifin-detallari-melum-olub\\\/#article\",\"isPartOf\":{\"@id\":\"https:\\\/\\\/www.meydan.tv\\\/az\\\/article\\\/pensiya-ile-bagli-teklifin-detallari-melum-olub\\\/\"},\"author\":{\"name\":\"user-manager\",\"@id\":\"https:\\\/\\\/www.meydan.tv\\\/az\\\/#\\\/schema\\\/person\\\/10d11eccf6da3662cf5fdab9806ea91a\"},\"headline\":\"Pensiya il\u0259 ba\u011fl\u0131 t\u0259klifin detallar\u0131 m\u0259lum olub\",\"datePublished\":\"2018-11-27T15:41:38+00:00\",\"mainEntityOfPage\":{\"@id\":\"https:\\\/\\\/www.meydan.tv\\\/az\\\/article\\\/pensiya-ile-bagli-teklifin-detallari-melum-olub\\\/\"},\"wordCount\":734,\"publisher\":{\"@id\":\"https:\\\/\\\/www.meydan.tv\\\/az\\\/#organization\"},\"image\":{\"@id\":\"https:\\\/\\\/www.meydan.tv\\\/az\\\/article\\\/pensiya-ile-bagli-teklifin-detallari-melum-olub\\\/#primaryimage\"},\"thumbnailUrl\":\"https:\\\/\\\/www.meydan.tv\\\/wp-content\\\/uploads\\\/39390.jpg\",\"articleSection\":[\"Analitika\"],\"inLanguage\":\"az\"},{\"@type\":\"WebPage\",\"@id\":\"https:\\\/\\\/www.meydan.tv\\\/az\\\/article\\\/pensiya-ile-bagli-teklifin-detallari-melum-olub\\\/\",\"url\":\"https:\\\/\\\/www.meydan.tv\\\/az\\\/article\\\/pensiya-ile-bagli-teklifin-detallari-melum-olub\\\/\",\"name\":\"Pensiya il\u0259 ba\u011fl\u0131 t\u0259klifin detallar\u0131 m\u0259lum olub - MEYDAN.TV\",\"isPartOf\":{\"@id\":\"https:\\\/\\\/www.meydan.tv\\\/az\\\/#website\"},\"primaryImageOfPage\":{\"@id\":\"https:\\\/\\\/www.meydan.tv\\\/az\\\/article\\\/pensiya-ile-bagli-teklifin-detallari-melum-olub\\\/#primaryimage\"},\"image\":{\"@id\":\"https:\\\/\\\/www.meydan.tv\\\/az\\\/article\\\/pensiya-ile-bagli-teklifin-detallari-melum-olub\\\/#primaryimage\"},\"thumbnailUrl\":\"https:\\\/\\\/www.meydan.tv\\\/wp-content\\\/uploads\\\/39390.jpg\",\"datePublished\":\"2018-11-27T15:41:38+00:00\",\"breadcrumb\":{\"@id\":\"https:\\\/\\\/www.meydan.tv\\\/az\\\/article\\\/pensiya-ile-bagli-teklifin-detallari-melum-olub\\\/#breadcrumb\"},\"inLanguage\":\"az\",\"potentialAction\":[{\"@type\":\"ReadAction\",\"target\":[\"https:\\\/\\\/www.meydan.tv\\\/az\\\/article\\\/pensiya-ile-bagli-teklifin-detallari-melum-olub\\\/\"]}]},{\"@type\":\"ImageObject\",\"inLanguage\":\"az\",\"@id\":\"https:\\\/\\\/www.meydan.tv\\\/az\\\/article\\\/pensiya-ile-bagli-teklifin-detallari-melum-olub\\\/#primaryimage\",\"url\":\"https:\\\/\\\/www.meydan.tv\\\/wp-content\\\/uploads\\\/39390.jpg\",\"contentUrl\":\"https:\\\/\\\/www.meydan.tv\\\/wp-content\\\/uploads\\\/39390.jpg\",\"width\":698,\"height\":442,\"caption\":\"Source:\"},{\"@type\":\"BreadcrumbList\",\"@id\":\"https:\\\/\\\/www.meydan.tv\\\/az\\\/article\\\/pensiya-ile-bagli-teklifin-detallari-melum-olub\\\/#breadcrumb\",\"itemListElement\":[{\"@type\":\"ListItem\",\"position\":1,\"name\":\"Ana s\u0259hif\u0259\",\"item\":\"https:\\\/\\\/www.meydan.tv\\\/az\\\/\"},{\"@type\":\"ListItem\",\"position\":2,\"name\":\"Analitika\",\"item\":\"https:\\\/\\\/www.meydan.tv\\\/az\\\/section\\\/analitika\\\/\"},{\"@type\":\"ListItem\",\"position\":3,\"name\":\"Pensiya il\u0259 ba\u011fl\u0131 t\u0259klifin detallar\u0131 m\u0259lum olub\"}]},{\"@type\":\"WebSite\",\"@id\":\"https:\\\/\\\/www.meydan.tv\\\/az\\\/#website\",\"url\":\"https:\\\/\\\/www.meydan.tv\\\/az\\\/\",\"name\":\"MEYDAN.TV\",\"description\":\"Meydan TV Az\u0259rbaycan\u0131n media m\u0259kan\u0131ndak\u0131 alternativ s\u0259sidir\",\"publisher\":{\"@id\":\"https:\\\/\\\/www.meydan.tv\\\/az\\\/#organization\"},\"potentialAction\":[{\"@type\":\"SearchAction\",\"target\":{\"@type\":\"EntryPoint\",\"urlTemplate\":\"https:\\\/\\\/www.meydan.tv\\\/az\\\/?s={search_term_string}\"},\"query-input\":{\"@type\":\"PropertyValueSpecification\",\"valueRequired\":true,\"valueName\":\"search_term_string\"}}],\"inLanguage\":\"az\"},{\"@type\":\"Organization\",\"@id\":\"https:\\\/\\\/www.meydan.tv\\\/az\\\/#organization\",\"name\":\"Meydan TV\",\"url\":\"https:\\\/\\\/www.meydan.tv\\\/az\\\/\",\"logo\":{\"@type\":\"ImageObject\",\"inLanguage\":\"az\",\"@id\":\"https:\\\/\\\/www.meydan.tv\\\/az\\\/#\\\/schema\\\/logo\\\/image\\\/\",\"url\":\"https:\\\/\\\/www.meydan.tv\\\/wp-content\\\/uploads\\\/2021\\\/07\\\/meydan-logo.svg\",\"contentUrl\":\"https:\\\/\\\/www.meydan.tv\\\/wp-content\\\/uploads\\\/2021\\\/07\\\/meydan-logo.svg\",\"width\":195,\"height\":46,\"caption\":\"Meydan TV\"},\"image\":{\"@id\":\"https:\\\/\\\/www.meydan.tv\\\/az\\\/#\\\/schema\\\/logo\\\/image\\\/\"}},{\"@type\":\"Person\",\"@id\":\"https:\\\/\\\/www.meydan.tv\\\/az\\\/#\\\/schema\\\/person\\\/10d11eccf6da3662cf5fdab9806ea91a\",\"name\":\"user-manager\"}]}<\/script>\n<!-- \/ Yoast SEO plugin. -->","yoast_head_json":{"title":"Pensiya il\u0259 ba\u011fl\u0131 t\u0259klifin detallar\u0131 m\u0259lum olub - MEYDAN.TV","robots":{"index":"index","follow":"follow","max-snippet":"max-snippet:-1","max-image-preview":"max-image-preview:large","max-video-preview":"max-video-preview:-1"},"canonical":"https:\/\/www.meydan.tv\/az\/article\/pensiya-ile-bagli-teklifin-detallari-melum-olub\/","og_locale":"az_AZ","og_type":"article","og_title":"Pensiya il\u0259 ba\u011fl\u0131 t\u0259klifin detallar\u0131 m\u0259lum olub - MEYDAN.TV","og_description":"R\u00f6v\u015f\u0259n A\u011fayev: ''\u0130ndiki orta \u00f6m\u00fcr uzunlu\u011fu il\u0259 m\u00fcqayis\u0259d\u0259 65 pensiya ya\u015f\u0131 ki\u015fil\u0259r \u00fc\u00e7\u00fcn y\u00fcks\u0259kdir''","og_url":"https:\/\/www.meydan.tv\/az\/article\/pensiya-ile-bagli-teklifin-detallari-melum-olub\/","og_site_name":"MEYDAN.TV","article_published_time":"2018-11-27T15:41:38+00:00","og_image":[{"width":698,"height":442,"url":"https:\/\/www.meydan.tv\/wp-content\/uploads\/39390.jpg","type":"image\/jpeg"}],"author":"user-manager","twitter_card":"summary_large_image","schema":{"@context":"https:\/\/schema.org","@graph":[{"@type":"Article","@id":"https:\/\/www.meydan.tv\/az\/article\/pensiya-ile-bagli-teklifin-detallari-melum-olub\/#article","isPartOf":{"@id":"https:\/\/www.meydan.tv\/az\/article\/pensiya-ile-bagli-teklifin-detallari-melum-olub\/"},"author":{"name":"user-manager","@id":"https:\/\/www.meydan.tv\/az\/#\/schema\/person\/10d11eccf6da3662cf5fdab9806ea91a"},"headline":"Pensiya il\u0259 ba\u011fl\u0131 t\u0259klifin detallar\u0131 m\u0259lum olub","datePublished":"2018-11-27T15:41:38+00:00","mainEntityOfPage":{"@id":"https:\/\/www.meydan.tv\/az\/article\/pensiya-ile-bagli-teklifin-detallari-melum-olub\/"},"wordCount":734,"publisher":{"@id":"https:\/\/www.meydan.tv\/az\/#organization"},"image":{"@id":"https:\/\/www.meydan.tv\/az\/article\/pensiya-ile-bagli-teklifin-detallari-melum-olub\/#primaryimage"},"thumbnailUrl":"https:\/\/www.meydan.tv\/wp-content\/uploads\/39390.jpg","articleSection":["Analitika"],"inLanguage":"az"},{"@type":"WebPage","@id":"https:\/\/www.meydan.tv\/az\/article\/pensiya-ile-bagli-teklifin-detallari-melum-olub\/","url":"https:\/\/www.meydan.tv\/az\/article\/pensiya-ile-bagli-teklifin-detallari-melum-olub\/","name":"Pensiya il\u0259 ba\u011fl\u0131 t\u0259klifin detallar\u0131 m\u0259lum olub - MEYDAN.TV","isPartOf":{"@id":"https:\/\/www.meydan.tv\/az\/#website"},"primaryImageOfPage":{"@id":"https:\/\/www.meydan.tv\/az\/article\/pensiya-ile-bagli-teklifin-detallari-melum-olub\/#primaryimage"},"image":{"@id":"https:\/\/www.meydan.tv\/az\/article\/pensiya-ile-bagli-teklifin-detallari-melum-olub\/#primaryimage"},"thumbnailUrl":"https:\/\/www.meydan.tv\/wp-content\/uploads\/39390.jpg","datePublished":"2018-11-27T15:41:38+00:00","breadcrumb":{"@id":"https:\/\/www.meydan.tv\/az\/article\/pensiya-ile-bagli-teklifin-detallari-melum-olub\/#breadcrumb"},"inLanguage":"az","potentialAction":[{"@type":"ReadAction","target":["https:\/\/www.meydan.tv\/az\/article\/pensiya-ile-bagli-teklifin-detallari-melum-olub\/"]}]},{"@type":"ImageObject","inLanguage":"az","@id":"https:\/\/www.meydan.tv\/az\/article\/pensiya-ile-bagli-teklifin-detallari-melum-olub\/#primaryimage","url":"https:\/\/www.meydan.tv\/wp-content\/uploads\/39390.jpg","contentUrl":"https:\/\/www.meydan.tv\/wp-content\/uploads\/39390.jpg","width":698,"height":442,"caption":"Source:"},{"@type":"BreadcrumbList","@id":"https:\/\/www.meydan.tv\/az\/article\/pensiya-ile-bagli-teklifin-detallari-melum-olub\/#breadcrumb","itemListElement":[{"@type":"ListItem","position":1,"name":"Ana s\u0259hif\u0259","item":"https:\/\/www.meydan.tv\/az\/"},{"@type":"ListItem","position":2,"name":"Analitika","item":"https:\/\/www.meydan.tv\/az\/section\/analitika\/"},{"@type":"ListItem","position":3,"name":"Pensiya il\u0259 ba\u011fl\u0131 t\u0259klifin detallar\u0131 m\u0259lum olub"}]},{"@type":"WebSite","@id":"https:\/\/www.meydan.tv\/az\/#website","url":"https:\/\/www.meydan.tv\/az\/","name":"MEYDAN.TV","description":"Meydan TV Az\u0259rbaycan\u0131n media m\u0259kan\u0131ndak\u0131 alternativ s\u0259sidir","publisher":{"@id":"https:\/\/www.meydan.tv\/az\/#organization"},"potentialAction":[{"@type":"SearchAction","target":{"@type":"EntryPoint","urlTemplate":"https:\/\/www.meydan.tv\/az\/?s={search_term_string}"},"query-input":{"@type":"PropertyValueSpecification","valueRequired":true,"valueName":"search_term_string"}}],"inLanguage":"az"},{"@type":"Organization","@id":"https:\/\/www.meydan.tv\/az\/#organization","name":"Meydan TV","url":"https:\/\/www.meydan.tv\/az\/","logo":{"@type":"ImageObject","inLanguage":"az","@id":"https:\/\/www.meydan.tv\/az\/#\/schema\/logo\/image\/","url":"https:\/\/www.meydan.tv\/wp-content\/uploads\/2021\/07\/meydan-logo.svg","contentUrl":"https:\/\/www.meydan.tv\/wp-content\/uploads\/2021\/07\/meydan-logo.svg","width":195,"height":46,"caption":"Meydan TV"},"image":{"@id":"https:\/\/www.meydan.tv\/az\/#\/schema\/logo\/image\/"}},{"@type":"Person","@id":"https:\/\/www.meydan.tv\/az\/#\/schema\/person\/10d11eccf6da3662cf5fdab9806ea91a","name":"user-manager"}]}},"_links":{"self":[{"href":"https:\/\/www.meydan.tv\/az\/wp-json\/wp\/v2\/posts\/192761","targetHints":{"allow":["GET"]}}],"collection":[{"href":"https:\/\/www.meydan.tv\/az\/wp-json\/wp\/v2\/posts"}],"about":[{"href":"https:\/\/www.meydan.tv\/az\/wp-json\/wp\/v2\/types\/post"}],"author":[{"embeddable":true,"href":"https:\/\/www.meydan.tv\/az\/wp-json\/wp\/v2\/users\/11"}],"replies":[{"embeddable":true,"href":"https:\/\/www.meydan.tv\/az\/wp-json\/wp\/v2\/comments?post=192761"}],"version-history":[{"count":0,"href":"https:\/\/www.meydan.tv\/az\/wp-json\/wp\/v2\/posts\/192761\/revisions"}],"wp:featuredmedia":[{"embeddable":true,"href":"https:\/\/www.meydan.tv\/az\/wp-json\/wp\/v2\/media\/99587"}],"wp:attachment":[{"href":"https:\/\/www.meydan.tv\/az\/wp-json\/wp\/v2\/media?parent=192761"}],"wp:term":[{"taxonomy":"category","embeddable":true,"href":"https:\/\/www.meydan.tv\/az\/wp-json\/wp\/v2\/categories?post=192761"},{"taxonomy":"post_tag","embeddable":true,"href":"https:\/\/www.meydan.tv\/az\/wp-json\/wp\/v2\/tags?post=192761"}],"curies":[{"name":"wp","href":"https:\/\/api.w.org\/{rel}","templated":true}]}}