{"id":192755,"date":"2018-11-27T12:34:29","date_gmt":"2018-11-27T12:34:29","guid":{"rendered":"https:\/\/www.meydan.tv\/article\/azerbaycanla-turkmenistanin-munasibetlerinde-tranzit-amili\/"},"modified":"2018-11-27T12:34:29","modified_gmt":"2018-11-27T12:34:29","slug":"azerbaycanla-turkmenistanin-munasibetlerinde-tranzit-amili","status":"publish","type":"post","link":"https:\/\/www.meydan.tv\/az\/article\/azerbaycanla-turkmenistanin-munasibetlerinde-tranzit-amili\/","title":{"rendered":"Az\u0259rbaycanla T\u00fcrkm\u0259nistan\u0131n m\u00fcnasib\u0259tl\u0259rind\u0259 tranzit amili"},"content":{"rendered":"<figure class=\"wp-block-image size-large\">\n  <img decoding=\"async\" src=\"https:\/\/www.meydan.tv\/az\/azerbaycan-prezidenti-ilham-eliyev-ve-turkmenistan-prezidenti-qurbanquli-berdimehemmedov\/\" alt=\"Az\u0259rbaycan prezidenti \u0130lham \u018fliyev v\u0259 T\u00fcrkm\u0259nistan prezidenti Qurbanqul\u0131 Berd\u0131m\u0259h\u0259mm\u0259dov\" class=\"wp-image-113176\"\/><figcaption>\n    Az\u0259rbaycan prezidenti \u0130lham \u018fliyev v\u0259 T\u00fcrkm\u0259nistan prezidenti Qurbanqul\u0131 Berd\u0131m\u0259h\u0259mm\u0259dov<br \/>\n  <\/figcaption><\/figure>\n<p>\n  Az\u0259rbaycan v\u0259 T\u00fcrkm\u0259nistan X\u0259z\u0259r h\u00f6vz\u0259sinin iki enerji tranziti \u00f6lk\u0259si \u00fc\u00e7\u00fcn qar\u015f\u0131l\u0131ql\u0131 maraq do\u011furan m\u00fcxt\u0259lif m\u0259s\u0259l\u0259l\u0259rin h\u0259llin\u0259 konstruktiv yana\u015fma il\u0259 s\u0259ciyy\u0259l\u0259n\u0259n yeni m\u00fcnasib\u0259tl\u0259r s\u0259viyy\u0259sin\u0259 q\u0259d\u0259m qoyur.\n<\/p>\n<p>\n  T\u00fcrkm\u0259nistan prezidenti Qurbanqul\u0131 Berd\u0131m\u0259h\u0259mm\u0259dov Az\u0259rbaycan prezidenti \u0130lham \u018fliyev v\u0259 onun n\u00fcmay\u0259nd\u0259 hey\u0259tinin \u00fczvl\u0259ri il\u0259 noyabr\u0131n 21-d\u0259 A\u015fqabadda ke\u00e7irdiyi dan\u0131\u015f\u0131qlar\u0131n n\u0259tic\u0259sini m\u0259hz bel\u0259 s\u0259ciyy\u0259l\u0259ndirib.\n<\/p>\n<p>\n  \u018fliyev noyabr\u0131n 21-d\u0259 T\u00fcrkm\u0259nistana r\u0259smi s\u0259f\u0259r edib, s\u0259f\u0259rin xarakterind\u0259n g\u00f6r\u00fcnd\u00fcy\u00fc kimi, o, Berd\u0131m\u0259h\u0259mm\u0259dvun Bak\u0131ya 8 avqust 2017-ci il tarixli s\u0259f\u0259rinin davam\u0131 olub. Son dan\u0131\u015f\u0131qlar, onlar\u0131n tarixi konteksti v\u0259 m\u00fczakir\u0259 olunan regional layih\u0259l\u0259r dair\u0259si iki \u00f6lk\u0259 aras\u0131nda SSR\u0130-nin da\u011f\u0131lmas\u0131ndan sonra bir s\u0131ra X\u0259z\u0259r yataqlar\u0131 il\u0259 ba\u011fl\u0131 m\u00fcbahis\u0259l\u0259rin \u0259m\u0259l\u0259 g\u0259tirdiyi qara zola\u011f\u0131n ba\u015fa \u00e7atd\u0131\u011f\u0131 haqq\u0131nda n\u0259tic\u0259y\u0259 g\u0259lm\u0259y\u0259 imkan verir.\n<\/p>\n<p>\n  M\u00fcbahis\u0259li yataqlar m\u00f6vzusu iki s\u0259f\u0259r zaman\u0131 a\u00e7\u0131q \u015f\u0259kild\u0259 m\u00fczakir\u0259 olunmasa da, prezidentl\u0259rin v\u0259 onlar\u0131n \u0259hat\u0259sind\u0259ki y\u00fcks\u0259k v\u0259zif\u0259li \u015f\u0259xsl\u0259rin s\u0259sl\u0259ndirdiyi m\u0259s\u0259l\u0259l\u0259r y\u00fckl\u0259rin v\u0259 karbohidrogenl\u0259rin tranziti sah\u0259sind\u0259 birg\u0259 layih\u0259l\u0259rin faktiki olaraq tranzit m\u00fcnasib\u0259tl\u0259rinin t\u0259sir dair\u0259sind\u0259 h\u0259ll edilm\u0259si \u00fc\u00e7\u00fcn z\u0259min yaratd\u0131\u011f\u0131n\u0131 d\u00fc\u015f\u00fcnm\u0259k \u00fc\u00e7\u00fcn \u0259sas verir.\n<\/p>\n<p>\n  \u018fliyevin s\u0259f\u0259ri zaman\u0131 21 d\u00f6vl\u0259tl\u0259raras\u0131 s\u0259n\u0259d imzalan\u0131b, onlar\u0131n \u0259ks\u0259riyy\u0259ti logistika sah\u0259sin\u0259, o c\u00fcml\u0259d\u0259n g\u00f6mr\u00fck, s\u0259rh\u0259d prosedurlar\u0131na v\u0259 dig\u0259r prosedurlara aiddir.\n<\/p>\n<p>\n  Tranzit \u0259m\u0259kda\u015fl\u0131\u011f\u0131n\u0131n \u0259sas istiqam\u0259tl\u0259ri kimi a\u015fa\u011f\u0131dak\u0131lar g\u00f6st\u0259rilib:\n<\/p>\n<p>\n  <i><br \/>\n    <b><br \/>\n      1<br \/>\n    <\/b><br \/>\n    . Y\u00fckl\u0259rin X\u0259z\u0259r vasit\u0259sil\u0259 B\u00f6y\u00fck \u0130p\u0259k Yolu (Avropa-Qafqaz-M\u0259rk\u0259zi Asiya-\u00c7in) il\u0259 da\u015f\u0131nmas\u0131<br \/>\n  <\/i>\n<\/p>\n<p>\n  <i><br \/>\n    <b><br \/>\n      2<br \/>\n    <\/b><br \/>\n    . Y\u00fckl\u0259rin T\u00fcrkiy\u0259-G\u00fcrc\u00fcstan-Az\u0259rbaycan-T\u00fcrkm\u0259nistan-\u018ffqan\u0131stan mar\u015frutu il\u0259 da\u015f\u0131nmas\u0131 (Lazulit layih\u0259si)<br \/>\n  <\/i>\n<\/p>\n<p>\n  <i><br \/>\n    <b><br \/>\n      3<br \/>\n    <\/b><br \/>\n    . Transx\u0259z\u0259r qaz k\u0259m\u0259rinin tikintisi<br \/>\n  <\/i>\n<\/p>\n<p>\n  <i><br \/>\n    <b><br \/>\n      4<br \/>\n    <\/b><br \/>\n    . \u0130kit\u0259r\u0259fli ticar\u0259t d\u00f6vriyy\u0259sinin art\u0131r\u0131lmas\u0131.<br \/>\n  <\/i>\n<\/p>\n<p>\n  T\u0259r\u0259fl\u0259r 10 ildir bu yolda ir\u0259lil\u0259yirdil\u0259r. 2008-ci ilin noyabr\u0131nda v\u0259 2010-cu ilin avqustunda \u018fliyev v\u0259 Berd\u0131m\u0259h\u0259mm\u0259dov bir-birinin \u00f6lk\u0259sin\u0259 s\u0259f\u0259r edib, onlar\u0131n n\u0259tic\u0259l\u0259ri ticar\u0259t, ma\u015f\u0131nqay\u0131rma, neft v\u0259 qaz tranziti v\u0259 s. sah\u0259l\u0259rd\u0259 t\u0259drici, amma ard\u0131c\u0131l qar\u015f\u0131l\u0131ql\u0131 h\u0259r\u0259k\u0259tin b\u00fcn\u00f6vr\u0259sini qoyub.\n<\/p>\n<p>\n  \u0130kit\u0259r\u0259fli m\u00fcnasib\u0259tl\u0259rin yenid\u0259n inteqrasiyas\u0131, Avropa \u0130ttifaq\u0131n\u0131n d\u0259st\u0259yi v\u0259 Rusiya t\u0259r\u0259find\u0259n m\u00fcqavim\u0259tin olmamas\u0131, bu ilin avqustunda X\u0259z\u0259ryan\u0131 d\u00f6vl\u0259tl\u0259rin X\u0259z\u0259rl\u0259 ba\u011fl\u0131 siyasi-h\u00fcquqi sazi\u015f imzalamas\u0131 kimi amill\u0259r sonuncu raz\u0131la\u015fmalar\u0131n h\u0259yata ke\u00e7irilm\u0259sinin real v\u0259 t\u0259cili olmas\u0131na s\u0259b\u0259b olur. Sadalanan amill\u0259r \u00e7ox \u015fey v\u0259d ed\u0259n regional v\u0259 beyn\u0259lxalq s\u0259viyy\u0259li, o c\u00fcml\u0259d\u0259n karbohidrogenl\u0259rin i\u015fl\u0259nm\u0259si, n\u0259qli v\u0259 emal\u0131, y\u00fckl\u0259rin tranziti il\u0259 ba\u011fl\u0131 m\u00fcxt\u0259lif ideya v\u0259 layih\u0259l\u0259r y\u0131\u011f\u0131n\u0131 yarad\u0131r.\n<\/p>\n<p>\n  Berd\u0131m\u0259h\u0259mm\u0259dovun son iki ild\u0259 \u00e7oxplanl\u0131 tranzit d\u0259hlizinin inki\u015faf etdirilm\u0259si il\u0259 ba\u011fl\u0131 q\u0259rarlar\u0131 T\u00fcrkm\u0259nistan t\u0259r\u0259fin add\u0131mlar\u0131n\u0131n &#8220;Bit\u0259r\u0259f T\u00fcrkm\u0259nistan&#8221; konsepsiyas\u0131 \u00e7\u0259r\u00e7iv\u0259sind\u0259 h\u0259l\u0259 d\u0259 ba\u011fl\u0131 olan \u00f6lk\u0259nin a\u00e7\u0131lmas\u0131na y\u00f6n\u0259lmi\u015f d\u00fc\u015f\u00fcn\u00fclm\u00fc\u015f strateji xarakter da\u015f\u0131d\u0131\u011f\u0131n\u0131 g\u00f6st\u0259rir.\n<\/p>\n<p>\n  T\u00fcrkm\u0259nistan v\u0259 Az\u0259rbaycan\u0131n niyy\u0259tl\u0259rinin h\u0259yata ke\u00e7irilm\u0259sind\u0259 Moskva v\u0259 Br\u00fcsselin X\u0259z\u0259r regionu \u00fczr\u0259, art\u0131q qeyd edildiyi kimi, Transx\u0259z\u0259r layih\u0259l\u0259ri il\u0259 ba\u011fl\u0131 m\u00f6vqel\u0259rinin yax\u0131nla\u015fd\u0131r\u0131lmas\u0131d\u0131r. Moskva v\u0259 Br\u00fcsselin X\u0259z\u0259r probleml\u0259rin\u0259 bax\u0131\u015flar\u0131n\u0131n bir-birin\u0259 yax\u0131n olmas\u0131 Bak\u0131 v\u0259 A\u015fqabad\u0131n t\u0259\u015f\u0259bb\u00fcsl\u0259rini g\u00fccl\u0259ndirir v\u0259 b\u00f6y\u00fck karbohidrogen ehtiyatlar\u0131n\u0131n v\u0259 \u00e7oxistiqam\u0259tli n\u0259qliyyat yollar\u0131n\u0131n yerl\u0259\u015fdiyi regionda regional v\u0259 beyn\u0259lxalq oyun\u00e7ular\u0131n maraqlar\u0131n\u0131n birl\u0259\u015fdirilm\u0259si \u015fans\u0131 yarad\u0131r.<\/p>\n","protected":false},"excerpt":{"rendered":"<p>Az\u0259rbaycan prezidenti \u0130lham \u018fliyev v\u0259 T\u00fcrkm\u0259nistan prezidenti Qurbanqul\u0131 Berd\u0131m\u0259h\u0259mm\u0259dov Az\u0259rbaycan &#8230; <\/p>\n<p class=\"read-more-container\"><a title=\"Az\u0259rbaycanla T\u00fcrkm\u0259nistan\u0131n m\u00fcnasib\u0259tl\u0259rind\u0259 tranzit amili\" class=\"read-more button\" href=\"https:\/\/www.meydan.tv\/az\/article\/azerbaycanla-turkmenistanin-munasibetlerinde-tranzit-amili\/#more-192755\" aria-label=\"Read more about Az\u0259rbaycanla T\u00fcrkm\u0259nistan\u0131n m\u00fcnasib\u0259tl\u0259rind\u0259 tranzit amili\">Davam\u0131<\/a><\/p>\n","protected":false},"author":11,"featured_media":113176,"comment_status":"closed","ping_status":"open","sticky":false,"template":"","format":"standard","meta":{"_acf_changed":false,"_sitemap_exclude":false,"_sitemap_priority":"","_sitemap_frequency":"","footnotes":""},"categories":[51],"tags":[],"class_list":["post-192755","post","type-post","status-publish","format-standard","has-post-thumbnail","hentry","category-analitika","infinite-scroll-item","generate-columns","tablet-grid-50","mobile-grid-100","grid-parent","grid-33","no-featured-image-padding"],"acf":[],"yoast_head":"<!-- This site is optimized with the Yoast SEO plugin v27.4 - https:\/\/yoast.com\/product\/yoast-seo-wordpress\/ -->\n<title>Az\u0259rbaycanla T\u00fcrkm\u0259nistan\u0131n m\u00fcnasib\u0259tl\u0259rind\u0259 tranzit amili - MEYDAN.TV<\/title>\n<meta name=\"robots\" content=\"index, follow, max-snippet:-1, max-image-preview:large, max-video-preview:-1\" \/>\n<link rel=\"canonical\" href=\"https:\/\/www.meydan.tv\/az\/article\/azerbaycanla-turkmenistanin-munasibetlerinde-tranzit-amili\/\" \/>\n<meta property=\"og:locale\" content=\"az_AZ\" \/>\n<meta property=\"og:type\" content=\"article\" \/>\n<meta property=\"og:title\" content=\"Az\u0259rbaycanla T\u00fcrkm\u0259nistan\u0131n m\u00fcnasib\u0259tl\u0259rind\u0259 tranzit amili - MEYDAN.TV\" \/>\n<meta property=\"og:description\" content=\"Az\u0259rbaycan prezidenti \u0130lham \u018fliyev v\u0259 T\u00fcrkm\u0259nistan prezidenti Qurbanqul\u0131 Berd\u0131m\u0259h\u0259mm\u0259dov Az\u0259rbaycan ... Davam\u0131\" \/>\n<meta property=\"og:url\" content=\"https:\/\/www.meydan.tv\/az\/article\/azerbaycanla-turkmenistanin-munasibetlerinde-tranzit-amili\/\" \/>\n<meta property=\"og:site_name\" content=\"MEYDAN.TV\" \/>\n<meta property=\"article:published_time\" content=\"2018-11-27T12:34:29+00:00\" \/>\n<meta property=\"og:image\" content=\"https:\/\/www.meydan.tv\/wp-content\/uploads\/45096.jpg\" \/>\n\t<meta property=\"og:image:width\" content=\"800\" \/>\n\t<meta property=\"og:image:height\" content=\"526\" \/>\n\t<meta property=\"og:image:type\" content=\"image\/jpeg\" \/>\n<meta name=\"author\" content=\"user-manager\" \/>\n<meta name=\"twitter:card\" content=\"summary_large_image\" \/>\n<script type=\"application\/ld+json\" class=\"yoast-schema-graph\">{\"@context\":\"https:\\\/\\\/schema.org\",\"@graph\":[{\"@type\":\"Article\",\"@id\":\"https:\\\/\\\/www.meydan.tv\\\/az\\\/article\\\/azerbaycanla-turkmenistanin-munasibetlerinde-tranzit-amili\\\/#article\",\"isPartOf\":{\"@id\":\"https:\\\/\\\/www.meydan.tv\\\/az\\\/article\\\/azerbaycanla-turkmenistanin-munasibetlerinde-tranzit-amili\\\/\"},\"author\":{\"name\":\"user-manager\",\"@id\":\"https:\\\/\\\/www.meydan.tv\\\/az\\\/#\\\/schema\\\/person\\\/10d11eccf6da3662cf5fdab9806ea91a\"},\"headline\":\"Az\u0259rbaycanla T\u00fcrkm\u0259nistan\u0131n m\u00fcnasib\u0259tl\u0259rind\u0259 tranzit amili\",\"datePublished\":\"2018-11-27T12:34:29+00:00\",\"mainEntityOfPage\":{\"@id\":\"https:\\\/\\\/www.meydan.tv\\\/az\\\/article\\\/azerbaycanla-turkmenistanin-munasibetlerinde-tranzit-amili\\\/\"},\"wordCount\":798,\"publisher\":{\"@id\":\"https:\\\/\\\/www.meydan.tv\\\/az\\\/#organization\"},\"image\":{\"@id\":\"https:\\\/\\\/www.meydan.tv\\\/az\\\/article\\\/azerbaycanla-turkmenistanin-munasibetlerinde-tranzit-amili\\\/#primaryimage\"},\"thumbnailUrl\":\"https:\\\/\\\/www.meydan.tv\\\/wp-content\\\/uploads\\\/45096.jpg\",\"articleSection\":[\"Analitika\"],\"inLanguage\":\"az\"},{\"@type\":\"WebPage\",\"@id\":\"https:\\\/\\\/www.meydan.tv\\\/az\\\/article\\\/azerbaycanla-turkmenistanin-munasibetlerinde-tranzit-amili\\\/\",\"url\":\"https:\\\/\\\/www.meydan.tv\\\/az\\\/article\\\/azerbaycanla-turkmenistanin-munasibetlerinde-tranzit-amili\\\/\",\"name\":\"Az\u0259rbaycanla T\u00fcrkm\u0259nistan\u0131n m\u00fcnasib\u0259tl\u0259rind\u0259 tranzit amili - MEYDAN.TV\",\"isPartOf\":{\"@id\":\"https:\\\/\\\/www.meydan.tv\\\/az\\\/#website\"},\"primaryImageOfPage\":{\"@id\":\"https:\\\/\\\/www.meydan.tv\\\/az\\\/article\\\/azerbaycanla-turkmenistanin-munasibetlerinde-tranzit-amili\\\/#primaryimage\"},\"image\":{\"@id\":\"https:\\\/\\\/www.meydan.tv\\\/az\\\/article\\\/azerbaycanla-turkmenistanin-munasibetlerinde-tranzit-amili\\\/#primaryimage\"},\"thumbnailUrl\":\"https:\\\/\\\/www.meydan.tv\\\/wp-content\\\/uploads\\\/45096.jpg\",\"datePublished\":\"2018-11-27T12:34:29+00:00\",\"breadcrumb\":{\"@id\":\"https:\\\/\\\/www.meydan.tv\\\/az\\\/article\\\/azerbaycanla-turkmenistanin-munasibetlerinde-tranzit-amili\\\/#breadcrumb\"},\"inLanguage\":\"az\",\"potentialAction\":[{\"@type\":\"ReadAction\",\"target\":[\"https:\\\/\\\/www.meydan.tv\\\/az\\\/article\\\/azerbaycanla-turkmenistanin-munasibetlerinde-tranzit-amili\\\/\"]}]},{\"@type\":\"ImageObject\",\"inLanguage\":\"az\",\"@id\":\"https:\\\/\\\/www.meydan.tv\\\/az\\\/article\\\/azerbaycanla-turkmenistanin-munasibetlerinde-tranzit-amili\\\/#primaryimage\",\"url\":\"https:\\\/\\\/www.meydan.tv\\\/wp-content\\\/uploads\\\/45096.jpg\",\"contentUrl\":\"https:\\\/\\\/www.meydan.tv\\\/wp-content\\\/uploads\\\/45096.jpg\",\"width\":800,\"height\":526,\"caption\":\"Source:\"},{\"@type\":\"BreadcrumbList\",\"@id\":\"https:\\\/\\\/www.meydan.tv\\\/az\\\/article\\\/azerbaycanla-turkmenistanin-munasibetlerinde-tranzit-amili\\\/#breadcrumb\",\"itemListElement\":[{\"@type\":\"ListItem\",\"position\":1,\"name\":\"Ana s\u0259hif\u0259\",\"item\":\"https:\\\/\\\/www.meydan.tv\\\/az\\\/\"},{\"@type\":\"ListItem\",\"position\":2,\"name\":\"Analitika\",\"item\":\"https:\\\/\\\/www.meydan.tv\\\/az\\\/section\\\/analitika\\\/\"},{\"@type\":\"ListItem\",\"position\":3,\"name\":\"Az\u0259rbaycanla T\u00fcrkm\u0259nistan\u0131n m\u00fcnasib\u0259tl\u0259rind\u0259 tranzit amili\"}]},{\"@type\":\"WebSite\",\"@id\":\"https:\\\/\\\/www.meydan.tv\\\/az\\\/#website\",\"url\":\"https:\\\/\\\/www.meydan.tv\\\/az\\\/\",\"name\":\"MEYDAN.TV\",\"description\":\"Meydan TV Az\u0259rbaycan\u0131n media m\u0259kan\u0131ndak\u0131 alternativ s\u0259sidir\",\"publisher\":{\"@id\":\"https:\\\/\\\/www.meydan.tv\\\/az\\\/#organization\"},\"potentialAction\":[{\"@type\":\"SearchAction\",\"target\":{\"@type\":\"EntryPoint\",\"urlTemplate\":\"https:\\\/\\\/www.meydan.tv\\\/az\\\/?s={search_term_string}\"},\"query-input\":{\"@type\":\"PropertyValueSpecification\",\"valueRequired\":true,\"valueName\":\"search_term_string\"}}],\"inLanguage\":\"az\"},{\"@type\":\"Organization\",\"@id\":\"https:\\\/\\\/www.meydan.tv\\\/az\\\/#organization\",\"name\":\"Meydan TV\",\"url\":\"https:\\\/\\\/www.meydan.tv\\\/az\\\/\",\"logo\":{\"@type\":\"ImageObject\",\"inLanguage\":\"az\",\"@id\":\"https:\\\/\\\/www.meydan.tv\\\/az\\\/#\\\/schema\\\/logo\\\/image\\\/\",\"url\":\"https:\\\/\\\/www.meydan.tv\\\/wp-content\\\/uploads\\\/2021\\\/07\\\/meydan-logo.svg\",\"contentUrl\":\"https:\\\/\\\/www.meydan.tv\\\/wp-content\\\/uploads\\\/2021\\\/07\\\/meydan-logo.svg\",\"width\":195,\"height\":46,\"caption\":\"Meydan TV\"},\"image\":{\"@id\":\"https:\\\/\\\/www.meydan.tv\\\/az\\\/#\\\/schema\\\/logo\\\/image\\\/\"}},{\"@type\":\"Person\",\"@id\":\"https:\\\/\\\/www.meydan.tv\\\/az\\\/#\\\/schema\\\/person\\\/10d11eccf6da3662cf5fdab9806ea91a\",\"name\":\"user-manager\"}]}<\/script>\n<!-- \/ Yoast SEO plugin. -->","yoast_head_json":{"title":"Az\u0259rbaycanla T\u00fcrkm\u0259nistan\u0131n m\u00fcnasib\u0259tl\u0259rind\u0259 tranzit amili - MEYDAN.TV","robots":{"index":"index","follow":"follow","max-snippet":"max-snippet:-1","max-image-preview":"max-image-preview:large","max-video-preview":"max-video-preview:-1"},"canonical":"https:\/\/www.meydan.tv\/az\/article\/azerbaycanla-turkmenistanin-munasibetlerinde-tranzit-amili\/","og_locale":"az_AZ","og_type":"article","og_title":"Az\u0259rbaycanla T\u00fcrkm\u0259nistan\u0131n m\u00fcnasib\u0259tl\u0259rind\u0259 tranzit amili - MEYDAN.TV","og_description":"Az\u0259rbaycan prezidenti \u0130lham \u018fliyev v\u0259 T\u00fcrkm\u0259nistan prezidenti Qurbanqul\u0131 Berd\u0131m\u0259h\u0259mm\u0259dov Az\u0259rbaycan ... Davam\u0131","og_url":"https:\/\/www.meydan.tv\/az\/article\/azerbaycanla-turkmenistanin-munasibetlerinde-tranzit-amili\/","og_site_name":"MEYDAN.TV","article_published_time":"2018-11-27T12:34:29+00:00","og_image":[{"width":800,"height":526,"url":"https:\/\/www.meydan.tv\/wp-content\/uploads\/45096.jpg","type":"image\/jpeg"}],"author":"user-manager","twitter_card":"summary_large_image","schema":{"@context":"https:\/\/schema.org","@graph":[{"@type":"Article","@id":"https:\/\/www.meydan.tv\/az\/article\/azerbaycanla-turkmenistanin-munasibetlerinde-tranzit-amili\/#article","isPartOf":{"@id":"https:\/\/www.meydan.tv\/az\/article\/azerbaycanla-turkmenistanin-munasibetlerinde-tranzit-amili\/"},"author":{"name":"user-manager","@id":"https:\/\/www.meydan.tv\/az\/#\/schema\/person\/10d11eccf6da3662cf5fdab9806ea91a"},"headline":"Az\u0259rbaycanla T\u00fcrkm\u0259nistan\u0131n m\u00fcnasib\u0259tl\u0259rind\u0259 tranzit amili","datePublished":"2018-11-27T12:34:29+00:00","mainEntityOfPage":{"@id":"https:\/\/www.meydan.tv\/az\/article\/azerbaycanla-turkmenistanin-munasibetlerinde-tranzit-amili\/"},"wordCount":798,"publisher":{"@id":"https:\/\/www.meydan.tv\/az\/#organization"},"image":{"@id":"https:\/\/www.meydan.tv\/az\/article\/azerbaycanla-turkmenistanin-munasibetlerinde-tranzit-amili\/#primaryimage"},"thumbnailUrl":"https:\/\/www.meydan.tv\/wp-content\/uploads\/45096.jpg","articleSection":["Analitika"],"inLanguage":"az"},{"@type":"WebPage","@id":"https:\/\/www.meydan.tv\/az\/article\/azerbaycanla-turkmenistanin-munasibetlerinde-tranzit-amili\/","url":"https:\/\/www.meydan.tv\/az\/article\/azerbaycanla-turkmenistanin-munasibetlerinde-tranzit-amili\/","name":"Az\u0259rbaycanla T\u00fcrkm\u0259nistan\u0131n m\u00fcnasib\u0259tl\u0259rind\u0259 tranzit amili - MEYDAN.TV","isPartOf":{"@id":"https:\/\/www.meydan.tv\/az\/#website"},"primaryImageOfPage":{"@id":"https:\/\/www.meydan.tv\/az\/article\/azerbaycanla-turkmenistanin-munasibetlerinde-tranzit-amili\/#primaryimage"},"image":{"@id":"https:\/\/www.meydan.tv\/az\/article\/azerbaycanla-turkmenistanin-munasibetlerinde-tranzit-amili\/#primaryimage"},"thumbnailUrl":"https:\/\/www.meydan.tv\/wp-content\/uploads\/45096.jpg","datePublished":"2018-11-27T12:34:29+00:00","breadcrumb":{"@id":"https:\/\/www.meydan.tv\/az\/article\/azerbaycanla-turkmenistanin-munasibetlerinde-tranzit-amili\/#breadcrumb"},"inLanguage":"az","potentialAction":[{"@type":"ReadAction","target":["https:\/\/www.meydan.tv\/az\/article\/azerbaycanla-turkmenistanin-munasibetlerinde-tranzit-amili\/"]}]},{"@type":"ImageObject","inLanguage":"az","@id":"https:\/\/www.meydan.tv\/az\/article\/azerbaycanla-turkmenistanin-munasibetlerinde-tranzit-amili\/#primaryimage","url":"https:\/\/www.meydan.tv\/wp-content\/uploads\/45096.jpg","contentUrl":"https:\/\/www.meydan.tv\/wp-content\/uploads\/45096.jpg","width":800,"height":526,"caption":"Source:"},{"@type":"BreadcrumbList","@id":"https:\/\/www.meydan.tv\/az\/article\/azerbaycanla-turkmenistanin-munasibetlerinde-tranzit-amili\/#breadcrumb","itemListElement":[{"@type":"ListItem","position":1,"name":"Ana s\u0259hif\u0259","item":"https:\/\/www.meydan.tv\/az\/"},{"@type":"ListItem","position":2,"name":"Analitika","item":"https:\/\/www.meydan.tv\/az\/section\/analitika\/"},{"@type":"ListItem","position":3,"name":"Az\u0259rbaycanla T\u00fcrkm\u0259nistan\u0131n m\u00fcnasib\u0259tl\u0259rind\u0259 tranzit amili"}]},{"@type":"WebSite","@id":"https:\/\/www.meydan.tv\/az\/#website","url":"https:\/\/www.meydan.tv\/az\/","name":"MEYDAN.TV","description":"Meydan TV Az\u0259rbaycan\u0131n media m\u0259kan\u0131ndak\u0131 alternativ s\u0259sidir","publisher":{"@id":"https:\/\/www.meydan.tv\/az\/#organization"},"potentialAction":[{"@type":"SearchAction","target":{"@type":"EntryPoint","urlTemplate":"https:\/\/www.meydan.tv\/az\/?s={search_term_string}"},"query-input":{"@type":"PropertyValueSpecification","valueRequired":true,"valueName":"search_term_string"}}],"inLanguage":"az"},{"@type":"Organization","@id":"https:\/\/www.meydan.tv\/az\/#organization","name":"Meydan TV","url":"https:\/\/www.meydan.tv\/az\/","logo":{"@type":"ImageObject","inLanguage":"az","@id":"https:\/\/www.meydan.tv\/az\/#\/schema\/logo\/image\/","url":"https:\/\/www.meydan.tv\/wp-content\/uploads\/2021\/07\/meydan-logo.svg","contentUrl":"https:\/\/www.meydan.tv\/wp-content\/uploads\/2021\/07\/meydan-logo.svg","width":195,"height":46,"caption":"Meydan TV"},"image":{"@id":"https:\/\/www.meydan.tv\/az\/#\/schema\/logo\/image\/"}},{"@type":"Person","@id":"https:\/\/www.meydan.tv\/az\/#\/schema\/person\/10d11eccf6da3662cf5fdab9806ea91a","name":"user-manager"}]}},"_links":{"self":[{"href":"https:\/\/www.meydan.tv\/az\/wp-json\/wp\/v2\/posts\/192755","targetHints":{"allow":["GET"]}}],"collection":[{"href":"https:\/\/www.meydan.tv\/az\/wp-json\/wp\/v2\/posts"}],"about":[{"href":"https:\/\/www.meydan.tv\/az\/wp-json\/wp\/v2\/types\/post"}],"author":[{"embeddable":true,"href":"https:\/\/www.meydan.tv\/az\/wp-json\/wp\/v2\/users\/11"}],"replies":[{"embeddable":true,"href":"https:\/\/www.meydan.tv\/az\/wp-json\/wp\/v2\/comments?post=192755"}],"version-history":[{"count":0,"href":"https:\/\/www.meydan.tv\/az\/wp-json\/wp\/v2\/posts\/192755\/revisions"}],"wp:featuredmedia":[{"embeddable":true,"href":"https:\/\/www.meydan.tv\/az\/wp-json\/wp\/v2\/media\/113176"}],"wp:attachment":[{"href":"https:\/\/www.meydan.tv\/az\/wp-json\/wp\/v2\/media?parent=192755"}],"wp:term":[{"taxonomy":"category","embeddable":true,"href":"https:\/\/www.meydan.tv\/az\/wp-json\/wp\/v2\/categories?post=192755"},{"taxonomy":"post_tag","embeddable":true,"href":"https:\/\/www.meydan.tv\/az\/wp-json\/wp\/v2\/tags?post=192755"}],"curies":[{"name":"wp","href":"https:\/\/api.w.org\/{rel}","templated":true}]}}