{"id":192746,"date":"2018-11-26T20:16:36","date_gmt":"2018-11-26T20:16:36","guid":{"rendered":"https:\/\/www.meydan.tv\/article\/taleh-bagirzade-men-gercek-dindaramsa-ilk-isim-zulmkarin-qarsisinda-susmamaqdir\/"},"modified":"2018-11-26T20:16:36","modified_gmt":"2018-11-26T20:16:36","slug":"taleh-bagirzade-men-gercek-dindaramsa-ilk-isim-zulmkarin-qarsisinda-susmamaqdir","status":"publish","type":"post","link":"https:\/\/www.meydan.tv\/az\/article\/taleh-bagirzade-men-gercek-dindaramsa-ilk-isim-zulmkarin-qarsisinda-susmamaqdir\/","title":{"rendered":"Taleh Ba\u011f\u0131rzad\u0259: M\u0259n ger\u00e7\u0259k dindaramsa, ilk i\u015fim z\u00fclmkar\u0131n qar\u015f\u0131s\u0131nda susmamaqd\u0131r"},"content":{"rendered":"<figure class=\"wp-block-image size-large\">\n  <img decoding=\"async\" src=\"https:\/\/www.meydan.tv\/az\/tale-bagirzade-4\/\" alt=\"Tale Ba\u011f\u0131rzad\u0259\" class=\"wp-image-89308\"\/><figcaption>\n    Tale Ba\u011f\u0131rzad\u0259<br \/>\n  <\/figcaption><\/figure>\n<p>\n  <i><br \/>\n    Nardaran hadis\u0259l\u0259rind\u0259n 3 il \u00f6t\u00fcr<br \/>\n  <\/i>\n<\/p>\n<p>\n  Bak\u0131n\u0131n Nardaran q\u0259s\u0259b\u0259sind\u0259 6 n\u0259f\u0259rin \u00f6l\u00fcm\u00fc, ilahiyyat\u00e7\u0131 Taleh Ba\u011f\u0131rzad\u0259, AXCP s\u0259drinin m\u00fcavini Fuad Q\u0259hr\u0259manl\u0131 da daxil olmaqla, 80-\u0259 yax\u0131n insan\u0131n h\u0259bsil\u0259 n\u0259tic\u0259l\u0259n\u0259n Nardaran \u0259m\u0259liyyat\u0131n\u0131n \u00fc\u00e7 ili tamam oldu. \u201cM\u00fcs\u0259lman Birliyi\u201d H\u0259r\u0259kat\u0131n\u0131n s\u0259dri, 20 il h\u0259bs c\u0259zas\u0131 al\u0131b Qobustan h\u0259bsxanas\u0131nda saxlan\u0131lan Taleh Ba\u011f\u0131rzad\u0259 Nardaran hadis\u0259l\u0259rinin \u00fc\u00e7\u00fcnc\u00fc ild\u00f6n\u00fcm\u00fcnd\u0259 h\u0259min olaylar\u0131 bir daha t\u0259hlil edib. Meydan TV yax\u0131nlar\u0131 vasit\u0259sil\u0259 g\u00f6nd\u0259ril\u0259n h\u0259min t\u0259hlili d\u0259rc edir:\n<\/p>\n<p>\n  \u201c\u0130ll\u0259r ke\u00e7ir v\u0259 ba\u015f ver\u0259nl\u0259ri daha soyuqqanl\u0131 \u015f\u0259kild\u0259 t\u0259hlil edib, f\u0259rqli n\u0259tic\u0259l\u0259r \u00e7\u0131xarma\u011fa \u00e7al\u0131\u015f\u0131rsan. Bu bax\u0131mdan, 2015-ci ild\u0259 Nardaran k\u0259ndind\u0259 ba\u015f ver\u0259n hadis\u0259l\u0259ri d\u0259 yenid\u0259n d\u0259y\u0259rl\u0259ndirir, \u201cba\u015fqa nec\u0259 ola bil\u0259rdi ki, bu q\u0259d\u0259r amans\u0131zl\u0131q ba\u015f verm\u0259sin?\n<\/p>\n<p>\n  Amma \u00f6t\u0259n \u00fc\u00e7 il \u0259rzind\u0259 \u00f6lk\u0259d\u0259 ba\u015f ver\u0259nl\u0259ri, h\u0259m\u00e7inin 2015-ci ilin 26 noyabr\u0131ndan \u0259vv\u0259l d\u0259 olanlar\u0131 xat\u0131rlay\u0131b, bir daha \u0259min oluram ki, Nardaran hadis\u0259l\u0259ri d\u00fc\u015f\u00fcn\u00fcl\u00fcb h\u0259yata ke\u00e7irilmi\u015fdi. V\u0259 bunu ed\u0259n hakimiyy\u0259tin mahiyy\u0259tind\u0259 el\u0259 bir zorak\u0131l\u0131q var ki, bu hadis\u0259l\u0259r qa\u00e7\u0131lmazd\u0131. Elmar H\u00fcseynov, Ziya B\u00fcnyadov kimi insanlar\u0131n \u00f6ld\u00fcr\u00fclm\u0259si qa\u00e7\u0131lmaz ola bil\u0259rdimi? Yox! \u00c7\u00fcnki nec\u0259 dey\u0259rl\u0259r, onlar \u201csiyas\u0259t\u0259 qar\u0131\u015fm\u0131\u015fd\u0131lar\u201d. Bu \u00f6lk\u0259d\u0259 zal\u0131m\u0131n z\u00fclm\u00fcn\u0259 \u201cyox\u201d dey\u0259nin z\u00fclm\u0259 tu\u015f g\u0259lm\u0259si is\u0259 lab\u00fcdd\u00fcr.\n<\/p>\n<p>\n  26 noyabrda da Az\u0259rbaycanda \u201csiyas\u0259t\u0259 qar\u0131\u015fan\u201d dindarlar\u0131 z\u0259r\u0259rsizl\u0259\u015fdirm\u0259k \u00fc\u00e7\u00fcn zal\u0131mlar bel\u0259 amans\u0131zl\u0131\u011fa \u0259l atd\u0131lar. Lakin bu q\u0259ddarl\u0131q Nardaran hadis\u0259l\u0259ril\u0259 bitm\u0259di. G\u0259nc\u0259d\u0259 ba\u015f ver\u0259n qarmaqar\u0131\u015f\u0131ql\u0131qdan istifad\u0259 ed\u0259n hakimiyy\u0259t sor\u011fu-suals\u0131z, m\u0259hk\u0259m\u0259siz, he\u00e7 bir cinay\u0259tini s\u00fcbuta yetirm\u0259diyi insanlar\u0131 q\u0259tl\u0259 yetirm\u0259y\u0259 ba\u015flad\u0131. Bununla da kifay\u0259tl\u0259nm\u0259di, q\u0259tl\u0259 yetirdiyi insanlar\u0131n n\u0259\u015fini bel\u0259 ail\u0259l\u0259rin\u0259 vermir.\n<\/p>\n<p>\n  \u0130ll\u0259rdir \u00f6lk\u0259d\u0259 kim d\u00fc\u015f\u00fcn\u0259 bilirs\u0259, haqq\u0131n\u0131 t\u0259l\u0259b edirs\u0259, dan\u0131\u015f\u0131rsa, iki aqib\u0259tl\u0259 \u00fcz-\u00fcz\u0259 qal\u0131r \u2013 \u015f\u0259rl\u0259nm\u0259k v\u0259 h\u0259bsxanaya g\u00f6nd\u0259rilm\u0259k. Uzun ill\u0259rdir ki, m\u00fcxalif d\u00fc\u015f\u00fcn\u0259n h\u0259r bir insan bununla \u00fcz-\u00fcz\u0259 idi. Dindarlar\u0131n siyas\u0259t\u0259 qar\u0131\u015fmas\u0131 is\u0259 hakimiyy\u0259tin s\u0259brini da\u015f\u0131rd\u0131. Onlar m\u0259ni h\u0259bs ed\u0259nd\u0259 \u201cdindar adamsan, get, ibad\u0259tini el\u0259, namaz\u0131n\u0131 q\u0131l, n\u0259 i\u015fin var siyas\u0259tl\u0259?\u201d deyib, guya \u201cd\u00fcz yol\u201d g\u00f6st\u0259rm\u0259k ist\u0259yirdil\u0259r. Bel\u0259l\u0259rin\u0259 h\u0259r zaman cavab\u0131m bu olub: \u018fksin\u0259, m\u0259n ger\u00e7\u0259k dindaramsa, ilk i\u015fim z\u00fclmkar\u0131n qar\u015f\u0131s\u0131nda susmamaqd\u0131r.\n<\/p>\n<p>\n  Biz siyas\u0259t\u0259 qar\u0131\u015f\u0131b n\u0259 edirdik?\n<\/p>\n<p>\n  Talana, \u00f6lk\u0259nin b\u00fcdc\u0259sini o\u011furlama\u011fa, insanlar\u0131 \u015f\u0259rl\u0259yib h\u0259bsxanaya atma\u011fa al\u0131\u015fm\u0131\u015f bir hakimiyy\u0259tin bu \u0259m\u0259ll\u0259rin\u0259 qar\u015f\u0131 \u00e7\u0131x\u0131rd\u0131q. Bu, siyas\u0259t\u0259 qar\u0131\u015fmaqd\u0131rsa, b\u0259li, biz siyas\u0259t\u0259 qar\u0131\u015f\u0131rd\u0131q v\u0259 bundan sonra da eyni \u015f\u0259kild\u0259 qar\u0131\u015faca\u011f\u0131q. \u00c7\u00fcnki bu \u00f6lk\u0259d\u0259 t\u0259m\u0259l h\u00fcquqlar\u0131ndan m\u0259hrum edilmi\u015f insanlar\u0131n haqq\u0131 \u00fc\u00e7\u00fcn sava\u015fmaq h\u0259r bir m\u00fcs\u0259lman\u0131n borcudur.\n<\/p>\n<p>\n  26 noyabr etiraz\u0131n zal\u0131m\u0131n z\u00fclm\u00fcn\u0259 tu\u015f g\u0259l\u0259n g\u00fcn\u00fc idi. \u201cM\u00fcs\u0259lman Birliyi\u201d H\u0259r\u0259kat\u0131 yarand\u0131\u011f\u0131 ilk g\u00fcnd\u0259n onun m\u00f6vcudlu\u011fundan xoflanm\u0131\u015f hakimiyy\u0259t h\u0259yata ke\u00e7irdiyi qanl\u0131 \u0259m\u0259liyyat zaman\u0131 \u00f6z\u00fcn\u00fcn b\u00fct\u00fcn mahiyy\u0259tini ortaya qoydu. B\u0259lli oldu ki, o, haqq dey\u0259ni c\u0259zaland\u0131rmaq \u00fc\u00e7\u00fcn h\u0259tta \u00f6z polisini bel\u0259 \u00f6ld\u00fcrm\u0259y\u0259 qadirdir.\n<\/p>\n<p>\n  26 noyabr hadis\u0259si m\u00fcasir Az\u0259rbaycan tarixind\u0259 a\u00e7\u0131q \u015f\u0259kild\u0259 t\u00f6r\u0259dil\u0259n \u0259n b\u00f6y\u00fck cinay\u0259tl\u0259rd\u0259n biridir. Tarix y\u0259qin ki, bu g\u00fcn\u00fcn qiym\u0259tini ver\u0259c\u0259k. Biz, \u201cM\u00fcs\u0259lman Birliyi\u201d H\u0259r\u0259kat\u0131 olaraq, \u00f6z\u00fcm\u00fczd\u0259n v\u0259 apard\u0131\u011f\u0131m\u0131z m\u00fcbariz\u0259nin s\u0259mimiliyind\u0259n he\u00e7 vaxt \u015f\u00fcbh\u0259 etm\u0259dik. M\u0259hk\u0259m\u0259l\u0259rimiz zaman\u0131 nec\u0259 bu cinay\u0259t if\u015fa olundusa, tarixd\u0259 d\u0259 eyni \u015f\u0259kild\u0259 v\u0259 daha \u00e7ox if\u015fa olunacaq.\n<\/p>\n<p>\n  Unutmayaq, tarix insanl\u0131\u011f\u0131n yadda\u015f\u0131d\u0131r. Bu g\u00fcn o yadda\u015f biz\u0259 Yezid\u0259 l\u0259n\u0259t oxutdurdu\u011fu kimi, haqq sava\u015f\u00e7\u0131s\u0131 Hz. H\u00fcseyn\u0259 d\u0259 r\u0259hm\u0259t oxutdurur.\n<\/p>\n<p>\n  \u00d6l\u00fcml\u00fc olan bu d\u00fcnyada ala bil\u0259c\u0259yimiz t\u0259k qazanc da budur zat\u0259n &#8211; r\u0259hm\u0259t v\u0259 l\u0259n\u0259t!\n<\/p>\n<p>\n  Biz bu hadis\u0259l\u0259rd\u0259 r\u0259hm\u0259t qazand\u0131\u011fm\u0131zadan \u015f\u00fcbh\u0259 etmirik. \u00c7\u00fcnki haqq\u0131 deyib, s\u0259mimi \u015f\u0259kild\u0259 insanlar\u0131n haqq\u0131n\u0131n onlara verilm\u0259sini ist\u0259dik.\n<\/p>\n<p>\n  L\u0259n\u0259t qazanansa, qoy \u00f6z\u00fc \u00f6z qazand\u0131\u011f\u0131n\u0131n qiym\u0259tini versin.\n<\/p>\n<p>\n  Uca r\u0259bbim Nardaran hadis\u0259l\u0259ri zaman\u0131 \u00f6ld\u00fcr\u00fclm\u00fc\u015f b\u00fct\u00fcn soyda\u015flar\u0131m\u0131za r\u0259hm\u0259t el\u0259sin! Amin!\u201d\n<\/p>\n<p>\n  <i><br \/>\n    <b><br \/>\n      Taleh Ba\u011f\u0131rzad\u0259, Qobustan h\u0259bsxanas\u0131<br \/>\n    <\/b><br \/>\n  <\/i><\/p>\n","protected":false},"excerpt":{"rendered":"<p>Nardaran hadis\u0259l\u0259rind\u0259n 3 il \u00f6t\u00fcr<\/p>\n","protected":false},"author":11,"featured_media":89308,"comment_status":"closed","ping_status":"open","sticky":false,"template":"","format":"standard","meta":{"_acf_changed":false,"_sitemap_exclude":false,"_sitemap_priority":"","_sitemap_frequency":"","footnotes":""},"categories":[57],"tags":[],"class_list":["post-192746","post","type-post","status-publish","format-standard","has-post-thumbnail","hentry","category-menim-fikrimce","infinite-scroll-item","generate-columns","tablet-grid-50","mobile-grid-100","grid-parent","grid-33","no-featured-image-padding"],"acf":[],"yoast_head":"<!-- This site is optimized with the Yoast SEO plugin v27.4 - https:\/\/yoast.com\/product\/yoast-seo-wordpress\/ -->\n<title>Taleh Ba\u011f\u0131rzad\u0259: M\u0259n ger\u00e7\u0259k dindaramsa, ilk i\u015fim z\u00fclmkar\u0131n qar\u015f\u0131s\u0131nda susmamaqd\u0131r - MEYDAN.TV<\/title>\n<meta name=\"robots\" content=\"index, follow, max-snippet:-1, max-image-preview:large, max-video-preview:-1\" \/>\n<link rel=\"canonical\" href=\"https:\/\/www.meydan.tv\/az\/article\/taleh-bagirzade-men-gercek-dindaramsa-ilk-isim-zulmkarin-qarsisinda-susmamaqdir\/\" \/>\n<meta property=\"og:locale\" content=\"az_AZ\" \/>\n<meta property=\"og:type\" content=\"article\" \/>\n<meta property=\"og:title\" content=\"Taleh Ba\u011f\u0131rzad\u0259: M\u0259n ger\u00e7\u0259k dindaramsa, ilk i\u015fim z\u00fclmkar\u0131n qar\u015f\u0131s\u0131nda susmamaqd\u0131r - MEYDAN.TV\" \/>\n<meta property=\"og:description\" content=\"Nardaran hadis\u0259l\u0259rind\u0259n 3 il \u00f6t\u00fcr\" \/>\n<meta property=\"og:url\" content=\"https:\/\/www.meydan.tv\/az\/article\/taleh-bagirzade-men-gercek-dindaramsa-ilk-isim-zulmkarin-qarsisinda-susmamaqdir\/\" \/>\n<meta property=\"og:site_name\" content=\"MEYDAN.TV\" \/>\n<meta property=\"article:published_time\" content=\"2018-11-26T20:16:36+00:00\" \/>\n<meta property=\"og:image\" content=\"https:\/\/www.meydan.tv\/wp-content\/uploads\/35212-scaled.jpg\" \/>\n\t<meta property=\"og:image:width\" content=\"2560\" \/>\n\t<meta property=\"og:image:height\" content=\"1164\" \/>\n\t<meta property=\"og:image:type\" content=\"image\/jpeg\" \/>\n<meta name=\"author\" content=\"user-manager\" \/>\n<meta name=\"twitter:card\" content=\"summary_large_image\" \/>\n<script type=\"application\/ld+json\" class=\"yoast-schema-graph\">{\"@context\":\"https:\\\/\\\/schema.org\",\"@graph\":[{\"@type\":\"Article\",\"@id\":\"https:\\\/\\\/www.meydan.tv\\\/az\\\/article\\\/taleh-bagirzade-men-gercek-dindaramsa-ilk-isim-zulmkarin-qarsisinda-susmamaqdir\\\/#article\",\"isPartOf\":{\"@id\":\"https:\\\/\\\/www.meydan.tv\\\/az\\\/article\\\/taleh-bagirzade-men-gercek-dindaramsa-ilk-isim-zulmkarin-qarsisinda-susmamaqdir\\\/\"},\"author\":{\"name\":\"user-manager\",\"@id\":\"https:\\\/\\\/www.meydan.tv\\\/az\\\/#\\\/schema\\\/person\\\/10d11eccf6da3662cf5fdab9806ea91a\"},\"headline\":\"Taleh Ba\u011f\u0131rzad\u0259: M\u0259n ger\u00e7\u0259k dindaramsa, ilk i\u015fim z\u00fclmkar\u0131n qar\u015f\u0131s\u0131nda susmamaqd\u0131r\",\"datePublished\":\"2018-11-26T20:16:36+00:00\",\"mainEntityOfPage\":{\"@id\":\"https:\\\/\\\/www.meydan.tv\\\/az\\\/article\\\/taleh-bagirzade-men-gercek-dindaramsa-ilk-isim-zulmkarin-qarsisinda-susmamaqdir\\\/\"},\"wordCount\":910,\"publisher\":{\"@id\":\"https:\\\/\\\/www.meydan.tv\\\/az\\\/#organization\"},\"image\":{\"@id\":\"https:\\\/\\\/www.meydan.tv\\\/az\\\/article\\\/taleh-bagirzade-men-gercek-dindaramsa-ilk-isim-zulmkarin-qarsisinda-susmamaqdir\\\/#primaryimage\"},\"thumbnailUrl\":\"https:\\\/\\\/www.meydan.tv\\\/wp-content\\\/uploads\\\/35212-scaled.jpg\",\"articleSection\":[\"M\u0259nim Fikrimc\u0259\"],\"inLanguage\":\"az\"},{\"@type\":\"WebPage\",\"@id\":\"https:\\\/\\\/www.meydan.tv\\\/az\\\/article\\\/taleh-bagirzade-men-gercek-dindaramsa-ilk-isim-zulmkarin-qarsisinda-susmamaqdir\\\/\",\"url\":\"https:\\\/\\\/www.meydan.tv\\\/az\\\/article\\\/taleh-bagirzade-men-gercek-dindaramsa-ilk-isim-zulmkarin-qarsisinda-susmamaqdir\\\/\",\"name\":\"Taleh Ba\u011f\u0131rzad\u0259: M\u0259n ger\u00e7\u0259k dindaramsa, ilk i\u015fim z\u00fclmkar\u0131n qar\u015f\u0131s\u0131nda susmamaqd\u0131r - MEYDAN.TV\",\"isPartOf\":{\"@id\":\"https:\\\/\\\/www.meydan.tv\\\/az\\\/#website\"},\"primaryImageOfPage\":{\"@id\":\"https:\\\/\\\/www.meydan.tv\\\/az\\\/article\\\/taleh-bagirzade-men-gercek-dindaramsa-ilk-isim-zulmkarin-qarsisinda-susmamaqdir\\\/#primaryimage\"},\"image\":{\"@id\":\"https:\\\/\\\/www.meydan.tv\\\/az\\\/article\\\/taleh-bagirzade-men-gercek-dindaramsa-ilk-isim-zulmkarin-qarsisinda-susmamaqdir\\\/#primaryimage\"},\"thumbnailUrl\":\"https:\\\/\\\/www.meydan.tv\\\/wp-content\\\/uploads\\\/35212-scaled.jpg\",\"datePublished\":\"2018-11-26T20:16:36+00:00\",\"breadcrumb\":{\"@id\":\"https:\\\/\\\/www.meydan.tv\\\/az\\\/article\\\/taleh-bagirzade-men-gercek-dindaramsa-ilk-isim-zulmkarin-qarsisinda-susmamaqdir\\\/#breadcrumb\"},\"inLanguage\":\"az\",\"potentialAction\":[{\"@type\":\"ReadAction\",\"target\":[\"https:\\\/\\\/www.meydan.tv\\\/az\\\/article\\\/taleh-bagirzade-men-gercek-dindaramsa-ilk-isim-zulmkarin-qarsisinda-susmamaqdir\\\/\"]}]},{\"@type\":\"ImageObject\",\"inLanguage\":\"az\",\"@id\":\"https:\\\/\\\/www.meydan.tv\\\/az\\\/article\\\/taleh-bagirzade-men-gercek-dindaramsa-ilk-isim-zulmkarin-qarsisinda-susmamaqdir\\\/#primaryimage\",\"url\":\"https:\\\/\\\/www.meydan.tv\\\/wp-content\\\/uploads\\\/35212-scaled.jpg\",\"contentUrl\":\"https:\\\/\\\/www.meydan.tv\\\/wp-content\\\/uploads\\\/35212-scaled.jpg\",\"width\":2560,\"height\":1164,\"caption\":\"Source:\"},{\"@type\":\"BreadcrumbList\",\"@id\":\"https:\\\/\\\/www.meydan.tv\\\/az\\\/article\\\/taleh-bagirzade-men-gercek-dindaramsa-ilk-isim-zulmkarin-qarsisinda-susmamaqdir\\\/#breadcrumb\",\"itemListElement\":[{\"@type\":\"ListItem\",\"position\":1,\"name\":\"Ana s\u0259hif\u0259\",\"item\":\"https:\\\/\\\/www.meydan.tv\\\/az\\\/\"},{\"@type\":\"ListItem\",\"position\":2,\"name\":\"M\u0259nim Fikrimc\u0259\",\"item\":\"https:\\\/\\\/www.meydan.tv\\\/az\\\/section\\\/menim-fikrimce\\\/\"},{\"@type\":\"ListItem\",\"position\":3,\"name\":\"Taleh Ba\u011f\u0131rzad\u0259: M\u0259n ger\u00e7\u0259k dindaramsa, ilk i\u015fim z\u00fclmkar\u0131n qar\u015f\u0131s\u0131nda susmamaqd\u0131r\"}]},{\"@type\":\"WebSite\",\"@id\":\"https:\\\/\\\/www.meydan.tv\\\/az\\\/#website\",\"url\":\"https:\\\/\\\/www.meydan.tv\\\/az\\\/\",\"name\":\"MEYDAN.TV\",\"description\":\"Meydan TV Az\u0259rbaycan\u0131n media m\u0259kan\u0131ndak\u0131 alternativ s\u0259sidir\",\"publisher\":{\"@id\":\"https:\\\/\\\/www.meydan.tv\\\/az\\\/#organization\"},\"potentialAction\":[{\"@type\":\"SearchAction\",\"target\":{\"@type\":\"EntryPoint\",\"urlTemplate\":\"https:\\\/\\\/www.meydan.tv\\\/az\\\/?s={search_term_string}\"},\"query-input\":{\"@type\":\"PropertyValueSpecification\",\"valueRequired\":true,\"valueName\":\"search_term_string\"}}],\"inLanguage\":\"az\"},{\"@type\":\"Organization\",\"@id\":\"https:\\\/\\\/www.meydan.tv\\\/az\\\/#organization\",\"name\":\"Meydan TV\",\"url\":\"https:\\\/\\\/www.meydan.tv\\\/az\\\/\",\"logo\":{\"@type\":\"ImageObject\",\"inLanguage\":\"az\",\"@id\":\"https:\\\/\\\/www.meydan.tv\\\/az\\\/#\\\/schema\\\/logo\\\/image\\\/\",\"url\":\"https:\\\/\\\/www.meydan.tv\\\/wp-content\\\/uploads\\\/2021\\\/07\\\/meydan-logo.svg\",\"contentUrl\":\"https:\\\/\\\/www.meydan.tv\\\/wp-content\\\/uploads\\\/2021\\\/07\\\/meydan-logo.svg\",\"width\":195,\"height\":46,\"caption\":\"Meydan TV\"},\"image\":{\"@id\":\"https:\\\/\\\/www.meydan.tv\\\/az\\\/#\\\/schema\\\/logo\\\/image\\\/\"}},{\"@type\":\"Person\",\"@id\":\"https:\\\/\\\/www.meydan.tv\\\/az\\\/#\\\/schema\\\/person\\\/10d11eccf6da3662cf5fdab9806ea91a\",\"name\":\"user-manager\"}]}<\/script>\n<!-- \/ Yoast SEO plugin. -->","yoast_head_json":{"title":"Taleh Ba\u011f\u0131rzad\u0259: M\u0259n ger\u00e7\u0259k dindaramsa, ilk i\u015fim z\u00fclmkar\u0131n qar\u015f\u0131s\u0131nda susmamaqd\u0131r - MEYDAN.TV","robots":{"index":"index","follow":"follow","max-snippet":"max-snippet:-1","max-image-preview":"max-image-preview:large","max-video-preview":"max-video-preview:-1"},"canonical":"https:\/\/www.meydan.tv\/az\/article\/taleh-bagirzade-men-gercek-dindaramsa-ilk-isim-zulmkarin-qarsisinda-susmamaqdir\/","og_locale":"az_AZ","og_type":"article","og_title":"Taleh Ba\u011f\u0131rzad\u0259: M\u0259n ger\u00e7\u0259k dindaramsa, ilk i\u015fim z\u00fclmkar\u0131n qar\u015f\u0131s\u0131nda susmamaqd\u0131r - MEYDAN.TV","og_description":"Nardaran hadis\u0259l\u0259rind\u0259n 3 il \u00f6t\u00fcr","og_url":"https:\/\/www.meydan.tv\/az\/article\/taleh-bagirzade-men-gercek-dindaramsa-ilk-isim-zulmkarin-qarsisinda-susmamaqdir\/","og_site_name":"MEYDAN.TV","article_published_time":"2018-11-26T20:16:36+00:00","og_image":[{"width":2560,"height":1164,"url":"https:\/\/www.meydan.tv\/wp-content\/uploads\/35212-scaled.jpg","type":"image\/jpeg"}],"author":"user-manager","twitter_card":"summary_large_image","schema":{"@context":"https:\/\/schema.org","@graph":[{"@type":"Article","@id":"https:\/\/www.meydan.tv\/az\/article\/taleh-bagirzade-men-gercek-dindaramsa-ilk-isim-zulmkarin-qarsisinda-susmamaqdir\/#article","isPartOf":{"@id":"https:\/\/www.meydan.tv\/az\/article\/taleh-bagirzade-men-gercek-dindaramsa-ilk-isim-zulmkarin-qarsisinda-susmamaqdir\/"},"author":{"name":"user-manager","@id":"https:\/\/www.meydan.tv\/az\/#\/schema\/person\/10d11eccf6da3662cf5fdab9806ea91a"},"headline":"Taleh Ba\u011f\u0131rzad\u0259: M\u0259n ger\u00e7\u0259k dindaramsa, ilk i\u015fim z\u00fclmkar\u0131n qar\u015f\u0131s\u0131nda susmamaqd\u0131r","datePublished":"2018-11-26T20:16:36+00:00","mainEntityOfPage":{"@id":"https:\/\/www.meydan.tv\/az\/article\/taleh-bagirzade-men-gercek-dindaramsa-ilk-isim-zulmkarin-qarsisinda-susmamaqdir\/"},"wordCount":910,"publisher":{"@id":"https:\/\/www.meydan.tv\/az\/#organization"},"image":{"@id":"https:\/\/www.meydan.tv\/az\/article\/taleh-bagirzade-men-gercek-dindaramsa-ilk-isim-zulmkarin-qarsisinda-susmamaqdir\/#primaryimage"},"thumbnailUrl":"https:\/\/www.meydan.tv\/wp-content\/uploads\/35212-scaled.jpg","articleSection":["M\u0259nim Fikrimc\u0259"],"inLanguage":"az"},{"@type":"WebPage","@id":"https:\/\/www.meydan.tv\/az\/article\/taleh-bagirzade-men-gercek-dindaramsa-ilk-isim-zulmkarin-qarsisinda-susmamaqdir\/","url":"https:\/\/www.meydan.tv\/az\/article\/taleh-bagirzade-men-gercek-dindaramsa-ilk-isim-zulmkarin-qarsisinda-susmamaqdir\/","name":"Taleh Ba\u011f\u0131rzad\u0259: M\u0259n ger\u00e7\u0259k dindaramsa, ilk i\u015fim z\u00fclmkar\u0131n qar\u015f\u0131s\u0131nda susmamaqd\u0131r - MEYDAN.TV","isPartOf":{"@id":"https:\/\/www.meydan.tv\/az\/#website"},"primaryImageOfPage":{"@id":"https:\/\/www.meydan.tv\/az\/article\/taleh-bagirzade-men-gercek-dindaramsa-ilk-isim-zulmkarin-qarsisinda-susmamaqdir\/#primaryimage"},"image":{"@id":"https:\/\/www.meydan.tv\/az\/article\/taleh-bagirzade-men-gercek-dindaramsa-ilk-isim-zulmkarin-qarsisinda-susmamaqdir\/#primaryimage"},"thumbnailUrl":"https:\/\/www.meydan.tv\/wp-content\/uploads\/35212-scaled.jpg","datePublished":"2018-11-26T20:16:36+00:00","breadcrumb":{"@id":"https:\/\/www.meydan.tv\/az\/article\/taleh-bagirzade-men-gercek-dindaramsa-ilk-isim-zulmkarin-qarsisinda-susmamaqdir\/#breadcrumb"},"inLanguage":"az","potentialAction":[{"@type":"ReadAction","target":["https:\/\/www.meydan.tv\/az\/article\/taleh-bagirzade-men-gercek-dindaramsa-ilk-isim-zulmkarin-qarsisinda-susmamaqdir\/"]}]},{"@type":"ImageObject","inLanguage":"az","@id":"https:\/\/www.meydan.tv\/az\/article\/taleh-bagirzade-men-gercek-dindaramsa-ilk-isim-zulmkarin-qarsisinda-susmamaqdir\/#primaryimage","url":"https:\/\/www.meydan.tv\/wp-content\/uploads\/35212-scaled.jpg","contentUrl":"https:\/\/www.meydan.tv\/wp-content\/uploads\/35212-scaled.jpg","width":2560,"height":1164,"caption":"Source:"},{"@type":"BreadcrumbList","@id":"https:\/\/www.meydan.tv\/az\/article\/taleh-bagirzade-men-gercek-dindaramsa-ilk-isim-zulmkarin-qarsisinda-susmamaqdir\/#breadcrumb","itemListElement":[{"@type":"ListItem","position":1,"name":"Ana s\u0259hif\u0259","item":"https:\/\/www.meydan.tv\/az\/"},{"@type":"ListItem","position":2,"name":"M\u0259nim Fikrimc\u0259","item":"https:\/\/www.meydan.tv\/az\/section\/menim-fikrimce\/"},{"@type":"ListItem","position":3,"name":"Taleh Ba\u011f\u0131rzad\u0259: M\u0259n ger\u00e7\u0259k dindaramsa, ilk i\u015fim z\u00fclmkar\u0131n qar\u015f\u0131s\u0131nda susmamaqd\u0131r"}]},{"@type":"WebSite","@id":"https:\/\/www.meydan.tv\/az\/#website","url":"https:\/\/www.meydan.tv\/az\/","name":"MEYDAN.TV","description":"Meydan TV Az\u0259rbaycan\u0131n media m\u0259kan\u0131ndak\u0131 alternativ s\u0259sidir","publisher":{"@id":"https:\/\/www.meydan.tv\/az\/#organization"},"potentialAction":[{"@type":"SearchAction","target":{"@type":"EntryPoint","urlTemplate":"https:\/\/www.meydan.tv\/az\/?s={search_term_string}"},"query-input":{"@type":"PropertyValueSpecification","valueRequired":true,"valueName":"search_term_string"}}],"inLanguage":"az"},{"@type":"Organization","@id":"https:\/\/www.meydan.tv\/az\/#organization","name":"Meydan TV","url":"https:\/\/www.meydan.tv\/az\/","logo":{"@type":"ImageObject","inLanguage":"az","@id":"https:\/\/www.meydan.tv\/az\/#\/schema\/logo\/image\/","url":"https:\/\/www.meydan.tv\/wp-content\/uploads\/2021\/07\/meydan-logo.svg","contentUrl":"https:\/\/www.meydan.tv\/wp-content\/uploads\/2021\/07\/meydan-logo.svg","width":195,"height":46,"caption":"Meydan TV"},"image":{"@id":"https:\/\/www.meydan.tv\/az\/#\/schema\/logo\/image\/"}},{"@type":"Person","@id":"https:\/\/www.meydan.tv\/az\/#\/schema\/person\/10d11eccf6da3662cf5fdab9806ea91a","name":"user-manager"}]}},"_links":{"self":[{"href":"https:\/\/www.meydan.tv\/az\/wp-json\/wp\/v2\/posts\/192746","targetHints":{"allow":["GET"]}}],"collection":[{"href":"https:\/\/www.meydan.tv\/az\/wp-json\/wp\/v2\/posts"}],"about":[{"href":"https:\/\/www.meydan.tv\/az\/wp-json\/wp\/v2\/types\/post"}],"author":[{"embeddable":true,"href":"https:\/\/www.meydan.tv\/az\/wp-json\/wp\/v2\/users\/11"}],"replies":[{"embeddable":true,"href":"https:\/\/www.meydan.tv\/az\/wp-json\/wp\/v2\/comments?post=192746"}],"version-history":[{"count":0,"href":"https:\/\/www.meydan.tv\/az\/wp-json\/wp\/v2\/posts\/192746\/revisions"}],"wp:featuredmedia":[{"embeddable":true,"href":"https:\/\/www.meydan.tv\/az\/wp-json\/wp\/v2\/media\/89308"}],"wp:attachment":[{"href":"https:\/\/www.meydan.tv\/az\/wp-json\/wp\/v2\/media?parent=192746"}],"wp:term":[{"taxonomy":"category","embeddable":true,"href":"https:\/\/www.meydan.tv\/az\/wp-json\/wp\/v2\/categories?post=192746"},{"taxonomy":"post_tag","embeddable":true,"href":"https:\/\/www.meydan.tv\/az\/wp-json\/wp\/v2\/tags?post=192746"}],"curies":[{"name":"wp","href":"https:\/\/api.w.org\/{rel}","templated":true}]}}