{"id":192701,"date":"2018-11-22T19:28:28","date_gmt":"2018-11-22T19:28:28","guid":{"rendered":"https:\/\/www.meydan.tv\/article\/fovqelnazir-fettah-heyderov-ve-qebeleli-qizin-arzulari\/"},"modified":"2018-11-22T19:28:28","modified_gmt":"2018-11-22T19:28:28","slug":"fovqelnazir-fettah-heyderov-ve-qebeleli-qizin-arzulari","status":"publish","type":"post","link":"https:\/\/www.meydan.tv\/az\/article\/fovqelnazir-fettah-heyderov-ve-qebeleli-qizin-arzulari\/","title":{"rendered":"F\u00f6vq\u0259lnazir, F\u0259ttah Heyd\u0259rov v\u0259 q\u0259b\u0259l\u0259li q\u0131z\u0131n arzular\u0131&#8230;"},"content":{"rendered":"<figure class=\"wp-block-image size-large\">\n  <img decoding=\"async\" src=\"https:\/\/www.meydan.tv\/az\/112993\/\" alt=\"\" class=\"wp-image-112993\"\/><figcaption><\/figcaption><\/figure>\n<p>\n  F\u00f6vq\u0259lnazirin Q\u0259b\u0259l\u0259 sahibkarl\u0131\u011f\u0131na son vaxtlar \u201cuzaqla\u015fd\u0131r\u0131ld\u0131\u201d, \u201crayonu t\u0259hvil ald\u0131lar\u201d kimi fatih\u0259 ver\u0259nl\u0259rl\u0259 bar\u0259b\u0259r, onun yenilm\u0259zliyin\u0259 inananlar da az deyil. Ba\u015fqa s\u00f6zl\u0259, Kamal\u0259ddin Heyd\u0259rovun g\u0259li\u015find\u0259n b\u0259xti g\u0259tir\u0259nl\u0259r v\u0259 g\u0259tirm\u0259y\u0259nl\u0259r var ki, s\u00f6z\u00fcged\u0259n duruma h\u0259r t\u0259r\u0259f \u00f6z m\u0259nf\u0259\u0259tind\u0259n yana\u015f\u0131r. Ya ondan, ya bundan olmad\u0131\u011f\u0131m\u0131za g\u00f6r\u0259 dart\u0131\u015f\u0131lan \u015f\u0259xsin s\u00fcqutunda v\u0259 yax\u0131d qay\u0131d\u0131\u015f\u0131nda x\u00fcsusi mara\u011f\u0131m\u0131z yoxdur. Nec\u0259 ki, bir loxma \u00e7\u00f6r\u0259yini b\u00fctl\u0259rd\u0259n v\u0259 mifl\u0259rd\u0259n uzaq da\u015fdan \u00e7\u0131xardan minl\u0259rl\u0259 q\u0259b\u0259l\u0259lid\u0259n onun x\u0259b\u0259ri yoxdur.\n<\/p>\n<p>\n  Son g\u00fcnl\u0259r Q\u0259b\u0259l\u0259d\u0259 \u201ctelefonla dan\u0131\u015f\u0131rm\u0131\u015f\u201d, \u201cstadionda g\u00f6r\u00fcn\u00fcb\u201d, \u201cotell\u0259ri g\u0259zirmi\u015f\u201d v\u0259 sair\u0259 kimi x\u0259b\u0259rl\u0259r g\u0259zm\u0259s\u0259ydi, m\u00f6vzuya toxunmayacaqd\u0131m. \u0130ndi ki, heyd\u0259rovlarla ba\u011fl\u0131 m\u0259s\u0259l\u0259l\u0259r h\u0259llini tap\u0131b, qoy m\u0259n d\u0259 i\u015fim\u0259 ba\u015flay\u0131m. Lov\u011fal\u0131q olmas\u0131n, adamlar b\u00f6lg\u0259nin hakimi-m\u00fctl\u0259qi oldu\u011fu b\u00fct\u00fcn zamanlarda onlar\u0131n daimi \u201cara\u015fd\u0131rma\u00e7\u0131s\u0131\u201d olmu\u015fam. Bununla bel\u0259, vurulduqlar\u0131 ehtimal edil\u0259n d\u00f6vrd\u0259 \u201cilham m\u0259nb\u0259yim\u201d olan heyd\u0259rovlar\u0131n varl\u0131\u011f\u0131n\u0131 unutma\u011fa \u00e7al\u0131\u015fd\u0131m. Y\u0259ni, hakim z\u00fcmr\u0259nin \u015f\u0259xsi intriqalar\u0131na z\u00fcy tutmaq bizim kitab\u0131m\u0131zda yaz\u0131lmay\u0131b.\n<\/p>\n<p>\n  ***\n<\/p>\n<p>\n  F\u0259ttah Heyd\u0259rov 1995-ci ilin parlament se\u00e7kil\u0259rin\u0259 Q\u0259b\u0259l\u0259d\u0259n mandat alanda t\u0259qrib\u0259n m\u0259nim v\u0259 o\u011flunun indiki ya\u015f\u0131m\u0131zdayd\u0131. \u0130ndi m\u0259n d\u0259, deputat\u0131n nazir o\u011flu da \u00f6z s\u0259b\u0259bl\u0259rimizd\u0259n qocalm\u0131\u015f\u0131q. Art\u0131q s\u0259ks\u0259ni yola salm\u0131\u015f deputat Heyd\u0259rov is\u0259 ma\u015fallah, cavan v\u0259 g\u00fcmrah qal\u0131b. \u018flb\u0259tt\u0259, d\u0259f\u0259l\u0259rl\u0259 eyni oyunun ba\u015f rolunda olmaq istedad v\u0259 bacar\u0131qdan savay\u0131 h\u0259m d\u0259 sa\u011flaml\u0131q t\u0259l\u0259b edir. Bu d\u0259f\u0259l\u0259rin h\u0259r\u0259sind\u0259 y\u00fcz minlik \u0259halinin birc\u0259 layiqli n\u0259f\u0259rini proses\u0259 yax\u0131n buraxmamaq var, inad ed\u0259ni inad\u0131na \u0259zdirm\u0259k var v\u0259 \u0259n \u0259sas\u0131 \u00f6z\u00fcn\u00fc q\u0259b\u0259l\u0259lil\u0259rin ciddi-ciddi se\u00e7ilmi\u015f el\u00e7isi kimi g\u00f6st\u0259rm\u0259k var. Bel\u0259 a\u011f\u0131r prosesi yola verm\u0259k \u00fc\u00e7\u00fcn s\u0259rv\u0259t, s\u0259lahiyy\u0259t q\u0259d\u0259r stressd\u0259n v\u0259 h\u0259y\u0259candan uzaq olmaq \u015f\u0259rtdir ki, adam uzun ill\u0259rdir buna \u0259n uy\u011fun m\u00fcalic\u0259vi yerd\u0259 \u2013 Milli M\u0259clisd\u0259 istirah\u0259t edir. Ona da, biz\u0259 d\u0259 yara\u015fan\u0131 budur, davaml\u0131 olsun.\n<\/p>\n<p>\n  Deputat olaraq ondan bir umaca\u011f\u0131m\u0131z olmasa da, verdiyi h\u0259yat d\u0259rsl\u0259rin\u0259 g\u00f6r\u0259 a\u011fsaqqala \u00e7ox borcland\u0131q. M\u0259n m\u0259s\u0259l\u0259n, g\u0259ncliyimd\u0259 parlament se\u00e7kil\u0259ri zaman\u0131 g\u00f6mr\u00fck nazirinin atas\u0131, Nax\u00e7\u0131van\u0131n M\u0259d\u0259niyy\u0259t naziri il\u0259 eyni dair\u0259d\u0259n namiz\u0259dliyimi verm\u0259yimin x\u0259cal\u0259tind\u0259n indiy\u0259d\u0259k qurtula bilmir\u0259m. \u00d6z\u00fcm c\u0259h\u0259nn\u0259m, m\u00f6vcud hakimiyy\u0259tin ilk parlament se\u00e7kil\u0259rind\u0259n b\u0259ri Q\u0259b\u0259l\u0259d\u0259n mandat almaqda davam ed\u0259n F\u0259ttah Heyd\u0259rov o biab\u0131r\u00e7\u0131l\u0131\u011f\u0131 unutmay\u0131b. \u00c7\u00fcnki o uzaq ill\u0259rd\u0259 olmayan a\u011fl\u0131mla ay\u0131b-ay\u0131b se\u00e7ki kampaniyas\u0131 aparm\u0131\u015fam. \u0130ki nazirin qar\u015f\u0131s\u0131na bir s\u0131n\u0131q q\u0259l\u0259ml\u0259 \u00e7\u0131xaraq b\u0259rab\u0259r h\u00fcquqdan, sa\u011flam r\u0259qab\u0259td\u0259n, v\u0259t\u0259nda\u015f haqlar\u0131ndan-zaddan d\u0259m vurmu\u015fam. O n\u0259 s\u0259rs\u0259mlikmi\u015f, ilahi? \u0130ll\u0259r ke\u00e7dikc\u0259 d\u0259nsizliyim\u0259 g\u00f6r\u0259 utand\u0131\u011f\u0131mdan yerin dibin\u0259 girm\u0259k ist\u0259yir\u0259m.\n<\/p>\n<p>\n  Xat\u0131rlanmas\u0131 bel\u0259 zor olan q\u0259l\u0259tl\u0259rimin \u0259crini n\u0259 q\u0259d\u0259r \u00e7\u0259ks\u0259m, azd\u0131r. Ka\u015f ki, d\u00fc\u00e7ar oldu\u011fum q\u0259zadan sa\u011f \u00e7\u0131xmayayd\u0131m dem\u0259kl\u0259 \u00f6lm\u0259k olmur. \u018fm\u0259ll\u0259rimin m\u00fcqabilind\u0259 he\u00e7 olmasa \u00f6z\u00fcm\u00fc bir q\u0259\u015f\u0259ng d\u00f6y\u0259rdim, ona da g\u00fcc\u00fcm qalmay\u0131b. Yen\u0259 sa\u011f olsunlar, o\u011flu g\u00f6rm\u0259zd\u0259n g\u0259ls\u0259 d\u0259, atas\u0131 m\u0259rh\u0259m\u0259t edib h\u0259yat\u0131m\u0131 kabusa d\u00f6nd\u0259rm\u0259kl\u0259 vicdan\u0131m\u0131 rahatlad\u0131r. M\u00fcdr\u00fck a\u011fsaqqal\u0131m\u0131z\u0131n c\u0259za terapiyas\u0131 say\u0259sind\u0259 art\u0131q ne\u00e7\u0259 ill\u0259rin a\u011fr\u0131-ac\u0131s\u0131n\u0131 hiss etmir\u0259m. \u018flimd\u0259n ald\u0131qlar\u0131 yegan\u0259 var\u0131m-yoxum olan bir ovuc torpa\u011f\u0131m\u0131 da unutmu\u015fam. M\u0259hkum olundu\u011fum qeyri-insani \u015f\u0259raitd\u0259 \u00f6z\u00fcm\u00fc f\u00f6vq\u0259lnazirin be\u015fulduz otell\u0259rind\u0259ki kimi hiss etm\u0259y\u0259 ba\u015flam\u0131\u015fam. H\u0259tta arada \u201cr\u0259qqas\u0259l\u0259r g\u0259lsin!\u201d dem\u0259yim g\u0259lir. \u00d6m\u00fcr-g\u00fcn o q\u0259d\u0259r yoluna d\u00fc\u015f\u00fcb ki, h\u0259rd\u0259n YAP-a ke\u00e7m\u0259k bar\u0259d\u0259 d\u00fc\u015f\u00fcn\u00fcr\u0259m.\n<\/p>\n<p>\n  H\u0259r \u015fey \u00fc\u00e7\u00fcn sa\u011f olun, m\u00f6ht\u0259r\u0259m a\u011fsaqqal! \u00d6vlad\u0131n\u0131z ya\u015fda birin\u0259 g\u00f6st\u0259rdiyiniz anlay\u0131\u015f\u0131n \u0259v\u0259zini art\u0131qlamas\u0131 il\u0259 alaca\u011f\u0131n\u0131za ad\u0131m kimi \u0259min\u0259m. Ad\u0131m Nazl\u0131d\u0131r, unutmam\u0131s\u0131z y\u0259qin&#8230;\n<\/p>\n<p>\n  P.s. \u0130stisnalar maraql\u0131 olur dey\u0259 bu ki\u00e7ik epizodu yaz\u0131ram. O g\u00fcn \u00fcmumi dostlar\u0131m\u0131zdan biri d\u0259rdl\u0259ndi ki, h\u0259r \u015fey bir yana, bar\u0131 o c\u00fcr istiqanl\u0131 Tofiqi m\u0259mur etm\u0259y\u0259ydil\u0259r&#8230;\n<\/p>\n<p>\n  Q\u0259b\u0259l\u0259 \u00fcsul-idar\u0259\u00e7iliyinin ana x\u0259tti olaraq yax\u0131nlar\u0131n\u0131 m\u00fch\u00fcm postlara yerl\u0259\u015fdir\u0259n heyd\u0259rovlar, o c\u00fcml\u0259d\u0259n \u00e7ox yax\u0131n qohumlar\u0131 Tofiq \u0130brahimovu bazarkomluqdan vergi idar\u0259sin\u0259, ordan da Q\u0259b\u0259l\u0259y\u0259 ba\u015f\u00e7\u0131 t\u0259yin etdirdil\u0259r. H\u0259min t\u0259yinatla ba\u011fl\u0131 o zaman \u00f6z\u00fcn\u00fcn d\u0259, q\u0259b\u0259l\u0259lil\u0259rin l\u0259tif\u0259sin\u0259 \u00e7evrilmi\u015f bir yaz\u0131 yazm\u0131\u015fd\u0131m: \u201cBazarkom Tofiq\u0259 vergi verildi\u201d. Q\u0259b\u0259l\u0259nin yenid\u0259n y\u0131\u011f\u0131lmas\u0131nda i\u015ftirak ed\u0259nd\u0259n sonra adam\u0131 L\u0259nk\u0259rana g\u00f6nd\u0259rdil\u0259r. Oradan sonra t\u0259yinat A\u011fda\u015fa d\u0259yi\u015fildi v\u0259 h\u0259l\u0259 davam ed\u0259n ba\u015f\u00e7\u0131l\u0131q turunun harada, n\u0259 zaman bit\u0259c\u0259yi m\u0259lum deyil. B\u00fct\u00fcn hallarda ona bu g\u0259rgin prosesi gerid\u0259 qoyub \u00f6z t\u0259bii azadl\u0131\u011f\u0131na qovu\u015fmas\u0131n\u0131 arzulay\u0131r\u0131q. Tan\u0131yanlar bilir, Tofiq \u0130brahimov ba\u015f\u00e7\u0131 olas\u0131 adam deyildi. Allah qurtars\u0131n.<\/p>\n","protected":false},"excerpt":{"rendered":"<p>Deputat olaraq ondan bir umaca\u011f\u0131m\u0131z olmasa da, verdiyi h\u0259yat d\u0259rsl\u0259rin\u0259 g\u00f6r\u0259 a\u011fsaqqala \u00e7ox borcland\u0131q<\/p>\n","protected":false},"author":11,"featured_media":112993,"comment_status":"closed","ping_status":"open","sticky":false,"template":"","format":"standard","meta":{"_acf_changed":false,"_sitemap_exclude":false,"_sitemap_priority":"","_sitemap_frequency":"","footnotes":""},"categories":[57],"tags":[],"class_list":["post-192701","post","type-post","status-publish","format-standard","has-post-thumbnail","hentry","category-menim-fikrimce","infinite-scroll-item","generate-columns","tablet-grid-50","mobile-grid-100","grid-parent","grid-33","no-featured-image-padding"],"acf":[],"yoast_head":"<!-- This site is optimized with the Yoast SEO plugin v27.4 - https:\/\/yoast.com\/product\/yoast-seo-wordpress\/ -->\n<title>F\u00f6vq\u0259lnazir, F\u0259ttah Heyd\u0259rov v\u0259 q\u0259b\u0259l\u0259li q\u0131z\u0131n arzular\u0131... - MEYDAN.TV<\/title>\n<meta name=\"robots\" content=\"index, follow, max-snippet:-1, max-image-preview:large, max-video-preview:-1\" \/>\n<link rel=\"canonical\" href=\"https:\/\/www.meydan.tv\/az\/article\/fovqelnazir-fettah-heyderov-ve-qebeleli-qizin-arzulari\/\" \/>\n<meta property=\"og:locale\" content=\"az_AZ\" \/>\n<meta property=\"og:type\" content=\"article\" \/>\n<meta property=\"og:title\" content=\"F\u00f6vq\u0259lnazir, F\u0259ttah Heyd\u0259rov v\u0259 q\u0259b\u0259l\u0259li q\u0131z\u0131n arzular\u0131... - MEYDAN.TV\" \/>\n<meta property=\"og:description\" content=\"Deputat olaraq ondan bir umaca\u011f\u0131m\u0131z olmasa da, verdiyi h\u0259yat d\u0259rsl\u0259rin\u0259 g\u00f6r\u0259 a\u011fsaqqala \u00e7ox borcland\u0131q\" \/>\n<meta property=\"og:url\" content=\"https:\/\/www.meydan.tv\/az\/article\/fovqelnazir-fettah-heyderov-ve-qebeleli-qizin-arzulari\/\" \/>\n<meta property=\"og:site_name\" content=\"MEYDAN.TV\" \/>\n<meta property=\"article:published_time\" content=\"2018-11-22T19:28:28+00:00\" \/>\n<meta property=\"og:image\" content=\"https:\/\/www.meydan.tv\/wp-content\/uploads\/45024.png\" \/>\n\t<meta property=\"og:image:width\" content=\"1024\" \/>\n\t<meta property=\"og:image:height\" content=\"512\" \/>\n\t<meta property=\"og:image:type\" content=\"image\/png\" \/>\n<meta name=\"author\" content=\"user-manager\" \/>\n<meta name=\"twitter:card\" content=\"summary_large_image\" \/>\n<script type=\"application\/ld+json\" class=\"yoast-schema-graph\">{\"@context\":\"https:\\\/\\\/schema.org\",\"@graph\":[{\"@type\":\"Article\",\"@id\":\"https:\\\/\\\/www.meydan.tv\\\/az\\\/article\\\/fovqelnazir-fettah-heyderov-ve-qebeleli-qizin-arzulari\\\/#article\",\"isPartOf\":{\"@id\":\"https:\\\/\\\/www.meydan.tv\\\/az\\\/article\\\/fovqelnazir-fettah-heyderov-ve-qebeleli-qizin-arzulari\\\/\"},\"author\":{\"name\":\"user-manager\",\"@id\":\"https:\\\/\\\/www.meydan.tv\\\/az\\\/#\\\/schema\\\/person\\\/10d11eccf6da3662cf5fdab9806ea91a\"},\"headline\":\"F\u00f6vq\u0259lnazir, F\u0259ttah Heyd\u0259rov v\u0259 q\u0259b\u0259l\u0259li q\u0131z\u0131n arzular\u0131&#8230;\",\"datePublished\":\"2018-11-22T19:28:28+00:00\",\"mainEntityOfPage\":{\"@id\":\"https:\\\/\\\/www.meydan.tv\\\/az\\\/article\\\/fovqelnazir-fettah-heyderov-ve-qebeleli-qizin-arzulari\\\/\"},\"wordCount\":1089,\"publisher\":{\"@id\":\"https:\\\/\\\/www.meydan.tv\\\/az\\\/#organization\"},\"image\":{\"@id\":\"https:\\\/\\\/www.meydan.tv\\\/az\\\/article\\\/fovqelnazir-fettah-heyderov-ve-qebeleli-qizin-arzulari\\\/#primaryimage\"},\"thumbnailUrl\":\"https:\\\/\\\/www.meydan.tv\\\/wp-content\\\/uploads\\\/45024.png\",\"articleSection\":[\"M\u0259nim Fikrimc\u0259\"],\"inLanguage\":\"az\"},{\"@type\":\"WebPage\",\"@id\":\"https:\\\/\\\/www.meydan.tv\\\/az\\\/article\\\/fovqelnazir-fettah-heyderov-ve-qebeleli-qizin-arzulari\\\/\",\"url\":\"https:\\\/\\\/www.meydan.tv\\\/az\\\/article\\\/fovqelnazir-fettah-heyderov-ve-qebeleli-qizin-arzulari\\\/\",\"name\":\"F\u00f6vq\u0259lnazir, F\u0259ttah Heyd\u0259rov v\u0259 q\u0259b\u0259l\u0259li q\u0131z\u0131n arzular\u0131... - MEYDAN.TV\",\"isPartOf\":{\"@id\":\"https:\\\/\\\/www.meydan.tv\\\/az\\\/#website\"},\"primaryImageOfPage\":{\"@id\":\"https:\\\/\\\/www.meydan.tv\\\/az\\\/article\\\/fovqelnazir-fettah-heyderov-ve-qebeleli-qizin-arzulari\\\/#primaryimage\"},\"image\":{\"@id\":\"https:\\\/\\\/www.meydan.tv\\\/az\\\/article\\\/fovqelnazir-fettah-heyderov-ve-qebeleli-qizin-arzulari\\\/#primaryimage\"},\"thumbnailUrl\":\"https:\\\/\\\/www.meydan.tv\\\/wp-content\\\/uploads\\\/45024.png\",\"datePublished\":\"2018-11-22T19:28:28+00:00\",\"breadcrumb\":{\"@id\":\"https:\\\/\\\/www.meydan.tv\\\/az\\\/article\\\/fovqelnazir-fettah-heyderov-ve-qebeleli-qizin-arzulari\\\/#breadcrumb\"},\"inLanguage\":\"az\",\"potentialAction\":[{\"@type\":\"ReadAction\",\"target\":[\"https:\\\/\\\/www.meydan.tv\\\/az\\\/article\\\/fovqelnazir-fettah-heyderov-ve-qebeleli-qizin-arzulari\\\/\"]}]},{\"@type\":\"ImageObject\",\"inLanguage\":\"az\",\"@id\":\"https:\\\/\\\/www.meydan.tv\\\/az\\\/article\\\/fovqelnazir-fettah-heyderov-ve-qebeleli-qizin-arzulari\\\/#primaryimage\",\"url\":\"https:\\\/\\\/www.meydan.tv\\\/wp-content\\\/uploads\\\/45024.png\",\"contentUrl\":\"https:\\\/\\\/www.meydan.tv\\\/wp-content\\\/uploads\\\/45024.png\",\"width\":1024,\"height\":512,\"caption\":\"Source:\"},{\"@type\":\"BreadcrumbList\",\"@id\":\"https:\\\/\\\/www.meydan.tv\\\/az\\\/article\\\/fovqelnazir-fettah-heyderov-ve-qebeleli-qizin-arzulari\\\/#breadcrumb\",\"itemListElement\":[{\"@type\":\"ListItem\",\"position\":1,\"name\":\"Ana s\u0259hif\u0259\",\"item\":\"https:\\\/\\\/www.meydan.tv\\\/az\\\/\"},{\"@type\":\"ListItem\",\"position\":2,\"name\":\"M\u0259nim Fikrimc\u0259\",\"item\":\"https:\\\/\\\/www.meydan.tv\\\/az\\\/section\\\/menim-fikrimce\\\/\"},{\"@type\":\"ListItem\",\"position\":3,\"name\":\"F\u00f6vq\u0259lnazir, F\u0259ttah Heyd\u0259rov v\u0259 q\u0259b\u0259l\u0259li q\u0131z\u0131n arzular\u0131&#8230;\"}]},{\"@type\":\"WebSite\",\"@id\":\"https:\\\/\\\/www.meydan.tv\\\/az\\\/#website\",\"url\":\"https:\\\/\\\/www.meydan.tv\\\/az\\\/\",\"name\":\"MEYDAN.TV\",\"description\":\"Meydan TV Az\u0259rbaycan\u0131n media m\u0259kan\u0131ndak\u0131 alternativ s\u0259sidir\",\"publisher\":{\"@id\":\"https:\\\/\\\/www.meydan.tv\\\/az\\\/#organization\"},\"potentialAction\":[{\"@type\":\"SearchAction\",\"target\":{\"@type\":\"EntryPoint\",\"urlTemplate\":\"https:\\\/\\\/www.meydan.tv\\\/az\\\/?s={search_term_string}\"},\"query-input\":{\"@type\":\"PropertyValueSpecification\",\"valueRequired\":true,\"valueName\":\"search_term_string\"}}],\"inLanguage\":\"az\"},{\"@type\":\"Organization\",\"@id\":\"https:\\\/\\\/www.meydan.tv\\\/az\\\/#organization\",\"name\":\"Meydan TV\",\"url\":\"https:\\\/\\\/www.meydan.tv\\\/az\\\/\",\"logo\":{\"@type\":\"ImageObject\",\"inLanguage\":\"az\",\"@id\":\"https:\\\/\\\/www.meydan.tv\\\/az\\\/#\\\/schema\\\/logo\\\/image\\\/\",\"url\":\"https:\\\/\\\/www.meydan.tv\\\/wp-content\\\/uploads\\\/2021\\\/07\\\/meydan-logo.svg\",\"contentUrl\":\"https:\\\/\\\/www.meydan.tv\\\/wp-content\\\/uploads\\\/2021\\\/07\\\/meydan-logo.svg\",\"width\":195,\"height\":46,\"caption\":\"Meydan TV\"},\"image\":{\"@id\":\"https:\\\/\\\/www.meydan.tv\\\/az\\\/#\\\/schema\\\/logo\\\/image\\\/\"}},{\"@type\":\"Person\",\"@id\":\"https:\\\/\\\/www.meydan.tv\\\/az\\\/#\\\/schema\\\/person\\\/10d11eccf6da3662cf5fdab9806ea91a\",\"name\":\"user-manager\"}]}<\/script>\n<!-- \/ Yoast SEO plugin. -->","yoast_head_json":{"title":"F\u00f6vq\u0259lnazir, F\u0259ttah Heyd\u0259rov v\u0259 q\u0259b\u0259l\u0259li q\u0131z\u0131n arzular\u0131... - MEYDAN.TV","robots":{"index":"index","follow":"follow","max-snippet":"max-snippet:-1","max-image-preview":"max-image-preview:large","max-video-preview":"max-video-preview:-1"},"canonical":"https:\/\/www.meydan.tv\/az\/article\/fovqelnazir-fettah-heyderov-ve-qebeleli-qizin-arzulari\/","og_locale":"az_AZ","og_type":"article","og_title":"F\u00f6vq\u0259lnazir, F\u0259ttah Heyd\u0259rov v\u0259 q\u0259b\u0259l\u0259li q\u0131z\u0131n arzular\u0131... - MEYDAN.TV","og_description":"Deputat olaraq ondan bir umaca\u011f\u0131m\u0131z olmasa da, verdiyi h\u0259yat d\u0259rsl\u0259rin\u0259 g\u00f6r\u0259 a\u011fsaqqala \u00e7ox borcland\u0131q","og_url":"https:\/\/www.meydan.tv\/az\/article\/fovqelnazir-fettah-heyderov-ve-qebeleli-qizin-arzulari\/","og_site_name":"MEYDAN.TV","article_published_time":"2018-11-22T19:28:28+00:00","og_image":[{"width":1024,"height":512,"url":"https:\/\/www.meydan.tv\/wp-content\/uploads\/45024.png","type":"image\/png"}],"author":"user-manager","twitter_card":"summary_large_image","schema":{"@context":"https:\/\/schema.org","@graph":[{"@type":"Article","@id":"https:\/\/www.meydan.tv\/az\/article\/fovqelnazir-fettah-heyderov-ve-qebeleli-qizin-arzulari\/#article","isPartOf":{"@id":"https:\/\/www.meydan.tv\/az\/article\/fovqelnazir-fettah-heyderov-ve-qebeleli-qizin-arzulari\/"},"author":{"name":"user-manager","@id":"https:\/\/www.meydan.tv\/az\/#\/schema\/person\/10d11eccf6da3662cf5fdab9806ea91a"},"headline":"F\u00f6vq\u0259lnazir, F\u0259ttah Heyd\u0259rov v\u0259 q\u0259b\u0259l\u0259li q\u0131z\u0131n arzular\u0131&#8230;","datePublished":"2018-11-22T19:28:28+00:00","mainEntityOfPage":{"@id":"https:\/\/www.meydan.tv\/az\/article\/fovqelnazir-fettah-heyderov-ve-qebeleli-qizin-arzulari\/"},"wordCount":1089,"publisher":{"@id":"https:\/\/www.meydan.tv\/az\/#organization"},"image":{"@id":"https:\/\/www.meydan.tv\/az\/article\/fovqelnazir-fettah-heyderov-ve-qebeleli-qizin-arzulari\/#primaryimage"},"thumbnailUrl":"https:\/\/www.meydan.tv\/wp-content\/uploads\/45024.png","articleSection":["M\u0259nim Fikrimc\u0259"],"inLanguage":"az"},{"@type":"WebPage","@id":"https:\/\/www.meydan.tv\/az\/article\/fovqelnazir-fettah-heyderov-ve-qebeleli-qizin-arzulari\/","url":"https:\/\/www.meydan.tv\/az\/article\/fovqelnazir-fettah-heyderov-ve-qebeleli-qizin-arzulari\/","name":"F\u00f6vq\u0259lnazir, F\u0259ttah Heyd\u0259rov v\u0259 q\u0259b\u0259l\u0259li q\u0131z\u0131n arzular\u0131... - MEYDAN.TV","isPartOf":{"@id":"https:\/\/www.meydan.tv\/az\/#website"},"primaryImageOfPage":{"@id":"https:\/\/www.meydan.tv\/az\/article\/fovqelnazir-fettah-heyderov-ve-qebeleli-qizin-arzulari\/#primaryimage"},"image":{"@id":"https:\/\/www.meydan.tv\/az\/article\/fovqelnazir-fettah-heyderov-ve-qebeleli-qizin-arzulari\/#primaryimage"},"thumbnailUrl":"https:\/\/www.meydan.tv\/wp-content\/uploads\/45024.png","datePublished":"2018-11-22T19:28:28+00:00","breadcrumb":{"@id":"https:\/\/www.meydan.tv\/az\/article\/fovqelnazir-fettah-heyderov-ve-qebeleli-qizin-arzulari\/#breadcrumb"},"inLanguage":"az","potentialAction":[{"@type":"ReadAction","target":["https:\/\/www.meydan.tv\/az\/article\/fovqelnazir-fettah-heyderov-ve-qebeleli-qizin-arzulari\/"]}]},{"@type":"ImageObject","inLanguage":"az","@id":"https:\/\/www.meydan.tv\/az\/article\/fovqelnazir-fettah-heyderov-ve-qebeleli-qizin-arzulari\/#primaryimage","url":"https:\/\/www.meydan.tv\/wp-content\/uploads\/45024.png","contentUrl":"https:\/\/www.meydan.tv\/wp-content\/uploads\/45024.png","width":1024,"height":512,"caption":"Source:"},{"@type":"BreadcrumbList","@id":"https:\/\/www.meydan.tv\/az\/article\/fovqelnazir-fettah-heyderov-ve-qebeleli-qizin-arzulari\/#breadcrumb","itemListElement":[{"@type":"ListItem","position":1,"name":"Ana s\u0259hif\u0259","item":"https:\/\/www.meydan.tv\/az\/"},{"@type":"ListItem","position":2,"name":"M\u0259nim Fikrimc\u0259","item":"https:\/\/www.meydan.tv\/az\/section\/menim-fikrimce\/"},{"@type":"ListItem","position":3,"name":"F\u00f6vq\u0259lnazir, F\u0259ttah Heyd\u0259rov v\u0259 q\u0259b\u0259l\u0259li q\u0131z\u0131n arzular\u0131&#8230;"}]},{"@type":"WebSite","@id":"https:\/\/www.meydan.tv\/az\/#website","url":"https:\/\/www.meydan.tv\/az\/","name":"MEYDAN.TV","description":"Meydan TV Az\u0259rbaycan\u0131n media m\u0259kan\u0131ndak\u0131 alternativ s\u0259sidir","publisher":{"@id":"https:\/\/www.meydan.tv\/az\/#organization"},"potentialAction":[{"@type":"SearchAction","target":{"@type":"EntryPoint","urlTemplate":"https:\/\/www.meydan.tv\/az\/?s={search_term_string}"},"query-input":{"@type":"PropertyValueSpecification","valueRequired":true,"valueName":"search_term_string"}}],"inLanguage":"az"},{"@type":"Organization","@id":"https:\/\/www.meydan.tv\/az\/#organization","name":"Meydan TV","url":"https:\/\/www.meydan.tv\/az\/","logo":{"@type":"ImageObject","inLanguage":"az","@id":"https:\/\/www.meydan.tv\/az\/#\/schema\/logo\/image\/","url":"https:\/\/www.meydan.tv\/wp-content\/uploads\/2021\/07\/meydan-logo.svg","contentUrl":"https:\/\/www.meydan.tv\/wp-content\/uploads\/2021\/07\/meydan-logo.svg","width":195,"height":46,"caption":"Meydan TV"},"image":{"@id":"https:\/\/www.meydan.tv\/az\/#\/schema\/logo\/image\/"}},{"@type":"Person","@id":"https:\/\/www.meydan.tv\/az\/#\/schema\/person\/10d11eccf6da3662cf5fdab9806ea91a","name":"user-manager"}]}},"_links":{"self":[{"href":"https:\/\/www.meydan.tv\/az\/wp-json\/wp\/v2\/posts\/192701","targetHints":{"allow":["GET"]}}],"collection":[{"href":"https:\/\/www.meydan.tv\/az\/wp-json\/wp\/v2\/posts"}],"about":[{"href":"https:\/\/www.meydan.tv\/az\/wp-json\/wp\/v2\/types\/post"}],"author":[{"embeddable":true,"href":"https:\/\/www.meydan.tv\/az\/wp-json\/wp\/v2\/users\/11"}],"replies":[{"embeddable":true,"href":"https:\/\/www.meydan.tv\/az\/wp-json\/wp\/v2\/comments?post=192701"}],"version-history":[{"count":0,"href":"https:\/\/www.meydan.tv\/az\/wp-json\/wp\/v2\/posts\/192701\/revisions"}],"wp:featuredmedia":[{"embeddable":true,"href":"https:\/\/www.meydan.tv\/az\/wp-json\/wp\/v2\/media\/112993"}],"wp:attachment":[{"href":"https:\/\/www.meydan.tv\/az\/wp-json\/wp\/v2\/media?parent=192701"}],"wp:term":[{"taxonomy":"category","embeddable":true,"href":"https:\/\/www.meydan.tv\/az\/wp-json\/wp\/v2\/categories?post=192701"},{"taxonomy":"post_tag","embeddable":true,"href":"https:\/\/www.meydan.tv\/az\/wp-json\/wp\/v2\/tags?post=192701"}],"curies":[{"name":"wp","href":"https:\/\/api.w.org\/{rel}","templated":true}]}}