{"id":192683,"date":"2018-11-21T18:35:58","date_gmt":"2018-11-21T18:35:58","guid":{"rendered":"https:\/\/www.meydan.tv\/article\/azerbaycan-manati-nece-sabitlesdi\/"},"modified":"2018-11-21T18:35:58","modified_gmt":"2018-11-21T18:35:58","slug":"azerbaycan-manati-nece-sabitlesdi","status":"publish","type":"post","link":"https:\/\/www.meydan.tv\/az\/article\/azerbaycan-manati-nece-sabitlesdi\/","title":{"rendered":"Az\u0259rbaycan manat\u0131 nec\u0259 sabitl\u0259\u015fdi?"},"content":{"rendered":"<figure class=\"wp-block-image size-large\">\n  <img decoding=\"async\" src=\"https:\/\/www.meydan.tv\/az\/112936\/\" alt=\"\" class=\"wp-image-112936\"\/><figcaption><\/figcaption><\/figure>\n<p>\n  2018-ci ild\u0259 x\u00fcsusil\u0259 inki\u015faf etm\u0259kd\u0259 olan \u00f6lk\u0259l\u0259rin valyuta bazarlar\u0131nda d\u0259yi\u015fk\u0259nlik m\u00fc\u015fahid\u0259 edilib. Braziliya real\u0131, rus rublu, Hindistan rupisi v\u0259 C\u0259nubi Afrika rand\u0131 AB\u015e dollar\u0131na qar\u015f\u0131 k\u0259skin \u015f\u0259kild\u0259 d\u0259y\u0259r itirib. Bu v\u0259ziyy\u0259t qism\u0259n Va\u015finqtonun siyas\u0259tind\u0259n qaynaqlan\u0131r. Bel\u0259 ki, Federal Ehtiyatlar Sistemi (FED) bu il faiz d\u0259r\u0259c\u0259sini \u00fc\u00e7 d\u0259f\u0259 qald\u0131r\u0131b v\u0259 d\u00fcnyan\u0131n h\u0259r yerind\u0259 insanlar\u0131 AB\u015e-\u0131n Amerika dollar\u0131 h\u0259cmind\u0259ki x\u0259zin\u0259 istiqrazlar\u0131n\u0131 almaq \u00fc\u00e7\u00fcn pullar\u0131n\u0131 d\u0259yi\u015fdirm\u0259y\u0259 t\u0259\u015fviq edir. Bu da, z\u0259if performans g\u00f6st\u0259r\u0259n t\u00fcrk lir\u0259si v\u0259 Argentina pesosu kimi dig\u0259r inki\u015faf etm\u0259kd\u0259 olan \u00f6lk\u0259l\u0259rin valyuta bazarlar\u0131ndak\u0131 h\u0259rraclara da ziyan verir. Lakin bu m\u0259s\u0259l\u0259l\u0259rd\u0259 daxili faktorlar\u0131n da rolu var.\n<\/p>\n<p>\n  Bu qar\u0131\u015f\u0131ql\u0131qda Az\u0259rbaycan manat\u0131 v\u0259ziyy\u0259td\u0259n yax\u015f\u0131 \u00e7\u0131x\u0131b. \u015e\u00fcbh\u0259li \u015f\u0259kild\u0259 bu bel\u0259dir. \u018fslind\u0259, eyni xarici t\u0259zyiql\u0259rin ba\u015fqa yerl\u0259rd\u0259 g\u00f6r\u00fclm\u0259sin\u0259 baxmayaraq, Az\u0259rbaycan M\u0259rk\u0259zi Bank\u0131n\u0131n manat\u0131n \u00fczm\u0259sin\u0259 imkan verdiyini v\u0259 yaln\u0131z q\u0131sam\u00fcdd\u0259tli d\u0259yi\u015fk\u0259nliyin qar\u015f\u0131s\u0131n\u0131 almaq \u00fc\u00e7\u00fcn m\u00fcdaxil\u0259 etm\u0259yi q\u0259rara ald\u0131\u011f\u0131n\u0131 a\u00e7\u0131qlamas\u0131ndan q\u0131sa m\u00fcdd\u0259t sonra, 2017-ci ilin yaz\u0131ndan etibar\u0259n manat\u0131n kursu dollara nisb\u0259t\u0259n 1,7 dollar s\u0259viyy\u0259sind\u0259 saxlan\u0131l\u0131b.\n<\/p>\n<p>\n  Dig\u0259r b\u00f6y\u00fck karbohidrogen ixrac ed\u0259n \u00f6lk\u0259l\u0259rd\u0259ki valyutalara nisb\u0259t\u0259n Az\u0259rbaycan manat\u0131 tarix\u0259n d\u00fcnya neft qiym\u0259tl\u0259rini izl\u0259yir. 2015-ci ild\u0259 neft bir \u00f6nc\u0259ki il\u0259 nisb\u0259t\u0259n d\u0259y\u0259r itirdikd\u0259n sonra Az\u0259rbaycanda iki d\u0259f\u0259 devalivasiya ba\u015f verdi. Lakin 2017 v\u0259 2018-ci ill\u0259rd\u0259 neftin qiym\u0259tinin artmas\u0131 il\u0259 dollar\/manat m\u0259z\u0259nn\u0259si 1,7 s\u0259viyy\u0259sind\u0259 qald\u0131.\n<\/p>\n<p>\n  Bu s\u00fcrpriz sabitliyin yaln\u0131z bir cavab var: Bank h\u0259l\u0259 d\u0259 m\u00fcdaxil\u0259 edir, manata \u00fczm\u0259y\u0259 imkan yaratmay\u0131b. Bank bunu a\u00e7\u0131q \u015f\u0259kild\u0259 demir, lakin dollar\u0131n al\u0131\u015f-sat\u0131\u015f\u0131 bar\u0259d\u0259 veb sayt\u0131nda m\u0259lumat verm\u0259y\u0259 davam edir. (Bu manat\u0131n dig\u0259r \u0259sas valyutalara, m\u0259s\u0259l\u0259n, avro v\u0259 rubla qar\u015f\u0131 nec\u0259 h\u0259r\u0259k\u0259t etdiyini izah etm\u0259y\u0259 k\u00f6m\u0259k edir, \u00e7\u00fcnki onlar \u00fcz\u00fcr v\u0259 dollara qar\u015f\u0131 h\u0259r\u0259k\u0259t edirl\u0259r)\n<\/p>\n<p>\n  R\u0259smi Bak\u0131 b\u00f6y\u00fck ehtimalla valyuta bazar\u0131ndak\u0131 h\u0259r hans\u0131 bir dal\u011falanman\u0131n 2015-ci ild\u0259 &#8220;Qara \u015e\u0259nb\u0259&#8221;d\u0259 olmad\u0131\u011f\u0131 q\u0259d\u0259r s\u0259s-k\u00fcy\u0259 s\u0259b\u0259b olmas\u0131ndan qorxur. H\u0259min ilin fevral ay\u0131n\u0131n 21-d\u0259 manat dollara nisb\u0259t\u0259n 33 faizd\u0259n \u00e7ox d\u0259y\u0259r itirib. Manata (v\u0259 h\u00f6kum\u0259t siyas\u0259tin\u0259) inam\u0131n itm\u0259si \u00f6lk\u0259d\u0259 dollarla\u015fd\u0131rman\u0131n artmas\u0131na g\u0259tirib \u00e7\u0131xard\u0131 v\u0259 manat\u0131 a\u015fa\u011f\u0131 \u00e7\u0259kdi.\n<\/p>\n<p>\n  Bu g\u00fcnl\u0259rd\u0259 neftin qiym\u0259ti bahaland\u0131qca, Az\u0259rbaycan manat\u0131n sabitl\u0259\u015fdirilm\u0259si \u00fc\u00e7\u00fcn sata bil\u0259c\u0259yi xarici valyuta ehtiyatlar\u0131n\u0131 y\u0131\u011f\u0131r. V\u0259 ehtimal ki, bu ehtiyatlara g\u00f6r\u0259 inflyasiya a\u015fa\u011f\u0131d\u0131r.\n<\/p>\n<p>\n  Haz\u0131rda neft qiym\u0259tl\u0259rinin 2014-c\u00fc ilin dur\u011funlu\u011funa nisb\u0259t\u0259n daha baha olmas\u0131 v\u0259 inflyasiyan\u0131n 2016 v\u0259 2017-ci ill\u0259r\u0259 nisb\u0259t\u0259n a\u015fa\u011f\u0131 olmas\u0131 il\u0259 b\u0259rab\u0259r, M\u0259rk\u0259zi Bank\u0131n manat\u0131n dollara qar\u015f\u0131 sabitl\u0259nm\u0259si \u00fc\u00e7\u00fcn israr\u0131n\u0131n iqtisadiyyata \u00e7ox m\u0259nfi t\u0259sir g\u00f6st\u0259rm\u0259si m\u00fcmk\u00fcn deyil. Lakin neft qiym\u0259tl\u0259ri a\u015fa\u011f\u0131 d\u00fc\u015f\u0259rs\u0259 v\u0259 inflyasiya yenid\u0259n ikiqat s\u0259viyy\u0259y\u0259 \u00e7atarsa, 2016 v\u0259 2017-ci ill\u0259rd\u0259 g\u00f6rd\u00fcy\u00fcm\u00fcz kimi r\u0259smi Bak\u0131 manata m\u00fcdaxil\u0259 etm\u0259y\u0259, ola bilsin ki, daha k\u0259skin \u015f\u0259kild\u0259 m\u00fcdaxil\u0259 etm\u0259y\u0259 m\u0259cbur olacaq.\n<\/p>\n<p>\n  <b><br \/>\n    M\u0259qal\u0259 &#8221;<br \/>\n    <a href=\"https:\/\/eurasianet.org\/why-has-the-azerbaijani-manat-flatlined\" target=\"_blank\" rel=\"noopener\"><br \/>\n      Eurasianet<br \/>\n    <\/a><br \/>\n    &#8221; sayt\u0131nda,\u00a0Samten Bhutia adl\u0131 m\u00fc\u0259llif t\u0259r\u0259find\u0259n yaz\u0131l\u0131b. Meydan TV t\u0259r\u0259find\u0259n t\u0259rc\u00fcm\u0259 olunub.<br \/>\n  <\/b>\n<\/p><\/p>\n","protected":false},"excerpt":{"rendered":"<p>Bank h\u0259l\u0259 d\u0259 m\u00fcdaxil\u0259 edir, manata \u00fczm\u0259y\u0259 imkan yaratmay\u0131b<\/p>\n","protected":false},"author":11,"featured_media":112936,"comment_status":"closed","ping_status":"open","sticky":false,"template":"","format":"standard","meta":{"_acf_changed":false,"_sitemap_exclude":false,"_sitemap_priority":"","_sitemap_frequency":"","footnotes":""},"categories":[51],"tags":[],"class_list":["post-192683","post","type-post","status-publish","format-standard","has-post-thumbnail","hentry","category-analitika","infinite-scroll-item","generate-columns","tablet-grid-50","mobile-grid-100","grid-parent","grid-33","no-featured-image-padding"],"acf":[],"yoast_head":"<!-- This site is optimized with the Yoast SEO plugin v27.4 - https:\/\/yoast.com\/product\/yoast-seo-wordpress\/ -->\n<title>Az\u0259rbaycan manat\u0131 nec\u0259 sabitl\u0259\u015fdi? - MEYDAN.TV<\/title>\n<meta name=\"robots\" content=\"index, follow, max-snippet:-1, max-image-preview:large, max-video-preview:-1\" \/>\n<link rel=\"canonical\" href=\"https:\/\/www.meydan.tv\/az\/article\/azerbaycan-manati-nece-sabitlesdi\/\" \/>\n<meta property=\"og:locale\" content=\"az_AZ\" \/>\n<meta property=\"og:type\" content=\"article\" \/>\n<meta property=\"og:title\" content=\"Az\u0259rbaycan manat\u0131 nec\u0259 sabitl\u0259\u015fdi? - MEYDAN.TV\" \/>\n<meta property=\"og:description\" content=\"Bank h\u0259l\u0259 d\u0259 m\u00fcdaxil\u0259 edir, manata \u00fczm\u0259y\u0259 imkan yaratmay\u0131b\" \/>\n<meta property=\"og:url\" content=\"https:\/\/www.meydan.tv\/az\/article\/azerbaycan-manati-nece-sabitlesdi\/\" \/>\n<meta property=\"og:site_name\" content=\"MEYDAN.TV\" \/>\n<meta property=\"article:published_time\" content=\"2018-11-21T18:35:58+00:00\" \/>\n<meta property=\"og:image\" content=\"https:\/\/www.meydan.tv\/wp-content\/uploads\/44996.jpg\" \/>\n\t<meta property=\"og:image:width\" content=\"700\" \/>\n\t<meta property=\"og:image:height\" content=\"386\" \/>\n\t<meta property=\"og:image:type\" content=\"image\/jpeg\" \/>\n<meta name=\"author\" content=\"user-manager\" \/>\n<meta name=\"twitter:card\" content=\"summary_large_image\" \/>\n<script type=\"application\/ld+json\" class=\"yoast-schema-graph\">{\"@context\":\"https:\\\/\\\/schema.org\",\"@graph\":[{\"@type\":\"Article\",\"@id\":\"https:\\\/\\\/www.meydan.tv\\\/az\\\/article\\\/azerbaycan-manati-nece-sabitlesdi\\\/#article\",\"isPartOf\":{\"@id\":\"https:\\\/\\\/www.meydan.tv\\\/az\\\/article\\\/azerbaycan-manati-nece-sabitlesdi\\\/\"},\"author\":{\"name\":\"user-manager\",\"@id\":\"https:\\\/\\\/www.meydan.tv\\\/az\\\/#\\\/schema\\\/person\\\/10d11eccf6da3662cf5fdab9806ea91a\"},\"headline\":\"Az\u0259rbaycan manat\u0131 nec\u0259 sabitl\u0259\u015fdi?\",\"datePublished\":\"2018-11-21T18:35:58+00:00\",\"mainEntityOfPage\":{\"@id\":\"https:\\\/\\\/www.meydan.tv\\\/az\\\/article\\\/azerbaycan-manati-nece-sabitlesdi\\\/\"},\"wordCount\":683,\"publisher\":{\"@id\":\"https:\\\/\\\/www.meydan.tv\\\/az\\\/#organization\"},\"image\":{\"@id\":\"https:\\\/\\\/www.meydan.tv\\\/az\\\/article\\\/azerbaycan-manati-nece-sabitlesdi\\\/#primaryimage\"},\"thumbnailUrl\":\"https:\\\/\\\/www.meydan.tv\\\/wp-content\\\/uploads\\\/44996.jpg\",\"articleSection\":[\"Analitika\"],\"inLanguage\":\"az\"},{\"@type\":\"WebPage\",\"@id\":\"https:\\\/\\\/www.meydan.tv\\\/az\\\/article\\\/azerbaycan-manati-nece-sabitlesdi\\\/\",\"url\":\"https:\\\/\\\/www.meydan.tv\\\/az\\\/article\\\/azerbaycan-manati-nece-sabitlesdi\\\/\",\"name\":\"Az\u0259rbaycan manat\u0131 nec\u0259 sabitl\u0259\u015fdi? - MEYDAN.TV\",\"isPartOf\":{\"@id\":\"https:\\\/\\\/www.meydan.tv\\\/az\\\/#website\"},\"primaryImageOfPage\":{\"@id\":\"https:\\\/\\\/www.meydan.tv\\\/az\\\/article\\\/azerbaycan-manati-nece-sabitlesdi\\\/#primaryimage\"},\"image\":{\"@id\":\"https:\\\/\\\/www.meydan.tv\\\/az\\\/article\\\/azerbaycan-manati-nece-sabitlesdi\\\/#primaryimage\"},\"thumbnailUrl\":\"https:\\\/\\\/www.meydan.tv\\\/wp-content\\\/uploads\\\/44996.jpg\",\"datePublished\":\"2018-11-21T18:35:58+00:00\",\"breadcrumb\":{\"@id\":\"https:\\\/\\\/www.meydan.tv\\\/az\\\/article\\\/azerbaycan-manati-nece-sabitlesdi\\\/#breadcrumb\"},\"inLanguage\":\"az\",\"potentialAction\":[{\"@type\":\"ReadAction\",\"target\":[\"https:\\\/\\\/www.meydan.tv\\\/az\\\/article\\\/azerbaycan-manati-nece-sabitlesdi\\\/\"]}]},{\"@type\":\"ImageObject\",\"inLanguage\":\"az\",\"@id\":\"https:\\\/\\\/www.meydan.tv\\\/az\\\/article\\\/azerbaycan-manati-nece-sabitlesdi\\\/#primaryimage\",\"url\":\"https:\\\/\\\/www.meydan.tv\\\/wp-content\\\/uploads\\\/44996.jpg\",\"contentUrl\":\"https:\\\/\\\/www.meydan.tv\\\/wp-content\\\/uploads\\\/44996.jpg\",\"width\":700,\"height\":386,\"caption\":\"Source:\"},{\"@type\":\"BreadcrumbList\",\"@id\":\"https:\\\/\\\/www.meydan.tv\\\/az\\\/article\\\/azerbaycan-manati-nece-sabitlesdi\\\/#breadcrumb\",\"itemListElement\":[{\"@type\":\"ListItem\",\"position\":1,\"name\":\"Ana s\u0259hif\u0259\",\"item\":\"https:\\\/\\\/www.meydan.tv\\\/az\\\/\"},{\"@type\":\"ListItem\",\"position\":2,\"name\":\"Analitika\",\"item\":\"https:\\\/\\\/www.meydan.tv\\\/az\\\/section\\\/analitika\\\/\"},{\"@type\":\"ListItem\",\"position\":3,\"name\":\"Az\u0259rbaycan manat\u0131 nec\u0259 sabitl\u0259\u015fdi?\"}]},{\"@type\":\"WebSite\",\"@id\":\"https:\\\/\\\/www.meydan.tv\\\/az\\\/#website\",\"url\":\"https:\\\/\\\/www.meydan.tv\\\/az\\\/\",\"name\":\"MEYDAN.TV\",\"description\":\"Meydan TV Az\u0259rbaycan\u0131n media m\u0259kan\u0131ndak\u0131 alternativ s\u0259sidir\",\"publisher\":{\"@id\":\"https:\\\/\\\/www.meydan.tv\\\/az\\\/#organization\"},\"potentialAction\":[{\"@type\":\"SearchAction\",\"target\":{\"@type\":\"EntryPoint\",\"urlTemplate\":\"https:\\\/\\\/www.meydan.tv\\\/az\\\/?s={search_term_string}\"},\"query-input\":{\"@type\":\"PropertyValueSpecification\",\"valueRequired\":true,\"valueName\":\"search_term_string\"}}],\"inLanguage\":\"az\"},{\"@type\":\"Organization\",\"@id\":\"https:\\\/\\\/www.meydan.tv\\\/az\\\/#organization\",\"name\":\"Meydan TV\",\"url\":\"https:\\\/\\\/www.meydan.tv\\\/az\\\/\",\"logo\":{\"@type\":\"ImageObject\",\"inLanguage\":\"az\",\"@id\":\"https:\\\/\\\/www.meydan.tv\\\/az\\\/#\\\/schema\\\/logo\\\/image\\\/\",\"url\":\"https:\\\/\\\/www.meydan.tv\\\/wp-content\\\/uploads\\\/2021\\\/07\\\/meydan-logo.svg\",\"contentUrl\":\"https:\\\/\\\/www.meydan.tv\\\/wp-content\\\/uploads\\\/2021\\\/07\\\/meydan-logo.svg\",\"width\":195,\"height\":46,\"caption\":\"Meydan TV\"},\"image\":{\"@id\":\"https:\\\/\\\/www.meydan.tv\\\/az\\\/#\\\/schema\\\/logo\\\/image\\\/\"}},{\"@type\":\"Person\",\"@id\":\"https:\\\/\\\/www.meydan.tv\\\/az\\\/#\\\/schema\\\/person\\\/10d11eccf6da3662cf5fdab9806ea91a\",\"name\":\"user-manager\"}]}<\/script>\n<!-- \/ Yoast SEO plugin. -->","yoast_head_json":{"title":"Az\u0259rbaycan manat\u0131 nec\u0259 sabitl\u0259\u015fdi? - MEYDAN.TV","robots":{"index":"index","follow":"follow","max-snippet":"max-snippet:-1","max-image-preview":"max-image-preview:large","max-video-preview":"max-video-preview:-1"},"canonical":"https:\/\/www.meydan.tv\/az\/article\/azerbaycan-manati-nece-sabitlesdi\/","og_locale":"az_AZ","og_type":"article","og_title":"Az\u0259rbaycan manat\u0131 nec\u0259 sabitl\u0259\u015fdi? - MEYDAN.TV","og_description":"Bank h\u0259l\u0259 d\u0259 m\u00fcdaxil\u0259 edir, manata \u00fczm\u0259y\u0259 imkan yaratmay\u0131b","og_url":"https:\/\/www.meydan.tv\/az\/article\/azerbaycan-manati-nece-sabitlesdi\/","og_site_name":"MEYDAN.TV","article_published_time":"2018-11-21T18:35:58+00:00","og_image":[{"width":700,"height":386,"url":"https:\/\/www.meydan.tv\/wp-content\/uploads\/44996.jpg","type":"image\/jpeg"}],"author":"user-manager","twitter_card":"summary_large_image","schema":{"@context":"https:\/\/schema.org","@graph":[{"@type":"Article","@id":"https:\/\/www.meydan.tv\/az\/article\/azerbaycan-manati-nece-sabitlesdi\/#article","isPartOf":{"@id":"https:\/\/www.meydan.tv\/az\/article\/azerbaycan-manati-nece-sabitlesdi\/"},"author":{"name":"user-manager","@id":"https:\/\/www.meydan.tv\/az\/#\/schema\/person\/10d11eccf6da3662cf5fdab9806ea91a"},"headline":"Az\u0259rbaycan manat\u0131 nec\u0259 sabitl\u0259\u015fdi?","datePublished":"2018-11-21T18:35:58+00:00","mainEntityOfPage":{"@id":"https:\/\/www.meydan.tv\/az\/article\/azerbaycan-manati-nece-sabitlesdi\/"},"wordCount":683,"publisher":{"@id":"https:\/\/www.meydan.tv\/az\/#organization"},"image":{"@id":"https:\/\/www.meydan.tv\/az\/article\/azerbaycan-manati-nece-sabitlesdi\/#primaryimage"},"thumbnailUrl":"https:\/\/www.meydan.tv\/wp-content\/uploads\/44996.jpg","articleSection":["Analitika"],"inLanguage":"az"},{"@type":"WebPage","@id":"https:\/\/www.meydan.tv\/az\/article\/azerbaycan-manati-nece-sabitlesdi\/","url":"https:\/\/www.meydan.tv\/az\/article\/azerbaycan-manati-nece-sabitlesdi\/","name":"Az\u0259rbaycan manat\u0131 nec\u0259 sabitl\u0259\u015fdi? - MEYDAN.TV","isPartOf":{"@id":"https:\/\/www.meydan.tv\/az\/#website"},"primaryImageOfPage":{"@id":"https:\/\/www.meydan.tv\/az\/article\/azerbaycan-manati-nece-sabitlesdi\/#primaryimage"},"image":{"@id":"https:\/\/www.meydan.tv\/az\/article\/azerbaycan-manati-nece-sabitlesdi\/#primaryimage"},"thumbnailUrl":"https:\/\/www.meydan.tv\/wp-content\/uploads\/44996.jpg","datePublished":"2018-11-21T18:35:58+00:00","breadcrumb":{"@id":"https:\/\/www.meydan.tv\/az\/article\/azerbaycan-manati-nece-sabitlesdi\/#breadcrumb"},"inLanguage":"az","potentialAction":[{"@type":"ReadAction","target":["https:\/\/www.meydan.tv\/az\/article\/azerbaycan-manati-nece-sabitlesdi\/"]}]},{"@type":"ImageObject","inLanguage":"az","@id":"https:\/\/www.meydan.tv\/az\/article\/azerbaycan-manati-nece-sabitlesdi\/#primaryimage","url":"https:\/\/www.meydan.tv\/wp-content\/uploads\/44996.jpg","contentUrl":"https:\/\/www.meydan.tv\/wp-content\/uploads\/44996.jpg","width":700,"height":386,"caption":"Source:"},{"@type":"BreadcrumbList","@id":"https:\/\/www.meydan.tv\/az\/article\/azerbaycan-manati-nece-sabitlesdi\/#breadcrumb","itemListElement":[{"@type":"ListItem","position":1,"name":"Ana s\u0259hif\u0259","item":"https:\/\/www.meydan.tv\/az\/"},{"@type":"ListItem","position":2,"name":"Analitika","item":"https:\/\/www.meydan.tv\/az\/section\/analitika\/"},{"@type":"ListItem","position":3,"name":"Az\u0259rbaycan manat\u0131 nec\u0259 sabitl\u0259\u015fdi?"}]},{"@type":"WebSite","@id":"https:\/\/www.meydan.tv\/az\/#website","url":"https:\/\/www.meydan.tv\/az\/","name":"MEYDAN.TV","description":"Meydan TV Az\u0259rbaycan\u0131n media m\u0259kan\u0131ndak\u0131 alternativ s\u0259sidir","publisher":{"@id":"https:\/\/www.meydan.tv\/az\/#organization"},"potentialAction":[{"@type":"SearchAction","target":{"@type":"EntryPoint","urlTemplate":"https:\/\/www.meydan.tv\/az\/?s={search_term_string}"},"query-input":{"@type":"PropertyValueSpecification","valueRequired":true,"valueName":"search_term_string"}}],"inLanguage":"az"},{"@type":"Organization","@id":"https:\/\/www.meydan.tv\/az\/#organization","name":"Meydan TV","url":"https:\/\/www.meydan.tv\/az\/","logo":{"@type":"ImageObject","inLanguage":"az","@id":"https:\/\/www.meydan.tv\/az\/#\/schema\/logo\/image\/","url":"https:\/\/www.meydan.tv\/wp-content\/uploads\/2021\/07\/meydan-logo.svg","contentUrl":"https:\/\/www.meydan.tv\/wp-content\/uploads\/2021\/07\/meydan-logo.svg","width":195,"height":46,"caption":"Meydan TV"},"image":{"@id":"https:\/\/www.meydan.tv\/az\/#\/schema\/logo\/image\/"}},{"@type":"Person","@id":"https:\/\/www.meydan.tv\/az\/#\/schema\/person\/10d11eccf6da3662cf5fdab9806ea91a","name":"user-manager"}]}},"_links":{"self":[{"href":"https:\/\/www.meydan.tv\/az\/wp-json\/wp\/v2\/posts\/192683","targetHints":{"allow":["GET"]}}],"collection":[{"href":"https:\/\/www.meydan.tv\/az\/wp-json\/wp\/v2\/posts"}],"about":[{"href":"https:\/\/www.meydan.tv\/az\/wp-json\/wp\/v2\/types\/post"}],"author":[{"embeddable":true,"href":"https:\/\/www.meydan.tv\/az\/wp-json\/wp\/v2\/users\/11"}],"replies":[{"embeddable":true,"href":"https:\/\/www.meydan.tv\/az\/wp-json\/wp\/v2\/comments?post=192683"}],"version-history":[{"count":0,"href":"https:\/\/www.meydan.tv\/az\/wp-json\/wp\/v2\/posts\/192683\/revisions"}],"wp:featuredmedia":[{"embeddable":true,"href":"https:\/\/www.meydan.tv\/az\/wp-json\/wp\/v2\/media\/112936"}],"wp:attachment":[{"href":"https:\/\/www.meydan.tv\/az\/wp-json\/wp\/v2\/media?parent=192683"}],"wp:term":[{"taxonomy":"category","embeddable":true,"href":"https:\/\/www.meydan.tv\/az\/wp-json\/wp\/v2\/categories?post=192683"},{"taxonomy":"post_tag","embeddable":true,"href":"https:\/\/www.meydan.tv\/az\/wp-json\/wp\/v2\/tags?post=192683"}],"curies":[{"name":"wp","href":"https:\/\/api.w.org\/{rel}","templated":true}]}}