{"id":192669,"date":"2018-11-20T20:25:32","date_gmt":"2018-11-20T20:25:32","guid":{"rendered":"https:\/\/www.meydan.tv\/article\/dunyanin-en-nufuzlu-qadini-angela-merkel-2-ci-hisse\/"},"modified":"2018-11-20T20:25:32","modified_gmt":"2018-11-20T20:25:32","slug":"dunyanin-en-nufuzlu-qadini-angela-merkel-2-ci-hisse","status":"publish","type":"post","link":"https:\/\/www.meydan.tv\/az\/article\/dunyanin-en-nufuzlu-qadini-angela-merkel-2-ci-hisse\/","title":{"rendered":"D\u00fcnyan\u0131n \u0259n n\u00fcfuzlu qad\u0131n\u0131: Angela Merkel (2-ci hiss\u0259)"},"content":{"rendered":"<figure class=\"wp-block-image size-large\">\n  <img decoding=\"async\" src=\"https:\/\/www.meydan.tv\/az\/112843\/\" alt=\"\" class=\"wp-image-112843\"\/><figcaption><\/figcaption><\/figure>\n<p>\n  <i><br \/>\n    \u00a0\u201cMerkel Almaniyan\u0131n qap\u0131lar\u0131n\u0131 \u00fcz\u00fcm\u00fcz\u0259 a\u00e7d\u0131, \u00e7\u00fcnki onun \u00fcr\u0259yi bizim nec\u0259 yoruldu\u011fumuzu hiss edir\u201d (\u0130sra \u0130brahim, suriyal\u0131 qa\u00e7q\u0131n)<br \/>\n  <\/i>\n<\/p>\n<p>\n  \u201cAvropan\u0131n \u00fcr\u0259yi d\u0259 tolerantd\u0131r, ruhu da. Biz bunu bir ne\u00e7\u0259 \u0259srd\u0259n sonra anlaya bildik. \u018fvv\u0259ll\u0259r bir-birimizi m\u0259hv edirdik. \u00d6z v\u0259t\u0259nl\u0259rimizi b\u0259rbad hala sal\u0131rd\u0131q. Art\u0131q nifr\u0259t, b\u00f6l\u00fcc\u00fcl\u00fck v\u0259 da\u011f\u0131d\u0131c\u0131l\u0131q arxada qal\u0131b\u201d yax\u0131n ke\u00e7mi\u015find\u0259 Holokost kimi a\u011f\u0131r cinay\u0259ti olan Almaniyan\u0131 Avropan\u0131n \u0259n arzulanan \u00f6lk\u0259sin\u0259 \u00e7evir\u0259n Merkel m\u00fchacir b\u00f6hran\u0131ndan bir il \u0259vv\u0259l bel\u0259 demi\u015fdi.\n<\/p>\n<p>\n  Almanlar ona \u201cMutti\u201d (almanca \u201cana\u201d (\u201cmother\u201d) s\u00f6z\u00fcn\u00fcn \u0259zizl\u0259yici formas\u0131) deyirl\u0259r. Hesab edirl\u0259r ki, Merkel hakimiyy\u0259td\u0259 oldu\u011fu m\u00fcdd\u0259td\u0259 xalqa \u201cqay\u011f\u0131ke\u015f ana\u201d kimi yana\u015f\u0131b. V\u0259 bu, \u015fi\u015firtm\u0259 deyil. Almaniya m\u0259hz onun bacar\u0131ql\u0131 idar\u0259\u00e7iliyi say\u0259sind\u0259 bir ne\u00e7\u0259 iqtisadi b\u00f6hrandan, o c\u00fcml\u0259d\u0259n qlobal represiyadan salamat \u00e7\u0131x\u0131b. R\u0259qab\u0259t\u0259d\u00f6z\u00fcml\u00fc, g\u00fccl\u00fc iqtisadiyyat\u0131yla Avropan\u0131n birincisi olub, sevil\u0259n, arzulanan, h\u0259s\u0259d apar\u0131lan \u00f6lk\u0259y\u0259 \u00e7evrilib.\n<\/p>\n<p>\n  Amma Merkel \u00f6z\u00fc (\u0259riyl\u0259 birlikd\u0259) 100 kvadrat-metrlik m\u0259nzild\u0259 ya\u015fay\u0131r v\u0259 ev\u0259 \u0259rza\u011f\u0131 \u00f6z\u00fc al\u0131r. Ke\u00e7irdiyi sad\u0259 h\u0259yat t\u0259rzi almanlarda ona qar\u015f\u0131 g\u00fcv\u0259n hissi yarad\u0131r. Hans\u0131sa x\u00fcsusiyy\u0259tl\u0259rini b\u0259y\u0259nm\u0259s\u0259l\u0259r bel\u0259, onu \u00f6zl\u0259rind\u0259n biri hesab edirl\u0259r.\n<\/p>\n<p>\n  T\u0259nqid\u00e7il\u0259rinin astag\u0259llikd\u0259, konkret m\u00f6vqe v\u0259 ideologiyaya \u0259saslanmamaqda su\u00e7lad\u0131\u011f\u0131 siyas\u0259t\u00e7inin yegan\u0259 \u201cqibl\u0259si\u201d ictimai r\u0259ydir. O, irili-x\u0131rdal\u0131 b\u00fct\u00fcn m\u0259s\u0259l\u0259l\u0259rd\u0259 ictimaiyy\u0259tin fikrini \u00f6yr\u0259nm\u0259yi vacib say\u0131r. \u201cDer \u015epigel\u201d (\u201cDer Spiegel\u201d) jurnal\u0131n\u0131n yazd\u0131\u011f\u0131na g\u00f6r\u0259, onun d\u0259ft\u0259rxanas\u0131 4 il \u0259rzind\u0259 600-d\u0259n \u00e7ox sor\u011fu sifari\u015f edib.\n<\/p>\n<p>\n  Almaniyan\u0131n 4-c\u00fc kansleri Helmut \u015emidtin d\u0259fn m\u0259rasimind\u0259ki \u00e7\u0131x\u0131\u015f\u0131 is\u0259 sanki onun \u00f6z\u00fc haqq\u0131ndad\u0131r:\n<\/p>\n<p>\n  \u201cBiz ona etibar edirdik. \u00dcmid edirdik ki, o, situasiyaya n\u0259zar\u0259ti \u0259l\u0259 alacaq v\u0259 probleml\u0259ri h\u0259ll ed\u0259c\u0259k. \u015emidt h\u0259r hans\u0131 i\u015fin do\u011frulu\u011funa \u0259min olandan sonra onu realla\u015fd\u0131r\u0131rd\u0131. Bir i\u015fi g\u00f6rm\u0259y\u0259 tam haz\u0131r olsa bel\u0259, onu a\u011fl\u0131n\u0131n s\u00fczg\u0259cind\u0259n ke\u00e7ir\u0259nd\u0259n sonra q\u0259rar verirdi. Onun bir kansler kimi m\u00f6ht\u0259\u015f\u0259mliyi m\u00fcdrikliyi v\u0259 f\u0259aliyy\u0259tind\u0259ki ard\u0131c\u0131ll\u0131\u011f\u0131ndayd\u0131. \u018fn \u0259sas m\u0259qamsa budur: \u015emidt \u00f6z q\u0259rarlar\u0131na g\u00f6r\u0259 b\u00f6y\u00fck itkil\u0259r verm\u0259y\u0259 haz\u0131r idi. \u00c7\u00fcnki m\u0259\u011flubiyy\u0259t riskini, h\u0259tta kanslerliyi itirm\u0259k t\u0259hl\u00fck\u0259sini d\u0259 g\u00f6z\u0259 al\u0131rd\u0131\u201d.\n<\/p>\n<figure class=\"wp-block-image size-large\">\n  <img decoding=\"async\" src=\"https:\/\/www.meydan.tv\/az\/112849\/\" alt=\"\" class=\"wp-image-112849\"\/><figcaption><\/figcaption><\/figure>\n<p>\n  <b><br \/>\n    Avronun xilaskar\u0131<br \/>\n  <\/b>\n<\/p>\n<p>\n  \u0130kinci d\u0259f\u0259 kansler olandan 2 il sonra (2015-ci ild\u0259) de-fakto Avropa Birliyin\u0259 d\u0259 liderlik ed\u0259n Angela Merkel iki ciddi b\u00f6hranla \u00fczl\u0259\u015fdi. Birincisi avroyla ba\u011fl\u0131yd\u0131 v\u0259 Yunan\u0131stan \u00fc\u00e7\u00fcn defolt t\u0259hl\u00fck\u0259si yaratm\u0131\u015fd\u0131. \u0130kincisi is\u0259 b\u00fct\u00fcn Avropan\u0131 silk\u0259l\u0259y\u0259n qa\u00e7q\u0131n problemiydi. H\u0259min il Merkel h\u00f6kum\u0259ti suriyal\u0131 qa\u00e7q\u0131nlar\u0131n Almaniyaya giri\u015fin\u0259 icaz\u0259 vermi\u015f, \u00f6lk\u0259y\u0259 y\u00fczminl\u0259rl\u0259 m\u00fchacir q\u0259bul etmi\u015fdi. Bu, \u00e7ox c\u0259sar\u0259tli q\u0259rar idi. \u00c7\u00fcnki d\u00fcnyan\u0131n ba\u015fqa bir b\u00f6lg\u0259sind\u0259 alovlanm\u0131\u015f konflikt 70 il \u0259min-amanl\u0131q i\u00e7ind\u0259 ya\u015fam\u0131\u015f, buna g\u00f6r\u0259 Nobel s\u00fclh m\u00fckafat\u0131na da layiq g\u00f6r\u00fclm\u00fc\u015f (2012-ci ild\u0259) Avropa Birliyin\u0259 transfer olurdu.\n<\/p>\n<p>\n  2015-ci ili Merkelin karyeras\u0131nda d\u00f6n\u00fc\u015f n\u00f6qt\u0259si hesab etm\u0259k olar. Ovaxtad\u0259k Almaniya kansleri h\u0259r hans\u0131 g\u0259rginliy\u0259 yol a\u00e7mayan ehtiyatl\u0131 add\u0131mlar atma\u011fa \u00fcst\u00fcnl\u00fck verirdi. H\u0259min il verdiyi q\u0259rarlar onun \u0259n\u0259n\u0259vi \u00fcslubuna uy\u011fun deyildi. D\u0259qiq hesablamalar\u0131, praqmatik se\u00e7iml\u0259ri duy\u011fusal q\u0259na\u0259tl\u0259r \u0259v\u0259z etmi\u015fdi. Praqmatizm\u0259 qalsa, y\u00fczminl\u0259rl\u0259 qa\u00e7q\u0131na \u201cyox\u201d deyilm\u0259liydi. \u00d6mr\u00fcn\u00fcn 30 ilini ke\u00e7ilm\u0259z Berlin divar\u0131n\u0131n \u201cqaranl\u0131q\u201d t\u0259r\u0259find\u0259 ya\u015fam\u0131\u015f Merkels\u0259 h\u0259r\u0259k\u0259t azadl\u0131\u011f\u0131n\u0131n m\u0259hdudla\u015fd\u0131r\u0131lmas\u0131na nifr\u0259t edirdi. \u00dcst\u0259lik, \u00e7ox da uzaq olmayan ke\u00e7mi\u015fd\u0259 d\u00fcnyaya milliyy\u0259t\u00e7ilik, nativizm yayan, 50 milyon insan\u0131n \u00f6l\u00fcm\u00fcyl\u0259 n\u0259tic\u0259l\u0259nmi\u015f m\u00fcharib\u0259nin s\u0259b\u0259bkar\u0131 olan bir \u00f6lk\u0259nin lideri kimi m\u00fcharib\u0259 qa\u00e7q\u0131nlar\u0131n\u0131n qar\u015f\u0131s\u0131na s\u0259dd \u00e7\u0259km\u0259k ona yolverilm\u0259z g\u00f6r\u00fcnm\u00fc\u015f ola bil\u0259rdi.\n<\/p>\n<p>\n  O co\u011frafiyada \u0259m\u0259kda\u015fl\u0131q \u00fc\u00e7\u00fcn \u0259ng\u0259ll\u0259rin aradan qald\u0131r\u0131lmas\u0131 v\u0259 demokratiyan\u0131n yay\u0131lmas\u0131 \u00fc\u00e7\u00fcn Merkel ciddi \u0259m\u0259k s\u0259rf edib. H\u0259tta AB \u00e7\u0259r\u00e7iv\u0259sind\u0259 bu missiyan\u0131n \u0259sas da\u015f\u0131y\u0131c\u0131s\u0131n\u0131n el\u0259 Almaniya kansleri oldu\u011funu dey\u0259 bil\u0259rik. El\u0259 2010-2015-ci ill\u0259rd\u0259 avro b\u00f6hran\u0131n\u0131 da ancaq Merkel kimi se\u00e7ici, s\u0259brli v\u0259 konsensus h\u0259d\u0259fli i\u015f prinsipi olan biri h\u0259ll ed\u0259 bil\u0259rdi. H\u0259r\u00e7\u0259nd, bu m\u00fcdd\u0259t \u0259rzind\u0259 xeyli t\u0259nqid\u0259 m\u0259ruz qal\u0131b. Defolt t\u0259hl\u00fck\u0259si ya\u015fayan Yunan\u0131stanla ortaq dil tapmaq c\u0259hdl\u0259ri s\u0259rt taktika kimi qiym\u0259tl\u0259ndirilib. Hitlersaya\u011f\u0131 b\u0131\u011fla karikaturas\u0131n\u0131 \u00e7\u0259k\u0259nl\u0259r, \u201cevin i\u00e7ini qoyub, \u00e7\u00f6l\u00fcn\u00fcn hay\u0131na qald\u0131\u011f\u0131n\u0131\u201d iddia ed\u0259r\u0259k, \u201cmerkelinq\u201d (\u00e7eyn\u0259y\u0259 bil\u0259c\u0259yind\u0259n daha art\u0131\u011f\u0131n\u0131 di\u015fl\u0259y\u0259r\u0259k, qit\u0259 miqyas\u0131nda problem yaratmaq, yanan evin\u0259 su t\u00f6km\u0259k \u0259v\u0259zin\u0259, \u00f6z \u00fcz\u0259rin\u0259 benzin t\u00f6km\u0259k) felini qura\u015fd\u0131ranlar da olub.\n<\/p>\n<p>\n  Halbuki b\u00f6hran\u0131n s\u0259b\u0259bkar\u0131 Yunan\u0131stan idi. Vaxtil\u0259 d\u00fcnyaya demokratiya b\u0259x\u015f etmi\u015f \u00f6lk\u0259 indi ona ba\u015fa\u011fr\u0131s\u0131 yarad\u0131rd\u0131. \u018fvv\u0259lkil\u0259ri qaytarmadan AB-d\u0259n yeni kreditl\u0259r t\u0259l\u0259b edirdi. Buna qar\u015f\u0131 \u00e7\u0131xan Merkel 2012-ci ild\u0259ki bir a\u00e7\u0131qlamas\u0131nda demi\u015fdi:\n<\/p>\n<p>\n  \u201cM\u0259n iqtisadi \u00e7\u00f6k\u00fc\u015f ya\u015fam\u0131\u015f \u00f6lk\u0259d\u0259n\u0259m. Yunan\u0131stan borcunu azaltmasa, daha Avropa h\u0259r k\u0259sin b\u0259y\u0259ndiyi v\u0259 d\u00fcnyan\u0131n h\u00f6rm\u0259t etdiyi, \u00e7i\u00e7\u0259kl\u0259n\u0259n qit\u0259 olmayacaq\u201d.\n<\/p>\n<p>\n  Bu \u00f6lk\u0259nin (o c\u00fcml\u0259d\u0259n, Portuqaliya, \u0130rlandiya v\u0259 \u0130taliyan\u0131n da) r\u0259hb\u0259rl\u0259rin\u0259 b\u0259dx\u0259rclik etm\u0259m\u0259yi, olmayan pullar\u0131 x\u0259rcl\u0259m\u0259m\u0259yi m\u0259sl\u0259h\u0259t g\u00f6r\u0259n t\u0259kc\u0259 Merkel deyildi. Amma dominant \u201cbankir\u201d rolunda m\u0259hz Almaniya kansleri \u00e7\u0131x\u0131\u015f edirdi. Bir ne\u00e7\u0259 il davam ed\u0259n h\u0259min b\u00f6hran zaman\u0131 Merkelin n\u00fcfuzu da, m\u00f6vqeyi d\u0259 g\u00fccl\u0259nmi\u015fdi. Yunan\u0131stana ancaq q\u0259na\u0259t taktikas\u0131n\u0131 se\u00e7m\u0259kl\u0259 xilas ola bil\u0259c\u0259yini dey\u0259nl\u0259rin say\u0131 artm\u0131\u015fd\u0131. Eyni zamanda, Merkel avronun \u201canadang\u0259lm\u0259\u201d q\u00fcsurunu \u2013 iqtisadi birliyin siyasi aparatla eyni vaxtda formala\u015fmamas\u0131 problemini d\u0259 h\u0259ll etm\u0259y\u0259 \u00e7al\u0131\u015fm\u0131\u015f v\u0259 zamanla buna nail ola bilmi\u015fdi. Amma \u0259sas problem Yunan\u0131standak\u0131 \u0259n\u0259n\u0259l\u0259r idi. Varl\u0131lar\u0131n vergi \u00f6d\u0259m\u0259kd\u0259n yay\u0131nmas\u0131 v\u0259 h\u00f6kum\u0259tin \u201cpulda\u011f\u0131dan\u201d olmas\u0131yd\u0131. Hakimiyy\u0259t d\u0259yi\u015fikliyind\u0259n sonra da AB-y\u0259 (oxu: Merkel\u0259) \u201cxarakter g\u00f6st\u0259rm\u0259k\u201d siyas\u0259tini davam etdir\u0259n yeni r\u0259hb\u0259rlik birlikd\u0259n qovulmaq t\u0259hl\u00fck\u0259sil\u0259 \u00fcz-\u00fcz\u0259 qalanda, n\u0259hay\u0259t, geri \u00e7\u0259kilm\u0259li v\u0259 s\u0259rt iqtisadi siyas\u0259t x\u0259ttini q\u0259bul etm\u0259li olmu\u015fdular.\n<\/p>\n<p>\n  <b><br \/>\n    \u201c\u00c7ox sa\u011f ol, Almaniya!\u201d<br \/>\n  <\/b>\n<\/p>\n<p>\n  Merkel avro b\u00f6hran\u0131n\u0131 h\u0259ll ed\u0259r-etm\u0259z m\u00fchacir b\u00f6hran\u0131 ba\u015flam\u0131\u015fd\u0131. 2015-ci ild\u0259 Almaniyaya s\u0131\u011f\u0131nacaq \u00fc\u00e7\u00fcn 200.000 n\u0259f\u0259r m\u00fcraci\u0259t etmi\u015fdi. Bu, \u0259vv\u0259lki ill\u0259 m\u00fcqayis\u0259d\u0259 2 d\u0259f\u0259 \u00e7ox idi.\n<\/p>\n<p>\n  \u018fslind\u0259, m\u00fchacir problemi Almaniya \u00fc\u00e7\u00fcn yeni deyildi. Nasional-sosialistl\u0259rin irqi ayr\u0131-se\u00e7kilik v\u0259 genetik safl\u0131q ideologiyas\u0131na \u0259sas\u0259n, qurdu\u011fu fa\u015fist d\u00f6vl\u0259ti m\u0259\u011flub olandan sonra Almaniya immiqrantlar \u00f6lk\u0259sin\u0259 \u00e7evrilmi\u015fdi. \u0130lk dal\u011fada qon\u015fu \u00f6lk\u0259l\u0259rin v\u0259t\u0259nda\u015flar\u0131 ora yerl\u0259\u015fmi\u015f, 1960-c\u0131 ill\u0259rd\u0259 Anadolu t\u00fcrkl\u0259ri i\u015fl\u0259m\u0259k \u00fc\u00e7\u00fcn Almaniyaya ax\u0131n etmi\u015fdil\u0259r. Yuqoslaviyadak\u0131 v\u0259t\u0259nda\u015f m\u00fcharib\u0259sind\u0259n v\u0259 Rum\u0131niyadan qa\u00e7anlar is\u0259 90-c\u0131 ill\u0259rd\u0259 yeni dal\u011fa yaratm\u0131\u015fd\u0131lar. T\u0259kc\u0259, 1992-ci ild\u0259 440 000 n\u0259f\u0259r Almaniyaya (\u0259vv\u0259lki ild\u0259n 2 d\u0259f\u0259 \u00e7ox) s\u0131\u011f\u0131nacaq \u00fc\u00e7\u00fcn m\u00fcraci\u0259t etmi\u015fdi. H\u0259min il Bundestaq m\u00fchacirlik haqq\u0131nda qanuna d\u00fcz\u0259li\u015f etm\u0259li olmu\u015f, m\u00fchacir statusunu ancaq siyasi t\u0259qib\u0259 m\u0259ruz qalanlara verm\u0259k q\u0259rar\u0131 alm\u0131\u015fd\u0131 (\u00f6l\u00fcm h\u00f6km\u00fcnd\u0259n qa\u00e7anlar d\u00f6vl\u0259td\u0259n maddi yard\u0131m almadan Almaniyada qala bil\u0259rdil\u0259r). Qanuna d\u0259yi\u015fiklik statistikan\u0131 da d\u0259yi\u015fmi\u015fdi: 1993-c\u00fc ild\u0259 m\u00fcraci\u0259tl\u0259rin say\u0131 322.599-a d\u00fc\u015fm\u00fc\u015f, sonrak\u0131 iki ilin h\u0259r birind\u0259 is\u0259 128 000 n\u0259f\u0259r olmu\u015fdu. 2000-ci ill\u0259rin \u0259vv\u0259ll\u0259rin\u0259 do\u011fru azalma davam etmi\u015f, 2007-ci ild\u0259 1990-dan b\u0259ri \u0259n a\u015fa\u011f\u0131 g\u00f6st\u0259rici qeyd\u0259 al\u0131nm\u0131\u015fd\u0131 \u2013 19.164 n\u0259f\u0259r.\n<\/p>\n<p>\n  7 il sonra v\u0259ziyy\u0259t yenid\u0259n g\u0259rginl\u0259\u015fdi. Suriyadak\u0131 v\u0259t\u0259nda\u015f m\u00fcharib\u0259si y\u00fczminl\u0259rl\u0259 insan\u0131n Avropaya ax\u0131n\u0131na s\u0259b\u0259b oldu. 2014-c\u00fc ild\u0259 \u0259sas\u0259n \u018ffqan\u0131standan v\u0259 \u0130raqdan olan 202.800 n\u0259f\u0259r AFR h\u00f6kum\u0259tin\u0259 s\u0131\u011f\u0131nacaq \u00fc\u00e7\u00fcn m\u00fcraci\u0259t etdi (H\u0259min d\u00f6n\u0259md\u0259 b\u00fct\u00fcn d\u00fcnya \u00fczr\u0259 qa\u00e7q\u0131nlar\u0131n say\u0131 51.200.000 n\u0259f\u0259r t\u0259\u015fkil edirdi).\n<\/p>\n<p>\n  2015-ci ild\u0259 m\u00fchacir problemi pik n\u00f6qt\u0259sin\u0259 \u00e7atd\u0131. Almaniyaya 890.000 min qa\u00e7q\u0131n daxil oldu. \u018fslind\u0259 bu, onlar\u0131n ikinci qa\u00e7\u0131\u015f\u0131yd\u0131. BMT-nin Suriyadak\u0131 v\u0259t\u0259nda\u015f m\u00fcharib\u0259sind\u0259n qa\u00e7\u0131b qon\u015fu \u00f6lk\u0259l\u0259r\u0259 &#8211; Livana, \u0130ordaniyaya, \u0130raqa, T\u00fcrkiy\u0259y\u0259 s\u0131\u011f\u0131nan insanlar \u00fc\u00e7\u00fcn ay\u0131rd\u0131\u011f\u0131 v\u0259sait azal\u0131b, adamba\u015f\u0131na g\u00fcnd\u0259 50 sent\u0259 d\u00fc\u015fd\u00fcy\u00fc \u00fc\u00e7\u00fcn onlar bu d\u0259f\u0259 \u201ctox Avropaya\u201d getm\u0259k q\u0259rar\u0131na g\u0259lmi\u015fdil\u0259r. Bu yoldak\u0131 \u00e7oxsayl\u0131 q\u0259zalar v\u0259 y\u00fczl\u0259rl\u0259 \u00f6l\u00fcm hadis\u0259si bel\u0259 onlar\u0131 durdurmurdu.\n<\/p>\n<p>\n  2015-ci il sentyabr\u0131n 2-d\u0259 \u00fc\u00e7 ya\u015fl\u0131 suriyal\u0131 Aylan Kurdinin Bodrum sahilind\u0259 tap\u0131lan c\u0259s\u0259di qa\u00e7q\u0131nlar problemini d\u00fcnyan\u0131n bir n\u00f6mr\u0259li g\u00fcnd\u0259m m\u0259s\u0259l\u0259sin\u0259 \u00e7evirdi. Avropa s\u0259rh\u0259dl\u0259rin\u0259 toplanm\u0131\u015f y\u00fczminl\u0259rl\u0259 qa\u00e7q\u0131na ilk qucaq a\u00e7an \u00f6lk\u0259l\u0259rd\u0259n biri Almaniya oldu. M\u00fcnhen va\u011fazal\u0131nda y\u00fczl\u0259rl\u0259 alman onlar\u0131 g\u00fcl-\u00e7i\u00e7\u0259kl\u0259 qar\u015f\u0131lad\u0131, suriyal\u0131lar xorla \u201c\u00e7ox sa\u011f ol, Almaniya!\u201d dey\u0259, t\u0259\u015f\u0259kk\u00fcr etdil\u0259r. Bir s\u00f6zl\u0259, idilliya&#8230;\n<\/p>\n<p>\n  Q\u0259bul m\u0259nt\u0259q\u0259l\u0259rind\u0259 b\u00f6y\u00fck s\u0131xl\u0131qlar yarand\u0131. Yerli hakimiyy\u0259t n\u00fcmay\u0259nd\u0259l\u0259ri t\u0259cili sur\u0259td\u0259 yeni kamplar a\u00e7ma\u011fa ba\u015flad\u0131lar (m\u00f6vcud imkanlara uy\u011funla\u015fd\u0131r\u0131lan qaydalar say\u0259sind\u0259 2016-c\u0131 ild\u0259 Almaniya s\u0259rh\u0259dl\u0259rini ke\u00e7\u0259n qa\u00e7q\u0131nlar\u0131n say\u0131 280.000, 2017-ci ild\u0259 173.000 n\u0259f\u0259r oldu).\n<\/p>\n<p>\n  2015-ci ilin sonundak\u0131 yeni il m\u00fcraci\u0259tind\u0259 Merkel \u0259sas\u0259n qa\u00e7q\u0131nlar problemind\u0259n dan\u0131\u015fd\u0131. \u201cBu adamlar\u0131n \u00e7oxu \u00f6l\u00fcmd\u0259n d\u00f6n\u00fcb. T\u0259bii ki, biz onlara k\u00f6m\u0259k ed\u0259c\u0259yik. Almaniyaya g\u0259lm\u0259k ist\u0259y\u0259nl\u0259r\u0259 bu imkan\u0131 yaradaca\u011f\u0131q\u201d dedi.\n<\/p>\n<p>\n  Sosial Xidm\u0259tl\u0259r Agentliyi LaGeSo-nun Berlin \u015f\u00f6b\u0259sinin m\u0259tbuat katibi Silviya Kostner K\u0130V-\u0259 a\u00e7\u0131qlamas\u0131nda buna etiraz\u0131n\u0131 bildirdi:\n<\/p>\n<p>\n  \u201cM\u0259nc\u0259, Merkel laz\u0131m oldu\u011fundan art\u0131q dedi. \u0130nsanlar onun s\u00f6zl\u0259rini d\u0259v\u0259t kimi ba\u015fa d\u00fc\u015fd\u00fcl\u0259r. Halbuki bu, d\u0259v\u0259t deyildi. H\u00f6kum\u0259t ax\u0131n\u0131 dayand\u0131rma\u011f\u0131n yollar\u0131n\u0131 tapmal\u0131d\u0131r\u201d.\n<\/p>\n<p>\n  Merkel art\u0131q bu istiqam\u0259td\u0259 \u00e7al\u0131\u015f\u0131rd\u0131. \u0130lk n\u0259tic\u0259l\u0259r d\u0259 vard\u0131 &#8211; T\u00fcrkiy\u0259 prezidenti R\u0259c\u0259b Tayyib \u018frdo\u011fan AB-nin ay\u0131raca\u011f\u0131 3 milyard dollar qar\u015f\u0131l\u0131\u011f\u0131nda suriyal\u0131lara s\u0131\u011f\u0131nacaq verm\u0259y\u0259 raz\u0131 g\u0259lmi\u015fdi.\n<\/p>\n<p>\n  Amma m\u0259s\u0259l\u0259 t\u0259kc\u0259 sayda deyildi, bir d\u0259 adaptasiya problemi vard\u0131. M\u00fchacirl\u0259r tamamil\u0259 f\u0259rqli d\u00fcnyadan g\u0259lmi\u015fdil\u0259r, ba\u015fqa k\u00fclt\u00fcr\u0259 sahibdil\u0259r, Avropa ya\u015fam t\u0259rzin\u0259 uy\u011funla\u015fma\u011fa \u00e7\u0259tinlik \u00e7\u0259kirdil\u0259r. B\u0259z\u0259n buna etiraz da edirdil\u0259r. \u00dcst\u0259lik, \u00e7al\u0131\u015fmaq, c\u0259miyy\u0259t\u0259 qaynay\u0131b-qar\u0131\u015fmaq da ist\u0259mir, onlara i\u015f t\u0259klif ed\u0259n yerli h\u00f6kum\u0259t n\u00fcmay\u0259nd\u0259l\u0259rin\u0259 \u201cBiz Angela Merkelin qonaqlar\u0131y\u0131q\u201d dey\u0259 cavab verirdil\u0259r. Daha \u0259vv\u0259l 1 saat\u0131 1 avroya h\u0259ft\u0259d\u0259 20 saat i\u015fl\u0259m\u0259y\u0259 raz\u0131la\u015fanlar bel\u0259 yerlil\u0259rin saat\u0131 8,5 avroya i\u015fl\u0259diyini bilib, fikirl\u0259rini d\u0259yi\u015fmi\u015fdil\u0259r. Bundan ba\u015fqa,\u00a0 qa\u00e7q\u0131nlar t\u0259r\u0259find\u0259n t\u00f6r\u0259dil\u0259n cinay\u0259t hadis\u0259l\u0259rinin say\u0131 da durmadan art\u0131rd\u0131. 2013-c\u00fc ild\u0259 bu say 16 min civar\u0131nda olmu\u015fdusa, iki il \u0259rzind\u0259 iki d\u0259f\u0259 \u00e7oxalm\u0131\u015f, 2015-ci ilin sonunda 38 min\u0259 \u00e7atm\u0131\u015fd\u0131. V\u0259ziyy\u0259ti normalla\u015fd\u0131rmaq \u00fc\u00e7\u00fcn h\u00f6kum\u0259t \u00f6lk\u0259y\u0259 qa\u00e7aq yolla gir\u0259nl\u0259ri deportasiya etm\u0259y\u0259 ba\u015flam\u0131\u015fd\u0131.\n<\/p>\n<p>\n  Ha\u015fiy\u0259: 2015-ci ilin iyulunda Merkel t\u0259l\u0259b\u0259l\u0259rl\u0259 diskussiya \u00fc\u00e7\u00fcn \u201cAlmaniyada h\u0259yat\u201d adl\u0131 televiziya verili\u015fin\u0259 qat\u0131l\u0131r. Verili\u015fd\u0259 i\u015ftirak ed\u0259n 14 ya\u015fl\u0131 f\u0259l\u0259stinli q\u0131z \u0259l qald\u0131r\u0131b, s\u00f6z ist\u0259yir. O, \u00f6z\u00fcn\u00fcn v\u0259 ail\u0259sinin deportasiya t\u0259hl\u00fck\u0259sind\u0259n \u015fikay\u0259tl\u0259nir. \u201cM\u0259n t\u0259hsil almaq ist\u0259yir\u0259m. Ba\u015fqalar\u0131n\u0131n h\u0259yatdan z\u00f6vq ald\u0131\u011f\u0131n\u0131 g\u00f6r\u00fcb, onlara qo\u015fula bilm\u0259m\u0259k \u00e7ox a\u011f\u0131rd\u0131r\u201d, &#8211; deyir. Merkel duruxur, amma \u201ctap\u015f\u0131raram, baxarlar\u201d kimi \u00fcmumi s\u00f6zl\u0259rl\u0259 m\u00f6vzudan yay\u0131nmaq variant\u0131n\u0131 da se\u00e7mir. Q\u0131za bel\u0259 cavab verir: \u201cM\u0259n ba\u015fa d\u00fc\u015f\u00fcr\u0259m&#8230; Amma dem\u0259liy\u0259m ki&#8230; Bilirsinizmi, b\u0259z\u0259n siyas\u0259t \u00e7ox \u00e7\u0259tin olur. Siz \u00e7ox yax\u015f\u0131 insanlars\u0131z, amma Livandak\u0131 d\u00fc\u015f\u0259rg\u0259l\u0259rd\u0259 onminl\u0259rl\u0259 f\u0259l\u0259stinli qa\u00e7q\u0131n var. Biz des\u0259k ki, ham\u0131n\u0131z Afrikan\u0131 t\u0259rk edib, bura g\u0259lin, d\u00fcz olmaz. \u00c7\u00fcnki biz ham\u0131n\u0131 yerl\u0259\u015fdir\u0259 bilm\u0259rik\u201d. Bu yerd\u0259 Merkel q\u0131z\u0131n a\u011flama\u011fa ba\u015flad\u0131\u011f\u0131n\u0131 g\u00f6r\u00fcr, yan\u0131ndak\u0131lara \u201cm\u0259n onu sakitl\u0259\u015fdirm\u0259k ist\u0259yir\u0259m\u201d &#8211; dey\u0259r\u0259k, ona yax\u0131nla\u015f\u0131r.\n<\/p>\n<figure class=\"wp-block-image size-large\">\n  <img decoding=\"async\" src=\"https:\/\/www.meydan.tv\/az\/112852\/\" alt=\"\" class=\"wp-image-112852\"\/><figcaption><\/figcaption><\/figure>\n<p>\n  <b><br \/>\n    Neonasistl\u0259rin demar\u015f\u0131<br \/>\n  <\/b>\n<\/p>\n<p>\n  M\u00fchacir b\u00f6hran\u0131 \u00f6lk\u0259d\u0259 radikal sa\u011f\u00e7\u0131lar\u0131n f\u0259alla\u015fmas\u0131na s\u0259b\u0259b oldu. Neonasist Nasional-Demokrat Partiyas\u0131n\u0131n (NDP) \u00fczvl\u0259ri Drezden\u0259 1.100 n\u0259f\u0259r suriyal\u0131n\u0131n yerl\u0259\u015fdirilm\u0259sin\u0259 etiraz olaraq qa\u00e7q\u0131n d\u00fc\u015f\u0259rg\u0259sinin yax\u0131nl\u0131\u011f\u0131nda aksiya ke\u00e7irdil\u0259r (iyul, 2015). Onlar yax\u0131nl\u0131qda mitinq ed\u0259n \u0259ks-g\u00f6r\u00fc\u015fl\u00fc sol\u00e7ulara da\u015f v\u0259 \u015f\u00fc\u015f\u0259 butulkalar atd\u0131lar. Yaralanan 3 n\u0259f\u0259rd\u0259n birini x\u0259st\u0259xanaya yerl\u0259\u015fdirm\u0259k laz\u0131m g\u0259ldi. M\u0259s\u0259l\u0259 bununla bitm\u0259di, NDP-\u00e7il\u0259r h\u0259r bazar ert\u0259si aksiya ke\u00e7irm\u0259kd\u0259 davam etdil\u0259r.\n<\/p>\n<p>\n  Onlar\u0131n bu ilin avqustunda Hemnes \u015f\u0259h\u0259rind\u0259 ke\u00e7irdiyi aksiya da qalmaqalla n\u0259tic\u0259l\u0259ndi. Bir m\u00fchacirl\u0259 m\u00fcnaqi\u015f\u0259 zaman\u0131 \u00e7oxsayl\u0131 b\u0131\u00e7aq yaras\u0131 alm\u0131\u015f \u015f\u0259h\u0259r sakininin \u00f6l\u00fcm\u00fcn\u0259 etiraz ed\u0259n ultra-sa\u011f\u00e7\u0131lar yen\u0259 polisl\u0259r\u0259 butulka atd\u0131lar. Yaranm\u0131\u015f toqqu\u015fmada bir polis, iki aksiya i\u015ftirak\u00e7\u0131s\u0131 yaraland\u0131 (son g\u00fcnl\u0259rd\u0259 onlar \u201cFacebook\u201d \u00fcz\u0259rind\u0259n d\u0259 aksiya ger\u00e7\u0259kl\u0259\u015fdiribl\u0259r. Bu d\u0259f\u0259 y\u0259hudil\u0259ri h\u0259d\u0259f\u0259 alaraq &#8211; Berlind\u0259 onlara m\u0259xsus 70 ma\u011faza, t\u0259\u015fkilat v\u0259 m\u00fc\u0259ssis\u0259nin siyah\u0131s\u0131n\u0131 \u00f6z s\u0259hif\u0259l\u0259rind\u0259 yerl\u0259\u015fdir\u0259r\u0259k \u201cY\u0259hudil\u0259r bizim aram\u0131zdad\u0131r\u201d yaz\u0131blar).\n<\/p>\n<p>\n  Hadis\u0259d\u0259n 3 ay sonra (16 noyabrda) Hemnes\u0259 ged\u0259n Merkel \u015f\u0259h\u0259r sakinl\u0259riyl\u0259 g\u00f6r\u00fc\u015fd\u00fc. \u201cD\u0259h\u015f\u0259tli q\u0259tl hadis\u0259si ba\u015f verib v\u0259 bu, insanlar\u0131 q\u0131c\u0131qland\u0131r\u0131b\u201d &#8211; dey\u0259r\u0259k, onlar\u0131n narahatl\u0131\u011f\u0131n\u0131 anlad\u0131\u011f\u0131n\u0131 bildirdi. Radikallar\u0131n olaya etiraz \u015f\u0259klini t\u0259nqid ed\u0259n kansler hemneslil\u0259rin \u00e7oxunun ultra-sa\u011f\u00e7\u0131lar\u0131 d\u0259st\u0259kl\u0259m\u0259m\u0259sind\u0259n m\u0259mnun oldu\u011funu dedi, onlara t\u0259\u015f\u0259kk\u00fcr etdi.\n<\/p>\n<p>\n  Yeri g\u0259lmi\u015fk\u0259n, h\u0259min g\u00f6r\u00fc\u015fd\u0259 Merkel m\u00fchacir b\u00f6hran\u0131 zaman\u0131 federal h\u00f6kum\u0259tin buraxd\u0131\u011f\u0131 s\u0259hvl\u0259r\u0259 d\u0259 toxundu. \u201cB\u0259zi ba\u015fqa \u00f6lk\u0259 v\u0259 b\u00f6lg\u0259l\u0259ri d\u0259 t\u0259hl\u00fck\u0259siz yer olaraq m\u00fc\u0259yy\u0259nl\u0259\u015fdirm\u0259kl\u0259\u201d Almaniyaya g\u0259l\u0259nl\u0259rin say\u0131n\u0131 azaltmaq olard\u0131\u201d -dedi.\u00a0 Amma onun ikinci etiraf\u0131 daha k\u0259d\u0259rlidir: \u201cBu m\u0259s\u0259l\u0259yl\u0259 ba\u011fl\u0131 Bundestaqda bu g\u00fcn d\u0259 bir ir\u0259lil\u0259yi\u015f yoxdur\u201d.\n<\/p>\n<p>\n  <b><br \/>\n    Merkel Avropa Birliyini da\u011f\u0131d\u0131rm\u0131?<br \/>\n  <\/b>\n<\/p>\n<p>\n  Halbuki bundan 5 ay \u0259vv\u0259l \u2013 2018-ci ilin iyununda AB-nin Almaniyada ke\u00e7iril\u0259n sammitind\u0259 15 saatl\u0131q m\u00fczakir\u0259l\u0259rd\u0259n sonra 28 \u00fczv \u00f6lk\u0259nin miqrasiya m\u0259s\u0259l\u0259sind\u0259 raz\u0131l\u0131\u011fa g\u0259ldiyi a\u00e7\u0131qlanm\u0131\u015f, qa\u00e7q\u0131nlar\u0131n Avropaya ax\u0131n\u0131n\u0131 azaltmaq \u00fc\u00e7\u00fcn AB s\u0259rh\u0259dl\u0259ri xaricind\u0259 t\u0259hl\u00fck\u0259siz zonalar\u0131n m\u00fc\u0259yy\u0259nl\u0259\u015fdiril\u0259c\u0259yi bildirilmi\u015fdi.\n<\/p>\n<p>\n  H\u0259r\u00e7\u0259nd problemin Birlik s\u0259viyy\u0259sind\u0259 h\u0259lli d\u0259 h\u0259l\u0259 ki, uzaq perspektiv kimi g\u00f6r\u00fcn\u00fcr. AB\u015e-dan sonra d\u00f6rd AB d\u00f6vl\u0259tinin \u2013 \u00c7exiya Respublikas\u0131, Macar\u0131stan, Avstriya v\u0259 Bolqar\u0131stan\u0131n BMT-nin miqrasiya haqq\u0131nda beyn\u0259lxalq pakt\u0131ndan \u00e7\u0131xmas\u0131 v\u0259ziyy\u0259tin q\u0259liz oldu\u011funu g\u00f6st\u0259rdi. Bu durum qa\u00e7q\u0131nlar m\u0259s\u0259l\u0259sind\u0259 Trumpa opponentlik ed\u0259n Merkelin \u201c\u0259lini z\u0259ifl\u0259dir\u201d.\n<\/p>\n<p>\n  Xo\u015f olmayan m\u0259qamlardan biri d\u0259 budur ki, AB-d\u0259 par\u00e7alanma t\u0259hl\u00fck\u0259si yaradanlardan biri kanslerin h\u00f6kum\u0259t orta\u011f\u0131 Xristian-Sosialist \u0130ttifaq\u0131d\u0131r. T\u0259\u015fkilat\u0131n s\u0259dri Horst Zeyehofer (daxili i\u015fl\u0259r naziri) t\u0259l\u0259b edir ki, yerli h\u00f6kum\u0259tl\u0259r\u0259 ba\u015fqa bir AB \u00f6lk\u0259sind\u0259 qeydiyyatdan ke\u00e7mi\u015f v\u0259 ya Almaniyadan \u201cyox\u201d cavab\u0131 alm\u0131\u015f \u015f\u0259xsl\u0259r\u0259 r\u0259dd cavab\u0131 verm\u0259k h\u00fcququ tan\u0131ns\u0131n. Bu, dig\u0259r AB \u00fczvl\u0259rini q\u0131c\u0131qland\u0131racaq v\u0259 ortaq miqrasiya siyas\u0259ti formala\u015fd\u0131rma\u011fa mane olacaq, birt\u0259r\u0259fli add\u0131mlar atmaq ist\u0259m\u0259y\u0259n Merkeli odla su aras\u0131nda qoymaq dem\u0259kdir.\n<\/p>\n<p>\n  \u018fsas paradoks bundad\u0131r ki, suriyal\u0131lara ya\u015f\u0131l i\u015f\u0131q yand\u0131rmaqla qa\u00e7q\u0131nlar m\u0259s\u0259l\u0259sini h\u0259ll etm\u0259y\u0259 \u00e7al\u0131\u015fan Merkel daha b\u00f6y\u00fck layih\u0259nin \u2013 Avropa Birliyinin taleyini sual alt\u0131nda qoyub. Qa\u00e7q\u0131nlar\u0131n k\u00fctl\u0259vi k\u00f6\u00e7\u00fc bu co\u011frafiya \u00fc\u00e7\u00fcn t\u0259hl\u00fck\u0259sizlik problemi yarad\u0131b. B\u00f6hran\u0131n apogey d\u00f6n\u0259mind\u0259 (noyabr, 2015) Parisd\u0259 ba\u015f ver\u0259n terror hadis\u0259l\u0259ri Fransan\u0131 f\u00f6vq\u0259lad\u0259 v\u0259ziyy\u0259t elan etm\u0259k m\u0259cburiyy\u0259tind\u0259 qoydu. \u015eengen \u00f6lk\u0259l\u0259ri aras\u0131ndak\u0131 \u201citmi\u015f\u201d s\u0259rh\u0259dl\u0259r yenid\u0259n qoruma alt\u0131na al\u0131nd\u0131, amma n\u00f6vb\u0259ti cinay\u0259tl\u0259rin qar\u015f\u0131s\u0131n\u0131 almaq m\u00fcmk\u00fcn olmad\u0131. 2015-2018-ci ill\u0259rd\u0259 Afrika m\u0259n\u015f\u0259li \u015f\u0259xsl\u0259r Almaniya, B\u00f6y\u00fck Britaniya, \u0130sve\u00e7, \u0130taliya, Finlandiya, \u0130spaniya v\u0259 Fransada terror aktlar\u0131 t\u00f6r\u0259tdil\u0259r. Onlar\u0131n Avropada \u2013 c\u0259miyy\u0259t\u0259 inteqrasiya etm\u0259y\u0259n etnik gettolarda b\u00f6y\u00fcm\u00fc\u015f olmalar\u0131 m\u00fchacir probleminin daha bir t\u0259hl\u00fck\u0259li t\u0259r\u0259fini qabartm\u0131\u015f oldu. \u0130nsanlarda \u201cyeni gettolarda yeni terror\u00e7ular yeti\u015f\u0259 bil\u0259r\u201d narahatl\u0131\u011f\u0131 yarand\u0131.\n<\/p>\n<p>\n  \u018fn s\u0259rt h\u0259qiq\u0259tl\u0259ri \u0259n yum\u015faq \u015f\u0259kild\u0259 ifad\u0259 etm\u0259k ustas\u0131 olan Merkel m\u00fcsahib\u0259l\u0259rinin birind\u0259 durumu bel\u0259 \u015f\u0259rh etdi:\n<\/p>\n<p>\n  \u201cBir \u00e7ox b\u00f6lg\u0259l\u0259rd\u0259 m\u00fcharib\u0259 v\u0259 terror var. D\u00f6vl\u0259tl\u0259r dezinteqrsiyaya u\u011fray\u0131rlar. Uzun ill\u0259r biz bu haqda e\u015fitdik, oxuduq, hadis\u0259l\u0259ri televiziya ekranlar\u0131ndan izl\u0259dik. Ancaq H\u0259l\u0259bd\u0259 v\u0259 Mosulda ba\u015f ver\u0259nl\u0259rin Essen v\u0259 \u015etutqarta t\u0259sir ed\u0259 bil\u0259c\u0259yini g\u00f6r\u0259 bilm\u0259dik. \u0130ndi is\u0259 biz bununla \u00fcz-\u00fcz\u0259yik&#8230;\u201d\n<\/p>\n<p>\n  <b><br \/>\n    D\u00fcnyan\u0131n \u0259n a\u011f\u0131ll\u0131 qad\u0131n\u0131<br \/>\n  <\/b>\n<\/p>\n<p>\n  \u00dc\u00e7 il sonra siyas\u0259tl\u0259 vidala\u015facaq bu m\u00f6ht\u0259\u015f\u0259m qad\u0131n\u0131n bioqrafiyas\u0131yla tam tan\u0131\u015fl\u0131q ad\u0131na birinci m\u0259qal\u0259y\u0259 qald\u0131\u011f\u0131m\u0131z yerd\u0259n davam ed\u0259k:\n<\/p>\n<p>\n  &#8211; 2005-ci ild\u0259n sonra Merkel daha 3 d\u0259f\u0259 kansler se\u00e7ilib (2009, 2013, 2017-ci ill\u0259rd\u0259).\n<\/p>\n<p>\n  &#8211; Federativ sistemin t\u0259kmill\u0259\u015fdirilm\u0259si; b\u00fcrokratizml\u0259 m\u00fcbariz\u0259; s\u0259hiyy\u0259 sistemind\u0259 islahatlar; elmi ara\u015fd\u0131rmalar; ail\u0259, \u0259m\u0259k bazar\u0131, enerji, b\u00fcdc\u0259 v\u0259 maliyy\u0259 siyas\u0259ti kimi sah\u0259l\u0259rd\u0259 yeni istiqam\u0259tl\u0259r m\u00fc\u0259yy\u0259nl\u0259\u015fdirm\u0259kl\u0259 m\u0259\u015f\u011ful olub.\n<\/p>\n<p>\n  &#8211; 2006-c\u0131 ilin yay\u0131nda h\u0259min ilin d\u00fcnya \u00e7empionat\u0131 haqq\u0131nda fikirl\u0259rini \u0259ks etdir\u0259n video-kast yay\u0131b. \u0130ndiy\u0259 q\u0259d\u0259r d\u00fcnya liderl\u0259rind\u0259n he\u00e7 birinin istifad\u0259 etm\u0259diyi bu \u00fcsuldan ilk d\u0259f\u0259 o yararlanma\u011fa ba\u015flay\u0131b. H\u0259r h\u0259ft\u0259nin 6-c\u0131 g\u00fcn\u00fc bir aktual m\u0259s\u0259l\u0259yl\u0259 ba\u011fl\u0131 m\u00f6vqeyini a\u00e7\u0131qlay\u0131b.\n<\/p>\n<p>\n  &#8211; H\u0259min il 93 faiz s\u0259sl\u0259 yenid\u0259n XD\u0130-nin s\u0259dri se\u00e7ilib. Yen\u0259 o il \u201cForbes\u201d jurnal\u0131 onu d\u00fcnyan\u0131n \u0259n n\u00fcfuzlu qad\u0131n\u0131 adland\u0131r\u0131b (sonrak\u0131 2007 v\u0259 2008-ci ill\u0259rd\u0259 d\u0259). \u201cTaym\u201d jurnal\u0131 is\u0259 2006 v\u0259 2007-ci ill\u0259rd\u0259 Merkeli d\u00fcnyan\u0131n \u0259n n\u00fcfuzlu y\u00fcz adam\u0131 siyah\u0131s\u0131na daxil edib.\n<\/p>\n<p>\n  &#8211; Merkel 2007-ci ild\u0259 Berlind\u0259ki ofisind\u0259 XVI Dalay-Laman\u0131 q\u0259bul edib. X\u0259b\u0259r d\u00fcnya miqyas\u0131nda sensasiyaya \u00e7evrilib. O, g\u00f6r\u00fc\u015f\u00fcn \u015f\u0259xsi xarakter da\u015f\u0131d\u0131\u011f\u0131n\u0131, Tibetin muxtariyy\u0259ti m\u0259s\u0259l\u0259sin\u0259 d\u0259st\u0259k m\u00f6vqeyi s\u0259rgil\u0259m\u0259diyini a\u00e7\u0131qlasa da, \u00c7in v\u0259 Almaniya aras\u0131nda m\u00fcnasib\u0259tl\u0259r g\u0259rginl\u0259\u015fib.\n<\/p>\n<p>\n  &#8211; O, 2007-ci ilin ilk 6 ay\u0131nda Avropa Birliyinin s\u0259dri v\u0259zif\u0259sini d\u0259 icra edib. \u018fsas prioriteti enerji siyas\u0259ti, iqlimin m\u00fchafiz\u0259si, Qara d\u0259niz v\u0259 Orta Asiya \u00f6lk\u0259l\u0259riyl\u0259 transatlantik iqtisadi \u0259m\u0259kda\u015fl\u0131\u011f\u0131n geni\u015fl\u0259nm\u0259si v\u0259 AB Konstitusiyas\u0131n\u0131n t\u0259sdiql\u0259nm\u0259si olub. \u0130srar edib ki, m\u00fcasir multikultural d\u00fcnyada Avropa \u00f6z m\u0259d\u0259niyy\u0259tini v\u0259 k\u00f6kl\u0259rini unutmamal\u0131, bunun \u00fc\u00e7\u00fcn konstitusiyada xristianl\u0131q m\u0259s\u0259l\u0259si x\u00fcsusi vur\u011fulanmal\u0131d\u0131r. Bu t\u0259klifi yaln\u0131z \u00fc\u00e7 \u00f6lk\u0259 &#8211; Pol\u015fa, \u0130taliya v\u0259 \u0130rlandiya d\u0259st\u0259kl\u0259yib. H\u0259min il imzalanan konstitusiyah\u00f6kml\u00fc Lissabon m\u00fcqavil\u0259sind\u0259 bu m\u0259s\u0259l\u0259 (Portuqaliya) \u201cAvropan\u0131n m\u0259d\u0259ni, dini v\u0259 humanitar irsi\u201d \u015f\u0259klind\u0259 ifad\u0259 olunub.\n<\/p>\n<p>\n  &#8211; \u00dc\u00e7\u00fcnc\u00fc d\u0259f\u0259 kansler se\u00e7ildiyi 2013-c\u00fc ild\u0259 reytinqi \u0259n y\u00fcks\u0259k h\u0259dd\u0259 olub. Onun b\u0259d\u0259n dilini (\u00e7\u0131x\u0131\u015f zaman\u0131 \u0259ll\u0259rini tutma \u015f\u0259klini) ehtiva ed\u0259n \u201cMerkel rombu\u201d adl\u0131 reklam kampaniyas\u0131nda v\u0259 \u201cflash mob\u201dlarda\u00a0 Almaniyan\u0131n etibarl\u0131 \u0259ll\u0259rd\u0259 oldu\u011fu vur\u011fulan\u0131b.\n<\/p>\n<p>\n  &#8211; H\u0259min il internetd\u0259 Merkelin nudistl\u0259r \u00e7im\u0259rliyind\u0259 \u00e7\u0259kdirdiyi \u00e7\u0131lpaq \u015f\u0259kli d\u0259rc olunub. Amma bu, onun n\u00fcfuzuna x\u0259l\u0259l g\u0259tirm\u0259yib, \u0259ksin\u0259, ona mara\u011f\u0131 art\u0131r\u0131b, \u00e7\u00fcnki nudizm Almaniyada yay\u0131lm\u0131\u015f populyar c\u0259r\u0259yand\u0131r.\n<\/p>\n<p>\n  &#8211; \u201cB\u00f6y\u00fck yeddilik\u201din (Almaniya, B\u00f6y\u00fck Britaniya, Fransa, \u0130taliya, Kanada, AB\u015e v\u0259 Yaponiya liderl\u0259ri) 7 iyun 2015-ci il tarixli sammitind\u0259n sonra Merkel Rusiyaya qar\u015f\u0131 sanksiyalar\u0131n vacib oldu\u011funu b\u0259yan edib:\n<\/p>\n<p>\n  \u201cKr\u0131m\u0131 i\u015f\u011fal etm\u0259si, Donetsk v\u0259 Luqansk hadis\u0259l\u0259rin\u0259 m\u00fcdaxil\u0259si g\u00f6st\u0259rdi ki, Rusiya biziml\u0259 eyni d\u0259y\u0259rl\u0259ri b\u00f6l\u00fc\u015fm\u00fcr\u201d.\n<\/p>\n<p>\n  &#8211; Bundan bir ay \u0259vv\u0259l (10 may, 2015-ci ild\u0259) kansler Moskvada olmu\u015f v\u0259 Putinl\u0259 yana\u015f\u0131 durdu\u011fu brifinqd\u0259 bu haqda daha s\u0259rt ifad\u0259l\u0259r i\u015fl\u0259tmi\u015fdi:\n<\/p>\n<p>\n  \u201cKr\u0131m\u0131n beyn\u0259lxalq h\u00fcquqazidd, cinay\u0259tkar i\u015f\u011fal\u0131 v\u0259 \u015e\u0259rqi Ukraynadak\u0131 h\u0259rbi \u0259m\u0259liyyatlar \u00fcz\u00fcnd\u0259n bizim Rusiyayla \u0259m\u0259kda\u015fl\u0131\u011f\u0131m\u0131z ciddi \u015f\u0259kild\u0259 m\u0259hdudla\u015f\u0131b\u201d.\n<\/p>\n<p>\n  &#8211; 2016-c\u0131 ilin yerli se\u00e7kil\u0259rind\u0259 Meklenburq-\u00d6n Pameraniya b\u00f6lg\u0259sind\u0259 ultra-sa\u011f\u00e7\u0131 Almaniya \u00fc\u00e7\u00fcn Alternativ Partiyas\u0131 (AAP) xristian-demokratlardan (onun partiyas\u0131ndan) sonra ikinci yeri tutub. Berlind\u0259 is\u0259 XD\u0130 m\u0259\u011flub olub (Mill\u0259t\u00e7iliyin y\u00fcks\u0259li\u015fi h\u0259min il AB\u015e-da Trump\u0131n se\u00e7ilm\u0259sin\u0259, Britaniyada \u201cBreksit\u201d referendumunun AB \u0259leyhin\u0259 n\u0259tic\u0259l\u0259nm\u0259sin\u0259 s\u0259b\u0259b olub).\n<\/p>\n<p>\n  &#8211; Qa\u00e7q\u0131n problemin\u0259 g\u00f6r\u0259 son iki ild\u0259 Merkelin reytinqi xeyli azalsa da, 24 sentyabr 2017-ci il se\u00e7kil\u0259rind\u0259 XD\u0130-XS\u0130 v\u0259 SDP koalisiyas\u0131 Bundestaq se\u00e7kil\u0259rind\u0259 s\u0259s \u00e7oxlu\u011fu qazan\u0131b. ADP (Azad Demokratik Partiya), Sol Partiya, Ya\u015f\u0131llar Partiyas\u0131 v\u0259 (AAP) 5 faizlik baryeri a\u015faraq Bundestaqda t\u0259msil olunublar. Bu, ultra-sa\u011flar\u0131n mandat ala bildiyi ilk se\u00e7ki olub. Onlar 74 s\u0259sl\u0259 sosial-demokratlardan sonra \u00fc\u00e7\u00fcnc\u00fc yeri tutublar (Sa\u011f\u00e7\u0131lar Avropan\u0131n dig\u0259r \u00f6lk\u0259l\u0259rind\u0259 d\u0259 f\u0259lla\u015f\u0131blar. Pol\u015fada konservativ \u201cQanun v\u0259 \u0259dal\u0259t\u201d partiyas\u0131 hakimiyy\u0259t\u0259 g\u0259lib (25 oktyabr 2015), Fransada ultra-sa\u011f\u00e7\u0131 Xalq C\u0259bh\u0259sinin Milli M\u0259clisd\u0259ki mandat say\u0131 2-d\u0259n 8-\u0259 qalx\u0131b. T\u0259\u015fkilat\u0131n s\u0259dri Marin Le Pens\u0259 prezidentlik yar\u0131\u015f\u0131nda Fransua Makrona c\u0259mi 3 faiz f\u0259rql\u0259 uduzub (23 aprel 2017). Yeri g\u0259lmi\u015fk\u0259n, ultra-sa\u011f\u00e7\u0131l\u0131q meyill\u0259ri okean\u0131n o tay\u0131nda da art\u0131b v\u0259 bir \u00e7ox \u00f6lk\u0259l\u0259rd\u0259 oldu\u011fu kimi, onlar\u0131n da \u201cbaqaj\u0131ndan\u201d Rusiyan\u0131n \u201cqulaqlar\u0131\u201d g\u00f6r\u00fcn\u00fcr. Neonasistl\u0259rin 2017-ci ilin avqustunda \u015earlotsvilld\u0259ki (AB\u015e) y\u00fcr\u00fc\u015f\u00fcn\u00fcn t\u0259\u015fkilat\u00e7\u0131s\u0131, Putinin p\u0259r\u0259sti\u015fkar\u0131, radikal sa\u011f\u00e7\u0131 Nina Kupriyanovayla evli olmu\u015f Ri\u00e7ard Spenser r\u0259smi Moskvan\u0131n t\u0259bli\u011fat ruporu olan \u201cRusiya bu g\u00fcn\u201d (\u201cRossia to day\u201d) kanal\u0131n\u0131n daimi qona\u011f\u0131d\u0131r, h\u0259tta m\u0259rk\u0259zi kanallara \u00e7\u0131xd\u0131\u011f\u0131 da olub).\n<\/p>\n<p>\n  &#8211; Se\u00e7kinin n\u0259tic\u0259l\u0259ri ona n\u00f6vb\u0259ti d\u0259f\u0259 kansler olmaq \u015fans\u0131 qazand\u0131r\u0131b. Amma bu d\u0259f\u0259 qeyri-m\u00fc\u0259yy\u0259nlik daha uzun s\u00fcr\u00fcb (2018-ci ilin fevral\u0131nad\u0259k). H\u00f6kum\u0259ti formala\u015fd\u0131ra bilm\u0259k \u00fc\u00e7\u00fcn o, daha \u00e7ox s\u0259y g\u00f6st\u0259rm\u0259li olub. N\u00f6vb\u0259d\u0259nk\u0259nar se\u00e7kil\u0259r t\u0259hl\u00fck\u0259sini \u00f6nl\u0259m\u0259k \u00fc\u00e7\u00fcn iki vacib postu \u2013 maliyy\u0259 v\u0259 xarici i\u015fl\u0259r nazirlikl\u0259rini sosial-demokratlara g\u00fcz\u0259\u015ft\u0259 gedib v\u0259 2018-ci ilin mart\u0131n 18-d\u0259 d\u00f6rd\u00fcnc\u00fc d\u0259f\u0259 Almaniyan\u0131n kansleri se\u00e7ilib.\n<\/p>\n<p>\n  &#8211; 13 illik kanslerliyi \u0259rzind\u0259 \u00e7oxsayl\u0131 m\u00fckafatlar v\u0259 f\u0259xri adlar al\u0131b.\n<\/p>\n<p>\n  &#8211; \u0130yunda Merkelin koalisiya t\u0259r\u0259fda\u015f\u0131 \u2013 XS\u0130-li daxili i\u015fl\u0259r naziri Horst Zeyehofer (XS\u0130 s\u0259dri) onun immiqrasiya siyas\u0259tin\u0259 etiraz \u0259lam\u0259ti olaraq ilkin istefas\u0131n\u0131 a\u00e7\u0131qlay\u0131b. Bu, h\u00f6kum\u0259t \u00fc\u00e7\u00fcn y\u0131x\u0131lma t\u0259hl\u00fck\u0259si yarad\u0131b. Kompromis ustas\u0131 Merkel n\u00f6vb\u0259ti d\u0259f\u0259 ortaq m\u0259xr\u0259c tapa bilib v\u0259 Zeyehofer istefas\u0131n\u0131 geri g\u00f6t\u00fcr\u00fcb.\n<\/p>\n<p>\n  &#8211; Bu ilin oktyabr\u0131nda ke\u00e7irilmi\u015f yerli se\u00e7kil\u0259rd\u0259 XD\u0130 v\u0259 XS\u0130 z\u0259if n\u0259tic\u0259 g\u00f6st\u0259ribl\u0259r. Bundan bir ne\u00e7\u0259 g\u00fcn sonra (29 oktyabr) Merkel bel\u0259 bir a\u00e7\u0131qlama verib:\n<\/p>\n<p>\n  \u201cPartiyan\u0131n n\u00f6vb\u0259ti qurultay\u0131nda s\u0259drliy\u0259 namiz\u0259dliyimi verm\u0259y\u0259c\u0259y\u0259m. 2021-ci ild\u0259 kansler v\u0259zif\u0259sin\u0259 d\u0259 namiz\u0259d olmayaca\u011fam. O c\u00fcml\u0259d\u0259n, Bundestaq se\u00e7kil\u0259rin\u0259 d\u0259 qat\u0131lmayaca\u011fam\u201d.\n<\/p>\n<p>\n  <b><br \/>\n    M\u0259\u011flub olmadan getm\u0259k<br \/>\n  <\/b>\n<\/p>\n<p>\n  Merkelin bu anonsu t\u0259kc\u0259, Berlind\u0259 yox, b\u00fct\u00fcn Avropada \u0259ks-s\u0259da do\u011furdu. 15 il\u0259 yax\u0131n Avropa Birliyin\u0259 y\u00f6n ver\u0259n, Alamaniyan\u0131 bir ne\u00e7\u0259 iqtisadi b\u00f6hrandan \u00e7\u0131xaran liderin siyasi s\u0259hn\u0259d\u0259n \u00e7\u0259kilm\u0259si g\u0259l\u0259c\u0259kl\u0259 ba\u011fl\u0131 xeyli sual yaratd\u0131: Almaniya AB-d\u0259 apar\u0131c\u0131 d\u00f6vl\u0259t olaraq qala bil\u0259c\u0259kmi; XD\u0130-XS\u0130 birliyinin sosial-demokratlarla koalisiyas\u0131 davam ed\u0259c\u0259kmi, radikal sa\u011f\u00e7\u0131lar\u0131n y\u00fcks\u0259li\u015fini \u0259ng\u0259ll\u0259m\u0259k m\u00fcmk\u00fcn olacaqm\u0131; yeni kanslerin idar\u0259\u00e7iliyi \u00f6lk\u0259ni hans\u0131 istiqam\u0259t\u0259 y\u00f6n\u0259ld\u0259c\u0259k; Avropada siyasi \u00e7alxalanmalar artma tendensiyas\u0131 g\u00f6st\u0259r\u0259rk\u0259n, \u00fcst\u0259lik, Briyaniyan\u0131n ba\u015flatd\u0131\u011f\u0131 \u201cBreksit\u201d prosesi Avropa Birliyinin dayaqlar\u0131n\u0131 sars\u0131tmaqdayk\u0259n AB tarixind\u0259 \u201cMerkel eras\u0131\u201dn\u0131n sona \u00e7atmas\u0131 quruma hans\u0131 perspektivl\u0259r v\u0259d edir; ayd\u0131n v\u0259 d\u0259yi\u015fm\u0259z siyasi prinsipl\u0259riyl\u0259 AB-ni Tramp \u201cistilas\u0131ndan\u201d qoruyan Almaniya kansleri siyas\u0259td\u0259n ged\u0259nd\u0259n sonra Birlik \u00f6z m\u00fcst\u0259qilliyini qoruyub saxlaya bil\u0259c\u0259kmi v\u0259 s. H\u0259l\u0259lik bilin\u0259n budur ki, Avropan\u0131n siyasi sabitliyi risk qar\u015f\u0131s\u0131ndad\u0131r. \u00a0Merkelin gedi\u015fi problemli qit\u0259 \u00fc\u00e7\u00fcn ciddi s\u0131naq olacaq.\n<\/p>\n<p>\n  Onu bel\u0259 bir q\u0259rar\u0131 verm\u0259y\u0259 n\u0259 m\u0259cbur etdi? \u201cSiyas\u0259td\u0259n yar\u0131\u00f6l\u00fc biri kimi getm\u0259m\u0259k\u201d ist\u0259yimi? Son se\u00e7kil\u0259rd\u0259ki s\u0259sl\u0259rin miqdar\u0131ndan Merkelin \u00f6z\u00fc \u00fc\u00e7\u00fcn \u00e7\u0131xard\u0131\u011f\u0131 n\u0259tic\u0259 budurmu?\n<\/p>\n<p>\n  Ola bil\u0259r, \u00e7\u00fcnki yerli se\u00e7kil\u0259rd\u0259ki u\u011fursuzluq ona h\u0259m partiya daxilind\u0259, h\u0259m d\u0259 federal miqyasda probleml\u0259r v\u0259d edir. Buna n\u00f6vb\u0259ti qurultayda s\u0259dr se\u00e7ilm\u0259m\u0259k t\u0259hl\u00fck\u0259si d\u0259 daxildir. Se\u00e7ki m\u0259\u011flubiyy\u0259tinin heyfini ondan \u00e7\u0131xmaq ist\u0259y\u0259c\u0259k XS\u0130-nin koalsiyan\u0131 pozmas\u0131 (h\u00f6kum\u0259tin burax\u0131lmas\u0131) ehtimal\u0131 da. \u00dcst\u0259g\u0259l, c\u0259miyy\u0259td\u0259 yava\u015f templ\u0259 d\u0259 olsa, artan ultra-sa\u011f sevgisi fonunda \u201cqa\u00e7q\u0131nlar\u0131n kansleri\u201d imicinin m\u00f6hk\u0259ml\u0259nm\u0259si. Uzun v\u0259 parlaq bir karyera \u00fc\u00e7\u00fcn he\u00e7 d\u0259 c\u0259lbedici son deyil.\n<\/p>\n<p>\n  Dem\u0259k ki, kanslerin bioqraf\u0131 Kornelius haql\u0131ym\u0131\u015f: \u201cAngela qazana bilm\u0259y\u0259c\u0259yi sava\u015flara girmir\u201d.<\/p>\n","protected":false},"excerpt":{"rendered":"<p>\u201cMerkel Almaniyan\u0131n qap\u0131lar\u0131n\u0131 \u00fcz\u00fcm\u00fcz\u0259 a\u00e7d\u0131, \u00e7\u00fcnki onun \u00fcr\u0259yi bizim nec\u0259 yoruldu\u011fumuzu hiss edir\u201d (\u0130sra \u0130brahim, suriyal\u0131 qa\u00e7q\u0131n)<\/p>\n","protected":false},"author":11,"featured_media":112843,"comment_status":"closed","ping_status":"open","sticky":false,"template":"","format":"standard","meta":{"_acf_changed":false,"_sitemap_exclude":false,"_sitemap_priority":"","_sitemap_frequency":"","footnotes":""},"categories":[57],"tags":[],"class_list":["post-192669","post","type-post","status-publish","format-standard","has-post-thumbnail","hentry","category-menim-fikrimce","infinite-scroll-item","generate-columns","tablet-grid-50","mobile-grid-100","grid-parent","grid-33","no-featured-image-padding"],"acf":[],"yoast_head":"<!-- This site is optimized with the Yoast SEO plugin v27.4 - https:\/\/yoast.com\/product\/yoast-seo-wordpress\/ -->\n<title>D\u00fcnyan\u0131n \u0259n n\u00fcfuzlu qad\u0131n\u0131: Angela Merkel (2-ci hiss\u0259) - MEYDAN.TV<\/title>\n<meta name=\"robots\" content=\"index, follow, max-snippet:-1, max-image-preview:large, max-video-preview:-1\" \/>\n<link rel=\"canonical\" href=\"https:\/\/www.meydan.tv\/az\/article\/dunyanin-en-nufuzlu-qadini-angela-merkel-2-ci-hisse\/\" \/>\n<meta property=\"og:locale\" content=\"az_AZ\" \/>\n<meta property=\"og:type\" content=\"article\" \/>\n<meta property=\"og:title\" content=\"D\u00fcnyan\u0131n \u0259n n\u00fcfuzlu qad\u0131n\u0131: Angela Merkel (2-ci hiss\u0259) - MEYDAN.TV\" \/>\n<meta property=\"og:description\" content=\"\u201cMerkel Almaniyan\u0131n qap\u0131lar\u0131n\u0131 \u00fcz\u00fcm\u00fcz\u0259 a\u00e7d\u0131, \u00e7\u00fcnki onun \u00fcr\u0259yi bizim nec\u0259 yoruldu\u011fumuzu hiss edir\u201d (\u0130sra \u0130brahim, suriyal\u0131 qa\u00e7q\u0131n)\" \/>\n<meta property=\"og:url\" content=\"https:\/\/www.meydan.tv\/az\/article\/dunyanin-en-nufuzlu-qadini-angela-merkel-2-ci-hisse\/\" \/>\n<meta property=\"og:site_name\" content=\"MEYDAN.TV\" \/>\n<meta property=\"article:published_time\" content=\"2018-11-20T20:25:32+00:00\" \/>\n<meta property=\"og:image\" content=\"https:\/\/www.meydan.tv\/wp-content\/uploads\/44958.jpg\" \/>\n\t<meta property=\"og:image:width\" content=\"928\" \/>\n\t<meta property=\"og:image:height\" content=\"523\" \/>\n\t<meta property=\"og:image:type\" content=\"image\/jpeg\" \/>\n<meta name=\"author\" content=\"user-manager\" \/>\n<meta name=\"twitter:card\" content=\"summary_large_image\" \/>\n<script type=\"application\/ld+json\" class=\"yoast-schema-graph\">{\"@context\":\"https:\\\/\\\/schema.org\",\"@graph\":[{\"@type\":\"Article\",\"@id\":\"https:\\\/\\\/www.meydan.tv\\\/az\\\/article\\\/dunyanin-en-nufuzlu-qadini-angela-merkel-2-ci-hisse\\\/#article\",\"isPartOf\":{\"@id\":\"https:\\\/\\\/www.meydan.tv\\\/az\\\/article\\\/dunyanin-en-nufuzlu-qadini-angela-merkel-2-ci-hisse\\\/\"},\"author\":{\"name\":\"user-manager\",\"@id\":\"https:\\\/\\\/www.meydan.tv\\\/az\\\/#\\\/schema\\\/person\\\/10d11eccf6da3662cf5fdab9806ea91a\"},\"headline\":\"D\u00fcnyan\u0131n \u0259n n\u00fcfuzlu qad\u0131n\u0131: Angela Merkel (2-ci hiss\u0259)\",\"datePublished\":\"2018-11-20T20:25:32+00:00\",\"mainEntityOfPage\":{\"@id\":\"https:\\\/\\\/www.meydan.tv\\\/az\\\/article\\\/dunyanin-en-nufuzlu-qadini-angela-merkel-2-ci-hisse\\\/\"},\"wordCount\":4951,\"publisher\":{\"@id\":\"https:\\\/\\\/www.meydan.tv\\\/az\\\/#organization\"},\"image\":{\"@id\":\"https:\\\/\\\/www.meydan.tv\\\/az\\\/article\\\/dunyanin-en-nufuzlu-qadini-angela-merkel-2-ci-hisse\\\/#primaryimage\"},\"thumbnailUrl\":\"https:\\\/\\\/www.meydan.tv\\\/wp-content\\\/uploads\\\/44958.jpg\",\"articleSection\":[\"M\u0259nim Fikrimc\u0259\"],\"inLanguage\":\"az\"},{\"@type\":\"WebPage\",\"@id\":\"https:\\\/\\\/www.meydan.tv\\\/az\\\/article\\\/dunyanin-en-nufuzlu-qadini-angela-merkel-2-ci-hisse\\\/\",\"url\":\"https:\\\/\\\/www.meydan.tv\\\/az\\\/article\\\/dunyanin-en-nufuzlu-qadini-angela-merkel-2-ci-hisse\\\/\",\"name\":\"D\u00fcnyan\u0131n \u0259n n\u00fcfuzlu qad\u0131n\u0131: Angela Merkel (2-ci hiss\u0259) - MEYDAN.TV\",\"isPartOf\":{\"@id\":\"https:\\\/\\\/www.meydan.tv\\\/az\\\/#website\"},\"primaryImageOfPage\":{\"@id\":\"https:\\\/\\\/www.meydan.tv\\\/az\\\/article\\\/dunyanin-en-nufuzlu-qadini-angela-merkel-2-ci-hisse\\\/#primaryimage\"},\"image\":{\"@id\":\"https:\\\/\\\/www.meydan.tv\\\/az\\\/article\\\/dunyanin-en-nufuzlu-qadini-angela-merkel-2-ci-hisse\\\/#primaryimage\"},\"thumbnailUrl\":\"https:\\\/\\\/www.meydan.tv\\\/wp-content\\\/uploads\\\/44958.jpg\",\"datePublished\":\"2018-11-20T20:25:32+00:00\",\"breadcrumb\":{\"@id\":\"https:\\\/\\\/www.meydan.tv\\\/az\\\/article\\\/dunyanin-en-nufuzlu-qadini-angela-merkel-2-ci-hisse\\\/#breadcrumb\"},\"inLanguage\":\"az\",\"potentialAction\":[{\"@type\":\"ReadAction\",\"target\":[\"https:\\\/\\\/www.meydan.tv\\\/az\\\/article\\\/dunyanin-en-nufuzlu-qadini-angela-merkel-2-ci-hisse\\\/\"]}]},{\"@type\":\"ImageObject\",\"inLanguage\":\"az\",\"@id\":\"https:\\\/\\\/www.meydan.tv\\\/az\\\/article\\\/dunyanin-en-nufuzlu-qadini-angela-merkel-2-ci-hisse\\\/#primaryimage\",\"url\":\"https:\\\/\\\/www.meydan.tv\\\/wp-content\\\/uploads\\\/44958.jpg\",\"contentUrl\":\"https:\\\/\\\/www.meydan.tv\\\/wp-content\\\/uploads\\\/44958.jpg\",\"width\":928,\"height\":523,\"caption\":\"Source:\"},{\"@type\":\"BreadcrumbList\",\"@id\":\"https:\\\/\\\/www.meydan.tv\\\/az\\\/article\\\/dunyanin-en-nufuzlu-qadini-angela-merkel-2-ci-hisse\\\/#breadcrumb\",\"itemListElement\":[{\"@type\":\"ListItem\",\"position\":1,\"name\":\"Ana s\u0259hif\u0259\",\"item\":\"https:\\\/\\\/www.meydan.tv\\\/az\\\/\"},{\"@type\":\"ListItem\",\"position\":2,\"name\":\"M\u0259nim Fikrimc\u0259\",\"item\":\"https:\\\/\\\/www.meydan.tv\\\/az\\\/section\\\/menim-fikrimce\\\/\"},{\"@type\":\"ListItem\",\"position\":3,\"name\":\"D\u00fcnyan\u0131n \u0259n n\u00fcfuzlu qad\u0131n\u0131: Angela Merkel (2-ci hiss\u0259)\"}]},{\"@type\":\"WebSite\",\"@id\":\"https:\\\/\\\/www.meydan.tv\\\/az\\\/#website\",\"url\":\"https:\\\/\\\/www.meydan.tv\\\/az\\\/\",\"name\":\"MEYDAN.TV\",\"description\":\"Meydan TV Az\u0259rbaycan\u0131n media m\u0259kan\u0131ndak\u0131 alternativ s\u0259sidir\",\"publisher\":{\"@id\":\"https:\\\/\\\/www.meydan.tv\\\/az\\\/#organization\"},\"potentialAction\":[{\"@type\":\"SearchAction\",\"target\":{\"@type\":\"EntryPoint\",\"urlTemplate\":\"https:\\\/\\\/www.meydan.tv\\\/az\\\/?s={search_term_string}\"},\"query-input\":{\"@type\":\"PropertyValueSpecification\",\"valueRequired\":true,\"valueName\":\"search_term_string\"}}],\"inLanguage\":\"az\"},{\"@type\":\"Organization\",\"@id\":\"https:\\\/\\\/www.meydan.tv\\\/az\\\/#organization\",\"name\":\"Meydan TV\",\"url\":\"https:\\\/\\\/www.meydan.tv\\\/az\\\/\",\"logo\":{\"@type\":\"ImageObject\",\"inLanguage\":\"az\",\"@id\":\"https:\\\/\\\/www.meydan.tv\\\/az\\\/#\\\/schema\\\/logo\\\/image\\\/\",\"url\":\"https:\\\/\\\/www.meydan.tv\\\/wp-content\\\/uploads\\\/2021\\\/07\\\/meydan-logo.svg\",\"contentUrl\":\"https:\\\/\\\/www.meydan.tv\\\/wp-content\\\/uploads\\\/2021\\\/07\\\/meydan-logo.svg\",\"width\":195,\"height\":46,\"caption\":\"Meydan TV\"},\"image\":{\"@id\":\"https:\\\/\\\/www.meydan.tv\\\/az\\\/#\\\/schema\\\/logo\\\/image\\\/\"}},{\"@type\":\"Person\",\"@id\":\"https:\\\/\\\/www.meydan.tv\\\/az\\\/#\\\/schema\\\/person\\\/10d11eccf6da3662cf5fdab9806ea91a\",\"name\":\"user-manager\"}]}<\/script>\n<!-- \/ Yoast SEO plugin. -->","yoast_head_json":{"title":"D\u00fcnyan\u0131n \u0259n n\u00fcfuzlu qad\u0131n\u0131: Angela Merkel (2-ci hiss\u0259) - MEYDAN.TV","robots":{"index":"index","follow":"follow","max-snippet":"max-snippet:-1","max-image-preview":"max-image-preview:large","max-video-preview":"max-video-preview:-1"},"canonical":"https:\/\/www.meydan.tv\/az\/article\/dunyanin-en-nufuzlu-qadini-angela-merkel-2-ci-hisse\/","og_locale":"az_AZ","og_type":"article","og_title":"D\u00fcnyan\u0131n \u0259n n\u00fcfuzlu qad\u0131n\u0131: Angela Merkel (2-ci hiss\u0259) - MEYDAN.TV","og_description":"\u201cMerkel Almaniyan\u0131n qap\u0131lar\u0131n\u0131 \u00fcz\u00fcm\u00fcz\u0259 a\u00e7d\u0131, \u00e7\u00fcnki onun \u00fcr\u0259yi bizim nec\u0259 yoruldu\u011fumuzu hiss edir\u201d (\u0130sra \u0130brahim, suriyal\u0131 qa\u00e7q\u0131n)","og_url":"https:\/\/www.meydan.tv\/az\/article\/dunyanin-en-nufuzlu-qadini-angela-merkel-2-ci-hisse\/","og_site_name":"MEYDAN.TV","article_published_time":"2018-11-20T20:25:32+00:00","og_image":[{"width":928,"height":523,"url":"https:\/\/www.meydan.tv\/wp-content\/uploads\/44958.jpg","type":"image\/jpeg"}],"author":"user-manager","twitter_card":"summary_large_image","schema":{"@context":"https:\/\/schema.org","@graph":[{"@type":"Article","@id":"https:\/\/www.meydan.tv\/az\/article\/dunyanin-en-nufuzlu-qadini-angela-merkel-2-ci-hisse\/#article","isPartOf":{"@id":"https:\/\/www.meydan.tv\/az\/article\/dunyanin-en-nufuzlu-qadini-angela-merkel-2-ci-hisse\/"},"author":{"name":"user-manager","@id":"https:\/\/www.meydan.tv\/az\/#\/schema\/person\/10d11eccf6da3662cf5fdab9806ea91a"},"headline":"D\u00fcnyan\u0131n \u0259n n\u00fcfuzlu qad\u0131n\u0131: Angela Merkel (2-ci hiss\u0259)","datePublished":"2018-11-20T20:25:32+00:00","mainEntityOfPage":{"@id":"https:\/\/www.meydan.tv\/az\/article\/dunyanin-en-nufuzlu-qadini-angela-merkel-2-ci-hisse\/"},"wordCount":4951,"publisher":{"@id":"https:\/\/www.meydan.tv\/az\/#organization"},"image":{"@id":"https:\/\/www.meydan.tv\/az\/article\/dunyanin-en-nufuzlu-qadini-angela-merkel-2-ci-hisse\/#primaryimage"},"thumbnailUrl":"https:\/\/www.meydan.tv\/wp-content\/uploads\/44958.jpg","articleSection":["M\u0259nim Fikrimc\u0259"],"inLanguage":"az"},{"@type":"WebPage","@id":"https:\/\/www.meydan.tv\/az\/article\/dunyanin-en-nufuzlu-qadini-angela-merkel-2-ci-hisse\/","url":"https:\/\/www.meydan.tv\/az\/article\/dunyanin-en-nufuzlu-qadini-angela-merkel-2-ci-hisse\/","name":"D\u00fcnyan\u0131n \u0259n n\u00fcfuzlu qad\u0131n\u0131: Angela Merkel (2-ci hiss\u0259) - MEYDAN.TV","isPartOf":{"@id":"https:\/\/www.meydan.tv\/az\/#website"},"primaryImageOfPage":{"@id":"https:\/\/www.meydan.tv\/az\/article\/dunyanin-en-nufuzlu-qadini-angela-merkel-2-ci-hisse\/#primaryimage"},"image":{"@id":"https:\/\/www.meydan.tv\/az\/article\/dunyanin-en-nufuzlu-qadini-angela-merkel-2-ci-hisse\/#primaryimage"},"thumbnailUrl":"https:\/\/www.meydan.tv\/wp-content\/uploads\/44958.jpg","datePublished":"2018-11-20T20:25:32+00:00","breadcrumb":{"@id":"https:\/\/www.meydan.tv\/az\/article\/dunyanin-en-nufuzlu-qadini-angela-merkel-2-ci-hisse\/#breadcrumb"},"inLanguage":"az","potentialAction":[{"@type":"ReadAction","target":["https:\/\/www.meydan.tv\/az\/article\/dunyanin-en-nufuzlu-qadini-angela-merkel-2-ci-hisse\/"]}]},{"@type":"ImageObject","inLanguage":"az","@id":"https:\/\/www.meydan.tv\/az\/article\/dunyanin-en-nufuzlu-qadini-angela-merkel-2-ci-hisse\/#primaryimage","url":"https:\/\/www.meydan.tv\/wp-content\/uploads\/44958.jpg","contentUrl":"https:\/\/www.meydan.tv\/wp-content\/uploads\/44958.jpg","width":928,"height":523,"caption":"Source:"},{"@type":"BreadcrumbList","@id":"https:\/\/www.meydan.tv\/az\/article\/dunyanin-en-nufuzlu-qadini-angela-merkel-2-ci-hisse\/#breadcrumb","itemListElement":[{"@type":"ListItem","position":1,"name":"Ana s\u0259hif\u0259","item":"https:\/\/www.meydan.tv\/az\/"},{"@type":"ListItem","position":2,"name":"M\u0259nim Fikrimc\u0259","item":"https:\/\/www.meydan.tv\/az\/section\/menim-fikrimce\/"},{"@type":"ListItem","position":3,"name":"D\u00fcnyan\u0131n \u0259n n\u00fcfuzlu qad\u0131n\u0131: Angela Merkel (2-ci hiss\u0259)"}]},{"@type":"WebSite","@id":"https:\/\/www.meydan.tv\/az\/#website","url":"https:\/\/www.meydan.tv\/az\/","name":"MEYDAN.TV","description":"Meydan TV Az\u0259rbaycan\u0131n media m\u0259kan\u0131ndak\u0131 alternativ s\u0259sidir","publisher":{"@id":"https:\/\/www.meydan.tv\/az\/#organization"},"potentialAction":[{"@type":"SearchAction","target":{"@type":"EntryPoint","urlTemplate":"https:\/\/www.meydan.tv\/az\/?s={search_term_string}"},"query-input":{"@type":"PropertyValueSpecification","valueRequired":true,"valueName":"search_term_string"}}],"inLanguage":"az"},{"@type":"Organization","@id":"https:\/\/www.meydan.tv\/az\/#organization","name":"Meydan TV","url":"https:\/\/www.meydan.tv\/az\/","logo":{"@type":"ImageObject","inLanguage":"az","@id":"https:\/\/www.meydan.tv\/az\/#\/schema\/logo\/image\/","url":"https:\/\/www.meydan.tv\/wp-content\/uploads\/2021\/07\/meydan-logo.svg","contentUrl":"https:\/\/www.meydan.tv\/wp-content\/uploads\/2021\/07\/meydan-logo.svg","width":195,"height":46,"caption":"Meydan TV"},"image":{"@id":"https:\/\/www.meydan.tv\/az\/#\/schema\/logo\/image\/"}},{"@type":"Person","@id":"https:\/\/www.meydan.tv\/az\/#\/schema\/person\/10d11eccf6da3662cf5fdab9806ea91a","name":"user-manager"}]}},"_links":{"self":[{"href":"https:\/\/www.meydan.tv\/az\/wp-json\/wp\/v2\/posts\/192669","targetHints":{"allow":["GET"]}}],"collection":[{"href":"https:\/\/www.meydan.tv\/az\/wp-json\/wp\/v2\/posts"}],"about":[{"href":"https:\/\/www.meydan.tv\/az\/wp-json\/wp\/v2\/types\/post"}],"author":[{"embeddable":true,"href":"https:\/\/www.meydan.tv\/az\/wp-json\/wp\/v2\/users\/11"}],"replies":[{"embeddable":true,"href":"https:\/\/www.meydan.tv\/az\/wp-json\/wp\/v2\/comments?post=192669"}],"version-history":[{"count":0,"href":"https:\/\/www.meydan.tv\/az\/wp-json\/wp\/v2\/posts\/192669\/revisions"}],"wp:featuredmedia":[{"embeddable":true,"href":"https:\/\/www.meydan.tv\/az\/wp-json\/wp\/v2\/media\/112843"}],"wp:attachment":[{"href":"https:\/\/www.meydan.tv\/az\/wp-json\/wp\/v2\/media?parent=192669"}],"wp:term":[{"taxonomy":"category","embeddable":true,"href":"https:\/\/www.meydan.tv\/az\/wp-json\/wp\/v2\/categories?post=192669"},{"taxonomy":"post_tag","embeddable":true,"href":"https:\/\/www.meydan.tv\/az\/wp-json\/wp\/v2\/tags?post=192669"}],"curies":[{"name":"wp","href":"https:\/\/api.w.org\/{rel}","templated":true}]}}