{"id":192647,"date":"2018-11-19T20:16:35","date_gmt":"2018-11-19T20:16:35","guid":{"rendered":"https:\/\/www.meydan.tv\/article\/gurcustan-hokumeti-ehalinin-banklara-olan-borcunu-bagisladi\/"},"modified":"2018-11-19T20:16:35","modified_gmt":"2018-11-19T20:16:35","slug":"gurcustan-hokumeti-ehalinin-banklara-olan-borcunu-bagisladi","status":"publish","type":"post","link":"https:\/\/www.meydan.tv\/az\/article\/gurcustan-hokumeti-ehalinin-banklara-olan-borcunu-bagisladi\/","title":{"rendered":"G\u00fcrc\u00fcstan h\u00f6kum\u0259ti \u0259halinin banklara olan borcunu ba\u011f\u0131\u015flad\u0131"},"content":{"rendered":"<figure class=\"wp-block-image size-large\">\n  <img decoding=\"async\" src=\"https:\/\/www.meydan.tv\/az\/mamuka-baxtadze-2\/\" alt=\"Mamuka Baxtadze\" class=\"wp-image-112774\"\/><figcaption>\n    Mamuka Baxtadze<br \/>\n  <\/figcaption><\/figure>\n<p>\n  <i><br \/>\n    Samir \u018fliyev: &#8221;\u0130qtisad\u00e7\u0131lar Az\u0259rbaycanda \u0259halinin borcunun \u00fc\u00e7 hiss\u0259y\u0259 b\u00f6l\u00fcnm\u0259sini t\u0259klif etmi\u015fdi&#8221;<br \/>\n  <\/i>\n<\/p>\n<p>\n  G\u00fcrc\u00fcstan\u0131n 600 mind\u0259n \u00e7ox v\u0259t\u0259nda\u015f\u0131n\u0131n banklar, onlayn kredit ver\u0259n maliyy\u0259 t\u0259\u015fkilatlar\u0131 v\u0259 dig\u0259r maliyy\u0259 qurumlar\u0131na olan borclar\u0131 silin\u0259c\u0259k.\n<\/p>\n<p>\n  <a href=\"https:\/\/report.az\/region\/gurcustanda-600-minden-cox-vetendasin-banka-olan-borcu-silinecek\/\"><br \/>\n    \u201cReport\u201d<br \/>\n  <\/a><br \/>\n  x\u0259b\u0259r verir ki, bunu G\u00fcrc\u00fcstan\u0131n Ba\u015f naziri Mamuka Baxtadze ke\u00e7irdiyi brifinqd\u0259 bildirib.\n<\/p>\n<p>\n  O deyib ki, borclar\u0131n s\u0131f\u0131rlanmas\u0131 prosesin\u0259 dekabr\u0131n 15-d\u0259 ba\u015flan\u0131lacaq v\u0259 dekabr\u0131n 31-d\u0259k ba\u015fa \u00e7atd\u0131r\u0131lacaq:\n<\/p>\n<p>\n  \u201cQara siyah\u0131\u201dda g\u00f6st\u0259rilmi\u015f borclar\u0131n, t\u0259xmin\u0259n, 95 faizini kreditl\u0259r t\u0259\u015fkil edir ki, onlar\u0131n da h\u0259r \u015f\u0259xs \u00fc\u00e7\u00fcn m\u0259bl\u0259\u011fi 2 min larid\u0259n azd\u0131r. S\u00f6hb\u0259t 600 mind\u0259n \u00e7ox v\u0259t\u0259nda\u015f\u0131n banklar, onlayn kredit ver\u0259n maliyy\u0259 t\u0259\u015fkilatlar\u0131 v\u0259 m\u00fcxt\u0259lif maliyy\u0259 qurumlar\u0131 qar\u015f\u0131s\u0131ndak\u0131 t\u0259xmin\u0259n yar\u0131m milyard lari (t\u0259qribi 188 milyon dollar) t\u0259\u015fkil ed\u0259n maliyy\u0259 \u00f6hd\u0259likl\u0259rind\u0259n gedir. Bug\u00fcnk\u00fc q\u0259rarla v\u0259t\u0259nda\u015flar\u0131m\u0131z\u0131n bu borclar\u0131 s\u0131f\u0131rlan\u0131r. Qeyd etm\u0259k laz\u0131md\u0131r ki, bu kateqoriyaya sosial t\u0259minats\u0131z v\u0259 m\u0259hdud imkanlar\u0131 olan v\u0259t\u0259nda\u015flar\u0131m\u0131z daxildir\u201d.\n<\/p>\n<p>\n  M.Baxtadze qeyd edib ki, borclar\u0131n silinm\u0259si prosesi \u201cKartu\u201d Fondunun d\u0259st\u0259yi il\u0259 h\u0259yata ke\u00e7iril\u0259c\u0259k.\n<\/p>\n<p>\n  Az\u0259rbaycanda v\u0259t\u0259nda\u015flar\u0131n banklara olan borcu m\u0259s\u0259l\u0259si 2015-ci ild\u0259 ba\u015f ver\u0259n iki devalvasiyadan sonra aktualla\u015fd\u0131. Devalvasiya n\u0259tic\u0259sind\u0259 dollarla kredit g\u00f6t\u00fcr\u0259n insanlar\u0131n banka olan borcu valyuta kursunun d\u0259yi\u015fm\u0259si n\u0259tic\u0259sind\u0259 manat ekvivalentind\u0259 daha da b\u00f6y\u00fcd\u00fc v\u0259 bir \u00e7ox kreditl\u0259r problemli kreditl\u0259r\u0259 \u00e7evrildi.\n<\/p>\n<p>\n  Bu problemin h\u0259lli \u00fc\u00e7\u00fcn iqtisad\u00e7\u0131lar m\u00fcxt\u0259lif t\u0259klifl\u0259r verdil\u0259r.\n<\/p>\n<p>\n  \u0130qtisad\u00e7\u0131 Samir \u018fliyev Meydan TV-\u0259 deyib ki, oktyabr\u0131n 1-n\u0259 olan m\u0259lumata g\u00f6r\u0259 problemli kreditl\u0259rin h\u0259cmi t\u0259xmin\u0259n 1,8 milyard manatd\u0131r.\n<\/p>\n<p>\n  \u201c\u018fg\u0259r ba\u011f\u0131\u015flanmaqdan s\u00f6hb\u0259t ged\u0259c\u0259ks\u0259, bu r\u0259q\u0259m g\u00fcnd\u0259m\u0259 g\u0259l\u0259 bil\u0259r. 1,8 milyard manat\u0131n \u0259h\u0259miyy\u0259tli hiss\u0259si 2015-ci ilin devalvasiya q\u0259rarlar\u0131 n\u0259tic\u0259sind\u0259 ortal\u0131\u011fa \u00e7\u0131x\u0131b. Qalan hiss\u0259si borc qaytar\u0131lmad\u0131\u011f\u0131na g\u00f6r\u0259 c\u0259rim\u0259 hesablan\u0131b\u201d.\n<\/p>\n<figure class=\"wp-block-image size-large\">\n  <img decoding=\"async\" src=\"https:\/\/www.meydan.tv\/az\/samir-eliyev-5\/\" alt=\"Samir \u018fliyev\" class=\"wp-image-103995\"\/><figcaption>\n    Samir \u018fliyev<br \/>\n  <\/figcaption><\/figure>\n<p>\n  \u0130qtisad\u00e7\u0131 bildirib ki, 2015-ci ilin devalvasiya q\u0259rar\u0131ndan sonra iqtisad\u00e7\u0131lar ortaq m\u00f6vqe n\u00fcmayi\u015f etdirdi.\n<\/p>\n<p>\n  \u201cBu, ondan ibar\u0259t idi ki, borclar\u0131n qaytar\u0131lmas\u0131 m\u0259suliyy\u0259ti 3 hiss\u0259y\u0259 b\u00f6l\u00fcns\u00fcn, bank, h\u00f6kum\u0259t v\u0259 \u0259hali. 0,78 manatla g\u00f6t\u00fcr\u00fcl\u0259n kreditl\u0259r m\u0259z\u0259nn\u0259 1,50 manata qalxd\u0131qdan sonra bunlar\u0131n aras\u0131ndak\u0131 f\u0259rq 3 yer\u0259 b\u00f6l\u00fcn\u0259 bil\u0259rdi, h\u00f6kum\u0259tin \u00fcz\u0259rin\u0259 daha \u00e7ox y\u00fckl\u0259n\u0259rdi. Amma bu t\u0259klif o zaman q\u0259bul olunmad\u0131. \u018fg\u0259r t\u0259klif q\u0259bul edils\u0259ydi, bank sektorunda b\u00f6hran yaranmazd\u0131. Banklar\u0131n ba\u011flanmas\u0131n\u0131n daha da s\u00fcr\u0259tl\u0259nm\u0259sinin s\u0259b\u0259bi \u0259halinin borclar\u0131n\u0131n vaxt\u0131nda qar\u015f\u0131s\u0131n\u0131n al\u0131nmamas\u0131 oldu. Beyn\u0259lxalq Bank\u0131n problemi vaxt\u0131nda h\u0259llini tapsayd\u0131, b\u00fcdc\u0259d\u0259n v\u0259sait ayr\u0131lmazd\u0131\u201d.\n<\/p>\n<p>\n  Milli M\u0259clisin deputat\u0131 Jal\u0259 \u018fliyeva is\u0259 deyib ki, bu m\u0259s\u0259l\u0259 davaml\u0131 olaraq g\u00fcnd\u0259m\u0259 g\u0259lir, indiy\u0259 q\u0259d\u0259r bununla ba\u011fl\u0131 m\u00fcxt\u0259lif i\u015fl\u0259r g\u00f6r\u00fcl\u00fcr.\n<\/p>\n<p>\n  \u201cBank kreditl\u0259rinin qaytar\u0131lmas\u0131 h\u0259r zaman g\u00fcnd\u0259likd\u0259dir. Sad\u0259c\u0259, Az\u0259rbaycan m\u00fcharib\u0259 \u015f\u0259raitind\u0259 oldu\u011fundan m\u00fc\u0259yy\u0259n strateji v\u0259 siyasi m\u0259s\u0259l\u0259l\u0259r var ki, h\u0259llini tapmasa, m\u00fcmk\u00fcn deyil\u201d.\n<\/p>\n<figure class=\"wp-block-image size-large\">\n  <img decoding=\"async\" src=\"https:\/\/www.meydan.tv\/az\/jale-eliyeva\/\" alt=\"Jal\u0259 \u018fliyeva\" class=\"wp-image-103086\"\/><figcaption>\n    Jal\u0259 \u018fliyeva<br \/>\n  <\/figcaption><\/figure>\n<p>\n  \u201cG\u00fcrc\u00fcstan da m\u00fcharib\u0259 \u015f\u0259raitind\u0259dir v\u0259 \u00fcst\u0259lik Az\u0259rbaycan kimi neft v\u0259saitl\u0259rin\u0259 malik deyil. Bel\u0259 oldu\u011fu \u015f\u0259raitd\u0259 G\u00fcrc\u00fcstan problemi h\u0259ll etdis\u0259, Az\u0259rbaycan h\u00f6kum\u0259ti ox\u015far add\u0131m ata bilm\u0259zmi\u201d sual\u0131na Jal\u0259 xan\u0131m bel\u0259 cavab verdi:\n<\/p>\n<p>\n  \u201cBizim \u00f6lk\u0259mizd\u0259 d\u0259 bir \u00e7ox add\u0131mlar at\u0131l\u0131r ki, dig\u0259r qon\u015fular\u0131m\u0131zda at\u0131lm\u0131r. M\u0259s\u0259l\u0259n, v\u0259t\u0259nda\u015f\u0131n sosial m\u00fcdafi\u0259si il\u0259 ba\u011fl\u0131 m\u00fcxt\u0259lif layih\u0259l\u0259r h\u0259yata ke\u00e7irilir. Ona g\u00f6r\u0259 bel\u0259 qiym\u0259tl\u0259ndirm\u0259y\u0259k ki, orda oldu, burda niy\u0259 olmad\u0131. Ancaq bank borclar\u0131 davaml\u0131 olaraq g\u00fcnd\u0259liy\u0259 \u00e7\u0131xar\u0131l\u0131r v\u0259 h\u0259r birimizin arzusu odur ki, m\u0259s\u0259l\u0259 \u00f6z h\u0259llini taps\u0131n\u201d.\n<\/p>\n<p>\n  \u0130qtisad\u00e7\u0131 Az\u0259r Mehtiyev is\u0259 d\u00fc\u015f\u00fcn\u00fcr ki, G\u00fcrc\u00fcstan h\u00f6kum\u0259tinin q\u0259rar\u0131 28 noyabr prezident se\u00e7kisi il\u0259 \u0259laq\u0259dard\u0131r.\n<\/p>\n<p>\n  \u201cAncaq bunun nec\u0259 \u0259sasland\u0131r\u0131lmas\u0131n\u0131 k\u0259nara qoyaq, onsuz da G\u00fcrc\u00fcstan h\u00f6kum\u0259ti bu c\u00fcr add\u0131mlar at\u0131r\u201d.\n<\/p>\n<figure class=\"wp-block-image size-large\">\n  <img decoding=\"async\" src=\"https:\/\/www.meydan.tv\/az\/azer-mehtiyev\/\" alt=\"Az\u0259r Mehtiyev\" class=\"wp-image-108181\"\/><figcaption>\n    Az\u0259r Mehtiyev<br \/>\n  <\/figcaption><\/figure>\n<p>\n  O deyib ki, \u0259slind\u0259, bu borclar\u0131n silinm\u0259si m\u0259s\u0259l\u0259sind\u0259 fikir ayr\u0131l\u0131\u011f\u0131 olmamal\u0131yd\u0131, \u00e7\u00fcnki borclar \u0259halinin i\u015fi z\u0259if bilm\u0259sind\u0259n v\u0259 ya biznes riskl\u0259rind\u0259n yaranmam\u0131\u015fd\u0131.\n<\/p>\n<p>\n  \u201cProblem M\u0259rk\u0259zi Bank\u0131n q\u0259rar\u0131ndan ortal\u0131\u011fa \u00e7\u0131xd\u0131. Birinci devalvasiyadan sonra banklar k\u00fctl\u0259vi \u015f\u0259kild\u0259 manatla olan kreditl\u0259ri dollara ke\u00e7irdil\u0259r v\u0259 n\u0259tic\u0259d\u0259 \u0259hali \u00e7ox b\u00f6y\u00fck ziyan \u00e7\u0259kdi. Ona g\u00f6r\u0259 h\u00f6kum\u0259t yaranan \u0259lav\u0259 y\u00fck\u00fc \u00f6z \u00fcz\u0259rin\u0259 g\u00f6t\u00fcrm\u0259lidi, bunun \u00fc\u00e7\u00fcn m\u0259nb\u0259 var idi\u201d.\n<\/p>\n<p>\n  \u0130qtisad\u00e7\u0131n\u0131n s\u00f6zl\u0259rin\u0259 g\u00f6r\u0259, M\u0259rk\u0259zi Bank dollar sat\u0131\u015f\u0131ndan m\u0259nf\u0259\u0259t \u0259ld\u0259 etmi\u015fdi, bu m\u0259nb\u0259 d\u0259 dollar kreditl\u0259rind\u0259n yaranan y\u00fck\u00fc aradan qald\u0131ra bil\u0259rdi.\n<\/p>\n<p>\n  \u201cM\u0259rk\u0259zi Bank t\u0259xmin\u0259n 4 milyard manata yax\u0131n v\u0259sait \u0259ld\u0259 etmi\u015fdi. \u018fhalinin d\u0259 \u0259ks\u0259r hiss\u0259sinin dollar kreditl\u0259rin\u0259 g\u00f6r\u0259 m\u0259z\u0259nn\u0259 d\u0259yi\u015fikliyin\u0259 g\u00f6r\u0259 \u0259lav\u0259 yaranan borcu t\u0259qrib\u0259n 4-5 milyard civar\u0131nda idi. Bu bax\u0131mdan \u0259halinin banklara borcunu M\u0259rk\u0259zi Bank banklara \u00f6d\u0259s\u0259ydi bu sektordak\u0131 b\u00f6hran\u0131n qar\u015f\u0131s\u0131n\u0131 alard\u0131 v\u0259 \u0259hali d\u0259, bank sektoru da y\u00fckd\u0259n azad olard\u0131. \u0130kinci variant neft g\u0259lirl\u0259ri idi. H\u00f6kum\u0259t Beyn\u0259lxalq Bank\u0131n b\u00f6y\u00fck miqdarda kreditl\u0259rini d\u00f6vl\u0259t b\u00fcdc\u0259si hesab\u0131na qapatd\u0131. Eyni zamanda, SOCAR-a ayr\u0131-ayr\u0131 \u015firk\u0259tl\u0259rin borclara g\u00f6r\u0259 yaranan \u00f6hd\u0259likl\u0259rinin qapanmas\u0131 \u00fc\u00e7\u00fcn b\u00fcdc\u0259d\u0259 v\u0259sait ay\u0131r\u0131r. O zaman h\u00f6kum\u0259tin bu prosesd\u0259 \u0259halini d\u0259st\u0259km\u0259m\u0259si ba\u015fa d\u00fc\u015f\u00fcl\u0259n deyil\u201d.<\/p>\n","protected":false},"excerpt":{"rendered":"<p>Samir \u018fliyev: &#8221;\u0130qtisad\u00e7\u0131lar Az\u0259rbaycanda \u0259halinin borcunun \u00fc\u00e7 hiss\u0259y\u0259 b\u00f6l\u00fcnm\u0259sini t\u0259klif etmi\u015fdi&#8221;<\/p>\n","protected":false},"author":11,"featured_media":112774,"comment_status":"closed","ping_status":"open","sticky":false,"template":"","format":"standard","meta":{"_acf_changed":false,"_sitemap_exclude":false,"_sitemap_priority":"","_sitemap_frequency":"","footnotes":""},"categories":[56],"tags":[],"class_list":["post-192647","post","type-post","status-publish","format-standard","has-post-thumbnail","hentry","category-xeberler","infinite-scroll-item","generate-columns","tablet-grid-50","mobile-grid-100","grid-parent","grid-33","no-featured-image-padding"],"acf":[],"yoast_head":"<!-- This site is optimized with the Yoast SEO plugin v27.4 - https:\/\/yoast.com\/product\/yoast-seo-wordpress\/ -->\n<title>G\u00fcrc\u00fcstan h\u00f6kum\u0259ti \u0259halinin banklara olan borcunu ba\u011f\u0131\u015flad\u0131 - MEYDAN.TV<\/title>\n<meta name=\"robots\" content=\"index, follow, max-snippet:-1, max-image-preview:large, max-video-preview:-1\" \/>\n<link rel=\"canonical\" href=\"https:\/\/www.meydan.tv\/az\/article\/gurcustan-hokumeti-ehalinin-banklara-olan-borcunu-bagisladi\/\" \/>\n<meta property=\"og:locale\" content=\"az_AZ\" \/>\n<meta property=\"og:type\" content=\"article\" \/>\n<meta property=\"og:title\" content=\"G\u00fcrc\u00fcstan h\u00f6kum\u0259ti \u0259halinin banklara olan borcunu ba\u011f\u0131\u015flad\u0131 - MEYDAN.TV\" \/>\n<meta property=\"og:description\" content=\"Samir \u018fliyev: &#039;&#039;\u0130qtisad\u00e7\u0131lar Az\u0259rbaycanda \u0259halinin borcunun \u00fc\u00e7 hiss\u0259y\u0259 b\u00f6l\u00fcnm\u0259sini t\u0259klif etmi\u015fdi&#039;&#039;\" \/>\n<meta property=\"og:url\" content=\"https:\/\/www.meydan.tv\/az\/article\/gurcustan-hokumeti-ehalinin-banklara-olan-borcunu-bagisladi\/\" \/>\n<meta property=\"og:site_name\" content=\"MEYDAN.TV\" \/>\n<meta property=\"article:published_time\" content=\"2018-11-19T20:16:35+00:00\" \/>\n<meta property=\"og:image\" content=\"https:\/\/www.meydan.tv\/wp-content\/uploads\/44932.jpg\" \/>\n\t<meta property=\"og:image:width\" content=\"1500\" \/>\n\t<meta property=\"og:image:height\" content=\"1000\" \/>\n\t<meta property=\"og:image:type\" content=\"image\/jpeg\" \/>\n<meta name=\"author\" content=\"user-manager\" \/>\n<meta name=\"twitter:card\" content=\"summary_large_image\" \/>\n<script type=\"application\/ld+json\" class=\"yoast-schema-graph\">{\"@context\":\"https:\\\/\\\/schema.org\",\"@graph\":[{\"@type\":\"Article\",\"@id\":\"https:\\\/\\\/www.meydan.tv\\\/az\\\/article\\\/gurcustan-hokumeti-ehalinin-banklara-olan-borcunu-bagisladi\\\/#article\",\"isPartOf\":{\"@id\":\"https:\\\/\\\/www.meydan.tv\\\/az\\\/article\\\/gurcustan-hokumeti-ehalinin-banklara-olan-borcunu-bagisladi\\\/\"},\"author\":{\"name\":\"user-manager\",\"@id\":\"https:\\\/\\\/www.meydan.tv\\\/az\\\/#\\\/schema\\\/person\\\/10d11eccf6da3662cf5fdab9806ea91a\"},\"headline\":\"G\u00fcrc\u00fcstan h\u00f6kum\u0259ti \u0259halinin banklara olan borcunu ba\u011f\u0131\u015flad\u0131\",\"datePublished\":\"2018-11-19T20:16:35+00:00\",\"mainEntityOfPage\":{\"@id\":\"https:\\\/\\\/www.meydan.tv\\\/az\\\/article\\\/gurcustan-hokumeti-ehalinin-banklara-olan-borcunu-bagisladi\\\/\"},\"wordCount\":1122,\"publisher\":{\"@id\":\"https:\\\/\\\/www.meydan.tv\\\/az\\\/#organization\"},\"image\":{\"@id\":\"https:\\\/\\\/www.meydan.tv\\\/az\\\/article\\\/gurcustan-hokumeti-ehalinin-banklara-olan-borcunu-bagisladi\\\/#primaryimage\"},\"thumbnailUrl\":\"https:\\\/\\\/www.meydan.tv\\\/wp-content\\\/uploads\\\/44932.jpg\",\"articleSection\":[\"X\u0259b\u0259rl\u0259r\"],\"inLanguage\":\"az\"},{\"@type\":\"WebPage\",\"@id\":\"https:\\\/\\\/www.meydan.tv\\\/az\\\/article\\\/gurcustan-hokumeti-ehalinin-banklara-olan-borcunu-bagisladi\\\/\",\"url\":\"https:\\\/\\\/www.meydan.tv\\\/az\\\/article\\\/gurcustan-hokumeti-ehalinin-banklara-olan-borcunu-bagisladi\\\/\",\"name\":\"G\u00fcrc\u00fcstan h\u00f6kum\u0259ti \u0259halinin banklara olan borcunu ba\u011f\u0131\u015flad\u0131 - MEYDAN.TV\",\"isPartOf\":{\"@id\":\"https:\\\/\\\/www.meydan.tv\\\/az\\\/#website\"},\"primaryImageOfPage\":{\"@id\":\"https:\\\/\\\/www.meydan.tv\\\/az\\\/article\\\/gurcustan-hokumeti-ehalinin-banklara-olan-borcunu-bagisladi\\\/#primaryimage\"},\"image\":{\"@id\":\"https:\\\/\\\/www.meydan.tv\\\/az\\\/article\\\/gurcustan-hokumeti-ehalinin-banklara-olan-borcunu-bagisladi\\\/#primaryimage\"},\"thumbnailUrl\":\"https:\\\/\\\/www.meydan.tv\\\/wp-content\\\/uploads\\\/44932.jpg\",\"datePublished\":\"2018-11-19T20:16:35+00:00\",\"breadcrumb\":{\"@id\":\"https:\\\/\\\/www.meydan.tv\\\/az\\\/article\\\/gurcustan-hokumeti-ehalinin-banklara-olan-borcunu-bagisladi\\\/#breadcrumb\"},\"inLanguage\":\"az\",\"potentialAction\":[{\"@type\":\"ReadAction\",\"target\":[\"https:\\\/\\\/www.meydan.tv\\\/az\\\/article\\\/gurcustan-hokumeti-ehalinin-banklara-olan-borcunu-bagisladi\\\/\"]}]},{\"@type\":\"ImageObject\",\"inLanguage\":\"az\",\"@id\":\"https:\\\/\\\/www.meydan.tv\\\/az\\\/article\\\/gurcustan-hokumeti-ehalinin-banklara-olan-borcunu-bagisladi\\\/#primaryimage\",\"url\":\"https:\\\/\\\/www.meydan.tv\\\/wp-content\\\/uploads\\\/44932.jpg\",\"contentUrl\":\"https:\\\/\\\/www.meydan.tv\\\/wp-content\\\/uploads\\\/44932.jpg\",\"width\":1500,\"height\":1000,\"caption\":\"Source:\"},{\"@type\":\"BreadcrumbList\",\"@id\":\"https:\\\/\\\/www.meydan.tv\\\/az\\\/article\\\/gurcustan-hokumeti-ehalinin-banklara-olan-borcunu-bagisladi\\\/#breadcrumb\",\"itemListElement\":[{\"@type\":\"ListItem\",\"position\":1,\"name\":\"Ana s\u0259hif\u0259\",\"item\":\"https:\\\/\\\/www.meydan.tv\\\/az\\\/\"},{\"@type\":\"ListItem\",\"position\":2,\"name\":\"X\u0259b\u0259rl\u0259r\",\"item\":\"https:\\\/\\\/www.meydan.tv\\\/az\\\/section\\\/xeberler\\\/\"},{\"@type\":\"ListItem\",\"position\":3,\"name\":\"G\u00fcrc\u00fcstan h\u00f6kum\u0259ti \u0259halinin banklara olan borcunu ba\u011f\u0131\u015flad\u0131\"}]},{\"@type\":\"WebSite\",\"@id\":\"https:\\\/\\\/www.meydan.tv\\\/az\\\/#website\",\"url\":\"https:\\\/\\\/www.meydan.tv\\\/az\\\/\",\"name\":\"MEYDAN.TV\",\"description\":\"Meydan TV Az\u0259rbaycan\u0131n media m\u0259kan\u0131ndak\u0131 alternativ s\u0259sidir\",\"publisher\":{\"@id\":\"https:\\\/\\\/www.meydan.tv\\\/az\\\/#organization\"},\"potentialAction\":[{\"@type\":\"SearchAction\",\"target\":{\"@type\":\"EntryPoint\",\"urlTemplate\":\"https:\\\/\\\/www.meydan.tv\\\/az\\\/?s={search_term_string}\"},\"query-input\":{\"@type\":\"PropertyValueSpecification\",\"valueRequired\":true,\"valueName\":\"search_term_string\"}}],\"inLanguage\":\"az\"},{\"@type\":\"Organization\",\"@id\":\"https:\\\/\\\/www.meydan.tv\\\/az\\\/#organization\",\"name\":\"Meydan TV\",\"url\":\"https:\\\/\\\/www.meydan.tv\\\/az\\\/\",\"logo\":{\"@type\":\"ImageObject\",\"inLanguage\":\"az\",\"@id\":\"https:\\\/\\\/www.meydan.tv\\\/az\\\/#\\\/schema\\\/logo\\\/image\\\/\",\"url\":\"https:\\\/\\\/www.meydan.tv\\\/wp-content\\\/uploads\\\/2021\\\/07\\\/meydan-logo.svg\",\"contentUrl\":\"https:\\\/\\\/www.meydan.tv\\\/wp-content\\\/uploads\\\/2021\\\/07\\\/meydan-logo.svg\",\"width\":195,\"height\":46,\"caption\":\"Meydan TV\"},\"image\":{\"@id\":\"https:\\\/\\\/www.meydan.tv\\\/az\\\/#\\\/schema\\\/logo\\\/image\\\/\"}},{\"@type\":\"Person\",\"@id\":\"https:\\\/\\\/www.meydan.tv\\\/az\\\/#\\\/schema\\\/person\\\/10d11eccf6da3662cf5fdab9806ea91a\",\"name\":\"user-manager\"}]}<\/script>\n<!-- \/ Yoast SEO plugin. -->","yoast_head_json":{"title":"G\u00fcrc\u00fcstan h\u00f6kum\u0259ti \u0259halinin banklara olan borcunu ba\u011f\u0131\u015flad\u0131 - MEYDAN.TV","robots":{"index":"index","follow":"follow","max-snippet":"max-snippet:-1","max-image-preview":"max-image-preview:large","max-video-preview":"max-video-preview:-1"},"canonical":"https:\/\/www.meydan.tv\/az\/article\/gurcustan-hokumeti-ehalinin-banklara-olan-borcunu-bagisladi\/","og_locale":"az_AZ","og_type":"article","og_title":"G\u00fcrc\u00fcstan h\u00f6kum\u0259ti \u0259halinin banklara olan borcunu ba\u011f\u0131\u015flad\u0131 - MEYDAN.TV","og_description":"Samir \u018fliyev: ''\u0130qtisad\u00e7\u0131lar Az\u0259rbaycanda \u0259halinin borcunun \u00fc\u00e7 hiss\u0259y\u0259 b\u00f6l\u00fcnm\u0259sini t\u0259klif etmi\u015fdi''","og_url":"https:\/\/www.meydan.tv\/az\/article\/gurcustan-hokumeti-ehalinin-banklara-olan-borcunu-bagisladi\/","og_site_name":"MEYDAN.TV","article_published_time":"2018-11-19T20:16:35+00:00","og_image":[{"width":1500,"height":1000,"url":"https:\/\/www.meydan.tv\/wp-content\/uploads\/44932.jpg","type":"image\/jpeg"}],"author":"user-manager","twitter_card":"summary_large_image","schema":{"@context":"https:\/\/schema.org","@graph":[{"@type":"Article","@id":"https:\/\/www.meydan.tv\/az\/article\/gurcustan-hokumeti-ehalinin-banklara-olan-borcunu-bagisladi\/#article","isPartOf":{"@id":"https:\/\/www.meydan.tv\/az\/article\/gurcustan-hokumeti-ehalinin-banklara-olan-borcunu-bagisladi\/"},"author":{"name":"user-manager","@id":"https:\/\/www.meydan.tv\/az\/#\/schema\/person\/10d11eccf6da3662cf5fdab9806ea91a"},"headline":"G\u00fcrc\u00fcstan h\u00f6kum\u0259ti \u0259halinin banklara olan borcunu ba\u011f\u0131\u015flad\u0131","datePublished":"2018-11-19T20:16:35+00:00","mainEntityOfPage":{"@id":"https:\/\/www.meydan.tv\/az\/article\/gurcustan-hokumeti-ehalinin-banklara-olan-borcunu-bagisladi\/"},"wordCount":1122,"publisher":{"@id":"https:\/\/www.meydan.tv\/az\/#organization"},"image":{"@id":"https:\/\/www.meydan.tv\/az\/article\/gurcustan-hokumeti-ehalinin-banklara-olan-borcunu-bagisladi\/#primaryimage"},"thumbnailUrl":"https:\/\/www.meydan.tv\/wp-content\/uploads\/44932.jpg","articleSection":["X\u0259b\u0259rl\u0259r"],"inLanguage":"az"},{"@type":"WebPage","@id":"https:\/\/www.meydan.tv\/az\/article\/gurcustan-hokumeti-ehalinin-banklara-olan-borcunu-bagisladi\/","url":"https:\/\/www.meydan.tv\/az\/article\/gurcustan-hokumeti-ehalinin-banklara-olan-borcunu-bagisladi\/","name":"G\u00fcrc\u00fcstan h\u00f6kum\u0259ti \u0259halinin banklara olan borcunu ba\u011f\u0131\u015flad\u0131 - MEYDAN.TV","isPartOf":{"@id":"https:\/\/www.meydan.tv\/az\/#website"},"primaryImageOfPage":{"@id":"https:\/\/www.meydan.tv\/az\/article\/gurcustan-hokumeti-ehalinin-banklara-olan-borcunu-bagisladi\/#primaryimage"},"image":{"@id":"https:\/\/www.meydan.tv\/az\/article\/gurcustan-hokumeti-ehalinin-banklara-olan-borcunu-bagisladi\/#primaryimage"},"thumbnailUrl":"https:\/\/www.meydan.tv\/wp-content\/uploads\/44932.jpg","datePublished":"2018-11-19T20:16:35+00:00","breadcrumb":{"@id":"https:\/\/www.meydan.tv\/az\/article\/gurcustan-hokumeti-ehalinin-banklara-olan-borcunu-bagisladi\/#breadcrumb"},"inLanguage":"az","potentialAction":[{"@type":"ReadAction","target":["https:\/\/www.meydan.tv\/az\/article\/gurcustan-hokumeti-ehalinin-banklara-olan-borcunu-bagisladi\/"]}]},{"@type":"ImageObject","inLanguage":"az","@id":"https:\/\/www.meydan.tv\/az\/article\/gurcustan-hokumeti-ehalinin-banklara-olan-borcunu-bagisladi\/#primaryimage","url":"https:\/\/www.meydan.tv\/wp-content\/uploads\/44932.jpg","contentUrl":"https:\/\/www.meydan.tv\/wp-content\/uploads\/44932.jpg","width":1500,"height":1000,"caption":"Source:"},{"@type":"BreadcrumbList","@id":"https:\/\/www.meydan.tv\/az\/article\/gurcustan-hokumeti-ehalinin-banklara-olan-borcunu-bagisladi\/#breadcrumb","itemListElement":[{"@type":"ListItem","position":1,"name":"Ana s\u0259hif\u0259","item":"https:\/\/www.meydan.tv\/az\/"},{"@type":"ListItem","position":2,"name":"X\u0259b\u0259rl\u0259r","item":"https:\/\/www.meydan.tv\/az\/section\/xeberler\/"},{"@type":"ListItem","position":3,"name":"G\u00fcrc\u00fcstan h\u00f6kum\u0259ti \u0259halinin banklara olan borcunu ba\u011f\u0131\u015flad\u0131"}]},{"@type":"WebSite","@id":"https:\/\/www.meydan.tv\/az\/#website","url":"https:\/\/www.meydan.tv\/az\/","name":"MEYDAN.TV","description":"Meydan TV Az\u0259rbaycan\u0131n media m\u0259kan\u0131ndak\u0131 alternativ s\u0259sidir","publisher":{"@id":"https:\/\/www.meydan.tv\/az\/#organization"},"potentialAction":[{"@type":"SearchAction","target":{"@type":"EntryPoint","urlTemplate":"https:\/\/www.meydan.tv\/az\/?s={search_term_string}"},"query-input":{"@type":"PropertyValueSpecification","valueRequired":true,"valueName":"search_term_string"}}],"inLanguage":"az"},{"@type":"Organization","@id":"https:\/\/www.meydan.tv\/az\/#organization","name":"Meydan TV","url":"https:\/\/www.meydan.tv\/az\/","logo":{"@type":"ImageObject","inLanguage":"az","@id":"https:\/\/www.meydan.tv\/az\/#\/schema\/logo\/image\/","url":"https:\/\/www.meydan.tv\/wp-content\/uploads\/2021\/07\/meydan-logo.svg","contentUrl":"https:\/\/www.meydan.tv\/wp-content\/uploads\/2021\/07\/meydan-logo.svg","width":195,"height":46,"caption":"Meydan TV"},"image":{"@id":"https:\/\/www.meydan.tv\/az\/#\/schema\/logo\/image\/"}},{"@type":"Person","@id":"https:\/\/www.meydan.tv\/az\/#\/schema\/person\/10d11eccf6da3662cf5fdab9806ea91a","name":"user-manager"}]}},"_links":{"self":[{"href":"https:\/\/www.meydan.tv\/az\/wp-json\/wp\/v2\/posts\/192647","targetHints":{"allow":["GET"]}}],"collection":[{"href":"https:\/\/www.meydan.tv\/az\/wp-json\/wp\/v2\/posts"}],"about":[{"href":"https:\/\/www.meydan.tv\/az\/wp-json\/wp\/v2\/types\/post"}],"author":[{"embeddable":true,"href":"https:\/\/www.meydan.tv\/az\/wp-json\/wp\/v2\/users\/11"}],"replies":[{"embeddable":true,"href":"https:\/\/www.meydan.tv\/az\/wp-json\/wp\/v2\/comments?post=192647"}],"version-history":[{"count":0,"href":"https:\/\/www.meydan.tv\/az\/wp-json\/wp\/v2\/posts\/192647\/revisions"}],"wp:featuredmedia":[{"embeddable":true,"href":"https:\/\/www.meydan.tv\/az\/wp-json\/wp\/v2\/media\/112774"}],"wp:attachment":[{"href":"https:\/\/www.meydan.tv\/az\/wp-json\/wp\/v2\/media?parent=192647"}],"wp:term":[{"taxonomy":"category","embeddable":true,"href":"https:\/\/www.meydan.tv\/az\/wp-json\/wp\/v2\/categories?post=192647"},{"taxonomy":"post_tag","embeddable":true,"href":"https:\/\/www.meydan.tv\/az\/wp-json\/wp\/v2\/tags?post=192647"}],"curies":[{"name":"wp","href":"https:\/\/api.w.org\/{rel}","templated":true}]}}