{"id":192646,"date":"2018-11-19T21:51:20","date_gmt":"2018-11-19T21:51:20","guid":{"rendered":"https:\/\/www.meydan.tv\/article\/amea-da-182-akademik-diger-1529-isci-qeder-maas-alir\/"},"modified":"2018-11-19T21:51:20","modified_gmt":"2018-11-19T21:51:20","slug":"amea-da-182-akademik-diger-1529-isci-qeder-maas-alir","status":"publish","type":"post","link":"https:\/\/www.meydan.tv\/az\/article\/amea-da-182-akademik-diger-1529-isci-qeder-maas-alir\/","title":{"rendered":"AMEA-da 182 akademik dig\u0259r 1529 i\u015f\u00e7i q\u0259d\u0259r maa\u015f al\u0131r"},"content":{"rendered":"<figure class=\"wp-block-image size-large\">\n  <img decoding=\"async\" src=\"https:\/\/www.meydan.tv\/az\/azerbaycan-milli-elmler-akademiyasi-2\/\" alt=\"Az\u0259rbaycan Milli Elml\u0259r Akademiyas\u0131\" class=\"wp-image-112735\"\/><figcaption>\n    Az\u0259rbaycan Milli Elml\u0259r Akademiyas\u0131<br \/>\n  <\/figcaption><\/figure>\n<p>\n  Yaponiyadan Bak\u0131dak\u0131 s\u00fcr\u00fc\u015fm\u0259ni \u00f6yr\u0259nm\u0259y\u0259 g\u0259l\u0259n alim paytaxtdak\u0131 torpaq ayr\u0131lmalar\u0131n\u0131n s\u0259b\u0259bini tapa bil\u0259r, Elml\u0259r Akademiyas\u0131ndak\u0131 maa\u015f f\u0259rql\u0259rinin s\u00fcr\u00fc\u015fm\u0259sini is\u0259 \u00e7\u00f6z\u0259 bilm\u0259z. H\u0259m d\u0259 bu s\u00fcr\u00fc\u015fm\u0259 r\u0259smi q\u0259rard\u0131r.\n<\/p>\n<p>\n  Bir ne\u00e7\u0259 g\u00fcn qabaq prezident \u0130lham \u018fliyev Az\u0259rbaycan Milli Elml\u0259r Akademiyas\u0131n\u0131n h\u0259qiqi v\u0259 m\u00fcxbir \u00fczvl\u0259rinin ayl\u0131q r\u00fctb\u0259 maa\u015flar\u0131n\u0131n art\u0131r\u0131lmas\u0131 haqq\u0131nda s\u0259r\u0259ncam imzalay\u0131b. S\u0259r\u0259ncam Az\u0259rbaycan Milli Elml\u0259r Akademiyas\u0131n\u0131n h\u0259qiqi v\u0259 m\u00fcxbir \u00fczvl\u0259rin\u0259 d\u00f6vl\u0259t qay\u011f\u0131s\u0131n\u0131 art\u0131rmaq, onlar\u0131n sosial m\u00fcdafi\u0259sinin daha da g\u00fccl\u0259ndirilm\u0259sini t\u0259min etm\u0259k \u00fc\u00e7\u00fcn verilib.\n<\/p>\n<p>\n  S\u0259r\u0259ncamla 2018-ci il noyabr\u0131n 1-d\u0259n Az\u0259rbaycan Milli Elml\u0259r Akademiyas\u0131n\u0131n h\u0259qiqi \u00fczvl\u0259rinin ayl\u0131q r\u00fctb\u0259 maa\u015f\u0131 2000 manat v\u0259 m\u00fcxbir \u00fczvl\u0259rinin ayl\u0131q r\u00fctb\u0259 maa\u015f\u0131 1200 manat m\u0259bl\u0259\u011find\u0259 m\u00fc\u0259yy\u0259n edilib.\n<\/p>\n<p>\n  Bundan qabaq h\u0259min kateqoriyaya aid olan \u015f\u0259xsl\u0259rin r\u00fctb\u0259 maa\u015f\u0131 prezidentin 27 aprel 2011-ci il tarixli s\u0259r\u0259ncam\u0131 il\u0259 art\u0131r\u0131lm\u0131\u015fd\u0131. AMEA-n\u0131n h\u0259qiqi \u00fczvl\u0259rin\u0259 1200, m\u00fcxbir \u00fczvl\u0259rin\u0259 850 manat maa\u015f k\u0259silmi\u015fdi. S\u0259r\u0259ncam h\u0259min il may\u0131n 1-d\u0259n q\u00fcvv\u0259y\u0259 minmi\u015fdi.\n<\/p>\n<p>\n  Ba\u015fqa \u00f6lk\u0259l\u0259rd\u0259 akademikl\u0259rin n\u0259 q\u0259d\u0259r maa\u015f ald\u0131\u011f\u0131n\u0131 bilmir\u0259m. Ola bilsin, bizimkil\u0259rd\u0259n qat-qat \u00e7ox al\u0131rlar. Ancaq o y\u00fcks\u0259k maa\u015f\u0131n arxas\u0131nda elm, \u00f6lk\u0259y\u0259 milyonlar g\u0259tir\u0259n ixtiralar dayan\u0131r. Oralarda, y\u0259qin, bir ne\u00e7\u0259 v\u0259zif\u0259ni qamarlamaq, ad\u0131n\u0131 akademiyaya yazd\u0131r\u0131b elml\u0259 yox, biznesl\u0259 m\u0259\u015f\u011ful olmaq, d\u00f6vl\u0259td\u0259 v\u0259zif\u0259 tutmaq, bir ne\u00e7\u0259 yerd\u0259n maa\u015f almaq praktikas\u0131 yoxdur.\n<\/p>\n<p>\n  Bizd\u0259 is\u0259 durum f\u0259rqlidir. Bu g\u00fcn r\u00fctb\u0259 maa\u015flar\u0131 art\u0131r\u0131lanlar\u0131n, dem\u0259k olar, ham\u0131s\u0131 ya bir ne\u00e7\u0259 yerd\u0259, ya da \u0259n az\u0131 iki yerd\u0259 i\u015fl\u0259yir. \u0130ki-\u00fc\u00e7 yerd\u0259n maa\u015f, \u00fcst\u0259lik, pensiya al\u0131r. M\u0259s\u0259l\u0259n, r\u00fctb\u0259 maa\u015f\u0131 art\u0131r\u0131lanlardan birinin &#8211; Prezident Administrasiyas\u0131n\u0131n r\u0259hb\u0259ri Ramiz Mehdiyevin d\u00f6vl\u0259t qay\u011f\u0131s\u0131na, sosial m\u00fcdafi\u0259sinin g\u00fccl\u0259ndirilm\u0259sin\u0259 ehtiyac\u0131 oldu\u011funa he\u00e7 o s\u0259r\u0259ncam\u0131 imzalayan\u0131 inand\u0131ra bilm\u0259zsiniz. Y\u0259ni d\u00f6vl\u0259timiz o q\u0259d\u0259r z\u0259ifdir ki, Prezident Administrasiyas\u0131n\u0131n r\u0259hb\u0259ri postunu tutan, \u00fcst\u0259lik, b\u00fct\u00fcn v\u0259zif\u0259 b\u00f6lg\u00fcl\u0259rind\u0259 (deputat mandat\u0131 da daxil, El\u015fad Abdullayev-G\u00fcl\u0259r \u018fhm\u0259dova olay\u0131n\u0131 yada sal\u0131n) s\u00f6z yiy\u0259si olan adam bir qar\u0131n \u00e7\u00f6r\u0259y\u0259 m\u00f6htac qal\u0131b, prezident d\u0259 Ramiz m\u00fc\u0259llimin sosial m\u00fcdafi\u0259sinin g\u00fccl\u0259ndirilm\u0259si \u00fc\u00e7\u00fcn s\u0259r\u0259ncam verir?! Bu ya\u015fda adam, y\u0259ni Ramiz Mehdiyev kimi \u00f6mr\u00fc boyu d\u00f6vl\u0259td\u0259 v\u0259zif\u0259 tutan, vergil\u0259rini, sosial m\u00fcdafi\u0259 \u00f6d\u0259ni\u015fl\u0259rini vaxt\u0131nda \u00f6d\u0259y\u0259n biri el\u0259 t\u0259kc\u0259 y\u00fcks\u0259k pensiyas\u0131 il\u0259 oliqarx h\u0259yat\u0131 ya\u015faya bil\u0259r. \u00c7\u00fcnki o \u00f6z\u00fc \u0259halinin sosial m\u00fcdafi\u0259sinin g\u00fccl\u0259ndirilm\u0259sin\u0259 m\u0259sul \u015f\u0259xsl\u0259rd\u0259n biri, birincisidir. 10 milyonluq \u0259halinin d\u0259rdini \u00e7\u0259k\u0259n, g\u00fcz\u0259ran\u0131n\u0131 d\u00fc\u015f\u00fcn\u0259n \u00f6z qay\u011f\u0131s\u0131na da qalmam\u0131\u015f olmaz!\n<\/p>\n<p>\n  Ya da Yaqub Mahmudov, AMEA Tarix institutunun direktoru, Milli M\u0259clisin \u00fczv\u00fc, parlamentin \u0259m\u0259k v\u0259 sosial siyas\u0259t komit\u0259sinin \u00fczv\u00fc, akademik. 1994-c\u00fc ild\u0259n 2004-c\u00fc il\u0259 q\u0259d\u0259r BDU-nun tarix fak\u00fclt\u0259sinin dekan\u0131 olub. Dekanl\u0131qdan \u00e7\u0131xsa da, h\u0259l\u0259 d\u0259 BDU \u201cQ\u0259dim d\u00fcnya v\u0259 orta \u0259srl\u0259r tarixi\u201d kafedras\u0131n\u0131n m\u00fcdiridir. Sosial m\u00fcdafi\u0259si g\u00fccl\u0259ndiril\u0259n 79 ya\u015fl\u0131 akademikin pensiyas\u0131 da yet\u0259rinc\u0259 y\u00fcks\u0259kdir. Elmin \u0130nki\u015faf\u0131 Fondundan 2010-cu ild\u0259 50 min manat qrant da al\u0131b. H\u0259l\u0259 a\u015fa\u011f\u0131da sadalanan ba\u015fqa v\u0259zif\u0259l\u0259ri d\u0259 var:\n<\/p>\n<p>\n  L\u00fctfi Zad\u0259 ad\u0131na Beyn\u0259lxalq M\u00fcasir Elml\u0259r Akademiyas\u0131n\u0131n h\u0259qiqi \u00fczv\u00fcd\u00fcr. Az\u0259rbaycan Respublikas\u0131 Prezidenti yan\u0131nda Heraldika \u015euras\u0131n\u0131n, \u00ab\u018fsir v\u0259 itkin d\u00fc\u015fm\u00fc\u015f, girov g\u00f6t\u00fcr\u00fclm\u00fc\u015f v\u0259t\u0259nda\u015flarla i\u015f \u00fczr\u0259 D\u00f6vl\u0259t Komissiyas\u0131\u00bbn\u0131n, Az\u0259rbaycan Respublikas\u0131 Milli M\u0259clisi Toponimika Komissiyas\u0131n\u0131n, Az\u0259rbaycan-\u00d6zb\u0259kistan Dostluq C\u0259miyy\u0259ti \u0130dar\u0259 Hey\u0259tinin, Qafqaz M\u00fcs\u0259lmanlar\u0131 \u0130dar\u0259si Elmi-dini \u015euras\u0131n\u0131n, Az\u0259rbaycan Milli Ensiklopediyas\u0131 Ba\u015f Redaksiya \u015euras\u0131n\u0131n, D\u00fcnya Az\u0259rbaycanl\u0131lar\u0131n\u0131 \u018flaq\u0259l\u0259ndirm\u0259 \u015euras\u0131n\u0131n \u00fczv\u00fcd\u00fcr. \u00d6lk\u0259 \u00fczr\u0259 tarix ixtisas\u0131 sah\u0259sind\u0259 Dissertasiya \u015euras\u0131n\u0131n, T\u0259hsil Nazirliyi Elmi-Metodik \u015euras\u0131 Tarix b\u00f6lm\u0259sinin, T\u0259l\u0259b\u0259 Q\u0259bulu \u00fczr\u0259 D\u00f6vl\u0259t Komissiyas\u0131nda tarix f\u0259nni \u00fczr\u0259 elmi-n\u0259z\u0259ri seminar\u0131n s\u0259dridir.\n<\/p>\n<p>\n  B\u00fct\u00fcn bunlardan daha \u00f6n\u0259mli olan i\u015fi d\u0259 var; o, Yeni Az\u0259rbaycan Partiyas\u0131 Siyasi \u015euras\u0131n\u0131n \u00fczv\u00fcd\u00fcr.\n<\/p>\n<p>\n  \u0130sa H\u0259bibb\u0259yli AMEA-n\u0131n vitse-prezidenti, akademiyan\u0131n h\u0259qiqi \u00fczv\u00fc, Milli M\u0259clisin elm v\u0259 t\u0259hsil komit\u0259sinin s\u0259dridir. AMEA \u018fd\u0259biyyat \u0130nstitutunun direktorudur. Komit\u0259 s\u0259dri kimi maa\u015f\u0131 s\u0131ravi deputatlar\u0131n \u0259m\u0259k haqq\u0131ndan \u00e7oxdur \u2013 2 min 970 manat. Bu sadalananlardan \u0259lav\u0259, y\u0259qin, maa\u015f ald\u0131\u011f\u0131 ba\u015fqa yerl\u0259r d\u0259 var. Bundan ba\u015fqa, 69\u00a0 ya\u015fl\u0131 \u0130sa m\u00fc\u0259llimin h\u0259m d\u0259 babat pensiya ald\u0131\u011f\u0131 \u015f\u00fcbh\u0259sizdir.\n<\/p>\n<p>\n  Ziyad S\u0259m\u0259dzad\u0259 d\u0259 MM-d\u0259 \u0130qtisadi siyas\u0259t, s\u0259naye v\u0259 sahibkarl\u0131q komit\u0259sinin s\u0259dri kimi 2 min 970 manat maa\u015f al\u0131r. AMEA-n\u0131n h\u0259qiqi \u00fczv\u00fc kimi noyabr\u0131n 1-d\u0259n 2000 manat da akademiyadan alacaq. Sosial m\u00fcdafi\u0259sini g\u00fccl\u0259ndirm\u0259k \u00fc\u00e7\u00fcn arada QHT \u015euras\u0131ndan qrant da al\u0131r &#8211; Az\u0259rbaycan \u0130qtisad\u00e7\u0131lar \u0130ttifaq\u0131 ad\u0131na (indi t\u0259\u015fkilata q\u0131z\u0131 Ayt\u0259n S\u0259m\u0259dzad\u0259 r\u0259hb\u0259rlik edir). T\u0259sis\u00e7isi oldu\u011fu \u201c\u0130qtisadiyyat\u201d q\u0259zeti is\u0259 K\u0130VDF-d\u0259n qrant al\u0131r. 78 ya\u015fl\u0131 Ziyad m\u00fc\u0259llim, y\u0259qin, 15-20 ildir pensiya da al\u0131r. G\u00f6rk\u0259mli iqtisad\u00e7\u0131 kimi t\u0259qdim olunan Ziyad m\u00fc\u0259llimin elmimiz\u0259 v\u0259 iqtisadiyyat\u0131m\u0131za hans\u0131 t\u00f6hf\u0259l\u0259r verdiyind\u0259n xalq x\u0259b\u0259r tutmal\u0131, onun h\u0259rt\u0259r\u0259fli yarad\u0131c\u0131l\u0131\u011f\u0131ndan m\u0259lumatland\u0131r\u0131lmal\u0131d\u0131r. \u00c7\u00fcnki o, eyni zamanda MM-in m\u0259d\u0259niyy\u0259t komit\u0259sinin \u00fczv\u00fcd\u00fcr, iqtisadiyyatla m\u0259d\u0259niyy\u0259ti bir araya g\u0259tirm\u0259yi bacaranlardand\u0131r.\n<\/p>\n<p>\n  Arif Pa\u015fayev prezidentin qay\u0131natas\u0131d\u0131r. Eyni zamanda Milli Aviasiya Akademiyas\u0131n\u0131n rektorudur. AMEA-n\u0131n h\u0259qiqi \u00fczv\u00fcd\u00fcr. Sosial m\u00fcdafi\u0259si m\u00f6hk\u0259m dayaqlar \u00fcz\u0259rind\u0259 olan akademik bu g\u00fccl\u0259ndirm\u0259y\u0259 he\u00e7 ehtiyac\u0131 olmayanlardand\u0131r. 84 ya\u015fl\u0131 Arif Pa\u015fayev az\u0131 20 ildir pensiya al\u0131r.\n<\/p>\n<p>\n  Ke\u00e7mi\u015f t\u0259hsil naziri Misir M\u0259rdanovun sosial m\u00fcdafi\u0259sinin g\u00fccl\u0259ndirilm\u0259sini h\u0259r k\u0259s l\u0259tif\u0259 kimi q\u0259bul ed\u0259c\u0259k. Adam rektor (1996-1998), t\u0259hsil naziri (1998-2013) oldu\u011fu \u00e7a\u011flarda sosial m\u00fcdafi\u0259sinin qay\u011f\u0131s\u0131na el\u0259 qal\u0131b ki, onu kims\u0259 z\u0259ifl\u0259d\u0259 bilm\u0259z. AMEA-n\u0131n Riyaziyyat v\u0259 Mexanika \u0130nstitutunun direktoru (19 aprel 2013-c\u00fc ild\u0259 nazir v\u0259zif\u0259sind\u0259n \u00e7\u0131xar\u0131lan g\u00fcn t\u0259yin olunub), BDU \u201cAli riyaziyyat kafedras\u0131\u201dn\u0131n m\u00fcdiridir, \u00fcst\u0259lik, 72 ya\u015f\u0131 var, bu is\u0259 o dem\u0259kdir ki, \u0259n az\u0131 10 ildir (daha \u00e7ox da ola bil\u0259r) pensiya al\u0131r, h\u0259m d\u0259 y\u00fcks\u0259k. H\u0259l\u0259 hotel, restoran, idman kompleksi-filan kimi biznes strukturlar\u0131ndan g\u0259l\u0259n g\u0259lirl\u0259ri k\u0259nara qoyuruq. Bundan ba\u015fqa, Misir m\u00fc\u0259llim bir s\u0131ra jurnallar\u0131n, kitablar\u0131n redaktorudur. M\u0259\u015fhur reklamda deyildiyi sayaq: &#8230;bitmir ki, bitmir.\n<\/p>\n<p>\n  &#8211; \u201cAz\u0259rbaycan Milli Elml\u0259r Akademiyas\u0131n\u0131n X\u0259b\u0259rl\u0259ri\u201d jurnal\u0131n\u0131n fizika-texnika v\u0259 riyaziyyat elml\u0259ri seriyas\u0131n\u0131n riyaziyyat v\u0259 mexanika burax\u0131l\u0131\u015f\u0131n\u0131n redaktor m\u00fcavinidir.\n<\/p>\n<p>\n  &#8211; &#8220;Azerbaijan journal of Mathematics&#8221; jurnal\u0131n\u0131n redaksiya hey\u0259tinin \u00fczvidir.\n<\/p>\n<p>\n  &#8211; AMEA \u201cRiyaziyyat v\u0259 Mexanika \u0130nstitutunun \u0259s\u0259rl\u0259ri\u201d jurnal\u0131n\u0131n ba\u015f redaktorudur.\n<\/p>\n<p>\n  &#8211; &#8220;TWMS Journal of Pure and Applied Mathematics&#8221; (Turkic World Mathematical Society) jurnal\u0131n\u0131n beyn\u0259lxalq redaksiya hey\u0259tinin \u00fczvidir.\n<\/p>\n<p>\n  &#8211; &#8220;\u0427\u0435\u0431\u044b\u0448\u0435\u0432\u0441\u043a\u0438\u0439 \u0441\u0431\u043e\u0440\u043d\u0438\u043a&#8221; jurnal\u0131n\u0131n beyn\u0259lxalq redaksiya hey\u0259tinin \u00fczvidir.\n<\/p>\n<p>\n  &#8211; &#8220;Optimalla\u015fd\u0131rma \u00fcsullar\u0131&#8221; kitab\u0131n\u0131n elmi redaktorudur.\n<\/p>\n<p>\n  &#8211; Riyaziyyat v\u0259 Mexanika \u0130nstitutunun D 01.111 dissertasiya \u015euras\u0131n\u0131n \u00fczv\u00fcd\u00fcr.\n<\/p>\n<p>\n  &#8211; Riyaziyyat v\u0259 Mexanika \u0130nstitutunun Elmi \u015euras\u0131n\u0131n s\u0259dridir.\n<\/p>\n<p>\n  &#8211; 2015-ci ilin mart\u0131n 2-d\u0259n Riyaziyyat v\u0259 Mexanika \u0130nstitutunun D.01.111 Dissertasiya \u015euras\u0131n\u0131n s\u0259dridir.\n<\/p>\n<p>\n  &#8211; 2014-c\u00fc ilin \u043ektyabr\u0131n 28-d\u0259n Pedaqoji t\u0259hsil \u00fczr\u0259 Beyn\u0259lxalq Elml\u0259r Akademiyas\u0131n\u0131n (Moskva) akademikidir.\n<\/p>\n<p>\n  Bu i\u015fl\u0259r adamdan sonsuz enerji, fenomenal yadda\u015f t\u0259l\u0259b edir; \u0259n az\u0131 i\u015fl\u0259diyin yerl\u0259ri axtar\u0131b tapmaq \u00fc\u00e7\u00fcn. B\u00fct\u00fcn bu i\u015fl\u0259rd\u0259n imkan tap\u0131b elm\u0259 vaxt ay\u0131rmaq yaz\u0131m\u0131z\u0131n m\u00f6vzusu deyil&#8230;\n<\/p>\n<p>\n  Nizami C\u0259f\u0259rov Atat\u00fcrk M\u0259rk\u0259zinin direktoru, Milli M\u0259clisin deputat\u0131, BDU filologiya fak\u00fclt\u0259si \u201c\u00dcmumi dil\u00e7ilik\u201d kafedras\u0131n\u0131n \u0259m\u0259kda\u015f\u0131d\u0131r. Ba\u015fqa v\u0259zif\u0259l\u0259ri d\u0259 ola bil\u0259r&#8230;\n<\/p>\n<p>\n  Musa Qas\u0131ml\u0131 MM-in deputat\u0131, AMEA-n\u0131n m\u00fcxbir \u00fczv\u00fc, BDU Avropa v\u0259 Amerika \u00f6lk\u0259l\u0259rinin yeni v\u0259 m\u00fcasir tarixi kafedras\u0131n\u0131n \u0259m\u0259kda\u015f\u0131d\u0131r.\n<\/p>\n<p>\n  R\u0259fael H\u00fcseynov m\u0259d\u0259niyy\u0259t komit\u0259sinin s\u0259dri kimi 2 min 970 manat MM-d\u0259n al\u0131r. Akademiyadan is\u0259 h\u0259qiqi \u00fczv kimi 2 min manat alacaq. Bundan ba\u015fqa, Nizami ad\u0131na \u018fd\u0259biyyat Muzeyinin direktoru kimi d\u0259 maa\u015f al\u0131r.\n<\/p>\n<p>\n  Abel M\u0259h\u0259rr\u0259mov 1999-cu ild\u0259n bu g\u00fcnl\u0259rd\u0259 \u00e7ax\u0131r \u00e7\u0259ll\u0259yi a\u015fanacan Bak\u0131 D\u00f6vl\u0259t Universitetinin rektoru olub. 19 ildir. Az vaxt deyil, iki d\u00f6n\u0259m d\u0259 (2005-2015) Milli M\u0259clisin deputat\u0131 olub. Qanun yol verm\u0259s\u0259 d\u0259, deputatl\u0131qla rektorlu\u011fu bir araya s\u0131\u011f\u0131\u015fd\u0131ra, \u00fcst\u0259lik, bu iki a\u011f\u0131r i\u015fd\u0259n vaxt tap\u0131b AMEA-n\u0131n m\u00fcxbir \u00fczv\u00fc(2001), h\u0259qiqi \u00fczv\u00fc (2007) se\u00e7il\u0259 bilib. Restoran v\u0259 \u015fadl\u0131q evl\u0259rinin idar\u0259\u00e7iliyi d\u0259 \u00f6z yerind\u0259&#8230;\n<\/p>\n<p>\n  G\u00f6vh\u0259r Bax\u015f\u0259liyeva da h\u0259m Milli M\u0259clisin deputat\u0131 kimi 2 min 598 manat maa\u015f al\u0131r, h\u0259m d\u0259 AMEA-n\u0131n h\u0259qiqi \u00fczv\u00fc kimi 2000 manat alacaq, \u00fcst\u0259lik, Ziya B\u00fcnyadov ad\u0131na \u015e\u0259rq\u015f\u00fcnasl\u0131q institutunun direktoru kimi d\u0259, y\u0259qin, v\u0259zif\u0259 maa\u015f\u0131 var.\n<\/p>\n<p>\n  \u018fhliman \u018fmiraslanov MM-in S\u0259hiyy\u0259 Komit\u0259sinin s\u0259dri, AMEA-n\u0131n Biologiya v\u0259 Tibb Elml\u0259ri B\u00f6lm\u0259sinin akademik\u2013katibi, ATU Onkologiya kafedras\u0131n\u0131n m\u00fcdiri, Az\u0259rbaycan Respublikas\u0131n\u0131n Prezidenti yan\u0131nda Bilik Fondunun Himay\u0259\u00e7ilik \u015euras\u0131n\u0131n \u00fczv\u00fcd\u00fcr. B\u00fct\u00fcn bunlarla yana\u015f\u0131, sa\u011fl\u0131q olsun, bu aydan AMEA-n\u0131n h\u0259qiq \u00fczv\u00fc kimi d\u0259 2000 manat r\u00fctb\u0259 maa\u015f\u0131 alacaq. 71 ya\u015fl\u0131 akademikimiz pensiyaya da vaxt\u0131nda \u00e7\u0131xm\u0131\u015f olar.\n<\/p>\n<p>\n  Akademiyada sonuncu se\u00e7ki (\u0259slind\u0259, el\u0259 akademiya \u0259m\u0259kda\u015flar\u0131ndan b\u0259zil\u0259ri bunun se\u00e7ki yox, t\u0259yinat oldu\u011funu deyir) 2 may 2017-ci ild\u0259 ke\u00e7irilib. \u00dcmumi y\u0131\u011f\u0131ncaqda AMEA-n\u0131n 16 h\u0259qiqi v\u0259 25 m\u00fcxbir \u00fczv\u00fc<br \/>\n  <a href=\"http:\/\/elm.az\/news\/open\/5580\" target=\"_blank\" rel=\"noopener\"><br \/>\n    se\u00e7ilib<br \/>\n  <\/a><br \/>\n  .\n<\/p>\n<p>\n  2014-c\u00fc il se\u00e7kisind\u0259 is\u0259 50 m\u00fcxbir \u00fczv, 26 h\u0259qiqi \u00fczv<br \/>\n  <a href=\"https:\/\/az.trend.az\/azerbaijan\/society\/2290192.html\" target=\"_blank\" rel=\"noopener\"><br \/>\n    se\u00e7ilmi\u015fdi<br \/>\n  <\/a><br \/>\n  .\n<\/p>\n<p>\n  Bilm\u0259y\u0259nl\u0259r \u00fc\u00e7\u00fcn dey\u0259k ki, indi AMEA h\u0259qiqi \u00fczvl\u0259rinin say\u0131 71, m\u00fcxbir \u00fczvl\u0259rinin say\u0131 111 n\u0259f\u0259rdir. \u018fslind\u0259, onlar\u0131n say\u0131 bundan \u00e7oxdur. \u0130ndiy\u0259 q\u0259d\u0259r olan h\u0259qiqi \u00fczvl\u0259rd\u0259n 138, m\u00fcxbir \u00fczvl\u0259rd\u0259n 135 n\u0259f\u0259ri \u00f6l\u00fcb. Allah r\u0259hm\u0259t el\u0259sin!\n<\/p>\n<p>\n  Ara\u015fd\u0131rmalar g\u00f6st\u0259rir ki, Az\u0259rbaycanda elm\u0259 maraq 2000-ci ild\u0259n, daha do\u011frusu, 2003-c\u00fc ild\u0259n sonra ba\u015flay\u0131b. M\u0259hz bu ild\u0259n sonra Ali Attestasiya Komissiyas\u0131nda m\u00fcdafi\u0259 i\u015fi geni\u015f miqyas al\u0131b. Elmi d\u0259r\u0259c\u0259l\u0259r, elmi adlar ild\u0131r\u0131m s\u00fcr\u0259ti il\u0259 art\u0131b. Baxmayaraq ki, el\u0259 bu art\u0131ma etiraz ed\u0259nl\u0259r, m\u00fcdafi\u0259y\u0259 \u00e7\u0131xar\u0131lan i\u015fl\u0259rin \u00e7oxunun plagiat oldu\u011fuyla ba\u011fl\u0131 haray salan aliml\u0259r d\u0259 olub.\n<\/p>\n<p>\n  AMEA-da ke\u00e7iril\u0259n se\u00e7kil\u0259r, orada ba\u015f ver\u0259nl\u0259r, plagiat i\u015fl\u0259r, saxta elmi adlarla\u00a0 ba\u011fl\u0131 el\u0259 bu qurumun Fizika \u0130nstitutunda laboratoriya m\u00fcdiri v\u0259zif\u0259sind\u0259 \u00e7al\u0131\u015fan fizika \u00fczr\u0259 elml\u0259r doktoru Elman \u015eahverdiyev d\u0259f\u0259l\u0259rl\u0259 \u00e7\u0131x\u0131\u015f edib. Onun m\u00fcxt\u0259lif d\u00f6vl\u0259t qurumlar\u0131na, \u015f\u0259xs\u0259n prezident\u0259 m\u00fcraci\u0259tl\u0259ri q\u0259zetl\u0259rd\u0259<br \/>\n  <a href=\"https:\/\/storage.googleapis.com\/qurium\/azadliq.info\/201019.html\" target=\"_blank\" rel=\"noopener\"><br \/>\n    d\u0259rc olunub<br \/>\n  <\/a><br \/>\n  . Ancaq, bir qayda olaraq, bu m\u00fcraci\u0259tl\u0259r\u0259, ittihamlara n\u0259 reaksiya g\u00f6st\u0259r\u0259n, n\u0259 d\u0259 r\u0259smi cavab ver\u0259n olub.\n<\/p>\n<p>\n  Bu g\u00fcnl\u0259rd\u0259 D\u00fcnya \u0130qtisadi Forumunun \u201cqlobal r\u0259qab\u0259tqabiliyy\u0259tlilik\u201d indeksi a\u00e7\u0131qlan\u0131b. O hesabatda Az\u0259rbaycan elmi m\u0259qal\u0259l\u0259r\u0259 g\u00f6r\u0259 140 \u00f6lk\u0259 aras\u0131nda 108-ci yeri tutur. Y\u0259ni bizd\u0259n qabaqda 107 \u00f6lk\u0259 var. O boyda akademiya saxlama\u011fa, bu q\u0259d\u0259r b\u00fcdc\u0259 v\u0259saiti x\u0259rcl\u0259m\u0259y\u0259 n\u0259 g\u0259r\u0259k var?\n<\/p>\n<p>\n  Bir sad\u0259 misal. Bak\u0131 s\u00fcr\u00fc\u015fm\u0259 zonas\u0131d\u0131r. Lap q\u0259diml\u0259rd\u0259n b\u0259llidir. Bu sah\u0259 il\u0259 ba\u011fl\u0131 institutlar\u0131m\u0131z, m\u00fct\u0259x\u0259ssisl\u0259rimiz var. H\u0259r il b\u00fcdc\u0259d\u0259n b\u00f6y\u00fck m\u0259bl\u0259\u011fd\u0259 v\u0259sait d\u0259 ayr\u0131l\u0131r, \u00fcst\u0259lik, art\u0131q ne\u00e7\u0259 ildir Elmin \u0130nki\u015faf\u0131 Fondundan da Akademiyaya milyonlarla manat qrant ayr\u0131l\u0131r&#8230; Bu g\u00fcnl\u0259rd\u0259 paytaxtda s\u00fcr\u00fc\u015fm\u0259 ba\u015f verdi, proses h\u0259l\u0259 d\u0259 davam edir, ancaq onu qiym\u0259tl\u0259ndir\u0259c\u0259k, s\u00fcr\u00fc\u015fm\u0259nin qar\u015f\u0131s\u0131n\u0131 almaq \u00fc\u00e7\u00fcn t\u0259klifl\u0259r ver\u0259c\u0259k m\u00fct\u0259x\u0259ssisi uzaq Yaponiyadan g\u0259tirdil\u0259r. \u00dcst\u0259lik, onu divara dir\u0259dil\u0259r ki, tez cavab ver g\u00f6r\u0259k Bak\u0131 niy\u0259 s\u00fcr\u00fc\u015f\u00fcr. O da qay\u0131td\u0131 ki, m\u0259n 30 d\u0259qiq\u0259dir Bak\u0131ya g\u0259lmi\u015f\u0259m, y\u0259ni bir tavax\u0131l el\u0259yin g\u00f6r\u0259k&#8230;\n<\/p>\n<p>\n  2010-cu ild\u0259 K\u00fcr da\u015fq\u0131nlar\u0131 zaman\u0131 is\u0259 sel sular\u0131yla m\u00fcbariz\u0259 yollar\u0131n\u0131 tapmaq \u00fc\u00e7\u00fcn Hollandiyadan m\u00fct\u0259x\u0259ssis g\u0259tirmi\u015fdil\u0259r.\n<\/p>\n<p>\n  Bak\u0131da Alov q\u00fcll\u0259l\u0259rinin tikintisi zaman\u0131 binalarda v\u0259 \u0259trafda \u00e7at \u0259m\u0259l\u0259 g\u0259ldiyind\u0259n o vaxt da yaponiyal\u0131 m\u00fct\u0259x\u0259ssisl\u0259r k\u00f6m\u0259y\u0259 g\u0259tirilmi\u015fdi&#8230;\n<\/p>\n<p>\n  <b><br \/>\n    B\u0259s bu boyda institutlar\u0131 niy\u0259 saxlay\u0131rlar?<br \/>\n  <\/b>\n<\/p>\n<p>\n  Yuxar\u0131da yazd\u0131\u011f\u0131m\u0131z kimi, AMEA-n\u0131n h\u0259qiqi \u00fczvl\u0259rinin say\u0131 71, m\u00fcxbir \u00fczvl\u0259rinin say\u0131sa 111 n\u0259f\u0259rdir. Normal \u00f6lk\u0259l\u0259rd\u0259 bu r\u0259q\u0259m normal da qar\u015f\u0131lanar. Ancaq Az\u0259rbaycanda ad\u0131n\u0131 AMEA-n\u0131n h\u0259qiqi \u00fczv\u00fc, m\u00fcxbir \u00fczv\u00fc siyah\u0131s\u0131na sald\u0131ranlar\u0131n \u00e7oxu, b\u0259lk\u0259 d\u0259, he\u00e7 vaxt tap\u0131b ayda bir d\u0259f\u0259 ora getmir. \u00c7\u00fcnki onlar\u0131n \u00e7oxunun ba\u015fqa v\u0259zif\u0259l\u0259ri, ba\u015fqa qay\u011f\u0131lar\u0131 var&#8230;\n<\/p>\n<p>\n  Ba\u015fqalar\u0131n\u0131n ald\u0131\u011f\u0131n\u0131 hesablamaq etik say\u0131lm\u0131r, ancaq o pul min bir \u0259ziyy\u0259t\u0259 qatla\u015fan v\u0259t\u0259nda\u015flar\u0131n \u00f6d\u0259diyi vergid\u0259n ayr\u0131l\u0131rsa, dem\u0259k g\u0259r\u0259kdir. Bel\u0259likl\u0259, sad\u0259 hesablama aparaq.\n<\/p>\n<p>\n  71X2000=142 000. 111X1200=133 200. Bu da edir 275 min 200 manat.\n<\/p>\n<p>\n  AMEA-n\u0131n m\u00fcxt\u0259lif institutlar\u0131nda \u00e7al\u0131\u015fan tan\u0131d\u0131\u011f\u0131m\u0131z elmi i\u015f\u00e7il\u0259r var ki, onlar h\u0259mi\u015f\u0259 maa\u015f azl\u0131\u011f\u0131ndan gileyl\u0259nir, dolan\u0131\u015f\u0131\u011f\u0131n \u00e7\u0259tin oldu\u011funu, ehtiyac \u00fcz\u00fcnd\u0259n elml\u0259 ist\u0259dikl\u0259ri kimi m\u0259\u015f\u011ful ola bilm\u0259dikl\u0259rini deyirl\u0259r.\n<\/p>\n<p>\n  G\u0259lin g\u00f6r\u0259k Akademiyan\u0131n \u0259sas i\u015f\u00e7i q\u00fcvv\u0259si say\u0131lan &#8211; sosial m\u00fcdafi\u0259y\u0259 sonsuz ehtiyac\u0131 olan g\u0259nc aliml\u0259r n\u0259 q\u0259d\u0259r maa\u015f al\u0131r.\n<\/p>\n<p>\n  Ki\u00e7ik elmi i\u015f\u00e7i, elmi i\u015f\u00e7i, b\u00f6y\u00fck elmi i\u015f\u00e7i, apar\u0131c\u0131 v\u0259 ba\u015f elmi i\u015f\u00e7i m\u00fct\u0259x\u0259ssisl\u0259rin ayl\u0131q maa\u015f\u0131 180-350 manat aral\u0131\u011f\u0131ndad\u0131r.\n<\/p>\n<p>\n  \u015e\u00f6b\u0259 m\u00fcdirl\u0259ri is\u0259 400 manat maa\u015f al\u0131r.\n<\/p>\n<p>\n  Bu il yanvar\u0131n 1-d\u0259n AMEA \u0259m\u0259kda\u015flar\u0131n\u0131n \u0259m\u0259k haqq\u0131 art\u0131r\u0131l\u0131b. Akademiya \u0259m\u0259kda\u015flar\u0131ndan birinin s\u00f6zl\u0259rin\u0259 g\u00f6r\u0259, bu art\u0131m 30-40 manat civar\u0131ndad\u0131r. T\u0259s\u0259vv\u00fcr edin: yegan\u0259 dolan\u0131\u015f\u0131\u011f\u0131 elmd\u0259n \u00e7\u0131xan adamlar\u0131n maa\u015f\u0131 30-40 manat, h\u0259r c\u00fcr t\u0259minat\u0131 olan, \u00fcst\u0259lik, bir ne\u00e7\u0259 yerd\u0259n \u0259m\u0259k haqq\u0131 alan h\u0259qiqi \u00fczv\u00fcn r\u00fctb\u0259 maa\u015f\u0131 800 manat, m\u00fcxbir \u00fczv\u00fcn r\u00fctb\u0259 maa\u015f\u0131 350 manat art\u0131r\u0131l\u0131r. B\u0259s\u00a0 \u00f6y\u00fcnd\u00fckl\u0259ri sosial b\u0259rab\u0259rlik, sosial \u0259dal\u0259t harda qald\u0131?\n<\/p>\n<p>\n  \u018fdal\u0259t\u0259 bax\u0131n: AMEA-n\u0131n 182 n\u0259f\u0259r h\u0259qiqi \u00fczv\u00fc v\u0259 m\u00fcxbir \u00fczv\u00fc ayda 275 min 200 manat \u0259m\u0259k haqq\u0131 alacaq. Akademiyan\u0131n s\u0131ravi i\u015f\u00e7il\u0259rinin &#8211; 1529 n\u0259f\u0259rinin birlikd\u0259 ayl\u0131q maa\u015f\u0131 bu 182 n\u0259f\u0259rin ayl\u0131q maa\u015f\u0131na b\u0259rab\u0259rdir&#8230;<\/p>\n","protected":false},"excerpt":{"rendered":"<p>Xaricd\u0259n aliml\u0259r, m\u00fct\u0259x\u0259ssisl\u0259r g\u0259tirilirs\u0259, bizim alim v\u0259 m\u00fct\u0259x\u0259ssisl\u0259r\u0259 ayr\u0131lan bu q\u0259d\u0259r v\u0259sait bo\u015funad\u0131rm\u0131?<\/p>\n","protected":false},"author":11,"featured_media":112735,"comment_status":"closed","ping_status":"open","sticky":false,"template":"","format":"standard","meta":{"_acf_changed":false,"_sitemap_exclude":false,"_sitemap_priority":"","_sitemap_frequency":"","footnotes":""},"categories":[51],"tags":[],"class_list":["post-192646","post","type-post","status-publish","format-standard","has-post-thumbnail","hentry","category-analitika","infinite-scroll-item","generate-columns","tablet-grid-50","mobile-grid-100","grid-parent","grid-33","no-featured-image-padding"],"acf":[],"yoast_head":"<!-- This site is optimized with the Yoast SEO plugin v27.4 - https:\/\/yoast.com\/product\/yoast-seo-wordpress\/ -->\n<title>AMEA-da 182 akademik dig\u0259r 1529 i\u015f\u00e7i q\u0259d\u0259r maa\u015f al\u0131r - MEYDAN.TV<\/title>\n<meta name=\"robots\" content=\"index, follow, max-snippet:-1, max-image-preview:large, max-video-preview:-1\" \/>\n<link rel=\"canonical\" href=\"https:\/\/www.meydan.tv\/az\/article\/amea-da-182-akademik-diger-1529-isci-qeder-maas-alir\/\" \/>\n<meta property=\"og:locale\" content=\"az_AZ\" \/>\n<meta property=\"og:type\" content=\"article\" \/>\n<meta property=\"og:title\" content=\"AMEA-da 182 akademik dig\u0259r 1529 i\u015f\u00e7i q\u0259d\u0259r maa\u015f al\u0131r - MEYDAN.TV\" \/>\n<meta property=\"og:description\" content=\"Xaricd\u0259n aliml\u0259r, m\u00fct\u0259x\u0259ssisl\u0259r g\u0259tirilirs\u0259, bizim alim v\u0259 m\u00fct\u0259x\u0259ssisl\u0259r\u0259 ayr\u0131lan bu q\u0259d\u0259r v\u0259sait bo\u015funad\u0131rm\u0131?\" \/>\n<meta property=\"og:url\" content=\"https:\/\/www.meydan.tv\/az\/article\/amea-da-182-akademik-diger-1529-isci-qeder-maas-alir\/\" \/>\n<meta property=\"og:site_name\" content=\"MEYDAN.TV\" \/>\n<meta property=\"article:published_time\" content=\"2018-11-19T21:51:20+00:00\" \/>\n<meta property=\"og:image\" content=\"https:\/\/www.meydan.tv\/wp-content\/uploads\/44925.jpg\" \/>\n\t<meta property=\"og:image:width\" content=\"1280\" \/>\n\t<meta property=\"og:image:height\" content=\"664\" \/>\n\t<meta property=\"og:image:type\" content=\"image\/jpeg\" \/>\n<meta name=\"author\" content=\"user-manager\" \/>\n<meta name=\"twitter:card\" content=\"summary_large_image\" \/>\n<script type=\"application\/ld+json\" class=\"yoast-schema-graph\">{\"@context\":\"https:\\\/\\\/schema.org\",\"@graph\":[{\"@type\":\"Article\",\"@id\":\"https:\\\/\\\/www.meydan.tv\\\/az\\\/article\\\/amea-da-182-akademik-diger-1529-isci-qeder-maas-alir\\\/#article\",\"isPartOf\":{\"@id\":\"https:\\\/\\\/www.meydan.tv\\\/az\\\/article\\\/amea-da-182-akademik-diger-1529-isci-qeder-maas-alir\\\/\"},\"author\":{\"name\":\"user-manager\",\"@id\":\"https:\\\/\\\/www.meydan.tv\\\/az\\\/#\\\/schema\\\/person\\\/10d11eccf6da3662cf5fdab9806ea91a\"},\"headline\":\"AMEA-da 182 akademik dig\u0259r 1529 i\u015f\u00e7i q\u0259d\u0259r maa\u015f al\u0131r\",\"datePublished\":\"2018-11-19T21:51:20+00:00\",\"mainEntityOfPage\":{\"@id\":\"https:\\\/\\\/www.meydan.tv\\\/az\\\/article\\\/amea-da-182-akademik-diger-1529-isci-qeder-maas-alir\\\/\"},\"wordCount\":3274,\"publisher\":{\"@id\":\"https:\\\/\\\/www.meydan.tv\\\/az\\\/#organization\"},\"image\":{\"@id\":\"https:\\\/\\\/www.meydan.tv\\\/az\\\/article\\\/amea-da-182-akademik-diger-1529-isci-qeder-maas-alir\\\/#primaryimage\"},\"thumbnailUrl\":\"https:\\\/\\\/www.meydan.tv\\\/wp-content\\\/uploads\\\/44925.jpg\",\"articleSection\":[\"Analitika\"],\"inLanguage\":\"az\"},{\"@type\":\"WebPage\",\"@id\":\"https:\\\/\\\/www.meydan.tv\\\/az\\\/article\\\/amea-da-182-akademik-diger-1529-isci-qeder-maas-alir\\\/\",\"url\":\"https:\\\/\\\/www.meydan.tv\\\/az\\\/article\\\/amea-da-182-akademik-diger-1529-isci-qeder-maas-alir\\\/\",\"name\":\"AMEA-da 182 akademik dig\u0259r 1529 i\u015f\u00e7i q\u0259d\u0259r maa\u015f al\u0131r - MEYDAN.TV\",\"isPartOf\":{\"@id\":\"https:\\\/\\\/www.meydan.tv\\\/az\\\/#website\"},\"primaryImageOfPage\":{\"@id\":\"https:\\\/\\\/www.meydan.tv\\\/az\\\/article\\\/amea-da-182-akademik-diger-1529-isci-qeder-maas-alir\\\/#primaryimage\"},\"image\":{\"@id\":\"https:\\\/\\\/www.meydan.tv\\\/az\\\/article\\\/amea-da-182-akademik-diger-1529-isci-qeder-maas-alir\\\/#primaryimage\"},\"thumbnailUrl\":\"https:\\\/\\\/www.meydan.tv\\\/wp-content\\\/uploads\\\/44925.jpg\",\"datePublished\":\"2018-11-19T21:51:20+00:00\",\"breadcrumb\":{\"@id\":\"https:\\\/\\\/www.meydan.tv\\\/az\\\/article\\\/amea-da-182-akademik-diger-1529-isci-qeder-maas-alir\\\/#breadcrumb\"},\"inLanguage\":\"az\",\"potentialAction\":[{\"@type\":\"ReadAction\",\"target\":[\"https:\\\/\\\/www.meydan.tv\\\/az\\\/article\\\/amea-da-182-akademik-diger-1529-isci-qeder-maas-alir\\\/\"]}]},{\"@type\":\"ImageObject\",\"inLanguage\":\"az\",\"@id\":\"https:\\\/\\\/www.meydan.tv\\\/az\\\/article\\\/amea-da-182-akademik-diger-1529-isci-qeder-maas-alir\\\/#primaryimage\",\"url\":\"https:\\\/\\\/www.meydan.tv\\\/wp-content\\\/uploads\\\/44925.jpg\",\"contentUrl\":\"https:\\\/\\\/www.meydan.tv\\\/wp-content\\\/uploads\\\/44925.jpg\",\"width\":1280,\"height\":664,\"caption\":\"Source:\"},{\"@type\":\"BreadcrumbList\",\"@id\":\"https:\\\/\\\/www.meydan.tv\\\/az\\\/article\\\/amea-da-182-akademik-diger-1529-isci-qeder-maas-alir\\\/#breadcrumb\",\"itemListElement\":[{\"@type\":\"ListItem\",\"position\":1,\"name\":\"Ana s\u0259hif\u0259\",\"item\":\"https:\\\/\\\/www.meydan.tv\\\/az\\\/\"},{\"@type\":\"ListItem\",\"position\":2,\"name\":\"Analitika\",\"item\":\"https:\\\/\\\/www.meydan.tv\\\/az\\\/section\\\/analitika\\\/\"},{\"@type\":\"ListItem\",\"position\":3,\"name\":\"AMEA-da 182 akademik dig\u0259r 1529 i\u015f\u00e7i q\u0259d\u0259r maa\u015f al\u0131r\"}]},{\"@type\":\"WebSite\",\"@id\":\"https:\\\/\\\/www.meydan.tv\\\/az\\\/#website\",\"url\":\"https:\\\/\\\/www.meydan.tv\\\/az\\\/\",\"name\":\"MEYDAN.TV\",\"description\":\"Meydan TV Az\u0259rbaycan\u0131n media m\u0259kan\u0131ndak\u0131 alternativ s\u0259sidir\",\"publisher\":{\"@id\":\"https:\\\/\\\/www.meydan.tv\\\/az\\\/#organization\"},\"potentialAction\":[{\"@type\":\"SearchAction\",\"target\":{\"@type\":\"EntryPoint\",\"urlTemplate\":\"https:\\\/\\\/www.meydan.tv\\\/az\\\/?s={search_term_string}\"},\"query-input\":{\"@type\":\"PropertyValueSpecification\",\"valueRequired\":true,\"valueName\":\"search_term_string\"}}],\"inLanguage\":\"az\"},{\"@type\":\"Organization\",\"@id\":\"https:\\\/\\\/www.meydan.tv\\\/az\\\/#organization\",\"name\":\"Meydan TV\",\"url\":\"https:\\\/\\\/www.meydan.tv\\\/az\\\/\",\"logo\":{\"@type\":\"ImageObject\",\"inLanguage\":\"az\",\"@id\":\"https:\\\/\\\/www.meydan.tv\\\/az\\\/#\\\/schema\\\/logo\\\/image\\\/\",\"url\":\"https:\\\/\\\/www.meydan.tv\\\/wp-content\\\/uploads\\\/2021\\\/07\\\/meydan-logo.svg\",\"contentUrl\":\"https:\\\/\\\/www.meydan.tv\\\/wp-content\\\/uploads\\\/2021\\\/07\\\/meydan-logo.svg\",\"width\":195,\"height\":46,\"caption\":\"Meydan TV\"},\"image\":{\"@id\":\"https:\\\/\\\/www.meydan.tv\\\/az\\\/#\\\/schema\\\/logo\\\/image\\\/\"}},{\"@type\":\"Person\",\"@id\":\"https:\\\/\\\/www.meydan.tv\\\/az\\\/#\\\/schema\\\/person\\\/10d11eccf6da3662cf5fdab9806ea91a\",\"name\":\"user-manager\"}]}<\/script>\n<!-- \/ Yoast SEO plugin. -->","yoast_head_json":{"title":"AMEA-da 182 akademik dig\u0259r 1529 i\u015f\u00e7i q\u0259d\u0259r maa\u015f al\u0131r - MEYDAN.TV","robots":{"index":"index","follow":"follow","max-snippet":"max-snippet:-1","max-image-preview":"max-image-preview:large","max-video-preview":"max-video-preview:-1"},"canonical":"https:\/\/www.meydan.tv\/az\/article\/amea-da-182-akademik-diger-1529-isci-qeder-maas-alir\/","og_locale":"az_AZ","og_type":"article","og_title":"AMEA-da 182 akademik dig\u0259r 1529 i\u015f\u00e7i q\u0259d\u0259r maa\u015f al\u0131r - MEYDAN.TV","og_description":"Xaricd\u0259n aliml\u0259r, m\u00fct\u0259x\u0259ssisl\u0259r g\u0259tirilirs\u0259, bizim alim v\u0259 m\u00fct\u0259x\u0259ssisl\u0259r\u0259 ayr\u0131lan bu q\u0259d\u0259r v\u0259sait bo\u015funad\u0131rm\u0131?","og_url":"https:\/\/www.meydan.tv\/az\/article\/amea-da-182-akademik-diger-1529-isci-qeder-maas-alir\/","og_site_name":"MEYDAN.TV","article_published_time":"2018-11-19T21:51:20+00:00","og_image":[{"width":1280,"height":664,"url":"https:\/\/www.meydan.tv\/wp-content\/uploads\/44925.jpg","type":"image\/jpeg"}],"author":"user-manager","twitter_card":"summary_large_image","schema":{"@context":"https:\/\/schema.org","@graph":[{"@type":"Article","@id":"https:\/\/www.meydan.tv\/az\/article\/amea-da-182-akademik-diger-1529-isci-qeder-maas-alir\/#article","isPartOf":{"@id":"https:\/\/www.meydan.tv\/az\/article\/amea-da-182-akademik-diger-1529-isci-qeder-maas-alir\/"},"author":{"name":"user-manager","@id":"https:\/\/www.meydan.tv\/az\/#\/schema\/person\/10d11eccf6da3662cf5fdab9806ea91a"},"headline":"AMEA-da 182 akademik dig\u0259r 1529 i\u015f\u00e7i q\u0259d\u0259r maa\u015f al\u0131r","datePublished":"2018-11-19T21:51:20+00:00","mainEntityOfPage":{"@id":"https:\/\/www.meydan.tv\/az\/article\/amea-da-182-akademik-diger-1529-isci-qeder-maas-alir\/"},"wordCount":3274,"publisher":{"@id":"https:\/\/www.meydan.tv\/az\/#organization"},"image":{"@id":"https:\/\/www.meydan.tv\/az\/article\/amea-da-182-akademik-diger-1529-isci-qeder-maas-alir\/#primaryimage"},"thumbnailUrl":"https:\/\/www.meydan.tv\/wp-content\/uploads\/44925.jpg","articleSection":["Analitika"],"inLanguage":"az"},{"@type":"WebPage","@id":"https:\/\/www.meydan.tv\/az\/article\/amea-da-182-akademik-diger-1529-isci-qeder-maas-alir\/","url":"https:\/\/www.meydan.tv\/az\/article\/amea-da-182-akademik-diger-1529-isci-qeder-maas-alir\/","name":"AMEA-da 182 akademik dig\u0259r 1529 i\u015f\u00e7i q\u0259d\u0259r maa\u015f al\u0131r - MEYDAN.TV","isPartOf":{"@id":"https:\/\/www.meydan.tv\/az\/#website"},"primaryImageOfPage":{"@id":"https:\/\/www.meydan.tv\/az\/article\/amea-da-182-akademik-diger-1529-isci-qeder-maas-alir\/#primaryimage"},"image":{"@id":"https:\/\/www.meydan.tv\/az\/article\/amea-da-182-akademik-diger-1529-isci-qeder-maas-alir\/#primaryimage"},"thumbnailUrl":"https:\/\/www.meydan.tv\/wp-content\/uploads\/44925.jpg","datePublished":"2018-11-19T21:51:20+00:00","breadcrumb":{"@id":"https:\/\/www.meydan.tv\/az\/article\/amea-da-182-akademik-diger-1529-isci-qeder-maas-alir\/#breadcrumb"},"inLanguage":"az","potentialAction":[{"@type":"ReadAction","target":["https:\/\/www.meydan.tv\/az\/article\/amea-da-182-akademik-diger-1529-isci-qeder-maas-alir\/"]}]},{"@type":"ImageObject","inLanguage":"az","@id":"https:\/\/www.meydan.tv\/az\/article\/amea-da-182-akademik-diger-1529-isci-qeder-maas-alir\/#primaryimage","url":"https:\/\/www.meydan.tv\/wp-content\/uploads\/44925.jpg","contentUrl":"https:\/\/www.meydan.tv\/wp-content\/uploads\/44925.jpg","width":1280,"height":664,"caption":"Source:"},{"@type":"BreadcrumbList","@id":"https:\/\/www.meydan.tv\/az\/article\/amea-da-182-akademik-diger-1529-isci-qeder-maas-alir\/#breadcrumb","itemListElement":[{"@type":"ListItem","position":1,"name":"Ana s\u0259hif\u0259","item":"https:\/\/www.meydan.tv\/az\/"},{"@type":"ListItem","position":2,"name":"Analitika","item":"https:\/\/www.meydan.tv\/az\/section\/analitika\/"},{"@type":"ListItem","position":3,"name":"AMEA-da 182 akademik dig\u0259r 1529 i\u015f\u00e7i q\u0259d\u0259r maa\u015f al\u0131r"}]},{"@type":"WebSite","@id":"https:\/\/www.meydan.tv\/az\/#website","url":"https:\/\/www.meydan.tv\/az\/","name":"MEYDAN.TV","description":"Meydan TV Az\u0259rbaycan\u0131n media m\u0259kan\u0131ndak\u0131 alternativ s\u0259sidir","publisher":{"@id":"https:\/\/www.meydan.tv\/az\/#organization"},"potentialAction":[{"@type":"SearchAction","target":{"@type":"EntryPoint","urlTemplate":"https:\/\/www.meydan.tv\/az\/?s={search_term_string}"},"query-input":{"@type":"PropertyValueSpecification","valueRequired":true,"valueName":"search_term_string"}}],"inLanguage":"az"},{"@type":"Organization","@id":"https:\/\/www.meydan.tv\/az\/#organization","name":"Meydan TV","url":"https:\/\/www.meydan.tv\/az\/","logo":{"@type":"ImageObject","inLanguage":"az","@id":"https:\/\/www.meydan.tv\/az\/#\/schema\/logo\/image\/","url":"https:\/\/www.meydan.tv\/wp-content\/uploads\/2021\/07\/meydan-logo.svg","contentUrl":"https:\/\/www.meydan.tv\/wp-content\/uploads\/2021\/07\/meydan-logo.svg","width":195,"height":46,"caption":"Meydan TV"},"image":{"@id":"https:\/\/www.meydan.tv\/az\/#\/schema\/logo\/image\/"}},{"@type":"Person","@id":"https:\/\/www.meydan.tv\/az\/#\/schema\/person\/10d11eccf6da3662cf5fdab9806ea91a","name":"user-manager"}]}},"_links":{"self":[{"href":"https:\/\/www.meydan.tv\/az\/wp-json\/wp\/v2\/posts\/192646","targetHints":{"allow":["GET"]}}],"collection":[{"href":"https:\/\/www.meydan.tv\/az\/wp-json\/wp\/v2\/posts"}],"about":[{"href":"https:\/\/www.meydan.tv\/az\/wp-json\/wp\/v2\/types\/post"}],"author":[{"embeddable":true,"href":"https:\/\/www.meydan.tv\/az\/wp-json\/wp\/v2\/users\/11"}],"replies":[{"embeddable":true,"href":"https:\/\/www.meydan.tv\/az\/wp-json\/wp\/v2\/comments?post=192646"}],"version-history":[{"count":0,"href":"https:\/\/www.meydan.tv\/az\/wp-json\/wp\/v2\/posts\/192646\/revisions"}],"wp:featuredmedia":[{"embeddable":true,"href":"https:\/\/www.meydan.tv\/az\/wp-json\/wp\/v2\/media\/112735"}],"wp:attachment":[{"href":"https:\/\/www.meydan.tv\/az\/wp-json\/wp\/v2\/media?parent=192646"}],"wp:term":[{"taxonomy":"category","embeddable":true,"href":"https:\/\/www.meydan.tv\/az\/wp-json\/wp\/v2\/categories?post=192646"},{"taxonomy":"post_tag","embeddable":true,"href":"https:\/\/www.meydan.tv\/az\/wp-json\/wp\/v2\/tags?post=192646"}],"curies":[{"name":"wp","href":"https:\/\/api.w.org\/{rel}","templated":true}]}}