{"id":192592,"date":"2018-11-15T23:43:39","date_gmt":"2018-11-15T23:43:39","guid":{"rendered":"https:\/\/www.meydan.tv\/article\/kimsesiz-adanin-sahibleri-azerbaycanlilar\/"},"modified":"2018-11-15T23:43:39","modified_gmt":"2018-11-15T23:43:39","slug":"kimsesiz-adanin-sahibleri-azerbaycanlilar","status":"publish","type":"post","link":"https:\/\/www.meydan.tv\/az\/article\/kimsesiz-adanin-sahibleri-azerbaycanlilar\/","title":{"rendered":"Kims\u0259siz adan\u0131n sahibl\u0259ri \u2013 az\u0259rbaycanl\u0131lar"},"content":{"rendered":"<figure class=\"wp-block-image size-large\">\n  <img decoding=\"async\" src=\"https:\/\/www.meydan.tv\/az\/orxan-adigozel-3\/\" alt=\"Orxan Ad\u0131g\u00f6z\u0259l\" class=\"wp-image-95247\"\/><figcaption>\n    Orxan Ad\u0131g\u00f6z\u0259l<br \/>\n  <\/figcaption><\/figure>\n<p>\n  \u00d6lk\u0259mizd\u0259 i\u015f yerl\u0259ri azd\u0131r. Olan yerl\u0259rd\u0259 d\u0259 h\u0259r k\u0259si i\u015f\u0259 g\u00f6t\u00fcrm\u00fcrl\u0259r.\n<\/p>\n<p>\n  Amma \u00f6zl\u0259rini i\u015f\u0259 verm\u0259k ist\u0259m\u0259y\u0259nl\u0259rin \u00e7oxuna g\u00f6r\u0259 bu, s\u0259b\u0259b say\u0131l\u0131r.\n<\/p>\n<p>\n  N\u0259 q\u0259d\u0259r adam tan\u0131y\u0131ram ki, n\u0259 t\u0259hsil al\u0131r, n\u0259 d\u0259 bir s\u0259n\u0259t \u00f6yr\u0259nirl\u0259r. \u0130nternetd\u0259 \u00f6yr\u0259nm\u0259k \u00fc\u00e7\u00fcn bir xeyli resurs var. Ancaq insanlar\u0131n h\u0259v\u0259sl\u0259ri yoxdur. He\u00e7 ya\u015fama\u011fa h\u0259v\u0259sl\u0259ri yoxdur. Valideynl\u0259rind\u0259n d\u0259 bunu g\u00f6r\u00fcbl\u0259r, el\u0259 valideynl\u0259rinin \u0259n\u0259n\u0259l\u0259rini davam etdirirl\u0259r.\n<\/p>\n<p>\n  Bir qohumumuz var, cavan o\u011fland\u0131r, 23 ya\u015f\u0131 var. Maddi durumlar\u0131 z\u0259ifdir. Ail\u0259d\u0259 ancaq anas\u0131 i\u015fl\u0259yir. Atas\u0131 evi t\u0259rk edib gedib. \u0130\u015fin olmayan vaxt\u0131nda atam h\u0259min o\u011flana i\u015f tapm\u0131\u015fd\u0131. Demi\u015fdi ki, getdiyin yer\u0259 \u00e7atanda filan adama z\u0259ng ed\u0259rs\u0259n ki, o, s\u0259ni i\u015f\u0259 y\u00f6n\u0259ltsin.\n<\/p>\n<p>\n  H\u0259min o\u011flan da durub ona tap\u015f\u0131r\u0131lan yer \u0259v\u0259zin\u0259, ba\u015fqa yer\u0259 gedib. Sonra da atama deyib: \u201cH\u0259min adamla g\u00f6r\u00fc\u015fd\u00fcm, soyuq dan\u0131\u015fd\u0131, m\u0259ni i\u015f\u0259 g\u00f6t\u00fcrm\u0259di\u201d.\n<\/p>\n<p>\n  Daha sonra yalan\u0131 \u00fcz\u0259 \u00e7\u0131xd\u0131. M\u0259lum oldu ki, he\u00e7 h\u0259min yer\u0259 getm\u0259yib. \u018fv\u0259zin\u0259 harasa gedib, vaxt \u00f6ld\u00fcr\u00fcb, ev\u0259 qay\u0131d\u0131b.\n<\/p>\n<p>\n  Anas\u0131 atama z\u0259ng edib \u00fcz\u00fcl\u0259r\u0259k dedi ki, o\u011flu evd\u0259 q\u0131r\u011f\u0131n sal\u0131b: \u201c\u0259l \u00e7\u0259kin, i\u015fl\u0259m\u0259k ist\u0259mir\u0259m\u201d. Bundan art\u0131q adama n\u0259 k\u00f6m\u0259k ed\u0259s\u0259n?! T\u0259nb\u0259llik!!!\n<\/p>\n<p>\n  \u0130ndi h\u0259min o\u011flan anas\u0131n\u0131n qazand\u0131\u011f\u0131 pulla yeyib-i\u00e7ir, avaralan\u0131r v\u0259 g\u00fcn\u00fcn \u00e7oxunu &#8220;Whatsapp&#8221;da, tan\u0131\u015fl\u0131q saytlar\u0131nda ke\u00e7irir. \u00d6z\u00fcn\u0259 dey\u0259nd\u0259 ki, bir i\u015f tap, anan yaz\u0131qd\u0131r, \u0259n\u0259n\u0259vi formada cavab verir ki, \u201ci\u015f yoxdur\u201d. Anas\u0131 da onun bu hal\u0131na g\u00f6z yaz\u0131 t\u00f6k\u00fcr. Ax\u0131 \u0259n az\u0131ndan ofisiantl\u0131q, f\u0259hl\u0259lik ed\u0259 bil\u0259r. H\u0259tta o sah\u0259d\u0259 tan\u0131\u015flar\u0131 var.\n<\/p>\n<p>\n  Sabah bu adam ail\u0259 qurmaq ist\u0259y\u0259c\u0259k. Bax, bu, \u0259sl f\u0259lak\u0259t olar. Z\u0259kas\u0131 tan\u0131\u015fl\u0131q saytlar\u0131, avto\u015fluq, razborka v\u0259 sair bu kimi \u015feyl\u0259rl\u0259 dolu olan, \u00f6z\u00fcn\u00fc z\u0259hm\u0259t\u0259 verm\u0259kd\u0259n qorxan biri ail\u0259sini nec\u0259 doland\u0131r\u0131b, idar\u0259 ed\u0259c\u0259k?!\n<\/p>\n<p>\n  H\u0259yatda he\u00e7 bir z\u0259hm\u0259t \u00e7\u0259km\u0259d\u0259n, \u015fansa, u\u011fura, b\u0259xt\u0259 inan\u0131b, onlar\u0131n ortaya \u00e7\u0131xmas\u0131n\u0131 g\u00f6zl\u0259y\u0259nl\u0259r&#8230;\n<\/p>\n<p>\n  H\u0259yatda he\u00e7 bir z\u0259hm\u0259t \u00e7\u0259km\u0259d\u0259n, \u015fansa, u\u011fura, b\u0259xt\u0259 inan\u0131b, onlar\u0131n ortaya \u00e7\u0131xmas\u0131n\u0131 g\u00f6zl\u0259y\u0259nl\u0259r, eyn\u0259n \u00f6lk\u0259mizd\u0259 hans\u0131sa m\u0259murdan k\u00f6n\u00fcll\u00fc \u015f\u0259kild\u0259 istefa \u0259riz\u0259si ver\u0259c\u0259yini g\u00f6zl\u0259y\u0259nl\u0259r q\u0259d\u0259r sad\u0259l\u00f6vhd\u00fcrl\u0259r.\n<\/p>\n<p>\n  \u00dcmumiyy\u0259tl\u0259, \u015fans deyil\u0259n \u015fey z\u0259hm\u0259t hesab\u0131na meydana \u00e7\u0131x\u0131r. S\u0259mimi \u015f\u0259kild\u0259 \u00f6zl\u0259rini i\u015f\u0259 ver\u0259n adamlar\u0131n h\u0259yat\u0131 b\u0259r\u0259k\u0259tli olur.\n<\/p>\n<p>\n  Kims\u0259siz adaya d\u00fc\u015f\u0259n insan\u0131n al\u0131\u015fqan\u0131 v\u0259 kibriti olmad\u0131\u011f\u0131 t\u0259qdird\u0259 o, z\u0259rur\u0259t v\u0259 ehtiyacdan a\u011fac\u0131n x\u0131rda buda\u011f\u0131n\u0131 ovucunda ora-bura s\u00fcr\u0259tl\u0259 f\u0131rlatmaqla alov \u0259ld\u0259 ed\u0259 bilir. Bu, m\u00fc\u0259yy\u0259n q\u0259d\u0259r uzun \u00e7\u0259k\u0259n v\u0259 z\u0259hm\u0259t t\u0259l\u0259b ed\u0259n proses olsa da, ax\u0131rda h\u0259min adam istilik, i\u015f\u0131q v\u0259 ovunu bi\u015firm\u0259k \u00fc\u00e7\u00fcn tonqal \u0259ld\u0259 edir.\n<\/p>\n<p>\n  \u018fks halda, onu \u00f6l\u00fcm g\u00f6zl\u0259yir.\n<\/p>\n<p>\n  Az\u0259rbaycandak\u0131 insanlar da bir n\u00f6v kims\u0259siz adaya d\u00fc\u015fm\u00fc\u015f kimidirl\u0259r. Buna g\u00f6r\u0259 d\u0259 z\u0259hm\u0259t \u00e7\u0259km\u0259k vacib yox, lab\u00fcdd\u00fcr. \u018fks halda, insan\u0131 \u00f6l\u00fcm g\u00f6zl\u0259yir.<br \/>\n  <br \/>\n  Buna qol qoymayanlar ilk olaraq d\u00fcnyadan ruh\u0259n k\u00f6\u00e7\u00fcrl\u0259r. Onlar\u0131n g\u0259zib-dolanmaqlar\u0131n\u0131 saya salmaq laz\u0131m deyil. Zombi kimi veyill\u0259nm\u0259kd\u0259n ba\u015fqa bir \u015fey bacarm\u0131rlar. T\u0259bii ki, \u0259traflar\u0131na \u0259n iyr\u0259nc \u015f\u0259kild\u0259 \u201cn\u00fcmun\u0259\u201d olub, dig\u0259rl\u0259rini d\u0259 yoluxdurub, \u00f6zl\u0259ri kimi edirl\u0259r.\n<\/p>\n<p>\n  Bir q\u0131z dostum var, olduqca f\u0259ras\u0259tli insand\u0131r. Tibb kollecini bitirm\u0259sin\u0259 r\u0259\u011fm\u0259n bu g\u00fcn turizm v\u0259 marketinq sah\u0259sind\u0259 \u00e7al\u0131\u015f\u0131r. \u018flav\u0259 olaraq pe\u015f\u0259kar r\u0259sm kurslar\u0131na qat\u0131l\u0131r. Dem\u0259k olar, \u0259lind\u0259n g\u0259lm\u0259y\u0259n i\u015f yoxdur.\n<\/p>\n<p>\n  Etiraf edir ki, \u0259vv\u0259ll\u0259r turizm sah\u0259sini b\u0259y\u0259nm\u0259s\u0259 d\u0259, \u00f6z\u00fcn\u00fc m\u0259cbur edib, bir \u00e7ox kurs v\u0259 t\u0259liml\u0259r\u0259 qo\u015fulub ki, n\u0259 vaxtsa yiy\u0259l\u0259ndiyi bacar\u0131q onun xilas\u0131na \u00e7evirilsin. Buna nail olub. H\u0259tta bu g\u00fcn i\u015fini sev\u0259r\u0259k, icra edir. R\u0259sm kurslar\u0131 da onun \u00fc\u00e7\u00fcn ehtiyat imkand\u0131r. Sabah bu i\u015fl\u0259rini itirs\u0259, ehtiyatdak\u0131 pe\u015f\u0259yl\u0259 \u00f6z\u00fcn\u00fc idar\u0259 ed\u0259 bil\u0259c\u0259k.\n<\/p>\n<p>\n  T\u0259hsilin a\u015fa\u011f\u0131 s\u0259viyy\u0259si, maarifl\u0259ndirm\u0259nin olmamas\u0131, telekanallar\u0131n \u015fou-biznes v\u0259 m\u0259tb\u0259x qoxusu, valideynl\u0259rin \u00f6zl\u0259rinin dayaz t\u0259rbiy\u0259 \u00fcsullar\u0131 c\u0259miyy\u0259ti g\u0259tirib, bu duruma sal\u0131b.\n<\/p>\n<p>\n  G\u0259l\u0259c\u0259yimiz dumanl\u0131 g\u00f6r\u00fcn\u00fcr. Amma Az\u0259rbaycan reall\u0131\u011f\u0131nda da \u00e7ox \u015fey qazanmaq v\u0259 \u0259ld\u0259 etm\u0259k olar. Yet\u0259r ki, bunlar\u0131 \u00fcr\u0259kd\u0259n ist\u0259y\u0259 v\u0259 z\u0259hm\u0259t \u00e7\u0259k\u0259s\u0259n.\n<\/p>\n<p>\n  <b><br \/>\n    <i><br \/>\n      Yaz\u0131 m\u00fc\u0259llifin fikirl\u0259rini \u0259ks etdirir v\u0259 Meydan TV-nin m\u00f6vqeyi il\u0259 \u00fcst-\u00fcst\u0259 d\u00fc\u015fm\u0259y\u0259 bil\u0259r.<br \/>\n    <\/i><br \/>\n  <\/b><\/p>\n","protected":false},"excerpt":{"rendered":"<p>\u00d6lk\u0259mizd\u0259 i\u015f yerl\u0259ri azd\u0131r. Olan yerl\u0259rd\u0259 d\u0259 h\u0259r k\u0259si i\u015f\u0259 g\u00f6t\u00fcrm\u00fcrl\u0259r.<\/p>\n","protected":false},"author":11,"featured_media":95247,"comment_status":"closed","ping_status":"open","sticky":false,"template":"","format":"standard","meta":{"_acf_changed":false,"_sitemap_exclude":false,"_sitemap_priority":"","_sitemap_frequency":"","footnotes":""},"categories":[57],"tags":[],"class_list":["post-192592","post","type-post","status-publish","format-standard","has-post-thumbnail","hentry","category-menim-fikrimce","infinite-scroll-item","generate-columns","tablet-grid-50","mobile-grid-100","grid-parent","grid-33","no-featured-image-padding"],"acf":[],"yoast_head":"<!-- This site is optimized with the Yoast SEO plugin v27.4 - https:\/\/yoast.com\/product\/yoast-seo-wordpress\/ -->\n<title>Kims\u0259siz adan\u0131n sahibl\u0259ri \u2013 az\u0259rbaycanl\u0131lar - MEYDAN.TV<\/title>\n<meta name=\"robots\" content=\"index, follow, max-snippet:-1, max-image-preview:large, max-video-preview:-1\" \/>\n<link rel=\"canonical\" href=\"https:\/\/www.meydan.tv\/az\/article\/kimsesiz-adanin-sahibleri-azerbaycanlilar\/\" \/>\n<meta property=\"og:locale\" content=\"az_AZ\" \/>\n<meta property=\"og:type\" content=\"article\" \/>\n<meta property=\"og:title\" content=\"Kims\u0259siz adan\u0131n sahibl\u0259ri \u2013 az\u0259rbaycanl\u0131lar - MEYDAN.TV\" \/>\n<meta property=\"og:description\" content=\"\u00d6lk\u0259mizd\u0259 i\u015f yerl\u0259ri azd\u0131r. Olan yerl\u0259rd\u0259 d\u0259 h\u0259r k\u0259si i\u015f\u0259 g\u00f6t\u00fcrm\u00fcrl\u0259r.\" \/>\n<meta property=\"og:url\" content=\"https:\/\/www.meydan.tv\/az\/article\/kimsesiz-adanin-sahibleri-azerbaycanlilar\/\" \/>\n<meta property=\"og:site_name\" content=\"MEYDAN.TV\" \/>\n<meta property=\"article:published_time\" content=\"2018-11-15T23:43:39+00:00\" \/>\n<meta property=\"og:image\" content=\"https:\/\/www.meydan.tv\/wp-content\/uploads\/37636.jpg\" \/>\n\t<meta property=\"og:image:width\" content=\"2048\" \/>\n\t<meta property=\"og:image:height\" content=\"1365\" \/>\n\t<meta property=\"og:image:type\" content=\"image\/jpeg\" \/>\n<meta name=\"author\" content=\"user-manager\" \/>\n<meta name=\"twitter:card\" content=\"summary_large_image\" \/>\n<script type=\"application\/ld+json\" class=\"yoast-schema-graph\">{\"@context\":\"https:\\\/\\\/schema.org\",\"@graph\":[{\"@type\":\"Article\",\"@id\":\"https:\\\/\\\/www.meydan.tv\\\/az\\\/article\\\/kimsesiz-adanin-sahibleri-azerbaycanlilar\\\/#article\",\"isPartOf\":{\"@id\":\"https:\\\/\\\/www.meydan.tv\\\/az\\\/article\\\/kimsesiz-adanin-sahibleri-azerbaycanlilar\\\/\"},\"author\":{\"name\":\"user-manager\",\"@id\":\"https:\\\/\\\/www.meydan.tv\\\/az\\\/#\\\/schema\\\/person\\\/10d11eccf6da3662cf5fdab9806ea91a\"},\"headline\":\"Kims\u0259siz adan\u0131n sahibl\u0259ri \u2013 az\u0259rbaycanl\u0131lar\",\"datePublished\":\"2018-11-15T23:43:39+00:00\",\"mainEntityOfPage\":{\"@id\":\"https:\\\/\\\/www.meydan.tv\\\/az\\\/article\\\/kimsesiz-adanin-sahibleri-azerbaycanlilar\\\/\"},\"wordCount\":942,\"publisher\":{\"@id\":\"https:\\\/\\\/www.meydan.tv\\\/az\\\/#organization\"},\"image\":{\"@id\":\"https:\\\/\\\/www.meydan.tv\\\/az\\\/article\\\/kimsesiz-adanin-sahibleri-azerbaycanlilar\\\/#primaryimage\"},\"thumbnailUrl\":\"https:\\\/\\\/www.meydan.tv\\\/wp-content\\\/uploads\\\/37636.jpg\",\"articleSection\":[\"M\u0259nim Fikrimc\u0259\"],\"inLanguage\":\"az\"},{\"@type\":\"WebPage\",\"@id\":\"https:\\\/\\\/www.meydan.tv\\\/az\\\/article\\\/kimsesiz-adanin-sahibleri-azerbaycanlilar\\\/\",\"url\":\"https:\\\/\\\/www.meydan.tv\\\/az\\\/article\\\/kimsesiz-adanin-sahibleri-azerbaycanlilar\\\/\",\"name\":\"Kims\u0259siz adan\u0131n sahibl\u0259ri \u2013 az\u0259rbaycanl\u0131lar - MEYDAN.TV\",\"isPartOf\":{\"@id\":\"https:\\\/\\\/www.meydan.tv\\\/az\\\/#website\"},\"primaryImageOfPage\":{\"@id\":\"https:\\\/\\\/www.meydan.tv\\\/az\\\/article\\\/kimsesiz-adanin-sahibleri-azerbaycanlilar\\\/#primaryimage\"},\"image\":{\"@id\":\"https:\\\/\\\/www.meydan.tv\\\/az\\\/article\\\/kimsesiz-adanin-sahibleri-azerbaycanlilar\\\/#primaryimage\"},\"thumbnailUrl\":\"https:\\\/\\\/www.meydan.tv\\\/wp-content\\\/uploads\\\/37636.jpg\",\"datePublished\":\"2018-11-15T23:43:39+00:00\",\"breadcrumb\":{\"@id\":\"https:\\\/\\\/www.meydan.tv\\\/az\\\/article\\\/kimsesiz-adanin-sahibleri-azerbaycanlilar\\\/#breadcrumb\"},\"inLanguage\":\"az\",\"potentialAction\":[{\"@type\":\"ReadAction\",\"target\":[\"https:\\\/\\\/www.meydan.tv\\\/az\\\/article\\\/kimsesiz-adanin-sahibleri-azerbaycanlilar\\\/\"]}]},{\"@type\":\"ImageObject\",\"inLanguage\":\"az\",\"@id\":\"https:\\\/\\\/www.meydan.tv\\\/az\\\/article\\\/kimsesiz-adanin-sahibleri-azerbaycanlilar\\\/#primaryimage\",\"url\":\"https:\\\/\\\/www.meydan.tv\\\/wp-content\\\/uploads\\\/37636.jpg\",\"contentUrl\":\"https:\\\/\\\/www.meydan.tv\\\/wp-content\\\/uploads\\\/37636.jpg\",\"width\":2048,\"height\":1365,\"caption\":\"Source:\"},{\"@type\":\"BreadcrumbList\",\"@id\":\"https:\\\/\\\/www.meydan.tv\\\/az\\\/article\\\/kimsesiz-adanin-sahibleri-azerbaycanlilar\\\/#breadcrumb\",\"itemListElement\":[{\"@type\":\"ListItem\",\"position\":1,\"name\":\"Ana s\u0259hif\u0259\",\"item\":\"https:\\\/\\\/www.meydan.tv\\\/az\\\/\"},{\"@type\":\"ListItem\",\"position\":2,\"name\":\"M\u0259nim Fikrimc\u0259\",\"item\":\"https:\\\/\\\/www.meydan.tv\\\/az\\\/section\\\/menim-fikrimce\\\/\"},{\"@type\":\"ListItem\",\"position\":3,\"name\":\"Kims\u0259siz adan\u0131n sahibl\u0259ri \u2013 az\u0259rbaycanl\u0131lar\"}]},{\"@type\":\"WebSite\",\"@id\":\"https:\\\/\\\/www.meydan.tv\\\/az\\\/#website\",\"url\":\"https:\\\/\\\/www.meydan.tv\\\/az\\\/\",\"name\":\"MEYDAN.TV\",\"description\":\"Meydan TV Az\u0259rbaycan\u0131n media m\u0259kan\u0131ndak\u0131 alternativ s\u0259sidir\",\"publisher\":{\"@id\":\"https:\\\/\\\/www.meydan.tv\\\/az\\\/#organization\"},\"potentialAction\":[{\"@type\":\"SearchAction\",\"target\":{\"@type\":\"EntryPoint\",\"urlTemplate\":\"https:\\\/\\\/www.meydan.tv\\\/az\\\/?s={search_term_string}\"},\"query-input\":{\"@type\":\"PropertyValueSpecification\",\"valueRequired\":true,\"valueName\":\"search_term_string\"}}],\"inLanguage\":\"az\"},{\"@type\":\"Organization\",\"@id\":\"https:\\\/\\\/www.meydan.tv\\\/az\\\/#organization\",\"name\":\"Meydan TV\",\"url\":\"https:\\\/\\\/www.meydan.tv\\\/az\\\/\",\"logo\":{\"@type\":\"ImageObject\",\"inLanguage\":\"az\",\"@id\":\"https:\\\/\\\/www.meydan.tv\\\/az\\\/#\\\/schema\\\/logo\\\/image\\\/\",\"url\":\"https:\\\/\\\/www.meydan.tv\\\/wp-content\\\/uploads\\\/2021\\\/07\\\/meydan-logo.svg\",\"contentUrl\":\"https:\\\/\\\/www.meydan.tv\\\/wp-content\\\/uploads\\\/2021\\\/07\\\/meydan-logo.svg\",\"width\":195,\"height\":46,\"caption\":\"Meydan TV\"},\"image\":{\"@id\":\"https:\\\/\\\/www.meydan.tv\\\/az\\\/#\\\/schema\\\/logo\\\/image\\\/\"}},{\"@type\":\"Person\",\"@id\":\"https:\\\/\\\/www.meydan.tv\\\/az\\\/#\\\/schema\\\/person\\\/10d11eccf6da3662cf5fdab9806ea91a\",\"name\":\"user-manager\"}]}<\/script>\n<!-- \/ Yoast SEO plugin. -->","yoast_head_json":{"title":"Kims\u0259siz adan\u0131n sahibl\u0259ri \u2013 az\u0259rbaycanl\u0131lar - MEYDAN.TV","robots":{"index":"index","follow":"follow","max-snippet":"max-snippet:-1","max-image-preview":"max-image-preview:large","max-video-preview":"max-video-preview:-1"},"canonical":"https:\/\/www.meydan.tv\/az\/article\/kimsesiz-adanin-sahibleri-azerbaycanlilar\/","og_locale":"az_AZ","og_type":"article","og_title":"Kims\u0259siz adan\u0131n sahibl\u0259ri \u2013 az\u0259rbaycanl\u0131lar - MEYDAN.TV","og_description":"\u00d6lk\u0259mizd\u0259 i\u015f yerl\u0259ri azd\u0131r. Olan yerl\u0259rd\u0259 d\u0259 h\u0259r k\u0259si i\u015f\u0259 g\u00f6t\u00fcrm\u00fcrl\u0259r.","og_url":"https:\/\/www.meydan.tv\/az\/article\/kimsesiz-adanin-sahibleri-azerbaycanlilar\/","og_site_name":"MEYDAN.TV","article_published_time":"2018-11-15T23:43:39+00:00","og_image":[{"width":2048,"height":1365,"url":"https:\/\/www.meydan.tv\/wp-content\/uploads\/37636.jpg","type":"image\/jpeg"}],"author":"user-manager","twitter_card":"summary_large_image","schema":{"@context":"https:\/\/schema.org","@graph":[{"@type":"Article","@id":"https:\/\/www.meydan.tv\/az\/article\/kimsesiz-adanin-sahibleri-azerbaycanlilar\/#article","isPartOf":{"@id":"https:\/\/www.meydan.tv\/az\/article\/kimsesiz-adanin-sahibleri-azerbaycanlilar\/"},"author":{"name":"user-manager","@id":"https:\/\/www.meydan.tv\/az\/#\/schema\/person\/10d11eccf6da3662cf5fdab9806ea91a"},"headline":"Kims\u0259siz adan\u0131n sahibl\u0259ri \u2013 az\u0259rbaycanl\u0131lar","datePublished":"2018-11-15T23:43:39+00:00","mainEntityOfPage":{"@id":"https:\/\/www.meydan.tv\/az\/article\/kimsesiz-adanin-sahibleri-azerbaycanlilar\/"},"wordCount":942,"publisher":{"@id":"https:\/\/www.meydan.tv\/az\/#organization"},"image":{"@id":"https:\/\/www.meydan.tv\/az\/article\/kimsesiz-adanin-sahibleri-azerbaycanlilar\/#primaryimage"},"thumbnailUrl":"https:\/\/www.meydan.tv\/wp-content\/uploads\/37636.jpg","articleSection":["M\u0259nim Fikrimc\u0259"],"inLanguage":"az"},{"@type":"WebPage","@id":"https:\/\/www.meydan.tv\/az\/article\/kimsesiz-adanin-sahibleri-azerbaycanlilar\/","url":"https:\/\/www.meydan.tv\/az\/article\/kimsesiz-adanin-sahibleri-azerbaycanlilar\/","name":"Kims\u0259siz adan\u0131n sahibl\u0259ri \u2013 az\u0259rbaycanl\u0131lar - MEYDAN.TV","isPartOf":{"@id":"https:\/\/www.meydan.tv\/az\/#website"},"primaryImageOfPage":{"@id":"https:\/\/www.meydan.tv\/az\/article\/kimsesiz-adanin-sahibleri-azerbaycanlilar\/#primaryimage"},"image":{"@id":"https:\/\/www.meydan.tv\/az\/article\/kimsesiz-adanin-sahibleri-azerbaycanlilar\/#primaryimage"},"thumbnailUrl":"https:\/\/www.meydan.tv\/wp-content\/uploads\/37636.jpg","datePublished":"2018-11-15T23:43:39+00:00","breadcrumb":{"@id":"https:\/\/www.meydan.tv\/az\/article\/kimsesiz-adanin-sahibleri-azerbaycanlilar\/#breadcrumb"},"inLanguage":"az","potentialAction":[{"@type":"ReadAction","target":["https:\/\/www.meydan.tv\/az\/article\/kimsesiz-adanin-sahibleri-azerbaycanlilar\/"]}]},{"@type":"ImageObject","inLanguage":"az","@id":"https:\/\/www.meydan.tv\/az\/article\/kimsesiz-adanin-sahibleri-azerbaycanlilar\/#primaryimage","url":"https:\/\/www.meydan.tv\/wp-content\/uploads\/37636.jpg","contentUrl":"https:\/\/www.meydan.tv\/wp-content\/uploads\/37636.jpg","width":2048,"height":1365,"caption":"Source:"},{"@type":"BreadcrumbList","@id":"https:\/\/www.meydan.tv\/az\/article\/kimsesiz-adanin-sahibleri-azerbaycanlilar\/#breadcrumb","itemListElement":[{"@type":"ListItem","position":1,"name":"Ana s\u0259hif\u0259","item":"https:\/\/www.meydan.tv\/az\/"},{"@type":"ListItem","position":2,"name":"M\u0259nim Fikrimc\u0259","item":"https:\/\/www.meydan.tv\/az\/section\/menim-fikrimce\/"},{"@type":"ListItem","position":3,"name":"Kims\u0259siz adan\u0131n sahibl\u0259ri \u2013 az\u0259rbaycanl\u0131lar"}]},{"@type":"WebSite","@id":"https:\/\/www.meydan.tv\/az\/#website","url":"https:\/\/www.meydan.tv\/az\/","name":"MEYDAN.TV","description":"Meydan TV Az\u0259rbaycan\u0131n media m\u0259kan\u0131ndak\u0131 alternativ s\u0259sidir","publisher":{"@id":"https:\/\/www.meydan.tv\/az\/#organization"},"potentialAction":[{"@type":"SearchAction","target":{"@type":"EntryPoint","urlTemplate":"https:\/\/www.meydan.tv\/az\/?s={search_term_string}"},"query-input":{"@type":"PropertyValueSpecification","valueRequired":true,"valueName":"search_term_string"}}],"inLanguage":"az"},{"@type":"Organization","@id":"https:\/\/www.meydan.tv\/az\/#organization","name":"Meydan TV","url":"https:\/\/www.meydan.tv\/az\/","logo":{"@type":"ImageObject","inLanguage":"az","@id":"https:\/\/www.meydan.tv\/az\/#\/schema\/logo\/image\/","url":"https:\/\/www.meydan.tv\/wp-content\/uploads\/2021\/07\/meydan-logo.svg","contentUrl":"https:\/\/www.meydan.tv\/wp-content\/uploads\/2021\/07\/meydan-logo.svg","width":195,"height":46,"caption":"Meydan TV"},"image":{"@id":"https:\/\/www.meydan.tv\/az\/#\/schema\/logo\/image\/"}},{"@type":"Person","@id":"https:\/\/www.meydan.tv\/az\/#\/schema\/person\/10d11eccf6da3662cf5fdab9806ea91a","name":"user-manager"}]}},"_links":{"self":[{"href":"https:\/\/www.meydan.tv\/az\/wp-json\/wp\/v2\/posts\/192592","targetHints":{"allow":["GET"]}}],"collection":[{"href":"https:\/\/www.meydan.tv\/az\/wp-json\/wp\/v2\/posts"}],"about":[{"href":"https:\/\/www.meydan.tv\/az\/wp-json\/wp\/v2\/types\/post"}],"author":[{"embeddable":true,"href":"https:\/\/www.meydan.tv\/az\/wp-json\/wp\/v2\/users\/11"}],"replies":[{"embeddable":true,"href":"https:\/\/www.meydan.tv\/az\/wp-json\/wp\/v2\/comments?post=192592"}],"version-history":[{"count":0,"href":"https:\/\/www.meydan.tv\/az\/wp-json\/wp\/v2\/posts\/192592\/revisions"}],"wp:featuredmedia":[{"embeddable":true,"href":"https:\/\/www.meydan.tv\/az\/wp-json\/wp\/v2\/media\/95247"}],"wp:attachment":[{"href":"https:\/\/www.meydan.tv\/az\/wp-json\/wp\/v2\/media?parent=192592"}],"wp:term":[{"taxonomy":"category","embeddable":true,"href":"https:\/\/www.meydan.tv\/az\/wp-json\/wp\/v2\/categories?post=192592"},{"taxonomy":"post_tag","embeddable":true,"href":"https:\/\/www.meydan.tv\/az\/wp-json\/wp\/v2\/tags?post=192592"}],"curies":[{"name":"wp","href":"https:\/\/api.w.org\/{rel}","templated":true}]}}