{"id":192590,"date":"2018-11-15T23:35:53","date_gmt":"2018-11-15T23:35:53","guid":{"rendered":"https:\/\/www.meydan.tv\/article\/qelbime-ogey-yasaqlar\/"},"modified":"2018-11-15T23:35:53","modified_gmt":"2018-11-15T23:35:53","slug":"qelbime-ogey-yasaqlar","status":"publish","type":"post","link":"https:\/\/www.meydan.tv\/az\/article\/qelbime-ogey-yasaqlar\/","title":{"rendered":"Q\u0259lbim\u0259 \u00f6gey yasaqlar"},"content":{"rendered":"<figure class=\"wp-block-image size-large\">\n  <img decoding=\"async\" src=\"https:\/\/www.meydan.tv\/az\/ilkin-rustemzade-3\/\" alt=\"\u0130lkin R\u00fcst\u0259mzad\u0259\" class=\"wp-image-106268\"\/><figcaption>\n    \u0130lkin R\u00fcst\u0259mzad\u0259<br \/>\n  <\/figcaption><\/figure>\n<p>\n  (5 ildir zal\u0131m m\u00fcst\u0259bidin zindan\u0131nda \u00e7\u00fcr\u00fcy\u0259n m\u0259sum \u0130lkin R\u00fcst\u0259mzad\u0259y\u0259 ithaf edir\u0259m)\n<\/p>\n<p>\n  Sabir \u00fcr\u0259k a\u011fr\u0131s\u0131 il\u0259 mill\u0259t\u0259 f\u0259lak\u0259t g\u0259tir\u0259n bir milli \u0259n\u0259n\u0259d\u0259n yazm\u0131\u015fd\u0131: z\u0259r v\u0259 g\u00fcc \u0259hli d\u00fc\u015f\u00fcn\u0259n insanlara yasaqlar qoyur. Bu yasaqlar bar\u0259d\u0259 Sabir \u0259sl dahi kimi \u00e7ox sad\u0259 yazm\u0131\u015fd\u0131. Demi\u015fdi ki, \u0259mr edirl\u0259r g\u00f6rm\u0259, yumaram g\u00f6zl\u0259rim, deyirl\u0259r dinm\u0259, ba\u011flaram a\u011fz\u0131m\u0131, deyirl\u0259r e\u015fitm\u0259, qapayaram qulaqlar\u0131m\u0131, amma dey\u0259nd\u0259 ki, qanma&#8230; Sabir deyir ki, bunu he\u00e7 c\u00fcr ed\u0259 bilm\u0259z.\n<\/p>\n<p>\n  \u0130ndi d\u0259 m\u00fcst\u0259qil Az\u0259rbaycanda hakim z\u00fcmr\u0259 d\u00fc\u015f\u00fcnm\u0259k qabiliyy\u0259ti olan k\u0259sl\u0259rd\u0259n s\u0259rt t\u0259rzd\u0259 t\u0259l\u0259b edir ki, g\u00f6rm\u0259sinl\u0259r, yoxsa t\u00f6k\u0259rl\u0259r g\u00f6zl\u0259rini. Mill\u0259td\u0259 m\u00fctl\u0259q azl\u0131qda olan bu bi\u00e7ar\u0259l\u0259r acizan\u0259 deyirl\u0259r ki, xub, yumar\u0131q g\u00f6zl\u0259rimizi. Doymay\u0131b ba\u011f\u0131r\u0131rlar ki, dinm\u0259yin! M\u0259zlum \u0259ql sahibl\u0259ri deyir ki, onsuz da b\u00fct\u00fcn ifad\u0259 vasit\u0259l\u0259rini inhisara alm\u0131s\u0131z, b\u00fct\u00fcn K\u0130V-l\u0259rin ba\u015f\u0131na qoymusuz ifad\u0259 azadl\u0131\u011f\u0131n\u0131n d\u00fc\u015fm\u0259nl\u0259rini, neyn\u0259k, ba\u011flayar\u0131q k\u00f6r\u00fcy\u00fcn a\u011fz\u0131n\u0131. A\u011falar buyurur ki, e\u015fitm\u0259yin! Y\u0259ni bizd\u0259n savay\u0131 he\u00e7 k\u0259si e\u015fitm\u0259yin! Onda da ba\u015f\u0131qapazl\u0131 d\u00fc\u015f\u00fcn\u0259nl\u0259r deyir ki, ba\u015f \u00fcst\u0259! Onsuz da el\u0259 \u00f6z\u00fcm\u00fcz bu d\u00f6vl\u0259td\u0259 he\u00e7 k\u0259si e\u015fitm\u0259k ist\u0259mirik ki, ba\u015f\u0131m\u0131z a\u011fr\u0131mas\u0131n. A\u00e7\u0131r\u0131q milli televiziyan\u0131, \u00fcr\u0259yimiz bulan\u0131r. Z\u00f6vq\u00fc q\u0131cq\u0131rm\u0131\u015f m\u0259xluqat \u0259halinin zombil\u0259\u015fdirilm\u0259si il\u0259 gec\u0259-g\u00fcnd\u00fcz m\u0259\u015f\u011fuldurlar, b\u00f6yl\u0259 biab\u0131r\u00e7\u0131 verili\u015fl\u0259r\u0259 baxmamaq, g\u00f6rm\u0259m\u0259k, e\u015fitm\u0259m\u0259k \u0259sl savabd\u0131r. Hakimiyy\u0259tin dan\u0131\u015fd\u0131\u011f\u0131 yalanlar\u0131 v\u0259 h\u0259rzeyi-h\u0259dyan\u0131 g\u00f6rm\u0259m\u0259k, e\u015fitm\u0259m\u0259k v\u0259 bu bar\u0259d\u0259 susmaq qanan adam \u00fc\u00e7\u00fcn b\u00f6y\u00fck xo\u015fb\u0259xtlikdir.\n<\/p>\n<p>\n  G\u00f6r\u0259nd\u0259 ki, birinci \u00fc\u00e7 t\u0259l\u0259b m\u0259qbuldur, hakimiyy\u0259t buyurur ki, \u0259la! \u0130ndi d\u0259 \u201cqanmay\u0131n\u201d! Qanmay\u0131n ki, mill\u0259tin s\u0259rv\u0259tini talan edirik, torpa\u011f\u0131n\u0131 d\u00fc\u015fm\u0259n\u0259 sat\u0131r\u0131q, g\u0259l\u0259c\u0259yini quylay\u0131r\u0131q, g\u0259nc n\u0259slin t\u0259rbiy\u0259sinin mayas\u0131na haram qat\u0131r\u0131q, mill\u0259ti nadan v\u0259 qorxaq b\u00f6y\u00fcd\u00fcr\u00fck. Qanmay\u0131n!\n<\/p>\n<p>\n  \u201cQanmay\u0131n\u201d t\u0259l\u0259bini e\u015fid\u0259n d\u00fc\u015f\u00fcn\u0259n m\u0259xluq \u0259yilmi\u015f qam\u0259tini dik\u0259ldir, yer\u0259 dikdiyi ba\u015fini qald\u0131r\u0131r v\u0259 hakimiyy\u0259tin \u00fcz\u00fcn\u0259 \u015fax deyir ki, bunu bacarmam!<br \/>\n  <br \/>\n  D\u00fczd\u00fcr, silaha sar\u0131lm\u0131r, k\u00fc\u00e7\u0259y\u0259 n\u00fcmayi\u015f\u0259 \u00e7\u0131xm\u0131r, h\u0259tta hans\u0131sa etiraz m\u0259ktubu imzalam\u0131r, lakin deyir ki, qanaca\u011fam! G\u00f6rm\u0259y\u0259c\u0259y\u0259m, e\u015fitm\u0259y\u0259c\u0259y\u0259m, dinm\u0259y\u0259c\u0259y\u0259m, lakin qanaca\u011fam!\n<\/p>\n<p>\n  Bax, bundan hakimiyy\u0259t m\u00f6hk\u0259m \u0259s\u0259bil\u0259\u015fir v\u0259 qorxur. \u201cSuyun lal axan\u0131, adam\u0131n yer\u0259 baxan\u0131..\u201d\n<\/p>\n<p>\n  Anlay\u0131r ki, qanan olsa, qanan qalsa, g\u00fcnl\u0259rin bir g\u00fcn\u00fc q\u0259z\u0259b salx\u0131mlar\u0131 yeti\u015f\u0259c\u0259k.\n<\/p>\n<p>\n  Tamah v\u0259 s\u0259rv\u0259t g\u00f6zl\u0259rini tutsa da, \u0259traf\u0131nda g\u00f6rd\u00fckl\u0259ri ita\u0259t v\u0259 yaltaql\u0131q onlar\u0131 az\u011f\u0131nla\u015fd\u0131rsa da, aman v\u0259 yard\u0131m dil\u0259y\u0259nl\u0259rin \u00e7oxlu\u011fu onlar\u0131 t\u0259skinl\u0259\u015fdirs\u0259 d\u0259, n\u0259 is\u0259, hans\u0131sa m\u0259chul bir hiss onlara deyir ki, qorxun! Bu e\u015fitm\u0259y\u0259n, g\u00f6rm\u0259y\u0259n v\u0259 susan, lakin qanan azl\u0131qdan qorxun! Onlard\u0131r \u0259vv\u0259l-ax\u0131r m\u00fcst\u0259bidl\u0259rin xan\u0131man\u0131n\u0131 viran\u0259 qoyan, mill\u0259ti \u00fcsyana haylayan, d\u0259lil\u0259r\u0259 yol v\u0259 yel ver\u0259n!\n<\/p>\n<p>\n  Ba\u015fqa yol da var. F\u0259q\u0259t bu yol \u201cmilli\u201d hakmiyy\u0259timiz\u0259 yadd\u0131r. Bu yol \u00e7ox olmasa da, azca m\u0259d\u0259niyy\u0259t v\u0259 m\u0259rif\u0259t t\u0259l\u0259b edir. Hans\u0131 ki, milli m\u0259tb\u0259ximizd\u0259 bi\u015fm\u0259yib, qon\u015fular\u0131m\u0131zdan pay g\u0259lm\u0259yib.\n<\/p>\n<p>\n  Bu yol t\u0259kam\u00fcl\u00fc q\u0259bul etm\u0259k qanaca\u011f\u0131 t\u0259l\u0259b edir. Bu qanacaq is\u0259 \u00f6zl\u0259rini d\u00fcnyada ham\u0131dan a\u011f\u0131ll\u0131 hesab etm\u0259y\u0259 \u00f6yr\u0259\u015fmi\u015f cahil adamlara tam yadd\u0131r. Siyas\u0259td\u0259 t\u0259kam\u00fcl\u00fcn adi h\u0259yat t\u0259cr\u00fcb\u0259sin\u0259 t\u0259rc\u00fcm\u0259si n\u0259dir? \u018fg\u0259r kims\u0259 bir n\u0259f\u0259r v\u0259 ya \u0259halinin bir hiss\u0259si f\u0259rqli d\u00fc\u015f\u00fcn\u00fcrs\u0259, onlar\u0131 susdurmaq deyil, dinl\u0259m\u0259k laz\u0131md\u0131r. Dinl\u0259y\u0259nd\u0259n sonra m\u00fczakir\u0259 a\u00e7maq laz\u0131md\u0131r. M\u00fczakir\u0259 zaman\u0131 qar\u015f\u0131 t\u0259r\u0259fl\u0259rin m\u0259nafe v\u0259 d\u0259lill\u0259rinin m\u00fcmk\u00fcn q\u0259d\u0259r n\u0259z\u0259r\u0259 al\u0131nmas\u0131 yollar\u0131 raz\u0131la\u015fd\u0131r\u0131lmal\u0131d\u0131r.\n<\/p>\n<p>\n  X\u00fclas\u0259, qanacaq v\u0259 m\u0259rif\u0259t&#8230; Hans\u0131lar ki, yoxdur. \u018fv\u0259zind\u0259 polis d\u0259y\u0259n\u0259yi, \u015f\u0259rl\u0259m\u0259 texnologiyas\u0131, m\u0259hk\u0259m\u0259 \u015f\u0259b\u0259d\u0259l\u0259ri, yalan\u00e7\u0131 \u015fahidl\u0259r, vicdans\u0131z hakiml\u0259r, imans\u0131z n\u0259zar\u0259t\u00e7il\u0259r v\u0259 sair\u0259 mill\u0259ti quylayan v\u0259 boyunu yer\u0259 soxan milli eyb\u0259c\u0259rlikl\u0259r var.\n<\/p>\n<p>\n  D\u00fcnya bunu g\u00f6r\u00fcb hakimiyy\u0259timizin sif\u0259tin\u0259 \u00e7\u0131rp\u0131rsa, o saatdaca \u00e7\u00f6r\u0259yi \u015f\u0259r\u0259fsizlikd\u0259n \u00e7\u0131xan birisi ba\u011f\u0131racaq ki, \u201cerm\u0259ni oyunudur\u201d!\n<\/p>\n<p>\n  Ba\u015f\u0131na d\u00f6n\u00fcm, qadan\u0131 al\u0131m, s\u0259n\u0259 quzu k\u0259sim, erm\u0259ni deyir ki, b\u00fcdc\u0259ni tala? Erm\u0259ni deyir ki, Az\u0259rbaycan Konstitusiyas\u0131n\u0131 ayaqla? Erm\u0259ni k\u0259\u015ffiyyat\u0131 sizi \u015fantajla m\u0259cbur etmi\u015fdi ki, \u201cRostexvoorujeniye\u201dy\u0259 3 milyard dollar ke\u00e7irib \u0259v\u0259zind\u0259 silah almayas\u0131n\u0131z, pulu rus o\u011frular\u0131 il\u0259 pay-pu\u015f edib of\u015for \u015firk\u0259tl\u0259r\u0259, oradan da r\u00fc\u015fv\u0259txor avropal\u0131 deputatlara \u00f6t\u00fcr\u0259siniz?\n<\/p>\n<p>\n  \u018fg\u0259r erm\u0259ni k\u0259\u015ffiyyat\u0131 d\u00fc\u015fm\u0259n Az\u0259rbaycan d\u00f6vl\u0259tini bel\u0259c\u0259 i\u015f\u0259rid\u0259n laxlatma\u011fa qadir idis\u0259, b\u0259s n\u0259 \u00fc\u00e7\u00fcn Erm\u0259nistanda \u00f6z d\u00f6\u011fma Serjik Sarkisyan hakimiyy\u0259tinin eyni da\u011f\u0131d\u0131c\u0131 v\u0259 xain h\u0259r\u0259k\u0259tl\u0259rinin qar\u015f\u0131s\u0131n\u0131 vaxt\u0131nda ala bilmirdi? Ala bilmirdi v\u0259 i\u015f \u201cvelvet inqilab\u0131\u201d il\u0259 n\u0259tic\u0259l\u0259ndi, hans\u0131 ki, bir t\u0259r\u0259fd\u0259n d\u00fcnyaya s\u00fcbut etdi ki, erm\u0259ni xalq\u0131 o\u011fru v\u0259 xain hakimiyy\u0259ti dinc yolla devirm\u0259y\u0259 qadirdir, lakin o biri t\u0259r\u0259fd\u0259n g\u00f6st\u0259rdi ki, erm\u0259ni xalq\u0131 o\u011fru v\u0259 xain hakimiyy\u0259tin istibdad\u0131na 20 il dilsiz qul kimi d\u00f6zm\u0259y\u0259 d\u0259 qadirdir.\n<\/p>\n<p>\n  Xub, bu ucuz \u201cerm\u0259ni kart\u0131\u201d d\u0259llall\u0131\u011f\u0131n\u0131 bo\u015flayaq ba\u015fdan m\u0259fra\u011f mill\u0259t\u00e7il\u0259r\u0259, ke\u00e7\u0259k daha ciddi d\u0259lill\u0259r\u0259.\n<\/p>\n<p>\n  Hakimiyy\u0259t bunu anlam\u0131r, lakin Allahdan gizli deyils\u0259, m\u0259xluqdan niy\u0259 gizli qals\u0131n? D\u00f6vl\u0259timiz ciddi b\u00f6hran \u0259r\u0259f\u0259sind\u0259dir. \u0130qtisadiyyat sah\u0259sind\u0259 neftin bahala\u015fmas\u0131 hakimiyy\u0259tin bivecliyinin \u00fcst\u00fcn\u00fc m\u00fcv\u0259qq\u0259ti d\u0259 olsa malalay\u0131rsa, beyn\u0259lxalq m\u00fcnasib\u0259tl\u0259rd\u0259 Az\u0259rbaycan\u0131n i\u015fi f\u0259nad\u0131r. C\u0259nubi Qafqazda \u00fc\u00e7 d\u00f6vl\u0259td\u0259n ikisi naqis d\u0259 olsa, demokratik \u00fcsuli-idar\u0259y\u0259 ke\u00e7ib z\u0259man\u0259 v\u0259 xalq\u0131n ehtiyac\u0131 il\u0259 hesabla\u015fan h\u00f6kum\u0259tl\u0259r qururlar v\u0259 Q\u0259rbin m\u00fcsb\u0259t r\u0259yini qazan\u0131rlar. Az\u0259rbaycan is\u0259 istibdad rejimini \u015fidd\u0259tl\u0259ndirib \u018fr\u0259bistan yar\u0131madas\u0131 \u00fc\u00e7\u00fcn s\u0259ciyy\u0259vi n\u00fcmun\u0259vi m\u00fcrt\u0259ce h\u00f6kum\u0259t qurur v\u0259 bel\u0259 \u00fczl\u0259 Qaraba\u011f m\u0259s\u0259l\u0259sind\u0259 Q\u0259rbd\u0259n iltifat g\u00f6zl\u0259yir.\n<\/p>\n<p>\n  \u018fb\u0259s g\u00f6zl\u0259ntidir! Q\u0131\u015fda soyu\u011fun, yayda istinin g\u0259l\u0259c\u0259yini, s\u00fcr\u00fc\u015fm\u0259 \u0259razisind\u0259 ev tikm\u0259yin qada\u011fan oldu\u011funu bilm\u0259y\u0259n hakimiyy\u0259timiz\u0259 sad\u0259 bir x\u0259b\u0259rdarl\u0131q etm\u0259k ist\u0259rdim: yeritdiyiniz daxili siyas\u0259tl\u0259 Qaraba\u011f m\u0259s\u0259l\u0259sind\u0259 beyn\u0259lxalq h\u00fcquqa g\u00fcv\u0259nm\u0259yin yeri deyil. Bu h\u00fcquq canl\u0131 bir v\u00fccuddur v\u0259 ger\u00e7\u0259kliy\u0259, s\u00fcr\u0259tl\u0259 d\u0259 olmasa, uy\u011funla\u015f\u0131r. \u0130ndi bu beyn\u0259lxalq h\u00fcquqda m\u00fc\u015fahid\u0259 edil\u0259n t\u0259hl\u00fck\u0259li bir meyl is\u0259 deyir ki, v\u0259t\u0259nda\u015flar\u0131n\u0131n h\u00fcquqlar\u0131n\u0131 tan\u0131mayan v\u0259 onlar\u0131 t\u0259min etm\u0259y\u0259n hakimiyy\u0259tl\u0259r \u00f6z v\u0259t\u0259nda\u015flar\u0131n\u0131 qanuni idar\u0259 etm\u0259k s\u0259lahiyy\u0259tini itirirl\u0259r v\u0259 bu zaman \u0259halinin bir hiss\u0259si d\u00f6vl\u0259tin \u0259razi b\u00fct\u00f6vl\u00fcy\u00fc m\u00fcdd\u0259as\u0131na r\u0259\u011fm\u0259n ya\u015fad\u0131\u011f\u0131 \u0259razini d\u0259 g\u00f6t\u00fcr\u00fcb d\u00f6vl\u0259tin t\u0259rkibind\u0259n \u00e7\u0131xmaq h\u00fcququ qazan\u0131r.\n<\/p>\n<p>\n  Avropa t\u0259dric\u0259n bu m\u00fcdd\u0259an\u0131 Kataloniyan\u0131 \u00f6z t\u0259rkibind\u0259 saxlama\u011fa \u00e7al\u0131\u015fan demokratik \u0130spaniyan\u0131n boyuna \u00f6l\u00e7\u00fcr, h\u0259r\u00e7\u0259nd ki, orada s\u00f6hb\u0259t \u00dcmummili Daxili M\u0259hsulun \u00fc\u00e7-d\u00f6rd faizi \u0259traf\u0131nda gedir. Y\u0259ni Kataloniya ispan b\u00fcdc\u0259sin\u0259 17% verib, geri 13% al\u0131r v\u0259 bundan naraz\u0131 qal\u0131b \u0130spaniyadan \u00e7\u0131xma\u011fa \u00e7al\u0131\u015f\u0131r.\n<\/p>\n<p>\n  Bizd\u0259ki kimi hakim z\u00fcmr\u0259 milli g\u0259lirin \u015fir pay\u0131n\u0131 ya\u011fmalayanda, b\u00fct\u00f6v bir mill\u0259ti gec\u0259-g\u00fcnd\u00fcz t\u0259hqir ed\u0259nd\u0259 Q\u0259rb n\u0259 dey\u0259c\u0259r? H\u0259l\u0259lik Az\u0259rbaycana ba\u015f qo\u015fmurlar, g\u00fcnd\u0259md\u0259 Putin Rusiyas\u0131d\u0131r, Suriyad\u0131r, ba\u015fqa x\u0131rda daxili m\u0259s\u0259l\u0259l\u0259r var, lakin unutmayaq ki, n\u00f6vb\u0259 biz\u0259 \u00e7atanda, Q\u0259rb he\u00e7 n\u0259y\u0259 baxmayacaq, \u00f6z\u00fcn\u0259 n\u0259 \u0259l verirs\u0259, onu da qanun elan edib irad\u0259sini m\u0259zlum v\u0259 as\u0131l\u0131 d\u00f6vl\u0259tl\u0259r\u0259 q\u0259bul el\u0259tdir\u0259c\u0259k. Hakimiyy\u0259timizin sayeyi-m\u0259rh\u0259m\u0259tind\u0259n bel\u0259 m\u0259zlum v\u0259 as\u0131l\u0131 d\u00f6vl\u0259tl\u0259rin birincil\u0259rind\u0259n birisi Az\u0259rbaycand\u0131r. Y\u00fcz il bundan \u0259qd\u0259m nec\u0259 xarici q\u00fcvv\u0259l\u0259rin irad\u0259sind\u0259n as\u0131l\u0131 idiks\u0259, el\u0259 indi d\u0259 t\u0259xmin\u0259n eyni v\u0259ziyy\u0259td\u0259yik. Sad\u0259c\u0259 bunu anlamaq \u00fc\u00e7\u00fcn anlaql\u0131 olmaq kifay\u0259tdir.\n<\/p>\n<p>\n  B\u0259dbin diaqnozu verdim. N\u0259 etm\u0259li sual\u0131n\u0131n cavab\u0131n\u0131 da verim.\n<\/p>\n<p>\n  Sual\u0131m\u0131n cavab\u0131 hans\u0131sa anlaqs\u0131z adama q\u0259rib\u0259 g\u0259l\u0259 bil\u0259r, zira m\u0259n hakimiyy\u0259t k\u00fcrs\u00fcl\u0259rind\u0259 gen-bol \u0259yl\u0259\u015fmi\u015f xeyli sayda siyasi k\u0259rk\u0259dan\u0131n i\u015fd\u0259n d\u0259rhal qovulmas\u0131n\u0131 t\u0259klif etmir\u0259m. Halal xo\u015flar\u0131 olsun, qoy hakimiyy\u0259t v\u0259 b\u00fcdc\u0259 \u00e7\u0259m\u0259nind\u0259 doyunca otlas\u0131nlar.\n<\/p>\n<p>\n  M\u0259nim t\u0259klifim m\u0259hdud miqyasl\u0131, lakin \u00e7ox t\u0259sirlidir. Hakimiyy\u0259t durmadan \u00fcz\u00fca\u015fa\u011f\u0131 siyasi s\u00fcr\u00fc\u015fm\u0259nin qar\u015f\u0131s\u0131n\u0131 almaq \u00fc\u00e7\u00fcn birc\u0259 inzibati q\u0259rar \u00e7\u0131xarmal\u0131d\u0131r: \u0130lkin R\u00fcst\u0259mzad\u0259, Tale Ba\u011f\u0131rzad\u0259 v\u0259 dig\u0259r siyasi m\u0259hbus elan edilmi\u015f \u0259sirl\u0259ri azad etm\u0259lidir.\n<\/p>\n<p>\n  M\u0259n dey\u0259ni ets\u0259l\u0259r, qara q\u0259pik x\u0259rcl\u0259m\u0259d\u0259n n\u0259h\u0259ng siyasi m\u0259nf\u0259\u0259t qazanacaqlar. Yen\u0259 deyir\u0259m, bu sad\u0259 m\u0259ntiqi anlaqs\u0131z insanlar he\u00e7 c\u00fcr qavraya bilm\u0259zl\u0259r, nec\u0259 ki, partokratlar 1980-c\u0131 ill\u0259rin sonunda, s\u00fcqut \u0259r\u0259f\u0259sind\u0259, \u0259n sad\u0259 iqtisadi-siyasi islahatlar\u0131n qa\u00e7\u0131lmazl\u0131\u011f\u0131n\u0131 d\u0259rk etmirdil\u0259r. D\u0259rk etmirdil\u0259r, etm\u0259dil\u0259r v\u0259 tarixin zibilliyin\u0259 at\u0131ld\u0131lar.\n<\/p>\n<p>\n  T\u0259\u011fyiri-libas edib hakimiyy\u0259t\u0259 qay\u0131td\u0131lar v\u0259 k\u00f6hn\u0259 ad\u0259tl\u0259rind\u0259m iki\u0259lli yen\u0259 yap\u0131\u015fd\u0131lar. V\u0259 Tarixin h\u00f6km\u00fc yen\u0259 i\u015f\u0259 d\u00fc\u015fd\u00fc v\u0259 onlar\u0131 qa\u00e7\u0131lmaz se\u00e7im qar\u015f\u0131s\u0131nda qoydu.\n<\/p>\n<p>\n  Bunu anlasalar da, anlamasalar da, bu se\u00e7im m\u00f6vcuddur. \u00dcz\u00fcm\u00fc bu dilbilm\u0259zl\u0259r\u0259 tutub deyir\u0259m: siyasi m\u0259hbuslara \u0259fve-\u00fcmumi t\u0259klifimi s\u0131nay\u0131n v\u0259 n\u0259tic\u0259sin\u0259 bax\u0131n.\n<\/p>\n<p>\n  M\u00f6c\u00fcz\u0259 ba\u015f ver\u0259c\u0259k: \u00fcz\u00fca\u015fa\u011f\u0131 s\u00fcr\u00fc\u015fm\u0259 dayanacaq.\n<\/p>\n<p>\n  <b><br \/>\n    <i><br \/>\n      Yaz\u0131 m\u00fc\u0259llifin fikirl\u0259rini \u0259ks etdirir v\u0259 Meydan TV-nin m\u00f6vqeyi il\u0259 \u00fcst-\u00fcst\u0259 d\u00fc\u015fm\u0259y\u0259 bil\u0259r.<br \/>\n    <\/i><br \/>\n  <\/b><\/p>\n","protected":false},"excerpt":{"rendered":"<p>(5 ildir zal\u0131m m\u00fcst\u0259bidin zindan\u0131nda \u00e7\u00fcr\u00fcy\u0259n m\u0259sum \u0130lkin R\u00fcst\u0259mzad\u0259y\u0259 ithaf edir\u0259m)<\/p>\n","protected":false},"author":11,"featured_media":106268,"comment_status":"closed","ping_status":"open","sticky":false,"template":"","format":"standard","meta":{"_acf_changed":false,"_sitemap_exclude":false,"_sitemap_priority":"","_sitemap_frequency":"","footnotes":""},"categories":[57],"tags":[],"class_list":["post-192590","post","type-post","status-publish","format-standard","has-post-thumbnail","hentry","category-menim-fikrimce","infinite-scroll-item","generate-columns","tablet-grid-50","mobile-grid-100","grid-parent","grid-33","no-featured-image-padding"],"acf":[],"yoast_head":"<!-- This site is optimized with the Yoast SEO plugin v27.4 - https:\/\/yoast.com\/product\/yoast-seo-wordpress\/ -->\n<title>Q\u0259lbim\u0259 \u00f6gey yasaqlar - MEYDAN.TV<\/title>\n<meta name=\"robots\" content=\"index, follow, max-snippet:-1, max-image-preview:large, max-video-preview:-1\" \/>\n<link rel=\"canonical\" href=\"https:\/\/www.meydan.tv\/az\/article\/qelbime-ogey-yasaqlar\/\" \/>\n<meta property=\"og:locale\" content=\"az_AZ\" \/>\n<meta property=\"og:type\" content=\"article\" \/>\n<meta property=\"og:title\" content=\"Q\u0259lbim\u0259 \u00f6gey yasaqlar - MEYDAN.TV\" \/>\n<meta property=\"og:description\" content=\"(5 ildir zal\u0131m m\u00fcst\u0259bidin zindan\u0131nda \u00e7\u00fcr\u00fcy\u0259n m\u0259sum \u0130lkin R\u00fcst\u0259mzad\u0259y\u0259 ithaf edir\u0259m)\" \/>\n<meta property=\"og:url\" content=\"https:\/\/www.meydan.tv\/az\/article\/qelbime-ogey-yasaqlar\/\" \/>\n<meta property=\"og:site_name\" content=\"MEYDAN.TV\" \/>\n<meta property=\"article:published_time\" content=\"2018-11-15T23:35:53+00:00\" \/>\n<meta property=\"og:image\" content=\"https:\/\/www.meydan.tv\/wp-content\/uploads\/34065.jpg\" \/>\n\t<meta property=\"og:image:width\" content=\"1600\" \/>\n\t<meta property=\"og:image:height\" content=\"1200\" \/>\n\t<meta property=\"og:image:type\" content=\"image\/jpeg\" \/>\n<meta name=\"author\" content=\"user-manager\" \/>\n<meta name=\"twitter:card\" content=\"summary_large_image\" \/>\n<script type=\"application\/ld+json\" class=\"yoast-schema-graph\">{\"@context\":\"https:\\\/\\\/schema.org\",\"@graph\":[{\"@type\":\"Article\",\"@id\":\"https:\\\/\\\/www.meydan.tv\\\/az\\\/article\\\/qelbime-ogey-yasaqlar\\\/#article\",\"isPartOf\":{\"@id\":\"https:\\\/\\\/www.meydan.tv\\\/az\\\/article\\\/qelbime-ogey-yasaqlar\\\/\"},\"author\":{\"name\":\"user-manager\",\"@id\":\"https:\\\/\\\/www.meydan.tv\\\/az\\\/#\\\/schema\\\/person\\\/10d11eccf6da3662cf5fdab9806ea91a\"},\"headline\":\"Q\u0259lbim\u0259 \u00f6gey yasaqlar\",\"datePublished\":\"2018-11-15T23:35:53+00:00\",\"mainEntityOfPage\":{\"@id\":\"https:\\\/\\\/www.meydan.tv\\\/az\\\/article\\\/qelbime-ogey-yasaqlar\\\/\"},\"wordCount\":1994,\"publisher\":{\"@id\":\"https:\\\/\\\/www.meydan.tv\\\/az\\\/#organization\"},\"image\":{\"@id\":\"https:\\\/\\\/www.meydan.tv\\\/az\\\/article\\\/qelbime-ogey-yasaqlar\\\/#primaryimage\"},\"thumbnailUrl\":\"https:\\\/\\\/www.meydan.tv\\\/wp-content\\\/uploads\\\/34065.jpg\",\"articleSection\":[\"M\u0259nim Fikrimc\u0259\"],\"inLanguage\":\"az\"},{\"@type\":\"WebPage\",\"@id\":\"https:\\\/\\\/www.meydan.tv\\\/az\\\/article\\\/qelbime-ogey-yasaqlar\\\/\",\"url\":\"https:\\\/\\\/www.meydan.tv\\\/az\\\/article\\\/qelbime-ogey-yasaqlar\\\/\",\"name\":\"Q\u0259lbim\u0259 \u00f6gey yasaqlar - MEYDAN.TV\",\"isPartOf\":{\"@id\":\"https:\\\/\\\/www.meydan.tv\\\/az\\\/#website\"},\"primaryImageOfPage\":{\"@id\":\"https:\\\/\\\/www.meydan.tv\\\/az\\\/article\\\/qelbime-ogey-yasaqlar\\\/#primaryimage\"},\"image\":{\"@id\":\"https:\\\/\\\/www.meydan.tv\\\/az\\\/article\\\/qelbime-ogey-yasaqlar\\\/#primaryimage\"},\"thumbnailUrl\":\"https:\\\/\\\/www.meydan.tv\\\/wp-content\\\/uploads\\\/34065.jpg\",\"datePublished\":\"2018-11-15T23:35:53+00:00\",\"breadcrumb\":{\"@id\":\"https:\\\/\\\/www.meydan.tv\\\/az\\\/article\\\/qelbime-ogey-yasaqlar\\\/#breadcrumb\"},\"inLanguage\":\"az\",\"potentialAction\":[{\"@type\":\"ReadAction\",\"target\":[\"https:\\\/\\\/www.meydan.tv\\\/az\\\/article\\\/qelbime-ogey-yasaqlar\\\/\"]}]},{\"@type\":\"ImageObject\",\"inLanguage\":\"az\",\"@id\":\"https:\\\/\\\/www.meydan.tv\\\/az\\\/article\\\/qelbime-ogey-yasaqlar\\\/#primaryimage\",\"url\":\"https:\\\/\\\/www.meydan.tv\\\/wp-content\\\/uploads\\\/34065.jpg\",\"contentUrl\":\"https:\\\/\\\/www.meydan.tv\\\/wp-content\\\/uploads\\\/34065.jpg\",\"width\":1600,\"height\":1200,\"caption\":\"Source:\"},{\"@type\":\"BreadcrumbList\",\"@id\":\"https:\\\/\\\/www.meydan.tv\\\/az\\\/article\\\/qelbime-ogey-yasaqlar\\\/#breadcrumb\",\"itemListElement\":[{\"@type\":\"ListItem\",\"position\":1,\"name\":\"Ana s\u0259hif\u0259\",\"item\":\"https:\\\/\\\/www.meydan.tv\\\/az\\\/\"},{\"@type\":\"ListItem\",\"position\":2,\"name\":\"M\u0259nim Fikrimc\u0259\",\"item\":\"https:\\\/\\\/www.meydan.tv\\\/az\\\/section\\\/menim-fikrimce\\\/\"},{\"@type\":\"ListItem\",\"position\":3,\"name\":\"Q\u0259lbim\u0259 \u00f6gey yasaqlar\"}]},{\"@type\":\"WebSite\",\"@id\":\"https:\\\/\\\/www.meydan.tv\\\/az\\\/#website\",\"url\":\"https:\\\/\\\/www.meydan.tv\\\/az\\\/\",\"name\":\"MEYDAN.TV\",\"description\":\"Meydan TV Az\u0259rbaycan\u0131n media m\u0259kan\u0131ndak\u0131 alternativ s\u0259sidir\",\"publisher\":{\"@id\":\"https:\\\/\\\/www.meydan.tv\\\/az\\\/#organization\"},\"potentialAction\":[{\"@type\":\"SearchAction\",\"target\":{\"@type\":\"EntryPoint\",\"urlTemplate\":\"https:\\\/\\\/www.meydan.tv\\\/az\\\/?s={search_term_string}\"},\"query-input\":{\"@type\":\"PropertyValueSpecification\",\"valueRequired\":true,\"valueName\":\"search_term_string\"}}],\"inLanguage\":\"az\"},{\"@type\":\"Organization\",\"@id\":\"https:\\\/\\\/www.meydan.tv\\\/az\\\/#organization\",\"name\":\"Meydan TV\",\"url\":\"https:\\\/\\\/www.meydan.tv\\\/az\\\/\",\"logo\":{\"@type\":\"ImageObject\",\"inLanguage\":\"az\",\"@id\":\"https:\\\/\\\/www.meydan.tv\\\/az\\\/#\\\/schema\\\/logo\\\/image\\\/\",\"url\":\"https:\\\/\\\/www.meydan.tv\\\/wp-content\\\/uploads\\\/2021\\\/07\\\/meydan-logo.svg\",\"contentUrl\":\"https:\\\/\\\/www.meydan.tv\\\/wp-content\\\/uploads\\\/2021\\\/07\\\/meydan-logo.svg\",\"width\":195,\"height\":46,\"caption\":\"Meydan TV\"},\"image\":{\"@id\":\"https:\\\/\\\/www.meydan.tv\\\/az\\\/#\\\/schema\\\/logo\\\/image\\\/\"}},{\"@type\":\"Person\",\"@id\":\"https:\\\/\\\/www.meydan.tv\\\/az\\\/#\\\/schema\\\/person\\\/10d11eccf6da3662cf5fdab9806ea91a\",\"name\":\"user-manager\"}]}<\/script>\n<!-- \/ Yoast SEO plugin. -->","yoast_head_json":{"title":"Q\u0259lbim\u0259 \u00f6gey yasaqlar - MEYDAN.TV","robots":{"index":"index","follow":"follow","max-snippet":"max-snippet:-1","max-image-preview":"max-image-preview:large","max-video-preview":"max-video-preview:-1"},"canonical":"https:\/\/www.meydan.tv\/az\/article\/qelbime-ogey-yasaqlar\/","og_locale":"az_AZ","og_type":"article","og_title":"Q\u0259lbim\u0259 \u00f6gey yasaqlar - MEYDAN.TV","og_description":"(5 ildir zal\u0131m m\u00fcst\u0259bidin zindan\u0131nda \u00e7\u00fcr\u00fcy\u0259n m\u0259sum \u0130lkin R\u00fcst\u0259mzad\u0259y\u0259 ithaf edir\u0259m)","og_url":"https:\/\/www.meydan.tv\/az\/article\/qelbime-ogey-yasaqlar\/","og_site_name":"MEYDAN.TV","article_published_time":"2018-11-15T23:35:53+00:00","og_image":[{"width":1600,"height":1200,"url":"https:\/\/www.meydan.tv\/wp-content\/uploads\/34065.jpg","type":"image\/jpeg"}],"author":"user-manager","twitter_card":"summary_large_image","schema":{"@context":"https:\/\/schema.org","@graph":[{"@type":"Article","@id":"https:\/\/www.meydan.tv\/az\/article\/qelbime-ogey-yasaqlar\/#article","isPartOf":{"@id":"https:\/\/www.meydan.tv\/az\/article\/qelbime-ogey-yasaqlar\/"},"author":{"name":"user-manager","@id":"https:\/\/www.meydan.tv\/az\/#\/schema\/person\/10d11eccf6da3662cf5fdab9806ea91a"},"headline":"Q\u0259lbim\u0259 \u00f6gey yasaqlar","datePublished":"2018-11-15T23:35:53+00:00","mainEntityOfPage":{"@id":"https:\/\/www.meydan.tv\/az\/article\/qelbime-ogey-yasaqlar\/"},"wordCount":1994,"publisher":{"@id":"https:\/\/www.meydan.tv\/az\/#organization"},"image":{"@id":"https:\/\/www.meydan.tv\/az\/article\/qelbime-ogey-yasaqlar\/#primaryimage"},"thumbnailUrl":"https:\/\/www.meydan.tv\/wp-content\/uploads\/34065.jpg","articleSection":["M\u0259nim Fikrimc\u0259"],"inLanguage":"az"},{"@type":"WebPage","@id":"https:\/\/www.meydan.tv\/az\/article\/qelbime-ogey-yasaqlar\/","url":"https:\/\/www.meydan.tv\/az\/article\/qelbime-ogey-yasaqlar\/","name":"Q\u0259lbim\u0259 \u00f6gey yasaqlar - MEYDAN.TV","isPartOf":{"@id":"https:\/\/www.meydan.tv\/az\/#website"},"primaryImageOfPage":{"@id":"https:\/\/www.meydan.tv\/az\/article\/qelbime-ogey-yasaqlar\/#primaryimage"},"image":{"@id":"https:\/\/www.meydan.tv\/az\/article\/qelbime-ogey-yasaqlar\/#primaryimage"},"thumbnailUrl":"https:\/\/www.meydan.tv\/wp-content\/uploads\/34065.jpg","datePublished":"2018-11-15T23:35:53+00:00","breadcrumb":{"@id":"https:\/\/www.meydan.tv\/az\/article\/qelbime-ogey-yasaqlar\/#breadcrumb"},"inLanguage":"az","potentialAction":[{"@type":"ReadAction","target":["https:\/\/www.meydan.tv\/az\/article\/qelbime-ogey-yasaqlar\/"]}]},{"@type":"ImageObject","inLanguage":"az","@id":"https:\/\/www.meydan.tv\/az\/article\/qelbime-ogey-yasaqlar\/#primaryimage","url":"https:\/\/www.meydan.tv\/wp-content\/uploads\/34065.jpg","contentUrl":"https:\/\/www.meydan.tv\/wp-content\/uploads\/34065.jpg","width":1600,"height":1200,"caption":"Source:"},{"@type":"BreadcrumbList","@id":"https:\/\/www.meydan.tv\/az\/article\/qelbime-ogey-yasaqlar\/#breadcrumb","itemListElement":[{"@type":"ListItem","position":1,"name":"Ana s\u0259hif\u0259","item":"https:\/\/www.meydan.tv\/az\/"},{"@type":"ListItem","position":2,"name":"M\u0259nim Fikrimc\u0259","item":"https:\/\/www.meydan.tv\/az\/section\/menim-fikrimce\/"},{"@type":"ListItem","position":3,"name":"Q\u0259lbim\u0259 \u00f6gey yasaqlar"}]},{"@type":"WebSite","@id":"https:\/\/www.meydan.tv\/az\/#website","url":"https:\/\/www.meydan.tv\/az\/","name":"MEYDAN.TV","description":"Meydan TV Az\u0259rbaycan\u0131n media m\u0259kan\u0131ndak\u0131 alternativ s\u0259sidir","publisher":{"@id":"https:\/\/www.meydan.tv\/az\/#organization"},"potentialAction":[{"@type":"SearchAction","target":{"@type":"EntryPoint","urlTemplate":"https:\/\/www.meydan.tv\/az\/?s={search_term_string}"},"query-input":{"@type":"PropertyValueSpecification","valueRequired":true,"valueName":"search_term_string"}}],"inLanguage":"az"},{"@type":"Organization","@id":"https:\/\/www.meydan.tv\/az\/#organization","name":"Meydan TV","url":"https:\/\/www.meydan.tv\/az\/","logo":{"@type":"ImageObject","inLanguage":"az","@id":"https:\/\/www.meydan.tv\/az\/#\/schema\/logo\/image\/","url":"https:\/\/www.meydan.tv\/wp-content\/uploads\/2021\/07\/meydan-logo.svg","contentUrl":"https:\/\/www.meydan.tv\/wp-content\/uploads\/2021\/07\/meydan-logo.svg","width":195,"height":46,"caption":"Meydan TV"},"image":{"@id":"https:\/\/www.meydan.tv\/az\/#\/schema\/logo\/image\/"}},{"@type":"Person","@id":"https:\/\/www.meydan.tv\/az\/#\/schema\/person\/10d11eccf6da3662cf5fdab9806ea91a","name":"user-manager"}]}},"_links":{"self":[{"href":"https:\/\/www.meydan.tv\/az\/wp-json\/wp\/v2\/posts\/192590","targetHints":{"allow":["GET"]}}],"collection":[{"href":"https:\/\/www.meydan.tv\/az\/wp-json\/wp\/v2\/posts"}],"about":[{"href":"https:\/\/www.meydan.tv\/az\/wp-json\/wp\/v2\/types\/post"}],"author":[{"embeddable":true,"href":"https:\/\/www.meydan.tv\/az\/wp-json\/wp\/v2\/users\/11"}],"replies":[{"embeddable":true,"href":"https:\/\/www.meydan.tv\/az\/wp-json\/wp\/v2\/comments?post=192590"}],"version-history":[{"count":0,"href":"https:\/\/www.meydan.tv\/az\/wp-json\/wp\/v2\/posts\/192590\/revisions"}],"wp:featuredmedia":[{"embeddable":true,"href":"https:\/\/www.meydan.tv\/az\/wp-json\/wp\/v2\/media\/106268"}],"wp:attachment":[{"href":"https:\/\/www.meydan.tv\/az\/wp-json\/wp\/v2\/media?parent=192590"}],"wp:term":[{"taxonomy":"category","embeddable":true,"href":"https:\/\/www.meydan.tv\/az\/wp-json\/wp\/v2\/categories?post=192590"},{"taxonomy":"post_tag","embeddable":true,"href":"https:\/\/www.meydan.tv\/az\/wp-json\/wp\/v2\/tags?post=192590"}],"curies":[{"name":"wp","href":"https:\/\/api.w.org\/{rel}","templated":true}]}}