{"id":192531,"date":"2018-11-13T18:09:21","date_gmt":"2018-11-13T18:09:21","guid":{"rendered":"https:\/\/www.meydan.tv\/article\/azerbaycanla-norvec-arasinda-ne-bas-verir\/"},"modified":"2018-11-13T18:09:21","modified_gmt":"2018-11-13T18:09:21","slug":"azerbaycanla-norvec-arasinda-ne-bas-verir","status":"publish","type":"post","link":"https:\/\/www.meydan.tv\/az\/article\/azerbaycanla-norvec-arasinda-ne-bas-verir\/","title":{"rendered":"Az\u0259rbaycanla Norve\u00e7 aras\u0131nda n\u0259 ba\u015f verir?"},"content":{"rendered":"<figure class=\"wp-block-image size-large\">\n  <img decoding=\"async\" src=\"https:\/\/www.meydan.tv\/az\/112248\/\" alt=\"\" class=\"wp-image-112248\"\/><figcaption><\/figcaption><\/figure>\n<p>\n  <i><br \/>\n    Siyasi xadiml\u0259r hadis\u0259l\u0259ri Az\u0259rbaycan\u0131n imicin\u0259 z\u0259rb\u0259 kimi qiym\u0259tl\u0259ndirirl\u0259r<br \/>\n  <\/i>\n<\/p>\n<p>\n  Norve\u00e7 h\u00f6kum\u0259ti Az\u0259rbaycanda s\u0259firliyinin ba\u011flanmas\u0131 haqq\u0131nda q\u0259rar ver\u0259r\u0259k, ictimaiyy\u0259t aras\u0131nda sual yarada bil\u0259c\u0259k add\u0131m atd\u0131.\n<\/p>\n<p>\n  <b><br \/>\n    <i><br \/>\n      Hadis\u0259l\u0259rin xronologiyas\u0131:<br \/>\n    <\/i><br \/>\n  <\/b>\n<\/p>\n<p>\n  <a href=\"http:\/\/0s.o53xo.ojswo2tfojuw4z3fnyxg43y.nblz.ru\/en\/aktuelt\/pm_embassy\/id2618569\/\"><br \/>\n    Noyabr\u0131n 9-da<br \/>\n  <\/a><br \/>\n  Norve\u00e7 h\u00f6kum\u0259ti G\u00fcrc\u00fcstanda s\u0259firlik a\u00e7mas\u0131 il\u0259 ba\u011fl\u0131 q\u0259rar\u0131n\u0131 a\u00e7\u0131qlad\u0131. Eyni zamanda Az\u0259rbaycandak\u0131 s\u0259firliyin ba\u011flanmas\u0131 elan edildi. Bundan sonra Norve\u00e7 Az\u0259rbaycanda f\u0259xri konsulluq s\u0259viyy\u0259sind\u0259 t\u0259msil olunacaq. Az\u0259rbaycanla ba\u011fl\u0131 diplomatik v\u0259 konsulluq i\u015fl\u0259ri is\u0259 \u00f6lk\u0259nin Ankaradak\u0131 s\u0259firliyi vasit\u0259sil\u0259 apar\u0131lacaq.\n<\/p>\n<figure class=\"wp-block-image size-large\">\n  <img decoding=\"async\" src=\"https:\/\/www.meydan.tv\/az\/eriksen-soreyde-2\/\" alt=\"Eriksen Soreyde\" class=\"wp-image-112251\"\/><figcaption>\n    Eriksen Soreyde<br \/>\n  <\/figcaption><\/figure>\n<p>\n  Norve\u00e7in xarici i\u015fl\u0259r naziri, xan\u0131m Eriksen Soreyde bildirib ki, G\u00fcrc\u00fcstan C\u0259nubi Qafqazda Norve\u00e7in \u0259sas t\u0259r\u0259fda\u015f\u0131d\u0131r v\u0259 bu \u00f6lk\u0259d\u0259 h\u0259yata ke\u00e7iril\u0259n islahatlar onu &#8221;Avropa qurumlar\u0131 v\u0259 Avroatlantik qurumlarla yax\u0131nla\u015fd\u0131r\u0131b&#8221;.\n<\/p>\n<p>\n  \u0130lkin olaraq Az\u0259rbaycan t\u0259r\u0259fi X\u0130N m\u0259tbuat xidm\u0259tinin r\u0259hb\u0259ri v\u0259zif\u0259sini icra ed\u0259n Leyla Abdullayevn\u0131n simas\u0131nda bu q\u0259rara sakit reaksiya vers\u0259 d\u0259, sonradan Az\u0259rbaycan Prezidenti Administrasiyas\u0131n\u0131n Xarici siyas\u0259t m\u0259s\u0259l\u0259l\u0259ri \u015f\u00f6b\u0259sinin m\u00fcdir v\u0259zifl\u0259rini icra ed\u0259n Hikm\u0259t Hac\u0131yev daha k\u0259skin b\u0259yanat verdi.\n<\/p>\n<figure class=\"wp-block-image size-large\">\n  <img decoding=\"async\" src=\"https:\/\/www.meydan.tv\/az\/leyla-abdullayeva\/\" alt=\"Leyla Abdullayeva\" class=\"wp-image-112185\"\/><figcaption>\n    Leyla Abdullayeva<br \/>\n  <\/figcaption><\/figure>\n<p>\n  Bel\u0259 ki,<br \/>\n  <a href=\"\/az\/site\/news\/31349\/\"><br \/>\n    Leyla Abdullayeva<br \/>\n  <\/a><br \/>\n  bildirmi\u015fdi ki, \u201cq\u0259rar t\u0259\u0259ss\u00fcf do\u011furur, lakin, bu, Norve\u00e7 h\u00f6kum\u0259tinin q\u0259rar\u0131d\u0131r v\u0259 Az\u0259rbaycan Norve\u00e7l\u0259 h\u0259rt\u0259r\u0259fli xo\u015f m\u00fcnasib\u0259tl\u0259r\u0259 malikdir\u201d.\n<\/p>\n<p>\n  H.Hac\u0131yev is\u0259 \u00f6z n\u00f6vb\u0259sind\u0259 b\u0259yan etdi ki, \u201cbu, s\u0131radan olan adi bir hald\u0131r v\u0259 bizd\u0259 h\u0259r hans\u0131 t\u0259\u0259ss\u00fcf do\u011furmur\u201d.\n<\/p>\n<figure class=\"wp-block-image size-large\">\n  <img decoding=\"async\" src=\"https:\/\/www.meydan.tv\/az\/hikmet-haciyev\/\" alt=\"Hikm\u0259t Hac\u0131yev\" class=\"wp-image-48463\"\/><figcaption>\n    Hikm\u0259t Hac\u0131yev<br \/>\n  <\/figcaption><\/figure>\n<p>\n  H.Hac\u0131yev h\u0259m\u00e7inin Norve\u00e7in bir zamanlar Az\u0259rbaycanda s\u0259firi olan<br \/>\n  <a href=\"\/az\/site\/news\/31356\/\"><br \/>\n    Stenar Gil<br \/>\n  <\/a><br \/>\n  i d\u0259 xat\u0131rlayaraq, onun vaxtil\u0259 diplomatik etikan\u0131 pozdu\u011funu v\u0259 Az\u0259rbaycan\u0131n daxili i\u015fl\u0259rin\u0259 qar\u0131\u015fd\u0131\u011f\u0131n\u0131 b\u0259yan edib.\n<\/p>\n<p>\n  S.Gil zaman-zaman Az\u0259rbaycan r\u0259smil\u0259ri, hakimiyy\u0259ty\u00f6n\u00fcml\u00fc \u015f\u0259xsl\u0259r t\u0259r\u0259find\u0259n insan h\u00fcquqlar\u0131n\u0131n m\u00fcdafi\u0259si bax\u0131m\u0131ndan atd\u0131\u011f\u0131 add\u0131mlara g\u00f6r\u0259 t\u0259nqid edilib. Bu ittihamlara cavab olaraq S.Gil 2011-ci il may\u0131n 17-d\u0259 \u201cTuran\u201d agentliyin\u0259 m\u00fcsahib\u0259sind\u0259 Az\u0259rbaycandak\u0131 f\u0259aliyy\u0259ti d\u00f6vr\u00fcnd\u0259 he\u00e7 bir diplomatik etikan\u0131 pozmad\u0131\u011f\u0131n\u0131 v\u0259 insan haqlar\u0131 m\u0259s\u0259l\u0259sinin \u00f6lk\u0259nin daxili i\u015fl\u0259ri olmad\u0131\u011f\u0131n\u0131 b\u0259yan edib.\n<\/p>\n<figure class=\"wp-block-image size-large\">\n  <img decoding=\"async\" src=\"https:\/\/www.meydan.tv\/az\/steynar-gil\/\" alt=\"Steynar Gil\" class=\"wp-image-112254\"\/><figcaption>\n    Steynar Gil<br \/>\n  <\/figcaption><\/figure>\n<p>\n  \u201cG\u00f6zl\u0259rini yumub, ba\u015f ver\u0259nl\u0259ri g\u00f6rm\u0259m\u0259zliy\u0259 vurmaq olard\u0131. Amma bundan sonra bu xatir\u0259l\u0259rl\u0259 nec\u0259 ya\u015faya bil\u0259rdim?\u201d,<br \/>\n  <a href=\"http:\/\/www.turan.az\/ext\/news\/2018\/11\/free\/Interview\/ru\/76598.htm\"><br \/>\n    S.Gil<br \/>\n  <\/a><br \/>\n  deyib.\n<\/p>\n<p>\n  <a href=\"\/az\/site\/politics\/31354\/\"><br \/>\n    \u201cTuran\u201d<br \/>\n  <\/a><br \/>\n  agentliyinin Norve\u00e7in q\u0259rar\u0131 il\u0259 ba\u011fl\u0131 t\u0259hlil yaz\u0131s\u0131nda is\u0259 bildirilir ki, norve\u00e7lil\u0259rin az\u0259rbaycanl\u0131larla Avropa norma v\u0259 d\u0259y\u0259rl\u0259ri sistemind\u0259 energetika, m\u0259d\u0259niyy\u0259t, ictimai v\u0259 t\u0259hsil layih\u0259l\u0259ri vasit\u0259sil\u0259 m\u00fcnasib\u0259tl\u0259r qurmaq c\u0259hdl\u0259ri he\u00e7 bir n\u0259tic\u0259 verm\u0259yib v\u0259 dem\u0259k olar ki, haz\u0131rk\u0131 q\u0259rar G\u00fcrc\u00fcstan, Erm\u0259nistan v\u0259 Az\u0259rbaycan\u0131n siyasi vektorlar\u0131n\u0131n uy\u011funsuz \u015f\u0259kild\u0259 inki\u015faf\u0131 kontekstind\u0259 ill\u0259r \u0259rzind\u0259 forma\u015fal\u0131b.\n<\/p>\n<p>\n  Az\u0259rbaycanla m\u00fcnasib\u0259tl\u0259r\u0259 g\u00f6r\u0259 G\u00fcrc\u00fcstan deyil, Ankara s\u0259firliyinin cavabdeh olaca\u011f\u0131 fakt\u0131 da buna d\u0259lal\u0259t edir. Praktiki olaraq, Norve\u00e7in Tbilisid\u0259ki missiyas\u0131 Az\u0259rbaycan hakimiyy\u0259ti il\u0259 \u0259laq\u0259 saxlamayacaq. Bu missiyan\u0131 qism\u0259n f\u0259xri ba\u015f konsul, b\u0259lk\u0259 d\u0259 Az\u0259rbaycanda Equinor-un \u015f\u0259xsind\u0259, \u00f6z \u00fcz\u0259rin\u0259 g\u00f6t\u00fcr\u0259c\u0259k\u201d, t\u0259hlild\u0259 deyilir.\n<\/p>\n<p>\n  M\u0259s\u0259l\u0259y\u0259 Az\u0259rbaycan t\u0259r\u0259find\u0259n veril\u0259n reaksiyan\u0131n son n\u00f6qt\u0259si kimi, noyabr\u0131n 12-d\u0259 Prezident<br \/>\n  <a href=\"\/az\/site\/news\/31364\/\"><br \/>\n    \u0130lham \u018fliyevin<br \/>\n  <\/a><br \/>\n  s\u0259r\u0259ncam\u0131 il\u0259 Az\u0259rbaycan\u0131n Finlandiyada, \u0130sve\u00e7 v\u0259 Norve\u00e7 Krall\u0131qlar\u0131nda f\u00f6vq\u0259lad\u0259 v\u0259 s\u0259lahiyy\u0259tli s\u0259firi Ad\u0131\u015f M\u0259mm\u0259dovun geri \u00e7a\u011f\u0131r\u0131lmas\u0131n\u0131 q\u0259bul etm\u0259k olar.\n<\/p>\n<blockquote><p>\n  Az\u0259rbaycan beyn\u0259lxalq al\u0259md\u0259n t\u0259crid olunur\n<\/p><\/blockquote>\n<p>\n  M\u00fcsavat Partiyas\u0131n\u0131n ba\u015fqan\u0131 Arif Hac\u0131l\u0131 Norve\u00e7in Bak\u0131da s\u0259firliyini ba\u011flamas\u0131n\u0131 Az\u0259rbaycan \u00fc\u00e7\u00fcn \u00e7ox ciddi hadis\u0259 adland\u0131r\u0131b:\n<\/p>\n<p>\n  \u201cBa\u015f ver\u0259nl\u0259r Az\u0259rbaycan\u0131n beyn\u0259lxalq al\u0259md\u0259n t\u0259crid olunmas\u0131 prosesini g\u00f6st\u0259rir. Bu m\u0259s\u0259l\u0259l\u0259rd\u0259 Bak\u0131n\u0131n m\u00f6vqeyi, Xarici \u0130\u015fl\u0259r Nazirliyinin a\u00e7\u0131qlamalar\u0131 v\u0259 ard\u0131nca Skandinaviya \u00f6lk\u0259l\u0259rind\u0259n s\u0259firin geri \u00e7a\u011fr\u0131lmas\u0131 hakimiyy\u0259tin Az\u0259rbaycan\u0131n taleyi hqda d\u00fc\u015f\u00fcnm\u0259diyini bir daha t\u0259sdiql\u0259yir. \u00d6lk\u0259nin t\u0259crid olunmas\u0131 Qaraba\u011f problemi d\u0259 daxil olmaqla k\u00f6kl\u00fc probleml\u0259rin h\u0259llind\u0259 \u00e7ox b\u00f6y\u00fck mane\u0259l\u0259r yarad\u0131r\u201d.\n<\/p>\n<figure class=\"wp-block-image size-large\">\n  <img decoding=\"async\" src=\"https:\/\/www.meydan.tv\/az\/arif-hacili-7\/\" alt=\"Arif Hac\u0131l\u0131\" class=\"wp-image-66531\"\/><figcaption>\n    Arif Hac\u0131l\u0131<br \/>\n  <\/figcaption><\/figure>\n<p>\n  Onun fikrinc\u0259, hakimiyy\u0259t bu m\u0259s\u0259l\u0259l\u0259rd\u0259n n\u0259tic\u0259 \u00e7\u0131xartmaq \u0259v\u0259zin\u0259 hikk\u0259 v\u0259 t\u0259k\u0259bb\u00fcr n\u00fcmayi\u015f etdirir.\n<\/p>\n<p>\n  \u201cHalbuki, siyasi xadim, d\u00f6vl\u0259t xadimi q\u0259rarlar q\u0259bul ed\u0259rk\u0259n \u00f6z hikk\u0259sin\u0259, ona olan m\u00fcnasib\u0259tl\u0259r\u0259 yox, d\u00f6vl\u0259tin maraqlar\u0131na \u0259saslanmal\u0131d\u0131r. Skandinaviya \u00f6lk\u0259l\u0259rind\u0259n s\u0259firin geri \u00e7a\u011fr\u0131\u0131l\u0131mas\u0131 is\u0259 Az\u0259rbaycan d\u00f6vl\u0259ti \u00fc\u00e7\u00fcn b\u00f6y\u00fck probeml\u0259r yaradacaq. Ona g\u00f6r\u0259 proses dayand\u0131r\u0131lmal\u0131, hakimiyy\u0259t Norve\u00e7 s\u0259firliyinin b\u0259rpa olunmas\u0131na \u00e7al\u0131\u015fmal\u0131yd\u0131. Ancaq diplomatiya sah\u0259sind\u0259 he\u00e7 bir t\u0259\u015f\u0259bb\u00fcskarl\u0131\u011f\u0131 olmayan hakimiyy\u0259t \u00e7ox kobud s\u0259hv\u0259 yol ver\u0259r\u0259k s\u0259firliyin Az\u0259rbaycandan \u00e7\u0131xmas\u0131n\u0131n daha a\u011f\u0131r n\u0259tic\u0259l\u0259r il\u0259 d\u00f6vl\u0259timizi a\u011f\u0131r probleml\u0259rl\u0259 \u00fcz-\u00fcz\u0259 qoydu\u201d.\n<\/p>\n<p>\n  Arif Hac\u0131l\u0131n\u0131n s\u00f6zl\u0259rin\u0259 g\u00f6r\u0259, Norve\u00e7 s\u0259firliyi Az\u0259rbaycandak\u0131 ictimai-siyasi hadis\u0259l\u0259r\u0259, insan haqlar\u0131na dig\u0259r s\u0259firlikl\u0259r\u0259 nisb\u0259t\u0259n daha h\u0259ssas reaksiya verirdi.\n<\/p>\n<p>\n  \u201cBir \u00e7ox m\u0259s\u0259l\u0259l\u0259rd\u0259 \u0259sas t\u0259\u015f\u0259bb\u00fcskar kimi \u00e7\u0131x\u0131\u015f edib. T\u0259bii ki, Norve\u00e7 s\u0259firliyinin bu add\u0131m\u0131 dig\u0259r \u00f6lk\u0259l\u0259rin \u00f6z diplomatik missiyas\u0131 il\u0259 ba\u011fl\u0131 q\u0259rarlar\u0131na yenid\u0259n baxmaqla n\u0259tic\u0259l\u0259n\u0259 bil\u0259r. Az\u0259rbaycan hakimiyy\u0259ti \u00f6lk\u0259nin tam t\u0259crid olunmamas\u0131 \u00fc\u00e7\u00fcn t\u0259cili t\u0259dbirl\u0259r g\u00f6rm\u0259lidir\u201d.\n<\/p>\n<blockquote><p>\n  Ba\u015f ver\u0259nl\u0259rd\u0259 hans\u0131sa sui-q\u0259sd n\u0259z\u0259riyy\u0259sini g\u00f6rm\u00fcr\u0259m\n<\/p><\/blockquote>\n<p>\n  Siyasi icmal\u00e7\u0131 Z\u0259rd\u00fc\u015ft \u018flizad\u0259 xat\u0131rlad\u0131b ki, Az\u0259rbaycan\u0131n Norve\u00e7 Krall\u0131\u011f\u0131ndak\u0131 s\u0259firi Ad\u0131\u015f M\u0259mm\u0259dov 5 il idi v\u0259zif\u0259d\u0259ydi.\n<\/p>\n<figure class=\"wp-block-image size-large\">\n  <img decoding=\"async\" src=\"https:\/\/www.meydan.tv\/az\/zerdust-elizade-13\/\" alt=\"Z\u0259rd\u00fc\u015ft \u018flizad\u0259\" class=\"wp-image-100053\"\/><figcaption>\n    Z\u0259rd\u00fc\u015ft \u018flizad\u0259<br \/>\n  <\/figcaption><\/figure>\n<p>\n  \u201cAd\u0259t\u0259n, bir s\u0259fir g\u00f6nd\u0259rildiyi \u00f6lk\u0259d\u0259 4 il\u0259 q\u0259d\u0259r i\u015fl\u0259yir. \u018fg\u0259r yax\u015f\u0131 i\u015fl\u0259yirs\u0259, m\u0259s\u0259l\u0259sin\u0259 yenid\u0259n bax\u0131la bil\u0259r, yaxud ba\u015fqa \u00f6lk\u0259y\u0259 g\u00f6nd\u0259rilir. Ad\u0131\u015f M\u0259mm\u0259dov \u00e7ox g\u00fcman ki, vaxt\u0131 bitdiyind\u0259n m\u00fcvafiq nazirliy\u0259 geri \u00e7a\u011fr\u0131lmas\u0131 bar\u0259d\u0259 m\u00fcraci\u0259t edib. Bu bax\u0131mdan m\u0259n ba\u015f ver\u0259nl\u0259rd\u0259 hans\u0131sa sui-q\u0259sd n\u0259z\u0259riyy\u0259sini g\u00f6rm\u00fcr\u0259m\u201d.\n<\/p>\n<blockquote><p>\n  R\u0259smi Oslo bu \u00f6lk\u0259d\u0259 i\u015fl\u0259m\u0259yin m\u0259nas\u0131n\u0131 g\u00f6rm\u0259di\n<\/p><\/blockquote>\n<p>\n  Milli \u015eurasn\u0131n s\u0259dri, professor C\u0259mil H\u0259s\u0259nli m\u0259s\u0259l\u0259 il\u0259 ba\u011fl\u0131 \u015f\u0259rhind\u0259 ilkin olaraq Norve\u00e7in demokratik \u00f6lk\u0259l\u0259rind\u0259n biri oldu\u011funu qeyd edib:\n<\/p>\n<figure class=\"wp-block-image size-large\">\n  <img decoding=\"async\" src=\"https:\/\/www.meydan.tv\/az\/cemil-hesenli-6\/\" alt=\"C\u0259mil H\u0259s\u0259nli\" class=\"wp-image-99716\"\/><figcaption>\n    C\u0259mil H\u0259s\u0259nli<br \/>\n  <\/figcaption><\/figure>\n<p>\n  \u201cBu \u00f6lk\u0259 Az\u0259rbaycanda demokratik t\u0259sisatlara son ill\u0259rin m\u00fcnasib\u0259tini g\u00f6r\u00fcrd\u00fc. R\u0259smi Oslo Az\u0259rbaycanda m\u00fc\u0259yy\u0259n layih\u0259l\u0259rin h\u0259yata ke\u00e7m\u0259sin\u0259 d\u0259st\u0259k verdi. Amma 2011-ci ild\u0259 qanunvericilikd\u0259 h\u0259yata ke\u00e7iril\u0259n m\u00fcrt\u0259ce d\u0259yi\u015fiklikl\u0259rd\u0259n sonra demokratik c\u0259miyy\u0259tin qurulaca\u011f\u0131na olan \u00fcmidl\u0259rini \u00fczd\u00fc. M\u0259nz\u0259r\u0259 bel\u0259dir ki, Az\u0259rbaycan\u0131 korrupsiya b\u00fcr\u00fcy\u00fcr, repressiv idar\u0259etm\u0259 h\u00f6km s\u00fcr\u00fcr, ail\u0259-klan hakimiyy\u0259tinin qurulmas\u0131 istiqam\u0259tind\u0259 h\u00fcquqi baza yarad\u0131l\u0131r. Ona g\u00f6r\u0259 d\u0259 r\u0259smi Oslo bu \u00f6lk\u0259d\u0259 i\u015fl\u0259m\u0259yin el\u0259 m\u0259nas\u0131n\u0131 g\u00f6rm\u0259di\u201d.\n<\/p>\n<blockquote><p>\n  Bu hadis\u0259l\u0259r Az\u0259rbaycan\u0131n n\u00fcfuzuna ciddi z\u0259rb\u0259dir\n<\/p><\/blockquote>\n<p>\n  Avropada siyasi m\u00fchacir h\u0259yat\u0131 ya\u015fayan politoloq Rauf Mirq\u0259dirov iki \u00f6lk\u0259 aras\u0131nda ciddi bir hadis\u0259nin ba\u015f verm\u0259diyini d\u00fc\u015f\u00fcn\u00fcr.\n<\/p>\n<p>\n  Bununla bel\u0259 onun fikrinc\u0259, \u0259halisinin say\u0131na v\u0259 \u0259razisin\u0259 g\u00f6r\u0259 Norve\u00e7 kimi ki\u00e7ik \u00f6lk\u0259l\u0259r d\u00fcnyadak\u0131 maraqlar\u0131 bax\u0131m\u0131ndan iki halda s\u0259firlik saxlay\u0131rlar. Burada iqtisadi v\u0259 geosiyasi maraqlar \u00fcst\u00fcnl\u00fck t\u0259\u015fkil edir:\n<\/p>\n<figure class=\"wp-block-image size-large\">\n  <img decoding=\"async\" src=\"https:\/\/www.meydan.tv\/az\/rauf-mirqedirov-5\/\" alt=\"Rauf Mirq\u0259dirov\" class=\"wp-image-108453\"\/><figcaption>\n    Rauf Mirq\u0259dirov<br \/>\n  <\/figcaption><\/figure>\n<p>\n  \u201cS\u00f6hb\u0259t demokratiya, insan haqlar\u0131, t\u0259hl\u00fck\u0259sizlik v\u0259 ba\u015fqa m\u0259s\u0259l\u0259l\u0259rd\u0259n gedir. Haz\u0131rda Norve\u00e7in Az\u0259rbaycanda iqtisadi maraqlar\u0131 yoxdur, neft m\u00fcqavil\u0259sind\u0259n \u00e7\u0131x\u0131b. Son d\u00f6vrl\u0259rd\u0259 is\u0259 Norve\u00e7 azadl\u0131qlar\u0131n, insan haqlar\u0131n\u0131n inki\u015faf\u0131 layih\u0259l\u0259rind\u0259 i\u015ftirak etdi. Dig\u0259r m\u0259qam is\u0259 t\u0259hl\u00fck\u0259sizlik v\u0259 geosiyasi ger\u00e7\u0259klik idi. N\u0259z\u0259r\u0259 alaq ki, bir ne\u00e7\u0259 ildir Q\u0259rb-\u0130ran v\u0259 Rusiya il\u0259 m\u00fcnasib\u0259tl\u0259r \u00e7ox ciddi problem\u0259 \u00e7evrilir. Az\u0259rbaycan C\u0259nubi Qafqaz\u0131n \u00f6n\u0259mli \u00f6lk\u0259si oldu\u011fundan Norve\u00e7 Bak\u0131ya \u00fcmumq\u0259rb m\u0259nafeyi bax\u0131m\u0131ndan ciddi diqq\u0259t yetirirdi. Lakin Az\u0259rbaycan hakimiyy\u0259ti Rusiya il\u0259 m\u00fcnasib\u0259tl\u0259rini geni\u015fl\u0259ndirir, x\u00fcsusil\u0259 Kr\u0131m\u0131n ilhaq\u0131 v\u0259 \u015e\u0259rqi Ukraynan\u0131n bir hiss\u0259si il\u0259 ba\u011fl\u0131 sanksiyalar\u0131 d\u0259st\u0259kl\u0259m\u0259di. \u018fn az\u0131 susmaq olard\u0131. Amma r\u0259smi Bak\u0131 Kollektiv T\u0259hl\u00fck\u0259sizlik T\u0259\u015fkilat\u0131n\u0131 \u00e7ox ciddi izl\u0259diyini b\u0259yan edir\u201d.\n<\/p>\n<p>\n  Onun fikrinc\u0259, bu hadis\u0259l\u0259r Q\u0259rbl\u0259 Rusiya aras\u0131nda qlobal qar\u015f\u0131durmada Az\u0259rbaycan\u0131n Avropan\u0131n t\u0259r\u0259fda\u015f\u0131 statusunu \u015f\u00fcbh\u0259 alt\u0131na al\u0131r.\n<\/p>\n<p>\n  \u201cY\u0259ni h\u0259r \u00fc\u00e7 istiqam\u0259td\u0259-iqtisadi, demokratiya v\u0259 t\u0259hl\u00fck\u0259sizlik- ciddi dur\u011funluq varsa, dem\u0259li, Norve\u00e7in Az\u0259rbaycanda s\u0259firlik saxlamas\u0131 \u00fc\u00e7\u00fcn m\u00f6vcud probleml\u0259r aradan qalx\u0131b. G\u00fcrc\u00fcstan b\u00fct\u00fcn probleml\u0259ri il\u0259 yana\u015f\u0131 \u00f6n\u0259mlidir, \u00f6z\u00fcn\u00fc NATO v\u0259 Avropa Birliyinin \u00fczv\u00fc g\u00f6rm\u0259k ist\u0259yir. Erm\u0259nistanda is\u0259 Q\u0259rbl\u0259 \u0259m\u0259kda\u015fl\u0131\u011fa \u00fcmidl\u0259r artsa da, v\u0259ziyy\u0259t birm\u0259nal\u0131 deyil. H\u0259m d\u0259 s\u0259firlik G\u00fcrc\u00fcstana ona g\u00f6r\u0259 k\u00f6\u00e7\u00fcr\u00fcl\u00fcr ki, Erm\u0259nistanda da f\u0259all\u0131q g\u00f6st\u0259r\u0259c\u0259k. Az\u0259rbaycanda s\u0259firlik olark\u0259n m\u0259lum m\u00fcnaqi\u015f\u0259y\u0259 g\u00f6r\u0259 bu m\u00fcmk\u00fcn deyildi\u201d.\n<\/p>\n<p>\n  R.Mirq\u0259dirov Az\u0259rbaycan\u0131n Norve\u00e7d\u0259ki s\u0259firini geri \u00e7a\u011f\u0131rmas\u0131n\u0131 Bak\u0131n\u0131n demar\u015f\u0131 hesab edir:\n<\/p>\n<p>\n  \u201cD\u00fc\u015f\u00fcnm\u00fcr\u0259m ki, s\u0259firin geri \u00e7a\u011fr\u0131lmas\u0131 ba\u015fqa s\u0259b\u0259b olsun. Norve\u00e7in q\u0259rar\u0131ndan sonra Az\u0259rbaycan hans\u0131sa cavab add\u0131m\u0131 atmal\u0131yd\u0131. T\u0259\u0259ss\u00fcf ki, Bak\u0131 Rusiya il\u0259 m\u00fcnasib\u0259tl\u0259rd\u0259 bel\u0259 add\u0131mlar atm\u0131r, amma Q\u0259rb \u00f6lk\u0259l\u0259rin\u0259 qar\u015f\u0131 bu c\u00fcr demar\u015flar edir. \u018flb\u0259tt\u0259, bu hadis\u0259l\u0259r Az\u0259rbaycan\u0131n n\u00fcfuzuna ciddi z\u0259rb\u0259dir. Norve\u00e7 \u0259slind\u0259 deyir ki, siz art\u0131q bizim \u00fc\u00e7\u00fcn maraql\u0131 deyilsiniz\u201d.<\/p>\n","protected":false},"excerpt":{"rendered":"<p>Siyasi xadiml\u0259r hadis\u0259l\u0259ri Az\u0259rbaycan\u0131n imicin\u0259 z\u0259rb\u0259 kimi qiym\u0259tl\u0259ndirirl\u0259r<\/p>\n","protected":false},"author":11,"featured_media":112248,"comment_status":"closed","ping_status":"open","sticky":false,"template":"","format":"standard","meta":{"_acf_changed":false,"_sitemap_exclude":false,"_sitemap_priority":"","_sitemap_frequency":"","footnotes":""},"categories":[51],"tags":[],"class_list":["post-192531","post","type-post","status-publish","format-standard","has-post-thumbnail","hentry","category-analitika","infinite-scroll-item","generate-columns","tablet-grid-50","mobile-grid-100","grid-parent","grid-33","no-featured-image-padding"],"acf":[],"yoast_head":"<!-- This site is optimized with the Yoast SEO plugin v27.4 - https:\/\/yoast.com\/product\/yoast-seo-wordpress\/ -->\n<title>Az\u0259rbaycanla Norve\u00e7 aras\u0131nda n\u0259 ba\u015f verir? - MEYDAN.TV<\/title>\n<meta name=\"robots\" content=\"index, follow, max-snippet:-1, max-image-preview:large, max-video-preview:-1\" \/>\n<link rel=\"canonical\" href=\"https:\/\/www.meydan.tv\/az\/article\/azerbaycanla-norvec-arasinda-ne-bas-verir\/\" \/>\n<meta property=\"og:locale\" content=\"az_AZ\" \/>\n<meta property=\"og:type\" content=\"article\" \/>\n<meta property=\"og:title\" content=\"Az\u0259rbaycanla Norve\u00e7 aras\u0131nda n\u0259 ba\u015f verir? - MEYDAN.TV\" \/>\n<meta property=\"og:description\" content=\"Siyasi xadiml\u0259r hadis\u0259l\u0259ri Az\u0259rbaycan\u0131n imicin\u0259 z\u0259rb\u0259 kimi qiym\u0259tl\u0259ndirirl\u0259r\" \/>\n<meta property=\"og:url\" content=\"https:\/\/www.meydan.tv\/az\/article\/azerbaycanla-norvec-arasinda-ne-bas-verir\/\" \/>\n<meta property=\"og:site_name\" content=\"MEYDAN.TV\" \/>\n<meta property=\"article:published_time\" content=\"2018-11-13T18:09:21+00:00\" \/>\n<meta property=\"og:image\" content=\"https:\/\/www.meydan.tv\/wp-content\/uploads\/44688.jpg\" \/>\n\t<meta property=\"og:image:width\" content=\"647\" \/>\n\t<meta property=\"og:image:height\" content=\"370\" \/>\n\t<meta property=\"og:image:type\" content=\"image\/jpeg\" \/>\n<meta name=\"author\" content=\"user-manager\" \/>\n<meta name=\"twitter:card\" content=\"summary_large_image\" \/>\n<script type=\"application\/ld+json\" class=\"yoast-schema-graph\">{\"@context\":\"https:\\\/\\\/schema.org\",\"@graph\":[{\"@type\":\"Article\",\"@id\":\"https:\\\/\\\/www.meydan.tv\\\/az\\\/article\\\/azerbaycanla-norvec-arasinda-ne-bas-verir\\\/#article\",\"isPartOf\":{\"@id\":\"https:\\\/\\\/www.meydan.tv\\\/az\\\/article\\\/azerbaycanla-norvec-arasinda-ne-bas-verir\\\/\"},\"author\":{\"name\":\"user-manager\",\"@id\":\"https:\\\/\\\/www.meydan.tv\\\/az\\\/#\\\/schema\\\/person\\\/10d11eccf6da3662cf5fdab9806ea91a\"},\"headline\":\"Az\u0259rbaycanla Norve\u00e7 aras\u0131nda n\u0259 ba\u015f verir?\",\"datePublished\":\"2018-11-13T18:09:21+00:00\",\"mainEntityOfPage\":{\"@id\":\"https:\\\/\\\/www.meydan.tv\\\/az\\\/article\\\/azerbaycanla-norvec-arasinda-ne-bas-verir\\\/\"},\"wordCount\":1897,\"publisher\":{\"@id\":\"https:\\\/\\\/www.meydan.tv\\\/az\\\/#organization\"},\"image\":{\"@id\":\"https:\\\/\\\/www.meydan.tv\\\/az\\\/article\\\/azerbaycanla-norvec-arasinda-ne-bas-verir\\\/#primaryimage\"},\"thumbnailUrl\":\"https:\\\/\\\/www.meydan.tv\\\/wp-content\\\/uploads\\\/44688.jpg\",\"articleSection\":[\"Analitika\"],\"inLanguage\":\"az\"},{\"@type\":\"WebPage\",\"@id\":\"https:\\\/\\\/www.meydan.tv\\\/az\\\/article\\\/azerbaycanla-norvec-arasinda-ne-bas-verir\\\/\",\"url\":\"https:\\\/\\\/www.meydan.tv\\\/az\\\/article\\\/azerbaycanla-norvec-arasinda-ne-bas-verir\\\/\",\"name\":\"Az\u0259rbaycanla Norve\u00e7 aras\u0131nda n\u0259 ba\u015f verir? - MEYDAN.TV\",\"isPartOf\":{\"@id\":\"https:\\\/\\\/www.meydan.tv\\\/az\\\/#website\"},\"primaryImageOfPage\":{\"@id\":\"https:\\\/\\\/www.meydan.tv\\\/az\\\/article\\\/azerbaycanla-norvec-arasinda-ne-bas-verir\\\/#primaryimage\"},\"image\":{\"@id\":\"https:\\\/\\\/www.meydan.tv\\\/az\\\/article\\\/azerbaycanla-norvec-arasinda-ne-bas-verir\\\/#primaryimage\"},\"thumbnailUrl\":\"https:\\\/\\\/www.meydan.tv\\\/wp-content\\\/uploads\\\/44688.jpg\",\"datePublished\":\"2018-11-13T18:09:21+00:00\",\"breadcrumb\":{\"@id\":\"https:\\\/\\\/www.meydan.tv\\\/az\\\/article\\\/azerbaycanla-norvec-arasinda-ne-bas-verir\\\/#breadcrumb\"},\"inLanguage\":\"az\",\"potentialAction\":[{\"@type\":\"ReadAction\",\"target\":[\"https:\\\/\\\/www.meydan.tv\\\/az\\\/article\\\/azerbaycanla-norvec-arasinda-ne-bas-verir\\\/\"]}]},{\"@type\":\"ImageObject\",\"inLanguage\":\"az\",\"@id\":\"https:\\\/\\\/www.meydan.tv\\\/az\\\/article\\\/azerbaycanla-norvec-arasinda-ne-bas-verir\\\/#primaryimage\",\"url\":\"https:\\\/\\\/www.meydan.tv\\\/wp-content\\\/uploads\\\/44688.jpg\",\"contentUrl\":\"https:\\\/\\\/www.meydan.tv\\\/wp-content\\\/uploads\\\/44688.jpg\",\"width\":647,\"height\":370,\"caption\":\"Source:\"},{\"@type\":\"BreadcrumbList\",\"@id\":\"https:\\\/\\\/www.meydan.tv\\\/az\\\/article\\\/azerbaycanla-norvec-arasinda-ne-bas-verir\\\/#breadcrumb\",\"itemListElement\":[{\"@type\":\"ListItem\",\"position\":1,\"name\":\"Ana s\u0259hif\u0259\",\"item\":\"https:\\\/\\\/www.meydan.tv\\\/az\\\/\"},{\"@type\":\"ListItem\",\"position\":2,\"name\":\"Analitika\",\"item\":\"https:\\\/\\\/www.meydan.tv\\\/az\\\/section\\\/analitika\\\/\"},{\"@type\":\"ListItem\",\"position\":3,\"name\":\"Az\u0259rbaycanla Norve\u00e7 aras\u0131nda n\u0259 ba\u015f verir?\"}]},{\"@type\":\"WebSite\",\"@id\":\"https:\\\/\\\/www.meydan.tv\\\/az\\\/#website\",\"url\":\"https:\\\/\\\/www.meydan.tv\\\/az\\\/\",\"name\":\"MEYDAN.TV\",\"description\":\"Meydan TV Az\u0259rbaycan\u0131n media m\u0259kan\u0131ndak\u0131 alternativ s\u0259sidir\",\"publisher\":{\"@id\":\"https:\\\/\\\/www.meydan.tv\\\/az\\\/#organization\"},\"potentialAction\":[{\"@type\":\"SearchAction\",\"target\":{\"@type\":\"EntryPoint\",\"urlTemplate\":\"https:\\\/\\\/www.meydan.tv\\\/az\\\/?s={search_term_string}\"},\"query-input\":{\"@type\":\"PropertyValueSpecification\",\"valueRequired\":true,\"valueName\":\"search_term_string\"}}],\"inLanguage\":\"az\"},{\"@type\":\"Organization\",\"@id\":\"https:\\\/\\\/www.meydan.tv\\\/az\\\/#organization\",\"name\":\"Meydan TV\",\"url\":\"https:\\\/\\\/www.meydan.tv\\\/az\\\/\",\"logo\":{\"@type\":\"ImageObject\",\"inLanguage\":\"az\",\"@id\":\"https:\\\/\\\/www.meydan.tv\\\/az\\\/#\\\/schema\\\/logo\\\/image\\\/\",\"url\":\"https:\\\/\\\/www.meydan.tv\\\/wp-content\\\/uploads\\\/2021\\\/07\\\/meydan-logo.svg\",\"contentUrl\":\"https:\\\/\\\/www.meydan.tv\\\/wp-content\\\/uploads\\\/2021\\\/07\\\/meydan-logo.svg\",\"width\":195,\"height\":46,\"caption\":\"Meydan TV\"},\"image\":{\"@id\":\"https:\\\/\\\/www.meydan.tv\\\/az\\\/#\\\/schema\\\/logo\\\/image\\\/\"}},{\"@type\":\"Person\",\"@id\":\"https:\\\/\\\/www.meydan.tv\\\/az\\\/#\\\/schema\\\/person\\\/10d11eccf6da3662cf5fdab9806ea91a\",\"name\":\"user-manager\"}]}<\/script>\n<!-- \/ Yoast SEO plugin. -->","yoast_head_json":{"title":"Az\u0259rbaycanla Norve\u00e7 aras\u0131nda n\u0259 ba\u015f verir? - MEYDAN.TV","robots":{"index":"index","follow":"follow","max-snippet":"max-snippet:-1","max-image-preview":"max-image-preview:large","max-video-preview":"max-video-preview:-1"},"canonical":"https:\/\/www.meydan.tv\/az\/article\/azerbaycanla-norvec-arasinda-ne-bas-verir\/","og_locale":"az_AZ","og_type":"article","og_title":"Az\u0259rbaycanla Norve\u00e7 aras\u0131nda n\u0259 ba\u015f verir? - MEYDAN.TV","og_description":"Siyasi xadiml\u0259r hadis\u0259l\u0259ri Az\u0259rbaycan\u0131n imicin\u0259 z\u0259rb\u0259 kimi qiym\u0259tl\u0259ndirirl\u0259r","og_url":"https:\/\/www.meydan.tv\/az\/article\/azerbaycanla-norvec-arasinda-ne-bas-verir\/","og_site_name":"MEYDAN.TV","article_published_time":"2018-11-13T18:09:21+00:00","og_image":[{"width":647,"height":370,"url":"https:\/\/www.meydan.tv\/wp-content\/uploads\/44688.jpg","type":"image\/jpeg"}],"author":"user-manager","twitter_card":"summary_large_image","schema":{"@context":"https:\/\/schema.org","@graph":[{"@type":"Article","@id":"https:\/\/www.meydan.tv\/az\/article\/azerbaycanla-norvec-arasinda-ne-bas-verir\/#article","isPartOf":{"@id":"https:\/\/www.meydan.tv\/az\/article\/azerbaycanla-norvec-arasinda-ne-bas-verir\/"},"author":{"name":"user-manager","@id":"https:\/\/www.meydan.tv\/az\/#\/schema\/person\/10d11eccf6da3662cf5fdab9806ea91a"},"headline":"Az\u0259rbaycanla Norve\u00e7 aras\u0131nda n\u0259 ba\u015f verir?","datePublished":"2018-11-13T18:09:21+00:00","mainEntityOfPage":{"@id":"https:\/\/www.meydan.tv\/az\/article\/azerbaycanla-norvec-arasinda-ne-bas-verir\/"},"wordCount":1897,"publisher":{"@id":"https:\/\/www.meydan.tv\/az\/#organization"},"image":{"@id":"https:\/\/www.meydan.tv\/az\/article\/azerbaycanla-norvec-arasinda-ne-bas-verir\/#primaryimage"},"thumbnailUrl":"https:\/\/www.meydan.tv\/wp-content\/uploads\/44688.jpg","articleSection":["Analitika"],"inLanguage":"az"},{"@type":"WebPage","@id":"https:\/\/www.meydan.tv\/az\/article\/azerbaycanla-norvec-arasinda-ne-bas-verir\/","url":"https:\/\/www.meydan.tv\/az\/article\/azerbaycanla-norvec-arasinda-ne-bas-verir\/","name":"Az\u0259rbaycanla Norve\u00e7 aras\u0131nda n\u0259 ba\u015f verir? - MEYDAN.TV","isPartOf":{"@id":"https:\/\/www.meydan.tv\/az\/#website"},"primaryImageOfPage":{"@id":"https:\/\/www.meydan.tv\/az\/article\/azerbaycanla-norvec-arasinda-ne-bas-verir\/#primaryimage"},"image":{"@id":"https:\/\/www.meydan.tv\/az\/article\/azerbaycanla-norvec-arasinda-ne-bas-verir\/#primaryimage"},"thumbnailUrl":"https:\/\/www.meydan.tv\/wp-content\/uploads\/44688.jpg","datePublished":"2018-11-13T18:09:21+00:00","breadcrumb":{"@id":"https:\/\/www.meydan.tv\/az\/article\/azerbaycanla-norvec-arasinda-ne-bas-verir\/#breadcrumb"},"inLanguage":"az","potentialAction":[{"@type":"ReadAction","target":["https:\/\/www.meydan.tv\/az\/article\/azerbaycanla-norvec-arasinda-ne-bas-verir\/"]}]},{"@type":"ImageObject","inLanguage":"az","@id":"https:\/\/www.meydan.tv\/az\/article\/azerbaycanla-norvec-arasinda-ne-bas-verir\/#primaryimage","url":"https:\/\/www.meydan.tv\/wp-content\/uploads\/44688.jpg","contentUrl":"https:\/\/www.meydan.tv\/wp-content\/uploads\/44688.jpg","width":647,"height":370,"caption":"Source:"},{"@type":"BreadcrumbList","@id":"https:\/\/www.meydan.tv\/az\/article\/azerbaycanla-norvec-arasinda-ne-bas-verir\/#breadcrumb","itemListElement":[{"@type":"ListItem","position":1,"name":"Ana s\u0259hif\u0259","item":"https:\/\/www.meydan.tv\/az\/"},{"@type":"ListItem","position":2,"name":"Analitika","item":"https:\/\/www.meydan.tv\/az\/section\/analitika\/"},{"@type":"ListItem","position":3,"name":"Az\u0259rbaycanla Norve\u00e7 aras\u0131nda n\u0259 ba\u015f verir?"}]},{"@type":"WebSite","@id":"https:\/\/www.meydan.tv\/az\/#website","url":"https:\/\/www.meydan.tv\/az\/","name":"MEYDAN.TV","description":"Meydan TV Az\u0259rbaycan\u0131n media m\u0259kan\u0131ndak\u0131 alternativ s\u0259sidir","publisher":{"@id":"https:\/\/www.meydan.tv\/az\/#organization"},"potentialAction":[{"@type":"SearchAction","target":{"@type":"EntryPoint","urlTemplate":"https:\/\/www.meydan.tv\/az\/?s={search_term_string}"},"query-input":{"@type":"PropertyValueSpecification","valueRequired":true,"valueName":"search_term_string"}}],"inLanguage":"az"},{"@type":"Organization","@id":"https:\/\/www.meydan.tv\/az\/#organization","name":"Meydan TV","url":"https:\/\/www.meydan.tv\/az\/","logo":{"@type":"ImageObject","inLanguage":"az","@id":"https:\/\/www.meydan.tv\/az\/#\/schema\/logo\/image\/","url":"https:\/\/www.meydan.tv\/wp-content\/uploads\/2021\/07\/meydan-logo.svg","contentUrl":"https:\/\/www.meydan.tv\/wp-content\/uploads\/2021\/07\/meydan-logo.svg","width":195,"height":46,"caption":"Meydan TV"},"image":{"@id":"https:\/\/www.meydan.tv\/az\/#\/schema\/logo\/image\/"}},{"@type":"Person","@id":"https:\/\/www.meydan.tv\/az\/#\/schema\/person\/10d11eccf6da3662cf5fdab9806ea91a","name":"user-manager"}]}},"_links":{"self":[{"href":"https:\/\/www.meydan.tv\/az\/wp-json\/wp\/v2\/posts\/192531","targetHints":{"allow":["GET"]}}],"collection":[{"href":"https:\/\/www.meydan.tv\/az\/wp-json\/wp\/v2\/posts"}],"about":[{"href":"https:\/\/www.meydan.tv\/az\/wp-json\/wp\/v2\/types\/post"}],"author":[{"embeddable":true,"href":"https:\/\/www.meydan.tv\/az\/wp-json\/wp\/v2\/users\/11"}],"replies":[{"embeddable":true,"href":"https:\/\/www.meydan.tv\/az\/wp-json\/wp\/v2\/comments?post=192531"}],"version-history":[{"count":0,"href":"https:\/\/www.meydan.tv\/az\/wp-json\/wp\/v2\/posts\/192531\/revisions"}],"wp:featuredmedia":[{"embeddable":true,"href":"https:\/\/www.meydan.tv\/az\/wp-json\/wp\/v2\/media\/112248"}],"wp:attachment":[{"href":"https:\/\/www.meydan.tv\/az\/wp-json\/wp\/v2\/media?parent=192531"}],"wp:term":[{"taxonomy":"category","embeddable":true,"href":"https:\/\/www.meydan.tv\/az\/wp-json\/wp\/v2\/categories?post=192531"},{"taxonomy":"post_tag","embeddable":true,"href":"https:\/\/www.meydan.tv\/az\/wp-json\/wp\/v2\/tags?post=192531"}],"curies":[{"name":"wp","href":"https:\/\/api.w.org\/{rel}","templated":true}]}}