{"id":192515,"date":"2018-11-12T21:04:06","date_gmt":"2018-11-12T21:04:06","guid":{"rendered":"https:\/\/www.meydan.tv\/article\/dunyanin-en-nufuzlu-qadini-angela-merkel\/"},"modified":"2018-11-12T21:04:06","modified_gmt":"2018-11-12T21:04:06","slug":"dunyanin-en-nufuzlu-qadini-angela-merkel","status":"publish","type":"post","link":"https:\/\/www.meydan.tv\/az\/article\/dunyanin-en-nufuzlu-qadini-angela-merkel\/","title":{"rendered":"D\u00fcnyan\u0131n \u0259n n\u00fcfuzlu qad\u0131n\u0131: Angela Merkel"},"content":{"rendered":"<figure class=\"wp-block-image size-large\">\n  <img decoding=\"async\" src=\"https:\/\/www.meydan.tv\/az\/angela-merkel-5\/\" alt=\"Angela Merkel\" class=\"wp-image-112230\"\/><figcaption>\n    Angela Merkel<br \/>\n  <\/figcaption><\/figure>\n<p>\n  \u201cSiyas\u0259td\u0259n getm\u0259k \u00fc\u00e7\u00fcn n\u0259 vaxtsa do\u011fru yolu tapmaq ist\u0259yir\u0259m. Amma bu, t\u0259s\u0259vv\u00fcr etdiyimd\u0259n daha \u00e7\u0259tin imi\u015f. \u0130st\u0259mir\u0259m ki, m\u0259ni yar\u0131\u00f6l\u00fc biri kimi yola sals\u0131nlar\u201d.\n<\/p>\n<p>\n  Almaniya kansleri Angela Merkel bu s\u00f6zl\u0259ri 1998-ci ild\u0259 &#8211; Xristian-Demokrat \u0130ttifaq\u0131n\u0131n ba\u015f katibi olanda \u201cG\u00fcc\u00fcn izl\u0259ri\u201d kitab\u0131n\u0131n m\u00fc\u0259llifi Herlinda Koelbla m\u00fcsahib\u0259sind\u0259 deyib. N\u0259 zamansa bu q\u0259rar\u0131n t\u0259kc\u0259 Almaniyan\u0131 yox, b\u00fct\u00fcn Avropan\u0131 h\u0259y\u0259canland\u0131raca\u011f\u0131n\u0131 onda \u00e7\u0259tin ki, kims\u0259 t\u0259xmin ed\u0259 bil\u0259rdi. Amma 20 il sonra m\u0259hz bel\u0259 oldu. Qoca qit\u0259nin g\u00fccl\u00fc v\u0259 praqmatik liderd\u0259n m\u0259hrum olaca\u011f\u0131n\u0131 d\u00fc\u015f\u00fcn\u0259nl\u0259r qay\u011f\u0131lan\u0131rk\u0259n, 16 il sonra ba\u015f ver\u0259c\u0259k kansler d\u0259yi\u015fikliyini \u00f6lk\u0259 siyas\u0259ti \u00fc\u00e7\u00fcn yeni impuls hesab ed\u0259nl\u0259r sevindil\u0259r.\n<\/p>\n<p>\n  ****\n<\/p>\n<p>\n  2004-2017-ci ill\u0259r aral\u0131\u011f\u0131nda 12 d\u0259f\u0259 \u201cd\u00fcnyan\u0131n \u0259n n\u00fcfuzlu qad\u0131n\u0131\u201d tituluna layiq g\u00f6r\u00fcl\u0259n, 2006, 2007-ci ill\u0259rd\u0259 d\u00fcnyan\u0131n 100 \u0259n n\u00fcfuzlu \u015f\u0259xsi siyah\u0131s\u0131nda yer alan, 2015-ci ild\u0259 ilin adam\u0131 se\u00e7il\u0259n Angela Merkelin bioqrafiyas\u0131 a\u011f\u0131l v\u0259 bacar\u0131q sar\u0131dan qad\u0131nlar\u0131n ki\u015fil\u0259rd\u0259n geri qalmad\u0131\u011f\u0131n\u0131 s\u00fcbut ed\u0259n \u0259n sanball\u0131 u\u011fur hekay\u0259l\u0259rind\u0259n biridir. Amma bu hekay\u0259d\u0259 olmayan t\u0259k \u015fey el\u0259 feminizmdir. M\u0259nsub oldu\u011fu cinsin h\u0259mi\u015f\u0259 ancaq g\u00fccl\u00fc t\u0259r\u0259fl\u0259rini n\u00fcmayi\u015f etdir\u0259n, qad\u0131nl\u0131\u011f\u0131n\u0131 h\u0259mi\u015f\u0259 arxa planda saxlayan, kosmetikadan, dem\u0259k olar ki, istifad\u0259 etm\u0259y\u0259n, qarderobu \u0259sas\u0259n eyni stil penc\u0259k v\u0259 \u015falvarlardan ibar\u0259t olan Merkel m\u00f6ht\u0259\u015f\u0259m gec\u0259 qiyaf\u0259tind\u0259 publika qar\u015f\u0131s\u0131na xeyli gec &#8211; b\u00f6y\u00fck siyas\u0259t\u0259 g\u0259li\u015find\u0259n ill\u0259r sonra \u00e7\u0131xm\u0131\u015f, kanslerin qad\u0131n oldu\u011funu az qala unutmu\u015f almanlar\u0131 (h\u0259m d\u0259 t\u0259kc\u0259 onlar\u0131 yox) t\u0259\u0259cc\u00fcbl\u0259ndirmi\u015fdi.\n<\/p>\n<p>\n  Onunla \u00e7al\u0131\u015fanlar k\u0259nardan soyuq adam t\u0259sir ba\u011f\u0131\u015flayan Merkelin \u0259slind\u0259 g\u00fcl\u0259r\u00fcz biri oldu\u011funu deyil\u0259r. S\u0259n dem\u0259, Merkel s\u00f6hb\u0259t \u0259snas\u0131nda h\u0259m \u00f6z\u00fcn\u00fcn, h\u0259m d\u0259 dig\u0259r siyas\u0259t\u00e7il\u0259rin \u201cyaral\u0131\u201d v\u0259 z\u0259if yerl\u0259rini zarafat m\u00f6vzusuna \u00e7evirm\u0259yi bacar\u0131rm\u0131\u015f (M\u0259s\u0259l\u0259n, Nikola Sarkozi prezidentliyinin birinci d\u00f6n\u0259mind\u0259 Tuluzada k\u00fctl\u0259ni Merkel\u0259 g\u00f6st\u0259rib \u201cXo\u015fb\u0259xt\u0259m ki, xalq bizi g\u00f6r\u0259c\u0259k\u201d dey\u0259nd\u0259, kansler \u00fcz\u00fcn\u0259 vacib ifad\u0259 ver\u0259r\u0259k ona bel\u0259 cavab veribmi\u015f: \u201cNikola, m\u0259nc\u0259, s\u0259ninl\u0259 m\u00fcqayis\u0259d\u0259 ulduz m\u0259n\u0259m\u201d).\n<\/p>\n<p>\n  \u201cBir yerd\u0259 ke\u00e7irdiyimiz zamanlarda m\u0259n Angelan\u0131 \u0259ks\u0259r\u0259n g\u00fcl\u00fcms\u0259y\u0259n g\u00f6rd\u00fcm\u201d &#8211; AB\u015e-\u0131n Almaniyadak\u0131 ke\u00e7mi\u015f s\u0259firi Robert Kimmit 1991-ci ild\u0259n tan\u0131d\u0131\u011f\u0131 Merkel haqq\u0131nda bel\u0259 deyir.<\/p>\n<p>  ***<\/p>\n<p>  Angela Doroteya Kasner 17 iyul 1954-c\u00fc ild\u0259 Q\u0259rbi Almaniyan\u0131n (Almaniya Federativ Respu\u00e7likas\u0131) Hamburq \u015f\u0259h\u0259rind\u0259, polyak \u0259silli Kasnerl\u0259r ail\u0259sind\u0259 anadan olub. O, do\u011fulandan 3 h\u0259ft\u0259 sonra atas\u0131 Horst Kasner (Kazmer\u00e7ak soyad\u0131n\u0131n alman variant\u0131) \u015e\u0259rqi Almaniyan\u0131n (ADR) Preneberqe \u015f\u0259h\u0259rind\u0259ki kils\u0259d\u0259 pastor xidm\u0259ti g\u00f6st\u0259rm\u0259y\u0259 d\u0259v\u0259t edilir. \u0130nsanlar\u0131n q\u0259rb t\u0259r\u0259f\u0259 k\u00f6\u00e7 etdiyi d\u00f6n\u0259md\u0259 onlar \u015f\u0259rq\u0259 k\u00f6\u00e7irl\u0259r. Kasnerin sosializm quruculu\u011funa optimizst yana\u015f\u0131rd\u0131, amma \u0259sas s\u0259b\u0259b y\u0259qin ki, dinl\u0259 ba\u011fl\u0131yd\u0131. Ard\u0131c\u0131l v\u0259 sabit m\u00f6vqeyin\u0259 g\u00f6r\u0259 alman c\u0259miyy\u0259tinin v\u0259 h\u0259tta marksist-lenin\u00e7il\u0259rin d\u0259 say\u011f\u0131yla yana\u015fd\u0131\u011f\u0131 protestan kils\u0259si \u015e\u0259rqi Almaniyada dissidentl\u0259rin s\u0131\u011f\u0131nacaq yerin\u0259 (bir n\u00f6v s\u0259firliy\u0259) \u00e7evrilmi\u015fdi. Horst Kanser \u00fc\u00e7 il orda i\u015fl\u0259y\u0259nd\u0259n sonra pastorluq t\u0259hsili ver\u0259n Templin kollecin\u0259 m\u00fcdir t\u0259yin edilir v\u0259 ail\u0259siyl\u0259 birlikd\u0259 ora k\u00f6\u00e7\u00fcr. H\u0259min ill\u0259rd\u0259, o, \u0130mmanuil Kant kimi m\u00fcasir filosoflar\u0131n fikirl\u0259rini dini bax\u0131\u015flarla \u201cbar\u0131\u015fd\u0131ran\u201dilahiyyat n\u0259z\u0259riyy\u0259si formala\u015fd\u0131r\u0131r v\u0259 Angelan\u0131n d\u00fcnyag\u00f6r\u00fc\u015f\u00fc d\u0259 el\u0259 bu m\u00fchitd\u0259 formala\u015f\u0131r.\n<\/p>\n<p>\n  M\u0259kt\u0259b ill\u0259rind\u0259, o, texniki f\u0259nl\u0259r\u0259 x\u00fcsusi bacar\u0131\u011f\u0131yla f\u0259rql\u0259nir, riyaziyyat v\u0259 rus dili olimpiadalar\u0131n\u0131n qalibi olur. M\u00fc\u0259lliml\u0259ri onun ciddi, erudisiyal\u0131 v\u0259 \u00e7ox sakit bir \u015fagird oldu\u011funu xat\u0131rlay\u0131rlar. Rus dili m\u00fc\u0259llim\u0259si frau Benn deyir ki, sinifd\u0259 Angelan\u0131n varl\u0131\u011f\u0131, dem\u0259k olar ki, hiss olunmay\u0131b v\u0259 o, ad\u0259t\u0259n, arxa c\u0259rg\u0259d\u0259 oturub. Sonralar Merkel m\u0259kt\u0259b xatirl\u0259rind\u0259n dan\u0131\u015fanda bunun s\u0259b\u0259bini \u201coldu\u011fu m\u0259kan\u0131 tam m\u00fc\u015fahid\u0259 ed\u0259 bilm\u0259k ist\u0259yi\u201dl\u0259 izah ed\u0259c\u0259kdi.<br \/>\n  <br \/>\n  Angelan\u0131n anas\u0131 Gerlinq Kasner lat\u0131n v\u0259 ingilis dill\u0259ri m\u00fc\u0259llim\u0259si, qarda\u015f\u0131 Markus fizik, bac\u0131s\u0131 \u0130rens\u0259 psixoterapevtdir.\n<\/p>\n<p>\n  1973-c\u00fc ild\u0259 orta m\u0259kt\u0259bi bitir\u0259n Angela Leypsiqd\u0259ki Karl Mark Universitetinin fizika fak\u00fclt\u0259sin\u0259 daxil olur. H\u0259min il orda Ulrix Merkell\u0259 tan\u0131\u015f olur, 4 il sonra onunla ail\u0259 qurur. ADR-d\u0259 b\u00f6y\u00fcm\u00fc\u015f u\u015faqlar\u0131n b\u00f6y\u00fck \u0259ks\u0259riyy\u0259ti kimi Angela da m\u0259kt\u0259b vaxt\u0131 pioner t\u0259\u015fkilat\u0131n\u0131n, t\u0259l\u0259b\u0259lik ill\u0259rind\u0259s\u0259 Azad Alman G\u0259ncliyi \u0130ttifaq\u0131n\u0131n (AAG\u0130) \u00fczv\u00fc olmu\u015fdu (Sonralar t\u0259l\u0259b\u0259 yolda\u015flar\u0131 Merkelin universitetd\u0259 AAG\u0130 rayon komit\u0259sinin t\u0259bli\u011fat-t\u0259\u015fviqat katibi oldu\u011funu dey\u0259c\u0259k, Merkels\u0259 onlar\u0131 t\u0259kzib edib bildir\u0259c\u0259kdi ki, o, ancaq m\u0259d\u0259ni-k\u00fctl\u0259vi t\u0259dbirl\u0259rin t\u0259\u015fviqin\u0259, m\u0259s\u0259l\u0259n, teatr tama\u015falar\u0131na biletl\u0259rin al\u0131nmas\u0131na cavabdeh olub).\n<\/p>\n<p>\n  Bu g\u00fcn d\u0259 sevimli yaz\u0131\u00e7\u0131s\u0131 hesab etdiyi yaz\u0131\u00e7\u0131-dissident Rayner Kunseyl\u0259 h\u0259l\u0259 t\u0259l\u0259b\u0259yk\u0259n tan\u0131\u015f olmas\u0131na baxmayaraq, Angela o d\u00f6vr\u00fcn m\u00fcxalif ruhlu g\u0259ncl\u0259rin\u0259 qo\u015fulmam\u0131\u015fd\u0131, demokratik bloka aid he\u00e7 bir t\u0259\u015fkilata, o c\u00fcml\u0259d\u0259n Almaniyan\u0131n Sosial Birlik Partiyas\u0131na da \u00fczv olmam\u0131\u015fd\u0131. Amma D\u00f6vl\u0259t T\u0259hl\u00fck\u0259sizlik Nazirliyi (\u201c\u015etazi\u201d) il\u0259 \u0259m\u0259kda\u015fl\u0131\u011fa da raz\u0131l\u0131q verm\u0259mi\u015f, sirr saxlamaq qabiliyy\u0259tinin yax\u015f\u0131 agent olma\u011fa yet\u0259c\u0259k q\u0259d\u0259r \u00e7ox olmad\u0131\u011f\u0131n\u0131 b\u0259han\u0259 ged\u0259r\u0259k, bu qurumdan g\u0259l\u0259n t\u0259klifi r\u0259dd etmi\u015fdi.\n<\/p>\n<p>\n  ADR t\u0259cr\u00fcb\u0259sinin Merkel\u0259 \u00f6yr\u0259tdiyi ilk h\u0259yat d\u0259rsi buydu \u2013 274 000 min informatoru olan gizli t\u0259\u015fkilat\u0131n c\u0259ngin\u0259 ke\u00e7m\u0259m\u0259k \u00fc\u00e7\u00fcn sa\u011f qalma instinktini i\u015f\u0259 sal\u0131b fikir v\u0259 d\u00fc\u015f\u00fcnc\u0259l\u0259rini ba\u015fqa formaya salmaq.<\/p>\n<p>  Universiteti \u0259la qiym\u0259tl\u0259rl\u0259 bitir\u0259nd\u0259n sonra (1978) ADR Elml\u0259r Akademiyas\u0131n\u0131n M\u0259rk\u0259zi Fiziki Kimya \u0130nstitunda i\u015fl\u0259m\u0259y\u0259 ba\u015flay\u0131r. 1981-ci ild\u0259 h\u0259yat yolda\u015f\u0131ndan ayr\u0131l\u0131r (Sonralar bunun s\u0259b\u0259bini soru\u015fan jurnalistl\u0259r\u0259 \u201cYanl\u0131\u015f evlilik idi\u201d dey\u0259c\u0259kdi), amma q\u0131zl\u0131q soyad\u0131na qay\u0131tm\u0131r. 1986-c\u0131 ild\u0259 kvant kimyas\u0131 \u00fczr\u0259 doktorluq d\u0259r\u0259c\u0259si al\u0131r. O ill\u0259rd\u0259 elmi ara\u015fd\u0131rmalar\u0131n\u0131 davam etdir\u0259n v\u0259 bir ne\u00e7\u0259 m\u0259qal\u0259si d\u0259rc olunan Angela Q\u0259rbi Almaniyaya (AFR-\u0259) getm\u0259k f\u00fcrs\u0259ti qazan\u0131r, orda ke\u00e7iril\u0259n konqresd\u0259 i\u015ftirak edir. Bir m\u00fcdd\u0259t sonra Rusiyada olur \u2013 Donetskd\u0259ki \u00e7oxh\u0259ft\u0259lik dil kursuna qat\u0131l\u0131r.\n<\/p>\n<p>\n  Bolqar\u0131stana da s\u0259f\u0259r ed\u0259n Angela s\u0259rh\u0259din o tay\u0131ndak\u0131 Yunan\u0131stan yamaclar\u0131n\u0131 g\u00f6r\u00fcr, b\u00fct\u00fcn \u015e\u0259rqi Almaniya v\u0259t\u0259nda\u015flar\u0131 kimi, bir g\u00fcn bu s\u0259rh\u0259di ke\u00e7ib d\u00fcnyan\u0131n onlar \u00fc\u00e7\u00fcn qada\u011fan olunmu\u015f yerl\u0259rin\u0259, x\u00fcsusil\u0259 d\u0259 AB\u015e-a getm\u0259yi arzulay\u0131r. ADR-d\u0259 bunu ancaq 60 ya\u015fdan \u2013 t\u0259qa\u00fcd\u0259 \u00e7\u0131xandan sonra etm\u0259k olard\u0131 v\u0259 \u201c\u015f\u0259rqli\u201d almanlar\u0131n b\u0259lk\u0259 d\u0259 ham\u0131s\u0131 o g\u00fcn\u00fc g\u00f6zl\u0259yirdi. Bu, h\u0259yat\u0131n Merkel\u0259 \u00f6yr\u0259tdiyi daha bir d\u0259rsiydi \u2013 s\u0259br etm\u0259k.<\/p>\n<p>  2015-ci ilin fevral\u0131nda M\u00fcnhend\u0259ki t\u0259hl\u00fck\u0259sizlik konfrans\u0131nda &#8211; Rusiyan\u0131n Ukraynaya t\u0259cav\u00fcz\u00fcn\u0259 qar\u015f\u0131 h\u0259rbi g\u00fcc i\u015fl\u0259tm\u0259k t\u0259r\u0259fdar\u0131 olmad\u0131\u011f\u0131na g\u00f6r\u0259 t\u0259nqid edil\u0259nd\u0259 kansler buna \u00f6z h\u0259yat t\u0259cr\u00fcb\u0259sin\u0259 istinad\u0259n cavab vermi\u015fdi:\n<\/p>\n<p>\n  \u201cBilirsiz ki, m\u0259n ADR-d\u0259 b\u00f6y\u00fcm\u00fc\u015f\u0259m. Berlin divar\u0131 7 ya\u015f\u0131m olanda, g\u00f6z\u00fcm\u00fcn qaba\u011f\u0131nda h\u00f6r\u00fclm\u00fc\u015fd\u00fc. Bir \u00f6lk\u0259nin bu \u015f\u0259kild\u0259 iki yer\u0259 b\u00f6l\u00fcnm\u0259si beyn\u0259lxalq normalara ziddiydi, ciddi qanun pozuntusuydu, amma o vaxt he\u00e7 kim ADR v\u0259t\u0259nda\u015flar\u0131n\u0131, o c\u00fcml\u0259d\u0259n b\u00fct\u00f6vl\u00fckd\u0259 \u015e\u0259rq blokunu qeyri-azad \u015f\u0259raitd\u0259n xilas etm\u0259k \u00fc\u00e7\u00fcn m\u00fcharib\u0259y\u0259 ba\u015flamad\u0131, v\u0259ziyy\u0259t uzun m\u00fcdd\u0259t o \u015f\u0259kild\u0259 qald\u0131. M\u0259n o davran\u0131\u015f\u0131 do\u011fru say\u0131ram, \u00e7\u00fcnki reall\u0131q bel\u0259 t\u0259l\u0259b edirdi, silahl\u0131 m\u00fcdaxil\u0259 u\u011furla n\u0259tic\u0259l\u0259nm\u0259zdi. Bizim t\u0259cr\u00fcb\u0259mizd\u0259 proses h\u0259mi\u015f\u0259 uzun \u00e7\u0259kib, amma m\u0259n 100% \u0259min\u0259m ki, sonda bizim prinsipl\u0259rimiz \u00fcst\u00fcn g\u0259l\u0259c\u0259k. Bir vaxtlar soyuq m\u00fcharib\u0259nin nec\u0259 sonlanaca\u011f\u0131n\u0131 he\u00e7 kim bilmirdi. Amma budur, o, art\u0131q bitib. Bu g\u00fcn bizim bel\u0259 tez ruhdan d\u00fc\u015fm\u0259yimiz\u0259 v\u0259 c\u0259sar\u0259timizi nec\u0259 tez itirdiyimiz\u0259 bax\u0131b t\u0259\u0259cc\u00fcbl\u0259nir\u0259m\u201d.<\/p>\n<p>  1989-cu ild\u0259 Berlin divar\u0131 y\u0131x\u0131landan sonra ADR-d\u0259 yeni partiyalar yaranma\u011fa ba\u015flay\u0131r, o \u0259r\u0259f\u0259d\u0259 art\u0131q f\u0259aliyy\u0259tini dayand\u0131rmaq \u00fczr\u0259 olan Elml\u0259r Akademiyas\u0131n\u0131 t\u0259rk ed\u0259n Angela Merkel Demokratik Oyan\u0131\u015f Partiyas\u0131nda (DOP) i\u015f\u0259 ba\u015flay\u0131r, 1990-c\u0131 ilin fevral\u0131nda bu t\u0259\u015fkilat\u0131n m\u0259tbuat katibi postuna y\u00fcks\u0259lir v\u0259 el\u0259 h\u0259min ay DOP Almaniya Sosial \u0130ttifaq\u0131 (AS\u0130) v\u0259 Xristian-Demokratik \u0130ttifaq\u0131n\u0131n (XD\u0130) yaratd\u0131\u011f\u0131 konservativ \u201cAlmaniya u\u011frunda alyans\u201d\u0131na qo\u015fulur. Bir ay sonra ADR-in Xalq Palatas\u0131na ke\u00e7iril\u0259n se\u00e7kil\u0259rd\u0259 koalisiya qalib g\u0259lir v\u0259 c\u0259mi 0,9% s\u0259s alan DOS da h\u00f6kum\u0259td\u0259 t\u0259msil olunur. Az sonra m\u0259lum olur ki, DOS-un s\u0259dri Volfhanq \u015enur uzun ill\u0259r \u201c\u015etazi\u201dnin informatoru olub. Bu x\u0259b\u0259r alyans\u0131n t\u0259r\u0259fdarlar\u0131n\u0131 \u015foka sal\u0131r, partiyan\u0131n n\u00fcfuzu ciddi \u015f\u0259kild\u0259 z\u0259d\u0259l\u0259nir. ADR-in ilk v\u0259 son demokratik h\u00f6kum\u0259tind\u0259 Angela m\u0259tbuat katibinin m\u00fcavini v\u0259zif\u0259siyl\u0259 t\u0259msil edilir. 1990-\u0131n yay\u0131nda XD\u0130-y\u0259 ke\u00e7ir, pay\u0131zda \u2013 iki Almaniyan\u0131n birl\u0259\u015fm\u0259si \u0259r\u0259f\u0259sind\u0259 \u015f\u0259rqi v\u0259 q\u0259rbi XD\u0130-l\u0259r d\u0259 birl\u0259\u015firl\u0259r.\n<\/p>\n<p>\n  O zaman sevgilisiyl\u0259 h\u0259l\u0259 ki, nikahs\u0131z ya\u015fayan Merkel\u0259 bu konservativ m\u00f6vqeli partiyan\u0131 c\u0259lbedici ed\u0259n \u0259sas faktor, he\u00e7 \u015f\u00fcbh\u0259siz, onun siyasi ambisiyalar\u0131yd\u0131. Se\u00e7ki yar\u0131\u015f\u0131n\u0131 udmu\u015f populyar bir partiyada karyera qurmaq \u015fanslar\u0131, \u0259lb\u0259tt\u0259 ki, daha \u00e7ox olard\u0131. F\u0259hmi onu aldatm\u0131r, 3 oktyabr 1990-c\u0131 ild\u0259 &#8211; Almaniya birl\u0259\u015f\u0259n g\u00fcn Merkel Federal M\u0259tbuat v\u0259 \u0130nformasiya Nazirliyind\u0259 m\u0259sl\u0259h\u0259t\u00e7i v\u0259zif\u0259sin\u0259 t\u0259yin edilir. 2 ay sonra ke\u00e7iril\u0259n ilk \u00fcmumi bundestaq se\u00e7kil\u0259rind\u0259 deputat mandat\u0131 qazan\u0131r. Az sonra Helmut Kol onu qad\u0131nlar v\u0259 g\u0259ncl\u0259rl\u0259 i\u015f \u00fczr\u0259 nazir v\u0259zif\u0259sin\u0259 t\u0259yin edir. El\u0259 h\u0259min il Angelan\u0131n AB\u015e-a getm\u0259k arzusu, n\u0259hay\u0259t, realla\u015f\u0131r. R\u0259smi hey\u0259tin t\u0259rkibind\u0259 A\u011f Evd\u0259 olan Merkel Ronald Reyqanla \u2013 SSR\u0130-y\u0259 qar\u015f\u0131 \u00e7\u0131xan v\u0259 ona qalib g\u0259l\u0259n q\u0259hr\u0259man\u0131yla g\u00f6r\u00fc\u015f\u00fcr. Amma bu xo\u015fb\u0259xtlik ona baha ba\u015fa g\u0259lir \u2013 Angelan\u0131 Bu\u015fa \u015e\u0259rqi Almaniyada b\u00f6y\u00fcm\u00fc\u015f ekzotik kadr kimi, \u201cHelmut Kolun q\u0131z\u0131\u201d olaraq t\u0259qdim edirl\u0259r. O, p\u0259rt olur v\u0259 u\u015faql\u0131\u011f\u0131ndak\u0131 kimi, arxa plana \u00e7\u0259kilir. Merkel kimins\u0259 adam\u0131 kimi yox, \u00f6z qabiliyy\u0259tin\u0259 g\u00f6r\u0259 qiym\u0259tl\u0259ndirilm\u0259k ist\u0259yir. \u0130srail\u0259 s\u0259f\u0259r zaman\u0131 \u015f\u0259xsin\u0259 qar\u015f\u0131 eyni laqeydliyi hiss ed\u0259nd\u0259 \u0259s\u0259bl\u0259ri tab g\u0259tirmir, g\u00f6r\u00fc\u015fd\u0259n sonra a\u011flay\u0131r. Onun r\u0259smi bioqraf\u0131 Stefan Kornelius yaz\u0131r ki, \u201cSiyasi karyeras\u0131n\u0131n ilk ill\u0259rind\u0259 Merkel tez-tez bel\u0259 z\u0259iflik n\u00fcmayi\u015f etdirirdi\u201d.\n<\/p>\n<p>\n  1991-ci ilin noyabr\u0131nda XD\u0130-nin Branderburq \u015f\u00f6b\u0259sind\u0259 s\u0259dr m\u00fcavinliyi \u00fczr\u0259 yar\u0131\u015f\u0131 uduzan Merkel bir ay sonra &#8211; partiyan\u0131n federal qurultay\u0131nda partiya s\u0259drinin m\u00fcavini, iki il sonra is\u0259 partiyan\u0131n Meklenburq-\u00d6n Pameraniya \u015f\u00f6b\u0259sinin s\u0259dri se\u00e7ilir.\n<\/p>\n<p>\n  O, Bundestaqa n\u00f6vb\u0259ti se\u00e7kil\u0259rd\u0259 (1994) d\u0259 deputat mandat\u0131 qazan\u0131r, yeni h\u00f6kum\u0259td\u0259 Helmut Kol ona \u0259traf m\u00fchitin v\u0259 t\u0259bi\u0259tin m\u00fchafiz\u0259si v\u0259 n\u00fcv\u0259 t\u0259hl\u00fck\u0259sizliyi \u00fczr\u0259 nazir v\u0259zif\u0259sini h\u0259val\u0259 edir.\n<\/p>\n<p>\n  1998-2005-ci ill\u0259rd\u0259 kansler se\u00e7il\u0259c\u0259k SDP-\u00e7i (Sosial-Demokratlar Partiyas\u0131) Herhard \u015er\u00f6der h\u0259min \u0259r\u0259f\u0259d\u0259 onu \u201cmiskin nazir\u201d adland\u0131r\u0131r. Merkel yen\u0259 \u00e7ox p\u0259rt olur, Herlinde Koelbla oilki m\u00fcsahib\u0259sind\u0259 \u201c\u0130ndi, o, m\u0259niml\u0259 nec\u0259 davrand\u0131sa, n\u0259 vaxtsa m\u0259n d\u0259 onunla el\u0259 davranacam. Bir g\u00fcn m\u00fctl\u0259q onu k\u00fcnc\u0259 qoyacam. H\u0259l\u0259 ki, m\u0259n\u0259 vaxt laz\u0131md\u0131r, amma o g\u00fcn m\u00fctl\u0259q g\u0259l\u0259c\u0259k\u201d,- deyir.\n<\/p>\n<p>\n  Nazir postundak\u0131 nailiyy\u0259tl\u0259ri \u015er\u00f6derin ona qar\u015f\u0131 haqs\u0131zl\u0131q etdiyini g\u00f6st\u0259rir. \u0130qlim d\u0259yi\u015fikliyi \u00fczr\u0259 beyn\u0259lxalq Berlin konfrans\u0131nda \u00e7\u0131x\u0131\u015f ed\u0259n Merkel parnik qazlar\u0131n\u0131n azald\u0131lmas\u0131yla ba\u011fl\u0131 ilk yaz\u0131l\u0131 v\u0259din verilm\u0259sin\u0259 nail olur. \u201cAdd\u0131m-add\u0131m konsensus\u201d taktikas\u0131 ona yeni u\u011furlar qazand\u0131r\u0131r v\u0259 n\u0259hay\u0259t, \u201co g\u00fcn\u201d g\u0259lib \u00e7at\u0131r: 2005-ci ild\u0259ki federal se\u00e7kil\u0259rd\u0259 n\u0259 XD\u0130-XS\u0130 (Xristian-Sosialistl\u0259r Partiyas\u0131) koalisiyas\u0131, n\u0259 d\u0259 SDP s\u0259s\u00e7oxlu\u011fu qazana bilir. Se\u00e7ki ax\u015fam\u0131 kanslerliy\u0259 namiz\u0259dl\u0259r ad\u0259ti \u00fczr\u0259 bir televiziya verili\u015find\u0259 se\u00e7kinin n\u0259tic\u0259l\u0259rini m\u00fczakir\u0259 edirl\u0259r, \u015er\u00f6der dil-bo\u011faza qoymadan israr edir ki, ondan ba\u015fqa he\u00e7 kim h\u00f6kum\u0259t formala\u015fd\u0131ra bilm\u0259z. H\u0259min verili\u015fd\u0259 \u015er\u00f6der\u0259 bo\u015f bax\u0131\u015flarla baxan m\u0259hz o g\u00fcn Angela onu k\u00fcnc\u0259 qoydu\u011funu b\u00fcruz\u0259 vermir. Eks-kanslers\u0259, \u00e7ox g\u00fcman, bunu ancaq iki ay sonra \u2013 \u201cmiskin nazir\u201d kansler olaraq and i\u00e7\u0259n g\u00fcn anlay\u0131r.\n<\/p>\n<p>\n  4 il sonrak\u0131 federal se\u00e7kil\u0259r xristian-demokratlar \u00fc\u00e7\u00fcn b\u00f6y\u00fck u\u011fursuzluqla n\u0259tic\u0259l\u0259nir, mandat say\u0131 azalan partiya m\u00fcxalif\u0259t\u0259 ke\u00e7m\u0259li olur. Bu m\u0259\u011flubiyy\u0259t Kolun partiyadak\u0131 \u0259b\u0259di r\u0259qibi Volfhanq \u015eoyblenin m\u00f6vqeyini g\u00fccl\u0259ndirir, t\u0259\u015fkilat\u0131n n\u00f6vb\u0259ti qurultay\u0131nda (1998) o, XD\u0130-nin s\u0259dri se\u00e7ilir v\u0259 d\u0259rhal da Merkeli partiyan\u0131n ba\u015f katibi v\u0259zif\u0259sin\u0259 t\u0259yin edir. Kol partiyan\u0131n f\u0259xri s\u0259dri v\u0259 \u0130dar\u0259 Hey\u0259tinin \u00fczv\u00fc se\u00e7ilir, eyni zamanda XD\u0130-nin federal idar\u0259\u00e7iliyind\u0259 d\u0259 t\u0259msil olunur.\n<\/p>\n<p>\n  C\u0259mi bir il sonra ke\u00e7iril\u0259n yerli parlament se\u00e7kil\u0259rind\u0259, o c\u00fcml\u0259d\u0259n Avropa Birliyin\u0259 se\u00e7kil\u0259rd\u0259 XD\u0130-nin q\u0259l\u0259b\u0259 \u00e7almas\u0131 Merkelin h\u0259m ictimaiyy\u0259td\u0259, h\u0259m d\u0259 partiya daxilind\u0259 n\u00fcfuzunu art\u0131r\u0131r. Bir ne\u00e7\u0259 ay sonra partiyan\u0131n qanunsuz maliyy\u0259l\u0259\u015fm\u0259siyl\u0259 ba\u011fl\u0131 faktlar \u00fcz\u0259 \u00e7\u0131x\u0131r, m\u0259lum olur ki, Helmut Kol \u201cSiyasi partiyalar haqq\u0131nda\u201d qanunu pozaraq lobbi\u00e7il\u0259rd\u0259n milyonlarla marka maliyy\u0259 v\u0259saiti q\u0259bul edib. Televiziya m\u00fcsahib\u0259sind\u0259 bunu etiraf ed\u0259n eks-kansler gizlilik s\u00f6z\u00fc verdiyini \u0259sas g\u0259tir\u0259r\u0259k sponsorlar\u0131n ad\u0131n\u0131 a\u00e7\u0131qlam\u0131r.\n<\/p>\n<p>\n  Merkel doqquz il (1999-dan) r\u0259hb\u0259ri olmu\u015f Kolu publik t\u0259nqid edir, \u201cFrankfurtun \u00fcmumi q\u0259zeti\u201dnd\u0259 d\u0259rc etdirdiyi m\u0259qal\u0259d\u0259 (\u00abFrankfurter Allgemeine Zeitung\u00bb, 22.12.1999) \u201cOnun vaxt\u0131 bitib\u201d yaz\u0131r v\u0259 partiya \u00fczvl\u0259rini k\u00f6hn\u0259 qvardiyayla vidala\u015fma\u011fa \u00e7a\u011f\u0131r\u0131r. Tutdu\u011fu postlar\u0131 bir ne\u00e7\u0259 h\u0259ft\u0259 sonra t\u0259rk ed\u0259n Kol v\u0259 XD\u0130 s\u0259dri Volfhanq \u015eoyble aras\u0131nda gizli polemika ba\u015flay\u0131r. Amma tezlikl\u0259 bu polemikadan ictimaiyy\u0259t d\u0259 x\u0259b\u0259r tutur v\u0259 \u015eoyble d\u0259v\u0259t edildiyi bir televiziya verili\u015find\u0259 etiraf etm\u0259li olur ki, qanunsuz maliyy\u0259l\u0259\u015fm\u0259 m\u0259s\u0259l\u0259sind\u0259 o \u00f6z\u00fc d\u0259 i\u015ftirak edib. Bir ne\u00e7\u0259 ay sonra XD\u0130-nin qurultay\u0131 ke\u00e7irilir (aprel, 2000) v\u0259 Angela Merkel partiya s\u0259dri se\u00e7ilir.\n<\/p>\n<p>\n  Amma bundan iki il sonra \u00e7a\u011f\u0131r\u0131lan qurultayda r\u0259hb\u0259rlikd\u0259 t\u0259msil olunan b\u0259zi xristian-demokratlar kansler postuna Merkelin yox, partiyan\u0131n koalisiya orta\u011f\u0131 olan XS\u0130 s\u0259dri Edmund \u015etoyberin namiz\u0259dliyini d\u0259st\u0259kl\u0259yirl\u0259r. T\u0259\u015fkilatdak\u0131 m\u00f6vqeyini daxili \u00e7\u0259ki\u015fm\u0259l\u0259rl\u0259 z\u0259ifl\u0259tm\u0259k ist\u0259m\u0259y\u0259n Merkel onlara qar\u015f\u0131 \u00e7\u0131xm\u0131r. Amma se\u00e7kid\u0259 sosial-demokratlar qalib g\u0259lirl\u0259r v\u0259 kansler v\u0259zif\u0259sin\u0259 onlar\u0131n lideri Gerhard \u015er\u00f6der se\u00e7ilir. XD\u0130-nin h\u0259min il ke\u00e7iril\u0259n qurultay\u0131nda (2002) Merkel yenid\u0259n partiya s\u0259dr se\u00e7ilir.\n<\/p>\n<p>\n  2003-2004-c\u00fc ill\u0259rd\u0259 yerli se\u00e7kil\u0259rd\u0259 ciddi u\u011furlar qazanmas\u0131 partiyan\u0131n Bundestaqdak\u0131 m\u00f6vqeyini m\u00f6hk\u0259ml\u0259dir v\u0259 bu, m\u00fcxalif\u0259td\u0259 olan Merkel\u0259 h\u0259m Almaniyan\u0131n, h\u0259m d\u0259 Avropa Birliyinin (AB) idar\u0259\u00e7iliyind\u0259 i\u015ftirak etm\u0259k imkan\u0131 qazand\u0131r\u0131r. 2004-c\u00fc ilin noyabr\u0131nda \u00f6lk\u0259daxili v\u0259ziyy\u0259ti \u015f\u0259rh ed\u0259n Merkel \u201cMultikultural c\u0259miyy\u0259t u\u011fursuz oldu\u201d deyir, Avropa c\u0259miyy\u0259tin\u0259 inteqrasiya imkanlar\u0131n\u0131n z\u0259ifliyin\u0259 g\u00f6r\u0259 Almaniyan\u0131n o vaxt \u0259sas\u0259n T\u00fcrkiy\u0259 t\u00fcrkl\u0259rind\u0259n ibar\u0259t olan m\u00fcs\u0259lman \u0259halisini t\u0259nqid edir. H\u0259min il T\u00fcrkiy\u0259y\u0259 3 g\u00fcnl\u00fck s\u0259f\u0259ri zaman\u0131 bu \u00f6lk\u0259 v\u0259 AB aras\u0131nda \u201cimtiyazl\u0131 \u0259m\u0259kda\u015fl\u0131q\u201d (\u201ctam t\u0259r\u0259fda\u015fl\u0131q\u201d \u0259v\u0259zin\u0259) modeli t\u0259klif edir. 11 il sonra Merkelin multikulturalizm\u0259 v\u0259 m\u00fcs\u0259lmanlarla birg\u0259ya\u015fay\u0131\u015fa m\u00fcnasib\u0259tind\u0259 kardinal d\u0259yi\u015filikl\u0259r ba\u015f ver\u0259c\u0259kdi v\u0259 reytinq itkisi bahas\u0131na olsa bel\u0259, o, Almaniyan\u0131n \u201cqap\u0131lar\u0131n\u0131\u201d taybatay onlar\u0131n \u00fcz\u00fcn\u0259 a\u00e7acaqd\u0131 (Bu haqda yaz\u0131n\u0131n davam\u0131nda).\n<\/p>\n<p>\n  2004-c\u00fc il h\u0259m d\u0259 Merkelin partiyadaxili m\u00f6vqeyinin m\u00f6hk\u0259ml\u0259ndiyi ildir. May ay\u0131nda Federal M\u0259clisd\u0259 ke\u00e7iril\u0259n se\u00e7kil\u0259rd\u0259 S\u0259lahiyy\u0259t m\u00fcdd\u0259ti ba\u015fa \u00e7atm\u0131\u015f AFR prezidenti Yohannes Raunun yerin\u0259 XD\u0130 v\u0259 XS\u0130-nin tan\u0131nm\u0131\u015f simalar\u0131ndan y\u00fcks\u0259k s\u0259viyy\u0259d\u0259 d\u0259st\u0259k alm\u0131\u015f Volfhanq \u015eoyble yox, Merkelin d\u0259st\u0259kl\u0259diyi Horst K\u00f6ler se\u00e7ilir. N\u00f6vb\u0259ti ilin may\u0131nda is\u0259 koalisiyan\u0131n birg\u0259 y\u0131\u011f\u0131nca\u011f\u0131nda kanslerliy\u0259 Merkelin namiz\u0259dliyi t\u0259sdiql\u0259nir.\n<\/p>\n<p>\n  Bu yerd\u0259 \u00e7ox vacib bir m\u0259qama diqq\u0259t etm\u0259miz laz\u0131md\u0131r. Merkeli karyera pill\u0259k\u0259nind\u0259 y\u00fcks\u0259ld\u0259n \u0259sas s\u0259b\u0259bl\u0259rd\u0259n biri, b\u0259lk\u0259 d\u0259 birincisi g\u00f6rd\u00fcy\u00fc i\u015f\u0259 son d\u0259r\u0259c\u0259 ciddi yana\u015fmas\u0131d\u0131r. O, siyas\u0259td\u0259, ilk n\u00f6vb\u0259d\u0259, bir elm adam\u0131 kimi var; ya da bel\u0259 dey\u0259k \u2013 onun siyas\u0259tind\u0259 elmin intizam\u0131 var. Elml\u0259 \u00e7al\u0131\u015fd\u0131\u011f\u0131 zamanlarda oldu\u011fu kimi, intellektual \u00e7al\u0131\u015fma v\u0259 \u0259n etibarl\u0131 g\u00f6st\u0259ricil\u0259r \u0259ld\u0259 etm\u0259 h\u0259l\u0259 d\u0259 Almaniya kanslerinin \u0259sas i\u015f prinsipidir. O, siyas\u0259t\u00e7il\u0259rd\u0259 az rast g\u0259lin\u0259n ara\u015fd\u0131rma\u00e7\u0131 ruha sahibdir. Helmut Kolun kanslerliyi d\u00f6n\u0259mind\u0259 Merkell\u0259 birg\u0259 i\u015fl\u0259mi\u015f Mattias Visman Merkeli h\u0259r an ay\u0131q-say\u0131q olan kapitana b\u0259nz\u0259dir: \u201cO, vacib m\u0259qamlarda kursu d\u0259yi\u015f\u0259 bilm\u0259k azadl\u0131\u011f\u0131n\u0131 sevir. Problemi k\u00f6k\u00fcnd\u0259n \u00f6yr\u0259nm\u0259k, laz\u0131ms\u0131z informasiyalar\u0131 k\u0259nara atmaq v\u0259 \u00e7oxlu sual verm\u0259k \u2013 Angelan\u0131n i\u015f metodu bel\u0259dir. O d\u00f6n\u0259md\u0259 o, h\u0259mi\u015f\u0259 bir nazird\u0259n g\u00f6zl\u0259m\u0259y\u0259c\u0259yiniz q\u0259d\u0259r m\u0259lumatl\u0131 olurdu\u201d.\n<\/p>\n<p>\n  2013-c\u00fc ilin Bundestaq se\u00e7kil\u0259rind\u0259 sosial-demokratlar\u0131n kanslerliy\u0259 namiz\u0259di olmu\u015f, Merkel\u0259 uduzandan sonra onun kabinetind\u0259 maliyy\u0259 naziri i\u015fl\u0259mi\u015f Peer \u015etaynbr\u00fck da ilk n\u00f6vb\u0259d\u0259 onun ara\u015fd\u0131rma\u00e7\u0131 x\u00fcsusiyy\u0259tini vur\u011fulay\u0131r: \u201cAngela \u00e7ox a\u011f\u0131ll\u0131d\u0131r. Sizin ona verdiyiniz informasiyan\u0131 d\u0259rhal qavray\u0131r v\u0259 ciddi \u015f\u0259kild\u0259 yoxlay\u0131r. O, h\u0259m d\u0259 \u00e7ox etibarl\u0131 insand\u0131r, q\u0259na\u0259tinizin do\u011frulu\u011funa \u0259min olduqdan sonra sizi h\u0259mi\u015f\u0259 m\u00fcdafi\u0259 edir. Kanslerin d\u0259yi\u015fm\u0259z t\u0259l\u0259bi b\u00fct\u00fcn m\u0259s\u0259l\u0259l\u0259rd\u0259 tam konfedensiall\u0131qd\u0131r. Birc\u0259 d\u0259f\u0259 bu t\u0259l\u0259bi pozsan\u0131z, ikinci \u015fans\u0131n\u0131z olmayacaq, \u00e7\u00fcnki onun ofisi f\u00f6vq\u0259lad\u0259 d\u0259r\u0259c\u0259d\u0259 kip ba\u011flanan konteyner kimidir. Angelan\u0131n yax\u0131n \u0259traf\u0131 6-7 \u0259sas k\u00f6m\u0259k\u00e7id\u0259n ibar\u0259tdir, ikisi tam on ildir ki, onun yan\u0131ndad\u0131r\u201d.<\/p>\n<p>  Komandas\u0131n\u0131n \u00fczvl\u0259ri Angelan\u0131n az qala 24 saat \u00e7al\u0131\u015fd\u0131\u011f\u0131n\u0131 deyirl\u0259r. \u0130\u015f g\u00fcn\u00fcn\u00fcn b\u00f6y\u00fck hiss\u0259sini kabinetind\u0259ki uzun dan\u0131\u015f\u0131q masas\u0131 arxas\u0131nda, \u0259n m\u00fcxt\u0259lif m\u0259s\u0259l\u0259l\u0259ri m\u00fczakir\u0259 etm\u0259kl\u0259 ke\u00e7ir\u0259n Merkel uzun ara\u015fd\u0131rmalardan sonra se\u00e7diyi kursu add\u0131m-add\u0131m realla\u015fd\u0131rma\u011fa ba\u015flay\u0131r.<\/p>\n<p>  Bu bax\u0131mdan Bundestaqa n\u00f6vb\u0259ti se\u00e7kil\u0259rd\u0259 (sentyabr, 2005) XD\u0130-XS\u0130 koalisiyas\u0131n\u0131n hakimiyy\u0259td\u0259ki sosial-demokratlardan daha \u00e7ox s\u0259s toplamas\u0131nda \u015f\u0259xs\u0259n Merkelin b\u00f6y\u00fck \u0259m\u0259yi var dey\u0259 bil\u0259rik. Amma t\u0259kba\u015f\u0131na h\u00f6kum\u0259t qurmaq \u00fc\u00e7\u00fcn yet\u0259rli deputat say\u0131na malik olmayan koalisiya uzunm\u00fcdd\u0259tli dan\u0131\u015f\u0131qlardan sonra SDP il\u0259 ortaq h\u00f6kum\u0259t qurmaq q\u0259rar\u0131 al\u0131r \u2013 t\u0259bii ki, Merkelin kansler olmas\u0131 \u015f\u0259rtil\u0259.\n<\/p>\n<p>\n  Bel\u0259likl\u0259, 22 noyabr 2005-ci ild\u0259 Angela Merkel bundestaq\u0131n 16-c\u0131 kansleri se\u00e7ilir v\u0259 AFR tarixind\u0259 bu v\u0259zif\u0259ni tutan ilk qad\u0131n, ke\u00e7mi\u015f ADR-d\u0259n se\u00e7il\u0259n ilk kansler v\u0259 bu v\u0259zif\u0259ni tutan \u0259n cavan siyas\u0259t\u00e7i olur. A\u011fl\u0131, ambisiyas\u0131, i\u015fg\u00fczarl\u0131\u011f\u0131, siyasi r\u0259qab\u0259t bacar\u0131\u011f\u0131 v\u0259 praqmatizmiyl\u0259 orta statistik alman qad\u0131n\u0131ndan xeyli \u00fcst\u00fcn olan, amma sad\u0259 geyimi v\u0259 s\u0131radan ya\u015fam t\u0259rziyl\u0259 onlardan he\u00e7 n\u0259yl\u0259 f\u0259rql\u0259nm\u0259y\u0259n Merkelin q\u0259l\u0259b\u0259si alman qad\u0131nlar\u0131n\u0131n \u00e7oxunu sevindirir.<\/p>\n<p>  Ard\u0131 var.\n<\/p><\/p>\n","protected":false},"excerpt":{"rendered":"<p>\u201cSiyas\u0259td\u0259n getm\u0259k \u00fc\u00e7\u00fcn n\u0259 vaxtsa do\u011fru yolu tapmaq ist\u0259yir\u0259m. Amma bu, t\u0259s\u0259vv\u00fcr etdiyimd\u0259n daha \u00e7\u0259tin imi\u015f. \u0130st\u0259mir\u0259m ki, m\u0259ni yar\u0131\u00f6l\u00fc biri kimi yola sals\u0131nlar\u201d.<\/p>\n","protected":false},"author":11,"featured_media":112230,"comment_status":"closed","ping_status":"open","sticky":false,"template":"","format":"standard","meta":{"_acf_changed":false,"_sitemap_exclude":false,"_sitemap_priority":"","_sitemap_frequency":"","footnotes":""},"categories":[57],"tags":[],"class_list":["post-192515","post","type-post","status-publish","format-standard","has-post-thumbnail","hentry","category-menim-fikrimce","infinite-scroll-item","generate-columns","tablet-grid-50","mobile-grid-100","grid-parent","grid-33","no-featured-image-padding"],"acf":[],"yoast_head":"<!-- This site is optimized with the Yoast SEO plugin v27.4 - https:\/\/yoast.com\/product\/yoast-seo-wordpress\/ -->\n<title>D\u00fcnyan\u0131n \u0259n n\u00fcfuzlu qad\u0131n\u0131: Angela Merkel - MEYDAN.TV<\/title>\n<meta name=\"robots\" content=\"index, follow, max-snippet:-1, max-image-preview:large, max-video-preview:-1\" \/>\n<link rel=\"canonical\" href=\"https:\/\/www.meydan.tv\/az\/article\/dunyanin-en-nufuzlu-qadini-angela-merkel\/\" \/>\n<meta property=\"og:locale\" content=\"az_AZ\" \/>\n<meta property=\"og:type\" content=\"article\" \/>\n<meta property=\"og:title\" content=\"D\u00fcnyan\u0131n \u0259n n\u00fcfuzlu qad\u0131n\u0131: Angela Merkel - MEYDAN.TV\" \/>\n<meta property=\"og:description\" content=\"\u201cSiyas\u0259td\u0259n getm\u0259k \u00fc\u00e7\u00fcn n\u0259 vaxtsa do\u011fru yolu tapmaq ist\u0259yir\u0259m. Amma bu, t\u0259s\u0259vv\u00fcr etdiyimd\u0259n daha \u00e7\u0259tin imi\u015f. \u0130st\u0259mir\u0259m ki, m\u0259ni yar\u0131\u00f6l\u00fc biri kimi yola sals\u0131nlar\u201d.\" \/>\n<meta property=\"og:url\" content=\"https:\/\/www.meydan.tv\/az\/article\/dunyanin-en-nufuzlu-qadini-angela-merkel\/\" \/>\n<meta property=\"og:site_name\" content=\"MEYDAN.TV\" \/>\n<meta property=\"article:published_time\" content=\"2018-11-12T21:04:06+00:00\" \/>\n<meta property=\"og:image\" content=\"https:\/\/www.meydan.tv\/wp-content\/uploads\/44666-scaled.jpg\" \/>\n\t<meta property=\"og:image:width\" content=\"2560\" \/>\n\t<meta property=\"og:image:height\" content=\"1690\" \/>\n\t<meta property=\"og:image:type\" content=\"image\/jpeg\" \/>\n<meta name=\"author\" content=\"user-manager\" \/>\n<meta name=\"twitter:card\" content=\"summary_large_image\" \/>\n<script type=\"application\/ld+json\" class=\"yoast-schema-graph\">{\"@context\":\"https:\\\/\\\/schema.org\",\"@graph\":[{\"@type\":\"Article\",\"@id\":\"https:\\\/\\\/www.meydan.tv\\\/az\\\/article\\\/dunyanin-en-nufuzlu-qadini-angela-merkel\\\/#article\",\"isPartOf\":{\"@id\":\"https:\\\/\\\/www.meydan.tv\\\/az\\\/article\\\/dunyanin-en-nufuzlu-qadini-angela-merkel\\\/\"},\"author\":{\"name\":\"user-manager\",\"@id\":\"https:\\\/\\\/www.meydan.tv\\\/az\\\/#\\\/schema\\\/person\\\/10d11eccf6da3662cf5fdab9806ea91a\"},\"headline\":\"D\u00fcnyan\u0131n \u0259n n\u00fcfuzlu qad\u0131n\u0131: Angela Merkel\",\"datePublished\":\"2018-11-12T21:04:06+00:00\",\"mainEntityOfPage\":{\"@id\":\"https:\\\/\\\/www.meydan.tv\\\/az\\\/article\\\/dunyanin-en-nufuzlu-qadini-angela-merkel\\\/\"},\"wordCount\":3749,\"publisher\":{\"@id\":\"https:\\\/\\\/www.meydan.tv\\\/az\\\/#organization\"},\"image\":{\"@id\":\"https:\\\/\\\/www.meydan.tv\\\/az\\\/article\\\/dunyanin-en-nufuzlu-qadini-angela-merkel\\\/#primaryimage\"},\"thumbnailUrl\":\"https:\\\/\\\/www.meydan.tv\\\/wp-content\\\/uploads\\\/44666-scaled.jpg\",\"articleSection\":[\"M\u0259nim Fikrimc\u0259\"],\"inLanguage\":\"az\"},{\"@type\":\"WebPage\",\"@id\":\"https:\\\/\\\/www.meydan.tv\\\/az\\\/article\\\/dunyanin-en-nufuzlu-qadini-angela-merkel\\\/\",\"url\":\"https:\\\/\\\/www.meydan.tv\\\/az\\\/article\\\/dunyanin-en-nufuzlu-qadini-angela-merkel\\\/\",\"name\":\"D\u00fcnyan\u0131n \u0259n n\u00fcfuzlu qad\u0131n\u0131: Angela Merkel - MEYDAN.TV\",\"isPartOf\":{\"@id\":\"https:\\\/\\\/www.meydan.tv\\\/az\\\/#website\"},\"primaryImageOfPage\":{\"@id\":\"https:\\\/\\\/www.meydan.tv\\\/az\\\/article\\\/dunyanin-en-nufuzlu-qadini-angela-merkel\\\/#primaryimage\"},\"image\":{\"@id\":\"https:\\\/\\\/www.meydan.tv\\\/az\\\/article\\\/dunyanin-en-nufuzlu-qadini-angela-merkel\\\/#primaryimage\"},\"thumbnailUrl\":\"https:\\\/\\\/www.meydan.tv\\\/wp-content\\\/uploads\\\/44666-scaled.jpg\",\"datePublished\":\"2018-11-12T21:04:06+00:00\",\"breadcrumb\":{\"@id\":\"https:\\\/\\\/www.meydan.tv\\\/az\\\/article\\\/dunyanin-en-nufuzlu-qadini-angela-merkel\\\/#breadcrumb\"},\"inLanguage\":\"az\",\"potentialAction\":[{\"@type\":\"ReadAction\",\"target\":[\"https:\\\/\\\/www.meydan.tv\\\/az\\\/article\\\/dunyanin-en-nufuzlu-qadini-angela-merkel\\\/\"]}]},{\"@type\":\"ImageObject\",\"inLanguage\":\"az\",\"@id\":\"https:\\\/\\\/www.meydan.tv\\\/az\\\/article\\\/dunyanin-en-nufuzlu-qadini-angela-merkel\\\/#primaryimage\",\"url\":\"https:\\\/\\\/www.meydan.tv\\\/wp-content\\\/uploads\\\/44666-scaled.jpg\",\"contentUrl\":\"https:\\\/\\\/www.meydan.tv\\\/wp-content\\\/uploads\\\/44666-scaled.jpg\",\"width\":2560,\"height\":1690,\"caption\":\"Source:\"},{\"@type\":\"BreadcrumbList\",\"@id\":\"https:\\\/\\\/www.meydan.tv\\\/az\\\/article\\\/dunyanin-en-nufuzlu-qadini-angela-merkel\\\/#breadcrumb\",\"itemListElement\":[{\"@type\":\"ListItem\",\"position\":1,\"name\":\"Ana s\u0259hif\u0259\",\"item\":\"https:\\\/\\\/www.meydan.tv\\\/az\\\/\"},{\"@type\":\"ListItem\",\"position\":2,\"name\":\"M\u0259nim Fikrimc\u0259\",\"item\":\"https:\\\/\\\/www.meydan.tv\\\/az\\\/section\\\/menim-fikrimce\\\/\"},{\"@type\":\"ListItem\",\"position\":3,\"name\":\"D\u00fcnyan\u0131n \u0259n n\u00fcfuzlu qad\u0131n\u0131: Angela Merkel\"}]},{\"@type\":\"WebSite\",\"@id\":\"https:\\\/\\\/www.meydan.tv\\\/az\\\/#website\",\"url\":\"https:\\\/\\\/www.meydan.tv\\\/az\\\/\",\"name\":\"MEYDAN.TV\",\"description\":\"Meydan TV Az\u0259rbaycan\u0131n media m\u0259kan\u0131ndak\u0131 alternativ s\u0259sidir\",\"publisher\":{\"@id\":\"https:\\\/\\\/www.meydan.tv\\\/az\\\/#organization\"},\"potentialAction\":[{\"@type\":\"SearchAction\",\"target\":{\"@type\":\"EntryPoint\",\"urlTemplate\":\"https:\\\/\\\/www.meydan.tv\\\/az\\\/?s={search_term_string}\"},\"query-input\":{\"@type\":\"PropertyValueSpecification\",\"valueRequired\":true,\"valueName\":\"search_term_string\"}}],\"inLanguage\":\"az\"},{\"@type\":\"Organization\",\"@id\":\"https:\\\/\\\/www.meydan.tv\\\/az\\\/#organization\",\"name\":\"Meydan TV\",\"url\":\"https:\\\/\\\/www.meydan.tv\\\/az\\\/\",\"logo\":{\"@type\":\"ImageObject\",\"inLanguage\":\"az\",\"@id\":\"https:\\\/\\\/www.meydan.tv\\\/az\\\/#\\\/schema\\\/logo\\\/image\\\/\",\"url\":\"https:\\\/\\\/www.meydan.tv\\\/wp-content\\\/uploads\\\/2021\\\/07\\\/meydan-logo.svg\",\"contentUrl\":\"https:\\\/\\\/www.meydan.tv\\\/wp-content\\\/uploads\\\/2021\\\/07\\\/meydan-logo.svg\",\"width\":195,\"height\":46,\"caption\":\"Meydan TV\"},\"image\":{\"@id\":\"https:\\\/\\\/www.meydan.tv\\\/az\\\/#\\\/schema\\\/logo\\\/image\\\/\"}},{\"@type\":\"Person\",\"@id\":\"https:\\\/\\\/www.meydan.tv\\\/az\\\/#\\\/schema\\\/person\\\/10d11eccf6da3662cf5fdab9806ea91a\",\"name\":\"user-manager\"}]}<\/script>\n<!-- \/ Yoast SEO plugin. -->","yoast_head_json":{"title":"D\u00fcnyan\u0131n \u0259n n\u00fcfuzlu qad\u0131n\u0131: Angela Merkel - MEYDAN.TV","robots":{"index":"index","follow":"follow","max-snippet":"max-snippet:-1","max-image-preview":"max-image-preview:large","max-video-preview":"max-video-preview:-1"},"canonical":"https:\/\/www.meydan.tv\/az\/article\/dunyanin-en-nufuzlu-qadini-angela-merkel\/","og_locale":"az_AZ","og_type":"article","og_title":"D\u00fcnyan\u0131n \u0259n n\u00fcfuzlu qad\u0131n\u0131: Angela Merkel - MEYDAN.TV","og_description":"\u201cSiyas\u0259td\u0259n getm\u0259k \u00fc\u00e7\u00fcn n\u0259 vaxtsa do\u011fru yolu tapmaq ist\u0259yir\u0259m. Amma bu, t\u0259s\u0259vv\u00fcr etdiyimd\u0259n daha \u00e7\u0259tin imi\u015f. \u0130st\u0259mir\u0259m ki, m\u0259ni yar\u0131\u00f6l\u00fc biri kimi yola sals\u0131nlar\u201d.","og_url":"https:\/\/www.meydan.tv\/az\/article\/dunyanin-en-nufuzlu-qadini-angela-merkel\/","og_site_name":"MEYDAN.TV","article_published_time":"2018-11-12T21:04:06+00:00","og_image":[{"width":2560,"height":1690,"url":"https:\/\/www.meydan.tv\/wp-content\/uploads\/44666-scaled.jpg","type":"image\/jpeg"}],"author":"user-manager","twitter_card":"summary_large_image","schema":{"@context":"https:\/\/schema.org","@graph":[{"@type":"Article","@id":"https:\/\/www.meydan.tv\/az\/article\/dunyanin-en-nufuzlu-qadini-angela-merkel\/#article","isPartOf":{"@id":"https:\/\/www.meydan.tv\/az\/article\/dunyanin-en-nufuzlu-qadini-angela-merkel\/"},"author":{"name":"user-manager","@id":"https:\/\/www.meydan.tv\/az\/#\/schema\/person\/10d11eccf6da3662cf5fdab9806ea91a"},"headline":"D\u00fcnyan\u0131n \u0259n n\u00fcfuzlu qad\u0131n\u0131: Angela Merkel","datePublished":"2018-11-12T21:04:06+00:00","mainEntityOfPage":{"@id":"https:\/\/www.meydan.tv\/az\/article\/dunyanin-en-nufuzlu-qadini-angela-merkel\/"},"wordCount":3749,"publisher":{"@id":"https:\/\/www.meydan.tv\/az\/#organization"},"image":{"@id":"https:\/\/www.meydan.tv\/az\/article\/dunyanin-en-nufuzlu-qadini-angela-merkel\/#primaryimage"},"thumbnailUrl":"https:\/\/www.meydan.tv\/wp-content\/uploads\/44666-scaled.jpg","articleSection":["M\u0259nim Fikrimc\u0259"],"inLanguage":"az"},{"@type":"WebPage","@id":"https:\/\/www.meydan.tv\/az\/article\/dunyanin-en-nufuzlu-qadini-angela-merkel\/","url":"https:\/\/www.meydan.tv\/az\/article\/dunyanin-en-nufuzlu-qadini-angela-merkel\/","name":"D\u00fcnyan\u0131n \u0259n n\u00fcfuzlu qad\u0131n\u0131: Angela Merkel - MEYDAN.TV","isPartOf":{"@id":"https:\/\/www.meydan.tv\/az\/#website"},"primaryImageOfPage":{"@id":"https:\/\/www.meydan.tv\/az\/article\/dunyanin-en-nufuzlu-qadini-angela-merkel\/#primaryimage"},"image":{"@id":"https:\/\/www.meydan.tv\/az\/article\/dunyanin-en-nufuzlu-qadini-angela-merkel\/#primaryimage"},"thumbnailUrl":"https:\/\/www.meydan.tv\/wp-content\/uploads\/44666-scaled.jpg","datePublished":"2018-11-12T21:04:06+00:00","breadcrumb":{"@id":"https:\/\/www.meydan.tv\/az\/article\/dunyanin-en-nufuzlu-qadini-angela-merkel\/#breadcrumb"},"inLanguage":"az","potentialAction":[{"@type":"ReadAction","target":["https:\/\/www.meydan.tv\/az\/article\/dunyanin-en-nufuzlu-qadini-angela-merkel\/"]}]},{"@type":"ImageObject","inLanguage":"az","@id":"https:\/\/www.meydan.tv\/az\/article\/dunyanin-en-nufuzlu-qadini-angela-merkel\/#primaryimage","url":"https:\/\/www.meydan.tv\/wp-content\/uploads\/44666-scaled.jpg","contentUrl":"https:\/\/www.meydan.tv\/wp-content\/uploads\/44666-scaled.jpg","width":2560,"height":1690,"caption":"Source:"},{"@type":"BreadcrumbList","@id":"https:\/\/www.meydan.tv\/az\/article\/dunyanin-en-nufuzlu-qadini-angela-merkel\/#breadcrumb","itemListElement":[{"@type":"ListItem","position":1,"name":"Ana s\u0259hif\u0259","item":"https:\/\/www.meydan.tv\/az\/"},{"@type":"ListItem","position":2,"name":"M\u0259nim Fikrimc\u0259","item":"https:\/\/www.meydan.tv\/az\/section\/menim-fikrimce\/"},{"@type":"ListItem","position":3,"name":"D\u00fcnyan\u0131n \u0259n n\u00fcfuzlu qad\u0131n\u0131: Angela Merkel"}]},{"@type":"WebSite","@id":"https:\/\/www.meydan.tv\/az\/#website","url":"https:\/\/www.meydan.tv\/az\/","name":"MEYDAN.TV","description":"Meydan TV Az\u0259rbaycan\u0131n media m\u0259kan\u0131ndak\u0131 alternativ s\u0259sidir","publisher":{"@id":"https:\/\/www.meydan.tv\/az\/#organization"},"potentialAction":[{"@type":"SearchAction","target":{"@type":"EntryPoint","urlTemplate":"https:\/\/www.meydan.tv\/az\/?s={search_term_string}"},"query-input":{"@type":"PropertyValueSpecification","valueRequired":true,"valueName":"search_term_string"}}],"inLanguage":"az"},{"@type":"Organization","@id":"https:\/\/www.meydan.tv\/az\/#organization","name":"Meydan TV","url":"https:\/\/www.meydan.tv\/az\/","logo":{"@type":"ImageObject","inLanguage":"az","@id":"https:\/\/www.meydan.tv\/az\/#\/schema\/logo\/image\/","url":"https:\/\/www.meydan.tv\/wp-content\/uploads\/2021\/07\/meydan-logo.svg","contentUrl":"https:\/\/www.meydan.tv\/wp-content\/uploads\/2021\/07\/meydan-logo.svg","width":195,"height":46,"caption":"Meydan TV"},"image":{"@id":"https:\/\/www.meydan.tv\/az\/#\/schema\/logo\/image\/"}},{"@type":"Person","@id":"https:\/\/www.meydan.tv\/az\/#\/schema\/person\/10d11eccf6da3662cf5fdab9806ea91a","name":"user-manager"}]}},"_links":{"self":[{"href":"https:\/\/www.meydan.tv\/az\/wp-json\/wp\/v2\/posts\/192515","targetHints":{"allow":["GET"]}}],"collection":[{"href":"https:\/\/www.meydan.tv\/az\/wp-json\/wp\/v2\/posts"}],"about":[{"href":"https:\/\/www.meydan.tv\/az\/wp-json\/wp\/v2\/types\/post"}],"author":[{"embeddable":true,"href":"https:\/\/www.meydan.tv\/az\/wp-json\/wp\/v2\/users\/11"}],"replies":[{"embeddable":true,"href":"https:\/\/www.meydan.tv\/az\/wp-json\/wp\/v2\/comments?post=192515"}],"version-history":[{"count":0,"href":"https:\/\/www.meydan.tv\/az\/wp-json\/wp\/v2\/posts\/192515\/revisions"}],"wp:featuredmedia":[{"embeddable":true,"href":"https:\/\/www.meydan.tv\/az\/wp-json\/wp\/v2\/media\/112230"}],"wp:attachment":[{"href":"https:\/\/www.meydan.tv\/az\/wp-json\/wp\/v2\/media?parent=192515"}],"wp:term":[{"taxonomy":"category","embeddable":true,"href":"https:\/\/www.meydan.tv\/az\/wp-json\/wp\/v2\/categories?post=192515"},{"taxonomy":"post_tag","embeddable":true,"href":"https:\/\/www.meydan.tv\/az\/wp-json\/wp\/v2\/tags?post=192515"}],"curies":[{"name":"wp","href":"https:\/\/api.w.org\/{rel}","templated":true}]}}