{"id":192503,"date":"2018-11-12T12:46:59","date_gmt":"2018-11-12T12:46:59","guid":{"rendered":"https:\/\/www.meydan.tv\/article\/norvec-qalmaq-ucun-gedir\/"},"modified":"2018-11-12T12:46:59","modified_gmt":"2018-11-12T12:46:59","slug":"norvec-qalmaq-ucun-gedir","status":"publish","type":"post","link":"https:\/\/www.meydan.tv\/az\/article\/norvec-qalmaq-ucun-gedir\/","title":{"rendered":"Norve\u00e7 qalmaq \u00fc\u00e7\u00fcn gedir"},"content":{"rendered":"<figure class=\"wp-block-image size-large\">\n  <img decoding=\"async\" src=\"https:\/\/www.meydan.tv\/az\/112188\/\" alt=\"\" class=\"wp-image-112188\"\/><figcaption><\/figcaption><\/figure>\n<p>\n  Norve\u00e7in Az\u0259rbaycanda s\u0259firliyi ba\u011flay\u0131b, \u0259v\u0259zind\u0259 G\u00fcrc\u00fcstanda diplomatik n\u00fcmay\u0259nd\u0259lik a\u00e7mas\u0131 \u00e7oxlu suallar yaratd\u0131. &#8220;Turan&#8221; \u0130nformasiya Agentliyinin t\u0259hlilind\u0259 bu suallara cavab axtar\u0131l\u0131b. T\u0259hlild\u0259 deyilir:\n<\/p>\n<p>\n  Norve\u00e7 X\u0130N noyabr\u0131n 9-da 1998-ci ilin iyulunda Bak\u0131da diplomatik missiyas\u0131n\u0131n a\u00e7\u0131ld\u0131\u011f\u0131 g\u00fcnd\u0259n etibar\u0259n C\u0259nubi Qafqazda krall\u0131\u011f\u0131n yegan\u0259 diplomadik n\u00fcmay\u0259nd\u0259liyi olan Az\u0259rbaycandak\u0131 s\u0259firliyinin 2019-cu ild\u0259n etibar\u0259n ba\u011fland\u0131\u011f\u0131n\u0131 elan edib. Bu regionda Norve\u00e7in diplomatik m\u0259rk\u0259zi G\u00fcrc\u00fcstana k\u00f6\u00e7\u00fcr\u00fcl\u00fcr. Norve\u00e7-Az\u0259rbaycan m\u00fcnasib\u0259tl\u0259ri Norve\u00e7in Ankaradak\u0131 s\u0259firliyinin yurisdiksiyas\u0131na verilir.\n<\/p>\n<p>\n  Az\u0259rbaycanda, bunu hakimiyy\u0259tin ad\u0131ndan dem\u0259k olmaz, amma c\u0259miyy\u0259t \u00fc\u00e7\u00fcn bu x\u0259b\u0259r g\u00f6zl\u0259nilm\u0259z oldu. Bununla ba\u011fl\u0131 he\u00e7 bir ilkin m\u0259lumat olmam\u0131\u015fd\u0131. H\u0259tta s\u0259firliyin ba\u011flanmas\u0131 haqq\u0131nda m\u0259lumat \u00f6z\u00fc Norve\u00e7in Tbilisid\u0259 s\u0259firlik a\u00e7\u0131lmas\u0131 haqq\u0131nda daha m\u00fcf\u0259ss\u0259l b\u0259yanat\u0131 kontekstind\u0259 s\u0259thi verilmi\u015fdi.\n<\/p>\n<p>\n  &#8220;G\u00fcrc\u00fcstan Avrasiya regionunda bizim \u0259sas t\u0259r\u0259fda\u015flar\u0131m\u0131zdan biridir. Uzun ill\u0259r o, islahatlar yolundan gedib, bu islahatlar onu Avropa qurumlar\u0131na v\u0259 Avroatlantik qurumlara yax\u0131nla\u015fd\u0131r\u0131b. Norve\u00e7 maraqlar\u0131n\u0131n v\u0259 C\u0259nubi Qafqaz \u00f6lk\u0259l\u0259ri il\u0259 \u0259laq\u0259l\u0259rimizin \u00fcmumi qiym\u0259tl\u0259ndirm\u0259sin\u0259 s\u00f6yk\u0259n\u0259r\u0259k, Norve\u00e7 G\u00fcrc\u00fcstanda s\u0259firlik a\u00e7maq q\u0259rar\u0131na g\u0259lib. Tbilisid\u0259 daimi n\u00fcmay\u0259nd\u0259lik say\u0259sind\u0259 bizim b\u00fct\u00fcnl\u00fckd\u0259 regionda hadis\u0259l\u0259rin inki\u015faf\u0131n\u0131 m\u00fc\u015fahid\u0259 etm\u0259yimiz rahat olacaq&#8221;, &#8211; dey\u0259 xarici i\u015fl\u0259r naziri \u0130ne Eriksen Sereyde bildirib.\n<\/p>\n<p>\n  V\u0259 daha sonra deyib: &#8220;Eyni zamanda Bak\u0131dak\u0131 s\u0259firlik ba\u011flanacaq. Ankaradak\u0131 s\u0259firlik Norve\u00e7in Az\u0259rbaycanla m\u00fcnasib\u0259tl\u0259rin\u0259 g\u00f6r\u0259 d\u0259 cavabdeh olacaq. Amma Norve\u00e7 Bak\u0131da f\u0259xri ba\u015f konsulluq yaratma\u011f\u0131 planla\u015fd\u0131r\u0131r. Norve\u00e7in C\u0259nubi Qafqaz t\u0259msil\u00e7iliyind\u0259 bu d\u0259yi\u015fiklikl\u0259r 2019-cu ild\u0259 h\u0259yata ke\u00e7iril\u0259c\u0259k&#8221;.\n<\/p>\n<p>\n  Az\u0259rbaycan hakimiyy\u0259ti Az\u0259rbaycan X\u0130N-in m\u0259tbuat xidm\u0259tinin r\u0259hb\u0259ri s\u0259lahiyy\u0259tl\u0259rini icra ed\u0259n Leyla Abdullayevan\u0131n \u015f\u0259xsind\u0259 Norve\u00e7 h\u00f6kum\u0259tinin bu q\u0259rar\u0131 il\u0259 ba\u011fl\u0131 t\u0259\u0259ss\u00fcf\u00fcn\u00fc bildirib.\n<\/p>\n<p>\n  Bel\u0259likl\u0259, xan\u0131m \u0130ne Eriksen Sereydenin q\u0131sa, amma m\u0259zmununa g\u00f6r\u0259 h\u0259cmli b\u0259yanat\u0131 Norve\u00e7in bu q\u0259rar\u0131 q\u0259bul etm\u0259y\u0259 vadar etmi\u015f motivl\u0259ri v\u0259 regionda m\u0259qs\u0259dl\u0259ri haqq\u0131nda ehtiyatl\u0131, amma informasiya bo\u015flu\u011fu \u015f\u0259raitind\u0259 z\u0259ruri olan n\u0259tic\u0259ni \u00e7\u0131xarma\u011fa imkan verir.\n<\/p>\n<p>\n  <b><br \/>\n    1.<br \/>\n  <\/b><br \/>\n  <i><br \/>\n    Norve\u00e7 s\u0259firliyi Avropa d\u0259y\u0259rl\u0259ri v\u0259 Avroatlantik \u0259m\u0259kda\u015fl\u0131q sistemin\u0259 tranzaksiya h\u0259yata ke\u00e7ir\u0259n G\u00fcrc\u00fcstana k\u00f6\u00e7\u00fcrm\u0259k q\u0259rar\u0131na g\u0259lib, bu \u00f6lk\u0259d\u0259 sonuncu prezident se\u00e7kil\u0259ri d\u0259 bunu g\u00f6st\u0259rib. G\u00fcrc\u00fcstan\u0131n avropal\u0131la\u015fmas\u0131na d\u0259st\u0259k C\u0259nubi Qafqaz\u0131n Avroatlantik m\u0259kana \u00e7\u0259kilm\u0259sind\u0259 lokomotiv rolu oynayan \u0259sas v\u0259 m\u00fch\u00fcm amil\u0259 \u00e7evrilir.<br \/>\n  <\/i>\n<\/p>\n<p>\n  <b><br \/>\n    2.<br \/>\n  <\/b><br \/>\n  <i><br \/>\n    Norve\u00e7lil\u0259rin \u00f6z maraqlar\u0131n\u0131 v\u0259 CQ \u00f6lk\u0259l\u0259ri il\u0259 \u0259laq\u0259l\u0259rini qiym\u0259tl\u0259ndirm\u0259si q\u0259rar\u0131n ikinci \u0259sas\u0131d\u0131r v\u0259 o, iki amill\u0259 ba\u011fl\u0131d\u0131r: 1) Erm\u0259nistanda bu ilin yaz\u0131nda start g\u00f6t\u00fcrm\u00fc\u015f islahatlar\u0131n G\u00fcrc\u00fcstan ssenarisi Oslonun Erm\u0259nistan islahatlar\u0131nda daha f\u0259al i\u015ftirak\u0131n\u0131 t\u0259l\u0259b ed\u0259c\u0259k, 2) bu, s\u0259firliyin Bak\u0131da yerl\u0259\u015fdiyi \u015f\u0259raitd\u0259 daha az s\u0259m\u0259r\u0259li olard\u0131 v\u0259 m\u00fc\u0259yy\u0259n d\u0259r\u0259c\u0259d\u0259 Norve\u00e7 diplomatlar\u0131n\u0131n f\u0259aliyy\u0259t azadl\u0131\u011f\u0131n\u0131 m\u0259hdudla\u015fd\u0131rard\u0131.<br \/>\n  <\/i>\n<\/p>\n<p>\n  <b><br \/>\n    3.<br \/>\n  <\/b><br \/>\n  <i><br \/>\n    Norve\u00e7 X\u0130N-in Avropay\u00f6nl\u00fc G\u00fcrc\u00fcstana daha \u00e7ox yer veril\u0259n v\u0259 Az\u0259rbaycanda diplomatik missiyan\u0131n ba\u011flanmas\u0131 quru \u015f\u0259kild\u0259 qeyd edil\u0259n b\u0259yanat\u0131n\u0131n formas\u0131 Norve\u00e7 t\u0259r\u0259fin r\u0259smi Bak\u0131 il\u0259 demokratik islahatlarla ba\u011fl\u0131 dialoqu davam etdirm\u0259yi s\u0259m\u0259r\u0259siz v\u0259 perspektivsiz hesab etdiyini g\u00f6st\u0259r\u0259 bil\u0259r. M\u0259s\u0259l\u0259nin bu t\u0259r\u0259fi h\u0259mi\u015f\u0259 Norve\u00e7-Az\u0259rbaycan m\u00fcnasib\u0259tl\u0259rind\u0259 \u0259ng\u0259l olub.<br \/>\n  <\/i>\n<\/p>\n<p>\n  Norve\u00e7lil\u0259rin az\u0259rbaycanl\u0131larla Avropa norma v\u0259 d\u0259y\u0259rl\u0259ri sisteind\u0259 energetika, m\u0259d\u0259niyy\u0259t, ictimai v\u0259 t\u0259hsil layih\u0259l\u0259ri vasit\u0259sil\u0259 m\u00fcnasib\u0259tl\u0259r qurmaq c\u0259hdl\u0259ri he\u00e7 bir n\u0259tic\u0259 verm\u0259yib. V\u0259 dem\u0259k olar ki, haz\u0131rk\u0131 q\u0259rar G\u00fcrc\u00fcstan, Erm\u0259nistan v\u0259 Az\u0259rbaycan\u0131n siyasi vektorlar\u0131n\u0131n uy\u011funsuz \u015f\u0259kild\u0259 inki\u015faf\u0131 kontekstind\u0259 ill\u0259r \u0259rzind\u0259 yax\u0131nla\u015f\u0131b. Az\u0259rbaycan getdikc\u0259 daha \u00e7ox m\u00fctl\u0259q avtoritarizm qurulmas\u0131 istiqam\u0259tin\u0259 yuvarlan\u0131r.\n<\/p>\n<p>\n  Norve\u00e7 siyas\u0259tinin z\u0259rb\u0259\u00e7i q\u00fcvv\u0259si &#8211; &#8220;Statoil&#8221; \u015firk\u0259ti &#8211; Az\u0259rbaycan\u0131n t\u0259m\u0259l neft kontrakt\u0131 olan A\u00c7G-nin i\u015ftirak\u00e7\u0131s\u0131, h\u0259l\u0259 2013-c\u00fc ilin dekabr\u0131nda Az\u0259rbaycandan qaz\u0131n Avropaya n\u0259qlini n\u0259z\u0259rd\u0259 tutan &#8220;Transanadolu&#8221; qaz k\u0259m\u0259rinin (TANAP) tikintisi layih\u0259sind\u0259 i\u015ftirakdan imtina edib v\u0259 &#8220;\u015eahd\u0259niz&#8221; qaz layih\u0259sind\u0259 10%-lik pay\u0131n\u0131 satd\u0131\u011f\u0131n\u0131 b\u0259yan edib. 2014-c\u00fc ilin may\u0131nda \u015firk\u0259tin s\u0259hmdarlar\u0131 Az\u0259rbaycandak\u0131 neft-qaz layih\u0259l\u0259rind\u0259n \u00e7\u0131xmaq haqq\u0131nda q\u0259rar q\u0259bul edibl\u0259r. 2015-ci ilin aprelind\u0259 &#8220;Statoil&#8221; &#8220;\u015eah-d\u0259niz Az\u0259rbaycan&#8221; yata\u011f\u0131nda 15,5 faizlik pay\u0131n\u0131 sat\u0131b. (qaz t\u0259dar\u00fck\u00fc \u00fczr\u0259 Az\u0259rbaycan \u015firk\u0259tin\u0259 (12,4 faiz) v\u0259 C\u0259nubi Qafqaz qaz k\u0259m\u0259ri \u015firk\u0259tin\u0259 (15,5 faiz), Malayziyan\u0131n &#8220;Petronas&#8221; neft-qaz \u015firk\u0259tin\u0259).\n<\/p>\n<p>\n  Bu neft-qaz q\u0259rarlar\u0131 Az\u0259rbaycan h\u00f6kum\u0259tinin v\u0259t\u0259nda\u015f c\u0259miyy\u0259tin\u0259 t\u0259zyiqi v\u0259 demokratiyan\u0131n m\u0259hdudla\u015fd\u0131r\u0131lmas\u0131 s\u0259yl\u0259rini art\u0131rd\u0131\u011f\u0131 zaman q\u0259bul edilib. Eyni zamanda h\u0259m y\u00fcks\u0259k r\u0259smi s\u0259viyy\u0259d\u0259, h\u0259m d\u0259 r\u0259smi Bak\u0131 v\u0259 Norve\u00e7 demokratik fondlar\u0131 s\u0259viyy\u0259sind\u0259 demokratiya probleml\u0259ri il\u0259 ba\u011fl\u0131 dan\u0131\u015f\u0131qlar apar\u0131l\u0131b, onlar, son hadis\u0259l\u0259rd\u0259n g\u00f6r\u00fcnd\u00fcy\u00fc kimi, n\u0259tic\u0259siz v\u0259 perspektivsiz olub. 2018-ci ilin may\u0131nda Az\u0259rbaycan D\u00f6vl\u0259t Neft \u015eirk\u0259tinin (SOCAR) v\u0259 Norve\u00e7in Equinor qrupuna daxil olan &#8220;Statoil Azerbaijan&#8221;-\u0131n may\u0131n 30-da neft-qaz s\u0259rgisi zaman\u0131 X\u0259z\u0259r d\u0259nizinin Az\u0259rbaycan sektorunda &#8220;Qaraba\u011f&#8221; yata\u011f\u0131 \u00fczr\u0259 Risk-Service (RSA) Sazi\u015fi v\u0259 yen\u0259 X\u0259z\u0259rd\u0259 &#8220;\u018f\u015fr\u0259fi-Dan Ulduzu-Aypara&#8221; \u00fczr\u0259 k\u0259\u015ffiyyat, i\u015fl\u0259m\u0259 v\u0259 hasilat (PSA) Sazi\u015fi imzalad\u0131\u011f\u0131n\u0131 n\u0259z\u0259r\u0259 alsaq, ola bil\u0259r ki, bunlar t\u0259sad\u00fcf idi.\n<\/p>\n<p>\n  Amma bu, h\u0259m d\u0259 Norve\u00e7in CQ-da \u00f6z energetika v\u0259 siyasi maraqlar\u0131na s\u0259rh\u0259d qoyma\u011f\u0131, energetika maraqlar\u0131n\u0131 Az\u0259rbaycanda layih\u0259l\u0259r vasit\u0259sil\u0259, siyasi maraqlar\u0131n\u0131 is\u0259 G\u00fcrc\u00fcstanda f\u0259all\u0131\u011f\u0131n\u0131 geni\u015fl\u0259ndirm\u0259kl\u0259 t\u0259\u015fviq etm\u0259yi q\u0259rara ald\u0131\u011f\u0131na d\u0259lal\u0259t ed\u0259 bil\u0259r. Qaraba\u011f m\u00fcnaqi\u015f\u0259si il\u0259 \u0259laq\u0259dar G\u00fcrc\u00fcstan\u0131n 90-c\u0131 ill\u0259rin \u0259vv\u0259ll\u0259rind\u0259n h\u0259mi\u015f\u0259 Az\u0259rbaycan v\u0259 Erm\u0259nistan\u0131n i\u015ftirak etdiyi C\u0259nubi Qafqaz layih\u0259l\u0259rinin t\u0259\u015fviqi \u00fc\u00e7\u00fcn \u0259laq\u0259 yeri oldu\u011funu n\u0259z\u0259r\u0259 alsaq, \u00fc\u00e7 \u00f6lk\u0259nin qeyri-formal ictimai \u0259laq\u0259l\u0259rinin geni\u015fl\u0259ndirilm\u0259si x\u0259ttini davam etdirm\u0259k \u00e7\u0259tin deyil, Q\u0259rb, o c\u00fcml\u0259d\u0259n Norve\u00e7 d\u0259 bunda maraql\u0131d\u0131r.\n<\/p>\n<p>\n  Az\u0259rbaycanla m\u00fcnasib\u0259tl\u0259r\u0259 g\u00f6r\u0259 G\u00fcrc\u00fcstan deyil, Ankara s\u0259firliyinin cavabdeh olaca\u011f\u0131 fakt\u0131 da buna d\u0259lal\u0259t edir. Praktiki olaraq, Norve\u00e7in Tbilisid\u0259ki missiyas\u0131 Az\u0259rbaycan hakimiyy\u0259ti il\u0259 \u0259laq\u0259 saxlamayacaq. Bu missiyan\u0131 qism\u0259n f\u0259xri ba\u015f konsul, b\u0259lk\u0259 d\u0259 Az\u0259rbaycanda Equinor-un \u015f\u0259xsind\u0259, \u00f6z \u00fcz\u0259rin\u0259 g\u00f6t\u00fcr\u0259c\u0259k.<\/p>\n","protected":false},"excerpt":{"rendered":"<p>Norve\u00e7in Az\u0259rbaycanda s\u0259firliyi ba\u011flay\u0131b, \u0259v\u0259zind\u0259 G\u00fcrc\u00fcstanda diplomatik n\u00fcmay\u0259nd\u0259lik a\u00e7mas\u0131 \u00e7oxlu &#8230; <\/p>\n<p class=\"read-more-container\"><a title=\"Norve\u00e7 qalmaq \u00fc\u00e7\u00fcn gedir\" class=\"read-more button\" href=\"https:\/\/www.meydan.tv\/az\/article\/norvec-qalmaq-ucun-gedir\/#more-192503\" aria-label=\"Read more about Norve\u00e7 qalmaq \u00fc\u00e7\u00fcn gedir\">Davam\u0131<\/a><\/p>\n","protected":false},"author":11,"featured_media":112188,"comment_status":"closed","ping_status":"open","sticky":false,"template":"","format":"standard","meta":{"_acf_changed":false,"_sitemap_exclude":false,"_sitemap_priority":"","_sitemap_frequency":"","footnotes":""},"categories":[51],"tags":[],"class_list":["post-192503","post","type-post","status-publish","format-standard","has-post-thumbnail","hentry","category-analitika","infinite-scroll-item","generate-columns","tablet-grid-50","mobile-grid-100","grid-parent","grid-33","no-featured-image-padding"],"acf":[],"yoast_head":"<!-- This site is optimized with the Yoast SEO plugin v27.4 - https:\/\/yoast.com\/product\/yoast-seo-wordpress\/ -->\n<title>Norve\u00e7 qalmaq \u00fc\u00e7\u00fcn gedir - MEYDAN.TV<\/title>\n<meta name=\"robots\" content=\"index, follow, max-snippet:-1, max-image-preview:large, max-video-preview:-1\" \/>\n<link rel=\"canonical\" href=\"https:\/\/www.meydan.tv\/az\/article\/norvec-qalmaq-ucun-gedir\/\" \/>\n<meta property=\"og:locale\" content=\"az_AZ\" \/>\n<meta property=\"og:type\" content=\"article\" \/>\n<meta property=\"og:title\" content=\"Norve\u00e7 qalmaq \u00fc\u00e7\u00fcn gedir - MEYDAN.TV\" \/>\n<meta property=\"og:description\" content=\"Norve\u00e7in Az\u0259rbaycanda s\u0259firliyi ba\u011flay\u0131b, \u0259v\u0259zind\u0259 G\u00fcrc\u00fcstanda diplomatik n\u00fcmay\u0259nd\u0259lik a\u00e7mas\u0131 \u00e7oxlu ... Davam\u0131\" \/>\n<meta property=\"og:url\" content=\"https:\/\/www.meydan.tv\/az\/article\/norvec-qalmaq-ucun-gedir\/\" \/>\n<meta property=\"og:site_name\" content=\"MEYDAN.TV\" \/>\n<meta property=\"article:published_time\" content=\"2018-11-12T12:46:59+00:00\" \/>\n<meta property=\"og:image\" content=\"https:\/\/www.meydan.tv\/wp-content\/uploads\/44659.jpg\" \/>\n\t<meta property=\"og:image:width\" content=\"800\" \/>\n\t<meta property=\"og:image:height\" content=\"480\" \/>\n\t<meta property=\"og:image:type\" content=\"image\/jpeg\" \/>\n<meta name=\"author\" content=\"user-manager\" \/>\n<meta name=\"twitter:card\" content=\"summary_large_image\" \/>\n<script type=\"application\/ld+json\" class=\"yoast-schema-graph\">{\"@context\":\"https:\\\/\\\/schema.org\",\"@graph\":[{\"@type\":\"Article\",\"@id\":\"https:\\\/\\\/www.meydan.tv\\\/az\\\/article\\\/norvec-qalmaq-ucun-gedir\\\/#article\",\"isPartOf\":{\"@id\":\"https:\\\/\\\/www.meydan.tv\\\/az\\\/article\\\/norvec-qalmaq-ucun-gedir\\\/\"},\"author\":{\"name\":\"user-manager\",\"@id\":\"https:\\\/\\\/www.meydan.tv\\\/az\\\/#\\\/schema\\\/person\\\/10d11eccf6da3662cf5fdab9806ea91a\"},\"headline\":\"Norve\u00e7 qalmaq \u00fc\u00e7\u00fcn gedir\",\"datePublished\":\"2018-11-12T12:46:59+00:00\",\"mainEntityOfPage\":{\"@id\":\"https:\\\/\\\/www.meydan.tv\\\/az\\\/article\\\/norvec-qalmaq-ucun-gedir\\\/\"},\"wordCount\":1302,\"publisher\":{\"@id\":\"https:\\\/\\\/www.meydan.tv\\\/az\\\/#organization\"},\"image\":{\"@id\":\"https:\\\/\\\/www.meydan.tv\\\/az\\\/article\\\/norvec-qalmaq-ucun-gedir\\\/#primaryimage\"},\"thumbnailUrl\":\"https:\\\/\\\/www.meydan.tv\\\/wp-content\\\/uploads\\\/44659.jpg\",\"articleSection\":[\"Analitika\"],\"inLanguage\":\"az\"},{\"@type\":\"WebPage\",\"@id\":\"https:\\\/\\\/www.meydan.tv\\\/az\\\/article\\\/norvec-qalmaq-ucun-gedir\\\/\",\"url\":\"https:\\\/\\\/www.meydan.tv\\\/az\\\/article\\\/norvec-qalmaq-ucun-gedir\\\/\",\"name\":\"Norve\u00e7 qalmaq \u00fc\u00e7\u00fcn gedir - MEYDAN.TV\",\"isPartOf\":{\"@id\":\"https:\\\/\\\/www.meydan.tv\\\/az\\\/#website\"},\"primaryImageOfPage\":{\"@id\":\"https:\\\/\\\/www.meydan.tv\\\/az\\\/article\\\/norvec-qalmaq-ucun-gedir\\\/#primaryimage\"},\"image\":{\"@id\":\"https:\\\/\\\/www.meydan.tv\\\/az\\\/article\\\/norvec-qalmaq-ucun-gedir\\\/#primaryimage\"},\"thumbnailUrl\":\"https:\\\/\\\/www.meydan.tv\\\/wp-content\\\/uploads\\\/44659.jpg\",\"datePublished\":\"2018-11-12T12:46:59+00:00\",\"breadcrumb\":{\"@id\":\"https:\\\/\\\/www.meydan.tv\\\/az\\\/article\\\/norvec-qalmaq-ucun-gedir\\\/#breadcrumb\"},\"inLanguage\":\"az\",\"potentialAction\":[{\"@type\":\"ReadAction\",\"target\":[\"https:\\\/\\\/www.meydan.tv\\\/az\\\/article\\\/norvec-qalmaq-ucun-gedir\\\/\"]}]},{\"@type\":\"ImageObject\",\"inLanguage\":\"az\",\"@id\":\"https:\\\/\\\/www.meydan.tv\\\/az\\\/article\\\/norvec-qalmaq-ucun-gedir\\\/#primaryimage\",\"url\":\"https:\\\/\\\/www.meydan.tv\\\/wp-content\\\/uploads\\\/44659.jpg\",\"contentUrl\":\"https:\\\/\\\/www.meydan.tv\\\/wp-content\\\/uploads\\\/44659.jpg\",\"width\":800,\"height\":480,\"caption\":\"Source:\"},{\"@type\":\"BreadcrumbList\",\"@id\":\"https:\\\/\\\/www.meydan.tv\\\/az\\\/article\\\/norvec-qalmaq-ucun-gedir\\\/#breadcrumb\",\"itemListElement\":[{\"@type\":\"ListItem\",\"position\":1,\"name\":\"Ana s\u0259hif\u0259\",\"item\":\"https:\\\/\\\/www.meydan.tv\\\/az\\\/\"},{\"@type\":\"ListItem\",\"position\":2,\"name\":\"Analitika\",\"item\":\"https:\\\/\\\/www.meydan.tv\\\/az\\\/section\\\/analitika\\\/\"},{\"@type\":\"ListItem\",\"position\":3,\"name\":\"Norve\u00e7 qalmaq \u00fc\u00e7\u00fcn gedir\"}]},{\"@type\":\"WebSite\",\"@id\":\"https:\\\/\\\/www.meydan.tv\\\/az\\\/#website\",\"url\":\"https:\\\/\\\/www.meydan.tv\\\/az\\\/\",\"name\":\"MEYDAN.TV\",\"description\":\"Meydan TV Az\u0259rbaycan\u0131n media m\u0259kan\u0131ndak\u0131 alternativ s\u0259sidir\",\"publisher\":{\"@id\":\"https:\\\/\\\/www.meydan.tv\\\/az\\\/#organization\"},\"potentialAction\":[{\"@type\":\"SearchAction\",\"target\":{\"@type\":\"EntryPoint\",\"urlTemplate\":\"https:\\\/\\\/www.meydan.tv\\\/az\\\/?s={search_term_string}\"},\"query-input\":{\"@type\":\"PropertyValueSpecification\",\"valueRequired\":true,\"valueName\":\"search_term_string\"}}],\"inLanguage\":\"az\"},{\"@type\":\"Organization\",\"@id\":\"https:\\\/\\\/www.meydan.tv\\\/az\\\/#organization\",\"name\":\"Meydan TV\",\"url\":\"https:\\\/\\\/www.meydan.tv\\\/az\\\/\",\"logo\":{\"@type\":\"ImageObject\",\"inLanguage\":\"az\",\"@id\":\"https:\\\/\\\/www.meydan.tv\\\/az\\\/#\\\/schema\\\/logo\\\/image\\\/\",\"url\":\"https:\\\/\\\/www.meydan.tv\\\/wp-content\\\/uploads\\\/2021\\\/07\\\/meydan-logo.svg\",\"contentUrl\":\"https:\\\/\\\/www.meydan.tv\\\/wp-content\\\/uploads\\\/2021\\\/07\\\/meydan-logo.svg\",\"width\":195,\"height\":46,\"caption\":\"Meydan TV\"},\"image\":{\"@id\":\"https:\\\/\\\/www.meydan.tv\\\/az\\\/#\\\/schema\\\/logo\\\/image\\\/\"}},{\"@type\":\"Person\",\"@id\":\"https:\\\/\\\/www.meydan.tv\\\/az\\\/#\\\/schema\\\/person\\\/10d11eccf6da3662cf5fdab9806ea91a\",\"name\":\"user-manager\"}]}<\/script>\n<!-- \/ Yoast SEO plugin. -->","yoast_head_json":{"title":"Norve\u00e7 qalmaq \u00fc\u00e7\u00fcn gedir - MEYDAN.TV","robots":{"index":"index","follow":"follow","max-snippet":"max-snippet:-1","max-image-preview":"max-image-preview:large","max-video-preview":"max-video-preview:-1"},"canonical":"https:\/\/www.meydan.tv\/az\/article\/norvec-qalmaq-ucun-gedir\/","og_locale":"az_AZ","og_type":"article","og_title":"Norve\u00e7 qalmaq \u00fc\u00e7\u00fcn gedir - MEYDAN.TV","og_description":"Norve\u00e7in Az\u0259rbaycanda s\u0259firliyi ba\u011flay\u0131b, \u0259v\u0259zind\u0259 G\u00fcrc\u00fcstanda diplomatik n\u00fcmay\u0259nd\u0259lik a\u00e7mas\u0131 \u00e7oxlu ... Davam\u0131","og_url":"https:\/\/www.meydan.tv\/az\/article\/norvec-qalmaq-ucun-gedir\/","og_site_name":"MEYDAN.TV","article_published_time":"2018-11-12T12:46:59+00:00","og_image":[{"width":800,"height":480,"url":"https:\/\/www.meydan.tv\/wp-content\/uploads\/44659.jpg","type":"image\/jpeg"}],"author":"user-manager","twitter_card":"summary_large_image","schema":{"@context":"https:\/\/schema.org","@graph":[{"@type":"Article","@id":"https:\/\/www.meydan.tv\/az\/article\/norvec-qalmaq-ucun-gedir\/#article","isPartOf":{"@id":"https:\/\/www.meydan.tv\/az\/article\/norvec-qalmaq-ucun-gedir\/"},"author":{"name":"user-manager","@id":"https:\/\/www.meydan.tv\/az\/#\/schema\/person\/10d11eccf6da3662cf5fdab9806ea91a"},"headline":"Norve\u00e7 qalmaq \u00fc\u00e7\u00fcn gedir","datePublished":"2018-11-12T12:46:59+00:00","mainEntityOfPage":{"@id":"https:\/\/www.meydan.tv\/az\/article\/norvec-qalmaq-ucun-gedir\/"},"wordCount":1302,"publisher":{"@id":"https:\/\/www.meydan.tv\/az\/#organization"},"image":{"@id":"https:\/\/www.meydan.tv\/az\/article\/norvec-qalmaq-ucun-gedir\/#primaryimage"},"thumbnailUrl":"https:\/\/www.meydan.tv\/wp-content\/uploads\/44659.jpg","articleSection":["Analitika"],"inLanguage":"az"},{"@type":"WebPage","@id":"https:\/\/www.meydan.tv\/az\/article\/norvec-qalmaq-ucun-gedir\/","url":"https:\/\/www.meydan.tv\/az\/article\/norvec-qalmaq-ucun-gedir\/","name":"Norve\u00e7 qalmaq \u00fc\u00e7\u00fcn gedir - MEYDAN.TV","isPartOf":{"@id":"https:\/\/www.meydan.tv\/az\/#website"},"primaryImageOfPage":{"@id":"https:\/\/www.meydan.tv\/az\/article\/norvec-qalmaq-ucun-gedir\/#primaryimage"},"image":{"@id":"https:\/\/www.meydan.tv\/az\/article\/norvec-qalmaq-ucun-gedir\/#primaryimage"},"thumbnailUrl":"https:\/\/www.meydan.tv\/wp-content\/uploads\/44659.jpg","datePublished":"2018-11-12T12:46:59+00:00","breadcrumb":{"@id":"https:\/\/www.meydan.tv\/az\/article\/norvec-qalmaq-ucun-gedir\/#breadcrumb"},"inLanguage":"az","potentialAction":[{"@type":"ReadAction","target":["https:\/\/www.meydan.tv\/az\/article\/norvec-qalmaq-ucun-gedir\/"]}]},{"@type":"ImageObject","inLanguage":"az","@id":"https:\/\/www.meydan.tv\/az\/article\/norvec-qalmaq-ucun-gedir\/#primaryimage","url":"https:\/\/www.meydan.tv\/wp-content\/uploads\/44659.jpg","contentUrl":"https:\/\/www.meydan.tv\/wp-content\/uploads\/44659.jpg","width":800,"height":480,"caption":"Source:"},{"@type":"BreadcrumbList","@id":"https:\/\/www.meydan.tv\/az\/article\/norvec-qalmaq-ucun-gedir\/#breadcrumb","itemListElement":[{"@type":"ListItem","position":1,"name":"Ana s\u0259hif\u0259","item":"https:\/\/www.meydan.tv\/az\/"},{"@type":"ListItem","position":2,"name":"Analitika","item":"https:\/\/www.meydan.tv\/az\/section\/analitika\/"},{"@type":"ListItem","position":3,"name":"Norve\u00e7 qalmaq \u00fc\u00e7\u00fcn gedir"}]},{"@type":"WebSite","@id":"https:\/\/www.meydan.tv\/az\/#website","url":"https:\/\/www.meydan.tv\/az\/","name":"MEYDAN.TV","description":"Meydan TV Az\u0259rbaycan\u0131n media m\u0259kan\u0131ndak\u0131 alternativ s\u0259sidir","publisher":{"@id":"https:\/\/www.meydan.tv\/az\/#organization"},"potentialAction":[{"@type":"SearchAction","target":{"@type":"EntryPoint","urlTemplate":"https:\/\/www.meydan.tv\/az\/?s={search_term_string}"},"query-input":{"@type":"PropertyValueSpecification","valueRequired":true,"valueName":"search_term_string"}}],"inLanguage":"az"},{"@type":"Organization","@id":"https:\/\/www.meydan.tv\/az\/#organization","name":"Meydan TV","url":"https:\/\/www.meydan.tv\/az\/","logo":{"@type":"ImageObject","inLanguage":"az","@id":"https:\/\/www.meydan.tv\/az\/#\/schema\/logo\/image\/","url":"https:\/\/www.meydan.tv\/wp-content\/uploads\/2021\/07\/meydan-logo.svg","contentUrl":"https:\/\/www.meydan.tv\/wp-content\/uploads\/2021\/07\/meydan-logo.svg","width":195,"height":46,"caption":"Meydan TV"},"image":{"@id":"https:\/\/www.meydan.tv\/az\/#\/schema\/logo\/image\/"}},{"@type":"Person","@id":"https:\/\/www.meydan.tv\/az\/#\/schema\/person\/10d11eccf6da3662cf5fdab9806ea91a","name":"user-manager"}]}},"_links":{"self":[{"href":"https:\/\/www.meydan.tv\/az\/wp-json\/wp\/v2\/posts\/192503","targetHints":{"allow":["GET"]}}],"collection":[{"href":"https:\/\/www.meydan.tv\/az\/wp-json\/wp\/v2\/posts"}],"about":[{"href":"https:\/\/www.meydan.tv\/az\/wp-json\/wp\/v2\/types\/post"}],"author":[{"embeddable":true,"href":"https:\/\/www.meydan.tv\/az\/wp-json\/wp\/v2\/users\/11"}],"replies":[{"embeddable":true,"href":"https:\/\/www.meydan.tv\/az\/wp-json\/wp\/v2\/comments?post=192503"}],"version-history":[{"count":0,"href":"https:\/\/www.meydan.tv\/az\/wp-json\/wp\/v2\/posts\/192503\/revisions"}],"wp:featuredmedia":[{"embeddable":true,"href":"https:\/\/www.meydan.tv\/az\/wp-json\/wp\/v2\/media\/112188"}],"wp:attachment":[{"href":"https:\/\/www.meydan.tv\/az\/wp-json\/wp\/v2\/media?parent=192503"}],"wp:term":[{"taxonomy":"category","embeddable":true,"href":"https:\/\/www.meydan.tv\/az\/wp-json\/wp\/v2\/categories?post=192503"},{"taxonomy":"post_tag","embeddable":true,"href":"https:\/\/www.meydan.tv\/az\/wp-json\/wp\/v2\/tags?post=192503"}],"curies":[{"name":"wp","href":"https:\/\/api.w.org\/{rel}","templated":true}]}}