{"id":192502,"date":"2018-11-11T22:44:47","date_gmt":"2018-11-11T22:44:47","guid":{"rendered":"https:\/\/www.meydan.tv\/article\/azerbaycan-hakimiyyetinin-mubarizesinin-merkezinde-dayanan-musfiq\/"},"modified":"2018-11-11T22:44:47","modified_gmt":"2018-11-11T22:44:47","slug":"azerbaycan-hakimiyyetinin-mubarizesinin-merkezinde-dayanan-musfiq","status":"publish","type":"post","link":"https:\/\/www.meydan.tv\/az\/article\/azerbaycan-hakimiyyetinin-mubarizesinin-merkezinde-dayanan-musfiq\/","title":{"rendered":"Az\u0259rbaycan hakimiyy\u0259tinin m\u00fcbariz\u0259sinin m\u0259rk\u0259zind\u0259 dayanan M\u00fc\u015ffiq"},"content":{"rendered":"<figure class=\"wp-block-image size-large\">\n  <img decoding=\"async\" src=\"https:\/\/www.meydan.tv\/az\/2017-ci-ilin-avqust-ayi-azerbaycan-prezidenti-ilham-eliyev-mikayil-musfiqin-abidesine-cicek-qoyur\/\" alt=\"2017-ci ilin avqust ay\u0131. Az\u0259rbaycan prezidenti \u0130lham \u018fliyev Mikay\u0131l M\u00fc\u015ffiqin abid\u0259sin\u0259 \u00e7i\u00e7\u0259k qoyur.\" class=\"wp-image-112203\"\/><figcaption>\n    2017-ci ilin avqust ay\u0131. Az\u0259rbaycan prezidenti \u0130lham \u018fliyev Mikay\u0131l M\u00fc\u015ffiqin abid\u0259sin\u0259 \u00e7i\u00e7\u0259k qoyur.<br \/>\n  <\/figcaption><\/figure>\n<p>\n  \u015eair 1938-ci ild\u0259 edam olundu v\u0259 onun qal\u0131qlar\u0131n\u0131n yeri az\u0259rbaycanl\u0131-rus oliqarxlar\u0131 onu tapd\u0131qlar\u0131n\u0131 iddia ed\u0259n\u0259 q\u0259d\u0259r bilinmirdi.\n<\/p>\n<p>\n  Stalin d\u00f6vr\u00fcnd\u0259 ya\u015fam\u0131\u015f az\u0259rbaycanl\u0131 \u015fairin qal\u0131qlar\u0131n\u0131n tap\u0131lmas\u0131 il\u0259 ba\u011fl\u0131 a\u00e7\u0131qlama hakimiyy\u0259t, g\u00f6rk\u0259mli az\u0259rbaycanl\u0131-rus oliqarxlar\u0131 v\u0259 \u015fayi\u0259 yayan jurnalist aras\u0131nda m\u00fcbariz\u0259y\u0259 s\u0259b\u0259b olub. Qalmaqal prezident \u0130lham \u018fliyevi tap\u0131nt\u0131larla ba\u011fl\u0131 ara\u015fd\u0131rmalara \u015f\u0259xs\u0259n n\u0259zar\u0259t etm\u0259y\u0259 m\u0259cbur edib.\n<\/p>\n<p>\n  \u015eair Mikay\u0131l M\u00fc\u015ffiq 1938-ci ild\u0259, 29 ya\u015f\u0131nda ik\u0259n sonradan Sovet \u0130ttifaq\u0131n\u0131 silib-s\u00fcp\u00fcr\u0259n siyasi repressiyalar zaman\u0131 \u00f6ld\u00fcr\u00fcl\u00fcb. Bu g\u00fcn onun romantik \u015feirl\u0259ri Az\u0259rbaycanda \u0259n populyarlarlar s\u0131ras\u0131ndad\u0131r v\u0259 \u00f6lk\u0259nin m\u0259kt\u0259bl\u0259rind\u0259 \u00f6yr\u0259nilir, ancaq onun \u00f6l\u00fcm\u00fcn\u00fcn hans\u0131 \u015f\u0259rtl\u0259rd\u0259 ba\u015f verm\u0259si sirr olaraq qal\u0131r.\n<\/p>\n<p>\n  Qal\u0131qlar Az\u0259rbaycanda b\u00f6y\u00fcm\u00fc\u015f rus oliqarx\u0131 F\u0259rhad \u018fhm\u0259dovun h\u0259yata ke\u00e7irdiyi h\u0259v\u0259skar arxeoloji ekspedisiya zaman\u0131 a\u015fkarlan\u0131b. \u018fhm\u0259dov 1970-ci ild\u0259 korrupsiyaya qar\u015f\u0131 geni\u015f yay\u0131lm\u0131\u015f m\u00fcbariz\u0259l\u0259r s\u0131ras\u0131nda \u00f6ld\u00fcr\u00fcl\u0259n, nar \u015fir\u0259si zavodunun ke\u00e7mi\u015f r\u0259hb\u0259ri olan atas\u0131n\u0131n qal\u0131qlar\u0131n\u0131 tapma\u011fa \u00e7al\u0131\u015f\u0131rd\u0131 (Yeri g\u0259lmi\u015fk\u0259n, \u0130lham \u018fliyevin atas\u0131 Heyd\u0259r \u018fliyev o zaman Sovet Az\u0259rbaycan\u0131n\u0131n ba\u015f\u00e7\u0131s\u0131 idi).\n<\/p>\n<p>\n  Bu ara\u015fd\u0131rman\u0131n bir hiss\u0259si olaraq \u018fhm\u0259dov dig\u0259r Az\u0259rbaycan r\u0259smil\u0259rinin v\u0259 ziyal\u0131lar\u0131n\u0131n, o c\u00fcml\u0259d\u0259n, 1930-cu ill\u0259rd\u0259ki \u201ct\u0259mizl\u0259nm\u0259\u201dy\u0259 n\u0259zar\u0259t ed\u0259n v\u0259 1956-c\u0131 ild\u0259 edam olunan Sovet Az\u0259rbaycan\u0131n\u0131n ba\u015f\u00e7\u0131s\u0131 Mirc\u0259f\u0259r Ba\u011f\u0131rovun qal\u0131qlar\u0131n\u0131 tapd\u0131\u011f\u0131n\u0131 a\u00e7\u0131qlad\u0131.\n<\/p>\n<p>\n  &#8220;M\u0259n Stalin d\u00f6vr\u00fcnd\u0259 q\u0259tl\u0259 yetiril\u0259nl\u0259rin \u00e7oxunun k\u00fcll\u0259rinin basd\u0131r\u0131ld\u0131\u011f\u0131 Qarada\u011f rayonunun Puta k\u0259ndind\u0259 axtar\u0131\u015f zaman\u0131 b\u00f6y\u00fck az\u0259rbaycanl\u0131 \u015fair Mikay\u0131l M\u00fc\u015ffiqin qal\u0131qlar\u0131n\u0131 tapd\u0131m&#8221; \u2013 \u018fhm\u0259dov 10 oktyabr tarixind\u0259 \u201chaqqin.az\u201d x\u0259b\u0259r sayt\u0131na a\u00e7\u0131qlay\u0131b.\n<\/p>\n<p>\n  \u018fhm\u0259dovun qal\u0131qlar\u0131n M\u00fc\u015ffiq\u0259 aid olmas\u0131 q\u0259na\u0259tin\u0259 nec\u0259 g\u0259ldiyi m\u0259lum deyil. Bir k\u00f6m\u0259k\u00e7inin vasit\u0259\u00e7iliyi il\u0259, o, &#8220;Eurasianet&#8221;-in m\u00fcsahib\u0259 ist\u0259yini r\u0259dd edib.\n<\/p>\n<p>\n  Az\u0259rbaycan h\u00f6kum\u0259tinin \u00f6z opponentl\u0259rin\u0259 h\u00fccum etm\u0259si \u00fc\u00e7\u00fcn \u00f6lk\u0259nin t\u0259hl\u00fck\u0259sizlik xidm\u0259tin\u0259 vasit\u0259\u00e7ilik ed\u0259n x\u0259b\u0259r sayt\u0131 kimi tan\u0131nan \u201chaqq\u0131n.az\u201d daha sonra tap\u0131nt\u0131lar\u0131 ara\u015fd\u0131rmaq \u00fc\u00e7\u00fcn kampaniyaya ba\u015flay\u0131b.\n<\/p>\n<p>\n  &#8220;Biz bu sensasiyal\u0131 x\u0259b\u0259r\u0259 laqeyd qala bilm\u0259zdik. Bir axtar\u0131\u015f qrupu yaratd\u0131q v\u0259 m\u00fcvafiq ictimai institutlar\u0131, M\u0259d\u0259niyy\u0259t Nazirliyini, Yaz\u0131\u00e7\u0131lar Birliyini v\u0259 Elml\u0259r Akademiyas\u0131n\u0131 m\u0259lumatland\u0131rmaq \u00fc\u00e7\u00fcn ara\u015fd\u0131rmaya start verdik\u201d- sayt\u0131n redaktoru Eynulla F\u0259tullayev yaz\u0131b.\n<\/p>\n<p>\n  Yaz\u0131\u00e7\u0131lar Birliyinin katibi, m\u0259\u015fhur detektiv romanlar\u0131n m\u00fc\u0259llifi \u00c7ingiz Abdullayev d\u0259 kampaniyaya qo\u015fulub:\n<\/p>\n<p>\n  &#8220;M\u00fc\u015ffiq b\u00fct\u00fcn Az\u0259rbaycana nec\u0259 biri olmaq v\u0259 nec\u0259 ya\u015famaq laz\u0131m oldu\u011funu g\u00f6st\u0259rdi&#8221;, \u2013 o, \u201chaqq\u0131n.az\u201d-a bildirib.\n<\/p>\n<p>\n  Lakin M\u0259d\u0259niyy\u0259t Nazirliyi m\u0259s\u0259l\u0259ni r\u0259dd edib. 22 oktyabrda nazirliyin m\u0259tbuat katibi \u0130ntiqam H\u00fcmb\u0259tov bildirib ki, he\u00e7 kim, o c\u00fcml\u0259d\u0259n \u018fhm\u0259dov nazirliyi M\u00fc\u015ffiqin qal\u0131qlar\u0131n\u0131n tap\u0131lmas\u0131 bar\u0259d\u0259 m\u0259lumatland\u0131rmay\u0131b. M\u0259d\u0259niyy\u0259t naziri \u018fb\u00fclf\u0259z Qarayev x\u0259b\u0259ri &#8220;sensasiya&#8221; adland\u0131r\u0131b.\n<\/p>\n<p>\n  \u201cHe\u00e7 kim t\u0259sdiq olunmam\u0131\u015f m\u0259lumatlara istinad etm\u0259m\u0259lidir. M\u00fc\u015ffiqin ad\u0131 Az\u0259rbaycan \u00fc\u00e7\u00fcn m\u00fcq\u0259dd\u0259sdir. O, Az\u0259rbaycan \u0259d\u0259biyyat\u0131 tarixind\u0259 b\u00f6y\u00fck bir iz qoyan \u015f\u0259xsiyy\u0259tdir v\u0259 Az\u0259rbaycan d\u00f6vl\u0259ti ona h\u00f6rm\u0259t b\u0259sl\u0259yir\u201d, \u2013 Qarayev n\u00f6vb\u0259ti g\u00fcn jurnalistl\u0259r\u0259 bildirib:\n<\/p>\n<p>\n  &#8220;O, d\u00f6vl\u0259t v\u0259 ictimaiyy\u0259t t\u0259r\u0259find\u0259n he\u00e7 vaxt unudulmay\u0131b v\u0259 \u0259sla unudulmayacaq\u201d.\n<\/p>\n<p>\n  \u018fhm\u0259dov Rusiya q\u0259zetl\u0259rinin birind\u0259 ictimaiyy\u0259t\u0259 a\u00e7\u0131q m\u0259ktubla Qarayev\u0259 cavab ver\u0259r\u0259k, bir ne\u00e7\u0259 il \u00f6nc\u0259 M\u00fc\u015ffiqin qal\u0131qlar\u0131n\u0131 tapd\u0131\u011f\u0131n\u0131 nazir\u0259 s\u00f6yl\u0259diyini v\u0259 sensasiya yaratmaq ittiham\u0131n\u0131n \u0259sass\u0131z oldu\u011funu deyib:\n<\/p>\n<p>\n  \u201cBurada pis niyy\u0259t olmad\u0131\u011f\u0131 halda pis niyy\u0259t axtarmaq laz\u0131m deyil. Biz \u0259limizd\u0259n g\u0259l\u0259n h\u0259r \u015feyi etm\u0259liyik ki, \u015fairin qal\u0131qlar\u0131n\u0131n tap\u0131lmas\u0131 m\u0259s\u0259l\u0259si m\u00fcnaqi\u015f\u0259l\u0259r\u0259 v\u0259 m\u00fcbahis\u0259y\u0259 s\u0259b\u0259b olmas\u0131n, \u0259ksin\u0259 nazirlik, yarad\u0131c\u0131 birlikl\u0259r v\u0259 ictimaiyy\u0259t aras\u0131nda s\u0259m\u0259r\u0259li \u0259m\u0259kda\u015fl\u0131\u011fa n\u00fcmun\u0259 olsun\u201d.\n<\/p>\n<p>\n  O, \u201chaqq\u0131n.az\u201d sayt\u0131n\u0131n r\u0259hb\u0259ri F\u0259tullayevin ad\u0131n\u0131 birba\u015fa \u00e7\u0259km\u0259d\u0259n, m\u0259lum piar kampaniyas\u0131 il\u0259 ba\u011fl\u0131 q\u0131naqlar\u0131n da y\u00f6n\u00fcn\u00fc d\u0259yi\u015fdirm\u0259y\u0259 \u00e7al\u0131\u015f\u0131b.\n<\/p>\n<p>\n  &#8220;M\u0259n m\u0259tbuatda kampaniya ba\u015flatmad\u0131m v\u0259 bu m\u0259s\u0259l\u0259ni t\u0259bli\u011f etm\u0259y\u0259 \u00e7al\u0131\u015fmad\u0131m&#8221;, &#8211; dey\u0259 o yaz\u0131b.\n<\/p>\n<p>\n  F\u0259tullayev d\u0259 h\u0259m\u00e7inin &#8220;Eurasianet&#8221;-\u0259 \u015f\u0259rh verm\u0259kd\u0259n imtina edib.\n<\/p>\n<p>\n  Stalin d\u00f6vr\u00fcnd\u0259 ba\u015f ver\u0259n repressiya cinay\u0259tl\u0259rinin xat\u0131rlanmas\u0131 Kremli t\u0259r\u0259find\u0259n anti-Rusiya ifad\u0259si kimi q\u0259bul edildiyi \u00fc\u00e7\u00fcn bu m\u00f6vzu ke\u00e7mi\u015f Sovet \u0130ttifaq\u0131 \u0259razisind\u0259 h\u0259ssas say\u0131la bil\u0259r.\n<\/p>\n<p>\n  Az\u0259rbaycan 1930-cu ill\u0259rd\u0259ki repressiyalara abid\u0259 qoymayan bir ne\u00e7\u0259 ke\u00e7mi\u015f sovet d\u00f6vl\u0259tind\u0259n biridir.\n<\/p>\n<p>\n  Lakin Rusiya haz\u0131rk\u0131 ara\u015fd\u0131rmalara d\u0259st\u0259k ver\u0259c\u0259yini ifad\u0259 edib. Ba\u015f nazirin m\u00fcavini Olqa Qolodets (Olga Golodets) qeyd edib ki, &#8220;h\u0259v\u0259skar qrup t\u0259r\u0259find\u0259n apar\u0131lan ara\u015fd\u0131rma c\u0259hdl\u0259rin\u0259 b\u00f6y\u00fck h\u00f6rm\u0259t b\u0259sl\u0259yir&#8221;. O, \u0259lav\u0259 olaraq bildirib ki, tap\u0131nt\u0131lar pe\u015f\u0259kar ara\u015fd\u0131rma\u00e7\u0131lar t\u0259r\u0259find\u0259n t\u0259sdiql\u0259nm\u0259lidir.\n<\/p>\n<p>\n  \u018fhm\u0259dovun m\u0259ktubunun d\u0259rcind\u0259n iki g\u00fcn sonra \u018fliyevin m\u0259sl\u0259h\u0259t\u00e7isi \u018fli H\u0259s\u0259nov bildirdi ki, prezident ara\u015fd\u0131rman\u0131 \u015f\u0259xs\u0259n n\u0259zar\u0259t\u0259 g\u00f6t\u00fcr\u00fcb.\n<\/p>\n<p>\n  Tez bir zamanda m\u0259d\u0259niyy\u0259t naziri Qarayev, Yaz\u0131\u00e7\u0131lar Birliyinin s\u0259dri Abdullayev, H\u0259s\u0259nov v\u0259 dig\u0259r y\u00fcks\u0259k d\u0259r\u0259c\u0259li m\u0259murlardan ibar\u0259t bir i\u015f\u00e7i qrupu yarad\u0131ld\u0131 v\u0259 qal\u0131qlar\u0131n DNT analizind\u0259n ke\u00e7irm\u0259k ist\u0259dikl\u0259rini s\u00f6yl\u0259dil\u0259r.\n<\/p>\n<p>\n  \u201cM\u0259s\u0259l\u0259 t\u0259dqiq edil\u0259c\u0259k v\u0259 n\u0259tic\u0259l\u0259r ictimaiyy\u0259t\u0259 \u00e7atd\u0131r\u0131lacaq\u201d, \u2013 H\u0259s\u0259nov qeyd edib v\u0259 \u0259lav\u0259 edib ki, \u201c\u018fliyev h\u0259mi\u015f\u0259 Az\u0259rbaycan m\u0259d\u0259niyy\u0259tin\u0259, onun n\u00fcmay\u0259nd\u0259l\u0259rin\u0259, x\u00fcsus\u0259n repressiya qurban\u0131 olan ziyal\u0131lara b\u00f6y\u00fck qay\u011f\u0131 il\u0259 yana\u015f\u0131r&#8221;.\n<\/p>\n<p>\n  Bu, \u018fliyevin M\u00fc\u015ffiqin xatir\u0259sin\u0259 ikinci a\u00e7\u0131q h\u00fccumu idi. 2017-ci ild\u0259 yolda tikinti apar\u0131ld\u0131\u011f\u0131na g\u00f6r\u0259 \u015fairin abid\u0259si Bak\u0131dak\u0131 parkdan s\u00f6k\u00fcld\u00fc v\u0259 bu, ictimaiyy\u0259tin hidd\u0259tini art\u0131rd\u0131. \u018fliyev m\u0259s\u0259l\u0259nin ara\u015fd\u0131r\u0131lmas\u0131 v\u0259 abid\u0259nin yenid\u0259n b\u0259rpa olunmas\u0131 \u00fc\u00e7\u00fcn g\u00f6st\u0259ri\u015f verdi.\n<\/p>\n<p>\n  Az\u0259rbaycan\u0131n m\u00fcst\u0259qil intellektuallar\u0131 m\u0259s\u0259l\u0259y\u0259 \u015f\u00fcbh\u0259 il\u0259 yana\u015faraq, \u018fliyev h\u00f6kum\u0259tinin M\u00fc\u015ffiq kimi m\u00fcxalif \u015fairl\u0259rl\u0259 m\u00fcqayis\u0259d\u0259 Sovetl\u0259r Birliyi il\u0259 daha \u00e7ox ortaq n\u00f6qt\u0259si oldu\u011funu vur\u011fulay\u0131r.\n<\/p>\n<p>\n  &#8221; M\u00fc\u015ffiqi xat\u0131rlamaq yaln\u0131z bug\u00fcnk\u00fc repressiyalara qar\u015f\u0131 \u00e7\u0131xd\u0131\u011f\u0131n\u0131z halda m\u00fcmk\u00fcnd\u00fcr. \u018fks t\u0259qdird\u0259, bu, s\u00fcnilik v\u0259 iki\u00fczl\u00fcl\u00fckd\u00fcr\u201d, &#8211; tarix\u00e7i Altay G\u00f6y\u00fc\u015fov \u201cFacebook\u201d-da yaz\u0131b.\n<\/p>\n<p>\n  \u015eair v\u0259 yaz\u0131\u00e7\u0131 N\u0259rmin Kamal \u201cEurasianet\u201d-\u0259 bildirib: &#8220;\u00d6lk\u0259d\u0259 \u00e7oxlu M\u00fc\u015ffiql\u0259r var. \u018fg\u0259r onlar h\u0259qiq\u0259t\u0259n Mikay\u0131l M\u00fc\u015ffiq\u0259 h\u00f6rm\u0259t edirl\u0259rs\u0259, ox\u015far h\u0259yat ya\u015fayan m\u00fcasir M\u00fc\u015ffiql\u0259r\u0259 qar\u015f\u0131 repressiv m\u00fcnasib\u0259tl\u0259rini d\u0259yi\u015fdirm\u0259l\u0259ri daha d\u00fczg\u00fcn olard\u0131&#8221;.\n<\/p>\n<p>\n  <b><br \/>\n    &#8220;Eurasianet&#8221; d\u0259 yay\u0131mlanan bu m\u0259qal\u0259nin m\u00fc\u0259llifi Lamiy\u0259 Adilq\u0131z\u0131 m\u00fcst\u0259qil az\u0259rbaycanl\u0131 jurnalistdir.<br \/>\n  <\/b><\/p>\n","protected":false},"excerpt":{"rendered":"<p>\u015eair 1938-ci ild\u0259 edam olundu v\u0259 onun qal\u0131qlar\u0131n\u0131n yeri az\u0259rbaycanl\u0131-rus oliqarxlar\u0131 onu tapd\u0131qlar\u0131n\u0131 iddia ed\u0259n\u0259 q\u0259d\u0259r bilinmirdi.<\/p>\n","protected":false},"author":11,"featured_media":112203,"comment_status":"closed","ping_status":"open","sticky":false,"template":"","format":"standard","meta":{"_acf_changed":false,"_sitemap_exclude":false,"_sitemap_priority":"","_sitemap_frequency":"","footnotes":""},"categories":[51],"tags":[],"class_list":["post-192502","post","type-post","status-publish","format-standard","has-post-thumbnail","hentry","category-analitika","infinite-scroll-item","generate-columns","tablet-grid-50","mobile-grid-100","grid-parent","grid-33","no-featured-image-padding"],"acf":[],"yoast_head":"<!-- This site is optimized with the Yoast SEO plugin v27.5 - https:\/\/yoast.com\/product\/yoast-seo-wordpress\/ -->\n<title>Az\u0259rbaycan hakimiyy\u0259tinin m\u00fcbariz\u0259sinin m\u0259rk\u0259zind\u0259 dayanan M\u00fc\u015ffiq - MEYDAN.TV<\/title>\n<meta name=\"robots\" content=\"index, follow, max-snippet:-1, max-image-preview:large, max-video-preview:-1\" \/>\n<link rel=\"canonical\" href=\"https:\/\/www.meydan.tv\/az\/article\/azerbaycan-hakimiyyetinin-mubarizesinin-merkezinde-dayanan-musfiq\/\" \/>\n<meta property=\"og:locale\" content=\"az_AZ\" \/>\n<meta property=\"og:type\" content=\"article\" \/>\n<meta property=\"og:title\" content=\"Az\u0259rbaycan hakimiyy\u0259tinin m\u00fcbariz\u0259sinin m\u0259rk\u0259zind\u0259 dayanan M\u00fc\u015ffiq - MEYDAN.TV\" \/>\n<meta property=\"og:description\" content=\"\u015eair 1938-ci ild\u0259 edam olundu v\u0259 onun qal\u0131qlar\u0131n\u0131n yeri az\u0259rbaycanl\u0131-rus oliqarxlar\u0131 onu tapd\u0131qlar\u0131n\u0131 iddia ed\u0259n\u0259 q\u0259d\u0259r bilinmirdi.\" \/>\n<meta property=\"og:url\" content=\"https:\/\/www.meydan.tv\/az\/article\/azerbaycan-hakimiyyetinin-mubarizesinin-merkezinde-dayanan-musfiq\/\" \/>\n<meta property=\"og:site_name\" content=\"MEYDAN.TV\" \/>\n<meta property=\"article:published_time\" content=\"2018-11-11T22:44:47+00:00\" \/>\n<meta property=\"og:image\" content=\"https:\/\/www.meydan.tv\/wp-content\/uploads\/44652.jpg\" \/>\n\t<meta property=\"og:image:width\" content=\"1200\" \/>\n\t<meta property=\"og:image:height\" content=\"924\" \/>\n\t<meta property=\"og:image:type\" content=\"image\/jpeg\" \/>\n<meta name=\"author\" content=\"user-manager\" \/>\n<meta name=\"twitter:card\" content=\"summary_large_image\" \/>\n<script type=\"application\/ld+json\" class=\"yoast-schema-graph\">{\"@context\":\"https:\\\/\\\/schema.org\",\"@graph\":[{\"@type\":\"Article\",\"@id\":\"https:\\\/\\\/www.meydan.tv\\\/az\\\/article\\\/azerbaycan-hakimiyyetinin-mubarizesinin-merkezinde-dayanan-musfiq\\\/#article\",\"isPartOf\":{\"@id\":\"https:\\\/\\\/www.meydan.tv\\\/az\\\/article\\\/azerbaycan-hakimiyyetinin-mubarizesinin-merkezinde-dayanan-musfiq\\\/\"},\"author\":{\"name\":\"user-manager\",\"@id\":\"https:\\\/\\\/www.meydan.tv\\\/az\\\/#\\\/schema\\\/person\\\/10d11eccf6da3662cf5fdab9806ea91a\"},\"headline\":\"Az\u0259rbaycan hakimiyy\u0259tinin m\u00fcbariz\u0259sinin m\u0259rk\u0259zind\u0259 dayanan M\u00fc\u015ffiq\",\"datePublished\":\"2018-11-11T22:44:47+00:00\",\"mainEntityOfPage\":{\"@id\":\"https:\\\/\\\/www.meydan.tv\\\/az\\\/article\\\/azerbaycan-hakimiyyetinin-mubarizesinin-merkezinde-dayanan-musfiq\\\/\"},\"wordCount\":1409,\"publisher\":{\"@id\":\"https:\\\/\\\/www.meydan.tv\\\/az\\\/#organization\"},\"image\":{\"@id\":\"https:\\\/\\\/www.meydan.tv\\\/az\\\/article\\\/azerbaycan-hakimiyyetinin-mubarizesinin-merkezinde-dayanan-musfiq\\\/#primaryimage\"},\"thumbnailUrl\":\"https:\\\/\\\/www.meydan.tv\\\/wp-content\\\/uploads\\\/44652.jpg\",\"articleSection\":[\"Analitika\"],\"inLanguage\":\"az\"},{\"@type\":\"WebPage\",\"@id\":\"https:\\\/\\\/www.meydan.tv\\\/az\\\/article\\\/azerbaycan-hakimiyyetinin-mubarizesinin-merkezinde-dayanan-musfiq\\\/\",\"url\":\"https:\\\/\\\/www.meydan.tv\\\/az\\\/article\\\/azerbaycan-hakimiyyetinin-mubarizesinin-merkezinde-dayanan-musfiq\\\/\",\"name\":\"Az\u0259rbaycan hakimiyy\u0259tinin m\u00fcbariz\u0259sinin m\u0259rk\u0259zind\u0259 dayanan M\u00fc\u015ffiq - MEYDAN.TV\",\"isPartOf\":{\"@id\":\"https:\\\/\\\/www.meydan.tv\\\/az\\\/#website\"},\"primaryImageOfPage\":{\"@id\":\"https:\\\/\\\/www.meydan.tv\\\/az\\\/article\\\/azerbaycan-hakimiyyetinin-mubarizesinin-merkezinde-dayanan-musfiq\\\/#primaryimage\"},\"image\":{\"@id\":\"https:\\\/\\\/www.meydan.tv\\\/az\\\/article\\\/azerbaycan-hakimiyyetinin-mubarizesinin-merkezinde-dayanan-musfiq\\\/#primaryimage\"},\"thumbnailUrl\":\"https:\\\/\\\/www.meydan.tv\\\/wp-content\\\/uploads\\\/44652.jpg\",\"datePublished\":\"2018-11-11T22:44:47+00:00\",\"breadcrumb\":{\"@id\":\"https:\\\/\\\/www.meydan.tv\\\/az\\\/article\\\/azerbaycan-hakimiyyetinin-mubarizesinin-merkezinde-dayanan-musfiq\\\/#breadcrumb\"},\"inLanguage\":\"az\",\"potentialAction\":[{\"@type\":\"ReadAction\",\"target\":[\"https:\\\/\\\/www.meydan.tv\\\/az\\\/article\\\/azerbaycan-hakimiyyetinin-mubarizesinin-merkezinde-dayanan-musfiq\\\/\"]}]},{\"@type\":\"ImageObject\",\"inLanguage\":\"az\",\"@id\":\"https:\\\/\\\/www.meydan.tv\\\/az\\\/article\\\/azerbaycan-hakimiyyetinin-mubarizesinin-merkezinde-dayanan-musfiq\\\/#primaryimage\",\"url\":\"https:\\\/\\\/www.meydan.tv\\\/wp-content\\\/uploads\\\/44652.jpg\",\"contentUrl\":\"https:\\\/\\\/www.meydan.tv\\\/wp-content\\\/uploads\\\/44652.jpg\",\"width\":1200,\"height\":924,\"caption\":\"Source:\"},{\"@type\":\"BreadcrumbList\",\"@id\":\"https:\\\/\\\/www.meydan.tv\\\/az\\\/article\\\/azerbaycan-hakimiyyetinin-mubarizesinin-merkezinde-dayanan-musfiq\\\/#breadcrumb\",\"itemListElement\":[{\"@type\":\"ListItem\",\"position\":1,\"name\":\"Ana s\u0259hif\u0259\",\"item\":\"https:\\\/\\\/www.meydan.tv\\\/az\\\/\"},{\"@type\":\"ListItem\",\"position\":2,\"name\":\"Analitika\",\"item\":\"https:\\\/\\\/www.meydan.tv\\\/az\\\/section\\\/analitika\\\/\"},{\"@type\":\"ListItem\",\"position\":3,\"name\":\"Az\u0259rbaycan hakimiyy\u0259tinin m\u00fcbariz\u0259sinin m\u0259rk\u0259zind\u0259 dayanan M\u00fc\u015ffiq\"}]},{\"@type\":\"WebSite\",\"@id\":\"https:\\\/\\\/www.meydan.tv\\\/az\\\/#website\",\"url\":\"https:\\\/\\\/www.meydan.tv\\\/az\\\/\",\"name\":\"MEYDAN.TV\",\"description\":\"Meydan TV Az\u0259rbaycan\u0131n media m\u0259kan\u0131ndak\u0131 alternativ s\u0259sidir\",\"publisher\":{\"@id\":\"https:\\\/\\\/www.meydan.tv\\\/az\\\/#organization\"},\"potentialAction\":[{\"@type\":\"SearchAction\",\"target\":{\"@type\":\"EntryPoint\",\"urlTemplate\":\"https:\\\/\\\/www.meydan.tv\\\/az\\\/?s={search_term_string}\"},\"query-input\":{\"@type\":\"PropertyValueSpecification\",\"valueRequired\":true,\"valueName\":\"search_term_string\"}}],\"inLanguage\":\"az\"},{\"@type\":\"Organization\",\"@id\":\"https:\\\/\\\/www.meydan.tv\\\/az\\\/#organization\",\"name\":\"Meydan TV\",\"url\":\"https:\\\/\\\/www.meydan.tv\\\/az\\\/\",\"logo\":{\"@type\":\"ImageObject\",\"inLanguage\":\"az\",\"@id\":\"https:\\\/\\\/www.meydan.tv\\\/az\\\/#\\\/schema\\\/logo\\\/image\\\/\",\"url\":\"https:\\\/\\\/www.meydan.tv\\\/wp-content\\\/uploads\\\/2021\\\/07\\\/meydan-logo.svg\",\"contentUrl\":\"https:\\\/\\\/www.meydan.tv\\\/wp-content\\\/uploads\\\/2021\\\/07\\\/meydan-logo.svg\",\"width\":195,\"height\":46,\"caption\":\"Meydan TV\"},\"image\":{\"@id\":\"https:\\\/\\\/www.meydan.tv\\\/az\\\/#\\\/schema\\\/logo\\\/image\\\/\"}},{\"@type\":\"Person\",\"@id\":\"https:\\\/\\\/www.meydan.tv\\\/az\\\/#\\\/schema\\\/person\\\/10d11eccf6da3662cf5fdab9806ea91a\",\"name\":\"user-manager\"}]}<\/script>\n<!-- \/ Yoast SEO plugin. -->","yoast_head_json":{"title":"Az\u0259rbaycan hakimiyy\u0259tinin m\u00fcbariz\u0259sinin m\u0259rk\u0259zind\u0259 dayanan M\u00fc\u015ffiq - MEYDAN.TV","robots":{"index":"index","follow":"follow","max-snippet":"max-snippet:-1","max-image-preview":"max-image-preview:large","max-video-preview":"max-video-preview:-1"},"canonical":"https:\/\/www.meydan.tv\/az\/article\/azerbaycan-hakimiyyetinin-mubarizesinin-merkezinde-dayanan-musfiq\/","og_locale":"az_AZ","og_type":"article","og_title":"Az\u0259rbaycan hakimiyy\u0259tinin m\u00fcbariz\u0259sinin m\u0259rk\u0259zind\u0259 dayanan M\u00fc\u015ffiq - MEYDAN.TV","og_description":"\u015eair 1938-ci ild\u0259 edam olundu v\u0259 onun qal\u0131qlar\u0131n\u0131n yeri az\u0259rbaycanl\u0131-rus oliqarxlar\u0131 onu tapd\u0131qlar\u0131n\u0131 iddia ed\u0259n\u0259 q\u0259d\u0259r bilinmirdi.","og_url":"https:\/\/www.meydan.tv\/az\/article\/azerbaycan-hakimiyyetinin-mubarizesinin-merkezinde-dayanan-musfiq\/","og_site_name":"MEYDAN.TV","article_published_time":"2018-11-11T22:44:47+00:00","og_image":[{"width":1200,"height":924,"url":"https:\/\/www.meydan.tv\/wp-content\/uploads\/44652.jpg","type":"image\/jpeg"}],"author":"user-manager","twitter_card":"summary_large_image","schema":{"@context":"https:\/\/schema.org","@graph":[{"@type":"Article","@id":"https:\/\/www.meydan.tv\/az\/article\/azerbaycan-hakimiyyetinin-mubarizesinin-merkezinde-dayanan-musfiq\/#article","isPartOf":{"@id":"https:\/\/www.meydan.tv\/az\/article\/azerbaycan-hakimiyyetinin-mubarizesinin-merkezinde-dayanan-musfiq\/"},"author":{"name":"user-manager","@id":"https:\/\/www.meydan.tv\/az\/#\/schema\/person\/10d11eccf6da3662cf5fdab9806ea91a"},"headline":"Az\u0259rbaycan hakimiyy\u0259tinin m\u00fcbariz\u0259sinin m\u0259rk\u0259zind\u0259 dayanan M\u00fc\u015ffiq","datePublished":"2018-11-11T22:44:47+00:00","mainEntityOfPage":{"@id":"https:\/\/www.meydan.tv\/az\/article\/azerbaycan-hakimiyyetinin-mubarizesinin-merkezinde-dayanan-musfiq\/"},"wordCount":1409,"publisher":{"@id":"https:\/\/www.meydan.tv\/az\/#organization"},"image":{"@id":"https:\/\/www.meydan.tv\/az\/article\/azerbaycan-hakimiyyetinin-mubarizesinin-merkezinde-dayanan-musfiq\/#primaryimage"},"thumbnailUrl":"https:\/\/www.meydan.tv\/wp-content\/uploads\/44652.jpg","articleSection":["Analitika"],"inLanguage":"az"},{"@type":"WebPage","@id":"https:\/\/www.meydan.tv\/az\/article\/azerbaycan-hakimiyyetinin-mubarizesinin-merkezinde-dayanan-musfiq\/","url":"https:\/\/www.meydan.tv\/az\/article\/azerbaycan-hakimiyyetinin-mubarizesinin-merkezinde-dayanan-musfiq\/","name":"Az\u0259rbaycan hakimiyy\u0259tinin m\u00fcbariz\u0259sinin m\u0259rk\u0259zind\u0259 dayanan M\u00fc\u015ffiq - MEYDAN.TV","isPartOf":{"@id":"https:\/\/www.meydan.tv\/az\/#website"},"primaryImageOfPage":{"@id":"https:\/\/www.meydan.tv\/az\/article\/azerbaycan-hakimiyyetinin-mubarizesinin-merkezinde-dayanan-musfiq\/#primaryimage"},"image":{"@id":"https:\/\/www.meydan.tv\/az\/article\/azerbaycan-hakimiyyetinin-mubarizesinin-merkezinde-dayanan-musfiq\/#primaryimage"},"thumbnailUrl":"https:\/\/www.meydan.tv\/wp-content\/uploads\/44652.jpg","datePublished":"2018-11-11T22:44:47+00:00","breadcrumb":{"@id":"https:\/\/www.meydan.tv\/az\/article\/azerbaycan-hakimiyyetinin-mubarizesinin-merkezinde-dayanan-musfiq\/#breadcrumb"},"inLanguage":"az","potentialAction":[{"@type":"ReadAction","target":["https:\/\/www.meydan.tv\/az\/article\/azerbaycan-hakimiyyetinin-mubarizesinin-merkezinde-dayanan-musfiq\/"]}]},{"@type":"ImageObject","inLanguage":"az","@id":"https:\/\/www.meydan.tv\/az\/article\/azerbaycan-hakimiyyetinin-mubarizesinin-merkezinde-dayanan-musfiq\/#primaryimage","url":"https:\/\/www.meydan.tv\/wp-content\/uploads\/44652.jpg","contentUrl":"https:\/\/www.meydan.tv\/wp-content\/uploads\/44652.jpg","width":1200,"height":924,"caption":"Source:"},{"@type":"BreadcrumbList","@id":"https:\/\/www.meydan.tv\/az\/article\/azerbaycan-hakimiyyetinin-mubarizesinin-merkezinde-dayanan-musfiq\/#breadcrumb","itemListElement":[{"@type":"ListItem","position":1,"name":"Ana s\u0259hif\u0259","item":"https:\/\/www.meydan.tv\/az\/"},{"@type":"ListItem","position":2,"name":"Analitika","item":"https:\/\/www.meydan.tv\/az\/section\/analitika\/"},{"@type":"ListItem","position":3,"name":"Az\u0259rbaycan hakimiyy\u0259tinin m\u00fcbariz\u0259sinin m\u0259rk\u0259zind\u0259 dayanan M\u00fc\u015ffiq"}]},{"@type":"WebSite","@id":"https:\/\/www.meydan.tv\/az\/#website","url":"https:\/\/www.meydan.tv\/az\/","name":"MEYDAN.TV","description":"Meydan TV Az\u0259rbaycan\u0131n media m\u0259kan\u0131ndak\u0131 alternativ s\u0259sidir","publisher":{"@id":"https:\/\/www.meydan.tv\/az\/#organization"},"potentialAction":[{"@type":"SearchAction","target":{"@type":"EntryPoint","urlTemplate":"https:\/\/www.meydan.tv\/az\/?s={search_term_string}"},"query-input":{"@type":"PropertyValueSpecification","valueRequired":true,"valueName":"search_term_string"}}],"inLanguage":"az"},{"@type":"Organization","@id":"https:\/\/www.meydan.tv\/az\/#organization","name":"Meydan TV","url":"https:\/\/www.meydan.tv\/az\/","logo":{"@type":"ImageObject","inLanguage":"az","@id":"https:\/\/www.meydan.tv\/az\/#\/schema\/logo\/image\/","url":"https:\/\/www.meydan.tv\/wp-content\/uploads\/2021\/07\/meydan-logo.svg","contentUrl":"https:\/\/www.meydan.tv\/wp-content\/uploads\/2021\/07\/meydan-logo.svg","width":195,"height":46,"caption":"Meydan TV"},"image":{"@id":"https:\/\/www.meydan.tv\/az\/#\/schema\/logo\/image\/"}},{"@type":"Person","@id":"https:\/\/www.meydan.tv\/az\/#\/schema\/person\/10d11eccf6da3662cf5fdab9806ea91a","name":"user-manager"}]}},"_links":{"self":[{"href":"https:\/\/www.meydan.tv\/az\/wp-json\/wp\/v2\/posts\/192502","targetHints":{"allow":["GET"]}}],"collection":[{"href":"https:\/\/www.meydan.tv\/az\/wp-json\/wp\/v2\/posts"}],"about":[{"href":"https:\/\/www.meydan.tv\/az\/wp-json\/wp\/v2\/types\/post"}],"author":[{"embeddable":true,"href":"https:\/\/www.meydan.tv\/az\/wp-json\/wp\/v2\/users\/11"}],"replies":[{"embeddable":true,"href":"https:\/\/www.meydan.tv\/az\/wp-json\/wp\/v2\/comments?post=192502"}],"version-history":[{"count":0,"href":"https:\/\/www.meydan.tv\/az\/wp-json\/wp\/v2\/posts\/192502\/revisions"}],"wp:featuredmedia":[{"embeddable":true,"href":"https:\/\/www.meydan.tv\/az\/wp-json\/wp\/v2\/media\/112203"}],"wp:attachment":[{"href":"https:\/\/www.meydan.tv\/az\/wp-json\/wp\/v2\/media?parent=192502"}],"wp:term":[{"taxonomy":"category","embeddable":true,"href":"https:\/\/www.meydan.tv\/az\/wp-json\/wp\/v2\/categories?post=192502"},{"taxonomy":"post_tag","embeddable":true,"href":"https:\/\/www.meydan.tv\/az\/wp-json\/wp\/v2\/tags?post=192502"}],"curies":[{"name":"wp","href":"https:\/\/api.w.org\/{rel}","templated":true}]}}