{"id":192474,"date":"2018-11-08T02:16:17","date_gmt":"2018-11-08T02:16:17","guid":{"rendered":"https:\/\/www.meydan.tv\/article\/sektorial-nazirin-sektorial-dili\/"},"modified":"2018-11-08T02:16:17","modified_gmt":"2018-11-08T02:16:17","slug":"sektorial-nazirin-sektorial-dili","status":"publish","type":"post","link":"https:\/\/www.meydan.tv\/az\/article\/sektorial-nazirin-sektorial-dili\/","title":{"rendered":"&#8221;Sektorial&#8221; nazirin &#8221;sektorial&#8221; dili"},"content":{"rendered":"<figure class=\"wp-block-image size-large\">\n  <img decoding=\"async\" src=\"https:\/\/www.meydan.tv\/az\/xarici-isler-naziri-elmar-memmedyarov\/\" alt=\"Xarici i\u015fl\u0259r naziri Elmar M\u0259mm\u0259dyarov\" class=\"wp-image-112104\"\/><figcaption>\n    Xarici i\u015fl\u0259r naziri Elmar M\u0259mm\u0259dyarov<br \/>\n  <\/figcaption><\/figure>\n<p>\n  Dilin bir \u00e7ox funksiyas\u0131 var. Dil t\u0259kc\u0259 \u00fcnsiyy\u0259t vasit\u0259si deyil, o, h\u0259m d\u0259 bir toplumu birl\u0259\u015fdir\u0259n \u0259n \u0259sas vasit\u0259l\u0259rd\u0259n biridir. \u0130nsanlar bu vasit\u0259 il\u0259 bir-birini anlay\u0131r, bir-birin\u0259 fikirl\u0259rini izah edir v\u0259 sevinc v\u0259 k\u0259d\u0259rini payla\u015f\u0131rlar. Az\u0259rbaycan dili bu iki missiyan\u0131n \u00f6hd\u0259sind\u0259n asanl\u0131qla g\u0259l\u0259 bilir. Bu dil \u00f6lk\u0259d\u0259 ya\u015fayan b\u00fct\u00fcn etnik qruplar\u0131 birl\u0259\u015fdir\u0259n vahid dildir. B\u0259s onda niy\u0259 bir \u00e7ox ziyal\u0131 bu dild\u0259 dan\u0131\u015fmaqda \u00e7\u0259tinlik \u00e7\u0259kir v\u0259 ya niy\u0259 rus dili h\u0259l\u0259 d\u0259 populyarl\u0131\u011f\u0131n\u0131 qoruyub saxlaya bilir? Niy\u0259 100 n\u0259f\u0259rlik az\u0259rbaycanl\u0131lar\u0131n qurupunda bir t\u00fcrk (T\u00fcrkiy\u0259 v\u0259t\u0259nda\u015f\u0131) olacaqsa, 100 n\u0259f\u0259r d\u0259 t\u00fcrk dilind\u0259 dan\u0131\u015fma\u011fa \u00fcst\u00fcnl\u00fck ver\u0259c\u0259k, amma h\u0259min bir t\u00fcrk Az\u0259rbaycan dilini \u00f6yr\u0259nm\u0259y\u0259 c\u0259hd etm\u0259y\u0259c\u0259k? Niy\u0259 Rusiyan\u0131n, T\u00fcrkiy\u0259nin, G\u00fcrc\u00fcstan\u0131n, Erm\u0259nistan\u0131n y\u00fcks\u0259k \u00e7inli m\u0259murunun \u00f6z d\u00f6vl\u0259t dilini bilm\u0259m\u0259si biz\u0259 absurd g\u0259ldiyi halda, Az\u0259rbaycanda bu tendensiyaya tez-tez rast g\u0259linir v\u0259 h\u0259tta b\u0259zi m\u0259qamlarda t\u0259qdir edilir? Bu m\u0259qal\u0259d\u0259 bu suallara cavab tapma\u011fa \u00e7al\u0131\u015far\u0131q.\n<\/p>\n<p>\n  Bildiyimiz kimi, dilin dig\u0259r vacib bir funksiyas\u0131 da d\u00fcnya elmin\u0259, m\u0259d\u0259niyy\u0259tin\u0259 \u00e7\u0131x\u0131\u015f\u0131 t\u0259min etm\u0259k v\u0259 eyni zamanda u\u011furlu karyera qurmaq \u00fc\u00e7\u00fcn vacib bir vasit\u0259 olmas\u0131d\u0131r. T\u0259\u0259ss\u00fcf ki, Az\u0259rbaycan dili bu funksiyan\u0131 yerin\u0259 yetir\u0259 bilmir. Yaln\u0131z Az\u0259rbaycan dilini bilm\u0259kl\u0259 s\u0259n d\u00fcnyan\u0131n inki\u015faf tempind\u0259n geri qal\u0131rsan v\u0259 bu dild\u0259 hakimiyy\u0259t t\u0259r\u0259find\u0259n s\u0259n\u0259 t\u0259qdim olunan m\u0259lumatlarla kifay\u0259tl\u0259nm\u0259k m\u0259cburiyy\u0259ti il\u0259 \u00fczl\u0259\u015firs\u0259n. Bu bo\u015flu\u011fu doldurmaq \u00fc\u00e7\u00fcn az\u0259rbaycanl\u0131lar t\u00fcrk dilind\u0259n istifad\u0259 etm\u0259y\u0259, x\u0259b\u0259rl\u0259r\u0259 bu dild\u0259 baxma\u011fa \u00e7al\u0131\u015f\u0131rlar. Bu da Az\u0259rbaycan dilinin s\u00fcr\u0259tl\u0259 \u00f6lm\u0259sin\u0259 v\u0259 yaln\u0131z \u00fcnsiyy\u0259t formas\u0131 kimi qalmas\u0131na s\u0259b\u0259b olur.\n<\/p>\n<p>\n  Dilin xalq t\u0259r\u0259find\u0259n tam formada m\u0259nims\u0259nilm\u0259si v\u0259 dil\u0259 h\u00f6rm\u0259tl\u0259 yana\u015f\u0131lmas\u0131 \u00fc\u00e7\u00fcn dil daim qidalanmal\u0131 v\u0259 inki\u015faf etm\u0259lidir. Dilin inki\u015faf etm\u0259si \u00fc\u00e7\u00fcn bu dild\u0259 elmi \u0259d\u0259biyyat yaz\u0131lmal\u0131 v\u0259 elmi ara\u015fd\u0131rmalar olmal\u0131d\u0131r. \u015e\u0259xs\u0259n m\u0259n sonuncu d\u0259f\u0259 Az\u0259rbaycan dilind\u0259 oxudu\u011fum kitab\u0131 xat\u0131rlay\u0131ram. Bu 2004-c\u00fc ild\u0259 bakalavr pill\u0259sind\u0259 t\u0259hsil alark\u0259n oxudu\u011fum v\u0259 anlamad\u0131\u011f\u0131m, rus dilind\u0259n t\u0259rc\u00fcm\u0259 olunmu\u015f &#8220;\u0130qtisadi n\u0259z\u0259riyy\u0259&#8221; kitab\u0131 idi. Bir anl\u0131q t\u0259s\u0259vv\u00fcr edin ki, m\u0259n 14 ildir Az\u0259rbaycan dilind\u0259 elmi kitab, jurnal, elmi \u0259s\u0259r oxumuram v\u0259 bu bo\u015flu\u011fu ingilis dilind\u0259 yaz\u0131lm\u0131\u015f \u0259s\u0259rl\u0259rl\u0259 doldururam. N\u0259tic\u0259d\u0259 ingilis dilind\u0259 olan yeni terminl\u0259r leksikonuma daxil olur ki, bunun da ekvivalentini Az\u0259rbaycan dilind\u0259 tapmaqda \u00e7\u0259tinlik \u00e7\u0259kir\u0259m. Eyni zamanda, insanlar\u0131n ham\u0131s\u0131 eyni d\u0259r\u0259c\u0259d\u0259 patriot olmur v\u0259 olmas\u0131 da laz\u0131m deyil. Xalq\u0131n n\u00fcmay\u0259nd\u0259l\u0259ri rasional qaydada q\u0259rarlar verirl\u0259r. S\u0131ravi az\u0259rbaycanl\u0131 &#8220;u\u015fa\u011f\u0131m hans\u0131 b\u00f6lm\u0259d\u0259 oxusun: rus v\u0259 ya Az\u0259rbaycan?&#8221; sual\u0131 il\u0259 \u00fczl\u0259\u015f\u0259nd\u0259 rus dilinin sundu\u011fu avantajlar\u0131 hesablay\u0131r v\u0259 buna uy\u011fun da q\u0259rar verir. Bu da \u0259slind\u0259 \u00e7ox normald\u0131r.\n<\/p>\n<p>\n  Dig\u0259r t\u0259r\u0259fd\u0259n, dil\u0259 h\u00f6rm\u0259t bu dild\u0259 dan\u0131\u015fan \u015f\u0259xsl\u0259rin kimliyi il\u0259 d\u0259 formala\u015fa bilir. Marketinqd\u0259 buna \u201cistifad\u0259\u00e7i effekti\u201d deyilir. Y\u0259ni, bir m\u0259hsula olan m\u00fcnasib\u0259t onu istifad\u0259 ed\u0259nl\u0259rin kimliyind\u0259n as\u0131l\u0131 olur. Bu g\u00fcn bir az\u0259rbaycanl\u0131 bir t\u0259r\u0259fd\u0259n Az\u0259rbaycan dilin\u0259 t\u0259rc\u00fcm\u0259 olunmu\u015f bir rusun, ingilisin, frans\u0131z\u0131n, alman\u0131n elmi \u0259s\u0259rini oxuyur, dig\u0259r t\u0259r\u0259fd\u0259n d\u0259 bizim televiziya m\u0259kan\u0131m\u0131zdan yay\u0131mlanan Az\u0259rbaycan dilind\u0259 dan\u0131\u015fan baya\u011f\u0131 insanlar\u0131 g\u00f6r\u00fcr. Bu iki prosesi paralel analiz etmi\u015f olsaq, m\u0259hz \u201cistifad\u0259\u00e7i effekti\u201dn\u0259 g\u00f6r\u0259 onun \u00fc\u00e7\u00fcn Az\u0259rbaycan dili C\u0259lil M\u0259mm\u0259dquluzad\u0259nin canland\u0131rd\u0131\u011f\u0131 \u201cNovruz\u0259li\u201dnin dilin\u0259, rus, ingilis, frans\u0131z, alman dill\u0259ri is\u0259 \u0259s\u0259rl\u0259rini oxudu\u011fu alim, filosof v\u0259 \u0259dibin dilin\u0259 \u00e7evrilir. \u018flb\u0259tt\u0259, h\u0259min \u015f\u0259xs bu dill\u0259ri \u00f6z do\u011fma dilind\u0259n daha \u00fcst\u00fcn tutacaq v\u0259 bu dild\u0259 dan\u0131\u015fma\u011fa, \u00f6vlad\u0131n\u0131 da bu dild\u0259 oxutdurma\u011fa \u00e7al\u0131\u015facaq. \u00c7\u00fcnki insan rasionald\u0131r v\u0259 qeyd etdiyimiz kimi, ham\u0131 patriot deyil.\n<\/p>\n<p>\n  Ba\u015fqa s\u00f6zl\u0259 ifad\u0259 ets\u0259k, bu \u015f\u0259xs \u00f6z\u00fcn\u00fc efird\u0259 g\u00f6rd\u00fcy\u00fc \u201cNovruz\u0259li\u201dl\u0259rl\u0259 he\u00e7 bir halda assosasiya etm\u0259k ist\u0259m\u0259z v\u0259 m\u00f6vcud olan ist\u0259nil\u0259n dil s\u0259viyy\u0259sind\u0259 olan \u0259laq\u0259ni d\u0259 yox etm\u0259k ist\u0259y\u0259c\u0259k. Qeyd etm\u0259k laz\u0131md\u0131r ki, televiziya kanallar\u0131ndak\u0131 baya\u011f\u0131 proqramlar\u0131n s\u0259b\u0259bi pe\u015fak\u0259r jurnalist v\u0259 ya apar\u0131c\u0131 \u00e7at\u0131\u015fmazl\u0131\u011f\u0131 deyil, bu pe\u015f\u0259karlar\u0131n normal f\u0259aliyy\u0259t g\u00f6st\u0259rm\u0259si \u00fc\u00e7\u00fcn onlara m\u0259xsus olan azadl\u0131\u011f\u0131n onlar\u0131n \u0259lind\u0259n al\u0131nmas\u0131d\u0131r. M\u0259hz bu s\u0259b\u0259bd\u0259n d\u0259 bu kanallar \u201cNovruz\u0259li\u201dl\u0259ri efir\u0259 \u00e7\u0131xard\u0131r v\u0259 dilimiz\u0259 ciddi z\u0259rb\u0259 vururlar.\n<\/p>\n<p>\n  D\u00f6vl\u0259tin dili onun \u0259n vacib atributlar\u0131ndan biridir. Bu g\u00fcn Az\u0259rbaycan dili \u00f6lm\u0259k \u00fczr\u0259dir. Bu dili ya\u015fatmal\u0131 olan qurumlardan biri olan Elml\u0259r Akademiyas\u0131 d\u00fcnyan\u0131n elmi-texnika k\u0259\u015ff ed\u0259n dill\u0259rl\u0259 g\u00fcl-\u00e7i\u00e7\u0259k k\u0259\u015ff etm\u0259kl\u0259 r\u0259qab\u0259t apar\u0131r. Dild\u0259n g\u0259lir g\u0259lm\u0259diyi \u00fc\u00e7\u00fcn Elmar M\u0259mm\u0259dyarovun t\u0259msil etdiyi indiki hakimiyy\u0259t dilimizin inki\u015faf\u0131nda q\u0259ti maraql\u0131 deyil. Ya\u015fad\u0131\u011f\u0131m Hollandiyada holland d\u00f6vl\u0259ti onun dilini \u00f6yr\u0259nm\u0259li olan bir xarici \u00fc\u00e7\u00fcn 10.000 avro pul ay\u0131r\u0131r. Bu dili bilm\u0259y\u0259nl\u0259r\u0259 i\u015f tapmaq da \u00e7ox \u00e7\u0259tin olur. C\u0259mi 17 milyon \u0259halisi olan Hollandiyan\u0131n dili vikipediada \u0259n \u00e7ox m\u0259lumata sahib olan 4-c\u00fc dildir. S\u0131ravi bir holland bir ne\u00e7\u0259 dild\u0259 s\u0259rb\u0259st dan\u0131\u015fa bils\u0259 d\u0259, onun formala\u015fmas\u0131 \u00fc\u00e7\u00fcn holland dili kifay\u0259t edir. \u00c7\u00fcnki bu dil onun formala\u015fmas\u0131 \u00fc\u00e7\u00fcn laz\u0131m olan b\u00fct\u00fcn m\u0259lumatlar\u0131, elmi \u0259s\u0259rl\u0259ri, ixtiralar\u0131 ona t\u0259qdim ed\u0259 bilir.\n<\/p>\n<p>\n  Bu g\u00fcn Elmar M\u0259mm\u0259dyarov Az\u0259rbaycan dilind\u0259 dan\u0131\u015fa bilm\u0259diyi \u00fc\u00e7\u00fcn haql\u0131 olaraq q\u0131nan\u0131r. Elmar M\u0259mm\u0259dyarovun dili m\u0259hz onun d\u0259st\u0259kl\u0259diyi siyas\u0259tin n\u0259tic\u0259sidir. Bir diplomat nazir d\u00f6vl\u0259t dilini bilmirs\u0259, dem\u0259k ki, bu insan Az\u0259rbaycan dilind\u0259 x\u0259b\u0259rl\u0259r oxumur, \u00e7\u00fcnki bu x\u0259b\u0259rl\u0259r\u0259 g\u00fcv\u0259nmir. Bu dild\u0259 ged\u0259n siyasi \u015f\u0259rhl\u0259ri izl\u0259mir. \u00c7\u00fcnki bilir ki, siyasi \u015f\u0259rh\u00e7i olan Elman N\u0259sirov Az\u0259rbaycan torpaqlar\u0131n\u0131n 20 faiz i\u015f\u011fal fakt\u0131n\u0131 bu torpaqlarda \u0259yil\u0259-\u0259yil\u0259 xidm\u0259t ed\u0259n erm\u0259ni \u0259sg\u0259ri il\u0259 analiz ed\u0259c\u0259k. \u018fg\u0259r d\u0259rdini bu dild\u0259 izah ed\u0259 bilmirs\u0259, dem\u0259k ki, bu dild\u0259 dan\u0131\u015fan h\u0259kiml\u0259rin xidm\u0259tind\u0259n d\u0259 istifad\u0259 etmir, \u00e7\u00fcnki inanm\u0131r. O bilir ki, bu dild\u0259, bu \u00f6lk\u0259d\u0259 t\u0259hsil alm\u0131\u015f h\u0259kim r\u00fc\u015fv\u0259tl\u0259 t\u0259hsil alm\u0131\u015fd\u0131r v\u0259 bir nazirin bel\u0259 bir sistemin m\u0259hsuluna can\u0131n\u0131 etibar etm\u0259si onun \u00fc\u00e7\u00fcn x\u0259yal edilm\u0259zdir. Elmar M\u0259mm\u0259dyarov v\u0259 dig\u0259rl\u0259rinin yaratd\u0131\u011f\u0131 siyasi sistem \u00f6zl\u0259rini g\u00fcl\u00fc\u015f obyektin\u0259 \u00e7evirir.\n<\/p>\n<p>\n  \u018fg\u0259r Az\u0259rbaycan dili \u00fczl\u0259\u015fmi\u015f bu problemd\u0259n xilas ola bilm\u0259y\u0259c\u0259ks\u0259, bu dil \u00f6lk\u0259 i\u00e7ind\u0259 birl\u0259\u015fdirici deyil, ay\u0131r\u0131c\u0131 faktora \u00e7evril\u0259c\u0259k. T\u0259hsil sisteminin da\u011f\u0131ld\u0131\u011f\u0131 bir \u00f6lk\u0259d\u0259 bu dild\u0259 dan\u0131\u015fan \u201cNovruz\u0259li\u201dl\u0259rin say\u0131 art\u0131r. \u00d6z\u00fcn\u00fc daha intelligentli sayanlar rus v\u0259 ya ingilis dilind\u0259 dan\u0131\u015fma\u011fa \u00fcst\u00fcnl\u00fck ver\u0259c\u0259kl\u0259r. N\u0259tic\u0259d\u0259 iqtisadi qrupla\u015fma dil \u00fczr\u0259 qrupla\u015fma il\u0259 daha da d\u0259rinl\u0259\u015f\u0259c\u0259k. B\u00fct\u00fcn bunlar\u0131n h\u0259lli \u00fc\u00e7\u00fcn \u00f6lk\u0259d\u0259 r\u0259qab\u0259t m\u00fchiti yarad\u0131lmal\u0131d\u0131r. Dilin ya\u015famas\u0131 v\u0259 g\u00fccl\u0259nm\u0259si \u00fc\u00e7\u00fcn bu dild\u0259 d\u00fcnya standartlar\u0131na uy\u011fun elmi m\u0259qal\u0259l\u0259r yaz\u0131lmal\u0131d\u0131r. Bel\u0259 m\u0259qal\u0259l\u0259rin \u0259rs\u0259y\u0259 \u00e7atmas\u0131 \u00fc\u00e7\u00fcn Elml\u0259r Akademiyas\u0131 l\u0259v\u011f edilm\u0259li v\u0259 onun s\u0259lahiyy\u0259tl\u0259ri \u00f6z\u0259l universitetl\u0259rin ara\u015fd\u0131rma m\u0259rk\u0259zl\u0259rin\u0259 verilm\u0259lidir. Universitetl\u0259r aras\u0131nda ged\u0259n r\u0259qab\u0259t daha pe\u015f\u0259kar kadrlar\u0131n meydana \u00e7\u0131xmas\u0131 \u00fc\u00e7\u00fcn z\u0259min yaradacaq. Azad r\u0259qab\u0259t m\u00fchiti televiziya proqramlar\u0131na v\u0259 bu proqramlar\u0131n keyfiyy\u0259tin\u0259 d\u0259 ciddi t\u0259sir ed\u0259c\u0259k. Kanallar daha pe\u015f\u0259kar proqramlar haz\u0131rlamaqla ciddi r\u0259qab\u0259t\u0259 girmi\u015f olacaqlar ki, bu da Az\u0259rbaycan dilini \u201cNovruz\u0259li\u201dnin deyil, daha pe\u015f\u0259kar ekspertl\u0259rin dilin\u0259 \u00e7evir\u0259c\u0259k. Dig\u0259r t\u0259r\u0259fd\u0259n, azad r\u0259qab\u0259t m\u00fchiti t\u0259hsilin s\u0259viyy\u0259sini qald\u0131racaq v\u0259 n\u0259tic\u0259d\u0259 Az\u0259rbaycan dilind\u0259 dan\u0131\u015fan, bu dild\u0259 elmi \u0259s\u0259rl\u0259r yazan pe\u015f\u0259karlar \u0259rs\u0259y\u0259 g\u0259l\u0259c\u0259k. M\u0259hz onda s\u0131ravi az\u0259rbaycanl\u0131 Az\u0259rbaycan dilini bildiyi \u00fc\u00e7\u00fcn \u00f6z\u00fcn\u0259 i\u015f tapa bil\u0259c\u0259k v\u0259 \u00f6vlad\u0131n\u0131 da m\u0259hz Az\u0259rbaycan b\u00f6lm\u0259sind\u0259 oxutduracaq.<\/p>\n","protected":false},"excerpt":{"rendered":"<p>Dild\u0259n g\u0259lir g\u0259lm\u0259diyi \u00fc\u00e7\u00fcn Elmar M\u0259mm\u0259dyarovun t\u0259msil etdiyi indiki hakimiyy\u0259t dilimizin inki\u015faf\u0131nda q\u0259ti maraql\u0131 deyil.<\/p>\n","protected":false},"author":11,"featured_media":112104,"comment_status":"closed","ping_status":"open","sticky":false,"template":"","format":"standard","meta":{"_acf_changed":false,"_sitemap_exclude":false,"_sitemap_priority":"","_sitemap_frequency":"","footnotes":""},"categories":[57],"tags":[],"class_list":["post-192474","post","type-post","status-publish","format-standard","has-post-thumbnail","hentry","category-menim-fikrimce","infinite-scroll-item","generate-columns","tablet-grid-50","mobile-grid-100","grid-parent","grid-33","no-featured-image-padding"],"acf":[],"yoast_head":"<!-- This site is optimized with the Yoast SEO plugin v27.4 - https:\/\/yoast.com\/product\/yoast-seo-wordpress\/ -->\n<title>&#039;&#039;Sektorial&#039;&#039; nazirin &#039;&#039;sektorial&#039;&#039; dili - MEYDAN.TV<\/title>\n<meta name=\"robots\" content=\"index, follow, max-snippet:-1, max-image-preview:large, max-video-preview:-1\" \/>\n<link rel=\"canonical\" href=\"https:\/\/www.meydan.tv\/az\/article\/sektorial-nazirin-sektorial-dili\/\" \/>\n<meta property=\"og:locale\" content=\"az_AZ\" \/>\n<meta property=\"og:type\" content=\"article\" \/>\n<meta property=\"og:title\" content=\"&#039;&#039;Sektorial&#039;&#039; nazirin &#039;&#039;sektorial&#039;&#039; dili - MEYDAN.TV\" \/>\n<meta property=\"og:description\" content=\"Dild\u0259n g\u0259lir g\u0259lm\u0259diyi \u00fc\u00e7\u00fcn Elmar M\u0259mm\u0259dyarovun t\u0259msil etdiyi indiki hakimiyy\u0259t dilimizin inki\u015faf\u0131nda q\u0259ti maraql\u0131 deyil.\" \/>\n<meta property=\"og:url\" content=\"https:\/\/www.meydan.tv\/az\/article\/sektorial-nazirin-sektorial-dili\/\" \/>\n<meta property=\"og:site_name\" content=\"MEYDAN.TV\" \/>\n<meta property=\"article:published_time\" content=\"2018-11-08T02:16:17+00:00\" \/>\n<meta property=\"og:image\" content=\"https:\/\/www.meydan.tv\/wp-content\/uploads\/44610.jpg\" \/>\n\t<meta property=\"og:image:width\" content=\"750\" \/>\n\t<meta property=\"og:image:height\" content=\"500\" \/>\n\t<meta property=\"og:image:type\" content=\"image\/jpeg\" \/>\n<meta name=\"author\" content=\"user-manager\" \/>\n<meta name=\"twitter:card\" content=\"summary_large_image\" \/>\n<script type=\"application\/ld+json\" class=\"yoast-schema-graph\">{\"@context\":\"https:\\\/\\\/schema.org\",\"@graph\":[{\"@type\":\"Article\",\"@id\":\"https:\\\/\\\/www.meydan.tv\\\/az\\\/article\\\/sektorial-nazirin-sektorial-dili\\\/#article\",\"isPartOf\":{\"@id\":\"https:\\\/\\\/www.meydan.tv\\\/az\\\/article\\\/sektorial-nazirin-sektorial-dili\\\/\"},\"author\":{\"name\":\"user-manager\",\"@id\":\"https:\\\/\\\/www.meydan.tv\\\/az\\\/#\\\/schema\\\/person\\\/10d11eccf6da3662cf5fdab9806ea91a\"},\"headline\":\"&#8221;Sektorial&#8221; nazirin &#8221;sektorial&#8221; dili\",\"datePublished\":\"2018-11-08T02:16:17+00:00\",\"mainEntityOfPage\":{\"@id\":\"https:\\\/\\\/www.meydan.tv\\\/az\\\/article\\\/sektorial-nazirin-sektorial-dili\\\/\"},\"wordCount\":1616,\"publisher\":{\"@id\":\"https:\\\/\\\/www.meydan.tv\\\/az\\\/#organization\"},\"image\":{\"@id\":\"https:\\\/\\\/www.meydan.tv\\\/az\\\/article\\\/sektorial-nazirin-sektorial-dili\\\/#primaryimage\"},\"thumbnailUrl\":\"https:\\\/\\\/www.meydan.tv\\\/wp-content\\\/uploads\\\/44610.jpg\",\"articleSection\":[\"M\u0259nim Fikrimc\u0259\"],\"inLanguage\":\"az\"},{\"@type\":\"WebPage\",\"@id\":\"https:\\\/\\\/www.meydan.tv\\\/az\\\/article\\\/sektorial-nazirin-sektorial-dili\\\/\",\"url\":\"https:\\\/\\\/www.meydan.tv\\\/az\\\/article\\\/sektorial-nazirin-sektorial-dili\\\/\",\"name\":\"''Sektorial'' nazirin ''sektorial'' dili - MEYDAN.TV\",\"isPartOf\":{\"@id\":\"https:\\\/\\\/www.meydan.tv\\\/az\\\/#website\"},\"primaryImageOfPage\":{\"@id\":\"https:\\\/\\\/www.meydan.tv\\\/az\\\/article\\\/sektorial-nazirin-sektorial-dili\\\/#primaryimage\"},\"image\":{\"@id\":\"https:\\\/\\\/www.meydan.tv\\\/az\\\/article\\\/sektorial-nazirin-sektorial-dili\\\/#primaryimage\"},\"thumbnailUrl\":\"https:\\\/\\\/www.meydan.tv\\\/wp-content\\\/uploads\\\/44610.jpg\",\"datePublished\":\"2018-11-08T02:16:17+00:00\",\"breadcrumb\":{\"@id\":\"https:\\\/\\\/www.meydan.tv\\\/az\\\/article\\\/sektorial-nazirin-sektorial-dili\\\/#breadcrumb\"},\"inLanguage\":\"az\",\"potentialAction\":[{\"@type\":\"ReadAction\",\"target\":[\"https:\\\/\\\/www.meydan.tv\\\/az\\\/article\\\/sektorial-nazirin-sektorial-dili\\\/\"]}]},{\"@type\":\"ImageObject\",\"inLanguage\":\"az\",\"@id\":\"https:\\\/\\\/www.meydan.tv\\\/az\\\/article\\\/sektorial-nazirin-sektorial-dili\\\/#primaryimage\",\"url\":\"https:\\\/\\\/www.meydan.tv\\\/wp-content\\\/uploads\\\/44610.jpg\",\"contentUrl\":\"https:\\\/\\\/www.meydan.tv\\\/wp-content\\\/uploads\\\/44610.jpg\",\"width\":750,\"height\":500,\"caption\":\"Foto: X\u0130N\"},{\"@type\":\"BreadcrumbList\",\"@id\":\"https:\\\/\\\/www.meydan.tv\\\/az\\\/article\\\/sektorial-nazirin-sektorial-dili\\\/#breadcrumb\",\"itemListElement\":[{\"@type\":\"ListItem\",\"position\":1,\"name\":\"Ana s\u0259hif\u0259\",\"item\":\"https:\\\/\\\/www.meydan.tv\\\/az\\\/\"},{\"@type\":\"ListItem\",\"position\":2,\"name\":\"M\u0259nim Fikrimc\u0259\",\"item\":\"https:\\\/\\\/www.meydan.tv\\\/az\\\/section\\\/menim-fikrimce\\\/\"},{\"@type\":\"ListItem\",\"position\":3,\"name\":\"&#8221;Sektorial&#8221; nazirin &#8221;sektorial&#8221; dili\"}]},{\"@type\":\"WebSite\",\"@id\":\"https:\\\/\\\/www.meydan.tv\\\/az\\\/#website\",\"url\":\"https:\\\/\\\/www.meydan.tv\\\/az\\\/\",\"name\":\"MEYDAN.TV\",\"description\":\"Meydan TV Az\u0259rbaycan\u0131n media m\u0259kan\u0131ndak\u0131 alternativ s\u0259sidir\",\"publisher\":{\"@id\":\"https:\\\/\\\/www.meydan.tv\\\/az\\\/#organization\"},\"potentialAction\":[{\"@type\":\"SearchAction\",\"target\":{\"@type\":\"EntryPoint\",\"urlTemplate\":\"https:\\\/\\\/www.meydan.tv\\\/az\\\/?s={search_term_string}\"},\"query-input\":{\"@type\":\"PropertyValueSpecification\",\"valueRequired\":true,\"valueName\":\"search_term_string\"}}],\"inLanguage\":\"az\"},{\"@type\":\"Organization\",\"@id\":\"https:\\\/\\\/www.meydan.tv\\\/az\\\/#organization\",\"name\":\"Meydan TV\",\"url\":\"https:\\\/\\\/www.meydan.tv\\\/az\\\/\",\"logo\":{\"@type\":\"ImageObject\",\"inLanguage\":\"az\",\"@id\":\"https:\\\/\\\/www.meydan.tv\\\/az\\\/#\\\/schema\\\/logo\\\/image\\\/\",\"url\":\"https:\\\/\\\/www.meydan.tv\\\/wp-content\\\/uploads\\\/2021\\\/07\\\/meydan-logo.svg\",\"contentUrl\":\"https:\\\/\\\/www.meydan.tv\\\/wp-content\\\/uploads\\\/2021\\\/07\\\/meydan-logo.svg\",\"width\":195,\"height\":46,\"caption\":\"Meydan TV\"},\"image\":{\"@id\":\"https:\\\/\\\/www.meydan.tv\\\/az\\\/#\\\/schema\\\/logo\\\/image\\\/\"}},{\"@type\":\"Person\",\"@id\":\"https:\\\/\\\/www.meydan.tv\\\/az\\\/#\\\/schema\\\/person\\\/10d11eccf6da3662cf5fdab9806ea91a\",\"name\":\"user-manager\"}]}<\/script>\n<!-- \/ Yoast SEO plugin. -->","yoast_head_json":{"title":"''Sektorial'' nazirin ''sektorial'' dili - MEYDAN.TV","robots":{"index":"index","follow":"follow","max-snippet":"max-snippet:-1","max-image-preview":"max-image-preview:large","max-video-preview":"max-video-preview:-1"},"canonical":"https:\/\/www.meydan.tv\/az\/article\/sektorial-nazirin-sektorial-dili\/","og_locale":"az_AZ","og_type":"article","og_title":"''Sektorial'' nazirin ''sektorial'' dili - MEYDAN.TV","og_description":"Dild\u0259n g\u0259lir g\u0259lm\u0259diyi \u00fc\u00e7\u00fcn Elmar M\u0259mm\u0259dyarovun t\u0259msil etdiyi indiki hakimiyy\u0259t dilimizin inki\u015faf\u0131nda q\u0259ti maraql\u0131 deyil.","og_url":"https:\/\/www.meydan.tv\/az\/article\/sektorial-nazirin-sektorial-dili\/","og_site_name":"MEYDAN.TV","article_published_time":"2018-11-08T02:16:17+00:00","og_image":[{"width":750,"height":500,"url":"https:\/\/www.meydan.tv\/wp-content\/uploads\/44610.jpg","type":"image\/jpeg"}],"author":"user-manager","twitter_card":"summary_large_image","schema":{"@context":"https:\/\/schema.org","@graph":[{"@type":"Article","@id":"https:\/\/www.meydan.tv\/az\/article\/sektorial-nazirin-sektorial-dili\/#article","isPartOf":{"@id":"https:\/\/www.meydan.tv\/az\/article\/sektorial-nazirin-sektorial-dili\/"},"author":{"name":"user-manager","@id":"https:\/\/www.meydan.tv\/az\/#\/schema\/person\/10d11eccf6da3662cf5fdab9806ea91a"},"headline":"&#8221;Sektorial&#8221; nazirin &#8221;sektorial&#8221; dili","datePublished":"2018-11-08T02:16:17+00:00","mainEntityOfPage":{"@id":"https:\/\/www.meydan.tv\/az\/article\/sektorial-nazirin-sektorial-dili\/"},"wordCount":1616,"publisher":{"@id":"https:\/\/www.meydan.tv\/az\/#organization"},"image":{"@id":"https:\/\/www.meydan.tv\/az\/article\/sektorial-nazirin-sektorial-dili\/#primaryimage"},"thumbnailUrl":"https:\/\/www.meydan.tv\/wp-content\/uploads\/44610.jpg","articleSection":["M\u0259nim Fikrimc\u0259"],"inLanguage":"az"},{"@type":"WebPage","@id":"https:\/\/www.meydan.tv\/az\/article\/sektorial-nazirin-sektorial-dili\/","url":"https:\/\/www.meydan.tv\/az\/article\/sektorial-nazirin-sektorial-dili\/","name":"''Sektorial'' nazirin ''sektorial'' dili - MEYDAN.TV","isPartOf":{"@id":"https:\/\/www.meydan.tv\/az\/#website"},"primaryImageOfPage":{"@id":"https:\/\/www.meydan.tv\/az\/article\/sektorial-nazirin-sektorial-dili\/#primaryimage"},"image":{"@id":"https:\/\/www.meydan.tv\/az\/article\/sektorial-nazirin-sektorial-dili\/#primaryimage"},"thumbnailUrl":"https:\/\/www.meydan.tv\/wp-content\/uploads\/44610.jpg","datePublished":"2018-11-08T02:16:17+00:00","breadcrumb":{"@id":"https:\/\/www.meydan.tv\/az\/article\/sektorial-nazirin-sektorial-dili\/#breadcrumb"},"inLanguage":"az","potentialAction":[{"@type":"ReadAction","target":["https:\/\/www.meydan.tv\/az\/article\/sektorial-nazirin-sektorial-dili\/"]}]},{"@type":"ImageObject","inLanguage":"az","@id":"https:\/\/www.meydan.tv\/az\/article\/sektorial-nazirin-sektorial-dili\/#primaryimage","url":"https:\/\/www.meydan.tv\/wp-content\/uploads\/44610.jpg","contentUrl":"https:\/\/www.meydan.tv\/wp-content\/uploads\/44610.jpg","width":750,"height":500,"caption":"Foto: X\u0130N"},{"@type":"BreadcrumbList","@id":"https:\/\/www.meydan.tv\/az\/article\/sektorial-nazirin-sektorial-dili\/#breadcrumb","itemListElement":[{"@type":"ListItem","position":1,"name":"Ana s\u0259hif\u0259","item":"https:\/\/www.meydan.tv\/az\/"},{"@type":"ListItem","position":2,"name":"M\u0259nim Fikrimc\u0259","item":"https:\/\/www.meydan.tv\/az\/section\/menim-fikrimce\/"},{"@type":"ListItem","position":3,"name":"&#8221;Sektorial&#8221; nazirin &#8221;sektorial&#8221; dili"}]},{"@type":"WebSite","@id":"https:\/\/www.meydan.tv\/az\/#website","url":"https:\/\/www.meydan.tv\/az\/","name":"MEYDAN.TV","description":"Meydan TV Az\u0259rbaycan\u0131n media m\u0259kan\u0131ndak\u0131 alternativ s\u0259sidir","publisher":{"@id":"https:\/\/www.meydan.tv\/az\/#organization"},"potentialAction":[{"@type":"SearchAction","target":{"@type":"EntryPoint","urlTemplate":"https:\/\/www.meydan.tv\/az\/?s={search_term_string}"},"query-input":{"@type":"PropertyValueSpecification","valueRequired":true,"valueName":"search_term_string"}}],"inLanguage":"az"},{"@type":"Organization","@id":"https:\/\/www.meydan.tv\/az\/#organization","name":"Meydan TV","url":"https:\/\/www.meydan.tv\/az\/","logo":{"@type":"ImageObject","inLanguage":"az","@id":"https:\/\/www.meydan.tv\/az\/#\/schema\/logo\/image\/","url":"https:\/\/www.meydan.tv\/wp-content\/uploads\/2021\/07\/meydan-logo.svg","contentUrl":"https:\/\/www.meydan.tv\/wp-content\/uploads\/2021\/07\/meydan-logo.svg","width":195,"height":46,"caption":"Meydan TV"},"image":{"@id":"https:\/\/www.meydan.tv\/az\/#\/schema\/logo\/image\/"}},{"@type":"Person","@id":"https:\/\/www.meydan.tv\/az\/#\/schema\/person\/10d11eccf6da3662cf5fdab9806ea91a","name":"user-manager"}]}},"_links":{"self":[{"href":"https:\/\/www.meydan.tv\/az\/wp-json\/wp\/v2\/posts\/192474","targetHints":{"allow":["GET"]}}],"collection":[{"href":"https:\/\/www.meydan.tv\/az\/wp-json\/wp\/v2\/posts"}],"about":[{"href":"https:\/\/www.meydan.tv\/az\/wp-json\/wp\/v2\/types\/post"}],"author":[{"embeddable":true,"href":"https:\/\/www.meydan.tv\/az\/wp-json\/wp\/v2\/users\/11"}],"replies":[{"embeddable":true,"href":"https:\/\/www.meydan.tv\/az\/wp-json\/wp\/v2\/comments?post=192474"}],"version-history":[{"count":0,"href":"https:\/\/www.meydan.tv\/az\/wp-json\/wp\/v2\/posts\/192474\/revisions"}],"wp:featuredmedia":[{"embeddable":true,"href":"https:\/\/www.meydan.tv\/az\/wp-json\/wp\/v2\/media\/112104"}],"wp:attachment":[{"href":"https:\/\/www.meydan.tv\/az\/wp-json\/wp\/v2\/media?parent=192474"}],"wp:term":[{"taxonomy":"category","embeddable":true,"href":"https:\/\/www.meydan.tv\/az\/wp-json\/wp\/v2\/categories?post=192474"},{"taxonomy":"post_tag","embeddable":true,"href":"https:\/\/www.meydan.tv\/az\/wp-json\/wp\/v2\/tags?post=192474"}],"curies":[{"name":"wp","href":"https:\/\/api.w.org\/{rel}","templated":true}]}}