{"id":192437,"date":"2018-11-06T01:27:28","date_gmt":"2018-11-06T01:27:28","guid":{"rendered":"https:\/\/www.meydan.tv\/article\/celil-memmedquluzadenin-tbilisideki-evinde\/"},"modified":"2018-11-06T01:27:28","modified_gmt":"2018-11-06T01:27:28","slug":"celil-memmedquluzadenin-tbilisideki-evinde","status":"publish","type":"post","link":"https:\/\/www.meydan.tv\/az\/article\/celil-memmedquluzadenin-tbilisideki-evinde\/","title":{"rendered":"C\u0259lil M\u0259mm\u0259dquluzad\u0259nin Tbilisid\u0259ki evind\u0259"},"content":{"rendered":"<p>\n  \u201cBurda \u0259rimin babas\u0131 ya\u015fay\u0131b. \u018frim d\u0259 bu evd\u0259 anadan olub. Onun babas\u0131 bu evi al\u0131b. Bilirik ki, bu ev tarixi \u015f\u0259xsiyy\u0259t \u2013 C\u0259lil M\u0259mm\u0259dquluzad\u0259y\u0259 aiddir. Bir ne\u00e7\u0259 d\u0259f\u0259 Az\u0259rbaycan s\u0259firliyind\u0259n g\u0259lib evi almaq ist\u0259yibl\u0259r. Ancaq raz\u0131la\u015fmam\u0131\u015f\u0131q. Evin haz\u0131rk\u0131 sahibi n\u0259v\u0259m Merabd\u0131r. O, evi almaq ist\u0259y\u0259nl\u0259rl\u0259 dan\u0131\u015f\u0131qlarda olub\u201d, \u2013 dey\u0259 Yelena Keasi\u015fvili bildirir.\n<\/p>\n<p>\n  O, Tbilisid\u0259ki Besiki 24 \u00fcnvan\u0131nda uzun ill\u0259rdir ya\u015fay\u0131r. Evin C\u0259lil M\u0259mm\u0259dquluzad\u0259y\u0259 aid oldu\u011funu qap\u0131n\u0131n yan\u0131nda divara b\u0259rkidilmi\u015f xatir\u0259 l\u00f6vh\u0259sind\u0259n v\u0259 \u0259rind\u0259n \u00f6yr\u0259ndiyini deyir. Buran\u0131n tarixi yer oldu\u011funu el\u0259 ancaq bu l\u00f6vh\u0259d\u0259n anlamaq olar. H\u0259min l\u00f6vh\u0259d\u0259 q\u0131sa olaraq C\u0259lil M\u0259mm\u0259dquluzad\u0259 haqda yaz\u0131l\u0131b.\n<\/p>\n<figure class=\"wp-block-image size-large\">\n  <img decoding=\"async\" src=\"https:\/\/www.meydan.tv\/az\/celil-memmedquluzadeye-mexsus-evin-ve-qeyret-metbeesinin-bir-esir-evvelki-gorunusu\/\" alt=\"C\u0259lil M\u0259mm\u0259dquluzad\u0259y\u0259 m\u0259xsus evin v\u0259 \u201cQeyr\u0259t\u201d m\u0259tb\u0259\u0259sinin bir \u0259sir \u0259vv\u0259lki g\u00f6r\u00fcn\u00fc\u015f\u00fc\" class=\"wp-image-111972\"\/><figcaption>\n    C\u0259lil M\u0259mm\u0259dquluzad\u0259y\u0259 m\u0259xsus evin v\u0259 \u201cQeyr\u0259t\u201d m\u0259tb\u0259\u0259sinin bir \u0259sir \u0259vv\u0259lki g\u00f6r\u00fcn\u00fc\u015f\u00fc<br \/>\n  <\/figcaption><\/figure>\n<p>\n  C\u0259lil M\u0259mm\u0259dquluzad\u0259nin evin\u0259 biti\u015fik \u201cMolla N\u0259sr\u0259ddin\u201d jurnal\u0131n\u0131n n\u0259\u015fr edildiyi \u201cQeyr\u0259t\u201d m\u0259tb\u0259\u0259sin\u0259 (daha \u0259vv\u0259l \u015e\u0259rqi-rus q\u0259zetin\u0259 aid olub) aid yer haqq\u0131nda is\u0259 az bildiyini vur\u011fulay\u0131r:\n<\/p>\n<p>\n  \u201cE\u015fitmi\u015f\u0259m ki, h\u0259min yerd\u0259 \u0259vv\u0259ll\u0259r muzey olub. Amma oran\u0131n n\u0259 zamansa qap\u0131s\u0131n\u0131n a\u00e7\u0131ld\u0131\u011f\u0131n\u0131 g\u00f6rm\u0259mi\u015f\u0259m. Deyirl\u0259r, sonradan ba\u011flan\u0131b\u201d.\n<\/p>\n<p>\n  \u018ftrafda uzun m\u00fcdd\u0259tdir ya\u015fayan sakinl\u0259r d\u0259 bu s\u00f6zl\u0259ri t\u0259sdiql\u0259yir. Ya\u015fl\u0131 sakinl\u0259rd\u0259n biri \u0259vv\u0259ll\u0259r h\u0259min binan\u0131n muzey oldu\u011funu, bir m\u00fcdd\u0259t sonra is\u0259 ba\u011fland\u0131\u011f\u0131n\u0131, ill\u0259rdir qap\u0131s\u0131n\u0131n a\u00e7\u0131lmad\u0131\u011f\u0131n\u0131 n\u0259ql edir. F\u0259aliyy\u0259t g\u00f6st\u0259rdiyi zamanlarda da b\u00fct\u00fcn g\u00fcn\u00fc i\u015fl\u0259m\u0259diyini, b\u0259zi \u0259\u015fyalar\u0131n o\u011furland\u0131\u011f\u0131n\u0131 deyir.\n<\/p>\n<p>\n  M\u0259mm\u0259dquluzad\u0259nin evind\u0259n f\u0259rqli olaraq redaksiyan\u0131n tarixi yer oldu\u011funu bildir\u0259n l\u00f6vh\u0259 v\u0259 ya ba\u015fqa bir i\u015far\u0259 yoxdur. Evin yaln\u0131z arxa hiss\u0259sind\u0259 olan giri\u015f qap\u0131s\u0131 is\u0259 d\u0259mir \u00e7\u0259r\u00e7iv\u0259 il\u0259 qapad\u0131l\u0131b.\n<\/p>\n<figure class=\"wp-block-image size-large\">\n  <img decoding=\"async\" src=\"https:\/\/www.meydan.tv\/az\/celil-memmedquluzadeye-mexsus-evin-ve-qeyret-metbeesinin-hazirki-gorunusu\/\" alt=\"C\u0259lil M\u0259mm\u0259dquluzad\u0259y\u0259 m\u0259xsus evin v\u0259 \u201cQeyr\u0259t\u201d m\u0259tb\u0259\u0259sinin haz\u0131rki g\u00f6r\u00fcn\u00fc\u015f\u00fc\" class=\"wp-image-111975\"\/><figcaption>\n    C\u0259lil M\u0259mm\u0259dquluzad\u0259y\u0259 m\u0259xsus evin v\u0259 \u201cQeyr\u0259t\u201d m\u0259tb\u0259\u0259sinin haz\u0131rki g\u00f6r\u00fcn\u00fc\u015f\u00fc<br \/>\n  <\/figcaption><\/figure>\n<p>\n  Evin haz\u0131rk\u0131 sahibi Merab Xaradze ad \u00e7\u0259km\u0259k ist\u0259m\u0259s\u0259 d\u0259, m\u00fclk\u00fcn Az\u0259rbaycan h\u00f6k\u00fcm\u0259tin\u0259 yax\u0131n insanlar t\u0259r\u0259find\u0259n al\u0131nmaq ist\u0259diyini t\u0259sdiql\u0259yir:\n<\/p>\n<p>\n  \u201cBir ne\u00e7\u0259 d\u0259f\u0259 evi almaq \u00fc\u00e7\u00fcn dan\u0131\u015f\u0131qlar olub. Evi almaq ist\u0259y\u0259nl\u0259r Az\u0259rbaycan s\u0259firliyi v\u0259 SOCAR-la \u0259laq\u0259li olduqlar\u0131n\u0131 deyibl\u0259r. Amma sonra onlardan x\u0259b\u0259r \u00e7\u0131xmay\u0131b, yoxa \u00e7\u0131x\u0131blar. Haz\u0131rda evin bir hiss\u0259si q\u0259zal\u0131 v\u0259ziyy\u0259td\u0259dir. Buran\u0131n tarixi bina oldu\u011funu bilir\u0259m. \u00dcmum\u0259n binada probleml\u0259r var. Yax\u0131n vaxtlarda t\u0259mir edilm\u0259zs\u0259, binan\u0131n b\u0259zi hiss\u0259l\u0259ri m\u0259hv ola bil\u0259r. Bizim ev\u0259 biti\u015fik m\u0259tb\u0259\u0259 il\u0259 ba\u011fl\u0131 is\u0259 bildiyim \u00e7ox azd\u0131r. Ciddi dan\u0131\u015f\u0131q aparan olsa, evi sata bil\u0259rik. \u018fn az\u0131ndan tarixi abid\u0259 kimi q\u0259zal\u0131 hiss\u0259sinin t\u0259miri vacibdir\u201d.\n<\/p>\n<p>\n  Evin i\u00e7ind\u0259 is\u0259 tarixilik dem\u0259k olar ki, qalmay\u0131b. M\u0259nzilin \u0259n ya\u015fl\u0131 sakini Yelena Keasi\u015fvili buna s\u0259b\u0259b kimi uzun ill\u0259r buran\u0131n adi ev kimi istifad\u0259sini g\u00f6st\u0259rir:\n<\/p>\n<p>\n  \u201cBurada m\u0259nd\u0259n ba\u015fqa n\u0259v\u0259l\u0259rim qal\u0131r. G\u00f6rd\u00fcy\u00fcn\u00fcz kimi evi d\u0259 n\u0259v\u0259l\u0259rimin ist\u0259yin\u0259 uy\u011fun d\u0259yi\u015fmi\u015f\u0259m. H\u0259r \u015fey s\u0259liq\u0259li v\u0259 yax\u015f\u0131 \u015f\u0259raitd\u0259 olsa da, evin q\u0259dim g\u00f6r\u00fcnt\u00fcs\u00fc qorunmay\u0131b. \u0130\u00e7\u0259rid\u0259 \u0259vv\u0259ll\u0259r b\u0259zi k\u00f6hn\u0259 kitablar olub. Onu da Az\u0259rbaycandan olan d\u00f6vl\u0259t n\u00fcmay\u0259nd\u0259l\u0259rin\u0259 veribl\u0259r. Lakin bu haqda soru\u015fmay\u0131n, \u00e7\u00fcnki geni\u015f m\u0259lumat\u0131m yoxdur\u201d.\n<\/p>\n<figure class=\"wp-block-image size-large\">\n  <img decoding=\"async\" src=\"https:\/\/www.meydan.tv\/az\/metbeenin-arxa-girisine-ve-icerisine-aid-fotolar-3\/\" alt=\"M\u0259tb\u0259\u0259nin arxa giri\u015fin\u0259 v\u0259 i\u00e7\u0259risin\u0259 aid fotolar\" class=\"wp-image-111990\"\/><figcaption>\n    M\u0259tb\u0259\u0259nin arxa giri\u015fin\u0259 v\u0259 i\u00e7\u0259risin\u0259 aid fotolar<br \/>\n  <\/figcaption><\/figure>\n<p>\n  Az\u0259rbaycan\u0131n G\u00fcrc\u00fcstandak\u0131 s\u0259firliyi is\u0259 uzun m\u00fcdd\u0259t suallar\u0131 cavabland\u0131rmaqdan yay\u0131n\u0131b. Daha sonra is\u0259 n\u0259 o\u011furlanan eksponatlar, n\u0259 d\u0259 h\u0259min redaksiyan\u0131n haz\u0131rda kim\u0259 aid oldu\u011funu bilm\u0259dikl\u0259rini bildiribl\u0259r.\n<\/p>\n<p>\n  \u201cBu tip m\u0259s\u0259l\u0259l\u0259r bizim i\u015fimiz\u0259 aid deyil v\u0259 biz bu tip m\u0259s\u0259l\u0259l\u0259rl\u0259 maraqlanm\u0131r\u0131q\u201d, &#8211; S\u0259firlik n\u00fcmay\u0259nd\u0259si q\u0131sa \u015f\u0259kild\u0259 bildirib.\n<\/p>\n<p>\n  G\u00fcrc\u00fcstan\u0131n M\u0259d\u0259niyy\u0259t v\u0259 Abid\u0259l\u0259rin Qorunmas\u0131 Nazirliyind\u0259n (Ministry of Culture and Monument Protection of Georgia) is\u0259 Besiki 24 \u00fcnvan\u0131nda yaln\u0131z bir xatir\u0259 l\u00f6vh\u0259sinin qeydiyyatdan ke\u00e7diyini bildiribl\u0259r.\n<\/p>\n<p>\n  \u201cOrada M\u0259mm\u0259dquluzad\u0259y\u0259 aid xatir\u0259 l\u00f6vh\u0259si var v\u0259 r\u0259smi olaraq bizd\u0259 qeydiyyatdad\u0131r. Ora biti\u015fik redaksiya is\u0259 r\u0259smi qeydiyyatda deyil. M\u0259nd\u0259 yaln\u0131z ke\u00e7mi\u015f i\u015f\u00e7il\u0259r\u0259 aid m\u0259lumat var ki, 2000-ci ill\u0259rd\u0259 orada d\u00f6vl\u0259td\u0259nk\u0259nar d\u0259st\u0259k il\u0259 muzey a\u00e7\u0131l\u0131b v\u0259 daha sonra ba\u011flan\u0131b. G\u00fcrc\u00fcstanda bu tip muzeyl\u0259r m\u00f6vcuddur. D\u00f6vl\u0259t d\u0259st\u0259yind\u0259 deyil, lakin kimins\u0259 \u015f\u0259xsi d\u0259st\u0259yi il\u0259 f\u0259aliyy\u0259t g\u00f6st\u0259rir. Oradak\u0131 eksponatlar\u0131n o\u011furlanmas\u0131 haqq\u0131nda is\u0259 he\u00e7 bir m\u0259lumat\u0131m yoxdur. Bildiyim budur ki, ordak\u0131 eksponatlar Axundov ad\u0131na ev muzeyin\u0259 (M.F.Axundov ad\u0131na ev muzeyi v\u0259 Az\u0259rbaycan M\u0259d\u0259niyy\u0259ti M\u0259rk\u0259zi) apar\u0131l\u0131b. H\u0259m\u00e7inin N\u0259riman N\u0259rimanovun evin\u0259 aid \u0259\u015fyalar da h\u0259min muzey\u0259 k\u00f6\u00e7\u00fcr\u00fcl\u00fcb. Binan\u0131n q\u0259zal\u0131 olmas\u0131na is\u0259 biz baxm\u0131r\u0131q. Bununla ba\u011fl\u0131 Tbilisi Meriyas\u0131na ba\u011fl\u0131 Tbilisi \u0130nki\u015faf Fondu (Tbilisi Development Fund) var. Bu qurum q\u0259zal\u0131 binalar\u0131 restavrasiya edir\u201d, \u2013 dey\u0259 nazirliyin m\u00fct\u0259x\u0259ssisi Sofiko Lodjanize bildirib.\n<\/p>\n<figure class=\"wp-block-image size-large\">\n  <img decoding=\"async\" src=\"https:\/\/www.meydan.tv\/az\/metbeenin-arxa-girisine-ve-icerisine-aid-fotolar\/\" alt=\"M\u0259tb\u0259\u0259nin arxa giri\u015fin\u0259 v\u0259 i\u00e7\u0259risin\u0259 aid fotolar\" class=\"wp-image-111978\"\/><figcaption>\n    M\u0259tb\u0259\u0259nin arxa giri\u015fin\u0259 v\u0259 i\u00e7\u0259risin\u0259 aid fotolar<br \/>\n  <\/figcaption><\/figure>\n<p>\n  Tbilisi \u0130nki\u015faf Fondundan is\u0259 bildiribl\u0259r ki, onlar Tbilisid\u0259ki \u0259n q\u0259zal\u0131 v\u0259ziyy\u0259td\u0259 olan binalar\u0131 restovrasiya edirl\u0259r. Besiki 24 \u00fcnvan\u0131nda yerl\u0259\u015f\u0259n bina is\u0259 bu siyah\u0131da deyil. \u00dcmumiyy\u0259tl\u0259, onlarda binan\u0131n q\u0259zal\u0131 olmas\u0131na aid m\u0259lumat yoxdur.\n<\/p>\n<p>\n  M.F.Axundov ad\u0131na ev muzeyi v\u0259 Az\u0259rbaycan M\u0259d\u0259niyy\u0259ti M\u0259rk\u0259zinin (Mirza F. Akhundov museum of Azerbaijani culture of Tbilisi) direktoru Leyla \u018fliyeva is\u0259 M\u0259d\u0259niyy\u0259t Nazirliyinin dedikl\u0259rini r\u0259dd edib:\n<\/p>\n<p>\n  \u201cBizd\u0259 C\u0259lil M\u0259mm\u0259dquluzad\u0259y\u0259 v\u0259 \u201cQeyr\u0259t\u201d m\u0259tb\u0259\u0259sin\u0259 aid he\u00e7 bir eksponat yoxdur. Biz yaln\u0131z Axundov v\u0259 N\u0259rimanov muzeyl\u0259rin\u0259 cavabdehlik da\u015f\u0131y\u0131r\u0131q. Deyil\u0259n yerd\u0259 uzun ill\u0259r \u0259vv\u0259l olmu\u015fam. Orada he\u00e7 eksponatlar da \u00e7ox deyil. B\u0259zi kitab v\u0259 x\u0131rda \u0259\u015fyalar olub. N\u0259 vaxtsa ora t\u0259mir olunub bizim muzeyin n\u0259zdin\u0259 verils\u0259, o zaman biz d\u0259 cavabdehlik da\u015f\u0131yar\u0131q\u201d.\n<\/p>\n<figure class=\"wp-block-image size-large\">\n  <img decoding=\"async\" src=\"https:\/\/www.meydan.tv\/az\/metbeenin-arxa-girisine-ve-icerisine-aid-fotolar-2\/\" alt=\"M\u0259tb\u0259\u0259nin arxa giri\u015fin\u0259 v\u0259 i\u00e7\u0259risin\u0259 aid fotolar\" class=\"wp-image-111984\"\/><figcaption>\n    M\u0259tb\u0259\u0259nin arxa giri\u015fin\u0259 v\u0259 i\u00e7\u0259risin\u0259 aid fotolar<br \/>\n  <\/figcaption><\/figure>\n<p>\n  \u018fliyeva oran\u0131n n\u0259 vaxt t\u0259mir olunub, istifad\u0259y\u0259 veril\u0259 bil\u0259c\u0259yi haqq\u0131nda is\u0259 m\u0259lumatl\u0131 olmad\u0131\u011f\u0131n\u0131 s\u00f6yl\u0259yib. \u018fvv\u0259lc\u0259 bu m\u0259s\u0259l\u0259y\u0259 s\u0259firliyin cavabdeh oldu\u011funu des\u0259 d\u0259, daha sonra m\u0259lumats\u0131z oldu\u011funu bildirib:\n<\/p>\n<p>\n  \u201cH\u0259min yer Az\u0259rbaycan m\u0259d\u0259niyy\u0259ti \u00fc\u00e7\u00fcn \u00f6n\u0259mlidir. Lakin Tbilisid\u0259 \u00e7oxlu Az\u0259rbaycan abid\u0259l\u0259ri var. \u0130ndiy\u0259n\u0259 q\u0259d\u0259r Axundova m\u0259xsus ev muzeyi v\u0259 N\u0259rimanova aid ev muzeyi t\u0259mir edilib v\u0259 muzey kimi istifad\u0259y\u0259 verilib. Y\u0259qin ki, n\u00f6vb\u0259ti ill\u0259rd\u0259 C\u0259lil M\u0259mm\u0259dquluzad\u0259y\u0259 aid ev d\u0259 istifad\u0259y\u0259 veril\u0259r. Lakin bunun n\u0259 vaxt ba\u015f ver\u0259c\u0259yini bilmir\u0259m v\u0259 bu m\u0259s\u0259l\u0259y\u0259 kimin cavabdehlik da\u015f\u0131\u011f\u0131n\u0131 da dey\u0259 bilm\u0259r\u0259m\u201d.<\/p>\n","protected":false},"excerpt":{"rendered":"<p>\u201cQeyr\u0259t\u201d m\u0259tb\u0259\u0259sinin n\u0259 \u00f6z\u00fc var, n\u0259 d\u0259 \u0259\u015fyalar\u0131<\/p>\n","protected":false},"author":11,"featured_media":112029,"comment_status":"closed","ping_status":"open","sticky":false,"template":"","format":"standard","meta":{"_acf_changed":false,"_sitemap_exclude":false,"_sitemap_priority":"","_sitemap_frequency":"","footnotes":""},"categories":[51],"tags":[],"class_list":["post-192437","post","type-post","status-publish","format-standard","has-post-thumbnail","hentry","category-analitika","infinite-scroll-item","generate-columns","tablet-grid-50","mobile-grid-100","grid-parent","grid-33","no-featured-image-padding"],"acf":[],"yoast_head":"<!-- This site is optimized with the Yoast SEO plugin v27.4 - https:\/\/yoast.com\/product\/yoast-seo-wordpress\/ -->\n<title>C\u0259lil M\u0259mm\u0259dquluzad\u0259nin Tbilisid\u0259ki evind\u0259 - MEYDAN.TV<\/title>\n<meta name=\"robots\" content=\"index, follow, max-snippet:-1, max-image-preview:large, max-video-preview:-1\" \/>\n<link rel=\"canonical\" href=\"https:\/\/www.meydan.tv\/az\/article\/celil-memmedquluzadenin-tbilisideki-evinde\/\" \/>\n<meta property=\"og:locale\" content=\"az_AZ\" \/>\n<meta property=\"og:type\" content=\"article\" \/>\n<meta property=\"og:title\" content=\"C\u0259lil M\u0259mm\u0259dquluzad\u0259nin Tbilisid\u0259ki evind\u0259 - MEYDAN.TV\" \/>\n<meta property=\"og:description\" content=\"\u201cQeyr\u0259t\u201d m\u0259tb\u0259\u0259sinin n\u0259 \u00f6z\u00fc var, n\u0259 d\u0259 \u0259\u015fyalar\u0131\" \/>\n<meta property=\"og:url\" content=\"https:\/\/www.meydan.tv\/az\/article\/celil-memmedquluzadenin-tbilisideki-evinde\/\" \/>\n<meta property=\"og:site_name\" content=\"MEYDAN.TV\" \/>\n<meta property=\"article:published_time\" content=\"2018-11-06T01:27:28+00:00\" \/>\n<meta property=\"og:image\" content=\"https:\/\/www.meydan.tv\/wp-content\/uploads\/44556-scaled.jpg\" \/>\n\t<meta property=\"og:image:width\" content=\"2560\" \/>\n\t<meta property=\"og:image:height\" content=\"1920\" \/>\n\t<meta property=\"og:image:type\" content=\"image\/jpeg\" \/>\n<meta name=\"author\" content=\"user-manager\" \/>\n<meta name=\"twitter:card\" content=\"summary_large_image\" \/>\n<script type=\"application\/ld+json\" class=\"yoast-schema-graph\">{\"@context\":\"https:\\\/\\\/schema.org\",\"@graph\":[{\"@type\":\"Article\",\"@id\":\"https:\\\/\\\/www.meydan.tv\\\/az\\\/article\\\/celil-memmedquluzadenin-tbilisideki-evinde\\\/#article\",\"isPartOf\":{\"@id\":\"https:\\\/\\\/www.meydan.tv\\\/az\\\/article\\\/celil-memmedquluzadenin-tbilisideki-evinde\\\/\"},\"author\":{\"name\":\"user-manager\",\"@id\":\"https:\\\/\\\/www.meydan.tv\\\/az\\\/#\\\/schema\\\/person\\\/10d11eccf6da3662cf5fdab9806ea91a\"},\"headline\":\"C\u0259lil M\u0259mm\u0259dquluzad\u0259nin Tbilisid\u0259ki evind\u0259\",\"datePublished\":\"2018-11-06T01:27:28+00:00\",\"mainEntityOfPage\":{\"@id\":\"https:\\\/\\\/www.meydan.tv\\\/az\\\/article\\\/celil-memmedquluzadenin-tbilisideki-evinde\\\/\"},\"wordCount\":1332,\"publisher\":{\"@id\":\"https:\\\/\\\/www.meydan.tv\\\/az\\\/#organization\"},\"image\":{\"@id\":\"https:\\\/\\\/www.meydan.tv\\\/az\\\/article\\\/celil-memmedquluzadenin-tbilisideki-evinde\\\/#primaryimage\"},\"thumbnailUrl\":\"https:\\\/\\\/www.meydan.tv\\\/wp-content\\\/uploads\\\/44556-scaled.jpg\",\"articleSection\":[\"Analitika\"],\"inLanguage\":\"az\"},{\"@type\":\"WebPage\",\"@id\":\"https:\\\/\\\/www.meydan.tv\\\/az\\\/article\\\/celil-memmedquluzadenin-tbilisideki-evinde\\\/\",\"url\":\"https:\\\/\\\/www.meydan.tv\\\/az\\\/article\\\/celil-memmedquluzadenin-tbilisideki-evinde\\\/\",\"name\":\"C\u0259lil M\u0259mm\u0259dquluzad\u0259nin Tbilisid\u0259ki evind\u0259 - MEYDAN.TV\",\"isPartOf\":{\"@id\":\"https:\\\/\\\/www.meydan.tv\\\/az\\\/#website\"},\"primaryImageOfPage\":{\"@id\":\"https:\\\/\\\/www.meydan.tv\\\/az\\\/article\\\/celil-memmedquluzadenin-tbilisideki-evinde\\\/#primaryimage\"},\"image\":{\"@id\":\"https:\\\/\\\/www.meydan.tv\\\/az\\\/article\\\/celil-memmedquluzadenin-tbilisideki-evinde\\\/#primaryimage\"},\"thumbnailUrl\":\"https:\\\/\\\/www.meydan.tv\\\/wp-content\\\/uploads\\\/44556-scaled.jpg\",\"datePublished\":\"2018-11-06T01:27:28+00:00\",\"breadcrumb\":{\"@id\":\"https:\\\/\\\/www.meydan.tv\\\/az\\\/article\\\/celil-memmedquluzadenin-tbilisideki-evinde\\\/#breadcrumb\"},\"inLanguage\":\"az\",\"potentialAction\":[{\"@type\":\"ReadAction\",\"target\":[\"https:\\\/\\\/www.meydan.tv\\\/az\\\/article\\\/celil-memmedquluzadenin-tbilisideki-evinde\\\/\"]}]},{\"@type\":\"ImageObject\",\"inLanguage\":\"az\",\"@id\":\"https:\\\/\\\/www.meydan.tv\\\/az\\\/article\\\/celil-memmedquluzadenin-tbilisideki-evinde\\\/#primaryimage\",\"url\":\"https:\\\/\\\/www.meydan.tv\\\/wp-content\\\/uploads\\\/44556-scaled.jpg\",\"contentUrl\":\"https:\\\/\\\/www.meydan.tv\\\/wp-content\\\/uploads\\\/44556-scaled.jpg\",\"width\":2560,\"height\":1920,\"caption\":\"Source:\"},{\"@type\":\"BreadcrumbList\",\"@id\":\"https:\\\/\\\/www.meydan.tv\\\/az\\\/article\\\/celil-memmedquluzadenin-tbilisideki-evinde\\\/#breadcrumb\",\"itemListElement\":[{\"@type\":\"ListItem\",\"position\":1,\"name\":\"Ana s\u0259hif\u0259\",\"item\":\"https:\\\/\\\/www.meydan.tv\\\/az\\\/\"},{\"@type\":\"ListItem\",\"position\":2,\"name\":\"Analitika\",\"item\":\"https:\\\/\\\/www.meydan.tv\\\/az\\\/section\\\/analitika\\\/\"},{\"@type\":\"ListItem\",\"position\":3,\"name\":\"C\u0259lil M\u0259mm\u0259dquluzad\u0259nin Tbilisid\u0259ki evind\u0259\"}]},{\"@type\":\"WebSite\",\"@id\":\"https:\\\/\\\/www.meydan.tv\\\/az\\\/#website\",\"url\":\"https:\\\/\\\/www.meydan.tv\\\/az\\\/\",\"name\":\"MEYDAN.TV\",\"description\":\"Meydan TV Az\u0259rbaycan\u0131n media m\u0259kan\u0131ndak\u0131 alternativ s\u0259sidir\",\"publisher\":{\"@id\":\"https:\\\/\\\/www.meydan.tv\\\/az\\\/#organization\"},\"potentialAction\":[{\"@type\":\"SearchAction\",\"target\":{\"@type\":\"EntryPoint\",\"urlTemplate\":\"https:\\\/\\\/www.meydan.tv\\\/az\\\/?s={search_term_string}\"},\"query-input\":{\"@type\":\"PropertyValueSpecification\",\"valueRequired\":true,\"valueName\":\"search_term_string\"}}],\"inLanguage\":\"az\"},{\"@type\":\"Organization\",\"@id\":\"https:\\\/\\\/www.meydan.tv\\\/az\\\/#organization\",\"name\":\"Meydan TV\",\"url\":\"https:\\\/\\\/www.meydan.tv\\\/az\\\/\",\"logo\":{\"@type\":\"ImageObject\",\"inLanguage\":\"az\",\"@id\":\"https:\\\/\\\/www.meydan.tv\\\/az\\\/#\\\/schema\\\/logo\\\/image\\\/\",\"url\":\"https:\\\/\\\/www.meydan.tv\\\/wp-content\\\/uploads\\\/2021\\\/07\\\/meydan-logo.svg\",\"contentUrl\":\"https:\\\/\\\/www.meydan.tv\\\/wp-content\\\/uploads\\\/2021\\\/07\\\/meydan-logo.svg\",\"width\":195,\"height\":46,\"caption\":\"Meydan TV\"},\"image\":{\"@id\":\"https:\\\/\\\/www.meydan.tv\\\/az\\\/#\\\/schema\\\/logo\\\/image\\\/\"}},{\"@type\":\"Person\",\"@id\":\"https:\\\/\\\/www.meydan.tv\\\/az\\\/#\\\/schema\\\/person\\\/10d11eccf6da3662cf5fdab9806ea91a\",\"name\":\"user-manager\"}]}<\/script>\n<!-- \/ Yoast SEO plugin. -->","yoast_head_json":{"title":"C\u0259lil M\u0259mm\u0259dquluzad\u0259nin Tbilisid\u0259ki evind\u0259 - MEYDAN.TV","robots":{"index":"index","follow":"follow","max-snippet":"max-snippet:-1","max-image-preview":"max-image-preview:large","max-video-preview":"max-video-preview:-1"},"canonical":"https:\/\/www.meydan.tv\/az\/article\/celil-memmedquluzadenin-tbilisideki-evinde\/","og_locale":"az_AZ","og_type":"article","og_title":"C\u0259lil M\u0259mm\u0259dquluzad\u0259nin Tbilisid\u0259ki evind\u0259 - MEYDAN.TV","og_description":"\u201cQeyr\u0259t\u201d m\u0259tb\u0259\u0259sinin n\u0259 \u00f6z\u00fc var, n\u0259 d\u0259 \u0259\u015fyalar\u0131","og_url":"https:\/\/www.meydan.tv\/az\/article\/celil-memmedquluzadenin-tbilisideki-evinde\/","og_site_name":"MEYDAN.TV","article_published_time":"2018-11-06T01:27:28+00:00","og_image":[{"width":2560,"height":1920,"url":"https:\/\/www.meydan.tv\/wp-content\/uploads\/44556-scaled.jpg","type":"image\/jpeg"}],"author":"user-manager","twitter_card":"summary_large_image","schema":{"@context":"https:\/\/schema.org","@graph":[{"@type":"Article","@id":"https:\/\/www.meydan.tv\/az\/article\/celil-memmedquluzadenin-tbilisideki-evinde\/#article","isPartOf":{"@id":"https:\/\/www.meydan.tv\/az\/article\/celil-memmedquluzadenin-tbilisideki-evinde\/"},"author":{"name":"user-manager","@id":"https:\/\/www.meydan.tv\/az\/#\/schema\/person\/10d11eccf6da3662cf5fdab9806ea91a"},"headline":"C\u0259lil M\u0259mm\u0259dquluzad\u0259nin Tbilisid\u0259ki evind\u0259","datePublished":"2018-11-06T01:27:28+00:00","mainEntityOfPage":{"@id":"https:\/\/www.meydan.tv\/az\/article\/celil-memmedquluzadenin-tbilisideki-evinde\/"},"wordCount":1332,"publisher":{"@id":"https:\/\/www.meydan.tv\/az\/#organization"},"image":{"@id":"https:\/\/www.meydan.tv\/az\/article\/celil-memmedquluzadenin-tbilisideki-evinde\/#primaryimage"},"thumbnailUrl":"https:\/\/www.meydan.tv\/wp-content\/uploads\/44556-scaled.jpg","articleSection":["Analitika"],"inLanguage":"az"},{"@type":"WebPage","@id":"https:\/\/www.meydan.tv\/az\/article\/celil-memmedquluzadenin-tbilisideki-evinde\/","url":"https:\/\/www.meydan.tv\/az\/article\/celil-memmedquluzadenin-tbilisideki-evinde\/","name":"C\u0259lil M\u0259mm\u0259dquluzad\u0259nin Tbilisid\u0259ki evind\u0259 - MEYDAN.TV","isPartOf":{"@id":"https:\/\/www.meydan.tv\/az\/#website"},"primaryImageOfPage":{"@id":"https:\/\/www.meydan.tv\/az\/article\/celil-memmedquluzadenin-tbilisideki-evinde\/#primaryimage"},"image":{"@id":"https:\/\/www.meydan.tv\/az\/article\/celil-memmedquluzadenin-tbilisideki-evinde\/#primaryimage"},"thumbnailUrl":"https:\/\/www.meydan.tv\/wp-content\/uploads\/44556-scaled.jpg","datePublished":"2018-11-06T01:27:28+00:00","breadcrumb":{"@id":"https:\/\/www.meydan.tv\/az\/article\/celil-memmedquluzadenin-tbilisideki-evinde\/#breadcrumb"},"inLanguage":"az","potentialAction":[{"@type":"ReadAction","target":["https:\/\/www.meydan.tv\/az\/article\/celil-memmedquluzadenin-tbilisideki-evinde\/"]}]},{"@type":"ImageObject","inLanguage":"az","@id":"https:\/\/www.meydan.tv\/az\/article\/celil-memmedquluzadenin-tbilisideki-evinde\/#primaryimage","url":"https:\/\/www.meydan.tv\/wp-content\/uploads\/44556-scaled.jpg","contentUrl":"https:\/\/www.meydan.tv\/wp-content\/uploads\/44556-scaled.jpg","width":2560,"height":1920,"caption":"Source:"},{"@type":"BreadcrumbList","@id":"https:\/\/www.meydan.tv\/az\/article\/celil-memmedquluzadenin-tbilisideki-evinde\/#breadcrumb","itemListElement":[{"@type":"ListItem","position":1,"name":"Ana s\u0259hif\u0259","item":"https:\/\/www.meydan.tv\/az\/"},{"@type":"ListItem","position":2,"name":"Analitika","item":"https:\/\/www.meydan.tv\/az\/section\/analitika\/"},{"@type":"ListItem","position":3,"name":"C\u0259lil M\u0259mm\u0259dquluzad\u0259nin Tbilisid\u0259ki evind\u0259"}]},{"@type":"WebSite","@id":"https:\/\/www.meydan.tv\/az\/#website","url":"https:\/\/www.meydan.tv\/az\/","name":"MEYDAN.TV","description":"Meydan TV Az\u0259rbaycan\u0131n media m\u0259kan\u0131ndak\u0131 alternativ s\u0259sidir","publisher":{"@id":"https:\/\/www.meydan.tv\/az\/#organization"},"potentialAction":[{"@type":"SearchAction","target":{"@type":"EntryPoint","urlTemplate":"https:\/\/www.meydan.tv\/az\/?s={search_term_string}"},"query-input":{"@type":"PropertyValueSpecification","valueRequired":true,"valueName":"search_term_string"}}],"inLanguage":"az"},{"@type":"Organization","@id":"https:\/\/www.meydan.tv\/az\/#organization","name":"Meydan TV","url":"https:\/\/www.meydan.tv\/az\/","logo":{"@type":"ImageObject","inLanguage":"az","@id":"https:\/\/www.meydan.tv\/az\/#\/schema\/logo\/image\/","url":"https:\/\/www.meydan.tv\/wp-content\/uploads\/2021\/07\/meydan-logo.svg","contentUrl":"https:\/\/www.meydan.tv\/wp-content\/uploads\/2021\/07\/meydan-logo.svg","width":195,"height":46,"caption":"Meydan TV"},"image":{"@id":"https:\/\/www.meydan.tv\/az\/#\/schema\/logo\/image\/"}},{"@type":"Person","@id":"https:\/\/www.meydan.tv\/az\/#\/schema\/person\/10d11eccf6da3662cf5fdab9806ea91a","name":"user-manager"}]}},"_links":{"self":[{"href":"https:\/\/www.meydan.tv\/az\/wp-json\/wp\/v2\/posts\/192437","targetHints":{"allow":["GET"]}}],"collection":[{"href":"https:\/\/www.meydan.tv\/az\/wp-json\/wp\/v2\/posts"}],"about":[{"href":"https:\/\/www.meydan.tv\/az\/wp-json\/wp\/v2\/types\/post"}],"author":[{"embeddable":true,"href":"https:\/\/www.meydan.tv\/az\/wp-json\/wp\/v2\/users\/11"}],"replies":[{"embeddable":true,"href":"https:\/\/www.meydan.tv\/az\/wp-json\/wp\/v2\/comments?post=192437"}],"version-history":[{"count":0,"href":"https:\/\/www.meydan.tv\/az\/wp-json\/wp\/v2\/posts\/192437\/revisions"}],"wp:featuredmedia":[{"embeddable":true,"href":"https:\/\/www.meydan.tv\/az\/wp-json\/wp\/v2\/media\/112029"}],"wp:attachment":[{"href":"https:\/\/www.meydan.tv\/az\/wp-json\/wp\/v2\/media?parent=192437"}],"wp:term":[{"taxonomy":"category","embeddable":true,"href":"https:\/\/www.meydan.tv\/az\/wp-json\/wp\/v2\/categories?post=192437"},{"taxonomy":"post_tag","embeddable":true,"href":"https:\/\/www.meydan.tv\/az\/wp-json\/wp\/v2\/tags?post=192437"}],"curies":[{"name":"wp","href":"https:\/\/api.w.org\/{rel}","templated":true}]}}