{"id":192414,"date":"2018-11-04T18:19:27","date_gmt":"2018-11-04T18:19:27","guid":{"rendered":"https:\/\/www.meydan.tv\/article\/siddet-niye-ailedaxili-mesele-deyil\/"},"modified":"2018-11-04T18:19:27","modified_gmt":"2018-11-04T18:19:27","slug":"siddet-niye-ailedaxili-mesele-deyil","status":"publish","type":"post","link":"https:\/\/www.meydan.tv\/az\/article\/siddet-niye-ailedaxili-mesele-deyil\/","title":{"rendered":"\u015eidd\u0259t niy\u0259 ail\u0259daxili m\u0259s\u0259l\u0259 deyil?"},"content":{"rendered":"<figure class=\"wp-block-image size-large\">\n  <img decoding=\"async\" src=\"https:\/\/www.meydan.tv\/az\/siddet\/\" alt=\"\u015eidd\u0259t\" class=\"wp-image-111936\"\/><figcaption>\n    \u015eidd\u0259t<br \/>\n  <\/figcaption><\/figure>\n<p>\n  Sosial \u015f\u0259b\u0259k\u0259l\u0259ri yaradanlar y\u0259qin d\u00fc\u015f\u00fcnm\u0259zdil\u0259r ki, vaxt g\u0259l\u0259c\u0259k, onlar\u0131n ideyalar\u0131 sosialla\u015fma v\u0259 ya biznes s\u0259rh\u0259dl\u0259rini a\u015faraq, daha qlobal, daha b\u0259\u015f\u0259ri bir funksiyaya sahibl\u0259n\u0259c\u0259kl\u0259r. Total q\u0131naq, total if\u015fa v\u0259 total \u015f\u0259b\u0259k\u0259l\u0259\u015fm\u0259 funksiyas\u0131na.\n<\/p>\n<p>\n  Son zamanlardak\u0131 x\u0259b\u0259rl\u0259r\u0259 baxanda, adama el\u0259 g\u0259lir ki, qad\u0131na, azya\u015fl\u0131lara qar\u015f\u0131 \u015fidd\u0259t art\u0131b, ail\u0259daxili zorak\u0131l\u0131qlar \u00e7oxal\u0131b. Amma insanlar\u0131n bir \u00e7oxunun zorak\u0131l\u0131\u011fa m\u00fcnasib\u0259tini g\u00f6r\u0259nd\u0259, bax\u0131rsan ki, dem\u0259li, bu zorak\u0131l\u0131q h\u0259mi\u015f\u0259 olub, sad\u0259c\u0259 indi sosial \u015f\u0259b\u0259k\u0259l\u0259r imkan verir ki, m\u0259s\u0259l\u0259 a\u00e7\u0131b-a\u011fard\u0131ls\u0131n, ictimail\u0259\u015fsin, bir t\u0259dbir g\u00f6r\u00fcls\u00fcn.\n<\/p>\n<p>\n  \u0130ctimail\u0259\u015fm\u0259k&#8230; indi bu s\u00f6zd\u0259n \u00e7oxu qorxur. H\u0259yat yolda\u015f\u0131n\u0131 d\u00f6y\u0259n \u0259r, u\u015fa\u011f\u0131n\u0131 d\u00f6y\u0259n valideyn, r\u0259dd cavab\u0131 ald\u0131\u011f\u0131 qad\u0131n\u0131 t\u0259hqir ed\u0259n ki\u015fi, xidm\u0259tind\u0259n istifad\u0259 etdiyi adamlar\u0131n pulunu \u00f6d\u0259m\u0259y\u0259n i\u015f adam\u0131, ba\u011f\u00e7ada k\u00f6rp\u0259 d\u00f6y\u0259n t\u0259rbiy\u0259\u00e7i, se\u00e7icisini t\u0259hqir ed\u0259n deputat, \u015fikay\u0259t\u00e7isini al\u00e7aldan icra hakimi, bir s\u00f6zl\u0259, \u00fcmumi q\u0131na\u011fa layiq h\u0259r\u0259k\u0259t ed\u0259n adamlar qorxurlar problemin ictimail\u0259\u015fm\u0259sind\u0259n.\n<\/p>\n<p>\n  Amma el\u0259diyi pis h\u0259r\u0259k\u0259tin ictimail\u0259\u015fm\u0259sind\u0259n \u0259n \u00e7ox qorxanlar \u015f\u00f6hr\u0259tini, n\u00fcfuzunu ya da hans\u0131sa imtiyazlar\u0131 sosial \u015f\u0259b\u0259k\u0259 vasit\u0259sil\u0259 qazananlard\u0131r. M\u0259hz bel\u0259 adamlar h\u0259r d\u0259f\u0259 hansisa pis h\u0259r\u0259k\u0259tin ictimail\u0259\u015fm\u0259sin\u0259 m\u0259nfi yana\u015f\u0131r, \u00e7al\u0131\u015f\u0131rlar ki, bu tendensiyan\u0131 l\u0259\u011fv etsinl\u0259r, m\u0259s\u0259l\u0259y\u0259 \u201c\u015f\u0259xsi i\u015f\u201d, \u201cail\u0259daxili m\u0259s\u0259l\u0259\u201d donu geyindirib, q\u0131naqdan yay\u0131nd\u0131rs\u0131nlar. X\u00fcsusil\u0259 d\u0259 ail\u0259daxili \u015fidd\u0259t m\u0259s\u0259l\u0259si ictimail\u0259\u015f\u0259nd\u0259 bu adamlar tez arqument g\u0259tirirl\u0259r ki, bel\u0259 probleml\u0259r ail\u0259 i\u00e7ind\u0259 h\u0259ll edilm\u0259lidir, \u0259n pis halda polis\u0259 m\u00fcraci\u0259t edilm\u0259lidir. Amma he\u00e7 bir halda ictimail\u0259\u015fdirm\u0259k olmaz. \u00c7\u00fcnki \u201c\u015f\u0259xsi m\u0259s\u0259l\u0259dir\u201d.\n<\/p>\n<p>\n  Bu adamlar \u00e7ox g\u00f6z\u0259l bilirl\u0259r ki, mental t\u0259f\u0259kk\u00fcrl\u00fc ail\u0259 \u00fczvl\u0259ri d\u00f6y\u00fcl\u0259n qad\u0131na \u201cd\u00f6z\u201d dey\u0259c\u0259k, \u201ch\u0259r \u015fey\u0259 g\u00f6r\u0259 ail\u0259 da\u011f\u0131tmazlar\u201d dey\u0259c\u0259k, \u201cel-oban\u0131 \u00f6z\u00fcn\u0259 g\u00fcld\u00fcrm\u0259\u201d dey\u0259c\u0259k. Bilirl\u0259r, psixoloji t\u0259zyiq edil\u0259c\u0259k qad\u0131na, onu t\u0259lqin edil\u0259c\u0259k ki, bo\u015fanmaq \u0259n pisidir, bo\u015fanm\u0131\u015f qad\u0131n u\u011fursuzdur, el\u0259 ed\u0259c\u0259kl\u0259r, d\u00f6y\u00fcl\u0259n qad\u0131n yolun \u0259n yax\u015f\u0131s\u0131n\u0131 zorak\u0131, manyak \u0259rin yan\u0131na qay\u0131tmaqda g\u00f6r\u0259c\u0259k.\n<\/p>\n<p>\n  Bilirl\u0259r ki, polis d\u0259 ki\u015finin t\u0259r\u0259fini saxlayacaq. Ya da el\u0259 polis d\u0259 qad\u0131na psixoloji \u015fidd\u0259t ed\u0259c\u0259k, \u201cyax\u015f\u0131 at \u00f6z\u00fcn\u0259 qam\u00e7\u0131 vurdurmaz\u201d dey\u0259c\u0259k, b\u0259lk\u0259 d\u0259 lap qad\u0131na seks t\u0259klif ed\u0259c\u0259k, bo\u015fanmaq ist\u0259y\u0259n qad\u0131n\u0131 o d\u0259qiq\u0259 seksual obyek kimi g\u00f6r\u0259c\u0259k. Ya da \u015fikay\u0259t edil\u0259n \u0259r bir az m\u0259\u015fhur adamd\u0131rsa, polis\u0259 r\u00fc\u015fv\u0259t ver\u0259c\u0259k, m\u0259s\u0259l\u0259ni ba\u011flayacaq, h\u0259tta problem h\u0259ll edil\u0259nd\u0259n sonra o polisi restorana d\u0259v\u0259t edib, bir yerd\u0259 \u201c\u0259\u015fi, arvadd\u0131r da, hans\u0131m\u0131z arvad d\u00f6ym\u0259mi\u015fik\u201d,- deyib q\u0259d\u0259h-q\u0259d\u0259h\u0259 vuracaqlar.\n<\/p>\n<p>\n  Ona g\u00f6r\u0259 d\u0259, qorxmurlar polisd\u0259n, h\u00fcquqdan, ail\u0259d\u0259n. \u0130ctimail\u0259\u015fm\u0259kd\u0259n is\u0259 qorxurlar. \u00c7\u00fcnki sosial \u015f\u0259b\u0259k\u0259l\u0259rd\u0259 f\u0259all\u0131\u011f\u0131, minl\u0259rl\u0259 izl\u0259yicisi olan, ictimai inam sahibi adamlar\u0131n ham\u0131s\u0131n\u0131 \u0259l\u0259 almaq m\u00fcmk\u00fcn deyil, onlar mental t\u0259f\u0259kk\u00fcrd\u0259n uzaqd\u0131rlar, onlar\u0131n \u00e7\u0259kindiyi he\u00e7 kim v\u0259 he\u00e7 n\u0259 yoxdur.\n<\/p>\n<p>\n  Bax buna g\u00f6r\u0259 d\u0259, \u0259ll\u0259rind\u0259n g\u0259l\u0259ni edirl\u0259r ki, m\u0259s\u0259l\u0259 ictimail\u0259\u015fm\u0259sin. B\u00fct\u00fcn zorak\u0131l\u0131qlar\u0131n\u0131 \u201c\u015f\u0259xsi, ail\u0259daxili m\u0259s\u0259l\u0259\u201d p\u0259rd\u0259si il\u0259 \u00f6rt\u00fcb, ictimaiyy\u0259t \u00fc\u00e7\u00fcn a\u00e7\u0131q m\u00f6vzu olmad\u0131\u011f\u0131n\u0131 s\u00fcbut etsinl\u0259r, sonra da bu p\u0259rd\u0259nin o tay\u0131nda rahat, c\u0259zas\u0131z \u015f\u0259kild\u0259 qad\u0131n d\u00f6ys\u00fcnl\u0259r, onunla k\u00f6l\u0259 kimi r\u0259ftar el\u0259sinl\u0259r. V\u0259 bu \u015fidd\u0259t d\u0259 olsun onlar\u0131n ail\u0259daxili m\u0259s\u0259l\u0259si.\n<\/p>\n<p>\n  Q\u0131sa bir hadis\u0259 dan\u0131\u015f\u0131m. Bir tan\u0131\u015f qad\u0131n var. Atas\u0131 anas\u0131n\u0131 d\u00f6y\u00fcrm\u00fc\u015f. Sonra deyir: \u201cA\u011fl\u0131m k\u0259s\u0259nd\u0259 m\u0259ni d\u0259 d\u00f6ym\u0259y\u0259 ba\u015flad\u0131 atam. B\u00f6y\u00fcd\u00fcm, ail\u0259 qurdum, can\u0131m qurtard\u0131 onun \u0259lind\u0259n. Dedim ki, olan olub, ke\u00e7mi\u015fd\u0259 qal\u0131b, ba\u011f\u0131\u015flad\u0131m atam\u0131. Sonra qarda\u015f\u0131m evl\u0259ndi. U\u015faqlar\u0131 oldu. Bir g\u00fcn x\u0259b\u0259r tutdum ki, atam o k\u00f6rp\u0259l\u0259ri d\u00f6y\u00fcr. Onda daha d\u00f6z\u0259 bilm\u0259dim. Getdim, durdum qar\u015f\u0131s\u0131nda, dedim ki, s\u0259n\u0259 nifr\u0259t edir\u0259m. S\u0259nin q\u0131z\u0131n oldu\u011fuma g\u00f6r\u0259 utan\u0131ram v\u0259 bu g\u00fcnd\u0259n s\u0259nin q\u0131z\u0131n da deyil\u0259m. Sonra ata \u00f6ld\u00fc, n\u0259 \u00f6l\u0259nd\u0259 getdim, n\u0259 d\u0259 sonra m\u0259zar\u0131na. T\u0259s\u0259vv\u00fcr edin ki, atam \u00f6l\u0259nd\u0259 6 ya\u015fl\u0131 qarda\u015f\u0131m o\u011flu sevin\u0259 sevin\u0259 deyirmi\u015f ki, yax\u015f\u0131 ki, \u00f6ld\u00fc, daha bizi d\u00f6y\u0259 bilm\u0259y\u0259c\u0259k.\n<\/p>\n<p>\n  Anam dedi m\u0259n\u0259 bunu. \u00d6z\u00fc d\u0259 g\u00fcl\u0259-g\u00fcl\u0259 dedi ki, qanm\u0131r e, u\u015faq n\u0259 dediyini. Anam h\u0259l\u0259 d\u0259 ba\u015fa d\u00fc\u015fm\u00fcr ki, nec\u0259 \u0259claf bir adam\u0131n arvad\u0131 olub. Onun \u00fc\u00e7\u00fcn adi bir \u015feydir \u00f6z\u00fcn\u00fcn d\u0259, m\u0259nim d\u0259, n\u0259v\u0259l\u0259rinin d\u0259 d\u00f6y\u00fclm\u0259yi. M\u0259ns\u0259 \u00f6z\u00fcm\u00fc ba\u011f\u0131\u015flaya bilmir\u0259m onu bir vaxtlar \u0259fv etdiyim\u0259 g\u00f6r\u0259. Ona nifr\u0259t el\u0259diyimi vaxt\u0131nda des\u0259ydim, anam\u0131 onda ay\u0131ra bils\u0259ydim, atam sonra qarda\u015f\u0131m\u0131n k\u00f6rp\u0259l\u0259ri o \u015fidd\u0259ti ya\u015famazd\u0131\u201d.\n<\/p>\n<p>\n  T\u0259s\u0259vv\u00fcr edin, bir ail\u0259d\u0259n 3 n\u0259sil eyni adam\u0131n \u015fidd\u0259tin\u0259 m\u0259ruz qal\u0131r. Ana vaxt\u0131nda ayr\u0131lm\u0131r dey\u0259 u\u015faq d\u00f6y\u00fcl\u00fcr, u\u015faq vaxt\u0131nda s\u0259sini \u00e7\u0131xarm\u0131r dey\u0259, n\u0259v\u0259 d\u00f6y\u00fcl\u00fcr. Halbuki, ail\u0259d\u0259 d\u00f6y\u00fcl\u0259n ilk adam q\u0259rar ver\u0259 bils\u0259ydi, o l\u0259n\u0259tli z\u0259nciri q\u0131rm\u0131\u015f olacaqd\u0131. Amma q\u0131rmay\u0131b, ikinci d\u0259 q\u0131rmay\u0131b, ona g\u00f6r\u0259 d\u0259, \u00fc\u00e7\u00fcnc\u00fc n\u0259sil d\u0259 bu \u015fidd\u0259ti ya\u015fay\u0131b. Bu ail\u0259d\u0259 \u0259n d\u0259h\u015f\u0259tli \u015fey, bir adam\u0131n 3 n\u0259sl\u0259 i\u015fg\u0259nc\u0259 verm\u0259yi olmay\u0131b. O ail\u0259d\u0259n anan\u0131n o \u015fidd\u0259ti normal q\u0259bul etm\u0259si olub. Ana d\u00f6y\u00fclm\u0259yini normal bir \u015fey kimi q\u0259bul edib, q\u0131z da anaya bax\u0131b, o da ba\u011f\u0131\u015flay\u0131b.\n<\/p>\n<p>\n  Qar\u015f\u0131s\u0131 al\u0131nmayan, c\u0259zas\u0131n\u0131 almayan \u015fidd\u0259t davam edir, sonra bir adamla kifay\u0259tl\u0259nmir. Buna g\u00f6r\u0259 d\u0259, \u015fidd\u0259t ail\u0259daxili m\u0259s\u0259l\u0259 ola bilm\u0259z. H\u0259tta qad\u0131n \u015fikay\u0259t etm\u0259s\u0259, gizl\u0259ts\u0259 bel\u0259, m\u0259s\u0259l\u0259d\u0259n x\u0259b\u0259r tutanlar\u0131n boynuna bu y\u00fck d\u00fc\u015f\u00fcr. M\u0259s\u0259l\u0259ni ictimail\u0259\u015fdirm\u0259k. \u00c7\u00fcnki ba\u015fqa xilas yolu yoxdur.\n<\/p>\n<p>\n  M\u0259nim ya\u015fad\u0131\u011f\u0131m Norve\u00e7d\u0259 h\u0259r \u015f\u0259h\u0259rd\u0259 \u0259n az\u0131 3 qad\u0131n s\u0131\u011f\u0131naca\u011f\u0131 var. Minl\u0259rl\u0259 d\u00f6vl\u0259t qulluq\u00e7usu qad\u0131nlar\u0131n haqlar\u0131 il\u0259 ba\u011fl\u0131 i\u015fl\u0259yir. Burda he\u00e7 baxm\u0131rlar ki, qad\u0131n \u015fikay\u0259t\u00e7idir, ya yox, ki\u015finin \u015fidd\u0259t g\u00f6st\u0259rm\u0259yini t\u0259sdiq ed\u0259n subut, \u015fahid varsa, cinay\u0259t i\u015fi ba\u015flay\u0131r, ki\u015fi c\u0259zas\u0131n\u0131 al\u0131r. \u00c7\u00fcnki \u015fidd\u0259t ondan \u015fikay\u0259t\u00e7i olub-olmamas\u0131na baxmayaraq, cinay\u0259t hesab edilir. H\u0259l\u0259 ail\u0259d\u0259 azya\u015fl\u0131 varsa, \u015fidd\u0259t g\u00f6r\u0259n qad\u0131n \u0259rind\u0259n \u015fikay\u0259t etmirs\u0259, o azya\u015fl\u0131 ail\u0259d\u0259n al\u0131n\u0131r, \u00e7\u00fcnki \u015fidd\u0259ti normal q\u0259bul ed\u0259n ana u\u015fa\u011f\u0131n\u0131n h\u00fcququna n\u0259 h\u00f6rm\u0259t ed\u0259r, n\u0259 d\u0259 qoruya bil\u0259r. Bel\u0259 hesab edilir burda.\n<\/p>\n<p>\n  Buna g\u00f6r\u0259 d\u0259, Norve\u00e7d\u0259 \u015fidd\u0259t g\u00f6st\u0259r\u0259n d\u0259, g\u00f6r\u0259n d\u0259 ad\u0259t\u0259n ictimail\u0259\u015fmir. \u00c7\u00fcnki i\u015fl\u0259k ba\u015fqa mexanizml\u0259r var. Cinay\u0259tkar onsuz da c\u0259zas\u0131n\u0131 al\u0131r.\n<\/p>\n<p>\n  Bizd\u0259 is\u0259 bu sistem yoxdur. N\u0259 d\u00f6vl\u0259t s\u0259viyy\u0259sind\u0259, n\u0259 d\u0259 QHT s\u0259viyy\u0259sind\u0259 i\u015fl\u0259k bir sistem qurulmay\u0131b. Bu g\u00fcn \u015fidd\u0259t g\u00f6r\u0259n Az\u0259rbaycan qad\u0131n\u0131n\u0131n \u00fcmid yeri birc\u0259 bu \u015fidd\u0259ti ictimail\u0259\u015fdirm\u0259kdir. \u00c7\u00fcnki i\u015fl\u0259k mexanizm t\u0259k budur.\n<\/p>\n<p>\n  <i><br \/>\n    Yaz\u0131 m\u00fc\u0259llifin fikirl\u0259rini \u0259ks etdirir v\u0259 Meydan TV-nin m\u00f6vqeyi il\u0259 \u00fcst-\u00fcst\u0259 d\u00fc\u015fm\u0259y\u0259 bil\u0259r.<br \/>\n  <\/i><\/p>\n","protected":false},"excerpt":{"rendered":"<p>Son zamanlardak\u0131 x\u0259b\u0259rl\u0259r\u0259 baxanda, adama el\u0259 g\u0259lir ki, qad\u0131na, azya\u015fl\u0131lara qar\u015f\u0131 \u015fidd\u0259t art\u0131b, ail\u0259daxili zorak\u0131l\u0131qlar \u00e7oxal\u0131b<\/p>\n","protected":false},"author":11,"featured_media":111936,"comment_status":"closed","ping_status":"open","sticky":false,"template":"","format":"standard","meta":{"_acf_changed":false,"_sitemap_exclude":false,"_sitemap_priority":"","_sitemap_frequency":"","footnotes":""},"categories":[57],"tags":[],"class_list":["post-192414","post","type-post","status-publish","format-standard","has-post-thumbnail","hentry","category-menim-fikrimce","infinite-scroll-item","generate-columns","tablet-grid-50","mobile-grid-100","grid-parent","grid-33","no-featured-image-padding"],"acf":[],"yoast_head":"<!-- This site is optimized with the Yoast SEO plugin v27.4 - https:\/\/yoast.com\/product\/yoast-seo-wordpress\/ -->\n<title>\u015eidd\u0259t niy\u0259 ail\u0259daxili m\u0259s\u0259l\u0259 deyil? - MEYDAN.TV<\/title>\n<meta name=\"robots\" content=\"index, follow, max-snippet:-1, max-image-preview:large, max-video-preview:-1\" \/>\n<link rel=\"canonical\" href=\"https:\/\/www.meydan.tv\/az\/article\/siddet-niye-ailedaxili-mesele-deyil\/\" \/>\n<meta property=\"og:locale\" content=\"az_AZ\" \/>\n<meta property=\"og:type\" content=\"article\" \/>\n<meta property=\"og:title\" content=\"\u015eidd\u0259t niy\u0259 ail\u0259daxili m\u0259s\u0259l\u0259 deyil? - MEYDAN.TV\" \/>\n<meta property=\"og:description\" content=\"Son zamanlardak\u0131 x\u0259b\u0259rl\u0259r\u0259 baxanda, adama el\u0259 g\u0259lir ki, qad\u0131na, azya\u015fl\u0131lara qar\u015f\u0131 \u015fidd\u0259t art\u0131b, ail\u0259daxili zorak\u0131l\u0131qlar \u00e7oxal\u0131b\" \/>\n<meta property=\"og:url\" content=\"https:\/\/www.meydan.tv\/az\/article\/siddet-niye-ailedaxili-mesele-deyil\/\" \/>\n<meta property=\"og:site_name\" content=\"MEYDAN.TV\" \/>\n<meta property=\"article:published_time\" content=\"2018-11-04T18:19:27+00:00\" \/>\n<meta property=\"og:image\" content=\"https:\/\/www.meydan.tv\/wp-content\/uploads\/44542.jpg\" \/>\n\t<meta property=\"og:image:width\" content=\"2000\" \/>\n\t<meta property=\"og:image:height\" content=\"1000\" \/>\n\t<meta property=\"og:image:type\" content=\"image\/jpeg\" \/>\n<meta name=\"author\" content=\"user-manager\" \/>\n<meta name=\"twitter:card\" content=\"summary_large_image\" \/>\n<script type=\"application\/ld+json\" class=\"yoast-schema-graph\">{\"@context\":\"https:\\\/\\\/schema.org\",\"@graph\":[{\"@type\":\"Article\",\"@id\":\"https:\\\/\\\/www.meydan.tv\\\/az\\\/article\\\/siddet-niye-ailedaxili-mesele-deyil\\\/#article\",\"isPartOf\":{\"@id\":\"https:\\\/\\\/www.meydan.tv\\\/az\\\/article\\\/siddet-niye-ailedaxili-mesele-deyil\\\/\"},\"author\":{\"name\":\"user-manager\",\"@id\":\"https:\\\/\\\/www.meydan.tv\\\/az\\\/#\\\/schema\\\/person\\\/10d11eccf6da3662cf5fdab9806ea91a\"},\"headline\":\"\u015eidd\u0259t niy\u0259 ail\u0259daxili m\u0259s\u0259l\u0259 deyil?\",\"datePublished\":\"2018-11-04T18:19:27+00:00\",\"mainEntityOfPage\":{\"@id\":\"https:\\\/\\\/www.meydan.tv\\\/az\\\/article\\\/siddet-niye-ailedaxili-mesele-deyil\\\/\"},\"wordCount\":1528,\"publisher\":{\"@id\":\"https:\\\/\\\/www.meydan.tv\\\/az\\\/#organization\"},\"image\":{\"@id\":\"https:\\\/\\\/www.meydan.tv\\\/az\\\/article\\\/siddet-niye-ailedaxili-mesele-deyil\\\/#primaryimage\"},\"thumbnailUrl\":\"https:\\\/\\\/www.meydan.tv\\\/wp-content\\\/uploads\\\/44542.jpg\",\"articleSection\":[\"M\u0259nim Fikrimc\u0259\"],\"inLanguage\":\"az\"},{\"@type\":\"WebPage\",\"@id\":\"https:\\\/\\\/www.meydan.tv\\\/az\\\/article\\\/siddet-niye-ailedaxili-mesele-deyil\\\/\",\"url\":\"https:\\\/\\\/www.meydan.tv\\\/az\\\/article\\\/siddet-niye-ailedaxili-mesele-deyil\\\/\",\"name\":\"\u015eidd\u0259t niy\u0259 ail\u0259daxili m\u0259s\u0259l\u0259 deyil? - MEYDAN.TV\",\"isPartOf\":{\"@id\":\"https:\\\/\\\/www.meydan.tv\\\/az\\\/#website\"},\"primaryImageOfPage\":{\"@id\":\"https:\\\/\\\/www.meydan.tv\\\/az\\\/article\\\/siddet-niye-ailedaxili-mesele-deyil\\\/#primaryimage\"},\"image\":{\"@id\":\"https:\\\/\\\/www.meydan.tv\\\/az\\\/article\\\/siddet-niye-ailedaxili-mesele-deyil\\\/#primaryimage\"},\"thumbnailUrl\":\"https:\\\/\\\/www.meydan.tv\\\/wp-content\\\/uploads\\\/44542.jpg\",\"datePublished\":\"2018-11-04T18:19:27+00:00\",\"breadcrumb\":{\"@id\":\"https:\\\/\\\/www.meydan.tv\\\/az\\\/article\\\/siddet-niye-ailedaxili-mesele-deyil\\\/#breadcrumb\"},\"inLanguage\":\"az\",\"potentialAction\":[{\"@type\":\"ReadAction\",\"target\":[\"https:\\\/\\\/www.meydan.tv\\\/az\\\/article\\\/siddet-niye-ailedaxili-mesele-deyil\\\/\"]}]},{\"@type\":\"ImageObject\",\"inLanguage\":\"az\",\"@id\":\"https:\\\/\\\/www.meydan.tv\\\/az\\\/article\\\/siddet-niye-ailedaxili-mesele-deyil\\\/#primaryimage\",\"url\":\"https:\\\/\\\/www.meydan.tv\\\/wp-content\\\/uploads\\\/44542.jpg\",\"contentUrl\":\"https:\\\/\\\/www.meydan.tv\\\/wp-content\\\/uploads\\\/44542.jpg\",\"width\":2000,\"height\":1000,\"caption\":\"Source:\"},{\"@type\":\"BreadcrumbList\",\"@id\":\"https:\\\/\\\/www.meydan.tv\\\/az\\\/article\\\/siddet-niye-ailedaxili-mesele-deyil\\\/#breadcrumb\",\"itemListElement\":[{\"@type\":\"ListItem\",\"position\":1,\"name\":\"Ana s\u0259hif\u0259\",\"item\":\"https:\\\/\\\/www.meydan.tv\\\/az\\\/\"},{\"@type\":\"ListItem\",\"position\":2,\"name\":\"M\u0259nim Fikrimc\u0259\",\"item\":\"https:\\\/\\\/www.meydan.tv\\\/az\\\/section\\\/menim-fikrimce\\\/\"},{\"@type\":\"ListItem\",\"position\":3,\"name\":\"\u015eidd\u0259t niy\u0259 ail\u0259daxili m\u0259s\u0259l\u0259 deyil?\"}]},{\"@type\":\"WebSite\",\"@id\":\"https:\\\/\\\/www.meydan.tv\\\/az\\\/#website\",\"url\":\"https:\\\/\\\/www.meydan.tv\\\/az\\\/\",\"name\":\"MEYDAN.TV\",\"description\":\"Meydan TV Az\u0259rbaycan\u0131n media m\u0259kan\u0131ndak\u0131 alternativ s\u0259sidir\",\"publisher\":{\"@id\":\"https:\\\/\\\/www.meydan.tv\\\/az\\\/#organization\"},\"potentialAction\":[{\"@type\":\"SearchAction\",\"target\":{\"@type\":\"EntryPoint\",\"urlTemplate\":\"https:\\\/\\\/www.meydan.tv\\\/az\\\/?s={search_term_string}\"},\"query-input\":{\"@type\":\"PropertyValueSpecification\",\"valueRequired\":true,\"valueName\":\"search_term_string\"}}],\"inLanguage\":\"az\"},{\"@type\":\"Organization\",\"@id\":\"https:\\\/\\\/www.meydan.tv\\\/az\\\/#organization\",\"name\":\"Meydan TV\",\"url\":\"https:\\\/\\\/www.meydan.tv\\\/az\\\/\",\"logo\":{\"@type\":\"ImageObject\",\"inLanguage\":\"az\",\"@id\":\"https:\\\/\\\/www.meydan.tv\\\/az\\\/#\\\/schema\\\/logo\\\/image\\\/\",\"url\":\"https:\\\/\\\/www.meydan.tv\\\/wp-content\\\/uploads\\\/2021\\\/07\\\/meydan-logo.svg\",\"contentUrl\":\"https:\\\/\\\/www.meydan.tv\\\/wp-content\\\/uploads\\\/2021\\\/07\\\/meydan-logo.svg\",\"width\":195,\"height\":46,\"caption\":\"Meydan TV\"},\"image\":{\"@id\":\"https:\\\/\\\/www.meydan.tv\\\/az\\\/#\\\/schema\\\/logo\\\/image\\\/\"}},{\"@type\":\"Person\",\"@id\":\"https:\\\/\\\/www.meydan.tv\\\/az\\\/#\\\/schema\\\/person\\\/10d11eccf6da3662cf5fdab9806ea91a\",\"name\":\"user-manager\"}]}<\/script>\n<!-- \/ Yoast SEO plugin. -->","yoast_head_json":{"title":"\u015eidd\u0259t niy\u0259 ail\u0259daxili m\u0259s\u0259l\u0259 deyil? - MEYDAN.TV","robots":{"index":"index","follow":"follow","max-snippet":"max-snippet:-1","max-image-preview":"max-image-preview:large","max-video-preview":"max-video-preview:-1"},"canonical":"https:\/\/www.meydan.tv\/az\/article\/siddet-niye-ailedaxili-mesele-deyil\/","og_locale":"az_AZ","og_type":"article","og_title":"\u015eidd\u0259t niy\u0259 ail\u0259daxili m\u0259s\u0259l\u0259 deyil? - MEYDAN.TV","og_description":"Son zamanlardak\u0131 x\u0259b\u0259rl\u0259r\u0259 baxanda, adama el\u0259 g\u0259lir ki, qad\u0131na, azya\u015fl\u0131lara qar\u015f\u0131 \u015fidd\u0259t art\u0131b, ail\u0259daxili zorak\u0131l\u0131qlar \u00e7oxal\u0131b","og_url":"https:\/\/www.meydan.tv\/az\/article\/siddet-niye-ailedaxili-mesele-deyil\/","og_site_name":"MEYDAN.TV","article_published_time":"2018-11-04T18:19:27+00:00","og_image":[{"width":2000,"height":1000,"url":"https:\/\/www.meydan.tv\/wp-content\/uploads\/44542.jpg","type":"image\/jpeg"}],"author":"user-manager","twitter_card":"summary_large_image","schema":{"@context":"https:\/\/schema.org","@graph":[{"@type":"Article","@id":"https:\/\/www.meydan.tv\/az\/article\/siddet-niye-ailedaxili-mesele-deyil\/#article","isPartOf":{"@id":"https:\/\/www.meydan.tv\/az\/article\/siddet-niye-ailedaxili-mesele-deyil\/"},"author":{"name":"user-manager","@id":"https:\/\/www.meydan.tv\/az\/#\/schema\/person\/10d11eccf6da3662cf5fdab9806ea91a"},"headline":"\u015eidd\u0259t niy\u0259 ail\u0259daxili m\u0259s\u0259l\u0259 deyil?","datePublished":"2018-11-04T18:19:27+00:00","mainEntityOfPage":{"@id":"https:\/\/www.meydan.tv\/az\/article\/siddet-niye-ailedaxili-mesele-deyil\/"},"wordCount":1528,"publisher":{"@id":"https:\/\/www.meydan.tv\/az\/#organization"},"image":{"@id":"https:\/\/www.meydan.tv\/az\/article\/siddet-niye-ailedaxili-mesele-deyil\/#primaryimage"},"thumbnailUrl":"https:\/\/www.meydan.tv\/wp-content\/uploads\/44542.jpg","articleSection":["M\u0259nim Fikrimc\u0259"],"inLanguage":"az"},{"@type":"WebPage","@id":"https:\/\/www.meydan.tv\/az\/article\/siddet-niye-ailedaxili-mesele-deyil\/","url":"https:\/\/www.meydan.tv\/az\/article\/siddet-niye-ailedaxili-mesele-deyil\/","name":"\u015eidd\u0259t niy\u0259 ail\u0259daxili m\u0259s\u0259l\u0259 deyil? - MEYDAN.TV","isPartOf":{"@id":"https:\/\/www.meydan.tv\/az\/#website"},"primaryImageOfPage":{"@id":"https:\/\/www.meydan.tv\/az\/article\/siddet-niye-ailedaxili-mesele-deyil\/#primaryimage"},"image":{"@id":"https:\/\/www.meydan.tv\/az\/article\/siddet-niye-ailedaxili-mesele-deyil\/#primaryimage"},"thumbnailUrl":"https:\/\/www.meydan.tv\/wp-content\/uploads\/44542.jpg","datePublished":"2018-11-04T18:19:27+00:00","breadcrumb":{"@id":"https:\/\/www.meydan.tv\/az\/article\/siddet-niye-ailedaxili-mesele-deyil\/#breadcrumb"},"inLanguage":"az","potentialAction":[{"@type":"ReadAction","target":["https:\/\/www.meydan.tv\/az\/article\/siddet-niye-ailedaxili-mesele-deyil\/"]}]},{"@type":"ImageObject","inLanguage":"az","@id":"https:\/\/www.meydan.tv\/az\/article\/siddet-niye-ailedaxili-mesele-deyil\/#primaryimage","url":"https:\/\/www.meydan.tv\/wp-content\/uploads\/44542.jpg","contentUrl":"https:\/\/www.meydan.tv\/wp-content\/uploads\/44542.jpg","width":2000,"height":1000,"caption":"Source:"},{"@type":"BreadcrumbList","@id":"https:\/\/www.meydan.tv\/az\/article\/siddet-niye-ailedaxili-mesele-deyil\/#breadcrumb","itemListElement":[{"@type":"ListItem","position":1,"name":"Ana s\u0259hif\u0259","item":"https:\/\/www.meydan.tv\/az\/"},{"@type":"ListItem","position":2,"name":"M\u0259nim Fikrimc\u0259","item":"https:\/\/www.meydan.tv\/az\/section\/menim-fikrimce\/"},{"@type":"ListItem","position":3,"name":"\u015eidd\u0259t niy\u0259 ail\u0259daxili m\u0259s\u0259l\u0259 deyil?"}]},{"@type":"WebSite","@id":"https:\/\/www.meydan.tv\/az\/#website","url":"https:\/\/www.meydan.tv\/az\/","name":"MEYDAN.TV","description":"Meydan TV Az\u0259rbaycan\u0131n media m\u0259kan\u0131ndak\u0131 alternativ s\u0259sidir","publisher":{"@id":"https:\/\/www.meydan.tv\/az\/#organization"},"potentialAction":[{"@type":"SearchAction","target":{"@type":"EntryPoint","urlTemplate":"https:\/\/www.meydan.tv\/az\/?s={search_term_string}"},"query-input":{"@type":"PropertyValueSpecification","valueRequired":true,"valueName":"search_term_string"}}],"inLanguage":"az"},{"@type":"Organization","@id":"https:\/\/www.meydan.tv\/az\/#organization","name":"Meydan TV","url":"https:\/\/www.meydan.tv\/az\/","logo":{"@type":"ImageObject","inLanguage":"az","@id":"https:\/\/www.meydan.tv\/az\/#\/schema\/logo\/image\/","url":"https:\/\/www.meydan.tv\/wp-content\/uploads\/2021\/07\/meydan-logo.svg","contentUrl":"https:\/\/www.meydan.tv\/wp-content\/uploads\/2021\/07\/meydan-logo.svg","width":195,"height":46,"caption":"Meydan TV"},"image":{"@id":"https:\/\/www.meydan.tv\/az\/#\/schema\/logo\/image\/"}},{"@type":"Person","@id":"https:\/\/www.meydan.tv\/az\/#\/schema\/person\/10d11eccf6da3662cf5fdab9806ea91a","name":"user-manager"}]}},"_links":{"self":[{"href":"https:\/\/www.meydan.tv\/az\/wp-json\/wp\/v2\/posts\/192414","targetHints":{"allow":["GET"]}}],"collection":[{"href":"https:\/\/www.meydan.tv\/az\/wp-json\/wp\/v2\/posts"}],"about":[{"href":"https:\/\/www.meydan.tv\/az\/wp-json\/wp\/v2\/types\/post"}],"author":[{"embeddable":true,"href":"https:\/\/www.meydan.tv\/az\/wp-json\/wp\/v2\/users\/11"}],"replies":[{"embeddable":true,"href":"https:\/\/www.meydan.tv\/az\/wp-json\/wp\/v2\/comments?post=192414"}],"version-history":[{"count":0,"href":"https:\/\/www.meydan.tv\/az\/wp-json\/wp\/v2\/posts\/192414\/revisions"}],"wp:featuredmedia":[{"embeddable":true,"href":"https:\/\/www.meydan.tv\/az\/wp-json\/wp\/v2\/media\/111936"}],"wp:attachment":[{"href":"https:\/\/www.meydan.tv\/az\/wp-json\/wp\/v2\/media?parent=192414"}],"wp:term":[{"taxonomy":"category","embeddable":true,"href":"https:\/\/www.meydan.tv\/az\/wp-json\/wp\/v2\/categories?post=192414"},{"taxonomy":"post_tag","embeddable":true,"href":"https:\/\/www.meydan.tv\/az\/wp-json\/wp\/v2\/tags?post=192414"}],"curies":[{"name":"wp","href":"https:\/\/api.w.org\/{rel}","templated":true}]}}