{"id":192402,"date":"2018-11-02T19:23:15","date_gmt":"2018-11-02T19:23:15","guid":{"rendered":"https:\/\/www.meydan.tv\/article\/qerb-cebhesinde-tebeddulat-var\/"},"modified":"2018-11-02T19:23:15","modified_gmt":"2018-11-02T19:23:15","slug":"qerb-cebhesinde-tebeddulat-var","status":"publish","type":"post","link":"https:\/\/www.meydan.tv\/az\/article\/qerb-cebhesinde-tebeddulat-var\/","title":{"rendered":"Q\u0259rb c\u0259bh\u0259sind\u0259 t\u0259b\u0259dd\u00fclat var"},"content":{"rendered":"<figure class=\"wp-block-image size-large\">\n  <img decoding=\"async\" src=\"https:\/\/www.meydan.tv\/az\/zaur-qurbanli-4\/\" alt=\"Zaur Qurbanl\u0131\" class=\"wp-image-79618\"\/><figcaption>\n    Zaur Qurbanl\u0131<br \/>\n  <\/figcaption><\/figure>\n<p>\n  U\u011fur el\u0259 bir \u015feydir ki, insanlar \u00f6zl\u0259rini buna nail olanlara b\u0259nz\u0259dirl\u0259r. B\u0259z\u0259n d\u0259xli olmayan t\u0259r\u0259fl\u0259rin\u0259. Sa\u00e7 d\u00fcz\u00fcm\u00fc, s\u0259s tonu v\u0259 s. kimi. Son d\u00f6vrl\u0259r d\u00fcnyada u\u011fur qazanan siyasi c\u0259r\u0259yan populizm\u0259 s\u00f6yk\u0259n\u0259n ifrat sa\u011fd\u0131r. Brexit, Trump, \u018frdo\u011fan, Orban, Pol\u015fa, Braziliya, Hindistan v\u0259 s. q\u0259l\u0259b\u0259l\u0259ri bu c\u0259r\u0259yan\u0131 trend hal\u0131na g\u0259tirib.<\/p>\n<p>  B\u0259s onlar n\u0259 edirl\u0259r? Qlobalizm, sol, liberalizm \u0259leyhin\u0259 \u00e7\u0131x\u0131rlar, azl\u0131qlar\u0131n h\u00fcquqlar\u0131n\u0131, qad\u0131n h\u00fcquqlar\u0131n\u0131 tan\u0131m\u0131rlar, mill\u0259t\u00e7iliy\u0259 \u0259saslan\u0131rlar, b\u0259\u015f\u0259riyy\u0259tin son yar\u0131m \u0259srd\u0259 \u0259ld\u0259 olunmu\u015f nailiyy\u0259tl\u0259rini &#8211; Avropa Birliyini, Paris M\u00fcqavil\u0259sini, BMT-nin m\u00fcxt\u0259lif konvensiyalar\u0131n\u0131 t\u0259rk etm\u0259k ist\u0259yirl\u0259r, \u0259v\u0259zind\u0259 h\u0259r \u015feyin qaba\u011f\u0131na &#8220;milli&#8221; s\u00f6z\u00fcn\u00fc qoyub, siyas\u0259tl\u0259rini bunun \u00fcz\u0259rind\u0259 qururlar.<\/p>\n<p>  N\u0259tic\u0259d\u0259 b\u00fct\u00fcn bunlar\u0131n \u0259leyhin\u0259 olan, qloballa\u015fma, beyn\u0259lmil\u0259l\u00e7ilik, h\u00fcquq b\u0259rab\u0259rliyi v\u0259 s. ideyalar\u0131 d\u0259st\u0259kl\u0259y\u0259n, Avropa Birliyini, BMT-ni v\u0259 s. u\u011furlar\u0131n \u0259sas qurucusu olan liberalizml\u0259 toqqu\u015furlar. \u0130frat sa\u011f\u0131n u\u011furlar\u0131 \u00e7oxald\u0131qca, liberalizm daha \u00e7ox s\u00f6y\u00fcl\u00fcr.<\/p>\n<p>  Bizim kimi tarixi-bin\u0259d\u0259n u\u011fursuz olan xalqlar is\u0259 liberalizmin g\u00f6z\u00fcn\u0259 AB\u015e ba\u015fda olmaqla, b\u00fct\u00fcn Q\u0259rbi qat\u0131rlar. N\u0259tic\u0259d\u0259 q\u0259rbl\u0259\u015f\u0259 bilm\u0259diyin\u0259 g\u00f6r\u0259 inki\u015fafdan qalan c\u0259miyy\u0259tl\u0259rd\u0259 paradoksal olaraq, Q\u0259rbin s\u00f6y\u00fclm\u0259si get-ged\u0259 geni\u015fl\u0259nir. \u00c7\u00fcnki haz\u0131rda d\u0259b Q\u0259rbin s\u00f6y\u00fclm\u0259sidir. Ax\u0131 el\u0259 Q\u0259rbd\u0259 d\u0259 bu \u201caxmaq Q\u0259rb d\u0259y\u0259rl\u0259ri\u201dni s\u00f6y\u0259nl\u0259r g\u0259lir hakimiyy\u0259t\u0259. O boyda AB\u015e, Britaniya, Braziliya, Avstriyan\u0131n yar\u0131s\u0131, Pol\u015fa, Macar\u0131stan, bir xeyli alman v\u0259 holland bu d\u0259y\u0259rl\u0259rd\u0259n \u00fcz \u00e7evir\u0259nl\u0259r\u0259 s\u0259s verirl\u0259r.<\/p>\n<p>  \u201cQ\u0259rb c\u0259bh\u0259si\u201dnd\u0259ki bu t\u0259b\u0259dd\u00fclat\u0131n n\u0259tic\u0259si olaraq, bizim \u00f6lk\u0259y\u0259 oksigend\u0259n azac\u0131q daha \u00e7ox laz\u0131m olan d\u0259y\u0259rl\u0259r xalq\u0131m\u0131z\u0131n \u0259ks\u0259riyy\u0259ti aras\u0131nda olan-qalan h\u00f6rm\u0259tini d\u0259 itirir. \u0130nsaf\u0259n bunun \u00fc\u00e7\u00fcn bu d\u0259y\u0259rl\u0259rin da\u015f\u0131y\u0131c\u0131lar\u0131 olan Q\u0259rb d\u00f6vl\u0259tl\u0259rinin Az\u0259rbaycana urcah olan n\u00fcmay\u0259nd\u0259l\u0259ri d\u0259 az i\u015f g\u00f6rm\u00fcrl\u0259r \u2013 xeylisi korrupsiyaya qur\u015fan\u0131r, repressiyalara z\u00fcy tutur, ayd\u0131n g\u00f6r\u00fcn\u0259n faci\u0259l\u0259r\u0259 g\u00f6zl\u0259rini ba\u011flay\u0131r.<\/p>\n<p>  Amma b\u00fct\u00fcn bunlar ona \u0259sas vermir ki, b\u0259\u015f\u0259riyy\u0259ti xilas ed\u0259n yegan\u0259 d\u0259y\u0259rl\u0259r toplusu olan Avropa d\u0259y\u0259rl\u0259rini s\u00f6y\u0259k, onu onsuz da cahil olan xalq\u0131n aras\u0131nda bir az da h\u00f6rm\u0259td\u0259n salaq. \u018fn pisi is\u0259 budur ki, son vaxtlar Q\u0259rb\u0259 \u201ca\u00e7\u0131lan at\u0259\u015fl\u0259r\u201dd\u0259 t\u0259tiyi basanlar el\u0259 ziyal\u0131 kimi tan\u0131d\u0131\u011f\u0131m\u0131z, m\u00fctali\u0259sin\u0259, m\u00f6vqeyin\u0259 g\u00fcv\u0259ndiyimiz adamlar olur. Kimi \u201cAvrasiya\u00e7\u0131l\u0131q\u201d adl\u0131 savads\u0131z, m\u0259ntiqsiz anlay\u0131\u015f\u0131 \u00f6n\u0259 s\u00fcr\u00fcr, kimi korrupsionerl\u0259r \u0259leyhin\u0259 m\u00fcbariz\u0259 kimi, dem\u0259k olar, h\u0259r c\u00fcml\u0259sind\u0259 korrupsioner olub-olmamas\u0131ndan as\u0131l\u0131 olmayaraq, b\u00fct\u00fcn Q\u0259rbi s\u00f6y\u00fcr, kimi bizim \u00f6z yolumuzun oldu\u011funu iddia edir (bu, art\u0131q \u00fc\u00e7\u00fcnc\u00fc yol deyil, \u0259n az\u0131 192-ci yoldur), kimi d\u0259 k\u00fctl\u0259y\u0259 qo\u015fulub, b\u00fct\u00fcn b\u0259lalar\u0131n Amerikadan g\u0259ldiyini iddia edir.<\/p>\n<p>  \u00d6z dini, kommunist ideologiyas\u0131n\u0131n t\u0259siri il\u0259 trumpizmin, \u0259rdo\u011fan\u00e7\u0131l\u0131\u011f\u0131n, orban\u00e7\u0131l\u0131\u011f\u0131n s\u0259viyy\u0259siz, savads\u0131z, dayaz xoruna qo\u015fulanlar\u0131 qoyaq bir q\u0131ra\u011fa. B\u0259s son d\u00f6vrl\u0259r\u0259 q\u0259d\u0259r liberalizmi t\u0259bli\u011f ed\u0259n, \u00f6z\u00fcn\u00fc liberal adland\u0131ranlar\u0131n bu xora qo\u015fulmas\u0131n\u0131 n\u0259 il\u0259 izah ed\u0259k? Y\u0259ni, do\u011frudanm\u0131 d\u00fcnyada ged\u0259n bu reqressiv dal\u011fadan k\u0259narda qalmaq bu q\u0259d\u0259r \u00e7\u0259tindir?<\/p>\n<p>  Yax\u015f\u0131 ki, h\u0259l\u0259 d\u0259 iki c\u00fct \u2013 bir t\u0259k d\u00fc\u015f\u00fcn\u0259 bil\u0259n insanlar qal\u0131b ki, lokomotivin h\u0259mi\u015f\u0259 liberalizm oldu\u011funu anlay\u0131rlar, xilas\u0131n Q\u0259rb d\u0259y\u0259rl\u0259rind\u0259 oldu\u011funu, \u00f6lk\u0259nin h\u0259m h\u00fcquqi, h\u0259m mental, h\u0259m dini c\u0259h\u0259td\u0259n q\u0259rbl\u0259\u015fm\u0259sinin \u0259\u015fh\u0259d\u00fc-ehtiyac oldu\u011funu d\u0259rk edirl\u0259r. Amma bu q\u0259d\u0259r az adamla trend olan reqresin toruna d\u00fc\u015fm\u00fc\u015f a\u011f\u0131ll\u0131 adamlardan ruh alan n\u0259h\u0259ng cahil ordusunun qar\u015f\u0131s\u0131nda durmaq olacaqm\u0131?\n<\/p>\n<p>\n  <i><br \/>\n    Yaz\u0131 m\u00fc\u0259llifin fikirl\u0259rini \u0259ks etdirir v\u0259 Meydan TV-nin m\u00f6vqeyi il\u0259 \u00fcst-\u00fcst\u0259 d\u00fc\u015fm\u0259y\u0259 bil\u0259r.<br \/>\n  <\/i><\/p>\n","protected":false},"excerpt":{"rendered":"<p>B\u0259s onlar n\u0259 edirl\u0259r?<\/p>\n","protected":false},"author":11,"featured_media":79618,"comment_status":"closed","ping_status":"open","sticky":false,"template":"","format":"standard","meta":{"_acf_changed":false,"_sitemap_exclude":false,"_sitemap_priority":"","_sitemap_frequency":"","footnotes":""},"categories":[57],"tags":[],"class_list":["post-192402","post","type-post","status-publish","format-standard","has-post-thumbnail","hentry","category-menim-fikrimce","infinite-scroll-item","generate-columns","tablet-grid-50","mobile-grid-100","grid-parent","grid-33","no-featured-image-padding"],"acf":[],"yoast_head":"<!-- This site is optimized with the Yoast SEO plugin v27.4 - https:\/\/yoast.com\/product\/yoast-seo-wordpress\/ -->\n<title>Q\u0259rb c\u0259bh\u0259sind\u0259 t\u0259b\u0259dd\u00fclat var - MEYDAN.TV<\/title>\n<meta name=\"robots\" content=\"index, follow, max-snippet:-1, max-image-preview:large, max-video-preview:-1\" \/>\n<link rel=\"canonical\" href=\"https:\/\/www.meydan.tv\/az\/article\/qerb-cebhesinde-tebeddulat-var\/\" \/>\n<meta property=\"og:locale\" content=\"az_AZ\" \/>\n<meta property=\"og:type\" content=\"article\" \/>\n<meta property=\"og:title\" content=\"Q\u0259rb c\u0259bh\u0259sind\u0259 t\u0259b\u0259dd\u00fclat var - MEYDAN.TV\" \/>\n<meta property=\"og:description\" content=\"B\u0259s onlar n\u0259 edirl\u0259r?\" \/>\n<meta property=\"og:url\" content=\"https:\/\/www.meydan.tv\/az\/article\/qerb-cebhesinde-tebeddulat-var\/\" \/>\n<meta property=\"og:site_name\" content=\"MEYDAN.TV\" \/>\n<meta property=\"article:published_time\" content=\"2018-11-02T19:23:15+00:00\" \/>\n<meta property=\"og:image\" content=\"https:\/\/www.meydan.tv\/wp-content\/uploads\/31024-1095x821.png\" \/>\n\t<meta property=\"og:image:width\" content=\"1095\" \/>\n\t<meta property=\"og:image:height\" content=\"821\" \/>\n\t<meta property=\"og:image:type\" content=\"image\/png\" \/>\n<meta name=\"author\" content=\"user-manager\" \/>\n<meta name=\"twitter:card\" content=\"summary_large_image\" \/>\n<script type=\"application\/ld+json\" class=\"yoast-schema-graph\">{\"@context\":\"https:\\\/\\\/schema.org\",\"@graph\":[{\"@type\":\"Article\",\"@id\":\"https:\\\/\\\/www.meydan.tv\\\/az\\\/article\\\/qerb-cebhesinde-tebeddulat-var\\\/#article\",\"isPartOf\":{\"@id\":\"https:\\\/\\\/www.meydan.tv\\\/az\\\/article\\\/qerb-cebhesinde-tebeddulat-var\\\/\"},\"author\":{\"name\":\"user-manager\",\"@id\":\"https:\\\/\\\/www.meydan.tv\\\/az\\\/#\\\/schema\\\/person\\\/10d11eccf6da3662cf5fdab9806ea91a\"},\"headline\":\"Q\u0259rb c\u0259bh\u0259sind\u0259 t\u0259b\u0259dd\u00fclat var\",\"datePublished\":\"2018-11-02T19:23:15+00:00\",\"mainEntityOfPage\":{\"@id\":\"https:\\\/\\\/www.meydan.tv\\\/az\\\/article\\\/qerb-cebhesinde-tebeddulat-var\\\/\"},\"wordCount\":816,\"publisher\":{\"@id\":\"https:\\\/\\\/www.meydan.tv\\\/az\\\/#organization\"},\"image\":{\"@id\":\"https:\\\/\\\/www.meydan.tv\\\/az\\\/article\\\/qerb-cebhesinde-tebeddulat-var\\\/#primaryimage\"},\"thumbnailUrl\":\"https:\\\/\\\/www.meydan.tv\\\/wp-content\\\/uploads\\\/31024.png\",\"articleSection\":[\"M\u0259nim Fikrimc\u0259\"],\"inLanguage\":\"az\"},{\"@type\":\"WebPage\",\"@id\":\"https:\\\/\\\/www.meydan.tv\\\/az\\\/article\\\/qerb-cebhesinde-tebeddulat-var\\\/\",\"url\":\"https:\\\/\\\/www.meydan.tv\\\/az\\\/article\\\/qerb-cebhesinde-tebeddulat-var\\\/\",\"name\":\"Q\u0259rb c\u0259bh\u0259sind\u0259 t\u0259b\u0259dd\u00fclat var - MEYDAN.TV\",\"isPartOf\":{\"@id\":\"https:\\\/\\\/www.meydan.tv\\\/az\\\/#website\"},\"primaryImageOfPage\":{\"@id\":\"https:\\\/\\\/www.meydan.tv\\\/az\\\/article\\\/qerb-cebhesinde-tebeddulat-var\\\/#primaryimage\"},\"image\":{\"@id\":\"https:\\\/\\\/www.meydan.tv\\\/az\\\/article\\\/qerb-cebhesinde-tebeddulat-var\\\/#primaryimage\"},\"thumbnailUrl\":\"https:\\\/\\\/www.meydan.tv\\\/wp-content\\\/uploads\\\/31024.png\",\"datePublished\":\"2018-11-02T19:23:15+00:00\",\"breadcrumb\":{\"@id\":\"https:\\\/\\\/www.meydan.tv\\\/az\\\/article\\\/qerb-cebhesinde-tebeddulat-var\\\/#breadcrumb\"},\"inLanguage\":\"az\",\"potentialAction\":[{\"@type\":\"ReadAction\",\"target\":[\"https:\\\/\\\/www.meydan.tv\\\/az\\\/article\\\/qerb-cebhesinde-tebeddulat-var\\\/\"]}]},{\"@type\":\"ImageObject\",\"inLanguage\":\"az\",\"@id\":\"https:\\\/\\\/www.meydan.tv\\\/az\\\/article\\\/qerb-cebhesinde-tebeddulat-var\\\/#primaryimage\",\"url\":\"https:\\\/\\\/www.meydan.tv\\\/wp-content\\\/uploads\\\/31024.png\",\"contentUrl\":\"https:\\\/\\\/www.meydan.tv\\\/wp-content\\\/uploads\\\/31024.png\",\"width\":2732,\"height\":2048,\"caption\":\"Source:\"},{\"@type\":\"BreadcrumbList\",\"@id\":\"https:\\\/\\\/www.meydan.tv\\\/az\\\/article\\\/qerb-cebhesinde-tebeddulat-var\\\/#breadcrumb\",\"itemListElement\":[{\"@type\":\"ListItem\",\"position\":1,\"name\":\"Ana s\u0259hif\u0259\",\"item\":\"https:\\\/\\\/www.meydan.tv\\\/az\\\/\"},{\"@type\":\"ListItem\",\"position\":2,\"name\":\"M\u0259nim Fikrimc\u0259\",\"item\":\"https:\\\/\\\/www.meydan.tv\\\/az\\\/section\\\/menim-fikrimce\\\/\"},{\"@type\":\"ListItem\",\"position\":3,\"name\":\"Q\u0259rb c\u0259bh\u0259sind\u0259 t\u0259b\u0259dd\u00fclat var\"}]},{\"@type\":\"WebSite\",\"@id\":\"https:\\\/\\\/www.meydan.tv\\\/az\\\/#website\",\"url\":\"https:\\\/\\\/www.meydan.tv\\\/az\\\/\",\"name\":\"MEYDAN.TV\",\"description\":\"Meydan TV Az\u0259rbaycan\u0131n media m\u0259kan\u0131ndak\u0131 alternativ s\u0259sidir\",\"publisher\":{\"@id\":\"https:\\\/\\\/www.meydan.tv\\\/az\\\/#organization\"},\"potentialAction\":[{\"@type\":\"SearchAction\",\"target\":{\"@type\":\"EntryPoint\",\"urlTemplate\":\"https:\\\/\\\/www.meydan.tv\\\/az\\\/?s={search_term_string}\"},\"query-input\":{\"@type\":\"PropertyValueSpecification\",\"valueRequired\":true,\"valueName\":\"search_term_string\"}}],\"inLanguage\":\"az\"},{\"@type\":\"Organization\",\"@id\":\"https:\\\/\\\/www.meydan.tv\\\/az\\\/#organization\",\"name\":\"Meydan TV\",\"url\":\"https:\\\/\\\/www.meydan.tv\\\/az\\\/\",\"logo\":{\"@type\":\"ImageObject\",\"inLanguage\":\"az\",\"@id\":\"https:\\\/\\\/www.meydan.tv\\\/az\\\/#\\\/schema\\\/logo\\\/image\\\/\",\"url\":\"https:\\\/\\\/www.meydan.tv\\\/wp-content\\\/uploads\\\/2021\\\/07\\\/meydan-logo.svg\",\"contentUrl\":\"https:\\\/\\\/www.meydan.tv\\\/wp-content\\\/uploads\\\/2021\\\/07\\\/meydan-logo.svg\",\"width\":195,\"height\":46,\"caption\":\"Meydan TV\"},\"image\":{\"@id\":\"https:\\\/\\\/www.meydan.tv\\\/az\\\/#\\\/schema\\\/logo\\\/image\\\/\"}},{\"@type\":\"Person\",\"@id\":\"https:\\\/\\\/www.meydan.tv\\\/az\\\/#\\\/schema\\\/person\\\/10d11eccf6da3662cf5fdab9806ea91a\",\"name\":\"user-manager\"}]}<\/script>\n<!-- \/ Yoast SEO plugin. -->","yoast_head_json":{"title":"Q\u0259rb c\u0259bh\u0259sind\u0259 t\u0259b\u0259dd\u00fclat var - MEYDAN.TV","robots":{"index":"index","follow":"follow","max-snippet":"max-snippet:-1","max-image-preview":"max-image-preview:large","max-video-preview":"max-video-preview:-1"},"canonical":"https:\/\/www.meydan.tv\/az\/article\/qerb-cebhesinde-tebeddulat-var\/","og_locale":"az_AZ","og_type":"article","og_title":"Q\u0259rb c\u0259bh\u0259sind\u0259 t\u0259b\u0259dd\u00fclat var - MEYDAN.TV","og_description":"B\u0259s onlar n\u0259 edirl\u0259r?","og_url":"https:\/\/www.meydan.tv\/az\/article\/qerb-cebhesinde-tebeddulat-var\/","og_site_name":"MEYDAN.TV","article_published_time":"2018-11-02T19:23:15+00:00","og_image":[{"width":1095,"height":821,"url":"https:\/\/www.meydan.tv\/wp-content\/uploads\/31024-1095x821.png","type":"image\/png"}],"author":"user-manager","twitter_card":"summary_large_image","schema":{"@context":"https:\/\/schema.org","@graph":[{"@type":"Article","@id":"https:\/\/www.meydan.tv\/az\/article\/qerb-cebhesinde-tebeddulat-var\/#article","isPartOf":{"@id":"https:\/\/www.meydan.tv\/az\/article\/qerb-cebhesinde-tebeddulat-var\/"},"author":{"name":"user-manager","@id":"https:\/\/www.meydan.tv\/az\/#\/schema\/person\/10d11eccf6da3662cf5fdab9806ea91a"},"headline":"Q\u0259rb c\u0259bh\u0259sind\u0259 t\u0259b\u0259dd\u00fclat var","datePublished":"2018-11-02T19:23:15+00:00","mainEntityOfPage":{"@id":"https:\/\/www.meydan.tv\/az\/article\/qerb-cebhesinde-tebeddulat-var\/"},"wordCount":816,"publisher":{"@id":"https:\/\/www.meydan.tv\/az\/#organization"},"image":{"@id":"https:\/\/www.meydan.tv\/az\/article\/qerb-cebhesinde-tebeddulat-var\/#primaryimage"},"thumbnailUrl":"https:\/\/www.meydan.tv\/wp-content\/uploads\/31024.png","articleSection":["M\u0259nim Fikrimc\u0259"],"inLanguage":"az"},{"@type":"WebPage","@id":"https:\/\/www.meydan.tv\/az\/article\/qerb-cebhesinde-tebeddulat-var\/","url":"https:\/\/www.meydan.tv\/az\/article\/qerb-cebhesinde-tebeddulat-var\/","name":"Q\u0259rb c\u0259bh\u0259sind\u0259 t\u0259b\u0259dd\u00fclat var - MEYDAN.TV","isPartOf":{"@id":"https:\/\/www.meydan.tv\/az\/#website"},"primaryImageOfPage":{"@id":"https:\/\/www.meydan.tv\/az\/article\/qerb-cebhesinde-tebeddulat-var\/#primaryimage"},"image":{"@id":"https:\/\/www.meydan.tv\/az\/article\/qerb-cebhesinde-tebeddulat-var\/#primaryimage"},"thumbnailUrl":"https:\/\/www.meydan.tv\/wp-content\/uploads\/31024.png","datePublished":"2018-11-02T19:23:15+00:00","breadcrumb":{"@id":"https:\/\/www.meydan.tv\/az\/article\/qerb-cebhesinde-tebeddulat-var\/#breadcrumb"},"inLanguage":"az","potentialAction":[{"@type":"ReadAction","target":["https:\/\/www.meydan.tv\/az\/article\/qerb-cebhesinde-tebeddulat-var\/"]}]},{"@type":"ImageObject","inLanguage":"az","@id":"https:\/\/www.meydan.tv\/az\/article\/qerb-cebhesinde-tebeddulat-var\/#primaryimage","url":"https:\/\/www.meydan.tv\/wp-content\/uploads\/31024.png","contentUrl":"https:\/\/www.meydan.tv\/wp-content\/uploads\/31024.png","width":2732,"height":2048,"caption":"Source:"},{"@type":"BreadcrumbList","@id":"https:\/\/www.meydan.tv\/az\/article\/qerb-cebhesinde-tebeddulat-var\/#breadcrumb","itemListElement":[{"@type":"ListItem","position":1,"name":"Ana s\u0259hif\u0259","item":"https:\/\/www.meydan.tv\/az\/"},{"@type":"ListItem","position":2,"name":"M\u0259nim Fikrimc\u0259","item":"https:\/\/www.meydan.tv\/az\/section\/menim-fikrimce\/"},{"@type":"ListItem","position":3,"name":"Q\u0259rb c\u0259bh\u0259sind\u0259 t\u0259b\u0259dd\u00fclat var"}]},{"@type":"WebSite","@id":"https:\/\/www.meydan.tv\/az\/#website","url":"https:\/\/www.meydan.tv\/az\/","name":"MEYDAN.TV","description":"Meydan TV Az\u0259rbaycan\u0131n media m\u0259kan\u0131ndak\u0131 alternativ s\u0259sidir","publisher":{"@id":"https:\/\/www.meydan.tv\/az\/#organization"},"potentialAction":[{"@type":"SearchAction","target":{"@type":"EntryPoint","urlTemplate":"https:\/\/www.meydan.tv\/az\/?s={search_term_string}"},"query-input":{"@type":"PropertyValueSpecification","valueRequired":true,"valueName":"search_term_string"}}],"inLanguage":"az"},{"@type":"Organization","@id":"https:\/\/www.meydan.tv\/az\/#organization","name":"Meydan TV","url":"https:\/\/www.meydan.tv\/az\/","logo":{"@type":"ImageObject","inLanguage":"az","@id":"https:\/\/www.meydan.tv\/az\/#\/schema\/logo\/image\/","url":"https:\/\/www.meydan.tv\/wp-content\/uploads\/2021\/07\/meydan-logo.svg","contentUrl":"https:\/\/www.meydan.tv\/wp-content\/uploads\/2021\/07\/meydan-logo.svg","width":195,"height":46,"caption":"Meydan TV"},"image":{"@id":"https:\/\/www.meydan.tv\/az\/#\/schema\/logo\/image\/"}},{"@type":"Person","@id":"https:\/\/www.meydan.tv\/az\/#\/schema\/person\/10d11eccf6da3662cf5fdab9806ea91a","name":"user-manager"}]}},"_links":{"self":[{"href":"https:\/\/www.meydan.tv\/az\/wp-json\/wp\/v2\/posts\/192402","targetHints":{"allow":["GET"]}}],"collection":[{"href":"https:\/\/www.meydan.tv\/az\/wp-json\/wp\/v2\/posts"}],"about":[{"href":"https:\/\/www.meydan.tv\/az\/wp-json\/wp\/v2\/types\/post"}],"author":[{"embeddable":true,"href":"https:\/\/www.meydan.tv\/az\/wp-json\/wp\/v2\/users\/11"}],"replies":[{"embeddable":true,"href":"https:\/\/www.meydan.tv\/az\/wp-json\/wp\/v2\/comments?post=192402"}],"version-history":[{"count":0,"href":"https:\/\/www.meydan.tv\/az\/wp-json\/wp\/v2\/posts\/192402\/revisions"}],"wp:featuredmedia":[{"embeddable":true,"href":"https:\/\/www.meydan.tv\/az\/wp-json\/wp\/v2\/media\/79618"}],"wp:attachment":[{"href":"https:\/\/www.meydan.tv\/az\/wp-json\/wp\/v2\/media?parent=192402"}],"wp:term":[{"taxonomy":"category","embeddable":true,"href":"https:\/\/www.meydan.tv\/az\/wp-json\/wp\/v2\/categories?post=192402"},{"taxonomy":"post_tag","embeddable":true,"href":"https:\/\/www.meydan.tv\/az\/wp-json\/wp\/v2\/tags?post=192402"}],"curies":[{"name":"wp","href":"https:\/\/api.w.org\/{rel}","templated":true}]}}