{"id":192381,"date":"2018-11-01T16:24:44","date_gmt":"2018-11-01T16:24:44","guid":{"rendered":"https:\/\/www.meydan.tv\/article\/erkin-qedirli-gurcu-ve-ermeniler-bizi-hemise-ozlerinden-asagi-sayacaqlar\/"},"modified":"2018-11-01T16:24:44","modified_gmt":"2018-11-01T16:24:44","slug":"erkin-qedirli-gurcu-ve-ermeniler-bizi-hemise-ozlerinden-asagi-sayacaqlar","status":"publish","type":"post","link":"https:\/\/www.meydan.tv\/az\/article\/erkin-qedirli-gurcu-ve-ermeniler-bizi-hemise-ozlerinden-asagi-sayacaqlar\/","title":{"rendered":"Erkin Q\u0259dirli: G\u00fcrc\u00fc v\u0259 erm\u0259nil\u0259r bizi h\u0259mi\u015f\u0259 \u00f6zl\u0259rind\u0259n a\u015fa\u011f\u0131 sayacaqlar"},"content":{"rendered":"<figure class=\"wp-block-image size-large\">\n  <img decoding=\"async\" src=\"https:\/\/www.meydan.tv\/az\/erkin-qedirli-4\/\" alt=\"Erkin Q\u0259dirli\" class=\"wp-image-58388\"\/><figcaption>\n    Erkin Q\u0259dirli<br \/>\n  <\/figcaption><\/figure>\n<p>\n  <i><br \/>\n    &#8221;Az\u0259rbaycan\u0131n qon\u015fular\u0131n\u0131n \u00f6zg\u00fcv\u0259nliyi lov\u011fal\u0131qd\u0131r&#8221;<br \/>\n  <\/i>\n<\/p>\n<p>\n  \u0130ctimai r\u0259yi \u00f6yr\u0259n\u0259n n\u00fcfuzlu \u201cPew Research Center\u201d mill\u0259tl\u0259rin \u00f6z m\u0259d\u0259niyy\u0259tini ba\u015fqa mill\u0259tl\u0259rin m\u0259d\u0259niyy\u0259til\u0259 nisb\u0259td\u0259 nec\u0259 g\u00f6rd\u00fckl\u0259rini ara\u015fd\u0131r\u0131b.\n<\/p>\n<p>\n  Apar\u0131lan sor\u011fu Avropa \u00f6lk\u0259l\u0259rind\u0259 v\u0259 C\u0259nubi Qafqaz\u0131n iki respublikas\u0131nda ke\u00e7irilib, G\u00fcrc\u00fcstan v\u0259 Erm\u0259nistanda.\n<\/p>\n<p>\n  G\u00fcrc\u00fcstan v\u0259 Erm\u0259nistanda sor\u011fuya qat\u0131lanlar \u00f6z m\u0259d\u0259niyy\u0259tl\u0259rini ba\u015fqa mill\u0259tl\u0259rin m\u0259d\u0259niyy\u0259tind\u0259n \u00fcst\u00fcn say\u0131blar. G\u00fcrc\u00fcstanda 85 faiz, Erm\u0259nistanda 84 faiz, Rusiyada is\u0259 sor\u011fuda i\u015ftirak ed\u0259nl\u0259rin 69 faizi m\u0259d\u0259niyy\u0259tl\u0259rini ba\u015fqa xalqlar\u0131n m\u0259d\u0259niyy\u0259tind\u0259n \u00fcst\u00fcn say\u0131r.\n<\/p>\n<p>\n  Ancaq Avropa Birliyinin apar\u0131c\u0131 d\u00f6vl\u0259tl\u0259ri Fransada bu g\u00f6st\u0259rici 36, Almaniyada is\u0259 45 faizdir. Baltikyan\u0131 respublikalardan Estoniyada 23, Latviyada 38, Litvada 37 faiz bel\u0259 d\u00fc\u015f\u00fcn\u00fcr. Belarusda 42, Ukraynada 41 faiz \u00f6z m\u0259d\u0259niyy\u0259tl\u0259rinin ba\u015fqa m\u0259d\u0259niyy\u0259tl\u0259rd\u0259n \u00fcst\u00fcn oldu\u011fu q\u0259na\u0259tind\u0259dirl\u0259r.\n<\/p>\n<p>\n  Skandinaviya \u00f6lk\u0259l\u0259rind\u0259 yana\u015fma f\u0259rqlidir, Norve\u00e7d\u0259 r\u0259yi soru\u015fulanlar\u0131n 58 faizi, \u0130sve\u00e7d\u0259 26, Danimarkada 44, Finlyandiyada 49 faiz m\u0259d\u0259niyy\u0259tl\u0259rini ba\u015fqa \u00f6lk\u0259l\u0259rin m\u0259d\u0259niyy\u0259tl\u0259rd\u0259n \u00fcst\u00fcn say\u0131rlar. Bir-biri il\u0259 qon\u015fu olan Portuqaliya v\u0259 \u0130spaniya aras\u0131nda f\u0259rq az deyil, birincid\u0259 47, ikincid\u0259 20 faiz \u00f6z m\u0259d\u0259niyy\u0259tl\u0259rini \u00fcst\u00fcn hesab edirl\u0259r.\n<\/p>\n<p>\n  NATO v\u0259 Avropa Birliyinin m\u0259rk\u0259zl\u0259\u015fdiyi Bel\u00e7ikada 23 faiz bu d\u00fc\u015f\u00fcnc\u0259d\u0259dir. B\u00f6y\u00fck Britaniyada 46 faiz \u00f6z m\u0259d\u0259niyy\u0259tl\u0259rini y\u00fcks\u0259k say\u0131rlar. Antik m\u0259d\u0259niyy\u0259tin be\u015fiyi olan Yunan\u0131standa 89 faiz \u00f6z m\u0259d\u0259niyy\u0259tini qon\u015fular\u0131ndan \u00fcst\u00fcn say\u0131r. Romal\u0131lar\u0131n varisl\u0259ri italyanlarda is\u0259 bu faiz g\u00f6st\u0259ricisi 47-dir.\n<\/p>\n<p>\n  Bu bar\u0259d\u0259 m\u0259lumat\u0131 payla\u015fan REAL Partiyas\u0131n\u0131n \u0130dar\u0259 Hey\u0259tinin \u00fczv\u00fc Erkin Q\u0259dirli Fransada mill\u0259t\u00e7iliyin g\u00fccl\u00fc oldu\u011funu xat\u0131rladaraq qeyd edib ki, m\u0259d\u0259niyy\u0259tinin Avropada siyasi t\u0259sirin\u0259 g\u00f6r\u0259 \u0259n \u00e7ox \u00f6y\u00fcn\u0259si \u00f6lk\u0259 el\u0259 Fransad\u0131r:\n<\/p>\n<p>\n  \u201cBununla bel\u0259, Fransada milli m\u0259d\u0259niyy\u0259tl\u0259rini ba\u015fqa milli mill\u0259tl\u0259rin m\u0259d\u0259niyy\u0259tind\u0259n \u00fcst\u00fcn hesab ed\u0259nl\u0259rin say\u0131, ba\u015fqa \u00f6lk\u0259l\u0259rl\u0259 nisb\u0259td\u0259 xeyli a\u015fa\u011f\u0131d\u0131r. V\u0259t\u0259nda\u015f mill\u0259t\u00e7iliyinin \u00f6z\u0259lliyi h\u0259m d\u0259 bundad\u0131r &#8211; lov\u011fal\u0131qs\u0131z \u00f6zg\u00fcv\u0259n yarad\u0131r\u201d.\n<\/p>\n<p>\n  Erkin Q\u0259dirli hesab edir ki, G\u00fcrc\u00fcstanda, Erm\u0259nistanda v\u0259 Rusiyada v\u0259t\u0259nda\u015f mill\u0259t\u00e7iliyi yoxdur, onlar\u0131nk\u0131 \u015fovinizmdir, etnik mill\u0259t\u00e7ilik, \u00f6zl\u0259rini ham\u0131dan \u00fcst\u00fcn say\u0131rlar:\n<\/p>\n<p>\n  \u201cD\u00fc\u015f\u00fcnd\u00fckl\u0259ri \u0259sass\u0131z, h\u0259tta yanl\u0131\u015f ola bil\u0259r, amma bu, bizi rahatland\u0131rmamal\u0131d\u0131r. G\u00fcrc\u00fcl\u0259rin, erm\u0259nil\u0259rin v\u0259 qism\u0259n olsa da ruslar\u0131n, bu c\u00fcr d\u00fc\u015f\u00fcnd\u00fckl\u0259rini kobud ger\u00e7\u0259klik kimi g\u00f6rm\u0259liyik. Buna \u201cmental fakt\u201d deyirl\u0259r. Y\u0259ni, d\u00fc\u015f\u00fcn\u00fcl\u0259nl\u0259r do\u011fru olmaya bil\u0259r, amma d\u00fc\u015f\u00fcnc\u0259nin \u00f6z\u00fc fakt oldu\u011funa g\u00f6r\u0259, onu sosial ger\u00e7\u0259klik saymal\u0131y\u0131q. Ba\u015fqa s\u00f6zl\u0259, ist\u0259s\u0259k d\u0259, ist\u0259m\u0259s\u0259k d\u0259, qon\u015fular\u0131m\u0131z\u0131n b\u00f6y\u00fck \u0259ks\u0259riyy\u0259ti \u00f6z\u00fcn\u00fc bizd\u0259n m\u0259d\u0259ni bax\u0131mdan \u00fcst\u00fcn say\u0131r. Bu fakt, y\u0259ni onlar\u0131n bel\u0259 d\u00fc\u015f\u00fcnm\u0259l\u0259ri bizim \u00fc\u00e7\u00fcn b\u00f6y\u00fck t\u0259hl\u00fck\u0259 qayna\u011f\u0131d\u0131r. Bunu g\u00f6rm\u0259zd\u0259n g\u0259l\u0259 bilm\u0259rik\u201d.\n<\/p>\n<figure class=\"wp-block-image size-large\">\n  <img decoding=\"async\" src=\"https:\/\/www.meydan.tv\/az\/111855\/\" alt=\"\" class=\"wp-image-111855\"\/><figcaption><\/figcaption><\/figure>\n<p>\n  Erkin Q\u0259dirli \u201cPew Research Center\u201din Az\u0259rbaycan v\u0259 T\u00fcrkiy\u0259d\u0259 sor\u011fu ke\u00e7irm\u0259m\u0259sinin s\u0259b\u0259bini bilmir:\n<\/p>\n<p>\n  \u201cS\u0259b\u0259bini bilmir\u0259m, b\u0259lk\u0259 xristian \u00f6lk\u0259l\u0259rini g\u00f6t\u00fcr\u00fcbl\u0259r, yaxud bu iki \u00f6lk\u0259y\u0259 buraxmay\u0131blar. Sor\u011fu ke\u00e7irilmi\u015f olsayd\u0131, g\u00fcman ki, r\u0259q\u0259ml\u0259r \u00e7ox a\u015fa\u011f\u0131 olard\u0131. B\u0259lk\u0259 d\u0259 yan\u0131l\u0131ram, amma \u201cFacebook\u201ddak\u0131 yaz\u0131lardan v\u0259 yana\u015fmalardan g\u0259ldiyim q\u0259na\u0259t budur. \u00c7oxlar\u0131n\u0131n ba\u015fqa mill\u0259tl\u0259ri \u00f6z mill\u0259timizd\u0259n \u00fcst\u00fcn sayd\u0131\u011f\u0131n\u0131 g\u00f6rd\u00fcm, \u00f6zg\u00fcv\u0259nimiz z\u0259ifdir. \u00d6zg\u00fcv\u0259ni z\u0259if olan toplum demokratiya qura bilm\u0259z. M\u0259n h\u0259m d\u0259 buna g\u00f6r\u0259 indiki tarixi d\u00f6n\u0259md\u0259 v\u0259t\u0259nda\u015f mill\u0259t\u00e7iliyini \u00f6lk\u0259miz \u00fc\u00e7\u00fcn \u00f6n\u0259mli say\u0131ram\u201d.\n<\/p>\n<p>\n  Onun s\u00f6zl\u0259rin\u0259 g\u00f6r\u0259, sor\u011fuda respondentl\u0259r\u0259 1 sual verilm\u0259yib, \u0259ksin\u0259, onlarla sual\u0131n n\u0259tic\u0259si bel\u0259 olub. Suallar aras\u0131nda din, etnik azl\u0131qlara, qon\u015fulara m\u00fcnasib\u0259t, t\u0259hl\u00fck\u0259 duyumu var. Bel\u0259likl\u0259, \u00fcmumi n\u0259tic\u0259si m\u0259d\u0259niyy\u0259t\u0259 \u00e7\u0131x\u0131r, m\u0259d\u0259niyy\u0259t dey\u0259nd\u0259, yaln\u0131z m\u0259i\u015f\u0259t, \u0259xlaq deyil, bura h\u0259r \u015fey daxildir. Kompleks yana\u015fma var:\n<\/p>\n<p>\n  \u201cYunanlar \u00e7ox dindard\u0131lar, d\u00f6vl\u0259t kils\u0259sidir, miqrantlara qar\u015f\u0131d\u0131rlar, etnik azl\u0131qlara yuxar\u0131dan a\u015fa\u011f\u0131 bax\u0131rlar. G\u00fcrc\u00fc v\u0259 erm\u0259nil\u0259r haqda da bunu dem\u0259k olar\u201d.\n<\/p>\n<p>\n  Erkin Q\u0259dirli bildirib ki, Az\u0259rbaycan\u0131n qon\u015fular\u0131n\u0131n \u00f6zg\u00fcv\u0259nliyi lov\u011fal\u0131qd\u0131r:\n<\/p>\n<p>\n  \u201cM\u0259s\u0259l\u0259n, Fransa m\u0259d\u0259niyy\u0259t bax\u0131m\u0131ndan \u00f6z\u00fcn\u00fc ham\u0131dan \u00fcst\u00fcn saya bil\u0259c\u0259k \u00f6lk\u0259dir, amma orada n\u0259tic\u0259 bizim qon\u015fulardan a\u015fa\u011f\u0131d\u0131r. Qon\u015fular\u0131m\u0131z\u0131n lov\u011fa v\u0259 yek\u0259xana olmas\u0131 ona g\u00f6r\u0259 t\u0259hl\u00fck\u0259dir ki, bizi h\u0259mi\u015f\u0259 \u00f6zl\u0259rind\u0259n a\u015fa\u011f\u0131 sayacaqlar. Bir az v\u0259ziyy\u0259t d\u0259yi\u015f\u0259n kimi m\u00fcnaqi\u015f\u0259 yaradacaqlar, Da\u011fl\u0131q Qaraba\u011f m\u00fcnaqi\u015f\u0259si el\u0259 ba\u015flad\u0131. T\u00fcrk oldu\u011fumuza g\u00f6r\u0259 a\u015fa\u011f\u0131 bax\u0131rlar, g\u00fcrc\u00fcl\u0259r tatrebi, ruslar da azer deyirl\u0259r. Ancaq ruslar\u0131n \u00f6zg\u00fcv\u0259ni onlardan y\u00fcks\u0259kdir. Burda bir m\u0259qam da var, r\u0259q\u0259min y\u00fcks\u0259k olmas\u0131 \u00f6zg\u00fcv\u0259nl\u0259 ba\u011fl\u0131 deyil, \u00f6zg\u00fcv\u0259n bir az ba\u015fqa \u015feydir\u201d.<\/p>\n","protected":false},"excerpt":{"rendered":"<p>&#8221;Az\u0259rbaycan\u0131n qon\u015fular\u0131n\u0131n \u00f6zg\u00fcv\u0259nliyi lov\u011fal\u0131qd\u0131r&#8221;<\/p>\n","protected":false},"author":11,"featured_media":58388,"comment_status":"closed","ping_status":"open","sticky":false,"template":"","format":"standard","meta":{"_acf_changed":false,"_sitemap_exclude":false,"_sitemap_priority":"","_sitemap_frequency":"","footnotes":""},"categories":[51],"tags":[],"class_list":["post-192381","post","type-post","status-publish","format-standard","has-post-thumbnail","hentry","category-analitika","infinite-scroll-item","generate-columns","tablet-grid-50","mobile-grid-100","grid-parent","grid-33","no-featured-image-padding"],"acf":[],"yoast_head":"<!-- This site is optimized with the Yoast SEO plugin v27.4 - https:\/\/yoast.com\/product\/yoast-seo-wordpress\/ -->\n<title>Erkin Q\u0259dirli: G\u00fcrc\u00fc v\u0259 erm\u0259nil\u0259r bizi h\u0259mi\u015f\u0259 \u00f6zl\u0259rind\u0259n a\u015fa\u011f\u0131 sayacaqlar - MEYDAN.TV<\/title>\n<meta name=\"robots\" content=\"index, follow, max-snippet:-1, max-image-preview:large, max-video-preview:-1\" \/>\n<link rel=\"canonical\" href=\"https:\/\/www.meydan.tv\/az\/article\/erkin-qedirli-gurcu-ve-ermeniler-bizi-hemise-ozlerinden-asagi-sayacaqlar\/\" \/>\n<meta property=\"og:locale\" content=\"az_AZ\" \/>\n<meta property=\"og:type\" content=\"article\" \/>\n<meta property=\"og:title\" content=\"Erkin Q\u0259dirli: G\u00fcrc\u00fc v\u0259 erm\u0259nil\u0259r bizi h\u0259mi\u015f\u0259 \u00f6zl\u0259rind\u0259n a\u015fa\u011f\u0131 sayacaqlar - MEYDAN.TV\" \/>\n<meta property=\"og:description\" content=\"&#039;&#039;Az\u0259rbaycan\u0131n qon\u015fular\u0131n\u0131n \u00f6zg\u00fcv\u0259nliyi lov\u011fal\u0131qd\u0131r&#039;&#039;\" \/>\n<meta property=\"og:url\" content=\"https:\/\/www.meydan.tv\/az\/article\/erkin-qedirli-gurcu-ve-ermeniler-bizi-hemise-ozlerinden-asagi-sayacaqlar\/\" \/>\n<meta property=\"og:site_name\" content=\"MEYDAN.TV\" \/>\n<meta property=\"article:published_time\" content=\"2018-11-01T16:24:44+00:00\" \/>\n<meta property=\"og:image\" content=\"https:\/\/www.meydan.tv\/wp-content\/uploads\/22145.jpg\" \/>\n\t<meta property=\"og:image:width\" content=\"718\" \/>\n\t<meta property=\"og:image:height\" content=\"479\" \/>\n\t<meta property=\"og:image:type\" content=\"image\/jpeg\" \/>\n<meta name=\"author\" content=\"user-manager\" \/>\n<meta name=\"twitter:card\" content=\"summary_large_image\" \/>\n<script type=\"application\/ld+json\" class=\"yoast-schema-graph\">{\"@context\":\"https:\\\/\\\/schema.org\",\"@graph\":[{\"@type\":\"Article\",\"@id\":\"https:\\\/\\\/www.meydan.tv\\\/az\\\/article\\\/erkin-qedirli-gurcu-ve-ermeniler-bizi-hemise-ozlerinden-asagi-sayacaqlar\\\/#article\",\"isPartOf\":{\"@id\":\"https:\\\/\\\/www.meydan.tv\\\/az\\\/article\\\/erkin-qedirli-gurcu-ve-ermeniler-bizi-hemise-ozlerinden-asagi-sayacaqlar\\\/\"},\"author\":{\"name\":\"user-manager\",\"@id\":\"https:\\\/\\\/www.meydan.tv\\\/az\\\/#\\\/schema\\\/person\\\/10d11eccf6da3662cf5fdab9806ea91a\"},\"headline\":\"Erkin Q\u0259dirli: G\u00fcrc\u00fc v\u0259 erm\u0259nil\u0259r bizi h\u0259mi\u015f\u0259 \u00f6zl\u0259rind\u0259n a\u015fa\u011f\u0131 sayacaqlar\",\"datePublished\":\"2018-11-01T16:24:44+00:00\",\"mainEntityOfPage\":{\"@id\":\"https:\\\/\\\/www.meydan.tv\\\/az\\\/article\\\/erkin-qedirli-gurcu-ve-ermeniler-bizi-hemise-ozlerinden-asagi-sayacaqlar\\\/\"},\"wordCount\":1060,\"publisher\":{\"@id\":\"https:\\\/\\\/www.meydan.tv\\\/az\\\/#organization\"},\"image\":{\"@id\":\"https:\\\/\\\/www.meydan.tv\\\/az\\\/article\\\/erkin-qedirli-gurcu-ve-ermeniler-bizi-hemise-ozlerinden-asagi-sayacaqlar\\\/#primaryimage\"},\"thumbnailUrl\":\"https:\\\/\\\/www.meydan.tv\\\/wp-content\\\/uploads\\\/22145.jpg\",\"articleSection\":[\"Analitika\"],\"inLanguage\":\"az\"},{\"@type\":\"WebPage\",\"@id\":\"https:\\\/\\\/www.meydan.tv\\\/az\\\/article\\\/erkin-qedirli-gurcu-ve-ermeniler-bizi-hemise-ozlerinden-asagi-sayacaqlar\\\/\",\"url\":\"https:\\\/\\\/www.meydan.tv\\\/az\\\/article\\\/erkin-qedirli-gurcu-ve-ermeniler-bizi-hemise-ozlerinden-asagi-sayacaqlar\\\/\",\"name\":\"Erkin Q\u0259dirli: G\u00fcrc\u00fc v\u0259 erm\u0259nil\u0259r bizi h\u0259mi\u015f\u0259 \u00f6zl\u0259rind\u0259n a\u015fa\u011f\u0131 sayacaqlar - MEYDAN.TV\",\"isPartOf\":{\"@id\":\"https:\\\/\\\/www.meydan.tv\\\/az\\\/#website\"},\"primaryImageOfPage\":{\"@id\":\"https:\\\/\\\/www.meydan.tv\\\/az\\\/article\\\/erkin-qedirli-gurcu-ve-ermeniler-bizi-hemise-ozlerinden-asagi-sayacaqlar\\\/#primaryimage\"},\"image\":{\"@id\":\"https:\\\/\\\/www.meydan.tv\\\/az\\\/article\\\/erkin-qedirli-gurcu-ve-ermeniler-bizi-hemise-ozlerinden-asagi-sayacaqlar\\\/#primaryimage\"},\"thumbnailUrl\":\"https:\\\/\\\/www.meydan.tv\\\/wp-content\\\/uploads\\\/22145.jpg\",\"datePublished\":\"2018-11-01T16:24:44+00:00\",\"breadcrumb\":{\"@id\":\"https:\\\/\\\/www.meydan.tv\\\/az\\\/article\\\/erkin-qedirli-gurcu-ve-ermeniler-bizi-hemise-ozlerinden-asagi-sayacaqlar\\\/#breadcrumb\"},\"inLanguage\":\"az\",\"potentialAction\":[{\"@type\":\"ReadAction\",\"target\":[\"https:\\\/\\\/www.meydan.tv\\\/az\\\/article\\\/erkin-qedirli-gurcu-ve-ermeniler-bizi-hemise-ozlerinden-asagi-sayacaqlar\\\/\"]}]},{\"@type\":\"ImageObject\",\"inLanguage\":\"az\",\"@id\":\"https:\\\/\\\/www.meydan.tv\\\/az\\\/article\\\/erkin-qedirli-gurcu-ve-ermeniler-bizi-hemise-ozlerinden-asagi-sayacaqlar\\\/#primaryimage\",\"url\":\"https:\\\/\\\/www.meydan.tv\\\/wp-content\\\/uploads\\\/22145.jpg\",\"contentUrl\":\"https:\\\/\\\/www.meydan.tv\\\/wp-content\\\/uploads\\\/22145.jpg\",\"width\":718,\"height\":479,\"caption\":\"Source:\"},{\"@type\":\"BreadcrumbList\",\"@id\":\"https:\\\/\\\/www.meydan.tv\\\/az\\\/article\\\/erkin-qedirli-gurcu-ve-ermeniler-bizi-hemise-ozlerinden-asagi-sayacaqlar\\\/#breadcrumb\",\"itemListElement\":[{\"@type\":\"ListItem\",\"position\":1,\"name\":\"Ana s\u0259hif\u0259\",\"item\":\"https:\\\/\\\/www.meydan.tv\\\/az\\\/\"},{\"@type\":\"ListItem\",\"position\":2,\"name\":\"Analitika\",\"item\":\"https:\\\/\\\/www.meydan.tv\\\/az\\\/section\\\/analitika\\\/\"},{\"@type\":\"ListItem\",\"position\":3,\"name\":\"Erkin Q\u0259dirli: G\u00fcrc\u00fc v\u0259 erm\u0259nil\u0259r bizi h\u0259mi\u015f\u0259 \u00f6zl\u0259rind\u0259n a\u015fa\u011f\u0131 sayacaqlar\"}]},{\"@type\":\"WebSite\",\"@id\":\"https:\\\/\\\/www.meydan.tv\\\/az\\\/#website\",\"url\":\"https:\\\/\\\/www.meydan.tv\\\/az\\\/\",\"name\":\"MEYDAN.TV\",\"description\":\"Meydan TV Az\u0259rbaycan\u0131n media m\u0259kan\u0131ndak\u0131 alternativ s\u0259sidir\",\"publisher\":{\"@id\":\"https:\\\/\\\/www.meydan.tv\\\/az\\\/#organization\"},\"potentialAction\":[{\"@type\":\"SearchAction\",\"target\":{\"@type\":\"EntryPoint\",\"urlTemplate\":\"https:\\\/\\\/www.meydan.tv\\\/az\\\/?s={search_term_string}\"},\"query-input\":{\"@type\":\"PropertyValueSpecification\",\"valueRequired\":true,\"valueName\":\"search_term_string\"}}],\"inLanguage\":\"az\"},{\"@type\":\"Organization\",\"@id\":\"https:\\\/\\\/www.meydan.tv\\\/az\\\/#organization\",\"name\":\"Meydan TV\",\"url\":\"https:\\\/\\\/www.meydan.tv\\\/az\\\/\",\"logo\":{\"@type\":\"ImageObject\",\"inLanguage\":\"az\",\"@id\":\"https:\\\/\\\/www.meydan.tv\\\/az\\\/#\\\/schema\\\/logo\\\/image\\\/\",\"url\":\"https:\\\/\\\/www.meydan.tv\\\/wp-content\\\/uploads\\\/2021\\\/07\\\/meydan-logo.svg\",\"contentUrl\":\"https:\\\/\\\/www.meydan.tv\\\/wp-content\\\/uploads\\\/2021\\\/07\\\/meydan-logo.svg\",\"width\":195,\"height\":46,\"caption\":\"Meydan TV\"},\"image\":{\"@id\":\"https:\\\/\\\/www.meydan.tv\\\/az\\\/#\\\/schema\\\/logo\\\/image\\\/\"}},{\"@type\":\"Person\",\"@id\":\"https:\\\/\\\/www.meydan.tv\\\/az\\\/#\\\/schema\\\/person\\\/10d11eccf6da3662cf5fdab9806ea91a\",\"name\":\"user-manager\"}]}<\/script>\n<!-- \/ Yoast SEO plugin. -->","yoast_head_json":{"title":"Erkin Q\u0259dirli: G\u00fcrc\u00fc v\u0259 erm\u0259nil\u0259r bizi h\u0259mi\u015f\u0259 \u00f6zl\u0259rind\u0259n a\u015fa\u011f\u0131 sayacaqlar - MEYDAN.TV","robots":{"index":"index","follow":"follow","max-snippet":"max-snippet:-1","max-image-preview":"max-image-preview:large","max-video-preview":"max-video-preview:-1"},"canonical":"https:\/\/www.meydan.tv\/az\/article\/erkin-qedirli-gurcu-ve-ermeniler-bizi-hemise-ozlerinden-asagi-sayacaqlar\/","og_locale":"az_AZ","og_type":"article","og_title":"Erkin Q\u0259dirli: G\u00fcrc\u00fc v\u0259 erm\u0259nil\u0259r bizi h\u0259mi\u015f\u0259 \u00f6zl\u0259rind\u0259n a\u015fa\u011f\u0131 sayacaqlar - MEYDAN.TV","og_description":"''Az\u0259rbaycan\u0131n qon\u015fular\u0131n\u0131n \u00f6zg\u00fcv\u0259nliyi lov\u011fal\u0131qd\u0131r''","og_url":"https:\/\/www.meydan.tv\/az\/article\/erkin-qedirli-gurcu-ve-ermeniler-bizi-hemise-ozlerinden-asagi-sayacaqlar\/","og_site_name":"MEYDAN.TV","article_published_time":"2018-11-01T16:24:44+00:00","og_image":[{"width":718,"height":479,"url":"https:\/\/www.meydan.tv\/wp-content\/uploads\/22145.jpg","type":"image\/jpeg"}],"author":"user-manager","twitter_card":"summary_large_image","schema":{"@context":"https:\/\/schema.org","@graph":[{"@type":"Article","@id":"https:\/\/www.meydan.tv\/az\/article\/erkin-qedirli-gurcu-ve-ermeniler-bizi-hemise-ozlerinden-asagi-sayacaqlar\/#article","isPartOf":{"@id":"https:\/\/www.meydan.tv\/az\/article\/erkin-qedirli-gurcu-ve-ermeniler-bizi-hemise-ozlerinden-asagi-sayacaqlar\/"},"author":{"name":"user-manager","@id":"https:\/\/www.meydan.tv\/az\/#\/schema\/person\/10d11eccf6da3662cf5fdab9806ea91a"},"headline":"Erkin Q\u0259dirli: G\u00fcrc\u00fc v\u0259 erm\u0259nil\u0259r bizi h\u0259mi\u015f\u0259 \u00f6zl\u0259rind\u0259n a\u015fa\u011f\u0131 sayacaqlar","datePublished":"2018-11-01T16:24:44+00:00","mainEntityOfPage":{"@id":"https:\/\/www.meydan.tv\/az\/article\/erkin-qedirli-gurcu-ve-ermeniler-bizi-hemise-ozlerinden-asagi-sayacaqlar\/"},"wordCount":1060,"publisher":{"@id":"https:\/\/www.meydan.tv\/az\/#organization"},"image":{"@id":"https:\/\/www.meydan.tv\/az\/article\/erkin-qedirli-gurcu-ve-ermeniler-bizi-hemise-ozlerinden-asagi-sayacaqlar\/#primaryimage"},"thumbnailUrl":"https:\/\/www.meydan.tv\/wp-content\/uploads\/22145.jpg","articleSection":["Analitika"],"inLanguage":"az"},{"@type":"WebPage","@id":"https:\/\/www.meydan.tv\/az\/article\/erkin-qedirli-gurcu-ve-ermeniler-bizi-hemise-ozlerinden-asagi-sayacaqlar\/","url":"https:\/\/www.meydan.tv\/az\/article\/erkin-qedirli-gurcu-ve-ermeniler-bizi-hemise-ozlerinden-asagi-sayacaqlar\/","name":"Erkin Q\u0259dirli: G\u00fcrc\u00fc v\u0259 erm\u0259nil\u0259r bizi h\u0259mi\u015f\u0259 \u00f6zl\u0259rind\u0259n a\u015fa\u011f\u0131 sayacaqlar - MEYDAN.TV","isPartOf":{"@id":"https:\/\/www.meydan.tv\/az\/#website"},"primaryImageOfPage":{"@id":"https:\/\/www.meydan.tv\/az\/article\/erkin-qedirli-gurcu-ve-ermeniler-bizi-hemise-ozlerinden-asagi-sayacaqlar\/#primaryimage"},"image":{"@id":"https:\/\/www.meydan.tv\/az\/article\/erkin-qedirli-gurcu-ve-ermeniler-bizi-hemise-ozlerinden-asagi-sayacaqlar\/#primaryimage"},"thumbnailUrl":"https:\/\/www.meydan.tv\/wp-content\/uploads\/22145.jpg","datePublished":"2018-11-01T16:24:44+00:00","breadcrumb":{"@id":"https:\/\/www.meydan.tv\/az\/article\/erkin-qedirli-gurcu-ve-ermeniler-bizi-hemise-ozlerinden-asagi-sayacaqlar\/#breadcrumb"},"inLanguage":"az","potentialAction":[{"@type":"ReadAction","target":["https:\/\/www.meydan.tv\/az\/article\/erkin-qedirli-gurcu-ve-ermeniler-bizi-hemise-ozlerinden-asagi-sayacaqlar\/"]}]},{"@type":"ImageObject","inLanguage":"az","@id":"https:\/\/www.meydan.tv\/az\/article\/erkin-qedirli-gurcu-ve-ermeniler-bizi-hemise-ozlerinden-asagi-sayacaqlar\/#primaryimage","url":"https:\/\/www.meydan.tv\/wp-content\/uploads\/22145.jpg","contentUrl":"https:\/\/www.meydan.tv\/wp-content\/uploads\/22145.jpg","width":718,"height":479,"caption":"Source:"},{"@type":"BreadcrumbList","@id":"https:\/\/www.meydan.tv\/az\/article\/erkin-qedirli-gurcu-ve-ermeniler-bizi-hemise-ozlerinden-asagi-sayacaqlar\/#breadcrumb","itemListElement":[{"@type":"ListItem","position":1,"name":"Ana s\u0259hif\u0259","item":"https:\/\/www.meydan.tv\/az\/"},{"@type":"ListItem","position":2,"name":"Analitika","item":"https:\/\/www.meydan.tv\/az\/section\/analitika\/"},{"@type":"ListItem","position":3,"name":"Erkin Q\u0259dirli: G\u00fcrc\u00fc v\u0259 erm\u0259nil\u0259r bizi h\u0259mi\u015f\u0259 \u00f6zl\u0259rind\u0259n a\u015fa\u011f\u0131 sayacaqlar"}]},{"@type":"WebSite","@id":"https:\/\/www.meydan.tv\/az\/#website","url":"https:\/\/www.meydan.tv\/az\/","name":"MEYDAN.TV","description":"Meydan TV Az\u0259rbaycan\u0131n media m\u0259kan\u0131ndak\u0131 alternativ s\u0259sidir","publisher":{"@id":"https:\/\/www.meydan.tv\/az\/#organization"},"potentialAction":[{"@type":"SearchAction","target":{"@type":"EntryPoint","urlTemplate":"https:\/\/www.meydan.tv\/az\/?s={search_term_string}"},"query-input":{"@type":"PropertyValueSpecification","valueRequired":true,"valueName":"search_term_string"}}],"inLanguage":"az"},{"@type":"Organization","@id":"https:\/\/www.meydan.tv\/az\/#organization","name":"Meydan TV","url":"https:\/\/www.meydan.tv\/az\/","logo":{"@type":"ImageObject","inLanguage":"az","@id":"https:\/\/www.meydan.tv\/az\/#\/schema\/logo\/image\/","url":"https:\/\/www.meydan.tv\/wp-content\/uploads\/2021\/07\/meydan-logo.svg","contentUrl":"https:\/\/www.meydan.tv\/wp-content\/uploads\/2021\/07\/meydan-logo.svg","width":195,"height":46,"caption":"Meydan TV"},"image":{"@id":"https:\/\/www.meydan.tv\/az\/#\/schema\/logo\/image\/"}},{"@type":"Person","@id":"https:\/\/www.meydan.tv\/az\/#\/schema\/person\/10d11eccf6da3662cf5fdab9806ea91a","name":"user-manager"}]}},"_links":{"self":[{"href":"https:\/\/www.meydan.tv\/az\/wp-json\/wp\/v2\/posts\/192381","targetHints":{"allow":["GET"]}}],"collection":[{"href":"https:\/\/www.meydan.tv\/az\/wp-json\/wp\/v2\/posts"}],"about":[{"href":"https:\/\/www.meydan.tv\/az\/wp-json\/wp\/v2\/types\/post"}],"author":[{"embeddable":true,"href":"https:\/\/www.meydan.tv\/az\/wp-json\/wp\/v2\/users\/11"}],"replies":[{"embeddable":true,"href":"https:\/\/www.meydan.tv\/az\/wp-json\/wp\/v2\/comments?post=192381"}],"version-history":[{"count":0,"href":"https:\/\/www.meydan.tv\/az\/wp-json\/wp\/v2\/posts\/192381\/revisions"}],"wp:featuredmedia":[{"embeddable":true,"href":"https:\/\/www.meydan.tv\/az\/wp-json\/wp\/v2\/media\/58388"}],"wp:attachment":[{"href":"https:\/\/www.meydan.tv\/az\/wp-json\/wp\/v2\/media?parent=192381"}],"wp:term":[{"taxonomy":"category","embeddable":true,"href":"https:\/\/www.meydan.tv\/az\/wp-json\/wp\/v2\/categories?post=192381"},{"taxonomy":"post_tag","embeddable":true,"href":"https:\/\/www.meydan.tv\/az\/wp-json\/wp\/v2\/tags?post=192381"}],"curies":[{"name":"wp","href":"https:\/\/api.w.org\/{rel}","templated":true}]}}