{"id":192332,"date":"2018-10-29T18:58:39","date_gmt":"2018-10-29T18:58:39","guid":{"rendered":"https:\/\/www.meydan.tv\/article\/musteqil-huquqsunaslara-niye-tezyiq-edilir\/"},"modified":"2018-10-29T18:58:39","modified_gmt":"2018-10-29T18:58:39","slug":"musteqil-huquqsunaslara-niye-tezyiq-edilir","status":"publish","type":"post","link":"https:\/\/www.meydan.tv\/az\/article\/musteqil-huquqsunaslara-niye-tezyiq-edilir\/","title":{"rendered":"M\u00fcst\u0259qil h\u00fcquq\u015f\u00fcnaslara niy\u0259 t\u0259zyiq edilir?"},"content":{"rendered":"<figure class=\"wp-block-image size-large\">\n  <img decoding=\"async\" src=\"https:\/\/www.meydan.tv\/az\/111740\/\" alt=\"\" class=\"wp-image-111740\"\/><figcaption><\/figcaption><\/figure>\n<p>\n  <i><br \/>\n    M\u0259qs\u0259d Avropa M\u0259hk\u0259m\u0259sin\u0259 ged\u0259n \u015fikay\u0259tl\u0259rin qar\u015f\u0131s\u0131n\u0131 almaqd\u0131r<br \/>\n  <\/i>\n<\/p>\n<p>\n  Son g\u00fcnl\u0259r h\u00f6kum\u0259t m\u00fcst\u0259qil h\u00fcquq\u015f\u00fcnaslara qar\u015f\u0131 t\u0259qibl\u0259rin yeni m\u0259rh\u0259l\u0259sin\u0259 start verib.\n<\/p>\n<p>\n  T\u0259qibl\u0259rin birinci m\u0259rh\u0259l\u0259sind\u0259 Milli M\u0259clis m\u0259hk\u0259m\u0259l\u0259rd\u0259 n\u00fcmay\u0259nd\u0259 qismind\u0259 \u00e7\u0131x\u0131\u015f ed\u0259n h\u00fcquq\u015f\u00fcnaslar\u0131n \u00e7\u0131x\u0131\u015f\u0131n\u0131 qada\u011fa ed\u0259n qanun q\u0259bul etdi. Qanunun q\u0259bulundan \u00f6nc\u0259 h\u00f6kum\u0259tin n\u00fcmay\u0259nd\u0259 qismind\u0259 i\u015ftirak ed\u0259n h\u00fcquq\u015f\u00fcnaslara t\u0259sir imkanlar\u0131 yox idi. S\u0259rb\u0259st h\u00fcquq\u015f\u00fcnaslar v\u0259t\u0259nda\u015flar\u0131n icra orqanlar\u0131na, b\u0259l\u0259diyy\u0259l\u0259r\u0259, polis\u0259 qar\u015f\u0131 iddialar\u0131na h\u00fcquqi yard\u0131m g\u00f6st\u0259rirdil\u0259r.\n<\/p>\n<p>\n  H\u00fcquq\u015f\u00fcnaslar m\u0259hk\u0259m\u0259 prosesl\u0259rind\u0259 uduzurdularsa, i\u015fl\u0259ri Avropa M\u0259hk\u0259m\u0259sin\u0259 g\u00f6nd\u0259rirdil\u0259r. Avropa M\u0259hk\u0259m\u0259sin\u0259 \u015fikay\u0259t t\u0259rtib ed\u0259n h\u00fcquq\u015f\u00fcnaslar\u0131n s\u0131ras\u0131nda v\u0259kil olmayanlar daha \u00e7ox idi. H\u00f6kum\u0259t h\u00fcquq\u015f\u00fcnaslar\u0131n proses\u0259 \u00e7\u0131xmas\u0131n\u0131 qada\u011fan ed\u0259n qanun q\u0259bul etm\u0259kl\u0259 b\u0259rab\u0259r onlar\u0131n V\u0259kill\u0259r Kollegiyas\u0131na q\u0259bulunun da qar\u015f\u0131s\u0131n\u0131 k\u0259sdi. M\u00fcst\u0259qil h\u00fcquq\u015f\u00fcnaslar burada m\u0259qs\u0259din Avropa M\u0259hk\u0259m\u0259sin\u0259 g\u00f6nd\u0259ril\u0259n \u015fikay\u0259tl\u0259rin qar\u015f\u0131s\u0131n\u0131 almaq s\u0259ciyy\u0259si da\u015f\u0131d\u0131\u011f\u0131n\u0131 d\u00fc\u015f\u00fcn\u00fcr. Haz\u0131rda y\u00fczl\u0259rl\u0259 i\u015f kommunikasiya m\u0259rh\u0259l\u0259sind\u0259 oldu\u011fundan h\u00f6kum\u0259tin narahatl\u0131\u011f\u0131 v\u0259 bu istiqam\u0259td\u0259ki add\u0131mlar\u0131 anla\u015f\u0131land\u0131r.\n<\/p>\n<p>\n  Son statistikaya g\u00f6r\u0259 Avropa Konvensiyas\u0131n\u0131n 18-ci madd\u0259sinin pozuntusu il\u0259 ba\u011fl\u0131 q\u0259bul olunmu\u015f q\u0259rarlar\u0131n \u00fc\u00e7d\u0259 ikisi Az\u0259rbaycan\u0131n pay\u0131na d\u00fc\u015f\u00fcr. Konkret olaraq, Az\u0259rbaycan haqda 18-ci madd\u0259yl\u0259 ba\u011fl\u0131 10-dan \u00e7ox q\u0259rar q\u0259bul olunub. Ancaq h\u00f6kum\u0259t m\u0259hk\u0259m\u0259 sistemind\u0259 islahat apar\u0131b Avropa M\u0259hk\u0259m\u0259sin\u0259 \u015fikay\u0259tl\u0259rin qar\u015f\u0131s\u0131n\u0131 almaq \u0259v\u0259zin\u0259 s\u0259n\u0259dl\u0259ri t\u0259rtib ed\u0259n h\u00fcquq\u015f\u00fcnaslar\u0131n v\u0259 v\u0259kill\u0259rin t\u0259qibinin yeni m\u0259rh\u0259l\u0259sin\u0259 ba\u015flay\u0131b.\n<\/p>\n<p>\n  M\u0259s\u0259l\u0259n, Az\u0259rbaycan\u0131n Avropa M\u0259hk\u0259m\u0259sind\u0259ki n\u00fcmay\u0259nd\u0259liyi kommunikasiyas\u0131 ba\u015flam\u0131\u015f yeni i\u015fl\u0259r \u00fczr\u0259 quruma m\u00fcraci\u0259t edib ki, i\u015fl\u0259ri haz\u0131rlayan h\u00fcquq\u015f\u00fcnaslar prosesl\u0259rd\u0259 t\u0259r\u0259f kimi i\u015ftirak ed\u0259 bilm\u0259zl\u0259r. N\u00fcmay\u0259nd\u0259lik Avropa M\u0259hk\u0259m\u0259sinin reqlamentind\u0259ki 36-c\u0131 madd\u0259y\u0259 istinad edir. Halbuki, h\u0259min h\u00fcquq\u015f\u00fcnaslar 10 ildir Avropa M\u0259hk\u0259m\u0259si il\u0259 i\u015fl\u0259yirl\u0259r. H\u00fcquq\u015f\u00fcnaslar hesab edir ki, indi bu m\u0259s\u0259l\u0259nin qabard\u0131lmas\u0131 kampaniya xarakteri da\u015f\u0131d\u0131\u011f\u0131n\u0131 dem\u0259y\u0259 \u0259sas verir.\n<\/p>\n<p>\n  \u00dcmumiyy\u0259tl\u0259, h\u00f6kum\u0259t \u0259vv\u0259ll\u0259r d\u0259 b\u0259zi h\u00fcquq\u015f\u00fcnaslar\u0131n n\u00fcmay\u0259nd\u0259 kimi i\u015ftirak\u0131n\u0131n qar\u015f\u0131s\u0131n\u0131 almaq y\u00f6n\u00fcnd\u0259 c\u0259hd edirdi. S\u00f6hb\u0259t konkret olaraq h\u00fcquq\u015f\u00fcnas \u0130ntiqam \u018fliyevd\u0259n gedir. Onunla ba\u011fl\u0131 h\u0259tta 7-8 il \u0259vv\u0259l Avropa M\u0259hk\u0259m\u0259sin\u0259 m\u00fcraci\u0259t d\u0259 olmu\u015fdu. S\u0259b\u0259b kimi \u0130ntiqam \u018fliyevin V\u0259kill\u0259r Kollegiyas\u0131n\u0131n \u00fczv\u00fc olmad\u0131\u011f\u0131n\u0131 g\u00f6st\u0259rmi\u015fdil\u0259r. Ancaq Avropa M\u0259hk\u0259m\u0259si m\u00fcraci\u0259t\u0259 reaksiya verm\u0259di.\n<\/p>\n<p>\n  G\u00f6r\u00fcn\u00fcr, h\u00f6kum\u0259t haz\u0131rda daha sistemli t\u0259qib mexanizmin\u0259 ke\u00e7ib. Bel\u0259 ki, 10 g\u00fcn \u0259vv\u0259l V\u0259kill\u0259r Kollegiyas\u0131n\u0131n s\u0259dri Anar Ba\u011f\u0131rov Bak\u0131da ke\u00e7iril\u0259n beyn\u0259lxalq t\u0259dbird\u0259 bu m\u0259s\u0259l\u0259ni yend\u0259n qald\u0131rd\u0131. O dedi ki, Avropa M\u0259hk\u0259m\u0259si qaydalar\u0131 pozur, kollegiyaya \u00fczv olmayan \u015f\u0259xsl\u0259r \u015fikay\u0259t\u00e7i t\u0259r\u0259fin n\u00fcmay\u0259nd\u0259si olurlar.\n<\/p>\n<p>\n  M\u0259s\u0259l\u0259 ondad\u0131r ki, bu c\u00fcr \u015fikay\u0259tl\u0259rd\u0259 iki t\u0259r\u0259f var: \u0259riz\u0259\u00e7i v\u0259 h\u00f6kum\u0259t. \u0130kincinin n\u00fcmay\u0259nd\u0259si \u00c7ingiz \u018fsg\u0259rovdur, amma o da V\u0259kill\u0259r Kollegiyas\u0131n\u0131n \u00fczv\u00fc deyil.\n<\/p>\n<p>\n  Nec\u0259 ola bil\u0259r ki, bir t\u0259r\u0259fin n\u00fcmay\u0259nd\u0259sinin ancaq V\u0259kill\u0259r Kollegiyas\u0131n\u0131n \u00fczv\u00fc olmas\u0131 t\u0259l\u0259b olunsun, dig\u0259r t\u0259r\u0259fd\u0259 is\u0259 h\u00fcquq\u015f\u00fcnas olmas\u0131 kifay\u0259tdir, bu, ziddiyy\u0259tlidir.\n<\/p>\n<p>\n  \u0130kinci, Avropa M\u0259hk\u0259m\u0259sinin \u0259sas g\u0259tirildiyi reqlamentind\u0259 deyilir ki, Palata s\u0259dri n\u00fcmay\u0259nd\u0259 bar\u0259d\u0259 ayr\u0131 q\u0259rar q\u0259bul etmirs\u0259, dem\u0259li, yaln\u0131z kollegiyan\u0131n \u00fczv\u00fc i\u015ftirak ed\u0259 bil\u0259r. \u018fg\u0259r n\u00fcmay\u0259nd\u0259 kollegiyan\u0131n \u00fczv\u00fc deyils\u0259, lakin i\u015f icraata q\u0259bul olunur v\u0259 icraata ba\u015flan\u0131rsa, bu, o dem\u0259kdir ki, Palatan\u0131n s\u0259dri h\u0259min halla raz\u0131la\u015f\u0131b.\n<\/p>\n<p>\n  H\u00f6kum\u0259t Avropa M\u0259hk\u0259m\u0259sin\u0259 art\u0131q bir ne\u00e7\u0259 i\u015f \u00fczr\u0259 m\u00fcraci\u0259t g\u00f6nd\u0259rib. Ancaq Avropa M\u0259hk\u0259m\u0259sinin h\u00f6kum\u0259tin \u201ctoru\u201dna d\u00fc\u015fm\u0259si inand\u0131r\u0131c\u0131 deyil.\n<\/p>\n<p>\n  H\u00f6kum\u0259tin Avropa M\u0259hk\u0259m\u0259sin\u0259 \u015fikay\u0259tl\u0259r haz\u0131rlayan, x\u00fcsusil\u0259 siyasi i\u015fl\u0259r \u00fczr\u0259 \u015fikay\u0259tl\u0259ri yazan v\u0259kil v\u0259 n\u00fcmay\u0259nd\u0259l\u0259r\u0259 qar\u015f\u0131 qeyd etdiyimiz t\u0259qib kampaniyas\u0131 ictimaiyy\u0259tin yadda\u015f\u0131nda iz burax\u0131b. Avropa M\u0259hk\u0259m\u0259si il\u0259 f\u0259al i\u015fl\u0259y\u0259nl\u0259r kollegiyadan \u00e7\u0131xar\u0131l\u0131r, m\u0259s\u0259l\u0259n, Xalid Ba\u011f\u0131rov, Yal\u00e7\u0131n \u0130manov, \u0130rad\u0259 Cavadova, \u018flayif H\u0259s\u0259nov, El\u00e7in Namazov. F\u0259xr\u0259ddin Mehdiyevin, \u018fsab\u0259li Mustafayevin, Nem\u0259t K\u0259rimlinin f\u0259aliyy\u0259ti is\u0259 dayand\u0131r\u0131l\u0131b.\n<\/p>\n<p>\n  Bundan \u0259lav\u0259, b\u0259zi h\u00fcquq\u015f\u00fcnaslar\u0131n kollegiyan\u0131n \u015fifahi m\u00fcsahib\u0259sind\u0259n burax\u0131lmamas\u0131 t\u0259qib siyas\u0259tinin t\u0259rkib hiss\u0259sidir. H\u00f6kum\u0259t ist\u0259yir ki, Avropa M\u0259hk\u0259m\u0259sin\u0259 \u015fikay\u0259tl\u0259ri yaln\u0131z kollegiya \u00fczvl\u0259ri g\u00f6nd\u0259rsin, sonra bu i\u015fi g\u00f6r\u0259nl\u0259ri d\u0259 n\u0259zar\u0259t\u0259 g\u00f6t\u00fcr\u00fcb onlara qada\u011fa qoysunlar.\n<\/p>\n<p>\n  Art\u0131q kollegiya r\u0259hb\u0259rliyinin bir s\u0131ra v\u0259kill\u0259r\u0259 Avropa M\u0259hk\u0259m\u0259sin\u0259 he\u00e7 bir \u015fikay\u0259t yazmamas\u0131 il\u0259 ba\u011fl\u0131 t\u0259zyiq g\u00f6st\u0259rm\u0259si bar\u0259d\u0259 m\u0259lumatlar yay\u0131l\u0131r. Bu yax\u0131nlarda Avropa \u0130ttifaq\u0131n\u0131n v\u0259 Avropa \u015euras\u0131n\u0131n layih\u0259si \u0259sas\u0131nda Bak\u0131da v\u0259kill\u0259r \u00fc\u00e7\u00fcn Avropa M\u0259hk\u0259m\u0259sin\u0259 \u015fikay\u0259tl\u0259rin t\u0259rtibi il\u0259 ba\u011fl\u0131 t\u0259liml\u0259r ke\u00e7irirdil\u0259r. Ad\u0259t\u0259n bu c\u00fcr t\u0259liml\u0259r g\u00f6r\u00fcnt\u00fc v\u0259 qrantlar\u0131n silinm\u0259sind\u0259n ba\u015fqa bir \u015fey deyil. \u00c7\u00fcnki n\u0259tic\u0259 yoxdur. Bel\u0259 ki, h\u0259min t\u0259liml\u0259rd\u0259 bir ne\u00e7\u0259 il \u0259vv\u0259l d\u0259 i\u015ftirak etmi\u015f v\u0259kill\u0259rin Avropa M\u0259hk\u0259m\u0259sin\u0259 h\u0259r hans\u0131 \u015fikay\u0259t g\u00f6nd\u0259rm\u0259si il\u0259 ba\u011fl\u0131 m\u0259lumatlar yoxdur.\n<\/p>\n<p>\n  H\u00f6kum\u0259tin Avropa M\u0259hk\u0259m\u0259si il\u0259 i\u015fl\u0259y\u0259n h\u00fcquq\u015f\u00fcnaslar v\u0259 v\u0259kill\u0259r\u0259 \u0259n b\u00f6y\u00fck t\u0259sir mexanizmind\u0259n biri d\u0259 kompensasiyalar\u0131n \u00f6d\u0259nilm\u0259m\u0259si il\u0259 ba\u011fl\u0131d\u0131r. 2016-c\u0131 ild\u0259n ba\u015flayaraq siyasi i\u015fl\u0259rl\u0259 ba\u011fl\u0131 q\u0259rarlar\u0131n \u0259sas\u0131nda verilm\u0259li olan kompensasiyalar n\u0259 \u0259riz\u0259\u00e7il\u0259r\u0259, n\u0259 d\u0259 onlar\u0131n n\u00fcmay\u0259nd\u0259l\u0259rin\u0259 \u00f6d\u0259nilirdi. 2017-ci ild\u0259 \u00f6d\u0259ni\u015f qism\u0259n olsa da, yenid\u0259n dayand\u0131r\u0131ld\u0131, bu yax\u0131nlarda bir ne\u00e7\u0259 n\u0259f\u0259r\u0259 az miqdarda \u00f6d\u0259nm\u0259 oldu\u011fu deyilir.\n<\/p>\n<p>\n  H\u00f6kum\u0259t bu m\u0259s\u0259l\u0259d\u0259 yeni taktikaya \u0259l at\u0131r. H\u0259min i\u015fl\u0259rd\u0259 n\u00fcmay\u0259nd\u0259 olmu\u015f v\u0259kill\u0259r\u0259 v\u0259 h\u00fcquq\u015f\u00fcnaslara \u00f6d\u0259ni\u015f edilmir. Y\u0259ni \u0259riz\u0259\u00e7il\u0259r\u0259 kompensasiya \u00f6d\u0259nils\u0259 d\u0259, h\u00fcquq\u015f\u00fcnaslara \u00f6d\u0259nilmir. H\u0259tta ox\u015far m\u00fcnasib\u0259t m\u00fclki i\u015fl\u0259rd\u0259 d\u0259 g\u00f6st\u0259rilir, y\u0259ni m\u00fclki i\u015fl\u0259rl\u0259 ba\u011fl\u0131 h\u0259min v\u0259kill\u0259rin maliyy\u0259 v\u0259saitl\u0259rini \u00f6d\u0259mir. Bununla da, h\u00f6kum\u0259t onlar\u0131n maliyy\u0259 m\u0259nb\u0259yini k\u0259sm\u0259kl\u0259 yeni i\u015fl\u0259r\u0259 \u00e7\u0131xmalar\u0131na mane\u00e7ilik yarad\u0131r. Praktika b\u0259zi v\u0259kill\u0259rin yeni kommunikasiya i\u015fl\u0259rini aparma\u011fa, yaxud siyasi f\u0259allar\u0131n iddialar\u0131n\u0131 ger\u00e7\u0259kl\u0259\u015fdirm\u0259y\u0259 maliyy\u0259 imkanlar\u0131n\u0131n olmad\u0131\u011f\u0131n\u0131 g\u00f6st\u0259rir.\n<\/p>\n<p>\n  Ona g\u00f6r\u0259 d\u0259 ekspertl\u0259r hesab edir ki, ictimaiyy\u0259t bu m\u0259s\u0259l\u0259d\u0259 \u00f6z s\u00f6z\u00fcn\u00fc dem\u0259s\u0259, siyasi f\u0259allar d\u0259st\u0259ksiz qala bil\u0259rl\u0259r.\n<\/p>\n<p>\n  Bug\u00fcnl\u0259rd\u0259 t\u0259kba\u015f\u0131na D\u0130N qar\u015f\u0131s\u0131nda Qaraba\u011f\u0131n azad olunmas\u0131 il\u0259 ba\u011fl\u0131 aksiya ke\u00e7irdiyi \u00fc\u00e7\u00fcn 10 sutka inzibati c\u0259za al\u0131b, sonra burax\u0131lan \u018fziz Q\u0259hr\u0259manov maddi imkan\u0131 olmad\u0131\u011f\u0131 \u00fc\u00e7\u00fcn v\u0259kil xidm\u0259tind\u0259n istifad\u0259 ed\u0259 bilm\u0259di. Qohumlar\u0131n\u0131n m\u00fcraci\u0259t etdiyi v\u0259kilin is\u0259 order almaq \u00fc\u00e7\u00fcn pulu olmay\u0131bm\u0131\u015f. Bu fakt t\u0259hl\u00fck\u0259li m\u0259rh\u0259l\u0259nin ba\u015fland\u0131\u011f\u0131n\u0131 g\u00f6st\u0259rir. \u018fg\u0259r \u0259vv\u0259ll\u0259r rayonlarda h\u0259bs olunan siyasi f\u0259allar\u0131n m\u00fcdafi\u0259sind\u0259 maliyy\u0259 v\u0259 t\u0259\u015fkilati \u00e7\u0259tinlik yaran\u0131rd\u0131sa, indi h\u0259min v\u0259ziyy\u0259t Bak\u0131da t\u0259krarlan\u0131r.\n<\/p>\n<p>\n  \u00d6t\u0259n ilin noyabr\u0131nda V\u0259kill\u0259r Kollegiyas\u0131ndan xaric edil\u0259n Yal\u00e7\u0131n \u0130manov hesab edir ki, haz\u0131rk\u0131 durumda h\u00fcquq\u015f\u00fcnaslar v\u0259 v\u0259kill\u0259r \u00fc\u00e7\u00fcn \u0259n a\u011f\u0131r m\u0259s\u0259l\u0259 m\u00fcst\u0259qil m\u0259hk\u0259m\u0259 sisteminin olmamas\u0131d\u0131r. V\u0259kil, h\u00fcquq\u015f\u00fcnas q\u0259bul etdiyi m\u00fc\u015ft\u0259rinin i\u015fini, h\u0259tta bu i\u015f qanuni \u0259sasl\u0131 olsa da, qanuni q\u0259rar\u0131n q\u0259buluna dair t\u0259minat ver\u0259 bilmir. Bu, m\u0259hk\u0259m\u0259 sisteminin m\u00fcst\u0259qil olmamas\u0131, yaxud siyasi hakimiyy\u0259td\u0259n, dig\u0259r m\u0259s\u0259l\u0259l\u0259rd\u0259n as\u0131l\u0131 olmas\u0131d\u0131r:\n<\/p>\n<p>\n  \u201cH\u0259tta m\u00fclki i\u015fl\u0259rd\u0259 bel\u0259 \u0259dal\u0259tli q\u0259rarlar\u0131n \u00e7\u0131xar\u0131lmas\u0131 m\u00fcmk\u00fcn olmur, ya da \u015f\u0259xs d\u00f6vl\u0259tin himay\u0259sind\u0259 olduqda, m\u0259hk\u0259m\u0259y\u0259 t\u0259sir etm\u0259k imkan\u0131 olur. Bu halda qanuni q\u0259rar\u0131n q\u0259bulundan s\u00f6hb\u0259t ged\u0259 bilm\u0259z. Yaln\u0131z mahiyy\u0259tc\u0259 kimins\u0259 maraqlar\u0131na toxunulmayan i\u015fl\u0259rd\u0259 \u0259dal\u0259tli q\u0259rar \u00e7\u0131xar\u0131l\u0131r. M\u0259s\u0259l\u0259n, nikah\u0131n pozulmas\u0131, aliment m\u0259s\u0259l\u0259si v\u0259 s. Amma m\u00fcbahis\u0259li i\u015fl\u0259rd\u0259 \u0259dal\u0259tli q\u0259rarlar olmur. Siyasi i\u015fl\u0259rd\u0259 is\u0259 istintaq orqan\u0131n\u0131n g\u0259ldiyi n\u0259tic\u0259 m\u0259hk\u0259m\u0259d\u0259 notarial qaydada t\u0259sdiql\u0259nir. \u0130kinci d\u00fc\u015f\u00fcnd\u00fcr\u00fcc\u00fc m\u0259s\u0259l\u0259 m\u00fcst\u0259qil v\u0259 pe\u015f\u0259kar v\u0259kil qurumunun olmamas\u0131d\u0131r. V\u0259kill\u0259r Kollegiyas\u0131 b\u00fct\u00fcn v\u0259kill\u0259rin yegan\u0259 t\u0259msil olundu\u011fu orqand\u0131r. Yeni qanunvericiliy\u0259 g\u00f6r\u0259 v\u0259kill\u0259rin alternativ pe\u015f\u0259 orqan\u0131 ola bilm\u0259z. Son ill\u0259r v\u0259kill\u0259rin k\u00fctl\u0259vi \u015f\u0259kild\u0259 v\u0259 m\u00fct\u0259madi olaraq kollegiyan\u0131n vasit\u0259sil\u0259 c\u0259zaland\u0131r\u0131lmas\u0131 bu qurumun t\u0259hkim\u00e7i orqan oldu\u011funu t\u0259sdiql\u0259yir. Bel\u0259 olan halda m\u00fcst\u0259qil v\u0259 pe\u015f\u0259kar f\u0259aliyy\u0259td\u0259n s\u00f6hb\u0259t ged\u0259 bilm\u0259z. \u00c7\u00fcnki ortada olan faktlar bu c\u00fcr v\u0259kill\u0259rin c\u0259zaland\u0131r\u0131ld\u0131\u011f\u0131n\u0131 g\u00f6st\u0259rir\u201d.\n<\/p>\n<p>\n  Yaln\u0131z \u0130manov xat\u0131rlad\u0131b ki, 2017-ci ilin dekabr\u0131nda V\u0259kill\u0259r Kollegiyas\u0131n\u0131n Davran\u0131\u015f Kodeksi q\u0259bul edilib: \u201cBu s\u0259n\u0259d tamamil\u0259 m\u00fcrt\u0259ce \u0259sasnam\u0259ydi. M\u0259qs\u0259d m\u00fcst\u0259qil v\u0259 bu iddiada olan v\u0259kill\u0259ri ist\u0259nil\u0259n an c\u0259zaland\u0131rmaq idi\u201d.\n<\/p>\n<p>\n  Yal\u00e7\u0131n \u0130manovu n\u00f6vb\u0259ti narahat ed\u0259n m\u0259s\u0259l\u0259nin \u00f6lk\u0259d\u0259 h\u00fcquqi d\u00fc\u015f\u00fcnc\u0259nin kifay\u0259t q\u0259d\u0259r olmamas\u0131d\u0131r:\n<\/p>\n<p>\n  \u201c\u00d6lk\u0259 \u0259halisinin h\u00fcquqi d\u00fc\u015f\u00fcnc\u0259sinin yet\u0259rli olmamas\u0131n\u0131n tarixi-sosioloji \u0259saslar\u0131 var. Amma ortal\u0131qdak\u0131 fakt ondan ibar\u0259tdir ki, insanlar\u0131n h\u00fcquqi d\u00fc\u015f\u00fcnc\u0259si yet\u0259rli deyil. Bu is\u0259 h\u00fcquq\u015f\u00fcnaslar\u0131n v\u0259 v\u0259kill\u0259rin f\u0259aliyy\u0259tind\u0259 ciddi probleml\u0259r yarad\u0131r. H\u0259tta ilkin h\u00fcquqi anlay\u0131\u015flar\u0131n tam anla\u015f\u0131lmams\u0131, v\u0259kilin funksiyas\u0131 il\u0259 hakimin, prokurorun funksiyas\u0131n\u0131n d\u0259yi\u015fik sal\u0131nmas\u0131 h\u00fcquqi d\u00fc\u015f\u00fcnc\u0259nin kifay\u0259t q\u0259d\u0259r olmamas\u0131ndan ir\u0259li g\u0259lir\u201d.\n<\/p>\n<p>\n  Onun h\u0259mkar\u0131 Samira A\u011fayeva da m\u00fcst\u0259qil m\u0259hk\u0259m\u0259 v\u0259 h\u00fcquq siseminin olmamas\u0131n\u0131 x\u00fcsusil\u0259 vur\u011fulay\u0131r:\n<\/p>\n<p>\n  \u201cQanunlar\u0131n d\u00fczg\u00fcn t\u0259tbiq olunmamas\u0131 da biz\u0259 problem yarad\u0131r. \u018fn \u0259sas\u0131 m\u0259hk\u0259m\u0259 sisteminin icra hakimiyy\u0259tind\u0259n as\u0131l\u0131l\u0131\u011f\u0131d\u0131r. V\u0259kill\u0259r bel\u0259 halda m\u00fcdafi\u0259 h\u00fcququnu tam \u015f\u0259kild\u0259 h\u0259yata ke\u00e7ir\u0259 bilmirl\u0259r\u201d.\n<\/p>\n<p>\n  Samira A\u011fayev\u0259 deyir ki, h\u00f6kum\u0259t Avropa M\u0259hk\u0259m\u0259sin\u0259 \u015fikay\u0259tl\u0259rin g\u00f6nd\u0259rilm\u0259sin\u0259 mane olma\u011fa \u00e7al\u0131\u015f\u0131r. Bu, konkret olaraq po\u00e7t vasit\u0259sil\u0259 edilir.<\/p>\n","protected":false},"excerpt":{"rendered":"<p>M\u0259qs\u0259d Avropa M\u0259hk\u0259m\u0259sin\u0259 ged\u0259n \u015fikay\u0259tl\u0259rin qar\u015f\u0131s\u0131n\u0131 almaqd\u0131r<\/p>\n","protected":false},"author":11,"featured_media":111740,"comment_status":"closed","ping_status":"open","sticky":false,"template":"","format":"standard","meta":{"_acf_changed":false,"_sitemap_exclude":false,"_sitemap_priority":"","_sitemap_frequency":"","footnotes":""},"categories":[51],"tags":[],"class_list":["post-192332","post","type-post","status-publish","format-standard","has-post-thumbnail","hentry","category-analitika","infinite-scroll-item","generate-columns","tablet-grid-50","mobile-grid-100","grid-parent","grid-33","no-featured-image-padding"],"acf":[],"yoast_head":"<!-- This site is optimized with the Yoast SEO plugin v27.4 - https:\/\/yoast.com\/product\/yoast-seo-wordpress\/ -->\n<title>M\u00fcst\u0259qil h\u00fcquq\u015f\u00fcnaslara niy\u0259 t\u0259zyiq edilir? - MEYDAN.TV<\/title>\n<meta name=\"robots\" content=\"index, follow, max-snippet:-1, max-image-preview:large, max-video-preview:-1\" \/>\n<link rel=\"canonical\" href=\"https:\/\/www.meydan.tv\/az\/article\/musteqil-huquqsunaslara-niye-tezyiq-edilir\/\" \/>\n<meta property=\"og:locale\" content=\"az_AZ\" \/>\n<meta property=\"og:type\" content=\"article\" \/>\n<meta property=\"og:title\" content=\"M\u00fcst\u0259qil h\u00fcquq\u015f\u00fcnaslara niy\u0259 t\u0259zyiq edilir? - MEYDAN.TV\" \/>\n<meta property=\"og:description\" content=\"M\u0259qs\u0259d Avropa M\u0259hk\u0259m\u0259sin\u0259 ged\u0259n \u015fikay\u0259tl\u0259rin qar\u015f\u0131s\u0131n\u0131 almaqd\u0131r\" \/>\n<meta property=\"og:url\" content=\"https:\/\/www.meydan.tv\/az\/article\/musteqil-huquqsunaslara-niye-tezyiq-edilir\/\" \/>\n<meta property=\"og:site_name\" content=\"MEYDAN.TV\" \/>\n<meta property=\"article:published_time\" content=\"2018-10-29T18:58:39+00:00\" \/>\n<meta property=\"og:image\" content=\"https:\/\/www.meydan.tv\/wp-content\/uploads\/44458.jpg\" \/>\n\t<meta property=\"og:image:width\" content=\"1140\" \/>\n\t<meta property=\"og:image:height\" content=\"500\" \/>\n\t<meta property=\"og:image:type\" content=\"image\/jpeg\" \/>\n<meta name=\"author\" content=\"user-manager\" \/>\n<meta name=\"twitter:card\" content=\"summary_large_image\" \/>\n<script type=\"application\/ld+json\" class=\"yoast-schema-graph\">{\"@context\":\"https:\\\/\\\/schema.org\",\"@graph\":[{\"@type\":\"Article\",\"@id\":\"https:\\\/\\\/www.meydan.tv\\\/az\\\/article\\\/musteqil-huquqsunaslara-niye-tezyiq-edilir\\\/#article\",\"isPartOf\":{\"@id\":\"https:\\\/\\\/www.meydan.tv\\\/az\\\/article\\\/musteqil-huquqsunaslara-niye-tezyiq-edilir\\\/\"},\"author\":{\"name\":\"user-manager\",\"@id\":\"https:\\\/\\\/www.meydan.tv\\\/az\\\/#\\\/schema\\\/person\\\/10d11eccf6da3662cf5fdab9806ea91a\"},\"headline\":\"M\u00fcst\u0259qil h\u00fcquq\u015f\u00fcnaslara niy\u0259 t\u0259zyiq edilir?\",\"datePublished\":\"2018-10-29T18:58:39+00:00\",\"mainEntityOfPage\":{\"@id\":\"https:\\\/\\\/www.meydan.tv\\\/az\\\/article\\\/musteqil-huquqsunaslara-niye-tezyiq-edilir\\\/\"},\"wordCount\":2181,\"publisher\":{\"@id\":\"https:\\\/\\\/www.meydan.tv\\\/az\\\/#organization\"},\"image\":{\"@id\":\"https:\\\/\\\/www.meydan.tv\\\/az\\\/article\\\/musteqil-huquqsunaslara-niye-tezyiq-edilir\\\/#primaryimage\"},\"thumbnailUrl\":\"https:\\\/\\\/www.meydan.tv\\\/wp-content\\\/uploads\\\/44458.jpg\",\"articleSection\":[\"Analitika\"],\"inLanguage\":\"az\"},{\"@type\":\"WebPage\",\"@id\":\"https:\\\/\\\/www.meydan.tv\\\/az\\\/article\\\/musteqil-huquqsunaslara-niye-tezyiq-edilir\\\/\",\"url\":\"https:\\\/\\\/www.meydan.tv\\\/az\\\/article\\\/musteqil-huquqsunaslara-niye-tezyiq-edilir\\\/\",\"name\":\"M\u00fcst\u0259qil h\u00fcquq\u015f\u00fcnaslara niy\u0259 t\u0259zyiq edilir? - MEYDAN.TV\",\"isPartOf\":{\"@id\":\"https:\\\/\\\/www.meydan.tv\\\/az\\\/#website\"},\"primaryImageOfPage\":{\"@id\":\"https:\\\/\\\/www.meydan.tv\\\/az\\\/article\\\/musteqil-huquqsunaslara-niye-tezyiq-edilir\\\/#primaryimage\"},\"image\":{\"@id\":\"https:\\\/\\\/www.meydan.tv\\\/az\\\/article\\\/musteqil-huquqsunaslara-niye-tezyiq-edilir\\\/#primaryimage\"},\"thumbnailUrl\":\"https:\\\/\\\/www.meydan.tv\\\/wp-content\\\/uploads\\\/44458.jpg\",\"datePublished\":\"2018-10-29T18:58:39+00:00\",\"breadcrumb\":{\"@id\":\"https:\\\/\\\/www.meydan.tv\\\/az\\\/article\\\/musteqil-huquqsunaslara-niye-tezyiq-edilir\\\/#breadcrumb\"},\"inLanguage\":\"az\",\"potentialAction\":[{\"@type\":\"ReadAction\",\"target\":[\"https:\\\/\\\/www.meydan.tv\\\/az\\\/article\\\/musteqil-huquqsunaslara-niye-tezyiq-edilir\\\/\"]}]},{\"@type\":\"ImageObject\",\"inLanguage\":\"az\",\"@id\":\"https:\\\/\\\/www.meydan.tv\\\/az\\\/article\\\/musteqil-huquqsunaslara-niye-tezyiq-edilir\\\/#primaryimage\",\"url\":\"https:\\\/\\\/www.meydan.tv\\\/wp-content\\\/uploads\\\/44458.jpg\",\"contentUrl\":\"https:\\\/\\\/www.meydan.tv\\\/wp-content\\\/uploads\\\/44458.jpg\",\"width\":1140,\"height\":500,\"caption\":\"Source:\"},{\"@type\":\"BreadcrumbList\",\"@id\":\"https:\\\/\\\/www.meydan.tv\\\/az\\\/article\\\/musteqil-huquqsunaslara-niye-tezyiq-edilir\\\/#breadcrumb\",\"itemListElement\":[{\"@type\":\"ListItem\",\"position\":1,\"name\":\"Ana s\u0259hif\u0259\",\"item\":\"https:\\\/\\\/www.meydan.tv\\\/az\\\/\"},{\"@type\":\"ListItem\",\"position\":2,\"name\":\"Analitika\",\"item\":\"https:\\\/\\\/www.meydan.tv\\\/az\\\/section\\\/analitika\\\/\"},{\"@type\":\"ListItem\",\"position\":3,\"name\":\"M\u00fcst\u0259qil h\u00fcquq\u015f\u00fcnaslara niy\u0259 t\u0259zyiq edilir?\"}]},{\"@type\":\"WebSite\",\"@id\":\"https:\\\/\\\/www.meydan.tv\\\/az\\\/#website\",\"url\":\"https:\\\/\\\/www.meydan.tv\\\/az\\\/\",\"name\":\"MEYDAN.TV\",\"description\":\"Meydan TV Az\u0259rbaycan\u0131n media m\u0259kan\u0131ndak\u0131 alternativ s\u0259sidir\",\"publisher\":{\"@id\":\"https:\\\/\\\/www.meydan.tv\\\/az\\\/#organization\"},\"potentialAction\":[{\"@type\":\"SearchAction\",\"target\":{\"@type\":\"EntryPoint\",\"urlTemplate\":\"https:\\\/\\\/www.meydan.tv\\\/az\\\/?s={search_term_string}\"},\"query-input\":{\"@type\":\"PropertyValueSpecification\",\"valueRequired\":true,\"valueName\":\"search_term_string\"}}],\"inLanguage\":\"az\"},{\"@type\":\"Organization\",\"@id\":\"https:\\\/\\\/www.meydan.tv\\\/az\\\/#organization\",\"name\":\"Meydan TV\",\"url\":\"https:\\\/\\\/www.meydan.tv\\\/az\\\/\",\"logo\":{\"@type\":\"ImageObject\",\"inLanguage\":\"az\",\"@id\":\"https:\\\/\\\/www.meydan.tv\\\/az\\\/#\\\/schema\\\/logo\\\/image\\\/\",\"url\":\"https:\\\/\\\/www.meydan.tv\\\/wp-content\\\/uploads\\\/2021\\\/07\\\/meydan-logo.svg\",\"contentUrl\":\"https:\\\/\\\/www.meydan.tv\\\/wp-content\\\/uploads\\\/2021\\\/07\\\/meydan-logo.svg\",\"width\":195,\"height\":46,\"caption\":\"Meydan TV\"},\"image\":{\"@id\":\"https:\\\/\\\/www.meydan.tv\\\/az\\\/#\\\/schema\\\/logo\\\/image\\\/\"}},{\"@type\":\"Person\",\"@id\":\"https:\\\/\\\/www.meydan.tv\\\/az\\\/#\\\/schema\\\/person\\\/10d11eccf6da3662cf5fdab9806ea91a\",\"name\":\"user-manager\"}]}<\/script>\n<!-- \/ Yoast SEO plugin. -->","yoast_head_json":{"title":"M\u00fcst\u0259qil h\u00fcquq\u015f\u00fcnaslara niy\u0259 t\u0259zyiq edilir? - MEYDAN.TV","robots":{"index":"index","follow":"follow","max-snippet":"max-snippet:-1","max-image-preview":"max-image-preview:large","max-video-preview":"max-video-preview:-1"},"canonical":"https:\/\/www.meydan.tv\/az\/article\/musteqil-huquqsunaslara-niye-tezyiq-edilir\/","og_locale":"az_AZ","og_type":"article","og_title":"M\u00fcst\u0259qil h\u00fcquq\u015f\u00fcnaslara niy\u0259 t\u0259zyiq edilir? - MEYDAN.TV","og_description":"M\u0259qs\u0259d Avropa M\u0259hk\u0259m\u0259sin\u0259 ged\u0259n \u015fikay\u0259tl\u0259rin qar\u015f\u0131s\u0131n\u0131 almaqd\u0131r","og_url":"https:\/\/www.meydan.tv\/az\/article\/musteqil-huquqsunaslara-niye-tezyiq-edilir\/","og_site_name":"MEYDAN.TV","article_published_time":"2018-10-29T18:58:39+00:00","og_image":[{"width":1140,"height":500,"url":"https:\/\/www.meydan.tv\/wp-content\/uploads\/44458.jpg","type":"image\/jpeg"}],"author":"user-manager","twitter_card":"summary_large_image","schema":{"@context":"https:\/\/schema.org","@graph":[{"@type":"Article","@id":"https:\/\/www.meydan.tv\/az\/article\/musteqil-huquqsunaslara-niye-tezyiq-edilir\/#article","isPartOf":{"@id":"https:\/\/www.meydan.tv\/az\/article\/musteqil-huquqsunaslara-niye-tezyiq-edilir\/"},"author":{"name":"user-manager","@id":"https:\/\/www.meydan.tv\/az\/#\/schema\/person\/10d11eccf6da3662cf5fdab9806ea91a"},"headline":"M\u00fcst\u0259qil h\u00fcquq\u015f\u00fcnaslara niy\u0259 t\u0259zyiq edilir?","datePublished":"2018-10-29T18:58:39+00:00","mainEntityOfPage":{"@id":"https:\/\/www.meydan.tv\/az\/article\/musteqil-huquqsunaslara-niye-tezyiq-edilir\/"},"wordCount":2181,"publisher":{"@id":"https:\/\/www.meydan.tv\/az\/#organization"},"image":{"@id":"https:\/\/www.meydan.tv\/az\/article\/musteqil-huquqsunaslara-niye-tezyiq-edilir\/#primaryimage"},"thumbnailUrl":"https:\/\/www.meydan.tv\/wp-content\/uploads\/44458.jpg","articleSection":["Analitika"],"inLanguage":"az"},{"@type":"WebPage","@id":"https:\/\/www.meydan.tv\/az\/article\/musteqil-huquqsunaslara-niye-tezyiq-edilir\/","url":"https:\/\/www.meydan.tv\/az\/article\/musteqil-huquqsunaslara-niye-tezyiq-edilir\/","name":"M\u00fcst\u0259qil h\u00fcquq\u015f\u00fcnaslara niy\u0259 t\u0259zyiq edilir? - MEYDAN.TV","isPartOf":{"@id":"https:\/\/www.meydan.tv\/az\/#website"},"primaryImageOfPage":{"@id":"https:\/\/www.meydan.tv\/az\/article\/musteqil-huquqsunaslara-niye-tezyiq-edilir\/#primaryimage"},"image":{"@id":"https:\/\/www.meydan.tv\/az\/article\/musteqil-huquqsunaslara-niye-tezyiq-edilir\/#primaryimage"},"thumbnailUrl":"https:\/\/www.meydan.tv\/wp-content\/uploads\/44458.jpg","datePublished":"2018-10-29T18:58:39+00:00","breadcrumb":{"@id":"https:\/\/www.meydan.tv\/az\/article\/musteqil-huquqsunaslara-niye-tezyiq-edilir\/#breadcrumb"},"inLanguage":"az","potentialAction":[{"@type":"ReadAction","target":["https:\/\/www.meydan.tv\/az\/article\/musteqil-huquqsunaslara-niye-tezyiq-edilir\/"]}]},{"@type":"ImageObject","inLanguage":"az","@id":"https:\/\/www.meydan.tv\/az\/article\/musteqil-huquqsunaslara-niye-tezyiq-edilir\/#primaryimage","url":"https:\/\/www.meydan.tv\/wp-content\/uploads\/44458.jpg","contentUrl":"https:\/\/www.meydan.tv\/wp-content\/uploads\/44458.jpg","width":1140,"height":500,"caption":"Source:"},{"@type":"BreadcrumbList","@id":"https:\/\/www.meydan.tv\/az\/article\/musteqil-huquqsunaslara-niye-tezyiq-edilir\/#breadcrumb","itemListElement":[{"@type":"ListItem","position":1,"name":"Ana s\u0259hif\u0259","item":"https:\/\/www.meydan.tv\/az\/"},{"@type":"ListItem","position":2,"name":"Analitika","item":"https:\/\/www.meydan.tv\/az\/section\/analitika\/"},{"@type":"ListItem","position":3,"name":"M\u00fcst\u0259qil h\u00fcquq\u015f\u00fcnaslara niy\u0259 t\u0259zyiq edilir?"}]},{"@type":"WebSite","@id":"https:\/\/www.meydan.tv\/az\/#website","url":"https:\/\/www.meydan.tv\/az\/","name":"MEYDAN.TV","description":"Meydan TV Az\u0259rbaycan\u0131n media m\u0259kan\u0131ndak\u0131 alternativ s\u0259sidir","publisher":{"@id":"https:\/\/www.meydan.tv\/az\/#organization"},"potentialAction":[{"@type":"SearchAction","target":{"@type":"EntryPoint","urlTemplate":"https:\/\/www.meydan.tv\/az\/?s={search_term_string}"},"query-input":{"@type":"PropertyValueSpecification","valueRequired":true,"valueName":"search_term_string"}}],"inLanguage":"az"},{"@type":"Organization","@id":"https:\/\/www.meydan.tv\/az\/#organization","name":"Meydan TV","url":"https:\/\/www.meydan.tv\/az\/","logo":{"@type":"ImageObject","inLanguage":"az","@id":"https:\/\/www.meydan.tv\/az\/#\/schema\/logo\/image\/","url":"https:\/\/www.meydan.tv\/wp-content\/uploads\/2021\/07\/meydan-logo.svg","contentUrl":"https:\/\/www.meydan.tv\/wp-content\/uploads\/2021\/07\/meydan-logo.svg","width":195,"height":46,"caption":"Meydan TV"},"image":{"@id":"https:\/\/www.meydan.tv\/az\/#\/schema\/logo\/image\/"}},{"@type":"Person","@id":"https:\/\/www.meydan.tv\/az\/#\/schema\/person\/10d11eccf6da3662cf5fdab9806ea91a","name":"user-manager"}]}},"_links":{"self":[{"href":"https:\/\/www.meydan.tv\/az\/wp-json\/wp\/v2\/posts\/192332","targetHints":{"allow":["GET"]}}],"collection":[{"href":"https:\/\/www.meydan.tv\/az\/wp-json\/wp\/v2\/posts"}],"about":[{"href":"https:\/\/www.meydan.tv\/az\/wp-json\/wp\/v2\/types\/post"}],"author":[{"embeddable":true,"href":"https:\/\/www.meydan.tv\/az\/wp-json\/wp\/v2\/users\/11"}],"replies":[{"embeddable":true,"href":"https:\/\/www.meydan.tv\/az\/wp-json\/wp\/v2\/comments?post=192332"}],"version-history":[{"count":0,"href":"https:\/\/www.meydan.tv\/az\/wp-json\/wp\/v2\/posts\/192332\/revisions"}],"wp:featuredmedia":[{"embeddable":true,"href":"https:\/\/www.meydan.tv\/az\/wp-json\/wp\/v2\/media\/111740"}],"wp:attachment":[{"href":"https:\/\/www.meydan.tv\/az\/wp-json\/wp\/v2\/media?parent=192332"}],"wp:term":[{"taxonomy":"category","embeddable":true,"href":"https:\/\/www.meydan.tv\/az\/wp-json\/wp\/v2\/categories?post=192332"},{"taxonomy":"post_tag","embeddable":true,"href":"https:\/\/www.meydan.tv\/az\/wp-json\/wp\/v2\/tags?post=192332"}],"curies":[{"name":"wp","href":"https:\/\/api.w.org\/{rel}","templated":true}]}}