{"id":192325,"date":"2018-10-29T14:19:11","date_gmt":"2018-10-29T14:19:11","guid":{"rendered":"https:\/\/www.meydan.tv\/article\/musfiq-qetli-hele-de-memurlara-rahatliq-vermir\/"},"modified":"2018-10-29T14:19:11","modified_gmt":"2018-10-29T14:19:11","slug":"musfiq-qetli-hele-de-memurlara-rahatliq-vermir","status":"publish","type":"post","link":"https:\/\/www.meydan.tv\/az\/article\/musfiq-qetli-hele-de-memurlara-rahatliq-vermir\/","title":{"rendered":"M\u00fc\u015ffiq q\u0259tli h\u0259l\u0259 d\u0259 m\u0259murlara rahatl\u0131q vermir"},"content":{"rendered":"<figure class=\"wp-block-image size-large\">\n  <img decoding=\"async\" src=\"https:\/\/www.meydan.tv\/az\/111701\/\" alt=\"\" class=\"wp-image-111701\"\/><figcaption><\/figcaption><\/figure>\n<p>\n  Son g\u00fcnl\u0259r 1937-ci il repressiyalar\u0131n\u0131n qurbanlar\u0131ndan biri Az\u0259rbaycan\u0131n g\u00f6rk\u0259mli \u015fairi Mikay\u0131l M\u00fc\u015ffiqin basd\u0131r\u0131ld\u0131\u011f\u0131 yerin a\u015fkar edilm\u0259si, s\u00fcm\u00fckl\u0259rinin tap\u0131lmas\u0131 bu m\u00f6vzuda m\u00fczakir\u0259l\u0259rin aktivl\u0259\u015fm\u0259sin\u0259 s\u0259b\u0259b olub. \u201cTuran\u201d agentliyi bununla ba\u011fl\u0131, agentliyin redaktoru \u015eahin Hac\u0131yevin m\u00f6vqeyini \u0259ks etdir\u0259n yaz\u0131 d\u0259rc edib.\n<\/p>\n<p>\n  H\u0259min m\u00fc\u0259llif yaz\u0131s\u0131n\u0131 t\u0259qdim edirik:\n<\/p>\n<p>\n  Stalin repressiyalar\u0131 d\u00f6vr\u00fcnd\u0259 m\u0259\u015fhur \u015fair Mikay\u0131l M\u00fc\u015ffiqin g\u00fcll\u0259l\u0259ndiyi v\u0259 d\u0259fn edildiyi ehtimal olunan q\u0259brin qaz\u0131lmas\u0131 il\u0259 ba\u011fl\u0131 son g\u00fcnl\u0259r ba\u015f ver\u0259n hadis\u0259l\u0259r \u00f6lk\u0259 ictimaiyy\u0259tini narahat edib. Bu m\u00f6vzu il\u0259 ba\u011fl\u0131 ajiotaj onunla izah oluna bil\u0259rdi ki, hakimiyy\u0259t indiy\u0259d\u0259k populyar olmayan repressiya qurbanlar\u0131 m\u00f6vzusunun g\u00fcnd\u0259liy\u0259 \u00e7\u0131xar\u0131lmas\u0131na etiraz etmir. Amma m\u0259murlar\u0131n ilk reaksiyas\u0131 bunun bel\u0259 olmad\u0131\u011f\u0131n\u0131 g\u00f6st\u0259rdi. Ayd\u0131n oldu ki, hakimiyy\u0259t bu m\u00f6vzuda m\u00fcr\u0259kk\u0259b v\u0259 s\u0259mimi s\u00f6hb\u0259ti ist\u0259mir v\u0259 ya buna haz\u0131r deyil.\n<\/p>\n<p>\n  \u0130ndiy\u0259d\u0259k Az\u0259rbaycanda repressiyalar m\u00f6vzusu yaln\u0131z Mirc\u0259f\u0259r Ba\u011f\u0131rovun \u015f\u0259xsind\u0259 rejimin \u00fcnvan\u0131na v\u0259 burada erm\u0259nil\u0259rin i\u015ftirak\u0131 il\u0259 ba\u011fl\u0131 ittihamlarla m\u0259hdudla\u015f\u0131rd\u0131 (Az\u0259rbaycan D\u0130N-in ke\u00e7mi\u015f r\u0259hb\u0259rliyi n\u0259z\u0259rd\u0259 tutulur).\n<\/p>\n<p>\n  Amma indiy\u0259d\u0259k bizd\u0259 o a\u011f\u0131r ill\u0259rin arxiv materiallar\u0131, h\u0259tta Ba\u011f\u0131rov v\u0259 respublikan\u0131n bir qrup ke\u00e7mi\u015f r\u0259hb\u0259rinin i\u015fi \u00fczr\u0259 m\u0259hk\u0259m\u0259nin materiallar\u0131 bel\u0259 m\u0259xfilik b\u0259han\u0259siil\u0259 d\u0259rc edilm\u0259yib (!).\n<\/p>\n<p>\n  \u00d6lk\u0259mizd\u0259 r\u0259smi olaraq q\u00fcrur duyulmal\u0131 olanlara qar\u015f\u0131 q\u0259rib\u0259 m\u00fcnasib\u0259t<br \/>\n  <br \/>\n  formala\u015f\u0131b.\n<\/p>\n<p>\n  M\u0259s\u0259l\u0259n, bu il Az\u0259rbaycan Xalq C\u00fcmhuriyy\u0259tinin &#8211; hakimiyy\u0259timizin xo\u015flad\u0131\u011f\u0131 kimi des\u0259k, \u015e\u0259rqd\u0259 ilk demokratik \u00f6lk\u0259nin 100 illiyi geni\u015f \u015f\u0259kild\u0259 qeyd edilirdi. B\u0259s niy\u0259 \u015e\u0259rqd\u0259 bu ilk respublikan\u0131n banisinin q\u0259bri indiiy\u0259d\u0259k T\u00fcrkiy\u0259d\u0259dir, niy\u0259 R\u0259sulzad\u0259nin c\u0259s\u0259di qaytar\u0131lmay\u0131b v\u0259 \u00f6z do\u011fma v\u0259t\u0259nind\u0259 t\u0259nt\u0259n\u0259li \u015f\u0259kild\u0259 d\u0259fn edilm\u0259yib? Niy\u0259 h\u00f6kum\u0259tin q\u0259rar\u0131 olmas\u0131na baxmayaraq, Bak\u0131n\u0131n m\u0259rk\u0259zind\u0259 h\u0259l\u0259 d\u0259 onun abid\u0259si qoyulmay\u0131b? B\u0259s niy\u0259 \u00f6lk\u0259nin h\u0259r yerind\u0259 R\u0259sulzad\u0259nin ad\u0131 y\u0131\u011f\u0131\u015fd\u0131r\u0131l\u0131r, azsayl\u0131 abid\u0259l\u0259rin\u0259 say\u011f\u0131s\u0131zl\u0131q g\u00f6st\u0259rilir?\n<\/p>\n<p>\n  M\u00fc\u015ffiq\u0259 v\u0259 dig\u0259r repressiya qurbanlar\u0131na qar\u015f\u0131 \u201csevgi\u201d d\u0259 bel\u0259dir. Dey\u0259 bil\u0259rl\u0259r ki, bel\u0259 deyil, \u00f6lk\u0259d\u0259 M\u00fc\u015ffiqin v\u0259 dig\u0259r repressiya qurbanlar\u0131n\u0131n abid\u0259l\u0259ri var. Amma t\u0259\u0259ss\u00fcrat yaran\u0131r ki, bu abid\u0259l\u0259r v\u0259 evl\u0259rin divarlar\u0131na vurulan xatir\u0259 l\u00f6vh\u0259l\u0259ri bir n\u00f6v g\u00fcnah yumaqd\u0131r. Y\u0259ni bu m\u00f6vzunu bird\u0259f\u0259lik ba\u011flamaq v\u0259 ya sovet hakimiyy\u0259tinin g\u00f6rk\u0259mli ziyal\u0131lar\u0131 nec\u0259 m\u0259hv etm\u0259sini unutdurmaqd\u0131r. \u00c7\u00fcnki bel\u0259 m\u00fczakir\u0259l\u0259r hakimiyy\u0259tin avtoritarl\u0131\u011f\u0131 v\u0259 bunun bir daha t\u0259krar olunmamas\u0131 \u00fc\u00e7\u00fcn suallar yaradacaq.<br \/>\n  <br \/>\n  Az\u0259rbaycan, y\u0259qin ki, Stalin repressiyalar\u0131n\u0131n abid\u0259si olmayan yegan\u0259 \u00f6lk\u0259dir. Paytaxt\u0131m\u0131zda v\u0259 ya ist\u0259nil\u0259n ba\u015fqa bir yerd\u0259 bu repressiyalar\u0131n r\u0259mzi yoxdur ki, insanlar oraya g\u00fcl qoysun, repressiyaya m\u0259ruz qalm\u0131\u015f 27 min Az\u0259rbaycan v\u0259t\u0259nda\u015f\u0131n\u0131 yad etsin. Niy\u0259?\n<\/p>\n<p>\n  B\u0259lk\u0259 ona g\u00f6r\u0259 ki, insanlar\u0131n bir-birind\u0259n x\u0259b\u0259r\u00e7ilik etdiyi, qohumlar\u0131ndan v\u0259 yax\u0131nlar\u0131ndan imtina etdiyi, eyni ail\u0259nin \u00fczvl\u0259rinin bir-birin\u0259 qar\u015f\u0131 ifad\u0259l\u0259r verm\u0259y\u0259 m\u0259cbur edildiyi o d\u00f6vr\u00fcn sirl\u0259rinin \u00fcst\u00fcn\u00fc a\u00e7maq laz\u0131m g\u0259l\u0259c\u0259k? (bu, siz\u0259 n\u0259yis\u0259 xat\u0131rlatm\u0131r ki?)<br \/>\n  <br \/>\n  B\u0259lk\u0259 repressiya qurbanlar\u0131n\u0131n g\u00fcll\u0259l\u0259ndiyi yerl\u0259rin qaz\u0131nt\u0131s\u0131 indiy\u0259d\u0259k bilm\u0259diyimiz \u00e7ox \u015feyi \u00fcz\u0259 \u00e7\u0131xaracaq? B\u0259lk\u0259 kims\u0259 qurbanlar \u00fc\u00e7\u00fcn abid\u0259 ucaltmaq ist\u0259y\u0259c\u0259k v\u0259 hakimiyy\u0259td\u0259n naraz\u0131 insanlar\u0131n topla\u015fd\u0131\u011f\u0131 yer\u0259 \u00e7evril\u0259c\u0259k?\n<\/p>\n<p>\n  \u00c7ox \u015fey ola bil\u0259r, yax\u015f\u0131s\u0131 budur, bu m\u00f6vzu he\u00e7 qald\u0131r\u0131lmas\u0131n, M\u00fc\u015ffiqin is\u0259 \u201csevgi\u201d il\u0259 t\u0259hqir edilmi\u015f v\u0259 al\u00e7ald\u0131lm\u0131\u015f s\u00fcm\u00fckl\u0259ri qarda\u015fl\u0131q m\u0259zar\u0131nda qalark\u0259n, onun kitablar\u0131n\u0131 d\u0259rc ed\u0259r\u0259k, onun unudulmad\u0131\u011f\u0131 t\u0259krar edilsin.\n<\/p>\n<p>\n  Qarda\u015fl\u0131q m\u0259zar\u0131n\u0131n qaz\u0131nt\u0131lar\u0131 il\u0259 ba\u011fl\u0131 m\u0259s\u0259l\u0259nin s\u0131rf h\u00fcquqi aspekti var. Bu, faktiki olaraq eksqumasiyad\u0131r, bunun ke\u00e7irilm\u0259si \u00fc\u00e7\u00fcn m\u0259hk\u0259m\u0259 v\u0259 ya prokurorlu\u011fun m\u00fcvafiq q\u0259rar\u0131 laz\u0131md\u0131r. Bu t\u0259\u015f\u0259bb\u00fcs\u00fcn m\u00fc\u0259llifini yaln\u0131z bel\u0259 bir q\u0259rar\u0131n olmamas\u0131nda ittiham etm\u0259k olar, amma v\u0259t\u0259nda\u015f m\u00f6vqeyi v\u0259 h\u0259qiq\u0259ti ortaya \u00e7\u0131xarmaq c\u0259hdi t\u0259rif\u0259 layiqdir.\n<\/p>\n<p>\n  \u00d6z\u00fcn\u00fc m\u0259d\u0259niyy\u0259t naziri adland\u0131ran \u015f\u0259xsin M\u00fc\u015ffiq m\u00f6vzusunun ba\u011fland\u0131\u011f\u0131 bar\u0259d\u0259 m\u00f6vqeyi tamamil\u0259 q\u0259buledilm\u0259zdir. Yaln\u0131z b\u0259sit m\u0259mur, yuxar\u0131ya baxma\u011fa v\u0259 hakimiyy\u0259t\u0259 boyun \u0259ym\u0259y\u0259 \u00f6yr\u0259\u015fmi\u015f ke\u00e7mi\u015f komsomol\u00e7u bel\u0259 d\u00fc\u015f\u00fcn\u0259 bil\u0259r. \u00d6lk\u0259 v\u0259t\u0259nda\u015f\u0131 bel\u0259 dan\u0131\u015fmamal\u0131d\u0131r.\n<\/p>\n<p>\n  Burada M\u00fc\u015ffiqin abid\u0259sinin ucald\u0131lmas\u0131 il\u0259 ba\u011fl\u0131 v\u0259ziyy\u0259t yada d\u00fc\u015f\u00fcr. Bu s\u0259tirl\u0259rin m\u00fc\u0259llifi m\u0259\u015fhur Az\u0259rbaycan memar\u0131 M\u00fcn\u0259vv\u0259r Rzayevan\u0131n h\u0259min abid\u0259ni yaratmas\u0131n\u0131n \u015fahidi olub.\n<\/p>\n<p>\n  \u00d6t\u0259n \u0259srin 70-ci ill\u0259rind\u0259 Az\u0259rbaycan Kommunist Partiyas\u0131n\u0131n M\u0259rk\u0259zi Komit\u0259sinin \u0130deologiya \u015f\u00f6b\u0259sinin \u0259m\u0259kda\u015flar\u0131ndan ibar\u0259t olan inc\u0259s\u0259n\u0259t \u015furalar\u0131n\u0131n m\u00f6vcud oldu\u011fu d\u00f6vrd\u0259 onun \u00fczvl\u0259ri paytaxt\u0131n m\u0259rk\u0259zind\u0259 M\u00fc\u015ffiqin abid\u0259sinin qura\u015fd\u0131r\u0131lmas\u0131na raz\u0131l\u0131q vermirdil\u0259r. Bundan ba\u015fqa, onlar abid\u0259nin \u00f6l\u00e7\u00fcl\u0259rin\u0259 d\u0259 etiraz edirdil\u0259r. \u201cBu, ke\u00e7mi\u015f xalq d\u00fc\u015fm\u0259nidir, ona bel\u0259 b\u00f6y\u00fck abid\u0259 qoymaq olmaz\u201d, dey\u0259 h\u0259min vaxt partiya MK-nin n\u00fcmay\u0259nd\u0259si iddia edirdi.\n<\/p>\n<p>\n  H\u0259min ill\u0259rd\u0259 m\u00fc\u0259llif M\u00fc\u015ffiqin ke\u00e7mi\u015f xalq d\u00fc\u015fm\u0259ni deyil, \u00f6lk\u0259mizin f\u0259xri oldu\u011funu s\u00fcbut etm\u0259k \u00fc\u00e7\u00fcn \u00e7ox g\u00fcc v\u0259 \u0259s\u0259b s\u0259rf etm\u0259li oldu.\n<\/p>\n<p>\n  G\u00fccl\u00fc t\u0259zyiq\u0259, aylarla davam ed\u0259n m\u00fcbahis\u0259l\u0259r\u0259 baxmayaraq, M\u00fcn\u0259vv\u0259r xan\u0131m t\u0259slim olmad\u0131, abid\u0259ni ki\u00e7iltm\u0259y\u0259 v\u0259 g\u00f6zd\u0259n uzaq yerd\u0259 gizl\u0259tm\u0259y\u0259 imkan verm\u0259di.<br \/>\n  <br \/>\n  \u018fmin\u0259m ki, h\u0259min ill\u0259rd\u0259 m\u0259d\u0259niyy\u0259t naziri haz\u0131rki \u015f\u0259xs olsayd\u0131, M\u00fcn\u0259vv\u0259r xan\u0131m buna m\u00fcv\u0259ff\u0259q ola bilm\u0259zdi.\n<\/p>\n<p>\n  Y\u0259qin ki, a\u015fa\u011f\u0131dak\u0131 s\u0259tirl\u0259ri yazark\u0259n M\u00fc\u015ffiqin \u00fcr\u0259yin\u0259 d\u0259 n\u0259s\u0259 danm\u0131\u015fd\u0131 v\u0259 bundan sonra repressiyaya m\u0259ruz qald\u0131:\n<\/p>\n<p>\n  M\u0259n bir y\u00fcks\u0259li\u015fin sevdas\u0131ndayam,<br \/>\n  <br \/>\n  Sinifl\u0259r d\u00f6y\u00fc\u015f\u00fc d\u00fcnyas\u0131ndayam.<br \/>\n  <br \/>\n  \u0130nsan\u0131, z\u0259hm\u0259ti qiym\u0259tl\u0259ndir\u0259n<br \/>\n  <br \/>\n  Yax\u015f\u0131 adamlar\u0131n s\u0131ras\u0131ndayam.<br \/>\n  <br \/>\n  M\u0259n g\u0259nc\u0259m, bilir\u0259m, istiqbal\u0131m var,<br \/>\n  <br \/>\n  H\u0259l\u0259 b\u0259dr olmam\u0131\u015f bir hilal\u0131m var,<br \/>\n  <br \/>\n  Yelk\u0259nim a\u00e7\u0131l\u0131r, qara yel, \u0259sm\u0259!<br \/>\n  <br \/>\n  M\u0259nim bu d\u0259ryada bir sandal\u0131m var.<\/p>\n","protected":false},"excerpt":{"rendered":"<p>Son g\u00fcnl\u0259r 1937-ci il repressiyalar\u0131n\u0131n qurbanlar\u0131ndan biri Az\u0259rbaycan\u0131n g\u00f6rk\u0259mli \u015fairi &#8230; <\/p>\n<p class=\"read-more-container\"><a title=\"M\u00fc\u015ffiq q\u0259tli h\u0259l\u0259 d\u0259 m\u0259murlara rahatl\u0131q vermir\" class=\"read-more button\" href=\"https:\/\/www.meydan.tv\/az\/article\/musfiq-qetli-hele-de-memurlara-rahatliq-vermir\/#more-192325\" aria-label=\"Read more about M\u00fc\u015ffiq q\u0259tli h\u0259l\u0259 d\u0259 m\u0259murlara rahatl\u0131q vermir\">Davam\u0131<\/a><\/p>\n","protected":false},"author":11,"featured_media":111701,"comment_status":"closed","ping_status":"open","sticky":false,"template":"","format":"standard","meta":{"_acf_changed":false,"_sitemap_exclude":false,"_sitemap_priority":"","_sitemap_frequency":"","footnotes":""},"categories":[51],"tags":[],"class_list":["post-192325","post","type-post","status-publish","format-standard","has-post-thumbnail","hentry","category-analitika","infinite-scroll-item","generate-columns","tablet-grid-50","mobile-grid-100","grid-parent","grid-33","no-featured-image-padding"],"acf":[],"yoast_head":"<!-- This site is optimized with the Yoast SEO plugin v27.4 - https:\/\/yoast.com\/product\/yoast-seo-wordpress\/ -->\n<title>M\u00fc\u015ffiq q\u0259tli h\u0259l\u0259 d\u0259 m\u0259murlara rahatl\u0131q vermir - MEYDAN.TV<\/title>\n<meta name=\"robots\" content=\"index, follow, max-snippet:-1, max-image-preview:large, max-video-preview:-1\" \/>\n<link rel=\"canonical\" href=\"https:\/\/www.meydan.tv\/az\/article\/musfiq-qetli-hele-de-memurlara-rahatliq-vermir\/\" \/>\n<meta property=\"og:locale\" content=\"az_AZ\" \/>\n<meta property=\"og:type\" content=\"article\" \/>\n<meta property=\"og:title\" content=\"M\u00fc\u015ffiq q\u0259tli h\u0259l\u0259 d\u0259 m\u0259murlara rahatl\u0131q vermir - MEYDAN.TV\" \/>\n<meta property=\"og:description\" content=\"Son g\u00fcnl\u0259r 1937-ci il repressiyalar\u0131n\u0131n qurbanlar\u0131ndan biri Az\u0259rbaycan\u0131n g\u00f6rk\u0259mli \u015fairi ... Davam\u0131\" \/>\n<meta property=\"og:url\" content=\"https:\/\/www.meydan.tv\/az\/article\/musfiq-qetli-hele-de-memurlara-rahatliq-vermir\/\" \/>\n<meta property=\"og:site_name\" content=\"MEYDAN.TV\" \/>\n<meta property=\"article:published_time\" content=\"2018-10-29T14:19:11+00:00\" \/>\n<meta property=\"og:image\" content=\"https:\/\/www.meydan.tv\/wp-content\/uploads\/44444.jpg\" \/>\n\t<meta property=\"og:image:width\" content=\"768\" \/>\n\t<meta property=\"og:image:height\" content=\"485\" \/>\n\t<meta property=\"og:image:type\" content=\"image\/jpeg\" \/>\n<meta name=\"author\" content=\"user-manager\" \/>\n<meta name=\"twitter:card\" content=\"summary_large_image\" \/>\n<script type=\"application\/ld+json\" class=\"yoast-schema-graph\">{\"@context\":\"https:\\\/\\\/schema.org\",\"@graph\":[{\"@type\":\"Article\",\"@id\":\"https:\\\/\\\/www.meydan.tv\\\/az\\\/article\\\/musfiq-qetli-hele-de-memurlara-rahatliq-vermir\\\/#article\",\"isPartOf\":{\"@id\":\"https:\\\/\\\/www.meydan.tv\\\/az\\\/article\\\/musfiq-qetli-hele-de-memurlara-rahatliq-vermir\\\/\"},\"author\":{\"name\":\"user-manager\",\"@id\":\"https:\\\/\\\/www.meydan.tv\\\/az\\\/#\\\/schema\\\/person\\\/10d11eccf6da3662cf5fdab9806ea91a\"},\"headline\":\"M\u00fc\u015ffiq q\u0259tli h\u0259l\u0259 d\u0259 m\u0259murlara rahatl\u0131q vermir\",\"datePublished\":\"2018-10-29T14:19:11+00:00\",\"mainEntityOfPage\":{\"@id\":\"https:\\\/\\\/www.meydan.tv\\\/az\\\/article\\\/musfiq-qetli-hele-de-memurlara-rahatliq-vermir\\\/\"},\"wordCount\":1253,\"publisher\":{\"@id\":\"https:\\\/\\\/www.meydan.tv\\\/az\\\/#organization\"},\"image\":{\"@id\":\"https:\\\/\\\/www.meydan.tv\\\/az\\\/article\\\/musfiq-qetli-hele-de-memurlara-rahatliq-vermir\\\/#primaryimage\"},\"thumbnailUrl\":\"https:\\\/\\\/www.meydan.tv\\\/wp-content\\\/uploads\\\/44444.jpg\",\"articleSection\":[\"Analitika\"],\"inLanguage\":\"az\"},{\"@type\":\"WebPage\",\"@id\":\"https:\\\/\\\/www.meydan.tv\\\/az\\\/article\\\/musfiq-qetli-hele-de-memurlara-rahatliq-vermir\\\/\",\"url\":\"https:\\\/\\\/www.meydan.tv\\\/az\\\/article\\\/musfiq-qetli-hele-de-memurlara-rahatliq-vermir\\\/\",\"name\":\"M\u00fc\u015ffiq q\u0259tli h\u0259l\u0259 d\u0259 m\u0259murlara rahatl\u0131q vermir - MEYDAN.TV\",\"isPartOf\":{\"@id\":\"https:\\\/\\\/www.meydan.tv\\\/az\\\/#website\"},\"primaryImageOfPage\":{\"@id\":\"https:\\\/\\\/www.meydan.tv\\\/az\\\/article\\\/musfiq-qetli-hele-de-memurlara-rahatliq-vermir\\\/#primaryimage\"},\"image\":{\"@id\":\"https:\\\/\\\/www.meydan.tv\\\/az\\\/article\\\/musfiq-qetli-hele-de-memurlara-rahatliq-vermir\\\/#primaryimage\"},\"thumbnailUrl\":\"https:\\\/\\\/www.meydan.tv\\\/wp-content\\\/uploads\\\/44444.jpg\",\"datePublished\":\"2018-10-29T14:19:11+00:00\",\"breadcrumb\":{\"@id\":\"https:\\\/\\\/www.meydan.tv\\\/az\\\/article\\\/musfiq-qetli-hele-de-memurlara-rahatliq-vermir\\\/#breadcrumb\"},\"inLanguage\":\"az\",\"potentialAction\":[{\"@type\":\"ReadAction\",\"target\":[\"https:\\\/\\\/www.meydan.tv\\\/az\\\/article\\\/musfiq-qetli-hele-de-memurlara-rahatliq-vermir\\\/\"]}]},{\"@type\":\"ImageObject\",\"inLanguage\":\"az\",\"@id\":\"https:\\\/\\\/www.meydan.tv\\\/az\\\/article\\\/musfiq-qetli-hele-de-memurlara-rahatliq-vermir\\\/#primaryimage\",\"url\":\"https:\\\/\\\/www.meydan.tv\\\/wp-content\\\/uploads\\\/44444.jpg\",\"contentUrl\":\"https:\\\/\\\/www.meydan.tv\\\/wp-content\\\/uploads\\\/44444.jpg\",\"width\":768,\"height\":485,\"caption\":\"Source:\"},{\"@type\":\"BreadcrumbList\",\"@id\":\"https:\\\/\\\/www.meydan.tv\\\/az\\\/article\\\/musfiq-qetli-hele-de-memurlara-rahatliq-vermir\\\/#breadcrumb\",\"itemListElement\":[{\"@type\":\"ListItem\",\"position\":1,\"name\":\"Ana s\u0259hif\u0259\",\"item\":\"https:\\\/\\\/www.meydan.tv\\\/az\\\/\"},{\"@type\":\"ListItem\",\"position\":2,\"name\":\"Analitika\",\"item\":\"https:\\\/\\\/www.meydan.tv\\\/az\\\/section\\\/analitika\\\/\"},{\"@type\":\"ListItem\",\"position\":3,\"name\":\"M\u00fc\u015ffiq q\u0259tli h\u0259l\u0259 d\u0259 m\u0259murlara rahatl\u0131q vermir\"}]},{\"@type\":\"WebSite\",\"@id\":\"https:\\\/\\\/www.meydan.tv\\\/az\\\/#website\",\"url\":\"https:\\\/\\\/www.meydan.tv\\\/az\\\/\",\"name\":\"MEYDAN.TV\",\"description\":\"Meydan TV Az\u0259rbaycan\u0131n media m\u0259kan\u0131ndak\u0131 alternativ s\u0259sidir\",\"publisher\":{\"@id\":\"https:\\\/\\\/www.meydan.tv\\\/az\\\/#organization\"},\"potentialAction\":[{\"@type\":\"SearchAction\",\"target\":{\"@type\":\"EntryPoint\",\"urlTemplate\":\"https:\\\/\\\/www.meydan.tv\\\/az\\\/?s={search_term_string}\"},\"query-input\":{\"@type\":\"PropertyValueSpecification\",\"valueRequired\":true,\"valueName\":\"search_term_string\"}}],\"inLanguage\":\"az\"},{\"@type\":\"Organization\",\"@id\":\"https:\\\/\\\/www.meydan.tv\\\/az\\\/#organization\",\"name\":\"Meydan TV\",\"url\":\"https:\\\/\\\/www.meydan.tv\\\/az\\\/\",\"logo\":{\"@type\":\"ImageObject\",\"inLanguage\":\"az\",\"@id\":\"https:\\\/\\\/www.meydan.tv\\\/az\\\/#\\\/schema\\\/logo\\\/image\\\/\",\"url\":\"https:\\\/\\\/www.meydan.tv\\\/wp-content\\\/uploads\\\/2021\\\/07\\\/meydan-logo.svg\",\"contentUrl\":\"https:\\\/\\\/www.meydan.tv\\\/wp-content\\\/uploads\\\/2021\\\/07\\\/meydan-logo.svg\",\"width\":195,\"height\":46,\"caption\":\"Meydan TV\"},\"image\":{\"@id\":\"https:\\\/\\\/www.meydan.tv\\\/az\\\/#\\\/schema\\\/logo\\\/image\\\/\"}},{\"@type\":\"Person\",\"@id\":\"https:\\\/\\\/www.meydan.tv\\\/az\\\/#\\\/schema\\\/person\\\/10d11eccf6da3662cf5fdab9806ea91a\",\"name\":\"user-manager\"}]}<\/script>\n<!-- \/ Yoast SEO plugin. -->","yoast_head_json":{"title":"M\u00fc\u015ffiq q\u0259tli h\u0259l\u0259 d\u0259 m\u0259murlara rahatl\u0131q vermir - MEYDAN.TV","robots":{"index":"index","follow":"follow","max-snippet":"max-snippet:-1","max-image-preview":"max-image-preview:large","max-video-preview":"max-video-preview:-1"},"canonical":"https:\/\/www.meydan.tv\/az\/article\/musfiq-qetli-hele-de-memurlara-rahatliq-vermir\/","og_locale":"az_AZ","og_type":"article","og_title":"M\u00fc\u015ffiq q\u0259tli h\u0259l\u0259 d\u0259 m\u0259murlara rahatl\u0131q vermir - MEYDAN.TV","og_description":"Son g\u00fcnl\u0259r 1937-ci il repressiyalar\u0131n\u0131n qurbanlar\u0131ndan biri Az\u0259rbaycan\u0131n g\u00f6rk\u0259mli \u015fairi ... Davam\u0131","og_url":"https:\/\/www.meydan.tv\/az\/article\/musfiq-qetli-hele-de-memurlara-rahatliq-vermir\/","og_site_name":"MEYDAN.TV","article_published_time":"2018-10-29T14:19:11+00:00","og_image":[{"width":768,"height":485,"url":"https:\/\/www.meydan.tv\/wp-content\/uploads\/44444.jpg","type":"image\/jpeg"}],"author":"user-manager","twitter_card":"summary_large_image","schema":{"@context":"https:\/\/schema.org","@graph":[{"@type":"Article","@id":"https:\/\/www.meydan.tv\/az\/article\/musfiq-qetli-hele-de-memurlara-rahatliq-vermir\/#article","isPartOf":{"@id":"https:\/\/www.meydan.tv\/az\/article\/musfiq-qetli-hele-de-memurlara-rahatliq-vermir\/"},"author":{"name":"user-manager","@id":"https:\/\/www.meydan.tv\/az\/#\/schema\/person\/10d11eccf6da3662cf5fdab9806ea91a"},"headline":"M\u00fc\u015ffiq q\u0259tli h\u0259l\u0259 d\u0259 m\u0259murlara rahatl\u0131q vermir","datePublished":"2018-10-29T14:19:11+00:00","mainEntityOfPage":{"@id":"https:\/\/www.meydan.tv\/az\/article\/musfiq-qetli-hele-de-memurlara-rahatliq-vermir\/"},"wordCount":1253,"publisher":{"@id":"https:\/\/www.meydan.tv\/az\/#organization"},"image":{"@id":"https:\/\/www.meydan.tv\/az\/article\/musfiq-qetli-hele-de-memurlara-rahatliq-vermir\/#primaryimage"},"thumbnailUrl":"https:\/\/www.meydan.tv\/wp-content\/uploads\/44444.jpg","articleSection":["Analitika"],"inLanguage":"az"},{"@type":"WebPage","@id":"https:\/\/www.meydan.tv\/az\/article\/musfiq-qetli-hele-de-memurlara-rahatliq-vermir\/","url":"https:\/\/www.meydan.tv\/az\/article\/musfiq-qetli-hele-de-memurlara-rahatliq-vermir\/","name":"M\u00fc\u015ffiq q\u0259tli h\u0259l\u0259 d\u0259 m\u0259murlara rahatl\u0131q vermir - MEYDAN.TV","isPartOf":{"@id":"https:\/\/www.meydan.tv\/az\/#website"},"primaryImageOfPage":{"@id":"https:\/\/www.meydan.tv\/az\/article\/musfiq-qetli-hele-de-memurlara-rahatliq-vermir\/#primaryimage"},"image":{"@id":"https:\/\/www.meydan.tv\/az\/article\/musfiq-qetli-hele-de-memurlara-rahatliq-vermir\/#primaryimage"},"thumbnailUrl":"https:\/\/www.meydan.tv\/wp-content\/uploads\/44444.jpg","datePublished":"2018-10-29T14:19:11+00:00","breadcrumb":{"@id":"https:\/\/www.meydan.tv\/az\/article\/musfiq-qetli-hele-de-memurlara-rahatliq-vermir\/#breadcrumb"},"inLanguage":"az","potentialAction":[{"@type":"ReadAction","target":["https:\/\/www.meydan.tv\/az\/article\/musfiq-qetli-hele-de-memurlara-rahatliq-vermir\/"]}]},{"@type":"ImageObject","inLanguage":"az","@id":"https:\/\/www.meydan.tv\/az\/article\/musfiq-qetli-hele-de-memurlara-rahatliq-vermir\/#primaryimage","url":"https:\/\/www.meydan.tv\/wp-content\/uploads\/44444.jpg","contentUrl":"https:\/\/www.meydan.tv\/wp-content\/uploads\/44444.jpg","width":768,"height":485,"caption":"Source:"},{"@type":"BreadcrumbList","@id":"https:\/\/www.meydan.tv\/az\/article\/musfiq-qetli-hele-de-memurlara-rahatliq-vermir\/#breadcrumb","itemListElement":[{"@type":"ListItem","position":1,"name":"Ana s\u0259hif\u0259","item":"https:\/\/www.meydan.tv\/az\/"},{"@type":"ListItem","position":2,"name":"Analitika","item":"https:\/\/www.meydan.tv\/az\/section\/analitika\/"},{"@type":"ListItem","position":3,"name":"M\u00fc\u015ffiq q\u0259tli h\u0259l\u0259 d\u0259 m\u0259murlara rahatl\u0131q vermir"}]},{"@type":"WebSite","@id":"https:\/\/www.meydan.tv\/az\/#website","url":"https:\/\/www.meydan.tv\/az\/","name":"MEYDAN.TV","description":"Meydan TV Az\u0259rbaycan\u0131n media m\u0259kan\u0131ndak\u0131 alternativ s\u0259sidir","publisher":{"@id":"https:\/\/www.meydan.tv\/az\/#organization"},"potentialAction":[{"@type":"SearchAction","target":{"@type":"EntryPoint","urlTemplate":"https:\/\/www.meydan.tv\/az\/?s={search_term_string}"},"query-input":{"@type":"PropertyValueSpecification","valueRequired":true,"valueName":"search_term_string"}}],"inLanguage":"az"},{"@type":"Organization","@id":"https:\/\/www.meydan.tv\/az\/#organization","name":"Meydan TV","url":"https:\/\/www.meydan.tv\/az\/","logo":{"@type":"ImageObject","inLanguage":"az","@id":"https:\/\/www.meydan.tv\/az\/#\/schema\/logo\/image\/","url":"https:\/\/www.meydan.tv\/wp-content\/uploads\/2021\/07\/meydan-logo.svg","contentUrl":"https:\/\/www.meydan.tv\/wp-content\/uploads\/2021\/07\/meydan-logo.svg","width":195,"height":46,"caption":"Meydan TV"},"image":{"@id":"https:\/\/www.meydan.tv\/az\/#\/schema\/logo\/image\/"}},{"@type":"Person","@id":"https:\/\/www.meydan.tv\/az\/#\/schema\/person\/10d11eccf6da3662cf5fdab9806ea91a","name":"user-manager"}]}},"_links":{"self":[{"href":"https:\/\/www.meydan.tv\/az\/wp-json\/wp\/v2\/posts\/192325","targetHints":{"allow":["GET"]}}],"collection":[{"href":"https:\/\/www.meydan.tv\/az\/wp-json\/wp\/v2\/posts"}],"about":[{"href":"https:\/\/www.meydan.tv\/az\/wp-json\/wp\/v2\/types\/post"}],"author":[{"embeddable":true,"href":"https:\/\/www.meydan.tv\/az\/wp-json\/wp\/v2\/users\/11"}],"replies":[{"embeddable":true,"href":"https:\/\/www.meydan.tv\/az\/wp-json\/wp\/v2\/comments?post=192325"}],"version-history":[{"count":0,"href":"https:\/\/www.meydan.tv\/az\/wp-json\/wp\/v2\/posts\/192325\/revisions"}],"wp:featuredmedia":[{"embeddable":true,"href":"https:\/\/www.meydan.tv\/az\/wp-json\/wp\/v2\/media\/111701"}],"wp:attachment":[{"href":"https:\/\/www.meydan.tv\/az\/wp-json\/wp\/v2\/media?parent=192325"}],"wp:term":[{"taxonomy":"category","embeddable":true,"href":"https:\/\/www.meydan.tv\/az\/wp-json\/wp\/v2\/categories?post=192325"},{"taxonomy":"post_tag","embeddable":true,"href":"https:\/\/www.meydan.tv\/az\/wp-json\/wp\/v2\/tags?post=192325"}],"curies":[{"name":"wp","href":"https:\/\/api.w.org\/{rel}","templated":true}]}}