{"id":192321,"date":"2018-10-28T16:13:55","date_gmt":"2018-10-28T16:13:55","guid":{"rendered":"https:\/\/www.meydan.tv\/article\/5-min-illik-tarix-ilk-qadin-firon-merit-neyt\/"},"modified":"2018-10-28T16:13:55","modified_gmt":"2018-10-28T16:13:55","slug":"5-min-illik-tarix-ilk-qadin-firon-merit-neyt","status":"publish","type":"post","link":"https:\/\/www.meydan.tv\/az\/article\/5-min-illik-tarix-ilk-qadin-firon-merit-neyt\/","title":{"rendered":"5 min illik tarix: ilk qad\u0131n firon Merit-Neyt"},"content":{"rendered":"<figure class=\"wp-block-image size-large\">\n  <img decoding=\"async\" src=\"https:\/\/www.meydan.tv\/az\/merit-neyt\/\" alt=\"Merit Neyt\" class=\"wp-image-111689\"\/><figcaption>\n    Merit Neyt<br \/>\n  <\/figcaption><\/figure>\n<figure class=\"wp-block-image size-large\">\n  <img decoding=\"async\" src=\"https:\/\/www.meydan.tv\/az\/merit-neyt\/\" alt=\"Merit Neyt\" class=\"wp-image-111689\"\/><figcaption>\n    Merit Neyt<br \/>\n  <\/figcaption><\/figure>\n<p>\n  Qurban m\u0259b\u0259dind\u0259 balaca bir b\u00fcr\u00fcnc g\u00fczg\u00fcm vard\u0131, ordak\u0131 \u0259ksim azca par\u0131lday\u0131rd\u0131. Fil s\u00fcm\u00fcy\u00fcnd\u0259n olan dara\u011f\u0131mda m\u0259nim h\u00f6kmdar simvolum \u2013 \u201cqanadl\u0131 firon\u201d h\u0259kk olunmu\u015fdu\u201d.<\/p>\n<p>  5 000 il \u0259vv\u0259l Misird\u0259 firon oldu\u011funu iddia ed\u0259n Coan Qrant<\/p>\n<p>  ****<\/p>\n<p>  1937-ci ild\u0259 briyaniyal\u0131 yaz\u0131\u00e7\u0131 Coan Qrant\u0131n (1907-1989) \u201cQanadl\u0131 firon\u201d roman\u0131 d\u0259rc olunur. \u018fs\u0259rin q\u0259hraman\u0131 Sekeetan\u0131n (Seket-a-Ra &#8211; g\u00f6z\u0259l h\u00f6kmdar) dilind\u0259n n\u0259ql edil\u0259n hekay\u0259td\u0259 birinci hakim s\u00fclal\u0259 d\u00f6vr\u00fcnd\u0259 onun \u00f6z qarda\u015f\u0131 Neyaha \u0259r\u0259 getm\u0259si, firon taxt\u0131na onunla ortaq yiy\u0259l\u0259nm\u0259si; hakim ail\u0259y\u0259 m\u0259xsus b\u00fct\u00fcn f\u0259rdl\u0259r kimi h\u0259rb s\u0259n\u0259ti, d\u00f6vl\u0259t\u00e7ilik, metafizika, ekstrasensor qabiliyy\u0259t, ezoterika, reinkarnasiya v\u0259 karma d\u0259rsl\u0259ri almas\u0131; Misir\u0259 h\u00fccum etmi\u015f \u015fumerl\u0259r\u0259 vuru\u015fmaq \u00fc\u00e7\u00fcn xalq\u0131 s\u0259f\u0259rb\u0259r edib d\u00f6y\u00fc\u015f arabas\u0131nda sava\u015fa yollanmas\u0131 v\u0259 sair ba\u015fqa olaylar t\u0259svir edilir. D\u0259rhal bestseller\u0259 \u00e7evrilib bir il \u0259rzind\u0259 6 d\u0259f\u0259 yenid\u0259n \u00e7ap edilmi\u015f bu roman\u0131n \u0259slind\u0259 \u00f6z h\u0259yat hekay\u0259si oldu\u011funu Qrant kitab\u0131n d\u0259rcind\u0259n xeyli sonra (1956) &#8211; avtobioqrafik \u201cUzaq yadda\u015f\u201d kitab\u0131nda a\u00e7\u0131qlay\u0131r, iddia edir ki, indiy\u0259 q\u0259d\u0259r 40 d\u0259f\u0259 reinkarnasiyaya u\u011fray\u0131b, ke\u00e7mi\u015f h\u0259yatlar\u0131n\u0131n birind\u0259 q\u0259dim Misird\u0259 ya\u015fay\u0131b v\u0259 psixiatr \u0259ri Denis Keslinin icra etdiyi 115 hipnoz seans\u0131 vasit\u0259sil\u0259 \u201cuzaq yadda\u015f\u0131ndan\u201d \u00fcz\u0259 \u00e7\u0131xan faktlara \u0259sas\u0259n \u00f6z\u00fcn\u00fcn krali\u00e7a Merit-Neyt oldu\u011funa inan\u0131r.<\/p>\n<p>  Bu iddian\u0131n do\u011fru, yoxsa yalan oldu\u011funu s\u00fcbut etm\u0259yi m\u00fct\u0259x\u0259ssisl\u0259rin \u00f6hd\u0259sin\u0259 burax\u0131b? ancaq bunu qeyd etm\u0259kl\u0259 kifay\u0259tl\u0259nim ki, kitabda Q\u0259dim Misir haqq\u0131nda elm\u0259 h\u0259l\u0259 m\u0259lum olmayan, sonrak\u0131 ill\u0259rd\u0259 a\u015fkar edil\u0259c\u0259k faktlar da yer al\u0131b. M\u0259s\u0259l\u0259n, Qrant romanda hakim ail\u0259nin g\u00fcm\u00fc\u015f \u0259\u015fyalar\u0131n\u0131 t\u0259svir edib, o zaman misirlil\u0259rin g\u00fcm\u00fc\u015fd\u0259n istifad\u0259 etm\u0259si is\u0259 1937-ci ild\u0259 h\u0259l\u0259 elm\u0259 m\u0259lum deyildi.<\/p>\n<p>  ****\n<\/p>\n<p>\n  Krali\u00e7a Merit-Neyt q\u0259dim Misirin birinci hakim s\u00fclal\u0259si d\u00f6vr\u00fcnd\u0259 ya\u015fay\u0131b \u2013 t\u0259qrib\u0259n eram\u0131zdan \u0259vv\u0259l 3-c\u00fc minilliyin \u0259vv\u0259lind\u0259, y\u0259ni 5 min il \u0259vv\u0259l. O d\u00f6vr\u0259 aid m\u0259lumatlar az v\u0259 m\u00fcbahis\u0259li olsa da, bir ne\u00e7\u0259 \u0259h\u0259miyy\u0259tli arxeoloji tap\u0131nt\u0131ya \u0259sas\u0259n g\u0259lin\u0259n q\u0259na\u0259t budur ki, Merit-Neyt tarix\u0259 d\u00fc\u015fm\u00fc\u015f ilk qad\u0131n h\u00f6kmdard\u0131r.\n<\/p>\n<p>\n  Az qala d\u00fcnya yaranandan b\u0259rq\u0259rar olmu\u015f patriarxal idar\u0259\u00e7ilik o zamanlar qad\u0131nlar \u00fc\u00e7\u00fcn hakimiyy\u0259t \u015fans\u0131 tan\u0131mazk\u0259n firon taxt\u0131na y\u00fcks\u0259l\u0259c\u0259k q\u0259d\u0259r g\u00fccl\u00fc olmu\u015f bu qad\u0131n kimiydi? Bu m\u0259rt\u0259b\u0259y\u0259 nec\u0259 qalxa bilmi\u015fdi? N\u0259 yax\u015f\u0131 ona he\u00e7 kim mane olmam\u0131\u015fd\u0131? Do\u011frudanm\u0131, 5 min il \u0259vv\u0259l siyas\u0259t daha \u0259xlaql\u0131, ki\u015fil\u0259r daha \u0259dal\u0259tliydil\u0259r?<br \/>\n  <br \/>\n  (D\u00fczd\u00fcr, bir zamanlar \u2013 ili-g\u00fcn\u00fc b\u0259lli olmayan hans\u0131sa uzaq tarixd\u0259, ad\u0131n\u0131n ba\u015f h\u0259rfi bel\u0259 tarix\u0259 d\u00fc\u015fm\u0259mi\u015f hans\u0131sa co\u011frafi m\u0259kanda ancaq qad\u0131nlar\u0131n s\u00f6z sahibi oldu\u011fu iddias\u0131 da var. Amma bu g\u00fcn bu haqda qeyd\u0259d\u0259y\u0259r bir m\u0259lumat olmad\u0131\u011f\u0131na g\u00f6r\u0259, bilin\u0259n tarixd\u0259n dan\u0131\u015fma\u011fa davam ed\u0259k).\n<\/p>\n<p>\n  Q\u0259dim Misird\u0259 allah\u0131n (\u0259vv\u0259ll\u0259r \u015fahin-allah Horus, sonralar yerin-g\u00f6y\u00fcn sahibi Ra allah\u0131n\u0131n) yerd\u0259ki davam\u00e7\u0131s\u0131 olmaq ancaq ki\u015fil\u0259r\u0259 verilmi\u015f h\u00fcquq idi. 7-d\u0259n 77-y\u0259 h\u0259r k\u0259sin bu c\u00fcr d\u00fc\u015f\u00fcnd\u00fcy\u00fc \u00f6lk\u0259d\u0259 bir qad\u0131n ancaq ideal \u015f\u0259rtl\u0259r daxilind\u0259 hakimiyy\u0259t\u0259 yiy\u0259l\u0259n\u0259 bil\u0259rdi. Dem\u0259li, o \u0259r\u0259f\u0259d\u0259 f\u0259l\u0259yin \u00e7\u0259rxi Merit-Neyt \u00fc\u00e7\u00fcn d\u00f6nm\u00fc\u015f olmal\u0131yd\u0131 ki, \u0259rind\u0259n sonra taxta m\u0259hz o otura bilmi\u015fdi.\n<\/p>\n<p>\n  Bu qeyri-adi olay\u0131n tarixd\u0259ki d\u0259lil-s\u00fcbutuna ke\u00e7m\u0259zd\u0259n \u0259vv\u0259l Merit-Neytin s\u0259l\u0259fl\u0259rini xat\u0131rlayaq.\n<\/p>\n<p>\n  Narmer (Menes) &#8211; birinci hakim s\u00fclal\u0259nin (e.\u0259. t\u0259qrib\u0259n 3150-2890-cu ill\u0259r) ilk fironu. Arxeoloqlar\u0131n b\u00f6y\u00fck \u0259ks\u0259riyy\u0259tinin q\u0259na\u0259tin\u0259 g\u00f6r\u0259, vahid Misir d\u00f6vl\u0259tinin banisi (eram\u0131zdan \u0259vv\u0259l 32-ci \u0259srd\u0259 A\u015fa\u011f\u0131 v\u0259 Yuxar\u0131 Misirin birl\u0259\u015fdirilm\u0259si); Hor-Aha (Horus-Aha) &#8211; ikinci firon, Merit-Neytin babas\u0131; Neyt-Hotep \u2013 Hor-Ahan\u0131n arvad\u0131 v\u0259 azya\u015fl\u0131 o\u011flu Cerin regenti; Cer (Hor Cer) \u2013 Misird\u0259 s\u0259n\u0259tkarl\u0131\u011f\u0131n inki\u015faf\u0131 v\u0259 h\u0259rbi y\u00fcr\u00fc\u015fl\u0259riyl\u0259 tan\u0131nan \u00fc\u00e7\u00fcnc\u00fc firon, Merit-Neytin atas\u0131; Cet (Uaci) \u2013 ticar\u0259td\u0259, inc\u0259s\u0259n\u0259td\u0259, x\u00fcsusil\u0259 d\u0259 r\u0259sm, qrafika v\u0259 heyk\u0259ltara\u015fl\u0131q sah\u0259l\u0259rind\u0259 inki\u015fafa nail olmu\u015f d\u00f6rd\u00fcnc\u00fc firon, Merit-Neytin qarda\u015f\u0131 v\u0259 \u0259ri. O \u00f6l\u0259nd\u0259n sonra o\u011flu Den taxt-tac\u0131n varisi elan edilmi\u015f, ya\u015fca ki\u00e7ik oldu\u011fu \u00fc\u00e7\u00fcn anas\u0131 Merit-Neyt onun regenti elan edilmi\u015fdi &#8211; t\u0259qrib\u0259n e.\u0259.2950-ci ild\u0259 (B\u0259zi misir\u015f\u00fcnaslar hesab edirl\u0259r ki, \u0259slind\u0259 atas\u0131ndan sonra taxta Cet yox, m\u0259hz Merit-Neyt \u00e7\u0131x\u0131b v\u0259 \u0259rinin hakimiyy\u0259t d\u00f6n\u0259mi kimi g\u00f6st\u0259ril\u0259n tarix \u0259slind\u0259 onun Misir fironu oldu\u011fu ill\u0259rdir).\n<\/p>\n<p>\n  Amma Neyt-Hotepd\u0259n f\u0259rqli olaraq Merit-Neyt sad\u0259c\u0259 o\u011flunun q\u0259yyumu statusunda qalmay\u0131b, hakimiyy\u0259t\u0259 tam \u015f\u0259kild\u0259 sahibl\u0259nib. Bu fakt onu h\u0259m \u00e7ox a\u011f\u0131ll\u0131, h\u0259m d\u0259 i\u015fg\u00fczar z\u0259kaya v\u0259 t\u0259r\u0259fdar qazanmaq bacar\u0131\u011f\u0131na sahib biri kimi xarakteriz\u0259 ed\u0259 bil\u0259r.\n<\/p>\n<p>\n  Merit-Neytin q\u0259yyum yox, m\u0259hz firon kimi q\u0259bul edildiyini t\u0259sdiql\u0259y\u0259n \u0259sas d\u0259lil birinci hakim s\u00fclal\u0259y\u0259 aid fironlar siyah\u0131s\u0131nda, o c\u00fcml\u0259d\u0259n arxeoloji qaz\u0131nt\u0131lar zaman\u0131 tap\u0131lm\u0131\u015f predmetl\u0259rd\u0259 onun da ad\u0131n\u0131n olmas\u0131d\u0131r. M\u0259s\u0259l\u0259n, o d\u00f6vr\u0259 aid \u0259n ciddi informasiya m\u0259nb\u0259yi say\u0131lan Palermo da\u015f\u0131nda Merit-Neytin ad\u0131 firon olaraq qeyd edilib (Palermo da\u015f\u0131 &#8211; q\u0259dim Misird\u0259 \u201cKrallar\u0131n salnam\u0259l\u0259ri\u201d yaz\u0131lm\u0131\u015f da\u015f kitab\u0259nin bu g\u00fcn\u00fcm\u00fcz\u0259 g\u0259lib \u00e7atm\u0131\u015f 7 fraqmentind\u0259n biri. Kitab\u0259d\u0259 ilk be\u015f s\u00fcl\u0259lanin fironlar\u0131n\u0131n ad\u0131 v\u0259 h\u0259r birinin hakimiyy\u0259t ill\u0259rind\u0259 ba\u015f vermi\u015f vacib hadis\u0259l\u0259r qeyd olunub. \u0130taliyan\u0131n Palermo \u015f\u0259h\u0259rind\u0259ki arxeologiya muzeyind\u0259 saxland\u0131\u011f\u0131 \u00fc\u00e7\u00fcn \u201cPalermo da\u015f\u0131\u201d adland\u0131r\u0131l\u0131r). Bu, bir qad\u0131n\u0131n h\u00f6kmdarl\u0131\u011f\u0131na dair ilk t\u0259sdiq olunmu\u015f faktd\u0131r v\u0259 bu fakta \u0259sas\u0259n dem\u0259k olar ki, Merit-Neyt tarix\u0259 m\u0259lum olan ilk qad\u0131n krali\u00e7ad\u0131r.\n<\/p>\n<p>\n  Merit-Neytin firon statusunu t\u0259sdiq ed\u0259n daha bir ciddi d\u0259lil onun Abidos yax\u0131nl\u0131\u011f\u0131ndak\u0131 q\u0259dim Um \u0259l-Qaab nekropolunda \u0259ri v\u0259 o\u011flunun m\u0259zarlar\u0131 aras\u0131nda yerl\u0259\u015f\u0259n t\u00fcrb\u0259sidir. Arxeoloqlar t\u00fcrb\u0259nin dig\u0259r fironlar\u0131n m\u0259zarlar\u0131yla eyni \u00f6l\u00e7\u00fcd\u0259 olmas\u0131n\u0131 Merit-Neytin onlarla eyni status da\u015f\u0131mas\u0131 kimi qiym\u0259tl\u0259ndirirl\u0259r.<\/p>\n<p>  Bu m\u0259zar\u0131 1900-c\u00fc ild\u0259 m\u0259h\u015fur arxeoloq Flinders Perti a\u015fkar edib. \u00c7oxotaql\u0131 saray \u015f\u0259klind\u0259 tikilmi\u015f, divarlar\u0131 gil k\u0259rpicl\u0259 h\u00f6r\u00fclm\u00fc\u015f t\u00fcrb\u0259nin kim\u0259 aid oldu\u011fu d\u0259rhal bilinm\u0259s\u0259 d\u0259, burda bir firon d\u0259fn edildiyi he\u00e7 k\u0259sd\u0259 \u015f\u00fcbh\u0259 do\u011furmay\u0131b. \u00c7\u00fcnki \u0259traf\u0131nda \u0259n az\u0131 40 m\u0259zar (b\u0259zi m\u0259nb\u0259l\u0259r\u0259 g\u00f6r\u0259 117 \u2013 41 ki\u015fi, 77 qad\u0131n m\u0259zar\u0131) tap\u0131l\u0131b v\u0259 t\u0259xmin edilib ki, onlar firona o biri d\u00fcnyada da qulluq etm\u0259k \u00fc\u00e7\u00fcn d\u0259fn edil\u0259n xidm\u0259t\u00e7il\u0259rin m\u0259zarlar\u0131d\u0131r &#8211; birinci hakim s\u00fclal\u0259nin idar\u0259\u00e7iliyi d\u00f6vr\u00fcnd\u0259 bu, geni\u015f yay\u0131lm\u0131\u015f praktika oldu\u011funa g\u00f6r\u0259. Eyni zamanda, m\u0259zarl\u0131q kompleksinin dig\u0259r b\u00f6l\u00fcml\u0259rind\u0259 \u00e7ox sayda qurbanl\u0131q heyvan c\u0259s\u0259di v\u0259 \u00fcmumi sah\u0259si 19,2m x 16,3m, uzunlu\u011fu 17,8 m olan bo\u015f \u00e7uxur da a\u015fkar edilib. O vaxt bel\u0259 \u00e7uxurlara fironlar\u0131n o d\u00fcnyada g\u00fcn\u0259\u015f tanr\u0131s\u0131yla s\u0259yah\u0259t\u0259 \u00e7\u0131xmas\u0131 \u00fc\u00e7\u00fcn n\u0259z\u0259rd\u0259 tutulmu\u015f \u201cg\u00fcn\u0259\u015f qay\u0131\u011f\u0131\u201d yerl\u0259\u015fdirilirmi\u015f.<\/p>\n<p>  \u018fvv\u0259lc\u0259 t\u00fcrb\u0259nin hans\u0131sa ki\u015fi firona aid oldu\u011fu g\u00fcman edilib. Amma orda d\u0259fn edil\u0259nin ad\u0131 bilin\u0259nd\u0259n sonra m\u0259lum olub ki, bu, yanl\u0131\u015f q\u0259na\u0259tdir, \u00e7\u00fcnki Merit-Neyt (\u201cNeytin sevgilisi\u201d) ancaq qad\u0131na veril\u0259 bil\u0259c\u0259k ad\u0131yd\u0131, ilah\u0259 Neyt qad\u0131nlar\u0131n v\u0259 ail\u0259l\u0259rin qoruyucusu say\u0131l\u0131rd\u0131 v\u0259 hakim ail\u0259nin qad\u0131nlar\u0131 \u00f6z adlar\u0131n\u0131n yan\u0131na, ad\u0259t\u0259n, onun da ad\u0131n\u0131 qo\u015furdular (Neyt (v\u0259 ya Nit v\u0259 ya Net \u2013 \u201cvar olan\u201d) q\u0259dim Misirin \u0259n m\u0259\u015fhur ilah\u0259l\u0259rind\u0259n biridir. M\u00fcxt\u0259lif d\u00f6vrl\u0259rd\u0259 f\u0259rqli hipostazlarda t\u0259qdim olunub \u2013 g\u00fcn\u0259\u015f allah\u0131 Ran\u0131n anas\u0131 olaraq h\u0259r \u015feyin ba\u015flan\u011f\u0131c\u0131n\u0131 qoymu\u015f ilk allah; yeddi ox v\u0259 yeddi s\u00f6zl\u0259 g\u00fcn\u0259\u015fi yaradan; pis ruhlar\u0131 qovan; \u015f\u0259fa ver\u0259n; su ilah\u0259si; ov v\u0259 m\u00fcharib\u0259 ilah\u0259si; \u0259sg\u0259rl\u0259rin silahlar\u0131n\u0131 qoruyan; \u00f6l\u00fcl\u0259ri qoruyan; \u00f6l\u00fcl\u0259r \u00fc\u00e7\u00fcn k\u0259tan sarman\u0131 icad ed\u0259n v\u0259 bel\u0259likl\u0259 d\u0259, toxuculuq s\u0259n\u0259tini v\u0259 bu i\u015fl\u0259 m\u0259\u015f\u011ful olan qad\u0131nlar\u0131, onlar\u0131n ail\u0259l\u0259rini qoruyan). Bundan ba\u015fqa, m\u0259zardak\u0131 q\u0259bir\u00fcst\u00fc da\u015f\u0131n \u00fcst\u00fcnd\u0259 d\u0259 ilah\u0259 Neyt\u0259 aid simvollar (qalxan v\u0259 iki \u00e7arpaz ox) a\u015fkar edilib.<\/p>\n<p>  Bir \u00e7ox firon m\u0259zar\u0131 kimi, bu t\u00fcrb\u0259 d\u0259 sonralar talan edilib, amma Merit-Neytin h\u00f6kmdara layiq t\u0259mt\u0259raqla d\u0259fn edildiyi m\u0259zar\u0131n el\u0259 o v\u0259ziyy\u0259tind\u0259n d\u0259 b\u0259lli olub.<\/p>\n<p>  Amma Abidosdak\u0131 t\u00fcrb\u0259 Merit-Neyt\u0259 aid olan yegan\u0259 m\u0259zar deyil, \u00e7\u00fcnki o d\u00f6vrd\u0259 fironlar \u00fc\u00e7\u00fcn iki t\u00fcrb\u0259 in\u015fa edilirdi \u2013 birincisi d\u0259fn, ikincisi ibad\u0259t yeri kimi. Arxeoloqlar Merit-Neytin ikinci t\u00fcrb\u0259sini Memfis yax\u0131nl\u0131\u011f\u0131ndak\u0131 Saqqara fironlar vadisind\u0259 tap\u0131blar. T\u00fcrb\u0259d\u0259ki qaz\u0131nt\u0131lar zaman\u0131 \u00fcz\u0259 \u00e7\u0131xan d\u0259lil bu fakta m\u00fcnasib\u0259td\u0259 m\u00fcbahis\u0259 yaratmayan kateqoriyadan olub &#8211; d\u00fczbucaql\u0131 saray fasad\u0131na b\u0259nz\u0259y\u0259n elementin \u00fcz\u0259rind\u0259 Merit-Neytin ad\u0131 a\u015fkar edilib. Ondan daha \u0259vv\u0259l o\u011flunun regenti olmu\u015f Neyt-Hotep\u0259 ancaq d\u0259fn \u00fc\u00e7\u00fcn, h\u0259m d\u0259 fironkular q\u0259d\u0259r b\u00f6y\u00fck olmayan t\u00fcrb\u0259nin tikilm\u0259si ilk qad\u0131n h\u00f6kmdar statusunun m\u0259hz Merit-Neyt\u0259 aid oldu\u011funu g\u00f6st\u0259r\u0259n d\u0259lill\u0259rd\u0259n biridir.<\/p>\n<p>  N\u0259hay\u0259t, Merit-Neytin fironlu\u011funa aid \u0259n \u0259sasl\u0131 d\u0259lil bar\u0259d\u0259: o\u011flu Denin (Udimu) t\u00fcrb\u0259sind\u0259ki arxeoloji qaz\u0131nt\u0131lar zaman\u0131 \u00fcz\u0259rind\u0259 \u201cKrali\u00e7a ana Merit-Neyt\u201d yaz\u0131lm\u0131\u015f gil m\u00f6h\u00fcr tap\u0131l\u0131b. Bu fakt 5 min \u0259vv\u0259l ya\u015fam\u0131\u015f bir qad\u0131n\u0131n tam s\u0259lahiyy\u0259t\u0259 malik h\u00f6kmdar olmas\u0131 q\u0259na\u0259tini daha da m\u00f6hk\u0259ml\u0259ndirir.\n<\/p>\n<p>\n  <i><br \/>\n    Yaz\u0131 m\u00fc\u0259llifin fikirl\u0259rini \u0259ks etdirir v\u0259 Meydan TV-nin m\u00f6vqeyi il\u0259 \u00fcst-\u00fcst\u0259 d\u00fc\u015fm\u0259y\u0259 bil\u0259r.<br \/>\n  <\/i><\/p>\n","protected":false},"excerpt":{"rendered":"<p>Q\u0259dim Misir haqq\u0131nda elm\u0259 h\u0259l\u0259 m\u0259lum olmayan, sonrak\u0131 ill\u0259rd\u0259 a\u015fkar edil\u0259c\u0259k faktlar da yer al\u0131b<\/p>\n","protected":false},"author":11,"featured_media":111689,"comment_status":"closed","ping_status":"open","sticky":false,"template":"","format":"standard","meta":{"_acf_changed":false,"_sitemap_exclude":false,"_sitemap_priority":"","_sitemap_frequency":"","footnotes":""},"categories":[57],"tags":[],"class_list":["post-192321","post","type-post","status-publish","format-standard","has-post-thumbnail","hentry","category-menim-fikrimce","infinite-scroll-item","generate-columns","tablet-grid-50","mobile-grid-100","grid-parent","grid-33","no-featured-image-padding"],"acf":[],"yoast_head":"<!-- This site is optimized with the Yoast SEO plugin v27.4 - https:\/\/yoast.com\/product\/yoast-seo-wordpress\/ -->\n<title>5 min illik tarix: ilk qad\u0131n firon Merit-Neyt - MEYDAN.TV<\/title>\n<meta name=\"robots\" content=\"index, follow, max-snippet:-1, max-image-preview:large, max-video-preview:-1\" \/>\n<link rel=\"canonical\" href=\"https:\/\/www.meydan.tv\/az\/article\/5-min-illik-tarix-ilk-qadin-firon-merit-neyt\/\" \/>\n<meta property=\"og:locale\" content=\"az_AZ\" \/>\n<meta property=\"og:type\" content=\"article\" \/>\n<meta property=\"og:title\" content=\"5 min illik tarix: ilk qad\u0131n firon Merit-Neyt - MEYDAN.TV\" \/>\n<meta property=\"og:description\" content=\"Q\u0259dim Misir haqq\u0131nda elm\u0259 h\u0259l\u0259 m\u0259lum olmayan, sonrak\u0131 ill\u0259rd\u0259 a\u015fkar edil\u0259c\u0259k faktlar da yer al\u0131b\" \/>\n<meta property=\"og:url\" content=\"https:\/\/www.meydan.tv\/az\/article\/5-min-illik-tarix-ilk-qadin-firon-merit-neyt\/\" \/>\n<meta property=\"og:site_name\" content=\"MEYDAN.TV\" \/>\n<meta property=\"article:published_time\" content=\"2018-10-28T16:13:55+00:00\" \/>\n<meta property=\"og:image\" content=\"https:\/\/www.meydan.tv\/wp-content\/uploads\/44439.jpg\" \/>\n\t<meta property=\"og:image:width\" content=\"620\" \/>\n\t<meta property=\"og:image:height\" content=\"465\" \/>\n\t<meta property=\"og:image:type\" content=\"image\/jpeg\" \/>\n<meta name=\"author\" content=\"user-manager\" \/>\n<meta name=\"twitter:card\" content=\"summary_large_image\" \/>\n<script type=\"application\/ld+json\" class=\"yoast-schema-graph\">{\"@context\":\"https:\\\/\\\/schema.org\",\"@graph\":[{\"@type\":\"Article\",\"@id\":\"https:\\\/\\\/www.meydan.tv\\\/az\\\/article\\\/5-min-illik-tarix-ilk-qadin-firon-merit-neyt\\\/#article\",\"isPartOf\":{\"@id\":\"https:\\\/\\\/www.meydan.tv\\\/az\\\/article\\\/5-min-illik-tarix-ilk-qadin-firon-merit-neyt\\\/\"},\"author\":{\"name\":\"user-manager\",\"@id\":\"https:\\\/\\\/www.meydan.tv\\\/az\\\/#\\\/schema\\\/person\\\/10d11eccf6da3662cf5fdab9806ea91a\"},\"headline\":\"5 min illik tarix: ilk qad\u0131n firon Merit-Neyt\",\"datePublished\":\"2018-10-28T16:13:55+00:00\",\"mainEntityOfPage\":{\"@id\":\"https:\\\/\\\/www.meydan.tv\\\/az\\\/article\\\/5-min-illik-tarix-ilk-qadin-firon-merit-neyt\\\/\"},\"wordCount\":1873,\"publisher\":{\"@id\":\"https:\\\/\\\/www.meydan.tv\\\/az\\\/#organization\"},\"image\":{\"@id\":\"https:\\\/\\\/www.meydan.tv\\\/az\\\/article\\\/5-min-illik-tarix-ilk-qadin-firon-merit-neyt\\\/#primaryimage\"},\"thumbnailUrl\":\"https:\\\/\\\/www.meydan.tv\\\/wp-content\\\/uploads\\\/44439.jpg\",\"articleSection\":[\"M\u0259nim Fikrimc\u0259\"],\"inLanguage\":\"az\"},{\"@type\":\"WebPage\",\"@id\":\"https:\\\/\\\/www.meydan.tv\\\/az\\\/article\\\/5-min-illik-tarix-ilk-qadin-firon-merit-neyt\\\/\",\"url\":\"https:\\\/\\\/www.meydan.tv\\\/az\\\/article\\\/5-min-illik-tarix-ilk-qadin-firon-merit-neyt\\\/\",\"name\":\"5 min illik tarix: ilk qad\u0131n firon Merit-Neyt - MEYDAN.TV\",\"isPartOf\":{\"@id\":\"https:\\\/\\\/www.meydan.tv\\\/az\\\/#website\"},\"primaryImageOfPage\":{\"@id\":\"https:\\\/\\\/www.meydan.tv\\\/az\\\/article\\\/5-min-illik-tarix-ilk-qadin-firon-merit-neyt\\\/#primaryimage\"},\"image\":{\"@id\":\"https:\\\/\\\/www.meydan.tv\\\/az\\\/article\\\/5-min-illik-tarix-ilk-qadin-firon-merit-neyt\\\/#primaryimage\"},\"thumbnailUrl\":\"https:\\\/\\\/www.meydan.tv\\\/wp-content\\\/uploads\\\/44439.jpg\",\"datePublished\":\"2018-10-28T16:13:55+00:00\",\"breadcrumb\":{\"@id\":\"https:\\\/\\\/www.meydan.tv\\\/az\\\/article\\\/5-min-illik-tarix-ilk-qadin-firon-merit-neyt\\\/#breadcrumb\"},\"inLanguage\":\"az\",\"potentialAction\":[{\"@type\":\"ReadAction\",\"target\":[\"https:\\\/\\\/www.meydan.tv\\\/az\\\/article\\\/5-min-illik-tarix-ilk-qadin-firon-merit-neyt\\\/\"]}]},{\"@type\":\"ImageObject\",\"inLanguage\":\"az\",\"@id\":\"https:\\\/\\\/www.meydan.tv\\\/az\\\/article\\\/5-min-illik-tarix-ilk-qadin-firon-merit-neyt\\\/#primaryimage\",\"url\":\"https:\\\/\\\/www.meydan.tv\\\/wp-content\\\/uploads\\\/44439.jpg\",\"contentUrl\":\"https:\\\/\\\/www.meydan.tv\\\/wp-content\\\/uploads\\\/44439.jpg\",\"width\":620,\"height\":465,\"caption\":\"Source:\"},{\"@type\":\"BreadcrumbList\",\"@id\":\"https:\\\/\\\/www.meydan.tv\\\/az\\\/article\\\/5-min-illik-tarix-ilk-qadin-firon-merit-neyt\\\/#breadcrumb\",\"itemListElement\":[{\"@type\":\"ListItem\",\"position\":1,\"name\":\"Ana s\u0259hif\u0259\",\"item\":\"https:\\\/\\\/www.meydan.tv\\\/az\\\/\"},{\"@type\":\"ListItem\",\"position\":2,\"name\":\"M\u0259nim Fikrimc\u0259\",\"item\":\"https:\\\/\\\/www.meydan.tv\\\/az\\\/section\\\/menim-fikrimce\\\/\"},{\"@type\":\"ListItem\",\"position\":3,\"name\":\"5 min illik tarix: ilk qad\u0131n firon Merit-Neyt\"}]},{\"@type\":\"WebSite\",\"@id\":\"https:\\\/\\\/www.meydan.tv\\\/az\\\/#website\",\"url\":\"https:\\\/\\\/www.meydan.tv\\\/az\\\/\",\"name\":\"MEYDAN.TV\",\"description\":\"Meydan TV Az\u0259rbaycan\u0131n media m\u0259kan\u0131ndak\u0131 alternativ s\u0259sidir\",\"publisher\":{\"@id\":\"https:\\\/\\\/www.meydan.tv\\\/az\\\/#organization\"},\"potentialAction\":[{\"@type\":\"SearchAction\",\"target\":{\"@type\":\"EntryPoint\",\"urlTemplate\":\"https:\\\/\\\/www.meydan.tv\\\/az\\\/?s={search_term_string}\"},\"query-input\":{\"@type\":\"PropertyValueSpecification\",\"valueRequired\":true,\"valueName\":\"search_term_string\"}}],\"inLanguage\":\"az\"},{\"@type\":\"Organization\",\"@id\":\"https:\\\/\\\/www.meydan.tv\\\/az\\\/#organization\",\"name\":\"Meydan TV\",\"url\":\"https:\\\/\\\/www.meydan.tv\\\/az\\\/\",\"logo\":{\"@type\":\"ImageObject\",\"inLanguage\":\"az\",\"@id\":\"https:\\\/\\\/www.meydan.tv\\\/az\\\/#\\\/schema\\\/logo\\\/image\\\/\",\"url\":\"https:\\\/\\\/www.meydan.tv\\\/wp-content\\\/uploads\\\/2021\\\/07\\\/meydan-logo.svg\",\"contentUrl\":\"https:\\\/\\\/www.meydan.tv\\\/wp-content\\\/uploads\\\/2021\\\/07\\\/meydan-logo.svg\",\"width\":195,\"height\":46,\"caption\":\"Meydan TV\"},\"image\":{\"@id\":\"https:\\\/\\\/www.meydan.tv\\\/az\\\/#\\\/schema\\\/logo\\\/image\\\/\"}},{\"@type\":\"Person\",\"@id\":\"https:\\\/\\\/www.meydan.tv\\\/az\\\/#\\\/schema\\\/person\\\/10d11eccf6da3662cf5fdab9806ea91a\",\"name\":\"user-manager\"}]}<\/script>\n<!-- \/ Yoast SEO plugin. -->","yoast_head_json":{"title":"5 min illik tarix: ilk qad\u0131n firon Merit-Neyt - MEYDAN.TV","robots":{"index":"index","follow":"follow","max-snippet":"max-snippet:-1","max-image-preview":"max-image-preview:large","max-video-preview":"max-video-preview:-1"},"canonical":"https:\/\/www.meydan.tv\/az\/article\/5-min-illik-tarix-ilk-qadin-firon-merit-neyt\/","og_locale":"az_AZ","og_type":"article","og_title":"5 min illik tarix: ilk qad\u0131n firon Merit-Neyt - MEYDAN.TV","og_description":"Q\u0259dim Misir haqq\u0131nda elm\u0259 h\u0259l\u0259 m\u0259lum olmayan, sonrak\u0131 ill\u0259rd\u0259 a\u015fkar edil\u0259c\u0259k faktlar da yer al\u0131b","og_url":"https:\/\/www.meydan.tv\/az\/article\/5-min-illik-tarix-ilk-qadin-firon-merit-neyt\/","og_site_name":"MEYDAN.TV","article_published_time":"2018-10-28T16:13:55+00:00","og_image":[{"width":620,"height":465,"url":"https:\/\/www.meydan.tv\/wp-content\/uploads\/44439.jpg","type":"image\/jpeg"}],"author":"user-manager","twitter_card":"summary_large_image","schema":{"@context":"https:\/\/schema.org","@graph":[{"@type":"Article","@id":"https:\/\/www.meydan.tv\/az\/article\/5-min-illik-tarix-ilk-qadin-firon-merit-neyt\/#article","isPartOf":{"@id":"https:\/\/www.meydan.tv\/az\/article\/5-min-illik-tarix-ilk-qadin-firon-merit-neyt\/"},"author":{"name":"user-manager","@id":"https:\/\/www.meydan.tv\/az\/#\/schema\/person\/10d11eccf6da3662cf5fdab9806ea91a"},"headline":"5 min illik tarix: ilk qad\u0131n firon Merit-Neyt","datePublished":"2018-10-28T16:13:55+00:00","mainEntityOfPage":{"@id":"https:\/\/www.meydan.tv\/az\/article\/5-min-illik-tarix-ilk-qadin-firon-merit-neyt\/"},"wordCount":1873,"publisher":{"@id":"https:\/\/www.meydan.tv\/az\/#organization"},"image":{"@id":"https:\/\/www.meydan.tv\/az\/article\/5-min-illik-tarix-ilk-qadin-firon-merit-neyt\/#primaryimage"},"thumbnailUrl":"https:\/\/www.meydan.tv\/wp-content\/uploads\/44439.jpg","articleSection":["M\u0259nim Fikrimc\u0259"],"inLanguage":"az"},{"@type":"WebPage","@id":"https:\/\/www.meydan.tv\/az\/article\/5-min-illik-tarix-ilk-qadin-firon-merit-neyt\/","url":"https:\/\/www.meydan.tv\/az\/article\/5-min-illik-tarix-ilk-qadin-firon-merit-neyt\/","name":"5 min illik tarix: ilk qad\u0131n firon Merit-Neyt - MEYDAN.TV","isPartOf":{"@id":"https:\/\/www.meydan.tv\/az\/#website"},"primaryImageOfPage":{"@id":"https:\/\/www.meydan.tv\/az\/article\/5-min-illik-tarix-ilk-qadin-firon-merit-neyt\/#primaryimage"},"image":{"@id":"https:\/\/www.meydan.tv\/az\/article\/5-min-illik-tarix-ilk-qadin-firon-merit-neyt\/#primaryimage"},"thumbnailUrl":"https:\/\/www.meydan.tv\/wp-content\/uploads\/44439.jpg","datePublished":"2018-10-28T16:13:55+00:00","breadcrumb":{"@id":"https:\/\/www.meydan.tv\/az\/article\/5-min-illik-tarix-ilk-qadin-firon-merit-neyt\/#breadcrumb"},"inLanguage":"az","potentialAction":[{"@type":"ReadAction","target":["https:\/\/www.meydan.tv\/az\/article\/5-min-illik-tarix-ilk-qadin-firon-merit-neyt\/"]}]},{"@type":"ImageObject","inLanguage":"az","@id":"https:\/\/www.meydan.tv\/az\/article\/5-min-illik-tarix-ilk-qadin-firon-merit-neyt\/#primaryimage","url":"https:\/\/www.meydan.tv\/wp-content\/uploads\/44439.jpg","contentUrl":"https:\/\/www.meydan.tv\/wp-content\/uploads\/44439.jpg","width":620,"height":465,"caption":"Source:"},{"@type":"BreadcrumbList","@id":"https:\/\/www.meydan.tv\/az\/article\/5-min-illik-tarix-ilk-qadin-firon-merit-neyt\/#breadcrumb","itemListElement":[{"@type":"ListItem","position":1,"name":"Ana s\u0259hif\u0259","item":"https:\/\/www.meydan.tv\/az\/"},{"@type":"ListItem","position":2,"name":"M\u0259nim Fikrimc\u0259","item":"https:\/\/www.meydan.tv\/az\/section\/menim-fikrimce\/"},{"@type":"ListItem","position":3,"name":"5 min illik tarix: ilk qad\u0131n firon Merit-Neyt"}]},{"@type":"WebSite","@id":"https:\/\/www.meydan.tv\/az\/#website","url":"https:\/\/www.meydan.tv\/az\/","name":"MEYDAN.TV","description":"Meydan TV Az\u0259rbaycan\u0131n media m\u0259kan\u0131ndak\u0131 alternativ s\u0259sidir","publisher":{"@id":"https:\/\/www.meydan.tv\/az\/#organization"},"potentialAction":[{"@type":"SearchAction","target":{"@type":"EntryPoint","urlTemplate":"https:\/\/www.meydan.tv\/az\/?s={search_term_string}"},"query-input":{"@type":"PropertyValueSpecification","valueRequired":true,"valueName":"search_term_string"}}],"inLanguage":"az"},{"@type":"Organization","@id":"https:\/\/www.meydan.tv\/az\/#organization","name":"Meydan TV","url":"https:\/\/www.meydan.tv\/az\/","logo":{"@type":"ImageObject","inLanguage":"az","@id":"https:\/\/www.meydan.tv\/az\/#\/schema\/logo\/image\/","url":"https:\/\/www.meydan.tv\/wp-content\/uploads\/2021\/07\/meydan-logo.svg","contentUrl":"https:\/\/www.meydan.tv\/wp-content\/uploads\/2021\/07\/meydan-logo.svg","width":195,"height":46,"caption":"Meydan TV"},"image":{"@id":"https:\/\/www.meydan.tv\/az\/#\/schema\/logo\/image\/"}},{"@type":"Person","@id":"https:\/\/www.meydan.tv\/az\/#\/schema\/person\/10d11eccf6da3662cf5fdab9806ea91a","name":"user-manager"}]}},"_links":{"self":[{"href":"https:\/\/www.meydan.tv\/az\/wp-json\/wp\/v2\/posts\/192321","targetHints":{"allow":["GET"]}}],"collection":[{"href":"https:\/\/www.meydan.tv\/az\/wp-json\/wp\/v2\/posts"}],"about":[{"href":"https:\/\/www.meydan.tv\/az\/wp-json\/wp\/v2\/types\/post"}],"author":[{"embeddable":true,"href":"https:\/\/www.meydan.tv\/az\/wp-json\/wp\/v2\/users\/11"}],"replies":[{"embeddable":true,"href":"https:\/\/www.meydan.tv\/az\/wp-json\/wp\/v2\/comments?post=192321"}],"version-history":[{"count":0,"href":"https:\/\/www.meydan.tv\/az\/wp-json\/wp\/v2\/posts\/192321\/revisions"}],"wp:featuredmedia":[{"embeddable":true,"href":"https:\/\/www.meydan.tv\/az\/wp-json\/wp\/v2\/media\/111689"}],"wp:attachment":[{"href":"https:\/\/www.meydan.tv\/az\/wp-json\/wp\/v2\/media?parent=192321"}],"wp:term":[{"taxonomy":"category","embeddable":true,"href":"https:\/\/www.meydan.tv\/az\/wp-json\/wp\/v2\/categories?post=192321"},{"taxonomy":"post_tag","embeddable":true,"href":"https:\/\/www.meydan.tv\/az\/wp-json\/wp\/v2\/tags?post=192321"}],"curies":[{"name":"wp","href":"https:\/\/api.w.org\/{rel}","templated":true}]}}