{"id":192306,"date":"2018-10-26T20:07:52","date_gmt":"2018-10-26T20:07:52","guid":{"rendered":"https:\/\/www.meydan.tv\/article\/dunyanin-analoqsuz-xuliqanlari\/"},"modified":"2018-10-26T20:07:52","modified_gmt":"2018-10-26T20:07:52","slug":"dunyanin-analoqsuz-xuliqanlari","status":"publish","type":"post","link":"https:\/\/www.meydan.tv\/az\/article\/dunyanin-analoqsuz-xuliqanlari\/","title":{"rendered":"D\u00fcnyan\u0131n analoqsuz xuliqanlar\u0131"},"content":{"rendered":"<figure class=\"wp-block-image size-large\">\n  <img decoding=\"async\" src=\"https:\/\/www.meydan.tv\/az\/111578\/\" alt=\"\" class=\"wp-image-111578\"\/><figcaption><\/figcaption><\/figure>\n<p>\n  Etiraf edim ki, v\u0259t\u0259n\u0259 sevgi m\u0259nim sar\u0131 simimdir. \u00d6z\u00fcm\u00fc \u0259qlanilik (rasionalizm) t\u0259r\u0259fdar\u0131 say\u0131ram v\u0259 bu bucaqdan m\u00fcasir Az\u0259rbaycana baxanda, anlay\u0131ram ki, f\u0259xr edil\u0259si, q\u00fcrr\u0259l\u0259nil\u0259si he\u00e7 zad\u0131m\u0131z yoxdur. Anlay\u0131ram ki, r\u0259smi t\u0259bli\u011fat\u0131n hap-gopuna r\u0259\u011fm\u0259n, Az\u0259rbaycan d\u00fcnyan\u0131n \u0259n h\u0259qir \u00f6lk\u0259l\u0259rind\u0259n biridir. H\u0259tta hakimiyy\u0259timizin lov\u011faland\u0131\u011f\u0131 neft g\u0259lirl\u0259ri bel\u0259 biz\u0259 a\u011f\u0131ll\u0131 adamlar\u0131n g\u00f6z\u00fcnd\u0259 ar g\u0259tirir, zira bu q\u0259d\u0259r b\u00f6y\u00fck pulu bu q\u0259d\u0259r s\u0259feh t\u0259rzd\u0259 tam \u0259b\u0259s m\u0259qs\u0259dl\u0259r\u0259 x\u0259rcl\u0259y\u0259n ikinci bel\u0259 d\u00f6vl\u0259t v\u0259 mill\u0259t, \u00e7\u0259tin ki, tap\u0131ls\u0131n.\n<\/p>\n<p>\n  \u018frazisi v\u0259 \u0259halisi bizd\u0259n \u00fc\u00e7 d\u0259f\u0259 ki\u00e7ik Erm\u0259nistana m\u00fcharib\u0259ni biab\u0131rcas\u0131na uduzmu\u015fuq. H\u0259l\u0259 bu azm\u0131\u015f kimi, bunu d\u0259rk etm\u0259y\u0259r\u0259k, ars\u0131z-ars\u0131z bu \u0259bl\u0259h m\u00fcharib\u0259 il\u0259 lov\u011falan\u0131r\u0131q, m\u0259\u011flubiyy\u0259t generallar\u0131na r\u00fctb\u0259 v\u0259 milli q\u0259hr\u0259man adlar\u0131 veririk! H\u0259r min n\u0259f\u0259r \u0259haliy\u0259 d\u00fc\u015f\u0259n milli q\u0259hr\u0259manlar\u0131n v\u0259 generallar\u0131n say\u0131na g\u00f6r\u0259 v\u0259t\u0259nimiz d\u00fcnyada utand\u0131r\u0131c\u0131 birinci yeri tutur. Deyirl\u0259r ki, t\u0259k bir Nehr\u0259m k\u0259ndind\u0259n 14 general\u0131m\u0131z var&#8230;\n<\/p>\n<p>\n  Sosialist Az\u0259rbaycan\u0131 d\u00fcnyan\u0131n 67 \u00f6lk\u0259sin\u0259 d\u0259zgah v\u0259 cihaz ixrac edirdi. M\u00fcst\u0259qil Az\u0259rbaycan Liviya v\u0259 Kuveytin s\u0259viyy\u0259sin\u0259 d\u0131\u011f\u0131rlan\u0131b yaln\u0131z neft sat\u0131r, \u00f6z konstruktor, m\u00fch\u0259ndis v\u0259 ixtisasl\u0131 f\u0259hl\u0259 potensial\u0131n\u0131 g\u00f6y\u0259 sovurub. Q\u0131sa zaman k\u0259siyind\u0259 t\u0259n\u0259zz\u00fcl n\u0259rdivan\u0131 boyunca girdab\u0131n t\u0259kin\u0259 d\u00fc\u015fm\u00fc\u015f v\u0259 bunu qanmayaraq inki\u015fafdan a\u011f\u0131zdolusu dan\u0131\u015fan ikinci bel\u0259 d\u00f6vl\u0259t, \u00e7\u0259tin ki, tap\u0131la!\n<\/p>\n<p>\n  Sovet Az\u0259rbaycan\u0131nda hakimiyy\u0259tl\u0259 xalq aras\u0131nda d\u0259rin bir u\u00e7urum var idi, h\u0259yat\u0131n m\u00f6hn\u0259tli \u00e7a\u011f\u0131nda n\u0259 yad hakimiyy\u0259t xalqa, n\u0259 yad xalq hakimiyy\u0259t\u0259 dayaq olmaq ist\u0259di. M\u00fcasir Az\u0259rbaycan\u0131n hakimiyy\u0259ti xalq\u0131m\u0131za nisb\u0259t\u0259n b\u0259lk\u0259 d\u0259 y\u0259hudi v\u0259 ya ingilis xalqlar\u0131na daha yax\u0131nd\u0131r. M\u00fcxt\u0259s\u0259r, n\u0259 hakimiyy\u0259t xalqa inan\u0131r, n\u0259 d\u0259 xalq hakimiyy\u0259t\u0259. D\u00f6vl\u0259t \u00e7\u0259tin s\u0131naq qar\u015f\u0131s\u0131nda qalsa, hakimiyy\u0259t xaric\u0259 qa\u00e7\u0131b \u00f6z ba\u015f\u0131na orada \u00e7ar\u0259 q\u0131lacaq, xalq \u00f6lk\u0259d\u0259 qal\u0131b i\u00e7\u0259rid\u0259 ba\u015f\u0131n\u0131 girl\u0259y\u0259c\u0259k. N\u0259 hakimiyy\u0259t xalqa s\u00f6yk\u0259n\u0259 bil\u0259c\u0259k, n\u0259 d\u0259 xalq hakimiyy\u0259td\u0259n n\u0259 is\u0259 umacaq. G\u00fcn\u00fcn g\u00fcnorta \u00e7a\u011f\u0131 xalq\u0131n mal\u0131n\u0131 bas\u0131b yey\u0259n, ab\u0131r-h\u0259ya bilm\u0259d\u0259n ya\u011fmalayan, o\u011furlay\u0131b xaric\u0259 qa\u00e7\u0131ran hakimiyy\u0259td\u0259n yaln\u0131z \u00fc\u00e7 ya\u015fl\u0131 k\u00f6rp\u0259 u\u015faq k\u00f6m\u0259k g\u00f6zl\u0259y\u0259 bil\u0259r.\n<\/p>\n<p>\n  Yadelli d\u00fc\u015fm\u0259n Qaraba\u011f\u0131 Az\u0259rbaycandan qoparanda hans\u0131 hakimiyy\u0259t qeyr\u0259t\u0259 g\u0259lib V\u0259t\u0259ni qorudu? \u00d6z\u00fcn\u00fc kommunist adland\u0131ran buq\u0259l\u0259munlarm\u0131? \u00d6z\u00fcn\u00fc Xalq C\u0259bh\u0259si adland\u0131ran v\u0259zif\u0259 h\u0259risl\u0259rimi? \u00d6z\u00fcn\u00fc xalqa xilaskar kimi s\u0131r\u0131yan neft d\u0259llallar\u0131m\u0131?\n<\/p>\n<p>\n  Otuz ildir m\u00fcst\u0259qilik. Sovet xalq\u0131 otuz il\u0259 viran\u0259 SSR\u0130-ni tam b\u0259rpa edib f\u0259zaya peyk v\u0259 insan g\u00f6nd\u0259rdi. M\u00fcst\u0259qil Az\u0259rbaycan\u0131n hakimiyy\u0259ti d\u00f6vl\u0259timizin ad\u0131n\u0131 d\u00fcnyan\u0131n \u0259n m\u00f6t\u0259b\u0259r t\u0259\u015fkilatlar\u0131n\u0131n t\u0259rtib etdiyi \u0259n gerid\u0259 qalm\u0131\u015f, \u0259n m\u00fcrt\u0259ce, \u0259n b\u0259dnam d\u00f6vl\u0259tl\u0259r siyah\u0131s\u0131na sald\u0131. Kim d\u00fcnyada \u0259dal\u0259tsiz m\u0259hk\u0259m\u0259 q\u0259rarlar\u0131 \u00fczr\u0259 birincidir? Az\u0259rbaycan! Kim insan haqlar\u0131n\u0131n pozulmas\u0131na g\u00f6r\u0259 \u0259n \u00e7ox t\u0259nqid edilir? Az\u0259rbaycan! Kim ifad\u0259 azadl\u0131\u011f\u0131n\u0131n bo\u011fulmas\u0131na, jurnalistl\u0259rin \u00f6ld\u00fcr\u00fclm\u0259sin\u0259, \u015f\u0259rl\u0259n\u0259r\u0259k h\u0259bs edilm\u0259sin\u0259 g\u00f6r\u0259 ham\u0131dan \u00e7ox m\u0259z\u0259mm\u0259t edilir? Az\u0259rbaycan! Hans\u0131 d\u00f6vl\u0259tin ali m\u0259qaml\u0131 m\u0259murlar\u0131n\u0131n o\u011furluqlar\u0131n\u0131n v\u0259 r\u00fc\u015fv\u0259tl\u0259rinin gizlinl\u0259ri d\u00fcnya medias\u0131n\u0131n ba\u015fl\u0131qlar\u0131na \u00e7\u0131xar\u0131l\u0131r? Az\u0259rbaycan\u0131n! Hans\u0131 d\u00f6vl\u0259tin xarici siyas\u0259ti xalqa v\u0259 d\u00f6vl\u0259t\u0259 deyil, yaln\u0131z hakim z\u00fcmr\u0259nin iqtisadi v\u0259 siyasi maraqlar\u0131na xidm\u0259t edir? Az\u0259rbaycan\u0131n! Hans\u0131 d\u00f6vl\u0259t \u00f6z xalq\u0131na xarici siyas\u0259tinin Lissabon m\u0259\u011flubiyy\u0259tini q\u0259l\u0259b\u0259 kimi bayram el\u0259tdirir? Az\u0259rbaycan! Hans\u0131 d\u00f6vl\u0259t m\u00fcharib\u0259d\u0259 uduzdu\u011fu torpaqlar\u0131n d\u00fc\u015fm\u0259n t\u0259r\u0259find\u0259n h\u00fcquqi ilhaq\u0131 \u00fc\u00e7\u00fcn \u0259lind\u0259n g\u0259l\u0259ni edir? Az\u0259rbaycan! Hans\u0131 d\u00f6vl\u0259t silah al\u0131nmas\u0131 b\u0259han\u0259sil\u0259 xaric\u0259 milyardlarla dollar k\u00f6\u00e7\u00fcr\u00fcb bu pulu r\u00fc\u015fv\u0259t\u0259 v\u0259 ey\u015f-i\u015fr\u0259t\u0259 x\u0259rcl\u0259yir? Az\u0259rbaycan! Hans\u0131 d\u00f6vl\u0259tin h\u0259mkarlar lideri z\u0259hm\u0259tke\u015fin mal\u0131n\u0131 \u0259lind\u0259n al\u0131b \u00f6nu intihara s\u00f6vq edir? Az\u0259rbaycan! Hans\u0131 d\u00f6vl\u0259t \u00f6z v\u0259t\u0259nda\u015flar\u0131n\u0131n istehsalat q\u0259zalar\u0131nda h\u0259lak olmas\u0131n\u0131 t\u0259hqiq etmir v\u0259 m\u00fcq\u0259ssirl\u0259ri c\u0259zaland\u0131rm\u0131r? Az\u0259rbaycan!\n<\/p>\n<p>\n  N\u0259 is\u0259, b\u0259lalar\u0131m\u0131z sadalanmaqla t\u00fck\u0259nm\u0259z. Hans\u0131 s\u0259mt\u0259, yans\u0131 yana bax\u0131r\u0131qsa, m\u00f6ht\u0259r\u0259m c\u0259nablar\u0131 demi\u015fk\u0259n, yaln\u0131z utanmal\u0131y\u0131q!\n<\/p>\n<p>\n  Hakimiyy\u0259t el\u0259 bel\u0259 d\u0259 edir! O\u011furlay\u0131r v\u0259 utan\u0131r. R\u00fc\u015fv\u0259t verir v\u0259 utan\u0131r. R\u00fc\u015fv\u0259t al\u0131r v\u0259 utan\u0131r. V\u0259t\u0259nda\u015f\u0131 \u015f\u0259rl\u0259yib qazamata sal\u0131r v\u0259 utan\u0131r. Qazamatda ona i\u015fg\u0259nc\u0259 verir v\u0259 utan\u0131r. \u0130nsanlar\u0131n q\u00fcrur v\u0259 l\u0259yaq\u0259tini q\u0131r\u0131r v\u0259 tapdalay\u0131r, lakin bu zaman utanma\u011f\u0131 da unutmur! H\u0259r g\u00fcn, h\u0259r saat Az\u0259rbaycan Konstitusiyas\u0131n\u0131 pozur v\u0259 utan\u0131r.\n<\/p>\n<p>\n  Utanmaq m\u0259har\u0259ti v\u0259 \u015fak\u0259ri ali pe\u015f\u0259karl\u0131q s\u0259viyy\u0259sin\u0259 \u00e7at\u0131b. Milli utanma\u011f\u0131n mahiyy\u0259ti ondan ibar\u0259tdir ki, hakimiyy\u0259t bir-birind\u0259n utan\u0131r, \u00f6z aralar\u0131nda, dar bir \u015fevr\u0259d\u0259 utan\u0131r, d\u00fcnyayi-al\u0259md\u0259n v\u0259 k\u00fclli-\u0259hli-Az\u0259rbaycandan utanm\u0131r.\n<\/p>\n<p>\n  Buna son misal\u0131 milli xuliqanl\u0131q n\u00fcmun\u0259l\u0259rind\u0259 m\u00fc\u015fahid\u0259 ed\u0259 bil\u0259rik.\n<\/p>\n<p>\n  Milli xuliqanl\u0131q el\u0259 bir zadd\u0131r ki, bu sah\u0259d\u0259 biz K\u00fcrreyi-\u018frzd\u0259 ham\u0131dan ir\u0259lid\u0259yik v\u0259 m\u0259hz bu sah\u0259d\u0259 birincilikl\u0259 m\u0259n f\u0259xr edir\u0259m. D\u00fcnyan\u0131n haras\u0131na bax\u0131ramsa, bizd\u0259ki kimi keyfiyy\u0259tli xuliqan g\u00f6rm\u00fcr\u0259m. Bizim milli xuliqanlar d\u00fcnyada analoqu olmayan xuliqanlard\u0131r!\n<\/p>\n<p>\n  Xuliqan kimdir? Ba\u015fqa \u00f6lk\u0259l\u0259rd\u0259 xuliqan t\u0259rbiy\u0259siz, \u0259d\u0259bsiz, qanunlar\u0131 v\u0259 ictimai davran\u0131\u015f qaydalar\u0131n\u0131 a\u015fkar pozan heyv\u0259r\u0259nin biridir. Onlar c\u0259miyy\u0259tin t\u0259kind\u0259, \u0259n a\u015fa\u011f\u0131, bih\u00f6rm\u0259t pill\u0259l\u0259rd\u0259 m\u0259skunla\u015fan v\u00fccuddurlar.\n<\/p>\n<p>\n  K\u00fcl olsun ba\u015fqa d\u00f6vl\u0259tl\u0259rin ba\u015f\u0131na! Onlar utans\u0131nlar! Onlar\u0131n xuliqanlar\u0131 Az\u0259rbaycan xuliqanlar\u0131n\u0131n \u0259lin\u0259 su bel\u0259 t\u00f6km\u0259y\u0259 layiq deyill\u0259r!\n<\/p>\n<p>\n  \u00d6z\u00fcn\u00fcz deyin, hans\u0131 \u00f6lk\u0259 bizd\u0259ki xuliqanlar\u0131n qar\u015f\u0131s\u0131na onlara lay\u0131q r\u0259qib xuliqan \u00e7\u0131xara bil\u0259r?\n<\/p>\n<p>\n  G\u0259lin baxaq bizim xuliqanlar kimdir. Bu xuliqanlar, c\u0259sar\u0259tl\u0259 dey\u0259 bil\u0259rik ki, d\u00fcnyada \u0259n keyfiyy\u0259tli xuliqanlard\u0131r! Bel\u0259 xuliqanlar, dem\u0259k caizdirs\u0259, ba\u015fqa xalqlar\u0131n f\u0259xri, mill\u0259tin qayma\u011f\u0131 say\u0131la bil\u0259rdi, amma bizd\u0259 onlar xuliqand\u0131rlar, mill\u0259tin \u015forudurlar!\n<\/p>\n<p>\n  Buyurun: Az\u0259rbaycan\u0131n sabiq xalq yaz\u0131\u00e7\u0131s\u0131 \u018fkr\u0259m \u018fylisli. Sabiq s\u00f6z\u00fcn\u00fc ona g\u00f6r\u0259 yaz\u0131ram ki, hakimiyy\u0259timiz analoqu olmayan add\u0131mlar\u0131ndan biri kimi onu t\u0259ltif etdiyi bu f\u0259xri addan m\u0259hrum edib.\n<\/p>\n<p>\n  A\u011fz\u0131mda siz\u0259 xuliqan deyir\u0259m ha! Xuliqan n\u0259 xuliqan! Misli- b\u0259rab\u0259ri yoxdur! Moskvada Maksim Qorki ad\u0131na \u018fd\u0259biyyat \u0130nstitutunu bitirib, y\u0259ni ali t\u0259hsillidir.\n<\/p>\n<p>\n  Onlarla roman\u0131n v\u0259 y\u00fczl\u0259rl\u0259 hekay\u0259nin m\u00fc\u0259llifidir. Kitablar\u0131 onlarla xarici dill\u0259r\u0259 t\u0259rc\u00fcm\u0259 olunub v\u0259 \u00e7ap edilib. El\u0259 istintaq alt\u0131nda olan xuliqan say\u0131la-say\u0131la bu g\u00fcnl\u0259rd\u0259 \u0259s\u0259ri \u0130taliyada \u00e7ap edilib. Hakimiyy\u0259timiz onun \u0259lind\u0259n alana kimi xeyli sayda orden-medal v\u0259 f\u0259xri f\u0259rman v\u0259 adlar\u0131n da\u015f\u0131y\u0131c\u0131s\u0131 idi. H\u0259tta \u00f6lk\u0259 parlamentind\u0259 be\u015f il \u0259yl\u0259\u015fib mill\u0259tin v\u0259kili olmu\u015fdu.\n<\/p>\n<p>\n  Xuliqan\u0131n boyu 158 santimetr, \u00e7\u0259kisi a\u015fa\u011f\u0131-yuxar\u0131 65 kilodur. Ya\u015f\u0131 80-\u0131 \u00f6t\u00fcb. D\u00fcnyan\u0131n he\u00e7 bir \u00f6lk\u0259sind\u0259 bel\u0259 balaca v\u0259 ya\u015fl\u0131 xuliqan yoxdur v\u0259 ola da bilm\u0259z! Bel\u0259 ya\u015fl\u0131 xuliqan yaln\u0131z 138 ya\u015fl\u0131 \u015eir\u0259li M\u00fcsl\u00fcmovun do\u011fma diyar\u0131 Az\u0259rbaycanda ola bil\u0259r!\n<\/p>\n<p>\n  S\u0259mimi etiraf edin, hans\u0131 ba\u015fqa d\u00f6vl\u0259td\u0259 v\u0259 xalqda bel\u0259 xuliqan ola bil\u0259r? He\u00e7 yerd\u0259! Yaln\u0131z Az\u0259rbaycanda! Xuliqan \u018fkr\u0259m \u018fylislinin keyfiyy\u0259t ni\u015fan\u0131n\u0131 d\u00f6vl\u0259timizin istintaq orqanlar\u0131 ona qar\u015f\u0131 qald\u0131rd\u0131qlar\u0131 v\u0259 ill\u0259rl\u0259 apard\u0131qlar\u0131 cinay\u0259t i\u015fi il\u0259 t\u0259sdiq edibl\u0259r. Xuliqan \u018fkr\u0259m \u018fylisli is\u0259 he\u00e7 bir h\u00fcquq m\u00fcdafi\u0259\u00e7isin\u0259 m\u00fcraci\u0259t etm\u0259d\u0259n hakimiyy\u0259t\u0259 yalvar\u0131r ki, \u201cm\u0259nim cinay\u0259t i\u015fimi ba\u011flay\u0131n!\u201d Y\u0259ni xuliqanl\u0131\u011f\u0131 o h\u0259dd\u0259 \u00e7at\u0131b ki, he\u00e7 m\u00fcqavim\u0259t d\u0259 g\u00f6st\u0259r\u0259 bilmir.\n<\/p>\n<p>\n  Lakin mill\u0259timizin ba\u015f\u0131n\u0131 uca ed\u0259n t\u0259kc\u0259 sabiq xalq yaz\u0131\u00e7\u0131s\u0131 xuliqan \u018fkr\u0259m \u018fylisli deyil! Bizim mill\u0259t analoqu olmayan xuliqanlarla \u00e7ox z\u0259ngindir. He\u00e7 k\u0259sin a\u011fl\u0131na bel\u0259 g\u0259lm\u0259y\u0259n xuliqanlar v\u0259t\u0259nimizin b\u00fct\u00fcn dilb\u0259r gu\u015f\u0259l\u0259rind\u0259 ora-bura qa\u00e7\u0131\u015f\u0131rlar. V\u0259t\u0259nin a\u011f\u0131r v\u0259ziyy\u0259tini anlayan v\u0259 buna etiraz ed\u0259n h\u0259r bir g\u0259nc s\u00f6z\u00fcn \u0259sl m\u0259nas\u0131nda xuliqand\u0131r. Lakin xuliqanlar yaln\u0131z ah\u0131l qoca \u018fkr\u0259m \u018fylisli v\u0259 ya qazamatda \u00e7\u00fcr\u00fcy\u0259n \u0130lkin R\u00fcst\u0259mzad\u0259 deyil. Orta ya\u015fl\u0131 xuliqanlar\u0131m\u0131z da boldur.\n<\/p>\n<p>\n  Bel\u0259 xuliqanlardan birinin ad\u0131n\u0131-soyad\u0131n\u0131 polis xronikas\u0131nda oxuyub f\u0259r\u0259hd\u0259n az qala g\u00f6yl\u0259r\u0259 p\u0259rvazlan\u0131r\u0131q. Xuliqan n\u0259 xuliqan! S\u00f6zl\u0259 dem\u0259k, f\u0131r\u00e7a il\u0259 t\u0259svir etm\u0259k m\u00fcmk\u00fcn deyil!\n<\/p>\n<p>\n  Ali savadl\u0131 h\u00fcquq\u015f\u00fcnas! Z\u0259ngin hakimlik v\u0259 prokurorluq t\u0259cr\u00fcb\u0259si! H\u00fcquq \u015firk\u0259tinin sahibi! Elmi v\u0259 publisistik kitab v\u0259 m\u0259qal\u0259l\u0259rin m\u00fc\u0259llifi!<br \/>\n  <br \/>\n  \u00d6z\u00fcn\u00fcz deyin, ba\u015fqa bir \u00f6lk\u0259d\u0259 bel\u0259 xuliqan varm\u0131?\n<\/p>\n<p>\n  He\u00e7 vaxt! He\u00e7 yerd\u0259!\n<\/p>\n<p>\n  Yaln\u0131z Az\u0259rbaycanda!\n<\/p>\n<p>\n  Bu xuliqan Aslan \u0130smay\u0131lov dig\u0259r xuliqan \u018fkr\u0259m \u018fylislid\u0259n he\u00e7 d\u0259 \u0259skik deyil! Onun h\u00fcquq\u015f\u00fcnas olmas\u0131 is\u0259 onu b\u0259lk\u0259 d\u0259 xuliqanl\u0131q pill\u0259kan\u0131nda \u018fkr\u0259m \u018fylislid\u0259n daha \u00fcst\u00fcn m\u0259rt\u0259b\u0259y\u0259 qald\u0131r\u0131r.\n<\/p>\n<p>\n  \u00d6z\u00fc d\u0259 \u018fkr\u0259m \u018fylisli \u00f6z xuliqanl\u0131\u011f\u0131n\u0131 etiraf edib hakimiyy\u0259timizd\u0259n aman dil\u0259diyi halda, Aslan \u0130smay\u0131lov cinay\u0259tini etiraf etm\u0259k ist\u0259mir v\u0259 bizim hakimiyy\u0259tin g\u00f6z\u00fcnd\u0259 \u0259n a\u011flas\u0131\u011fmaz xuliqanl\u0131\u011f\u0131 t\u00f6r\u0259dir: \u00f6z konstitusion h\u00fcquqlar\u0131n\u0131 qorumaq kimi milli \u0259xlaq\u0131m\u0131za zidd bir \u0259m\u0259l\u0259 \u0259l at\u0131r.\n<\/p>\n<p>\n  M\u0259n h\u0259qiq\u0259t\u0259n bu xuliqanlarla f\u0259xr edir\u0259m. Onlard\u0131r m\u0259nim mill\u0259timin ba\u015f\u0131n\u0131 uca ed\u0259nl\u0259r!\n<\/p>\n<p>\n  He\u00e7 olmasa bir sah\u0259d\u0259: d\u00fcnyada h\u0259qiq\u0259t\u0259n analoqu olmayan xuliqanl\u0131q sah\u0259sind\u0259&#8230;\n<\/p>\n<p>\n  <b><br \/>\n    <i><br \/>\n      Yaz\u0131 m\u00fc\u0259llifin fikirl\u0259rini \u0259ks etdirir v\u0259 Meydan TV-nin m\u00f6vqeyi il\u0259 \u00fcst-\u00fcst\u0259 d\u00fc\u015fm\u0259y\u0259 bil\u0259r.<br \/>\n    <\/i><br \/>\n  <\/b><\/p>\n","protected":false},"excerpt":{"rendered":"<p>Etiraf edim ki, v\u0259t\u0259n\u0259 sevgi m\u0259nim sar\u0131 simimdir<\/p>\n","protected":false},"author":11,"featured_media":111578,"comment_status":"closed","ping_status":"open","sticky":false,"template":"","format":"standard","meta":{"_acf_changed":false,"_sitemap_exclude":false,"_sitemap_priority":"","_sitemap_frequency":"","footnotes":""},"categories":[57],"tags":[],"class_list":["post-192306","post","type-post","status-publish","format-standard","has-post-thumbnail","hentry","category-menim-fikrimce","infinite-scroll-item","generate-columns","tablet-grid-50","mobile-grid-100","grid-parent","grid-33","no-featured-image-padding"],"acf":[],"yoast_head":"<!-- This site is optimized with the Yoast SEO plugin v27.4 - https:\/\/yoast.com\/product\/yoast-seo-wordpress\/ -->\n<title>D\u00fcnyan\u0131n analoqsuz xuliqanlar\u0131 - MEYDAN.TV<\/title>\n<meta name=\"robots\" content=\"index, follow, max-snippet:-1, max-image-preview:large, max-video-preview:-1\" \/>\n<link rel=\"canonical\" href=\"https:\/\/www.meydan.tv\/az\/article\/dunyanin-analoqsuz-xuliqanlari\/\" \/>\n<meta property=\"og:locale\" content=\"az_AZ\" \/>\n<meta property=\"og:type\" content=\"article\" \/>\n<meta property=\"og:title\" content=\"D\u00fcnyan\u0131n analoqsuz xuliqanlar\u0131 - MEYDAN.TV\" \/>\n<meta property=\"og:description\" content=\"Etiraf edim ki, v\u0259t\u0259n\u0259 sevgi m\u0259nim sar\u0131 simimdir\" \/>\n<meta property=\"og:url\" content=\"https:\/\/www.meydan.tv\/az\/article\/dunyanin-analoqsuz-xuliqanlari\/\" \/>\n<meta property=\"og:site_name\" content=\"MEYDAN.TV\" \/>\n<meta property=\"article:published_time\" content=\"2018-10-26T20:07:52+00:00\" \/>\n<meta property=\"og:image\" content=\"https:\/\/www.meydan.tv\/wp-content\/uploads\/44429.png\" \/>\n\t<meta property=\"og:image:width\" content=\"1024\" \/>\n\t<meta property=\"og:image:height\" content=\"512\" \/>\n\t<meta property=\"og:image:type\" content=\"image\/png\" \/>\n<meta name=\"author\" content=\"user-manager\" \/>\n<meta name=\"twitter:card\" content=\"summary_large_image\" \/>\n<script type=\"application\/ld+json\" class=\"yoast-schema-graph\">{\"@context\":\"https:\\\/\\\/schema.org\",\"@graph\":[{\"@type\":\"Article\",\"@id\":\"https:\\\/\\\/www.meydan.tv\\\/az\\\/article\\\/dunyanin-analoqsuz-xuliqanlari\\\/#article\",\"isPartOf\":{\"@id\":\"https:\\\/\\\/www.meydan.tv\\\/az\\\/article\\\/dunyanin-analoqsuz-xuliqanlari\\\/\"},\"author\":{\"name\":\"user-manager\",\"@id\":\"https:\\\/\\\/www.meydan.tv\\\/az\\\/#\\\/schema\\\/person\\\/10d11eccf6da3662cf5fdab9806ea91a\"},\"headline\":\"D\u00fcnyan\u0131n analoqsuz xuliqanlar\u0131\",\"datePublished\":\"2018-10-26T20:07:52+00:00\",\"mainEntityOfPage\":{\"@id\":\"https:\\\/\\\/www.meydan.tv\\\/az\\\/article\\\/dunyanin-analoqsuz-xuliqanlari\\\/\"},\"wordCount\":1967,\"publisher\":{\"@id\":\"https:\\\/\\\/www.meydan.tv\\\/az\\\/#organization\"},\"image\":{\"@id\":\"https:\\\/\\\/www.meydan.tv\\\/az\\\/article\\\/dunyanin-analoqsuz-xuliqanlari\\\/#primaryimage\"},\"thumbnailUrl\":\"https:\\\/\\\/www.meydan.tv\\\/wp-content\\\/uploads\\\/44429.png\",\"articleSection\":[\"M\u0259nim Fikrimc\u0259\"],\"inLanguage\":\"az\"},{\"@type\":\"WebPage\",\"@id\":\"https:\\\/\\\/www.meydan.tv\\\/az\\\/article\\\/dunyanin-analoqsuz-xuliqanlari\\\/\",\"url\":\"https:\\\/\\\/www.meydan.tv\\\/az\\\/article\\\/dunyanin-analoqsuz-xuliqanlari\\\/\",\"name\":\"D\u00fcnyan\u0131n analoqsuz xuliqanlar\u0131 - MEYDAN.TV\",\"isPartOf\":{\"@id\":\"https:\\\/\\\/www.meydan.tv\\\/az\\\/#website\"},\"primaryImageOfPage\":{\"@id\":\"https:\\\/\\\/www.meydan.tv\\\/az\\\/article\\\/dunyanin-analoqsuz-xuliqanlari\\\/#primaryimage\"},\"image\":{\"@id\":\"https:\\\/\\\/www.meydan.tv\\\/az\\\/article\\\/dunyanin-analoqsuz-xuliqanlari\\\/#primaryimage\"},\"thumbnailUrl\":\"https:\\\/\\\/www.meydan.tv\\\/wp-content\\\/uploads\\\/44429.png\",\"datePublished\":\"2018-10-26T20:07:52+00:00\",\"breadcrumb\":{\"@id\":\"https:\\\/\\\/www.meydan.tv\\\/az\\\/article\\\/dunyanin-analoqsuz-xuliqanlari\\\/#breadcrumb\"},\"inLanguage\":\"az\",\"potentialAction\":[{\"@type\":\"ReadAction\",\"target\":[\"https:\\\/\\\/www.meydan.tv\\\/az\\\/article\\\/dunyanin-analoqsuz-xuliqanlari\\\/\"]}]},{\"@type\":\"ImageObject\",\"inLanguage\":\"az\",\"@id\":\"https:\\\/\\\/www.meydan.tv\\\/az\\\/article\\\/dunyanin-analoqsuz-xuliqanlari\\\/#primaryimage\",\"url\":\"https:\\\/\\\/www.meydan.tv\\\/wp-content\\\/uploads\\\/44429.png\",\"contentUrl\":\"https:\\\/\\\/www.meydan.tv\\\/wp-content\\\/uploads\\\/44429.png\",\"width\":1024,\"height\":512,\"caption\":\"Source:\"},{\"@type\":\"BreadcrumbList\",\"@id\":\"https:\\\/\\\/www.meydan.tv\\\/az\\\/article\\\/dunyanin-analoqsuz-xuliqanlari\\\/#breadcrumb\",\"itemListElement\":[{\"@type\":\"ListItem\",\"position\":1,\"name\":\"Ana s\u0259hif\u0259\",\"item\":\"https:\\\/\\\/www.meydan.tv\\\/az\\\/\"},{\"@type\":\"ListItem\",\"position\":2,\"name\":\"M\u0259nim Fikrimc\u0259\",\"item\":\"https:\\\/\\\/www.meydan.tv\\\/az\\\/section\\\/menim-fikrimce\\\/\"},{\"@type\":\"ListItem\",\"position\":3,\"name\":\"D\u00fcnyan\u0131n analoqsuz xuliqanlar\u0131\"}]},{\"@type\":\"WebSite\",\"@id\":\"https:\\\/\\\/www.meydan.tv\\\/az\\\/#website\",\"url\":\"https:\\\/\\\/www.meydan.tv\\\/az\\\/\",\"name\":\"MEYDAN.TV\",\"description\":\"Meydan TV Az\u0259rbaycan\u0131n media m\u0259kan\u0131ndak\u0131 alternativ s\u0259sidir\",\"publisher\":{\"@id\":\"https:\\\/\\\/www.meydan.tv\\\/az\\\/#organization\"},\"potentialAction\":[{\"@type\":\"SearchAction\",\"target\":{\"@type\":\"EntryPoint\",\"urlTemplate\":\"https:\\\/\\\/www.meydan.tv\\\/az\\\/?s={search_term_string}\"},\"query-input\":{\"@type\":\"PropertyValueSpecification\",\"valueRequired\":true,\"valueName\":\"search_term_string\"}}],\"inLanguage\":\"az\"},{\"@type\":\"Organization\",\"@id\":\"https:\\\/\\\/www.meydan.tv\\\/az\\\/#organization\",\"name\":\"Meydan TV\",\"url\":\"https:\\\/\\\/www.meydan.tv\\\/az\\\/\",\"logo\":{\"@type\":\"ImageObject\",\"inLanguage\":\"az\",\"@id\":\"https:\\\/\\\/www.meydan.tv\\\/az\\\/#\\\/schema\\\/logo\\\/image\\\/\",\"url\":\"https:\\\/\\\/www.meydan.tv\\\/wp-content\\\/uploads\\\/2021\\\/07\\\/meydan-logo.svg\",\"contentUrl\":\"https:\\\/\\\/www.meydan.tv\\\/wp-content\\\/uploads\\\/2021\\\/07\\\/meydan-logo.svg\",\"width\":195,\"height\":46,\"caption\":\"Meydan TV\"},\"image\":{\"@id\":\"https:\\\/\\\/www.meydan.tv\\\/az\\\/#\\\/schema\\\/logo\\\/image\\\/\"}},{\"@type\":\"Person\",\"@id\":\"https:\\\/\\\/www.meydan.tv\\\/az\\\/#\\\/schema\\\/person\\\/10d11eccf6da3662cf5fdab9806ea91a\",\"name\":\"user-manager\"}]}<\/script>\n<!-- \/ Yoast SEO plugin. -->","yoast_head_json":{"title":"D\u00fcnyan\u0131n analoqsuz xuliqanlar\u0131 - MEYDAN.TV","robots":{"index":"index","follow":"follow","max-snippet":"max-snippet:-1","max-image-preview":"max-image-preview:large","max-video-preview":"max-video-preview:-1"},"canonical":"https:\/\/www.meydan.tv\/az\/article\/dunyanin-analoqsuz-xuliqanlari\/","og_locale":"az_AZ","og_type":"article","og_title":"D\u00fcnyan\u0131n analoqsuz xuliqanlar\u0131 - MEYDAN.TV","og_description":"Etiraf edim ki, v\u0259t\u0259n\u0259 sevgi m\u0259nim sar\u0131 simimdir","og_url":"https:\/\/www.meydan.tv\/az\/article\/dunyanin-analoqsuz-xuliqanlari\/","og_site_name":"MEYDAN.TV","article_published_time":"2018-10-26T20:07:52+00:00","og_image":[{"width":1024,"height":512,"url":"https:\/\/www.meydan.tv\/wp-content\/uploads\/44429.png","type":"image\/png"}],"author":"user-manager","twitter_card":"summary_large_image","schema":{"@context":"https:\/\/schema.org","@graph":[{"@type":"Article","@id":"https:\/\/www.meydan.tv\/az\/article\/dunyanin-analoqsuz-xuliqanlari\/#article","isPartOf":{"@id":"https:\/\/www.meydan.tv\/az\/article\/dunyanin-analoqsuz-xuliqanlari\/"},"author":{"name":"user-manager","@id":"https:\/\/www.meydan.tv\/az\/#\/schema\/person\/10d11eccf6da3662cf5fdab9806ea91a"},"headline":"D\u00fcnyan\u0131n analoqsuz xuliqanlar\u0131","datePublished":"2018-10-26T20:07:52+00:00","mainEntityOfPage":{"@id":"https:\/\/www.meydan.tv\/az\/article\/dunyanin-analoqsuz-xuliqanlari\/"},"wordCount":1967,"publisher":{"@id":"https:\/\/www.meydan.tv\/az\/#organization"},"image":{"@id":"https:\/\/www.meydan.tv\/az\/article\/dunyanin-analoqsuz-xuliqanlari\/#primaryimage"},"thumbnailUrl":"https:\/\/www.meydan.tv\/wp-content\/uploads\/44429.png","articleSection":["M\u0259nim Fikrimc\u0259"],"inLanguage":"az"},{"@type":"WebPage","@id":"https:\/\/www.meydan.tv\/az\/article\/dunyanin-analoqsuz-xuliqanlari\/","url":"https:\/\/www.meydan.tv\/az\/article\/dunyanin-analoqsuz-xuliqanlari\/","name":"D\u00fcnyan\u0131n analoqsuz xuliqanlar\u0131 - MEYDAN.TV","isPartOf":{"@id":"https:\/\/www.meydan.tv\/az\/#website"},"primaryImageOfPage":{"@id":"https:\/\/www.meydan.tv\/az\/article\/dunyanin-analoqsuz-xuliqanlari\/#primaryimage"},"image":{"@id":"https:\/\/www.meydan.tv\/az\/article\/dunyanin-analoqsuz-xuliqanlari\/#primaryimage"},"thumbnailUrl":"https:\/\/www.meydan.tv\/wp-content\/uploads\/44429.png","datePublished":"2018-10-26T20:07:52+00:00","breadcrumb":{"@id":"https:\/\/www.meydan.tv\/az\/article\/dunyanin-analoqsuz-xuliqanlari\/#breadcrumb"},"inLanguage":"az","potentialAction":[{"@type":"ReadAction","target":["https:\/\/www.meydan.tv\/az\/article\/dunyanin-analoqsuz-xuliqanlari\/"]}]},{"@type":"ImageObject","inLanguage":"az","@id":"https:\/\/www.meydan.tv\/az\/article\/dunyanin-analoqsuz-xuliqanlari\/#primaryimage","url":"https:\/\/www.meydan.tv\/wp-content\/uploads\/44429.png","contentUrl":"https:\/\/www.meydan.tv\/wp-content\/uploads\/44429.png","width":1024,"height":512,"caption":"Source:"},{"@type":"BreadcrumbList","@id":"https:\/\/www.meydan.tv\/az\/article\/dunyanin-analoqsuz-xuliqanlari\/#breadcrumb","itemListElement":[{"@type":"ListItem","position":1,"name":"Ana s\u0259hif\u0259","item":"https:\/\/www.meydan.tv\/az\/"},{"@type":"ListItem","position":2,"name":"M\u0259nim Fikrimc\u0259","item":"https:\/\/www.meydan.tv\/az\/section\/menim-fikrimce\/"},{"@type":"ListItem","position":3,"name":"D\u00fcnyan\u0131n analoqsuz xuliqanlar\u0131"}]},{"@type":"WebSite","@id":"https:\/\/www.meydan.tv\/az\/#website","url":"https:\/\/www.meydan.tv\/az\/","name":"MEYDAN.TV","description":"Meydan TV Az\u0259rbaycan\u0131n media m\u0259kan\u0131ndak\u0131 alternativ s\u0259sidir","publisher":{"@id":"https:\/\/www.meydan.tv\/az\/#organization"},"potentialAction":[{"@type":"SearchAction","target":{"@type":"EntryPoint","urlTemplate":"https:\/\/www.meydan.tv\/az\/?s={search_term_string}"},"query-input":{"@type":"PropertyValueSpecification","valueRequired":true,"valueName":"search_term_string"}}],"inLanguage":"az"},{"@type":"Organization","@id":"https:\/\/www.meydan.tv\/az\/#organization","name":"Meydan TV","url":"https:\/\/www.meydan.tv\/az\/","logo":{"@type":"ImageObject","inLanguage":"az","@id":"https:\/\/www.meydan.tv\/az\/#\/schema\/logo\/image\/","url":"https:\/\/www.meydan.tv\/wp-content\/uploads\/2021\/07\/meydan-logo.svg","contentUrl":"https:\/\/www.meydan.tv\/wp-content\/uploads\/2021\/07\/meydan-logo.svg","width":195,"height":46,"caption":"Meydan TV"},"image":{"@id":"https:\/\/www.meydan.tv\/az\/#\/schema\/logo\/image\/"}},{"@type":"Person","@id":"https:\/\/www.meydan.tv\/az\/#\/schema\/person\/10d11eccf6da3662cf5fdab9806ea91a","name":"user-manager"}]}},"_links":{"self":[{"href":"https:\/\/www.meydan.tv\/az\/wp-json\/wp\/v2\/posts\/192306","targetHints":{"allow":["GET"]}}],"collection":[{"href":"https:\/\/www.meydan.tv\/az\/wp-json\/wp\/v2\/posts"}],"about":[{"href":"https:\/\/www.meydan.tv\/az\/wp-json\/wp\/v2\/types\/post"}],"author":[{"embeddable":true,"href":"https:\/\/www.meydan.tv\/az\/wp-json\/wp\/v2\/users\/11"}],"replies":[{"embeddable":true,"href":"https:\/\/www.meydan.tv\/az\/wp-json\/wp\/v2\/comments?post=192306"}],"version-history":[{"count":0,"href":"https:\/\/www.meydan.tv\/az\/wp-json\/wp\/v2\/posts\/192306\/revisions"}],"wp:featuredmedia":[{"embeddable":true,"href":"https:\/\/www.meydan.tv\/az\/wp-json\/wp\/v2\/media\/111578"}],"wp:attachment":[{"href":"https:\/\/www.meydan.tv\/az\/wp-json\/wp\/v2\/media?parent=192306"}],"wp:term":[{"taxonomy":"category","embeddable":true,"href":"https:\/\/www.meydan.tv\/az\/wp-json\/wp\/v2\/categories?post=192306"},{"taxonomy":"post_tag","embeddable":true,"href":"https:\/\/www.meydan.tv\/az\/wp-json\/wp\/v2\/tags?post=192306"}],"curies":[{"name":"wp","href":"https:\/\/api.w.org\/{rel}","templated":true}]}}