{"id":192298,"date":"2018-10-26T16:16:40","date_gmt":"2018-10-26T16:16:40","guid":{"rendered":"https:\/\/www.meydan.tv\/article\/bolton-sefer-etdiyi-olkelerin-iranla-elaqelerini-maksimum-azaltmasina-israr-edir\/"},"modified":"2018-10-26T16:16:40","modified_gmt":"2018-10-26T16:16:40","slug":"bolton-sefer-etdiyi-olkelerin-iranla-elaqelerini-maksimum-azaltmasina-israr-edir","status":"publish","type":"post","link":"https:\/\/www.meydan.tv\/az\/article\/bolton-sefer-etdiyi-olkelerin-iranla-elaqelerini-maksimum-azaltmasina-israr-edir\/","title":{"rendered":"&#8221;Bolton s\u0259f\u0259r etdiyi \u00f6lk\u0259l\u0259rin \u0130ranla \u0259laq\u0259l\u0259rini maksimum azaltmas\u0131na israr edir&#8221;"},"content":{"rendered":"<figure class=\"wp-block-image size-large\">\n  <img decoding=\"async\" src=\"https:\/\/www.meydan.tv\/az\/con-bolton-4\/\" alt=\"Con Bolton\" class=\"wp-image-111653\"\/><figcaption>\n    Con Bolton<br \/>\n  <\/figcaption><\/figure>\n<p>\n  <i><br \/>\n    &#8221;\u00d6lk\u0259l\u0259r\u0259 bunun m\u00fcqabilind\u0259 imtiyaz v\u0259 t\u0259hl\u00fck\u0259sizlik z\u0259man\u0259ti verilir&#8221;<br \/>\n  <\/i>\n<\/p>\n<p>\n  Birl\u0259\u015fmi\u015f \u015etatlar Yax\u0131n \u015e\u0259rqd\u0259 q\u0259tiyy\u0259tli d\u00f6y\u00fc\u015f\u0259 haz\u0131rla\u015f\u0131r. Burada m\u0259rk\u0259zi h\u0259d\u0259f Va\u015finqtonun regionun sabitliyini pozmaqda, terrorizmi v\u0259 dini c\u0259hal\u0259ti d\u0259st\u0259kl\u0259m\u0259kd\u0259 ittiham etdiyi \u0130rand\u0131r. AB\u015e prezidentinin milli t\u0259hl\u00fck\u0259sizlik \u00fczr\u0259 m\u00fc\u015faviri Con Boltonun Moskvaya v\u0259 C\u0259nubi Qafqaz\u0131n dig\u0259r \u00fc\u00e7 d\u00f6vl\u0259tinin paytaxt\u0131na s\u0259f\u0259ri bunu g\u00f6st\u0259rir.\n<\/p>\n<p>\n  Bu bar\u0259d\u0259 \u201cTuran\u201d agentliyinin Con Boltonun b\u00f6lg\u0259y\u0259 s\u0259f\u0259r\u0259 h\u0259sr edil\u0259n t\u0259hlili yaz\u0131s\u0131nda deyilir.\n<\/p>\n<p>\n  T\u0259hlild\u0259 bildirilir ki, c\u0259nubdan \u0130ranla s\u0131x qon\u015fulu\u011fu olan \u00f6lk\u0259l\u0259r\u0259 s\u0259f\u0259r co\u011frafiyas\u0131 AB\u015e-\u0131n \u0130ran\u0131n m\u00fchasir\u0259sinin s\u0259rtl\u0259\u015fdirilm\u0259si &#8211; \u0130ran netfinin sat\u0131\u015f\u0131na embarqo t\u0259tbiqi, \u0130ran\u0131n SWIFT \u00f6d\u0259ni\u015f sistemind\u0259n ayr\u0131lmas\u0131 v\u0259 s. prosesind\u0259 bu d\u00f6vl\u0259tl\u0259r \u00fc\u00e7\u00fcn h\u0259r hans\u0131 asayi\u015f pozuntular\u0131n\u0131 istisna etm\u0259k ist\u0259diyini gst\u0259r\u0259 bil\u0259r.\n<\/p>\n<p>\n  \u201cY\u0259ni AB\u015e Boltonun s\u0259f\u0259r mar\u015frutuna daxil olan \u00f6lk\u0259l\u0259rin imtiyazlar v\u0259 t\u0259hl\u00fck\u0259sizlikl\u0259rin\u0259 z\u0259man\u0259t m\u00fcqabilind\u0259 \u0130ranla \u0259laq\u0259l\u0259rin s\u0259viyy\u0259sini maksimum azaltmaqda israr edir, yaz\u0131da qeyd edilib.\n<\/p>\n<p>\n  Yaz\u0131 m\u00fc\u0259llifl\u0259ri Boltonun s\u0259f\u0259rini h\u0259r bir paytaxt \u00fczr\u0259 x\u00fcsusi t\u0259hlil ed\u0259r\u0259k, yaz\u0131blar:\n<\/p>\n<p>\n  <b><br \/>\n    Moskva<br \/>\n  <\/b>\n<\/p>\n<p>\n  Boltonun Moskvaya s\u0259f\u0259ri g\u00f6st\u0259rib ki, AB\u015e yax\u0131n g\u0259l\u0259c\u0259kd\u0259 Rusiya il\u0259 qar\u015f\u0131durmaya getm\u0259k niyy\u0259tind\u0259 deyil. Bu, RF-nin y\u00fcks\u0259k r\u0259hb\u0259rliyi il\u0259 g\u00f6r\u00fc\u015fl\u0259ri ba\u015fa \u00e7atd\u0131qdan sonra onun verdiyi b\u0259yanatlardan m\u0259lum olub. Tramp\u0131n m\u00fc\u015faviri jurnalistl\u0259r\u0259 AB\u015e-\u0131n Rusiyaya qar\u015f\u0131 yeni sanksiyalar t\u0259tbiq etm\u0259k niyy\u0259tind\u0259 olmad\u0131\u011f\u0131n\u0131, Suriya b\u00f6hran\u0131n\u0131n nizamlanmas\u0131nda Rusiyan\u0131n rolunu m\u00fcsb\u0259t qiym\u0259tl\u0259ndirdiyini bildirib. \u201c\u015eirin h\u0259b\u201d kimi Bolton noyabr\u0131n 11-d\u0259 Parisd\u0259 qeyri-formal Tramp-Putin g\u00f6r\u00fc\u015f\u00fcn\u00fcn haz\u0131rland\u0131\u011f\u0131 v\u0259 2019-cu ilin birinci r\u00fcb\u00fcnd\u0259 Amerika-Rusiya biznes \u015furas\u0131n\u0131n ke\u00e7iril\u0259c\u0259yi bar\u0259d\u0259 m\u0259lumat verib.\n<\/p>\n<p>\n  Formal olaraq bu g\u00f6r\u00fc\u015f\u00fcn t\u0259\u015f\u0259bb\u00fcs\u00fcn\u00fc Boltonu q\u0259bul ed\u0259n Putin ir\u0259li s\u00fcr\u00fcb, amma sonuncunun operativ cavab\u0131ndan bel\u0259 \u00e7\u0131x\u0131rd\u0131 ki, t\u0259r\u0259fl\u0259r art\u0131q bu m\u0259s\u0259l\u0259ni vaxt\u0131ndan \u0259vv\u0259l raz\u0131la\u015fd\u0131r\u0131blar. Rusiya t\u0259r\u0259fin\u0259 AB\u015e-\u0131n n\u00fcv\u0259 t\u0259hl\u00fck\u0259sizliyi v\u0259 terrorizm\u0259 qar\u015f\u0131 m\u00fcbariz\u0259 sah\u0259sind\u0259 t\u0259hdid hesab etidyi \u0130ran \u00fczr\u0259 m\u00f6vqeyi haqq\u0131nda m\u0259lumat verilib.\n<\/p>\n<p>\n  Amerika prezidentinin m\u00fc\u015favirinin s\u00f6zl\u0259rind\u0259n h\u0259m\u00e7inin m\u0259lum olub ki, \u00f6lk\u0259nin Orta v\u0259 Uzaq M\u0259saf\u0259li Raketl\u0259rin L\u0259\u011fvi haqq\u0131nda M\u00fcqavil\u0259d\u0259n (OUMRM) \u00e7\u0131xmas\u0131 onun bug\u00fcnki reall\u0131qlar\u0131n t\u0259l\u0259bl\u0259rin\u0259 cavab verm\u0259m\u0259si v\u0259 \u00c7in, Koreya v\u0259 s. \u015f\u0259xsind\u0259 orta v\u0259 uzaq m\u0259saf\u0259li raketl\u0259rin yeni sahibl\u0259rinin v\u0259 istehsal\u00e7\u0131lar\u0131n\u0131n ortaya \u00e7\u0131xmas\u0131 n\u00f6qteyi-n\u0259z\u0259rd\u0259n k\u00f6hn\u0259lib. Bel\u0259likl\u0259, o, AB\u015e-\u0131n sazi\u015fd\u0259n \u00e7\u0131xd\u0131qdan sonra raket sah\u0259sind\u0259 g\u0259l\u0259c\u0259k f\u0259aliyy\u0259tinin \u00c7in\u0259 qar\u015f\u0131 y\u00f6n\u0259l\u0259c\u0259yin\u0259 eyham edib.<br \/>\n  <br \/>\n  Bel\u0259likl\u0259, yuxar\u0131da qeyd edil\u0259n m\u0259lumatdan g\u00f6r\u00fcnd\u00fcy\u00fc kimi, AB\u015e v\u0259 Rusiya aras\u0131nda qar\u015f\u0131l\u0131\u015fl\u0131 anla\u015fma var v\u0259 Yax\u0131n \u015e\u0259rqd\u0259 m\u00fcnasib\u0259tl\u0259r sisteminin yenid\u0259n qurulmas\u0131 m\u0259s\u0259l\u0259sind\u0259 maraqlar\u0131 \u00fcst-\u00fcst\u0259 d\u00fc\u015f\u00fcr, x\u00fcsus\u0259n, \u0130ranla ba\u011fl\u0131, \u00c7in\u0259 v\u0259 dig\u0259r \u00f6lk\u0259l\u0259rin artan raket g\u00fcc\u00fcn\u00fcn m\u0259hdudla\u015fd\u0131r\u0131lmas\u0131, habel\u0259 MDB-nin, o c\u00fcml\u0259d\u0259n Rusiyan\u0131n Q\u0259rb vektorunun inki\u015faf\u0131 il\u0259 ba\u011fl\u0131.\n<\/p>\n<p>\n  <b><br \/>\n    Bak\u0131<br \/>\n  <\/b>\n<\/p>\n<p>\n  Boltonun Az\u0259rbaycan prezidenti \u0130lham \u018fliyevl\u0259 g\u00f6r\u00fc\u015f\u00fcn yekunlar\u0131na g\u00f6r\u0259 jurnalistl\u0259r \u00fc\u00e7\u00fcn verdiyi m\u0259lumat da \u0130ran probleminin g\u00fcnd\u0259likd\u0259 \u0259sas m\u0259s\u0259l\u0259 oldu\u011funu t\u0259sdiq edir.\n<\/p>\n<p>\n  Dan\u0131\u015f\u0131qlar\u0131n m\u00f6vzusu regional probleml\u0259r, Qaraba\u011f m\u00fcnaqi\u015f\u0259si, AB\u015e-\u0131n \u0130ran\u0131n terrorizmi d\u0259st\u0259kl\u0259m\u0259sinin v\u0259 n\u00fcv\u0259 silah\u0131 istehsal\u0131n\u0131n qar\u015f\u0131s\u0131n\u0131 almaq s\u0259yl\u0259ri olub.<br \/>\n  <br \/>\n  H\u0259m\u00e7inin, iqtisadi layih\u0259l\u0259r\u0259, x\u00fcsus\u0259n C\u0259nub Qaz D\u0259hlizin\u0259 toxunulub, dey\u0259 Bolton bildirib.\n<\/p>\n<p>\n  O qeyd edib ki, Va\u015finqton bu v\u0259 dig\u0259r m\u0259s\u0259l\u0259l\u0259r \u00fczr\u0259 f\u0259al \u0259m\u0259kda\u015fl\u0131\u011fa, o c\u00fcml\u0259d\u0259n terrorizm \u0259leyhin\u0259 t\u0259dbirl\u0259rd\u0259 v\u0259 narkotinqin yay\u0131lmas\u0131na, traffikinq\u0259 v\u0259 k\u00fctl\u0259vi q\u0131r\u011f\u0131n silahlar\u0131n\u0131n yay\u0131lmas\u0131na qar\u015f\u0131 m\u00fcbariz\u0259d\u0259 i\u015ftiraka \u00fcmid edir.<br \/>\n  <br \/>\n  Boltonun Qaraba\u011fla ba\u011fl\u0131 h\u0259r hans\u0131 t\u0259klif g\u0259tirm\u0259diyi v\u0259 Bak\u0131da Azadl\u0131q Radiosunun f\u0259aliyy\u0259tinin b\u0259rpas\u0131 m\u0259s\u0259l\u0259sini qald\u0131rmad\u0131\u011f\u0131 bar\u0259d\u0259 etiraf\u0131 ekspertl\u0259rin \u0130ran m\u00f6vzusunun Boltonun portfelind\u0259 \u0259sas m\u00f6vzu olaca\u011f\u0131 bar\u0259d\u0259 r\u0259yl\u0259rinin do\u011frulu\u011funu n\u00fcmayi\u015f etdirdi.\n<\/p>\n<p>\n  Bak\u0131 \u00fc\u00e7\u00fcn \u0130ran m\u00f6vzusu iki komponentd\u0259n ibar\u0259t idi:\n<\/p>\n<p>\n  <i><br \/>\n    <b><br \/>\n      1.<br \/>\n    <\/b><br \/>\n    \u0130rana qar\u015f\u0131 sanksiyalar\u0131n Az\u0259rbaycana iqtisadi c\u0259h\u0259td\u0259n m\u0259nfi t\u0259sirini nec\u0259 azaltmaq olar,<br \/>\n  <\/i>\n<\/p>\n<p>\n  <i><br \/>\n    <b><br \/>\n      2.<br \/>\n    <\/b><br \/>\n    Az\u0259rbaycan\u0131 \u0130randa g\u00f6zl\u0259nil\u0259n kataklizmin t\u0259hl\u00fck\u0259sind\u0259n nec\u0259 qorumaq olar.<br \/>\n  <\/i><br \/>\n  <br \/>\n  <i><br \/>\n    Biz prezident \u018fliyevl\u0259 v\u0259 xarici i\u015fl\u0259r naziri il\u0259 bu m\u0259s\u0259l\u0259l\u0259ri m\u00fczakir\u0259 etdik. M\u0259qs\u0259dimiz \u0130rana qar\u015f\u0131 maksimum sanksiya t\u0259tbiqini t\u0259min etm\u0259kd\u0259n, eyni zamanda dostlar\u0131m\u0131za laz\u0131ms\u0131z ziyan vurmamaqdan ibar\u0259tdir, Az\u0259rbaycanda bizim dostlar\u0131m\u0131z s\u0131ras\u0131ndad\u0131r, dey\u0259 Bolton Turan-a m\u00fcsahib\u0259sind\u0259 bildirib.<br \/>\n  <\/i>\n<\/p>\n<p>\n  Bu m\u0259nada AB\u015e Az\u0259rbaycanla d\u0259f\u0259l\u0259rl\u0259 edilmi\u015f c\u0259hdl\u0259r\u0259 baxmayaraq, indiy\u0259d\u0259k nail olunmam\u0131\u015f geni\u015f v\u0259 d\u0259rin dialoq t\u0259klif ed\u0259 bil\u0259rdi.\n<\/p>\n<p>\n  Bolton \u018fliyevl\u0259 insan h\u00fcquqlar\u0131n\u0131n pozulmas\u0131 v\u0259 demokratiya m\u0259s\u0259l\u0259l\u0259rini m\u00fczakir\u0259 edib:\n<\/p>\n<p>\n  \u201cBu m\u0259s\u0259l\u0259l\u0259r AB\u015e \u00fc\u00e7\u00fcn b\u00f6y\u00fck \u0259h\u0259miyy\u0259t k\u0259sb edir v\u0259 prezident \u018fliyevl\u0259 \u00e7ox s\u0259m\u0259r\u0259li dialoqumuz oldu, hesab edir\u0259m ki, Az\u0259rbaycan v\u0259 AB\u015e-\u0131n \u0259m\u0259kda\u015fl\u0131q ed\u0259 v\u0259 bir-birind\u0259n n\u0259l\u0259rs\u0259 \u00f6yr\u0259n\u0259 bil\u0259c\u0259yi bir \u00e7ox sah\u0259l\u0259r var\u201d.\n<\/p>\n<p>\n  \u0130ndiy\u0259d\u0259k Bak\u0131 insan h\u00fcquqlar\u0131, v\u0259t\u0259nda\u015f c\u0259miyy\u0259ti v\u0259 demokratik idar\u0259etm\u0259 sah\u0259sind\u0259 Amerikan\u0131n t\u0259klifl\u0259rinin h\u0259yata ke\u00e7irilm\u0259sind\u0259n ehtiyatlan\u0131rd\u0131. \u018fvv\u0259ll\u0259r d\u0259 oldu\u011fu kimi, \u018fliyevin bel\u0259 bir dialoqdan imtina etm\u0259diyini d\u00fc\u015f\u00fcnm\u0259k olar, amma bu, n\u00f6vb\u0259ti t\u0259\u015f\u0259bb\u00fcs\u00fcn yaln\u0131z niyy\u0259t m\u00fcqavil\u0259si olaraq qalmayaca\u011f\u0131 dem\u0259k deyil.\n<\/p>\n<p>\n  <b><br \/>\n    Yerevan<br \/>\n  <\/b>\n<\/p>\n<p>\n  Erm\u0259nistan paytaxt\u0131nda Boltonu G\u00fcrc\u00fcstanda Q\u0131z\u0131lg\u00fcl \u0130nqilab\u0131ndan sonra Amerikan\u0131n y\u00fcks\u0259k s\u0259viyy\u0259li n\u00fcmay\u0259nd\u0259l\u0259rini qar\u015f\u0131lad\u0131qlar\u0131 kimi qar\u015f\u0131lay\u0131blar. Son aylar\u0131n demokratik d\u0259yi\u015fiklikl\u0259rind\u0259n ilham alan Erm\u0259nistan ind\u0259 Q\u0259rb\u0259 daha \u0259minlikl\u0259 bax\u0131r. Amerika-Erm\u0259nistan dialoqu g\u00f6st\u0259rib ki, t\u0259r\u0259fl\u0259r daha a\u00e7\u0131q yax\u0131nla\u015fmaya v\u0259 Rusiya vektorunu Amerika vektoru il\u0259 d\u0259yi\u015fdirm\u0259y\u0259 haz\u0131rla\u015f\u0131r.<br \/>\n  <br \/>\n  Boltonun Erm\u0259nistan inqilab\u0131n\u0131n lideri Nikol Pa\u015finyanla g\u00f6r\u00fc\u015f\u00fcnd\u0259 a\u00e7\u0131q-a\u015fkar Rusiya silah\u0131 yerin\u0259 Amerika silah\u0131 almaq t\u0259klifini t\u0259sad\u00fcfi adland\u0131rmaq olmaz. Bu, AB\u015e-\u0131n Erm\u0259nistanda bu ilin dekabr\u0131nda parlament se\u00e7kil\u0259rind\u0259n sonra d\u00f6nm\u0259z xarakter alaca\u011f\u0131 g\u00f6zl\u0259nil\u0259n demokratik prosesi d\u0259st\u0259kl\u0259m\u0259k q\u0259tiyy\u0259tind\u0259n v\u0259 z\u0259man\u0259tind\u0259n x\u0259b\u0259r ver\u0259n \u00e7ox g\u00fccl\u00fc t\u0259\u015f\u0259bb\u00fcsd\u00fc.\n<\/p>\n<p>\n  T\u0259r\u0259fl\u0259r h\u0259m\u00e7inin \u0130ran m\u00f6vzusunda fikir m\u00fcbadil\u0259si apar\u0131blar. Boltonun dedikl\u0259rind\u0259n g\u00f6r\u00fcn\u00fcr ki, \u0130rana qar\u015f\u0131 artan sanksiyalar fonunda Erm\u0259nistan\u0131n t\u0259hl\u00fck\u0259sizliyi g\u00fcnd\u0259likd\u0259dir. O qeyd edib ki, \u0130ranla s\u0259rh\u0259d &#8220;m\u00fch\u00fcm m\u0259s\u0259l\u0259 olacaq, bel\u0259 ki, ba\u015f nazir\u0259 d\u0259 a\u00e7\u0131qlad\u0131\u011f\u0131m kimi, \u0130rana maksimum t\u0259zyiq g\u00f6st\u0259rm\u0259k ist\u0259yirik, \u00e7\u00fcnki o, h\u0259l\u0259 n\u00fcv\u0259 silah\u0131 yaratmaq m\u0259qs\u0259dind\u0259n \u0259l \u00e7\u0259km\u0259yib&#8221;.\n<\/p>\n<p>\n  <b><br \/>\n    Tbilisi<br \/>\n  <\/b>\n<\/p>\n<p>\n  Boltonun mar\u015frutu Tbilisid\u0259 ba\u015fa \u00e7at\u0131r. Faktiki olaraq, o, n\u00f6vb\u0259t\u00e7i xarakter da\u015f\u0131y\u0131r, bel\u0259 ki, h\u0259l\u0259 bir h\u0259ft\u0259 \u0259vv\u0259l Bolton Va\u015finqtonda G\u00fcrc\u00fcstan ba\u015f naziri Mamuka Baxtadzeni q\u0259bul edib. G\u00f6r\u00fc\u015f ba\u015fa \u00e7atd\u0131qdan sonra sonuncu bildirib ki, \u201cG\u00fcrc\u00fcstan qar\u015f\u0131s\u0131nda duran t\u0259hdidl\u0259r\u201d v\u0259 \u201conlar\u0131n birg\u0259 aradan qald\u0131r\u0131lmas\u0131 m\u0259qs\u0259dil\u0259 AB\u015e-\u0131n rolu\u201d m\u00fczakir\u0259 olunub. G\u00fcrc\u00fcstan ba\u015f nazirinin m\u0259tbuat xidm\u0259tinin m\u0259lumat\u0131na g\u00f6r\u0259, diqq\u0259t m\u00fcdafi\u0259 v\u0259 t\u0259hl\u00fck\u0259sizlik sah\u0259sind\u0259 \u0259m\u0259kda\u015fl\u0131q \u00fcz\u0259rind\u0259 c\u0259ml\u0259\u015fib.<br \/>\n  <br \/>\n  H\u0259m\u00e7inin, regiondak\u0131 v\u0259ziyy\u0259t, iqtisadi m\u0259s\u0259l\u0259l\u0259r n\u0259z\u0259rd\u0259n ke\u00e7irilib. O \u0259lav\u0259 edib ki, G\u00fcrc\u00fcstan h\u00f6kum\u0259tinin \u201ciqtisadi istiqam\u0259td\u0259 m\u00fc\u0259yy\u0259n plan\u0131 var\u201d, Bolton onunla tan\u0131\u015f olub.\n<\/p>\n<p>\n  G\u00f6r\u00fc\u015f\u00fcn yekunlar\u0131na g\u00f6r\u0259 Bolton \u00f6z &#8220;Tvitter&#8221; mikrobloqunda yaz\u0131b ki, G\u00fcrc\u00fcstan ba\u015f naziri il\u0259 G\u00f6r\u00fc\u015fd\u0259 G\u00fcrc\u00fcstan v\u0259 AB\u015e m\u00fcnasib\u0259tl\u0259rinin h\u0259mr\u0259yliyini t\u0259sdiq edib.<br \/>\n  <br \/>\n  \u201c\u00c7i\u00e7\u0259kl\u0259n\u0259n v\u0259 demokratik G\u00fcrc\u00fcstan regionda g\u00fccl\u00fc n\u00fcmun\u0259dir\u201d, dey\u0259 Con Bolton bildirib.\n<\/p>\n<p>\n  Bunu da \u0259lav\u0259 etm\u0259k olar &#8211; h\u0259m d\u0259 Erm\u0259nistan v\u0259 Az\u0259rbaycan\u0131n sivil demokratik d\u00fcnya istiqam\u0259tind\u0259 ir\u0259lil\u0259m\u0259si \u00fc\u00e7\u00fcn Mayakd\u0131r.<\/p>\n","protected":false},"excerpt":{"rendered":"<p>&#8221;\u00d6lk\u0259l\u0259r\u0259 bunun m\u00fcqabilind\u0259 imtiyaz v\u0259 t\u0259hl\u00fck\u0259sizlik z\u0259man\u0259ti verilir&#8221;<\/p>\n","protected":false},"author":11,"featured_media":111653,"comment_status":"closed","ping_status":"open","sticky":false,"template":"","format":"standard","meta":{"_acf_changed":false,"_sitemap_exclude":false,"_sitemap_priority":"","_sitemap_frequency":"","footnotes":""},"categories":[51],"tags":[],"class_list":["post-192298","post","type-post","status-publish","format-standard","has-post-thumbnail","hentry","category-analitika","infinite-scroll-item","generate-columns","tablet-grid-50","mobile-grid-100","grid-parent","grid-33","no-featured-image-padding"],"acf":[],"yoast_head":"<!-- This site is optimized with the Yoast SEO plugin v27.4 - https:\/\/yoast.com\/product\/yoast-seo-wordpress\/ -->\n<title>&#039;&#039;Bolton s\u0259f\u0259r etdiyi \u00f6lk\u0259l\u0259rin \u0130ranla \u0259laq\u0259l\u0259rini maksimum azaltmas\u0131na israr edir&#039;&#039; - MEYDAN.TV<\/title>\n<meta name=\"robots\" content=\"index, follow, max-snippet:-1, max-image-preview:large, max-video-preview:-1\" \/>\n<link rel=\"canonical\" href=\"https:\/\/www.meydan.tv\/az\/article\/bolton-sefer-etdiyi-olkelerin-iranla-elaqelerini-maksimum-azaltmasina-israr-edir\/\" \/>\n<meta property=\"og:locale\" content=\"az_AZ\" \/>\n<meta property=\"og:type\" content=\"article\" \/>\n<meta property=\"og:title\" content=\"&#039;&#039;Bolton s\u0259f\u0259r etdiyi \u00f6lk\u0259l\u0259rin \u0130ranla \u0259laq\u0259l\u0259rini maksimum azaltmas\u0131na israr edir&#039;&#039; - MEYDAN.TV\" \/>\n<meta property=\"og:description\" content=\"&#039;&#039;\u00d6lk\u0259l\u0259r\u0259 bunun m\u00fcqabilind\u0259 imtiyaz v\u0259 t\u0259hl\u00fck\u0259sizlik z\u0259man\u0259ti verilir&#039;&#039;\" \/>\n<meta property=\"og:url\" content=\"https:\/\/www.meydan.tv\/az\/article\/bolton-sefer-etdiyi-olkelerin-iranla-elaqelerini-maksimum-azaltmasina-israr-edir\/\" \/>\n<meta property=\"og:site_name\" content=\"MEYDAN.TV\" \/>\n<meta property=\"article:published_time\" content=\"2018-10-26T16:16:40+00:00\" \/>\n<meta property=\"og:image\" content=\"https:\/\/www.meydan.tv\/wp-content\/uploads\/44422.jpg\" \/>\n\t<meta property=\"og:image:width\" content=\"800\" \/>\n\t<meta property=\"og:image:height\" content=\"450\" \/>\n\t<meta property=\"og:image:type\" content=\"image\/jpeg\" \/>\n<meta name=\"author\" content=\"user-manager\" \/>\n<meta name=\"twitter:card\" content=\"summary_large_image\" \/>\n<script type=\"application\/ld+json\" class=\"yoast-schema-graph\">{\"@context\":\"https:\\\/\\\/schema.org\",\"@graph\":[{\"@type\":\"Article\",\"@id\":\"https:\\\/\\\/www.meydan.tv\\\/az\\\/article\\\/bolton-sefer-etdiyi-olkelerin-iranla-elaqelerini-maksimum-azaltmasina-israr-edir\\\/#article\",\"isPartOf\":{\"@id\":\"https:\\\/\\\/www.meydan.tv\\\/az\\\/article\\\/bolton-sefer-etdiyi-olkelerin-iranla-elaqelerini-maksimum-azaltmasina-israr-edir\\\/\"},\"author\":{\"name\":\"user-manager\",\"@id\":\"https:\\\/\\\/www.meydan.tv\\\/az\\\/#\\\/schema\\\/person\\\/10d11eccf6da3662cf5fdab9806ea91a\"},\"headline\":\"&#8221;Bolton s\u0259f\u0259r etdiyi \u00f6lk\u0259l\u0259rin \u0130ranla \u0259laq\u0259l\u0259rini maksimum azaltmas\u0131na israr edir&#8221;\",\"datePublished\":\"2018-10-26T16:16:40+00:00\",\"mainEntityOfPage\":{\"@id\":\"https:\\\/\\\/www.meydan.tv\\\/az\\\/article\\\/bolton-sefer-etdiyi-olkelerin-iranla-elaqelerini-maksimum-azaltmasina-israr-edir\\\/\"},\"wordCount\":1667,\"publisher\":{\"@id\":\"https:\\\/\\\/www.meydan.tv\\\/az\\\/#organization\"},\"image\":{\"@id\":\"https:\\\/\\\/www.meydan.tv\\\/az\\\/article\\\/bolton-sefer-etdiyi-olkelerin-iranla-elaqelerini-maksimum-azaltmasina-israr-edir\\\/#primaryimage\"},\"thumbnailUrl\":\"https:\\\/\\\/www.meydan.tv\\\/wp-content\\\/uploads\\\/44422.jpg\",\"articleSection\":[\"Analitika\"],\"inLanguage\":\"az\"},{\"@type\":\"WebPage\",\"@id\":\"https:\\\/\\\/www.meydan.tv\\\/az\\\/article\\\/bolton-sefer-etdiyi-olkelerin-iranla-elaqelerini-maksimum-azaltmasina-israr-edir\\\/\",\"url\":\"https:\\\/\\\/www.meydan.tv\\\/az\\\/article\\\/bolton-sefer-etdiyi-olkelerin-iranla-elaqelerini-maksimum-azaltmasina-israr-edir\\\/\",\"name\":\"''Bolton s\u0259f\u0259r etdiyi \u00f6lk\u0259l\u0259rin \u0130ranla \u0259laq\u0259l\u0259rini maksimum azaltmas\u0131na israr edir'' - MEYDAN.TV\",\"isPartOf\":{\"@id\":\"https:\\\/\\\/www.meydan.tv\\\/az\\\/#website\"},\"primaryImageOfPage\":{\"@id\":\"https:\\\/\\\/www.meydan.tv\\\/az\\\/article\\\/bolton-sefer-etdiyi-olkelerin-iranla-elaqelerini-maksimum-azaltmasina-israr-edir\\\/#primaryimage\"},\"image\":{\"@id\":\"https:\\\/\\\/www.meydan.tv\\\/az\\\/article\\\/bolton-sefer-etdiyi-olkelerin-iranla-elaqelerini-maksimum-azaltmasina-israr-edir\\\/#primaryimage\"},\"thumbnailUrl\":\"https:\\\/\\\/www.meydan.tv\\\/wp-content\\\/uploads\\\/44422.jpg\",\"datePublished\":\"2018-10-26T16:16:40+00:00\",\"breadcrumb\":{\"@id\":\"https:\\\/\\\/www.meydan.tv\\\/az\\\/article\\\/bolton-sefer-etdiyi-olkelerin-iranla-elaqelerini-maksimum-azaltmasina-israr-edir\\\/#breadcrumb\"},\"inLanguage\":\"az\",\"potentialAction\":[{\"@type\":\"ReadAction\",\"target\":[\"https:\\\/\\\/www.meydan.tv\\\/az\\\/article\\\/bolton-sefer-etdiyi-olkelerin-iranla-elaqelerini-maksimum-azaltmasina-israr-edir\\\/\"]}]},{\"@type\":\"ImageObject\",\"inLanguage\":\"az\",\"@id\":\"https:\\\/\\\/www.meydan.tv\\\/az\\\/article\\\/bolton-sefer-etdiyi-olkelerin-iranla-elaqelerini-maksimum-azaltmasina-israr-edir\\\/#primaryimage\",\"url\":\"https:\\\/\\\/www.meydan.tv\\\/wp-content\\\/uploads\\\/44422.jpg\",\"contentUrl\":\"https:\\\/\\\/www.meydan.tv\\\/wp-content\\\/uploads\\\/44422.jpg\",\"width\":800,\"height\":450,\"caption\":\"Source:\"},{\"@type\":\"BreadcrumbList\",\"@id\":\"https:\\\/\\\/www.meydan.tv\\\/az\\\/article\\\/bolton-sefer-etdiyi-olkelerin-iranla-elaqelerini-maksimum-azaltmasina-israr-edir\\\/#breadcrumb\",\"itemListElement\":[{\"@type\":\"ListItem\",\"position\":1,\"name\":\"Ana s\u0259hif\u0259\",\"item\":\"https:\\\/\\\/www.meydan.tv\\\/az\\\/\"},{\"@type\":\"ListItem\",\"position\":2,\"name\":\"Analitika\",\"item\":\"https:\\\/\\\/www.meydan.tv\\\/az\\\/section\\\/analitika\\\/\"},{\"@type\":\"ListItem\",\"position\":3,\"name\":\"&#8221;Bolton s\u0259f\u0259r etdiyi \u00f6lk\u0259l\u0259rin \u0130ranla \u0259laq\u0259l\u0259rini maksimum azaltmas\u0131na israr edir&#8221;\"}]},{\"@type\":\"WebSite\",\"@id\":\"https:\\\/\\\/www.meydan.tv\\\/az\\\/#website\",\"url\":\"https:\\\/\\\/www.meydan.tv\\\/az\\\/\",\"name\":\"MEYDAN.TV\",\"description\":\"Meydan TV Az\u0259rbaycan\u0131n media m\u0259kan\u0131ndak\u0131 alternativ s\u0259sidir\",\"publisher\":{\"@id\":\"https:\\\/\\\/www.meydan.tv\\\/az\\\/#organization\"},\"potentialAction\":[{\"@type\":\"SearchAction\",\"target\":{\"@type\":\"EntryPoint\",\"urlTemplate\":\"https:\\\/\\\/www.meydan.tv\\\/az\\\/?s={search_term_string}\"},\"query-input\":{\"@type\":\"PropertyValueSpecification\",\"valueRequired\":true,\"valueName\":\"search_term_string\"}}],\"inLanguage\":\"az\"},{\"@type\":\"Organization\",\"@id\":\"https:\\\/\\\/www.meydan.tv\\\/az\\\/#organization\",\"name\":\"Meydan TV\",\"url\":\"https:\\\/\\\/www.meydan.tv\\\/az\\\/\",\"logo\":{\"@type\":\"ImageObject\",\"inLanguage\":\"az\",\"@id\":\"https:\\\/\\\/www.meydan.tv\\\/az\\\/#\\\/schema\\\/logo\\\/image\\\/\",\"url\":\"https:\\\/\\\/www.meydan.tv\\\/wp-content\\\/uploads\\\/2021\\\/07\\\/meydan-logo.svg\",\"contentUrl\":\"https:\\\/\\\/www.meydan.tv\\\/wp-content\\\/uploads\\\/2021\\\/07\\\/meydan-logo.svg\",\"width\":195,\"height\":46,\"caption\":\"Meydan TV\"},\"image\":{\"@id\":\"https:\\\/\\\/www.meydan.tv\\\/az\\\/#\\\/schema\\\/logo\\\/image\\\/\"}},{\"@type\":\"Person\",\"@id\":\"https:\\\/\\\/www.meydan.tv\\\/az\\\/#\\\/schema\\\/person\\\/10d11eccf6da3662cf5fdab9806ea91a\",\"name\":\"user-manager\"}]}<\/script>\n<!-- \/ Yoast SEO plugin. -->","yoast_head_json":{"title":"''Bolton s\u0259f\u0259r etdiyi \u00f6lk\u0259l\u0259rin \u0130ranla \u0259laq\u0259l\u0259rini maksimum azaltmas\u0131na israr edir'' - MEYDAN.TV","robots":{"index":"index","follow":"follow","max-snippet":"max-snippet:-1","max-image-preview":"max-image-preview:large","max-video-preview":"max-video-preview:-1"},"canonical":"https:\/\/www.meydan.tv\/az\/article\/bolton-sefer-etdiyi-olkelerin-iranla-elaqelerini-maksimum-azaltmasina-israr-edir\/","og_locale":"az_AZ","og_type":"article","og_title":"''Bolton s\u0259f\u0259r etdiyi \u00f6lk\u0259l\u0259rin \u0130ranla \u0259laq\u0259l\u0259rini maksimum azaltmas\u0131na israr edir'' - MEYDAN.TV","og_description":"''\u00d6lk\u0259l\u0259r\u0259 bunun m\u00fcqabilind\u0259 imtiyaz v\u0259 t\u0259hl\u00fck\u0259sizlik z\u0259man\u0259ti verilir''","og_url":"https:\/\/www.meydan.tv\/az\/article\/bolton-sefer-etdiyi-olkelerin-iranla-elaqelerini-maksimum-azaltmasina-israr-edir\/","og_site_name":"MEYDAN.TV","article_published_time":"2018-10-26T16:16:40+00:00","og_image":[{"width":800,"height":450,"url":"https:\/\/www.meydan.tv\/wp-content\/uploads\/44422.jpg","type":"image\/jpeg"}],"author":"user-manager","twitter_card":"summary_large_image","schema":{"@context":"https:\/\/schema.org","@graph":[{"@type":"Article","@id":"https:\/\/www.meydan.tv\/az\/article\/bolton-sefer-etdiyi-olkelerin-iranla-elaqelerini-maksimum-azaltmasina-israr-edir\/#article","isPartOf":{"@id":"https:\/\/www.meydan.tv\/az\/article\/bolton-sefer-etdiyi-olkelerin-iranla-elaqelerini-maksimum-azaltmasina-israr-edir\/"},"author":{"name":"user-manager","@id":"https:\/\/www.meydan.tv\/az\/#\/schema\/person\/10d11eccf6da3662cf5fdab9806ea91a"},"headline":"&#8221;Bolton s\u0259f\u0259r etdiyi \u00f6lk\u0259l\u0259rin \u0130ranla \u0259laq\u0259l\u0259rini maksimum azaltmas\u0131na israr edir&#8221;","datePublished":"2018-10-26T16:16:40+00:00","mainEntityOfPage":{"@id":"https:\/\/www.meydan.tv\/az\/article\/bolton-sefer-etdiyi-olkelerin-iranla-elaqelerini-maksimum-azaltmasina-israr-edir\/"},"wordCount":1667,"publisher":{"@id":"https:\/\/www.meydan.tv\/az\/#organization"},"image":{"@id":"https:\/\/www.meydan.tv\/az\/article\/bolton-sefer-etdiyi-olkelerin-iranla-elaqelerini-maksimum-azaltmasina-israr-edir\/#primaryimage"},"thumbnailUrl":"https:\/\/www.meydan.tv\/wp-content\/uploads\/44422.jpg","articleSection":["Analitika"],"inLanguage":"az"},{"@type":"WebPage","@id":"https:\/\/www.meydan.tv\/az\/article\/bolton-sefer-etdiyi-olkelerin-iranla-elaqelerini-maksimum-azaltmasina-israr-edir\/","url":"https:\/\/www.meydan.tv\/az\/article\/bolton-sefer-etdiyi-olkelerin-iranla-elaqelerini-maksimum-azaltmasina-israr-edir\/","name":"''Bolton s\u0259f\u0259r etdiyi \u00f6lk\u0259l\u0259rin \u0130ranla \u0259laq\u0259l\u0259rini maksimum azaltmas\u0131na israr edir'' - MEYDAN.TV","isPartOf":{"@id":"https:\/\/www.meydan.tv\/az\/#website"},"primaryImageOfPage":{"@id":"https:\/\/www.meydan.tv\/az\/article\/bolton-sefer-etdiyi-olkelerin-iranla-elaqelerini-maksimum-azaltmasina-israr-edir\/#primaryimage"},"image":{"@id":"https:\/\/www.meydan.tv\/az\/article\/bolton-sefer-etdiyi-olkelerin-iranla-elaqelerini-maksimum-azaltmasina-israr-edir\/#primaryimage"},"thumbnailUrl":"https:\/\/www.meydan.tv\/wp-content\/uploads\/44422.jpg","datePublished":"2018-10-26T16:16:40+00:00","breadcrumb":{"@id":"https:\/\/www.meydan.tv\/az\/article\/bolton-sefer-etdiyi-olkelerin-iranla-elaqelerini-maksimum-azaltmasina-israr-edir\/#breadcrumb"},"inLanguage":"az","potentialAction":[{"@type":"ReadAction","target":["https:\/\/www.meydan.tv\/az\/article\/bolton-sefer-etdiyi-olkelerin-iranla-elaqelerini-maksimum-azaltmasina-israr-edir\/"]}]},{"@type":"ImageObject","inLanguage":"az","@id":"https:\/\/www.meydan.tv\/az\/article\/bolton-sefer-etdiyi-olkelerin-iranla-elaqelerini-maksimum-azaltmasina-israr-edir\/#primaryimage","url":"https:\/\/www.meydan.tv\/wp-content\/uploads\/44422.jpg","contentUrl":"https:\/\/www.meydan.tv\/wp-content\/uploads\/44422.jpg","width":800,"height":450,"caption":"Source:"},{"@type":"BreadcrumbList","@id":"https:\/\/www.meydan.tv\/az\/article\/bolton-sefer-etdiyi-olkelerin-iranla-elaqelerini-maksimum-azaltmasina-israr-edir\/#breadcrumb","itemListElement":[{"@type":"ListItem","position":1,"name":"Ana s\u0259hif\u0259","item":"https:\/\/www.meydan.tv\/az\/"},{"@type":"ListItem","position":2,"name":"Analitika","item":"https:\/\/www.meydan.tv\/az\/section\/analitika\/"},{"@type":"ListItem","position":3,"name":"&#8221;Bolton s\u0259f\u0259r etdiyi \u00f6lk\u0259l\u0259rin \u0130ranla \u0259laq\u0259l\u0259rini maksimum azaltmas\u0131na israr edir&#8221;"}]},{"@type":"WebSite","@id":"https:\/\/www.meydan.tv\/az\/#website","url":"https:\/\/www.meydan.tv\/az\/","name":"MEYDAN.TV","description":"Meydan TV Az\u0259rbaycan\u0131n media m\u0259kan\u0131ndak\u0131 alternativ s\u0259sidir","publisher":{"@id":"https:\/\/www.meydan.tv\/az\/#organization"},"potentialAction":[{"@type":"SearchAction","target":{"@type":"EntryPoint","urlTemplate":"https:\/\/www.meydan.tv\/az\/?s={search_term_string}"},"query-input":{"@type":"PropertyValueSpecification","valueRequired":true,"valueName":"search_term_string"}}],"inLanguage":"az"},{"@type":"Organization","@id":"https:\/\/www.meydan.tv\/az\/#organization","name":"Meydan TV","url":"https:\/\/www.meydan.tv\/az\/","logo":{"@type":"ImageObject","inLanguage":"az","@id":"https:\/\/www.meydan.tv\/az\/#\/schema\/logo\/image\/","url":"https:\/\/www.meydan.tv\/wp-content\/uploads\/2021\/07\/meydan-logo.svg","contentUrl":"https:\/\/www.meydan.tv\/wp-content\/uploads\/2021\/07\/meydan-logo.svg","width":195,"height":46,"caption":"Meydan TV"},"image":{"@id":"https:\/\/www.meydan.tv\/az\/#\/schema\/logo\/image\/"}},{"@type":"Person","@id":"https:\/\/www.meydan.tv\/az\/#\/schema\/person\/10d11eccf6da3662cf5fdab9806ea91a","name":"user-manager"}]}},"_links":{"self":[{"href":"https:\/\/www.meydan.tv\/az\/wp-json\/wp\/v2\/posts\/192298","targetHints":{"allow":["GET"]}}],"collection":[{"href":"https:\/\/www.meydan.tv\/az\/wp-json\/wp\/v2\/posts"}],"about":[{"href":"https:\/\/www.meydan.tv\/az\/wp-json\/wp\/v2\/types\/post"}],"author":[{"embeddable":true,"href":"https:\/\/www.meydan.tv\/az\/wp-json\/wp\/v2\/users\/11"}],"replies":[{"embeddable":true,"href":"https:\/\/www.meydan.tv\/az\/wp-json\/wp\/v2\/comments?post=192298"}],"version-history":[{"count":0,"href":"https:\/\/www.meydan.tv\/az\/wp-json\/wp\/v2\/posts\/192298\/revisions"}],"wp:featuredmedia":[{"embeddable":true,"href":"https:\/\/www.meydan.tv\/az\/wp-json\/wp\/v2\/media\/111653"}],"wp:attachment":[{"href":"https:\/\/www.meydan.tv\/az\/wp-json\/wp\/v2\/media?parent=192298"}],"wp:term":[{"taxonomy":"category","embeddable":true,"href":"https:\/\/www.meydan.tv\/az\/wp-json\/wp\/v2\/categories?post=192298"},{"taxonomy":"post_tag","embeddable":true,"href":"https:\/\/www.meydan.tv\/az\/wp-json\/wp\/v2\/tags?post=192298"}],"curies":[{"name":"wp","href":"https:\/\/api.w.org\/{rel}","templated":true}]}}