{"id":192291,"date":"2018-10-25T23:25:56","date_gmt":"2018-10-25T23:25:56","guid":{"rendered":"https:\/\/www.meydan.tv\/article\/qasiqcinin-olumu-ve-muasir-jurnalistika\/"},"modified":"2018-10-25T23:25:56","modified_gmt":"2018-10-25T23:25:56","slug":"qasiqcinin-olumu-ve-muasir-jurnalistika","status":"publish","type":"post","link":"https:\/\/www.meydan.tv\/az\/article\/qasiqcinin-olumu-ve-muasir-jurnalistika\/","title":{"rendered":"Qa\u015f\u0131q\u00e7\u0131n\u0131n \u00f6l\u00fcm\u00fc v\u0259 m\u00fcasir jurnalistika"},"content":{"rendered":"<figure class=\"wp-block-image size-large\">\n  <img decoding=\"async\" src=\"https:\/\/www.meydan.tv\/az\/jurnalist-camal-qasiqci\/\" alt=\"Jurnalist Camal Qa\u015f\u0131q\u00e7\u0131\" class=\"wp-image-111611\"\/><figcaption>\n    Jurnalist Camal Qa\u015f\u0131q\u00e7\u0131<br \/>\n  <\/figcaption><\/figure>\n<p>\n  D\u00fcnya h\u0259l\u0259 ki, Camal Qa\u015f\u0131q\u00e7\u0131n\u0131n \u00f6l\u00fcm\u00fcn\u00fcn \u015fokunu ya\u015fay\u0131r. Diplomatik korpusda h\u0259yata ke\u00e7iril\u0259n d\u0259h\u015f\u0259tli \u00f6l\u00fcm ssenarisi beyn\u0259lxalq ictimaiyy\u0259tin diqq\u0259tini S\u0259udiyy\u0259 \u018fr\u0259bistan\u0131na \u00e7\u0259kib. Bundan sonra n\u0259 olacaq \u2013 bu q\u0259tl\u0259 g\u00f6r\u0259 S\u0259udiyy\u0259 h\u00f6kum\u0259ti h\u0259r hans\u0131 b\u0259d\u0259l \u00f6d\u0259y\u0259c\u0259kmi, ya dig\u0259r cinay\u0259tl\u0259ri kimi bunun da \u00fcz\u0259rind\u0259n s\u0259ssiz ke\u00e7il\u0259c\u0259k \u2013 dey\u0259 bilm\u0259r\u0259m. Hadis\u0259y\u0259 siyasi \u015f\u0259rh verm\u0259yi d\u0259 haz\u0131rk\u0131 yaz\u0131da laz\u0131ms\u0131z hesab edir\u0259m. Ortada bir insan h\u0259yat\u0131 \u2013 beyn\u0259lxalq s\u0259viyy\u0259d\u0259 tan\u0131nm\u0131\u015f jurnalistin \u00f6l\u00fcm fakt\u0131 var. Bu is\u0259 yet\u0259ri q\u0259d\u0259r \u00fcz\u0259rind\u0259 durulas\u0131 hadis\u0259dir. \u015e\u00fcbh\u0259 yoxdur ki, q\u0259tlin \u0259sas motivl\u0259rind\u0259n biri onun jurnalist f\u0259aliyy\u0259ti, S\u0259udiyy\u0259 rejimi \u0259leyhin\u0259 yaz\u0131lar\u0131d\u0131r. D\u00f6vl\u0259t t\u0259r\u0259find\u0259n x\u00fcsusi amans\u0131zl\u0131qla h\u0259yata ke\u00e7irilmi\u015f cinay\u0259t s\u00f6z azadl\u0131\u011f\u0131n\u0131 bo\u011fma\u011fa hesablan\u0131b.\n<\/p>\n<p>\n  Qa\u015f\u0131q\u00e7\u0131n\u0131n \u00f6l\u00fcm\u00fc fonunda dig\u0259r m\u0259s\u0259l\u0259l\u0259rl\u0259 birlikd\u0259 jurnalistl\u0259rin ya\u015fad\u0131qlar\u0131 \u00e7\u0259tinlikl\u0259rin, \u00fczl\u0259\u015fdikl\u0259ri riskl\u0259rin miqyas\u0131 g\u00fcnd\u0259m\u0259 g\u0259lir. \u018flb\u0259tt\u0259, h\u0259r pe\u015f\u0259 kimi jurnalistikan\u0131n da m\u00fc\u04d9yy\u04d9n \u00e7\u0259tinlikl\u0259rinin olmas\u0131 t\u0259biidir. Bu pe\u015f\u0259y\u0259 \u201cm\u00fcq\u0259dd\u0259s\u201d v\u0259 sair bu kimi yap\u0131\u015fd\u0131r\u0131lan epitetl\u0259r d\u0259 bir az bo\u011fazdanyuxar\u0131 g\u0259lir m\u0259n\u0259. \u0130ctimai faydal\u0131l\u0131\u011f\u0131na g\u00f6r\u0259 d\u0259 bir jurnalistin bir m\u00fc\u0259llimd\u0259n, h\u0259kimd\u0259n v\u0259 ya polisd\u0259n \u00fcst\u00fcn oldu\u011funu dem\u0259k \u00e7\u0259tindir. Amma ortada b\u0259zi statistik r\u0259q\u0259ml\u0259r var ki, bu sah\u0259nin dig\u0259rl\u0259ri il\u0259 m\u00fcqayis\u0259d\u0259 daha riskli v\u0259 t\u0259hl\u00fck\u0259li oldu\u011funu g\u00f6st\u0259rir. M\u0259s\u0259l\u0259n, t\u0259kc\u0259 son 15 ild\u0259 \u00f6ld\u00fcr\u00fcl\u0259n jurnalistl\u0259rin say\u0131 1000-d\u0259n \u00e7oxdur. T\u04d9s\u04d9vv\u00fcr edirsinizmi, bu insanlar s\u0131rf pe\u015f\u04d9 f\u04d9aliyy\u04d9tl\u04d9rini yerin\u04d9 yetirdikl\u04d9rin\u04d9 g\u00f6r\u04d9 \u00f6ld\u00fcr\u00fcl\u00fcbl\u04d9r. 2006-c\u0131 ild\u0259 \u0130raqda AB\u015e h\u0259rbi vertolyotundan a\u00e7\u0131lan at\u0259\u015f n\u0259tic\u0259sind\u0259 \u00f6ld\u00fcr\u00fcl\u0259n reportyor v\u0259 operatorun g\u00f6r\u00fcnt\u00fcl\u0259ri h\u0259l\u0259 d\u0259 internetd\u0259 m\u00f6vcuddur. \u00c7\u0259tin ki, g\u00fcc strukturlar\u0131 istisna olmaqla, \u00f6ld\u00fcr\u00fclm\u04d9 riski y\u00fcks\u04d9k olan ikinci bel\u0259 sah\u0259 olsun.\n<\/p>\n<p>\n  B\u0259lk\u0259 d\u0259 m\u00fcnaqi\u015f\u0259 zonas\u0131nda bir jurnalistin \u00f6l\u00fcm\u00fc t\u0259bii g\u00f6r\u00fcn\u0259 bil\u0259r, amma m\u0259s\u0259l\u0259 bundad\u0131r ki, bel\u0259 q\u0259tll\u0259r minl\u0259rl\u0259 kilometr uzaqda, dinc \u0259razil\u0259rd\u0259 d\u0259 ba\u015f ver\u0259 bilir. El\u0259 Qa\u015f\u0131q\u00e7\u0131n\u0131n \u00f6l\u00fcm\u00fc kimi, ondan \u0259vv\u0259l ma\u015f\u0131n\u0131na yerl\u0259\u015fdirilmi\u015f bomba il\u0259 partlad\u0131lan Dafne Karuana Qaliziaya (Daphne Caruana Galizia) kimi, yaxud uzun t\u0259hdidl\u0259rind\u0259n sonra q\u0259tl\u0259 yetiril\u0259n Viktorya Marinova kimi. Bu \u015f\u0259xsl\u0259rin h\u0259r biri ciddi ara\u015fd\u0131rmalarla m\u0259\u015f\u011ful olan pe\u015f\u0259kar jurnalist idi. Panama s\u0259n\u0259dl\u0259rini ara\u015fd\u0131ran maltal\u0131 Dafne korrupsiyaya bula\u015fm\u0131\u015f d\u00f6vl\u0259t r\u0259smil\u0259ri haqq\u0131nda ciddi m\u0259lumatlar \u0259ld\u0259 etdiyi bildirilirdi. Bolqar\u0131standak\u0131 korrupsiya hadis\u0259l\u0259rini ara\u015fd\u0131ran Viktoriya Marinova da g\u00f6r\u00fcn\u00fcr ki, hans\u0131sa dair\u0259l\u0259ri narahat etmi\u015fdi. Jurnalist \u00f6l\u00fcm\u00fcnd\u0259n \u0259vv\u0259l bildirmi\u015fdi ki, t\u0259hdidl\u0259r\u0259 m\u0259ruz qal\u0131r. Bu insanlar \u00f6ld\u00fcr\u00fcl\u0259n n\u0259 ilk, n\u0259 d\u0259 son jurnalist deyill\u0259r. Onlar\u0131n q\u0259tli h\u0259m d\u0259 onu g\u00f6st\u04d9rir ki, jurnalist do\u011frular\u0131n ard\u0131nca oldu\u011fu m\u00fcdd\u04d9td\u04d9 t\u04d9hl\u00fck\u04d9d\u04d9dir, ist\u04d9r m\u00fcharib\u04d9 \u015f\u04d9raitind\u04d9 olsun, ist\u04d9rs\u04d9 d\u04d9 \u00f6z evind\u04d9.\n<\/p>\n<p>\n  Bu yax\u0131nlarda Almaniyada s\u0259f\u0259rd\u0259 olan T\u00fcrkiy\u0259 prezidenti R\u0259c\u0259b Tayyib \u018frdo\u011fan Almaniyaya s\u0131\u011f\u0131nan jurnalist Can D\u00fcndar\u0131n ekstradisiyas\u0131n\u0131 ist\u0259mi\u015fdi. Hakimiyy\u0259t iyerarxiyas\u0131n\u0131n \u0259n son pill\u0259sind\u0259 dayanan bir \u015f\u0259xs r\u0259smi \u015f\u0259kild\u0259 bir jurnalistin \u00f6lk\u0259y\u0259 qaytar\u0131lmas\u0131n\u0131 t\u0259l\u0259b edir. M\u0259nc\u0259, bu fakt jurnalistika il\u0259 ba\u011fl\u0131 m\u0259s\u0259l\u0259nin ciddiliyini anlama\u011fa kifay\u0259t ed\u0259r. Minl\u0259rl\u0259 jurnalist is\u04d9 haz\u0131rda h\u0259bsxanalarda c\u0259za \u00e7\u0259km\u0259kd\u0259dir. Jurnalistl\u0259rin M\u00fcdafi\u0259si Komit\u0259sin\u0259 g\u00f6r\u0259, t\u0259kc\u0259 2017-ci ild\u0259 262 jurnalist h\u0259bs olunub. Az\u0259rbaycan da bu bax\u0131mdan istisna deyil. M\u00fcst\u0259qillik qazand\u0131qdan sonra Az\u0259rbaycan h\u0259bsxanalar\u0131 dem\u0259k olar ki, jurnalist sar\u0131dan korluq \u00e7\u0259km\u0259yib, h\u0259r azad olunan jurnalisti yenisi \u0259v\u0259z edib.\n<\/p>\n<p>\n  Bu faktlar g\u00f6st\u0259rir ki, t\u0259qvim 2018-ci ili g\u00f6st\u0259rs\u0259 d\u0259, d\u0259yi\u015f\u0259n \u00e7ox az \u015fey var. Azad s\u00f6z\u00fcn ke\u015fik\u00e7il\u0259ri h\u0259l\u0259 d\u0259 kiml\u0259ris\u0259 narahat edir. Bu insanlar d\u00fcnyan\u0131n h\u0259r yerind\u0259 s\u0131x\u0131\u015fd\u0131r\u0131l\u0131r, susdurulma\u011fa \u00e7al\u0131\u015f\u0131l\u0131r. M\u0259tbuat\u0131n \u201c4-c\u00fc hakimiyy\u0259t\u201d oldu\u011fu deyilir. Y\u0259ni ilk 3 hakimiyy\u0259t\u0259 &#8211; d\u00f6vl\u0259tin icra mexanizmin\u0259, qanunvericilik aparat\u0131na, m\u0259hk\u0259m\u0259 sistemin\u0259 n\u0259zar\u0259t ed\u0259n t\u0259r\u0259f. Y\u0259qin siz d\u0259 etiraf ed\u0259rsiniz ki, \u0259lind\u0259 he\u00e7 bir inzibati resursu, c\u0259za mexanizmi, r\u0259smi s\u0259lahiyy\u0259ti olmayan m\u0259tbuat\u0131n hakimiyy\u0259tin bu 3 qoluna n\u0259zar\u0259t etm\u0259si \u00e7ox \u00e7\u0259tindir. Amma b\u00fct\u00fcn probleml\u0259r\u0259 baxmayaraq jurnalistl\u0259r bunu bacar\u0131r, t\u0259bii ki, qar\u015f\u0131l\u0131\u011f\u0131nda \u00e7ox b\u00f6y\u00fck b\u0259d\u0259ll\u0259r d\u0259 \u00f6d\u0259yir. B\u0259z\u0259n h\u0259bsl\u0259, b\u0259z\u0259n s\u00fcrg\u00fcnl\u0259, b\u0259z\u0259ns\u0259 \u00f6l\u00fcml\u0259&#8230;<\/p>\n","protected":false},"excerpt":{"rendered":"<p>Diplomatik korpusda h\u0259yata ke\u00e7iril\u0259n d\u0259h\u015f\u0259tli \u00f6l\u00fcm ssenarisi beyn\u0259lxalq ictimaiyy\u0259tin diqq\u0259tini S\u0259udiyy\u0259 \u018fr\u0259bistan\u0131na \u00e7\u0259kib.<\/p>\n","protected":false},"author":11,"featured_media":111611,"comment_status":"closed","ping_status":"open","sticky":false,"template":"","format":"standard","meta":{"_acf_changed":false,"_sitemap_exclude":false,"_sitemap_priority":"","_sitemap_frequency":"","footnotes":""},"categories":[57],"tags":[],"class_list":["post-192291","post","type-post","status-publish","format-standard","has-post-thumbnail","hentry","category-menim-fikrimce","infinite-scroll-item","generate-columns","tablet-grid-50","mobile-grid-100","grid-parent","grid-33","no-featured-image-padding"],"acf":[],"yoast_head":"<!-- This site is optimized with the Yoast SEO plugin v27.4 - https:\/\/yoast.com\/product\/yoast-seo-wordpress\/ -->\n<title>Qa\u015f\u0131q\u00e7\u0131n\u0131n \u00f6l\u00fcm\u00fc v\u0259 m\u00fcasir jurnalistika - MEYDAN.TV<\/title>\n<meta name=\"robots\" content=\"index, follow, max-snippet:-1, max-image-preview:large, max-video-preview:-1\" \/>\n<link rel=\"canonical\" href=\"https:\/\/www.meydan.tv\/az\/article\/qasiqcinin-olumu-ve-muasir-jurnalistika\/\" \/>\n<meta property=\"og:locale\" content=\"az_AZ\" \/>\n<meta property=\"og:type\" content=\"article\" \/>\n<meta property=\"og:title\" content=\"Qa\u015f\u0131q\u00e7\u0131n\u0131n \u00f6l\u00fcm\u00fc v\u0259 m\u00fcasir jurnalistika - MEYDAN.TV\" \/>\n<meta property=\"og:description\" content=\"Diplomatik korpusda h\u0259yata ke\u00e7iril\u0259n d\u0259h\u015f\u0259tli \u00f6l\u00fcm ssenarisi beyn\u0259lxalq ictimaiyy\u0259tin diqq\u0259tini S\u0259udiyy\u0259 \u018fr\u0259bistan\u0131na \u00e7\u0259kib.\" \/>\n<meta property=\"og:url\" content=\"https:\/\/www.meydan.tv\/az\/article\/qasiqcinin-olumu-ve-muasir-jurnalistika\/\" \/>\n<meta property=\"og:site_name\" content=\"MEYDAN.TV\" \/>\n<meta property=\"article:published_time\" content=\"2018-10-25T23:25:56+00:00\" \/>\n<meta property=\"og:image\" content=\"https:\/\/www.meydan.tv\/wp-content\/uploads\/44406.jpg\" \/>\n\t<meta property=\"og:image:width\" content=\"1010\" \/>\n\t<meta property=\"og:image:height\" content=\"644\" \/>\n\t<meta property=\"og:image:type\" content=\"image\/jpeg\" \/>\n<meta name=\"author\" content=\"user-manager\" \/>\n<meta name=\"twitter:card\" content=\"summary_large_image\" \/>\n<script type=\"application\/ld+json\" class=\"yoast-schema-graph\">{\"@context\":\"https:\\\/\\\/schema.org\",\"@graph\":[{\"@type\":\"Article\",\"@id\":\"https:\\\/\\\/www.meydan.tv\\\/az\\\/article\\\/qasiqcinin-olumu-ve-muasir-jurnalistika\\\/#article\",\"isPartOf\":{\"@id\":\"https:\\\/\\\/www.meydan.tv\\\/az\\\/article\\\/qasiqcinin-olumu-ve-muasir-jurnalistika\\\/\"},\"author\":{\"name\":\"user-manager\",\"@id\":\"https:\\\/\\\/www.meydan.tv\\\/az\\\/#\\\/schema\\\/person\\\/10d11eccf6da3662cf5fdab9806ea91a\"},\"headline\":\"Qa\u015f\u0131q\u00e7\u0131n\u0131n \u00f6l\u00fcm\u00fc v\u0259 m\u00fcasir jurnalistika\",\"datePublished\":\"2018-10-25T23:25:56+00:00\",\"mainEntityOfPage\":{\"@id\":\"https:\\\/\\\/www.meydan.tv\\\/az\\\/article\\\/qasiqcinin-olumu-ve-muasir-jurnalistika\\\/\"},\"wordCount\":960,\"publisher\":{\"@id\":\"https:\\\/\\\/www.meydan.tv\\\/az\\\/#organization\"},\"image\":{\"@id\":\"https:\\\/\\\/www.meydan.tv\\\/az\\\/article\\\/qasiqcinin-olumu-ve-muasir-jurnalistika\\\/#primaryimage\"},\"thumbnailUrl\":\"https:\\\/\\\/www.meydan.tv\\\/wp-content\\\/uploads\\\/44406.jpg\",\"articleSection\":[\"M\u0259nim Fikrimc\u0259\"],\"inLanguage\":\"az\"},{\"@type\":\"WebPage\",\"@id\":\"https:\\\/\\\/www.meydan.tv\\\/az\\\/article\\\/qasiqcinin-olumu-ve-muasir-jurnalistika\\\/\",\"url\":\"https:\\\/\\\/www.meydan.tv\\\/az\\\/article\\\/qasiqcinin-olumu-ve-muasir-jurnalistika\\\/\",\"name\":\"Qa\u015f\u0131q\u00e7\u0131n\u0131n \u00f6l\u00fcm\u00fc v\u0259 m\u00fcasir jurnalistika - MEYDAN.TV\",\"isPartOf\":{\"@id\":\"https:\\\/\\\/www.meydan.tv\\\/az\\\/#website\"},\"primaryImageOfPage\":{\"@id\":\"https:\\\/\\\/www.meydan.tv\\\/az\\\/article\\\/qasiqcinin-olumu-ve-muasir-jurnalistika\\\/#primaryimage\"},\"image\":{\"@id\":\"https:\\\/\\\/www.meydan.tv\\\/az\\\/article\\\/qasiqcinin-olumu-ve-muasir-jurnalistika\\\/#primaryimage\"},\"thumbnailUrl\":\"https:\\\/\\\/www.meydan.tv\\\/wp-content\\\/uploads\\\/44406.jpg\",\"datePublished\":\"2018-10-25T23:25:56+00:00\",\"breadcrumb\":{\"@id\":\"https:\\\/\\\/www.meydan.tv\\\/az\\\/article\\\/qasiqcinin-olumu-ve-muasir-jurnalistika\\\/#breadcrumb\"},\"inLanguage\":\"az\",\"potentialAction\":[{\"@type\":\"ReadAction\",\"target\":[\"https:\\\/\\\/www.meydan.tv\\\/az\\\/article\\\/qasiqcinin-olumu-ve-muasir-jurnalistika\\\/\"]}]},{\"@type\":\"ImageObject\",\"inLanguage\":\"az\",\"@id\":\"https:\\\/\\\/www.meydan.tv\\\/az\\\/article\\\/qasiqcinin-olumu-ve-muasir-jurnalistika\\\/#primaryimage\",\"url\":\"https:\\\/\\\/www.meydan.tv\\\/wp-content\\\/uploads\\\/44406.jpg\",\"contentUrl\":\"https:\\\/\\\/www.meydan.tv\\\/wp-content\\\/uploads\\\/44406.jpg\",\"width\":1010,\"height\":644,\"caption\":\"Source:\"},{\"@type\":\"BreadcrumbList\",\"@id\":\"https:\\\/\\\/www.meydan.tv\\\/az\\\/article\\\/qasiqcinin-olumu-ve-muasir-jurnalistika\\\/#breadcrumb\",\"itemListElement\":[{\"@type\":\"ListItem\",\"position\":1,\"name\":\"Ana s\u0259hif\u0259\",\"item\":\"https:\\\/\\\/www.meydan.tv\\\/az\\\/\"},{\"@type\":\"ListItem\",\"position\":2,\"name\":\"M\u0259nim Fikrimc\u0259\",\"item\":\"https:\\\/\\\/www.meydan.tv\\\/az\\\/section\\\/menim-fikrimce\\\/\"},{\"@type\":\"ListItem\",\"position\":3,\"name\":\"Qa\u015f\u0131q\u00e7\u0131n\u0131n \u00f6l\u00fcm\u00fc v\u0259 m\u00fcasir jurnalistika\"}]},{\"@type\":\"WebSite\",\"@id\":\"https:\\\/\\\/www.meydan.tv\\\/az\\\/#website\",\"url\":\"https:\\\/\\\/www.meydan.tv\\\/az\\\/\",\"name\":\"MEYDAN.TV\",\"description\":\"Meydan TV Az\u0259rbaycan\u0131n media m\u0259kan\u0131ndak\u0131 alternativ s\u0259sidir\",\"publisher\":{\"@id\":\"https:\\\/\\\/www.meydan.tv\\\/az\\\/#organization\"},\"potentialAction\":[{\"@type\":\"SearchAction\",\"target\":{\"@type\":\"EntryPoint\",\"urlTemplate\":\"https:\\\/\\\/www.meydan.tv\\\/az\\\/?s={search_term_string}\"},\"query-input\":{\"@type\":\"PropertyValueSpecification\",\"valueRequired\":true,\"valueName\":\"search_term_string\"}}],\"inLanguage\":\"az\"},{\"@type\":\"Organization\",\"@id\":\"https:\\\/\\\/www.meydan.tv\\\/az\\\/#organization\",\"name\":\"Meydan TV\",\"url\":\"https:\\\/\\\/www.meydan.tv\\\/az\\\/\",\"logo\":{\"@type\":\"ImageObject\",\"inLanguage\":\"az\",\"@id\":\"https:\\\/\\\/www.meydan.tv\\\/az\\\/#\\\/schema\\\/logo\\\/image\\\/\",\"url\":\"https:\\\/\\\/www.meydan.tv\\\/wp-content\\\/uploads\\\/2021\\\/07\\\/meydan-logo.svg\",\"contentUrl\":\"https:\\\/\\\/www.meydan.tv\\\/wp-content\\\/uploads\\\/2021\\\/07\\\/meydan-logo.svg\",\"width\":195,\"height\":46,\"caption\":\"Meydan TV\"},\"image\":{\"@id\":\"https:\\\/\\\/www.meydan.tv\\\/az\\\/#\\\/schema\\\/logo\\\/image\\\/\"}},{\"@type\":\"Person\",\"@id\":\"https:\\\/\\\/www.meydan.tv\\\/az\\\/#\\\/schema\\\/person\\\/10d11eccf6da3662cf5fdab9806ea91a\",\"name\":\"user-manager\"}]}<\/script>\n<!-- \/ Yoast SEO plugin. -->","yoast_head_json":{"title":"Qa\u015f\u0131q\u00e7\u0131n\u0131n \u00f6l\u00fcm\u00fc v\u0259 m\u00fcasir jurnalistika - MEYDAN.TV","robots":{"index":"index","follow":"follow","max-snippet":"max-snippet:-1","max-image-preview":"max-image-preview:large","max-video-preview":"max-video-preview:-1"},"canonical":"https:\/\/www.meydan.tv\/az\/article\/qasiqcinin-olumu-ve-muasir-jurnalistika\/","og_locale":"az_AZ","og_type":"article","og_title":"Qa\u015f\u0131q\u00e7\u0131n\u0131n \u00f6l\u00fcm\u00fc v\u0259 m\u00fcasir jurnalistika - MEYDAN.TV","og_description":"Diplomatik korpusda h\u0259yata ke\u00e7iril\u0259n d\u0259h\u015f\u0259tli \u00f6l\u00fcm ssenarisi beyn\u0259lxalq ictimaiyy\u0259tin diqq\u0259tini S\u0259udiyy\u0259 \u018fr\u0259bistan\u0131na \u00e7\u0259kib.","og_url":"https:\/\/www.meydan.tv\/az\/article\/qasiqcinin-olumu-ve-muasir-jurnalistika\/","og_site_name":"MEYDAN.TV","article_published_time":"2018-10-25T23:25:56+00:00","og_image":[{"width":1010,"height":644,"url":"https:\/\/www.meydan.tv\/wp-content\/uploads\/44406.jpg","type":"image\/jpeg"}],"author":"user-manager","twitter_card":"summary_large_image","schema":{"@context":"https:\/\/schema.org","@graph":[{"@type":"Article","@id":"https:\/\/www.meydan.tv\/az\/article\/qasiqcinin-olumu-ve-muasir-jurnalistika\/#article","isPartOf":{"@id":"https:\/\/www.meydan.tv\/az\/article\/qasiqcinin-olumu-ve-muasir-jurnalistika\/"},"author":{"name":"user-manager","@id":"https:\/\/www.meydan.tv\/az\/#\/schema\/person\/10d11eccf6da3662cf5fdab9806ea91a"},"headline":"Qa\u015f\u0131q\u00e7\u0131n\u0131n \u00f6l\u00fcm\u00fc v\u0259 m\u00fcasir jurnalistika","datePublished":"2018-10-25T23:25:56+00:00","mainEntityOfPage":{"@id":"https:\/\/www.meydan.tv\/az\/article\/qasiqcinin-olumu-ve-muasir-jurnalistika\/"},"wordCount":960,"publisher":{"@id":"https:\/\/www.meydan.tv\/az\/#organization"},"image":{"@id":"https:\/\/www.meydan.tv\/az\/article\/qasiqcinin-olumu-ve-muasir-jurnalistika\/#primaryimage"},"thumbnailUrl":"https:\/\/www.meydan.tv\/wp-content\/uploads\/44406.jpg","articleSection":["M\u0259nim Fikrimc\u0259"],"inLanguage":"az"},{"@type":"WebPage","@id":"https:\/\/www.meydan.tv\/az\/article\/qasiqcinin-olumu-ve-muasir-jurnalistika\/","url":"https:\/\/www.meydan.tv\/az\/article\/qasiqcinin-olumu-ve-muasir-jurnalistika\/","name":"Qa\u015f\u0131q\u00e7\u0131n\u0131n \u00f6l\u00fcm\u00fc v\u0259 m\u00fcasir jurnalistika - MEYDAN.TV","isPartOf":{"@id":"https:\/\/www.meydan.tv\/az\/#website"},"primaryImageOfPage":{"@id":"https:\/\/www.meydan.tv\/az\/article\/qasiqcinin-olumu-ve-muasir-jurnalistika\/#primaryimage"},"image":{"@id":"https:\/\/www.meydan.tv\/az\/article\/qasiqcinin-olumu-ve-muasir-jurnalistika\/#primaryimage"},"thumbnailUrl":"https:\/\/www.meydan.tv\/wp-content\/uploads\/44406.jpg","datePublished":"2018-10-25T23:25:56+00:00","breadcrumb":{"@id":"https:\/\/www.meydan.tv\/az\/article\/qasiqcinin-olumu-ve-muasir-jurnalistika\/#breadcrumb"},"inLanguage":"az","potentialAction":[{"@type":"ReadAction","target":["https:\/\/www.meydan.tv\/az\/article\/qasiqcinin-olumu-ve-muasir-jurnalistika\/"]}]},{"@type":"ImageObject","inLanguage":"az","@id":"https:\/\/www.meydan.tv\/az\/article\/qasiqcinin-olumu-ve-muasir-jurnalistika\/#primaryimage","url":"https:\/\/www.meydan.tv\/wp-content\/uploads\/44406.jpg","contentUrl":"https:\/\/www.meydan.tv\/wp-content\/uploads\/44406.jpg","width":1010,"height":644,"caption":"Source:"},{"@type":"BreadcrumbList","@id":"https:\/\/www.meydan.tv\/az\/article\/qasiqcinin-olumu-ve-muasir-jurnalistika\/#breadcrumb","itemListElement":[{"@type":"ListItem","position":1,"name":"Ana s\u0259hif\u0259","item":"https:\/\/www.meydan.tv\/az\/"},{"@type":"ListItem","position":2,"name":"M\u0259nim Fikrimc\u0259","item":"https:\/\/www.meydan.tv\/az\/section\/menim-fikrimce\/"},{"@type":"ListItem","position":3,"name":"Qa\u015f\u0131q\u00e7\u0131n\u0131n \u00f6l\u00fcm\u00fc v\u0259 m\u00fcasir jurnalistika"}]},{"@type":"WebSite","@id":"https:\/\/www.meydan.tv\/az\/#website","url":"https:\/\/www.meydan.tv\/az\/","name":"MEYDAN.TV","description":"Meydan TV Az\u0259rbaycan\u0131n media m\u0259kan\u0131ndak\u0131 alternativ s\u0259sidir","publisher":{"@id":"https:\/\/www.meydan.tv\/az\/#organization"},"potentialAction":[{"@type":"SearchAction","target":{"@type":"EntryPoint","urlTemplate":"https:\/\/www.meydan.tv\/az\/?s={search_term_string}"},"query-input":{"@type":"PropertyValueSpecification","valueRequired":true,"valueName":"search_term_string"}}],"inLanguage":"az"},{"@type":"Organization","@id":"https:\/\/www.meydan.tv\/az\/#organization","name":"Meydan TV","url":"https:\/\/www.meydan.tv\/az\/","logo":{"@type":"ImageObject","inLanguage":"az","@id":"https:\/\/www.meydan.tv\/az\/#\/schema\/logo\/image\/","url":"https:\/\/www.meydan.tv\/wp-content\/uploads\/2021\/07\/meydan-logo.svg","contentUrl":"https:\/\/www.meydan.tv\/wp-content\/uploads\/2021\/07\/meydan-logo.svg","width":195,"height":46,"caption":"Meydan TV"},"image":{"@id":"https:\/\/www.meydan.tv\/az\/#\/schema\/logo\/image\/"}},{"@type":"Person","@id":"https:\/\/www.meydan.tv\/az\/#\/schema\/person\/10d11eccf6da3662cf5fdab9806ea91a","name":"user-manager"}]}},"_links":{"self":[{"href":"https:\/\/www.meydan.tv\/az\/wp-json\/wp\/v2\/posts\/192291","targetHints":{"allow":["GET"]}}],"collection":[{"href":"https:\/\/www.meydan.tv\/az\/wp-json\/wp\/v2\/posts"}],"about":[{"href":"https:\/\/www.meydan.tv\/az\/wp-json\/wp\/v2\/types\/post"}],"author":[{"embeddable":true,"href":"https:\/\/www.meydan.tv\/az\/wp-json\/wp\/v2\/users\/11"}],"replies":[{"embeddable":true,"href":"https:\/\/www.meydan.tv\/az\/wp-json\/wp\/v2\/comments?post=192291"}],"version-history":[{"count":0,"href":"https:\/\/www.meydan.tv\/az\/wp-json\/wp\/v2\/posts\/192291\/revisions"}],"wp:featuredmedia":[{"embeddable":true,"href":"https:\/\/www.meydan.tv\/az\/wp-json\/wp\/v2\/media\/111611"}],"wp:attachment":[{"href":"https:\/\/www.meydan.tv\/az\/wp-json\/wp\/v2\/media?parent=192291"}],"wp:term":[{"taxonomy":"category","embeddable":true,"href":"https:\/\/www.meydan.tv\/az\/wp-json\/wp\/v2\/categories?post=192291"},{"taxonomy":"post_tag","embeddable":true,"href":"https:\/\/www.meydan.tv\/az\/wp-json\/wp\/v2\/tags?post=192291"}],"curies":[{"name":"wp","href":"https:\/\/api.w.org\/{rel}","templated":true}]}}