{"id":192262,"date":"2018-10-24T17:50:30","date_gmt":"2018-10-24T17:50:30","guid":{"rendered":"https:\/\/www.meydan.tv\/article\/sirketi-men-yaratmisam-ne-is-gorur-bilmirem\/"},"modified":"2018-10-24T17:50:30","modified_gmt":"2018-10-24T17:50:30","slug":"sirketi-men-yaratmisam-ne-is-gorur-bilmirem","status":"publish","type":"post","link":"https:\/\/www.meydan.tv\/az\/article\/sirketi-men-yaratmisam-ne-is-gorur-bilmirem\/","title":{"rendered":"\u201c\u015eirk\u0259ti m\u0259n yaratm\u0131\u015fam, n\u0259 i\u015f g\u00f6r\u00fcr, bilmir\u0259m\u201d"},"content":{"rendered":"<figure class=\"wp-block-image size-large\">\n  <img decoding=\"async\" src=\"https:\/\/www.meydan.tv\/az\/111488\/\" alt=\"\" class=\"wp-image-111488\"\/><figcaption><\/figcaption><\/figure>\n<p>\n  <i><br \/>\n    Az\u0259rbaycanda tipik sxeml\u0259 qurulan bir\u011funl\u00fck \u015firk\u0259tl\u0259rin daha bir qrupu l\u0259\u011fv olunur. Vergil\u0259r Nazirliyi is\u0259 b\u0259zi f\u0131r\u0131ldaq\u00e7\u0131lara vergid\u0259n yay\u0131nma\u011fa imkan yaradan bu c\u00fcr \u015firk\u0259tl\u0259rl\u0259rin izin\u0259 d\u00fc\u015fd\u00fcy\u00fcn\u00fc a\u00e7\u0131qlay\u0131b<br \/>\n  <\/i>\n<\/p>\n<p>\n  <b><br \/>\n    &#8230; Na\u011f\u0131 Qas\u0131mov d\u00f6vriyy\u0259si milyon manatlarla hesablanan \u201cs\u00fczg\u0259c \u015firk\u0259tl\u0259rin\u201d sahibi v\u0259 direktorudur. Etiraf edir ki, \u0259slind\u0259 i\u015fsizdir v\u0259 bu \u015firk\u0259tl\u0259rin son benefisiar\u0131 (xeyirg\u00f6t\u00fcr\u0259ni) deyil. F\u0259aliyy\u0259ti d\u00f6vl\u0259t b\u00fcdc\u0259si hesab\u0131na maliyy\u0259l\u0259\u015f\u0259n layih\u0259l\u0259ri \u015f\u00fcbh\u0259li yollarla icra etm\u0259k olan bu \u015firk\u0259tl\u0259rin daha bir ne\u00e7\u0259si missyas\u0131n\u0131 sona \u00e7atd\u0131rd\u0131qdan sonra indi l\u0259\u011fv olunmaqdad\u0131r. D\u00f6vl\u0259t qurumlar\u0131 bu c\u00fcr \u015firk\u0259tl\u0259rin vergid\u0259n yay\u0131nma al\u0259ti oldu\u011funu bildirir v\u0259 onlarla m\u00fcbariz\u0259 yollar\u0131n\u0131 tapma\u011f\u0131 d\u00fc\u015f\u00fcn\u00fcrl\u0259r.<br \/>\n  <\/b>\n<\/p>\n<p>\n  \u201c\u015eirk\u0259tl\u0259ri yarad\u0131b vermi\u015f\u0259m qohuma. O i\u015fl\u0259ri Sveta (Svetlana G\u00fclm\u0259mm\u0259dovan\u0131 n\u0259z\u0259rd\u0259 tutur- red.) v\u0259 ba\u015fqalar\u0131 idar\u0259 edir. N\u0259 i\u015f g\u00f6r\u00fcrl\u0259r, bilmir\u0259m. N\u0259 x\u0259rc\u0259-borca g\u00f6r\u0259 qap\u0131m\u0131 d\u00f6y\u0259n var, n\u0259 d\u0259 bir manat xeyrini g\u00f6rm\u00fc\u015f\u0259m o \u015firk\u0259tl\u0259rin. Y\u0259qin ki i\u015f azal\u0131b, ona g\u00f6r\u0259 l\u0259\u011fv edirl\u0259r\u201d.\n<\/p>\n<p>\n  Sumqay\u0131tda, 10-cu mikrorayon, ev 52A \u00fcnvan\u0131ndak\u0131 m\u0259nzilin\u0259 qeydiyyata al\u0131nan \u00e7oxlu sayda \u015firk\u0259tl\u0259rin formal direktoru, 39 ya\u015fl\u0131 Na\u011f\u0131 Qas\u0131mov qap\u0131s\u0131n\u0131n kandar\u0131nda m\u00fcxbirin suallar\u0131n\u0131 cavabland\u0131rark\u0259n h\u0259y\u0259can\u0131n\u0131 gizl\u0259tm\u0259y\u0259 \u00e7al\u0131\u015f\u0131r. Bu yax\u0131nlarda h\u0259min \u015firk\u0259tl\u0259rin daha bir ne\u00e7\u0259sinin l\u0259\u011fvin\u0259 ba\u015flan\u0131b. Amma Na\u011f\u0131 bu i\u015fl\u0259rd\u0259n, el\u0259c\u0259 d\u0259 m\u0259nzilind\u0259 qeydiyyatda olan \u015firk\u0259tl\u0259rd\u0259n birinin (\u201c\u0130nter -Ko\u201d MMC) t\u0259kc\u0259 vergil\u0259r \u00fczr\u0259 d\u00f6vl\u0259t b\u00fcdc\u0259sin\u0259 228417 manat (134,3 min AB\u015e dollar\u0131) borcunun oldu\u011fundan da x\u0259b\u0259rsizdir.\n<\/p>\n<p>\n  \u2026\u201cCompakt-2013\u201d MMC 2013-c\u00fc ild\u0259 yarad\u0131l\u0131b. Bu ilin avqust ay\u0131n\u0131n ortalar\u0131nda onun l\u0259\u011fvi bar\u0259d\u0259 elan d\u0259rc olunub. Vergil\u0259r Nazirliyind\u0259 qeyd\u0259 al\u0131nm\u0131\u015f m\u0259lumatlara g\u00f6r\u0259, Na\u011f\u0131 Qas\u0131mov onun direktorudur. \u015eirk\u0259t el\u0259 t\u0259sis olundu\u011fu il S\u0259hiyy\u0259 Nazirliyinin Elmi-T\u0259dqiqat Travmatologiya v\u0259 Ortopediya \u0130nstitutu \u00fc\u00e7\u00fcn m\u0259tb\u0259\u0259 xidm\u0259tl\u0259ri icra edib, Milli Elml\u0259r Akademiyas\u0131n\u0131n akademik \u018f.M.Quliyev ad\u0131na A\u015fqarlar Kimyas\u0131 \u0130nstitutuna ma\u015f\u0131n v\u0259 avadanl\u0131q, Prezident yan\u0131nda G\u0259ncl\u0259r Fonduna d\u0259ft\u0259rxana v\u0259 t\u0259s\u0259rr\u00fcfat mallar\u0131, \u018fdliyy\u0259 Nazirliyi \u00fc\u00e7\u00fcns\u0259 adlar\u0131 a\u00e7\u0131qlanmayan h\u0259diyy\u0259l\u0259r al\u0131b. \u00dcmumiyy\u0259tl\u0259, 2013-2014-c\u00fc ill\u0259rd\u0259 \u201cCompakt-2013\u201d MMC d\u00f6vl\u0259t b\u00fcdc\u0259si hesab\u0131na 76 min manatl\u0131q r\u0259smi m\u00fcqavil\u0259l\u0259r ba\u011flay\u0131b. Son ill\u0259r bu \u015firk\u0259tin ad\u0131 d\u00f6vl\u0259t sat\u0131nalmalar\u0131n\u0131n qalibl\u0259ri aras\u0131nda \u00e7\u0259kilmir.\u00a0 Bu ilin avqust ay\u0131n\u0131n ortalar\u0131nda onun l\u0259\u011fvi bar\u0259d\u0259 elan d\u0259rc olunub.\n<\/p>\n<p>\n  Haz\u0131rda Na\u011f\u0131n\u0131n m\u0259nzilind\u0259 daha \u00fc\u00e7 \u015firk\u0259t (\u201cB\u0259r\u0259k\u0259t-2013\u201d, \u201cMilla\u201d v\u0259 \u201cAS-Royal-1\u201d MMC-l\u0259r) qeydiyyatdad\u0131r. \u015eirk\u0259tl\u0259r yarad\u0131l\u0131r, d\u00f6vl\u0259t sat\u0131nalmalar\u0131nda i\u015ftirak edir, sonra is\u0259 l\u0259\u011fv edilir v\u0259 yenil\u0259ri yarad\u0131l\u0131r&#8230; Vergil\u0259r Nazirliyinin m\u0259lumatlar\u0131na g\u00f6r\u0259, t\u0259kc\u0259 2015-ci ild\u0259n indiy\u0259d\u0259k N.Qas\u0131movun m\u0259nzilin\u0259 qeydiyyatda al\u0131nm\u0131\u015f 21 bel\u0259 \u015firk\u0259t l\u0259\u011fv olunub.\n<\/p>\n<p>\n  <b><br \/>\n    \u015eirk\u0259t Sumqay\u0131tdak\u0131 m\u0259nzild\u0259 nec\u0259 peyda olub, n\u0259 sahibi bilir, n\u0259 d\u0259 t\u0259sis\u00e7isi<br \/>\n  <\/b>\n<\/p>\n<p>\n  H\u0259min m\u0259nzill\u0259 eyni \u00fcnvan\u0131 payla\u015fm\u0131\u015f, ill\u0259r \u00f6nc\u0259 l\u0259\u011fv olunmu\u015f \u201cMinoks\u201d MMC-nin direktoru S\u0259fur\u0259 Vladimir q\u0131z\u0131 R\u00fcst\u0259movad\u0131r. 83 ya\u015fl\u0131 Vladimir R\u00fcst\u0259mov bir m\u00fcdd\u0259t 2008-ci ild\u0259 S.G\u00fclm\u0259mm\u0259dovanin t\u0259sis\u00e7iliyi il\u0259 X\u0131rdalan \u015f\u0259h\u0259rind\u0259 yarad\u0131lm\u0131\u015f \u201c\u00dcmid-Ko\u201d MMC-nin direktoru olub. Onlar m\u00fcxt\u0259lif \u00fcnvanlarda yarad\u0131lan \u00e7oxsayl\u0131 \u015firk\u0259tl\u0259rin \u0259sas i\u015ftirak\u00e7\u0131lar\u0131ndand\u0131rlar. Bu \u015firk\u0259tl\u0259ri birl\u0259\u015fdir\u0259n \u0259sas x\u00fcsusiyy\u0259t onlar\u0131n yaln\u0131z d\u00f6vl\u0259t sat\u0131nlamalar\u0131na qat\u0131lmas\u0131d\u0131r.\n<\/p>\n<p>\n  \u201cErm\u0259nistan qa\u00e7q\u0131n\u0131yam. Orada partiya i\u015find\u0259 \u00e7al\u0131\u015fm\u0131\u015fam, deputat olmu\u015fam. Qa\u00e7q\u0131nl\u0131q d\u00fc\u015f\u0259nd\u0259 X\u0131z\u0131ya g\u0259lmi\u015f\u0259m. X\u0131z\u0131n\u0131 Ab\u015feron rayonundan m\u0259n ay\u0131rm\u0131\u015fam, qa\u00e7q\u0131nlar\u0131 ora m\u0259n y\u0131\u011fm\u0131\u015fam. Ya\u015f\u0131ma g\u00f6r\u0259 pensiyaya \u00e7\u0131xm\u0131\u015fam\u201d. Vladimir R\u00fcst\u0259mov h\u0259yat yolu haqda jurnalist\u0259 dan\u0131\u015f\u0131r. Amma 10 il bundan qabaq V\u00fcqar T\u0259hm\u0259z o\u011flu M\u0259mm\u0259dovun Sumqay\u0131tda 9-cu mikrorayondak\u0131 m\u0259nzilind\u0259 3 \u015firk\u0259tin yarad\u0131lmas\u0131 tarix\u00e7\u0259sini xat\u0131rlaya bilmir. V\u00fcqar M\u0259mm\u0259dov \u201cLeqas\u201d, \u201cEgey-1\u201d v\u0259 \u201cEtalon-2008\u201d \u015firk\u0259tl\u0259rinin onun m\u0259nzilin\u0259 qeyd\u0259 al\u0131nmas\u0131ndan x\u0259b\u0259rsiz oldu\u011funu, t\u0259sis\u00e7il\u0259ri (V. R\u00fcst\u0259mov v\u0259 S. G\u00fclm\u0259mm\u0259dova) v\u0259 direktoru (\u018fl\u0259sg\u0259r C\u0259f\u0259rov) tan\u0131mad\u0131\u011f\u0131n\u0131 deyir. Qanunvericilik \u015firk\u0259tin h\u00fcquqi qeydiyyat \u00fcnvan\u0131n\u0131n d\u00f6vl\u0259t reyestrin\u0259 daxil edilm\u0259sind\u0259n \u00f6tr\u00fc onun m\u00fclkiyy\u0259ti\u00e7isinin raz\u0131l\u0131\u011f\u0131n\u0131n olmas\u0131n\u0131 t\u0259l\u0259b edir.\n<\/p>\n<p>\n  <b><br \/>\n    Bir-birini \u201ctan\u0131mayan\u201d \u015f\u0259xsl\u0259ri birl\u0259\u015fdir\u0259n \u00fcnvanlar v\u0259 \u015firk\u0259tl\u0259r<br \/>\n  <\/b>\n<\/p>\n<p>\n  L\u0259\u011fvin\u0259 ba\u015flanan \u015firk\u0259tl\u0259rin bir ne\u00e7\u0259sinin (\u201cBravissimo\u201d MMC, \u201cElit-11\u201d MMC v\u0259 \u201cLider-GM\u201d) \u00fcnvan\u0131 orta m\u0259kt\u0259b m\u00fc\u0259llimi Arif Qas\u0131movun Sumqay\u0131tdak\u0131 m\u0259nzilidir. 9-cu mikrorayondak\u0131 19 n\u00f6mr\u0259li binada onunla yana\u015f\u0131, h\u0259yar yolda\u015f\u0131 Tacir\u0259nin v\u0259 \u00e7oxlu sayda dig\u0259r \u015f\u0259xsl\u0259rin direktoru oldu\u011fu \u015firk\u0259tl\u0259r qeydiyyatdan ke\u00e7ib. Bu \u015firk\u0259tl\u0259rin direktorlar\u0131 aras\u0131nda Na\u011f\u0131 Qas\u0131mov, Bilal Qas\u0131mov, Svetlana G\u00fclm\u0259mm\u0259dova, Vladimir R\u00fcst\u0259mov da var. Amma Na\u011f\u0131 Qas\u0131mov kimi o da bu \u015firk\u0259tl\u0259rin n\u0259 i\u015fl\u0259 m\u0259\u015f\u011ful oldu\u011fundan x\u0259b\u0259rsiz oldu\u011funu deyir.\n<\/p>\n<p>\n  &#8211;<br \/>\n  <b><br \/>\n    Bu m\u0259nzild\u0259 sizin ad\u0131n\u0131zda olan v\u0259 ba\u015fqalar\u0131n\u0131n yaratd\u0131\u011f\u0131 v\u0259 idar\u0259 etdiyi \u00e7oxlu \u015firk\u0259t var. Bu haqda n\u0259 dey\u0259 bil\u0259rsiz?<br \/>\n  <\/b>\n<\/p>\n<p>\n  &#8211; Onunla m\u0259n m\u0259\u015f\u011ful olmuram. Onlar ham\u0131s\u0131 ba\u011flan\u0131b. D\u00fczd\u00fcr, ad\u0131 qal\u0131b, amma he\u00e7 biri i\u015fl\u0259mir. Onlar yarad\u0131lsa da, f\u0259aliyy\u0259ti u\u011fursuz olub. Onlar\u0131 a\u00e7maq da bir xata oldu. \u0130ll\u0259rl\u0259 i\u015fl\u0259yibl\u0259rs\u0259 d\u0259, ziyana u\u011fray\u0131blar. D\u00f6vl\u0259t\u0259 vergi v\u0259 sosial s\u0131\u011forta borclar\u0131 yaran\u0131b. \u00dcmumiyy\u0259tl\u0259, bu haqda dan\u0131\u015fmaq ist\u0259mir\u0259m: oldu, ke\u00e7di&#8230;\n<\/p>\n<p>\n  Bu ilin avqust ay\u0131nda l\u0259\u011fvin\u0259 ba\u015flan\u0131lan 7 \u015firk\u0259td\u0259n ikisin\u0259 (\u201cFineks-T\u201d v\u0259 \u201cArbat-A\u201d MMC-l\u0259r) Svetlana G\u00fclm\u0259mm\u0259dova r\u0259hb\u0259rlik edir. 2012-c ild\u0259 Ab\u015feron rayonunun M\u0259mm\u0259d\u0259li k\u0259ndind\u0259, S. G\u00fclm\u0259mm\u0259dovan\u0131n ev \u00fcnvan\u0131nda t\u0259sis olunan \u00a0bu \u015firk\u0259tl\u0259rin hesablar\u0131na 2012-2014-c\u00fc ill\u0259rd\u0259 d\u00f6vl\u0259t qurumlar\u0131 bar\u0259l\u0259rind\u0259 m\u0259lumat a\u00e7\u0131qlanm\u0131\u015f 17 r\u0259smi m\u00fcqavil\u0259 il\u0259 357,8 min manat v\u0259sait k\u00f6\u00e7\u00fcr\u00fcl\u00fcb. T\u0259hqiqatlar is\u0259 t\u0259sdiq edir ki, 3 g\u00f6st\u0259riciy\u0259 (t\u0259sis\u00e7il\u0259r, direktorlar v\u0259 h\u00fcquqi \u00fcnvanlar) g\u00f6r\u0259 bir-birin\u0259 h\u00f6r\u00fcm\u00e7\u0259k toru kimi ba\u011fl\u0131 olan 100-d\u0259n \u00e7ox \u015firk\u0259tin m\u0259rk\u0259zi fiquru i\u015f adam\u0131, haz\u0131rda \u0259m\u0259k pensiyas\u0131na \u00e7\u0131xm\u0131\u015f Bilal Qas\u0131movdur. Na\u011f\u0131 Qas\u0131movun m\u0259nzilind\u0259 qeydiyyata al\u0131nan az\u0131 3 \u015firk\u0259tin direktoru i\u015fl\u0259mi\u015f Svetlana G\u00fclm\u0259mm\u0259dovan\u0131n B. Qas\u0131movun \u015firk\u0259tl\u0259rinin birinin i\u015f\u00e7isi oldu\u011funu Meydan TV-y\u0259 bu \u015firk\u0259tl\u0259r\u0259 aidiyyat\u0131 olan iki \u015f\u0259xs t\u0259sdiq edib.\n<\/p>\n<p>\n  \u201cD\u00fczd\u00fcr, \u015firk\u0259tl\u0259rim olub, amma ba\u011flan\u0131b. \u00dc\u00e7 il qabaq yekunla\u015fd\u0131rm\u0131\u015fam o i\u015fl\u0259ri. O vaxtdan\u00a0 G\u0259d\u0259b\u0259yd\u0259 t\u0259s\u0259rr\u00fcfatla m\u0259\u015f\u011fulam\u201d, &#8211; Bilal Qas\u0131mov MeydanTV-y\u0259 telefonla deyir. Vergil\u0259r Nazirliyinin apar\u0131l\u0131mas\u0131na cavabdeh oldu\u011fu \u015eirk\u0259tl\u0259rin D\u00f6vl\u0259t Reyestri m\u0259lumatlar\u0131na g\u00f6r\u0259, onun direktoru oldu\u011fu bir ne\u00e7\u0259 \u015firk\u0259t bu g\u00fcn d\u0259 m\u00f6vcuddur. Amma Bilal Qas\u0131mov h\u0259min \u015firk\u0259tl\u0259rin indi ona he\u00e7 bir aidiyyat\u0131 olmad\u0131\u011f\u0131n\u0131, etibarnam\u0259 il\u0259 h\u0259min \u015firk\u0259tl\u0259ri ba\u015fqa \u015f\u0259xsl\u0259r\u0259 \u00f6t\u00fcrd\u00fcy\u00fcn\u00fc bildirir.\n<\/p>\n<p>\n  &#8211;<br \/>\n  <b><br \/>\n    \u0130ki \u015firk\u0259t\u0259 birba\u015fa v\u0259 dolay\u0131s\u0131yla aidiyyat\u0131 olan Sumqay\u0131t sakini deyir ki, siz v\u0259 qayn\u0131 Vladimir R\u00fcst\u0259mov 2008-ci ild\u0259 onun evin\u0259 g\u0259lib \u015firk\u0259tl\u0259rin onun v\u0259 o\u011flunun t\u0259sis\u00e7iliyi il\u0259 yarad\u0131lmas\u0131n\u0131 xahi\u015f etmisiniz&#8230;<br \/>\n  <\/b>\n<\/p>\n<p>\n  &#8211; 2008-ci ild\u0259 \u00e7ox \u015fey ola bil\u0259r. O vaxt diler olmu\u015fam, Belorusiyadan panel, sement, taxta g\u0259tirmi\u015f\u0259m, mal satm\u0131\u015fam. Sonra ba\u011flan\u0131b, qurtar\u0131b bu m\u0259s\u0259l\u0259.\n<\/p>\n<p>\n  &#8211;<br \/>\n  <b><br \/>\n    B\u0259s sizin \u015firk\u0259tl\u0259ri d\u00f6vl\u0259t t\u0259\u015fkilatlar\u0131 nec\u0259 tap\u0131rd\u0131lar? Ax\u0131, bir \u00e7ox sat\u0131nalma m\u0259tbuatda elan olunaraq, k\u00fctl\u0259vi d\u0259v\u0259t \u0259sas\u0131nda apar\u0131lmay\u0131b&#8230; Amma siz\u0259 aid olan \u015firk\u0259tl\u0259r y\u00fczl\u0259rl\u0259 sat\u0131nalma m\u00fcqavil\u0259si ba\u011flay\u0131b.<br \/>\n  <\/b>\n<\/p>\n<p>\n  &#8211; Nec\u0259 ki 3-4 il \u0259vv\u0259l tap\u0131rd\u0131lar, o yolla da tap\u0131rd\u0131lar. Ham\u0131 ham\u0131n\u0131 n\u0259 t\u0259h\u0259r tap\u0131r? O biri t\u0259r\u0259fd\u0259n m\u0259nim c\u00fczi h\u0259cmd\u0259 i\u015fim olub, ya olmay\u0131b.\n<\/p>\n<p>\n  &#8211;<br \/>\n  <b><br \/>\n    Sizin yaratd\u0131\u011f\u0131n\u0131z \u015firk\u0259tl\u0259rd\u0259n birinin (\u201c<br \/>\n  <\/b><br \/>\n  Inter -Ko\u201d MMC<br \/>\n  <b><br \/>\n    ) d\u00f6vl\u0259t b\u00fcdc\u0259sin\u0259 k\u00fclli miqdarda &#8211;<br \/>\n  <\/b><br \/>\n  228417 manat<br \/>\n  <b><br \/>\n    borcu var.<br \/>\n  <\/b>\n<\/p>\n<p>\n  &#8211; M\u0259nim he\u00e7 k\u0259s\u0259 borcum yoxdur. Bir n\u0259f\u0259r olub, m\u0259nd\u0259n xahi\u015f edib, ad\u0131ma h\u0259min \u015firk\u0259ti a\u00e7\u0131b, i\u015fl\u0259dib, gedib girib t\u00fcrm\u0259y\u0259. 7 il h\u0259bs c\u0259zas\u0131 al\u0131b. \u015eirk\u0259t m\u0259nim olsa da, etibarnam\u0259 \u00fczr\u0259 b\u00fct\u00fcn m\u0259suliyy\u0259t onun \u00fcz\u0259rind\u0259 idi. D\u00f6vl\u0259tin vergisini verm\u0259di, getdi \u201cyatd\u0131\u201d.\n<\/p>\n<p>\n  <b><br \/>\n    \u201cR\u0259smi s\u0259n\u0259dd\u0259 kimin ad\u0131 qeyd olunubsa, m\u0259suliyy\u0259t onundur\u201d \u2013 h\u00fcquq\u015f\u00fcnas<br \/>\n  <\/b>\n<\/p>\n<p>\n  F\u00fczuli G\u0259ncmal\u0131yev Bilal Qas\u0131movu tan\u0131y\u0131r. Dan\u0131\u015f\u0131r ki, 2008-ci ilin fevral\u0131nda anas\u0131n\u0131n day\u0131s\u0131 Vladimir R\u00fcst\u0259mov i\u015f adam\u0131 olan dostu Bilal Qas\u0131movla onlar\u0131n Sumqay\u0131tdak\u0131 evin\u0259 g\u0259libl\u0259r. Atas\u0131n\u0131n v\u0259 qard\u0131\u015f\u0131 Yal\u00e7\u0131n\u0131n t\u0259sis\u00e7iliyi il\u0259 \u015firk\u0259tl\u0259r yaratma\u011f\u0131 xahi\u015f etdi. S\u0259b\u0259b kimi is\u0259 Bak\u0131dan f\u0259rqli olaraq, Sumqay\u0131tda sad\u0259l\u0259\u015fdirilmi\u015f verginin 2 faiz olmas\u0131n\u0131 g\u00f6st\u0259rmi\u015fdil\u0259r. Bir m\u00fcdd\u0259t sonra ev\u0259 Vergil\u0259r Departamentind\u0259n, m\u0259hk\u0259m\u0259d\u0259n m\u0259ktublar g\u0259lm\u0259y\u0259 ba\u015flay\u0131r. \u201cAtam Tatar get-g\u0259l\u0259 d\u00fc\u015fd\u00fc. H\u0259min bu narahatl\u0131qlara g\u00f6r\u0259 2008-ci ilin avqust ay\u0131nda yenid\u0259n notariat kontoruna gedib \u201cAvis-7\u201d MMC-d\u0259 onun t\u0259sis\u00e7i kimi s\u0259lahiyy\u0259tl\u0259rini Elnur\u0259 Had\u0131yeva adl\u0131 bir \u015f\u0259xsin ad\u0131na \u00f6t\u00fcrd\u00fcl\u0259r. Amma m\u0259nzilimiz o \u015firk\u0259tin \u00fcnvan\u0131 kimi qeyd olundu\u011funa g\u00f6r\u0259 m\u0259ktublar g\u0259lm\u0259kd\u0259 davam edirdi\u201d, &#8211; F\u00fczuli deyir. Tatargild\u0259 olduqlar\u0131n\u0131 Vladimir d\u0259, Bilal da t\u0259sdiq edirl\u0259r.\n<\/p>\n<p>\n  Bilal Qas\u0131mov \u015firk\u0259tl\u0259r yaratma\u011f\u0131 h\u0259m \u00f6z\u00fc kiml\u0259rd\u0259ns\u0259 xahi\u015f edib, h\u0259m d\u0259 ondan bu c\u00fcr \u015firk\u0259tl\u0259rin yarad\u0131lmas\u0131nda istifad\u0259 edibl\u0259r. H\u00fcquq\u015f\u00fcnas<br \/>\n  <b><br \/>\n    Allahver\u0259n Oruclu<br \/>\n  <\/b><br \/>\n  bu c\u00fcr h\u00fcquqi m\u00fcnasib\u0259tl\u0259r\u0259 m\u00fclki qanunvericiliyin imkan yaratd\u0131\u011f\u0131n\u0131 deyir. Onun s\u00f6zl\u0259rin\u0259 g\u00f6r\u0259, t\u0259sis\u00e7i paylar\u0131 notarial m\u00fcqavil\u0259 il\u0259 \u00f6t\u00fcr\u00fcl\u00fcr.\u00a0 Lakin bu h\u00fcququn \u00f6t\u00fcr\u00fclm\u0259si fakt\u0131 Kommersiya H\u00fcquqi \u015e\u0259xsl\u0259rin D\u00f6vl\u0259t Reyestrind\u0259 (KH\u015eDR) qeyd\u0259 al\u0131nmal\u0131d\u0131r. \u201cN\u0259 q\u0259d\u0259r ki, qeydiyyat tamamlanmay\u0131b, \u201ck\u00f6hn\u0259\u201d \u015f\u0259xs t\u0259sis\u00e7i kimi tan\u0131n\u0131r. \u015eirk\u0259tin direktoru is\u0259 t\u0259sis\u00e7inin q\u0259rar\u0131 il\u0259 t\u0259yin v\u0259 azad edilir. Bu q\u0259rar da qeydiyyat \u00fc\u00e7\u00fcn KH\u015eDR-\u0259 t\u0259qdim olunur. \u018fg\u0259r direktor t\u0259sis\u00e7iy\u0259 i\u015fd\u0259n \u00e7\u0131xma bar\u0259d\u0259 \u0259riz\u0259 yazaraq s\u0259n\u0259dl\u0259ri t\u0259hvil veribs\u0259, o zaman o, yarana bil\u0259c\u0259k m\u0259suliyy\u0259td\u0259n azad oluna bil\u0259r. \u018fks halda dig\u0259r s\u0259n\u0259dl\u0259r m\u00fclki h\u00fcquq bax\u0131mdan \u0259h\u0259miyy\u0259tsizdir\u201d.\n<\/p>\n<p>\n  \u015eirk\u0259tl\u0259rin reyest m\u0259lumatlar\u0131ndan is\u0259 g\u00f6r\u00fcn\u00fcr ki, yuxar\u0131da adlar\u0131 \u00e7\u0259kil\u0259n \u015f\u0259xsl\u0259r (B. Qas\u0131mov, Arif Qas\u0131mov, Na\u011f\u0131 Qas\u0131mov, Vladimir R\u00fcst\u0259mov) bir \u00e7ox \u015firk\u0259tl\u0259rin qanunla tan\u0131nan direktoru olaraq qal\u0131rlar.\n<\/p>\n<p>\n  <b><br \/>\n    \u201cBu c\u00fcr \u015firk\u0259tl\u0259r b\u0259zi f\u0131r\u0131ldaq\u00e7\u0131lara vergid\u0259n yay\u0131nmaq \u00fc\u00e7\u00fcn m\u00fcnbit \u015f\u0259rait yarad\u0131r\u201d<br \/>\n  <\/b>\n<\/p>\n<p>\n  Vergil\u0259r Nazirliyinin D\u00f6vl\u0259t qeydiyyat\u0131 v\u0259 u\u00e7ota n\u0259zar\u0259t departamentinin ba\u015f direktoru \u018fl\u0259kb\u0259r M\u0259mm\u0259dov \u00abVergil\u0259r\u00bb q\u0259zetin\u0259 bu yax\u0131nlarda verdiyi m\u00fcsahib\u0259d\u0259 bir \u015f\u0259xsin bir ne\u00e7\u0259 h\u00fcquqi \u015f\u0259xsin t\u0259sis\u00e7isi v\u0259 r\u0259hb\u0259ri olaraq qeydiyyatdan ke\u00e7m\u0259si hallar\u0131na toxunub. M\u00fcsahib\u0259d\u0259 deyilir ki, d\u00f6vriyy\u0259nin d\u00fczg\u00fcn g\u00f6st\u0259rilm\u0259m\u0259si, vergid\u0259n yay\u0131nma v\u0259 \u018fDV-nin m\u0259qs\u0259dl\u0259ri \u00fc\u00e7\u00fcn m\u0259cburi qeydiyyata dair \u0259riz\u0259 verm\u0259k \u00f6hd\u0259liyinin yaranmamas\u0131 namin\u0259 bir ne\u00e7\u0259 kommersiya h\u00fcquqi \u015f\u0259xs t\u0259sis edilm\u0259si faktlar\u0131 a\u015fkarlan\u0131b. Nazirlik r\u0259smisinin fikrinc\u0259, bu c\u00fcr \u015firk\u0259tl\u0259r b\u0259zi f\u0131r\u0131ldaq\u00e7\u0131lara vergid\u0259n yay\u0131nmaq \u00fc\u00e7\u00fcn m\u00fcnbit \u015f\u0259rait yarad\u0131r. \u201cBel\u0259l\u0259ri insanlar\u0131 i\u015f yeri, \u0259m\u0259khaqq\u0131 v\u0259 g\u0259lir m\u0259nb\u0259yi il\u0259 \u015firnikl\u0259ndirm\u0259kl\u0259 onlar\u0131n elektron imzas\u0131ndan istifad\u0259 ed\u0259r\u0259k yeni h\u00fcquqi \u015f\u0259xsl\u0259r yarad\u0131r v\u0259 f\u0131r\u0131ldaq\u00e7\u0131 \u0259m\u0259ll\u0259rinin \u0259hat\u0259 dair\u0259sini geni\u015fl\u0259ndirir. V\u0259ziyy\u0259td\u0259n \u00e7\u0131x\u0131\u015f kimi bu sah\u0259d\u0259 qabaqc\u0131l xarici t\u0259cr\u00fcb\u0259nin \u00f6yr\u0259nilm\u0259si v\u0259 \u00f6lk\u0259mizd\u0259 t\u0259tbiqi istiqam\u0259tind\u0259 i\u015fl\u0259r g\u00f6r\u00fcl\u00fcr\u201d.\n<\/p>\n<p>\n  B.Qas\u0131mov, S.G\u00fclm\u0259mm\u0259dova, V.R\u00fcst\u0259mov v\u0259 onlarca dig\u0259r \u015f\u0259xsl\u0259rin Bak\u0131da, Sumqay\u0131tda v\u0259 Ab\u015feronda \u00e7oxlu sayda \u00fcnvandan v\u0259 \u015f\u0259xsl\u0259rin xidm\u0259tind\u0259n istifad\u0259 etm\u0259kl\u0259 son 10 ild\u0259 yaratd\u0131qlar\u0131 \u015firk\u0259tl\u0259rin say\u0131 100-d\u0259n \u00e7oxdur. Vergil\u0259r Nazirliyinin m\u0259lumat\u0131na g\u00f6r\u0259, onlardan birinin (\u201c\u015eans-98\u201d firmas\u0131) d\u00f6vl\u0259t b\u00fcdc\u0259sin\u0259 vergil\u0259r \u00fczr\u0259 2 milyon 325 min 221,96 manat borcu var.\u00a0 Haz\u0131rda m\u00f6vcud olan bu \u015firk\u0259tl\u0259rin bir \u00e7oxu 400-d\u0259k sat\u0131nalma m\u00fcqavil\u0259sinin i\u015ftirak\u00e7\u0131s\u0131 olub v\u0259 bu m\u00fcqavil\u0259l\u0259r \u00fczr\u0259 9 milyon manatdan \u00e7ox d\u00f6vl\u0259t v\u0259saiti istifad\u0259 olunub. T\u0259hqiqatlara g\u00f6r\u0259, \u201cqrup\u201da daxil olan v\u0259 indiy\u0259d\u0259k l\u0259\u011fv olunmu\u015f 50-d\u0259n \u00e7ox \u015firk\u0259t is\u0259 200-d\u0259n \u00e7ox m\u00fcqavil\u0259 ba\u011flamaqla 5 milyon manat d\u00f6vl\u0259t v\u0259saiti \u0259ld\u0259 ed\u0259 bilib. D\u00f6vl\u0259t sat\u0131nalmalar\u0131n\u0131n registrinin m\u0259lumatlar\u0131na \u0259sas\u0259n, bu \u015firk\u0259tl\u0259r 110-dan \u00e7ox d\u00f6vl\u0259t t\u0259\u015fkilat\u0131 il\u0259 m\u00fcqavil\u0259l\u0259r ba\u011flama\u011fa m\u00fcv\u0259ff\u0259q olub. Onlar\u0131n aras\u0131nda \u0259dliyy\u0259, energetika, k\u0259nd t\u0259s\u0259r\u00fcfat\u0131, xarici i\u015fl\u0259r nazirlikl\u0259ri, Respublika Narkoloji M\u0259rk\u0259zi, Milli Onkologiya M\u0259rk\u0259zi, Milli Elml\u0259r Akademiyas\u0131n\u0131n institutlar\u0131, yerli icra hakimiyy\u0259ti orqanlar\u0131, m\u00fcxt\u0259lif ali m\u0259kt\u0259bl\u0259r, dig\u0259r d\u00f6vl\u0259t m\u00fc\u0259ssis\u0259 v\u0259 t\u0259\u015fkilatlar\u0131 var. T\u0259kc\u0259 M\u0259rk\u0259zi Se\u00e7ki Komissiyas\u0131 adlar\u0131 \u00e7\u0259kil\u0259n \u015f\u0259xsl\u0259r\u0259 ba\u011fl\u0131l\u0131\u011f\u0131 olan \u201cOfise-Group-2\u201d, \u201cTembr\u201d, \u201cB\u0259r\u0259k\u0259t-2013\u201d, \u201cEvrika-2009\u201d, \u201c\u00c7inan\u201d, \u201cLider-2008\u201d v\u0259 \u201cUstar\u201d MMC-l\u0259rd\u0259n m\u00fcxt\u0259lif ill\u0259rd\u0259 332,5 min manatl\u0131q mal v\u0259 xidm\u0259tl\u0259r al\u0131b.\n<\/p>\n<p>\n  <b><br \/>\n    \u201cOtkat\u201d oyun qaydas\u0131 \u015f\u0259klini al\u0131b &#8211; ekspert<br \/>\n  <\/b>\n<\/p>\n<p>\n  \u0130qtisad\u00e7\u0131 M\u0259h\u0259mm\u0259d Tal\u0131bl\u0131 d\u00f6vl\u0259t qurumlar\u0131n\u0131n sat\u0131nalmalar\u0131nda \u201ct\u0259sad\u00fcfi\u201d \u015firk\u0259tl\u0259rin qalib g\u0259lm\u0259sini t\u0259cr\u00fcb\u0259d\u0259n ke\u00e7mi\u015f korrupsiya sxeml\u0259rind\u0259n biri kimi d\u0259y\u0259rl\u0259ndirir.\n<\/p>\n<p>\n  \u201cB\u00fcdc\u0259 v\u0259saitl\u0259rinin s\u0259m\u0259r\u0259siz v\u0259 \u015fi\u015firdilmi\u015f qiym\u0259tl\u0259rl\u0259 x\u0259rcl\u0259nm\u0259si faktlar\u0131 kifay\u0259t q\u0259d\u0259rdir. \u0130ctimai v\u0259saitl\u0259rin idar\u0259 olunmas\u0131 il\u0259 ba\u011fl\u0131 sat\u0131nalmalarda&#8221;otkat&#8221; s\u00f6vd\u0259l\u0259\u015fm\u0259si (<br \/>\n  <i><br \/>\n    pul hesaba daxil olandan sonra onun bir hiss\u0259sinin d\u00f6vl\u0259t t\u0259\u015fkilat\u0131n\u0131n r\u0259smisin\u0259 qaytar\u0131lmas\u0131 \u00fczr\u0259 korrupsiya sxemi<br \/>\n  <\/i><br \/>\n  \u2013<br \/>\n  <b><br \/>\n    red<br \/>\n  <\/b><br \/>\n  .) yeni hadis\u0259 deyil v\u0259 art\u0131q oyun qaydas\u0131 \u015f\u0259klini al\u0131b. Buna g\u00f6r\u0259 d\u0259 mal, i\u015f v\u0259 xidm\u0259tl\u0259rin al\u0131nmas\u0131 il\u0259 ba\u011fl\u0131 korrupsiya riski yaradan bu hallar h\u0259m b\u00fcdc\u0259nin haz\u0131rlanmas\u0131, h\u0259m d\u0259 x\u0259rcl\u0259nm\u0259si\u00a0 prosesind\u0259 n\u0259zar\u0259t v\u0259 antikorrupsiya qurumlar\u0131n\u0131n diqq\u0259t m\u0259rk\u0259zind\u0259 olmal\u0131d\u0131r\u201d.\n<\/p>\n<figure class=\"wp-block-image size-large\">\n  <img decoding=\"async\" src=\"https:\/\/www.meydan.tv\/az\/iqtisadci-mehemmed-talibli\/\" alt=\"\u0130qtisad\u00e7\u0131 M\u0259h\u0259mm\u0259d Tal\u0131bl\u0131\" class=\"wp-image-111485\"\/><figcaption>\n    \u0130qtisad\u00e7\u0131 M\u0259h\u0259mm\u0259d Tal\u0131bl\u0131<br \/>\n  <\/figcaption><\/figure>\n<p>\n  Ekspert deyir ki, Hesablama Palatas\u0131 yoxlama aparark\u0259n, yaxud\u00a0 d\u00f6vl\u0259t b\u00fcdc\u0259sin\u0259 dair r\u0259y haz\u0131rlayark\u0259n, t\u0259kc\u0259 yoxlamaya t\u0259qdim olunan materiallara v\u0259 palatan\u0131n auditorlar\u0131n\u0131n t\u0259fti\u015f s\u0259n\u0259dl\u0259rin\u0259 deyil, h\u0259m d\u0259 ictimai qurumlar\u0131n sat\u0131nalmalara dair t\u0259hqiqatlar\u0131na,\u00a0 mediada \u00e7ap olunan jurnalist ara\u015fd\u0131rmalar\u0131na da diqq\u0259t yetirilm\u0259si arzuolunand\u0131r.<\/p>\n","protected":false},"excerpt":{"rendered":"<p>Eyni \u00fcnvanda onlarla \u015firk\u0259t qeydiyyatdan ke\u00e7ib<\/p>\n","protected":false},"author":11,"featured_media":111488,"comment_status":"closed","ping_status":"open","sticky":false,"template":"","format":"standard","meta":{"_acf_changed":false,"_sitemap_exclude":false,"_sitemap_priority":"","_sitemap_frequency":"","footnotes":""},"categories":[55],"tags":[],"class_list":["post-192262","post","type-post","status-publish","format-standard","has-post-thumbnail","hentry","category-arasdirma","infinite-scroll-item","generate-columns","tablet-grid-50","mobile-grid-100","grid-parent","grid-33","no-featured-image-padding"],"acf":[],"yoast_head":"<!-- This site is optimized with the Yoast SEO plugin v27.4 - https:\/\/yoast.com\/product\/yoast-seo-wordpress\/ -->\n<title>\u201c\u015eirk\u0259ti m\u0259n yaratm\u0131\u015fam, n\u0259 i\u015f g\u00f6r\u00fcr, bilmir\u0259m\u201d - MEYDAN.TV<\/title>\n<meta name=\"robots\" content=\"index, follow, max-snippet:-1, max-image-preview:large, max-video-preview:-1\" \/>\n<link rel=\"canonical\" href=\"https:\/\/www.meydan.tv\/az\/article\/sirketi-men-yaratmisam-ne-is-gorur-bilmirem\/\" \/>\n<meta property=\"og:locale\" content=\"az_AZ\" \/>\n<meta property=\"og:type\" content=\"article\" \/>\n<meta property=\"og:title\" content=\"\u201c\u015eirk\u0259ti m\u0259n yaratm\u0131\u015fam, n\u0259 i\u015f g\u00f6r\u00fcr, bilmir\u0259m\u201d - MEYDAN.TV\" \/>\n<meta property=\"og:description\" content=\"Eyni \u00fcnvanda onlarla \u015firk\u0259t qeydiyyatdan ke\u00e7ib\" \/>\n<meta property=\"og:url\" content=\"https:\/\/www.meydan.tv\/az\/article\/sirketi-men-yaratmisam-ne-is-gorur-bilmirem\/\" \/>\n<meta property=\"og:site_name\" content=\"MEYDAN.TV\" \/>\n<meta property=\"article:published_time\" content=\"2018-10-24T17:50:30+00:00\" \/>\n<meta property=\"og:image\" content=\"https:\/\/www.meydan.tv\/wp-content\/uploads\/44366-scaled.jpg\" \/>\n\t<meta property=\"og:image:width\" content=\"2560\" \/>\n\t<meta property=\"og:image:height\" content=\"1440\" \/>\n\t<meta property=\"og:image:type\" content=\"image\/jpeg\" \/>\n<meta name=\"author\" content=\"user-manager\" \/>\n<meta name=\"twitter:card\" content=\"summary_large_image\" \/>\n<script type=\"application\/ld+json\" class=\"yoast-schema-graph\">{\"@context\":\"https:\\\/\\\/schema.org\",\"@graph\":[{\"@type\":\"Article\",\"@id\":\"https:\\\/\\\/www.meydan.tv\\\/az\\\/article\\\/sirketi-men-yaratmisam-ne-is-gorur-bilmirem\\\/#article\",\"isPartOf\":{\"@id\":\"https:\\\/\\\/www.meydan.tv\\\/az\\\/article\\\/sirketi-men-yaratmisam-ne-is-gorur-bilmirem\\\/\"},\"author\":{\"name\":\"user-manager\",\"@id\":\"https:\\\/\\\/www.meydan.tv\\\/az\\\/#\\\/schema\\\/person\\\/10d11eccf6da3662cf5fdab9806ea91a\"},\"headline\":\"\u201c\u015eirk\u0259ti m\u0259n yaratm\u0131\u015fam, n\u0259 i\u015f g\u00f6r\u00fcr, bilmir\u0259m\u201d\",\"datePublished\":\"2018-10-24T17:50:30+00:00\",\"mainEntityOfPage\":{\"@id\":\"https:\\\/\\\/www.meydan.tv\\\/az\\\/article\\\/sirketi-men-yaratmisam-ne-is-gorur-bilmirem\\\/\"},\"wordCount\":2907,\"publisher\":{\"@id\":\"https:\\\/\\\/www.meydan.tv\\\/az\\\/#organization\"},\"image\":{\"@id\":\"https:\\\/\\\/www.meydan.tv\\\/az\\\/article\\\/sirketi-men-yaratmisam-ne-is-gorur-bilmirem\\\/#primaryimage\"},\"thumbnailUrl\":\"https:\\\/\\\/www.meydan.tv\\\/wp-content\\\/uploads\\\/44366-scaled.jpg\",\"articleSection\":[\"Ara\u015fd\u0131rma\"],\"inLanguage\":\"az\"},{\"@type\":\"WebPage\",\"@id\":\"https:\\\/\\\/www.meydan.tv\\\/az\\\/article\\\/sirketi-men-yaratmisam-ne-is-gorur-bilmirem\\\/\",\"url\":\"https:\\\/\\\/www.meydan.tv\\\/az\\\/article\\\/sirketi-men-yaratmisam-ne-is-gorur-bilmirem\\\/\",\"name\":\"\u201c\u015eirk\u0259ti m\u0259n yaratm\u0131\u015fam, n\u0259 i\u015f g\u00f6r\u00fcr, bilmir\u0259m\u201d - MEYDAN.TV\",\"isPartOf\":{\"@id\":\"https:\\\/\\\/www.meydan.tv\\\/az\\\/#website\"},\"primaryImageOfPage\":{\"@id\":\"https:\\\/\\\/www.meydan.tv\\\/az\\\/article\\\/sirketi-men-yaratmisam-ne-is-gorur-bilmirem\\\/#primaryimage\"},\"image\":{\"@id\":\"https:\\\/\\\/www.meydan.tv\\\/az\\\/article\\\/sirketi-men-yaratmisam-ne-is-gorur-bilmirem\\\/#primaryimage\"},\"thumbnailUrl\":\"https:\\\/\\\/www.meydan.tv\\\/wp-content\\\/uploads\\\/44366-scaled.jpg\",\"datePublished\":\"2018-10-24T17:50:30+00:00\",\"breadcrumb\":{\"@id\":\"https:\\\/\\\/www.meydan.tv\\\/az\\\/article\\\/sirketi-men-yaratmisam-ne-is-gorur-bilmirem\\\/#breadcrumb\"},\"inLanguage\":\"az\",\"potentialAction\":[{\"@type\":\"ReadAction\",\"target\":[\"https:\\\/\\\/www.meydan.tv\\\/az\\\/article\\\/sirketi-men-yaratmisam-ne-is-gorur-bilmirem\\\/\"]}]},{\"@type\":\"ImageObject\",\"inLanguage\":\"az\",\"@id\":\"https:\\\/\\\/www.meydan.tv\\\/az\\\/article\\\/sirketi-men-yaratmisam-ne-is-gorur-bilmirem\\\/#primaryimage\",\"url\":\"https:\\\/\\\/www.meydan.tv\\\/wp-content\\\/uploads\\\/44366-scaled.jpg\",\"contentUrl\":\"https:\\\/\\\/www.meydan.tv\\\/wp-content\\\/uploads\\\/44366-scaled.jpg\",\"width\":2560,\"height\":1440,\"caption\":\"Source:\"},{\"@type\":\"BreadcrumbList\",\"@id\":\"https:\\\/\\\/www.meydan.tv\\\/az\\\/article\\\/sirketi-men-yaratmisam-ne-is-gorur-bilmirem\\\/#breadcrumb\",\"itemListElement\":[{\"@type\":\"ListItem\",\"position\":1,\"name\":\"Ana s\u0259hif\u0259\",\"item\":\"https:\\\/\\\/www.meydan.tv\\\/az\\\/\"},{\"@type\":\"ListItem\",\"position\":2,\"name\":\"Ara\u015fd\u0131rma\",\"item\":\"https:\\\/\\\/www.meydan.tv\\\/az\\\/section\\\/arasdirma\\\/\"},{\"@type\":\"ListItem\",\"position\":3,\"name\":\"\u201c\u015eirk\u0259ti m\u0259n yaratm\u0131\u015fam, n\u0259 i\u015f g\u00f6r\u00fcr, bilmir\u0259m\u201d\"}]},{\"@type\":\"WebSite\",\"@id\":\"https:\\\/\\\/www.meydan.tv\\\/az\\\/#website\",\"url\":\"https:\\\/\\\/www.meydan.tv\\\/az\\\/\",\"name\":\"MEYDAN.TV\",\"description\":\"Meydan TV Az\u0259rbaycan\u0131n media m\u0259kan\u0131ndak\u0131 alternativ s\u0259sidir\",\"publisher\":{\"@id\":\"https:\\\/\\\/www.meydan.tv\\\/az\\\/#organization\"},\"potentialAction\":[{\"@type\":\"SearchAction\",\"target\":{\"@type\":\"EntryPoint\",\"urlTemplate\":\"https:\\\/\\\/www.meydan.tv\\\/az\\\/?s={search_term_string}\"},\"query-input\":{\"@type\":\"PropertyValueSpecification\",\"valueRequired\":true,\"valueName\":\"search_term_string\"}}],\"inLanguage\":\"az\"},{\"@type\":\"Organization\",\"@id\":\"https:\\\/\\\/www.meydan.tv\\\/az\\\/#organization\",\"name\":\"Meydan TV\",\"url\":\"https:\\\/\\\/www.meydan.tv\\\/az\\\/\",\"logo\":{\"@type\":\"ImageObject\",\"inLanguage\":\"az\",\"@id\":\"https:\\\/\\\/www.meydan.tv\\\/az\\\/#\\\/schema\\\/logo\\\/image\\\/\",\"url\":\"https:\\\/\\\/www.meydan.tv\\\/wp-content\\\/uploads\\\/2021\\\/07\\\/meydan-logo.svg\",\"contentUrl\":\"https:\\\/\\\/www.meydan.tv\\\/wp-content\\\/uploads\\\/2021\\\/07\\\/meydan-logo.svg\",\"width\":195,\"height\":46,\"caption\":\"Meydan TV\"},\"image\":{\"@id\":\"https:\\\/\\\/www.meydan.tv\\\/az\\\/#\\\/schema\\\/logo\\\/image\\\/\"}},{\"@type\":\"Person\",\"@id\":\"https:\\\/\\\/www.meydan.tv\\\/az\\\/#\\\/schema\\\/person\\\/10d11eccf6da3662cf5fdab9806ea91a\",\"name\":\"user-manager\"}]}<\/script>\n<!-- \/ Yoast SEO plugin. -->","yoast_head_json":{"title":"\u201c\u015eirk\u0259ti m\u0259n yaratm\u0131\u015fam, n\u0259 i\u015f g\u00f6r\u00fcr, bilmir\u0259m\u201d - MEYDAN.TV","robots":{"index":"index","follow":"follow","max-snippet":"max-snippet:-1","max-image-preview":"max-image-preview:large","max-video-preview":"max-video-preview:-1"},"canonical":"https:\/\/www.meydan.tv\/az\/article\/sirketi-men-yaratmisam-ne-is-gorur-bilmirem\/","og_locale":"az_AZ","og_type":"article","og_title":"\u201c\u015eirk\u0259ti m\u0259n yaratm\u0131\u015fam, n\u0259 i\u015f g\u00f6r\u00fcr, bilmir\u0259m\u201d - MEYDAN.TV","og_description":"Eyni \u00fcnvanda onlarla \u015firk\u0259t qeydiyyatdan ke\u00e7ib","og_url":"https:\/\/www.meydan.tv\/az\/article\/sirketi-men-yaratmisam-ne-is-gorur-bilmirem\/","og_site_name":"MEYDAN.TV","article_published_time":"2018-10-24T17:50:30+00:00","og_image":[{"width":2560,"height":1440,"url":"https:\/\/www.meydan.tv\/wp-content\/uploads\/44366-scaled.jpg","type":"image\/jpeg"}],"author":"user-manager","twitter_card":"summary_large_image","schema":{"@context":"https:\/\/schema.org","@graph":[{"@type":"Article","@id":"https:\/\/www.meydan.tv\/az\/article\/sirketi-men-yaratmisam-ne-is-gorur-bilmirem\/#article","isPartOf":{"@id":"https:\/\/www.meydan.tv\/az\/article\/sirketi-men-yaratmisam-ne-is-gorur-bilmirem\/"},"author":{"name":"user-manager","@id":"https:\/\/www.meydan.tv\/az\/#\/schema\/person\/10d11eccf6da3662cf5fdab9806ea91a"},"headline":"\u201c\u015eirk\u0259ti m\u0259n yaratm\u0131\u015fam, n\u0259 i\u015f g\u00f6r\u00fcr, bilmir\u0259m\u201d","datePublished":"2018-10-24T17:50:30+00:00","mainEntityOfPage":{"@id":"https:\/\/www.meydan.tv\/az\/article\/sirketi-men-yaratmisam-ne-is-gorur-bilmirem\/"},"wordCount":2907,"publisher":{"@id":"https:\/\/www.meydan.tv\/az\/#organization"},"image":{"@id":"https:\/\/www.meydan.tv\/az\/article\/sirketi-men-yaratmisam-ne-is-gorur-bilmirem\/#primaryimage"},"thumbnailUrl":"https:\/\/www.meydan.tv\/wp-content\/uploads\/44366-scaled.jpg","articleSection":["Ara\u015fd\u0131rma"],"inLanguage":"az"},{"@type":"WebPage","@id":"https:\/\/www.meydan.tv\/az\/article\/sirketi-men-yaratmisam-ne-is-gorur-bilmirem\/","url":"https:\/\/www.meydan.tv\/az\/article\/sirketi-men-yaratmisam-ne-is-gorur-bilmirem\/","name":"\u201c\u015eirk\u0259ti m\u0259n yaratm\u0131\u015fam, n\u0259 i\u015f g\u00f6r\u00fcr, bilmir\u0259m\u201d - MEYDAN.TV","isPartOf":{"@id":"https:\/\/www.meydan.tv\/az\/#website"},"primaryImageOfPage":{"@id":"https:\/\/www.meydan.tv\/az\/article\/sirketi-men-yaratmisam-ne-is-gorur-bilmirem\/#primaryimage"},"image":{"@id":"https:\/\/www.meydan.tv\/az\/article\/sirketi-men-yaratmisam-ne-is-gorur-bilmirem\/#primaryimage"},"thumbnailUrl":"https:\/\/www.meydan.tv\/wp-content\/uploads\/44366-scaled.jpg","datePublished":"2018-10-24T17:50:30+00:00","breadcrumb":{"@id":"https:\/\/www.meydan.tv\/az\/article\/sirketi-men-yaratmisam-ne-is-gorur-bilmirem\/#breadcrumb"},"inLanguage":"az","potentialAction":[{"@type":"ReadAction","target":["https:\/\/www.meydan.tv\/az\/article\/sirketi-men-yaratmisam-ne-is-gorur-bilmirem\/"]}]},{"@type":"ImageObject","inLanguage":"az","@id":"https:\/\/www.meydan.tv\/az\/article\/sirketi-men-yaratmisam-ne-is-gorur-bilmirem\/#primaryimage","url":"https:\/\/www.meydan.tv\/wp-content\/uploads\/44366-scaled.jpg","contentUrl":"https:\/\/www.meydan.tv\/wp-content\/uploads\/44366-scaled.jpg","width":2560,"height":1440,"caption":"Source:"},{"@type":"BreadcrumbList","@id":"https:\/\/www.meydan.tv\/az\/article\/sirketi-men-yaratmisam-ne-is-gorur-bilmirem\/#breadcrumb","itemListElement":[{"@type":"ListItem","position":1,"name":"Ana s\u0259hif\u0259","item":"https:\/\/www.meydan.tv\/az\/"},{"@type":"ListItem","position":2,"name":"Ara\u015fd\u0131rma","item":"https:\/\/www.meydan.tv\/az\/section\/arasdirma\/"},{"@type":"ListItem","position":3,"name":"\u201c\u015eirk\u0259ti m\u0259n yaratm\u0131\u015fam, n\u0259 i\u015f g\u00f6r\u00fcr, bilmir\u0259m\u201d"}]},{"@type":"WebSite","@id":"https:\/\/www.meydan.tv\/az\/#website","url":"https:\/\/www.meydan.tv\/az\/","name":"MEYDAN.TV","description":"Meydan TV Az\u0259rbaycan\u0131n media m\u0259kan\u0131ndak\u0131 alternativ s\u0259sidir","publisher":{"@id":"https:\/\/www.meydan.tv\/az\/#organization"},"potentialAction":[{"@type":"SearchAction","target":{"@type":"EntryPoint","urlTemplate":"https:\/\/www.meydan.tv\/az\/?s={search_term_string}"},"query-input":{"@type":"PropertyValueSpecification","valueRequired":true,"valueName":"search_term_string"}}],"inLanguage":"az"},{"@type":"Organization","@id":"https:\/\/www.meydan.tv\/az\/#organization","name":"Meydan TV","url":"https:\/\/www.meydan.tv\/az\/","logo":{"@type":"ImageObject","inLanguage":"az","@id":"https:\/\/www.meydan.tv\/az\/#\/schema\/logo\/image\/","url":"https:\/\/www.meydan.tv\/wp-content\/uploads\/2021\/07\/meydan-logo.svg","contentUrl":"https:\/\/www.meydan.tv\/wp-content\/uploads\/2021\/07\/meydan-logo.svg","width":195,"height":46,"caption":"Meydan TV"},"image":{"@id":"https:\/\/www.meydan.tv\/az\/#\/schema\/logo\/image\/"}},{"@type":"Person","@id":"https:\/\/www.meydan.tv\/az\/#\/schema\/person\/10d11eccf6da3662cf5fdab9806ea91a","name":"user-manager"}]}},"_links":{"self":[{"href":"https:\/\/www.meydan.tv\/az\/wp-json\/wp\/v2\/posts\/192262","targetHints":{"allow":["GET"]}}],"collection":[{"href":"https:\/\/www.meydan.tv\/az\/wp-json\/wp\/v2\/posts"}],"about":[{"href":"https:\/\/www.meydan.tv\/az\/wp-json\/wp\/v2\/types\/post"}],"author":[{"embeddable":true,"href":"https:\/\/www.meydan.tv\/az\/wp-json\/wp\/v2\/users\/11"}],"replies":[{"embeddable":true,"href":"https:\/\/www.meydan.tv\/az\/wp-json\/wp\/v2\/comments?post=192262"}],"version-history":[{"count":0,"href":"https:\/\/www.meydan.tv\/az\/wp-json\/wp\/v2\/posts\/192262\/revisions"}],"wp:featuredmedia":[{"embeddable":true,"href":"https:\/\/www.meydan.tv\/az\/wp-json\/wp\/v2\/media\/111488"}],"wp:attachment":[{"href":"https:\/\/www.meydan.tv\/az\/wp-json\/wp\/v2\/media?parent=192262"}],"wp:term":[{"taxonomy":"category","embeddable":true,"href":"https:\/\/www.meydan.tv\/az\/wp-json\/wp\/v2\/categories?post=192262"},{"taxonomy":"post_tag","embeddable":true,"href":"https:\/\/www.meydan.tv\/az\/wp-json\/wp\/v2\/tags?post=192262"}],"curies":[{"name":"wp","href":"https:\/\/api.w.org\/{rel}","templated":true}]}}