{"id":192249,"date":"2018-10-23T22:25:23","date_gmt":"2018-10-23T22:25:23","guid":{"rendered":"https:\/\/www.meydan.tv\/article\/xeyirxah-prezident-ve-ya-can-sirin-seydir\/"},"modified":"2018-10-23T22:25:23","modified_gmt":"2018-10-23T22:25:23","slug":"xeyirxah-prezident-ve-ya-can-sirin-seydir","status":"publish","type":"post","link":"https:\/\/www.meydan.tv\/az\/article\/xeyirxah-prezident-ve-ya-can-sirin-seydir\/","title":{"rendered":"&#8221;Xeyirxah&#8221; prezident v\u0259 ya &#8221;can \u015firin \u015feydir&#8221;"},"content":{"rendered":"<p>\n  Tan\u0131nm\u0131\u015f jurnalist S\u0259buhi M\u0259mm\u0259dlinin ad\u0131 son zamanlar x\u0259b\u0259r lentl\u0259rind\u0259 hallan\u0131r.\n<\/p>\n<p>\n  \u00d6nc\u0259 jurnalistin intihara c\u0259hd x\u0259b\u0259ri sosial \u015f\u0259b\u0259k\u0259l\u0259rd\u0259ki payla\u015f\u0131mlarda \u00f6z \u0259ksini tapd\u0131.<br \/>\n  <br \/>\n  Jurnalistin i\u015fsizlik, pulsuzluq, x\u0259st\u0259lik, i\u00e7iy\u0259 meyllilik v\u0259 \u00fcst\u0259lik ail\u0259 probleml\u0259ri \u00fcz\u00fcnd\u0259n depressiyaya d\u00fc\u015f\u00fcb intihar etm\u0259k ist\u0259diyini yazd\u0131lar.\n<\/p>\n<blockquote><p>\n  \u0130ntihar hal\u0131, psixoloji d\u0259st\u0259k\n<\/p><\/blockquote>\n<p>\n  S\u0259buhi n\u0259d\u0259ns\u0259 m\u0259qs\u0259dini \u201cFacebook\u201dda yazm\u0131\u015fd\u0131. Ad\u0259t\u0259n dost-tan\u0131\u015f, x\u0259b\u0259r tutan xeyirxah insanlar bel\u0259 halda \u015f\u0259xsi \u00f6z\u00fcn\u00fc \u00f6ld\u00fcrm\u0259y\u0259 qoymur. Bu d\u0259f\u0259 d\u0259 el\u0259 oldu &#8211; dostlar\u0131 y\u0131\u011f\u0131\u015f\u0131b S\u0259buhiy\u0259 psixoloji d\u0259st\u0259k verdi.\n<\/p>\n<p>\n  Ad\u0259t\u0259n intihar\u0131n\u0131 b\u0259yan ed\u0259n adam h\u0259yatdan getm\u0259y\u0259 haz\u0131rla\u015fm\u0131r. Bu yolla ist\u0259diyin\u0259 nail olmaq \u00fc\u00e7\u00fcn ya yax\u0131nlar\u0131n\u0131 \u015fantaj edir, ya da toplumdan diqq\u0259t v\u0259 qay\u011f\u0131 g\u00f6zl\u0259yir. \u018fsil intihar ed\u0259nl\u0259r h\u0259yatdan elans\u0131z-filans\u0131z gedirl\u0259r. S\u00f6zg\u0259li\u015fi deyim ki, son yar\u0131m ild\u0259, bu, ikinci intihar anonsu idi, birincisini d\u0259 yazarlardan biri etmi\u015fdi.\n<\/p>\n<p>\n  Qorxuram d\u0259b\u0259 d\u00fc\u015fs\u00fcn, b\u00fct\u00fcn intihar etm\u0259k ist\u0259y\u0259nl\u0259r \u015f\u0259b\u0259k\u0259l\u0259rd\u0259 elan verm\u0259y\u0259 ba\u015flas\u0131nlar, elans\u0131z intihar z\u00f6vqs\u00fcz, mauvais ton hesab olunsun.<br \/>\n  <br \/>\n  Sonra S\u0259buhinin a\u011f\u0131r x\u0259st\u0259likl\u0259rd\u0259n \u0259ziyy\u0259t \u00e7\u0259kdiyi ortaya \u00e7\u0131xd\u0131. H\u0259tta dostlar\u0131 bu haqda payla\u015f\u0131mlar edib yard\u0131m kampaniyas\u0131 ke\u00e7irm\u0259k ist\u0259dil\u0259r.\n<\/p>\n<p>\n  Amma e\u015fitdik ki, prezident \u0130lham \u018fliyev bununla ba\u011fl\u0131 g\u00f6st\u0259ri\u015f verib. M\u0259lum oldu ki, M\u0259tbuat \u015euras\u0131 jurnalistin s\u0259hh\u0259tind\u0259ki probleml\u0259rl\u0259 ba\u011fl\u0131 Prezident\u0259 m\u00fcraci\u0259t edib, o da g\u00f6st\u0259ri\u015f verib. M\u015e-n\u0131n Prezident \u018fliyev\u0259 \u00fcnvanlad\u0131\u011f\u0131 m\u0259ktubda \u00f6lk\u0259mizd\u0259 h\u0259yata ke\u00e7iril\u0259n media siyas\u0259tinin \u201cinsanp\u0259rv\u0259rlik, humanistlik kimi ali d\u0259y\u0259rl\u0259r\u0259 s\u00f6yk\u0259ndiyi\u201d diqq\u0259t\u0259 \u00e7atd\u0131r\u0131l\u0131b. Bildirilib ki, \u201cjurnalistl\u0259rimiz m\u00f6vcud m\u0259qam\u0131 x\u00fcsusi vur\u011fulay\u0131r, n\u0259cib \u0259m\u0259l v\u0259 t\u0259\u015f\u0259bb\u00fcsl\u0259ri misilsiz \u00f6rn\u0259k n\u00fcmun\u0259si olaraq t\u0259qdim edirl\u0259r\u201d.\n<\/p>\n<blockquote><p>\n  \u015e\u0259hid ail\u0259l\u0259rinin m\u00fcraci\u0259ti cavabs\u0131z qal\u0131r\n<\/p><\/blockquote>\n<p>\n  M\u0259tbuat \u015euras\u0131n\u0131n r\u0259hb\u0259ri \u018fflatun Ama\u015fovun kim oldu\u011funu, haradan ba\u015flay\u0131b hara g\u0259ldiyini bilirik. \u015eura v\u0259 Ama\u015fov n\u00f6vb\u0259ti \u015fousunu etdi.<br \/>\n  <br \/>\n  O da m\u0259lum oldu ki, S\u0259buhid\u0259 k\u0259skin diabet, \u00fcr\u0259k v\u0259 qaraciy\u0259r \u00e7at\u0131\u015fmazl\u0131\u011f\u0131 var. Sadalanan x\u0259st\u0259likl\u0259rin az\u0131ndan biri, b\u0259lk\u0259 d\u0259 ikisi el\u0259 \u00e7ox i\u00e7m\u0259kd\u0259n yaran\u0131b. Prezidentin g\u00f6st\u0259ri\u015fi il\u0259 d\u00f6vl\u0259td\u0259n d\u0259st\u0259k alan jurnalist \u201cFacebook\u201d s\u0259hif\u0259sind\u0259 \u00f6lk\u0259 ba\u015f\u00e7\u0131s\u0131na t\u0259\u015f\u0259kk\u00fcr yazd\u0131.\n<\/p>\n<p>\n  B\u0259lk\u0259 d\u0259 bu \u00f6z\u0259l v\u0259 faci\u0259li \u0259hvalat ictimai, h\u0259tta siyasi m\u0259na qazanmasayd\u0131, haqq\u0131nda s\u00f6z a\u00e7ma\u011fa d\u0259ym\u0259zdi.\n<\/p>\n<p>\n  \u0130stedadl\u0131 jurnalisti \u201cFacebook\u201dda prezident\u0259 t\u0259\u015f\u0259kk\u00fcr el\u0259diyi \u00fc\u00e7\u00fcn q\u0131nayanlar old\u0131. \u00c7\u00fcnki o, bir vaxtlar m\u00fcxalif olan \u201cYeni Musavat\u201d q\u0259zetinin \u0259m\u0259kda\u015f\u0131 v\u0259 M\u00fcsavat Partiyas\u0131n\u0131n \u00fczv\u00fc olmu\u015fdu, amma q\u0259zetd\u0259n \u00e7oxdan \u00e7\u0131xm\u0131\u015f, sonra partiyan\u0131 t\u0259rk etmi\u015fdi. S\u0259buhi uzun m\u00fcdd\u0259t iqtidary\u00f6nl\u00fc m\u0259tbuatda \u00e7al\u0131\u015fd\u0131, lakin simas\u0131n\u0131 qoruyub saxlaya bildi, ke\u00e7mi\u015f h\u0259mkarlar\u0131n\u0131 a\u015fa\u011f\u0131layan he\u00e7 n\u0259 yazmad\u0131. Bunu x\u00fcsusi qeyd etm\u0259k laz\u0131md\u0131r. Onu m\u00fcdafi\u0259 ed\u0259nl\u0259r, hal\u0131na ac\u0131yanlar daha \u00e7ox oldu. Ba\u015f ver\u0259nl\u0259rd\u0259 m\u00fcdafi\u0259\u00e7il\u0259rin i\u015fl\u0259tdiyi \u201cCan \u015firin \u015feydir\u201d ifad\u0259si diqq\u0259timi \u00e7\u0259kdi, amma bu bar\u0259d\u0259 az sonra.\n<\/p>\n<p>\n  Maraql\u0131d\u0131r ki, \u0130lham \u018fliyev M\u0259tbuat \u015euras\u0131n\u0131n s\u0259dri, deputat \u018fflatun Ama\u015fovun xahi\u015fin\u0259 d\u0259rhal s\u0259s verdi, halbuki minl\u0259rl\u0259 ba\u015fqa, qazi v\u0259 \u015f\u0259hid ail\u0259l\u0259rinin xahi\u015f v\u0259 m\u00fcraci\u0259tl\u0259rini cavabs\u0131z qoyur.\n<\/p>\n<p>\n  Bu t\u0259biidir. Birincisi, prezident jurnalistl\u0259r\u0259 x\u00fcsusi diqq\u0259t g\u00f6st\u0259rir, \u00e7\u00fcnki ictimai r\u0259y\u0259 onlar daha \u00e7ox t\u0259sir edir. Bu s\u0259b\u0259b\u0259 jurnalistl\u0259r \u00fc\u00e7\u00fcn iki ev tikilib, m\u0259nzill\u0259r paylan\u0131l\u0131b, \u00fc\u00e7\u00fcnc\u00fc ev tikilir, oxunmayan q\u0259zet redaksiyalar\u0131na b\u00f6y\u00fck qrantlar ayr\u0131l\u0131r.\n<\/p>\n<p>\n  \u0130kincisi, \u00ab&#8230;monarxlar h\u0259r zaman t\u00f6vb\u0259 ed\u0259nl\u0259ri h\u0259v\u0259sl\u0259 q\u0259bul edirl\u0259r. II Karl onun yan\u0131na qay\u0131danlara qar\u015f\u0131 m\u0259rh\u0259m\u0259tli idi\u201d. Bunu Viktor H\u00fcqonun \u201cG\u00fcl\u0259n adam\u201d roman\u0131ndan g\u00f6t\u00fcrm\u00fc\u015f\u0259m. \u00d6z n\u0259fsinin t\u0259l\u0259sin\u0259 d\u00fc\u015f\u0259n S\u0259buhi M\u0259mm\u0259dli ke\u00e7mi\u015fd\u0259 t\u0259nqid\u00e7i jurnalisti olsa da, indi M\u0259tbuat \u015euras\u0131n\u0131n \u201cjurnalistl\u0259r\u0259 qay\u011f\u0131\u201d \u015fousunda \u00f6z\u00fcn\u0259 yer ald\u0131. \u00c7\u00fcnki \u00f6z\u00fc demi\u015f, onu \u201cyenid\u0259n h\u0259yata qaytaran\u201dc\u0259nab Prezident\u0259 bundan sonra \u201cbir can borcu var\u00bb\u2026\n<\/p>\n<p>\n  Lakin bu da ba\u015fl\u0131cas\u0131 deyil. Azadl\u0131q Radiosunun blogeri Yevqeniy Firsovun a\u011f\u0131r taleli bir insan\u0131 t\u0259svir-t\u0259hlili diqq\u0259timi \u00e7\u0259kmi\u015fdi. Narkotikd\u0259n as\u0131l\u0131 v\u0259ziyy\u0259t\u0259 d\u00fc\u015f\u0259n, he\u00e7 yerd\u0259 i\u015fl\u0259m\u0259y\u0259n, ail\u0259si da\u011f\u0131lan zavall\u0131 bir insan\u0131n.\n<\/p>\n<p>\n  \u201cC\u0259miyy\u0259tin bir \u00fczv\u00fc kimi onun hans\u0131 mahiyy\u0259ti \u00fcz\u0259 \u00e7\u0131x\u0131r? O, hakimiyy\u0259td\u0259n \u00f6z\u00fc v\u0259 ba\u015fqalar\u0131 \u00fc\u00e7\u00fcn i\u015f yeri yaratma\u011f\u0131 t\u0259l\u0259b etm\u0259z, \u00fcmumiyy\u0259tl\u0259, hakimiyy\u0259td\u0259n he\u00e7 n\u0259 t\u0259l\u0259b etm\u0259z. Bu m\u0259qam onun d\u00f6vl\u0259t \u00fc\u00e7\u00fcn ilk faydal\u0131 \u00f6z\u0259lliyidir. Bel\u0259c\u0259, narkomandan da fayda var\u201d, &#8211; Firsov yaz\u0131r.\n<\/p>\n<p>\n  Bu fikri davam etdirs\u0259k, ara\u011f\u0131 gen-bol i\u00e7\u0259nl\u0259rin, h\u0259m\u00e7inin, n\u0259\u015f\u0259 v\u0259 h\u0259\u015fi\u015fi kiloyla \u00e7\u0259k\u0259nl\u0259rin, kokain-heroin iyl\u0259y\u0259nl\u0259rin avtoritar hakimiyy\u0259tl\u0259r\u0259 b\u00f6y\u00fck xeyri var. Onlar korrupsiyaya, r\u00fc\u015fv\u0259txorlu\u011fa v\u0259 h\u0259yat\u0131m\u0131z\u0131n ba\u015fqa qara m\u0259qamlar\u0131na g\u00f6z yumur, \u00f6z v\u0259t\u0259nda\u015f haqlar\u0131n\u0131 t\u0259l\u0259b el\u0259mir, a\u011f\u0131zlar\u0131na su-araq al\u0131b susurlar. Onlara yaln\u0131z g\u00fcnd\u0259lik araq v\u0259 ya narkotika paylar\u0131 g\u0259r\u0259kdir. \u00c7\u0131x\u0131lmaz v\u0259ziyy\u0259t\u0259 d\u00fc\u015f\u0259nd\u0259 is\u0259 M\u0259tbuat \u015euras\u0131n\u0131n v\u0259 iqtidar K\u0130V-l\u0259rinin \u015foular\u0131nda i\u015ftirak edir, hakimiyy\u0259tin \u201cjurnalistl\u0259r\u0259 qay\u011f\u0131\u201d t\u0259bli\u011fat\u0131nda \u00f6z ki\u00e7ik rollar\u0131n\u0131 oynay\u0131rlar. D\u0259h\u015f\u0259tli ger\u015f\u0259kliyin \u00f6rt-basd\u0131r olunmas\u0131na yard\u0131m edirl\u0259r. Sanki unudurlar ki, d\u00f6vl\u0259t ba\u015f\u00e7\u0131s\u0131\u0131n\u0131n \u201chumanistliyi\u201d v\u0259 \u201cjurnalistl\u0259r\u0259 qay\u011f\u0131s\u0131n\u0131\u201d Q\u0259nim\u0259t Zahid v\u0259 Mirz\u0259 Sakit, X\u0259dic\u0259 \u0130smay\u0131l v\u0259 Rauf Mirq\u0259dirov \u00f6z h\u0259yatlar\u0131nda ya\u015fay\u0131b tan\u0131y\u0131blar. Seymur H\u0259zi v\u0259 \u018ffqan Muxtarl\u0131, Mehman H\u00fcseynov v\u0259 \u0130lkin R\u00fcst\u0259mzad\u0259, M\u0259mm\u0259d \u0130brahim v\u0259 ba\u015fqalar\u0131 h\u0259l\u0259 d\u0259 o \u201cqay\u011f\u0131n\u0131n\u201d ac\u0131s\u0131n\u0131 h\u0259bsd\u0259 ya\u015fay\u0131rlar.\n<\/p>\n<p>\n  Yoxsa a\u011f\u0131r x\u0259st\u0259likl\u0259ri il\u0259 t\u0259kb\u0259t\u0259k qalan, amma h\u0259tta h\u0259bsd\u0259 d\u0259 s\u0131nmayan, \u0259yilm\u0259y\u0259n, \u0259qid\u0259sind\u0259n, siyasi bax\u0131\u015flar\u0131ndan d\u00f6nm\u0259y\u0259n jurnalist v\u0259 f\u0259allar\u0131n \u201cCan \u015firin \u015feydi\u201d k\u0259lam\u0131ndan x\u0259b\u0259rl\u0259ri yoxdu? Yaxud onlar\u0131n can\u0131 \u015firin deyil?\n<\/p>\n<p>\n  Elmar H\u00fcseynovu da unutmam\u0131\u015fam&#8230;\n<\/p>\n<p>\n  <b><br \/>\n    <i><br \/>\n      Yaz\u0131 m\u00fc\u0259llifin fikirl\u0259rini \u0259ks etdirir v\u0259 Meydan TV-nin m\u00f6vqeyi il\u0259 \u00fcst-\u00fcst\u0259 d\u00fc\u015fm\u0259y\u0259 bil\u0259r.<br \/>\n    <\/i><br \/>\n  <\/b><\/p>\n","protected":false},"excerpt":{"rendered":"<p>Tan\u0131nm\u0131\u015f jurnalist S\u0259buhi M\u0259mm\u0259dlinin ad\u0131 son zamanlar x\u0259b\u0259r lentl\u0259rind\u0259 hallan\u0131r<\/p>\n","protected":false},"author":11,"featured_media":111524,"comment_status":"closed","ping_status":"open","sticky":false,"template":"","format":"standard","meta":{"_acf_changed":false,"_sitemap_exclude":false,"_sitemap_priority":"","_sitemap_frequency":"","footnotes":""},"categories":[57],"tags":[],"class_list":["post-192249","post","type-post","status-publish","format-standard","has-post-thumbnail","hentry","category-menim-fikrimce","infinite-scroll-item","generate-columns","tablet-grid-50","mobile-grid-100","grid-parent","grid-33","no-featured-image-padding"],"acf":[],"yoast_head":"<!-- This site is optimized with the Yoast SEO plugin v27.4 - https:\/\/yoast.com\/product\/yoast-seo-wordpress\/ -->\n<title>&#039;&#039;Xeyirxah&#039;&#039; prezident v\u0259 ya &#039;&#039;can \u015firin \u015feydir&#039;&#039; - MEYDAN.TV<\/title>\n<meta name=\"robots\" content=\"index, follow, max-snippet:-1, max-image-preview:large, max-video-preview:-1\" \/>\n<link rel=\"canonical\" href=\"https:\/\/www.meydan.tv\/az\/article\/xeyirxah-prezident-ve-ya-can-sirin-seydir\/\" \/>\n<meta property=\"og:locale\" content=\"az_AZ\" \/>\n<meta property=\"og:type\" content=\"article\" \/>\n<meta property=\"og:title\" content=\"&#039;&#039;Xeyirxah&#039;&#039; prezident v\u0259 ya &#039;&#039;can \u015firin \u015feydir&#039;&#039; - MEYDAN.TV\" \/>\n<meta property=\"og:description\" content=\"Tan\u0131nm\u0131\u015f jurnalist S\u0259buhi M\u0259mm\u0259dlinin ad\u0131 son zamanlar x\u0259b\u0259r lentl\u0259rind\u0259 hallan\u0131r\" \/>\n<meta property=\"og:url\" content=\"https:\/\/www.meydan.tv\/az\/article\/xeyirxah-prezident-ve-ya-can-sirin-seydir\/\" \/>\n<meta property=\"og:site_name\" content=\"MEYDAN.TV\" \/>\n<meta property=\"article:published_time\" content=\"2018-10-23T22:25:23+00:00\" \/>\n<meta property=\"og:image\" content=\"https:\/\/www.meydan.tv\/wp-content\/uploads\/44365-1095x821.png\" \/>\n\t<meta property=\"og:image:width\" content=\"1095\" \/>\n\t<meta property=\"og:image:height\" content=\"821\" \/>\n\t<meta property=\"og:image:type\" content=\"image\/png\" \/>\n<meta name=\"author\" content=\"user-manager\" \/>\n<meta name=\"twitter:card\" content=\"summary_large_image\" \/>\n<script type=\"application\/ld+json\" class=\"yoast-schema-graph\">{\"@context\":\"https:\\\/\\\/schema.org\",\"@graph\":[{\"@type\":\"Article\",\"@id\":\"https:\\\/\\\/www.meydan.tv\\\/az\\\/article\\\/xeyirxah-prezident-ve-ya-can-sirin-seydir\\\/#article\",\"isPartOf\":{\"@id\":\"https:\\\/\\\/www.meydan.tv\\\/az\\\/article\\\/xeyirxah-prezident-ve-ya-can-sirin-seydir\\\/\"},\"author\":{\"name\":\"user-manager\",\"@id\":\"https:\\\/\\\/www.meydan.tv\\\/az\\\/#\\\/schema\\\/person\\\/10d11eccf6da3662cf5fdab9806ea91a\"},\"headline\":\"&#8221;Xeyirxah&#8221; prezident v\u0259 ya &#8221;can \u015firin \u015feydir&#8221;\",\"datePublished\":\"2018-10-23T22:25:23+00:00\",\"mainEntityOfPage\":{\"@id\":\"https:\\\/\\\/www.meydan.tv\\\/az\\\/article\\\/xeyirxah-prezident-ve-ya-can-sirin-seydir\\\/\"},\"wordCount\":1251,\"publisher\":{\"@id\":\"https:\\\/\\\/www.meydan.tv\\\/az\\\/#organization\"},\"image\":{\"@id\":\"https:\\\/\\\/www.meydan.tv\\\/az\\\/article\\\/xeyirxah-prezident-ve-ya-can-sirin-seydir\\\/#primaryimage\"},\"thumbnailUrl\":\"https:\\\/\\\/www.meydan.tv\\\/wp-content\\\/uploads\\\/44365.png\",\"articleSection\":[\"M\u0259nim Fikrimc\u0259\"],\"inLanguage\":\"az\"},{\"@type\":\"WebPage\",\"@id\":\"https:\\\/\\\/www.meydan.tv\\\/az\\\/article\\\/xeyirxah-prezident-ve-ya-can-sirin-seydir\\\/\",\"url\":\"https:\\\/\\\/www.meydan.tv\\\/az\\\/article\\\/xeyirxah-prezident-ve-ya-can-sirin-seydir\\\/\",\"name\":\"''Xeyirxah'' prezident v\u0259 ya ''can \u015firin \u015feydir'' - MEYDAN.TV\",\"isPartOf\":{\"@id\":\"https:\\\/\\\/www.meydan.tv\\\/az\\\/#website\"},\"primaryImageOfPage\":{\"@id\":\"https:\\\/\\\/www.meydan.tv\\\/az\\\/article\\\/xeyirxah-prezident-ve-ya-can-sirin-seydir\\\/#primaryimage\"},\"image\":{\"@id\":\"https:\\\/\\\/www.meydan.tv\\\/az\\\/article\\\/xeyirxah-prezident-ve-ya-can-sirin-seydir\\\/#primaryimage\"},\"thumbnailUrl\":\"https:\\\/\\\/www.meydan.tv\\\/wp-content\\\/uploads\\\/44365.png\",\"datePublished\":\"2018-10-23T22:25:23+00:00\",\"breadcrumb\":{\"@id\":\"https:\\\/\\\/www.meydan.tv\\\/az\\\/article\\\/xeyirxah-prezident-ve-ya-can-sirin-seydir\\\/#breadcrumb\"},\"inLanguage\":\"az\",\"potentialAction\":[{\"@type\":\"ReadAction\",\"target\":[\"https:\\\/\\\/www.meydan.tv\\\/az\\\/article\\\/xeyirxah-prezident-ve-ya-can-sirin-seydir\\\/\"]}]},{\"@type\":\"ImageObject\",\"inLanguage\":\"az\",\"@id\":\"https:\\\/\\\/www.meydan.tv\\\/az\\\/article\\\/xeyirxah-prezident-ve-ya-can-sirin-seydir\\\/#primaryimage\",\"url\":\"https:\\\/\\\/www.meydan.tv\\\/wp-content\\\/uploads\\\/44365.png\",\"contentUrl\":\"https:\\\/\\\/www.meydan.tv\\\/wp-content\\\/uploads\\\/44365.png\",\"width\":2732,\"height\":2048,\"caption\":\"Source:\"},{\"@type\":\"BreadcrumbList\",\"@id\":\"https:\\\/\\\/www.meydan.tv\\\/az\\\/article\\\/xeyirxah-prezident-ve-ya-can-sirin-seydir\\\/#breadcrumb\",\"itemListElement\":[{\"@type\":\"ListItem\",\"position\":1,\"name\":\"Ana s\u0259hif\u0259\",\"item\":\"https:\\\/\\\/www.meydan.tv\\\/az\\\/\"},{\"@type\":\"ListItem\",\"position\":2,\"name\":\"M\u0259nim Fikrimc\u0259\",\"item\":\"https:\\\/\\\/www.meydan.tv\\\/az\\\/section\\\/menim-fikrimce\\\/\"},{\"@type\":\"ListItem\",\"position\":3,\"name\":\"&#8221;Xeyirxah&#8221; prezident v\u0259 ya &#8221;can \u015firin \u015feydir&#8221;\"}]},{\"@type\":\"WebSite\",\"@id\":\"https:\\\/\\\/www.meydan.tv\\\/az\\\/#website\",\"url\":\"https:\\\/\\\/www.meydan.tv\\\/az\\\/\",\"name\":\"MEYDAN.TV\",\"description\":\"Meydan TV Az\u0259rbaycan\u0131n media m\u0259kan\u0131ndak\u0131 alternativ s\u0259sidir\",\"publisher\":{\"@id\":\"https:\\\/\\\/www.meydan.tv\\\/az\\\/#organization\"},\"potentialAction\":[{\"@type\":\"SearchAction\",\"target\":{\"@type\":\"EntryPoint\",\"urlTemplate\":\"https:\\\/\\\/www.meydan.tv\\\/az\\\/?s={search_term_string}\"},\"query-input\":{\"@type\":\"PropertyValueSpecification\",\"valueRequired\":true,\"valueName\":\"search_term_string\"}}],\"inLanguage\":\"az\"},{\"@type\":\"Organization\",\"@id\":\"https:\\\/\\\/www.meydan.tv\\\/az\\\/#organization\",\"name\":\"Meydan TV\",\"url\":\"https:\\\/\\\/www.meydan.tv\\\/az\\\/\",\"logo\":{\"@type\":\"ImageObject\",\"inLanguage\":\"az\",\"@id\":\"https:\\\/\\\/www.meydan.tv\\\/az\\\/#\\\/schema\\\/logo\\\/image\\\/\",\"url\":\"https:\\\/\\\/www.meydan.tv\\\/wp-content\\\/uploads\\\/2021\\\/07\\\/meydan-logo.svg\",\"contentUrl\":\"https:\\\/\\\/www.meydan.tv\\\/wp-content\\\/uploads\\\/2021\\\/07\\\/meydan-logo.svg\",\"width\":195,\"height\":46,\"caption\":\"Meydan TV\"},\"image\":{\"@id\":\"https:\\\/\\\/www.meydan.tv\\\/az\\\/#\\\/schema\\\/logo\\\/image\\\/\"}},{\"@type\":\"Person\",\"@id\":\"https:\\\/\\\/www.meydan.tv\\\/az\\\/#\\\/schema\\\/person\\\/10d11eccf6da3662cf5fdab9806ea91a\",\"name\":\"user-manager\"}]}<\/script>\n<!-- \/ Yoast SEO plugin. -->","yoast_head_json":{"title":"''Xeyirxah'' prezident v\u0259 ya ''can \u015firin \u015feydir'' - MEYDAN.TV","robots":{"index":"index","follow":"follow","max-snippet":"max-snippet:-1","max-image-preview":"max-image-preview:large","max-video-preview":"max-video-preview:-1"},"canonical":"https:\/\/www.meydan.tv\/az\/article\/xeyirxah-prezident-ve-ya-can-sirin-seydir\/","og_locale":"az_AZ","og_type":"article","og_title":"''Xeyirxah'' prezident v\u0259 ya ''can \u015firin \u015feydir'' - MEYDAN.TV","og_description":"Tan\u0131nm\u0131\u015f jurnalist S\u0259buhi M\u0259mm\u0259dlinin ad\u0131 son zamanlar x\u0259b\u0259r lentl\u0259rind\u0259 hallan\u0131r","og_url":"https:\/\/www.meydan.tv\/az\/article\/xeyirxah-prezident-ve-ya-can-sirin-seydir\/","og_site_name":"MEYDAN.TV","article_published_time":"2018-10-23T22:25:23+00:00","og_image":[{"width":1095,"height":821,"url":"https:\/\/www.meydan.tv\/wp-content\/uploads\/44365-1095x821.png","type":"image\/png"}],"author":"user-manager","twitter_card":"summary_large_image","schema":{"@context":"https:\/\/schema.org","@graph":[{"@type":"Article","@id":"https:\/\/www.meydan.tv\/az\/article\/xeyirxah-prezident-ve-ya-can-sirin-seydir\/#article","isPartOf":{"@id":"https:\/\/www.meydan.tv\/az\/article\/xeyirxah-prezident-ve-ya-can-sirin-seydir\/"},"author":{"name":"user-manager","@id":"https:\/\/www.meydan.tv\/az\/#\/schema\/person\/10d11eccf6da3662cf5fdab9806ea91a"},"headline":"&#8221;Xeyirxah&#8221; prezident v\u0259 ya &#8221;can \u015firin \u015feydir&#8221;","datePublished":"2018-10-23T22:25:23+00:00","mainEntityOfPage":{"@id":"https:\/\/www.meydan.tv\/az\/article\/xeyirxah-prezident-ve-ya-can-sirin-seydir\/"},"wordCount":1251,"publisher":{"@id":"https:\/\/www.meydan.tv\/az\/#organization"},"image":{"@id":"https:\/\/www.meydan.tv\/az\/article\/xeyirxah-prezident-ve-ya-can-sirin-seydir\/#primaryimage"},"thumbnailUrl":"https:\/\/www.meydan.tv\/wp-content\/uploads\/44365.png","articleSection":["M\u0259nim Fikrimc\u0259"],"inLanguage":"az"},{"@type":"WebPage","@id":"https:\/\/www.meydan.tv\/az\/article\/xeyirxah-prezident-ve-ya-can-sirin-seydir\/","url":"https:\/\/www.meydan.tv\/az\/article\/xeyirxah-prezident-ve-ya-can-sirin-seydir\/","name":"''Xeyirxah'' prezident v\u0259 ya ''can \u015firin \u015feydir'' - MEYDAN.TV","isPartOf":{"@id":"https:\/\/www.meydan.tv\/az\/#website"},"primaryImageOfPage":{"@id":"https:\/\/www.meydan.tv\/az\/article\/xeyirxah-prezident-ve-ya-can-sirin-seydir\/#primaryimage"},"image":{"@id":"https:\/\/www.meydan.tv\/az\/article\/xeyirxah-prezident-ve-ya-can-sirin-seydir\/#primaryimage"},"thumbnailUrl":"https:\/\/www.meydan.tv\/wp-content\/uploads\/44365.png","datePublished":"2018-10-23T22:25:23+00:00","breadcrumb":{"@id":"https:\/\/www.meydan.tv\/az\/article\/xeyirxah-prezident-ve-ya-can-sirin-seydir\/#breadcrumb"},"inLanguage":"az","potentialAction":[{"@type":"ReadAction","target":["https:\/\/www.meydan.tv\/az\/article\/xeyirxah-prezident-ve-ya-can-sirin-seydir\/"]}]},{"@type":"ImageObject","inLanguage":"az","@id":"https:\/\/www.meydan.tv\/az\/article\/xeyirxah-prezident-ve-ya-can-sirin-seydir\/#primaryimage","url":"https:\/\/www.meydan.tv\/wp-content\/uploads\/44365.png","contentUrl":"https:\/\/www.meydan.tv\/wp-content\/uploads\/44365.png","width":2732,"height":2048,"caption":"Source:"},{"@type":"BreadcrumbList","@id":"https:\/\/www.meydan.tv\/az\/article\/xeyirxah-prezident-ve-ya-can-sirin-seydir\/#breadcrumb","itemListElement":[{"@type":"ListItem","position":1,"name":"Ana s\u0259hif\u0259","item":"https:\/\/www.meydan.tv\/az\/"},{"@type":"ListItem","position":2,"name":"M\u0259nim Fikrimc\u0259","item":"https:\/\/www.meydan.tv\/az\/section\/menim-fikrimce\/"},{"@type":"ListItem","position":3,"name":"&#8221;Xeyirxah&#8221; prezident v\u0259 ya &#8221;can \u015firin \u015feydir&#8221;"}]},{"@type":"WebSite","@id":"https:\/\/www.meydan.tv\/az\/#website","url":"https:\/\/www.meydan.tv\/az\/","name":"MEYDAN.TV","description":"Meydan TV Az\u0259rbaycan\u0131n media m\u0259kan\u0131ndak\u0131 alternativ s\u0259sidir","publisher":{"@id":"https:\/\/www.meydan.tv\/az\/#organization"},"potentialAction":[{"@type":"SearchAction","target":{"@type":"EntryPoint","urlTemplate":"https:\/\/www.meydan.tv\/az\/?s={search_term_string}"},"query-input":{"@type":"PropertyValueSpecification","valueRequired":true,"valueName":"search_term_string"}}],"inLanguage":"az"},{"@type":"Organization","@id":"https:\/\/www.meydan.tv\/az\/#organization","name":"Meydan TV","url":"https:\/\/www.meydan.tv\/az\/","logo":{"@type":"ImageObject","inLanguage":"az","@id":"https:\/\/www.meydan.tv\/az\/#\/schema\/logo\/image\/","url":"https:\/\/www.meydan.tv\/wp-content\/uploads\/2021\/07\/meydan-logo.svg","contentUrl":"https:\/\/www.meydan.tv\/wp-content\/uploads\/2021\/07\/meydan-logo.svg","width":195,"height":46,"caption":"Meydan TV"},"image":{"@id":"https:\/\/www.meydan.tv\/az\/#\/schema\/logo\/image\/"}},{"@type":"Person","@id":"https:\/\/www.meydan.tv\/az\/#\/schema\/person\/10d11eccf6da3662cf5fdab9806ea91a","name":"user-manager"}]}},"_links":{"self":[{"href":"https:\/\/www.meydan.tv\/az\/wp-json\/wp\/v2\/posts\/192249","targetHints":{"allow":["GET"]}}],"collection":[{"href":"https:\/\/www.meydan.tv\/az\/wp-json\/wp\/v2\/posts"}],"about":[{"href":"https:\/\/www.meydan.tv\/az\/wp-json\/wp\/v2\/types\/post"}],"author":[{"embeddable":true,"href":"https:\/\/www.meydan.tv\/az\/wp-json\/wp\/v2\/users\/11"}],"replies":[{"embeddable":true,"href":"https:\/\/www.meydan.tv\/az\/wp-json\/wp\/v2\/comments?post=192249"}],"version-history":[{"count":0,"href":"https:\/\/www.meydan.tv\/az\/wp-json\/wp\/v2\/posts\/192249\/revisions"}],"wp:featuredmedia":[{"embeddable":true,"href":"https:\/\/www.meydan.tv\/az\/wp-json\/wp\/v2\/media\/111524"}],"wp:attachment":[{"href":"https:\/\/www.meydan.tv\/az\/wp-json\/wp\/v2\/media?parent=192249"}],"wp:term":[{"taxonomy":"category","embeddable":true,"href":"https:\/\/www.meydan.tv\/az\/wp-json\/wp\/v2\/categories?post=192249"},{"taxonomy":"post_tag","embeddable":true,"href":"https:\/\/www.meydan.tv\/az\/wp-json\/wp\/v2\/tags?post=192249"}],"curies":[{"name":"wp","href":"https:\/\/api.w.org\/{rel}","templated":true}]}}