{"id":192196,"date":"2018-10-19T19:47:34","date_gmt":"2018-10-19T19:47:34","guid":{"rendered":"https:\/\/www.meydan.tv\/article\/telesen-tendire-duser\/"},"modified":"2018-10-19T19:47:34","modified_gmt":"2018-10-19T19:47:34","slug":"telesen-tendire-duser","status":"publish","type":"post","link":"https:\/\/www.meydan.tv\/az\/article\/telesen-tendire-duser\/","title":{"rendered":"T\u0259l\u0259s\u0259n t\u0259ndir\u0259 d\u00fc\u015f\u0259r"},"content":{"rendered":"<figure class=\"wp-block-image size-large\">\n  <img decoding=\"async\" src=\"https:\/\/www.meydan.tv\/az\/zerdust-elizade-ve-zaur-qurbanli\/\" alt=\"Z\u0259rd\u00fc\u015ft \u018flizad\u0259 v\u0259 Zaur Qurbanl\u0131\" class=\"wp-image-111350\"\/><figcaption>\n    Z\u0259rd\u00fc\u015ft \u018flizad\u0259 v\u0259 Zaur Qurbanl\u0131<br \/>\n  <\/figcaption><\/figure>\n<p>\n  C\u0259miyy\u0259timizd\u0259 nizaml\u0131 v\u0259 uzunm\u00fcdd\u0259tli m\u00fczakir\u0259 \u0259n\u0259n\u0259si, dem\u0259k olar ki, yox d\u0259r\u0259c\u0259sind\u0259dir. Bunun n\u0259tic\u0259si kimi u\u011furlu v\u0259 s\u0259m\u0259r\u0259li q\u0259rarlar\u0131n faizi s\u0131fra yax\u0131nla\u015f\u0131r.\n<\/p>\n<p>\n  Gah \u0259sla d\u00fc\u015f\u00fcnm\u0259d\u0259n v\u0259 he\u00e7 bir marketoloji ara\u015fd\u0131rma aparmadan velosiped zavodu, pianino fabriki, \u00fc\u00e7\u00fcnc\u00fc d\u0259f\u0259 avtomobil zavodu tikib xalq\u0131n milyonlar\u0131n\u0131 havaya sovururuq, gah da parlaq bir \u201cxalq \u00fcsyan\u0131\u201d yap\u0131b mill\u0259ti n\u00f6vb\u0259ti istibdad girdab\u0131na it\u0259l\u0259yirik.\n<\/p>\n<p>\n  Buna g\u00f6r\u0259 ictimai-siyasi hadis\u0259l\u0259rin x\u0131rda burjua inqilab\u0131 vur\u011funlu\u011fu n\u0259tic\u0259sind\u0259 zorak\u0131 s\u00fcr\u0259tl\u0259ndirilm\u0259si v\u0259 ya t\u0259kam\u00fcl yolu il\u0259 t\u0259bii yeti\u015f\u0259r\u0259k ba\u015f verm\u0259si se\u00e7imi \u0259traf\u0131nda ged\u0259n m\u00fczakir\u0259l\u0259ri c\u0259miyy\u0259timiz \u00fc\u00e7\u00fcn m\u00fcst\u0259sna vacib v\u0259 faydal\u0131 say\u0131ram.\n<\/p>\n<p>\n  Lakin bir \u015f\u0259rtl\u0259: ortaya qoyulan d\u0259lill\u0259r ger\u00e7\u0259klikl\u0259 uzla\u015fs\u0131n. Yox, \u0259g\u0259r onlar yen\u0259 yalan-palan v\u0259 k\u00fctl\u0259y\u0259 yedizdiril\u0259n \u0259satirl\u0259rd\u0259n yo\u011frulmu\u015f m\u00fclahiz\u0259l\u0259r olacaqsa, bel\u0259 m\u00fczakir\u0259nin qara q\u0259piklik faydas\u0131 olmayacaq.\n<\/p>\n<p>\n  Erkin b\u0259y Q\u0259dirli bir s\u0259rrast ifad\u0259 i\u015fl\u0259dib: \u201ct\u0259l\u0259s\u0259n yerimiz yoxdur\u201d.\n<\/p>\n<p>\n  Xahi\u015f edir\u0259m diqq\u0259t yetir\u0259siniz: bu ifad\u0259ni, t\u0259nb\u0259l v\u0259 f\u0259aliyy\u0259tsiz biri yox, var g\u00fcc\u00fc il\u0259 siyasi v\u0259 ictimai f\u0259aliyy\u0259tl\u0259 m\u0259\u015f\u011ful olan tan\u0131nm\u0131\u015f maarifp\u0259rv\u0259r ziyal\u0131 v\u0259 siyasi xadim deyir. D\u0259rs deyir, g\u0259ncl\u0259rl\u0259 g\u00f6r\u00fc\u015f\u00fcr, \u0259hali il\u0259 i\u015fl\u0259yir, m\u0259qal\u0259 yaz\u0131r, m\u00fcsahib\u0259 verir, partiya quruculu\u011fu il\u0259 m\u0259\u015f\u011ful olur, se\u00e7kil\u0259rd\u0259 namiz\u0259dliyini ir\u0259li s\u00fcr\u00fcr, y\u0259ni o, arzuedil\u0259n daha yax\u015f\u0131 g\u0259l\u0259c\u0259yi yax\u0131nla\u015fd\u0131rmaq \u00fc\u00e7\u00fcn var g\u00fcc\u00fc il\u0259 \u00e7al\u0131\u015f\u0131r. G\u00f6r\u00fcr ki, d\u0259yi\u015fikliyi ist\u0259y\u0259n dig\u0259r q\u00fcvv\u0259l\u0259r d\u0259 m\u00f6vcuddur v\u0259 c\u0259miyy\u0259td\u0259 yeti\u015fm\u0259mi\u015f d\u0259yi\u015fiklikl\u0259rin ziyan\u0131n\u0131 anlayaraq t\u0259klif edir ki ki, \u201ct\u0259l\u0259sm\u0259y\u0259k, haz\u0131rla\u015faq\u201d.\n<\/p>\n<p>\n  Fikirdir, deyib v\u0259 c\u0259miyy\u0259ti d\u00fc\u015f\u00fcnm\u0259y\u0259 d\u0259v\u0259t edib.\n<\/p>\n<p>\n  Bu m\u00f6vqe he\u00e7 d\u0259 ham\u0131n\u0131n \u00fcr\u0259yin\u0259 yatm\u0131r. Zaur Qurbanl\u0131 iddia edir ki, \u201cSSR\u0130 1950-ci ild\u0259 da\u011f\u0131lsa id\u0131, sa\u011f qalm\u0131\u015f c\u00fcmhuriyy\u0259t\u00e7il\u0259r El\u00e7ib\u0259y hakimiyy\u0259tind\u0259n qat-qat u\u011furlu sistem qurard\u0131lar. Amma 1992-d\u0259 onlar art\u0131q yox idil\u0259r v\u0259 biz idar\u0259etm\u0259 bacar\u0131\u011f\u0131m\u0131z\u0131 itirmi\u015fdik\u201d.\n<\/p>\n<p>\n  C\u00fcmhuriyy\u0259t\u00e7il\u0259rin hans\u0131 idar\u0259etm\u0259 bacar\u0131\u011f\u0131 var idi? Bu v\u0259t\u0259ni h\u0259qiq\u0259t\u0259n sev\u0259n ziyal\u0131lar 23 ayda be\u015f h\u00f6kum\u0259t d\u0259yi\u015fm\u0259y\u0259 m\u0259cbur oldular, b\u00fct\u00fcn bu 23 ayda \u00f6lk\u0259d\u0259 m\u00fcxt\u0259lif \u0259cn\u0259bi d\u00f6vl\u0259tl\u0259rin i\u015f\u011fal qo\u015funlar\u0131 at \u00e7apd\u0131, m\u0259rk\u0259zi h\u00f6kum\u0259t c\u00fcmhuriyy\u0259tin tam \u0259razisin\u0259 n\u0259zar\u0259t ed\u0259 bilm\u0259di, \u00f6lk\u0259nin \u0259sas s\u0259rv\u0259tin\u0259 &#8211; neft\u0259 &#8211; xarici q\u00fcvv\u0259l\u0259r sahib \u00e7\u0131xd\u0131, milli sahibkarlar m\u00fcst\u0259qilliyi q\u0259bul etm\u0259di (\u00e7\u00fcnki onlar\u0131n kapital\u0131 v\u0259 i\u015f \u0259laq\u0259l\u0259ri \u0259sas\u0259n Rusiya il\u0259 idi), qalib Antanta m\u00fcst\u0259qilliyimizi r\u0259sm\u0259n tan\u0131mad\u0131, o zaman \u0259halinin m\u00fctl\u0259q \u0259ks\u0259riyy\u0259tini t\u0259\u015fkil ed\u0259n k\u0259ndlil\u0259r hadis\u0259l\u0259rin mahiyy\u0259tind\u0259n bix\u0259b\u0259r olduqlar\u0131ndan milli h\u00f6kum\u0259t\u0259 bigan\u0259 qald\u0131lar.\n<\/p>\n<p>\n  C\u00fcmhuriyy\u0259t\u00e7il\u0259rin xo\u015f irad\u0259sind\u0259n as\u0131l\u0131 olmayaraq, o zamank\u0131 Az\u0259rbaycanda bu n\u0259h\u0259ng m\u00fc\u015fk\u00fcll\u0259rin \u00f6hd\u0259sind\u0259n g\u0259lm\u0259k \u00fc\u00e7\u00fcn he\u00e7 bir \u201cidar\u0259etm\u0259 bacar\u0131\u011f\u0131\u201d yox idi v\u0259 ola da bilm\u0259zdi. N\u0259tic\u0259d\u0259 hakimiyy\u0259tin bol\u015fevikl\u0259r\u0259 t\u0259slim edilm\u0259si t\u0259klifinin \u0259leyhin\u0259 yaln\u0131z be\u015f n\u0259f\u0259r s\u0259s verdi. Be\u015f n\u0259f\u0259r c\u00fcmhuriyy\u0259t\u00e7i&#8230;\n<\/p>\n<p>\n  Olmayan idar\u0259etm\u0259 bacar\u0131\u011f\u0131 otuz il \u0259rzind\u0259, 1920-ci ild\u0259n 1950-ci il\u0259 kimi nec\u0259 z\u0259nginl\u0259\u015f\u0259 bil\u0259rdi ki, xalq\u0131n kar\u0131na g\u0259l\u0259 bilsin? \u00d6z\u00fc d\u0259 SSR\u0130-nin 1950-ci ild\u0259 da\u011f\u0131lmas\u0131 fikri tam c\u0259f\u0259ngiyyatd\u0131r, \u00e7\u00fcnki h\u0259min d\u00f6vrd\u0259 Q\u0259rb NATO-nu ona g\u00f6r\u0259 t\u0259\u015fkil edirdi ki, sovet tanklar\u0131n\u0131n La-Man\u015fa \u00e7\u0131xmas\u0131n\u0131n qar\u015f\u0131s\u0131n\u0131 ala bilsin.\n<\/p>\n<p>\n  Bu, t\u0259l\u0259sm\u0259yin xeyrin\u0259 olan x\u0259yal-plovlar\u0131n birincisi&#8230;\n<\/p>\n<p>\n  Zaur Qurbanl\u0131n\u0131n misal kimi g\u00f6st\u0259rm\u0259k ist\u0259diyi Misir v\u0259 Ukrayna hadis\u0259l\u0259rinin mahiyy\u0259ti bar\u0259sind\u0259 d\u0259 d\u00fcr\u00fcst t\u0259s\u0259vv\u00fcr\u00fc yoxdur, \u00e7\u00fcnki Misird\u0259 H\u00fcsni b\u0259y M\u00fcbar\u0259ki devir\u0259n \u0259t-T\u0259hrir mitinqinin arxas\u0131nda ordu r\u0259hb\u0259rliyi dururdu. Generallar M\u00fcbar\u0259kin ali v\u0259zif\u0259ni m\u00fclki \u015f\u0259xs olan o\u011flu Camala \u00f6t\u00fcrm\u0259sinin qar\u015f\u0131s\u0131n\u0131 almaq \u00fc\u00e7\u00fcn liberal t\u00f6vrl\u00fc g\u0259ncl\u0259ri tovlay\u0131b meydana \u00e7\u0131xarm\u0131\u015fd\u0131lar. M\u00fcs\u0259lman qarda\u015flar\u0131n\u0131n m\u00fcdaxil\u0259si ordunun qur\u011fusunu da\u011f\u0131td\u0131, professor Muhamm\u0259d Mursi se\u00e7kil\u0259r\u0259 qat\u0131ld\u0131 v\u0259 \u201ccumhur\u201d(\u0259r\u0259bc\u0259 camaat, xalq v\u0259 k\u00fctl\u0259 m\u0259nas\u0131n\u0131 verir) g\u0259lib demokratik t\u0259rzd\u0259 ona s\u0259s verdi. Bu t\u0259\u015fkilat b\u00fct\u00f6vl\u00fckd\u0259 s\u0131rf antiimperialist v\u0259 \u015f\u0259rq\u00e7i-islam\u00e7\u0131 s\u0259ciyy\u0259 da\u015f\u0131y\u0131r. Demokratik se\u00e7ilmi\u015f Muhamm\u0259d Mursini hakim t\u00fcfeyli h\u0259rbi z\u00fcmr\u0259 silah g\u00fcc\u00fcn\u0259 devirib xalq\u0131 yen\u0259 \u0259sar\u0259t\u0259 sald\u0131.\n<\/p>\n<p>\n  Ukraynada is\u0259 h\u0259m birinci, h\u0259m ikinci Maydan mafiyadaxili \u00e7\u0259ki\u015fm\u0259nin k\u00fc\u00e7\u0259 t\u0259zah\u00fcr\u00fc idi, nec\u0259 ki, Az\u0259rbaycanda AXC 1989-cu ilin sonunda tayfa mafiyas\u0131n\u0131n k\u00fc\u00e7\u0259 \u015fill\u0259vuranlar\u0131n\u0131 (bil\u0259r\u0259kd\u0259n v\u0259 ya bilm\u0259y\u0259r\u0259kd\u0259n, C\u0259bh\u0259d\u0259 he\u00e7 d\u0259 ham\u0131 \u018fb\u00fclf\u0259z \u018fliyevin kim\u0259 i\u015fl\u0259diyini bilmirdi) birl\u0259\u015fdir\u0259n t\u0259\u015fkilata \u00e7evrilmi\u015fdi.\n<\/p>\n<p>\n  Guya Ukrayna v\u0259 ya Az\u0259rbaycanda hans\u0131sa demokratik m\u0259qs\u0259dl\u0259r g\u00fcd\u00fcl\u00fcrd\u00fc, bu da x\u0259yal-plovlar\u0131n ikincisi&#8230;\n<\/p>\n<p>\n  Zaur Qurbanl\u0131 t\u0259\u0259ss\u00fcfl\u0259 qeyd edir ki, Pa\u015finyan alt\u0131 aydan sonra parlament se\u00e7kisin\u0259 gedir, AXC is\u0259 bir il \u0259rzind\u0259 Milli M\u0259clis\u0259 yeni se\u00e7ki ke\u00e7irm\u0259di. S\u0259b\u0259bi g\u00fcn kimi ayd\u0131n olan bu m\u0259s\u0259l\u0259y\u0259 b\u00f6yl\u0259 hissiyyatl\u0131 m\u00fcnasib\u0259t \u00e7ox q\u0259rib\u0259dir. Cavab ayd\u0131nd\u0131r: Pa\u015finyan ona g\u00f6r\u0259 indiki parlamenti burax\u0131b yenisini se\u00e7m\u0259y\u0259 t\u0259l\u0259sir ki, se\u00e7icil\u0259rin m\u00fctl\u0259q \u0259ks\u0259riyy\u0259ti h\u0259l\u0259lik onu tam d\u0259st\u0259kl\u0259yir. AXC is\u0259 parlament se\u00e7kil\u0259rin\u0259 ona g\u00f6r\u0259 ged\u0259 bilm\u0259zdi ki: 1) 20 Yanvar t\u0259xribat\u0131nda f\u0259al i\u015ftirak etdiyin\u0259 g\u00f6r\u0259 xalq\u0131n etimad\u0131n\u0131 itirmi\u015fdi; 2) prezident se\u00e7kisini \u00e7evrili\u015fd\u0259n sonra g\u00fccl\u0259 v\u0259 zorak\u0131l\u0131qla saxtala\u015fd\u0131ra bilmi\u015fdi; 3) AXC hakimiyy\u0259ti daxilind\u0259 g\u0259l\u0259c\u0259k se\u00e7kil\u0259rd\u0259 yaln\u0131z \u00f6z\u00fcn\u00fc qalib partiya lideri kimi g\u00f6r\u0259n \u0130sa Q\u0259mb\u0259r var idi ki, onun Musavat partiyas\u0131 h\u0259l\u0259 kifay\u0259t g\u00fcc toplaya bilm\u0259mi\u015fdi.\n<\/p>\n<p>\n  \u018fb\u00fclf\u0259z \u018fliyevi is\u0259 hans\u0131sa m\u00fcc\u0259rr\u0259d demokratiya ideyas\u0131 \u0259sla maraqland\u0131rm\u0131rd\u0131, zira yegan\u0259 bildiyi v\u0259 sevdiyi \u015fey Romanova qalib g\u0259l\u0259n yerlisi Heyd\u0259r \u018fliyev v\u0259 x\u0259yal\u0131nda qurdu\u011fu \u0259z\u0259m\u0259tli t\u00fcrk imperiyas\u0131 idi&#8230;\n<\/p>\n<p>\n  Yerli milli-demokratlar\u0131n h\u0259r hans\u0131 demokratik potensiala malik olmas\u0131 fikri \u00fc\u00e7\u00fcnc\u00fc x\u0259yal-plovdur&#8230;\n<\/p>\n<p>\n  N\u0259hay\u0259t, g\u0259lirik Zaur Qurbanl\u0131n\u0131n qoydu\u011fu suala: \u201csual o deyil ki, siz hakimiyy\u0259t\u0259 g\u0259ls\u0259niz, nec\u0259 idar\u0259 ed\u0259c\u0259ksiniz? Sual budur ki, d\u0259yi\u015fiklikd\u0259n sonra sizin indid\u0259n haz\u0131rla\u015fd\u0131\u011f\u0131n\u0131z hakimiyy\u0259ti siz\u0259 ver\u0259n olacaqm\u0131?\u201d\n<\/p>\n<p>\n  M\u0259nc\u0259, onun \u0259sas sayd\u0131\u011f\u0131 sual tam m\u0259zmunsuzdur. Nec\u0259 y\u0259ni, hakimiyy\u0259ti siz\u0259 ver\u0259n olacaqm\u0131? Kim ver\u0259 bil\u0259r ki? Hakimiyy\u0259t d\u0259yi\u015fikliyini m\u0259hz REAL h\u0259yata ke\u00e7ir\u0259c\u0259k v\u0259 onun kimd\u0259ns\u0259 hakimiyy\u0259t g\u00f6zl\u0259m\u0259si \u0259b\u0259s suald\u0131r.\n<\/p>\n<p>\n  F\u0259rz ed\u0259k ki, REAL hakimiyy\u0259t\u0259 haz\u0131rla\u015fm\u0131r. Onda hakimiyy\u0259ti n\u0259 \u00fc\u00e7\u00fcn ona verm\u0259lidirl\u0259r?\n<\/p>\n<p>\n  \u018fslind\u0259 REAL hakimiyy\u0259t\u0259 haz\u0131rla\u015fmal\u0131d\u0131r, yetkin m\u0259ramnam\u0259si, onun m\u0259qs\u0259dl\u0259rini h\u0259yata ke\u00e7irm\u0259y\u0259 qadir olan m\u00fct\u0259\u015f\u0259kkil v\u0259 bacar\u0131ql\u0131, xalq\u0131n inand\u0131\u011f\u0131 komandas\u0131 olmal\u0131d\u0131r v\u0259 bu komanda hakimiyy\u0259t\u0259 g\u0259lib xalq\u0131 a\u011f g\u00fcn\u0259 \u00e7\u0131xarmaq u\u011frunda a\u011f\u0131l v\u0259 t\u0259dbirl\u0259 el\u0259 m\u00fcbariz\u0259 aparmal\u0131d\u0131r ki, indiki qar\u0259t\u00e7i v\u0259 bivec hakimiyy\u0259t a\u015f\u0131n\u0131b \u00e7\u00f6km\u0259y\u0259 ba\u015flayanda REAL-dan savay\u0131 he\u00e7 bir t\u0259\u015fkilat\u0131n hakimiyy\u0259t\u0259 iddia etm\u0259y\u0259 n\u0259 g\u00fcc\u00fc, n\u0259 \u00fcz\u00fc olsun.\n<\/p>\n<p>\n  M\u0259n anlad\u0131\u011f\u0131ma g\u00f6r\u0259, Erkin Q\u0259dirli \u00fcz\u00fcn\u00fc \u0259leyhdarlar\u0131na deyil, t\u0259r\u0259fdarlar\u0131na tutub deyir: t\u0259l\u0259sm\u0259yin, \u00f6z\u00fcn\u00fcz\u00fc yax\u0131n hakimiyy\u0259t il\u011f\u0131mlar\u0131yrla aldatmay\u0131n, \u0259ksin\u0259, hakimiyy\u0259t namin\u0259 \u0259zabl\u0131, n\u0259h\u0259ng, lakin h\u0259m d\u0259 \u015f\u0259r\u0259fli i\u015fin \u00f6hd\u0259sind\u0259n g\u0259lm\u0259k \u00fc\u00e7\u00fcn haz\u0131rlay\u0131n. Hakimiyy\u0259t\u0259 quruculuq \u00fc\u00e7\u00fcn haz\u0131rla\u015f\u0131n, m\u0259qam yeti\u015f\u0259nd\u0259, n\u0259 kal AXC-y\u0259, n\u0259 o\u011fru generallar\u0131n \u0259sirin\u0259 \u00e7evrilmi\u015f b\u0259db\u0259xt misirlil\u0259r\u0259, n\u0259 d\u0259 azadl\u0131\u011f\u0131 hoppanmaqda g\u00f6r\u0259n cahil ukraynal\u0131lara b\u0259nz\u0259m\u0259yin.\n<\/p>\n<p>\n  U\u011furlu hakimiyy\u0259t n\u00fcmun\u0259l\u0259ri \u00e7oxdur, \u00f6yr\u0259nm\u0259li \u00e7ox \u015fey var. U\u011fur hekay\u0259l\u0259rinin q\u0259hr\u0259manlar\u0131n\u0131n he\u00e7 biri x\u0259yal-plovla qidalanmay\u0131b, yedikl\u0259ri s\u0259rt realizmd\u0259n do\u011fan qida olub. \u015e\u0259raiti el\u0259 yeti\u015fdirm\u0259k laz\u0131md\u0131r ki, m\u0259qam \u00e7atanda, he\u00e7 bir d\u0259liy\u0259 yer qalmas\u0131n, t\u0259\u015f\u0259bb\u00fcs a\u011f\u0131ll\u0131 erkin q\u0259dirlil\u0259rin \u0259lind\u0259 olsun.\n<\/p>\n<p>\n  <b><br \/>\n    <i><br \/>\n      Yaz\u0131 m\u00fc\u0259llifin fikirl\u0259rini \u0259ks etdirir v\u0259 Meydan TV-nin m\u00f6vqeyi il\u0259 \u00fcst-\u00fcst\u0259 d\u00fc\u015fm\u0259y\u0259 bil\u0259r.<br \/>\n    <\/i><br \/>\n  <\/b><\/p>\n","protected":false},"excerpt":{"rendered":"<p>C\u0259miyy\u0259timizd\u0259 nizaml\u0131 v\u0259 uzunm\u00fcdd\u0259tli m\u00fczakir\u0259 \u0259n\u0259n\u0259si, dem\u0259k olar ki, yox d\u0259r\u0259c\u0259sind\u0259dir<\/p>\n","protected":false},"author":11,"featured_media":111350,"comment_status":"closed","ping_status":"open","sticky":false,"template":"","format":"standard","meta":{"_acf_changed":false,"_sitemap_exclude":false,"_sitemap_priority":"","_sitemap_frequency":"","footnotes":""},"categories":[57],"tags":[],"class_list":["post-192196","post","type-post","status-publish","format-standard","has-post-thumbnail","hentry","category-menim-fikrimce","infinite-scroll-item","generate-columns","tablet-grid-50","mobile-grid-100","grid-parent","grid-33","no-featured-image-padding"],"acf":[],"yoast_head":"<!-- This site is optimized with the Yoast SEO plugin v27.4 - https:\/\/yoast.com\/product\/yoast-seo-wordpress\/ -->\n<title>T\u0259l\u0259s\u0259n t\u0259ndir\u0259 d\u00fc\u015f\u0259r - MEYDAN.TV<\/title>\n<meta name=\"robots\" content=\"index, follow, max-snippet:-1, max-image-preview:large, max-video-preview:-1\" \/>\n<link rel=\"canonical\" href=\"https:\/\/www.meydan.tv\/az\/article\/telesen-tendire-duser\/\" \/>\n<meta property=\"og:locale\" content=\"az_AZ\" \/>\n<meta property=\"og:type\" content=\"article\" \/>\n<meta property=\"og:title\" content=\"T\u0259l\u0259s\u0259n t\u0259ndir\u0259 d\u00fc\u015f\u0259r - MEYDAN.TV\" \/>\n<meta property=\"og:description\" content=\"C\u0259miyy\u0259timizd\u0259 nizaml\u0131 v\u0259 uzunm\u00fcdd\u0259tli m\u00fczakir\u0259 \u0259n\u0259n\u0259si, dem\u0259k olar ki, yox d\u0259r\u0259c\u0259sind\u0259dir\" \/>\n<meta property=\"og:url\" content=\"https:\/\/www.meydan.tv\/az\/article\/telesen-tendire-duser\/\" \/>\n<meta property=\"og:site_name\" content=\"MEYDAN.TV\" \/>\n<meta property=\"article:published_time\" content=\"2018-10-19T19:47:34+00:00\" \/>\n<meta property=\"og:image\" content=\"https:\/\/www.meydan.tv\/wp-content\/uploads\/44308.jpg\" \/>\n\t<meta property=\"og:image:width\" content=\"810\" \/>\n\t<meta property=\"og:image:height\" content=\"450\" \/>\n\t<meta property=\"og:image:type\" content=\"image\/jpeg\" \/>\n<meta name=\"author\" content=\"user-manager\" \/>\n<meta name=\"twitter:card\" content=\"summary_large_image\" \/>\n<script type=\"application\/ld+json\" class=\"yoast-schema-graph\">{\"@context\":\"https:\\\/\\\/schema.org\",\"@graph\":[{\"@type\":\"Article\",\"@id\":\"https:\\\/\\\/www.meydan.tv\\\/az\\\/article\\\/telesen-tendire-duser\\\/#article\",\"isPartOf\":{\"@id\":\"https:\\\/\\\/www.meydan.tv\\\/az\\\/article\\\/telesen-tendire-duser\\\/\"},\"author\":{\"name\":\"user-manager\",\"@id\":\"https:\\\/\\\/www.meydan.tv\\\/az\\\/#\\\/schema\\\/person\\\/10d11eccf6da3662cf5fdab9806ea91a\"},\"headline\":\"T\u0259l\u0259s\u0259n t\u0259ndir\u0259 d\u00fc\u015f\u0259r\",\"datePublished\":\"2018-10-19T19:47:34+00:00\",\"mainEntityOfPage\":{\"@id\":\"https:\\\/\\\/www.meydan.tv\\\/az\\\/article\\\/telesen-tendire-duser\\\/\"},\"wordCount\":1680,\"publisher\":{\"@id\":\"https:\\\/\\\/www.meydan.tv\\\/az\\\/#organization\"},\"image\":{\"@id\":\"https:\\\/\\\/www.meydan.tv\\\/az\\\/article\\\/telesen-tendire-duser\\\/#primaryimage\"},\"thumbnailUrl\":\"https:\\\/\\\/www.meydan.tv\\\/wp-content\\\/uploads\\\/44308.jpg\",\"articleSection\":[\"M\u0259nim Fikrimc\u0259\"],\"inLanguage\":\"az\"},{\"@type\":\"WebPage\",\"@id\":\"https:\\\/\\\/www.meydan.tv\\\/az\\\/article\\\/telesen-tendire-duser\\\/\",\"url\":\"https:\\\/\\\/www.meydan.tv\\\/az\\\/article\\\/telesen-tendire-duser\\\/\",\"name\":\"T\u0259l\u0259s\u0259n t\u0259ndir\u0259 d\u00fc\u015f\u0259r - MEYDAN.TV\",\"isPartOf\":{\"@id\":\"https:\\\/\\\/www.meydan.tv\\\/az\\\/#website\"},\"primaryImageOfPage\":{\"@id\":\"https:\\\/\\\/www.meydan.tv\\\/az\\\/article\\\/telesen-tendire-duser\\\/#primaryimage\"},\"image\":{\"@id\":\"https:\\\/\\\/www.meydan.tv\\\/az\\\/article\\\/telesen-tendire-duser\\\/#primaryimage\"},\"thumbnailUrl\":\"https:\\\/\\\/www.meydan.tv\\\/wp-content\\\/uploads\\\/44308.jpg\",\"datePublished\":\"2018-10-19T19:47:34+00:00\",\"breadcrumb\":{\"@id\":\"https:\\\/\\\/www.meydan.tv\\\/az\\\/article\\\/telesen-tendire-duser\\\/#breadcrumb\"},\"inLanguage\":\"az\",\"potentialAction\":[{\"@type\":\"ReadAction\",\"target\":[\"https:\\\/\\\/www.meydan.tv\\\/az\\\/article\\\/telesen-tendire-duser\\\/\"]}]},{\"@type\":\"ImageObject\",\"inLanguage\":\"az\",\"@id\":\"https:\\\/\\\/www.meydan.tv\\\/az\\\/article\\\/telesen-tendire-duser\\\/#primaryimage\",\"url\":\"https:\\\/\\\/www.meydan.tv\\\/wp-content\\\/uploads\\\/44308.jpg\",\"contentUrl\":\"https:\\\/\\\/www.meydan.tv\\\/wp-content\\\/uploads\\\/44308.jpg\",\"width\":810,\"height\":450,\"caption\":\"Source:\"},{\"@type\":\"BreadcrumbList\",\"@id\":\"https:\\\/\\\/www.meydan.tv\\\/az\\\/article\\\/telesen-tendire-duser\\\/#breadcrumb\",\"itemListElement\":[{\"@type\":\"ListItem\",\"position\":1,\"name\":\"Ana s\u0259hif\u0259\",\"item\":\"https:\\\/\\\/www.meydan.tv\\\/az\\\/\"},{\"@type\":\"ListItem\",\"position\":2,\"name\":\"M\u0259nim Fikrimc\u0259\",\"item\":\"https:\\\/\\\/www.meydan.tv\\\/az\\\/section\\\/menim-fikrimce\\\/\"},{\"@type\":\"ListItem\",\"position\":3,\"name\":\"T\u0259l\u0259s\u0259n t\u0259ndir\u0259 d\u00fc\u015f\u0259r\"}]},{\"@type\":\"WebSite\",\"@id\":\"https:\\\/\\\/www.meydan.tv\\\/az\\\/#website\",\"url\":\"https:\\\/\\\/www.meydan.tv\\\/az\\\/\",\"name\":\"MEYDAN.TV\",\"description\":\"Meydan TV Az\u0259rbaycan\u0131n media m\u0259kan\u0131ndak\u0131 alternativ s\u0259sidir\",\"publisher\":{\"@id\":\"https:\\\/\\\/www.meydan.tv\\\/az\\\/#organization\"},\"potentialAction\":[{\"@type\":\"SearchAction\",\"target\":{\"@type\":\"EntryPoint\",\"urlTemplate\":\"https:\\\/\\\/www.meydan.tv\\\/az\\\/?s={search_term_string}\"},\"query-input\":{\"@type\":\"PropertyValueSpecification\",\"valueRequired\":true,\"valueName\":\"search_term_string\"}}],\"inLanguage\":\"az\"},{\"@type\":\"Organization\",\"@id\":\"https:\\\/\\\/www.meydan.tv\\\/az\\\/#organization\",\"name\":\"Meydan TV\",\"url\":\"https:\\\/\\\/www.meydan.tv\\\/az\\\/\",\"logo\":{\"@type\":\"ImageObject\",\"inLanguage\":\"az\",\"@id\":\"https:\\\/\\\/www.meydan.tv\\\/az\\\/#\\\/schema\\\/logo\\\/image\\\/\",\"url\":\"https:\\\/\\\/www.meydan.tv\\\/wp-content\\\/uploads\\\/2021\\\/07\\\/meydan-logo.svg\",\"contentUrl\":\"https:\\\/\\\/www.meydan.tv\\\/wp-content\\\/uploads\\\/2021\\\/07\\\/meydan-logo.svg\",\"width\":195,\"height\":46,\"caption\":\"Meydan TV\"},\"image\":{\"@id\":\"https:\\\/\\\/www.meydan.tv\\\/az\\\/#\\\/schema\\\/logo\\\/image\\\/\"}},{\"@type\":\"Person\",\"@id\":\"https:\\\/\\\/www.meydan.tv\\\/az\\\/#\\\/schema\\\/person\\\/10d11eccf6da3662cf5fdab9806ea91a\",\"name\":\"user-manager\"}]}<\/script>\n<!-- \/ Yoast SEO plugin. -->","yoast_head_json":{"title":"T\u0259l\u0259s\u0259n t\u0259ndir\u0259 d\u00fc\u015f\u0259r - MEYDAN.TV","robots":{"index":"index","follow":"follow","max-snippet":"max-snippet:-1","max-image-preview":"max-image-preview:large","max-video-preview":"max-video-preview:-1"},"canonical":"https:\/\/www.meydan.tv\/az\/article\/telesen-tendire-duser\/","og_locale":"az_AZ","og_type":"article","og_title":"T\u0259l\u0259s\u0259n t\u0259ndir\u0259 d\u00fc\u015f\u0259r - MEYDAN.TV","og_description":"C\u0259miyy\u0259timizd\u0259 nizaml\u0131 v\u0259 uzunm\u00fcdd\u0259tli m\u00fczakir\u0259 \u0259n\u0259n\u0259si, dem\u0259k olar ki, yox d\u0259r\u0259c\u0259sind\u0259dir","og_url":"https:\/\/www.meydan.tv\/az\/article\/telesen-tendire-duser\/","og_site_name":"MEYDAN.TV","article_published_time":"2018-10-19T19:47:34+00:00","og_image":[{"width":810,"height":450,"url":"https:\/\/www.meydan.tv\/wp-content\/uploads\/44308.jpg","type":"image\/jpeg"}],"author":"user-manager","twitter_card":"summary_large_image","schema":{"@context":"https:\/\/schema.org","@graph":[{"@type":"Article","@id":"https:\/\/www.meydan.tv\/az\/article\/telesen-tendire-duser\/#article","isPartOf":{"@id":"https:\/\/www.meydan.tv\/az\/article\/telesen-tendire-duser\/"},"author":{"name":"user-manager","@id":"https:\/\/www.meydan.tv\/az\/#\/schema\/person\/10d11eccf6da3662cf5fdab9806ea91a"},"headline":"T\u0259l\u0259s\u0259n t\u0259ndir\u0259 d\u00fc\u015f\u0259r","datePublished":"2018-10-19T19:47:34+00:00","mainEntityOfPage":{"@id":"https:\/\/www.meydan.tv\/az\/article\/telesen-tendire-duser\/"},"wordCount":1680,"publisher":{"@id":"https:\/\/www.meydan.tv\/az\/#organization"},"image":{"@id":"https:\/\/www.meydan.tv\/az\/article\/telesen-tendire-duser\/#primaryimage"},"thumbnailUrl":"https:\/\/www.meydan.tv\/wp-content\/uploads\/44308.jpg","articleSection":["M\u0259nim Fikrimc\u0259"],"inLanguage":"az"},{"@type":"WebPage","@id":"https:\/\/www.meydan.tv\/az\/article\/telesen-tendire-duser\/","url":"https:\/\/www.meydan.tv\/az\/article\/telesen-tendire-duser\/","name":"T\u0259l\u0259s\u0259n t\u0259ndir\u0259 d\u00fc\u015f\u0259r - MEYDAN.TV","isPartOf":{"@id":"https:\/\/www.meydan.tv\/az\/#website"},"primaryImageOfPage":{"@id":"https:\/\/www.meydan.tv\/az\/article\/telesen-tendire-duser\/#primaryimage"},"image":{"@id":"https:\/\/www.meydan.tv\/az\/article\/telesen-tendire-duser\/#primaryimage"},"thumbnailUrl":"https:\/\/www.meydan.tv\/wp-content\/uploads\/44308.jpg","datePublished":"2018-10-19T19:47:34+00:00","breadcrumb":{"@id":"https:\/\/www.meydan.tv\/az\/article\/telesen-tendire-duser\/#breadcrumb"},"inLanguage":"az","potentialAction":[{"@type":"ReadAction","target":["https:\/\/www.meydan.tv\/az\/article\/telesen-tendire-duser\/"]}]},{"@type":"ImageObject","inLanguage":"az","@id":"https:\/\/www.meydan.tv\/az\/article\/telesen-tendire-duser\/#primaryimage","url":"https:\/\/www.meydan.tv\/wp-content\/uploads\/44308.jpg","contentUrl":"https:\/\/www.meydan.tv\/wp-content\/uploads\/44308.jpg","width":810,"height":450,"caption":"Source:"},{"@type":"BreadcrumbList","@id":"https:\/\/www.meydan.tv\/az\/article\/telesen-tendire-duser\/#breadcrumb","itemListElement":[{"@type":"ListItem","position":1,"name":"Ana s\u0259hif\u0259","item":"https:\/\/www.meydan.tv\/az\/"},{"@type":"ListItem","position":2,"name":"M\u0259nim Fikrimc\u0259","item":"https:\/\/www.meydan.tv\/az\/section\/menim-fikrimce\/"},{"@type":"ListItem","position":3,"name":"T\u0259l\u0259s\u0259n t\u0259ndir\u0259 d\u00fc\u015f\u0259r"}]},{"@type":"WebSite","@id":"https:\/\/www.meydan.tv\/az\/#website","url":"https:\/\/www.meydan.tv\/az\/","name":"MEYDAN.TV","description":"Meydan TV Az\u0259rbaycan\u0131n media m\u0259kan\u0131ndak\u0131 alternativ s\u0259sidir","publisher":{"@id":"https:\/\/www.meydan.tv\/az\/#organization"},"potentialAction":[{"@type":"SearchAction","target":{"@type":"EntryPoint","urlTemplate":"https:\/\/www.meydan.tv\/az\/?s={search_term_string}"},"query-input":{"@type":"PropertyValueSpecification","valueRequired":true,"valueName":"search_term_string"}}],"inLanguage":"az"},{"@type":"Organization","@id":"https:\/\/www.meydan.tv\/az\/#organization","name":"Meydan TV","url":"https:\/\/www.meydan.tv\/az\/","logo":{"@type":"ImageObject","inLanguage":"az","@id":"https:\/\/www.meydan.tv\/az\/#\/schema\/logo\/image\/","url":"https:\/\/www.meydan.tv\/wp-content\/uploads\/2021\/07\/meydan-logo.svg","contentUrl":"https:\/\/www.meydan.tv\/wp-content\/uploads\/2021\/07\/meydan-logo.svg","width":195,"height":46,"caption":"Meydan TV"},"image":{"@id":"https:\/\/www.meydan.tv\/az\/#\/schema\/logo\/image\/"}},{"@type":"Person","@id":"https:\/\/www.meydan.tv\/az\/#\/schema\/person\/10d11eccf6da3662cf5fdab9806ea91a","name":"user-manager"}]}},"_links":{"self":[{"href":"https:\/\/www.meydan.tv\/az\/wp-json\/wp\/v2\/posts\/192196","targetHints":{"allow":["GET"]}}],"collection":[{"href":"https:\/\/www.meydan.tv\/az\/wp-json\/wp\/v2\/posts"}],"about":[{"href":"https:\/\/www.meydan.tv\/az\/wp-json\/wp\/v2\/types\/post"}],"author":[{"embeddable":true,"href":"https:\/\/www.meydan.tv\/az\/wp-json\/wp\/v2\/users\/11"}],"replies":[{"embeddable":true,"href":"https:\/\/www.meydan.tv\/az\/wp-json\/wp\/v2\/comments?post=192196"}],"version-history":[{"count":0,"href":"https:\/\/www.meydan.tv\/az\/wp-json\/wp\/v2\/posts\/192196\/revisions"}],"wp:featuredmedia":[{"embeddable":true,"href":"https:\/\/www.meydan.tv\/az\/wp-json\/wp\/v2\/media\/111350"}],"wp:attachment":[{"href":"https:\/\/www.meydan.tv\/az\/wp-json\/wp\/v2\/media?parent=192196"}],"wp:term":[{"taxonomy":"category","embeddable":true,"href":"https:\/\/www.meydan.tv\/az\/wp-json\/wp\/v2\/categories?post=192196"},{"taxonomy":"post_tag","embeddable":true,"href":"https:\/\/www.meydan.tv\/az\/wp-json\/wp\/v2\/tags?post=192196"}],"curies":[{"name":"wp","href":"https:\/\/api.w.org\/{rel}","templated":true}]}}