{"id":192195,"date":"2018-10-19T19:34:01","date_gmt":"2018-10-19T19:34:01","guid":{"rendered":"https:\/\/www.meydan.tv\/article\/tanrinin-qezebi-emeliyyati\/"},"modified":"2018-10-19T19:34:01","modified_gmt":"2018-10-19T19:34:01","slug":"tanrinin-qezebi-emeliyyati","status":"publish","type":"post","link":"https:\/\/www.meydan.tv\/az\/article\/tanrinin-qezebi-emeliyyati\/","title":{"rendered":"&#8221;Tanr\u0131n\u0131n q\u0259z\u0259bi&#8221; \u0259m\u0259liyyat\u0131"},"content":{"rendered":"<figure class=\"wp-block-image size-large\">\n  <img decoding=\"async\" src=\"https:\/\/www.meydan.tv\/az\/israil-ordusu-bombardiman-edir-1973\/\" alt=\"\u0130srail ordusu bombard\u0131man edir, 1973\" class=\"wp-image-111341\"\/><figcaption>\n    \u0130srail ordusu bombard\u0131man edir, 1973<br \/>\n  <\/figcaption><\/figure>\n<p>\n  Bundan \u0259vv\u0259lki m\u0259qal\u0259md\u0259 M\u00fcnhen q\u0259tliam\u0131ndan b\u0259hs etdim. 1972-ci il M\u00fcnhen olimpiadas\u0131 zaman\u0131 &#8220;Qara sentyabr&#8221; adl\u0131 terror t\u0259\u015fkilat\u0131n\u0131n \u00fczvl\u0259ri \u0130srail n\u00fcmay\u0259nd\u0259 hey\u0259tinin 11 \u00fczv\u00fcn\u00fc (5 idman\u00e7\u0131, 4 m\u0259\u015fq\u00e7i v\u0259 2 hakim) girov g\u00f6t\u00fcrd\u00fcl\u0259r. T\u0259cr\u00fcb\u0259siz alman polisinin xilasetm\u0259 \u0259m\u0259liyyat\u0131 tam fiasko il\u0259 n\u0259tic\u0259l\u0259ndi. Girovlar\u0131n ham\u0131s\u0131 h\u0259lak oldu. Terror\u00e7ular\u0131n is\u0259 be\u015fi \u00f6ld\u00fcr\u00fcld\u00fc, \u00fc\u00e7\u00fc sa\u011f \u0259l\u0259 ke\u00e7di.\n<\/p>\n<p>\n  Terror \u0130sraili mat\u0259m\u0259 b\u00fcr\u00fcd\u00fc. Tezlikl\u0259 is\u0259 bu mat\u0259m intiqam arzusu il\u0259 \u0259v\u0259zl\u0259ndi. \u00d6lk\u0259d\u0259 b\u00f6y\u00fckd\u0259n ki\u00e7iy\u0259, f\u0259hl\u0259d\u0259n siyas\u0259t\u00e7iy\u0259 kimi ham\u0131 intiqam bar\u0259d\u0259 dan\u0131\u015f\u0131rd\u0131. Hadis\u0259d\u0259n iki g\u00fcn sonra \u0130srail aviasiyas\u0131 &#8220;Qara sentyabr&#8221;\u0131n daxil oldu\u011fu F\u0259l\u0259stin Azadl\u0131q T\u0259\u015fkilat\u0131n\u0131n (FAT) Livandak\u0131 10 bazas\u0131n\u0131 bombalad\u0131. Lakin ictimai r\u0259y M\u00fcnhen q\u0259tliam\u0131nda \u0259li olanlara qar\u015f\u0131 daha \u00fcnvanl\u0131 aksiyalar t\u0259l\u0259b edirdi.\n<\/p>\n<p>\n  Hadis\u0259d\u0259n bir ne\u00e7\u0259 g\u00fcn sonra \u0130srailin ba\u015f naziri Qolda Meir M\u00fcnhend\u0259 h\u0259lak olanlar\u0131n ail\u0259 \u00fczvl\u0259ri il\u0259 m\u0259xfi g\u00f6r\u00fc\u015f ke\u00e7irdi. \u0130\u015ftirak\u00e7\u0131lardan birinin s\u00f6yl\u0259diyin\u0259 g\u00f6r\u0259 xan\u0131m Meir cinay\u0259td\u0259 \u0259li olanlar\u0131n m\u00fctl\u0259q c\u0259zaland\u0131r\u0131laca\u011f\u0131n\u0131 v\u0259d etdi: &#8220;\u0130srailin ba\u015f naziri kimi sizi \u0259min edir\u0259m ki, bu qanl\u0131 cinay\u0259td\u0259 \u0259li olan h\u0259r bir k\u0259si d\u00fcnyan\u0131n ist\u0259nil\u0259n yerind\u0259 izl\u0259yib tapaca\u011f\u0131q v\u0259 onlar etdikl\u0259rin\u0259 g\u00f6r\u0259 cavab ver\u0259c\u0259kl\u0259r&#8221;.\n<\/p>\n<p>\n  \u0130ntiqam \u0259m\u0259liyyat\u0131na r\u0259hb\u0259rlik etm\u0259k \u00fc\u00e7\u00fcn Qolda Meirin, m\u00fcdafi\u0259 naziri Mo\u015fe Dayan\u0131n, m\u0259d\u0259niyy\u0259t v\u0259 t\u0259hsil naziri \u0130qal Alonun, portfelsiz nazir \u0130srael Qalilinin daxil oldu\u011fu &#8220;X (iks) komit\u0259si&#8221; yarad\u0131ld\u0131. Son iki n\u0259f\u0259rin bu komit\u0259d\u0259 yer almas\u0131 t\u0259\u0259cc\u00fcbl\u00fc g\u00f6r\u00fcn\u0259 bil\u0259r. Lakin h\u0259m Alon, h\u0259m d\u0259 Qalili ke\u00e7mi\u015f h\u0259rb\u00e7il\u0259r idil\u0259r, \u0130srail ordusunun yaranmas\u0131nda v\u0259 \u0259r\u0259bl\u0259r\u0259 qar\u015f\u0131 u\u011furlu m\u00fcharib\u0259l\u0259rd\u0259 m\u00fcst\u0259sna xidm\u0259tl\u0259ri vard\u0131. \u00dcst\u0259lik, h\u0259r ikisi Qolda Meir\u0259 yax\u0131nl\u0131qlar\u0131 il\u0259 se\u00e7ilirdil\u0259r.\n<\/p>\n<p>\n  X komit\u0259si \u0130srailin xarici k\u0259\u015ffiyyat idar\u0259si olan Mossada M\u00fcnhen cinay\u0259tinin ilhamvericisi v\u0259 t\u0259\u015fkilat\u00e7\u0131s\u0131 hesab etdiyi \u015f\u0259xsl\u0259r haqq\u0131nda m\u0259lumat toplama\u011f\u0131 tap\u015f\u0131rd\u0131. B\u00fct\u00fcn toplanan v\u0259 t\u0259hlil edil\u0259n m\u0259lumat X komit\u0259sin\u0259 g\u00f6nd\u0259rilirdi. M\u0259lumat\u0131n b\u0259hs etdiyi adam\u0131n \u00f6ld\u00fcr\u00fcl\u00fcb-\u00f6ld\u00fcr\u00fclm\u0259m\u0259si bar\u0259d\u0259 son q\u0259rar komit\u0259 t\u0259r\u0259find\u0259n verilirdi. &#8220;Tanr\u0131n\u0131n q\u0259z\u0259bi&#8221; ad\u0131n\u0131 alacaq \u0259m\u0259liyyat \u00e7\u0259r\u00e7iv\u0259sind\u0259 haqq\u0131nda \u00f6l\u00fcm h\u00f6km\u00fc \u00e7\u0131xar\u0131r\u0131lan ilk \u015f\u0259xs Abdel Vael Zuayter oldu.\n<\/p>\n<p>\n  ***\n<\/p>\n<p>\n  38 ya\u015fl\u0131 Zuayter FAT-\u0131n Romadak\u0131 n\u00fcmay\u0259nd\u0259si say\u0131l\u0131rd\u0131. O, t\u0259rc\u00fcm\u0259\u00e7i, \u0259d\u0259biyyat\u015f\u00fcnas v\u0259 intellektual biriydi. H\u0259min d\u00f6vrd\u0259 &#8220;Min bir gec\u0259&#8221; na\u011f\u0131llar\u0131n\u0131n italyan dilin\u0259 t\u0259rc\u00fcm\u0259si il\u0259 m\u0259\u015f\u011ful idi. Mossad\u0131n q\u0259na\u0259tin\u0259 g\u00f6r\u0259 , m\u0259hz Zuayter &#8220;Qara sentyabr&#8221; \u00fczvl\u0259rini silahla t\u0259chiz ed\u0259r\u0259k M\u00fcnhen\u0259 yola salm\u0131\u015fd\u0131.\n<\/p>\n<p>\n  Q\u0259tliamdan 40 g\u00fcn sonra, oktyabr\u0131n 16-da Zuayter ax\u015fam saatlar\u0131nda ya\u015fad\u0131\u011f\u0131 binaya daxil olaraq liftin d\u00fcym\u0259sini basd\u0131. Lakin lift a\u015fa\u011f\u0131 d\u00fc\u015f\u0259n\u0259 q\u0259d\u0259r iki n\u0259f\u0259r arxadan ona yax\u0131nla\u015fd\u0131. Onlar &#8220;Siz Vael Zuaytersinizmi?&#8221; sual\u0131na m\u00fcsb\u0259t cavab alandan sonra Beretta markal\u0131 tapan\u00e7alar\u0131n\u0131 \u00e7\u0131xararaq b\u00fct\u00fcn g\u00fcll\u0259l\u0259rini Zuayter\u0259 s\u0131xd\u0131lar. O, d\u0259rhal ke\u00e7indi.\n<\/p>\n<p>\n  M\u00fcnhend\u0259 h\u0259lak olan q\u0131l\u0131ncoynatma m\u0259\u015fq\u00e7isi Andre \u015epitserin xan\u0131m\u0131 Enke xat\u0131rlay\u0131r ki, ert\u0259si g\u00fcn s\u0259h\u0259r onun telefonu z\u0259ng \u00e7ald\u0131 v\u0259 nam\u0259lum \u015f\u0259xs n\u00f6vb\u0259ti x\u0259b\u0259rl\u0259r burax\u0131l\u0131\u015f\u0131n\u0131 dinl\u0259m\u0259yi m\u0259sl\u0259h\u0259t g\u00f6rd\u00fc. X\u0259b\u0259rl\u0259rd\u0259 Romada FAT t\u0259msil\u00e7isinin \u00f6ld\u00fcr\u00fcld\u00fcy\u00fcn\u00fc e\u015fid\u0259n Enke \u015epitser bunun qisas aksiyas\u0131 oldu\u011funu anlay\u0131r.\n<\/p>\n<p>\n  Qolda Meir\u0259 yax\u0131n olan adamlardan birinin xat\u0131rlad\u0131\u011f\u0131na g\u00f6r\u0259, &#8220;Tanr\u0131n\u0131n q\u0259z\u0259bi&#8221; \u0259m\u0259liyyat\u0131 il\u0259 ba\u011fl\u0131 ba\u015f nazir ambivalent hissl\u0259r ke\u00e7irirdi. O, bir t\u0259r\u0259fd\u0259n intiqam t\u0259l\u0259b ed\u0259n ictimai r\u0259yi n\u0259z\u0259r\u0259 al\u0131rd\u0131 v\u0259 m\u00fc\u0259yy\u0259n cavab verilm\u0259sinin z\u0259ruri oldu\u011funu anlay\u0131rd\u0131. Lakin \u0259m\u0259liyyat\u0131n \u00e7ox geni\u015fl\u0259nm\u0259sini ist\u0259mirdi, ba\u015fqa \u00f6lk\u0259l\u0259rin qanunlar\u0131n\u0131n pozulmas\u0131ndan, onun gedi\u015find\u0259 g\u00fcnahs\u0131z insanlar\u0131n \u00f6l\u0259 bil\u0259c\u0259yind\u0259n ehtiyat edirdi. Bu zaman onun t\u0259r\u0259dd\u00fcdl\u0259rin\u0259 son qoyan hadis\u0259 ba\u015f verdi.\n<\/p>\n<p>\n  Oktyabr\u0131n 29-da Q\u0259rbi Almaniyan\u0131n Lufthansa \u015firk\u0259tin\u0259 m\u0259xsus t\u0259yyar\u0259 &#8220;Qara sentyabr&#8221; t\u0259\u015fkilat\u0131n\u0131n iki \u00fczv\u00fc t\u0259r\u0259find\u0259n \u0259l\u0259 ke\u00e7irildi. Onlar\u0131n t\u0259l\u0259bin\u0259 \u0259sas\u0259n M\u00fcnhen h\u00fccumu zaman\u0131 sa\u011f \u0259l\u0259 ke\u00e7\u0259n \u00fc\u00e7 terror\u00e7u Zaqreb aeroportunda t\u0259hvil verildil\u0259r. Bir \u00e7oxu ehtimal edirdi ki, bu hadis\u0259 Q\u0259rbi Almaniya h\u00f6kum\u0259ti il\u0259 raz\u0131la\u015fd\u0131r\u0131lm\u0131\u015fd\u0131.\n<\/p>\n<p>\n  \u00dczvl\u0259rinin azad edilm\u0259si m\u00fcqabilind\u0259 &#8220;Qara sentyabr&#8221; Q\u0259rbi Almaniya \u0259razisinid\u0259, el\u0259c\u0259 d\u0259 onun v\u0259t\u0259nda\u015flar\u0131na v\u0259 t\u0259yyar\u0259l\u0259rin\u0259 qar\u015f\u0131 terror h\u0259yata ke\u00e7irm\u0259m\u0259yi v\u0259d etmi\u015fdi. Dig\u0259r t\u0259r\u0259fd\u0259n, sa\u011f qalan terror\u00e7ular \u00fcz\u0259rind\u0259 m\u0259hk\u0259m\u0259 zaman\u0131 xilasetm\u0259 \u0259m\u0259liyyat\u0131n\u0131n gedi\u015find\u0259 burax\u0131lan biab\u0131r\u00e7\u0131 s\u0259hvl\u0259r a\u015fkara \u00e7\u0131xa bil\u0259rdi., Q\u0259rbi Almaniya h\u00f6kum\u0259ti d\u0259 bunda maraql\u0131 deyildi.\n<\/p>\n<p>\n  Bu hadis\u0259 Qolda Meir\u0259 intiqam aksiyas\u0131 il\u0259 ba\u011fl\u0131 m\u0259n\u0259vi b\u0259ra\u0259t verdi. Ayd\u0131n oldu ki, terror\u00e7ular\u0131n h\u0259bs olunaraq m\u0259hk\u0259m\u0259 qar\u015f\u0131s\u0131na \u00e7\u0131xar\u0131lmas\u0131na \u00fcmid etm\u0259k olmaz. Q\u0259rbi Avropa \u00f6lk\u0259l\u0259ri terror aktlar\u0131 qar\u015f\u0131s\u0131ndak\u0131 qorxular\u0131ndan bunu etm\u0259y\u0259c\u0259kl\u0259r. Sosialist bloku olan \u015e\u0259rqi Avropa, el\u0259c\u0259 d\u0259 \u0259r\u0259b \u00f6lk\u0259l\u0259rind\u0259n is\u0259 bunu he\u00e7 g\u00f6zl\u0259m\u0259y\u0259 d\u0259ym\u0259z.\n<\/p>\n<figure class=\"wp-block-image size-large\">\n  <img decoding=\"async\" src=\"https:\/\/www.meydan.tv\/az\/1973-cu-il-oktyabr-doyuslerinden\/\" alt=\"1973-c\u00fc il Oktyabr d\u00f6y\u00fc\u015fl\u0259rind\u0259n\" class=\"wp-image-111344\"\/><figcaption>\n    1973-c\u00fc il Oktyabr d\u00f6y\u00fc\u015fl\u0259rind\u0259n<br \/>\n  <\/figcaption><\/figure>\n<p>\n  Bel\u0259c\u0259, M\u00fcnhen q\u0259tliam\u0131n\u0131n ilhamvericil\u0259ri v\u0259 t\u0259\u015fkilat\u00e7\u0131lar\u0131n\u0131n s\u0131ras\u0131na Almaniyan\u0131n azad etdiyi 3 i\u015ftirak\u00e7\u0131 da \u0259lav\u0259 edildi. \u00dcst\u0259lik, aksiya intiqamla yana\u015f\u0131, terrora qar\u015f\u0131 \u00f6nl\u0259yici mahiyy\u0259t da\u015f\u0131ma\u011fa ba\u015flad\u0131. Y\u0259ni q\u0259tli m\u00fczakir\u0259y\u0259 \u00e7\u0131xar\u0131lan \u015f\u0259xsin M\u00fcnhen cinay\u0259ti il\u0259 \u0259laq\u0259si m\u00fctl\u0259q deyildi. &#8220;\u018fg\u0259r &#8220;Qara sentyabr&#8221;\u0131n \u00fczv\u00fc d\u00fcn\u0259n terror etm\u0259yibs\u0259, sabah ed\u0259c\u0259k&#8221; &#8211; nam\u0259lum \u0259m\u0259liyyat i\u015ftirak\u00e7\u0131s\u0131 bunu bel\u0259 \u015f\u0259rh edirdi.\n<\/p>\n<p>\n  Q\u0259tl aksiyalar\u0131n\u0131 ad\u0259t\u0259n 15 n\u0259f\u0259rlik qrup h\u0259yata ke\u00e7irirdi. 2 n\u0259f\u0259r bilavasit\u0259 icrac\u0131 idi. 2 n\u0259f\u0259r saxta s\u0259n\u0259dl\u0259rl\u0259 t\u0259min edir, i\u015ftirak\u00e7\u0131lar \u00fc\u00e7\u00fcn yalan\u00e7\u0131 \u0259fsan\u0259l\u0259r haz\u0131rlay\u0131rd\u0131. 2 n\u0259f\u0259r t\u0259\u015fkilati i\u015fl\u0259rl\u0259 m\u0259\u015f\u011ful olurdular: otell\u0259rd\u0259 yer tutr, konspirativ m\u0259nzill\u0259r tap\u0131r, icar\u0259y\u0259 avtomobil g\u00f6t\u00fcr\u00fcrdil\u0259r. 2 n\u0259f\u0259r m\u0259rk\u0259zl\u0259 \u0259laq\u0259y\u0259 cavabdeh idil\u0259r. Yerd\u0259 qalanlar is\u0259 g\u0259l\u0259c\u0259k qurban\u0131 izl\u0259yir, q\u0259tld\u0259n sonra t\u0259xliy\u0259ni t\u0259min edirdil\u0259r. \u018fm\u0259liyyata r\u0259hb\u0259rliyi Mossad\u0131n &#8220;Qeys\u0259riyy\u0259&#8221; d\u0259st\u0259sinin komandiri Mayk Harari h\u0259yata ke\u00e7irirdi.\n<\/p>\n<p>\n  Mossad\u0131n r\u0259hb\u0259ri Zvi Zamirin qar\u015f\u0131s\u0131na yet\u0259rinc\u0259 \u00e7\u0259tin v\u0259zif\u0259 qoyulmu\u015fdu. Bir t\u0259r\u0259fd\u0259n \u0259m\u0259liyyatlar he\u00e7 bir iz burax\u0131lmadan apar\u0131lmal\u0131 idi. Bu q\u0259tll\u0259rd\u0259 \u0130srailin \u0259li oldu\u011funa dair kimins\u0259 s\u00fcbut tapmas\u0131na yol verm\u0259k olmazd\u0131. Dig\u0259r t\u0259r\u0259fd\u0259n, onlar\u0131n m\u0259hz q\u0259tl oldu\u011fu \u015f\u00fcbh\u0259 do\u011furmamal\u0131 idi. Y\u0259ni b\u0259db\u0259xt hadis\u0259 p\u0259rd\u0259si alt\u0131nda \u00f6ld\u00fcrm\u0259k olmazd\u0131.\n<\/p>\n<p>\n  \u00dcst\u0259lik, k\u00fc\u00e7\u0259d\u0259 g\u00fcll\u0259l\u0259y\u0259r\u0259k \u00f6ld\u00fcrm\u0259k o q\u0259d\u0259r d\u0259 t\u0259qdir olunmurdu. Bomba il\u0259 partlatma\u011fa \u00fcst\u00fcnl\u00fck veilm\u0259li idi. Burada psixoloji amil n\u0259z\u0259r\u0259 al\u0131n\u0131rd\u0131. Bir t\u0259r\u0259fd\u0259n bu daha d\u0259h\u015f\u0259tli \u00f6l\u00fcm say\u0131l\u0131rd\u0131. Dig\u0259r t\u0259r\u0259fd\u0259n, d\u00fc\u015fm\u0259nl\u0259r\u0259 g\u00f6st\u0259rm\u0259li idi ki, Mossad\u0131n n\u00fcfuz ed\u0259 bilm\u0259diyi yer yoxdur. \u0130srailin d\u00fc\u015fm\u0259ni avtomobild\u0259, oteld\u0259, evd\u0259, h\u0259tta yataq ota\u011f\u0131nda bel\u0259 \u00f6z\u00fcn\u00fc t\u0259hl\u00fck\u0259siz hiss etm\u0259m\u0259lidir.\n<\/p>\n<p>\n  N\u00f6vb\u0259ti h\u0259d\u0259f FAT-\u0131n Parisd\u0259ki n\u00fcmay\u0259nd\u0259si Mahmud H\u0259m\u015fari oldu. Mossad\u0131n fikrinc\u0259, o, &#8220;Qara sentyabr&#8221;da ikinci \u015f\u0259xs v\u0259 M\u00fcnhen terrorunun koordinatoru idi. H\u0259m\u015fari Parisd\u0259 arvad\u0131 v\u0259 q\u0131z\u0131 il\u0259 birlikd\u0259 ya\u015fay\u0131rd\u0131. M\u00fc\u0259yy\u0259n haz\u0131rl\u0131q i\u015fl\u0259rind\u0259n sonra H\u0259m\u015farinin m\u0259nzilind\u0259ki telefon stolunun alt\u0131na partlay\u0131c\u0131 yerl\u0259\u015fdirildi. Bundan sonra g\u00fcnahs\u0131z qurbanlara yol verm\u0259m\u0259k \u00fc\u00e7\u00fcn H\u0259m\u015farinin ail\u0259sinin evd\u0259 olmad\u0131\u011f\u0131 m\u0259qam\u0131 g\u00f6zl\u0259m\u0259y\u0259 ba\u015flad\u0131lar.\n<\/p>\n<p>\n  Dekabr\u0131n 8-d\u0259 bel\u0259 m\u0259qam yeti\u015fdi. M\u00fc\u015fahid\u0259\u00e7il\u0259r H\u0259m\u015farinin arvad\u0131n\u0131n v\u0259 q\u0131z\u0131n\u0131n evd\u0259n \u00e7\u0131xd\u0131\u011f\u0131n\u0131 x\u0259b\u0259r verdil\u0259r. \u0130\u015ftirak\u00e7\u0131lardan biri H\u0259m\u015farinin ev telefonuna z\u0259ng etdi. H\u0259r ehtimala qar\u015f\u0131 d\u0259st\u0259yi qald\u0131ran \u015f\u0259xsd\u0259n &#8220;c\u0259nab H\u0259m\u015fari il\u0259 dan\u0131\u015f\u0131ram?&#8221; dey\u0259 soru\u015fuldu. M\u00fcsb\u0259t cavabdan sonra bomba partlad\u0131ld\u0131. A\u011f\u0131r yaralanan H\u0259m\u015fari Paris x\u0259st\u0259xanas\u0131nda &#8220;bu Mossad\u0131n i\u015fidir&#8221; dem\u0259y\u0259 imkan taparaq \u00f6ld\u00fc.\n<\/p>\n<p>\n  Kiprd\u0259 m\u0259skunla\u015fan H\u00fcseyn Abd \u0259l-\u015eir FAT-\u0131n sosialist \u00f6lk\u0259l\u0259rinin x\u00fcsusi xidm\u0259t orqanlar\u0131, o c\u00fcml\u0259d\u0259n KQB il\u0259 \u0259laq\u0259l\u0259rin\u0259 cavabdeh idi v\u0259 h\u0259m d\u0259 &#8220;Qara sentyabr&#8221;\u0131n \u00fczv\u00fc idi. O, Nikosiyada qald\u0131\u011f\u0131 otel n\u00f6mr\u0259sind\u0259 \u00e7arpay\u0131n\u0131n alt\u0131na yerl\u0259\u015fdiril\u0259n bomba il\u0259 \u00f6ld\u00fcr\u00fcld\u00fc. Onun bu v\u0259zif\u0259d\u0259 x\u0259l\u0259fi Sayyad Muhasi is\u0259 aprelin 11-d\u0259 Afinada q\u0259tl\u0259 yetirildi. Onun otel n\u00f6mr\u0259sin\u0259 qoyulan bomba partlamad\u0131qda, Mossad\u0131n \u0259m\u0259kda\u015f\u0131 qap\u0131n\u0131 s\u0131nd\u0131r\u0131b \u0259l qumbaras\u0131 ataraq Muhasini \u00f6ld\u00fcrd\u00fc.\n<\/p>\n<p>\n  Muhasid\u0259n 5 g\u00fcn \u00f6nc\u0259 is\u0259 Bazil \u0259l-Kubay\u015fi Parisd\u0259 \u00f6ld\u00fcr\u00fcld\u00fc. O, Avropadak\u0131 &#8220;Qara sentyabr&#8221; \u00fczvl\u0259rinin silahla t\u0259chizat\u0131na cavabdeh idi. Q\u0259bul olunan taktikan\u0131n \u0259ksin\u0259 olaraq, Kubay\u015fini iki n\u0259f\u0259r k\u00fc\u00e7\u0259d\u0259 g\u00fcll\u0259l\u0259di.\n<\/p>\n<p>\n  \u0130yunun 28-d\u0259 is\u0259 &#8220;Qara sentyabr&#8221;\u0131n daha bir \u00f6n\u0259mli \u00fczv\u00fc, qad\u0131nlar aras\u0131nda populyarl\u0131\u011f\u0131na g\u00f6r\u0259 Mossad agentl\u0259rinin &#8220;Mavi saqqal&#8221; adland\u0131rd\u0131qlar\u0131 M\u0259h\u0259mm\u0259d Budia yen\u0259 Parisd\u0259 avtomobili partlad\u0131lmaqla \u00f6ld\u00fcr\u00fcld\u00fc.\n<\/p>\n<p>\n  ***\n<\/p>\n<p>\n  1973-c\u00fc ilin aprelind\u0259 &#8220;Tanr\u0131n\u0131n q\u0259z\u0259bi&#8221; \u0259m\u0259liyyat\u0131na daxil olan, lakin ayr\u0131ca &#8220;G\u0259ncliyin bahar\u0131&#8221; adland\u0131r\u0131lan \u0259lav\u0259 \u0259m\u0259liyyat ke\u00e7irildi. Bu \u0259m\u0259liyyat Livan\u0131n paytaxt\u0131 Beyrutda m\u0259skunla\u015fan v\u0259 FAT r\u0259hb\u0259rliyin\u0259 daxil olan \u015f\u0259xsl\u0259r\u0259 qar\u015f\u0131 planla\u015fd\u0131r\u0131lm\u0131\u015fd\u0131. Onlar M\u0259h\u0259mm\u0259d Yusuf N\u0259c\u0259f, Kamal Advan v\u0259 Kamal Naser idil\u0259r.\n<\/p>\n<p>\n  Mossad onlar haqq\u0131nda b\u00fct\u00fcn m\u0259lumatlar\u0131 toplad\u0131. Harada ya\u015fad\u0131qlar\u0131, m\u00fchafiz\u0259sinin say\u0131, h\u0259tta m\u0259nzill\u0259rinin plan\u0131 bel\u0259 m\u0259lum idi. Lakin h\u0259rbil\u0259\u015fdirilmi\u015f d\u0259st\u0259y\u0259 qar\u015f\u0131 \u0259m\u0259liyyat ke\u00e7irm\u0259k Mossad\u0131n imkanlar\u0131 xaricind\u0259 idi. Bel\u0259 olduqda x\u00fcsusi t\u0259yinatl\u0131lara m\u00fcraci\u0259t etm\u0259k q\u0259rara al\u0131nd\u0131. \u018fm\u0259liyyat\u0131 &#8220;Sayeret Metkal&#8221;, &#8220;\u015eayetet 13&#8221;, &#8220;Tsanxanim&#8221;, &#8220;Naxal&#8221; adl\u0131 d\u0259st\u0259l\u0259rinin kommandoslar\u0131 h\u0259yata ke\u00e7irdil\u0259r.\n<\/p>\n<p>\n  \u0130srailin g\u0259l\u0259c\u0259k ba\u015f naziri, &#8220;Sayeret Metkal&#8221;\u0131n komandiri Ehud Barak\u0131n da daxil oldu\u011fu 30 n\u0259f\u0259rlik qrup aprelin 9-dan 10-a ke\u00e7\u0259n gec\u0259 motorlu rezin qay\u0131qlar vasit\u0259sil\u0259 Beyrut yax\u0131nl\u0131\u011f\u0131nda sahil\u0259 \u00e7\u0131xd\u0131lar. Burada onlar\u0131 icar\u0259y\u0259 g\u00f6t\u00fcrd\u00fckl\u0259ri ma\u015f\u0131nlarda Mossad agentl\u0259ri g\u00f6zl\u0259yirdil\u0259r. Bundan sonra qrup be\u015f hiss\u0259y\u0259 b\u00f6l\u00fcnd\u00fc.\n<\/p>\n<p>\n  Ehud Barak\u0131n r\u0259hb\u0259rlik etdiyi \u0259sas qrup sadalanan \u00fc\u00e7 n\u0259f\u0259rin ya\u015fad\u0131\u011f\u0131 binaya t\u0259r\u0259f istiqam\u0259t ald\u0131. Dig\u0259r qruplar is\u0259 FAT-\u0131n n\u0259zar\u0259tind\u0259 olan b\u0259zi obyektl\u0259ri &#8211; silah zavodu, silah t\u0259miri emalatxanas\u0131, FAT q\u0259rargah\u0131, FAT silahl\u0131lar\u0131n\u0131n ya\u015fad\u0131\u011f\u0131 binan\u0131 &#8211; partlatmal\u0131 idil\u0259r. M\u00fchafiz\u0259\u00e7il\u0259rin diqq\u0259tini yay\u0131nd\u0131rmaq \u00fc\u00e7\u00fcn Barak v\u0259 daha 2 n\u0259f\u0259rin qad\u0131n cildind\u0259 i\u015ftirak etdiyi \u0259m\u0259liyyat b\u00fct\u00fcn h\u0259d\u0259fl\u0259rin\u0259 nail oldu. 3 lider, 20-y\u0259 q\u0259d\u0259r yaraql\u0131 \u00f6ld\u00fcr\u00fcld\u00fc.\n<\/p>\n<p>\n  Lakin g\u00fcnahs\u0131z qurbanlardan qa\u00e7maq bu d\u0259f\u0259 m\u00fcmk\u00fcn olmad\u0131. M\u0259h\u0259mm\u0259d Yusuf N\u0259c\u0259fin italiyal\u0131 arvad\u0131 at\u0131\u015fma zaman\u0131 \u00f6z\u00fcn\u00fc \u0259rinin \u00f6n\u00fcn\u0259 atd\u0131\u011f\u0131ndan h\u0259lak oldu. At\u0131\u015fma s\u0259sin\u0259 g\u0259l\u0259n iki Livan polisi d\u0259 \u00f6ld\u00fcr\u00fcld\u00fc. \u0130srail kommandosu is\u0259 iki n\u0259f\u0259r itirdi.\n<\/p>\n<p>\n  Hadis\u0259 geni\u015f rezonans do\u011furdu. BMT T\u0259hl\u00fck\u0259sizlik \u015euras\u0131 \u0130srailin h\u0259r\u0259k\u0259tl\u0259rini pisl\u0259y\u0259n q\u0259tnam\u0259 q\u0259bul etdi. H\u0259tta Beyrutda bel\u0259 t\u0259hl\u00fck\u0259sizlikd\u0259 olmamalar\u0131n\u0131 anlamaqlar\u0131 FAT s\u0131ralar\u0131nda t\u0259la\u015f yaratd\u0131. T\u0259\u015fkilat r\u0259hb\u0259rliyinin, x\u00fcsus\u0259n Yasir \u018fr\u0259fat\u0131n m\u00fchafiz\u0259si g\u00fccl\u0259ndirildi. Lakin \u0130srail do\u011fura bil\u0259c\u0259yi \u00e7\u0259tinlikl\u0259rd\u0259n dolay\u0131 \u018fr\u0259fat\u0131 \u00f6ld\u00fcrm\u0259yi planlam\u0131rd\u0131.\n<\/p>\n<p>\n  ***\n<\/p>\n<p>\n  &#8220;Tanr\u0131n\u0131n q\u0259z\u0259bi&#8221; \u0259m\u0259liyyat\u0131 ba\u015flayark\u0259n Mossad\u0131n \u0259sas h\u0259d\u0259fl\u0259rind\u0259n biri \u018fli H\u0259s\u0259n Salame idi. 1972-ci ild\u0259 32 ya\u015f\u0131 olan, &#8220;Q\u0131rm\u0131z\u0131 \u015fahzad\u0259&#8221; l\u0259q\u0259bli bu pleyboy \u0130srail v\u0259t\u0259nda\u015flar\u0131na qar\u015f\u0131 bir s\u0131ra terror aktlar\u0131n\u0131n m\u00fc\u0259llifi idi. Bunlar\u0131n s\u0131ras\u0131na M\u00fcnhen q\u0259tliam\u0131ndan savay\u0131 Tel-\u018fvivin Lod aeroportunda 26 n\u0259f\u0259rin \u00f6l\u00fcm\u00fc il\u0259 n\u0259tic\u0259l\u0259n g\u00fcll\u0259baran da daxil idi.\n<\/p>\n<p>\n  1973-c\u00fc ilin yay\u0131nda Mossad Salamenin Norve\u00e7d\u0259 oldu\u011fu bar\u0259d\u0259 informasiya \u0259ld\u0259 etdi. M\u00fcxt\u0259lif s\u0259b\u0259bl\u0259rd\u0259n Skandinaviya daha t\u0259cr\u00fcb\u0259li agentl\u0259rin g\u00f6nd\u0259rilm\u0259si ba\u015f tutmad\u0131. T\u0259cr\u00fcb\u0259siz agentl\u0259r is\u0259 bir s\u0131ra kobud s\u0259hvl\u0259r\u0259 yol verdil\u0259r. Apard\u0131qlar\u0131 m\u00fc\u015fahid\u0259l\u0259r onlar\u0131 Lillehammer \u015f\u0259h\u0259rin\u0259 g\u0259tirdi. \u018fhalisi sar\u0131\u015f\u0131n olan ki\u00e7ik (h\u0259l\u0259 2016-c\u0131 ild\u0259 Lillehammerin \u0259halisi c\u0259mi 27,5 min n\u0259f\u0259r idi) \u015f\u0259h\u0259rd\u0259 bir ne\u00e7\u0259 n\u0259f\u0259r br\u00fcnetin peyda olmas\u0131 d\u0259rhal diqq\u0259t \u00e7\u0259kdi.<br \/>\n  <br \/>\n  Mossad agentl\u0259ri apard\u0131qlar\u0131 m\u00fc\u015fahid\u0259d\u0259n sonra \u018fli H\u0259s\u0259n Salame sayd\u0131qlar\u0131 adam\u0131 iyulun 21-d\u0259 hamil\u0259 arvad\u0131 il\u0259 kinoteatrdan qay\u0131dark\u0259n k\u00fc\u00e7\u0259d\u0259 g\u00fcll\u0259l\u0259dil\u0259r. Halbuki h\u0259min adam he\u00e7 d\u0259 terror\u00e7u deyil, yerli kafel\u0259rin birind\u0259 ofisiant i\u015fl\u0259y\u0259n m\u0259rake\u015fli m\u00fchacir \u018fhm\u0259d Bu\u00e7iki idi. Son 36 il \u0259rzind\u0259 (o c\u00fcml\u0259d\u0259n nasist i\u015f\u011fal\u0131 zaman\u0131) he\u00e7 bir q\u0259tlin ba\u015f verm\u0259diyi Lillehammerin sakinl\u0259ri \u00fc\u00e7\u00fcn bu f\u00f6vq\u0259lad\u0259 hadis\u0259 idi.\n<\/p>\n<p>\n  Qrupun s\u0259hvi t\u0259kc\u0259 yanl\u0131\u015f q\u0259tll\u0259 ba\u011fl\u0131 olmad\u0131. Doqquz n\u0259f\u0259r, o c\u00fcml\u0259d\u0259n bilavasit\u0259 q\u0259tli t\u00f6r\u0259d\u0259n iki n\u0259f\u0259r v\u0259 Mayk Harari Norve\u00e7d\u0259n qa\u00e7a bils\u0259l\u0259r d\u0259, alt\u0131 n\u0259f\u0259r \u00f6zl\u0259rinin h\u0259bs olunmalar\u0131na imkan verdil\u0259r. Bu zaman Mossad\u0131n daha \u00f6nc\u0259 buraxd\u0131\u011f\u0131 kobud s\u0259hvin n\u0259tic\u0259si a\u011f\u0131r oldu. M\u0259lum oldu ki, h\u0259bs edil\u0259n ilk iki n\u0259f\u0259rd\u0259n biri Den Arbel k\u0259skin klaustrofobiyadan (qapal\u0131 v\u0259 ya dar m\u0259kan qorxusu) \u0259ziyy\u0259t \u00e7\u0259kir. T\u0259bii ki, bel\u0259 adam\u0131 x\u00fcsusi xidm\u0259t orqanlar\u0131nda i\u015f\u0259 c\u0259lb etm\u0259k olmazd\u0131.\n<\/p>\n<p>\n  Den Arbel daha geni\u015f v\u0259 p\u0259nc\u0259r\u0259si olan kameraya k\u00f6\u00e7\u00fcr\u00fclm\u0259si m\u00fcqabilind\u0259 bildiyi h\u0259r \u015feyi dan\u0131\u015fd\u0131, o c\u00fcml\u0259d\u0259n daha d\u00f6rd n\u0259f\u0259rin h\u0259bs edilm\u0259sin\u0259 v\u0259sil\u0259 oldu. Yaln\u0131z Silviya Rafael adl\u0131 qad\u0131n agent istisna olmaqla dig\u0259r be\u015f n\u0259f\u0259r Norve\u00e7 polisin\u0259 \u00e7ox \u015fey dan\u0131\u015fd\u0131lar. Bu ifad\u0259l\u0259r, el\u0259c\u0259 d\u0259 onlar\u0131n h\u0259bsi zaman\u0131 \u0259ld\u0259 olunan s\u0259n\u0259dl\u0259r Mossad\u0131n Avropadak\u0131 k\u0259\u015ffiyyat strukturlar\u0131na a\u011f\u0131r z\u0259rb\u0259 vurdu.\n<\/p>\n<p>\n  &#8220;Tanr\u0131n\u0131n q\u0259z\u0259bi&#8221; aksiyas\u0131 ba\u015flayandan b\u0259ri ilk d\u0259f\u0259 d\u00fcnya bu q\u0259tll\u0259rin \u0130srail t\u0259r\u0259find\u0259n t\u00f6r\u0259dildiyin\u0259 dair s\u00fcbutlara yiy\u0259l\u0259ndi. Mossad Avropadak\u0131 strukturlar\u0131n\u0131 dem\u0259k olar ki, tamamil\u0259 burax\u0131b yenid\u0259n yaratmal\u0131 oldu. Beyn\u0259lxalq t\u0259zyiq Qolda Meiri &#8220;Tanr\u0131n\u0131n q\u0259z\u0259bi&#8221; \u0259m\u0259liyyat\u0131n\u0131 dayand\u0131rma\u011fa m\u0259cbur etdi.\n<\/p>\n<p>\n  H\u0259bs olunan 6 n\u0259f\u0259rin he\u00e7 biri q\u0259tlin t\u00f6r\u0259dilm\u0259sind\u0259 bilavasit\u0259 i\u015ftirak etm\u0259dikl\u0259ri \u00fc\u00e7\u00fcn c\u0259zalar\u0131 s\u0259rt olmad\u0131. Bir n\u0259f\u0259r \u00fcmumiyy\u0259tl\u0259 b\u0259ra\u0259t ald\u0131, bir n\u0259f\u0259r 1 il, bir n\u0259f\u0259r 2,5 il, bir n\u0259f\u0259r 5 il, iki n\u0259f\u0259r is\u0259 5,5 il c\u0259za ald\u0131lar. Lakin art\u0131q 1975-ci ild\u0259 ham\u0131s\u0131 azad olunaraq \u0130srail\u0259 deportasiya edildil\u0259r.\n<\/p>\n<p>\n  1996-c\u0131 ild\u0259 \u0130srail h\u00f6kum\u0259ti \u018fhm\u0259d Bu\u00e7ikinin ail\u0259sin\u0259 400 min AB\u015e dollar\u0131 h\u0259cmind\u0259 kompensasiya \u00f6d\u0259m\u0259y\u0259 raz\u0131la\u015fd\u0131. Bunun 282 mini h\u0259yat yolda\u015f\u0131 v\u0259 q\u0131z\u0131na, 118 mini is\u0259 Bu\u00e7ikinin \u00f6nc\u0259ki nikahdan o\u011fluna \u00f6d\u0259nildi. H\u0259m\u00e7inin \u0130srail h\u00f6kum\u0259ti b\u0259yanat ver\u0259r\u0259k \u018fhm\u0259d Bu\u00e7ikinin &#8220;\u015fanss\u0131z&#8221; \u00f6l\u00fcm\u00fcn\u0259 \u00fcz\u00fcld\u00fcy\u00fcn\u00fc bildirdi, lakin \u00fczr ist\u0259m\u0259kd\u0259n imtina etdi.\n<\/p>\n<p>\n  ***\n<\/p>\n<p>\n  Beyn\u0259lxalq ictimaiyy\u0259tin terrora m\u0259nfi m\u00fcnasib\u0259tinin k\u0259skinl\u0259\u015fm\u0259sini n\u0259z\u0259r\u0259 alan FAT 1974-c\u00fc ild\u0259 &#8220;Qara sentyabr&#8221; t\u0259\u015fkilat\u0131n\u0131n burax\u0131ld\u0131\u011f\u0131n\u0131 elan etdi. Lakin Mossad t\u0259\u015fkilat\u0131n h\u0259yatda qalan liderl\u0259ri bar\u0259d\u0259 m\u0259lumat toplamaq c\u0259hdini davam etdirirdi.\n<\/p>\n<p>\n  &#8220;Tanr\u0131n\u0131n&#8221; q\u0259z\u0259bi \u0259m\u0259liyyat\u0131 \u0130srailin yeddinci Ba\u015f naziri Menaxem Beginin g\u00f6st\u0259ri\u015fi il\u0259 1979-cu ilin \u0259vv\u0259lind\u0259, \u018fli H\u0259s\u0259n Salamenin Beyrutda olmas\u0131 bar\u0259d\u0259 m\u0259lumatlar \u0259ld\u0259 edildikd\u0259n sonra yenid\u0259n b\u0259rpa edildi. Bir ne\u00e7\u0259 g\u00fcn onun h\u0259r\u0259k\u0259t trayektoriyas\u0131 \u00f6yr\u0259nildi. N\u0259hay\u0259t, yanvar\u0131n 22-d\u0259 Salame \u00f6z avtomobili il\u0259 h\u0259r\u0259k\u0259td\u0259 olark\u0259n yol k\u0259nar\u0131nda dayanm\u0131\u015f avtomobilin partlay\u0131\u015f\u0131 n\u0259tic\u0259sin \u00f6ld\u00fcr\u00fcld\u00fc. Bu aksiya zaman\u0131 ingilis t\u0259l\u0259b\u0259 v\u0259 frans\u0131z rahib\u0259 olmaqla d\u00f6rd t\u0259sad\u00fcfi \u015f\u0259xs d\u0259 h\u0259lak oldu.\n<\/p>\n<p>\n  \u018fli H\u0259s\u0259n Salamenin q\u0259tlind\u0259n sonra Mossad\u0131n siyah\u0131s\u0131nda &#8220;Qara sentyabr&#8221; t\u0259\u015fkilat\u0131n\u0131n iki lideri qald\u0131 &#8211; \u018fbu \u018fyyad v\u0259 \u018fbu Daud. Lakin onlardan birincisi tezlikl\u0259 siyah\u0131dan \u00e7\u0131xar\u0131ld\u0131. \u00c7\u00fcnki \u018fbu \u018fyyad \u0130sraill\u0259 silahl\u0131 qar\u015f\u0131durman\u0131n perspektivsiz oldu\u011funu, anla\u015fmaq laz\u0131m g\u0259ldiyini t\u0259bli\u011f etm\u0259y\u0259 ba\u015flam\u0131\u015fd\u0131. \u018fv\u0259zind\u0259 daha radikal \u0259r\u0259bl\u0259r \u018fbu \u018fyyad\u0131n bel\u0259 pasifist m\u00f6vqeyini b\u0259y\u0259nm\u0259dil\u0259r. \u018fbu \u018fyyad 1991-ci ild\u0259 ke\u00e7mi\u015f silahda\u015flar\u0131 t\u0259r\u0259find\u0259n \u00f6ld\u00fcr\u00fcld\u00fc.<br \/>\n  <br \/>\n  Mossad sosialist blokuna daxil olan \u00f6lk\u0259l\u0259rin \u0259razisind\u0259 ad\u0259t\u0259n q\u0259tll\u0259r t\u00f6r\u0259tmirdi. Lakin 1981-ci ild\u0259 bir istisnaya yol verildi. Var\u015fava kafel\u0259rinin birind\u0259 oturmu\u015f \u018fbu Dauda nam\u0259lum \u015f\u0259xs be\u015f g\u00fcll\u0259 s\u0131xd\u0131. Lakin \u018fbu Daud sa\u011f qald\u0131 v\u0259 2010-cu ild\u0259 \u00f6z \u0259c\u0259li il\u0259 v\u0259fat etdi.\n<\/p>\n<p>\n  M\u00fcnhen q\u0259tliam\u0131nda bilavasit\u0259 i\u015ftirak ed\u0259n \u00fc\u00e7 terror\u00e7udan Adnan \u0259l-Qa\u015fi 1979-cu ild\u0259, M\u0259h\u0259mm\u0259d Safadi is\u0259 1980-ci ill\u0259rin \u0259vv\u0259ll\u0259rind\u0259 \u00f6ld\u00fcr\u00fcld\u00fcl\u0259r. Onlar\u0131n q\u0259tl detallar\u0131 o q\u0259d\u0259r d\u0259 ayd\u0131n deyil. H\u0259tta ba\u015fqa s\u0259b\u0259bl\u0259rd\u0259n \u00f6ld\u00fckl\u0259rini dey\u0259nl\u0259r d\u0259 var. Bu iddialara g\u00f6r\u0259 Adnan \u0259l-Qa\u015fi \u00fcr\u0259k tutmas\u0131ndan, Safadi is\u0259 Livanda xristian \u0259r\u0259bl\u0259rl\u0259 toqqumada \u00f6lm\u00fc\u015fd\u00fcl\u0259r. Yaln\u0131z bir terror\u00e7unun, Camal \u0259l-Qa\u015finin Afrika \u00f6lk\u0259l\u0259rind\u0259 gizl\u0259n\u0259r\u0259k bu g\u00fcn\u0259 q\u0259d\u0259r sa\u011f qald\u0131\u011f\u0131 g\u00fcman edilir.\n<\/p>\n<p>\n  &#8220;Tanr\u0131n\u0131n q\u0259z\u0259bi&#8221; aksiyas\u0131nda son n\u00f6qt\u0259 1992-ci ild\u0259 qoyuldu. FAT-\u0131n g\u00f6rk\u0259mli \u00fczvl\u0259rind\u0259n Atef Bseyso iyunun 8-d\u0259 Parisd\u0259 g\u00fcll\u0259l\u0259n\u0259r\u0259k \u00f6ld\u00fcr\u00fcld\u00fc. H\u0259min g\u00fcn \u0259m\u0259liyyat\u0131n yekunla\u015fd\u0131\u011f\u0131 tarix say\u0131l\u0131r.\n<\/p>\n<p>\n  ***\n<\/p>\n<p>\n  Tamamil\u0259 g\u00f6zl\u0259nil\u0259ndir ki, &#8220;Tanr\u0131n\u0131n q\u0259z\u0259bi&#8221; aksiyas\u0131na m\u00fcnasib\u0259t he\u00e7 zaman birm\u0259nal\u0131 olmay\u0131b. H\u0259tta M\u00fcnhen qurbanlar\u0131n\u0131n yax\u0131nlar\u0131 bel\u0259 t\u0259r\u0259dd\u00fcd ke\u00e7irirdil\u0259r. Art\u0131q ikinci aksiyadan &#8211; Mahmud H\u0259m\u015farinin q\u0259tlind\u0259n &#8211; sonra Enke \u015epitser ona z\u0259ng edib m\u00fcjd\u0259 ver\u0259n nam\u0259lum adama &#8220;m\u0259n onlar\u0131 m\u00fctt\u0259himl\u0259r k\u00fcrs\u00fcs\u00fcnd\u0259 g\u00f6rm\u0259y\u0259 \u00fcst\u00fcnl\u00fck ver\u0259rdim&#8221; s\u00f6yl\u0259di.\n<\/p>\n<p>\n  T\u0259biidir ki, \u0130srail h\u00f6kum\u0259tinin h\u0259m prokuror, h\u0259m hakim, h\u0259m d\u0259 c\u0259llad funksiyalar\u0131n\u0131 m\u0259nims\u0259m\u0259si normal hal say\u0131la bilm\u0259z. Lakin \u015f\u0259rait d\u0259 normal deyildi. Yuxar\u0131da Q\u0259rbi Almaniyan\u0131n M\u00fcnhen q\u0259tliam\u0131nda i\u015ftirak ed\u0259n \u00fc\u00e7 n\u0259f\u0259ri azad etm\u0259sini xat\u0131rlatd\u0131m. Bu hadis\u0259nin alman h\u00f6kum\u0259tinin terror\u00e7ularla s\u00f6vd\u0259l\u0259\u015fm\u0259sinin n\u0259tic\u0259si olmas\u0131 versiyas\u0131 yet\u0259rinc\u0259 a\u011flabatan g\u00f6r\u00fcn\u00fcr.\n<\/p>\n<p>\n  Avropa \u00f6lk\u0259l\u0259rinin qorxaql\u0131\u011f\u0131n\u0131n ba\u015fqa n\u00fcmun\u0259si d\u0259 vard\u0131. 1977-ci ild\u0259 \u018fbu Daud Parisd\u0259 h\u0259bs olundu. \u0130srail v\u0259 Q\u0259rbi Almaniya onun ekstradisiyas\u0131 bar\u0259d\u0259 Fransaya m\u00fcraci\u0259t etdil\u0259r. Lakin deyil\u0259nl\u0259r\u0259 g\u00f6r\u0259, &#8220;xala x\u0259trin qalmas\u0131n&#8221; dey\u0259 m\u00fcraci\u0259t ed\u0259n almanlar Fransan\u0131n bird\u0259n \u00e7a\u015faraq bu t\u0259l\u0259bi yerin\u0259 yetir\u0259c\u0259yind\u0259n qorxaraq m\u00fcraci\u0259ti qaydalara uy\u011fun haz\u0131rlamam\u0131\u015fd\u0131lar.\n<\/p>\n<p>\n  H\u0259r\u00e7\u0259nd, Paris \u0130srailin normal haz\u0131rlanan t\u0259l\u0259bini d\u0259 yerin\u0259 yetirm\u0259di. F\u0259l\u0259stin t\u0259\u015fkilatlar\u0131 frans\u0131zlar\u0131 terrorla h\u0259d\u0259l\u0259dil\u0259r, \u0259r\u0259b d\u00f6vl\u0259tl\u0259ri Fransa banklar\u0131nda saxlad\u0131qlar\u0131 15 milyard (indiki kursla 60 milyarda yax\u0131n) dollar neft pullar\u0131n\u0131 geri \u00e7\u0259k\u0259c\u0259kl\u0259ri il\u0259 t\u0259hdid etdil\u0259r. N\u0259tic\u0259d\u0259, m\u0259hk\u0259m\u0259 h\u0259bsi zaman\u0131 h\u00fcquqi prosedurlara tam riay\u0259t olunmad\u0131\u011f\u0131 b\u0259han\u0259si il\u0259 \u018fbu Daudu azad etdi.\n<\/p>\n<p>\n  Bu \u00f6rn\u0259kl\u0259r s\u00fcbut edir ki, terror t\u0259\u015fkilat\u00e7\u0131lar\u0131n\u0131 v\u0259 i\u015ftirak\u00e7\u0131lar\u0131n\u0131 tutaraq m\u0259hk\u0259m\u0259y\u0259 \u00e7\u0131xarmaq \u0130srailin imkanlar\u0131 xaricind\u0259 idi. He\u00e7 bir \u00f6lk\u0259 bu i\u015fd\u0259 ona k\u00f6m\u0259k ed\u0259r\u0259k terror h\u0259d\u0259fin\u0259 \u00e7evrilm\u0259k ist\u0259mirdi. Terror\u00e7ular\u0131n \u00f6zl\u0259rinin \u0130srail\u0259 g\u0259l\u0259cyin\u0259 is\u0259 \u00fcmid etm\u0259k olmazd\u0131.\n<\/p>\n<p>\n  Bununla bel\u0259, insanlar\u0131n g\u00fcnah d\u0259r\u0259c\u0259sini t\u0259xmini m\u0259lumatlarla m\u00fc\u0259yy\u0259n ed\u0259r\u0259k q\u0259tl\u0259 yetirilm\u0259l\u0259rin\u0259 d\u0259 s\u0131radan bir hadis\u0259 kimi yana\u015fmaq olmur. Mossad \u0259m\u0259kda\u015flar\u0131ndan biri etiraf edirdi ki, &#8220;haqq\u0131nda m\u0259lumat al\u0131nan \u015f\u0259xsi biz b\u00f6y\u00fcd\u00fcc\u00fc \u015f\u00fc\u015f\u0259 alt\u0131nda yoxlam\u0131rd\u0131q&#8221;. Buna g\u00f6r\u0259 d\u0259 d\u00fc\u015f\u00fcn\u00fcr\u0259m ki, qiym\u0259t verm\u0259yi oxucular\u0131n \u00f6hd\u0259sin\u0259 buraxmaq daha yax\u015f\u0131d\u0131r.\n<\/p>\n<p>\n  \u018fm\u0259liyyat\u0131n intiqam v\u0259 \u00f6nl\u0259yici aksiyalar kimi mahiyy\u0259tind\u0259n k\u0259nara \u00e7\u0131xaraq strateji bax\u0131mdan F\u0259l\u0259stin problemin\u0259 t\u0259siri bar\u0259d\u0259 n\u0259 s\u00f6yl\u0259m\u0259k olar? \u00c7ox g\u00fcman, yet\u0259rinc\u0259 bacar\u0131ql\u0131 (\u0259g\u0259r bel\u0259 dem\u0259k m\u00fcmk\u00fcns\u0259) terror t\u0259\u015fkilat\u00e7\u0131lar\u0131n\u0131n z\u0259r\u0259rsizl\u0259\u015fdirilm\u0259si il\u0259 \u0130srail bir ne\u00e7\u0259 terror akt\u0131n\u0131n qar\u015f\u0131s\u0131n\u0131 ald\u0131 v\u0259 onlarla v\u0259t\u0259nda\u015f\u0131n\u0131n h\u0259yat\u0131n\u0131 xilas etdi.\n<\/p>\n<p>\n  Lakin \u0259m\u0259liyyat\u0131n strateji c\u0259h\u0259td\u0259n F\u0259l\u0259stin probleminin h\u0259llin\u0259 m\u00fcsb\u0259t t\u0259sirind\u0259n dan\u0131\u015fmaq olmaz. Problemin \u00f6z\u00fc h\u0259ll olmad\u0131qca buradan qaynaqlanan terrorizm d\u0259, \u0130srail v\u0259 dig\u0259r \u00f6lk\u0259l\u0259rin v\u0259t\u0259nda\u015flar\u0131n\u0131n h\u0259yat\u0131na t\u0259hdid d\u0259 m\u00f6vcud olacaq.\n<\/p>\n<p>\n  P.S. Kanadal\u0131 jurnalist Corc Conas &#8220;Tanr\u0131n\u0131n q\u0259z\u0259bi&#8221; \u0259m\u0259liyyat\u0131 haqq\u0131nda &#8220;Qisas: \u0130srail \u0259ks-terror v\u0259 ya qisas komandas\u0131n\u0131n \u0259sl tarixi&#8221; adl\u0131 kitab yazd\u0131. 1986-c\u0131 ild\u0259 bu kitab \u0259sas\u0131nda &#8220;Gedeonun q\u0131l\u0131nc\u0131&#8221; televiziya filmi \u00e7\u0259kildi. 2005-ci ild\u0259 Stiven Spilberq h\u0259min \u0259s\u0259ri yenid\u0259n v\u0259 &#8220;M\u00fcnhen&#8221; ad\u0131 il\u0259 ekranla\u015fd\u0131rd\u0131.<\/p>\n","protected":false},"excerpt":{"rendered":"<p>\u0130srail ordusu bombard\u0131man edir, 1973 Bundan \u0259vv\u0259lki m\u0259qal\u0259md\u0259 M\u00fcnhen q\u0259tliam\u0131ndan &#8230; <\/p>\n<p class=\"read-more-container\"><a title=\"&#8221;Tanr\u0131n\u0131n q\u0259z\u0259bi&#8221; \u0259m\u0259liyyat\u0131\" class=\"read-more button\" href=\"https:\/\/www.meydan.tv\/az\/article\/tanrinin-qezebi-emeliyyati\/#more-192195\" aria-label=\"Read more about &#8221;Tanr\u0131n\u0131n q\u0259z\u0259bi&#8221; \u0259m\u0259liyyat\u0131\">Davam\u0131<\/a><\/p>\n","protected":false},"author":11,"featured_media":111341,"comment_status":"closed","ping_status":"open","sticky":false,"template":"","format":"standard","meta":{"_acf_changed":false,"_sitemap_exclude":false,"_sitemap_priority":"","_sitemap_frequency":"","footnotes":""},"categories":[51],"tags":[],"class_list":["post-192195","post","type-post","status-publish","format-standard","has-post-thumbnail","hentry","category-analitika","infinite-scroll-item","generate-columns","tablet-grid-50","mobile-grid-100","grid-parent","grid-33","no-featured-image-padding"],"acf":[],"yoast_head":"<!-- This site is optimized with the Yoast SEO plugin v27.4 - https:\/\/yoast.com\/product\/yoast-seo-wordpress\/ -->\n<title>&#039;&#039;Tanr\u0131n\u0131n q\u0259z\u0259bi&#039;&#039; \u0259m\u0259liyyat\u0131 - MEYDAN.TV<\/title>\n<meta name=\"robots\" content=\"index, follow, max-snippet:-1, max-image-preview:large, max-video-preview:-1\" \/>\n<link rel=\"canonical\" href=\"https:\/\/www.meydan.tv\/az\/article\/tanrinin-qezebi-emeliyyati\/\" \/>\n<meta property=\"og:locale\" content=\"az_AZ\" \/>\n<meta property=\"og:type\" content=\"article\" \/>\n<meta property=\"og:title\" content=\"&#039;&#039;Tanr\u0131n\u0131n q\u0259z\u0259bi&#039;&#039; \u0259m\u0259liyyat\u0131 - MEYDAN.TV\" \/>\n<meta property=\"og:description\" content=\"\u0130srail ordusu bombard\u0131man edir, 1973 Bundan \u0259vv\u0259lki m\u0259qal\u0259md\u0259 M\u00fcnhen q\u0259tliam\u0131ndan ... Davam\u0131\" \/>\n<meta property=\"og:url\" content=\"https:\/\/www.meydan.tv\/az\/article\/tanrinin-qezebi-emeliyyati\/\" \/>\n<meta property=\"og:site_name\" content=\"MEYDAN.TV\" \/>\n<meta property=\"article:published_time\" content=\"2018-10-19T19:34:01+00:00\" \/>\n<meta property=\"og:image\" content=\"https:\/\/www.meydan.tv\/wp-content\/uploads\/44306.jpg\" \/>\n\t<meta property=\"og:image:width\" content=\"1200\" \/>\n\t<meta property=\"og:image:height\" content=\"800\" \/>\n\t<meta property=\"og:image:type\" content=\"image\/jpeg\" \/>\n<meta name=\"author\" content=\"user-manager\" \/>\n<meta name=\"twitter:card\" content=\"summary_large_image\" \/>\n<script type=\"application\/ld+json\" class=\"yoast-schema-graph\">{\"@context\":\"https:\\\/\\\/schema.org\",\"@graph\":[{\"@type\":\"Article\",\"@id\":\"https:\\\/\\\/www.meydan.tv\\\/az\\\/article\\\/tanrinin-qezebi-emeliyyati\\\/#article\",\"isPartOf\":{\"@id\":\"https:\\\/\\\/www.meydan.tv\\\/az\\\/article\\\/tanrinin-qezebi-emeliyyati\\\/\"},\"author\":{\"name\":\"user-manager\",\"@id\":\"https:\\\/\\\/www.meydan.tv\\\/az\\\/#\\\/schema\\\/person\\\/10d11eccf6da3662cf5fdab9806ea91a\"},\"headline\":\"&#8221;Tanr\u0131n\u0131n q\u0259z\u0259bi&#8221; \u0259m\u0259liyyat\u0131\",\"datePublished\":\"2018-10-19T19:34:01+00:00\",\"mainEntityOfPage\":{\"@id\":\"https:\\\/\\\/www.meydan.tv\\\/az\\\/article\\\/tanrinin-qezebi-emeliyyati\\\/\"},\"wordCount\":4192,\"publisher\":{\"@id\":\"https:\\\/\\\/www.meydan.tv\\\/az\\\/#organization\"},\"image\":{\"@id\":\"https:\\\/\\\/www.meydan.tv\\\/az\\\/article\\\/tanrinin-qezebi-emeliyyati\\\/#primaryimage\"},\"thumbnailUrl\":\"https:\\\/\\\/www.meydan.tv\\\/wp-content\\\/uploads\\\/44306.jpg\",\"articleSection\":[\"Analitika\"],\"inLanguage\":\"az\"},{\"@type\":\"WebPage\",\"@id\":\"https:\\\/\\\/www.meydan.tv\\\/az\\\/article\\\/tanrinin-qezebi-emeliyyati\\\/\",\"url\":\"https:\\\/\\\/www.meydan.tv\\\/az\\\/article\\\/tanrinin-qezebi-emeliyyati\\\/\",\"name\":\"''Tanr\u0131n\u0131n q\u0259z\u0259bi'' \u0259m\u0259liyyat\u0131 - MEYDAN.TV\",\"isPartOf\":{\"@id\":\"https:\\\/\\\/www.meydan.tv\\\/az\\\/#website\"},\"primaryImageOfPage\":{\"@id\":\"https:\\\/\\\/www.meydan.tv\\\/az\\\/article\\\/tanrinin-qezebi-emeliyyati\\\/#primaryimage\"},\"image\":{\"@id\":\"https:\\\/\\\/www.meydan.tv\\\/az\\\/article\\\/tanrinin-qezebi-emeliyyati\\\/#primaryimage\"},\"thumbnailUrl\":\"https:\\\/\\\/www.meydan.tv\\\/wp-content\\\/uploads\\\/44306.jpg\",\"datePublished\":\"2018-10-19T19:34:01+00:00\",\"breadcrumb\":{\"@id\":\"https:\\\/\\\/www.meydan.tv\\\/az\\\/article\\\/tanrinin-qezebi-emeliyyati\\\/#breadcrumb\"},\"inLanguage\":\"az\",\"potentialAction\":[{\"@type\":\"ReadAction\",\"target\":[\"https:\\\/\\\/www.meydan.tv\\\/az\\\/article\\\/tanrinin-qezebi-emeliyyati\\\/\"]}]},{\"@type\":\"ImageObject\",\"inLanguage\":\"az\",\"@id\":\"https:\\\/\\\/www.meydan.tv\\\/az\\\/article\\\/tanrinin-qezebi-emeliyyati\\\/#primaryimage\",\"url\":\"https:\\\/\\\/www.meydan.tv\\\/wp-content\\\/uploads\\\/44306.jpg\",\"contentUrl\":\"https:\\\/\\\/www.meydan.tv\\\/wp-content\\\/uploads\\\/44306.jpg\",\"width\":1200,\"height\":800,\"caption\":\"Source:\"},{\"@type\":\"BreadcrumbList\",\"@id\":\"https:\\\/\\\/www.meydan.tv\\\/az\\\/article\\\/tanrinin-qezebi-emeliyyati\\\/#breadcrumb\",\"itemListElement\":[{\"@type\":\"ListItem\",\"position\":1,\"name\":\"Ana s\u0259hif\u0259\",\"item\":\"https:\\\/\\\/www.meydan.tv\\\/az\\\/\"},{\"@type\":\"ListItem\",\"position\":2,\"name\":\"Analitika\",\"item\":\"https:\\\/\\\/www.meydan.tv\\\/az\\\/section\\\/analitika\\\/\"},{\"@type\":\"ListItem\",\"position\":3,\"name\":\"&#8221;Tanr\u0131n\u0131n q\u0259z\u0259bi&#8221; \u0259m\u0259liyyat\u0131\"}]},{\"@type\":\"WebSite\",\"@id\":\"https:\\\/\\\/www.meydan.tv\\\/az\\\/#website\",\"url\":\"https:\\\/\\\/www.meydan.tv\\\/az\\\/\",\"name\":\"MEYDAN.TV\",\"description\":\"Meydan TV Az\u0259rbaycan\u0131n media m\u0259kan\u0131ndak\u0131 alternativ s\u0259sidir\",\"publisher\":{\"@id\":\"https:\\\/\\\/www.meydan.tv\\\/az\\\/#organization\"},\"potentialAction\":[{\"@type\":\"SearchAction\",\"target\":{\"@type\":\"EntryPoint\",\"urlTemplate\":\"https:\\\/\\\/www.meydan.tv\\\/az\\\/?s={search_term_string}\"},\"query-input\":{\"@type\":\"PropertyValueSpecification\",\"valueRequired\":true,\"valueName\":\"search_term_string\"}}],\"inLanguage\":\"az\"},{\"@type\":\"Organization\",\"@id\":\"https:\\\/\\\/www.meydan.tv\\\/az\\\/#organization\",\"name\":\"Meydan TV\",\"url\":\"https:\\\/\\\/www.meydan.tv\\\/az\\\/\",\"logo\":{\"@type\":\"ImageObject\",\"inLanguage\":\"az\",\"@id\":\"https:\\\/\\\/www.meydan.tv\\\/az\\\/#\\\/schema\\\/logo\\\/image\\\/\",\"url\":\"https:\\\/\\\/www.meydan.tv\\\/wp-content\\\/uploads\\\/2021\\\/07\\\/meydan-logo.svg\",\"contentUrl\":\"https:\\\/\\\/www.meydan.tv\\\/wp-content\\\/uploads\\\/2021\\\/07\\\/meydan-logo.svg\",\"width\":195,\"height\":46,\"caption\":\"Meydan TV\"},\"image\":{\"@id\":\"https:\\\/\\\/www.meydan.tv\\\/az\\\/#\\\/schema\\\/logo\\\/image\\\/\"}},{\"@type\":\"Person\",\"@id\":\"https:\\\/\\\/www.meydan.tv\\\/az\\\/#\\\/schema\\\/person\\\/10d11eccf6da3662cf5fdab9806ea91a\",\"name\":\"user-manager\"}]}<\/script>\n<!-- \/ Yoast SEO plugin. -->","yoast_head_json":{"title":"''Tanr\u0131n\u0131n q\u0259z\u0259bi'' \u0259m\u0259liyyat\u0131 - MEYDAN.TV","robots":{"index":"index","follow":"follow","max-snippet":"max-snippet:-1","max-image-preview":"max-image-preview:large","max-video-preview":"max-video-preview:-1"},"canonical":"https:\/\/www.meydan.tv\/az\/article\/tanrinin-qezebi-emeliyyati\/","og_locale":"az_AZ","og_type":"article","og_title":"''Tanr\u0131n\u0131n q\u0259z\u0259bi'' \u0259m\u0259liyyat\u0131 - MEYDAN.TV","og_description":"\u0130srail ordusu bombard\u0131man edir, 1973 Bundan \u0259vv\u0259lki m\u0259qal\u0259md\u0259 M\u00fcnhen q\u0259tliam\u0131ndan ... Davam\u0131","og_url":"https:\/\/www.meydan.tv\/az\/article\/tanrinin-qezebi-emeliyyati\/","og_site_name":"MEYDAN.TV","article_published_time":"2018-10-19T19:34:01+00:00","og_image":[{"width":1200,"height":800,"url":"https:\/\/www.meydan.tv\/wp-content\/uploads\/44306.jpg","type":"image\/jpeg"}],"author":"user-manager","twitter_card":"summary_large_image","schema":{"@context":"https:\/\/schema.org","@graph":[{"@type":"Article","@id":"https:\/\/www.meydan.tv\/az\/article\/tanrinin-qezebi-emeliyyati\/#article","isPartOf":{"@id":"https:\/\/www.meydan.tv\/az\/article\/tanrinin-qezebi-emeliyyati\/"},"author":{"name":"user-manager","@id":"https:\/\/www.meydan.tv\/az\/#\/schema\/person\/10d11eccf6da3662cf5fdab9806ea91a"},"headline":"&#8221;Tanr\u0131n\u0131n q\u0259z\u0259bi&#8221; \u0259m\u0259liyyat\u0131","datePublished":"2018-10-19T19:34:01+00:00","mainEntityOfPage":{"@id":"https:\/\/www.meydan.tv\/az\/article\/tanrinin-qezebi-emeliyyati\/"},"wordCount":4192,"publisher":{"@id":"https:\/\/www.meydan.tv\/az\/#organization"},"image":{"@id":"https:\/\/www.meydan.tv\/az\/article\/tanrinin-qezebi-emeliyyati\/#primaryimage"},"thumbnailUrl":"https:\/\/www.meydan.tv\/wp-content\/uploads\/44306.jpg","articleSection":["Analitika"],"inLanguage":"az"},{"@type":"WebPage","@id":"https:\/\/www.meydan.tv\/az\/article\/tanrinin-qezebi-emeliyyati\/","url":"https:\/\/www.meydan.tv\/az\/article\/tanrinin-qezebi-emeliyyati\/","name":"''Tanr\u0131n\u0131n q\u0259z\u0259bi'' \u0259m\u0259liyyat\u0131 - MEYDAN.TV","isPartOf":{"@id":"https:\/\/www.meydan.tv\/az\/#website"},"primaryImageOfPage":{"@id":"https:\/\/www.meydan.tv\/az\/article\/tanrinin-qezebi-emeliyyati\/#primaryimage"},"image":{"@id":"https:\/\/www.meydan.tv\/az\/article\/tanrinin-qezebi-emeliyyati\/#primaryimage"},"thumbnailUrl":"https:\/\/www.meydan.tv\/wp-content\/uploads\/44306.jpg","datePublished":"2018-10-19T19:34:01+00:00","breadcrumb":{"@id":"https:\/\/www.meydan.tv\/az\/article\/tanrinin-qezebi-emeliyyati\/#breadcrumb"},"inLanguage":"az","potentialAction":[{"@type":"ReadAction","target":["https:\/\/www.meydan.tv\/az\/article\/tanrinin-qezebi-emeliyyati\/"]}]},{"@type":"ImageObject","inLanguage":"az","@id":"https:\/\/www.meydan.tv\/az\/article\/tanrinin-qezebi-emeliyyati\/#primaryimage","url":"https:\/\/www.meydan.tv\/wp-content\/uploads\/44306.jpg","contentUrl":"https:\/\/www.meydan.tv\/wp-content\/uploads\/44306.jpg","width":1200,"height":800,"caption":"Source:"},{"@type":"BreadcrumbList","@id":"https:\/\/www.meydan.tv\/az\/article\/tanrinin-qezebi-emeliyyati\/#breadcrumb","itemListElement":[{"@type":"ListItem","position":1,"name":"Ana s\u0259hif\u0259","item":"https:\/\/www.meydan.tv\/az\/"},{"@type":"ListItem","position":2,"name":"Analitika","item":"https:\/\/www.meydan.tv\/az\/section\/analitika\/"},{"@type":"ListItem","position":3,"name":"&#8221;Tanr\u0131n\u0131n q\u0259z\u0259bi&#8221; \u0259m\u0259liyyat\u0131"}]},{"@type":"WebSite","@id":"https:\/\/www.meydan.tv\/az\/#website","url":"https:\/\/www.meydan.tv\/az\/","name":"MEYDAN.TV","description":"Meydan TV Az\u0259rbaycan\u0131n media m\u0259kan\u0131ndak\u0131 alternativ s\u0259sidir","publisher":{"@id":"https:\/\/www.meydan.tv\/az\/#organization"},"potentialAction":[{"@type":"SearchAction","target":{"@type":"EntryPoint","urlTemplate":"https:\/\/www.meydan.tv\/az\/?s={search_term_string}"},"query-input":{"@type":"PropertyValueSpecification","valueRequired":true,"valueName":"search_term_string"}}],"inLanguage":"az"},{"@type":"Organization","@id":"https:\/\/www.meydan.tv\/az\/#organization","name":"Meydan TV","url":"https:\/\/www.meydan.tv\/az\/","logo":{"@type":"ImageObject","inLanguage":"az","@id":"https:\/\/www.meydan.tv\/az\/#\/schema\/logo\/image\/","url":"https:\/\/www.meydan.tv\/wp-content\/uploads\/2021\/07\/meydan-logo.svg","contentUrl":"https:\/\/www.meydan.tv\/wp-content\/uploads\/2021\/07\/meydan-logo.svg","width":195,"height":46,"caption":"Meydan TV"},"image":{"@id":"https:\/\/www.meydan.tv\/az\/#\/schema\/logo\/image\/"}},{"@type":"Person","@id":"https:\/\/www.meydan.tv\/az\/#\/schema\/person\/10d11eccf6da3662cf5fdab9806ea91a","name":"user-manager"}]}},"_links":{"self":[{"href":"https:\/\/www.meydan.tv\/az\/wp-json\/wp\/v2\/posts\/192195","targetHints":{"allow":["GET"]}}],"collection":[{"href":"https:\/\/www.meydan.tv\/az\/wp-json\/wp\/v2\/posts"}],"about":[{"href":"https:\/\/www.meydan.tv\/az\/wp-json\/wp\/v2\/types\/post"}],"author":[{"embeddable":true,"href":"https:\/\/www.meydan.tv\/az\/wp-json\/wp\/v2\/users\/11"}],"replies":[{"embeddable":true,"href":"https:\/\/www.meydan.tv\/az\/wp-json\/wp\/v2\/comments?post=192195"}],"version-history":[{"count":0,"href":"https:\/\/www.meydan.tv\/az\/wp-json\/wp\/v2\/posts\/192195\/revisions"}],"wp:featuredmedia":[{"embeddable":true,"href":"https:\/\/www.meydan.tv\/az\/wp-json\/wp\/v2\/media\/111341"}],"wp:attachment":[{"href":"https:\/\/www.meydan.tv\/az\/wp-json\/wp\/v2\/media?parent=192195"}],"wp:term":[{"taxonomy":"category","embeddable":true,"href":"https:\/\/www.meydan.tv\/az\/wp-json\/wp\/v2\/categories?post=192195"},{"taxonomy":"post_tag","embeddable":true,"href":"https:\/\/www.meydan.tv\/az\/wp-json\/wp\/v2\/tags?post=192195"}],"curies":[{"name":"wp","href":"https:\/\/api.w.org\/{rel}","templated":true}]}}