{"id":192193,"date":"2018-10-19T19:14:04","date_gmt":"2018-10-19T19:14:04","guid":{"rendered":"https:\/\/www.meydan.tv\/article\/ismayilli-sakini-nemislikden-catlamis-evde-sekseke-icinde-yasayiriq\/"},"modified":"2018-10-19T19:14:04","modified_gmt":"2018-10-19T19:14:04","slug":"ismayilli-sakini-nemislikden-catlamis-evde-sekseke-icinde-yasayiriq","status":"publish","type":"post","link":"https:\/\/www.meydan.tv\/az\/article\/ismayilli-sakini-nemislikden-catlamis-evde-sekseke-icinde-yasayiriq\/","title":{"rendered":"\u0130smay\u0131ll\u0131 sakini: N\u0259mi\u015flikd\u0259n \u00e7atlam\u0131\u015f evd\u0259 s\u0259ks\u0259k\u0259 i\u00e7ind\u0259 ya\u015fay\u0131r\u0131q"},"content":{"rendered":"<figure class=\"wp-block-image size-large\">\n  <img decoding=\"async\" src=\"https:\/\/www.meydan.tv\/az\/gunel-abbasova\/\" alt=\"G\u00fcnel Abbasova\" class=\"wp-image-111326\"\/><figcaption>\n    G\u00fcnel Abbasova<br \/>\n  <\/figcaption><\/figure>\n<p>\n  <i><br \/>\n    &#8221;1200 manat bizim \u00fc\u00e7\u00fcn b\u00f6y\u00fck m\u0259bl\u0259\u011fdir&#8221;<br \/>\n  <\/i>\n<\/p>\n<p>\n  &#8220;Dolan\u0131\u015f\u0131q yoxdur, ac\u0131ndan q\u0131r\u0131l\u0131b-bat\u0131r\u0131q. \u0130\u015f d\u0259 yoxdur ki, i\u015fl\u0259yib, ail\u0259mizi doland\u0131raq. X\u0259st\u0259likl\u0259r bir yandan, pulsuzluq da o biri yandan bizi yaman g\u00fcn\u0259 qoyub. X\u0259st\u0259l\u0259nirs\u0259n, h\u0259kim\u0259 getm\u0259y\u0259 pul da tapm\u0131rsan. M\u0259nd\u0259 olmayan d\u0259rd yoxdur&#8221;.\n<\/p>\n<p>\n  Bunu Meydan TV-y\u0259 Ismay\u0131ll\u0131 rayonu, G\u00f6yt\u0259p\u0259 k\u0259nd sakini 35 ya\u015fl\u0131 sakini G\u00fcnel Abbasova deyir. O, h\u0259m evsizlik, h\u0259m d\u0259 i\u015fsizlikd\u0259n \u015fikay\u0259t edir:\n<\/p>\n<p>\n  &#8220;Ba\u015f\u0131m\u0131 sal\u0131b, alt\u0131na girm\u0259y\u0259 bir dam\u0131m yoxdur. H\u0259yat yolda\u015f\u0131m\u0131n \u0259misi o\u011flu uzun ill\u0259rdir Ukraynaya k\u00f6\u00e7\u00fcb, orada ya\u015fay\u0131r. Onun G\u00f6yt\u0259p\u0259 k\u0259ndind\u0259ki u\u00e7uq-s\u00f6k\u00fck evind\u0259 m\u0259skunla\u015fm\u0131\u015f\u0131q. Ev d\u0259 k\u00f6hn\u0259dir, n\u0259mi\u015flikd\u0259n \u00e7\u00fcr\u00fcy\u00fcb-t\u00f6k\u00fcl\u00fcb. \u00c7atlay\u0131b, s\u0259ks\u0259k\u0259 i\u00e7ind\u0259yik ki, ba\u015f\u0131m\u0131za u\u00e7ub, t\u00f6k\u00fcl\u0259c\u0259k. 3 u\u015faqla \u00f6zg\u0259 evind\u0259 ya\u015fay\u0131ram. H\u0259yat yolda\u015f\u0131m Neman Baratov f\u0259hl\u0259 i\u015fl\u0259yir. Bir az Bak\u0131da ya\u015fad\u0131q. Yolda\u015f\u0131m\u0131n qazand\u0131\u011f\u0131n\u0131 kiray\u0259l\u0259r\u0259 verirdik dey\u0259 m\u0259cbur olub \u0130smay\u0131llya qay\u0131td\u0131q. Burada da i\u015f tapmaq olmur, dolan\u0131\u015f\u0131\u011f\u0131m\u0131z \u00e7ox \u00e7\u0259tindir. K\u0259nd yerind\u0259 n\u0259 i\u015f olsun ki? Mal-qaram\u0131z, torpa\u011f\u0131m\u0131z yoxdur&#8221;.\n<\/p>\n<figure class=\"wp-block-image size-large\">\n  <img decoding=\"async\" src=\"https:\/\/www.meydan.tv\/az\/111332\/\" alt=\"\" class=\"wp-image-111332\"\/><figcaption><\/figcaption><\/figure>\n<p>\n  G.Abbasova Birinci vitse-prezident Mehriban \u018fliyevaya m\u0259ktub yaz\u0131b. \u015eikay\u0259tin\u0259 cavab\u0131 \u0130smay\u0131ll\u0131 Rayon \u0130cra Hakimiyy\u0259tin\u0259 y\u00f6nl\u0259ndiribl\u0259r:\n<\/p>\n<p>\n  &#8220;Oradan bizi \u00e7a\u011f\u0131rd\u0131lar. Torpaq ist\u0259diyimizi \u00f6yr\u0259nib, \u0130smay\u0131ll\u0131 B\u0259l\u0259diyy\u0259sin\u0259 y\u00f6nl\u0259ndirdil\u0259r. B\u0259l\u0259diyy\u0259 d\u0259 6 sot torpaq \u00fc\u00e7\u00fcn bizd\u0259n 1200 manat pul ist\u0259yir. Bu pul bizim \u00fc\u00e7\u00fcn b\u00f6y\u00fck m\u0259bl\u0259\u011fdir. \u0130mkan\u0131m\u0131z yoxdur, torpaq almaq \u00fc\u00e7\u00fcn hans\u0131sa g\u00fcz\u0259\u015ftl\u0259rin olunmas\u0131n\u0131 ist\u0259yirik. S\u0259hh\u0259timd\u0259 \u00e7ox problemim var. Limfa d\u00fcy\u00fcnl\u0259rim\u0259 g\u00f6r\u0259 Milli Onkologiyada m\u00fcalic\u0259 alm\u0131\u015fam. O\u011flumda astma x\u0259st\u0259liyi var, a\u011f\u0131r formadad\u0131r. Bizi anamgil doland\u0131r\u0131r. Bir d\u0259 g\u00f6zd\u0259n \u0259lil xalam, ald\u0131\u011f\u0131 m\u00fcavin\u0259tl\u0259 biz\u0259 k\u00f6m\u0259k edir&#8221;, &#8211; G.Abbasova deyir.\n<\/p>\n<figure class=\"wp-block-image size-large\">\n  <img decoding=\"async\" src=\"https:\/\/www.meydan.tv\/az\/111329\/\" alt=\"\" class=\"wp-image-111329\"\/><figcaption><\/figcaption><\/figure>\n<p>\n  \u201cB\u0259l\u0259diyy\u0259l\u0259rin f\u0259aliyy\u0259tinin t\u0259bli\u011fi\u201d \u0130ctimai Birliyinin s\u0259dri V\u00fcqar Tofiqli m\u0259s\u0259l\u0259 il\u0259 ba\u011fl\u0131 Meydan TV-y\u0259 dan\u0131\u015fark\u0259n, &#8220;\u0130smay\u0131ll\u0131 kimi yerd\u0259 1200 manat 6 sot \u00fc\u00e7\u00fcn m\u00fcft\u0259dir&#8221; &#8211; deyib:\n<\/p>\n<p>\n  &#8220;T\u0259xmini hesablamama g\u00f6r\u0259, h\u0259min ail\u0259y\u0259 g\u00fcz\u0259\u015ft olunub. Y\u0259ni qiym\u0259t k\u0259skin f\u0259rql\u0259nir. B\u0259l\u0259diyy\u0259 torpaqlar\u0131 m\u00fc\u0259yy\u0259n imtiyazlar\u0131 olan ail\u0259l\u0259r\u0259 g\u00fcz\u0259\u015ftli \u015f\u0259rtl\u0259tl\u0259 verilir. Bura \u015f\u0259hid, milli q\u0259hr\u0259man ail\u0259l\u0259ri daxildir. \u00c7ox nadir hallarda vergi y\u0131\u011f\u0131m\u0131nda g\u00fcz\u0259\u015ft oluna bil\u0131r. Bir d\u0259 azt\u0259minatl\u0131 ail\u0259l\u0259r\u0259 yard\u0131m m\u0259qs\u0259dil\u0259 m\u00fc\u0259yy\u0259n add\u0131mlar at\u0131la bil\u0259r&#8221;.\n<\/p>\n<figure class=\"wp-block-image size-large\">\n  <img decoding=\"async\" src=\"https:\/\/www.meydan.tv\/az\/111335\/\" alt=\"\" class=\"wp-image-111335\"\/><figcaption><\/figcaption><\/figure>\n<p>\n  \u0130smay\u0131ll\u0131 Rayon \u0130H-nin s\u0259n\u0259dl\u0259rl\u0259 v\u0259 v\u0259t\u0259nda\u015flar\u0131n m\u00fcraci\u0259tl\u0259ri il\u0259 i\u015f \u015f\u00f6b\u0259sinin m\u00fcdiri Nazim S\u0259f\u0259rov Meydan TV \u0259m\u0259kda\u015f\u0131 il\u0259 s\u00f6hb\u0259tind\u0259 &#8220;Qaraba\u011f \u0259lill\u0259rin\u0259, ya torpaq, ya da ev g\u00fcz\u0259\u015ftli \u015f\u0259rtl\u0259rl\u0259 verilir. Dig\u0259r ail\u0259l\u0259r\u0259 havay\u0131 torpaq verilmir&#8221;-deyib.\n<\/p>\n<p>\n  \u0130smay\u0131ll\u0131 B\u0259l\u0259diyy\u0259sind\u0259n is\u0259 Meydan TV-y\u0259 bildirilib ki, haz\u0131rda rayon r\u0259hb\u0259rliyi \u015f\u0259h\u0259r \u0259razisind\u0259dir:\n<\/p>\n<p>\n  &#8220;Ona g\u00f6r\u0259 d\u0259 suallar\u0131n\u0131z\u0131 cavabland\u0131ra bilm\u0259y\u0259c\u0259kl\u0259r&#8221;.\n<\/p><\/p>\n","protected":false},"excerpt":{"rendered":"<p>&#8221;1200 manat bizim \u00fc\u00e7\u00fcn b\u00f6y\u00fck m\u0259bl\u0259\u011fdir&#8221;<\/p>\n","protected":false},"author":11,"featured_media":111326,"comment_status":"closed","ping_status":"open","sticky":false,"template":"","format":"standard","meta":{"_acf_changed":false,"_sitemap_exclude":false,"_sitemap_priority":"","_sitemap_frequency":"","footnotes":""},"categories":[60],"tags":[],"class_list":["post-192193","post","type-post","status-publish","format-standard","has-post-thumbnail","hentry","category-bolge","infinite-scroll-item","generate-columns","tablet-grid-50","mobile-grid-100","grid-parent","grid-33","no-featured-image-padding"],"acf":[],"yoast_head":"<!-- This site is optimized with the Yoast SEO plugin v27.4 - https:\/\/yoast.com\/product\/yoast-seo-wordpress\/ -->\n<title>\u0130smay\u0131ll\u0131 sakini: N\u0259mi\u015flikd\u0259n \u00e7atlam\u0131\u015f evd\u0259 s\u0259ks\u0259k\u0259 i\u00e7ind\u0259 ya\u015fay\u0131r\u0131q - MEYDAN.TV<\/title>\n<meta name=\"robots\" content=\"index, follow, max-snippet:-1, max-image-preview:large, max-video-preview:-1\" \/>\n<link rel=\"canonical\" href=\"https:\/\/www.meydan.tv\/az\/article\/ismayilli-sakini-nemislikden-catlamis-evde-sekseke-icinde-yasayiriq\/\" \/>\n<meta property=\"og:locale\" content=\"az_AZ\" \/>\n<meta property=\"og:type\" content=\"article\" \/>\n<meta property=\"og:title\" content=\"\u0130smay\u0131ll\u0131 sakini: N\u0259mi\u015flikd\u0259n \u00e7atlam\u0131\u015f evd\u0259 s\u0259ks\u0259k\u0259 i\u00e7ind\u0259 ya\u015fay\u0131r\u0131q - MEYDAN.TV\" \/>\n<meta property=\"og:description\" content=\"&#039;&#039;1200 manat bizim \u00fc\u00e7\u00fcn b\u00f6y\u00fck m\u0259bl\u0259\u011fdir&#039;&#039;\" \/>\n<meta property=\"og:url\" content=\"https:\/\/www.meydan.tv\/az\/article\/ismayilli-sakini-nemislikden-catlamis-evde-sekseke-icinde-yasayiriq\/\" \/>\n<meta property=\"og:site_name\" content=\"MEYDAN.TV\" \/>\n<meta property=\"article:published_time\" content=\"2018-10-19T19:14:04+00:00\" \/>\n<meta property=\"og:image\" content=\"https:\/\/www.meydan.tv\/wp-content\/uploads\/44301.jpg\" \/>\n\t<meta property=\"og:image:width\" content=\"960\" \/>\n\t<meta property=\"og:image:height\" content=\"720\" \/>\n\t<meta property=\"og:image:type\" content=\"image\/jpeg\" \/>\n<meta name=\"author\" content=\"user-manager\" \/>\n<meta name=\"twitter:card\" content=\"summary_large_image\" \/>\n<script type=\"application\/ld+json\" class=\"yoast-schema-graph\">{\"@context\":\"https:\\\/\\\/schema.org\",\"@graph\":[{\"@type\":\"Article\",\"@id\":\"https:\\\/\\\/www.meydan.tv\\\/az\\\/article\\\/ismayilli-sakini-nemislikden-catlamis-evde-sekseke-icinde-yasayiriq\\\/#article\",\"isPartOf\":{\"@id\":\"https:\\\/\\\/www.meydan.tv\\\/az\\\/article\\\/ismayilli-sakini-nemislikden-catlamis-evde-sekseke-icinde-yasayiriq\\\/\"},\"author\":{\"name\":\"user-manager\",\"@id\":\"https:\\\/\\\/www.meydan.tv\\\/az\\\/#\\\/schema\\\/person\\\/10d11eccf6da3662cf5fdab9806ea91a\"},\"headline\":\"\u0130smay\u0131ll\u0131 sakini: N\u0259mi\u015flikd\u0259n \u00e7atlam\u0131\u015f evd\u0259 s\u0259ks\u0259k\u0259 i\u00e7ind\u0259 ya\u015fay\u0131r\u0131q\",\"datePublished\":\"2018-10-19T19:14:04+00:00\",\"mainEntityOfPage\":{\"@id\":\"https:\\\/\\\/www.meydan.tv\\\/az\\\/article\\\/ismayilli-sakini-nemislikden-catlamis-evde-sekseke-icinde-yasayiriq\\\/\"},\"wordCount\":622,\"publisher\":{\"@id\":\"https:\\\/\\\/www.meydan.tv\\\/az\\\/#organization\"},\"image\":{\"@id\":\"https:\\\/\\\/www.meydan.tv\\\/az\\\/article\\\/ismayilli-sakini-nemislikden-catlamis-evde-sekseke-icinde-yasayiriq\\\/#primaryimage\"},\"thumbnailUrl\":\"https:\\\/\\\/www.meydan.tv\\\/wp-content\\\/uploads\\\/44301.jpg\",\"articleSection\":[\"B\u00f6lg\u0259\"],\"inLanguage\":\"az\"},{\"@type\":\"WebPage\",\"@id\":\"https:\\\/\\\/www.meydan.tv\\\/az\\\/article\\\/ismayilli-sakini-nemislikden-catlamis-evde-sekseke-icinde-yasayiriq\\\/\",\"url\":\"https:\\\/\\\/www.meydan.tv\\\/az\\\/article\\\/ismayilli-sakini-nemislikden-catlamis-evde-sekseke-icinde-yasayiriq\\\/\",\"name\":\"\u0130smay\u0131ll\u0131 sakini: N\u0259mi\u015flikd\u0259n \u00e7atlam\u0131\u015f evd\u0259 s\u0259ks\u0259k\u0259 i\u00e7ind\u0259 ya\u015fay\u0131r\u0131q - MEYDAN.TV\",\"isPartOf\":{\"@id\":\"https:\\\/\\\/www.meydan.tv\\\/az\\\/#website\"},\"primaryImageOfPage\":{\"@id\":\"https:\\\/\\\/www.meydan.tv\\\/az\\\/article\\\/ismayilli-sakini-nemislikden-catlamis-evde-sekseke-icinde-yasayiriq\\\/#primaryimage\"},\"image\":{\"@id\":\"https:\\\/\\\/www.meydan.tv\\\/az\\\/article\\\/ismayilli-sakini-nemislikden-catlamis-evde-sekseke-icinde-yasayiriq\\\/#primaryimage\"},\"thumbnailUrl\":\"https:\\\/\\\/www.meydan.tv\\\/wp-content\\\/uploads\\\/44301.jpg\",\"datePublished\":\"2018-10-19T19:14:04+00:00\",\"breadcrumb\":{\"@id\":\"https:\\\/\\\/www.meydan.tv\\\/az\\\/article\\\/ismayilli-sakini-nemislikden-catlamis-evde-sekseke-icinde-yasayiriq\\\/#breadcrumb\"},\"inLanguage\":\"az\",\"potentialAction\":[{\"@type\":\"ReadAction\",\"target\":[\"https:\\\/\\\/www.meydan.tv\\\/az\\\/article\\\/ismayilli-sakini-nemislikden-catlamis-evde-sekseke-icinde-yasayiriq\\\/\"]}]},{\"@type\":\"ImageObject\",\"inLanguage\":\"az\",\"@id\":\"https:\\\/\\\/www.meydan.tv\\\/az\\\/article\\\/ismayilli-sakini-nemislikden-catlamis-evde-sekseke-icinde-yasayiriq\\\/#primaryimage\",\"url\":\"https:\\\/\\\/www.meydan.tv\\\/wp-content\\\/uploads\\\/44301.jpg\",\"contentUrl\":\"https:\\\/\\\/www.meydan.tv\\\/wp-content\\\/uploads\\\/44301.jpg\",\"width\":960,\"height\":720,\"caption\":\"Source:\"},{\"@type\":\"BreadcrumbList\",\"@id\":\"https:\\\/\\\/www.meydan.tv\\\/az\\\/article\\\/ismayilli-sakini-nemislikden-catlamis-evde-sekseke-icinde-yasayiriq\\\/#breadcrumb\",\"itemListElement\":[{\"@type\":\"ListItem\",\"position\":1,\"name\":\"Ana s\u0259hif\u0259\",\"item\":\"https:\\\/\\\/www.meydan.tv\\\/az\\\/\"},{\"@type\":\"ListItem\",\"position\":2,\"name\":\"B\u00f6lg\u0259\",\"item\":\"https:\\\/\\\/www.meydan.tv\\\/az\\\/section\\\/bolge\\\/\"},{\"@type\":\"ListItem\",\"position\":3,\"name\":\"\u0130smay\u0131ll\u0131 sakini: N\u0259mi\u015flikd\u0259n \u00e7atlam\u0131\u015f evd\u0259 s\u0259ks\u0259k\u0259 i\u00e7ind\u0259 ya\u015fay\u0131r\u0131q\"}]},{\"@type\":\"WebSite\",\"@id\":\"https:\\\/\\\/www.meydan.tv\\\/az\\\/#website\",\"url\":\"https:\\\/\\\/www.meydan.tv\\\/az\\\/\",\"name\":\"MEYDAN.TV\",\"description\":\"Meydan TV Az\u0259rbaycan\u0131n media m\u0259kan\u0131ndak\u0131 alternativ s\u0259sidir\",\"publisher\":{\"@id\":\"https:\\\/\\\/www.meydan.tv\\\/az\\\/#organization\"},\"potentialAction\":[{\"@type\":\"SearchAction\",\"target\":{\"@type\":\"EntryPoint\",\"urlTemplate\":\"https:\\\/\\\/www.meydan.tv\\\/az\\\/?s={search_term_string}\"},\"query-input\":{\"@type\":\"PropertyValueSpecification\",\"valueRequired\":true,\"valueName\":\"search_term_string\"}}],\"inLanguage\":\"az\"},{\"@type\":\"Organization\",\"@id\":\"https:\\\/\\\/www.meydan.tv\\\/az\\\/#organization\",\"name\":\"Meydan TV\",\"url\":\"https:\\\/\\\/www.meydan.tv\\\/az\\\/\",\"logo\":{\"@type\":\"ImageObject\",\"inLanguage\":\"az\",\"@id\":\"https:\\\/\\\/www.meydan.tv\\\/az\\\/#\\\/schema\\\/logo\\\/image\\\/\",\"url\":\"https:\\\/\\\/www.meydan.tv\\\/wp-content\\\/uploads\\\/2021\\\/07\\\/meydan-logo.svg\",\"contentUrl\":\"https:\\\/\\\/www.meydan.tv\\\/wp-content\\\/uploads\\\/2021\\\/07\\\/meydan-logo.svg\",\"width\":195,\"height\":46,\"caption\":\"Meydan TV\"},\"image\":{\"@id\":\"https:\\\/\\\/www.meydan.tv\\\/az\\\/#\\\/schema\\\/logo\\\/image\\\/\"}},{\"@type\":\"Person\",\"@id\":\"https:\\\/\\\/www.meydan.tv\\\/az\\\/#\\\/schema\\\/person\\\/10d11eccf6da3662cf5fdab9806ea91a\",\"name\":\"user-manager\"}]}<\/script>\n<!-- \/ Yoast SEO plugin. -->","yoast_head_json":{"title":"\u0130smay\u0131ll\u0131 sakini: N\u0259mi\u015flikd\u0259n \u00e7atlam\u0131\u015f evd\u0259 s\u0259ks\u0259k\u0259 i\u00e7ind\u0259 ya\u015fay\u0131r\u0131q - MEYDAN.TV","robots":{"index":"index","follow":"follow","max-snippet":"max-snippet:-1","max-image-preview":"max-image-preview:large","max-video-preview":"max-video-preview:-1"},"canonical":"https:\/\/www.meydan.tv\/az\/article\/ismayilli-sakini-nemislikden-catlamis-evde-sekseke-icinde-yasayiriq\/","og_locale":"az_AZ","og_type":"article","og_title":"\u0130smay\u0131ll\u0131 sakini: N\u0259mi\u015flikd\u0259n \u00e7atlam\u0131\u015f evd\u0259 s\u0259ks\u0259k\u0259 i\u00e7ind\u0259 ya\u015fay\u0131r\u0131q - MEYDAN.TV","og_description":"''1200 manat bizim \u00fc\u00e7\u00fcn b\u00f6y\u00fck m\u0259bl\u0259\u011fdir''","og_url":"https:\/\/www.meydan.tv\/az\/article\/ismayilli-sakini-nemislikden-catlamis-evde-sekseke-icinde-yasayiriq\/","og_site_name":"MEYDAN.TV","article_published_time":"2018-10-19T19:14:04+00:00","og_image":[{"width":960,"height":720,"url":"https:\/\/www.meydan.tv\/wp-content\/uploads\/44301.jpg","type":"image\/jpeg"}],"author":"user-manager","twitter_card":"summary_large_image","schema":{"@context":"https:\/\/schema.org","@graph":[{"@type":"Article","@id":"https:\/\/www.meydan.tv\/az\/article\/ismayilli-sakini-nemislikden-catlamis-evde-sekseke-icinde-yasayiriq\/#article","isPartOf":{"@id":"https:\/\/www.meydan.tv\/az\/article\/ismayilli-sakini-nemislikden-catlamis-evde-sekseke-icinde-yasayiriq\/"},"author":{"name":"user-manager","@id":"https:\/\/www.meydan.tv\/az\/#\/schema\/person\/10d11eccf6da3662cf5fdab9806ea91a"},"headline":"\u0130smay\u0131ll\u0131 sakini: N\u0259mi\u015flikd\u0259n \u00e7atlam\u0131\u015f evd\u0259 s\u0259ks\u0259k\u0259 i\u00e7ind\u0259 ya\u015fay\u0131r\u0131q","datePublished":"2018-10-19T19:14:04+00:00","mainEntityOfPage":{"@id":"https:\/\/www.meydan.tv\/az\/article\/ismayilli-sakini-nemislikden-catlamis-evde-sekseke-icinde-yasayiriq\/"},"wordCount":622,"publisher":{"@id":"https:\/\/www.meydan.tv\/az\/#organization"},"image":{"@id":"https:\/\/www.meydan.tv\/az\/article\/ismayilli-sakini-nemislikden-catlamis-evde-sekseke-icinde-yasayiriq\/#primaryimage"},"thumbnailUrl":"https:\/\/www.meydan.tv\/wp-content\/uploads\/44301.jpg","articleSection":["B\u00f6lg\u0259"],"inLanguage":"az"},{"@type":"WebPage","@id":"https:\/\/www.meydan.tv\/az\/article\/ismayilli-sakini-nemislikden-catlamis-evde-sekseke-icinde-yasayiriq\/","url":"https:\/\/www.meydan.tv\/az\/article\/ismayilli-sakini-nemislikden-catlamis-evde-sekseke-icinde-yasayiriq\/","name":"\u0130smay\u0131ll\u0131 sakini: N\u0259mi\u015flikd\u0259n \u00e7atlam\u0131\u015f evd\u0259 s\u0259ks\u0259k\u0259 i\u00e7ind\u0259 ya\u015fay\u0131r\u0131q - MEYDAN.TV","isPartOf":{"@id":"https:\/\/www.meydan.tv\/az\/#website"},"primaryImageOfPage":{"@id":"https:\/\/www.meydan.tv\/az\/article\/ismayilli-sakini-nemislikden-catlamis-evde-sekseke-icinde-yasayiriq\/#primaryimage"},"image":{"@id":"https:\/\/www.meydan.tv\/az\/article\/ismayilli-sakini-nemislikden-catlamis-evde-sekseke-icinde-yasayiriq\/#primaryimage"},"thumbnailUrl":"https:\/\/www.meydan.tv\/wp-content\/uploads\/44301.jpg","datePublished":"2018-10-19T19:14:04+00:00","breadcrumb":{"@id":"https:\/\/www.meydan.tv\/az\/article\/ismayilli-sakini-nemislikden-catlamis-evde-sekseke-icinde-yasayiriq\/#breadcrumb"},"inLanguage":"az","potentialAction":[{"@type":"ReadAction","target":["https:\/\/www.meydan.tv\/az\/article\/ismayilli-sakini-nemislikden-catlamis-evde-sekseke-icinde-yasayiriq\/"]}]},{"@type":"ImageObject","inLanguage":"az","@id":"https:\/\/www.meydan.tv\/az\/article\/ismayilli-sakini-nemislikden-catlamis-evde-sekseke-icinde-yasayiriq\/#primaryimage","url":"https:\/\/www.meydan.tv\/wp-content\/uploads\/44301.jpg","contentUrl":"https:\/\/www.meydan.tv\/wp-content\/uploads\/44301.jpg","width":960,"height":720,"caption":"Source:"},{"@type":"BreadcrumbList","@id":"https:\/\/www.meydan.tv\/az\/article\/ismayilli-sakini-nemislikden-catlamis-evde-sekseke-icinde-yasayiriq\/#breadcrumb","itemListElement":[{"@type":"ListItem","position":1,"name":"Ana s\u0259hif\u0259","item":"https:\/\/www.meydan.tv\/az\/"},{"@type":"ListItem","position":2,"name":"B\u00f6lg\u0259","item":"https:\/\/www.meydan.tv\/az\/section\/bolge\/"},{"@type":"ListItem","position":3,"name":"\u0130smay\u0131ll\u0131 sakini: N\u0259mi\u015flikd\u0259n \u00e7atlam\u0131\u015f evd\u0259 s\u0259ks\u0259k\u0259 i\u00e7ind\u0259 ya\u015fay\u0131r\u0131q"}]},{"@type":"WebSite","@id":"https:\/\/www.meydan.tv\/az\/#website","url":"https:\/\/www.meydan.tv\/az\/","name":"MEYDAN.TV","description":"Meydan TV Az\u0259rbaycan\u0131n media m\u0259kan\u0131ndak\u0131 alternativ s\u0259sidir","publisher":{"@id":"https:\/\/www.meydan.tv\/az\/#organization"},"potentialAction":[{"@type":"SearchAction","target":{"@type":"EntryPoint","urlTemplate":"https:\/\/www.meydan.tv\/az\/?s={search_term_string}"},"query-input":{"@type":"PropertyValueSpecification","valueRequired":true,"valueName":"search_term_string"}}],"inLanguage":"az"},{"@type":"Organization","@id":"https:\/\/www.meydan.tv\/az\/#organization","name":"Meydan TV","url":"https:\/\/www.meydan.tv\/az\/","logo":{"@type":"ImageObject","inLanguage":"az","@id":"https:\/\/www.meydan.tv\/az\/#\/schema\/logo\/image\/","url":"https:\/\/www.meydan.tv\/wp-content\/uploads\/2021\/07\/meydan-logo.svg","contentUrl":"https:\/\/www.meydan.tv\/wp-content\/uploads\/2021\/07\/meydan-logo.svg","width":195,"height":46,"caption":"Meydan TV"},"image":{"@id":"https:\/\/www.meydan.tv\/az\/#\/schema\/logo\/image\/"}},{"@type":"Person","@id":"https:\/\/www.meydan.tv\/az\/#\/schema\/person\/10d11eccf6da3662cf5fdab9806ea91a","name":"user-manager"}]}},"_links":{"self":[{"href":"https:\/\/www.meydan.tv\/az\/wp-json\/wp\/v2\/posts\/192193","targetHints":{"allow":["GET"]}}],"collection":[{"href":"https:\/\/www.meydan.tv\/az\/wp-json\/wp\/v2\/posts"}],"about":[{"href":"https:\/\/www.meydan.tv\/az\/wp-json\/wp\/v2\/types\/post"}],"author":[{"embeddable":true,"href":"https:\/\/www.meydan.tv\/az\/wp-json\/wp\/v2\/users\/11"}],"replies":[{"embeddable":true,"href":"https:\/\/www.meydan.tv\/az\/wp-json\/wp\/v2\/comments?post=192193"}],"version-history":[{"count":0,"href":"https:\/\/www.meydan.tv\/az\/wp-json\/wp\/v2\/posts\/192193\/revisions"}],"wp:featuredmedia":[{"embeddable":true,"href":"https:\/\/www.meydan.tv\/az\/wp-json\/wp\/v2\/media\/111326"}],"wp:attachment":[{"href":"https:\/\/www.meydan.tv\/az\/wp-json\/wp\/v2\/media?parent=192193"}],"wp:term":[{"taxonomy":"category","embeddable":true,"href":"https:\/\/www.meydan.tv\/az\/wp-json\/wp\/v2\/categories?post=192193"},{"taxonomy":"post_tag","embeddable":true,"href":"https:\/\/www.meydan.tv\/az\/wp-json\/wp\/v2\/tags?post=192193"}],"curies":[{"name":"wp","href":"https:\/\/api.w.org\/{rel}","templated":true}]}}