{"id":192192,"date":"2018-10-19T18:50:59","date_gmt":"2018-10-19T18:50:59","guid":{"rendered":"https:\/\/www.meydan.tv\/article\/beyleqanda-budce-teskilatlarinda-isleyenlere-zorla-pambiq-ekdirirler\/"},"modified":"2018-10-19T18:50:59","modified_gmt":"2018-10-19T18:50:59","slug":"beyleqanda-budce-teskilatlarinda-isleyenlere-zorla-pambiq-ekdirirler","status":"publish","type":"post","link":"https:\/\/www.meydan.tv\/az\/article\/beyleqanda-budce-teskilatlarinda-isleyenlere-zorla-pambiq-ekdirirler\/","title":{"rendered":"Beyl\u0259qanda b\u00fcdc\u0259 t\u0259\u015fkilatlar\u0131nda i\u015fl\u0259y\u0259nl\u0259r\u0259 zorla pamb\u0131q \u0259kdirirl\u0259r?"},"content":{"rendered":"<figure class=\"wp-block-image size-large\">\n  <img decoding=\"async\" src=\"https:\/\/www.meydan.tv\/az\/111317\/\" alt=\"\" class=\"wp-image-111317\"\/><figcaption><\/figcaption><\/figure>\n<p>\n  <i><br \/>\n    &#8221;Deyirl\u0259r, \u00f6hd\u0259lik g\u00f6t\u00fcr\u0259k, sonra &#8221;Kapital Bank&#8221;dan maa\u015f kart\u0131m\u0131z\u0131 alaq&#8221;<br \/>\n  <\/i>\n<\/p>\n<p>\n  Beyl\u0259qanda \u00e7al\u0131\u015fan b\u00fcdc\u0259 t\u0259\u015fkilatlar\u0131n\u0131n i\u015f\u00e7il\u0259ri onlara m\u0259cbur pamb\u0131q \u0259kdirdikl\u0259rini s\u00f6yl\u0259yirl\u0259r. Bu bar\u0259d\u0259 Meydan TV-y\u0259 dan\u0131\u015fan i\u015f\u00e7il\u0259r bildiribl\u0259r ki, \u0259ks halda, i\u015fd\u0259n \u00e7\u0131xar\u0131lmaqla h\u0259d\u0259l\u0259nirl\u0259r:\n<\/p>\n<p>\n  \u201cHam\u0131m\u0131z b\u00fcdc\u0259 t\u0259\u015fkilatlar\u0131nda \u00e7al\u0131\u015fanlar\u0131q. Bilirl\u0259r ki, i\u015fimizi itirm\u0259k ist\u0259m\u0259y\u0259c\u0259yik. Ona g\u00f6r\u0259 d\u0259 pay torpaqlar\u0131m\u0131zda pamb\u0131q \u0259km\u0259y\u0259 m\u0259cbur edilirik. Raz\u0131 olmayan, etiraz ed\u0259n i\u015fi il\u0259 h\u0259d\u0259l\u0259nir\u201d.\n<\/p>\n<p>\n  H\u0259min insanlar i\u015fl\u0259rind\u0259n olmamaq \u00fc\u00e7\u00fcn adlar\u0131n\u0131n a\u00e7\u0131qlanmas\u0131n\u0131 ist\u0259mirl\u0259r. Bildirirl\u0259r ki, \u015fikay\u0259t etdikl\u0259ri bilins\u0259, qeyd-\u015f\u0259rtsiz i\u015fl\u0259rin\u0259 son veril\u0259r:\n<\/p>\n<p>\n  \u201cM\u0259cbur edil\u0259nl\u0259rin d\u0259 ham\u0131s\u0131 el\u0259-bel\u0259 adamlar deyil. M\u0259kt\u0259b direktorlar\u0131, ba\u011f\u00e7a m\u00fcdir\u0259l\u0259ri, tibb m\u0259nt\u0259q\u0259l\u0259rinin m\u00fcdirl\u0259ri v\u0259 s. \u0130cra n\u00fcmay\u0259nd\u0259l\u0259ri v\u0259 b\u0259l\u0259diyy\u0259 s\u0259drl\u0259ri k\u0259ndl\u0259r\u0259, q\u0259s\u0259b\u0259l\u0259r\u0259, \u00e7al\u0131\u015fd\u0131\u011f\u0131m\u0131z m\u00fc\u0259ssis\u0259l\u0259r\u0259 g\u0259l\u0259r\u0259k bizl\u0259r\u0259 birba\u015fa icra ba\u015f\u00e7\u0131s\u0131n\u0131n ad\u0131ndan g\u00f6st\u0259ri\u015f verirl\u0259r ki, g\u0259l\u0259n il ham\u0131n\u0131z pay torpaqlar\u0131n\u0131zda (i\u015f\u00e7il\u0259rinizl\u0259 birg\u0259) pamb\u0131q \u0259km\u0259lisiniz. Biz\u0259 t\u0259zyiq olunur ki, \u015f\u0259xsiyy\u0259t v\u0259siq\u0259l\u0259rimizin sur\u0259tl\u0259rini g\u0259tirib indid\u0259n pamb\u0131q zavodu il\u0259 (ola bilsin q\u0259bul m\u0259nt\u0259q\u0259l\u0259ri) m\u00fcqavil\u0259 ba\u011flayaq. \u00d6hd\u0259lik g\u00f6t\u00fcr\u0259k ki, n\u0259 q\u0259d\u0259r \u0259razid\u0259 pamb\u0131q \u0259k\u0259c\u0259yik v\u0259 s. Sonra gedib \u201cKapital Bank\u201ddan kartlar\u0131m\u0131z\u0131 g\u00f6t\u00fcr\u0259k\u201d.\n<\/p>\n<figure class=\"wp-block-image size-large\">\n  <img decoding=\"async\" src=\"https:\/\/www.meydan.tv\/az\/111365\/\" alt=\"\" class=\"wp-image-111365\"\/><figcaption><\/figcaption><\/figure>\n<p>\n  \u015eikay\u0259t\u00e7il\u0259r bildirirl\u0259r ki, bel\u0259 m\u00fc\u0259ssis\u0259l\u0259rd\u0259 h\u0259r bir i\u015f\u00e7i \u00fc\u00e7\u00fcn minimum 0.5 hektar norma n\u0259z\u0259rd\u0259 tutulub. \u0130cra n\u00fcmay\u0259nd\u0259l\u0259ri v\u0259 b\u0259l\u0259diyy\u0259l\u0259r t\u0259r\u0259find\u0259n qorxudulan, m\u0259cbur edil\u0259n m\u00fc\u0259ssis\u0259 r\u0259hb\u0259rl\u0259ri d\u0259 \u00f6z n\u00f6vb\u0259l\u0259rind\u0259 i\u015f\u00e7il\u0259rini t\u0259hdid edir, m\u00fc\u0259lliml\u0259r d\u0259rs saatlar\u0131 k\u0259silm\u0259kl\u0259, i\u015fd\u0259n \u00e7\u0131xar\u0131lmaqla h\u0259d\u0259l\u0259nir:\n<\/p>\n<p>\n  \u201cM\u0259cbur qalan m\u00fc\u0259lliml\u0259r, tibb bac\u0131s\u0131lar\u0131 v\u0259 s. i\u015fl\u0259rini itirm\u0259m\u0259k \u00fc\u00e7\u00fcn raz\u0131la\u015f\u0131rlar. \u00dcst\u0259lik, pamb\u0131q \u0259kini asan ba\u015fa g\u0259lmir, \u00e7\u0259tin i\u015fdir. Bu q\u0259d\u0259r \u0259kin-bi\u00e7inin m\u00fcqabilind\u0259 \u0259ld\u0259 olunan g\u0259lir is\u0259 \u00e7ox a\u015fa\u011f\u0131d\u0131r. Bundan \u0259lav\u0259, pamb\u0131q \u0259kinin\u0259 g\u00f6r\u0259 pulu yaln\u0131z pamb\u0131\u011f\u0131 t\u0259hvil ver\u0259nd\u0259 al\u0131rsan. \u00d6nc\u0259 MKT Beyl\u0259qan filial\u0131 biziml\u0259 m\u00fcqavil\u0259 ba\u011flay\u0131r ki, pamb\u0131\u011f\u0131 \u0259kib- bec\u0259r\u0259nd\u0259n sonra y\u0131\u011fd\u0131\u011f\u0131m\u0131z m\u0259hsulu \u00f6z\u0259l pamb\u0131q q\u0259bulu v\u0259 email zavoduna t\u0259hvil ver\u0259k. Bu d\u00f6vr \u0259rzind\u0259 is\u0259 pamb\u0131\u011f\u0131n \u0259kini \u00fc\u00e7\u00fcn biz\u0259 sad\u0259c\u0259 toxum verilir, yerl\u0259r \u015fumlan\u0131r, s\u0259pin apar\u0131l\u0131r, suvar\u0131l\u0131r, alaqlar vurulur. Bunun ham\u0131s\u0131 MKT-n\u0131n i\u015ftirak\u0131 il\u0259 apar\u0131l\u0131r v\u0259 MTK b\u00fct\u00fcn x\u0259rcl\u0259ri \u00e7\u0259kir. Bizi toxum v\u0259 texnika il\u0259 d\u0259 t\u0259min edir. Problem odur ki, bu, m\u00fc\u0259llimin, h\u0259kimin, tibb bac\u0131s\u0131n\u0131n, direktorun v\u0259 ya m\u00fcdirin i\u015fi deyil. Biz k\u0259nd t\u0259s\u0259rr\u00fcfat\u0131ndan uzaq insanlar\u0131q. Etdikl\u0259ri do\u011fru deyil\u201d.\n<\/p>\n<figure class=\"wp-block-image size-large\">\n  <img decoding=\"async\" src=\"https:\/\/www.meydan.tv\/az\/111371\/\" alt=\"\" class=\"wp-image-111371\"\/><figcaption><\/figcaption><\/figure>\n<p>\n  Beyl\u0259qan sakinl\u0259rin bildirirl\u0259r ki, sonda normal bir g\u0259lir d\u0259 qalm\u0131r ki, bu i\u015fi h\u0259v\u0259sl\u0259 g\u00f6rs\u00fcnl\u0259r:\n<\/p>\n<p>\n  \u201c\u018fziyy\u0259ti biz\u0259 qalacaq, bilirik. H\u0259r \u015feyl\u0259 t\u0259min edirl\u0259r e, n\u0259 olsun. Sonda y\u0131\u011f\u0131lm\u0131\u015f pamb\u0131q h\u0259cmin\u0259, sortuna v\u0259 \u00e7irklilik d\u0259r\u0259c\u0259sin\u0259 qiym\u0259tl\u0259ndirilir v\u0259 onun sat\u0131\u015f m\u0259bl\u0259\u011fi hesablan\u0131r. \u018fg\u0259r sat\u0131\u015f m\u0259bl\u0259\u011fi x\u0259rcl\u0259rd\u0259n \u00e7ox olarsa, onda MTK fermer\u0259 \u00f6d\u0259ni\u015f edir. Amma bu, nadir hallarda ba\u015f verir, el\u0259 edirl\u0259r ki, ya ba\u015f-ba\u015fa olur, ya da fermer MTK-ya borclu qal\u0131r. Biz bunlar\u0131n ham\u0131s\u0131n\u0131 \u00e7ox yax\u015f\u0131 bilirik. Bu sah\u0259d\u0259 g\u0259lir olsayd\u0131, bununla fermerl\u0259r, k\u0259ndlil\u0259r m\u0259\u015f\u011ful olard\u0131lar. G\u00f6r\u00fcn\u00fcr, g\u0259lirli sah\u0259 olmad\u0131\u011f\u0131 \u00fc\u00e7\u00fcn m\u0259cburiyy\u0259t\u0259 \u0259l at\u0131l\u0131r\u201d.\n<\/p>\n<p>\n  Meydan TV m\u0259s\u0259l\u0259y\u0259 m\u00fcnasib\u0259t \u00f6yr\u0259nm\u0259k \u00fc\u00e7\u00fcn Beyl\u0259qan Rayon \u0130cra Hakimiyy\u0259ti il\u0259 \u0259laq\u0259 saxlay\u0131b. \u0130cra Hakimiyy\u0259tind\u0259n bel\u0259 bir haldan s\u00f6hb\u0259t ged\u0259 bilm\u0259z deyilib:\n<\/p>\n<p>\n  \u201cKimdir o \u015fikay\u0259t ed\u0259nl\u0259r? S\u00f6yl\u0259yin bil\u0259k, ara\u015fd\u0131raq g\u00f6r\u0259k niy\u0259 yalan m\u0259lumat yay\u0131blar. Kifay\u0259t q\u0259d\u0259r fermer pamb\u0131q \u0259kini il\u0259 m\u0259\u015f\u011ful olur. Kiml\u0259ris\u0259 m\u0259cbur etm\u0259y\u0259 g\u0259r\u0259k yoxdur\u201d.\n<\/p>\n<p>\n  \u0130qtisad\u00e7\u0131 Qubad \u0130bado\u011flu deyir ki, Nazirl\u0259r Kabinetinin \u201cPamb\u0131q v\u0259 t\u00fct\u00fcn istehsal\u00e7\u0131lar\u0131na d\u00f6vl\u0259t b\u00fcdc\u0259sinin v\u0259saiti hesab\u0131na subsidiyan\u0131n verilm\u0259si Qaydas\u0131\u201dna g\u00f6r\u0259, emal m\u00fc\u0259ssis\u0259l\u0259rin\u0259 sat\u0131lan h\u0259r kiloqram xam pamb\u0131\u011fa g\u00f6r\u0259 istehsal\u00e7\u0131lara 10 q\u0259pik subsidiya verilir. Subsidiya istehsal\u00e7\u0131 olan h\u00fcquqi \u015f\u0259xsl\u0259rin hesabla\u015fma hesablar\u0131na v\u0259 fiziki \u015f\u0259xsl\u0259rin cari (x\u00fcsusi kart) hesablar\u0131na k\u00f6\u00e7\u00fcr\u00fclm\u0259kl\u0259 \u00f6d\u0259nilir. Rayon (\u015f\u0259h\u0259r) \u00fczr\u0259 istehsal\u00e7\u0131lara subsidiyan\u0131n verilm\u0259si il\u0259 ba\u011fl\u0131 i\u015fl\u0259rin t\u0259\u015fkili K\u0259nd T\u0259s\u0259rr\u00fcfat\u0131 Nazirliyinin rayon v\u0259 \u015f\u0259h\u0259r idar\u0259l\u0259ri t\u0259r\u0259find\u0259n h\u0259yata ke\u00e7irils\u0259 d\u0259, bu prosesd\u0259 rayon v\u0259 yerli icra hakimiyy\u0259tl\u0259ri yax\u0131ndan i\u015ftirak edirl\u0259r:\n<\/p>\n<figure class=\"wp-block-image size-large\">\n  <img decoding=\"async\" src=\"https:\/\/www.meydan.tv\/az\/111323\/\" alt=\"\" class=\"wp-image-111323\"\/><figcaption><\/figcaption><\/figure>\n<p>\n  \u201cAz\u0259rbaycanda s\u0259rb\u0259st t\u0259s\u0259rr\u00fcfat\u00e7\u0131l\u0131q, biznes f\u0259aliyy\u0259ti m\u00f6vcud qanunlarda t\u0259sbit olunub. Sahibkarl\u0131q f\u0259aliyy\u0259ti haqq\u0131nda Az\u0259rbaycan Respublikas\u0131n\u0131n Qanunun 1-ci madd\u0259sind\u0259 g\u00f6st\u0259rilir ki, sahibkarl\u0131q f\u0259aliyy\u0259ti \u015f\u0259xsin m\u00fcst\u0259qil sur\u0259td\u0259, \u00f6z riski il\u0259 h\u0259yata ke\u00e7irdiyi, \u0259sas m\u0259qs\u0259di \u0259mlak istifad\u0259sind\u0259n, \u0259mt\u0259\u0259 sat\u0131\u015f\u0131ndan, i\u015fl\u0259r g\u00f6r\u00fclm\u0259sind\u0259n v\u0259 ya xidm\u0259tl\u0259r g\u00f6st\u0259rilm\u0259sind\u0259n m\u0259nf\u0259\u0259t g\u00f6t\u00fcr\u00fclm\u0259si olan f\u0259aliyy\u0259tdir. H\u0259min Qanunun 6-c\u0131 madd\u0259sind\u0259 sahibkar\u0131n h\u00fcquqlar\u0131ndan b\u0259hs edilir v\u0259 bildilir ki, sahibkar \u00f6z f\u0259aliyy\u0259tini h\u0259yata ke\u00e7irm\u0259k \u00fc\u00e7\u00fcn ist\u0259nil\u0259n m\u00fc\u0259ssis\u0259l\u0259r yaratmaq v\u0259 qanunla qada\u011fan edilm\u0259y\u0259n f\u0259aliyy\u0259tl\u0259r h\u0259yata ke\u00e7irm\u0259k h\u00fcququna malikdir. Az\u0259rbaycan Respublikas\u0131 Konstitusiyas\u0131n\u0131n \u201cAzad sahibkarl\u0131q h\u00fcququ\u201d adlanan 59-cu madd\u0259sind\u0259 h\u0259r k\u0259sin qanunla n\u0259z\u0259rd\u0259 tutulmu\u015f qaydada \u00f6z<br \/>\n  <br \/>\n  imkanlar\u0131ndan, qabiliyy\u0259tind\u0259n v\u0259 \u0259mlak\u0131ndan s\u0259rb\u0259st istifad\u0259 ed\u0259r\u0259k t\u0259kba\u015f\u0131na v\u0259 ba\u015fqalar\u0131 il\u0259 birlikd\u0259 azad sahibkarl\u0131q f\u0259aliyy\u0259ti, yaxud qanunla qada\u011fan edilm\u0259mi\u015f dig\u0259r iqtisadi f\u0259aliyy\u0259t n\u00f6v\u00fc il\u0259 m\u0259\u015f\u011ful olmaq h\u00fcququ g\u00f6st\u0259rilir. Az\u0259rbaycan Respublikas\u0131 Konstitusiyas\u0131n\u0131n 13-c\u00fc madd\u0259sind\u0259 Az\u0259rbaycan Respublikas\u0131nda m\u00fclkiyy\u0259tin toxunulmaz olmas\u0131 v\u0259 onun d\u00f6vl\u0259t t\u0259r\u0259find\u0259n m\u00fcdafi\u0259 olunmas\u0131 \u00f6z \u0259ksini tap\u0131b\u201d.\n<\/p>\n<figure class=\"wp-block-image size-large\">\n  <img decoding=\"async\" src=\"https:\/\/www.meydan.tv\/az\/111353\/\" alt=\"\" class=\"wp-image-111353\"\/><figcaption><\/figcaption><\/figure>\n<p>\n  Q. \u0130bado\u011flu deyir ki, g\u00f6r\u00fcnd\u00fcy\u00fc kimi, sahibkarlara onlara m\u0259xsus olan torpaqda, v\u0259t\u0259nda\u015flara is\u0259 onlar\u0131n pay torpaqlar\u0131nda m\u0259cburi sur\u0259td\u0259 pamb\u0131q \u0259kdirilm\u0259si, n\u0259inki qanunlar\u0131n h\u0259tta Konsititusiyan\u0131n pozulmas\u0131 dem\u0259kdir:\n<\/p>\n<p>\n  \u201cBel\u0259 ki, sahibkarl\u0131q f\u0259aliyy\u0259tinin s\u0259rb\u0259st apar\u0131lmas\u0131 \u00fc\u00e7\u00fcn sahibkar m\u00fclkiyy\u0259tl\u0259 ba\u011fl\u0131 q\u0259rar q\u0259bul ed\u0259 bilm\u0259li v\u0259 n\u0259tic\u0259nin maddi mara\u011fa uy\u011funlu\u011funa \u0259min olmal\u0131d\u0131r. \u018fks t\u0259dqird\u0259 ba\u015f ver\u0259nl\u0259r sahibkar\u0131n h\u00fcququnun, s\u0259rb\u0259st t\u0259s\u0259rr\u00fcfat\u00e7\u0131l\u0131q haqlar\u0131n\u0131n pozulmas\u0131 kimi qiym\u0259tl\u0259ndirilm\u0259lidir. Bununla yana\u015f\u0131 d\u00f6vl\u0259t orqanlar\u0131 sahibkarlar\u0131n h\u00fcquqlar\u0131n\u0131 pozdu\u011fu kimi, onlar da i\u015f\u00e7il\u0259rinin h\u00fcquqlar\u0131n\u0131 pozur, \u0259m\u0259k \u015f\u0259raiti \u00fc\u00e7\u00fcn t\u0259l\u0259bl\u0259r\u0259 \u0259m\u0259l etmir, onlar\u0131n \u00f6d\u0259ni\u015fl\u0259rini vaxt\u0131nda v\u0259 tam \u015f\u0259kild\u0259 icra ed\u0259 bilmir\u201d.\n<\/p>\n<figure class=\"wp-block-image size-large\">\n  <img decoding=\"async\" src=\"https:\/\/www.meydan.tv\/az\/qubad-ibadoglu-2\/\" alt=\"Qubad \u0130bado\u011flu\" class=\"wp-image-50421\"\/><figcaption>\n    Qubad \u0130bado\u011flu<br \/>\n  <\/figcaption><\/figure>\n<p>\n  2016-c\u0131 ild\u0259n ba\u015flayaraq pamb\u0131q\u00e7\u0131l\u0131\u011f\u0131n inki\u015faf etdirilm\u0259si h\u00f6kum\u0259tin \u0259sas diqq\u0259t ay\u0131rd\u0131\u011f\u0131 sah\u0259l\u0259rd\u0259n birin\u0259 \u00e7evrilib. H\u00f6kum\u0259t bu sah\u0259ni inki\u015faf etdirm\u0259kl\u0259 h\u0259m yeni i\u015f yerl\u0259rinin a\u00e7\u0131lmas\u0131n\u0131, h\u0259m d\u0259 \u00f6lk\u0259y\u0259 valyuta ax\u0131n\u0131n\u0131 art\u0131rma\u011f\u0131 d\u00fc\u015f\u00fcnd\u00fcy\u00fcn\u00fc b\u0259yan edib.\n<\/p>\n<p>\n  2016-ci ild\u0259 Az\u0259rbaycanda 52 min 57 ha sah\u0259d\u0259 pamb\u0131q \u0259kilmi\u015fdi. Bu, 2015-ci ilin anoloji d\u00f6vr\u00fcn\u0259 nisb\u0259t\u0259n 33 min 373 hektar \u00e7ox idi.\n<\/p>\n<p>\n  2017-ci ild\u0259 is\u0259 136 min 413,2 hektar pamb\u0131q \u0259kilmi\u015fdi. 2018-ci ild\u0259 is\u0259 il 140 min hektara yax\u0131n sah\u0259d\u0259 pamb\u0131q \u0259kininin h\u0259yata ke\u00e7irilm\u0259si n\u0259z\u0259rd\u0259 tutulmu\u015fdu.\n<\/p>\n<p>\n  \u0130qtisad\u00e7\u0131-ekspertl\u0259r d\u0259f\u0259l\u0259rl\u0259 pamb\u0131q\u00e7\u0131l\u0131\u011f\u0131n haz\u0131rda Az\u0259rbaycana xeyir verm\u0259y\u0259c\u0259yini, rentabelli olmayaca\u011f\u0131n\u0131, pamb\u0131q\u00e7\u0131l\u0131q sah\u0259l\u0259rinin geni\u015fl\u0259ndirilm\u0259sini otlaq sah\u0259l\u0259rinin hesab\u0131na ba\u015f verdiyini, son n\u0259tic\u0259d\u0259 \u0259t istehsal\u0131n\u0131n a\u015fa\u011f\u0131 d\u00fc\u015fm\u0259si v\u0259 \u0259tin qiym\u0259tinin artmas\u0131na s\u0259b\u0259b oldu\u011funu b\u0259yan edibl\u0259r.<\/p>\n","protected":false},"excerpt":{"rendered":"<p>&#8221;Deyirl\u0259r, \u00f6hd\u0259lik g\u00f6t\u00fcr\u0259k, sonra &#8221;Kapital Bank&#8221;dan maa\u015f kart\u0131m\u0131z\u0131 alaq&#8221;<\/p>\n","protected":false},"author":11,"featured_media":111317,"comment_status":"closed","ping_status":"open","sticky":false,"template":"","format":"standard","meta":{"_acf_changed":false,"_sitemap_exclude":false,"_sitemap_priority":"","_sitemap_frequency":"","footnotes":""},"categories":[60],"tags":[],"class_list":["post-192192","post","type-post","status-publish","format-standard","has-post-thumbnail","hentry","category-bolge","infinite-scroll-item","generate-columns","tablet-grid-50","mobile-grid-100","grid-parent","grid-33","no-featured-image-padding"],"acf":[],"yoast_head":"<!-- This site is optimized with the Yoast SEO plugin v27.4 - https:\/\/yoast.com\/product\/yoast-seo-wordpress\/ -->\n<title>Beyl\u0259qanda b\u00fcdc\u0259 t\u0259\u015fkilatlar\u0131nda i\u015fl\u0259y\u0259nl\u0259r\u0259 zorla pamb\u0131q \u0259kdirirl\u0259r? - MEYDAN.TV<\/title>\n<meta name=\"robots\" content=\"index, follow, max-snippet:-1, max-image-preview:large, max-video-preview:-1\" \/>\n<link rel=\"canonical\" href=\"https:\/\/www.meydan.tv\/az\/article\/beyleqanda-budce-teskilatlarinda-isleyenlere-zorla-pambiq-ekdirirler\/\" \/>\n<meta property=\"og:locale\" content=\"az_AZ\" \/>\n<meta property=\"og:type\" content=\"article\" \/>\n<meta property=\"og:title\" content=\"Beyl\u0259qanda b\u00fcdc\u0259 t\u0259\u015fkilatlar\u0131nda i\u015fl\u0259y\u0259nl\u0259r\u0259 zorla pamb\u0131q \u0259kdirirl\u0259r? - MEYDAN.TV\" \/>\n<meta property=\"og:description\" content=\"&#039;&#039;Deyirl\u0259r, \u00f6hd\u0259lik g\u00f6t\u00fcr\u0259k, sonra &#039;&#039;Kapital Bank&#039;&#039;dan maa\u015f kart\u0131m\u0131z\u0131 alaq&#039;&#039;\" \/>\n<meta property=\"og:url\" content=\"https:\/\/www.meydan.tv\/az\/article\/beyleqanda-budce-teskilatlarinda-isleyenlere-zorla-pambiq-ekdirirler\/\" \/>\n<meta property=\"og:site_name\" content=\"MEYDAN.TV\" \/>\n<meta property=\"article:published_time\" content=\"2018-10-19T18:50:59+00:00\" \/>\n<meta property=\"og:image\" content=\"https:\/\/www.meydan.tv\/wp-content\/uploads\/44310.png\" \/>\n\t<meta property=\"og:image:width\" content=\"810\" \/>\n\t<meta property=\"og:image:height\" content=\"450\" \/>\n\t<meta property=\"og:image:type\" content=\"image\/png\" \/>\n<meta name=\"author\" content=\"user-manager\" \/>\n<meta name=\"twitter:card\" content=\"summary_large_image\" \/>\n<script type=\"application\/ld+json\" class=\"yoast-schema-graph\">{\"@context\":\"https:\\\/\\\/schema.org\",\"@graph\":[{\"@type\":\"Article\",\"@id\":\"https:\\\/\\\/www.meydan.tv\\\/az\\\/article\\\/beyleqanda-budce-teskilatlarinda-isleyenlere-zorla-pambiq-ekdirirler\\\/#article\",\"isPartOf\":{\"@id\":\"https:\\\/\\\/www.meydan.tv\\\/az\\\/article\\\/beyleqanda-budce-teskilatlarinda-isleyenlere-zorla-pambiq-ekdirirler\\\/\"},\"author\":{\"name\":\"user-manager\",\"@id\":\"https:\\\/\\\/www.meydan.tv\\\/az\\\/#\\\/schema\\\/person\\\/10d11eccf6da3662cf5fdab9806ea91a\"},\"headline\":\"Beyl\u0259qanda b\u00fcdc\u0259 t\u0259\u015fkilatlar\u0131nda i\u015fl\u0259y\u0259nl\u0259r\u0259 zorla pamb\u0131q \u0259kdirirl\u0259r?\",\"datePublished\":\"2018-10-19T18:50:59+00:00\",\"mainEntityOfPage\":{\"@id\":\"https:\\\/\\\/www.meydan.tv\\\/az\\\/article\\\/beyleqanda-budce-teskilatlarinda-isleyenlere-zorla-pambiq-ekdirirler\\\/\"},\"wordCount\":1614,\"publisher\":{\"@id\":\"https:\\\/\\\/www.meydan.tv\\\/az\\\/#organization\"},\"image\":{\"@id\":\"https:\\\/\\\/www.meydan.tv\\\/az\\\/article\\\/beyleqanda-budce-teskilatlarinda-isleyenlere-zorla-pambiq-ekdirirler\\\/#primaryimage\"},\"thumbnailUrl\":\"https:\\\/\\\/www.meydan.tv\\\/wp-content\\\/uploads\\\/44310.png\",\"articleSection\":[\"B\u00f6lg\u0259\"],\"inLanguage\":\"az\"},{\"@type\":\"WebPage\",\"@id\":\"https:\\\/\\\/www.meydan.tv\\\/az\\\/article\\\/beyleqanda-budce-teskilatlarinda-isleyenlere-zorla-pambiq-ekdirirler\\\/\",\"url\":\"https:\\\/\\\/www.meydan.tv\\\/az\\\/article\\\/beyleqanda-budce-teskilatlarinda-isleyenlere-zorla-pambiq-ekdirirler\\\/\",\"name\":\"Beyl\u0259qanda b\u00fcdc\u0259 t\u0259\u015fkilatlar\u0131nda i\u015fl\u0259y\u0259nl\u0259r\u0259 zorla pamb\u0131q \u0259kdirirl\u0259r? - MEYDAN.TV\",\"isPartOf\":{\"@id\":\"https:\\\/\\\/www.meydan.tv\\\/az\\\/#website\"},\"primaryImageOfPage\":{\"@id\":\"https:\\\/\\\/www.meydan.tv\\\/az\\\/article\\\/beyleqanda-budce-teskilatlarinda-isleyenlere-zorla-pambiq-ekdirirler\\\/#primaryimage\"},\"image\":{\"@id\":\"https:\\\/\\\/www.meydan.tv\\\/az\\\/article\\\/beyleqanda-budce-teskilatlarinda-isleyenlere-zorla-pambiq-ekdirirler\\\/#primaryimage\"},\"thumbnailUrl\":\"https:\\\/\\\/www.meydan.tv\\\/wp-content\\\/uploads\\\/44310.png\",\"datePublished\":\"2018-10-19T18:50:59+00:00\",\"breadcrumb\":{\"@id\":\"https:\\\/\\\/www.meydan.tv\\\/az\\\/article\\\/beyleqanda-budce-teskilatlarinda-isleyenlere-zorla-pambiq-ekdirirler\\\/#breadcrumb\"},\"inLanguage\":\"az\",\"potentialAction\":[{\"@type\":\"ReadAction\",\"target\":[\"https:\\\/\\\/www.meydan.tv\\\/az\\\/article\\\/beyleqanda-budce-teskilatlarinda-isleyenlere-zorla-pambiq-ekdirirler\\\/\"]}]},{\"@type\":\"ImageObject\",\"inLanguage\":\"az\",\"@id\":\"https:\\\/\\\/www.meydan.tv\\\/az\\\/article\\\/beyleqanda-budce-teskilatlarinda-isleyenlere-zorla-pambiq-ekdirirler\\\/#primaryimage\",\"url\":\"https:\\\/\\\/www.meydan.tv\\\/wp-content\\\/uploads\\\/44310.png\",\"contentUrl\":\"https:\\\/\\\/www.meydan.tv\\\/wp-content\\\/uploads\\\/44310.png\",\"width\":810,\"height\":450,\"caption\":\"Source:\"},{\"@type\":\"BreadcrumbList\",\"@id\":\"https:\\\/\\\/www.meydan.tv\\\/az\\\/article\\\/beyleqanda-budce-teskilatlarinda-isleyenlere-zorla-pambiq-ekdirirler\\\/#breadcrumb\",\"itemListElement\":[{\"@type\":\"ListItem\",\"position\":1,\"name\":\"Ana s\u0259hif\u0259\",\"item\":\"https:\\\/\\\/www.meydan.tv\\\/az\\\/\"},{\"@type\":\"ListItem\",\"position\":2,\"name\":\"B\u00f6lg\u0259\",\"item\":\"https:\\\/\\\/www.meydan.tv\\\/az\\\/section\\\/bolge\\\/\"},{\"@type\":\"ListItem\",\"position\":3,\"name\":\"Beyl\u0259qanda b\u00fcdc\u0259 t\u0259\u015fkilatlar\u0131nda i\u015fl\u0259y\u0259nl\u0259r\u0259 zorla pamb\u0131q \u0259kdirirl\u0259r?\"}]},{\"@type\":\"WebSite\",\"@id\":\"https:\\\/\\\/www.meydan.tv\\\/az\\\/#website\",\"url\":\"https:\\\/\\\/www.meydan.tv\\\/az\\\/\",\"name\":\"MEYDAN.TV\",\"description\":\"Meydan TV Az\u0259rbaycan\u0131n media m\u0259kan\u0131ndak\u0131 alternativ s\u0259sidir\",\"publisher\":{\"@id\":\"https:\\\/\\\/www.meydan.tv\\\/az\\\/#organization\"},\"potentialAction\":[{\"@type\":\"SearchAction\",\"target\":{\"@type\":\"EntryPoint\",\"urlTemplate\":\"https:\\\/\\\/www.meydan.tv\\\/az\\\/?s={search_term_string}\"},\"query-input\":{\"@type\":\"PropertyValueSpecification\",\"valueRequired\":true,\"valueName\":\"search_term_string\"}}],\"inLanguage\":\"az\"},{\"@type\":\"Organization\",\"@id\":\"https:\\\/\\\/www.meydan.tv\\\/az\\\/#organization\",\"name\":\"Meydan TV\",\"url\":\"https:\\\/\\\/www.meydan.tv\\\/az\\\/\",\"logo\":{\"@type\":\"ImageObject\",\"inLanguage\":\"az\",\"@id\":\"https:\\\/\\\/www.meydan.tv\\\/az\\\/#\\\/schema\\\/logo\\\/image\\\/\",\"url\":\"https:\\\/\\\/www.meydan.tv\\\/wp-content\\\/uploads\\\/2021\\\/07\\\/meydan-logo.svg\",\"contentUrl\":\"https:\\\/\\\/www.meydan.tv\\\/wp-content\\\/uploads\\\/2021\\\/07\\\/meydan-logo.svg\",\"width\":195,\"height\":46,\"caption\":\"Meydan TV\"},\"image\":{\"@id\":\"https:\\\/\\\/www.meydan.tv\\\/az\\\/#\\\/schema\\\/logo\\\/image\\\/\"}},{\"@type\":\"Person\",\"@id\":\"https:\\\/\\\/www.meydan.tv\\\/az\\\/#\\\/schema\\\/person\\\/10d11eccf6da3662cf5fdab9806ea91a\",\"name\":\"user-manager\"}]}<\/script>\n<!-- \/ Yoast SEO plugin. -->","yoast_head_json":{"title":"Beyl\u0259qanda b\u00fcdc\u0259 t\u0259\u015fkilatlar\u0131nda i\u015fl\u0259y\u0259nl\u0259r\u0259 zorla pamb\u0131q \u0259kdirirl\u0259r? - MEYDAN.TV","robots":{"index":"index","follow":"follow","max-snippet":"max-snippet:-1","max-image-preview":"max-image-preview:large","max-video-preview":"max-video-preview:-1"},"canonical":"https:\/\/www.meydan.tv\/az\/article\/beyleqanda-budce-teskilatlarinda-isleyenlere-zorla-pambiq-ekdirirler\/","og_locale":"az_AZ","og_type":"article","og_title":"Beyl\u0259qanda b\u00fcdc\u0259 t\u0259\u015fkilatlar\u0131nda i\u015fl\u0259y\u0259nl\u0259r\u0259 zorla pamb\u0131q \u0259kdirirl\u0259r? - MEYDAN.TV","og_description":"''Deyirl\u0259r, \u00f6hd\u0259lik g\u00f6t\u00fcr\u0259k, sonra ''Kapital Bank''dan maa\u015f kart\u0131m\u0131z\u0131 alaq''","og_url":"https:\/\/www.meydan.tv\/az\/article\/beyleqanda-budce-teskilatlarinda-isleyenlere-zorla-pambiq-ekdirirler\/","og_site_name":"MEYDAN.TV","article_published_time":"2018-10-19T18:50:59+00:00","og_image":[{"width":810,"height":450,"url":"https:\/\/www.meydan.tv\/wp-content\/uploads\/44310.png","type":"image\/png"}],"author":"user-manager","twitter_card":"summary_large_image","schema":{"@context":"https:\/\/schema.org","@graph":[{"@type":"Article","@id":"https:\/\/www.meydan.tv\/az\/article\/beyleqanda-budce-teskilatlarinda-isleyenlere-zorla-pambiq-ekdirirler\/#article","isPartOf":{"@id":"https:\/\/www.meydan.tv\/az\/article\/beyleqanda-budce-teskilatlarinda-isleyenlere-zorla-pambiq-ekdirirler\/"},"author":{"name":"user-manager","@id":"https:\/\/www.meydan.tv\/az\/#\/schema\/person\/10d11eccf6da3662cf5fdab9806ea91a"},"headline":"Beyl\u0259qanda b\u00fcdc\u0259 t\u0259\u015fkilatlar\u0131nda i\u015fl\u0259y\u0259nl\u0259r\u0259 zorla pamb\u0131q \u0259kdirirl\u0259r?","datePublished":"2018-10-19T18:50:59+00:00","mainEntityOfPage":{"@id":"https:\/\/www.meydan.tv\/az\/article\/beyleqanda-budce-teskilatlarinda-isleyenlere-zorla-pambiq-ekdirirler\/"},"wordCount":1614,"publisher":{"@id":"https:\/\/www.meydan.tv\/az\/#organization"},"image":{"@id":"https:\/\/www.meydan.tv\/az\/article\/beyleqanda-budce-teskilatlarinda-isleyenlere-zorla-pambiq-ekdirirler\/#primaryimage"},"thumbnailUrl":"https:\/\/www.meydan.tv\/wp-content\/uploads\/44310.png","articleSection":["B\u00f6lg\u0259"],"inLanguage":"az"},{"@type":"WebPage","@id":"https:\/\/www.meydan.tv\/az\/article\/beyleqanda-budce-teskilatlarinda-isleyenlere-zorla-pambiq-ekdirirler\/","url":"https:\/\/www.meydan.tv\/az\/article\/beyleqanda-budce-teskilatlarinda-isleyenlere-zorla-pambiq-ekdirirler\/","name":"Beyl\u0259qanda b\u00fcdc\u0259 t\u0259\u015fkilatlar\u0131nda i\u015fl\u0259y\u0259nl\u0259r\u0259 zorla pamb\u0131q \u0259kdirirl\u0259r? - MEYDAN.TV","isPartOf":{"@id":"https:\/\/www.meydan.tv\/az\/#website"},"primaryImageOfPage":{"@id":"https:\/\/www.meydan.tv\/az\/article\/beyleqanda-budce-teskilatlarinda-isleyenlere-zorla-pambiq-ekdirirler\/#primaryimage"},"image":{"@id":"https:\/\/www.meydan.tv\/az\/article\/beyleqanda-budce-teskilatlarinda-isleyenlere-zorla-pambiq-ekdirirler\/#primaryimage"},"thumbnailUrl":"https:\/\/www.meydan.tv\/wp-content\/uploads\/44310.png","datePublished":"2018-10-19T18:50:59+00:00","breadcrumb":{"@id":"https:\/\/www.meydan.tv\/az\/article\/beyleqanda-budce-teskilatlarinda-isleyenlere-zorla-pambiq-ekdirirler\/#breadcrumb"},"inLanguage":"az","potentialAction":[{"@type":"ReadAction","target":["https:\/\/www.meydan.tv\/az\/article\/beyleqanda-budce-teskilatlarinda-isleyenlere-zorla-pambiq-ekdirirler\/"]}]},{"@type":"ImageObject","inLanguage":"az","@id":"https:\/\/www.meydan.tv\/az\/article\/beyleqanda-budce-teskilatlarinda-isleyenlere-zorla-pambiq-ekdirirler\/#primaryimage","url":"https:\/\/www.meydan.tv\/wp-content\/uploads\/44310.png","contentUrl":"https:\/\/www.meydan.tv\/wp-content\/uploads\/44310.png","width":810,"height":450,"caption":"Source:"},{"@type":"BreadcrumbList","@id":"https:\/\/www.meydan.tv\/az\/article\/beyleqanda-budce-teskilatlarinda-isleyenlere-zorla-pambiq-ekdirirler\/#breadcrumb","itemListElement":[{"@type":"ListItem","position":1,"name":"Ana s\u0259hif\u0259","item":"https:\/\/www.meydan.tv\/az\/"},{"@type":"ListItem","position":2,"name":"B\u00f6lg\u0259","item":"https:\/\/www.meydan.tv\/az\/section\/bolge\/"},{"@type":"ListItem","position":3,"name":"Beyl\u0259qanda b\u00fcdc\u0259 t\u0259\u015fkilatlar\u0131nda i\u015fl\u0259y\u0259nl\u0259r\u0259 zorla pamb\u0131q \u0259kdirirl\u0259r?"}]},{"@type":"WebSite","@id":"https:\/\/www.meydan.tv\/az\/#website","url":"https:\/\/www.meydan.tv\/az\/","name":"MEYDAN.TV","description":"Meydan TV Az\u0259rbaycan\u0131n media m\u0259kan\u0131ndak\u0131 alternativ s\u0259sidir","publisher":{"@id":"https:\/\/www.meydan.tv\/az\/#organization"},"potentialAction":[{"@type":"SearchAction","target":{"@type":"EntryPoint","urlTemplate":"https:\/\/www.meydan.tv\/az\/?s={search_term_string}"},"query-input":{"@type":"PropertyValueSpecification","valueRequired":true,"valueName":"search_term_string"}}],"inLanguage":"az"},{"@type":"Organization","@id":"https:\/\/www.meydan.tv\/az\/#organization","name":"Meydan TV","url":"https:\/\/www.meydan.tv\/az\/","logo":{"@type":"ImageObject","inLanguage":"az","@id":"https:\/\/www.meydan.tv\/az\/#\/schema\/logo\/image\/","url":"https:\/\/www.meydan.tv\/wp-content\/uploads\/2021\/07\/meydan-logo.svg","contentUrl":"https:\/\/www.meydan.tv\/wp-content\/uploads\/2021\/07\/meydan-logo.svg","width":195,"height":46,"caption":"Meydan TV"},"image":{"@id":"https:\/\/www.meydan.tv\/az\/#\/schema\/logo\/image\/"}},{"@type":"Person","@id":"https:\/\/www.meydan.tv\/az\/#\/schema\/person\/10d11eccf6da3662cf5fdab9806ea91a","name":"user-manager"}]}},"_links":{"self":[{"href":"https:\/\/www.meydan.tv\/az\/wp-json\/wp\/v2\/posts\/192192","targetHints":{"allow":["GET"]}}],"collection":[{"href":"https:\/\/www.meydan.tv\/az\/wp-json\/wp\/v2\/posts"}],"about":[{"href":"https:\/\/www.meydan.tv\/az\/wp-json\/wp\/v2\/types\/post"}],"author":[{"embeddable":true,"href":"https:\/\/www.meydan.tv\/az\/wp-json\/wp\/v2\/users\/11"}],"replies":[{"embeddable":true,"href":"https:\/\/www.meydan.tv\/az\/wp-json\/wp\/v2\/comments?post=192192"}],"version-history":[{"count":0,"href":"https:\/\/www.meydan.tv\/az\/wp-json\/wp\/v2\/posts\/192192\/revisions"}],"wp:featuredmedia":[{"embeddable":true,"href":"https:\/\/www.meydan.tv\/az\/wp-json\/wp\/v2\/media\/111317"}],"wp:attachment":[{"href":"https:\/\/www.meydan.tv\/az\/wp-json\/wp\/v2\/media?parent=192192"}],"wp:term":[{"taxonomy":"category","embeddable":true,"href":"https:\/\/www.meydan.tv\/az\/wp-json\/wp\/v2\/categories?post=192192"},{"taxonomy":"post_tag","embeddable":true,"href":"https:\/\/www.meydan.tv\/az\/wp-json\/wp\/v2\/tags?post=192192"}],"curies":[{"name":"wp","href":"https:\/\/api.w.org\/{rel}","templated":true}]}}