{"id":192191,"date":"2018-10-19T18:30:48","date_gmt":"2018-10-19T18:30:48","guid":{"rendered":"https:\/\/www.meydan.tv\/article\/con-baltonun-bakiya-seferi-zamani-iran-diqqet-merkezinde-olacaq\/"},"modified":"2018-10-19T18:30:48","modified_gmt":"2018-10-19T18:30:48","slug":"con-baltonun-bakiya-seferi-zamani-iran-diqqet-merkezinde-olacaq","status":"publish","type":"post","link":"https:\/\/www.meydan.tv\/az\/article\/con-baltonun-bakiya-seferi-zamani-iran-diqqet-merkezinde-olacaq\/","title":{"rendered":"Con Baltonun Bak\u0131ya s\u0259f\u0259ri zaman\u0131 \u0130ran diqq\u0259t m\u0259rk\u0259zind\u0259 olacaq"},"content":{"rendered":"<figure class=\"wp-block-image size-large\">\n  <img decoding=\"async\" src=\"https:\/\/www.meydan.tv\/az\/con-bolton-2\/\" alt=\"Con Bolton\" class=\"wp-image-111314\"\/><figcaption>\n    Con Bolton<br \/>\n  <\/figcaption><\/figure>\n<p>\n  Amerikan\u0131n milli t\u0259hl\u00fck\u0259sizlik m\u00fc\u015faviri Con Bolton Rusiyaya v\u0259 \u00fc\u00e7 C\u0259nubi Qafqaz \u00f6lk\u0259sin\u0259 s\u0259f\u0259ri \u00e7\u0259r\u00e7iv\u0259sind\u0259 Az\u0259rbaycan\u0131n oktyabr\u0131n 24-d\u0259 Az\u0259rbaycan paytaxt\u0131na g\u0259l\u0259c\u0259k. C\u0259nab Bolton tvitterd\u0259 yaz\u0131rd\u0131 ki, s\u0259f\u0259rinin \u0259sas m\u0259qs\u0259di &#8220;bir s\u0131ra t\u0259hl\u00fck\u0259sizlik m\u0259s\u0259l\u0259l\u0259ri \u00fczr\u0259 Amerikan\u0131n t\u0259\u015f\u0259bb\u00fcsl\u0259rini t\u0259\u015fviq etm\u0259kdir&#8221;.\n<\/p>\n<p>\n  S\u0259f\u0259r AB\u015e-\u0131n X\u0259zin\u0259darl\u0131q \u0130dar\u0259sinin \u0130ran\u0131n Yax\u0131n \u015e\u0259rqd\u0259 m\u00fcxt\u0259lif m\u00fcnaqi\u015f\u0259 zonalar\u0131nda \u0130ran rejiminin maraqlar\u0131 xeyrin\u0259 d\u00f6y\u00fc\u015fm\u0259k \u00fc\u00e7\u00fcn \u0259sg\u0259rl\u0259r y\u0131\u011fan Basic kimi hakimiyy\u0259ty\u00f6nl\u00fc h\u0259rbi birl\u0259\u015fm\u0259l\u0259ri maliyy\u0259l\u0259\u015fdirm\u0259kd\u0259 \u015f\u00fcbh\u0259li bilin\u0259n m\u00fc\u0259ssis\u0259l\u0259rin\u0259 qar\u015f\u0131 sanksiyalar t\u0259tbiq etm\u0259sind\u0259n sonra ba\u015flay\u0131r.\n<\/p>\n<p>\n  Prezident Tramp\u0131n s\u00f6zl\u0259rind\u0259n onun Yax\u0131n \u015e\u0259rqd\u0259 \u0259sas siyas\u0259tinin \u0130ran\u0131n regiondak\u0131 t\u0259sirinin m\u0259hdudla\u015fd\u0131r\u0131lmas\u0131ndan ibar\u0259t oldu\u011fu ayd\u0131n olub. O, AB\u015e-\u0131 &#8220;Birg\u0259 H\u0259rt\u0259r\u0259fli F\u0259aliyy\u0259t Plan\u0131&#8221; (JCPOA) ad\u0131 il\u0259 m\u0259\u015fhur olan \u0130ranla n\u00fcv\u0259 sazi\u015find\u0259n \u00e7\u0131xar\u0131b v\u0259 rejim\u0259 qar\u015f\u0131 s\u0259rt iqtisadi sanksiyalar t\u0259tbiq edib, bununla da AB\u015e administrasiyas\u0131n\u0131n \u0130ran\u0131n regionda t\u0259xribat\u00e7\u0131 f\u0259aliyy\u0259tin\u0259 qar\u015f\u0131 m\u00fcbariz\u0259y\u0259 sadiqliyini n\u00fcmayi\u015f etdirib.\n<\/p>\n<p>\n  Tramp administrasiyas\u0131n\u0131n \u0130rana yana\u015fmas\u0131 AB\u015e-\u0131n v\u0259 m\u00fctt\u0259fiql\u0259rinin t\u0259sir al\u0259tl\u0259ri olan h\u0259rbi v\u0259 maliyy\u0259 t\u0259dbirl\u0259ri birg\u0259liyind\u0259n ibar\u0259tdir. A\u011f Evin \u0130randan neft v\u0259 neft m\u0259hsullar\u0131n\u0131n sat\u0131\u015f\u0131n\u0131 m\u0259hdudla\u015fd\u0131racaq ikinci sanksiyalar m\u0259cmusu noyabr\u0131n 4-d\u0259 q\u00fcvv\u0259y\u0259 minir. Va\u015finqton bu sanksiyalar q\u00fcvv\u0259y\u0259 mindikd\u0259n sonra \u0130ranla biznes v\u0259 ticar\u0259t h\u0259yata ke\u00e7ir\u0259nl\u0259r\u0259 bunun baha ba\u015fa g\u0259l\u0259c\u0259yin\u0259 i\u015far\u0259 edib.\n<\/p>\n<p>\n  C\u0259nab Boltona g\u0259linc\u0259, o, \u00e7ox m\u0259\u015fhurdur v\u0259 Tehrana qar\u015f\u0131 amans\u0131z siyas\u0259tin \u0259n s\u0259batl\u0131 t\u0259r\u0259fdarlar\u0131ndan biridir.\n<\/p>\n<p>\n  Bel\u0259likl\u0259, Con Boltonun Az\u0259rbaycana s\u0259f\u0259rind\u0259n n\u0259 g\u00f6zl\u0259m\u0259k ola? \u0130lk n\u00f6vb\u0259d\u0259, c\u0259nab Bolton \u00f6z \u015f\u0259rhind\u0259 dediyi kimi, Amerikan\u0131n regionda t\u0259hl\u00fck\u0259sizlik maraqlar\u0131 g\u00fcnd\u0259likd\u0259dir. V\u0259 \u0130ran t\u0259hl\u00fck\u0259sizlik maraqlar\u0131nda ilk yerd\u0259dir. Az\u0259rbaycan v\u0259 \u0130ran\u0131n m\u00f6hk\u0259m ticari v\u0259 i\u015fg\u00fczar m\u00fcnasib\u0259tl\u0259ri var. Amerika administrasiyalar\u0131n\u0131n \u0130rana qar\u015f\u0131 \u0259vv\u0259lki sanksiyalar\u0131 he\u00e7 vaxt Az\u0259rbaycan v\u0259 \u0130ran aras\u0131nda ikit\u0259r\u0259fli ticar\u0259t\u0259 toxunmay\u0131b. Amma indi AB\u015e h\u00f6kum\u0259ti \u0130ran\u0131 beyn\u0259lxalq s\u0259viyy\u0259d\u0259 t\u0259crid etm\u0259k niyy\u0259tind\u0259dir v\u0259 buna g\u00f6r\u0259, g\u00f6r\u00fcnd\u00fcy\u00fc q\u0259d\u0259r, sanksiyalar Az\u0259rbaycan-\u0130ran ticari v\u0259 i\u015fg\u00fczar m\u00fcnasib\u0259tl\u0259rini d\u0259 \u0259hat\u0259 etm\u0259lidir.\n<\/p>\n<p>\n  \u018fliyev administrasiyas\u0131n\u0131n antiq\u0259rb m\u00fcnasib\u0259ti v\u0259 Rusiya il\u0259 geni\u015fl\u0259n\u0259n \u0259laq\u0259l\u0259r Az\u0259rbaycan\u0131 regionda etibarl\u0131 strateji m\u00fctt\u0259fiqsiz qoyub. Erm\u0259nistanda bu yax\u0131nlarda ba\u015f vermi\u015f demokratikl\u0259\u015fm\u0259 Az\u0259rbaycan h\u00f6kum\u0259tinin Putin Rusiyas\u0131 il\u0259 h\u0259rbi, iqtisadi v\u0259 ilk n\u00f6vb\u0259d\u0259 siyasi ittifaq\u0131na t\u0259kan verib. Az\u0259rbaycan\u0131n h\u0259d\u0259fi demokratiya olsayd\u0131, onun Q\u0259rb \u00f6lk\u0259l\u0259ri il\u0259 ittifaqlar qurmas\u0131 daha asan olard\u0131. Prezident Tramp g\u00f6st\u0259rib ki, t\u0259hl\u00fck\u0259sizlik sah\u0259sind\u0259 \u00f6z prioritetl\u0259rini t\u0259\u015fviq ed\u0259 bil\u0259c\u0259yi ist\u0259nil\u0259n d\u00f6vl\u0259tl\u0259 i\u015fl\u0259m\u0259y\u0259 haz\u0131rd\u0131r.\n<\/p>\n<p>\n  Bak\u0131ya s\u0259f\u0259ri zaman\u0131 c\u0259nab Bolton h\u0259m\u00e7inin art\u0131q 90-c\u0131 ill\u0259rin s\u0259viyy\u0259sind\u0259 olmayan Az\u0259rbaycan v\u0259 AB\u015e aras\u0131nda iqtisadi \u0259m\u0259kda\u015fl\u0131q haqq\u0131nda dan\u0131\u015facaq. Amerikan\u0131n Da\u011fl\u0131q Qaraba\u011f m\u00fcnaqi\u015f\u0259sinin s\u00fclh yolu il\u0259 h\u0259llin\u0259 v\u0259 terrorizm\u0259 qar\u015f\u0131 m\u00fcbariz\u0259y\u0259 d\u0259st\u0259yi v\u0259 sadiqliyi d\u0259 prezident \u018fliyevl\u0259 dan\u0131\u015f\u0131qlar\u0131n t\u0259rkib hiss\u0259si olacaq. Onun dig\u0259r region \u00f6lk\u0259l\u0259rin\u0259 s\u0259f\u0259rl\u0259rin\u0259 g\u0259linc\u0259, c\u0259nab Bolton Birl\u0259\u015fmi\u015f \u015etatlar\u0131n Erm\u0259nistanda yeni demokratik d\u0259yi\u015fiklikl\u0259r\u0259 v\u0259 Amerika-G\u00fcrc\u00fcstan regional alyans\u0131na d\u0259st\u0259yini ifad\u0259 ed\u0259c\u0259k.<\/p>\n","protected":false},"excerpt":{"rendered":"<p>Con Bolton Amerikan\u0131n milli t\u0259hl\u00fck\u0259sizlik m\u00fc\u015faviri Con Bolton Rusiyaya v\u0259 &#8230; <\/p>\n<p class=\"read-more-container\"><a title=\"Con Baltonun Bak\u0131ya s\u0259f\u0259ri zaman\u0131 \u0130ran diqq\u0259t m\u0259rk\u0259zind\u0259 olacaq\" class=\"read-more button\" href=\"https:\/\/www.meydan.tv\/az\/article\/con-baltonun-bakiya-seferi-zamani-iran-diqqet-merkezinde-olacaq\/#more-192191\" aria-label=\"Read more about Con Baltonun Bak\u0131ya s\u0259f\u0259ri zaman\u0131 \u0130ran diqq\u0259t m\u0259rk\u0259zind\u0259 olacaq\">Davam\u0131<\/a><\/p>\n","protected":false},"author":11,"featured_media":111314,"comment_status":"closed","ping_status":"open","sticky":false,"template":"","format":"standard","meta":{"_acf_changed":false,"_sitemap_exclude":false,"_sitemap_priority":"","_sitemap_frequency":"","footnotes":""},"categories":[51],"tags":[],"class_list":["post-192191","post","type-post","status-publish","format-standard","has-post-thumbnail","hentry","category-analitika","infinite-scroll-item","generate-columns","tablet-grid-50","mobile-grid-100","grid-parent","grid-33","no-featured-image-padding"],"acf":[],"yoast_head":"<!-- This site is optimized with the Yoast SEO plugin v27.4 - https:\/\/yoast.com\/product\/yoast-seo-wordpress\/ -->\n<title>Con Baltonun Bak\u0131ya s\u0259f\u0259ri zaman\u0131 \u0130ran diqq\u0259t m\u0259rk\u0259zind\u0259 olacaq - MEYDAN.TV<\/title>\n<meta name=\"robots\" content=\"index, follow, max-snippet:-1, max-image-preview:large, max-video-preview:-1\" \/>\n<link rel=\"canonical\" href=\"https:\/\/www.meydan.tv\/az\/article\/con-baltonun-bakiya-seferi-zamani-iran-diqqet-merkezinde-olacaq\/\" \/>\n<meta property=\"og:locale\" content=\"az_AZ\" \/>\n<meta property=\"og:type\" content=\"article\" \/>\n<meta property=\"og:title\" content=\"Con Baltonun Bak\u0131ya s\u0259f\u0259ri zaman\u0131 \u0130ran diqq\u0259t m\u0259rk\u0259zind\u0259 olacaq - MEYDAN.TV\" \/>\n<meta property=\"og:description\" content=\"Con Bolton Amerikan\u0131n milli t\u0259hl\u00fck\u0259sizlik m\u00fc\u015faviri Con Bolton Rusiyaya v\u0259 ... Davam\u0131\" \/>\n<meta property=\"og:url\" content=\"https:\/\/www.meydan.tv\/az\/article\/con-baltonun-bakiya-seferi-zamani-iran-diqqet-merkezinde-olacaq\/\" \/>\n<meta property=\"og:site_name\" content=\"MEYDAN.TV\" \/>\n<meta property=\"article:published_time\" content=\"2018-10-19T18:30:48+00:00\" \/>\n<meta property=\"og:image\" content=\"https:\/\/www.meydan.tv\/wp-content\/uploads\/44291.jpg\" \/>\n\t<meta property=\"og:image:width\" content=\"800\" \/>\n\t<meta property=\"og:image:height\" content=\"533\" \/>\n\t<meta property=\"og:image:type\" content=\"image\/jpeg\" \/>\n<meta name=\"author\" content=\"user-manager\" \/>\n<meta name=\"twitter:card\" content=\"summary_large_image\" \/>\n<script type=\"application\/ld+json\" class=\"yoast-schema-graph\">{\"@context\":\"https:\\\/\\\/schema.org\",\"@graph\":[{\"@type\":\"Article\",\"@id\":\"https:\\\/\\\/www.meydan.tv\\\/az\\\/article\\\/con-baltonun-bakiya-seferi-zamani-iran-diqqet-merkezinde-olacaq\\\/#article\",\"isPartOf\":{\"@id\":\"https:\\\/\\\/www.meydan.tv\\\/az\\\/article\\\/con-baltonun-bakiya-seferi-zamani-iran-diqqet-merkezinde-olacaq\\\/\"},\"author\":{\"name\":\"user-manager\",\"@id\":\"https:\\\/\\\/www.meydan.tv\\\/az\\\/#\\\/schema\\\/person\\\/10d11eccf6da3662cf5fdab9806ea91a\"},\"headline\":\"Con Baltonun Bak\u0131ya s\u0259f\u0259ri zaman\u0131 \u0130ran diqq\u0259t m\u0259rk\u0259zind\u0259 olacaq\",\"datePublished\":\"2018-10-19T18:30:48+00:00\",\"mainEntityOfPage\":{\"@id\":\"https:\\\/\\\/www.meydan.tv\\\/az\\\/article\\\/con-baltonun-bakiya-seferi-zamani-iran-diqqet-merkezinde-olacaq\\\/\"},\"wordCount\":737,\"publisher\":{\"@id\":\"https:\\\/\\\/www.meydan.tv\\\/az\\\/#organization\"},\"image\":{\"@id\":\"https:\\\/\\\/www.meydan.tv\\\/az\\\/article\\\/con-baltonun-bakiya-seferi-zamani-iran-diqqet-merkezinde-olacaq\\\/#primaryimage\"},\"thumbnailUrl\":\"https:\\\/\\\/www.meydan.tv\\\/wp-content\\\/uploads\\\/44291.jpg\",\"articleSection\":[\"Analitika\"],\"inLanguage\":\"az\"},{\"@type\":\"WebPage\",\"@id\":\"https:\\\/\\\/www.meydan.tv\\\/az\\\/article\\\/con-baltonun-bakiya-seferi-zamani-iran-diqqet-merkezinde-olacaq\\\/\",\"url\":\"https:\\\/\\\/www.meydan.tv\\\/az\\\/article\\\/con-baltonun-bakiya-seferi-zamani-iran-diqqet-merkezinde-olacaq\\\/\",\"name\":\"Con Baltonun Bak\u0131ya s\u0259f\u0259ri zaman\u0131 \u0130ran diqq\u0259t m\u0259rk\u0259zind\u0259 olacaq - MEYDAN.TV\",\"isPartOf\":{\"@id\":\"https:\\\/\\\/www.meydan.tv\\\/az\\\/#website\"},\"primaryImageOfPage\":{\"@id\":\"https:\\\/\\\/www.meydan.tv\\\/az\\\/article\\\/con-baltonun-bakiya-seferi-zamani-iran-diqqet-merkezinde-olacaq\\\/#primaryimage\"},\"image\":{\"@id\":\"https:\\\/\\\/www.meydan.tv\\\/az\\\/article\\\/con-baltonun-bakiya-seferi-zamani-iran-diqqet-merkezinde-olacaq\\\/#primaryimage\"},\"thumbnailUrl\":\"https:\\\/\\\/www.meydan.tv\\\/wp-content\\\/uploads\\\/44291.jpg\",\"datePublished\":\"2018-10-19T18:30:48+00:00\",\"breadcrumb\":{\"@id\":\"https:\\\/\\\/www.meydan.tv\\\/az\\\/article\\\/con-baltonun-bakiya-seferi-zamani-iran-diqqet-merkezinde-olacaq\\\/#breadcrumb\"},\"inLanguage\":\"az\",\"potentialAction\":[{\"@type\":\"ReadAction\",\"target\":[\"https:\\\/\\\/www.meydan.tv\\\/az\\\/article\\\/con-baltonun-bakiya-seferi-zamani-iran-diqqet-merkezinde-olacaq\\\/\"]}]},{\"@type\":\"ImageObject\",\"inLanguage\":\"az\",\"@id\":\"https:\\\/\\\/www.meydan.tv\\\/az\\\/article\\\/con-baltonun-bakiya-seferi-zamani-iran-diqqet-merkezinde-olacaq\\\/#primaryimage\",\"url\":\"https:\\\/\\\/www.meydan.tv\\\/wp-content\\\/uploads\\\/44291.jpg\",\"contentUrl\":\"https:\\\/\\\/www.meydan.tv\\\/wp-content\\\/uploads\\\/44291.jpg\",\"width\":800,\"height\":533,\"caption\":\"Source:\"},{\"@type\":\"BreadcrumbList\",\"@id\":\"https:\\\/\\\/www.meydan.tv\\\/az\\\/article\\\/con-baltonun-bakiya-seferi-zamani-iran-diqqet-merkezinde-olacaq\\\/#breadcrumb\",\"itemListElement\":[{\"@type\":\"ListItem\",\"position\":1,\"name\":\"Ana s\u0259hif\u0259\",\"item\":\"https:\\\/\\\/www.meydan.tv\\\/az\\\/\"},{\"@type\":\"ListItem\",\"position\":2,\"name\":\"Analitika\",\"item\":\"https:\\\/\\\/www.meydan.tv\\\/az\\\/section\\\/analitika\\\/\"},{\"@type\":\"ListItem\",\"position\":3,\"name\":\"Con Baltonun Bak\u0131ya s\u0259f\u0259ri zaman\u0131 \u0130ran diqq\u0259t m\u0259rk\u0259zind\u0259 olacaq\"}]},{\"@type\":\"WebSite\",\"@id\":\"https:\\\/\\\/www.meydan.tv\\\/az\\\/#website\",\"url\":\"https:\\\/\\\/www.meydan.tv\\\/az\\\/\",\"name\":\"MEYDAN.TV\",\"description\":\"Meydan TV Az\u0259rbaycan\u0131n media m\u0259kan\u0131ndak\u0131 alternativ s\u0259sidir\",\"publisher\":{\"@id\":\"https:\\\/\\\/www.meydan.tv\\\/az\\\/#organization\"},\"potentialAction\":[{\"@type\":\"SearchAction\",\"target\":{\"@type\":\"EntryPoint\",\"urlTemplate\":\"https:\\\/\\\/www.meydan.tv\\\/az\\\/?s={search_term_string}\"},\"query-input\":{\"@type\":\"PropertyValueSpecification\",\"valueRequired\":true,\"valueName\":\"search_term_string\"}}],\"inLanguage\":\"az\"},{\"@type\":\"Organization\",\"@id\":\"https:\\\/\\\/www.meydan.tv\\\/az\\\/#organization\",\"name\":\"Meydan TV\",\"url\":\"https:\\\/\\\/www.meydan.tv\\\/az\\\/\",\"logo\":{\"@type\":\"ImageObject\",\"inLanguage\":\"az\",\"@id\":\"https:\\\/\\\/www.meydan.tv\\\/az\\\/#\\\/schema\\\/logo\\\/image\\\/\",\"url\":\"https:\\\/\\\/www.meydan.tv\\\/wp-content\\\/uploads\\\/2021\\\/07\\\/meydan-logo.svg\",\"contentUrl\":\"https:\\\/\\\/www.meydan.tv\\\/wp-content\\\/uploads\\\/2021\\\/07\\\/meydan-logo.svg\",\"width\":195,\"height\":46,\"caption\":\"Meydan TV\"},\"image\":{\"@id\":\"https:\\\/\\\/www.meydan.tv\\\/az\\\/#\\\/schema\\\/logo\\\/image\\\/\"}},{\"@type\":\"Person\",\"@id\":\"https:\\\/\\\/www.meydan.tv\\\/az\\\/#\\\/schema\\\/person\\\/10d11eccf6da3662cf5fdab9806ea91a\",\"name\":\"user-manager\"}]}<\/script>\n<!-- \/ Yoast SEO plugin. -->","yoast_head_json":{"title":"Con Baltonun Bak\u0131ya s\u0259f\u0259ri zaman\u0131 \u0130ran diqq\u0259t m\u0259rk\u0259zind\u0259 olacaq - MEYDAN.TV","robots":{"index":"index","follow":"follow","max-snippet":"max-snippet:-1","max-image-preview":"max-image-preview:large","max-video-preview":"max-video-preview:-1"},"canonical":"https:\/\/www.meydan.tv\/az\/article\/con-baltonun-bakiya-seferi-zamani-iran-diqqet-merkezinde-olacaq\/","og_locale":"az_AZ","og_type":"article","og_title":"Con Baltonun Bak\u0131ya s\u0259f\u0259ri zaman\u0131 \u0130ran diqq\u0259t m\u0259rk\u0259zind\u0259 olacaq - MEYDAN.TV","og_description":"Con Bolton Amerikan\u0131n milli t\u0259hl\u00fck\u0259sizlik m\u00fc\u015faviri Con Bolton Rusiyaya v\u0259 ... Davam\u0131","og_url":"https:\/\/www.meydan.tv\/az\/article\/con-baltonun-bakiya-seferi-zamani-iran-diqqet-merkezinde-olacaq\/","og_site_name":"MEYDAN.TV","article_published_time":"2018-10-19T18:30:48+00:00","og_image":[{"width":800,"height":533,"url":"https:\/\/www.meydan.tv\/wp-content\/uploads\/44291.jpg","type":"image\/jpeg"}],"author":"user-manager","twitter_card":"summary_large_image","schema":{"@context":"https:\/\/schema.org","@graph":[{"@type":"Article","@id":"https:\/\/www.meydan.tv\/az\/article\/con-baltonun-bakiya-seferi-zamani-iran-diqqet-merkezinde-olacaq\/#article","isPartOf":{"@id":"https:\/\/www.meydan.tv\/az\/article\/con-baltonun-bakiya-seferi-zamani-iran-diqqet-merkezinde-olacaq\/"},"author":{"name":"user-manager","@id":"https:\/\/www.meydan.tv\/az\/#\/schema\/person\/10d11eccf6da3662cf5fdab9806ea91a"},"headline":"Con Baltonun Bak\u0131ya s\u0259f\u0259ri zaman\u0131 \u0130ran diqq\u0259t m\u0259rk\u0259zind\u0259 olacaq","datePublished":"2018-10-19T18:30:48+00:00","mainEntityOfPage":{"@id":"https:\/\/www.meydan.tv\/az\/article\/con-baltonun-bakiya-seferi-zamani-iran-diqqet-merkezinde-olacaq\/"},"wordCount":737,"publisher":{"@id":"https:\/\/www.meydan.tv\/az\/#organization"},"image":{"@id":"https:\/\/www.meydan.tv\/az\/article\/con-baltonun-bakiya-seferi-zamani-iran-diqqet-merkezinde-olacaq\/#primaryimage"},"thumbnailUrl":"https:\/\/www.meydan.tv\/wp-content\/uploads\/44291.jpg","articleSection":["Analitika"],"inLanguage":"az"},{"@type":"WebPage","@id":"https:\/\/www.meydan.tv\/az\/article\/con-baltonun-bakiya-seferi-zamani-iran-diqqet-merkezinde-olacaq\/","url":"https:\/\/www.meydan.tv\/az\/article\/con-baltonun-bakiya-seferi-zamani-iran-diqqet-merkezinde-olacaq\/","name":"Con Baltonun Bak\u0131ya s\u0259f\u0259ri zaman\u0131 \u0130ran diqq\u0259t m\u0259rk\u0259zind\u0259 olacaq - MEYDAN.TV","isPartOf":{"@id":"https:\/\/www.meydan.tv\/az\/#website"},"primaryImageOfPage":{"@id":"https:\/\/www.meydan.tv\/az\/article\/con-baltonun-bakiya-seferi-zamani-iran-diqqet-merkezinde-olacaq\/#primaryimage"},"image":{"@id":"https:\/\/www.meydan.tv\/az\/article\/con-baltonun-bakiya-seferi-zamani-iran-diqqet-merkezinde-olacaq\/#primaryimage"},"thumbnailUrl":"https:\/\/www.meydan.tv\/wp-content\/uploads\/44291.jpg","datePublished":"2018-10-19T18:30:48+00:00","breadcrumb":{"@id":"https:\/\/www.meydan.tv\/az\/article\/con-baltonun-bakiya-seferi-zamani-iran-diqqet-merkezinde-olacaq\/#breadcrumb"},"inLanguage":"az","potentialAction":[{"@type":"ReadAction","target":["https:\/\/www.meydan.tv\/az\/article\/con-baltonun-bakiya-seferi-zamani-iran-diqqet-merkezinde-olacaq\/"]}]},{"@type":"ImageObject","inLanguage":"az","@id":"https:\/\/www.meydan.tv\/az\/article\/con-baltonun-bakiya-seferi-zamani-iran-diqqet-merkezinde-olacaq\/#primaryimage","url":"https:\/\/www.meydan.tv\/wp-content\/uploads\/44291.jpg","contentUrl":"https:\/\/www.meydan.tv\/wp-content\/uploads\/44291.jpg","width":800,"height":533,"caption":"Source:"},{"@type":"BreadcrumbList","@id":"https:\/\/www.meydan.tv\/az\/article\/con-baltonun-bakiya-seferi-zamani-iran-diqqet-merkezinde-olacaq\/#breadcrumb","itemListElement":[{"@type":"ListItem","position":1,"name":"Ana s\u0259hif\u0259","item":"https:\/\/www.meydan.tv\/az\/"},{"@type":"ListItem","position":2,"name":"Analitika","item":"https:\/\/www.meydan.tv\/az\/section\/analitika\/"},{"@type":"ListItem","position":3,"name":"Con Baltonun Bak\u0131ya s\u0259f\u0259ri zaman\u0131 \u0130ran diqq\u0259t m\u0259rk\u0259zind\u0259 olacaq"}]},{"@type":"WebSite","@id":"https:\/\/www.meydan.tv\/az\/#website","url":"https:\/\/www.meydan.tv\/az\/","name":"MEYDAN.TV","description":"Meydan TV Az\u0259rbaycan\u0131n media m\u0259kan\u0131ndak\u0131 alternativ s\u0259sidir","publisher":{"@id":"https:\/\/www.meydan.tv\/az\/#organization"},"potentialAction":[{"@type":"SearchAction","target":{"@type":"EntryPoint","urlTemplate":"https:\/\/www.meydan.tv\/az\/?s={search_term_string}"},"query-input":{"@type":"PropertyValueSpecification","valueRequired":true,"valueName":"search_term_string"}}],"inLanguage":"az"},{"@type":"Organization","@id":"https:\/\/www.meydan.tv\/az\/#organization","name":"Meydan TV","url":"https:\/\/www.meydan.tv\/az\/","logo":{"@type":"ImageObject","inLanguage":"az","@id":"https:\/\/www.meydan.tv\/az\/#\/schema\/logo\/image\/","url":"https:\/\/www.meydan.tv\/wp-content\/uploads\/2021\/07\/meydan-logo.svg","contentUrl":"https:\/\/www.meydan.tv\/wp-content\/uploads\/2021\/07\/meydan-logo.svg","width":195,"height":46,"caption":"Meydan TV"},"image":{"@id":"https:\/\/www.meydan.tv\/az\/#\/schema\/logo\/image\/"}},{"@type":"Person","@id":"https:\/\/www.meydan.tv\/az\/#\/schema\/person\/10d11eccf6da3662cf5fdab9806ea91a","name":"user-manager"}]}},"_links":{"self":[{"href":"https:\/\/www.meydan.tv\/az\/wp-json\/wp\/v2\/posts\/192191","targetHints":{"allow":["GET"]}}],"collection":[{"href":"https:\/\/www.meydan.tv\/az\/wp-json\/wp\/v2\/posts"}],"about":[{"href":"https:\/\/www.meydan.tv\/az\/wp-json\/wp\/v2\/types\/post"}],"author":[{"embeddable":true,"href":"https:\/\/www.meydan.tv\/az\/wp-json\/wp\/v2\/users\/11"}],"replies":[{"embeddable":true,"href":"https:\/\/www.meydan.tv\/az\/wp-json\/wp\/v2\/comments?post=192191"}],"version-history":[{"count":0,"href":"https:\/\/www.meydan.tv\/az\/wp-json\/wp\/v2\/posts\/192191\/revisions"}],"wp:featuredmedia":[{"embeddable":true,"href":"https:\/\/www.meydan.tv\/az\/wp-json\/wp\/v2\/media\/111314"}],"wp:attachment":[{"href":"https:\/\/www.meydan.tv\/az\/wp-json\/wp\/v2\/media?parent=192191"}],"wp:term":[{"taxonomy":"category","embeddable":true,"href":"https:\/\/www.meydan.tv\/az\/wp-json\/wp\/v2\/categories?post=192191"},{"taxonomy":"post_tag","embeddable":true,"href":"https:\/\/www.meydan.tv\/az\/wp-json\/wp\/v2\/tags?post=192191"}],"curies":[{"name":"wp","href":"https:\/\/api.w.org\/{rel}","templated":true}]}}