{"id":192185,"date":"2018-10-19T16:46:21","date_gmt":"2018-10-19T16:46:21","guid":{"rendered":"https:\/\/www.meydan.tv\/article\/qarabag-elili-muharibe-elilleri-valideyn-qoltugunda-yasayir\/"},"modified":"2018-10-19T16:46:21","modified_gmt":"2018-10-19T16:46:21","slug":"qarabag-elili-muharibe-elilleri-valideyn-qoltugunda-yasayir","status":"publish","type":"post","link":"https:\/\/www.meydan.tv\/az\/article\/qarabag-elili-muharibe-elilleri-valideyn-qoltugunda-yasayir\/","title":{"rendered":"Qaraba\u011f \u0259lili: M\u00fcharib\u0259 \u0259lill\u0259ri valideyn qoltu\u011funda ya\u015fay\u0131r"},"content":{"rendered":"<figure class=\"wp-block-image size-large\">\n  <img decoding=\"async\" src=\"https:\/\/www.meydan.tv\/az\/nusret-yusifov\/\" alt=\"N\u00fcsr\u0259t Yusifov\" class=\"wp-image-111302\"\/><figcaption>\n    N\u00fcsr\u0259t Yusifov<br \/>\n  <\/figcaption><\/figure>\n<p>\n  <i><br \/>\n    N\u0259vaid\u0259 ya\u015fayan N\u00fcsr\u0259t Qas\u0131mov qay\u011f\u0131 g\u00f6st\u0259rilm\u0259m\u0259sind\u0259n gileyl\u0259nir<br \/>\n  <\/i><\/p>\n<p>  \u201cA\u011fdamda d\u00f6y\u00fc\u015fl\u0259rd\u0259 yaralanm\u0131\u015fam. 24 ildir ki, m\u00fcharib\u0259 \u0259liliy\u0259m. \u0130ndiy\u0259 kimi d\u00f6vl\u0259tin c\u00fczi pensiyas\u0131ndan v\u0259 prezident t\u0259qa\u00fcd\u00fcnd\u0259n ba\u015fqa he\u00e7 bir qay\u011f\u0131 g\u00f6rm\u0259mi\u015f\u0259m. Pensiya, prezident t\u0259qa\u00fcd\u00fc \u2013 m\u00fcharib\u0259 \u0259lilin\u0259 qay\u011f\u0131 bunlarla m\u0259hdudla\u015fmamal\u0131d\u0131r. \u0130ll\u0259rdir ki, m\u0259nzil, avtomobil \u00fc\u00e7\u00fcn s\u00fcr\u00fcnd\u00fcr\u00fcl\u00fcr\u0259m\u201d.<\/p>\n<p>  Hac\u0131qabulun N\u0259vai k\u0259ndind\u0259 ya\u015fayan N\u00fcsr\u0259t Yusifov ikinci qrup Qaraba\u011f \u0259lilidir. Meydan TV-y\u0259 dan\u0131\u015f\u0131r ki, uzun ill\u0259r m\u00fcalic\u0259 \u00fc\u00e7\u00fcn d\u0259rmanlar\u0131n\u0131 \u0259lillik pensiyas\u0131 hesab\u0131na al\u0131b. D\u00f6vl\u0259t\u0259 m\u0259nzil v\u0259 avtomobil \u00fc\u00e7\u00fcn m\u00fcraci\u0259t ets\u0259 d\u0259, m\u00fcsb\u0259t cavab almay\u0131b. \u0130ndiy\u0259d\u0259k ail\u0259si il\u0259 \u015f\u0259raitsiz ata evind\u0259 ya\u015fay\u0131r:<\/p>\n<blockquote><p>\n  M\u0259ni m\u0259nzil n\u00f6vb\u0259sind\u0259n k\u0259narla\u015fd\u0131r\u0131blar\n<\/p><\/blockquote>\n<p>\n  \u201cAta evind\u0259 m\u0259nd\u0259n ba\u015fqa ail\u0259sind\u0259n bo\u015fan\u0131b g\u0259lmi\u015f iki bac\u0131m da ya\u015fay\u0131r. Evd\u0259 s\u0131xl\u0131qd\u0131r, \u00e7\u0259tindir. M\u00fcharib\u0259 \u0259lill\u0259rinin, \u015f\u0259hid ail\u0259l\u0259rinin m\u0259nzil \u015f\u0259raitinin yax\u015f\u0131la\u015fd\u0131r\u0131lmas\u0131 \u00fc\u00e7\u00fcn h\u0259r il b\u00fcdc\u0259d\u0259n m\u00fcharib\u0259 \u0259lill\u0259rin\u0259, \u015f\u0259hid ail\u0259l\u0259rin\u0259 evl\u0259rin tikilib verilm\u0259si \u00fc\u00e7\u00fcn pul ayr\u0131l\u0131r. Ancaq n\u0259 q\u0259d\u0259r \u0259lil h\u0259l\u0259 d\u0259 qap\u0131larda, qohum evl\u0259rind\u0259, valideyn qoltu\u011funda ya\u015famaqdad\u0131r\u201d.<\/p>\n<p>  N\u00fcsr\u0259t Yusifov 2011-ci ild\u0259 Hac\u0131qabul Rayon \u0130cra Hakimiyy\u0259tind\u0259 m\u0259nzil n\u00f6vb\u0259si \u00fc\u00e7\u00fcn qeydiyyata g\u00f6t\u00fcr\u00fcl\u00fcb. Bir m\u00fcdd\u0259t sonra maraqlananda x\u0259b\u0259r tutub ki, onu \u0259lill\u0259rin m\u0259nzil qeydiyyat\u0131ndan k\u0259narla\u015fd\u0131r\u0131blar.<\/p>\n<blockquote><p>\n  M\u0259nd\u0259n x\u0259b\u0259rsiz qeydiyyat\u0131m l\u0259\u011fv olunub\n<\/p><\/blockquote>\n<p>\n  \u201cS\u0259b\u0259b d\u0259 o g\u00f6st\u0259rildi ki, valideynl\u0259rimin evi var. H\u0259min ev 30-cu ill\u0259rd\u0259 \u00e7iy k\u0259rpicd\u0259n tikilmi\u015f ev idi. T\u0259xmin\u0259n 10 il \u0259vv\u0259l sel n\u0259tic\u0259sind\u0259 da\u011f\u0131lm\u0131\u015fd\u0131. F\u00f6vq\u0259lad\u0259 Hallar Nazirliyi yeni ev tikib verdi. Ancaq bu ev m\u0259n\u0259 yox, atama verildi, \u00e7\u00fcnki da\u011f\u0131lan ev onun idi. M\u0259ni n\u00f6vb\u0259y\u0259 yazmam\u0131\u015fd\u0131lar, el\u0259c\u0259 qeydiyyata g\u00f6t\u00fcrm\u00fc\u015fd\u00fcl\u0259r. Bir d\u0259f\u0259 maraqlananda ki, m\u0259nim m\u0259nzil m\u0259s\u0259l\u0259m n\u0259 yerd\u0259 qald\u0131, icra hakimiyy\u0259tind\u0259n bildirdil\u0259r ki, s\u0259nin qeydiyyat\u0131n l\u0259\u011fv olunub. S\u0259b\u0259b d\u0259 onu g\u00f6st\u0259rdil\u0259r ki, F\u00f6vq\u0259lad\u0259 Hallar Nazirliyi siz\u0259 ev tikib. Halbuki, h\u0259min ev atam\u0131n da\u011f\u0131lm\u0131\u015f evinin yerin\u0259 tikilib verilmi\u015fdi, m\u0259n\u0259 yox, yen\u0259 deyir\u0259m, atama. M\u0259n orda ail\u0259ml\u0259 bir k\u00fcncd\u0259 ya\u015fay\u0131ram. Bac\u0131lar\u0131m da h\u0259min ev\u0259 iddial\u0131d\u0131lar\u201d.\n<\/p>\n<blockquote><p>\n  H\u0259kim komissiyas\u0131 deyir, kateqoriyan uy\u011fun g\u0259lmir\n<\/p><\/blockquote>\n<p>\n  N\u00fcsr\u0259t Yusifov ill\u0259rdir ki, avtomobil n\u00f6vb\u0259sin\u0259 d\u0259 dayana bilmir. S\u0259b\u0259bind\u0259n dan\u0131\u015f\u0131r:<\/p>\n<figure class=\"wp-block-image size-large\">\n  <img decoding=\"async\" src=\"https:\/\/www.meydan.tv\/az\/111305\/\" alt=\"\" class=\"wp-image-111305\"\/><figcaption><\/figcaption><\/figure>\n<p>\n  \u201cRayondak\u0131 h\u0259kim komissiyas\u0131 deyir ki, avtomobil n\u00f6vb\u0259sin\u0259 g\u00f6t\u00fcr\u00fclm\u0259k \u00fc\u00e7\u00fcn s\u0259nin kateqoriyan d\u00fcz g\u0259lmir. Deyir\u0259m, d\u00fcz g\u0259lm\u0259si \u00fc\u00e7\u00fcn nn\u0259 etm\u0259liydim, erm\u0259niy\u0259 dem\u0259lydim m\u0259ni el\u0259 yerimd\u0259n yarala ki, g\u0259l\u0259c\u0259kd\u0259 avtomobil \u00fc\u00e7\u00fcn n\u00f6vb\u0259y\u0259 g\u00f6t\u00fcr\u00fcl\u0259nd\u0259 kateqoriyam d\u00fcz g\u0259lsin? M\u0259n d\u0259 bu torpa\u011fa g\u00f6r\u0259 vuru\u015fmu\u015fam, sa\u011flaml\u0131\u011f\u0131m\u0131 itirmi\u015f\u0259m. Tank komandiri olmu\u015fam, d\u00f6y\u00fc\u015fd\u0259 erm\u0259ni h\u0259rb\u00e7il\u0259ri tank\u0131m\u0131 vurublar, yanan tankdan \u00e7\u0131xanda erm\u0259ni snayperi il\u0259 vurulmu\u015fam. Sa\u011f \u00e7iynimd\u0259n g\u00fcll\u0259 yaras\u0131 alm\u0131\u015fam, 7 qab\u0131r\u011fam s\u0131n\u0131b, havalar d\u0259yi\u015f\u0259nd\u0259 qab\u0131r\u011falar\u0131mda \u00f6l\u00fcmc\u00fcl a\u011fr\u0131lar ba\u015f verir, ba\u015f\u0131mdan ald\u0131\u011f\u0131m z\u0259d\u0259d\u0259n \u00f6m\u00fcrl\u00fck kontuziya yaran\u0131b, bununla bel\u0259, m\u0259n\u0259 birinci yox, ikinci qrup \u0259lillik t\u0259yin olunub. \u0130ndi d\u0259 h\u0259kim komissiyas\u0131 deyir, bu kateqoriya il\u0259 s\u0259n\u0259 ma\u015f\u0131n d\u00fc\u015fm\u00fcr\u201d.\n<\/p>\n<blockquote><p>\n  M\u00fcharib\u0259 \u0259lili azirliy\u0259 m\u00fcraci\u0259t etm\u0259lidir\n<\/p><\/blockquote>\n<p>\n  \u018fm\u0259k v\u0259 \u018fhalinin Sosial M\u00fcdafi\u0259si Nazirliyind\u0259n bildirilib ki, m\u00fcharib\u0259 \u0259lill\u0259rinin m\u0259nzil \u015f\u0259raitl\u0259rinin yax\u015f\u0131la\u015fd\u0131r\u0131lmas\u0131 il\u0259 birba\u015fa nazirlik m\u0259\u015f\u011ful olur:\n<\/p>\n<p>\n  \u201cRegionlar\u0131n\u0131n sosial-iqtisadi inki\u015faf\u0131na dair D\u00f6vl\u0259t Proqramlar\u0131nda da nazirlik t\u0259r\u0259find\u0259n m\u0259hz Qaraba\u011f m\u00fcharib\u0259si \u0259lill\u0259rinin v\u0259 \u015f\u0259hid ail\u0259l\u0259rinin m\u0259nzil-m\u0259i\u015f\u0259t \u015f\u0259raitinin yax\u015f\u0131la\u015fd\u0131r\u0131lmas\u0131 \u00fc\u00e7\u00fcn m\u0259nzill\u0259rin in\u015fa etdirilm\u0259si konkret \u015f\u0259kild\u0259 \u00f6z \u0259ksini tap\u0131b. M\u0259nzil-m\u0259i\u015f\u0259t \u015f\u0259raitl\u0259rinin yax\u015f\u0131la\u015fd\u0131r\u0131lmas\u0131 il\u0259 ba\u011fl\u0131 m\u00fcvafiq rayon (\u015f\u0259h\u0259r) \u0130cra Hakimiyy\u0259tl\u0259rin\u0259 \u00fcmumi s\u0259b\u0259bd\u0259n \u0259lilliyi olan v\u0259t\u0259nda\u015flar m\u00fcraci\u0259t edir. M\u00fcharib\u0259 \u0259lilinin avtomobill\u0259 ba\u011fl\u0131 m\u00fcraci\u0259ti d\u0259 d\u00fczg\u00fcn olmay\u0131b\u201d. Qurumdan bildirilib ki, h\u0259kim komissiyas\u0131n\u0131n v\u0259zif\u0259si m\u00fcayin\u0259l\u0259r\u0259 dair m\u00fcvafiq aray\u0131\u015flar\u0131 haz\u0131rlay\u0131b verm\u0259kd\u0259n ibar\u0259tdir. M\u00fcharib\u0259 \u0259lili avtomobll\u0259 ba\u011fl\u0131 m\u00fcvafiq s\u0259n\u0259dl\u0259rini nazirliy\u0259 t\u0259qdim etm\u0259li, sonrak\u0131 q\u0259rarlar da qurum t\u0259r\u0259find\u0259n verilm\u0259lidir.<\/p>\n","protected":false},"excerpt":{"rendered":"<p>N\u0259vaid\u0259 ya\u015fayan N\u00fcsr\u0259t Qas\u0131mov qay\u011f\u0131 g\u00f6st\u0259rilm\u0259m\u0259sind\u0259n gileyl\u0259nir<\/p>\n","protected":false},"author":11,"featured_media":111302,"comment_status":"closed","ping_status":"open","sticky":false,"template":"","format":"standard","meta":{"_acf_changed":false,"_sitemap_exclude":false,"_sitemap_priority":"","_sitemap_frequency":"","footnotes":""},"categories":[60],"tags":[],"class_list":["post-192185","post","type-post","status-publish","format-standard","has-post-thumbnail","hentry","category-bolge","infinite-scroll-item","generate-columns","tablet-grid-50","mobile-grid-100","grid-parent","grid-33","no-featured-image-padding"],"acf":[],"yoast_head":"<!-- This site is optimized with the Yoast SEO plugin v27.4 - https:\/\/yoast.com\/product\/yoast-seo-wordpress\/ -->\n<title>Qaraba\u011f \u0259lili: M\u00fcharib\u0259 \u0259lill\u0259ri valideyn qoltu\u011funda ya\u015fay\u0131r - MEYDAN.TV<\/title>\n<meta name=\"robots\" content=\"index, follow, max-snippet:-1, max-image-preview:large, max-video-preview:-1\" \/>\n<link rel=\"canonical\" href=\"https:\/\/www.meydan.tv\/az\/article\/qarabag-elili-muharibe-elilleri-valideyn-qoltugunda-yasayir\/\" \/>\n<meta property=\"og:locale\" content=\"az_AZ\" \/>\n<meta property=\"og:type\" content=\"article\" \/>\n<meta property=\"og:title\" content=\"Qaraba\u011f \u0259lili: M\u00fcharib\u0259 \u0259lill\u0259ri valideyn qoltu\u011funda ya\u015fay\u0131r - MEYDAN.TV\" \/>\n<meta property=\"og:description\" content=\"N\u0259vaid\u0259 ya\u015fayan N\u00fcsr\u0259t Qas\u0131mov qay\u011f\u0131 g\u00f6st\u0259rilm\u0259m\u0259sind\u0259n gileyl\u0259nir\" \/>\n<meta property=\"og:url\" content=\"https:\/\/www.meydan.tv\/az\/article\/qarabag-elili-muharibe-elilleri-valideyn-qoltugunda-yasayir\/\" \/>\n<meta property=\"og:site_name\" content=\"MEYDAN.TV\" \/>\n<meta property=\"article:published_time\" content=\"2018-10-19T16:46:21+00:00\" \/>\n<meta property=\"og:image\" content=\"https:\/\/www.meydan.tv\/wp-content\/uploads\/44285.jpg\" \/>\n\t<meta property=\"og:image:width\" content=\"960\" \/>\n\t<meta property=\"og:image:height\" content=\"1280\" \/>\n\t<meta property=\"og:image:type\" content=\"image\/jpeg\" \/>\n<meta name=\"author\" content=\"user-manager\" \/>\n<meta name=\"twitter:card\" content=\"summary_large_image\" \/>\n<script type=\"application\/ld+json\" class=\"yoast-schema-graph\">{\"@context\":\"https:\\\/\\\/schema.org\",\"@graph\":[{\"@type\":\"Article\",\"@id\":\"https:\\\/\\\/www.meydan.tv\\\/az\\\/article\\\/qarabag-elili-muharibe-elilleri-valideyn-qoltugunda-yasayir\\\/#article\",\"isPartOf\":{\"@id\":\"https:\\\/\\\/www.meydan.tv\\\/az\\\/article\\\/qarabag-elili-muharibe-elilleri-valideyn-qoltugunda-yasayir\\\/\"},\"author\":{\"name\":\"user-manager\",\"@id\":\"https:\\\/\\\/www.meydan.tv\\\/az\\\/#\\\/schema\\\/person\\\/10d11eccf6da3662cf5fdab9806ea91a\"},\"headline\":\"Qaraba\u011f \u0259lili: M\u00fcharib\u0259 \u0259lill\u0259ri valideyn qoltu\u011funda ya\u015fay\u0131r\",\"datePublished\":\"2018-10-19T16:46:21+00:00\",\"mainEntityOfPage\":{\"@id\":\"https:\\\/\\\/www.meydan.tv\\\/az\\\/article\\\/qarabag-elili-muharibe-elilleri-valideyn-qoltugunda-yasayir\\\/\"},\"wordCount\":910,\"publisher\":{\"@id\":\"https:\\\/\\\/www.meydan.tv\\\/az\\\/#organization\"},\"image\":{\"@id\":\"https:\\\/\\\/www.meydan.tv\\\/az\\\/article\\\/qarabag-elili-muharibe-elilleri-valideyn-qoltugunda-yasayir\\\/#primaryimage\"},\"thumbnailUrl\":\"https:\\\/\\\/www.meydan.tv\\\/wp-content\\\/uploads\\\/44285.jpg\",\"articleSection\":[\"B\u00f6lg\u0259\"],\"inLanguage\":\"az\"},{\"@type\":\"WebPage\",\"@id\":\"https:\\\/\\\/www.meydan.tv\\\/az\\\/article\\\/qarabag-elili-muharibe-elilleri-valideyn-qoltugunda-yasayir\\\/\",\"url\":\"https:\\\/\\\/www.meydan.tv\\\/az\\\/article\\\/qarabag-elili-muharibe-elilleri-valideyn-qoltugunda-yasayir\\\/\",\"name\":\"Qaraba\u011f \u0259lili: M\u00fcharib\u0259 \u0259lill\u0259ri valideyn qoltu\u011funda ya\u015fay\u0131r - MEYDAN.TV\",\"isPartOf\":{\"@id\":\"https:\\\/\\\/www.meydan.tv\\\/az\\\/#website\"},\"primaryImageOfPage\":{\"@id\":\"https:\\\/\\\/www.meydan.tv\\\/az\\\/article\\\/qarabag-elili-muharibe-elilleri-valideyn-qoltugunda-yasayir\\\/#primaryimage\"},\"image\":{\"@id\":\"https:\\\/\\\/www.meydan.tv\\\/az\\\/article\\\/qarabag-elili-muharibe-elilleri-valideyn-qoltugunda-yasayir\\\/#primaryimage\"},\"thumbnailUrl\":\"https:\\\/\\\/www.meydan.tv\\\/wp-content\\\/uploads\\\/44285.jpg\",\"datePublished\":\"2018-10-19T16:46:21+00:00\",\"breadcrumb\":{\"@id\":\"https:\\\/\\\/www.meydan.tv\\\/az\\\/article\\\/qarabag-elili-muharibe-elilleri-valideyn-qoltugunda-yasayir\\\/#breadcrumb\"},\"inLanguage\":\"az\",\"potentialAction\":[{\"@type\":\"ReadAction\",\"target\":[\"https:\\\/\\\/www.meydan.tv\\\/az\\\/article\\\/qarabag-elili-muharibe-elilleri-valideyn-qoltugunda-yasayir\\\/\"]}]},{\"@type\":\"ImageObject\",\"inLanguage\":\"az\",\"@id\":\"https:\\\/\\\/www.meydan.tv\\\/az\\\/article\\\/qarabag-elili-muharibe-elilleri-valideyn-qoltugunda-yasayir\\\/#primaryimage\",\"url\":\"https:\\\/\\\/www.meydan.tv\\\/wp-content\\\/uploads\\\/44285.jpg\",\"contentUrl\":\"https:\\\/\\\/www.meydan.tv\\\/wp-content\\\/uploads\\\/44285.jpg\",\"width\":960,\"height\":1280,\"caption\":\"Source:\"},{\"@type\":\"BreadcrumbList\",\"@id\":\"https:\\\/\\\/www.meydan.tv\\\/az\\\/article\\\/qarabag-elili-muharibe-elilleri-valideyn-qoltugunda-yasayir\\\/#breadcrumb\",\"itemListElement\":[{\"@type\":\"ListItem\",\"position\":1,\"name\":\"Ana s\u0259hif\u0259\",\"item\":\"https:\\\/\\\/www.meydan.tv\\\/az\\\/\"},{\"@type\":\"ListItem\",\"position\":2,\"name\":\"B\u00f6lg\u0259\",\"item\":\"https:\\\/\\\/www.meydan.tv\\\/az\\\/section\\\/bolge\\\/\"},{\"@type\":\"ListItem\",\"position\":3,\"name\":\"Qaraba\u011f \u0259lili: M\u00fcharib\u0259 \u0259lill\u0259ri valideyn qoltu\u011funda ya\u015fay\u0131r\"}]},{\"@type\":\"WebSite\",\"@id\":\"https:\\\/\\\/www.meydan.tv\\\/az\\\/#website\",\"url\":\"https:\\\/\\\/www.meydan.tv\\\/az\\\/\",\"name\":\"MEYDAN.TV\",\"description\":\"Meydan TV Az\u0259rbaycan\u0131n media m\u0259kan\u0131ndak\u0131 alternativ s\u0259sidir\",\"publisher\":{\"@id\":\"https:\\\/\\\/www.meydan.tv\\\/az\\\/#organization\"},\"potentialAction\":[{\"@type\":\"SearchAction\",\"target\":{\"@type\":\"EntryPoint\",\"urlTemplate\":\"https:\\\/\\\/www.meydan.tv\\\/az\\\/?s={search_term_string}\"},\"query-input\":{\"@type\":\"PropertyValueSpecification\",\"valueRequired\":true,\"valueName\":\"search_term_string\"}}],\"inLanguage\":\"az\"},{\"@type\":\"Organization\",\"@id\":\"https:\\\/\\\/www.meydan.tv\\\/az\\\/#organization\",\"name\":\"Meydan TV\",\"url\":\"https:\\\/\\\/www.meydan.tv\\\/az\\\/\",\"logo\":{\"@type\":\"ImageObject\",\"inLanguage\":\"az\",\"@id\":\"https:\\\/\\\/www.meydan.tv\\\/az\\\/#\\\/schema\\\/logo\\\/image\\\/\",\"url\":\"https:\\\/\\\/www.meydan.tv\\\/wp-content\\\/uploads\\\/2021\\\/07\\\/meydan-logo.svg\",\"contentUrl\":\"https:\\\/\\\/www.meydan.tv\\\/wp-content\\\/uploads\\\/2021\\\/07\\\/meydan-logo.svg\",\"width\":195,\"height\":46,\"caption\":\"Meydan TV\"},\"image\":{\"@id\":\"https:\\\/\\\/www.meydan.tv\\\/az\\\/#\\\/schema\\\/logo\\\/image\\\/\"}},{\"@type\":\"Person\",\"@id\":\"https:\\\/\\\/www.meydan.tv\\\/az\\\/#\\\/schema\\\/person\\\/10d11eccf6da3662cf5fdab9806ea91a\",\"name\":\"user-manager\"}]}<\/script>\n<!-- \/ Yoast SEO plugin. -->","yoast_head_json":{"title":"Qaraba\u011f \u0259lili: M\u00fcharib\u0259 \u0259lill\u0259ri valideyn qoltu\u011funda ya\u015fay\u0131r - MEYDAN.TV","robots":{"index":"index","follow":"follow","max-snippet":"max-snippet:-1","max-image-preview":"max-image-preview:large","max-video-preview":"max-video-preview:-1"},"canonical":"https:\/\/www.meydan.tv\/az\/article\/qarabag-elili-muharibe-elilleri-valideyn-qoltugunda-yasayir\/","og_locale":"az_AZ","og_type":"article","og_title":"Qaraba\u011f \u0259lili: M\u00fcharib\u0259 \u0259lill\u0259ri valideyn qoltu\u011funda ya\u015fay\u0131r - MEYDAN.TV","og_description":"N\u0259vaid\u0259 ya\u015fayan N\u00fcsr\u0259t Qas\u0131mov qay\u011f\u0131 g\u00f6st\u0259rilm\u0259m\u0259sind\u0259n gileyl\u0259nir","og_url":"https:\/\/www.meydan.tv\/az\/article\/qarabag-elili-muharibe-elilleri-valideyn-qoltugunda-yasayir\/","og_site_name":"MEYDAN.TV","article_published_time":"2018-10-19T16:46:21+00:00","og_image":[{"width":960,"height":1280,"url":"https:\/\/www.meydan.tv\/wp-content\/uploads\/44285.jpg","type":"image\/jpeg"}],"author":"user-manager","twitter_card":"summary_large_image","schema":{"@context":"https:\/\/schema.org","@graph":[{"@type":"Article","@id":"https:\/\/www.meydan.tv\/az\/article\/qarabag-elili-muharibe-elilleri-valideyn-qoltugunda-yasayir\/#article","isPartOf":{"@id":"https:\/\/www.meydan.tv\/az\/article\/qarabag-elili-muharibe-elilleri-valideyn-qoltugunda-yasayir\/"},"author":{"name":"user-manager","@id":"https:\/\/www.meydan.tv\/az\/#\/schema\/person\/10d11eccf6da3662cf5fdab9806ea91a"},"headline":"Qaraba\u011f \u0259lili: M\u00fcharib\u0259 \u0259lill\u0259ri valideyn qoltu\u011funda ya\u015fay\u0131r","datePublished":"2018-10-19T16:46:21+00:00","mainEntityOfPage":{"@id":"https:\/\/www.meydan.tv\/az\/article\/qarabag-elili-muharibe-elilleri-valideyn-qoltugunda-yasayir\/"},"wordCount":910,"publisher":{"@id":"https:\/\/www.meydan.tv\/az\/#organization"},"image":{"@id":"https:\/\/www.meydan.tv\/az\/article\/qarabag-elili-muharibe-elilleri-valideyn-qoltugunda-yasayir\/#primaryimage"},"thumbnailUrl":"https:\/\/www.meydan.tv\/wp-content\/uploads\/44285.jpg","articleSection":["B\u00f6lg\u0259"],"inLanguage":"az"},{"@type":"WebPage","@id":"https:\/\/www.meydan.tv\/az\/article\/qarabag-elili-muharibe-elilleri-valideyn-qoltugunda-yasayir\/","url":"https:\/\/www.meydan.tv\/az\/article\/qarabag-elili-muharibe-elilleri-valideyn-qoltugunda-yasayir\/","name":"Qaraba\u011f \u0259lili: M\u00fcharib\u0259 \u0259lill\u0259ri valideyn qoltu\u011funda ya\u015fay\u0131r - MEYDAN.TV","isPartOf":{"@id":"https:\/\/www.meydan.tv\/az\/#website"},"primaryImageOfPage":{"@id":"https:\/\/www.meydan.tv\/az\/article\/qarabag-elili-muharibe-elilleri-valideyn-qoltugunda-yasayir\/#primaryimage"},"image":{"@id":"https:\/\/www.meydan.tv\/az\/article\/qarabag-elili-muharibe-elilleri-valideyn-qoltugunda-yasayir\/#primaryimage"},"thumbnailUrl":"https:\/\/www.meydan.tv\/wp-content\/uploads\/44285.jpg","datePublished":"2018-10-19T16:46:21+00:00","breadcrumb":{"@id":"https:\/\/www.meydan.tv\/az\/article\/qarabag-elili-muharibe-elilleri-valideyn-qoltugunda-yasayir\/#breadcrumb"},"inLanguage":"az","potentialAction":[{"@type":"ReadAction","target":["https:\/\/www.meydan.tv\/az\/article\/qarabag-elili-muharibe-elilleri-valideyn-qoltugunda-yasayir\/"]}]},{"@type":"ImageObject","inLanguage":"az","@id":"https:\/\/www.meydan.tv\/az\/article\/qarabag-elili-muharibe-elilleri-valideyn-qoltugunda-yasayir\/#primaryimage","url":"https:\/\/www.meydan.tv\/wp-content\/uploads\/44285.jpg","contentUrl":"https:\/\/www.meydan.tv\/wp-content\/uploads\/44285.jpg","width":960,"height":1280,"caption":"Source:"},{"@type":"BreadcrumbList","@id":"https:\/\/www.meydan.tv\/az\/article\/qarabag-elili-muharibe-elilleri-valideyn-qoltugunda-yasayir\/#breadcrumb","itemListElement":[{"@type":"ListItem","position":1,"name":"Ana s\u0259hif\u0259","item":"https:\/\/www.meydan.tv\/az\/"},{"@type":"ListItem","position":2,"name":"B\u00f6lg\u0259","item":"https:\/\/www.meydan.tv\/az\/section\/bolge\/"},{"@type":"ListItem","position":3,"name":"Qaraba\u011f \u0259lili: M\u00fcharib\u0259 \u0259lill\u0259ri valideyn qoltu\u011funda ya\u015fay\u0131r"}]},{"@type":"WebSite","@id":"https:\/\/www.meydan.tv\/az\/#website","url":"https:\/\/www.meydan.tv\/az\/","name":"MEYDAN.TV","description":"Meydan TV Az\u0259rbaycan\u0131n media m\u0259kan\u0131ndak\u0131 alternativ s\u0259sidir","publisher":{"@id":"https:\/\/www.meydan.tv\/az\/#organization"},"potentialAction":[{"@type":"SearchAction","target":{"@type":"EntryPoint","urlTemplate":"https:\/\/www.meydan.tv\/az\/?s={search_term_string}"},"query-input":{"@type":"PropertyValueSpecification","valueRequired":true,"valueName":"search_term_string"}}],"inLanguage":"az"},{"@type":"Organization","@id":"https:\/\/www.meydan.tv\/az\/#organization","name":"Meydan TV","url":"https:\/\/www.meydan.tv\/az\/","logo":{"@type":"ImageObject","inLanguage":"az","@id":"https:\/\/www.meydan.tv\/az\/#\/schema\/logo\/image\/","url":"https:\/\/www.meydan.tv\/wp-content\/uploads\/2021\/07\/meydan-logo.svg","contentUrl":"https:\/\/www.meydan.tv\/wp-content\/uploads\/2021\/07\/meydan-logo.svg","width":195,"height":46,"caption":"Meydan TV"},"image":{"@id":"https:\/\/www.meydan.tv\/az\/#\/schema\/logo\/image\/"}},{"@type":"Person","@id":"https:\/\/www.meydan.tv\/az\/#\/schema\/person\/10d11eccf6da3662cf5fdab9806ea91a","name":"user-manager"}]}},"_links":{"self":[{"href":"https:\/\/www.meydan.tv\/az\/wp-json\/wp\/v2\/posts\/192185","targetHints":{"allow":["GET"]}}],"collection":[{"href":"https:\/\/www.meydan.tv\/az\/wp-json\/wp\/v2\/posts"}],"about":[{"href":"https:\/\/www.meydan.tv\/az\/wp-json\/wp\/v2\/types\/post"}],"author":[{"embeddable":true,"href":"https:\/\/www.meydan.tv\/az\/wp-json\/wp\/v2\/users\/11"}],"replies":[{"embeddable":true,"href":"https:\/\/www.meydan.tv\/az\/wp-json\/wp\/v2\/comments?post=192185"}],"version-history":[{"count":0,"href":"https:\/\/www.meydan.tv\/az\/wp-json\/wp\/v2\/posts\/192185\/revisions"}],"wp:featuredmedia":[{"embeddable":true,"href":"https:\/\/www.meydan.tv\/az\/wp-json\/wp\/v2\/media\/111302"}],"wp:attachment":[{"href":"https:\/\/www.meydan.tv\/az\/wp-json\/wp\/v2\/media?parent=192185"}],"wp:term":[{"taxonomy":"category","embeddable":true,"href":"https:\/\/www.meydan.tv\/az\/wp-json\/wp\/v2\/categories?post=192185"},{"taxonomy":"post_tag","embeddable":true,"href":"https:\/\/www.meydan.tv\/az\/wp-json\/wp\/v2\/tags?post=192185"}],"curies":[{"name":"wp","href":"https:\/\/api.w.org\/{rel}","templated":true}]}}