{"id":192175,"date":"2018-10-18T18:34:36","date_gmt":"2018-10-18T18:34:36","guid":{"rendered":"https:\/\/www.meydan.tv\/article\/vaxtsiz-olumlerin-veteni\/"},"modified":"2018-10-18T18:34:36","modified_gmt":"2018-10-18T18:34:36","slug":"vaxtsiz-olumlerin-veteni","status":"publish","type":"post","link":"https:\/\/www.meydan.tv\/az\/article\/vaxtsiz-olumlerin-veteni\/","title":{"rendered":"Vaxts\u0131z \u00f6l\u00fcml\u0259rin v\u0259t\u0259ni"},"content":{"rendered":"<figure class=\"wp-block-image size-large\">\n  <img decoding=\"async\" src=\"https:\/\/www.meydan.tv\/az\/rovsen-hacibeyli\/\" alt=\"R\u00f6v\u015f\u0259n Hac\u0131b\u0259yli\" class=\"wp-image-111245\"\/><figcaption>\n    R\u00f6v\u015f\u0259n Hac\u0131b\u0259yli<br \/>\n  <\/figcaption><\/figure>\n<p>\n  Can\u0131n\u0131, sa\u011flaml\u0131\u011f\u0131n\u0131 v\u0259t\u0259n yolunda itir\u0259n \u015f\u0259hidl\u0259rimiz\u0259, qazil\u0259r\u0259&#8230;\n<\/p>\n<p>\n  Salam, V\u0259t\u0259n! S\u0259ni sevir\u0259m. A\u011fl\u0131m k\u0259s\u0259nd\u0259n evd\u0259 ata-anam, m\u0259kt\u0259bd\u0259 m\u00fc\u0259lliml\u0259rim s\u0259ni sevm\u0259yi tap\u015f\u0131r\u0131b. B\u0259z\u0259n bu tap\u015f\u0131r\u0131qlar\u0131n f\u0259rqin\u0259 varmadan, s\u0259nin nec\u0259 &#8211; adil, zal\u0131m, mehriban olub-olmad\u0131\u011f\u0131n\u0131 bilm\u0259d\u0259n s\u0259ni sevmi\u015f\u0259m. U\u015faq olmu\u015fam, a\u011fl\u0131m k\u0259sm\u0259yib, sevgi n\u0259 oldu\u011funu he\u00e7 anlamam\u0131\u015fam, ancaq sevmi\u015f\u0259m. \u201cV\u0259t\u0259nin yolunda candan ke\u00e7\u0259rl\u0259r\u201d,- deyibl\u0259r biz\u0259, ya\u015f\u0131dlar\u0131m\u0131za. Bizi bu ruhda b\u00f6y\u00fcd\u00fcbl\u0259r. Lap u\u015faq \u00e7a\u011flar\u0131m\u0131zdan \u2013 5-ci sinifd\u0259 oxuyandan bizi pamb\u0131\u011fa apar\u0131blar; seyr\u0259ltm\u0259y\u0259, ala\u011fa, y\u0131\u011f\u0131ma. D\u0259rsl\u0259rimiz ba\u015fqa vaxta ke\u00e7irilib, proqramlar\u0131 \u00e7atd\u0131r\u0131b \u00f6yr\u0259n\u0259 bilm\u0259mi\u015fik, \u00e7\u00fcnki v\u0259t\u0259n \u00fc\u00e7\u00fcn seyr\u0259ltm\u0259y\u0259 getmi\u015fik, alaq vurmu\u015fuq, pamb\u0131q y\u0131\u011fm\u0131\u015f\u0131q. D\u0259rsl\u0259rimiz h\u0259mi\u015f\u0259 sonraya saxlan\u0131l\u0131b. M\u00fc\u0259lliml\u0259rimiz bizim v\u0259t\u0259n \u00fc\u00e7\u00fcn \u00e7al\u0131\u015fd\u0131\u011f\u0131m\u0131z\u0131 n\u0259z\u0259r\u0259 al\u0131b he\u00e7 n\u0259 soru\u015fmadan r\u00fcbl\u00fck qiym\u0259tl\u0259rimizi yaz\u0131b; davran\u0131\u015f\u0131m\u0131za uy\u011fun olaraq. H\u0259l\u0259 \u201csovka\u201d toplama\u011f\u0131m\u0131z\u0131n x\u00fcsusi qiym\u0259tl\u0259ndirilm\u0259sini demir\u0259m. Bu i\u015fd\u0259 f\u0259rql\u0259n\u0259nl\u0259rimizin pioner\u0259, komsomola sor\u011fu-suals\u0131z ke\u00e7irilm\u0259si bizim \u00fc\u00e7\u00fcn ayr\u0131ca bayram idi. D\u00f6\u015f\u00fcm\u00fcz\u0259 taxd\u0131\u011f\u0131m\u0131z o ni\u015fanlar\u0131 sev\u0259-sev\u0259 da\u015f\u0131d\u0131\u011f\u0131m\u0131z\u0131, valideynl\u0259rimiz\u0259 f\u0259xrl\u0259 g\u00f6st\u0259rdiyimizi xat\u0131rlayanda k\u00f6vr\u0259lm\u0259m\u0259k olmur. Bunlar\u0131 biz\u0259 s\u0259n\u0259 sevgimiz\u0259, lap u\u015faq ya\u015flardan s\u0259nin \u00fc\u00e7\u00fcn \u00e7al\u0131\u015fd\u0131\u011f\u0131m\u0131za g\u00f6r\u0259 vermis\u0259n, V\u0259t\u0259n! \u015eairin \u015feiri d\u0259 dilimizin \u0259zb\u0259ri olub:\n<\/p>\n<p>\n  He\u00e7 bir m\u00fckafat\u0131n yetm\u0259di m\u0259n\u0259,<br \/>\n  <br \/>\n  Birc\u0259 \u201csa\u011f ol\u201dun da b\u0259simdi, V\u0259t\u0259n!\n<\/p>\n<p>\n  Biz s\u0259ni t\u0259m\u0259nnas\u0131z, birc\u0259 \u201csa\u011f ol\u201dsuz da sevmi\u015fik: qar\u015f\u0131l\u0131q g\u00f6zl\u0259m\u0259d\u0259n.\n<\/p>\n<p>\n  Orta m\u0259kt\u0259bi bitir\u0259nd\u0259 he\u00e7 d\u0259 ham\u0131m\u0131z ali m\u0259kt\u0259b arzusunda olmurduq. Ax\u0131 normal t\u0259hsil almam\u0131\u015fd\u0131q, q\u0259bul imtahan\u0131 verm\u0259k, ali m\u0259kt\u0259b\u0259 girm\u0259k \u015fans\u0131m\u0131z yox idi. Ancaq bu arzuda olanlar\u0131m\u0131z da az deyildi, V\u0259t\u0259n! Bak\u0131, \u00f6lk\u0259nin paytaxt\u0131, \u015f\u0259h\u0259r h\u0259yat\u0131, t\u0259l\u0259b\u0259lik, b\u00fct\u00fcn bunlar \u00e7ox \u00e7\u0259kiciydi. Bir \u00e7oxlar\u0131m\u0131z s\u0259ni can\u0131ndan art\u0131q sevdiyind\u0259n bu imkandan m\u0259hrumdu, \u00e7\u00fcnki s\u0259ni o q\u0259d\u0259r sevmi\u015fdik, s\u0259n\u0259 sevgiy\u0259 o q\u0259d\u0259r vaxt ay\u0131rm\u0131\u015fd\u0131q ki, t\u0259hsil alma\u011fa imkan\u0131m\u0131z olmam\u0131\u015fd\u0131. S\u0259nin ba\u015f k\u0259ndins\u0259 t\u0259hsillil\u0259ri sevirdi, onlara qucaq a\u00e7\u0131rd\u0131. Biz\u0259s\u0259 el\u0259c\u0259 s\u0259ni sevm\u0259k qal\u0131rd\u0131&#8230;\n<\/p>\n<p>\n  S\u0259nin dar, \u00e7\u0259tin g\u00fcnl\u0259rind\u0259 d\u0259 haray\u0131na biz t\u0259l\u0259sdik, V\u0259t\u0259n. Minn\u0259t qoymuruq. Ax\u0131 s\u0259ni &#8211; anam\u0131z\u0131 \u00e7ox sevirdik. U\u015faql\u0131qdan bizi bel\u0259 \u00f6yr\u0259tmi\u015fdil\u0259r. Biz\u0259 s\u0259nin yolunda \u00f6lm\u0259yi(!) bel\u0259 t\u0259bli\u011f el\u0259mi\u015fdil\u0259r. Bilmir\u0259m niy\u0259? Ax\u0131 biz s\u0259ni sevib s\u0259ninl\u0259 birg\u0259 xo\u015f, g\u00f6z\u0259l g\u00fcnl\u0259r d\u0259 ke\u00e7ir\u0259 bil\u0259rdik. Niy\u0259 \u00f6lm\u0259liydik? Sa\u011f qalmaqla s\u0259n\u0259 daha \u00e7ox fayda ver\u0259 bil\u0259rdik. Lap el\u0259 s\u0259nin pamb\u0131q tarlalar\u0131nda \u00e7al\u0131\u015fmaqla. Be\u015fillik planlar\u0131, \u00f6hd\u0259likl\u0259ri, \u0259lav\u0259 \u00f6hd\u0259likl\u0259ri yerin\u0259 yetirm\u0259kl\u0259&#8230;\n<\/p>\n<p>\n  Ancaq biz\u0259 deyirdil\u0259r ki, torpaq, u\u011frunda \u00f6l\u0259n varsa, V\u0259t\u0259ndir. B\u0259s, g\u00f6r\u0259s\u0259n, s\u0259nin u\u011frunda \u00f6lm\u0259s\u0259ydik, ad\u0131n n\u0259 olacaqd\u0131, V\u0259t\u0259n?\n<\/p>\n<p>\n  Qaraba\u011f sava\u015f\u0131nda haray\u0131na yetdik, \u201cbu v\u0259t\u0259n bizim\u201d dedik, bilirs\u0259nmi, n\u0259 q\u0259d\u0259r yolda\u015flar\u0131m\u0131z, dostlar\u0131m\u0131z can\u0131ndan ke\u00e7di, n\u0259 q\u0259d\u0259ri bir par\u00e7as\u0131n\u0131 itirdi, yar\u0131mcan oldu, he\u00e7 uf dem\u0259di, ax\u0131 s\u0259ni sevirdi, \u201cs\u0259nin yolunda bir can n\u0259dir ki\u201d deyirdi. T\u0259ki s\u0259n ya\u015fa, s\u0259n var ol! \u00c7oxumuz g\u0259ncliyimizi bel\u0259 ya\u015famad\u0131q!\n<\/p>\n<p>\n  H\u0259yat\u0131n dad\u0131n\u0131 bel\u0259 \u00e7\u0131xarmad\u0131q, V\u0259t\u0259n!\n<\/p>\n<p>\n  Ancaq s\u0259ni sevm\u0259y\u0259nl\u0259r, s\u0259nin yolunda can n\u0259dir, var\u0131ndan bel\u0259 ke\u00e7m\u0259y\u0259nl\u0259r, s\u0259nd\u0259n z\u0259li kimi qan soranlar ba\u015fa, ba\u015f\u0131m\u0131za \u00e7\u0131xd\u0131lar. Bizi s\u0131xd\u0131lar, bizi s\u0259ni sevm\u0259kd\u0259 ittiham el\u0259dil\u0259r, bizi h\u0259bs\u0259 atd\u0131lar, bizd\u0259n s\u0259ni sevm\u0259yin heyfini \u00e7\u0131xd\u0131lar, V\u0259t\u0259n! S\u0259ns\u0259 susdun, s\u0259ni sev\u0259nl\u0259rin, can\u0131n\u0131 s\u0259nin yolunda itir\u0259nl\u0259rin, s\u0259nin \u00fc\u00e7\u00fcn yar\u0131mcan olanlar\u0131n s\u0259sini, haray\u0131n\u0131 e\u015fitm\u0259din, bel\u0259 qar\u015f\u0131l\u0131qs\u0131z sevgimi olur, V\u0259t\u0259n?!\n<\/p>\n<p>\n  \u018flini, qolunu, g\u00f6z\u00fcn\u00fc, aya\u011f\u0131n\u0131 itir\u0259nl\u0259rimiz oldu. \u00c7oxumuz o qopar\u0131lan \u0259zam\u0131z\u0131n harda oldu\u011funu, torpa\u011fa harda verilib-verilm\u0259diyini bel\u0259 bilm\u0259dik, bilmirik. H\u0259min anda he\u00e7 \u00f6z\u00fcm\u00fczd\u0259 olmam\u0131\u015f\u0131q, kiml\u0259rin bizi xilas etdiyini, salamat qalan hiss\u0259mizi nec\u0259 qurtard\u0131\u011f\u0131n\u0131 duymam\u0131\u015f\u0131q. Ancaq bizd\u0259n qopan o par\u00e7am\u0131z\u0131n a\u011fr\u0131s\u0131n\u0131 unutmad\u0131q&#8230; H\u0259rd\u0259n toxunmaq, s\u0131\u011fal \u00e7\u0259km\u0259k, qa\u015f\u0131maq \u00fc\u00e7\u00fcn olmayan aya\u011f\u0131m\u0131za, qolumuza, barma\u011f\u0131m\u0131za \u0259l uzad\u0131r\u0131q&#8230; Yuxuda g\u00f6rd\u00fcy\u00fcm\u00fcz \u00e7a\u011flar da olub; sapsa\u011flam, ham\u0131 kimi oldu\u011fumuz g\u00fcnl\u0259rimizi&#8230; He\u00e7 ay\u0131lmaq ist\u0259m\u0259mi\u015fik, bu yuxunun uzand\u0131qca uzanmas\u0131n\u0131 arzulam\u0131\u015f\u0131q.\n<\/p>\n<p>\n  Balalar\u0131m\u0131z\u0131n, yax\u0131nlar\u0131m\u0131z\u0131n, \u0259zizl\u0259rimizin toyunda bel\u0259 b\u0259zil\u0259rimizin qald\u0131rma\u011fa qolu, oynama\u011fa aya\u011f\u0131 olmay\u0131b, V\u0259t\u0259n! Torpa\u011f\u0131m\u0131zda biz\u0259 at\u0131lan m\u0259rmil\u0259rin q\u0259lp\u0259l\u0259rinis\u0259 \u0259n \u0259ziz \u0259man\u0259t kimi qoruyub saxlay\u0131r\u0131q, \u00f6z\u00fcm\u00fczl\u0259 s\u0259nin torpa\u011f\u0131na qovu\u015fdurmaq \u00fc\u00e7\u00fcn, tez-tez bizi s\u0131z\u0131ldatsa da, g\u00f6y\u00fcm-g\u00f6y\u00fcm g\u00f6yn\u0259ts\u0259 d\u0259&#8230;\n<\/p>\n<p>\n  Ba\u011f\u0131\u015fla bizi, V\u0259t\u0259n, s\u0259ni sona q\u0259d\u0259r sev\u0259 bilm\u0259dik. Vaxts\u0131z \u00f6l\u00fcml\u0259r qoymad\u0131&#8230;\n<\/p>\n<p>\n  <b><br \/>\n    <i><br \/>\n      Yaz\u0131 m\u00fc\u0259llifin fikirl\u0259rini \u0259ks etdirir v\u0259 Meydan TV-nin m\u00f6vqeyi il\u0259 \u00fcst-\u00fcst\u0259 d\u00fc\u015fm\u0259y\u0259 bil\u0259r.<br \/>\n    <\/i><br \/>\n  <\/b><\/p>\n","protected":false},"excerpt":{"rendered":"<p>Can\u0131n\u0131, sa\u011flaml\u0131\u011f\u0131n\u0131 v\u0259t\u0259n yolunda itir\u0259n \u015f\u0259hidl\u0259rimiz\u0259, qazil\u0259r\u0259&#8230;<\/p>\n","protected":false},"author":11,"featured_media":111245,"comment_status":"closed","ping_status":"open","sticky":false,"template":"","format":"standard","meta":{"_acf_changed":false,"_sitemap_exclude":false,"_sitemap_priority":"","_sitemap_frequency":"","footnotes":""},"categories":[57],"tags":[],"class_list":["post-192175","post","type-post","status-publish","format-standard","has-post-thumbnail","hentry","category-menim-fikrimce","infinite-scroll-item","generate-columns","tablet-grid-50","mobile-grid-100","grid-parent","grid-33","no-featured-image-padding"],"acf":[],"yoast_head":"<!-- This site is optimized with the Yoast SEO plugin v27.4 - https:\/\/yoast.com\/product\/yoast-seo-wordpress\/ -->\n<title>Vaxts\u0131z \u00f6l\u00fcml\u0259rin v\u0259t\u0259ni - MEYDAN.TV<\/title>\n<meta name=\"robots\" content=\"index, follow, max-snippet:-1, max-image-preview:large, max-video-preview:-1\" \/>\n<link rel=\"canonical\" href=\"https:\/\/www.meydan.tv\/az\/article\/vaxtsiz-olumlerin-veteni\/\" \/>\n<meta property=\"og:locale\" content=\"az_AZ\" \/>\n<meta property=\"og:type\" content=\"article\" \/>\n<meta property=\"og:title\" content=\"Vaxts\u0131z \u00f6l\u00fcml\u0259rin v\u0259t\u0259ni - MEYDAN.TV\" \/>\n<meta property=\"og:description\" content=\"Can\u0131n\u0131, sa\u011flaml\u0131\u011f\u0131n\u0131 v\u0259t\u0259n yolunda itir\u0259n \u015f\u0259hidl\u0259rimiz\u0259, qazil\u0259r\u0259...\" \/>\n<meta property=\"og:url\" content=\"https:\/\/www.meydan.tv\/az\/article\/vaxtsiz-olumlerin-veteni\/\" \/>\n<meta property=\"og:site_name\" content=\"MEYDAN.TV\" \/>\n<meta property=\"article:published_time\" content=\"2018-10-18T18:34:36+00:00\" \/>\n<meta property=\"og:image\" content=\"https:\/\/www.meydan.tv\/wp-content\/uploads\/44272.jpg\" \/>\n\t<meta property=\"og:image:width\" content=\"810\" \/>\n\t<meta property=\"og:image:height\" content=\"450\" \/>\n\t<meta property=\"og:image:type\" content=\"image\/jpeg\" \/>\n<meta name=\"author\" content=\"user-manager\" \/>\n<meta name=\"twitter:card\" content=\"summary_large_image\" \/>\n<script type=\"application\/ld+json\" class=\"yoast-schema-graph\">{\"@context\":\"https:\\\/\\\/schema.org\",\"@graph\":[{\"@type\":\"Article\",\"@id\":\"https:\\\/\\\/www.meydan.tv\\\/az\\\/article\\\/vaxtsiz-olumlerin-veteni\\\/#article\",\"isPartOf\":{\"@id\":\"https:\\\/\\\/www.meydan.tv\\\/az\\\/article\\\/vaxtsiz-olumlerin-veteni\\\/\"},\"author\":{\"name\":\"user-manager\",\"@id\":\"https:\\\/\\\/www.meydan.tv\\\/az\\\/#\\\/schema\\\/person\\\/10d11eccf6da3662cf5fdab9806ea91a\"},\"headline\":\"Vaxts\u0131z \u00f6l\u00fcml\u0259rin v\u0259t\u0259ni\",\"datePublished\":\"2018-10-18T18:34:36+00:00\",\"mainEntityOfPage\":{\"@id\":\"https:\\\/\\\/www.meydan.tv\\\/az\\\/article\\\/vaxtsiz-olumlerin-veteni\\\/\"},\"wordCount\":1087,\"publisher\":{\"@id\":\"https:\\\/\\\/www.meydan.tv\\\/az\\\/#organization\"},\"image\":{\"@id\":\"https:\\\/\\\/www.meydan.tv\\\/az\\\/article\\\/vaxtsiz-olumlerin-veteni\\\/#primaryimage\"},\"thumbnailUrl\":\"https:\\\/\\\/www.meydan.tv\\\/wp-content\\\/uploads\\\/44272.jpg\",\"articleSection\":[\"M\u0259nim Fikrimc\u0259\"],\"inLanguage\":\"az\"},{\"@type\":\"WebPage\",\"@id\":\"https:\\\/\\\/www.meydan.tv\\\/az\\\/article\\\/vaxtsiz-olumlerin-veteni\\\/\",\"url\":\"https:\\\/\\\/www.meydan.tv\\\/az\\\/article\\\/vaxtsiz-olumlerin-veteni\\\/\",\"name\":\"Vaxts\u0131z \u00f6l\u00fcml\u0259rin v\u0259t\u0259ni - MEYDAN.TV\",\"isPartOf\":{\"@id\":\"https:\\\/\\\/www.meydan.tv\\\/az\\\/#website\"},\"primaryImageOfPage\":{\"@id\":\"https:\\\/\\\/www.meydan.tv\\\/az\\\/article\\\/vaxtsiz-olumlerin-veteni\\\/#primaryimage\"},\"image\":{\"@id\":\"https:\\\/\\\/www.meydan.tv\\\/az\\\/article\\\/vaxtsiz-olumlerin-veteni\\\/#primaryimage\"},\"thumbnailUrl\":\"https:\\\/\\\/www.meydan.tv\\\/wp-content\\\/uploads\\\/44272.jpg\",\"datePublished\":\"2018-10-18T18:34:36+00:00\",\"breadcrumb\":{\"@id\":\"https:\\\/\\\/www.meydan.tv\\\/az\\\/article\\\/vaxtsiz-olumlerin-veteni\\\/#breadcrumb\"},\"inLanguage\":\"az\",\"potentialAction\":[{\"@type\":\"ReadAction\",\"target\":[\"https:\\\/\\\/www.meydan.tv\\\/az\\\/article\\\/vaxtsiz-olumlerin-veteni\\\/\"]}]},{\"@type\":\"ImageObject\",\"inLanguage\":\"az\",\"@id\":\"https:\\\/\\\/www.meydan.tv\\\/az\\\/article\\\/vaxtsiz-olumlerin-veteni\\\/#primaryimage\",\"url\":\"https:\\\/\\\/www.meydan.tv\\\/wp-content\\\/uploads\\\/44272.jpg\",\"contentUrl\":\"https:\\\/\\\/www.meydan.tv\\\/wp-content\\\/uploads\\\/44272.jpg\",\"width\":810,\"height\":450,\"caption\":\"Source:\"},{\"@type\":\"BreadcrumbList\",\"@id\":\"https:\\\/\\\/www.meydan.tv\\\/az\\\/article\\\/vaxtsiz-olumlerin-veteni\\\/#breadcrumb\",\"itemListElement\":[{\"@type\":\"ListItem\",\"position\":1,\"name\":\"Ana s\u0259hif\u0259\",\"item\":\"https:\\\/\\\/www.meydan.tv\\\/az\\\/\"},{\"@type\":\"ListItem\",\"position\":2,\"name\":\"M\u0259nim Fikrimc\u0259\",\"item\":\"https:\\\/\\\/www.meydan.tv\\\/az\\\/section\\\/menim-fikrimce\\\/\"},{\"@type\":\"ListItem\",\"position\":3,\"name\":\"Vaxts\u0131z \u00f6l\u00fcml\u0259rin v\u0259t\u0259ni\"}]},{\"@type\":\"WebSite\",\"@id\":\"https:\\\/\\\/www.meydan.tv\\\/az\\\/#website\",\"url\":\"https:\\\/\\\/www.meydan.tv\\\/az\\\/\",\"name\":\"MEYDAN.TV\",\"description\":\"Meydan TV Az\u0259rbaycan\u0131n media m\u0259kan\u0131ndak\u0131 alternativ s\u0259sidir\",\"publisher\":{\"@id\":\"https:\\\/\\\/www.meydan.tv\\\/az\\\/#organization\"},\"potentialAction\":[{\"@type\":\"SearchAction\",\"target\":{\"@type\":\"EntryPoint\",\"urlTemplate\":\"https:\\\/\\\/www.meydan.tv\\\/az\\\/?s={search_term_string}\"},\"query-input\":{\"@type\":\"PropertyValueSpecification\",\"valueRequired\":true,\"valueName\":\"search_term_string\"}}],\"inLanguage\":\"az\"},{\"@type\":\"Organization\",\"@id\":\"https:\\\/\\\/www.meydan.tv\\\/az\\\/#organization\",\"name\":\"Meydan TV\",\"url\":\"https:\\\/\\\/www.meydan.tv\\\/az\\\/\",\"logo\":{\"@type\":\"ImageObject\",\"inLanguage\":\"az\",\"@id\":\"https:\\\/\\\/www.meydan.tv\\\/az\\\/#\\\/schema\\\/logo\\\/image\\\/\",\"url\":\"https:\\\/\\\/www.meydan.tv\\\/wp-content\\\/uploads\\\/2021\\\/07\\\/meydan-logo.svg\",\"contentUrl\":\"https:\\\/\\\/www.meydan.tv\\\/wp-content\\\/uploads\\\/2021\\\/07\\\/meydan-logo.svg\",\"width\":195,\"height\":46,\"caption\":\"Meydan TV\"},\"image\":{\"@id\":\"https:\\\/\\\/www.meydan.tv\\\/az\\\/#\\\/schema\\\/logo\\\/image\\\/\"}},{\"@type\":\"Person\",\"@id\":\"https:\\\/\\\/www.meydan.tv\\\/az\\\/#\\\/schema\\\/person\\\/10d11eccf6da3662cf5fdab9806ea91a\",\"name\":\"user-manager\"}]}<\/script>\n<!-- \/ Yoast SEO plugin. -->","yoast_head_json":{"title":"Vaxts\u0131z \u00f6l\u00fcml\u0259rin v\u0259t\u0259ni - MEYDAN.TV","robots":{"index":"index","follow":"follow","max-snippet":"max-snippet:-1","max-image-preview":"max-image-preview:large","max-video-preview":"max-video-preview:-1"},"canonical":"https:\/\/www.meydan.tv\/az\/article\/vaxtsiz-olumlerin-veteni\/","og_locale":"az_AZ","og_type":"article","og_title":"Vaxts\u0131z \u00f6l\u00fcml\u0259rin v\u0259t\u0259ni - MEYDAN.TV","og_description":"Can\u0131n\u0131, sa\u011flaml\u0131\u011f\u0131n\u0131 v\u0259t\u0259n yolunda itir\u0259n \u015f\u0259hidl\u0259rimiz\u0259, qazil\u0259r\u0259...","og_url":"https:\/\/www.meydan.tv\/az\/article\/vaxtsiz-olumlerin-veteni\/","og_site_name":"MEYDAN.TV","article_published_time":"2018-10-18T18:34:36+00:00","og_image":[{"width":810,"height":450,"url":"https:\/\/www.meydan.tv\/wp-content\/uploads\/44272.jpg","type":"image\/jpeg"}],"author":"user-manager","twitter_card":"summary_large_image","schema":{"@context":"https:\/\/schema.org","@graph":[{"@type":"Article","@id":"https:\/\/www.meydan.tv\/az\/article\/vaxtsiz-olumlerin-veteni\/#article","isPartOf":{"@id":"https:\/\/www.meydan.tv\/az\/article\/vaxtsiz-olumlerin-veteni\/"},"author":{"name":"user-manager","@id":"https:\/\/www.meydan.tv\/az\/#\/schema\/person\/10d11eccf6da3662cf5fdab9806ea91a"},"headline":"Vaxts\u0131z \u00f6l\u00fcml\u0259rin v\u0259t\u0259ni","datePublished":"2018-10-18T18:34:36+00:00","mainEntityOfPage":{"@id":"https:\/\/www.meydan.tv\/az\/article\/vaxtsiz-olumlerin-veteni\/"},"wordCount":1087,"publisher":{"@id":"https:\/\/www.meydan.tv\/az\/#organization"},"image":{"@id":"https:\/\/www.meydan.tv\/az\/article\/vaxtsiz-olumlerin-veteni\/#primaryimage"},"thumbnailUrl":"https:\/\/www.meydan.tv\/wp-content\/uploads\/44272.jpg","articleSection":["M\u0259nim Fikrimc\u0259"],"inLanguage":"az"},{"@type":"WebPage","@id":"https:\/\/www.meydan.tv\/az\/article\/vaxtsiz-olumlerin-veteni\/","url":"https:\/\/www.meydan.tv\/az\/article\/vaxtsiz-olumlerin-veteni\/","name":"Vaxts\u0131z \u00f6l\u00fcml\u0259rin v\u0259t\u0259ni - MEYDAN.TV","isPartOf":{"@id":"https:\/\/www.meydan.tv\/az\/#website"},"primaryImageOfPage":{"@id":"https:\/\/www.meydan.tv\/az\/article\/vaxtsiz-olumlerin-veteni\/#primaryimage"},"image":{"@id":"https:\/\/www.meydan.tv\/az\/article\/vaxtsiz-olumlerin-veteni\/#primaryimage"},"thumbnailUrl":"https:\/\/www.meydan.tv\/wp-content\/uploads\/44272.jpg","datePublished":"2018-10-18T18:34:36+00:00","breadcrumb":{"@id":"https:\/\/www.meydan.tv\/az\/article\/vaxtsiz-olumlerin-veteni\/#breadcrumb"},"inLanguage":"az","potentialAction":[{"@type":"ReadAction","target":["https:\/\/www.meydan.tv\/az\/article\/vaxtsiz-olumlerin-veteni\/"]}]},{"@type":"ImageObject","inLanguage":"az","@id":"https:\/\/www.meydan.tv\/az\/article\/vaxtsiz-olumlerin-veteni\/#primaryimage","url":"https:\/\/www.meydan.tv\/wp-content\/uploads\/44272.jpg","contentUrl":"https:\/\/www.meydan.tv\/wp-content\/uploads\/44272.jpg","width":810,"height":450,"caption":"Source:"},{"@type":"BreadcrumbList","@id":"https:\/\/www.meydan.tv\/az\/article\/vaxtsiz-olumlerin-veteni\/#breadcrumb","itemListElement":[{"@type":"ListItem","position":1,"name":"Ana s\u0259hif\u0259","item":"https:\/\/www.meydan.tv\/az\/"},{"@type":"ListItem","position":2,"name":"M\u0259nim Fikrimc\u0259","item":"https:\/\/www.meydan.tv\/az\/section\/menim-fikrimce\/"},{"@type":"ListItem","position":3,"name":"Vaxts\u0131z \u00f6l\u00fcml\u0259rin v\u0259t\u0259ni"}]},{"@type":"WebSite","@id":"https:\/\/www.meydan.tv\/az\/#website","url":"https:\/\/www.meydan.tv\/az\/","name":"MEYDAN.TV","description":"Meydan TV Az\u0259rbaycan\u0131n media m\u0259kan\u0131ndak\u0131 alternativ s\u0259sidir","publisher":{"@id":"https:\/\/www.meydan.tv\/az\/#organization"},"potentialAction":[{"@type":"SearchAction","target":{"@type":"EntryPoint","urlTemplate":"https:\/\/www.meydan.tv\/az\/?s={search_term_string}"},"query-input":{"@type":"PropertyValueSpecification","valueRequired":true,"valueName":"search_term_string"}}],"inLanguage":"az"},{"@type":"Organization","@id":"https:\/\/www.meydan.tv\/az\/#organization","name":"Meydan TV","url":"https:\/\/www.meydan.tv\/az\/","logo":{"@type":"ImageObject","inLanguage":"az","@id":"https:\/\/www.meydan.tv\/az\/#\/schema\/logo\/image\/","url":"https:\/\/www.meydan.tv\/wp-content\/uploads\/2021\/07\/meydan-logo.svg","contentUrl":"https:\/\/www.meydan.tv\/wp-content\/uploads\/2021\/07\/meydan-logo.svg","width":195,"height":46,"caption":"Meydan TV"},"image":{"@id":"https:\/\/www.meydan.tv\/az\/#\/schema\/logo\/image\/"}},{"@type":"Person","@id":"https:\/\/www.meydan.tv\/az\/#\/schema\/person\/10d11eccf6da3662cf5fdab9806ea91a","name":"user-manager"}]}},"_links":{"self":[{"href":"https:\/\/www.meydan.tv\/az\/wp-json\/wp\/v2\/posts\/192175","targetHints":{"allow":["GET"]}}],"collection":[{"href":"https:\/\/www.meydan.tv\/az\/wp-json\/wp\/v2\/posts"}],"about":[{"href":"https:\/\/www.meydan.tv\/az\/wp-json\/wp\/v2\/types\/post"}],"author":[{"embeddable":true,"href":"https:\/\/www.meydan.tv\/az\/wp-json\/wp\/v2\/users\/11"}],"replies":[{"embeddable":true,"href":"https:\/\/www.meydan.tv\/az\/wp-json\/wp\/v2\/comments?post=192175"}],"version-history":[{"count":0,"href":"https:\/\/www.meydan.tv\/az\/wp-json\/wp\/v2\/posts\/192175\/revisions"}],"wp:featuredmedia":[{"embeddable":true,"href":"https:\/\/www.meydan.tv\/az\/wp-json\/wp\/v2\/media\/111245"}],"wp:attachment":[{"href":"https:\/\/www.meydan.tv\/az\/wp-json\/wp\/v2\/media?parent=192175"}],"wp:term":[{"taxonomy":"category","embeddable":true,"href":"https:\/\/www.meydan.tv\/az\/wp-json\/wp\/v2\/categories?post=192175"},{"taxonomy":"post_tag","embeddable":true,"href":"https:\/\/www.meydan.tv\/az\/wp-json\/wp\/v2\/tags?post=192175"}],"curies":[{"name":"wp","href":"https:\/\/api.w.org\/{rel}","templated":true}]}}