{"id":192145,"date":"2018-10-17T17:39:14","date_gmt":"2018-10-17T17:39:14","guid":{"rendered":"https:\/\/www.meydan.tv\/article\/ismayillida-qisda-acindan-qirilib-batiriq\/"},"modified":"2018-10-17T17:39:14","modified_gmt":"2018-10-17T17:39:14","slug":"ismayillida-qisda-acindan-qirilib-batiriq","status":"publish","type":"post","link":"https:\/\/www.meydan.tv\/az\/article\/ismayillida-qisda-acindan-qirilib-batiriq\/","title":{"rendered":"\u0130smay\u0131ll\u0131da: Q\u0131\u015fda ac\u0131ndan q\u0131r\u0131l\u0131b-bat\u0131r\u0131q"},"content":{"rendered":"<figure class=\"wp-block-image size-large\">\n  <img decoding=\"async\" src=\"https:\/\/www.meydan.tv\/az\/111179\/\" alt=\"\" class=\"wp-image-111179\"\/><figcaption><\/figcaption><\/figure>\n<p>\n  <i><br \/>\n    &#8221;\u00d6vladlar\u0131m\u0131n geyiminin yar\u0131s\u0131n\u0131 zorla ala bilirik&#8221;<br \/>\n  <\/i>\n<\/p>\n<p>\n  &#8220;Hans\u0131 \u0259srd\u0259 ya\u015fay\u0131r\u0131q, bilmir\u0259m. Odun sobas\u0131nda x\u00f6r\u0259k bi\u015firib, \u00e7aydan qaynad\u0131r\u0131q. Burada n\u0259 qaz, n\u0259 d\u0259 ki, i\u015f\u0131q x\u0259tti yoxdur&#8221;.\n<\/p>\n<p>\n  Bunu Meydan TV-y\u0259 \u0130smay\u0131ll\u0131 rayonundak\u0131 &#8220;Qaraba\u011f&#8221; q\u0259s\u0259b\u0259si yeni ya\u015fay\u0131\u015f massivinin sakini, 39 ya\u015fl\u0131 Rahim \u0130sg\u0259nd\u0259rov deyir. Onun s\u00f6zl\u0259rin\u0259 g\u00f6r\u0259, ya\u015fad\u0131qlar\u0131 \u0259razid\u0259 transformator v\u0259 elektrik say\u011fac\u0131 yoxdur:\n<\/p>\n<p>\n  &#8220;Qaz x\u0259tti d\u0259 &#8220;Qaraba\u011f&#8221; q\u0259s\u0259b\u0259sinin m\u0259cburi k\u00f6\u00e7k\u00fcnl\u0259r ya\u015fayan hiss\u0259sind\u0259dir. Uzaq m\u0259saf\u0259d\u0259n d\u0259 qaz\u0131 \u00e7\u0259kib, g\u0259tirm\u0259y\u0259 imkan\u0131m\u0131z \u00e7atm\u0131r. Qaz yox, i\u015f\u0131q yox, birc\u0259 y\u0131x\u0131l\u0131b, \u00f6lm\u0259k qal\u0131b. Qon\u015fumuz ba\u015fqa k\u0259ndin transformatorundan i\u015f\u0131q x\u0259tti \u00e7\u0259kdirib. H\u0259r\u0259ry\u0259 bir qol verib, biz d\u0259 ona qo\u015fulmu\u015fuq. Onun say\u0259sind\u0259 ya\u015fay\u0131r\u0131q. Qar\u015f\u0131dan qarl\u0131-\u015faxtal\u0131 q\u0131\u015f g\u0259lir. \u0130ndid\u0259n can\u0131m\u0131 d\u0259rd al\u0131b ki, evi nec\u0259 q\u0131zd\u0131raca\u011f\u0131q? Gedirik, me\u015f\u0259nin q\u0131ra\u011f\u0131ndan \u00e7\u0131r-\u00e7\u0131rp\u0131 y\u0131\u011f\u0131b, g\u0259tirib yand\u0131r\u0131r\u0131q. \u00c7ox pis v\u0259ziyy\u0259td\u0259 ya\u015fay\u0131r\u0131q. Q\u0131\u015fda da, yayda da z\u00fclm \u00e7\u0259kirik&#8221;.\n<\/p>\n<p>\n  Rahim \u0130sg\u0259nd\u0259rovun probleml\u0259ri yaln\u0131z elektrik v\u0259 mavi qazla bitmir. \u0130kinci qrup \u0259lil olan \u015fikay\u0259t\u00e7i, ald\u0131\u011f\u0131 140 manat pulla ail\u0259sini doland\u0131ra bilm\u0259diyini deyir:\n<\/p>\n<p>\n  &#8220;1997-ci ild\u0259 \u0259sg\u0259rliy\u0259 getdim. \u0130ki aydan sonra x\u0259st\u0259xanal\u0131q oldum. B\u00f6yr\u0259kl\u0259rimd\u0259n qan gedirdi. Alt\u0131 ay &#8220;Papanin\u201d adlanan \u0259razid\u0259ki h\u0259rbi hospitalda yatd\u0131m. Bir az m\u00fcalic\u0259 etdirdim. D\u00fcz\u00fc, bir o q\u0259d\u0259r d\u0259 xeyri olmad\u0131. \u0130ndiy\u0259 kimi d\u0259 x\u0259st\u0259xanalardayam. M\u00fcalic\u0259 almayanda, sidik kanal\u0131mda qanaxma olur. D\u00f6vl\u0259td\u0259n \u0259lilliy\u0259 g\u00f6r\u0259 ald\u0131\u011f\u0131m pulla m\u00fcalic\u0259mi edim, yoxsa ail\u0259mi doland\u0131r\u0131m?&#8221;\n<\/p>\n<figure class=\"wp-block-image size-large\">\n  <img decoding=\"async\" src=\"https:\/\/www.meydan.tv\/az\/111182\/\" alt=\"\" class=\"wp-image-111182\"\/><figcaption><\/figcaption><\/figure>\n<p>\n  2003-c\u00fc ild\u0259 evl\u0259n\u0259n Rahim \u0130sg\u0259nd\u0259rovun \u00fc\u00e7 \u00f6vlad\u0131 var. U\u015faqlarla birlikd\u0259 probleml\u0259ri d\u0259 b\u00f6y\u00fcy\u00fcr:\n<\/p>\n<p>\n  \u201c\u00d6vladlar\u0131m\u0131n geyiminin yar\u0131s\u0131n\u0131 zorla ala bilirik. Torpaq alm\u0131\u015f\u0131q, yaln\u0131z pulunun bir hiss\u0259sini \u00f6d\u0259mi\u015fik. Evi d\u0259 tikm\u0259y\u0259 pulumuz yoxdur, yar\u0131m\u00e7\u0131q qal\u0131b. Qar\u015f\u0131dan q\u0131\u015f g\u0259lir, evin dam\u0131 a\u00e7\u0131qd\u0131r. Dam \u00f6rt\u00fcy\u00fc olmayan evd\u0259 insan ya\u015faya bil\u0259r? H\u0259yat yolda\u015f\u0131m da x\u0259st\u0259dir, \u00f6d\u00fcnd\u0259n \u0259m\u0259liyyat olunub. \u00c7ox \u00e7\u0259tinlikl\u0259 dolan\u0131r\u0131q. \u0130smay\u0131ll\u0131da i\u015f yerl\u0259ri yoxdur. Olan i\u015fl\u0259r d\u0259 \u00e7ox a\u011f\u0131rd\u0131r, fiziki g\u00fcc\u00fcm yoxdur, s\u0259hh\u0259tim buna imkan vermir. M\u0259cburiyy\u0259td\u0259n k\u0259rpic zavodunda g\u00fcn\u0259muzd f\u0259hl\u0259 i\u015fl\u0259yir\u0259m. Orada da h\u0259r g\u00fcn i\u015f olmur. G\u00fcna\u015f\u0131r\u0131, 3-4 g\u00fcnd\u0259n bir olur, onda da g\u00fcn\u00fcm\u0259 10 manat yaz\u0131l\u0131r&#8221;.\n<\/p>\n<p>\n  \u015eikay\u0259t\u00e7i deyir ki, yayda m\u00f6vs\u00fcmi i\u015fl\u0259r olur, amma q\u0131\u015f f\u0259slind\u0259 v\u0259ziyy\u0259t daha da \u00e7\u0259tinl\u0259\u015fir:\n<\/p>\n<p>\n  &#8220;Q\u0131\u015fda ac\u0131ndan q\u0131r\u0131l\u0131b-bat\u0131r\u0131q. F\u0259hl\u0259 i\u015fl\u0259y\u0259n adam\u0131n evin\u0259 n\u0259 g\u0259lir g\u0259l\u0259c\u0259k? 100-150, \u0259n yax\u015f\u0131 halda is\u0259 200 manat. Bu pul yay m\u00f6vs\u00fcm\u00fcnd\u0259 olur. Q\u0131\u015fda he\u00e7 n\u0259, y\u0131x\u0131l, \u00f6l. N\u0259 mal-qara var, n\u0259 t\u0259ss\u0259rr\u00fcfatla m\u0259\u015f\u011ful ola bilirik. Dolan\u0131\u015f\u0131q yoxdur. X\u0259st\u0259lik bir yana qals\u0131n, he\u00e7 n\u0259 ed\u0259 bilmirik&#8221;.\n<\/p>\n<figure class=\"wp-block-image size-large\">\n  <img decoding=\"async\" src=\"https:\/\/www.meydan.tv\/az\/111185\/\" alt=\"\" class=\"wp-image-111185\"\/><figcaption><\/figcaption><\/figure>\n<p>\n  \u0130smay\u0131ll\u0131 Rayon \u0130H-nin s\u0259n\u0259dl\u0259rl\u0259 v\u0259 v\u0259t\u0259nda\u015flar\u0131n m\u00fcraci\u0259tl\u0259ri il\u0259 i\u015f \u015f\u00f6b\u0259sinin m\u00fcdiri Nazim S\u0259f\u0259rov Meydan TV-y\u0259 bildirib ki, i\u015fl\u0259 ba\u011fl\u0131 m\u00fcraci\u0259t ed\u0259n v\u0259t\u0259nda\u015flar m\u00fctl\u0259q \u015f\u0259kild\u0259 i\u015fl\u0259 t\u0259min olunur:\n<\/p>\n<p>\n  &#8220;Kommunal m\u00fc\u0259ssis\u0259l\u0259rd\u0259, yaxud tikinti \u015firk\u0259tind\u0259 vakansiyalar olanda, \u00f6z\u00fcm\u00fcz v\u0259t\u0259nda\u015flar\u0131 i\u015fl\u0259 t\u0259min edirik. Bel\u0259 imkan\u0131m\u0131z olmayanda, m\u00fcraci\u0259t ed\u0259nl\u0259ri \u0130smay\u0131ll\u0131 rayon M\u0259\u015f\u011fulluq M\u0259rk\u0259zin\u0259 y\u00f6nl\u0259ndiririk. H\u0259min qurumda insanlar d\u00f6vl\u0259t proqram\u0131na uy\u011fun olaraq, istiqam\u0259tl\u0259ndiril\u0259r\u0259k i\u015fl\u0259 t\u0259min edilir.\n<\/p>\n<p>\n  Q\u0259s\u0259b\u0259nin i\u015f\u0131q v\u0259 qaz problemin\u0259 g\u0259linc\u0259, bununla ba\u011fl\u0131 v\u0259t\u0259nda\u015flar\u0131 q\u0259bul edib, probleml\u0259rini dinl\u0259mi\u015fik. \u0130ki ildir ki, aidiyyat\u0131 qurumlara m\u00fcraci\u0259t edirik, n\u0259tic\u0259 alma\u011fa \u00e7al\u0131\u015f\u0131r\u0131q&#8221;.\n<\/p>\n<figure class=\"wp-block-image size-large\">\n  <img decoding=\"async\" src=\"https:\/\/www.meydan.tv\/az\/111188\/\" alt=\"\" class=\"wp-image-111188\"\/><figcaption><\/figcaption><\/figure>\n<p>\n  \u201cAz\u0259ri\u015f\u0131q\u201d ASC-nin m\u0259tbuat xidm\u0259tinin r\u0259hb\u0259ri Tanr\u0131verdi Mustafayev \u0259razi sakinl\u0259rinin yaz\u0131l\u0131 \u015f\u0259kild\u0259 quruma m\u00fcraci\u0259t etm\u0259l\u0259rini t\u00f6vsiy\u0259 edib:<br \/>\n  <br \/>\n  &#8220;Sakinl\u0259r \u0259riz\u0259 il\u0259 m\u00fcraci\u0259t \u00fcnvanlas\u0131nlar, elektrik enerjisi il\u0259 t\u0259min olunmaqlar\u0131na yard\u0131m\u00e7\u0131 olaq&#8221;.\n<\/p>\n<p>\n  &#8220;Az\u0259riqaz&#8221; \u0130stehsalat Birliyinin m\u0259tbuat xidm\u0259tinin r\u0259hb\u0259ri \u0130brahim K\u0259rb\u0259layev Meydan TV m\u00fcxbiri il\u0259 s\u00f6hb\u0259tind\u0259 bildirib ki, b\u00f6lg\u0259l\u0259rin qazla\u015fd\u0131r\u0131lmas\u0131 D\u00f6vl\u0259t Proqram\u0131na uy\u011fun olaraq, ard\u0131c\u0131ll\u0131qla h\u0259yata ke\u00e7irilir:\n<\/p>\n<p>\n  &#8220;Bu il 42 inzibati rayon \u00fczr\u0259 83 ya\u015fay\u0131\u015f m\u0259nt\u0259q\u0259sind\u0259 qazla\u015fma i\u015fl\u0259ri h\u0259yata ke\u00e7irilib. Bu i\u015fl\u0259r n\u00f6vb\u0259ti ill\u0259rd\u0259 ayr\u0131lm\u0131\u015f d\u00f6vl\u0259t v\u0259saitin\u0259 uy\u011fun olaraq h\u0259yata ke\u00e7irilm\u0259kd\u0259 davam etdiril\u0259c\u0259k. D\u00f6vl\u0259t v\u0259saiti ayr\u0131larsa, proqrama daxil edil\u0259rs\u0259, \u0130smay\u0131ll\u0131 rayonu, &#8220;Qaraba\u011f&#8221; q\u0259s\u0259b\u0259si yeni ya\u015fay\u0131\u015f massivind\u0259 qazla\u015fmas\u0131 i\u015fi h\u0259yata ke\u00e7iril\u0259 bil\u0259r. Amma bu n\u00f6vb\u0259ti ill\u0259rd\u0259 n\u0259z\u0259rd\u0259 tutulub&#8221;.<\/p>\n","protected":false},"excerpt":{"rendered":"<p>&#8221;\u00d6vladlar\u0131m\u0131n geyiminin yar\u0131s\u0131n\u0131 zorla ala bilirik&#8221;<\/p>\n","protected":false},"author":11,"featured_media":111179,"comment_status":"closed","ping_status":"open","sticky":false,"template":"","format":"standard","meta":{"_acf_changed":false,"_sitemap_exclude":false,"_sitemap_priority":"","_sitemap_frequency":"","footnotes":""},"categories":[60],"tags":[],"class_list":["post-192145","post","type-post","status-publish","format-standard","has-post-thumbnail","hentry","category-bolge","infinite-scroll-item","generate-columns","tablet-grid-50","mobile-grid-100","grid-parent","grid-33","no-featured-image-padding"],"acf":[],"yoast_head":"<!-- This site is optimized with the Yoast SEO plugin v27.4 - https:\/\/yoast.com\/product\/yoast-seo-wordpress\/ -->\n<title>\u0130smay\u0131ll\u0131da: Q\u0131\u015fda ac\u0131ndan q\u0131r\u0131l\u0131b-bat\u0131r\u0131q - MEYDAN.TV<\/title>\n<meta name=\"robots\" content=\"index, follow, max-snippet:-1, max-image-preview:large, max-video-preview:-1\" \/>\n<link rel=\"canonical\" href=\"https:\/\/www.meydan.tv\/az\/article\/ismayillida-qisda-acindan-qirilib-batiriq\/\" \/>\n<meta property=\"og:locale\" content=\"az_AZ\" \/>\n<meta property=\"og:type\" content=\"article\" \/>\n<meta property=\"og:title\" content=\"\u0130smay\u0131ll\u0131da: Q\u0131\u015fda ac\u0131ndan q\u0131r\u0131l\u0131b-bat\u0131r\u0131q - MEYDAN.TV\" \/>\n<meta property=\"og:description\" content=\"&#039;&#039;\u00d6vladlar\u0131m\u0131n geyiminin yar\u0131s\u0131n\u0131 zorla ala bilirik&#039;&#039;\" \/>\n<meta property=\"og:url\" content=\"https:\/\/www.meydan.tv\/az\/article\/ismayillida-qisda-acindan-qirilib-batiriq\/\" \/>\n<meta property=\"og:site_name\" content=\"MEYDAN.TV\" \/>\n<meta property=\"article:published_time\" content=\"2018-10-17T17:39:14+00:00\" \/>\n<meta property=\"og:image\" content=\"https:\/\/www.meydan.tv\/wp-content\/uploads\/44240.jpg\" \/>\n\t<meta property=\"og:image:width\" content=\"960\" \/>\n\t<meta property=\"og:image:height\" content=\"720\" \/>\n\t<meta property=\"og:image:type\" content=\"image\/jpeg\" \/>\n<meta name=\"author\" content=\"user-manager\" \/>\n<meta name=\"twitter:card\" content=\"summary_large_image\" \/>\n<script type=\"application\/ld+json\" class=\"yoast-schema-graph\">{\"@context\":\"https:\\\/\\\/schema.org\",\"@graph\":[{\"@type\":\"Article\",\"@id\":\"https:\\\/\\\/www.meydan.tv\\\/az\\\/article\\\/ismayillida-qisda-acindan-qirilib-batiriq\\\/#article\",\"isPartOf\":{\"@id\":\"https:\\\/\\\/www.meydan.tv\\\/az\\\/article\\\/ismayillida-qisda-acindan-qirilib-batiriq\\\/\"},\"author\":{\"name\":\"user-manager\",\"@id\":\"https:\\\/\\\/www.meydan.tv\\\/az\\\/#\\\/schema\\\/person\\\/10d11eccf6da3662cf5fdab9806ea91a\"},\"headline\":\"\u0130smay\u0131ll\u0131da: Q\u0131\u015fda ac\u0131ndan q\u0131r\u0131l\u0131b-bat\u0131r\u0131q\",\"datePublished\":\"2018-10-17T17:39:14+00:00\",\"mainEntityOfPage\":{\"@id\":\"https:\\\/\\\/www.meydan.tv\\\/az\\\/article\\\/ismayillida-qisda-acindan-qirilib-batiriq\\\/\"},\"wordCount\":953,\"publisher\":{\"@id\":\"https:\\\/\\\/www.meydan.tv\\\/az\\\/#organization\"},\"image\":{\"@id\":\"https:\\\/\\\/www.meydan.tv\\\/az\\\/article\\\/ismayillida-qisda-acindan-qirilib-batiriq\\\/#primaryimage\"},\"thumbnailUrl\":\"https:\\\/\\\/www.meydan.tv\\\/wp-content\\\/uploads\\\/44240.jpg\",\"articleSection\":[\"B\u00f6lg\u0259\"],\"inLanguage\":\"az\"},{\"@type\":\"WebPage\",\"@id\":\"https:\\\/\\\/www.meydan.tv\\\/az\\\/article\\\/ismayillida-qisda-acindan-qirilib-batiriq\\\/\",\"url\":\"https:\\\/\\\/www.meydan.tv\\\/az\\\/article\\\/ismayillida-qisda-acindan-qirilib-batiriq\\\/\",\"name\":\"\u0130smay\u0131ll\u0131da: Q\u0131\u015fda ac\u0131ndan q\u0131r\u0131l\u0131b-bat\u0131r\u0131q - MEYDAN.TV\",\"isPartOf\":{\"@id\":\"https:\\\/\\\/www.meydan.tv\\\/az\\\/#website\"},\"primaryImageOfPage\":{\"@id\":\"https:\\\/\\\/www.meydan.tv\\\/az\\\/article\\\/ismayillida-qisda-acindan-qirilib-batiriq\\\/#primaryimage\"},\"image\":{\"@id\":\"https:\\\/\\\/www.meydan.tv\\\/az\\\/article\\\/ismayillida-qisda-acindan-qirilib-batiriq\\\/#primaryimage\"},\"thumbnailUrl\":\"https:\\\/\\\/www.meydan.tv\\\/wp-content\\\/uploads\\\/44240.jpg\",\"datePublished\":\"2018-10-17T17:39:14+00:00\",\"breadcrumb\":{\"@id\":\"https:\\\/\\\/www.meydan.tv\\\/az\\\/article\\\/ismayillida-qisda-acindan-qirilib-batiriq\\\/#breadcrumb\"},\"inLanguage\":\"az\",\"potentialAction\":[{\"@type\":\"ReadAction\",\"target\":[\"https:\\\/\\\/www.meydan.tv\\\/az\\\/article\\\/ismayillida-qisda-acindan-qirilib-batiriq\\\/\"]}]},{\"@type\":\"ImageObject\",\"inLanguage\":\"az\",\"@id\":\"https:\\\/\\\/www.meydan.tv\\\/az\\\/article\\\/ismayillida-qisda-acindan-qirilib-batiriq\\\/#primaryimage\",\"url\":\"https:\\\/\\\/www.meydan.tv\\\/wp-content\\\/uploads\\\/44240.jpg\",\"contentUrl\":\"https:\\\/\\\/www.meydan.tv\\\/wp-content\\\/uploads\\\/44240.jpg\",\"width\":960,\"height\":720,\"caption\":\"Source:\"},{\"@type\":\"BreadcrumbList\",\"@id\":\"https:\\\/\\\/www.meydan.tv\\\/az\\\/article\\\/ismayillida-qisda-acindan-qirilib-batiriq\\\/#breadcrumb\",\"itemListElement\":[{\"@type\":\"ListItem\",\"position\":1,\"name\":\"Ana s\u0259hif\u0259\",\"item\":\"https:\\\/\\\/www.meydan.tv\\\/az\\\/\"},{\"@type\":\"ListItem\",\"position\":2,\"name\":\"B\u00f6lg\u0259\",\"item\":\"https:\\\/\\\/www.meydan.tv\\\/az\\\/section\\\/bolge\\\/\"},{\"@type\":\"ListItem\",\"position\":3,\"name\":\"\u0130smay\u0131ll\u0131da: Q\u0131\u015fda ac\u0131ndan q\u0131r\u0131l\u0131b-bat\u0131r\u0131q\"}]},{\"@type\":\"WebSite\",\"@id\":\"https:\\\/\\\/www.meydan.tv\\\/az\\\/#website\",\"url\":\"https:\\\/\\\/www.meydan.tv\\\/az\\\/\",\"name\":\"MEYDAN.TV\",\"description\":\"Meydan TV Az\u0259rbaycan\u0131n media m\u0259kan\u0131ndak\u0131 alternativ s\u0259sidir\",\"publisher\":{\"@id\":\"https:\\\/\\\/www.meydan.tv\\\/az\\\/#organization\"},\"potentialAction\":[{\"@type\":\"SearchAction\",\"target\":{\"@type\":\"EntryPoint\",\"urlTemplate\":\"https:\\\/\\\/www.meydan.tv\\\/az\\\/?s={search_term_string}\"},\"query-input\":{\"@type\":\"PropertyValueSpecification\",\"valueRequired\":true,\"valueName\":\"search_term_string\"}}],\"inLanguage\":\"az\"},{\"@type\":\"Organization\",\"@id\":\"https:\\\/\\\/www.meydan.tv\\\/az\\\/#organization\",\"name\":\"Meydan TV\",\"url\":\"https:\\\/\\\/www.meydan.tv\\\/az\\\/\",\"logo\":{\"@type\":\"ImageObject\",\"inLanguage\":\"az\",\"@id\":\"https:\\\/\\\/www.meydan.tv\\\/az\\\/#\\\/schema\\\/logo\\\/image\\\/\",\"url\":\"https:\\\/\\\/www.meydan.tv\\\/wp-content\\\/uploads\\\/2021\\\/07\\\/meydan-logo.svg\",\"contentUrl\":\"https:\\\/\\\/www.meydan.tv\\\/wp-content\\\/uploads\\\/2021\\\/07\\\/meydan-logo.svg\",\"width\":195,\"height\":46,\"caption\":\"Meydan TV\"},\"image\":{\"@id\":\"https:\\\/\\\/www.meydan.tv\\\/az\\\/#\\\/schema\\\/logo\\\/image\\\/\"}},{\"@type\":\"Person\",\"@id\":\"https:\\\/\\\/www.meydan.tv\\\/az\\\/#\\\/schema\\\/person\\\/10d11eccf6da3662cf5fdab9806ea91a\",\"name\":\"user-manager\"}]}<\/script>\n<!-- \/ Yoast SEO plugin. -->","yoast_head_json":{"title":"\u0130smay\u0131ll\u0131da: Q\u0131\u015fda ac\u0131ndan q\u0131r\u0131l\u0131b-bat\u0131r\u0131q - MEYDAN.TV","robots":{"index":"index","follow":"follow","max-snippet":"max-snippet:-1","max-image-preview":"max-image-preview:large","max-video-preview":"max-video-preview:-1"},"canonical":"https:\/\/www.meydan.tv\/az\/article\/ismayillida-qisda-acindan-qirilib-batiriq\/","og_locale":"az_AZ","og_type":"article","og_title":"\u0130smay\u0131ll\u0131da: Q\u0131\u015fda ac\u0131ndan q\u0131r\u0131l\u0131b-bat\u0131r\u0131q - MEYDAN.TV","og_description":"''\u00d6vladlar\u0131m\u0131n geyiminin yar\u0131s\u0131n\u0131 zorla ala bilirik''","og_url":"https:\/\/www.meydan.tv\/az\/article\/ismayillida-qisda-acindan-qirilib-batiriq\/","og_site_name":"MEYDAN.TV","article_published_time":"2018-10-17T17:39:14+00:00","og_image":[{"width":960,"height":720,"url":"https:\/\/www.meydan.tv\/wp-content\/uploads\/44240.jpg","type":"image\/jpeg"}],"author":"user-manager","twitter_card":"summary_large_image","schema":{"@context":"https:\/\/schema.org","@graph":[{"@type":"Article","@id":"https:\/\/www.meydan.tv\/az\/article\/ismayillida-qisda-acindan-qirilib-batiriq\/#article","isPartOf":{"@id":"https:\/\/www.meydan.tv\/az\/article\/ismayillida-qisda-acindan-qirilib-batiriq\/"},"author":{"name":"user-manager","@id":"https:\/\/www.meydan.tv\/az\/#\/schema\/person\/10d11eccf6da3662cf5fdab9806ea91a"},"headline":"\u0130smay\u0131ll\u0131da: Q\u0131\u015fda ac\u0131ndan q\u0131r\u0131l\u0131b-bat\u0131r\u0131q","datePublished":"2018-10-17T17:39:14+00:00","mainEntityOfPage":{"@id":"https:\/\/www.meydan.tv\/az\/article\/ismayillida-qisda-acindan-qirilib-batiriq\/"},"wordCount":953,"publisher":{"@id":"https:\/\/www.meydan.tv\/az\/#organization"},"image":{"@id":"https:\/\/www.meydan.tv\/az\/article\/ismayillida-qisda-acindan-qirilib-batiriq\/#primaryimage"},"thumbnailUrl":"https:\/\/www.meydan.tv\/wp-content\/uploads\/44240.jpg","articleSection":["B\u00f6lg\u0259"],"inLanguage":"az"},{"@type":"WebPage","@id":"https:\/\/www.meydan.tv\/az\/article\/ismayillida-qisda-acindan-qirilib-batiriq\/","url":"https:\/\/www.meydan.tv\/az\/article\/ismayillida-qisda-acindan-qirilib-batiriq\/","name":"\u0130smay\u0131ll\u0131da: Q\u0131\u015fda ac\u0131ndan q\u0131r\u0131l\u0131b-bat\u0131r\u0131q - MEYDAN.TV","isPartOf":{"@id":"https:\/\/www.meydan.tv\/az\/#website"},"primaryImageOfPage":{"@id":"https:\/\/www.meydan.tv\/az\/article\/ismayillida-qisda-acindan-qirilib-batiriq\/#primaryimage"},"image":{"@id":"https:\/\/www.meydan.tv\/az\/article\/ismayillida-qisda-acindan-qirilib-batiriq\/#primaryimage"},"thumbnailUrl":"https:\/\/www.meydan.tv\/wp-content\/uploads\/44240.jpg","datePublished":"2018-10-17T17:39:14+00:00","breadcrumb":{"@id":"https:\/\/www.meydan.tv\/az\/article\/ismayillida-qisda-acindan-qirilib-batiriq\/#breadcrumb"},"inLanguage":"az","potentialAction":[{"@type":"ReadAction","target":["https:\/\/www.meydan.tv\/az\/article\/ismayillida-qisda-acindan-qirilib-batiriq\/"]}]},{"@type":"ImageObject","inLanguage":"az","@id":"https:\/\/www.meydan.tv\/az\/article\/ismayillida-qisda-acindan-qirilib-batiriq\/#primaryimage","url":"https:\/\/www.meydan.tv\/wp-content\/uploads\/44240.jpg","contentUrl":"https:\/\/www.meydan.tv\/wp-content\/uploads\/44240.jpg","width":960,"height":720,"caption":"Source:"},{"@type":"BreadcrumbList","@id":"https:\/\/www.meydan.tv\/az\/article\/ismayillida-qisda-acindan-qirilib-batiriq\/#breadcrumb","itemListElement":[{"@type":"ListItem","position":1,"name":"Ana s\u0259hif\u0259","item":"https:\/\/www.meydan.tv\/az\/"},{"@type":"ListItem","position":2,"name":"B\u00f6lg\u0259","item":"https:\/\/www.meydan.tv\/az\/section\/bolge\/"},{"@type":"ListItem","position":3,"name":"\u0130smay\u0131ll\u0131da: Q\u0131\u015fda ac\u0131ndan q\u0131r\u0131l\u0131b-bat\u0131r\u0131q"}]},{"@type":"WebSite","@id":"https:\/\/www.meydan.tv\/az\/#website","url":"https:\/\/www.meydan.tv\/az\/","name":"MEYDAN.TV","description":"Meydan TV Az\u0259rbaycan\u0131n media m\u0259kan\u0131ndak\u0131 alternativ s\u0259sidir","publisher":{"@id":"https:\/\/www.meydan.tv\/az\/#organization"},"potentialAction":[{"@type":"SearchAction","target":{"@type":"EntryPoint","urlTemplate":"https:\/\/www.meydan.tv\/az\/?s={search_term_string}"},"query-input":{"@type":"PropertyValueSpecification","valueRequired":true,"valueName":"search_term_string"}}],"inLanguage":"az"},{"@type":"Organization","@id":"https:\/\/www.meydan.tv\/az\/#organization","name":"Meydan TV","url":"https:\/\/www.meydan.tv\/az\/","logo":{"@type":"ImageObject","inLanguage":"az","@id":"https:\/\/www.meydan.tv\/az\/#\/schema\/logo\/image\/","url":"https:\/\/www.meydan.tv\/wp-content\/uploads\/2021\/07\/meydan-logo.svg","contentUrl":"https:\/\/www.meydan.tv\/wp-content\/uploads\/2021\/07\/meydan-logo.svg","width":195,"height":46,"caption":"Meydan TV"},"image":{"@id":"https:\/\/www.meydan.tv\/az\/#\/schema\/logo\/image\/"}},{"@type":"Person","@id":"https:\/\/www.meydan.tv\/az\/#\/schema\/person\/10d11eccf6da3662cf5fdab9806ea91a","name":"user-manager"}]}},"_links":{"self":[{"href":"https:\/\/www.meydan.tv\/az\/wp-json\/wp\/v2\/posts\/192145","targetHints":{"allow":["GET"]}}],"collection":[{"href":"https:\/\/www.meydan.tv\/az\/wp-json\/wp\/v2\/posts"}],"about":[{"href":"https:\/\/www.meydan.tv\/az\/wp-json\/wp\/v2\/types\/post"}],"author":[{"embeddable":true,"href":"https:\/\/www.meydan.tv\/az\/wp-json\/wp\/v2\/users\/11"}],"replies":[{"embeddable":true,"href":"https:\/\/www.meydan.tv\/az\/wp-json\/wp\/v2\/comments?post=192145"}],"version-history":[{"count":0,"href":"https:\/\/www.meydan.tv\/az\/wp-json\/wp\/v2\/posts\/192145\/revisions"}],"wp:featuredmedia":[{"embeddable":true,"href":"https:\/\/www.meydan.tv\/az\/wp-json\/wp\/v2\/media\/111179"}],"wp:attachment":[{"href":"https:\/\/www.meydan.tv\/az\/wp-json\/wp\/v2\/media?parent=192145"}],"wp:term":[{"taxonomy":"category","embeddable":true,"href":"https:\/\/www.meydan.tv\/az\/wp-json\/wp\/v2\/categories?post=192145"},{"taxonomy":"post_tag","embeddable":true,"href":"https:\/\/www.meydan.tv\/az\/wp-json\/wp\/v2\/tags?post=192145"}],"curies":[{"name":"wp","href":"https:\/\/api.w.org\/{rel}","templated":true}]}}