{"id":192136,"date":"2018-10-16T21:43:45","date_gmt":"2018-10-16T21:43:45","guid":{"rendered":"https:\/\/www.meydan.tv\/article\/gence-sakini-kesdikleri-agaclarin-yerine-mene-agac-ekdirmek-isteyirler\/"},"modified":"2018-10-16T21:43:45","modified_gmt":"2018-10-16T21:43:45","slug":"gence-sakini-kesdikleri-agaclarin-yerine-mene-agac-ekdirmek-isteyirler","status":"publish","type":"post","link":"https:\/\/www.meydan.tv\/az\/article\/gence-sakini-kesdikleri-agaclarin-yerine-mene-agac-ekdirmek-isteyirler\/","title":{"rendered":"G\u0259nc\u0259 sakini: K\u0259sdikl\u0259ri a\u011faclar\u0131n yerin\u0259 m\u0259n\u0259 a\u011fac \u0259kdirm\u0259k ist\u0259yirl\u0259r"},"content":{"rendered":"<figure class=\"wp-block-image size-large\">\n  <img decoding=\"async\" src=\"https:\/\/www.meydan.tv\/az\/111125\/\" alt=\"\" class=\"wp-image-111125\"\/><figcaption><\/figcaption><\/figure>\n<p>\n  <i><br \/>\n    Ekologiya idar\u0259si: \u201cK\u0259silmi\u015f a\u011fac\u0131n yerin\u0259 \u00f6z\u00fcm\u00fcz a\u011fac \u0259kmi\u015fik\u201d<br \/>\n  <\/i><\/p>\n<p>  \u201c\u0130ki il \u0259vv\u0259l iki a\u011fac\u0131n k\u0259silm\u0259si \u00fc\u00e7\u00fcn yerli ekologiya idar\u0259sin\u0259 m\u00fcraci\u0259t etmi\u015f\u0259m. Davaml\u0131 m\u00fcraci\u0259tl\u0259rimd\u0259n sonra h\u0259r iki a\u011fac k\u0259sils\u0259 d\u0259, he\u00e7 birinin yerind\u0259 yenil\u0259ri \u0259kilm\u0259yib. \u0130ki illik t\u0259l\u0259bl\u0259rimd\u0259n sonra indi d\u0259 deyirl\u0259r ki, a\u011faclar\u0131 s\u0259nin \u015fikay\u0259tin\u0259 g\u00f6r\u0259 k\u0259smi\u015fik, \u00f6z\u00fcn d\u0259 yerl\u0259rind\u0259 a\u011fac \u0259km\u0259lis\u0259n. \u018fks halda, h\u0259r iki a\u011faca g\u00f6r\u0259 c\u0259rim\u0259 \u00f6d\u0259m\u0259lis\u0259n\u201d.<\/p>\n<p>  G\u0259nc\u0259 sakini Kamil Qas\u0131mov deyir, dilinin b\u0259las\u0131na d\u00fc\u015f\u00fcb. \u0130ki il \u0259vv\u0259l yerli ekologiya idar\u0259si onun t\u0259l\u0259bi il\u0259 insan h\u0259yat\u0131 \u00fc\u00e7\u00fcn t\u0259hl\u00fck\u0259 yaradan, ayr\u0131-ayr\u0131 \u00fcnvanlardak\u0131 iki a\u011fac\u0131 k\u0259sib. \u0130ndi sakind\u0259n h\u0259min a\u011faclar\u0131n yerind\u0259 yenil\u0259rini \u0259km\u0259k t\u0259l\u0259b olunur. \u018fg\u0259r t\u0259l\u0259b yerin\u0259 yetirilm\u0259s\u0259, v\u0259t\u0259nda\u015f c\u0259rim\u0259l\u0259n\u0259c\u0259k:\n<\/p>\n<blockquote><p>\n  7 ay Ekologiya \u0130dar\u0259sin\u0259 gedib g\u0259ldim\n<\/p><\/blockquote>\n<p>\n  \u201cA\u011faclardan biri bizim k\u00fc\u00e7\u0259d\u0259, dig\u0259ri i\u015fl\u0259diyim ma\u011fazan\u0131n yax\u0131nl\u0131\u011f\u0131nda, d\u00fcz dayanaca\u011f\u0131n b\u00f6yr\u00fcnd\u0259 idi. \u018friz\u0259 yazd\u0131m ki, bir-iki d\u0259f\u0259 m\u00f6hk\u0259m k\u00fcl\u0259k \u0259ss\u0259, bu a\u011faclar adamlar\u0131n \u00fcz\u0259rin\u0259 a\u015facaq, faci\u0259 ba\u015f ver\u0259c\u0259k. Dedil\u0259r, \u015f\u0259kill\u0259rini \u00e7\u0259k g\u0259tir, \u00e7\u0259kdim, apar\u0131b t\u0259qdim etdim. \u00dcst\u0259lik, fotolar\u0131 t\u0259qdim ed\u0259rk\u0259n, h\u0259r a\u011faca g\u00f6r\u0259 m\u0259nd\u0259n 5 manat pul da ald\u0131lar. 1 aydan sonra cavab g\u0259ldi ki, b\u0259li, a\u011faclar t\u0259hl\u00fck\u0259 yarada bil\u0259r, m\u00fctl\u0259q k\u0259silm\u0259li, yerind\u0259 ba\u015fqas\u0131 \u0259kilm\u0259lidir. O iki a\u011fac\u0131 k\u0259sdirm\u0259k \u00fc\u00e7\u00fcn d\u00fcz 7 ay ekologiya idar\u0259sin\u0259 ayaq d\u00f6yd\u00fcm. N\u0259hay\u0259t, h\u0259r iki a\u011fac k\u0259sildi. Ancaq sonra da yerl\u0259rind\u0259 yenil\u0259rinin \u0259kilm\u0259si \u00fc\u00e7\u00fcn uzun m\u00fcdd\u0259tli m\u00fcraci\u0259tl\u0259rim cavabs\u0131z qald\u0131\u201d.<\/p>\n<p>  Kamil Qas\u0131movun s\u00f6zl\u0259rin\u0259 g\u00f6r\u0259, bu yax\u0131nlarda yerli ekologiya idar\u0259sind\u0259n ona bildirilib ki, onun \u015fikay\u0259ti \u0259sas\u0131nda k\u0259silmi\u015f a\u011faclar\u0131n yerind\u0259 \u00f6z\u00fc a\u011fac \u0259km\u0259lidir, \u0259ks halda, h\u0259r a\u011faca g\u00f6r\u0259 c\u0259rim\u0259 olunacaq.\n<\/p>\n<blockquote><p>\n  A\u011fac\u0131 v\u0259t\u0259nda\u015f \u0259k\u0259c\u0259ks\u0259, b\u00fcdc\u0259d\u0259n niy\u0259 pul ayr\u0131l\u0131r?\n<\/p><\/blockquote>\n<p>\n  <br \/>\n  \u201c\u018fg\u0259r k\u00fc\u00e7\u0259d\u0259 k\u0259silmi\u015f t\u0259hl\u00fck\u0259li a\u011fac\u0131n yerin\u0259 v\u0259t\u0259nda\u015f a\u011fac \u0259k\u0259c\u0259ks\u0259, d\u00f6vl\u0259t b\u00fcdc\u0259sind\u0259n ya\u015f\u0131lla\u015fd\u0131rmaya niy\u0259 k\u00fclli miqdarda v\u0259sait ayr\u0131l\u0131r? O pullar hara gedir? Bu i\u015fl\u0259 m\u0259\u015f\u011ful olmal\u0131 qurumun a\u011fac bazas\u0131 olmal\u0131d\u0131r, a\u011faca g\u00f6r\u0259 pullar\u0131 silib, sonra da v\u0259t\u0259nda\u015fdan a\u011fac \u0259km\u0259yi t\u0259l\u0259b etm\u0259k n\u0259 dem\u0259kdir?\u201d- \u015fikay\u0259t\u00e7i deyir.\n<\/p>\n<p>\n  <br \/>\n  H\u0259l\u0259 iki il \u0259vv\u0259l \u2013 2016-c\u0131 ild\u0259 10 sayl\u0131 \u018frazi Ekologiya v\u0259 T\u0259bii S\u0259rv\u0259tl\u0259r \u015e\u00f6b\u0259si Ekologiya v\u0259 T\u0259bii S\u0259rv\u0259tl\u0259r Nazirliyinin D\u00f6vl\u0259t Ekspertiza \u0130dar\u0259sin\u0259 m\u0259ktub g\u00f6nd\u0259rib ki, G\u0259nc\u0259 \u015f\u0259h\u0259ri, Po\u00e7t q\u0259s\u0259b\u0259si, Ayd\u0131nb\u0259yov k\u00fc\u00e7\u0259si, 49 \u00fcnvanda q\u0259zal\u0131 v\u0259ziyy\u0259td\u0259 olan a\u011faca m\u00fcvafiq r\u0259y bildirilsin. Ekspertiza \u0130dar\u0259si d\u0259 cavab m\u0259ktubunda qeyd edib ki, qurumu\u015f Kanada qova\u011f\u0131n\u0131n g\u00f6t\u00fcr\u00fcl\u00fcb, yerind\u0259 h\u0259mi\u015f\u0259ya\u015f\u0131l cins\u0259 aid yeni a\u011faclarla \u0259v\u0259zl\u0259nm\u0259sin\u0259 etiraz etmir. G\u00f6t\u00fcr\u00fcl\u0259n a\u011fac\u0131n yerind\u0259 yeni a\u011fac\u0131q \u0259kilm\u0259si m\u00fctl\u0259qdir. Sakinl\u0259r deyir, iki il ke\u00e7m\u0259sin\u0259 baxmayaraq, qovaq a\u011fac\u0131n\u0131n yeri h\u0259l\u0259 d\u0259 bo\u015f qal\u0131b. Eyni v\u0259ziyy\u0259t ikinci a\u011fac\u0131n k\u0259sildiyi dig\u0259r k\u00fc\u00e7\u0259d\u0259 d\u0259 davam edir.\n<\/p>\n<blockquote><p>\n  A\u011faclar\u0131 \u00f6z\u00fcm\u00fcz \u0259kmi\u015fik\n<\/p><\/blockquote>\n<p>\n  G\u0259nc\u0259 \u015f\u0259h\u0259r Ekologiya \u0130dar\u0259si \u015fikay\u0259ti \u0259sass\u0131z hesab edir. \u0130dar\u0259d\u0259n bildirilib ki, sakinl\u0259rin \u015fikay\u0259tl\u0259ri \u0259sas\u0131nda k\u0259silmi\u015f a\u011faclar\u0131n yerin\u0259 bu g\u00fcnl\u0259rd\u0259 yeni a\u011faclar \u0259kilib. V\u0259t\u0259nda\u015fdan a\u011fac \u0259kilm\u0259si, yaxud, k\u0259sil\u0259n a\u011faclara g\u00f6r\u0259 c\u0259rim\u0259 t\u0259l\u0259b olunmas\u0131 h\u0259qiq\u0259t\u0259uy\u011fun deyil. Bu i\u015fl\u0259r d\u00f6vl\u0259t hesab\u0131na h\u0259yata ke\u00e7irilir.<\/p>\n<p>  Kamil Qas\u0131mov deyir, m\u0259s\u0259l\u0259ni m\u0259tbuata \u015fikay\u0259t etdiyini bildirdikd\u0259n sonra k\u0259silmi\u015f a\u011faclar\u0131n yerind\u0259 t\u0259l\u0259sik yenil\u0259ri \u0259kilib.\n<\/p>\n<p>\n  El\u0259 h\u00fcquq\u015f\u00fcnas Vaqif Al\u0131yev da bu i\u015fl\u0259rin qanunla d\u00f6vl\u0259t hesab\u0131na h\u0259yata ke\u00e7irildiyini deyir: \u201c\u201cYa\u015f\u0131ll\u0131qlar\u0131n M\u00fchafiz\u0259si Haqq\u0131nda\u201d Qanunun 9-cu madd\u0259sinin (Ya\u015f\u0131ll\u0131qlar\u0131n g\u00f6t\u00fcr\u00fclm\u0259si) 9.1.2-ci b\u0259ndin\u0259 g\u00f6r\u0259, qurumu\u015f, q\u0259zal\u0131, \u0259trafdak\u0131lar \u00fc\u00e7\u00fcn t\u0259hl\u00fck\u0259li olan a\u011faclar k\u0259silm\u0259li, \u0259v\u0259zind\u0259 yenil\u0259ri \u0259kilm\u0259lidir: Bu i\u015f v\u0259t\u0259nda\u015f\u0131n yox, d\u00f6vl\u0259t hesab\u0131na h\u0259yata ke\u00e7irilir\u201d.\n<\/p>\n<blockquote><p>\n  Bu i\u015fi yerli icra hakimiyy\u0259tl\u0259ri g\u00f6rm\u0259lidir\n<\/p><\/blockquote>\n<p>\n  H\u00fcquq\u015f\u00fcnas ya\u015f\u0131ll\u0131\u011f\u0131n g\u00f6t\u00fcr\u00fclm\u0259si il\u0259 ba\u011fl\u0131 qaydalardak\u0131 d\u0259yi\u015fiklikl\u0259rd\u0259n d\u0259 dan\u0131\u015f\u0131r: \u201c\u018ftrafda t\u0259hl\u00fck\u0259li olan a\u011fac\u0131n k\u0259silm\u0259si v\u0259 g\u00f6t\u00fcr\u00fclm\u0259si \u00fc\u00e7\u00fcn iki il \u0259vv\u0259l\u0259d\u0259k birba\u015fa Ekologiya v\u0259 T\u0259bii S\u0259rv\u0259tl\u0259r Nazirliyin\u0259 m\u00fcraci\u0259t olunurdu. \u0130ki ildir ki, qaydalarda d\u0259yi\u015fiklik olub. \u0130ndi v\u0259t\u0259nda\u015f ilk olaraq torpaq m\u00fclkiyy\u0259t\u00e7isin\u0259, y\u0259ni ya\u015fad\u0131\u011f\u0131 rayonun icra hakimiyy\u0259tin\u0259 v\u0259 ya b\u0259l\u0259diyy\u0259sin\u0259 m\u00fcraci\u0259t etm\u0259lidir. H\u0259min qurumlar da \u00f6z n\u00f6vb\u0259l\u0259rind\u0259 Ekologiya v\u0259 T\u0259bii S\u0259rv\u0259tl\u0259r Nazirliyin\u0259 m\u00fcraci\u0259t edir. Nazirliyin m\u00fct\u0259x\u0259ssisl\u0259ri \u0259raziy\u0259 bax\u0131\u015f ke\u00e7irir v\u0259 m\u00fcvafiq r\u0259y verir. \u0130cra Hakimiyy\u0259ti v\u0259 ya b\u0259l\u0259diyy\u0259 h\u0259min r\u0259yi \u0259sas g\u00f6t\u00fcr\u0259r\u0259k q\u0259rar q\u0259bul edir, ya\u015f\u0131ll\u0131\u011f\u0131n g\u00f6t\u00fcr\u00fclm\u0259si v\u0259r\u0259qi haz\u0131rlan\u0131r v\u0259 h\u0259min ya\u015f\u0131ll\u0131\u011f\u0131n g\u00f6t\u00fcr\u00fclm\u0259sin\u0259 dair n\u00f6vb\u0259ti q\u0259rar verilir. Bu zaman Ekologiya v\u0259 T\u0259bii S\u0259rv\u0259tl\u0259r Nazirliyinin s\u0259n\u0259di \u0259sas g\u00f6t\u00fcr\u00fcl\u00fcr\u201d.<\/p>\n<p>  H\u00fcquq\u015f\u00fcnas deyir, nazirliyin s\u0259n\u0259di olsa bel\u0259, dig\u0259r s\u0259n\u0259dl\u0259r \u2014 q\u0259rar v\u0259 ya\u015f\u0131ll\u0131\u011f\u0131n g\u00f6t\u00fcr\u00fclm\u0259si haqq\u0131nda v\u0259r\u0259q\u0259 olmasa, a\u011fac\u0131n g\u00f6t\u00fcr\u00fclm\u0259si qada\u011fand\u0131r. G\u00f6t\u00fcr\u00fcl\u0259n a\u011fac\u0131n yerind\u0259 yenisinin \u0259kilm\u0259si d\u0259 yerli icra hakimiyy\u0259tinin \u00fcz\u0259rin\u0259 d\u00fc\u015f\u00fcr.<\/p>\n","protected":false},"excerpt":{"rendered":"<p>Ekologiya idar\u0259si: \u201cK\u0259silmi\u015f a\u011fac\u0131n yerin\u0259 \u00f6z\u00fcm\u00fcz a\u011fac \u0259kmi\u015fik\u201d<\/p>\n","protected":false},"author":11,"featured_media":111125,"comment_status":"closed","ping_status":"open","sticky":false,"template":"","format":"standard","meta":{"_acf_changed":false,"_sitemap_exclude":false,"_sitemap_priority":"","_sitemap_frequency":"","footnotes":""},"categories":[60],"tags":[],"class_list":["post-192136","post","type-post","status-publish","format-standard","has-post-thumbnail","hentry","category-bolge","infinite-scroll-item","generate-columns","tablet-grid-50","mobile-grid-100","grid-parent","grid-33","no-featured-image-padding"],"acf":[],"yoast_head":"<!-- This site is optimized with the Yoast SEO plugin v27.4 - https:\/\/yoast.com\/product\/yoast-seo-wordpress\/ -->\n<title>G\u0259nc\u0259 sakini: K\u0259sdikl\u0259ri a\u011faclar\u0131n yerin\u0259 m\u0259n\u0259 a\u011fac \u0259kdirm\u0259k ist\u0259yirl\u0259r - MEYDAN.TV<\/title>\n<meta name=\"robots\" content=\"index, follow, max-snippet:-1, max-image-preview:large, max-video-preview:-1\" \/>\n<link rel=\"canonical\" href=\"https:\/\/www.meydan.tv\/az\/article\/gence-sakini-kesdikleri-agaclarin-yerine-mene-agac-ekdirmek-isteyirler\/\" \/>\n<meta property=\"og:locale\" content=\"az_AZ\" \/>\n<meta property=\"og:type\" content=\"article\" \/>\n<meta property=\"og:title\" content=\"G\u0259nc\u0259 sakini: K\u0259sdikl\u0259ri a\u011faclar\u0131n yerin\u0259 m\u0259n\u0259 a\u011fac \u0259kdirm\u0259k ist\u0259yirl\u0259r - MEYDAN.TV\" \/>\n<meta property=\"og:description\" content=\"Ekologiya idar\u0259si: \u201cK\u0259silmi\u015f a\u011fac\u0131n yerin\u0259 \u00f6z\u00fcm\u00fcz a\u011fac \u0259kmi\u015fik\u201d\" \/>\n<meta property=\"og:url\" content=\"https:\/\/www.meydan.tv\/az\/article\/gence-sakini-kesdikleri-agaclarin-yerine-mene-agac-ekdirmek-isteyirler\/\" \/>\n<meta property=\"og:site_name\" content=\"MEYDAN.TV\" \/>\n<meta property=\"article:published_time\" content=\"2018-10-16T21:43:45+00:00\" \/>\n<meta property=\"og:image\" content=\"https:\/\/www.meydan.tv\/wp-content\/uploads\/44219.jpg\" \/>\n\t<meta property=\"og:image:width\" content=\"810\" \/>\n\t<meta property=\"og:image:height\" content=\"450\" \/>\n\t<meta property=\"og:image:type\" content=\"image\/jpeg\" \/>\n<meta name=\"author\" content=\"user-manager\" \/>\n<meta name=\"twitter:card\" content=\"summary_large_image\" \/>\n<script type=\"application\/ld+json\" class=\"yoast-schema-graph\">{\"@context\":\"https:\\\/\\\/schema.org\",\"@graph\":[{\"@type\":\"Article\",\"@id\":\"https:\\\/\\\/www.meydan.tv\\\/az\\\/article\\\/gence-sakini-kesdikleri-agaclarin-yerine-mene-agac-ekdirmek-isteyirler\\\/#article\",\"isPartOf\":{\"@id\":\"https:\\\/\\\/www.meydan.tv\\\/az\\\/article\\\/gence-sakini-kesdikleri-agaclarin-yerine-mene-agac-ekdirmek-isteyirler\\\/\"},\"author\":{\"name\":\"user-manager\",\"@id\":\"https:\\\/\\\/www.meydan.tv\\\/az\\\/#\\\/schema\\\/person\\\/10d11eccf6da3662cf5fdab9806ea91a\"},\"headline\":\"G\u0259nc\u0259 sakini: K\u0259sdikl\u0259ri a\u011faclar\u0131n yerin\u0259 m\u0259n\u0259 a\u011fac \u0259kdirm\u0259k ist\u0259yirl\u0259r\",\"datePublished\":\"2018-10-16T21:43:45+00:00\",\"mainEntityOfPage\":{\"@id\":\"https:\\\/\\\/www.meydan.tv\\\/az\\\/article\\\/gence-sakini-kesdikleri-agaclarin-yerine-mene-agac-ekdirmek-isteyirler\\\/\"},\"wordCount\":1180,\"publisher\":{\"@id\":\"https:\\\/\\\/www.meydan.tv\\\/az\\\/#organization\"},\"image\":{\"@id\":\"https:\\\/\\\/www.meydan.tv\\\/az\\\/article\\\/gence-sakini-kesdikleri-agaclarin-yerine-mene-agac-ekdirmek-isteyirler\\\/#primaryimage\"},\"thumbnailUrl\":\"https:\\\/\\\/www.meydan.tv\\\/wp-content\\\/uploads\\\/44219.jpg\",\"articleSection\":[\"B\u00f6lg\u0259\"],\"inLanguage\":\"az\"},{\"@type\":\"WebPage\",\"@id\":\"https:\\\/\\\/www.meydan.tv\\\/az\\\/article\\\/gence-sakini-kesdikleri-agaclarin-yerine-mene-agac-ekdirmek-isteyirler\\\/\",\"url\":\"https:\\\/\\\/www.meydan.tv\\\/az\\\/article\\\/gence-sakini-kesdikleri-agaclarin-yerine-mene-agac-ekdirmek-isteyirler\\\/\",\"name\":\"G\u0259nc\u0259 sakini: K\u0259sdikl\u0259ri a\u011faclar\u0131n yerin\u0259 m\u0259n\u0259 a\u011fac \u0259kdirm\u0259k ist\u0259yirl\u0259r - MEYDAN.TV\",\"isPartOf\":{\"@id\":\"https:\\\/\\\/www.meydan.tv\\\/az\\\/#website\"},\"primaryImageOfPage\":{\"@id\":\"https:\\\/\\\/www.meydan.tv\\\/az\\\/article\\\/gence-sakini-kesdikleri-agaclarin-yerine-mene-agac-ekdirmek-isteyirler\\\/#primaryimage\"},\"image\":{\"@id\":\"https:\\\/\\\/www.meydan.tv\\\/az\\\/article\\\/gence-sakini-kesdikleri-agaclarin-yerine-mene-agac-ekdirmek-isteyirler\\\/#primaryimage\"},\"thumbnailUrl\":\"https:\\\/\\\/www.meydan.tv\\\/wp-content\\\/uploads\\\/44219.jpg\",\"datePublished\":\"2018-10-16T21:43:45+00:00\",\"breadcrumb\":{\"@id\":\"https:\\\/\\\/www.meydan.tv\\\/az\\\/article\\\/gence-sakini-kesdikleri-agaclarin-yerine-mene-agac-ekdirmek-isteyirler\\\/#breadcrumb\"},\"inLanguage\":\"az\",\"potentialAction\":[{\"@type\":\"ReadAction\",\"target\":[\"https:\\\/\\\/www.meydan.tv\\\/az\\\/article\\\/gence-sakini-kesdikleri-agaclarin-yerine-mene-agac-ekdirmek-isteyirler\\\/\"]}]},{\"@type\":\"ImageObject\",\"inLanguage\":\"az\",\"@id\":\"https:\\\/\\\/www.meydan.tv\\\/az\\\/article\\\/gence-sakini-kesdikleri-agaclarin-yerine-mene-agac-ekdirmek-isteyirler\\\/#primaryimage\",\"url\":\"https:\\\/\\\/www.meydan.tv\\\/wp-content\\\/uploads\\\/44219.jpg\",\"contentUrl\":\"https:\\\/\\\/www.meydan.tv\\\/wp-content\\\/uploads\\\/44219.jpg\",\"width\":810,\"height\":450,\"caption\":\"Source:\"},{\"@type\":\"BreadcrumbList\",\"@id\":\"https:\\\/\\\/www.meydan.tv\\\/az\\\/article\\\/gence-sakini-kesdikleri-agaclarin-yerine-mene-agac-ekdirmek-isteyirler\\\/#breadcrumb\",\"itemListElement\":[{\"@type\":\"ListItem\",\"position\":1,\"name\":\"Ana s\u0259hif\u0259\",\"item\":\"https:\\\/\\\/www.meydan.tv\\\/az\\\/\"},{\"@type\":\"ListItem\",\"position\":2,\"name\":\"B\u00f6lg\u0259\",\"item\":\"https:\\\/\\\/www.meydan.tv\\\/az\\\/section\\\/bolge\\\/\"},{\"@type\":\"ListItem\",\"position\":3,\"name\":\"G\u0259nc\u0259 sakini: K\u0259sdikl\u0259ri a\u011faclar\u0131n yerin\u0259 m\u0259n\u0259 a\u011fac \u0259kdirm\u0259k ist\u0259yirl\u0259r\"}]},{\"@type\":\"WebSite\",\"@id\":\"https:\\\/\\\/www.meydan.tv\\\/az\\\/#website\",\"url\":\"https:\\\/\\\/www.meydan.tv\\\/az\\\/\",\"name\":\"MEYDAN.TV\",\"description\":\"Meydan TV Az\u0259rbaycan\u0131n media m\u0259kan\u0131ndak\u0131 alternativ s\u0259sidir\",\"publisher\":{\"@id\":\"https:\\\/\\\/www.meydan.tv\\\/az\\\/#organization\"},\"potentialAction\":[{\"@type\":\"SearchAction\",\"target\":{\"@type\":\"EntryPoint\",\"urlTemplate\":\"https:\\\/\\\/www.meydan.tv\\\/az\\\/?s={search_term_string}\"},\"query-input\":{\"@type\":\"PropertyValueSpecification\",\"valueRequired\":true,\"valueName\":\"search_term_string\"}}],\"inLanguage\":\"az\"},{\"@type\":\"Organization\",\"@id\":\"https:\\\/\\\/www.meydan.tv\\\/az\\\/#organization\",\"name\":\"Meydan TV\",\"url\":\"https:\\\/\\\/www.meydan.tv\\\/az\\\/\",\"logo\":{\"@type\":\"ImageObject\",\"inLanguage\":\"az\",\"@id\":\"https:\\\/\\\/www.meydan.tv\\\/az\\\/#\\\/schema\\\/logo\\\/image\\\/\",\"url\":\"https:\\\/\\\/www.meydan.tv\\\/wp-content\\\/uploads\\\/2021\\\/07\\\/meydan-logo.svg\",\"contentUrl\":\"https:\\\/\\\/www.meydan.tv\\\/wp-content\\\/uploads\\\/2021\\\/07\\\/meydan-logo.svg\",\"width\":195,\"height\":46,\"caption\":\"Meydan TV\"},\"image\":{\"@id\":\"https:\\\/\\\/www.meydan.tv\\\/az\\\/#\\\/schema\\\/logo\\\/image\\\/\"}},{\"@type\":\"Person\",\"@id\":\"https:\\\/\\\/www.meydan.tv\\\/az\\\/#\\\/schema\\\/person\\\/10d11eccf6da3662cf5fdab9806ea91a\",\"name\":\"user-manager\"}]}<\/script>\n<!-- \/ Yoast SEO plugin. -->","yoast_head_json":{"title":"G\u0259nc\u0259 sakini: K\u0259sdikl\u0259ri a\u011faclar\u0131n yerin\u0259 m\u0259n\u0259 a\u011fac \u0259kdirm\u0259k ist\u0259yirl\u0259r - MEYDAN.TV","robots":{"index":"index","follow":"follow","max-snippet":"max-snippet:-1","max-image-preview":"max-image-preview:large","max-video-preview":"max-video-preview:-1"},"canonical":"https:\/\/www.meydan.tv\/az\/article\/gence-sakini-kesdikleri-agaclarin-yerine-mene-agac-ekdirmek-isteyirler\/","og_locale":"az_AZ","og_type":"article","og_title":"G\u0259nc\u0259 sakini: K\u0259sdikl\u0259ri a\u011faclar\u0131n yerin\u0259 m\u0259n\u0259 a\u011fac \u0259kdirm\u0259k ist\u0259yirl\u0259r - MEYDAN.TV","og_description":"Ekologiya idar\u0259si: \u201cK\u0259silmi\u015f a\u011fac\u0131n yerin\u0259 \u00f6z\u00fcm\u00fcz a\u011fac \u0259kmi\u015fik\u201d","og_url":"https:\/\/www.meydan.tv\/az\/article\/gence-sakini-kesdikleri-agaclarin-yerine-mene-agac-ekdirmek-isteyirler\/","og_site_name":"MEYDAN.TV","article_published_time":"2018-10-16T21:43:45+00:00","og_image":[{"width":810,"height":450,"url":"https:\/\/www.meydan.tv\/wp-content\/uploads\/44219.jpg","type":"image\/jpeg"}],"author":"user-manager","twitter_card":"summary_large_image","schema":{"@context":"https:\/\/schema.org","@graph":[{"@type":"Article","@id":"https:\/\/www.meydan.tv\/az\/article\/gence-sakini-kesdikleri-agaclarin-yerine-mene-agac-ekdirmek-isteyirler\/#article","isPartOf":{"@id":"https:\/\/www.meydan.tv\/az\/article\/gence-sakini-kesdikleri-agaclarin-yerine-mene-agac-ekdirmek-isteyirler\/"},"author":{"name":"user-manager","@id":"https:\/\/www.meydan.tv\/az\/#\/schema\/person\/10d11eccf6da3662cf5fdab9806ea91a"},"headline":"G\u0259nc\u0259 sakini: K\u0259sdikl\u0259ri a\u011faclar\u0131n yerin\u0259 m\u0259n\u0259 a\u011fac \u0259kdirm\u0259k ist\u0259yirl\u0259r","datePublished":"2018-10-16T21:43:45+00:00","mainEntityOfPage":{"@id":"https:\/\/www.meydan.tv\/az\/article\/gence-sakini-kesdikleri-agaclarin-yerine-mene-agac-ekdirmek-isteyirler\/"},"wordCount":1180,"publisher":{"@id":"https:\/\/www.meydan.tv\/az\/#organization"},"image":{"@id":"https:\/\/www.meydan.tv\/az\/article\/gence-sakini-kesdikleri-agaclarin-yerine-mene-agac-ekdirmek-isteyirler\/#primaryimage"},"thumbnailUrl":"https:\/\/www.meydan.tv\/wp-content\/uploads\/44219.jpg","articleSection":["B\u00f6lg\u0259"],"inLanguage":"az"},{"@type":"WebPage","@id":"https:\/\/www.meydan.tv\/az\/article\/gence-sakini-kesdikleri-agaclarin-yerine-mene-agac-ekdirmek-isteyirler\/","url":"https:\/\/www.meydan.tv\/az\/article\/gence-sakini-kesdikleri-agaclarin-yerine-mene-agac-ekdirmek-isteyirler\/","name":"G\u0259nc\u0259 sakini: K\u0259sdikl\u0259ri a\u011faclar\u0131n yerin\u0259 m\u0259n\u0259 a\u011fac \u0259kdirm\u0259k ist\u0259yirl\u0259r - MEYDAN.TV","isPartOf":{"@id":"https:\/\/www.meydan.tv\/az\/#website"},"primaryImageOfPage":{"@id":"https:\/\/www.meydan.tv\/az\/article\/gence-sakini-kesdikleri-agaclarin-yerine-mene-agac-ekdirmek-isteyirler\/#primaryimage"},"image":{"@id":"https:\/\/www.meydan.tv\/az\/article\/gence-sakini-kesdikleri-agaclarin-yerine-mene-agac-ekdirmek-isteyirler\/#primaryimage"},"thumbnailUrl":"https:\/\/www.meydan.tv\/wp-content\/uploads\/44219.jpg","datePublished":"2018-10-16T21:43:45+00:00","breadcrumb":{"@id":"https:\/\/www.meydan.tv\/az\/article\/gence-sakini-kesdikleri-agaclarin-yerine-mene-agac-ekdirmek-isteyirler\/#breadcrumb"},"inLanguage":"az","potentialAction":[{"@type":"ReadAction","target":["https:\/\/www.meydan.tv\/az\/article\/gence-sakini-kesdikleri-agaclarin-yerine-mene-agac-ekdirmek-isteyirler\/"]}]},{"@type":"ImageObject","inLanguage":"az","@id":"https:\/\/www.meydan.tv\/az\/article\/gence-sakini-kesdikleri-agaclarin-yerine-mene-agac-ekdirmek-isteyirler\/#primaryimage","url":"https:\/\/www.meydan.tv\/wp-content\/uploads\/44219.jpg","contentUrl":"https:\/\/www.meydan.tv\/wp-content\/uploads\/44219.jpg","width":810,"height":450,"caption":"Source:"},{"@type":"BreadcrumbList","@id":"https:\/\/www.meydan.tv\/az\/article\/gence-sakini-kesdikleri-agaclarin-yerine-mene-agac-ekdirmek-isteyirler\/#breadcrumb","itemListElement":[{"@type":"ListItem","position":1,"name":"Ana s\u0259hif\u0259","item":"https:\/\/www.meydan.tv\/az\/"},{"@type":"ListItem","position":2,"name":"B\u00f6lg\u0259","item":"https:\/\/www.meydan.tv\/az\/section\/bolge\/"},{"@type":"ListItem","position":3,"name":"G\u0259nc\u0259 sakini: K\u0259sdikl\u0259ri a\u011faclar\u0131n yerin\u0259 m\u0259n\u0259 a\u011fac \u0259kdirm\u0259k ist\u0259yirl\u0259r"}]},{"@type":"WebSite","@id":"https:\/\/www.meydan.tv\/az\/#website","url":"https:\/\/www.meydan.tv\/az\/","name":"MEYDAN.TV","description":"Meydan TV Az\u0259rbaycan\u0131n media m\u0259kan\u0131ndak\u0131 alternativ s\u0259sidir","publisher":{"@id":"https:\/\/www.meydan.tv\/az\/#organization"},"potentialAction":[{"@type":"SearchAction","target":{"@type":"EntryPoint","urlTemplate":"https:\/\/www.meydan.tv\/az\/?s={search_term_string}"},"query-input":{"@type":"PropertyValueSpecification","valueRequired":true,"valueName":"search_term_string"}}],"inLanguage":"az"},{"@type":"Organization","@id":"https:\/\/www.meydan.tv\/az\/#organization","name":"Meydan TV","url":"https:\/\/www.meydan.tv\/az\/","logo":{"@type":"ImageObject","inLanguage":"az","@id":"https:\/\/www.meydan.tv\/az\/#\/schema\/logo\/image\/","url":"https:\/\/www.meydan.tv\/wp-content\/uploads\/2021\/07\/meydan-logo.svg","contentUrl":"https:\/\/www.meydan.tv\/wp-content\/uploads\/2021\/07\/meydan-logo.svg","width":195,"height":46,"caption":"Meydan TV"},"image":{"@id":"https:\/\/www.meydan.tv\/az\/#\/schema\/logo\/image\/"}},{"@type":"Person","@id":"https:\/\/www.meydan.tv\/az\/#\/schema\/person\/10d11eccf6da3662cf5fdab9806ea91a","name":"user-manager"}]}},"_links":{"self":[{"href":"https:\/\/www.meydan.tv\/az\/wp-json\/wp\/v2\/posts\/192136","targetHints":{"allow":["GET"]}}],"collection":[{"href":"https:\/\/www.meydan.tv\/az\/wp-json\/wp\/v2\/posts"}],"about":[{"href":"https:\/\/www.meydan.tv\/az\/wp-json\/wp\/v2\/types\/post"}],"author":[{"embeddable":true,"href":"https:\/\/www.meydan.tv\/az\/wp-json\/wp\/v2\/users\/11"}],"replies":[{"embeddable":true,"href":"https:\/\/www.meydan.tv\/az\/wp-json\/wp\/v2\/comments?post=192136"}],"version-history":[{"count":0,"href":"https:\/\/www.meydan.tv\/az\/wp-json\/wp\/v2\/posts\/192136\/revisions"}],"wp:featuredmedia":[{"embeddable":true,"href":"https:\/\/www.meydan.tv\/az\/wp-json\/wp\/v2\/media\/111125"}],"wp:attachment":[{"href":"https:\/\/www.meydan.tv\/az\/wp-json\/wp\/v2\/media?parent=192136"}],"wp:term":[{"taxonomy":"category","embeddable":true,"href":"https:\/\/www.meydan.tv\/az\/wp-json\/wp\/v2\/categories?post=192136"},{"taxonomy":"post_tag","embeddable":true,"href":"https:\/\/www.meydan.tv\/az\/wp-json\/wp\/v2\/tags?post=192136"}],"curies":[{"name":"wp","href":"https:\/\/api.w.org\/{rel}","templated":true}]}}