{"id":192133,"date":"2018-10-16T20:29:50","date_gmt":"2018-10-16T20:29:50","guid":{"rendered":"https:\/\/www.meydan.tv\/article\/direktor-muellimlere-dersin-1-saatini-25-manatdan-satir\/"},"modified":"2018-10-16T20:29:50","modified_gmt":"2018-10-16T20:29:50","slug":"direktor-muellimlere-dersin-1-saatini-25-manatdan-satir","status":"publish","type":"post","link":"https:\/\/www.meydan.tv\/az\/article\/direktor-muellimlere-dersin-1-saatini-25-manatdan-satir\/","title":{"rendered":"&#8221;Direktor m\u00fc\u0259lliml\u0259r\u0259 d\u0259rsin 1 saat\u0131n\u0131 25 manatdan sat\u0131r&#8221;"},"content":{"rendered":"<figure class=\"wp-block-image size-large\">\n  <img decoding=\"async\" src=\"https:\/\/www.meydan.tv\/az\/qusarda-mekteb\/\" alt=\"Qusarda m\u0259kt\u0259b\" class=\"wp-image-111116\"\/><figcaption>\n    Qusarda m\u0259kt\u0259b<br \/>\n  <\/figcaption><\/figure>\n<p>\n  <i><br \/>\n    Qusarda m\u0259kt\u0259b direktoru r\u00fc\u015fv\u0259t almaqda g\u00fcnahland\u0131r\u0131l\u0131r<br \/>\n  <\/i>\n<\/p>\n<p>\n  &#8220;Direktor Z\u0259rif\u0259 Saruxanova m\u00fc\u0259lliml\u0259rd\u0259n qanunsuz olaraq pul y\u0131\u011f\u0131r. Bu yax\u0131nlarda, o, ibtidai sinif m\u00fc\u0259lliml\u0259rin\u0259 i\u015fd\u0259n \u00e7\u0131xarmaq b\u0259han\u0259si il\u0259 h\u0259d\u0259-qorxu g\u0259l\u0259r\u0259k, onlardan r\u00fc\u015fv\u0259t ald\u0131&#8221;.\n<\/p>\n<p>\n  Bunu Meydan TV-y\u0259 i\u015fini itirm\u0259k qorxusu il\u0259 ad\u0131n\u0131 a\u00e7\u0131qlamaq ist\u0259m\u0259y\u0259n Qusar rayonu, \u018fv\u0259cuq k\u0259nd tam orta m\u0259kt\u0259binin ibtidai sinif m\u00fc\u0259llimi deyir. Onun s\u00f6zl\u0259rin\u0259 g\u00f6r\u0259, bir m\u00fcdd\u0259t \u00f6nc\u0259 direktor Z\u0259rif\u0259 Saruxanova m\u00fc\u0259lliml\u0259r\u0259 2-ci v\u0259 4-c\u00fc sinifl\u0259rin birl\u0259\u015fdiril\u0259c\u0259yini bildirib:\n<\/p>\n<p>\n  &#8220;Dedi ki, sinifl\u0259rin komplektl\u0259\u015fm\u0259sini v\u0259 iki n\u0259f\u0259r m\u00fc\u0259llimin ixtisar olmas\u0131n\u0131 ist\u0259mirsinizs\u0259, pul verin. M\u0259n n\u0259 q\u0259d\u0259r maa\u015f al\u0131ram ki, onun yar\u0131s\u0131n\u0131 kim\u0259s\u0259 verim? Etiraz etdim, pul verm\u0259y\u0259c\u0259yimi bildir\u0259nd\u0259, cavab\u0131nda m\u0259ni i\u015fd\u0259n \u00e7\u0131xarmaqla h\u0259d\u0259l\u0259di, &#8220;Pul verm\u0259s\u0259n, yax\u015f\u0131 yol&#8221; &#8211; dedi. M\u0259cbur olub, direktora 50 manat verdim. M\u0259kt\u0259bd\u0259 be\u015f n\u0259f\u0259r ibtidai sinif m\u00fc\u0259llimi var, bizd\u0259n \u00fcmumilikd\u0259, 700 manat y\u0131\u011f\u0131ld\u0131. Birl\u0259\u015fdirilm\u0259si n\u0259z\u0259rd\u0259 tutulan sinifl\u0259rin birind\u0259 11, dig\u0259rind\u0259 is\u0259 14 n\u0259f\u0259r \u015fagird t\u0259hsil al\u0131r&#8221;.\n<\/p>\n<p>\n  \u015eikay\u0259t\u00e7inin dediyin\u0259 g\u00f6r\u0259, valideynl\u0259r d\u0259 sinifl\u0259rin birl\u0259\u015fdirilm\u0259sin\u0259 etiraz edir: \u201cHaz\u0131rda k\u0259ndd\u0259 \u0259m\u0259lli-ba\u015fl\u0131 qalmaqal ya\u015fan\u0131r\u201d.\n<\/p>\n<figure class=\"wp-block-image size-large\">\n  <img decoding=\"async\" src=\"https:\/\/www.meydan.tv\/az\/zerife-saruxanova\/\" alt=\"Z\u0259rif\u0259 Saruxanova\" class=\"wp-image-111119\"\/><figcaption>\n    Z\u0259rif\u0259 Saruxanova<br \/>\n  <\/figcaption><\/figure>\n<p>\n  M\u00fc\u0259lliml\u0259r m\u0259s\u0259l\u0259 il\u0259 ba\u011fl\u0131 T\u0259hsil Nazirliyinin \u201cqaynar x\u0259tt\u201din\u0259 m\u00fcraci\u0259t etm\u0259k ist\u0259yibl\u0259r:\n<\/p>\n<p>\n  &#8220;Lakin al\u0131nmad\u0131, nazirlikd\u0259 anonim z\u0259ngl\u0259r\u0259 bax\u0131lm\u0131rm\u0131\u015f. Neyl\u0259y\u0259k, anonim m\u00fcraci\u0259t etm\u0259y\u0259 m\u0259cburuq, \u00e7\u00fcnki i\u015fimizi itirm\u0259kd\u0259n qorxuruq. Bir s\u00f6zl\u0259, direktorun \u00f6zba\u015f\u0131nal\u0131qlar\u0131ndan cana doymu\u015fuq. Anlaya bilmir\u0259m, bu \u00f6lk\u0259d\u0259 bir sinif\u0259 t\u0259hsil ver\u0259c\u0259k q\u0259d\u0259r v\u0259sait yoxdur? Saat b\u00f6lg\u00fcs\u00fcn\u0259 g\u00f6r\u0259 d\u0259 m\u00fc\u0259lliml\u0259rd\u0259n r\u00fc\u015fv\u0259t al\u0131n\u0131r. H\u0259l\u0259 ke\u00e7\u0259n il m\u0259kt\u0259bd\u0259 10 v\u0259 11-ci sinifl\u0259ri l\u0259\u011fv edirdil\u0259r. M\u0259kt\u0259b doqquzillik olacaqd\u0131. Z\u0259rif\u0259 Saruxanova yen\u0259 m\u00fc\u0259lliml\u0259rd\u0259n 2 min manat pul y\u0131\u011fd\u0131, guya m\u0259s\u0259l\u0259ni h\u0259ll etdi&#8221;.\n<\/p>\n<p>\n  M\u0259kt\u0259bin k\u0259rg\u00fczar\u0131 Xatir\u0259 M\u0259mm\u0259dova da \u015fikay\u0259t\u00e7idir:\n<\/p>\n<p>\n  &#8220;Ke\u00e7\u0259n il m\u00fc\u0259lliml\u0259rd\u0259n 2 min manat pul y\u0131\u011f\u0131ld\u0131. T\u0259\u015fkilat\u00e7\u0131 Azad Muradov g\u0259ldi, m\u0259nd\u0259n bir ayl\u0131q \u0259m\u0259khaqq\u0131m\u0131 ist\u0259di. Dedim ki, m\u00fc\u0259llim deyil\u0259m, niy\u0259 pul verim? Pul verm\u0259diyim\u0259 g\u00f6r\u0259 Azad ham\u0131n\u0131n yan\u0131nda m\u0259ni t\u0259hqir etdi, \u00fcst\u0259lik, it\u0259l\u0259di. M\u0259n d\u0259 \u00f6z\u00fcm\u00fc itirdim, \u00fcr\u0259yim getdi. T\u0259cili Tibbi Yard\u0131m \u00e7a\u011f\u0131r\u0131ld\u0131, m\u0259n\u0259 iyn\u0259 vuruldu. O adam m\u00fc\u0259lliml\u0259rd\u0259n pulu al\u0131r, direktora verir, yar\u0131s\u0131n\u0131 da \u00f6z\u00fc yeyir&#8221;.\n<\/p>\n<p>\n  X.M\u0259mm\u0259dova deyir ki, hadis\u0259 il\u0259 ba\u011fl\u0131 Qusar Rayon Prokurorlu\u011funa \u015fikay\u0259t \u0259riz\u0259si yaz\u0131b. H\u0259m\u00e7inin T\u0259hsil Nazirliyin\u0259 m\u00fcraci\u0259t edib:\n<\/p>\n<p>\n  &#8220;H\u0259m\u00e7inin Ba\u015f Prokurorlu\u011fa da yazd\u0131m ki, Azad Muradov m\u0259ni t\u0259hqir edib v\u0259 it\u0259l\u0259yib. M\u0259ni Qusar Rayon T\u0259hsil \u015e\u00f6b\u0259sin\u0259 \u00e7a\u011f\u0131rd\u0131lar. Susdurmaq \u00fc\u00e7\u00fcn maa\u015f kart\u0131ma 100 manat pul k\u00f6\u00e7\u00fcr\u00fcld\u00fc. M\u0259n\u0259 m\u00fckafat yazd\u0131lar ki, ba\u015fqa yerl\u0259r\u0259 \u015fikay\u0259t etm\u0259yim. Lakin T\u0259hsil Nazirliyinin \u201cqaynar x\u0259tt\u201din\u0259 z\u0259ng edib bildirdim ki, direktor m\u0259ni i\u015fd\u0259n \u00e7\u0131xar\u0131b, yerim\u0259 ba\u015fqa bir qad\u0131n\u0131 g\u0259tirm\u0259k ist\u0259yir. \u00c7\u00fcnki direktor rahat dayanm\u0131rd\u0131, art\u0131q m\u0259ni m\u0259kt\u0259bd\u0259n uzaqla\u015fd\u0131rmaq ist\u0259yirdi. H\u0259min qad\u0131n Z\u0259rif\u0259 Saruxanovaya 3 min manat g\u00f6st\u0259rib. Z\u0259rif\u0259 d\u0259 min c\u00fcr hoqqa \u00e7\u0131xard\u0131 ki, m\u0259ni i\u015fd\u0259n uzaqla\u015fd\u0131rs\u0131n, amma bacarmad\u0131. Qusar Rayon \u0130cra Hakimiyy\u0259ti ba\u015f\u00e7\u0131s\u0131n\u0131n m\u00fcavini Elman Musatafayev d\u0259 s\u00f6hb\u0259t\u0259 qar\u0131\u015fd\u0131, sonra ara sakitl\u0259\u015fdi&#8221;.\n<\/p>\n<p>\n  Xatir\u0259 M\u0259mm\u0259dova deyir ki, 10 il\u0259 yax\u0131nd\u0131r \u018fv\u0259cuq k\u0259nd tam orta m\u0259kt\u0259bind\u0259 karg\u00fczar i\u015fl\u0259yir. Ayl\u0131q \u0259m\u0259khaqq\u0131 da 140 manatd\u0131r. &#8220;M\u0259n o pulla 5 u\u015faq saxlay\u0131ram&#8221; &#8211; s\u00f6yl\u0259yir:\n<\/p>\n<p>\n  &#8220;M\u0259kt\u0259bd\u0259 \u00f6zba\u015f\u0131nal\u0131q, haqs\u0131zl\u0131q h\u00f6km s\u00fcr\u00fcr. Direktor h\u0259l\u0259 d\u0259 m\u0259n\u0259 i\u015fd\u0259 mane\u0259l\u0259r t\u00f6r\u0259dir. Ayr\u0131se\u00e7kilik qoyur, g\u00f6z\u00fcm\u00e7\u0131xd\u0131ya sal\u0131r. Bu qad\u0131n 10 ildir ki, direktor i\u015fl\u0259yir. M\u00fc\u0259lliml\u0259r\u0259 d\u0259rsin 1 saat\u0131n\u0131 25 manatdan sat\u0131r. \u0130nformatika, \u0259m\u0259k t\u0259limi, riyaziyyat, rus dili daxil olmaqla b\u00fct\u00fcn m\u00fc\u0259lliml\u0259rd\u0259m pul y\u0131\u011f\u0131l\u0131r. Qusar Rayon T\u0259hsil \u015e\u00f6b\u0259sind\u0259n Z\u0259rif\u0259 Saruxanovaya \u015f\u0259rait yarad\u0131blar, he\u00e7 kim ona &#8220;g\u00f6z\u00fcn \u00fcst\u0259 qa\u015f\u0131n var&#8221;, &#8211; dey\u0259 bilmir. Kefi nec\u0259 ist\u0259yir, el\u0259 d\u0259 edir&#8221;.<br \/>\n  <br \/>\n  M\u0259kt\u0259bin dig\u0259r f\u0259nn m\u00fc\u0259lliml\u0259ri is\u0259 a\u015fa\u011f\u0131 sinifl\u0259rin birl\u0259\u015fdirilm\u0259sind\u0259n x\u0259b\u0259rsizdirl\u0259r. Co\u011frafiya m\u00fc\u0259llimi Emin M\u0259mm\u0259dov &#8220;M\u0259kt\u0259bd\u0259 15 saat\u0131m var. Direktor m\u0259nd\u0259n pul ist\u0259m\u0259yib. H\u0259tta ist\u0259s\u0259l\u0259r d\u0259, ver\u0259 bilmir\u0259m,&#8221;- deyir.\n<\/p>\n<figure class=\"wp-block-image size-large\">\n  <img decoding=\"async\" src=\"https:\/\/www.meydan.tv\/az\/qusarda-mekteb-2\/\" alt=\"Qusarda m\u0259kt\u0259b\" class=\"wp-image-111122\"\/><figcaption>\n    Qusarda m\u0259kt\u0259b<br \/>\n  <\/figcaption><\/figure>\n<p>\n  \u0130ngilis dili m\u00fc\u0259llimi F\u0259rid\u0259 Babayev is\u0259 &#8220;a\u015fa\u011f\u0131 sinifl\u0259rd\u0259 d\u0259rs saatlar\u0131m yoxdur dey\u0259 el\u0259 bir s\u00f6hb\u0259t e\u015fitm\u0259mi\u015f\u0259m. M\u0259n\u0259 m\u0259kt\u0259b direktoru t\u0259r\u0259find\u0259n hans\u0131sa t\u0259zyiq, h\u0259d\u0259-qorxu olmay\u0131b, pul t\u0259l\u0259b edilm\u0259yib. M\u0259nc\u0259, yalan s\u00f6hb\u0259tdir,&#8221; &#8211; s\u00f6yl\u0259yir.\n<\/p>\n<p>\n  Az\u0259rbaycan dili v\u0259 \u0259d\u0259biyyat m\u00fc\u0259llimi Etibar H\u0259kimov &#8220;\u015e\u0259xs\u0259n m\u0259nd\u0259n pul ist\u0259y\u0259n olmay\u0131b,&#8221;- dey\u0259 bildirir:\n<\/p>\n<p>\n  &#8220;M\u0259nd\u0259n he\u00e7, h\u0259tta t\u0259hsil \u015f\u00f6b\u0259sinin m\u00fcdirinin \u00f6z\u00fc bel\u0259 pul ist\u0259m\u0259z&#8221;.\n<\/p>\n<p>\n  Direktor m\u00fcavin Alim Ba\u011f\u0131\u015fov &#8220;M\u0259n he\u00e7 n\u0259 bilmir\u0259m. Direktor \u00f6z\u00fc v\u0259ziyy\u0259ti izah ed\u0259r. El\u0259 bir s\u00f6hb\u0259t oldu, amma sinifl\u0259r birl\u0259\u015fdirilm\u0259di. Siz \u0259n yax\u015f\u0131s\u0131, direktorla dan\u0131\u015f\u0131n,&#8221;- dedi.\n<\/p>\n<p>\n  M\u0259kt\u0259bin direktoru Z\u0259rif\u0259 Saruxanova is\u0259 Meydan TV-nin m\u00fcxbiri il\u0259 g\u00f6r\u00fc\u015fm\u0259kd\u0259n v\u0259 suallar\u0131 cavabland\u0131rmaqdan imtina etdi. O, telefon dan\u0131\u015f\u0131\u011f\u0131 zaman\u0131 i\u015finin \u00e7ox oldu\u011funu dedi:\n<\/p>\n<p>\n  &#8220;M\u0259g\u0259r m\u00fc\u0259lliml\u0259rd\u0259 pul var ki, y\u0131\u011faq? Pul n\u0259 g\u0259zir? Kim y\u0131\u011f\u0131b o pulu? El\u0259 bir \u015fey yoxdur, siz\u0259 yalan m\u0259lumat veribl\u0259r. \u0130ndi i\u015fim var, haz\u0131rda m\u0259kt\u0259bd\u0259 deyil\u0259m, sabah g\u0259l\u0259rsiniz, dan\u0131\u015far\u0131q. Sinifl\u0259rin birl\u0259\u015fm\u0259sinin m\u0259n\u0259 he\u00e7 bir d\u0259xli yoxdur, maa\u015f\u0131ma t\u0259sir etmir. N\u0259 m\u00fc\u0259lliml\u0259rd\u0259n pul y\u0131\u011fma\u011f\u0131n, n\u0259 d\u0259 ki, sinifl\u0259rin birl\u0259\u015fdirilm\u0259sinin m\u0259n\u0259 he\u00e7 bir xeyri yoxdur. Xatir\u0259 xan\u0131m \u0259z\u0259ld\u0259n bel\u0259dir. \u015eikay\u0259t etm\u0259k, m\u0259kt\u0259b\u0259 l\u0259k\u0259 yaxmaq onun \u00e7oxdank\u0131 ad\u0259tidir. Onun ali t\u0259hsili var, m\u00fc\u0259llim i\u015fl\u0259m\u0259k ist\u0259yir. Deyir\u0259m ki, imtahandan ke\u00e7, m\u0259n d\u0259 s\u0259ni m\u00fc\u0259llim g\u00f6t\u00fcr\u00fcm. \u0130mtahans\u0131z m\u00fc\u0259llim olmaq haz\u0131rk\u0131 t\u0259l\u0259bl\u0259r\u0259 cavab vermir. Kollektivl\u0259 q\u0259sd-q\u0259r\u0259zlik apar\u0131r. M\u0259kt\u0259bd\u0259 ondan ba\u015fqa \u015fikay\u0259t\u00e7i yoxdur. Bu, birinci d\u0259f\u0259 deyil. O, 6-7 ildir ki, m\u0259kt\u0259bd\u0259 i\u015fl\u0259yir. Bu ill\u0259r \u0259rzind\u0259 onun pe\u015f\u0259si, i\u015fi m\u00fcxt\u0259lif instansiyalara \u015fikay\u0259tl\u0259r yazmaqd\u0131r. G\u0259libl\u0259r, yoxlay\u0131blar, he\u00e7 n\u0259 \u00e7\u0131xmay\u0131b.\n<\/p>\n<p>\n  Sinifl\u0259rin birl\u0259\u015fdirilm\u0259si m\u0259s\u0259l\u0259sin\u0259 g\u0259linc\u0259, \u0259razi maliyy\u0259 hesabla\u015fma m\u0259rk\u0259zi il\u0259 dan\u0131\u015fd\u0131m. Xahi\u015f etdim, bu il istisna hal kimi sinifl\u0259r birl\u0259\u015fdirilm\u0259sin. \u00c7\u00fcnki bir m\u00fc\u0259llim havada, i\u015fsiz qal\u0131rd\u0131. Sad\u0259c\u0259 xahi\u015f etdim, z\u0259ng etdim, v\u0259ssalam. N\u0259 pul y\u0131\u011fmaq? M\u00fc\u0259llimd\u0259 pul var?&#8221;\n<\/p>\n<p>\n  Qusar Rayon T\u0259hsil \u015e\u00f6b\u0259sinin m\u00fcdiri Nift\u0259li F\u0259rz\u0259liyev Meydan TV-y\u0259 a\u00e7\u0131qlamas\u0131nda sinifl\u0259rin birl\u0259\u015fm\u0259si prosesinin dayand\u0131r\u0131ld\u0131\u011f\u0131n\u0131 deyib. S\u00f6yl\u0259yib ki, sinifl\u0259rin komplektl\u0259\u015fm\u0259si \u0259razi maliyy\u0259 hesabla\u015fma m\u0259rk\u0259zind\u0259 yaranan maddi v\u0259sait \u00e7at\u0131\u015fmazl\u0131\u011f\u0131na g\u00f6r\u0259 idi:\n<\/p>\n<p>\n  &#8220;O m\u0259s\u0259l\u0259 art\u0131q h\u0259ll olundu. Maliyy\u0259 problemi vard\u0131 dey\u0259 sinifl\u0259r birl\u0259\u015fdirilirdi. Qanunvericilikd\u0259 sinifl\u0259rin birl\u0259\u015fdirilm\u0259sin\u0259 icaz\u0259 verilir. Regionda komplekt sinifl\u0259rl\u0259 i\u015fl\u0259y\u0259n xeyli sayda m\u0259kt\u0259b var. \u015eagird say\u0131 az oldu\u011funa g\u00f6r\u0259 sinifl\u0259r birl\u0259\u015fdirilir. Valideynl\u0259r bunu bilmir. Onlara bu t\u0259cr\u00fcb\u0259ni izah etdik. Bu i\u015f\u0259 2 sayl\u0131 \u0259razi maliyy\u0259 hesabla\u015fma m\u0259rk\u0259zi bax\u0131r. M\u0259n maliyy\u0259\u00e7i deyil, t\u0259hsil i\u015f\u00e7isiy\u0259m. Biz onlara \u00e7oxsayl\u0131 m\u00fcraci\u0259t etdik ki, valideynl\u0259r aras\u0131nda qalmaqal var. Raz\u0131l\u0131q ald\u0131q, yenid\u0259n sinifl\u0259ri ay\u0131rd\u0131q. B\u00fct\u00fcn bu olanlar\u0131 rayon r\u0259hb\u0259rliyi d\u0259, orqanlar da bilir. Haz\u0131rda m\u0259kt\u0259bd\u0259 sakitlikdir, h\u0259r \u015fey \u00f6z qaydas\u0131nda gedir. B\u00fct\u00fcn bu s\u00f6hb\u0259tl\u0259r m\u0259kt\u0259bd\u0259ki h\u0259min xan\u0131m\u0131n i\u015fidir, direktorla yola getmir&#8221;.\n<\/p>\n<p>\n  M\u0259s\u0259l\u0259 il\u0259 ba\u011fl\u0131 Qusar Rayon \u0130cra Hakimiyy\u0259tind\u0259n v\u0259 T\u0259hsil Nazirliyind\u0259n m\u00fcnasib\u0259t \u00f6yr\u0259nm\u0259k m\u00fcmk\u00fcn olmad\u0131.\n<\/p><\/p>\n","protected":false},"excerpt":{"rendered":"<p>Qusarda m\u0259kt\u0259b direktoru r\u00fc\u015fv\u0259t almaqda g\u00fcnahland\u0131r\u0131l\u0131r<\/p>\n","protected":false},"author":11,"featured_media":111116,"comment_status":"closed","ping_status":"open","sticky":false,"template":"","format":"standard","meta":{"_acf_changed":false,"_sitemap_exclude":false,"_sitemap_priority":"","_sitemap_frequency":"","footnotes":""},"categories":[60],"tags":[],"class_list":["post-192133","post","type-post","status-publish","format-standard","has-post-thumbnail","hentry","category-bolge","infinite-scroll-item","generate-columns","tablet-grid-50","mobile-grid-100","grid-parent","grid-33","no-featured-image-padding"],"acf":[],"yoast_head":"<!-- This site is optimized with the Yoast SEO plugin v27.4 - https:\/\/yoast.com\/product\/yoast-seo-wordpress\/ -->\n<title>&#039;&#039;Direktor m\u00fc\u0259lliml\u0259r\u0259 d\u0259rsin 1 saat\u0131n\u0131 25 manatdan sat\u0131r&#039;&#039; - MEYDAN.TV<\/title>\n<meta name=\"robots\" content=\"index, follow, max-snippet:-1, max-image-preview:large, max-video-preview:-1\" \/>\n<link rel=\"canonical\" href=\"https:\/\/www.meydan.tv\/az\/article\/direktor-muellimlere-dersin-1-saatini-25-manatdan-satir\/\" \/>\n<meta property=\"og:locale\" content=\"az_AZ\" \/>\n<meta property=\"og:type\" content=\"article\" \/>\n<meta property=\"og:title\" content=\"&#039;&#039;Direktor m\u00fc\u0259lliml\u0259r\u0259 d\u0259rsin 1 saat\u0131n\u0131 25 manatdan sat\u0131r&#039;&#039; - MEYDAN.TV\" \/>\n<meta property=\"og:description\" content=\"Qusarda m\u0259kt\u0259b direktoru r\u00fc\u015fv\u0259t almaqda g\u00fcnahland\u0131r\u0131l\u0131r\" \/>\n<meta property=\"og:url\" content=\"https:\/\/www.meydan.tv\/az\/article\/direktor-muellimlere-dersin-1-saatini-25-manatdan-satir\/\" \/>\n<meta property=\"og:site_name\" content=\"MEYDAN.TV\" \/>\n<meta property=\"article:published_time\" content=\"2018-10-16T20:29:50+00:00\" \/>\n<meta property=\"og:image\" content=\"https:\/\/www.meydan.tv\/wp-content\/uploads\/44214.jpg\" \/>\n\t<meta property=\"og:image:width\" content=\"960\" \/>\n\t<meta property=\"og:image:height\" content=\"720\" \/>\n\t<meta property=\"og:image:type\" content=\"image\/jpeg\" \/>\n<meta name=\"author\" content=\"user-manager\" \/>\n<meta name=\"twitter:card\" content=\"summary_large_image\" \/>\n<script type=\"application\/ld+json\" class=\"yoast-schema-graph\">{\"@context\":\"https:\\\/\\\/schema.org\",\"@graph\":[{\"@type\":\"Article\",\"@id\":\"https:\\\/\\\/www.meydan.tv\\\/az\\\/article\\\/direktor-muellimlere-dersin-1-saatini-25-manatdan-satir\\\/#article\",\"isPartOf\":{\"@id\":\"https:\\\/\\\/www.meydan.tv\\\/az\\\/article\\\/direktor-muellimlere-dersin-1-saatini-25-manatdan-satir\\\/\"},\"author\":{\"name\":\"user-manager\",\"@id\":\"https:\\\/\\\/www.meydan.tv\\\/az\\\/#\\\/schema\\\/person\\\/10d11eccf6da3662cf5fdab9806ea91a\"},\"headline\":\"&#8221;Direktor m\u00fc\u0259lliml\u0259r\u0259 d\u0259rsin 1 saat\u0131n\u0131 25 manatdan sat\u0131r&#8221;\",\"datePublished\":\"2018-10-16T20:29:50+00:00\",\"mainEntityOfPage\":{\"@id\":\"https:\\\/\\\/www.meydan.tv\\\/az\\\/article\\\/direktor-muellimlere-dersin-1-saatini-25-manatdan-satir\\\/\"},\"wordCount\":1627,\"publisher\":{\"@id\":\"https:\\\/\\\/www.meydan.tv\\\/az\\\/#organization\"},\"image\":{\"@id\":\"https:\\\/\\\/www.meydan.tv\\\/az\\\/article\\\/direktor-muellimlere-dersin-1-saatini-25-manatdan-satir\\\/#primaryimage\"},\"thumbnailUrl\":\"https:\\\/\\\/www.meydan.tv\\\/wp-content\\\/uploads\\\/44214.jpg\",\"articleSection\":[\"B\u00f6lg\u0259\"],\"inLanguage\":\"az\"},{\"@type\":\"WebPage\",\"@id\":\"https:\\\/\\\/www.meydan.tv\\\/az\\\/article\\\/direktor-muellimlere-dersin-1-saatini-25-manatdan-satir\\\/\",\"url\":\"https:\\\/\\\/www.meydan.tv\\\/az\\\/article\\\/direktor-muellimlere-dersin-1-saatini-25-manatdan-satir\\\/\",\"name\":\"''Direktor m\u00fc\u0259lliml\u0259r\u0259 d\u0259rsin 1 saat\u0131n\u0131 25 manatdan sat\u0131r'' - MEYDAN.TV\",\"isPartOf\":{\"@id\":\"https:\\\/\\\/www.meydan.tv\\\/az\\\/#website\"},\"primaryImageOfPage\":{\"@id\":\"https:\\\/\\\/www.meydan.tv\\\/az\\\/article\\\/direktor-muellimlere-dersin-1-saatini-25-manatdan-satir\\\/#primaryimage\"},\"image\":{\"@id\":\"https:\\\/\\\/www.meydan.tv\\\/az\\\/article\\\/direktor-muellimlere-dersin-1-saatini-25-manatdan-satir\\\/#primaryimage\"},\"thumbnailUrl\":\"https:\\\/\\\/www.meydan.tv\\\/wp-content\\\/uploads\\\/44214.jpg\",\"datePublished\":\"2018-10-16T20:29:50+00:00\",\"breadcrumb\":{\"@id\":\"https:\\\/\\\/www.meydan.tv\\\/az\\\/article\\\/direktor-muellimlere-dersin-1-saatini-25-manatdan-satir\\\/#breadcrumb\"},\"inLanguage\":\"az\",\"potentialAction\":[{\"@type\":\"ReadAction\",\"target\":[\"https:\\\/\\\/www.meydan.tv\\\/az\\\/article\\\/direktor-muellimlere-dersin-1-saatini-25-manatdan-satir\\\/\"]}]},{\"@type\":\"ImageObject\",\"inLanguage\":\"az\",\"@id\":\"https:\\\/\\\/www.meydan.tv\\\/az\\\/article\\\/direktor-muellimlere-dersin-1-saatini-25-manatdan-satir\\\/#primaryimage\",\"url\":\"https:\\\/\\\/www.meydan.tv\\\/wp-content\\\/uploads\\\/44214.jpg\",\"contentUrl\":\"https:\\\/\\\/www.meydan.tv\\\/wp-content\\\/uploads\\\/44214.jpg\",\"width\":960,\"height\":720,\"caption\":\"Source:\"},{\"@type\":\"BreadcrumbList\",\"@id\":\"https:\\\/\\\/www.meydan.tv\\\/az\\\/article\\\/direktor-muellimlere-dersin-1-saatini-25-manatdan-satir\\\/#breadcrumb\",\"itemListElement\":[{\"@type\":\"ListItem\",\"position\":1,\"name\":\"Ana s\u0259hif\u0259\",\"item\":\"https:\\\/\\\/www.meydan.tv\\\/az\\\/\"},{\"@type\":\"ListItem\",\"position\":2,\"name\":\"B\u00f6lg\u0259\",\"item\":\"https:\\\/\\\/www.meydan.tv\\\/az\\\/section\\\/bolge\\\/\"},{\"@type\":\"ListItem\",\"position\":3,\"name\":\"&#8221;Direktor m\u00fc\u0259lliml\u0259r\u0259 d\u0259rsin 1 saat\u0131n\u0131 25 manatdan sat\u0131r&#8221;\"}]},{\"@type\":\"WebSite\",\"@id\":\"https:\\\/\\\/www.meydan.tv\\\/az\\\/#website\",\"url\":\"https:\\\/\\\/www.meydan.tv\\\/az\\\/\",\"name\":\"MEYDAN.TV\",\"description\":\"Meydan TV Az\u0259rbaycan\u0131n media m\u0259kan\u0131ndak\u0131 alternativ s\u0259sidir\",\"publisher\":{\"@id\":\"https:\\\/\\\/www.meydan.tv\\\/az\\\/#organization\"},\"potentialAction\":[{\"@type\":\"SearchAction\",\"target\":{\"@type\":\"EntryPoint\",\"urlTemplate\":\"https:\\\/\\\/www.meydan.tv\\\/az\\\/?s={search_term_string}\"},\"query-input\":{\"@type\":\"PropertyValueSpecification\",\"valueRequired\":true,\"valueName\":\"search_term_string\"}}],\"inLanguage\":\"az\"},{\"@type\":\"Organization\",\"@id\":\"https:\\\/\\\/www.meydan.tv\\\/az\\\/#organization\",\"name\":\"Meydan TV\",\"url\":\"https:\\\/\\\/www.meydan.tv\\\/az\\\/\",\"logo\":{\"@type\":\"ImageObject\",\"inLanguage\":\"az\",\"@id\":\"https:\\\/\\\/www.meydan.tv\\\/az\\\/#\\\/schema\\\/logo\\\/image\\\/\",\"url\":\"https:\\\/\\\/www.meydan.tv\\\/wp-content\\\/uploads\\\/2021\\\/07\\\/meydan-logo.svg\",\"contentUrl\":\"https:\\\/\\\/www.meydan.tv\\\/wp-content\\\/uploads\\\/2021\\\/07\\\/meydan-logo.svg\",\"width\":195,\"height\":46,\"caption\":\"Meydan TV\"},\"image\":{\"@id\":\"https:\\\/\\\/www.meydan.tv\\\/az\\\/#\\\/schema\\\/logo\\\/image\\\/\"}},{\"@type\":\"Person\",\"@id\":\"https:\\\/\\\/www.meydan.tv\\\/az\\\/#\\\/schema\\\/person\\\/10d11eccf6da3662cf5fdab9806ea91a\",\"name\":\"user-manager\"}]}<\/script>\n<!-- \/ Yoast SEO plugin. -->","yoast_head_json":{"title":"''Direktor m\u00fc\u0259lliml\u0259r\u0259 d\u0259rsin 1 saat\u0131n\u0131 25 manatdan sat\u0131r'' - MEYDAN.TV","robots":{"index":"index","follow":"follow","max-snippet":"max-snippet:-1","max-image-preview":"max-image-preview:large","max-video-preview":"max-video-preview:-1"},"canonical":"https:\/\/www.meydan.tv\/az\/article\/direktor-muellimlere-dersin-1-saatini-25-manatdan-satir\/","og_locale":"az_AZ","og_type":"article","og_title":"''Direktor m\u00fc\u0259lliml\u0259r\u0259 d\u0259rsin 1 saat\u0131n\u0131 25 manatdan sat\u0131r'' - MEYDAN.TV","og_description":"Qusarda m\u0259kt\u0259b direktoru r\u00fc\u015fv\u0259t almaqda g\u00fcnahland\u0131r\u0131l\u0131r","og_url":"https:\/\/www.meydan.tv\/az\/article\/direktor-muellimlere-dersin-1-saatini-25-manatdan-satir\/","og_site_name":"MEYDAN.TV","article_published_time":"2018-10-16T20:29:50+00:00","og_image":[{"width":960,"height":720,"url":"https:\/\/www.meydan.tv\/wp-content\/uploads\/44214.jpg","type":"image\/jpeg"}],"author":"user-manager","twitter_card":"summary_large_image","schema":{"@context":"https:\/\/schema.org","@graph":[{"@type":"Article","@id":"https:\/\/www.meydan.tv\/az\/article\/direktor-muellimlere-dersin-1-saatini-25-manatdan-satir\/#article","isPartOf":{"@id":"https:\/\/www.meydan.tv\/az\/article\/direktor-muellimlere-dersin-1-saatini-25-manatdan-satir\/"},"author":{"name":"user-manager","@id":"https:\/\/www.meydan.tv\/az\/#\/schema\/person\/10d11eccf6da3662cf5fdab9806ea91a"},"headline":"&#8221;Direktor m\u00fc\u0259lliml\u0259r\u0259 d\u0259rsin 1 saat\u0131n\u0131 25 manatdan sat\u0131r&#8221;","datePublished":"2018-10-16T20:29:50+00:00","mainEntityOfPage":{"@id":"https:\/\/www.meydan.tv\/az\/article\/direktor-muellimlere-dersin-1-saatini-25-manatdan-satir\/"},"wordCount":1627,"publisher":{"@id":"https:\/\/www.meydan.tv\/az\/#organization"},"image":{"@id":"https:\/\/www.meydan.tv\/az\/article\/direktor-muellimlere-dersin-1-saatini-25-manatdan-satir\/#primaryimage"},"thumbnailUrl":"https:\/\/www.meydan.tv\/wp-content\/uploads\/44214.jpg","articleSection":["B\u00f6lg\u0259"],"inLanguage":"az"},{"@type":"WebPage","@id":"https:\/\/www.meydan.tv\/az\/article\/direktor-muellimlere-dersin-1-saatini-25-manatdan-satir\/","url":"https:\/\/www.meydan.tv\/az\/article\/direktor-muellimlere-dersin-1-saatini-25-manatdan-satir\/","name":"''Direktor m\u00fc\u0259lliml\u0259r\u0259 d\u0259rsin 1 saat\u0131n\u0131 25 manatdan sat\u0131r'' - MEYDAN.TV","isPartOf":{"@id":"https:\/\/www.meydan.tv\/az\/#website"},"primaryImageOfPage":{"@id":"https:\/\/www.meydan.tv\/az\/article\/direktor-muellimlere-dersin-1-saatini-25-manatdan-satir\/#primaryimage"},"image":{"@id":"https:\/\/www.meydan.tv\/az\/article\/direktor-muellimlere-dersin-1-saatini-25-manatdan-satir\/#primaryimage"},"thumbnailUrl":"https:\/\/www.meydan.tv\/wp-content\/uploads\/44214.jpg","datePublished":"2018-10-16T20:29:50+00:00","breadcrumb":{"@id":"https:\/\/www.meydan.tv\/az\/article\/direktor-muellimlere-dersin-1-saatini-25-manatdan-satir\/#breadcrumb"},"inLanguage":"az","potentialAction":[{"@type":"ReadAction","target":["https:\/\/www.meydan.tv\/az\/article\/direktor-muellimlere-dersin-1-saatini-25-manatdan-satir\/"]}]},{"@type":"ImageObject","inLanguage":"az","@id":"https:\/\/www.meydan.tv\/az\/article\/direktor-muellimlere-dersin-1-saatini-25-manatdan-satir\/#primaryimage","url":"https:\/\/www.meydan.tv\/wp-content\/uploads\/44214.jpg","contentUrl":"https:\/\/www.meydan.tv\/wp-content\/uploads\/44214.jpg","width":960,"height":720,"caption":"Source:"},{"@type":"BreadcrumbList","@id":"https:\/\/www.meydan.tv\/az\/article\/direktor-muellimlere-dersin-1-saatini-25-manatdan-satir\/#breadcrumb","itemListElement":[{"@type":"ListItem","position":1,"name":"Ana s\u0259hif\u0259","item":"https:\/\/www.meydan.tv\/az\/"},{"@type":"ListItem","position":2,"name":"B\u00f6lg\u0259","item":"https:\/\/www.meydan.tv\/az\/section\/bolge\/"},{"@type":"ListItem","position":3,"name":"&#8221;Direktor m\u00fc\u0259lliml\u0259r\u0259 d\u0259rsin 1 saat\u0131n\u0131 25 manatdan sat\u0131r&#8221;"}]},{"@type":"WebSite","@id":"https:\/\/www.meydan.tv\/az\/#website","url":"https:\/\/www.meydan.tv\/az\/","name":"MEYDAN.TV","description":"Meydan TV Az\u0259rbaycan\u0131n media m\u0259kan\u0131ndak\u0131 alternativ s\u0259sidir","publisher":{"@id":"https:\/\/www.meydan.tv\/az\/#organization"},"potentialAction":[{"@type":"SearchAction","target":{"@type":"EntryPoint","urlTemplate":"https:\/\/www.meydan.tv\/az\/?s={search_term_string}"},"query-input":{"@type":"PropertyValueSpecification","valueRequired":true,"valueName":"search_term_string"}}],"inLanguage":"az"},{"@type":"Organization","@id":"https:\/\/www.meydan.tv\/az\/#organization","name":"Meydan TV","url":"https:\/\/www.meydan.tv\/az\/","logo":{"@type":"ImageObject","inLanguage":"az","@id":"https:\/\/www.meydan.tv\/az\/#\/schema\/logo\/image\/","url":"https:\/\/www.meydan.tv\/wp-content\/uploads\/2021\/07\/meydan-logo.svg","contentUrl":"https:\/\/www.meydan.tv\/wp-content\/uploads\/2021\/07\/meydan-logo.svg","width":195,"height":46,"caption":"Meydan TV"},"image":{"@id":"https:\/\/www.meydan.tv\/az\/#\/schema\/logo\/image\/"}},{"@type":"Person","@id":"https:\/\/www.meydan.tv\/az\/#\/schema\/person\/10d11eccf6da3662cf5fdab9806ea91a","name":"user-manager"}]}},"_links":{"self":[{"href":"https:\/\/www.meydan.tv\/az\/wp-json\/wp\/v2\/posts\/192133","targetHints":{"allow":["GET"]}}],"collection":[{"href":"https:\/\/www.meydan.tv\/az\/wp-json\/wp\/v2\/posts"}],"about":[{"href":"https:\/\/www.meydan.tv\/az\/wp-json\/wp\/v2\/types\/post"}],"author":[{"embeddable":true,"href":"https:\/\/www.meydan.tv\/az\/wp-json\/wp\/v2\/users\/11"}],"replies":[{"embeddable":true,"href":"https:\/\/www.meydan.tv\/az\/wp-json\/wp\/v2\/comments?post=192133"}],"version-history":[{"count":0,"href":"https:\/\/www.meydan.tv\/az\/wp-json\/wp\/v2\/posts\/192133\/revisions"}],"wp:featuredmedia":[{"embeddable":true,"href":"https:\/\/www.meydan.tv\/az\/wp-json\/wp\/v2\/media\/111116"}],"wp:attachment":[{"href":"https:\/\/www.meydan.tv\/az\/wp-json\/wp\/v2\/media?parent=192133"}],"wp:term":[{"taxonomy":"category","embeddable":true,"href":"https:\/\/www.meydan.tv\/az\/wp-json\/wp\/v2\/categories?post=192133"},{"taxonomy":"post_tag","embeddable":true,"href":"https:\/\/www.meydan.tv\/az\/wp-json\/wp\/v2\/tags?post=192133"}],"curies":[{"name":"wp","href":"https:\/\/api.w.org\/{rel}","templated":true}]}}