{"id":192123,"date":"2018-10-16T17:36:38","date_gmt":"2018-10-16T17:36:38","guid":{"rendered":"https:\/\/www.meydan.tv\/article\/sehid-aileleri-aksiya-kecirdi-parlament-komissiya-yaratdi\/"},"modified":"2018-10-16T17:36:38","modified_gmt":"2018-10-16T17:36:38","slug":"sehid-aileleri-aksiya-kecirdi-parlament-komissiya-yaratdi","status":"publish","type":"post","link":"https:\/\/www.meydan.tv\/az\/article\/sehid-aileleri-aksiya-kecirdi-parlament-komissiya-yaratdi\/","title":{"rendered":"\u015e\u0259hid ail\u0259l\u0259ri aksiya ke\u00e7irdi, parlament komissiya yaratd\u0131"},"content":{"rendered":"<figure class=\"wp-block-embed is-type-video is-provider-youtube wp-block-embed-youtube wp-embed-aspect-16-9 wp-has-aspect-ratio\">\n<div class=\"wp-block-embed__wrapper\">\n    <iframe\ttitle=\"\" width=\"1200\" height=\"675\" data-src=\"https:\/\/www.youtube.com\/embed\/1hOg8y0rjYc\"\tframeborder=\"0\"\tallow=\"accelerometer; autoplay; clipboard-write; encrypted-media; gyroscope; picture-in-picture\" allowfullscreen src=\"data:image\/svg+xml;base64,PHN2ZyB3aWR0aD0iMSIgaGVpZ2h0PSIxIiB4bWxucz0iaHR0cDovL3d3dy53My5vcmcvMjAwMC9zdmciPjwvc3ZnPg==\" class=\"lazyload\" data-load-mode=\"1\"><\/iframe>\n  <\/div><figcaption><\/figcaption><\/figure>\n<p>\n  Deputat: \u201cHans\u0131sa s\u0131\u011forta \u015firk\u0259tinin haqq\u0131 yoxdur ki, \u00f6lk\u0259 ba\u015f\u00e7\u0131s\u0131n\u0131n f\u0259rman\u0131n\u0131 yar\u0131tmaz s\u0259viyy\u0259d\u0259 yerin\u0259 yetirsin\u201d\n<\/p>\n<p>\n  \u00a0Oktyabr\u0131n 16-da \u015f\u0259hid ail\u0259l\u0259rin\u0259 veril\u0259c\u0259k 11 manat bird\u0259f\u0259lik \u00f6d\u0259m\u0259ni ala bilm\u0259y\u0259n bir qrup \u015f\u0259xs Milli M\u0259clisin \u00f6n\u00fcnd\u0259 aksiya ke\u00e7irib. Onlar Qaraba\u011f u\u011frunda d\u00f6y\u00fc\u015fl\u0259rd\u0259 h\u0259lak olanlar\u0131n ail\u0259l\u0259rin\u0259 qar\u015f\u0131 laqeydlikd\u0259n, s\u0131\u011forta \u015firk\u0259tinin f\u0259aliyy\u0259tsizliyind\u0259n gileyl\u0259nibl\u0259r.\n<\/p>\n<p>\n  Bundan sonra m\u0259s\u0259l\u0259 Milli M\u0259clisin plenar iclas\u0131nda m\u00fczakir\u0259 olunub.\n<\/p>\n<p>\n  \u201cQurumlar \u00f6z i\u015fini g\u00f6r\u0259 bilmir v\u0259 \u015f\u0259hid ail\u0259l\u0259ri Milli M\u0259clisin deputatlar\u0131n\u0131n \u00fcz\u0259rin\u0259 g\u0259lirl\u0259r\u201d.\n<\/p>\n<p>\n  Bunu parlamentin iclas\u0131nda deputat Fazil Mustafa deyib. Deputat qeyd edib ki, \u00e7ox sayda \u015f\u0259hid ail\u0259si parlamentin qar\u015f\u0131s\u0131na g\u0259l\u0259r\u0259k m\u0259s\u0259l\u0259y\u0259 etirazlar\u0131n\u0131 bildiribl\u0259r:\n<\/p>\n<p>\n  \u201c\u0130nsanlar\u0131n bir qismi \u201cAz\u0259rs\u0131\u011forta\u201dya m\u00fcraci\u0259t ed\u0259rk\u0259n m\u0259nfi cavab al\u0131rlar. Onlara bildirirl\u0259r ki, pulu 90-c\u0131 ill\u0259rd\u0259 al\u0131blar. Amma onlar v\u0259saiti almad\u0131qlar\u0131n\u0131 deyirl\u0259r. V\u0259t\u0259nda\u015f da bunu s\u00fcbut ed\u0259c\u0259k s\u0259n\u0259di t\u0259l\u0259b edir. S\u0131\u011forta \u015firk\u0259ti d\u0259 bunu v\u0259t\u0259nda\u015fdan t\u0259l\u0259b edir ki, v\u0259saiti almad\u0131\u011f\u0131n\u0131 s\u00fcbut etsin. V\u0259t\u0259nda\u015f bunu niy\u0259 s\u00fcbut etm\u0259lidir ki? Bu g\u00fcn hans\u0131sa bir insan\u0131n 11 min manat almaq h\u00fcququ pozulursa, bunun a\u011f\u0131r m\u0259n\u0259vi n\u0259tic\u0259l\u0259ri ola bil\u0259r. Qurumlar \u00f6z i\u015fini g\u00f6r\u0259 bilmir v\u0259 \u015f\u0259hid ail\u0259l\u0259ri Milli M\u0259clisin deputatlar\u0131n\u0131n \u00fcz\u0259rin\u0259 g\u0259lirl\u0259r. M\u0259n onlar\u0131 bu g\u00fcn q\u0259bul etdim. Ona g\u00f6r\u0259 elektron formada s\u0259n\u0259dl\u0259\u015fm\u0259ni h\u0259yata ke\u00e7irm\u0259k vacib add\u0131md\u0131r\u201d.\n<\/p>\n<blockquote><p>\n  Haqq\u0131 olan insanlar qal\u0131b k\u0259narda, olmayanlar is\u0259 dig\u0259rl\u0259rinin haqq\u0131n\u0131 m\u0259nims\u0259yibl\u0259r\n<\/p><\/blockquote>\n<p>\n  Deputat Siyavu\u015f Novruzov \u015f\u0259hid ail\u0259l\u0259rin\u0259 bird\u0259f\u0259lik m\u00fcavin\u0259tin verilm\u0259sinin \u00e7ox m\u00fch\u00fcm q\u0259rar oldu\u011funu dey\u0259r\u0259k, bunun maddiyyatdan daha \u00e7ox m\u0259n\u0259vi m\u0259s\u0259l\u0259 oldu\u011funu deyib:\n<\/p>\n<p>\n  \u201cBu add\u0131m\u0131n mahiyy\u0259ti \u015f\u0259hid ail\u0259l\u0259rini dig\u0259r insanlardan f\u0259rql\u0259ndirm\u0259kdir. Bu, mill\u0259tin, d\u00f6vl\u0259tin \u015f\u0259hididir. 5 manat az oldu, \u00e7ox oldu kimi m\u0259s\u0259l\u0259l\u0259ri dil\u0259 g\u0259tirm\u0259k d\u00fczg\u00fcn deyil. Bu m\u0259s\u0259l\u0259y\u0259 \u015f\u0259hid ail\u0259sinin maddi t\u0259minat\u0131 kimi yana\u015fmamal\u0131y\u0131q. Bu yax\u0131nlarda Nazirl\u0259r Kabineti t\u0259r\u0259find\u0259n veteran statusu almayan \u015f\u0259xsl\u0259r \u00fc\u00e7\u00fcn qaydalar t\u0259tbiq edilib. Vaxtil\u0259 haqq\u0131 olan insanlar qal\u0131b k\u0259narda, olmayanlar is\u0259 dig\u0259rl\u0259rinin haqq\u0131n\u0131 m\u0259nims\u0259yibl\u0259r. H\u00f6kum\u0259t d\u0259 buna \u0259sas\u0259n bu haqdan m\u0259hrum edil\u0259nl\u0259rin \u00f6z haqq\u0131ndan istifad\u0259si \u00fc\u00e7\u00fcn \u015f\u0259rait yarad\u0131b. Az\u0259rbaycanda veteranlar\u0131n say\u0131 t\u0259xmin\u0259n 60 mini ke\u00e7ib. S\u0131rf Qaraba\u011fla olanlar\u0131 qeyd edir\u0259m. Az\u0259rbaycanda polk, diviziya olmay\u0131b. Batalyon olub v\u0259 bu batalyonlarda da 200 n\u0259f\u0259r insan vuru\u015fub. Ezam olunanlarla, h\u0259qiqi h\u0259rbi xidm\u0259t\u0259 \u00e7a\u011f\u0131ranlar\u0131n statusu f\u0259rqli olmal\u0131d\u0131r\u201d.\n<\/p>\n<p>\n  Deputat \u00c7ingiz Q\u0259nizad\u0259 d\u0259 qeyd edib ki, \u015f\u0259hid ail\u0259l\u0259rinin parlamentin qar\u015f\u0131s\u0131na topla\u015fma\u011f\u0131 d\u00fczg\u00fcn deyil:\n<\/p>\n<p>\n  \u201cPrezident humanist add\u0131m at\u0131b, amma bu c\u00fcr urvatl\u0131 i\u015fi urvats\u0131z hala \u00e7eviribl\u0259r. M\u0259n \u00e7ox ist\u0259rdim ki, bu insanlar k\u00fc\u00e7\u0259l\u0259rd\u0259n y\u0131\u011f\u0131\u015fs\u0131n. \u018fg\u0259r qanunlar\u0131m\u0131zda bo\u015fluq varsa, bu m\u0259s\u0259l\u0259ni h\u0259ll ed\u0259k\u201d.\n<\/p>\n<blockquote><p>\n  Spiker komissiya yarad\u0131lmas\u0131 bar\u0259d\u0259 g\u00f6st\u0259ri\u015f verdi\n<\/p><\/blockquote>\n<p>\n  Spiker Oqtay \u018fs\u0259dov komissiya yarad\u0131laca\u011f\u0131n\u0131 deyib. O, bu i\u015fi \u0130nsan H\u00fcquqlar\u0131 Komit\u0259sin\u0259 h\u0259val\u0259 edib:\n<\/p>\n<p>\n  \u201c\u0130nsan H\u00fcquqlar\u0131 Komit\u0259si d\u0259 \u018fm\u0259k v\u0259 \u018fhalinin Sosial M\u00fcdafi\u0259si Nazirliyinin v\u0259 \u201cAz\u0259rs\u0131\u011forta\u201d n\u0131n n\u00fcmay\u0259nd\u0259l\u0259rini h\u0259min komissiyaya c\u0259lb etsin v\u0259 m\u0259s\u0259l\u0259 ara\u015fd\u0131r\u0131ls\u0131n\u201d.\n<\/p>\n<p>\n  Prezident \u0130lham \u018fliyev &#8220;Az\u0259rbaycan Respublikas\u0131n\u0131n \u0259razi b\u00fct\u00f6vl\u00fcy\u00fc u\u011frunda h\u0259lak olmu\u015f, \u00f6lm\u00fc\u015f v\u0259 h\u0259rbi \u0259m\u0259liyyatlarla \u0259laq\u0259dar x\u0259b\u0259rsiz itkin d\u00fc\u015fd\u00fcy\u00fcn\u0259 g\u00f6r\u0259 \u00f6lm\u00fc\u015f elan edilmi\u015f h\u0259rbi qulluq\u00e7ular\u0131n ail\u0259 \u00fczvl\u0259rinin sosial m\u00fcdafi\u0259sinin yax\u015f\u0131la\u015fd\u0131r\u0131lmas\u0131 il\u0259 ba\u011fl\u0131 \u0259lav\u0259 t\u0259dbirl\u0259r haqq\u0131nda&#8221; F\u0259rman verib. F\u0259rmanda qeyd edil\u0259n kateqoriyaya aid olan h\u0259r bir \u015f\u0259hid ail\u0259sinin v\u0259r\u0259s\u0259l\u0259rin\u0259 11 min manat m\u0259bl\u0259\u011find\u0259 bird\u0259f\u0259lik \u00f6d\u0259m\u0259 h\u0259yata ke\u00e7iril\u0259c\u0259k.<\/p>\n","protected":false},"excerpt":{"rendered":"<p>Deputat: \u201cHans\u0131sa s\u0131\u011forta \u015firk\u0259tinin haqq\u0131 yoxdur ki, \u00f6lk\u0259 ba\u015f\u00e7\u0131s\u0131n\u0131n f\u0259rman\u0131n\u0131 yar\u0131tmaz s\u0259viyy\u0259d\u0259 yerin\u0259 yetirsin\u201d<\/p>\n","protected":false},"author":11,"featured_media":96840,"comment_status":"closed","ping_status":"open","sticky":false,"template":"","format":"standard","meta":{"_acf_changed":false,"_sitemap_exclude":false,"_sitemap_priority":"","_sitemap_frequency":"","footnotes":""},"categories":[63],"tags":[],"class_list":["post-192123","post","type-post","status-publish","format-standard","has-post-thumbnail","hentry","category-video-2","infinite-scroll-item","generate-columns","tablet-grid-50","mobile-grid-100","grid-parent","grid-33","no-featured-image-padding"],"acf":[],"yoast_head":"<!-- This site is optimized with the Yoast SEO plugin v27.4 - https:\/\/yoast.com\/product\/yoast-seo-wordpress\/ -->\n<title>\u015e\u0259hid ail\u0259l\u0259ri aksiya ke\u00e7irdi, parlament komissiya yaratd\u0131 - MEYDAN.TV<\/title>\n<meta name=\"robots\" content=\"index, follow, max-snippet:-1, max-image-preview:large, max-video-preview:-1\" \/>\n<link rel=\"canonical\" href=\"https:\/\/www.meydan.tv\/az\/article\/sehid-aileleri-aksiya-kecirdi-parlament-komissiya-yaratdi\/\" \/>\n<meta property=\"og:locale\" content=\"az_AZ\" \/>\n<meta property=\"og:type\" content=\"article\" \/>\n<meta property=\"og:title\" content=\"\u015e\u0259hid ail\u0259l\u0259ri aksiya ke\u00e7irdi, parlament komissiya yaratd\u0131 - MEYDAN.TV\" \/>\n<meta property=\"og:description\" content=\"Deputat: \u201cHans\u0131sa s\u0131\u011forta \u015firk\u0259tinin haqq\u0131 yoxdur ki, \u00f6lk\u0259 ba\u015f\u00e7\u0131s\u0131n\u0131n f\u0259rman\u0131n\u0131 yar\u0131tmaz s\u0259viyy\u0259d\u0259 yerin\u0259 yetirsin\u201d\" \/>\n<meta property=\"og:url\" content=\"https:\/\/www.meydan.tv\/az\/article\/sehid-aileleri-aksiya-kecirdi-parlament-komissiya-yaratdi\/\" \/>\n<meta property=\"og:site_name\" content=\"MEYDAN.TV\" \/>\n<meta property=\"article:published_time\" content=\"2018-10-16T17:36:38+00:00\" \/>\n<meta property=\"og:image\" content=\"https:\/\/www.meydan.tv\/wp-content\/uploads\/38222.jpg\" \/>\n\t<meta property=\"og:image:width\" content=\"1890\" \/>\n\t<meta property=\"og:image:height\" content=\"1208\" \/>\n\t<meta property=\"og:image:type\" content=\"image\/jpeg\" \/>\n<meta name=\"author\" content=\"user-manager\" \/>\n<meta name=\"twitter:card\" content=\"summary_large_image\" \/>\n<script type=\"application\/ld+json\" class=\"yoast-schema-graph\">{\"@context\":\"https:\\\/\\\/schema.org\",\"@graph\":[{\"@type\":\"Article\",\"@id\":\"https:\\\/\\\/www.meydan.tv\\\/az\\\/article\\\/sehid-aileleri-aksiya-kecirdi-parlament-komissiya-yaratdi\\\/#article\",\"isPartOf\":{\"@id\":\"https:\\\/\\\/www.meydan.tv\\\/az\\\/article\\\/sehid-aileleri-aksiya-kecirdi-parlament-komissiya-yaratdi\\\/\"},\"author\":{\"name\":\"user-manager\",\"@id\":\"https:\\\/\\\/www.meydan.tv\\\/az\\\/#\\\/schema\\\/person\\\/10d11eccf6da3662cf5fdab9806ea91a\"},\"headline\":\"\u015e\u0259hid ail\u0259l\u0259ri aksiya ke\u00e7irdi, parlament komissiya yaratd\u0131\",\"datePublished\":\"2018-10-16T17:36:38+00:00\",\"mainEntityOfPage\":{\"@id\":\"https:\\\/\\\/www.meydan.tv\\\/az\\\/article\\\/sehid-aileleri-aksiya-kecirdi-parlament-komissiya-yaratdi\\\/\"},\"wordCount\":810,\"publisher\":{\"@id\":\"https:\\\/\\\/www.meydan.tv\\\/az\\\/#organization\"},\"image\":{\"@id\":\"https:\\\/\\\/www.meydan.tv\\\/az\\\/article\\\/sehid-aileleri-aksiya-kecirdi-parlament-komissiya-yaratdi\\\/#primaryimage\"},\"thumbnailUrl\":\"https:\\\/\\\/www.meydan.tv\\\/wp-content\\\/uploads\\\/38222.jpg\",\"articleSection\":[\"Video\"],\"inLanguage\":\"az\"},{\"@type\":\"WebPage\",\"@id\":\"https:\\\/\\\/www.meydan.tv\\\/az\\\/article\\\/sehid-aileleri-aksiya-kecirdi-parlament-komissiya-yaratdi\\\/\",\"url\":\"https:\\\/\\\/www.meydan.tv\\\/az\\\/article\\\/sehid-aileleri-aksiya-kecirdi-parlament-komissiya-yaratdi\\\/\",\"name\":\"\u015e\u0259hid ail\u0259l\u0259ri aksiya ke\u00e7irdi, parlament komissiya yaratd\u0131 - MEYDAN.TV\",\"isPartOf\":{\"@id\":\"https:\\\/\\\/www.meydan.tv\\\/az\\\/#website\"},\"primaryImageOfPage\":{\"@id\":\"https:\\\/\\\/www.meydan.tv\\\/az\\\/article\\\/sehid-aileleri-aksiya-kecirdi-parlament-komissiya-yaratdi\\\/#primaryimage\"},\"image\":{\"@id\":\"https:\\\/\\\/www.meydan.tv\\\/az\\\/article\\\/sehid-aileleri-aksiya-kecirdi-parlament-komissiya-yaratdi\\\/#primaryimage\"},\"thumbnailUrl\":\"https:\\\/\\\/www.meydan.tv\\\/wp-content\\\/uploads\\\/38222.jpg\",\"datePublished\":\"2018-10-16T17:36:38+00:00\",\"breadcrumb\":{\"@id\":\"https:\\\/\\\/www.meydan.tv\\\/az\\\/article\\\/sehid-aileleri-aksiya-kecirdi-parlament-komissiya-yaratdi\\\/#breadcrumb\"},\"inLanguage\":\"az\",\"potentialAction\":[{\"@type\":\"ReadAction\",\"target\":[\"https:\\\/\\\/www.meydan.tv\\\/az\\\/article\\\/sehid-aileleri-aksiya-kecirdi-parlament-komissiya-yaratdi\\\/\"]}]},{\"@type\":\"ImageObject\",\"inLanguage\":\"az\",\"@id\":\"https:\\\/\\\/www.meydan.tv\\\/az\\\/article\\\/sehid-aileleri-aksiya-kecirdi-parlament-komissiya-yaratdi\\\/#primaryimage\",\"url\":\"https:\\\/\\\/www.meydan.tv\\\/wp-content\\\/uploads\\\/38222.jpg\",\"contentUrl\":\"https:\\\/\\\/www.meydan.tv\\\/wp-content\\\/uploads\\\/38222.jpg\",\"width\":1890,\"height\":1208,\"caption\":\"Source:\"},{\"@type\":\"BreadcrumbList\",\"@id\":\"https:\\\/\\\/www.meydan.tv\\\/az\\\/article\\\/sehid-aileleri-aksiya-kecirdi-parlament-komissiya-yaratdi\\\/#breadcrumb\",\"itemListElement\":[{\"@type\":\"ListItem\",\"position\":1,\"name\":\"Ana s\u0259hif\u0259\",\"item\":\"https:\\\/\\\/www.meydan.tv\\\/az\\\/\"},{\"@type\":\"ListItem\",\"position\":2,\"name\":\"Video\",\"item\":\"https:\\\/\\\/www.meydan.tv\\\/az\\\/section\\\/video-2\\\/\"},{\"@type\":\"ListItem\",\"position\":3,\"name\":\"\u015e\u0259hid ail\u0259l\u0259ri aksiya ke\u00e7irdi, parlament komissiya yaratd\u0131\"}]},{\"@type\":\"WebSite\",\"@id\":\"https:\\\/\\\/www.meydan.tv\\\/az\\\/#website\",\"url\":\"https:\\\/\\\/www.meydan.tv\\\/az\\\/\",\"name\":\"MEYDAN.TV\",\"description\":\"Meydan TV Az\u0259rbaycan\u0131n media m\u0259kan\u0131ndak\u0131 alternativ s\u0259sidir\",\"publisher\":{\"@id\":\"https:\\\/\\\/www.meydan.tv\\\/az\\\/#organization\"},\"potentialAction\":[{\"@type\":\"SearchAction\",\"target\":{\"@type\":\"EntryPoint\",\"urlTemplate\":\"https:\\\/\\\/www.meydan.tv\\\/az\\\/?s={search_term_string}\"},\"query-input\":{\"@type\":\"PropertyValueSpecification\",\"valueRequired\":true,\"valueName\":\"search_term_string\"}}],\"inLanguage\":\"az\"},{\"@type\":\"Organization\",\"@id\":\"https:\\\/\\\/www.meydan.tv\\\/az\\\/#organization\",\"name\":\"Meydan TV\",\"url\":\"https:\\\/\\\/www.meydan.tv\\\/az\\\/\",\"logo\":{\"@type\":\"ImageObject\",\"inLanguage\":\"az\",\"@id\":\"https:\\\/\\\/www.meydan.tv\\\/az\\\/#\\\/schema\\\/logo\\\/image\\\/\",\"url\":\"https:\\\/\\\/www.meydan.tv\\\/wp-content\\\/uploads\\\/2021\\\/07\\\/meydan-logo.svg\",\"contentUrl\":\"https:\\\/\\\/www.meydan.tv\\\/wp-content\\\/uploads\\\/2021\\\/07\\\/meydan-logo.svg\",\"width\":195,\"height\":46,\"caption\":\"Meydan TV\"},\"image\":{\"@id\":\"https:\\\/\\\/www.meydan.tv\\\/az\\\/#\\\/schema\\\/logo\\\/image\\\/\"}},{\"@type\":\"Person\",\"@id\":\"https:\\\/\\\/www.meydan.tv\\\/az\\\/#\\\/schema\\\/person\\\/10d11eccf6da3662cf5fdab9806ea91a\",\"name\":\"user-manager\"}]}<\/script>\n<!-- \/ Yoast SEO plugin. -->","yoast_head_json":{"title":"\u015e\u0259hid ail\u0259l\u0259ri aksiya ke\u00e7irdi, parlament komissiya yaratd\u0131 - MEYDAN.TV","robots":{"index":"index","follow":"follow","max-snippet":"max-snippet:-1","max-image-preview":"max-image-preview:large","max-video-preview":"max-video-preview:-1"},"canonical":"https:\/\/www.meydan.tv\/az\/article\/sehid-aileleri-aksiya-kecirdi-parlament-komissiya-yaratdi\/","og_locale":"az_AZ","og_type":"article","og_title":"\u015e\u0259hid ail\u0259l\u0259ri aksiya ke\u00e7irdi, parlament komissiya yaratd\u0131 - MEYDAN.TV","og_description":"Deputat: \u201cHans\u0131sa s\u0131\u011forta \u015firk\u0259tinin haqq\u0131 yoxdur ki, \u00f6lk\u0259 ba\u015f\u00e7\u0131s\u0131n\u0131n f\u0259rman\u0131n\u0131 yar\u0131tmaz s\u0259viyy\u0259d\u0259 yerin\u0259 yetirsin\u201d","og_url":"https:\/\/www.meydan.tv\/az\/article\/sehid-aileleri-aksiya-kecirdi-parlament-komissiya-yaratdi\/","og_site_name":"MEYDAN.TV","article_published_time":"2018-10-16T17:36:38+00:00","og_image":[{"width":1890,"height":1208,"url":"https:\/\/www.meydan.tv\/wp-content\/uploads\/38222.jpg","type":"image\/jpeg"}],"author":"user-manager","twitter_card":"summary_large_image","schema":{"@context":"https:\/\/schema.org","@graph":[{"@type":"Article","@id":"https:\/\/www.meydan.tv\/az\/article\/sehid-aileleri-aksiya-kecirdi-parlament-komissiya-yaratdi\/#article","isPartOf":{"@id":"https:\/\/www.meydan.tv\/az\/article\/sehid-aileleri-aksiya-kecirdi-parlament-komissiya-yaratdi\/"},"author":{"name":"user-manager","@id":"https:\/\/www.meydan.tv\/az\/#\/schema\/person\/10d11eccf6da3662cf5fdab9806ea91a"},"headline":"\u015e\u0259hid ail\u0259l\u0259ri aksiya ke\u00e7irdi, parlament komissiya yaratd\u0131","datePublished":"2018-10-16T17:36:38+00:00","mainEntityOfPage":{"@id":"https:\/\/www.meydan.tv\/az\/article\/sehid-aileleri-aksiya-kecirdi-parlament-komissiya-yaratdi\/"},"wordCount":810,"publisher":{"@id":"https:\/\/www.meydan.tv\/az\/#organization"},"image":{"@id":"https:\/\/www.meydan.tv\/az\/article\/sehid-aileleri-aksiya-kecirdi-parlament-komissiya-yaratdi\/#primaryimage"},"thumbnailUrl":"https:\/\/www.meydan.tv\/wp-content\/uploads\/38222.jpg","articleSection":["Video"],"inLanguage":"az"},{"@type":"WebPage","@id":"https:\/\/www.meydan.tv\/az\/article\/sehid-aileleri-aksiya-kecirdi-parlament-komissiya-yaratdi\/","url":"https:\/\/www.meydan.tv\/az\/article\/sehid-aileleri-aksiya-kecirdi-parlament-komissiya-yaratdi\/","name":"\u015e\u0259hid ail\u0259l\u0259ri aksiya ke\u00e7irdi, parlament komissiya yaratd\u0131 - MEYDAN.TV","isPartOf":{"@id":"https:\/\/www.meydan.tv\/az\/#website"},"primaryImageOfPage":{"@id":"https:\/\/www.meydan.tv\/az\/article\/sehid-aileleri-aksiya-kecirdi-parlament-komissiya-yaratdi\/#primaryimage"},"image":{"@id":"https:\/\/www.meydan.tv\/az\/article\/sehid-aileleri-aksiya-kecirdi-parlament-komissiya-yaratdi\/#primaryimage"},"thumbnailUrl":"https:\/\/www.meydan.tv\/wp-content\/uploads\/38222.jpg","datePublished":"2018-10-16T17:36:38+00:00","breadcrumb":{"@id":"https:\/\/www.meydan.tv\/az\/article\/sehid-aileleri-aksiya-kecirdi-parlament-komissiya-yaratdi\/#breadcrumb"},"inLanguage":"az","potentialAction":[{"@type":"ReadAction","target":["https:\/\/www.meydan.tv\/az\/article\/sehid-aileleri-aksiya-kecirdi-parlament-komissiya-yaratdi\/"]}]},{"@type":"ImageObject","inLanguage":"az","@id":"https:\/\/www.meydan.tv\/az\/article\/sehid-aileleri-aksiya-kecirdi-parlament-komissiya-yaratdi\/#primaryimage","url":"https:\/\/www.meydan.tv\/wp-content\/uploads\/38222.jpg","contentUrl":"https:\/\/www.meydan.tv\/wp-content\/uploads\/38222.jpg","width":1890,"height":1208,"caption":"Source:"},{"@type":"BreadcrumbList","@id":"https:\/\/www.meydan.tv\/az\/article\/sehid-aileleri-aksiya-kecirdi-parlament-komissiya-yaratdi\/#breadcrumb","itemListElement":[{"@type":"ListItem","position":1,"name":"Ana s\u0259hif\u0259","item":"https:\/\/www.meydan.tv\/az\/"},{"@type":"ListItem","position":2,"name":"Video","item":"https:\/\/www.meydan.tv\/az\/section\/video-2\/"},{"@type":"ListItem","position":3,"name":"\u015e\u0259hid ail\u0259l\u0259ri aksiya ke\u00e7irdi, parlament komissiya yaratd\u0131"}]},{"@type":"WebSite","@id":"https:\/\/www.meydan.tv\/az\/#website","url":"https:\/\/www.meydan.tv\/az\/","name":"MEYDAN.TV","description":"Meydan TV Az\u0259rbaycan\u0131n media m\u0259kan\u0131ndak\u0131 alternativ s\u0259sidir","publisher":{"@id":"https:\/\/www.meydan.tv\/az\/#organization"},"potentialAction":[{"@type":"SearchAction","target":{"@type":"EntryPoint","urlTemplate":"https:\/\/www.meydan.tv\/az\/?s={search_term_string}"},"query-input":{"@type":"PropertyValueSpecification","valueRequired":true,"valueName":"search_term_string"}}],"inLanguage":"az"},{"@type":"Organization","@id":"https:\/\/www.meydan.tv\/az\/#organization","name":"Meydan TV","url":"https:\/\/www.meydan.tv\/az\/","logo":{"@type":"ImageObject","inLanguage":"az","@id":"https:\/\/www.meydan.tv\/az\/#\/schema\/logo\/image\/","url":"https:\/\/www.meydan.tv\/wp-content\/uploads\/2021\/07\/meydan-logo.svg","contentUrl":"https:\/\/www.meydan.tv\/wp-content\/uploads\/2021\/07\/meydan-logo.svg","width":195,"height":46,"caption":"Meydan TV"},"image":{"@id":"https:\/\/www.meydan.tv\/az\/#\/schema\/logo\/image\/"}},{"@type":"Person","@id":"https:\/\/www.meydan.tv\/az\/#\/schema\/person\/10d11eccf6da3662cf5fdab9806ea91a","name":"user-manager"}]}},"_links":{"self":[{"href":"https:\/\/www.meydan.tv\/az\/wp-json\/wp\/v2\/posts\/192123","targetHints":{"allow":["GET"]}}],"collection":[{"href":"https:\/\/www.meydan.tv\/az\/wp-json\/wp\/v2\/posts"}],"about":[{"href":"https:\/\/www.meydan.tv\/az\/wp-json\/wp\/v2\/types\/post"}],"author":[{"embeddable":true,"href":"https:\/\/www.meydan.tv\/az\/wp-json\/wp\/v2\/users\/11"}],"replies":[{"embeddable":true,"href":"https:\/\/www.meydan.tv\/az\/wp-json\/wp\/v2\/comments?post=192123"}],"version-history":[{"count":0,"href":"https:\/\/www.meydan.tv\/az\/wp-json\/wp\/v2\/posts\/192123\/revisions"}],"wp:featuredmedia":[{"embeddable":true,"href":"https:\/\/www.meydan.tv\/az\/wp-json\/wp\/v2\/media\/96840"}],"wp:attachment":[{"href":"https:\/\/www.meydan.tv\/az\/wp-json\/wp\/v2\/media?parent=192123"}],"wp:term":[{"taxonomy":"category","embeddable":true,"href":"https:\/\/www.meydan.tv\/az\/wp-json\/wp\/v2\/categories?post=192123"},{"taxonomy":"post_tag","embeddable":true,"href":"https:\/\/www.meydan.tv\/az\/wp-json\/wp\/v2\/tags?post=192123"}],"curies":[{"name":"wp","href":"https:\/\/api.w.org\/{rel}","templated":true}]}}