{"id":192117,"date":"2018-10-15T20:36:46","date_gmt":"2018-10-15T20:36:46","guid":{"rendered":"https:\/\/www.meydan.tv\/article\/munhen-olimpiadasinda-qetliam\/"},"modified":"2018-10-15T20:36:46","modified_gmt":"2018-10-15T20:36:46","slug":"munhen-olimpiadasinda-qetliam","status":"publish","type":"post","link":"https:\/\/www.meydan.tv\/az\/article\/munhen-olimpiadasinda-qetliam\/","title":{"rendered":"M\u00fcnhen olimpiadas\u0131nda q\u0259tliam"},"content":{"rendered":"<figure class=\"wp-block-image size-large\">\n  <img decoding=\"async\" src=\"https:\/\/www.meydan.tv\/az\/munxen-qetliaminda-polisler-idman-paltarlari-geyinib-binaya-daxil-olmaq-isteyir-2\/\" alt=\"M\u00fcnxen q\u0259tliam\u0131nda polisl\u0259r idman paltarlar\u0131 geyinib binaya daxil olmaq ist\u0259yir\" class=\"wp-image-111071\"\/><figcaption>\n    M\u00fcnxen q\u0259tliam\u0131nda polisl\u0259r idman paltarlar\u0131 geyinib binaya daxil olmaq ist\u0259yir<br \/>\n  <\/figcaption><\/figure>\n<p>\n  1972-ci il avqustun 26-da Q\u0259rbi Almaniyan\u0131n M\u00fcnhen \u015f\u0259h\u0259rind\u0259 XX yay olimpiya oyunlar\u0131n\u0131n t\u0259nt\u0259n\u0259li a\u00e7\u0131l\u0131\u015f\u0131 oldu. \u0130ki h\u0259ft\u0259 davam ed\u0259n idman festival\u0131nda y\u00fcks\u0259k n\u0259tic\u0259l\u0259r g\u00f6st\u0259rildi:\n<\/p>\n<p>\n  100 olimpiya v\u0259 46 d\u00fcnya rekordu m\u00fc\u0259yy\u0259n edildi. M\u00fcqayis\u0259 \u00fc\u00e7\u00fcn g\u00f6st\u0259r\u0259k ki, \u0259vv\u0259lki Mexiko olimpiadas\u0131nda bu r\u0259q\u0259m m\u00fcvafiq olaraq 76 v\u0259 28 idi.\n<\/p>\n<p>\n  Oyunlar\u0131n \u0259sas q\u0259hr\u0259man\u0131 AB\u015e \u00fczg\u00fc\u00e7\u00fcs\u00fc Mark Spitz oldu. Mexikoda ikiqat \u00e7empion olan Spitz M\u00fcnhend\u0259 daha 7 q\u0131z\u0131l medal qazand\u0131. O, bir olimpiadada 7 d\u0259f\u0259 \u00e7empion olan ilk idman\u00e7\u0131 oldu. El\u0259 g\u00f6r\u00fcn\u00fcrd\u00fc ki, bu inan\u0131lmaz u\u011fur h\u0259mi\u015f\u0259lik rekord qalacaq. Lakin 2008-ci il Pekin olimpiadas\u0131nda AB\u015e-\u0131n ba\u015fqa bir \u00fczg\u00fc\u00e7\u00fcs\u00fc Maykl Felps 8 q\u0131z\u0131l medalla yeni rekorda nail oldu.\n<\/p>\n<p>\n  Oyunlar\u0131n \u0259sas sensasiyas\u0131 is\u0259 basketbol turnirind\u0259 ba\u015f verdi. Basketbol yar\u0131\u015flar\u0131n\u0131n ilk d\u0259f\u0259 ke\u00e7irildiyi 1936-c\u0131 ild\u0259n b\u0259ri yeddi olimpiadan\u0131n ham\u0131s\u0131nda qalib olan AB\u015e komandas\u0131 finalda be\u015finci d\u0259f\u0259 SSR\u0130 y\u0131\u011fmas\u0131 il\u0259 qar\u015f\u0131la\u015fd\u0131. Sonlu\u011fu triller janr\u0131nda ke\u00e7\u0259n bu qar\u015f\u0131la\u015fmada sovet idman\u00e7\u0131lar\u0131 51:50 hesab\u0131 il\u0259 q\u0259l\u0259b\u0259 qazand\u0131lar.\n<\/p>\n<p>\n  Lakin t\u0259\u0259ss\u00fcf ki, M\u00fcnhen olimpiadas\u0131 bu v\u0259 ya dig\u0259r idman n\u0259tic\u0259l\u0259ri, g\u0259rgin qar\u015f\u0131la\u015fmalarla deyil, daha \u00e7ox ba\u015f ver\u0259n terror akt\u0131 il\u0259 yadda qald\u0131.\n<\/p>\n<p>\n  ***\n<\/p>\n<p>\n  M\u00fcnhen\u0259 q\u0259d\u0259r Almaniyada olimpiya oyunlar\u0131 1936-c\u0131 ild\u0259 ke\u00e7irilmi\u015fdi; h\u0259m q\u0131\u015f (Garmi\u015f-Partenkirxen m\u0259nt\u0259q\u0259sind\u0259), h\u0259m d\u0259 yay (Berlin) oyunlar\u0131. Nasist hakimiyy\u0259ti d\u00f6vr\u00fcnd\u0259 ke\u00e7iril\u0259n bu oyunlar militarist \u0259hval-ruhiyy\u0259 il\u0259 yadda qalm\u0131\u015fd\u0131. \u0130ndi, \u00fcst\u00fcnd\u0259n 36 il ke\u00e7\u0259nd\u0259n sonra yeni olimpiadan\u0131n t\u0259\u015fkilat\u00e7\u0131lar\u0131 kontrast yaradaraq Almaniyan\u0131n ba\u015fqa, s\u00fclhsev\u0259r imicini formala\u015fd\u0131rma\u011fa \u00e7al\u0131\u015f\u0131rd\u0131lar. M\u00fcnhen oyunlar\u0131n\u0131n \u015f\u00fcarlar\u0131ndan biri &#8220;qay\u011f\u0131s\u0131z oyunlar&#8221; idi.\n<\/p>\n<p>\n  Bel\u0259 ist\u0259k idman\u00e7\u0131lar\u0131n m\u0259skunla\u015fd\u0131\u011f\u0131 Olimpiya \u015f\u0259h\u0259rciyinin m\u00fchafiz\u0259sind\u0259 d\u0259 \u0259ksini tapm\u0131\u015fd\u0131. M\u00fchafiz\u0259\u00e7il\u0259r y\u00fcng\u00fcl silahlanm\u0131\u015fd\u0131lar, b\u0259z\u0259n is\u0259 silahs\u0131z idil\u0259r. Onlar daha \u00e7ox m\u00fclki geyimi xat\u0131rladan mavi uniforma geyinirdil\u0259r.\n<\/p>\n<figure class=\"wp-block-image size-large\">\n  <img decoding=\"async\" src=\"https:\/\/www.meydan.tv\/az\/qetliamdan-sonra\/\" alt=\"Q\u0259tliamdan sonra\" class=\"wp-image-111068\"\/><figcaption>\n    Q\u0259tliamdan sonra<br \/>\n  <\/figcaption><\/figure>\n<p>\n  \u015e\u0259h\u0259rciy\u0259 giri\u015f-\u00e7\u0131x\u0131\u015fa ciddi n\u0259zar\u0259t olunmurdu. B\u0259z\u0259n idman\u00e7\u0131lar yollar\u0131n\u0131 q\u0131sa etm\u0259k \u00fc\u00e7\u00fcn giri\u015fd\u0259n deyil, hasardan adlayaraq \u015f\u0259h\u0259rciy\u0259 daxil olurdular v\u0259 onlara kims\u0259 mane olmurdu.\n<\/p>\n<p>\n  Bel\u0259 v\u0259ziyy\u0259t \u0130srail n\u00fcmay\u0259nd\u0259 hey\u0259tinin r\u0259hb\u0259ri \u015emuel Lalkinin etiraz\u0131na s\u0259b\u0259b oldu.\n<\/p>\n<p>\n  Lakin \u0130srail komandas\u0131n\u0131n yerl\u0259\u015fdirildiyi binadan da naraz\u0131 idi. \u0130sraillil\u0259r\u0259 \u015f\u0259h\u0259rciyin giri\u015finin yax\u0131nl\u0131\u011f\u0131ndak\u0131 binan\u0131n birinci m\u0259rt\u0259b\u0259sind\u0259 yer ayr\u0131lm\u0131\u015fd\u0131. Lakin hesab edirdi ki, h\u00fccuma m\u0259ruz qalma ehtimal\u0131 ba\u015fqalar\u0131ndan \u00e7ox olan \u0130srail komandas\u0131 daha i\u00e7\u0259ril\u0259rd\u0259 yerl\u0259\u015fdirilm\u0259li idi. Ancaq t\u0259\u015fkilat\u00e7\u0131lar bu irad\u0131 n\u0259z\u0259r\u0259 almad\u0131lar v\u0259 b\u0259d\u0259lini \u00e7ox a\u011f\u0131r \u00f6d\u0259dil\u0259r.\n<\/p>\n<p>\n  Maraql\u0131d\u0131r ki, olimpiadaya bir ne\u00e7\u0259 ay qalm\u0131\u015f t\u0259\u015fkilat\u00e7\u0131lar t\u0259hl\u00fck\u0259sizlik i\u015finin daha yax\u015f\u0131 t\u0259\u015fkili \u00fc\u00e7\u00fcn Georq Ziber adl\u0131 m\u0259hk\u0259m\u0259 psixoloquna m\u00fcraci\u0259t ed\u0259r\u0259k m\u00fcmk\u00fcn terror h\u00fccumlar\u0131n\u0131n ssenarisini haz\u0131rlama\u011f\u0131 sifari\u015f edirl\u0259r. Ziberin haz\u0131rlad\u0131\u011f\u0131 26 ssenarid\u0259n 21-cisi ba\u015f ver\u0259c\u0259k hadis\u0259 il\u0259 eynil\u0259 \u00fcst-\u00fcst\u0259 d\u00fc\u015f\u0259c\u0259kdi.\n<\/p>\n<p>\n  21-ci ssenari F\u0259l\u0259stin Azadl\u0131q T\u0259\u015fkilat\u0131 \u00fczvl\u0259rinin \u0130srail idman\u00e7\u0131lar\u0131na h\u00fccum ed\u0259c\u0259yini, bir ne\u00e7\u0259 q\u0259tl t\u00f6r\u0259d\u0259r\u0259k dig\u0259rl\u0259rini girov g\u00f6t\u00fcr\u0259c\u0259yini, h\u0259bsd\u0259ki yolda\u015flar\u0131n\u0131n azad olunmas\u0131n\u0131 v\u0259 Almaniyadan getm\u0259k \u00fc\u00e7\u00fcn t\u0259yyar\u0259 t\u0259l\u0259b ed\u0259c\u0259kl\u0259rini x\u0259b\u0259r verirdi. Lakin t\u0259\u015fkilat\u00e7\u0131lar bu ssenari-t\u00f6vsiy\u0259ni inkar etdil\u0259r.\n<\/p>\n<p>\n  ***\n<\/p>\n<p>\n  \u0130srail M\u00fcnhen olimpiadas\u0131nda i\u015ftiraka x\u00fcsusi \u00f6n\u0259m verirdi. 42 n\u0259f\u0259rlik n\u00fcmay\u0259nd\u0259 hey\u0259tinin bir \u00e7oxu Xolokostda sa\u011f qalanlar v\u0259 ya bel\u0259l\u0259rinin \u00f6vladlar\u0131 idil\u0259r. Onlar \u00fc\u00e7\u00fcn Almaniyada \u0130srail bayra\u011f\u0131 alt\u0131nda, &#8220;biz t\u00fck\u0259nm\u0259dik&#8221; \u0259das\u0131yla add\u0131mlama\u011f\u0131n , \u00f6z\u00fc d\u0259 m\u0259hz nasizmin be\u015fiyi say\u0131lan M\u00fcnhend\u0259 add\u0131mlama\u011f\u0131n \u00f6n\u0259mi \u00e7ox b\u00f6y\u00fck idi.\n<\/p>\n<p>\n  \u0130sraili 7 n\u00f6vd\u0259 (y\u00fcng\u00fcl v\u0259 a\u011f\u0131r atletika, \u00fczg\u00fc\u00e7\u00fcl\u00fck, g\u00fcl\u0259\u015f, g\u00fcll\u0259 at\u0131c\u0131l\u0131\u011f\u0131, q\u0131l\u0131ncoynatma, yelk\u0259nli qay\u0131qs\u00fcrm\u0259) 14 idman\u00e7\u0131 t\u0259msil edirdi. Bundan \u0259lav\u0259, m\u0259\u015fq\u00e7il\u0259r, h\u0259kiml\u0259r, m\u00fcxt\u0259lif turnirl\u0259ri idar\u0259 ed\u0259n hakiml\u0259r v\u0259 idman b\u00fcrokratlar\u0131 vard\u0131.\n<\/p>\n<p>\n  Sentyabr\u0131n 4-d\u0259 israillil\u0259r ax\u015fam g\u0259zintisin\u0259 \u00e7\u0131xd\u0131lar. M\u00fcnhen teatr\u0131n\u0131n y\u0259hudi \u0259silli aktyoru \u015emuel Rodenski onlar\u0131 &#8220;Damdak\u0131 skripka\u00e7\u0131&#8221; tama\u015fas\u0131na baxma\u011fa d\u0259v\u0259t etmi\u015fdi. Tama\u015fadan sonra is\u0259 onlar aktyorla birlikd\u0259 yem\u0259k yedil\u0259r v\u0259 Olimpiya \u015f\u0259h\u0259rciyin\u0259 qay\u0131td\u0131lar.\n<\/p>\n<p>\n  Burada onlar\u0131n bir qismi s\u0259h\u0259r saat 5 rad\u0259l\u0259rind\u0259 \u00fczl\u0259ri &#8220;balaklava&#8221; deyil\u0259n ba\u015f geyimi il\u0259 \u00f6rt\u00fcl\u0259n terror\u00e7ular t\u0259r\u0259find\u0259n \u0259l\u0259 ke\u00e7irildil\u0259r. 5 idman\u00e7\u0131, 4 m\u0259\u015fq\u00e7i v\u0259 2 hakim olmaqla 11 n\u0259f\u0259r girov g\u00f6t\u00fcr\u00fcld\u00fc. M\u00fcqavim\u0259t g\u00f6st\u0259rm\u0259y\u0259 c\u0259hd ed\u0259rk\u0259n g\u00fcl\u0259\u015f \u00fczr\u0259 m\u0259\u015fq\u00e7i Mo\u015fe Vaynberq \u00f6ld\u00fcr\u00fcld\u00fc, a\u011f\u0131rl\u0131q qald\u0131ran Yosef Romano is\u0259 a\u011f\u0131r yaraland\u0131. Terror\u00e7ular Romanonun cinsi orqan\u0131n\u0131 k\u0259sdil\u0259r v\u0259 o, qanaxmadan ke\u00e7indi. Bel\u0259likl\u0259, terror\u00e7ular\u0131n \u0259lind\u0259 9 girov qald\u0131.\n<\/p>\n<p>\n  Onlar a\u011f\u0131rl\u0131q qald\u0131ranlar Zeev Fridman v\u0259 Devid Berger, g\u00fcl\u0259\u015f\u00e7il\u0259r Eliezer Halfin v\u0259 Mark Slavin, hakiml\u0259r Yosef Qutfroynd v\u0259 Yakov \u015epringer, m\u0259\u015fq\u00e7il\u0259r Andre \u015epitser, Kexat \u015eor v\u0259 Amitsur \u015eapira idil\u0259r.\n<\/p>\n<p>\n  \u0130srail n\u00fcmay\u0259nd\u0259l\u0259rinin dig\u0259r \u00fczvl\u0259rinin bir hiss\u0259si d\u0259rhal, bir hiss\u0259si is\u0259 m\u00fc\u0259yy\u0259n m\u00fcdd\u0259t gizl\u0259n\u0259nd\u0259n sonra hadis\u0259l\u0259rin ba\u015f verdiyi binadan qa\u00e7a bildil\u0259r. \u0130ki qad\u0131n idman\u00e7\u0131 \u00fc\u00e7\u00fcn ba\u015fqa binada yer ayr\u0131lm\u0131\u015fd\u0131, \u00fc\u00e7 n\u0259f\u0259r is\u0259 700 km uzaqda,yelk\u0259nli qay\u0131qs\u00fcrm\u0259 yar\u0131\u015flar\u0131n\u0131n ke\u00e7irildiyi Kil \u015f\u0259h\u0259rind\u0259 idil\u0259r.\n<\/p>\n<p>\n  H\u00fccumdan t\u0259xmin\u0259n 1 saat sonra m\u00fchafiz\u0259\u00e7il\u0259r, daha sonra is\u0259 polis x\u0259b\u0259r tutdu. Saat 6-da terror\u00e7ular p\u0259nc\u0259r\u0259d\u0259n iki v\u0259r\u0259q tullad\u0131lar. Bunlar\u0131n birind\u0259 onlar\u0131n t\u0259l\u0259bi \u0259ksini tapm\u0131\u015fd\u0131: onlar 234 n\u0259f\u0259rin azad olunmas\u0131n\u0131 t\u0259l\u0259b edirdil\u0259r; bunlardan 232 n\u0259f\u0259r \u0130srail h\u0259bsxanalar\u0131nda idil\u0259r. Q\u0131z\u0131l Ordu Fraksiyas\u0131 (RAF) adl\u0131 sol t\u0259may\u00fcll\u00fc terror t\u0259\u015fkilat\u0131n\u0131n \u00fczvl\u0259ri Andreas Baader v\u0259 Ulrika Maynhof is\u0259 Almaniyada saxlan\u0131l\u0131rd\u0131lar. Dig\u0259r v\u0259r\u0259qd\u0259 terror\u00e7ular &#8220;Qara sentyabr&#8221; t\u0259\u015fkilat\u0131n\u0131n \u00fczvl\u0259ri olduqlar\u0131n\u0131 bildirirdil\u0259r.\n<\/p>\n<figure class=\"wp-block-image size-large\">\n  <img decoding=\"async\" src=\"https:\/\/www.meydan.tv\/az\/munxen-qetliaminda-polisler-idman-paltarlari-geyinib-binaya-daxil-olmaq-isteyir\/\" alt=\"M\u00fcnxen q\u0259tliam\u0131nda polisl\u0259r idman paltarlar\u0131 geyinib binaya daxil olmaq ist\u0259yir\" class=\"wp-image-111074\"\/><figcaption>\n    M\u00fcnxen q\u0259tliam\u0131nda polisl\u0259r idman paltarlar\u0131 geyinib binaya daxil olmaq ist\u0259yir<br \/>\n  <\/figcaption><\/figure>\n<p>\n  ***\n<\/p>\n<p>\n  1967-ci ild\u0259 ba\u015f ver\u0259n v\u0259 \u0259r\u0259b \u00f6lk\u0259l\u0259rinin (Misir, Suriya, \u0130raq, \u0130ordaniya v\u0259 \u018flc\u0259zair) a\u011f\u0131r m\u0259\u011flubiyy\u0259ti il\u0259 n\u0259tic\u0259l\u0259n\u0259n Alt\u0131g\u00fcnl\u00fck m\u00fcharib\u0259d\u0259n sonra \u0130srail \u0130ordan \u00e7ay\u0131n\u0131n q\u0259rb sahilini n\u0259zar\u0259t\u0259 ald\u0131. Bunun n\u0259tic\u0259sind\u0259 200 min\u0259 q\u0259d\u0259r f\u0259l\u0259stinli \u0130ordaniyada m\u0259skunla\u015fd\u0131.\n<\/p>\n<p>\n  Tezlikl\u0259 F\u0259l\u0259stin t\u0259\u015fkilatlar\u0131 il\u0259 \u0130ordaniya hakimiyy\u0259ti aras\u0131nda ziddiyy\u0259tl\u0259r meydana \u00e7\u0131xd\u0131. Bel\u0259 ki, bu t\u0259\u015fkilatlar\u0131n \u0130srail \u0259leyhin\u0259 aksiyalar\u0131n\u0131n cavab h\u0259d\u0259fi \u0130ordaniya \u0259razil\u0259ri olurdu. Bundan \u0259lav\u0259, \u0130ordaniya \u00f6z\u00fcn\u00fcn f\u0259l\u0259stinlil\u0259r ya\u015fayan \u0259razil\u0259rin\u0259 n\u0259zar\u0259ti t\u0259dric\u0259n itiridi. T\u0259bii ki, bel\u0259 v\u0259ziyy\u0259t kral H\u00fcseyni qane ed\u0259 bilm\u0259zdi.\n<\/p>\n<p>\n  Ara-s\u0131ra ba\u015f ver\u0259n toqqu\u015fmalardan sonra 1970-ci ilin sentyabr\u0131nda \u0130ordaniya ordusu f\u0259l\u0259stinlil\u0259r\u0259 qar\u015f\u0131 irimiqyasl\u0131 \u0259m\u0259liyyatlara ba\u015flad\u0131. Bir ne\u00e7\u0259 h\u0259ft\u0259 s\u00fcr\u0259n g\u0259rgin d\u00f6y\u00fc\u015fl\u0259rd\u0259n sonra \u00f6lk\u0259nin b\u00fct\u00fcn \u0259razisin\u0259 n\u0259zar\u0259t b\u0259rpa edildi, 10 min\u0259 q\u0259d\u0259r yaraql\u0131 v\u0259 dinc f\u0259l\u0259stinli \u00f6ld\u00fcr\u00fcld\u00fc, dig\u0259rl\u0259ri is\u0259 Livana k\u00f6\u00e7m\u0259y\u0259 m\u0259cbur oldular.\n<\/p>\n<p>\n  &#8220;Qara sentyabr&#8221; t\u0259\u015fkilat\u0131 m\u0259hz bu hadis\u0259l\u0259r\u0259 cavab olaraq yarad\u0131ld\u0131 v\u0259 ilkin d\u00f6vrd\u0259 yaln\u0131z iordaniyal\u0131lara qar\u015f\u0131 aksiyalar ke\u00e7irdi. T\u0259\u015fkilat\u0131n ilk aksiyas\u0131 yet\u0259rinc\u0259 s\u0259s-k\u00fcyl\u00fc oldu: 1971-ci ilin noyabr\u0131nda Qahir\u0259nin &#8220;\u015eeraton&#8221; otelind\u0259 \u0130ordaniyan\u0131n ba\u015f naziri V\u0259sfi Tel \u00f6ld\u00fcr\u00fcld\u00fc. Daha sonra Q\u0259rbi Almaniyada 4 iordaniyal\u0131 biznesmen q\u0259tl\u0259 yetirildi, Londondak\u0131 s\u0259fir Zahid \u0259l-Rifai is\u0259 \u00f6z\u00fcn\u0259 qar\u015f\u0131 sui-q\u0259sdd\u0259n sa\u011f qurtuldu.\n<\/p>\n<p>\n  1972-ci ilin may\u0131nda t\u0259\u015fkilat \u0130srail\u0259 qar\u015f\u0131 ilk aksiyas\u0131n\u0131 ke\u00e7irdi. Br\u00fcssel-Vyana-Tel-\u018fviv reysi il\u0259 u\u00e7an, Bel\u00e7ikan\u0131n &#8220;Sabena&#8221; avia\u015firk\u0259tin\u0259 m\u0259xsus t\u0259yyar\u0259 \u0259l\u0259 ke\u00e7irildi. Tel-\u018fviv aeroportunda yer\u0259 en\u0259n t\u0259yyar\u0259d\u0259ki 2 qad\u0131n v\u0259 2 ki\u015fid\u0259n ibar\u0259t terror\u00e7ular \u0130srail h\u0259bsxanalar\u0131nda saxlan\u0131lan 315 f\u0259l\u0259stinlinin azad olunmas\u0131n\u0131 t\u0259l\u0259b edirdil\u0259r.\n<\/p>\n<p>\n  Lakin \u0130srailin &#8220;Sayeret Matkal&#8221; adl\u0131 x\u00fcsusi t\u0259yinatl\u0131 elit d\u0259st\u0259sinin d\u00f6y\u00fc\u015f\u00e7\u00fcl\u0259ri &#8220;\u0130zotop&#8221; adl\u0131 \u0259m\u0259liyyat n\u0259tic\u0259sind\u0259 terror\u00e7ulardan ki\u015fil\u0259ri \u00f6ld\u00fcr\u0259r\u0259k, qad\u0131nlar\u0131 da h\u0259bs ed\u0259r\u0259k z\u0259r\u0259rsizl\u0259\u015fdirdi. Maraql\u0131d\u0131r ki, \u0259m\u0259liyyata \u0130srailin ba\u015f naziri Ehud Barak r\u0259hb\u0259rlik edirdi, i\u015ftirak\u00e7\u0131lardan biri is\u0259 dig\u0259r g\u0259l\u0259c\u0259k ba\u015f nazir Benyamin Netanyahu idi. Sonuncu \u00fcst\u0259lik aya\u011f\u0131ndan yaraland\u0131 da.\n<\/p>\n<p>\n  F\u0259l\u0259stin m\u00fcqavim\u0259tind\u0259 t\u0259bii ki, \u0259sas\u0259n f\u0259l\u0259stinlil\u0259r v\u0259 dig\u0259r \u0259r\u0259bl\u0259r i\u015ftirak edirdil\u0259r. Lakin b\u0259z\u0259n ba\u015fqa xalqlar\u0131n n\u00fcmay\u0259nd\u0259l\u0259ri d\u0259 onlara qo\u015fulurdu. Bu \u0259sas\u0259n sol\u00e7uluq ideyalar\u0131 v\u0259 ya din m\u00fcst\u0259visind\u0259 ba\u015f verirdi. M\u0259s\u0259l\u0259n, yapon Kodzo Okamoto kimi (onun ad\u0131 da M\u00fcnhend\u0259ki 234 n\u0259f\u0259rlik siyah\u0131da vardi).\n<\/p>\n<p>\n  \u0130srail idman\u00e7\u0131lar\u0131n\u0131 girov g\u00f6t\u00fcr\u0259n qrupun ba\u015f\u00e7\u0131s\u0131 L\u00fctif Afif d\u0259 xristian \u0259r\u0259bin v\u0259 y\u0259hudi qad\u0131n\u0131n \u00f6vlad\u0131 idi. O, sol\u00e7uluq ideyalar\u0131 \u0259sas\u0131nda F\u0259l\u0259stin m\u00fcqavim\u0259tin\u0259 qo\u015fulmu\u015fdu. Lakin Afifin \u015f\u0259xsiyy\u0259ti sonra m\u0259lum olacaqd\u0131. O, h\u0259l\u0259lik \u00fcz\u00fcn\u00fc gizl\u0259d\u0259r\u0259k \u00f6z\u00fcn\u00fc \u0130sa kimi t\u0259qdim edirdi.\n<\/p>\n<p>\n  Onu da qeyd ed\u0259k ki, \u0130srail idman\u00e7\u0131lar\u0131n\u0131n girov g\u00f6t\u00fcr\u00fclm\u0259sini pisl\u0259y\u0259n yegan\u0259 \u0259r\u0259b d\u00f6vl\u0259ti \u0130ordaniya oldu.\n<\/p>\n<figure class=\"wp-block-image size-large\">\n  <img decoding=\"async\" src=\"https:\/\/www.meydan.tv\/az\/munxen-qetliamini-toredenlerden-biri\/\" alt=\"M\u00fcnxen q\u0259tliam\u0131n\u0131 t\u00f6r\u0259d\u0259nl\u0259rd\u0259n biri\" class=\"wp-image-111077\"\/><figcaption>\n    M\u00fcnxen q\u0259tliam\u0131n\u0131 t\u00f6r\u0259d\u0259nl\u0259rd\u0259n biri<br \/>\n  <\/figcaption><\/figure>\n<p>\n  ***\n<\/p>\n<p>\n  Terror\u00e7ular t\u0259l\u0259bl\u0259rinin q\u0259bul edilm\u0259si \u00fc\u00e7\u00fcn \u00f6nc\u0259 saat 9-a q\u0259d\u0259r vaxt vermi\u015fdil\u0259r. Lakin \u0130srail h\u00f6kum\u0259tinin toplanmas\u0131na v\u0259 q\u0259rar q\u0259bul etm\u0259sin\u0259 zaman g\u0259r\u0259kliyi b\u0259han\u0259si il\u0259 vaxt\u0131 saat 12-y\u0259 q\u0259d\u0259r uzatmaq oldu. Daha sonra &#8220;\u0130sa&#8221; verdiyi vaxt\u0131 5 saat da uzatd\u0131.\n<\/p>\n<p>\n  H\u0259r\u00e7\u0259nd, \u0130srailin terror\u00e7ularla dan\u0131\u015f\u0131\u011fa ged\u0259c\u0259yi b\u00f6y\u00fck \u015f\u00fcbh\u0259 do\u011fururdu. \u00c7\u00fcnki Tel-\u018fvivin r\u0259smi m\u00f6vqeyi terror\u00e7ulara edil\u0259c\u0259k g\u00fcz\u0259\u015ftin onlar\u0131 n\u00f6vb\u0259ti h\u00fccumlara h\u0259v\u0259sl\u0259ndir\u0259c\u0259yind\u0259n ibar\u0259t idi. G\u00f6zl\u0259nil\u0259n kimi d\u0259 oldu. Ba\u015f nazir Qolda Meir h\u0259r hans\u0131 bir g\u00fcz\u0259\u015ft\u0259 getm\u0259y\u0259c\u0259kl\u0259rini, he\u00e7 bir dusta\u011f\u0131 azad etm\u0259y\u0259c\u0259kl\u0259rini bildirdi. Lakin M\u00fcnhen polisinin r\u0259isi Manfred \u015erayber bu q\u0259rar\u0131 terror\u00e7ulardan gizl\u0259tdi v\u0259 onlar\u0131n t\u0259l\u0259binin q\u0259bul olundu\u011funu bildirdi.\n<\/p>\n<p>\n  \u0130kinci d\u00fcnya m\u00fcharib\u0259si zaman\u0131 y\u0259hudil\u0259rin genosidi s\u0259b\u0259bind\u0259n almanlar indi \u00f6zl\u0259rini x\u00fcsusil\u0259 \u00e7\u0259tin v\u0259ziyy\u0259td\u0259 hiss edirdil\u0259r. Bir zaman nasizmin be\u015fiyi kimi tan\u0131nan, ilk \u00f6l\u00fcm d\u00fc\u015f\u0259rg\u0259l\u0259rind\u0259n biri olan Dahaunun yax\u0131nl\u0131\u011f\u0131nda yerl\u0259\u015f\u0259n M\u00fcnhend\u0259 yenid\u0259n y\u0259hudi qan\u0131n\u0131n axmas\u0131na he\u00e7 c\u00fcr yol verm\u0259k ist\u0259mirdil\u0259r.\n<\/p>\n<p>\n  Buna g\u00f6r\u0259 d\u0259 girovlar\u0131n azad edilm\u0259si m\u00fcqabilind\u0259 terror\u00e7ulara qeyri-m\u0259hdud pul v\u0259saiti t\u0259klif edildi. Q\u0259rbi Almaniyan\u0131n daxili i\u015fl\u0259r naziri Hans-Ditrix Gen\u015fer d\u0259 daxil olmaqla bir s\u0131ra y\u00fcks\u0259k r\u00fctb\u0259li \u015f\u0259xsl\u0259r idman\u00e7\u0131lar\u0131n \u0259v\u0259zind\u0259 \u00f6zl\u0259rinin girov saxlan\u0131lmas\u0131n\u0131 ist\u0259dil\u0259r. Lakin h\u0259r iki t\u0259klif r\u0259dd edildi.\n<\/p>\n<p>\n  Bel\u0259c\u0259, girovlar\u0131 silah g\u00fcc\u00fcn\u0259 azad etm\u0259kd\u0259n ba\u015fqa yol qalmad\u0131\u011f\u0131 ayd\u0131nla\u015fd\u0131. Lakin bu yolda ciddi probleml\u0259r m\u00f6vcud idi. H\u0259min d\u00f6vrd\u0259 \u00e7ox az \u00f6lk\u0259nin \u0130srail kimi terrorla m\u00fccadil\u0259 t\u0259cr\u00fcb\u0259si v\u0259 strukturlar\u0131 vard\u0131. Q\u0259rbi Almaniya da bu c\u0259h\u0259td\u0259n istisna deyildi.\n<\/p>\n<p>\n  Antiterror \u0259m\u0259liyyat\u0131na r\u0259hb\u0259rlik ed\u0259nl\u0259rin n\u0259 t\u0259cr\u00fcb\u0259si vard\u0131, n\u0259 d\u0259 m\u00fcvafiq haz\u0131rl\u0131q ke\u00e7mi\u015f kadrlar\u0131. Buna g\u00f6r\u0259 d\u0259 \u0259m\u0259liyyata adi polisl\u0259r c\u0259lb olunurdu, \u00fcst\u0259lik kobud s\u0259hvl\u0259r\u0259 yol verilirdi. Daha effektli olacaq ordu strukturlar\u0131n\u0131n is\u0259 \u00f6lk\u0259 daxilind\u0259 istifad\u0259sin\u0259 Konstitusiya imkan vermirdi. Bu da nasizm d\u00f6vr\u00fcn\u00fcn ac\u0131 t\u0259cr\u00fcb\u0259sind\u0259n do\u011fan ehtiyat\u0131n bir t\u0259zah\u00fcr\u00fc idi.<br \/>\n  <br \/>\n  \u018fsas \u0259ng\u0259ll\u0259rd\u0259n biri d\u0259 o idi ki, terror\u00e7ular\u0131n ne\u00e7\u0259 n\u0259f\u0259rd\u0259n ibar\u0259t olmas\u0131 d\u0259qiq bilinmirdi. Bu vacib amili m\u00fc\u0259yy\u0259nl\u0259\u015fdirm\u0259d\u0259n h\u0259r hans\u0131 antiterror \u0259m\u0259liyyat\u0131na ba\u015flamaq m\u00fcmk\u00fcn deyildi. T\u0259xmin\u0259n saat 17-d\u0259 &#8220;\u0130sa&#8221; Olimpiya \u015f\u0259h\u0259rciyinin meri Valter Tr\u00f6ger\u0259 v\u0259 daha bir n\u0259f\u0259r\u0259 girov idman\u00e7\u0131lara ba\u015f \u00e7\u0259km\u0259y\u0259 icaz\u0259 verdi. Geri qay\u0131dan Tr\u00f6ger polis r\u0259isi Manfred \u015erayber\u0259 5 terror\u00e7u g\u00f6rd\u00fcy\u00fcn\u00fc s\u00f6yl\u0259di. Bundan sonra planla\u015fd\u0131r\u0131lan xilasetm\u0259 variantlar\u0131 terror\u00e7ular\u0131n 5 n\u0259f\u0259r olmas\u0131na \u0259saslan\u0131rd\u0131. Halbuki bu bel\u0259 deyildi.\n<\/p>\n<p>\n  \u0130lk xilasetm\u0259 variant\u0131 kimi hadis\u0259l\u0259rin c\u0259r\u0259yan etdiyi binan\u0131n dam\u0131na h\u00fccum \u00fc\u00e7\u00fcn polisl\u0259r yerl\u0259\u015fdirildi. Onlar asta-asta terror\u00e7ular\u0131n oldu\u011fu hiss\u0259y\u0259 yax\u0131nla\u015fmali, \u0259mr verildiyind\u0259 h\u00fccum etm\u0259li idil\u0259r. Lakin bu polisl\u0259r he\u00e7 bir x\u00fcsusi haz\u0131rl\u0131\u011fa v\u0259 t\u0259cr\u00fcb\u0259y\u0259 malik deyildil\u0259r. Onlardan biri sonralar m\u0259tbuata verdiyi m\u00fcsahib\u0259d\u0259 s\u0131ravi patrullar olduqlar\u0131n\u0131 bildirirdi.<br \/>\n  <br \/>\n  \u00dcst\u0259lik, bel\u0259 hallar \u00fc\u00e7\u00fcn z\u0259ruri olan bir add\u0131m &#8211; \u0259razinin jurnalistl\u0259rd\u0259n t\u0259mizl\u0259nm\u0259si &#8211; at\u0131lmam\u0131\u015fd\u0131. Guya terror\u00e7ulardan gizli apar\u0131lan haz\u0131rl\u0131q i\u015fl\u0259rini b\u0259zi telekanallar canl\u0131 yay\u0131mda g\u00f6st\u0259rirdil\u0259r v\u0259 terror\u00e7ular otaqda olan televizorlar vasit\u0259sil\u0259 bunu izl\u0259y\u0259 bil\u0259rdil\u0259r. Burax\u0131lan s\u0259hvi gec d\u0259 olsa anlayan Manfred \u015erayber damdak\u0131 polisl\u0259ri geri \u00e7a\u011f\u0131rd\u0131 v\u0259 h\u00fccum l\u0259\u011fv olundu.\n<\/p>\n<p>\n  Qeyri-m\u00fc\u0259yy\u0259n v\u0259ziyy\u0259td\u0259n \u00f6zl\u0259ri d\u0259 yorulan terror\u00e7ular ax\u015fam saatlar\u0131nda girovlarla birlikd\u0259 Qahir\u0259y\u0259 u\u00e7maq \u00fc\u00e7\u00fcn t\u0259yyar\u0259 t\u0259l\u0259b etdil\u0259r. Onlar\u0131n t\u0259l\u0259bi q\u0259bul edildi, lakin ist\u0259dikl\u0259ri M\u00fcnhen aeroportu \u0259v\u0259zin\u0259 F\u00fcrstenfeldbrukdak\u0131 NATO aviabazas\u0131ndan u\u00e7a bil\u0259c\u0259kl\u0259ri s\u00f6yl\u0259nildi. Q\u0131sa dan\u0131\u015f\u0131qlardan sonra terro\u00e7ular raz\u0131la\u015fd\u0131lar.\n<\/p>\n<p>\n  F\u00fcrstenfeldbruk h\u0259rbi aeroportunun t\u0259klif olunmas\u0131n\u0131n s\u0259b\u0259bi ondan ibar\u0259t idi ki, \u015evayber xilasetm\u0259 \u0259m\u0259liyyat\u0131n\u0131n insanlarla dolu m\u00fclki aeroportda apar\u0131lmas\u0131n\u0131 ist\u0259mirdi, bu halda qurbanlar\u0131n say\u0131 xeyli arta bil\u0259rdi.\n<\/p>\n<p>\n  Terror\u00e7ular v\u0259 girovlar \u00f6nc\u0259 yeralt\u0131 dayanacaqda avtobusa min\u0259r\u0259k helikopter meydan\u00e7as\u0131na ged\u0259c\u0259k, oradan is\u0259 iki helikopter onlar\u0131 F\u00fcrstenfeldbruk aeroportuna g\u0259tir\u0259c\u0259kdi. Burada da guya Qahir\u0259y\u0259 u\u00e7maq \u00fc\u00e7\u00fcn Boing-727 t\u0259yyar\u0259si g\u00f6zl\u0259y\u0259c\u0259kdi. Yaln\u0131z avtobusa min\u0259rk\u0259n terror\u00e7ular\u0131n h\u0259qiqi say\u0131 m\u0259lum oldu &#8211; 8 n\u0259f\u0259r.\n<\/p>\n<p>\n  Xilasetm\u0259 plan\u0131na g\u00f6r\u0259 &#8220;\u0130sa&#8221; v\u0259 daha bir terror\u00e7u salonu yoxlamaq \u00fc\u00e7\u00fcn t\u0259yyar\u0259y\u0259 daxil olanda ekipaj formas\u0131 geyinmi\u015f 12 polis onlar\u0131 t\u0259rkisilah etm\u0259li idil\u0259r. \u00c7\u00f6ld\u0259 yerl\u0259\u015fdiril\u0259n 5 snayper is\u0259 dig\u0259r 3 terror\u00e7unu (ratsiya olmad\u0131\u011f\u0131ndan (!) onlar\u0131n say\u0131n\u0131n 8 oldu\u011fu snayperl\u0259r\u0259 x\u0259b\u0259r verilm\u0259mi\u015fdi) z\u0259r\u0259rsizl\u0259\u015fdir\u0259c\u0259kdil\u0259r. Snayperl\u0259rin \u00fc\u00e7\u00fc dispet\u00e7er q\u00fcll\u0259sind\u0259, ikisi is\u0259 onlarla \u00fczb\u0259\u00fcz &#8211; biri h\u0259rbi y\u00fck ma\u015f\u0131n\u0131n\u0131n, dig\u0259ri is\u0259 bord\u00fcr\u00fcn arxas\u0131nda &#8211; yerl\u0259\u015fmi\u015fdil\u0259r.\n<\/p>\n<p>\n  Lakin xilasetm\u0259 \u0259m\u0259liyyat\u0131 lap \u0259vv\u0259ld\u0259n corab kimi s\u00f6k\u00fclm\u0259y\u0259 ba\u015flad\u0131. \u00d6nc\u0259 t\u0259yyar\u0259d\u0259ki polisl\u0259r plan\u0131n u\u011furlu d\u00fc\u015f\u00fcn\u00fclm\u0259sin\u0259 \u015f\u00fcbh\u0259 il\u0259 yana\u015fd\u0131lar. Onlar \u00f6z aralar\u0131nda s\u0259sverm\u0259d\u0259n sonra komandanl\u0131\u011fa m\u0259lumat verm\u0259d\u0259n t\u0259yyar\u0259ni t\u0259rk etdil\u0259r. Bu antiterror \u0259m\u0259liyyat\u0131 kimi olduqca ciddi, intizam t\u0259l\u0259b ed\u0259n aksiya \u00fc\u00e7\u00fcn g\u00f6r\u00fcnm\u0259mi\u015f hal idi. N\u0259tic\u0259d\u0259 snayperl\u0259r \u00f6zl\u0259rind\u0259n daha \u00e7oxsayl\u0131 terror\u00e7ularla qar\u015f\u0131-qar\u015f\u0131ya qald\u0131lar.\n<\/p>\n<p>\n  Dig\u0259r t\u0259r\u0259fd\u0259n, h\u0259r iki helikopterin pilotlar\u0131 ma\u015f\u0131nlar\u0131n\u0131 tap\u015f\u0131r\u0131\u011fa uy\u011fun olaraq q\u00fcll\u0259d\u0259n solda deyil, d\u00fcz qar\u015f\u0131s\u0131nda yer\u0259 endirdil\u0259r. Halbuki onlar q\u00fcll\u0259d\u0259n solda yer\u0259 ens\u0259ydil\u0259r, helikopterin qap\u0131lar\u0131 a\u00e7\u0131lan zaman snayperl\u0259r at\u0131\u015fma \u00fc\u00e7\u00fcn daha \u0259lveri\u015fli g\u00f6r\u00fcn\u00fc\u015f sah\u0259sin\u0259 malik olacaqd\u0131lar.\n<\/p>\n<p>\n  \u018fslind\u0259 bu adamlar\u0131n snayper adland\u0131r\u0131lmas\u0131 da xeyli m\u00fcbahis\u0259li idi. Onlar sad\u0259c\u0259 daha yax\u015f\u0131 at\u0131c\u0131-polisl\u0259r kimi se\u00e7ilmi\u015fdil\u0259r v\u0259 bel\u0259 \u0259m\u0259liyyat \u00fc\u00e7\u00fcn o q\u0259d\u0259r d\u0259 u\u011furlu olmayan HK G3 avtomatlar\u0131 il\u0259 silahlanm\u0131\u015fd\u0131lar. Onlar n\u0259 optik ni\u015fangaha, n\u0259 d\u0259 gec\u0259g\u00f6rm\u0259 cihazlar\u0131na malik idil\u0259r, polad d\u0259bilq\u0259 v\u0259 g\u00fcll\u0259ke\u00e7irm\u0259y\u0259n jiletl\u0259rl\u0259 d\u0259 t\u0259chiz olunmam\u0131\u015fd\u0131lar.\n<\/p>\n<p>\n  T\u0259xmin\u0259n saat 22.30-da helikopterl\u0259r h\u0259rbi aeroportda yer\u0259 endi. &#8220;\u0130sa&#8221; v\u0259 bir k\u00f6m\u0259k\u00e7isi t\u0259yyar\u0259y\u0259 daxil olduqda onun bombo\u015f oldu\u011funu g\u00f6rd\u00fcl\u0259r. Onlar t\u0259l\u0259sik geri qa\u00e7ma\u011fa v\u0259 pusqu quruldu\u011funu q\u0131\u015fq\u0131rma\u011fa ba\u015flad\u0131lar. Bu zaman snayperl\u0259rd\u0259n biri terror\u00e7ular\u0131 lidersiz qoymaq \u00fc\u00e7\u00fcn &#8220;\u0130sa&#8221;ya at\u0259\u015f a\u00e7d\u0131, lakin yaln\u0131z onun yan\u0131ndak\u0131n\u0131 yaralad\u0131. Bundan sonra snayperl\u0259r v\u0259 terror\u00e7ular aras\u0131nda g\u00fccl\u00fc at\u0131\u015fma ba\u015flad\u0131.\n<\/p>\n<p>\n  Lakin bu at\u0131\u015fmada yaln\u0131z q\u00fcll\u0259d\u0259ki \u00fc\u00e7 snayper i\u015ftirak edirdi. Helikopterl\u0259rin u\u011fursu\u015f eni\u015fin\u0259 g\u00f6r\u0259 dig\u0259r 2 snayper \u00f6z yolda\u015flar\u0131n\u0131n at\u0259\u015f trayektoriyas\u0131 alt\u0131na d\u00fc\u015fm\u00fc\u015fd\u00fcl\u0259r, buna g\u00f6r\u0259 d\u0259 \u0259m\u0259liyyatda i\u015ftirak imkan\u0131n\u0131 itir\u0259r\u0259k yaln\u0131z gizl\u0259nm\u0259kl\u0259 m\u0259\u015f\u011ful idil\u0259r. Yar\u0131m saatdan sonra at\u0131\u015fma k\u0259sildi, bu vaxta q\u0259d\u0259r 8 terror\u00e7udan yaln\u0131z ikisi \u00f6ld\u00fcr\u00fclm\u00fc\u015fd\u00fc.\n<\/p>\n<p>\n  Gec\u0259yar\u0131 aeroport \u0259razisin\u0259 zirehli polis transportyorlar\u0131 daxil oldu. Onlar\u0131 g\u00f6r\u0259n terror\u00e7ular h\u0259r \u015feyin bitdiyini anlayaraq girovlar\u0131 (\u0259ll\u0259ri v\u0259 bir-birl\u0259rin\u0259 ipl\u0259 ba\u011fland\u0131qlar\u0131ndan onlar helikopter pilotlar\u0131ndan f\u0259rqli olaraq at\u0131\u015fmadan istifad\u0259 edib qa\u00e7a bilm\u0259dil\u0259r) \u00f6ld\u00fcrm\u0259y\u0259 ba\u015flad\u0131lar.\n<\/p>\n<p>\n  Helikoptel\u0259rin birind\u0259 4 girov g\u00fcll\u0259l\u0259ndikd\u0259n sonra \u0259l qumbaras\u0131 at\u0131ld\u0131 v\u0259 ma\u015f\u0131n partlayaraq i\u00e7\u0259rid\u0259kil\u0259rl\u0259 birlikd\u0259 yanma\u011fa ba\u015flad\u0131. Dig\u0259r helikopterd\u0259ki 5 girov da g\u00fcll\u0259l\u0259ndi. Terror\u00e7ular\u0131n is\u0259 &#8220;\u0130sa&#8221; da daxil be\u015fi \u00f6ld\u00fcr\u00fcld\u00fc, \u00fc\u00e7\u00fc sa\u011f \u0259l\u0259 ke\u00e7irildi. At\u0131\u015fmada i\u015ftirak etm\u0259y\u0259n bir polis d\u0259 t\u0259sad\u00fcf\u00fc g\u00fcll\u0259 il\u0259 \u00f6ld\u00fcr\u00fcld\u00fc.\n<\/p>\n<p>\n  Maraql\u0131d\u0131r ki, \u00f6nc\u0259 b\u00fct\u00fcn m\u0259tbuat orqanlar\u0131 olimpiadan\u0131n t\u0259\u015fkilat komit\u0259sin\u0259 istinad\u0259n \u0259m\u0259liyyat\u0131n olduqca u\u011furlu ke\u00e7diyini, b\u00fct\u00fcn girovlar\u0131n azad olundu\u011funu x\u0259b\u0259r verdil\u0259r. Yaln\u0131z s\u0259h\u0259r saat 3-d\u0259n sonra \u0259sl h\u0259qiq\u0259t ortaya \u00e7\u0131xd\u0131 &#8211; b\u00fct\u00fcn girovlar h\u0259lak olub.\n<\/p>\n<p>\n  Ert\u0259si g\u00fcn faci\u0259y\u0259 baxmayaraq yar\u0131\u015flar\u0131 davam etdirm\u0259k q\u0259rara al\u0131nd\u0131. M\u00fcnhen olimpiya stadionunda an\u0131m m\u0259rasimi ke\u00e7irildi. B\u00fct\u00fcn i\u015ftirak\u00e7\u0131 d\u00f6vl\u0259tl\u0259rin bayraqlar\u0131 mat\u0259m \u0259lam\u0259ti olaraq endirildi. Lakin 10 \u0259r\u0259b \u00f6lk\u0259si \u00f6z bayraqlar\u0131n\u0131n y\u0259hudil\u0259rd\u0259n \u00f6tr\u00fc endirilm\u0259sin\u0259 etiraz etdikd\u0259 onlar\u0131n bayra\u011f\u0131 yenid\u0259n qald\u0131r\u0131ld\u0131. H\u0259lak olan m\u0259\u015fq\u00e7i Mo\u015fe Vaynberqin yax\u0131n qohumu Karmel Elia\u015f m\u0259rasim zaman\u0131 \u00fcr\u0259k tutmas\u0131ndan v\u0259fat etdi.\n<\/p>\n<p>\n  H\u0259lak olan terror\u00e7ular\u0131n c\u0259naz\u0259si is\u0259 Mu\u0259mm\u0259r Q\u0259ddafinin t\u0259l\u0259bi il\u0259 Liviyaya g\u00f6nd\u0259rildi. Burada onlar t\u0259nt\u0259n\u0259 v\u0259 h\u0259rbi ehtiramla d\u0259fn edildil\u0259r.\n<\/p>\n<p>\n  ***\n<\/p>\n<p>\n  Oktyabr\u0131n 29-da Q\u0259rbi Almaniyan\u0131n Lufthansa \u015firk\u0259tin\u0259 m\u0259xsus t\u0259yyar\u0259 &#8220;Qara sentyabr&#8221; t\u0259\u015fkilat\u0131n\u0131n iki \u00fczv\u00fc t\u0259r\u0259find\u0259n \u0259l\u0259 ke\u00e7irildi. Onlar\u0131n t\u0259l\u0259bin\u0259 \u0259sas\u0259n M\u00fcnhen h\u00fccumu zaman\u0131 sa\u011f \u0259l\u0259 ke\u00e7\u0259n \u00fc\u00e7 terror\u00e7u Zaqreb aeroportunda t\u0259hvil verildil\u0259r. Bir \u00e7oxlar\u0131 ehtimal edirdil\u0259r ki, bu hadis\u0259 Q\u0259rbi Almaniya h\u00f6kum\u0259ti il\u0259 raz\u0131la\u015fd\u0131r\u0131lm\u0131\u015fd\u0131.\n<\/p>\n<p>\n  \u00dczvl\u0259rinin azad edilm\u0259si m\u00fcqabilind\u0259 &#8220;Qara sentyabr&#8221; AFR \u0259razisinid\u0259, el\u0259c\u0259 d\u0259 onun v\u0259t\u0259nda\u015flar\u0131na v\u0259 t\u0259yyar\u0259l\u0259rin\u0259 qar\u015f\u0131 terror h\u0259yata ke\u00e7irm\u0259m\u0259yi v\u0259d etmi\u015fdi. Dig\u0259r t\u0259r\u0259fd\u0259n, sa\u011f qalan terror\u00e7ular \u00fcz\u0259rind\u0259 m\u0259hk\u0259m\u0259 zaman\u0131 xilasetm\u0259 \u0259m\u0259liyyat\u0131 zaman\u0131 burax\u0131lan biab\u0131r\u00e7\u0131 s\u0259hvl\u0259r a\u015fkara \u00e7\u0131xard\u0131 ki, Q\u0259rbi Almaniya h\u00f6kum\u0259ti bunda maraql\u0131 deyildi.\n<\/p>\n<p>\n  \u0130srail M\u00fcnhen hadis\u0259sin\u0259 &#8220;G\u0259ncliyin bahar\u0131&#8221; v\u0259 &#8220;Tanr\u0131n\u0131n q\u0259z\u0259bi&#8221; adl\u0131 \u0259m\u0259liyyatlarla cavab verdi. Birinci \u0259m\u0259liyyat Beyrutda m\u0259skunla\u015fan F\u0259l\u0259stin h\u0259rbil\u0259\u015fdirilmi\u015f t\u0259\u015fkilatlar\u0131na v\u0259 onlar\u0131n n\u0259zar\u0259tind\u0259ki obyektl\u0259r\u0259 y\u00f6n\u0259ldi. 1973-c\u00fc ilin aprelin 9-10-da ke\u00e7iril\u0259n \u0259m\u0259liyyat b\u00fct\u00fcn h\u0259d\u0259fl\u0259rin\u0259 nail oldu.\n<\/p>\n<p>\n  &#8220;Tanr\u0131n\u0131n q\u0259z\u0259bi&#8221; is\u0259 M\u00fcnhen terrorunun t\u0259\u015fkilat\u00e7\u0131lar\u0131na v\u0259 sa\u011f qalan 3 i\u015ftirak\u00e7\u0131ya qar\u015f\u0131 ke\u00e7irildi. N\u0259tic\u0259d\u0259 d\u00fcnyan\u0131n bir \u00e7ox \u00f6lk\u0259l\u0259rind\u0259 q\u0259tl hadis\u0259l\u0259ri ba\u015f verdi, &#8220;Qara sentyabr&#8221;\u0131n liderl\u0259ri, o c\u00fcml\u0259d\u0259n t\u0259\u015fkilat\u0131n yarad\u0131c\u0131s\u0131 \u018fli H\u0259s\u0259n Salami, el\u0259c\u0259 d\u0259 i\u015ftirak\u00e7\u0131lardan ikisi \u00f6ld\u00fcr\u00fcld\u00fc.\n<\/p>\n<p>\n  M\u00fcnhen cinay\u0259tind\u0259 \u0259li olan t\u0259\u015fkilat\u00e7\u0131lardan yaln\u0131z \u018fbu Daud 1981-ci ild\u0259 Var\u015favada 5 g\u00fcll\u0259y\u0259 tu\u015f g\u0259lm\u0259sin\u0259 baxmayaraq sa\u011f qald\u0131 v\u0259 2010-cu ild\u0259 \u00f6z \u0259c\u0259li il\u0259 \u00f6ld\u00fc. \u0130\u015ftirak\u00e7\u0131lardan is\u0259 ikisi \u00f6ld\u00fcr\u00fcld\u00fc. Bu g\u00fcn onlardan yaln\u0131z Camal \u0259l-Qa\u015fi adl\u0131 birisinin sa\u011f qald\u0131\u011f\u0131 v\u0259 Afrikada gizl\u0259ndiyi s\u00f6yl\u0259nilir.\n<\/p>\n<p>\n  XX yay olimpiadas\u0131n\u0131n q\u0259hr\u0259man\u0131, milliyy\u0259tc\u0259 y\u0259hudi olan Mark Spitz \u0130srail idman\u00e7\u0131lar\u0131n\u0131n girov g\u00f6t\u00fcr\u00fclm\u0259sini e\u015fid\u0259n kimi g\u00fccl\u00fc m\u00fchafiz\u0259 alt\u0131nda M\u00fcnheni t\u0259rk etdi. Bir q\u0259d\u0259r sonra o, idmanla vidala\u015fd\u0131\u011f\u0131n\u0131 elan etdi, halbuki bu zaman c\u0259mi 22 ya\u015f\u0131 vard\u0131. G\u00fcman edilir ki, Spitz m\u0259hz t\u0259hl\u00fck\u0259sizliyi s\u0259b\u0259bind\u0259n bu q\u0259rar\u0131 verdi.\n<\/p>\n<p>\n  M\u00fcnhen terroru idman turnirl\u0259rind\u0259 t\u0259hl\u00fck\u0259sizlik m\u0259s\u0259l\u0259sini \u00f6n plana \u00e7\u0131xard\u0131. Monrealda ke\u00e7iril\u0259n n\u00f6vb\u0259ti olimpiadada t\u0259hl\u00fck\u0259sizlik t\u0259dbirl\u0259ri o q\u0259d\u0259r g\u00fccl\u0259ndirildi ki, b\u0259z\u0259n i\u015ftirak\u00e7\u0131lar\u0131n naraz\u0131l\u0131\u011f\u0131na s\u0259b\u0259b olurdu. M\u00fcnhend\u0259n sonra bir \u00e7ox \u00f6lk\u0259l\u0259rd\u0259 antiterror qruplar\u0131 yarad\u0131ld\u0131. Almaniyada bel\u0259 bir qrup q\u0131sa \u015f\u0259kild\u0259 GSG9 adlanan x\u00fcsusi t\u0259yinatl\u0131 &#8220;Grenzschutzgruppe 9&#8221; d\u0259st\u0259si oldu.\n<\/p>\n<p>\n  \u0130srail olimpiya oyunlar\u0131nda ilk medal\u0131n\u0131 1992-ci il Barselona olimpiadas\u0131nda qazand\u0131. Qad\u0131n c\u00fcdo\u00e7u Yael Arad g\u00fcm\u00fc\u015f medala sahib oldu. O, bu medal\u0131n\u0131 20 il \u00f6nc\u0259 M\u00fcnhend\u0259 h\u0259lak olan 11 soyda\u015f\u0131n\u0131n xatir\u0259sin\u0259 h\u0259sr etdi. 2004-c\u00fc ilin Afina olimpiadas\u0131nda \u0130srail tarixind\u0259 ilk v\u0259 h\u0259l\u0259 d\u0259 yegan\u0259 olimpiya q\u0131z\u0131l\u0131n\u0131 qazanan vindserfinq\u00e7i Qal Fridman da enyi c\u00fcr davrand\u0131.\n<\/p>\n<p>\n  ***\n<\/p>\n<p>\n  P.S. M\u00f6vzu il\u0259 maraqlananlara 1999-cu ild\u0259 \u00e7\u0259kil\u0259n v\u0259 n\u00f6vb\u0259ti il Oskar m\u00fckafat\u0131na layiq g\u00f6r\u00fcl\u0259n &#8220;Sentyabrda bir g\u00fcn&#8221; (One Day in September) s\u0259n\u0259dli filmin\u0259, el\u0259c\u0259 d\u0259 National Geographic telekanal\u0131n\u0131n &#8220;F\u0259lak\u0259t\u0259 saniy\u0259l\u0259r qalark\u0259n&#8221; seriyas\u0131 \u00e7\u0259r\u00e7iv\u0259sind\u0259 \u00e7\u0259kil\u0259n &#8220;M\u00fcnhen olimpiya q\u0259tliam\u0131&#8221; (Munich Olympic Massacre) ara\u015fd\u0131rma filmin\u0259 baxma\u011f\u0131 m\u0259sl\u0259h\u0259t g\u00f6r\u0259rdim.\n<\/p><\/p>\n","protected":false},"excerpt":{"rendered":"<p>1972-ci il avqustun 26-da Q\u0259rbi Almaniyan\u0131n M\u00fcnhen \u015f\u0259h\u0259rind\u0259 XX yay olimpiya oyunlar\u0131n\u0131n t\u0259nt\u0259n\u0259li a\u00e7\u0131l\u0131\u015f\u0131 oldu<\/p>\n","protected":false},"author":11,"featured_media":111071,"comment_status":"closed","ping_status":"open","sticky":false,"template":"","format":"standard","meta":{"_acf_changed":false,"_sitemap_exclude":false,"_sitemap_priority":"","_sitemap_frequency":"","footnotes":""},"categories":[51],"tags":[],"class_list":["post-192117","post","type-post","status-publish","format-standard","has-post-thumbnail","hentry","category-analitika","infinite-scroll-item","generate-columns","tablet-grid-50","mobile-grid-100","grid-parent","grid-33","no-featured-image-padding"],"acf":[],"yoast_head":"<!-- This site is optimized with the Yoast SEO plugin v27.4 - https:\/\/yoast.com\/product\/yoast-seo-wordpress\/ -->\n<title>M\u00fcnhen olimpiadas\u0131nda q\u0259tliam - MEYDAN.TV<\/title>\n<meta name=\"robots\" content=\"index, follow, max-snippet:-1, max-image-preview:large, max-video-preview:-1\" \/>\n<link rel=\"canonical\" href=\"https:\/\/www.meydan.tv\/az\/article\/munhen-olimpiadasinda-qetliam\/\" \/>\n<meta property=\"og:locale\" content=\"az_AZ\" \/>\n<meta property=\"og:type\" content=\"article\" \/>\n<meta property=\"og:title\" content=\"M\u00fcnhen olimpiadas\u0131nda q\u0259tliam - MEYDAN.TV\" \/>\n<meta property=\"og:description\" content=\"1972-ci il avqustun 26-da Q\u0259rbi Almaniyan\u0131n M\u00fcnhen \u015f\u0259h\u0259rind\u0259 XX yay olimpiya oyunlar\u0131n\u0131n t\u0259nt\u0259n\u0259li a\u00e7\u0131l\u0131\u015f\u0131 oldu\" \/>\n<meta property=\"og:url\" content=\"https:\/\/www.meydan.tv\/az\/article\/munhen-olimpiadasinda-qetliam\/\" \/>\n<meta property=\"og:site_name\" content=\"MEYDAN.TV\" \/>\n<meta property=\"article:published_time\" content=\"2018-10-15T20:36:46+00:00\" \/>\n<meta property=\"og:image\" content=\"https:\/\/www.meydan.tv\/wp-content\/uploads\/44194.png\" \/>\n\t<meta property=\"og:image:width\" content=\"1526\" \/>\n\t<meta property=\"og:image:height\" content=\"998\" \/>\n\t<meta property=\"og:image:type\" content=\"image\/png\" \/>\n<meta name=\"author\" content=\"user-manager\" \/>\n<meta name=\"twitter:card\" content=\"summary_large_image\" \/>\n<script type=\"application\/ld+json\" class=\"yoast-schema-graph\">{\"@context\":\"https:\\\/\\\/schema.org\",\"@graph\":[{\"@type\":\"Article\",\"@id\":\"https:\\\/\\\/www.meydan.tv\\\/az\\\/article\\\/munhen-olimpiadasinda-qetliam\\\/#article\",\"isPartOf\":{\"@id\":\"https:\\\/\\\/www.meydan.tv\\\/az\\\/article\\\/munhen-olimpiadasinda-qetliam\\\/\"},\"author\":{\"name\":\"user-manager\",\"@id\":\"https:\\\/\\\/www.meydan.tv\\\/az\\\/#\\\/schema\\\/person\\\/10d11eccf6da3662cf5fdab9806ea91a\"},\"headline\":\"M\u00fcnhen olimpiadas\u0131nda q\u0259tliam\",\"datePublished\":\"2018-10-15T20:36:46+00:00\",\"mainEntityOfPage\":{\"@id\":\"https:\\\/\\\/www.meydan.tv\\\/az\\\/article\\\/munhen-olimpiadasinda-qetliam\\\/\"},\"wordCount\":4254,\"publisher\":{\"@id\":\"https:\\\/\\\/www.meydan.tv\\\/az\\\/#organization\"},\"image\":{\"@id\":\"https:\\\/\\\/www.meydan.tv\\\/az\\\/article\\\/munhen-olimpiadasinda-qetliam\\\/#primaryimage\"},\"thumbnailUrl\":\"https:\\\/\\\/www.meydan.tv\\\/wp-content\\\/uploads\\\/44194.png\",\"articleSection\":[\"Analitika\"],\"inLanguage\":\"az\"},{\"@type\":\"WebPage\",\"@id\":\"https:\\\/\\\/www.meydan.tv\\\/az\\\/article\\\/munhen-olimpiadasinda-qetliam\\\/\",\"url\":\"https:\\\/\\\/www.meydan.tv\\\/az\\\/article\\\/munhen-olimpiadasinda-qetliam\\\/\",\"name\":\"M\u00fcnhen olimpiadas\u0131nda q\u0259tliam - MEYDAN.TV\",\"isPartOf\":{\"@id\":\"https:\\\/\\\/www.meydan.tv\\\/az\\\/#website\"},\"primaryImageOfPage\":{\"@id\":\"https:\\\/\\\/www.meydan.tv\\\/az\\\/article\\\/munhen-olimpiadasinda-qetliam\\\/#primaryimage\"},\"image\":{\"@id\":\"https:\\\/\\\/www.meydan.tv\\\/az\\\/article\\\/munhen-olimpiadasinda-qetliam\\\/#primaryimage\"},\"thumbnailUrl\":\"https:\\\/\\\/www.meydan.tv\\\/wp-content\\\/uploads\\\/44194.png\",\"datePublished\":\"2018-10-15T20:36:46+00:00\",\"breadcrumb\":{\"@id\":\"https:\\\/\\\/www.meydan.tv\\\/az\\\/article\\\/munhen-olimpiadasinda-qetliam\\\/#breadcrumb\"},\"inLanguage\":\"az\",\"potentialAction\":[{\"@type\":\"ReadAction\",\"target\":[\"https:\\\/\\\/www.meydan.tv\\\/az\\\/article\\\/munhen-olimpiadasinda-qetliam\\\/\"]}]},{\"@type\":\"ImageObject\",\"inLanguage\":\"az\",\"@id\":\"https:\\\/\\\/www.meydan.tv\\\/az\\\/article\\\/munhen-olimpiadasinda-qetliam\\\/#primaryimage\",\"url\":\"https:\\\/\\\/www.meydan.tv\\\/wp-content\\\/uploads\\\/44194.png\",\"contentUrl\":\"https:\\\/\\\/www.meydan.tv\\\/wp-content\\\/uploads\\\/44194.png\",\"width\":1526,\"height\":998,\"caption\":\"Source:\"},{\"@type\":\"BreadcrumbList\",\"@id\":\"https:\\\/\\\/www.meydan.tv\\\/az\\\/article\\\/munhen-olimpiadasinda-qetliam\\\/#breadcrumb\",\"itemListElement\":[{\"@type\":\"ListItem\",\"position\":1,\"name\":\"Ana s\u0259hif\u0259\",\"item\":\"https:\\\/\\\/www.meydan.tv\\\/az\\\/\"},{\"@type\":\"ListItem\",\"position\":2,\"name\":\"Analitika\",\"item\":\"https:\\\/\\\/www.meydan.tv\\\/az\\\/section\\\/analitika\\\/\"},{\"@type\":\"ListItem\",\"position\":3,\"name\":\"M\u00fcnhen olimpiadas\u0131nda q\u0259tliam\"}]},{\"@type\":\"WebSite\",\"@id\":\"https:\\\/\\\/www.meydan.tv\\\/az\\\/#website\",\"url\":\"https:\\\/\\\/www.meydan.tv\\\/az\\\/\",\"name\":\"MEYDAN.TV\",\"description\":\"Meydan TV Az\u0259rbaycan\u0131n media m\u0259kan\u0131ndak\u0131 alternativ s\u0259sidir\",\"publisher\":{\"@id\":\"https:\\\/\\\/www.meydan.tv\\\/az\\\/#organization\"},\"potentialAction\":[{\"@type\":\"SearchAction\",\"target\":{\"@type\":\"EntryPoint\",\"urlTemplate\":\"https:\\\/\\\/www.meydan.tv\\\/az\\\/?s={search_term_string}\"},\"query-input\":{\"@type\":\"PropertyValueSpecification\",\"valueRequired\":true,\"valueName\":\"search_term_string\"}}],\"inLanguage\":\"az\"},{\"@type\":\"Organization\",\"@id\":\"https:\\\/\\\/www.meydan.tv\\\/az\\\/#organization\",\"name\":\"Meydan TV\",\"url\":\"https:\\\/\\\/www.meydan.tv\\\/az\\\/\",\"logo\":{\"@type\":\"ImageObject\",\"inLanguage\":\"az\",\"@id\":\"https:\\\/\\\/www.meydan.tv\\\/az\\\/#\\\/schema\\\/logo\\\/image\\\/\",\"url\":\"https:\\\/\\\/www.meydan.tv\\\/wp-content\\\/uploads\\\/2021\\\/07\\\/meydan-logo.svg\",\"contentUrl\":\"https:\\\/\\\/www.meydan.tv\\\/wp-content\\\/uploads\\\/2021\\\/07\\\/meydan-logo.svg\",\"width\":195,\"height\":46,\"caption\":\"Meydan TV\"},\"image\":{\"@id\":\"https:\\\/\\\/www.meydan.tv\\\/az\\\/#\\\/schema\\\/logo\\\/image\\\/\"}},{\"@type\":\"Person\",\"@id\":\"https:\\\/\\\/www.meydan.tv\\\/az\\\/#\\\/schema\\\/person\\\/10d11eccf6da3662cf5fdab9806ea91a\",\"name\":\"user-manager\"}]}<\/script>\n<!-- \/ Yoast SEO plugin. -->","yoast_head_json":{"title":"M\u00fcnhen olimpiadas\u0131nda q\u0259tliam - MEYDAN.TV","robots":{"index":"index","follow":"follow","max-snippet":"max-snippet:-1","max-image-preview":"max-image-preview:large","max-video-preview":"max-video-preview:-1"},"canonical":"https:\/\/www.meydan.tv\/az\/article\/munhen-olimpiadasinda-qetliam\/","og_locale":"az_AZ","og_type":"article","og_title":"M\u00fcnhen olimpiadas\u0131nda q\u0259tliam - MEYDAN.TV","og_description":"1972-ci il avqustun 26-da Q\u0259rbi Almaniyan\u0131n M\u00fcnhen \u015f\u0259h\u0259rind\u0259 XX yay olimpiya oyunlar\u0131n\u0131n t\u0259nt\u0259n\u0259li a\u00e7\u0131l\u0131\u015f\u0131 oldu","og_url":"https:\/\/www.meydan.tv\/az\/article\/munhen-olimpiadasinda-qetliam\/","og_site_name":"MEYDAN.TV","article_published_time":"2018-10-15T20:36:46+00:00","og_image":[{"width":1526,"height":998,"url":"https:\/\/www.meydan.tv\/wp-content\/uploads\/44194.png","type":"image\/png"}],"author":"user-manager","twitter_card":"summary_large_image","schema":{"@context":"https:\/\/schema.org","@graph":[{"@type":"Article","@id":"https:\/\/www.meydan.tv\/az\/article\/munhen-olimpiadasinda-qetliam\/#article","isPartOf":{"@id":"https:\/\/www.meydan.tv\/az\/article\/munhen-olimpiadasinda-qetliam\/"},"author":{"name":"user-manager","@id":"https:\/\/www.meydan.tv\/az\/#\/schema\/person\/10d11eccf6da3662cf5fdab9806ea91a"},"headline":"M\u00fcnhen olimpiadas\u0131nda q\u0259tliam","datePublished":"2018-10-15T20:36:46+00:00","mainEntityOfPage":{"@id":"https:\/\/www.meydan.tv\/az\/article\/munhen-olimpiadasinda-qetliam\/"},"wordCount":4254,"publisher":{"@id":"https:\/\/www.meydan.tv\/az\/#organization"},"image":{"@id":"https:\/\/www.meydan.tv\/az\/article\/munhen-olimpiadasinda-qetliam\/#primaryimage"},"thumbnailUrl":"https:\/\/www.meydan.tv\/wp-content\/uploads\/44194.png","articleSection":["Analitika"],"inLanguage":"az"},{"@type":"WebPage","@id":"https:\/\/www.meydan.tv\/az\/article\/munhen-olimpiadasinda-qetliam\/","url":"https:\/\/www.meydan.tv\/az\/article\/munhen-olimpiadasinda-qetliam\/","name":"M\u00fcnhen olimpiadas\u0131nda q\u0259tliam - MEYDAN.TV","isPartOf":{"@id":"https:\/\/www.meydan.tv\/az\/#website"},"primaryImageOfPage":{"@id":"https:\/\/www.meydan.tv\/az\/article\/munhen-olimpiadasinda-qetliam\/#primaryimage"},"image":{"@id":"https:\/\/www.meydan.tv\/az\/article\/munhen-olimpiadasinda-qetliam\/#primaryimage"},"thumbnailUrl":"https:\/\/www.meydan.tv\/wp-content\/uploads\/44194.png","datePublished":"2018-10-15T20:36:46+00:00","breadcrumb":{"@id":"https:\/\/www.meydan.tv\/az\/article\/munhen-olimpiadasinda-qetliam\/#breadcrumb"},"inLanguage":"az","potentialAction":[{"@type":"ReadAction","target":["https:\/\/www.meydan.tv\/az\/article\/munhen-olimpiadasinda-qetliam\/"]}]},{"@type":"ImageObject","inLanguage":"az","@id":"https:\/\/www.meydan.tv\/az\/article\/munhen-olimpiadasinda-qetliam\/#primaryimage","url":"https:\/\/www.meydan.tv\/wp-content\/uploads\/44194.png","contentUrl":"https:\/\/www.meydan.tv\/wp-content\/uploads\/44194.png","width":1526,"height":998,"caption":"Source:"},{"@type":"BreadcrumbList","@id":"https:\/\/www.meydan.tv\/az\/article\/munhen-olimpiadasinda-qetliam\/#breadcrumb","itemListElement":[{"@type":"ListItem","position":1,"name":"Ana s\u0259hif\u0259","item":"https:\/\/www.meydan.tv\/az\/"},{"@type":"ListItem","position":2,"name":"Analitika","item":"https:\/\/www.meydan.tv\/az\/section\/analitika\/"},{"@type":"ListItem","position":3,"name":"M\u00fcnhen olimpiadas\u0131nda q\u0259tliam"}]},{"@type":"WebSite","@id":"https:\/\/www.meydan.tv\/az\/#website","url":"https:\/\/www.meydan.tv\/az\/","name":"MEYDAN.TV","description":"Meydan TV Az\u0259rbaycan\u0131n media m\u0259kan\u0131ndak\u0131 alternativ s\u0259sidir","publisher":{"@id":"https:\/\/www.meydan.tv\/az\/#organization"},"potentialAction":[{"@type":"SearchAction","target":{"@type":"EntryPoint","urlTemplate":"https:\/\/www.meydan.tv\/az\/?s={search_term_string}"},"query-input":{"@type":"PropertyValueSpecification","valueRequired":true,"valueName":"search_term_string"}}],"inLanguage":"az"},{"@type":"Organization","@id":"https:\/\/www.meydan.tv\/az\/#organization","name":"Meydan TV","url":"https:\/\/www.meydan.tv\/az\/","logo":{"@type":"ImageObject","inLanguage":"az","@id":"https:\/\/www.meydan.tv\/az\/#\/schema\/logo\/image\/","url":"https:\/\/www.meydan.tv\/wp-content\/uploads\/2021\/07\/meydan-logo.svg","contentUrl":"https:\/\/www.meydan.tv\/wp-content\/uploads\/2021\/07\/meydan-logo.svg","width":195,"height":46,"caption":"Meydan TV"},"image":{"@id":"https:\/\/www.meydan.tv\/az\/#\/schema\/logo\/image\/"}},{"@type":"Person","@id":"https:\/\/www.meydan.tv\/az\/#\/schema\/person\/10d11eccf6da3662cf5fdab9806ea91a","name":"user-manager"}]}},"_links":{"self":[{"href":"https:\/\/www.meydan.tv\/az\/wp-json\/wp\/v2\/posts\/192117","targetHints":{"allow":["GET"]}}],"collection":[{"href":"https:\/\/www.meydan.tv\/az\/wp-json\/wp\/v2\/posts"}],"about":[{"href":"https:\/\/www.meydan.tv\/az\/wp-json\/wp\/v2\/types\/post"}],"author":[{"embeddable":true,"href":"https:\/\/www.meydan.tv\/az\/wp-json\/wp\/v2\/users\/11"}],"replies":[{"embeddable":true,"href":"https:\/\/www.meydan.tv\/az\/wp-json\/wp\/v2\/comments?post=192117"}],"version-history":[{"count":0,"href":"https:\/\/www.meydan.tv\/az\/wp-json\/wp\/v2\/posts\/192117\/revisions"}],"wp:featuredmedia":[{"embeddable":true,"href":"https:\/\/www.meydan.tv\/az\/wp-json\/wp\/v2\/media\/111071"}],"wp:attachment":[{"href":"https:\/\/www.meydan.tv\/az\/wp-json\/wp\/v2\/media?parent=192117"}],"wp:term":[{"taxonomy":"category","embeddable":true,"href":"https:\/\/www.meydan.tv\/az\/wp-json\/wp\/v2\/categories?post=192117"},{"taxonomy":"post_tag","embeddable":true,"href":"https:\/\/www.meydan.tv\/az\/wp-json\/wp\/v2\/tags?post=192117"}],"curies":[{"name":"wp","href":"https:\/\/api.w.org\/{rel}","templated":true}]}}