{"id":192116,"date":"2018-10-15T19:00:52","date_gmt":"2018-10-15T19:00:52","guid":{"rendered":"https:\/\/www.meydan.tv\/article\/masalli-sakini-esgerlikde-xestelik-tapdim-pensiya-ala-bilmirem\/"},"modified":"2018-10-15T19:00:52","modified_gmt":"2018-10-15T19:00:52","slug":"masalli-sakini-esgerlikde-xestelik-tapdim-pensiya-ala-bilmirem","status":"publish","type":"post","link":"https:\/\/www.meydan.tv\/az\/article\/masalli-sakini-esgerlikde-xestelik-tapdim-pensiya-ala-bilmirem\/","title":{"rendered":"Masall\u0131 sakini: \u018fsg\u0259rlikd\u0259 x\u0259st\u0259lik tapd\u0131m, pensiya ala bilmir\u0259m"},"content":{"rendered":"<figure class=\"wp-block-image size-large\">\n  <img decoding=\"async\" src=\"https:\/\/www.meydan.tv\/az\/masalli\/\" alt=\"Masall\u0131\" class=\"wp-image-108640\"\/><figcaption>\n    Masall\u0131<br \/>\n  <\/figcaption><\/figure>\n<\/p>\n<p>\n  <i><br \/>\n    &#8221;M\u0259n atam\u0131n evind\u0259 x\u0259st\u0259l\u0259nm\u0259mi\u015f\u0259m ax\u0131&#8221;<br \/>\n  <\/i>\n<\/p>\n<p>\n  \u201cH\u0259rbi xidm\u0259td\u0259 x\u0259st\u0259lik tapd\u0131m. Amma d\u00f6vl\u0259t m\u0259n\u0259 t\u0259qa\u00fcd ay\u0131rm\u0131r. \u0130ll\u0259rdir ail\u0259mi zorla doland\u0131r\u0131ram, \u00e7\u0259tinlik \u00e7\u0259kir\u0259m, g\u00f6r\u0259n yoxdur&#8221;.\n<\/p>\n<p>\n  Masall\u0131n\u0131n Qar\u011fal\u0131q k\u0259ndinin 31 ya\u015fl\u0131 sakini Ramil \u018fliyev bel\u0259 deyir. Onun s\u00f6zl\u0259rin\u0259 g\u00f6r\u0259, h\u0259rbi xidm\u0259t\u0259 2005-ci ild\u0259 \u00e7a\u011f\u0131r\u0131l\u0131b. \u00c7\u0259tinlikl\u0259 d\u0259 olsa, bir il bir ay \u0259sg\u0259rlik \u00e7\u0259kib. Sonra a\u011f\u0131r x\u0259st\u0259l\u0259nib. Diaqonozu v\u0259r\u0259m olub:\n<\/p>\n<p>\n  &#8220;Bundan sonra m\u0259ni t\u0259xris etdil\u0259r, \u00e7\u00fcnki ciy\u0259rl\u0259rim pis g\u00fcnd\u0259 idi. Bel\u0259likl\u0259, 1 il bir aydan sonra t\u0259xris olundum. O vaxtdan b\u0259ri x\u0259st\u0259xanada qeydiyyatdayam. Ancaq t\u0259qa\u00fcd ala bilmir\u0259m. C\u0259mi 5 ay\u0131m qalm\u0131\u015fd\u0131 \u0259sg\u0259rliyimin bitm\u0259sin\u0259. M\u0259n atam\u0131n evind\u0259 x\u0259st\u0259 d\u00fc\u015fm\u0259mi\u015f\u0259m, d\u00f6vl\u0259tin h\u0259rbi xidm\u0259tini \u00e7\u0259k\u0259nd\u0259 olub. \u0130ndi niy\u0259 m\u0259ni s\u00fcr\u00fcnd\u00fcr\u00fcr, niy\u0259 yard\u0131m etmirl\u0259r, anlam\u0131ram&#8221;.\n<\/p>\n<figure class=\"wp-block-image size-large\">\n  <img decoding=\"async\" src=\"https:\/\/www.meydan.tv\/az\/111053\/\" alt=\"\" class=\"wp-image-111053\"\/><figcaption><\/figcaption><\/figure>\n<p>\n  R. \u018fliyev deyir ki, x\u0259st\u0259l\u0259nm\u0259sin\u0259 s\u0259b\u0259b h\u0259rbi xidm\u0259ti soyuq yerd\u0259 \u00e7\u0259km\u0259sidir:\n<\/p>\n<p>\n  &#8220;Murovda qulluq etmi\u015f\u0259m. Q\u0131\u015f\u0131 d\u0259h\u015f\u0259tli soyuq ke\u00e7irdi. Z\u0259if adamam, soyuqlad\u0131 ciy\u0259rl\u0259rim, d\u00f6zm\u0259di&#8221;.\n<\/p>\n<p>\n  Bir u\u015faq atas\u0131 olan Ramil \u018fliyev deyir ki, valideynl\u0259rinin \u00fcmidin\u0259 qal\u0131b:\n<\/p>\n<p>\n  &#8220;Bir \u00f6vlad kimi m\u0259n i\u015fl\u0259yib atama-anama baxmal\u0131yam. Amma t\u0259rsin\u0259dir, onlar m\u0259n\u0259 k\u00f6m\u0259k edirl\u0259r. Kiray\u0259 qal\u0131ram, evim d\u0259 yoxdur. \u00dcst\u0259lik, dem\u0259k olar ki, m\u0259n\u0259 aid i\u015f yoxdur. Olanlar\u0131n da ham\u0131s\u0131 a\u011f\u0131rd\u0131r. M\u0259nim o c\u00fcr a\u011f\u0131r i\u015fl\u0259rd\u0259 i\u015fl\u0259m\u0259k, t\u0259rl\u0259yib, x\u0259st\u0259l\u0259nm\u0259k kimi bir \u015fans\u0131m yoxdur. X\u0259st\u0259l\u0259ns\u0259m, o d\u00fcnyal\u0131q olaram. \u00d6z\u00fcm\u00fc qorumal\u0131yam. Ancaq m\u0259n bu g\u00fcn i\u015fl\u0259yib, \u00f6z\u00fcm\u0259, ail\u0259m\u0259 baxa bilmir\u0259m. V\u0259r\u0259m d\u0259 el\u0259 bir x\u0259st\u0259likdir ki, he\u00e7 vaxt tamamil\u0259 sa\u011falm\u0131r. H\u0259mi\u015f\u0259 ciy\u0259rl\u0259rd\u0259 n\u00f6qt\u0259 d\u0259 olsa, qal\u0131r. Ondan sonra bir balaca soyuqlayan kimi d\u0259 \u00fcz\u0259 \u00e7\u0131x\u0131r, adam\u0131 pis g\u00fcn\u0259 qoyur. \u00d6z\u00fcm\u00fc qorumal\u0131yam, b\u0259li, bel\u0259 olanda da ail\u0259mi doland\u0131ra bilmir\u0259m&#8221;.\n<\/p>\n<figure class=\"wp-block-image size-large\">\n  <img decoding=\"async\" src=\"https:\/\/www.meydan.tv\/az\/111062\/\" alt=\"\" class=\"wp-image-111062\"\/><figcaption><\/figcaption><\/figure>\n<p>\n  Ramil \u018fliyev deyir, ill\u0259rdir m\u00fcalic\u0259 al\u0131r. Ancaq \u0259sg\u0259rlikd\u0259 yoluxdu\u011fu bu x\u0259st\u0259liy\u0259 g\u00f6r\u0259 d\u00f6vl\u0259td\u0259n pensiya ala bilmir:\n<\/p>\n<p>\n  &#8220;D\u0259f\u0259l\u0259rl\u0259 aidiyyat\u0131 qurumlara m\u0259ktubla m\u00fcraci\u0259t etmi\u015f\u0259m. S\u0259hiyy\u0259 Nazirliyind\u0259 q\u0259bulda da olmu\u015fam. Yoxlay\u0131blar, b\u0259li, onlar bilirl\u0259r ki, m\u0259n \u0259sg\u0259rlikd\u0259 tutmu\u015fam bu x\u0259st\u0259liyi. Ancaq k\u00f6m\u0259k etm\u0259k ist\u0259y\u0259n yoxdur. \u018fn son bizim m\u0259rk\u0259zi x\u0259st\u0259xana dedi ki, s\u0259nin s\u0259n\u0259dl\u0259rini Bak\u0131ya, nazirliy\u0259 g\u00f6nd\u0259rmi\u015fik. \u0130kinci d\u0259f\u0259 nec\u0259 oldu\u011funu soru\u015fanda nazirlikd\u0259n bildirdil\u0259r ki, guya t\u0259qa\u00fcd d\u00fc\u015fm\u00fcr. Niy\u0259 d\u00fc\u015fm\u00fcr? M\u0259n atam\u0131n evind\u0259 x\u0259st\u0259l\u0259nm\u0259mi\u015f\u0259m ax\u0131. Soyuqda, qarda, q\u0131\u015fda, da\u011fda qulluq etdiyim \u00fc\u00e7\u00fcn bu v\u0259ziyy\u0259td\u0259y\u0259m&#8221;.\n<\/p>\n<figure class=\"wp-block-image size-large\">\n  <img decoding=\"async\" src=\"https:\/\/www.meydan.tv\/az\/111056\/\" alt=\"\" class=\"wp-image-111056\"\/><figcaption><\/figcaption><\/figure>\n<p>\n  \u015eikay\u0259t\u00e7i deyir ki, bu g\u00fcn he\u00e7 sa\u011flam adamlar da i\u015f tapa bilmir:\n<\/p>\n<p>\n  \u201cKi\u00e7ik yerdi, ham\u0131 bilir, kims\u0259 i\u015f\u0259 d\u0259 g\u00f6t\u00fcrm\u0259k ist\u0259mir. M\u0259n n\u0259 edim? \u00d6vlad\u0131m\u0131, ail\u0259mi nec\u0259 doland\u0131r\u0131m? D\u00f6vl\u0259t \u0259sg\u0259rliy\u0259 apara bilirdi, indi d\u0259st\u0259k verm\u0259k bu q\u0259d\u0259r \u00e7\u0259tin olmamal\u0131d\u0131r ax\u0131. O\u011flum ikinci sinifd\u0259 oxuyur. Yax\u015f\u0131 t\u0259hsil verm\u0259k, \u00fcr\u0259yim ist\u0259diyi kimi b\u00f6y\u00fctm\u0259k ist\u0259yir\u0259m. Al\u0131nm\u0131r, \u00e7\u0259tindir, imkan\u0131m \u00e7atm\u0131r. M\u0259n \u00e7ox \u015fey ist\u0259mir\u0259m. \u018fsg\u0259rlikd\u0259 sa\u011flaml\u0131\u011f\u0131m\u0131 itirmi\u015f\u0259m, buna g\u00f6r\u0259 m\u00fc\u0259yy\u0259n kompensasiya, ayl\u0131q t\u0259qa\u00fcd ay\u0131rs\u0131nlar. Kiray\u0259 ya\u015fay\u0131ram, m\u0259kt\u0259bli \u00f6vlad\u0131m var. \u00c7\u0259tindir, \u00e7\u0259tinlikl\u0259 ya\u015fay\u0131ram&#8221;.\n<\/p>\n<figure class=\"wp-block-image size-large\">\n  <img decoding=\"async\" src=\"https:\/\/www.meydan.tv\/az\/ramil-eliyev\/\" alt=\"Ramil \u018fliyev\" class=\"wp-image-111059\"\/><figcaption>\n    Ramil \u018fliyev<br \/>\n  <\/figcaption><\/figure>\n<p>\n  Meydan TV m\u0259s\u0259l\u0259y\u0259 m\u00fcnasib\u0259t \u00f6yr\u0259nm\u0259k \u00fc\u00e7\u00fcn \u018fm\u0259k v\u0259 \u018fhalinin Sosial M\u00fcdafi\u0259si Nazirliyin\u0259 m\u00fcraci\u0259t edib. Nazirlikd\u0259n m\u0259s\u0259l\u0259ni ara\u015fd\u0131racaqlar\u0131n\u0131 s\u00f6yl\u0259yibl\u0259r.<\/p>\n","protected":false},"excerpt":{"rendered":"<p>&#8221;M\u0259n atam\u0131n evind\u0259 x\u0259st\u0259l\u0259nm\u0259mi\u015f\u0259m ax\u0131&#8221;<\/p>\n","protected":false},"author":11,"featured_media":108640,"comment_status":"closed","ping_status":"open","sticky":false,"template":"","format":"standard","meta":{"_acf_changed":false,"_sitemap_exclude":false,"_sitemap_priority":"","_sitemap_frequency":"","footnotes":""},"categories":[60],"tags":[],"class_list":["post-192116","post","type-post","status-publish","format-standard","has-post-thumbnail","hentry","category-bolge","infinite-scroll-item","generate-columns","tablet-grid-50","mobile-grid-100","grid-parent","grid-33","no-featured-image-padding"],"acf":[],"yoast_head":"<!-- This site is optimized with the Yoast SEO plugin v27.4 - https:\/\/yoast.com\/product\/yoast-seo-wordpress\/ -->\n<title>Masall\u0131 sakini: \u018fsg\u0259rlikd\u0259 x\u0259st\u0259lik tapd\u0131m, pensiya ala bilmir\u0259m - MEYDAN.TV<\/title>\n<meta name=\"robots\" content=\"index, follow, max-snippet:-1, max-image-preview:large, max-video-preview:-1\" \/>\n<link rel=\"canonical\" href=\"https:\/\/www.meydan.tv\/az\/article\/masalli-sakini-esgerlikde-xestelik-tapdim-pensiya-ala-bilmirem\/\" \/>\n<meta property=\"og:locale\" content=\"az_AZ\" \/>\n<meta property=\"og:type\" content=\"article\" \/>\n<meta property=\"og:title\" content=\"Masall\u0131 sakini: \u018fsg\u0259rlikd\u0259 x\u0259st\u0259lik tapd\u0131m, pensiya ala bilmir\u0259m - MEYDAN.TV\" \/>\n<meta property=\"og:description\" content=\"&#039;&#039;M\u0259n atam\u0131n evind\u0259 x\u0259st\u0259l\u0259nm\u0259mi\u015f\u0259m ax\u0131&#039;&#039;\" \/>\n<meta property=\"og:url\" content=\"https:\/\/www.meydan.tv\/az\/article\/masalli-sakini-esgerlikde-xestelik-tapdim-pensiya-ala-bilmirem\/\" \/>\n<meta property=\"og:site_name\" content=\"MEYDAN.TV\" \/>\n<meta property=\"article:published_time\" content=\"2018-10-15T19:00:52+00:00\" \/>\n<meta property=\"og:image\" content=\"https:\/\/www.meydan.tv\/wp-content\/uploads\/43192.jpg\" \/>\n\t<meta property=\"og:image:width\" content=\"1200\" \/>\n\t<meta property=\"og:image:height\" content=\"900\" \/>\n\t<meta property=\"og:image:type\" content=\"image\/jpeg\" \/>\n<meta name=\"author\" content=\"user-manager\" \/>\n<meta name=\"twitter:card\" content=\"summary_large_image\" \/>\n<script type=\"application\/ld+json\" class=\"yoast-schema-graph\">{\"@context\":\"https:\\\/\\\/schema.org\",\"@graph\":[{\"@type\":\"Article\",\"@id\":\"https:\\\/\\\/www.meydan.tv\\\/az\\\/article\\\/masalli-sakini-esgerlikde-xestelik-tapdim-pensiya-ala-bilmirem\\\/#article\",\"isPartOf\":{\"@id\":\"https:\\\/\\\/www.meydan.tv\\\/az\\\/article\\\/masalli-sakini-esgerlikde-xestelik-tapdim-pensiya-ala-bilmirem\\\/\"},\"author\":{\"name\":\"user-manager\",\"@id\":\"https:\\\/\\\/www.meydan.tv\\\/az\\\/#\\\/schema\\\/person\\\/10d11eccf6da3662cf5fdab9806ea91a\"},\"headline\":\"Masall\u0131 sakini: \u018fsg\u0259rlikd\u0259 x\u0259st\u0259lik tapd\u0131m, pensiya ala bilmir\u0259m\",\"datePublished\":\"2018-10-15T19:00:52+00:00\",\"mainEntityOfPage\":{\"@id\":\"https:\\\/\\\/www.meydan.tv\\\/az\\\/article\\\/masalli-sakini-esgerlikde-xestelik-tapdim-pensiya-ala-bilmirem\\\/\"},\"wordCount\":750,\"publisher\":{\"@id\":\"https:\\\/\\\/www.meydan.tv\\\/az\\\/#organization\"},\"image\":{\"@id\":\"https:\\\/\\\/www.meydan.tv\\\/az\\\/article\\\/masalli-sakini-esgerlikde-xestelik-tapdim-pensiya-ala-bilmirem\\\/#primaryimage\"},\"thumbnailUrl\":\"https:\\\/\\\/www.meydan.tv\\\/wp-content\\\/uploads\\\/43192.jpg\",\"articleSection\":[\"B\u00f6lg\u0259\"],\"inLanguage\":\"az\"},{\"@type\":\"WebPage\",\"@id\":\"https:\\\/\\\/www.meydan.tv\\\/az\\\/article\\\/masalli-sakini-esgerlikde-xestelik-tapdim-pensiya-ala-bilmirem\\\/\",\"url\":\"https:\\\/\\\/www.meydan.tv\\\/az\\\/article\\\/masalli-sakini-esgerlikde-xestelik-tapdim-pensiya-ala-bilmirem\\\/\",\"name\":\"Masall\u0131 sakini: \u018fsg\u0259rlikd\u0259 x\u0259st\u0259lik tapd\u0131m, pensiya ala bilmir\u0259m - MEYDAN.TV\",\"isPartOf\":{\"@id\":\"https:\\\/\\\/www.meydan.tv\\\/az\\\/#website\"},\"primaryImageOfPage\":{\"@id\":\"https:\\\/\\\/www.meydan.tv\\\/az\\\/article\\\/masalli-sakini-esgerlikde-xestelik-tapdim-pensiya-ala-bilmirem\\\/#primaryimage\"},\"image\":{\"@id\":\"https:\\\/\\\/www.meydan.tv\\\/az\\\/article\\\/masalli-sakini-esgerlikde-xestelik-tapdim-pensiya-ala-bilmirem\\\/#primaryimage\"},\"thumbnailUrl\":\"https:\\\/\\\/www.meydan.tv\\\/wp-content\\\/uploads\\\/43192.jpg\",\"datePublished\":\"2018-10-15T19:00:52+00:00\",\"breadcrumb\":{\"@id\":\"https:\\\/\\\/www.meydan.tv\\\/az\\\/article\\\/masalli-sakini-esgerlikde-xestelik-tapdim-pensiya-ala-bilmirem\\\/#breadcrumb\"},\"inLanguage\":\"az\",\"potentialAction\":[{\"@type\":\"ReadAction\",\"target\":[\"https:\\\/\\\/www.meydan.tv\\\/az\\\/article\\\/masalli-sakini-esgerlikde-xestelik-tapdim-pensiya-ala-bilmirem\\\/\"]}]},{\"@type\":\"ImageObject\",\"inLanguage\":\"az\",\"@id\":\"https:\\\/\\\/www.meydan.tv\\\/az\\\/article\\\/masalli-sakini-esgerlikde-xestelik-tapdim-pensiya-ala-bilmirem\\\/#primaryimage\",\"url\":\"https:\\\/\\\/www.meydan.tv\\\/wp-content\\\/uploads\\\/43192.jpg\",\"contentUrl\":\"https:\\\/\\\/www.meydan.tv\\\/wp-content\\\/uploads\\\/43192.jpg\",\"width\":1200,\"height\":900,\"caption\":\"Foto: Trend.az\"},{\"@type\":\"BreadcrumbList\",\"@id\":\"https:\\\/\\\/www.meydan.tv\\\/az\\\/article\\\/masalli-sakini-esgerlikde-xestelik-tapdim-pensiya-ala-bilmirem\\\/#breadcrumb\",\"itemListElement\":[{\"@type\":\"ListItem\",\"position\":1,\"name\":\"Ana s\u0259hif\u0259\",\"item\":\"https:\\\/\\\/www.meydan.tv\\\/az\\\/\"},{\"@type\":\"ListItem\",\"position\":2,\"name\":\"B\u00f6lg\u0259\",\"item\":\"https:\\\/\\\/www.meydan.tv\\\/az\\\/section\\\/bolge\\\/\"},{\"@type\":\"ListItem\",\"position\":3,\"name\":\"Masall\u0131 sakini: \u018fsg\u0259rlikd\u0259 x\u0259st\u0259lik tapd\u0131m, pensiya ala bilmir\u0259m\"}]},{\"@type\":\"WebSite\",\"@id\":\"https:\\\/\\\/www.meydan.tv\\\/az\\\/#website\",\"url\":\"https:\\\/\\\/www.meydan.tv\\\/az\\\/\",\"name\":\"MEYDAN.TV\",\"description\":\"Meydan TV Az\u0259rbaycan\u0131n media m\u0259kan\u0131ndak\u0131 alternativ s\u0259sidir\",\"publisher\":{\"@id\":\"https:\\\/\\\/www.meydan.tv\\\/az\\\/#organization\"},\"potentialAction\":[{\"@type\":\"SearchAction\",\"target\":{\"@type\":\"EntryPoint\",\"urlTemplate\":\"https:\\\/\\\/www.meydan.tv\\\/az\\\/?s={search_term_string}\"},\"query-input\":{\"@type\":\"PropertyValueSpecification\",\"valueRequired\":true,\"valueName\":\"search_term_string\"}}],\"inLanguage\":\"az\"},{\"@type\":\"Organization\",\"@id\":\"https:\\\/\\\/www.meydan.tv\\\/az\\\/#organization\",\"name\":\"Meydan TV\",\"url\":\"https:\\\/\\\/www.meydan.tv\\\/az\\\/\",\"logo\":{\"@type\":\"ImageObject\",\"inLanguage\":\"az\",\"@id\":\"https:\\\/\\\/www.meydan.tv\\\/az\\\/#\\\/schema\\\/logo\\\/image\\\/\",\"url\":\"https:\\\/\\\/www.meydan.tv\\\/wp-content\\\/uploads\\\/2021\\\/07\\\/meydan-logo.svg\",\"contentUrl\":\"https:\\\/\\\/www.meydan.tv\\\/wp-content\\\/uploads\\\/2021\\\/07\\\/meydan-logo.svg\",\"width\":195,\"height\":46,\"caption\":\"Meydan TV\"},\"image\":{\"@id\":\"https:\\\/\\\/www.meydan.tv\\\/az\\\/#\\\/schema\\\/logo\\\/image\\\/\"}},{\"@type\":\"Person\",\"@id\":\"https:\\\/\\\/www.meydan.tv\\\/az\\\/#\\\/schema\\\/person\\\/10d11eccf6da3662cf5fdab9806ea91a\",\"name\":\"user-manager\"}]}<\/script>\n<!-- \/ Yoast SEO plugin. -->","yoast_head_json":{"title":"Masall\u0131 sakini: \u018fsg\u0259rlikd\u0259 x\u0259st\u0259lik tapd\u0131m, pensiya ala bilmir\u0259m - MEYDAN.TV","robots":{"index":"index","follow":"follow","max-snippet":"max-snippet:-1","max-image-preview":"max-image-preview:large","max-video-preview":"max-video-preview:-1"},"canonical":"https:\/\/www.meydan.tv\/az\/article\/masalli-sakini-esgerlikde-xestelik-tapdim-pensiya-ala-bilmirem\/","og_locale":"az_AZ","og_type":"article","og_title":"Masall\u0131 sakini: \u018fsg\u0259rlikd\u0259 x\u0259st\u0259lik tapd\u0131m, pensiya ala bilmir\u0259m - MEYDAN.TV","og_description":"''M\u0259n atam\u0131n evind\u0259 x\u0259st\u0259l\u0259nm\u0259mi\u015f\u0259m ax\u0131''","og_url":"https:\/\/www.meydan.tv\/az\/article\/masalli-sakini-esgerlikde-xestelik-tapdim-pensiya-ala-bilmirem\/","og_site_name":"MEYDAN.TV","article_published_time":"2018-10-15T19:00:52+00:00","og_image":[{"width":1200,"height":900,"url":"https:\/\/www.meydan.tv\/wp-content\/uploads\/43192.jpg","type":"image\/jpeg"}],"author":"user-manager","twitter_card":"summary_large_image","schema":{"@context":"https:\/\/schema.org","@graph":[{"@type":"Article","@id":"https:\/\/www.meydan.tv\/az\/article\/masalli-sakini-esgerlikde-xestelik-tapdim-pensiya-ala-bilmirem\/#article","isPartOf":{"@id":"https:\/\/www.meydan.tv\/az\/article\/masalli-sakini-esgerlikde-xestelik-tapdim-pensiya-ala-bilmirem\/"},"author":{"name":"user-manager","@id":"https:\/\/www.meydan.tv\/az\/#\/schema\/person\/10d11eccf6da3662cf5fdab9806ea91a"},"headline":"Masall\u0131 sakini: \u018fsg\u0259rlikd\u0259 x\u0259st\u0259lik tapd\u0131m, pensiya ala bilmir\u0259m","datePublished":"2018-10-15T19:00:52+00:00","mainEntityOfPage":{"@id":"https:\/\/www.meydan.tv\/az\/article\/masalli-sakini-esgerlikde-xestelik-tapdim-pensiya-ala-bilmirem\/"},"wordCount":750,"publisher":{"@id":"https:\/\/www.meydan.tv\/az\/#organization"},"image":{"@id":"https:\/\/www.meydan.tv\/az\/article\/masalli-sakini-esgerlikde-xestelik-tapdim-pensiya-ala-bilmirem\/#primaryimage"},"thumbnailUrl":"https:\/\/www.meydan.tv\/wp-content\/uploads\/43192.jpg","articleSection":["B\u00f6lg\u0259"],"inLanguage":"az"},{"@type":"WebPage","@id":"https:\/\/www.meydan.tv\/az\/article\/masalli-sakini-esgerlikde-xestelik-tapdim-pensiya-ala-bilmirem\/","url":"https:\/\/www.meydan.tv\/az\/article\/masalli-sakini-esgerlikde-xestelik-tapdim-pensiya-ala-bilmirem\/","name":"Masall\u0131 sakini: \u018fsg\u0259rlikd\u0259 x\u0259st\u0259lik tapd\u0131m, pensiya ala bilmir\u0259m - MEYDAN.TV","isPartOf":{"@id":"https:\/\/www.meydan.tv\/az\/#website"},"primaryImageOfPage":{"@id":"https:\/\/www.meydan.tv\/az\/article\/masalli-sakini-esgerlikde-xestelik-tapdim-pensiya-ala-bilmirem\/#primaryimage"},"image":{"@id":"https:\/\/www.meydan.tv\/az\/article\/masalli-sakini-esgerlikde-xestelik-tapdim-pensiya-ala-bilmirem\/#primaryimage"},"thumbnailUrl":"https:\/\/www.meydan.tv\/wp-content\/uploads\/43192.jpg","datePublished":"2018-10-15T19:00:52+00:00","breadcrumb":{"@id":"https:\/\/www.meydan.tv\/az\/article\/masalli-sakini-esgerlikde-xestelik-tapdim-pensiya-ala-bilmirem\/#breadcrumb"},"inLanguage":"az","potentialAction":[{"@type":"ReadAction","target":["https:\/\/www.meydan.tv\/az\/article\/masalli-sakini-esgerlikde-xestelik-tapdim-pensiya-ala-bilmirem\/"]}]},{"@type":"ImageObject","inLanguage":"az","@id":"https:\/\/www.meydan.tv\/az\/article\/masalli-sakini-esgerlikde-xestelik-tapdim-pensiya-ala-bilmirem\/#primaryimage","url":"https:\/\/www.meydan.tv\/wp-content\/uploads\/43192.jpg","contentUrl":"https:\/\/www.meydan.tv\/wp-content\/uploads\/43192.jpg","width":1200,"height":900,"caption":"Foto: Trend.az"},{"@type":"BreadcrumbList","@id":"https:\/\/www.meydan.tv\/az\/article\/masalli-sakini-esgerlikde-xestelik-tapdim-pensiya-ala-bilmirem\/#breadcrumb","itemListElement":[{"@type":"ListItem","position":1,"name":"Ana s\u0259hif\u0259","item":"https:\/\/www.meydan.tv\/az\/"},{"@type":"ListItem","position":2,"name":"B\u00f6lg\u0259","item":"https:\/\/www.meydan.tv\/az\/section\/bolge\/"},{"@type":"ListItem","position":3,"name":"Masall\u0131 sakini: \u018fsg\u0259rlikd\u0259 x\u0259st\u0259lik tapd\u0131m, pensiya ala bilmir\u0259m"}]},{"@type":"WebSite","@id":"https:\/\/www.meydan.tv\/az\/#website","url":"https:\/\/www.meydan.tv\/az\/","name":"MEYDAN.TV","description":"Meydan TV Az\u0259rbaycan\u0131n media m\u0259kan\u0131ndak\u0131 alternativ s\u0259sidir","publisher":{"@id":"https:\/\/www.meydan.tv\/az\/#organization"},"potentialAction":[{"@type":"SearchAction","target":{"@type":"EntryPoint","urlTemplate":"https:\/\/www.meydan.tv\/az\/?s={search_term_string}"},"query-input":{"@type":"PropertyValueSpecification","valueRequired":true,"valueName":"search_term_string"}}],"inLanguage":"az"},{"@type":"Organization","@id":"https:\/\/www.meydan.tv\/az\/#organization","name":"Meydan TV","url":"https:\/\/www.meydan.tv\/az\/","logo":{"@type":"ImageObject","inLanguage":"az","@id":"https:\/\/www.meydan.tv\/az\/#\/schema\/logo\/image\/","url":"https:\/\/www.meydan.tv\/wp-content\/uploads\/2021\/07\/meydan-logo.svg","contentUrl":"https:\/\/www.meydan.tv\/wp-content\/uploads\/2021\/07\/meydan-logo.svg","width":195,"height":46,"caption":"Meydan TV"},"image":{"@id":"https:\/\/www.meydan.tv\/az\/#\/schema\/logo\/image\/"}},{"@type":"Person","@id":"https:\/\/www.meydan.tv\/az\/#\/schema\/person\/10d11eccf6da3662cf5fdab9806ea91a","name":"user-manager"}]}},"_links":{"self":[{"href":"https:\/\/www.meydan.tv\/az\/wp-json\/wp\/v2\/posts\/192116","targetHints":{"allow":["GET"]}}],"collection":[{"href":"https:\/\/www.meydan.tv\/az\/wp-json\/wp\/v2\/posts"}],"about":[{"href":"https:\/\/www.meydan.tv\/az\/wp-json\/wp\/v2\/types\/post"}],"author":[{"embeddable":true,"href":"https:\/\/www.meydan.tv\/az\/wp-json\/wp\/v2\/users\/11"}],"replies":[{"embeddable":true,"href":"https:\/\/www.meydan.tv\/az\/wp-json\/wp\/v2\/comments?post=192116"}],"version-history":[{"count":0,"href":"https:\/\/www.meydan.tv\/az\/wp-json\/wp\/v2\/posts\/192116\/revisions"}],"wp:featuredmedia":[{"embeddable":true,"href":"https:\/\/www.meydan.tv\/az\/wp-json\/wp\/v2\/media\/108640"}],"wp:attachment":[{"href":"https:\/\/www.meydan.tv\/az\/wp-json\/wp\/v2\/media?parent=192116"}],"wp:term":[{"taxonomy":"category","embeddable":true,"href":"https:\/\/www.meydan.tv\/az\/wp-json\/wp\/v2\/categories?post=192116"},{"taxonomy":"post_tag","embeddable":true,"href":"https:\/\/www.meydan.tv\/az\/wp-json\/wp\/v2\/tags?post=192116"}],"curies":[{"name":"wp","href":"https:\/\/api.w.org\/{rel}","templated":true}]}}