{"id":192104,"date":"2018-10-14T20:36:23","date_gmt":"2018-10-14T20:36:23","guid":{"rendered":"https:\/\/www.meydan.tv\/article\/ilham-eliyev-ve-nikol-pasinyanin-ferqli-davranislari\/"},"modified":"2018-10-14T20:36:23","modified_gmt":"2018-10-14T20:36:23","slug":"ilham-eliyev-ve-nikol-pasinyanin-ferqli-davranislari","status":"publish","type":"post","link":"https:\/\/www.meydan.tv\/az\/article\/ilham-eliyev-ve-nikol-pasinyanin-ferqli-davranislari\/","title":{"rendered":"\u0130lham \u018fliyev v\u0259 Nikol Pa\u015finyan\u0131n f\u0259rqli davran\u0131\u015flar\u0131"},"content":{"rendered":"<figure class=\"wp-block-image size-large\">\n  <img decoding=\"async\" src=\"https:\/\/www.meydan.tv\/az\/dusenbede-prezidentlerin-qeyri-resmi-gorusu\/\" alt=\"D\u00fc\u015f\u0259nb\u0259d\u0259 prezidentl\u0259rin qeyri-r\u0259smi g\u00f6r\u00fc\u015f\u00fc\" class=\"wp-image-111032\"\/><figcaption>\n    D\u00fc\u015f\u0259nb\u0259d\u0259 prezidentl\u0259rin qeyri-r\u0259smi g\u00f6r\u00fc\u015f\u00fc<br \/>\n  <\/figcaption><\/figure>\n<p>\n  Bu yax\u0131nlarda \u0130lham \u018fliyev D\u00fc\u015f\u0259nb\u0259d\u0259 ke\u00e7iril\u0259n MDB D\u00f6vl\u0259t Ba\u015f\u00e7\u0131lar\u0131 \u015euras\u0131n\u0131n n\u00fcmay\u0259nd\u0259 hey\u0259tl\u0259rinin iclas\u0131 \u00e7\u0259r\u00e7iv\u0259sind\u0259 Erm\u0259nistan\u0131n yeni Ba\u015f naziri Nikol Pa\u015finyanla qeyri-r\u0259smi m\u00fcst\u0259vid\u0259 g\u00f6r\u00fc\u015fd\u00fc v\u0259 aralar\u0131ndak\u0131 \u00fcnsiyy\u0259tin g\u00f6r\u00fcnt\u00fcs\u00fc m\u00fcxt\u0259lif videolar vasit\u0259sil\u0259 yay\u0131mland\u0131. \u018flb\u0259tt\u0259, m\u00fcharib\u0259 v\u0259ziyy\u0259tind\u0259 olan iki d\u00f6vl\u0259t v\u0259 h\u00f6kum\u0259t ba\u015f\u00e7\u0131s\u0131 aras\u0131nda ist\u0259r r\u0259smi, ist\u0259rs\u0259 d\u0259 qeyri-r\u0259smi g\u00f6r\u00fc\u015f\u00fcn ke\u00e7irilm\u0259si m\u00fcnaqi\u015f\u0259nin s\u00fclh yoluyla nizamlanmas\u0131 bax\u0131mdan m\u00fcsb\u0259t hald\u0131r. Bu yaz\u0131da \u0259sas m\u0259qs\u0259d \u0130lham \u018fliyevin Nikol Pa\u015finyanla v\u0259 dig\u0259r liderl\u0259rl\u0259 g\u00f6r\u00fc\u015fd\u0259 n\u00fcmayi\u015f etdirdiyi davran\u0131\u015f\u0131 demokratik liderin davran\u0131\u015f prinsipl\u0259ri bax\u0131m\u0131ndan t\u0259hlil etm\u0259kdir. \u018fsas\u0259n, internet s\u0259hif\u0259l\u0259rind\u0259 yer alm\u0131\u015f Pa\u015finyanla s\u00f6hb\u0259t kadrlar\u0131nda onunla v\u0259 prezident Putinl\u0259 s\u00f6hb\u0259t zaman\u0131 etdiyi b\u0259d\u0259n h\u0259r\u0259k\u0259tl\u0259rin\u0259 toxunulacaq.\n<\/p>\n<p>\n  \u0130lham \u018fliyevin Nikol Pa\u015finyanla qeyri-r\u0259smi g\u00f6r\u00fc\u015f\u00fcn\u00fc n\u00fcmayi\u015f etdir\u0259n videolara baxd\u0131qda prezidentin bir q\u0259d\u0259r narahat, \u00f6z\u00fcn\u0259 \u0259minsizliyi v\u0259 s\u0259rb\u0259st ola bilm\u0259m\u0259si ayd\u0131n n\u0259z\u0259r\u0259 \u00e7arp\u0131r.\n<\/p>\n<figure class=\"wp-block-embed is-type-video is-provider-youtube wp-block-embed-youtube wp-embed-aspect-16-9 wp-has-aspect-ratio\">\n<div class=\"wp-block-embed__wrapper\">\n    <iframe\ttitle=\"\" width=\"1200\" height=\"675\" data-src=\"https:\/\/www.youtube.com\/embed\/watch?v=t6NXCU3WR0k\"\tframeborder=\"0\"\tallow=\"accelerometer; autoplay; clipboard-write; encrypted-media; gyroscope; picture-in-picture\" allowfullscreen src=\"data:image\/svg+xml;base64,PHN2ZyB3aWR0aD0iMSIgaGVpZ2h0PSIxIiB4bWxucz0iaHR0cDovL3d3dy53My5vcmcvMjAwMC9zdmciPjwvc3ZnPg==\" class=\"lazyload\" data-load-mode=\"1\"><\/iframe>\n  <\/div><figcaption><\/figcaption><\/figure>\n<p>\n  Videodan g\u00f6r\u00fcn\u00fcr ki, liderl\u0259r h\u0259r\u0259k\u0259t\u0259 ba\u015flayanda ilk olaraq ir\u0259liy\u0259 do\u011fru add\u0131mlayan v\u0259 \u0130lham \u018fliyevl\u0259 ilk olaraq s\u00f6hb\u0259t\u0259 ba\u015flayan Pa\u015finyan olur. Kameralar qar\u015f\u0131s\u0131nda durark\u0259n is\u0259 \u0130lham \u018fliyev geni\u015f auditoriya il\u0259 g\u00f6z \u0259laq\u0259si qurmaqdan \u00e7\u0259kinir, Nikol Pa\u015finyan is\u0259 \u0259trafla daha rahat g\u00f6z \u0259laq\u0259si qurur.\n<\/p>\n<p>\n  M\u0259s\u0259l\u0259n, Nikol Pa\u015finyan prezident Putinl\u0259 \u00fcnsiyy\u0259tini g\u00f6st\u0259r\u0259n bu videoda \u0259lini \u00e7ox s\u0259rb\u0259st h\u0259r\u0259k\u0259t etdirir, s\u00f6hb\u0259t zaman\u0131 Putinl\u0259 rahat g\u00f6z t\u0259mas\u0131 qurur. \u00dcnsiyy\u0259t zaman\u0131 h\u0259tta \u0259linin birini stulun ba\u015f\u0131na qoyur v\u0259 d\u00fc\u015f\u00fcnm\u00fcr ki, m\u0259n q\u00fcdr\u0259tli Rusiya Federasiyas\u0131n\u0131n prezidenti Putinl\u0259 dan\u0131\u015f\u0131ram, \u00f6z\u00fcm\u00fc y\u0131\u011f\u0131\u015fd\u0131r\u0131m, \u0259limi yan\u0131ma sal\u0131m.\n<\/p>\n<figure class=\"wp-block-embed is-type-video is-provider-youtube wp-block-embed-youtube wp-embed-aspect-16-9 wp-has-aspect-ratio\">\n<div class=\"wp-block-embed__wrapper\">\n    <iframe\ttitle=\"\" width=\"1200\" height=\"675\" data-src=\"https:\/\/www.youtube.com\/embed\/watch?v=9KCQA__9V7w\"\tframeborder=\"0\"\tallow=\"accelerometer; autoplay; clipboard-write; encrypted-media; gyroscope; picture-in-picture\" allowfullscreen src=\"data:image\/svg+xml;base64,PHN2ZyB3aWR0aD0iMSIgaGVpZ2h0PSIxIiB4bWxucz0iaHR0cDovL3d3dy53My5vcmcvMjAwMC9zdmciPjwvc3ZnPg==\" class=\"lazyload\" data-load-mode=\"1\"><\/iframe>\n  <\/div><figcaption><\/figcaption><\/figure>\n<p>\n  \u00dcnsiyy\u0259td\u0259 bir canl\u0131l\u0131q hiss edilir. \u0130lham \u018fliyevin is\u0259 Vladimir Putinin Bak\u0131ya olan s\u0259f\u0259ri \u00e7\u0259r\u00e7iv\u0259sind\u0259 veril\u0259n r\u0259smi ziyaf\u0259t zaman\u0131 n\u00fcmayi\u015f etdirdiyi b\u0259d\u0259n h\u0259r\u0259k\u0259ti sanki onun \u00f6z\u00fcn\u0259 \u0259min olmad\u0131\u011f\u0131ndan x\u0259b\u0259r verir.\n<\/p>\n<p>\n  Prezidentin \u00f6z \u00f6lk\u0259sind\u0259 ba\u015fqa d\u00f6vl\u0259tin ba\u015f\u00e7\u0131s\u0131na verdiyi ziyaf\u0259td\u0259ki duru\u015funa n\u0259z\u0259r salsaq g\u00f6r\u0259rik ki, stol arxas\u0131nda Putinin qar\u015f\u0131s\u0131nda \u00e7iyinl\u0259ri d\u00fc\u015fm\u00fc\u015f, \u0259ll\u0259ri is\u0259 stolun \u00fcst\u00fcnd\u0259 yox, a\u015fa\u011f\u0131dad\u0131r. Ad\u0259t\u0259n, bu c\u00fcr davran\u0131\u015f\u0131 biz m\u00fc\u0259llim \u015fagirdi danlayarkan, m\u00fcst\u0259ntiq m\u00fctt\u0259himi sor\u011fulayark\u0259n sonuncular\u0131n timsal\u0131nda g\u00f6r\u00fcr\u00fck. Putin\u0259 baxd\u0131qda is\u0259 hiss edilir ki, \u00f6z\u00fcn\u00fc v\u0259ziyy\u0259t\u0259 hakim hiss edir. \u00c7iyinl\u0259rini d\u00fcz tutur, \u0259ll\u0259ri stolun \u00fcst\u00fcnd\u0259 v\u0259 \u00f6z\u00fcn\u0259 g\u00fcv\u0259ni daha y\u00fcks\u0259kdir.\n<\/p>\n<\/p>\n<figure class=\"wp-block-image size-large\">\n  <img decoding=\"async\" src=\"https:\/\/www.meydan.tv\/az\/ilham-eliyev-ve-rusiya-federasiyasinin-prezidenti-vladimir-putin-cay-sufresi-arxasinda-sohbet-27-sentyabr-2018\/\" alt=\"\u0130lham \u018fliyev v\u0259 Rusiya Federasiyas\u0131n\u0131n Prezidenti Vladimir Putin \u00e7ay s\u00fcfr\u0259si arxas\u0131nda s\u00f6hb\u0259t &#8211; 27 sentyabr 2018\" class=\"wp-image-111035\"\/><figcaption>\n    \u0130lham \u018fliyev v\u0259 Rusiya Federasiyas\u0131n\u0131n Prezidenti Vladimir Putin \u00e7ay s\u00fcfr\u0259si arxas\u0131nda s\u00f6hb\u0259t &#8211; 27 sentyabr 2018<br \/>\n  <\/figcaption><\/figure>\n<p>\n  Siyasi liderlikl\u0259 ba\u011fl\u0131 \u0259d\u0259biyyatlarda tez-tez rast g\u0259lin\u0259n qeyd budur ki, \u00f6z\u00fcn\u0259 daha \u00e7ox g\u00fcv\u0259n\u0259n liderl\u0259r b\u0259d\u0259n h\u0259r\u0259k\u0259tl\u0259rind\u0259 daha s\u0259rb\u0259st olur, \u0259trafla daha yax\u015f\u0131 g\u00f6z \u0259laq\u0259si qura bilir v\u0259 h\u0259r\u0259k\u0259tl\u0259rind\u0259n t\u0259\u015f\u0259bb\u00fcskarl\u0131\u011fa meylli olduqlar\u0131 hiss edilir. Bu x\u00fcsusil\u0259 siyasi r\u0259qib, yaxud da m\u00fcnaqi\u015f\u0259d\u0259 olduqlar\u0131 d\u00f6vl\u0259tin ba\u015f\u00e7\u0131s\u0131yla g\u00f6r\u00fc\u015fl\u0259rd\u0259 ayd\u0131n n\u0259z\u0259r\u0259 \u00e7arp\u0131r. M\u00fc\u0259yy\u0259n bir r\u0259qab\u0259t hissi v\u0259 g\u0259rginlik oldu\u011fundan liderl\u0259r t\u0259bii olaraq bir-biri \u00fcz\u0259rind\u0259 \u00fcst\u00fcnl\u00fck qurmaq v\u0259 bu prosesd\u0259 daha \u00e7ox \u00f6z\u00fcn\u0259 g\u00fcv\u0259n hissi v\u0259 t\u0259\u015f\u0259bb\u00fcskarl\u0131q n\u00fcmayi\u015f etdirm\u0259k ist\u0259yirl\u0259r. \u00d6z\u00fcn\u0259 g\u00fcv\u0259n hissi a\u015fa\u011f\u0131 olduqda liderin t\u0259\u015f\u0259bb\u00fcskarl\u0131\u011f\u0131 a\u015fa\u011f\u0131 d\u00fc\u015f\u00fcr, \u00fcnsiyy\u0259t\u0259 girs\u0259 bel\u0259 rahat olmur v\u0259 bu da dan\u0131\u015f\u0131qlar\u0131n keyfiyy\u0259tin\u0259 m\u0259nfi t\u0259sir g\u00f6st\u0259rir.<\/p>\n","protected":false},"excerpt":{"rendered":"<p>Bu yaz\u0131da \u0259sas m\u0259qs\u0259d \u0130lham \u018fliyevin Nikol Pa\u015finyanla v\u0259 dig\u0259r liderl\u0259rl\u0259 g\u00f6r\u00fc\u015fd\u0259 n\u00fcmayi\u015f etdirdiyi davran\u0131\u015f\u0131 demokratik liderin davran\u0131\u015f prinsipl\u0259ri bax\u0131m\u0131ndan t\u0259hlil etm\u0259kdir.<\/p>\n","protected":false},"author":11,"featured_media":111032,"comment_status":"closed","ping_status":"open","sticky":false,"template":"","format":"standard","meta":{"_acf_changed":false,"_sitemap_exclude":false,"_sitemap_priority":"","_sitemap_frequency":"","footnotes":""},"categories":[57],"tags":[],"class_list":["post-192104","post","type-post","status-publish","format-standard","has-post-thumbnail","hentry","category-menim-fikrimce","infinite-scroll-item","generate-columns","tablet-grid-50","mobile-grid-100","grid-parent","grid-33","no-featured-image-padding"],"acf":[],"yoast_head":"<!-- This site is optimized with the Yoast SEO plugin v27.4 - https:\/\/yoast.com\/product\/yoast-seo-wordpress\/ -->\n<title>\u0130lham \u018fliyev v\u0259 Nikol Pa\u015finyan\u0131n f\u0259rqli davran\u0131\u015flar\u0131 - MEYDAN.TV<\/title>\n<meta name=\"robots\" content=\"index, follow, max-snippet:-1, max-image-preview:large, max-video-preview:-1\" \/>\n<link rel=\"canonical\" href=\"https:\/\/www.meydan.tv\/az\/article\/ilham-eliyev-ve-nikol-pasinyanin-ferqli-davranislari\/\" \/>\n<meta property=\"og:locale\" content=\"az_AZ\" \/>\n<meta property=\"og:type\" content=\"article\" \/>\n<meta property=\"og:title\" content=\"\u0130lham \u018fliyev v\u0259 Nikol Pa\u015finyan\u0131n f\u0259rqli davran\u0131\u015flar\u0131 - MEYDAN.TV\" \/>\n<meta property=\"og:description\" content=\"Bu yaz\u0131da \u0259sas m\u0259qs\u0259d \u0130lham \u018fliyevin Nikol Pa\u015finyanla v\u0259 dig\u0259r liderl\u0259rl\u0259 g\u00f6r\u00fc\u015fd\u0259 n\u00fcmayi\u015f etdirdiyi davran\u0131\u015f\u0131 demokratik liderin davran\u0131\u015f prinsipl\u0259ri bax\u0131m\u0131ndan t\u0259hlil etm\u0259kdir.\" \/>\n<meta property=\"og:url\" content=\"https:\/\/www.meydan.tv\/az\/article\/ilham-eliyev-ve-nikol-pasinyanin-ferqli-davranislari\/\" \/>\n<meta property=\"og:site_name\" content=\"MEYDAN.TV\" \/>\n<meta property=\"article:published_time\" content=\"2018-10-14T20:36:23+00:00\" \/>\n<meta property=\"og:image\" content=\"https:\/\/www.meydan.tv\/wp-content\/uploads\/44181.jpg\" \/>\n\t<meta property=\"og:image:width\" content=\"800\" \/>\n\t<meta property=\"og:image:height\" content=\"546\" \/>\n\t<meta property=\"og:image:type\" content=\"image\/jpeg\" \/>\n<meta name=\"author\" content=\"user-manager\" \/>\n<meta name=\"twitter:card\" content=\"summary_large_image\" \/>\n<script type=\"application\/ld+json\" class=\"yoast-schema-graph\">{\"@context\":\"https:\\\/\\\/schema.org\",\"@graph\":[{\"@type\":\"Article\",\"@id\":\"https:\\\/\\\/www.meydan.tv\\\/az\\\/article\\\/ilham-eliyev-ve-nikol-pasinyanin-ferqli-davranislari\\\/#article\",\"isPartOf\":{\"@id\":\"https:\\\/\\\/www.meydan.tv\\\/az\\\/article\\\/ilham-eliyev-ve-nikol-pasinyanin-ferqli-davranislari\\\/\"},\"author\":{\"name\":\"user-manager\",\"@id\":\"https:\\\/\\\/www.meydan.tv\\\/az\\\/#\\\/schema\\\/person\\\/10d11eccf6da3662cf5fdab9806ea91a\"},\"headline\":\"\u0130lham \u018fliyev v\u0259 Nikol Pa\u015finyan\u0131n f\u0259rqli davran\u0131\u015flar\u0131\",\"datePublished\":\"2018-10-14T20:36:23+00:00\",\"mainEntityOfPage\":{\"@id\":\"https:\\\/\\\/www.meydan.tv\\\/az\\\/article\\\/ilham-eliyev-ve-nikol-pasinyanin-ferqli-davranislari\\\/\"},\"wordCount\":746,\"publisher\":{\"@id\":\"https:\\\/\\\/www.meydan.tv\\\/az\\\/#organization\"},\"image\":{\"@id\":\"https:\\\/\\\/www.meydan.tv\\\/az\\\/article\\\/ilham-eliyev-ve-nikol-pasinyanin-ferqli-davranislari\\\/#primaryimage\"},\"thumbnailUrl\":\"https:\\\/\\\/www.meydan.tv\\\/wp-content\\\/uploads\\\/44181.jpg\",\"articleSection\":[\"M\u0259nim Fikrimc\u0259\"],\"inLanguage\":\"az\"},{\"@type\":\"WebPage\",\"@id\":\"https:\\\/\\\/www.meydan.tv\\\/az\\\/article\\\/ilham-eliyev-ve-nikol-pasinyanin-ferqli-davranislari\\\/\",\"url\":\"https:\\\/\\\/www.meydan.tv\\\/az\\\/article\\\/ilham-eliyev-ve-nikol-pasinyanin-ferqli-davranislari\\\/\",\"name\":\"\u0130lham \u018fliyev v\u0259 Nikol Pa\u015finyan\u0131n f\u0259rqli davran\u0131\u015flar\u0131 - MEYDAN.TV\",\"isPartOf\":{\"@id\":\"https:\\\/\\\/www.meydan.tv\\\/az\\\/#website\"},\"primaryImageOfPage\":{\"@id\":\"https:\\\/\\\/www.meydan.tv\\\/az\\\/article\\\/ilham-eliyev-ve-nikol-pasinyanin-ferqli-davranislari\\\/#primaryimage\"},\"image\":{\"@id\":\"https:\\\/\\\/www.meydan.tv\\\/az\\\/article\\\/ilham-eliyev-ve-nikol-pasinyanin-ferqli-davranislari\\\/#primaryimage\"},\"thumbnailUrl\":\"https:\\\/\\\/www.meydan.tv\\\/wp-content\\\/uploads\\\/44181.jpg\",\"datePublished\":\"2018-10-14T20:36:23+00:00\",\"breadcrumb\":{\"@id\":\"https:\\\/\\\/www.meydan.tv\\\/az\\\/article\\\/ilham-eliyev-ve-nikol-pasinyanin-ferqli-davranislari\\\/#breadcrumb\"},\"inLanguage\":\"az\",\"potentialAction\":[{\"@type\":\"ReadAction\",\"target\":[\"https:\\\/\\\/www.meydan.tv\\\/az\\\/article\\\/ilham-eliyev-ve-nikol-pasinyanin-ferqli-davranislari\\\/\"]}]},{\"@type\":\"ImageObject\",\"inLanguage\":\"az\",\"@id\":\"https:\\\/\\\/www.meydan.tv\\\/az\\\/article\\\/ilham-eliyev-ve-nikol-pasinyanin-ferqli-davranislari\\\/#primaryimage\",\"url\":\"https:\\\/\\\/www.meydan.tv\\\/wp-content\\\/uploads\\\/44181.jpg\",\"contentUrl\":\"https:\\\/\\\/www.meydan.tv\\\/wp-content\\\/uploads\\\/44181.jpg\",\"width\":800,\"height\":546,\"caption\":\"Source:\"},{\"@type\":\"BreadcrumbList\",\"@id\":\"https:\\\/\\\/www.meydan.tv\\\/az\\\/article\\\/ilham-eliyev-ve-nikol-pasinyanin-ferqli-davranislari\\\/#breadcrumb\",\"itemListElement\":[{\"@type\":\"ListItem\",\"position\":1,\"name\":\"Ana s\u0259hif\u0259\",\"item\":\"https:\\\/\\\/www.meydan.tv\\\/az\\\/\"},{\"@type\":\"ListItem\",\"position\":2,\"name\":\"M\u0259nim Fikrimc\u0259\",\"item\":\"https:\\\/\\\/www.meydan.tv\\\/az\\\/section\\\/menim-fikrimce\\\/\"},{\"@type\":\"ListItem\",\"position\":3,\"name\":\"\u0130lham \u018fliyev v\u0259 Nikol Pa\u015finyan\u0131n f\u0259rqli davran\u0131\u015flar\u0131\"}]},{\"@type\":\"WebSite\",\"@id\":\"https:\\\/\\\/www.meydan.tv\\\/az\\\/#website\",\"url\":\"https:\\\/\\\/www.meydan.tv\\\/az\\\/\",\"name\":\"MEYDAN.TV\",\"description\":\"Meydan TV Az\u0259rbaycan\u0131n media m\u0259kan\u0131ndak\u0131 alternativ s\u0259sidir\",\"publisher\":{\"@id\":\"https:\\\/\\\/www.meydan.tv\\\/az\\\/#organization\"},\"potentialAction\":[{\"@type\":\"SearchAction\",\"target\":{\"@type\":\"EntryPoint\",\"urlTemplate\":\"https:\\\/\\\/www.meydan.tv\\\/az\\\/?s={search_term_string}\"},\"query-input\":{\"@type\":\"PropertyValueSpecification\",\"valueRequired\":true,\"valueName\":\"search_term_string\"}}],\"inLanguage\":\"az\"},{\"@type\":\"Organization\",\"@id\":\"https:\\\/\\\/www.meydan.tv\\\/az\\\/#organization\",\"name\":\"Meydan TV\",\"url\":\"https:\\\/\\\/www.meydan.tv\\\/az\\\/\",\"logo\":{\"@type\":\"ImageObject\",\"inLanguage\":\"az\",\"@id\":\"https:\\\/\\\/www.meydan.tv\\\/az\\\/#\\\/schema\\\/logo\\\/image\\\/\",\"url\":\"https:\\\/\\\/www.meydan.tv\\\/wp-content\\\/uploads\\\/2021\\\/07\\\/meydan-logo.svg\",\"contentUrl\":\"https:\\\/\\\/www.meydan.tv\\\/wp-content\\\/uploads\\\/2021\\\/07\\\/meydan-logo.svg\",\"width\":195,\"height\":46,\"caption\":\"Meydan TV\"},\"image\":{\"@id\":\"https:\\\/\\\/www.meydan.tv\\\/az\\\/#\\\/schema\\\/logo\\\/image\\\/\"}},{\"@type\":\"Person\",\"@id\":\"https:\\\/\\\/www.meydan.tv\\\/az\\\/#\\\/schema\\\/person\\\/10d11eccf6da3662cf5fdab9806ea91a\",\"name\":\"user-manager\"}]}<\/script>\n<!-- \/ Yoast SEO plugin. -->","yoast_head_json":{"title":"\u0130lham \u018fliyev v\u0259 Nikol Pa\u015finyan\u0131n f\u0259rqli davran\u0131\u015flar\u0131 - MEYDAN.TV","robots":{"index":"index","follow":"follow","max-snippet":"max-snippet:-1","max-image-preview":"max-image-preview:large","max-video-preview":"max-video-preview:-1"},"canonical":"https:\/\/www.meydan.tv\/az\/article\/ilham-eliyev-ve-nikol-pasinyanin-ferqli-davranislari\/","og_locale":"az_AZ","og_type":"article","og_title":"\u0130lham \u018fliyev v\u0259 Nikol Pa\u015finyan\u0131n f\u0259rqli davran\u0131\u015flar\u0131 - MEYDAN.TV","og_description":"Bu yaz\u0131da \u0259sas m\u0259qs\u0259d \u0130lham \u018fliyevin Nikol Pa\u015finyanla v\u0259 dig\u0259r liderl\u0259rl\u0259 g\u00f6r\u00fc\u015fd\u0259 n\u00fcmayi\u015f etdirdiyi davran\u0131\u015f\u0131 demokratik liderin davran\u0131\u015f prinsipl\u0259ri bax\u0131m\u0131ndan t\u0259hlil etm\u0259kdir.","og_url":"https:\/\/www.meydan.tv\/az\/article\/ilham-eliyev-ve-nikol-pasinyanin-ferqli-davranislari\/","og_site_name":"MEYDAN.TV","article_published_time":"2018-10-14T20:36:23+00:00","og_image":[{"width":800,"height":546,"url":"https:\/\/www.meydan.tv\/wp-content\/uploads\/44181.jpg","type":"image\/jpeg"}],"author":"user-manager","twitter_card":"summary_large_image","schema":{"@context":"https:\/\/schema.org","@graph":[{"@type":"Article","@id":"https:\/\/www.meydan.tv\/az\/article\/ilham-eliyev-ve-nikol-pasinyanin-ferqli-davranislari\/#article","isPartOf":{"@id":"https:\/\/www.meydan.tv\/az\/article\/ilham-eliyev-ve-nikol-pasinyanin-ferqli-davranislari\/"},"author":{"name":"user-manager","@id":"https:\/\/www.meydan.tv\/az\/#\/schema\/person\/10d11eccf6da3662cf5fdab9806ea91a"},"headline":"\u0130lham \u018fliyev v\u0259 Nikol Pa\u015finyan\u0131n f\u0259rqli davran\u0131\u015flar\u0131","datePublished":"2018-10-14T20:36:23+00:00","mainEntityOfPage":{"@id":"https:\/\/www.meydan.tv\/az\/article\/ilham-eliyev-ve-nikol-pasinyanin-ferqli-davranislari\/"},"wordCount":746,"publisher":{"@id":"https:\/\/www.meydan.tv\/az\/#organization"},"image":{"@id":"https:\/\/www.meydan.tv\/az\/article\/ilham-eliyev-ve-nikol-pasinyanin-ferqli-davranislari\/#primaryimage"},"thumbnailUrl":"https:\/\/www.meydan.tv\/wp-content\/uploads\/44181.jpg","articleSection":["M\u0259nim Fikrimc\u0259"],"inLanguage":"az"},{"@type":"WebPage","@id":"https:\/\/www.meydan.tv\/az\/article\/ilham-eliyev-ve-nikol-pasinyanin-ferqli-davranislari\/","url":"https:\/\/www.meydan.tv\/az\/article\/ilham-eliyev-ve-nikol-pasinyanin-ferqli-davranislari\/","name":"\u0130lham \u018fliyev v\u0259 Nikol Pa\u015finyan\u0131n f\u0259rqli davran\u0131\u015flar\u0131 - MEYDAN.TV","isPartOf":{"@id":"https:\/\/www.meydan.tv\/az\/#website"},"primaryImageOfPage":{"@id":"https:\/\/www.meydan.tv\/az\/article\/ilham-eliyev-ve-nikol-pasinyanin-ferqli-davranislari\/#primaryimage"},"image":{"@id":"https:\/\/www.meydan.tv\/az\/article\/ilham-eliyev-ve-nikol-pasinyanin-ferqli-davranislari\/#primaryimage"},"thumbnailUrl":"https:\/\/www.meydan.tv\/wp-content\/uploads\/44181.jpg","datePublished":"2018-10-14T20:36:23+00:00","breadcrumb":{"@id":"https:\/\/www.meydan.tv\/az\/article\/ilham-eliyev-ve-nikol-pasinyanin-ferqli-davranislari\/#breadcrumb"},"inLanguage":"az","potentialAction":[{"@type":"ReadAction","target":["https:\/\/www.meydan.tv\/az\/article\/ilham-eliyev-ve-nikol-pasinyanin-ferqli-davranislari\/"]}]},{"@type":"ImageObject","inLanguage":"az","@id":"https:\/\/www.meydan.tv\/az\/article\/ilham-eliyev-ve-nikol-pasinyanin-ferqli-davranislari\/#primaryimage","url":"https:\/\/www.meydan.tv\/wp-content\/uploads\/44181.jpg","contentUrl":"https:\/\/www.meydan.tv\/wp-content\/uploads\/44181.jpg","width":800,"height":546,"caption":"Source:"},{"@type":"BreadcrumbList","@id":"https:\/\/www.meydan.tv\/az\/article\/ilham-eliyev-ve-nikol-pasinyanin-ferqli-davranislari\/#breadcrumb","itemListElement":[{"@type":"ListItem","position":1,"name":"Ana s\u0259hif\u0259","item":"https:\/\/www.meydan.tv\/az\/"},{"@type":"ListItem","position":2,"name":"M\u0259nim Fikrimc\u0259","item":"https:\/\/www.meydan.tv\/az\/section\/menim-fikrimce\/"},{"@type":"ListItem","position":3,"name":"\u0130lham \u018fliyev v\u0259 Nikol Pa\u015finyan\u0131n f\u0259rqli davran\u0131\u015flar\u0131"}]},{"@type":"WebSite","@id":"https:\/\/www.meydan.tv\/az\/#website","url":"https:\/\/www.meydan.tv\/az\/","name":"MEYDAN.TV","description":"Meydan TV Az\u0259rbaycan\u0131n media m\u0259kan\u0131ndak\u0131 alternativ s\u0259sidir","publisher":{"@id":"https:\/\/www.meydan.tv\/az\/#organization"},"potentialAction":[{"@type":"SearchAction","target":{"@type":"EntryPoint","urlTemplate":"https:\/\/www.meydan.tv\/az\/?s={search_term_string}"},"query-input":{"@type":"PropertyValueSpecification","valueRequired":true,"valueName":"search_term_string"}}],"inLanguage":"az"},{"@type":"Organization","@id":"https:\/\/www.meydan.tv\/az\/#organization","name":"Meydan TV","url":"https:\/\/www.meydan.tv\/az\/","logo":{"@type":"ImageObject","inLanguage":"az","@id":"https:\/\/www.meydan.tv\/az\/#\/schema\/logo\/image\/","url":"https:\/\/www.meydan.tv\/wp-content\/uploads\/2021\/07\/meydan-logo.svg","contentUrl":"https:\/\/www.meydan.tv\/wp-content\/uploads\/2021\/07\/meydan-logo.svg","width":195,"height":46,"caption":"Meydan TV"},"image":{"@id":"https:\/\/www.meydan.tv\/az\/#\/schema\/logo\/image\/"}},{"@type":"Person","@id":"https:\/\/www.meydan.tv\/az\/#\/schema\/person\/10d11eccf6da3662cf5fdab9806ea91a","name":"user-manager"}]}},"_links":{"self":[{"href":"https:\/\/www.meydan.tv\/az\/wp-json\/wp\/v2\/posts\/192104","targetHints":{"allow":["GET"]}}],"collection":[{"href":"https:\/\/www.meydan.tv\/az\/wp-json\/wp\/v2\/posts"}],"about":[{"href":"https:\/\/www.meydan.tv\/az\/wp-json\/wp\/v2\/types\/post"}],"author":[{"embeddable":true,"href":"https:\/\/www.meydan.tv\/az\/wp-json\/wp\/v2\/users\/11"}],"replies":[{"embeddable":true,"href":"https:\/\/www.meydan.tv\/az\/wp-json\/wp\/v2\/comments?post=192104"}],"version-history":[{"count":0,"href":"https:\/\/www.meydan.tv\/az\/wp-json\/wp\/v2\/posts\/192104\/revisions"}],"wp:featuredmedia":[{"embeddable":true,"href":"https:\/\/www.meydan.tv\/az\/wp-json\/wp\/v2\/media\/111032"}],"wp:attachment":[{"href":"https:\/\/www.meydan.tv\/az\/wp-json\/wp\/v2\/media?parent=192104"}],"wp:term":[{"taxonomy":"category","embeddable":true,"href":"https:\/\/www.meydan.tv\/az\/wp-json\/wp\/v2\/categories?post=192104"},{"taxonomy":"post_tag","embeddable":true,"href":"https:\/\/www.meydan.tv\/az\/wp-json\/wp\/v2\/tags?post=192104"}],"curies":[{"name":"wp","href":"https:\/\/api.w.org\/{rel}","templated":true}]}}