{"id":192103,"date":"2018-10-14T17:46:23","date_gmt":"2018-10-14T17:46:23","guid":{"rendered":"https:\/\/www.meydan.tv\/article\/orda-bir-kend-vardi-basi-dumanli\/"},"modified":"2018-10-14T17:46:23","modified_gmt":"2018-10-14T17:46:23","slug":"orda-bir-kend-vardi-basi-dumanli","status":"publish","type":"post","link":"https:\/\/www.meydan.tv\/az\/article\/orda-bir-kend-vardi-basi-dumanli\/","title":{"rendered":"Orda bir k\u0259nd vard\u0131, ba\u015f\u0131 dumanl\u0131&#8230;"},"content":{"rendered":"<figure class=\"wp-block-image size-large\">\n  <img decoding=\"async\" src=\"https:\/\/www.meydan.tv\/az\/kusnet-kendi\/\" alt=\"K\u00fcsn\u0259t k\u0259ndi\" class=\"wp-image-111026\"\/><figcaption>\n    K\u00fcsn\u0259t k\u0259ndi<br \/>\n  <\/figcaption><\/figure>\n<p>\n  Son vaxtlar \u201cv\u0259t\u0259ni qoyub qa\u00e7maq\u201d, \u201cd\u0259d\u0259-baba yurdunu sat\u0131b ba\u015fqa \u00fcnvanlara k\u00f6\u00e7m\u0259k,\u201d \u201c\u0259zizl\u0259rini zill\u0259td\u0259 qoyub m\u00fchacir\u0259t etm\u0259k\u201d kimi eyhaml\u0131 ifad\u0259l\u0259r d\u0259bd\u0259dir. Bundan h\u0259m d\u0259 \u0259n \u00e7ox o adamlar l\u0259zz\u0259tl\u0259 dan\u0131\u015f\u0131rlar ki, he\u00e7 x\u0259yallar\u0131nda o v\u0259ziyy\u0259tl\u0259rd\u0259 olmaq ist\u0259m\u0259zl\u0259r v\u0259 olsayd\u0131lar da f\u0259rqli n\u00fcmun\u0259 g\u00f6st\u0259rm\u0259zdil\u0259r. O adamlar bu bar\u0259d\u0259 susurlar ki, bel\u0259 s\u0131naqlar\u0131n ham\u0131s\u0131ndan l\u0259yaq\u0259tl\u0259 \u00e7\u0131x\u0131blar v\u0259 \u00f6m\u00fcrl\u0259rinin sonuna q\u0259d\u0259r eyni c\u00fcr \u00e7\u0131xarlar.\n<\/p>\n<p>\n  M\u0259qs\u0259dim n\u0259 bezib ged\u0259nl\u0259ri, n\u0259 d\u00f6z\u00fcb qalanlar\u0131 ittiham v\u0259 yaxud m\u00fcdafi\u0259 etm\u0259k, n\u0259 d\u0259 onlar\u0131 m\u00fczakir\u0259 obyektin\u0259 \u00e7evirm\u0259k deyil, ill\u0259r\u00f6nc\u0259 yazd\u0131\u011f\u0131m yaz\u0131dan b\u0259zi hiss\u0259l\u0259ri t\u0259krar xat\u0131rlatmaqd\u0131r. S\u0259b\u0259b Q\u0259b\u0259l\u0259d\u0259 daha bir da\u011f k\u0259ndi Abr\u0131q\u0131n bo\u015fald\u0131laca\u011f\u0131 bar\u0259d\u0259 ged\u0259n s\u00f6z-s\u00f6hb\u0259tdir ki, ciddi n\u0259tic\u0259y\u0259 kims\u0259nin \u015f\u00fcbh\u0259si yoxdur. \u00c7\u00fcnki ill\u0259rl\u0259 ke\u00e7ilm\u0259z x\u0259nd\u0259kl\u0259rd\u0259, k\u00f6rp\u00fcs\u00fcz \u00e7aylarda, c\u0259h\u0259nn\u0259m \u0259zab\u0131 \u00e7\u0259k\u0259n \u0259halinin s\u0259sini e\u015fitm\u0259y\u0259nl\u0259r indi h\u0259min istiqam\u0259td\u0259 milyonlarla v\u0259saiti yollara t\u00f6k\u00fcb \u201cc\u0259nn\u0259t\u201d yarad\u0131rlar. He\u00e7 n\u0259&#8230; S\u0259fal\u0259t\u0259 d\u00fc\u00e7ar edilmi\u015f \u00e7ar\u0259siz v\u0259t\u0259nda\u015f asanl\u0131qla onu bu g\u00fcn\u0259 qoyanlar\u0131n toruna d\u00fc\u015f\u0259c\u0259k. \u0130nsanlar art\u0131q qeydsiz-\u015f\u0259rtsiz ev-e\u015fikl\u0259rini t\u0259rk etm\u0259y\u0259 raz\u0131d\u0131rlar ki, ya bird\u0259f\u0259lik buralardan getsinl\u0259r, ya da t\u0259z\u0259 \u00fcnvanlarda t\u0259z\u0259 d\u0259rdl\u0259rl\u0259 u\u011fra\u015fs\u0131nlar. Qalan\u0131 t\u0259f\u0259rr\u00fcatd\u0131&#8230;\n<\/p>\n<p>\n  \u201cV\u0259t\u0259n\u0259 m\u0259h\u0259bb\u0259t insan\u0131n do\u011fuldu\u011fu yuvadan ba\u015flay\u0131r\u201d, \u201cevini sevm\u0259s\u0259n, elini sev\u0259 bilm\u0259zs\u0259n\u201d- dey\u0259rdil\u0259r. M\u0259hz dey\u0259rdil\u0259r, \u00e7\u00fcnki indi bel\u0259 aforizml\u0259ri dilin\u0259 g\u0259tir\u0259n adam \u0259n az\u0131ndan istehza, la\u011f h\u0259d\u0259fi olar. T\u00fck\u0259nm\u0259z probleml\u0259r, ya\u015famaq u\u011frundak\u0131 heyvani \u00e7abalar, tapdanan haqlar\u0131m\u0131z, s\u0259b\u0259bsiz a\u015fa\u011f\u0131lanmalar v\u0259 sair\u0259 qeyri-insani durumlar b\u00f6y\u00fck amallara olan ba\u011flar\u0131m\u0131z\u0131 q\u0131rd\u0131. Bu hakimiyy\u0259t yaln\u0131z \u00e7\u00f6r\u0259yimiz\u0259 \u0259l qoymad\u0131, \u0259n \u0259sas\u0131 \u00fcr\u0259yimiz\u0259 \u0259l qoyub ordak\u0131 b\u00fct\u00fcn d\u0259y\u0259rl\u0259ri iflic etdi. Bu g\u00fcn h\u0259tta m\u0259kt\u0259bli bel\u0259 v\u0259t\u0259n m\u00f6vzusunda in\u015fan\u0131 m\u0259cburi bir tap\u015f\u0131r\u0131q yerin\u0259 yetirirmi\u015f kimi h\u0259v\u0259ssiz yaz\u0131r.<br \/>\n  \n<\/p>\n<blockquote><p>\n  G\u0259l\u0259c\u0259yimizin ke\u00e7mi\u015fi\n<\/p><\/blockquote>\n<p>\n  K\u00fcsn\u0259t q\u0259dim v\u0259 g\u00f6z\u0259l k\u0259nd idi. Art\u0131q n\u0259 q\u0259dimdi, n\u0259 d\u0259 k\u0259nddi, he\u00e7 g\u00f6z\u0259l d\u0259 deyil. \u00c7\u00fcnki b\u00fct\u00f6v bir \u00f6lk\u0259nin g\u00f6z\u00fc qar\u015f\u0131s\u0131nda bu k\u0259nd yerl\u0259-yeksan edilib tarixin x\u0259rit\u0259sind\u0259n silindi. S\u0259b\u0259b? Q\u0259b\u0259l\u0259nin g\u00f6z\u0259 xo\u015f g\u0259l\u0259n ax\u0131r\u0131nc\u0131 qar\u0131\u015f torpa\u011f\u0131 da bu yer\u0259 sahibl\u0259n\u0259n acg\u00f6z z\u00fcmr\u0259nin \u0259lind\u0259 c\u0259ml\u0259nib. K\u00fcsn\u0259t d\u0259 m\u0259hz \u0259srar\u0259ngiz t\u0259bi\u0259ti ucbat\u0131ndan prezident iqam\u0259tgah\u0131 \u00fc\u00e7\u00fcn pe\u015fke\u015f edildi. T\u0259bii ki, yuva da\u011f\u0131tmadan b\u0259nz\u0259r bo\u015f yerl\u0259r d\u0259 tapmaq olard\u0131, amma buna vaxt itirm\u0259kd\u0259ns\u0259 \u0259ld\u0259 olan\u0131 \u201cse\u00e7m\u0259k\u201d q\u0259rar\u0131na g\u0259ldil\u0259r.\n<\/p>\n<p>\n  O zamanlar rayonun aktivi-passivi bu v\u0259h\u015f\u0259ti ictimail\u0259\u015fdirm\u0259y\u0259 \u00e7al\u0131\u015fark\u0259n b\u0259zi istisnalar xaric art\u0131q k\u00fcsn\u0259tlil\u0259r hakimiyy\u0259tl\u0259 bazarl\u0131\u011fa getmi\u015fdil\u0259r. N\u0259tic\u0259d\u0259 h\u0259r bir K\u00fcsn\u0259t k\u00f6\u00e7k\u00fcn\u00fc kredit v\u0259 d\u00fckan borclar\u0131n\u0131 \u00f6d\u0259m\u0259kl\u0259 rayon m\u0259rk\u0259zind\u0259 ev-e\u015fik sahibi olmaq imkan\u0131 qazand\u0131. Ellikd\u0259 is\u0259 do\u011fulub b\u00f6y\u00fcd\u00fckl\u0259ri v\u0259t\u0259n par\u00e7as\u0131na h\u0259tta yax\u0131nla\u015fmaq haqlar\u0131n\u0131 itirdil\u0259r. S\u00f6hb\u0259t h\u0259r hans\u0131 t\u0259p\u0259g\u00f6z m\u0259murun daxma villas\u0131ndan deyil, h\u0259r yerd\u0259n qorunan prezident iqam\u0259tgah\u0131ndan gedir&#8230;\n<\/p>\n<p>\n  Operativ s\u00f6k\u00fcnt\u00fcl\u0259r zaman\u0131 bir m\u0259s\u0259l\u0259 xeyli m\u00fcdd\u0259t a\u00e7\u0131q qald\u0131: K\u00fcsn\u0259tin ta q\u0259dimd\u0259n yeni tarix\u0259 q\u0259d\u0259rki q\u0259bristanl\u0131\u011f\u0131&#8230; Sakit yeralt\u0131 m\u0259kan\u0131n ax\u0131ra qalmas\u0131 \u0259slind\u0259 t\u0259bii hald\u0131. Amma bu halda bel\u0259 q\u0259birl\u0259rin a\u00e7\u0131lmas\u0131n\u0131 emosional, g\u0259rgin qar\u015f\u0131layan varisl\u0259ri d\u0259 anlamaq olar. Dig\u0259r t\u0259r\u0259fd\u0259n bunun \u0259ksini d\u00fc\u015f\u00fcn\u0259n k\u00fcsn\u0259tlil\u0259r \u015feyx n\u0259srullahlar\u0131n r\u0259hm\u0259tlik \u00f6l\u00fcl\u0259ri q\u0259birl\u0259ri s\u00f6km\u0259d\u0259n k\u00f6\u00e7\u00fcr\u0259c\u0259kl\u0259rinimi d\u00fc\u015f\u00fcn\u00fcrd\u00fcl\u0259r?\n<\/p>\n<p>\n  B\u0259s k\u00fcsn\u0259tlil\u0259r k\u0259ndi niy\u0259 t\u0259rk etmi\u015fdil\u0259r? Ona g\u00f6r\u0259 ki, ba\u015fqalar\u0131 onlar\u0131n k\u0259ndini al\u0131b \u015f\u0259xsi m\u00fclkiyy\u0259t\u0259 \u00e7evirsinl\u0259r. Do\u011fma ocaqlar\u0131, k\u0259ndin m\u0259scidi, kitabxanas\u0131 yerl\u0259 yeksan edil\u0259nd\u0259 k\u00fcsn\u0259tlil\u0259r \u00f6zl\u0259rini texnikan\u0131n qaba\u011f\u0131na niy\u0259 atmad\u0131lar? \u00c7\u00fcnki x\u0259yallar\u0131n ger\u00e7\u0259kl\u0259\u015fm\u0259si m\u0259hz bu da\u011f\u0131nt\u0131dan ke\u00e7irdi. \u018flb\u0259tt\u0259, rahat \u015f\u0259rtl\u0259rl\u0259 ya\u015famaq h\u0259r k\u0259sin haqq\u0131d\u0131r. Amma bizim \u00f6lk\u0259d\u0259 bu i\u015fin m\u00fctl\u0259q a\u011f\u0131r bir \u00f6d\u0259ni\u015fi vard\u0131r. H\u0259r\u00e7\u0259nd ilk t\u0259\u0259ss\u00fcrat\u0131n sehri \u00e7\u0259kil\u0259n g\u00fcnd\u0259n ba\u015flayan o \u00f6d\u0259ni\u015fin faizin\u0259 h\u0259r \u00fcr\u0259k tab g\u0259tirm\u0259z. Z\u0259if oldu\u011funa g\u00f6r\u0259 deyil, z\u0259rif oldu\u011funa g\u00f6r\u0259&#8230;\n<\/p>\n<p>\n  P.s. Binayi-q\u0259dimd\u0259n \u0259sas m\u0259\u015f\u011fuliyy\u0259ti dulus\u00e7uluq olan k\u00fcsn\u0259tlil\u0259r bu s\u0259n\u0259tin usta bilicil\u0259ri idil\u0259r. \u0130lk g\u00fcnl\u0259rin k\u0259ndd\u0259n \u00e7\u0131xmamaq dir\u0259ni\u015find\u0259 b\u0259lk\u0259 irsi s\u0259n\u0259tkarl\u0131\u011f\u0131n z\u0259if i\u015fart\u0131s\u0131 vard\u0131 ki, o da soyuq m\u0259ntiq\u0259 t\u0259slim oldu. Elastik insanlar \u00f6lk\u0259sind\u0259 s\u0131nan \u0259\u015fyalara n\u0259 ehtiyac? Ucuz, keyfiyy\u0259tli v\u0259 d\u00f6z\u00fcml\u00fc bazar var ik\u0259n&#8230;\n<\/p>\n<p>\n  <i><br \/>\n    Yaz\u0131 m\u00fc\u0259llifin fikirl\u0259rini \u0259ks etdirir v\u0259 Meydan TV-nin m\u00f6vqeyi il\u0259 \u00fcst-\u00fcst\u0259 d\u00fc\u015fm\u0259y\u0259 bil\u0259r.<br \/>\n  <\/i><\/p>\n","protected":false},"excerpt":{"rendered":"<p>V\u0259t\u0259n\u0259 m\u0259h\u0259bb\u0259t insan\u0131n do\u011fuldu\u011fu yuvadan ba\u015flay\u0131r<\/p>\n","protected":false},"author":11,"featured_media":111026,"comment_status":"closed","ping_status":"open","sticky":false,"template":"","format":"standard","meta":{"_acf_changed":false,"_sitemap_exclude":false,"_sitemap_priority":"","_sitemap_frequency":"","footnotes":""},"categories":[57],"tags":[],"class_list":["post-192103","post","type-post","status-publish","format-standard","has-post-thumbnail","hentry","category-menim-fikrimce","infinite-scroll-item","generate-columns","tablet-grid-50","mobile-grid-100","grid-parent","grid-33","no-featured-image-padding"],"acf":[],"yoast_head":"<!-- This site is optimized with the Yoast SEO plugin v27.4 - https:\/\/yoast.com\/product\/yoast-seo-wordpress\/ -->\n<title>Orda bir k\u0259nd vard\u0131, ba\u015f\u0131 dumanl\u0131... - MEYDAN.TV<\/title>\n<meta name=\"robots\" content=\"index, follow, max-snippet:-1, max-image-preview:large, max-video-preview:-1\" \/>\n<link rel=\"canonical\" href=\"https:\/\/www.meydan.tv\/az\/article\/orda-bir-kend-vardi-basi-dumanli\/\" \/>\n<meta property=\"og:locale\" content=\"az_AZ\" \/>\n<meta property=\"og:type\" content=\"article\" \/>\n<meta property=\"og:title\" content=\"Orda bir k\u0259nd vard\u0131, ba\u015f\u0131 dumanl\u0131... - MEYDAN.TV\" \/>\n<meta property=\"og:description\" content=\"V\u0259t\u0259n\u0259 m\u0259h\u0259bb\u0259t insan\u0131n do\u011fuldu\u011fu yuvadan ba\u015flay\u0131r\" \/>\n<meta property=\"og:url\" content=\"https:\/\/www.meydan.tv\/az\/article\/orda-bir-kend-vardi-basi-dumanli\/\" \/>\n<meta property=\"og:site_name\" content=\"MEYDAN.TV\" \/>\n<meta property=\"article:published_time\" content=\"2018-10-14T17:46:23+00:00\" \/>\n<meta property=\"og:image\" content=\"https:\/\/www.meydan.tv\/wp-content\/uploads\/44180.jpg\" \/>\n\t<meta property=\"og:image:width\" content=\"747\" \/>\n\t<meta property=\"og:image:height\" content=\"418\" \/>\n\t<meta property=\"og:image:type\" content=\"image\/jpeg\" \/>\n<meta name=\"author\" content=\"user-manager\" \/>\n<meta name=\"twitter:card\" content=\"summary_large_image\" \/>\n<script type=\"application\/ld+json\" class=\"yoast-schema-graph\">{\"@context\":\"https:\\\/\\\/schema.org\",\"@graph\":[{\"@type\":\"Article\",\"@id\":\"https:\\\/\\\/www.meydan.tv\\\/az\\\/article\\\/orda-bir-kend-vardi-basi-dumanli\\\/#article\",\"isPartOf\":{\"@id\":\"https:\\\/\\\/www.meydan.tv\\\/az\\\/article\\\/orda-bir-kend-vardi-basi-dumanli\\\/\"},\"author\":{\"name\":\"user-manager\",\"@id\":\"https:\\\/\\\/www.meydan.tv\\\/az\\\/#\\\/schema\\\/person\\\/10d11eccf6da3662cf5fdab9806ea91a\"},\"headline\":\"Orda bir k\u0259nd vard\u0131, ba\u015f\u0131 dumanl\u0131&#8230;\",\"datePublished\":\"2018-10-14T17:46:23+00:00\",\"mainEntityOfPage\":{\"@id\":\"https:\\\/\\\/www.meydan.tv\\\/az\\\/article\\\/orda-bir-kend-vardi-basi-dumanli\\\/\"},\"wordCount\":1069,\"publisher\":{\"@id\":\"https:\\\/\\\/www.meydan.tv\\\/az\\\/#organization\"},\"image\":{\"@id\":\"https:\\\/\\\/www.meydan.tv\\\/az\\\/article\\\/orda-bir-kend-vardi-basi-dumanli\\\/#primaryimage\"},\"thumbnailUrl\":\"https:\\\/\\\/www.meydan.tv\\\/wp-content\\\/uploads\\\/44180.jpg\",\"articleSection\":[\"M\u0259nim Fikrimc\u0259\"],\"inLanguage\":\"az\"},{\"@type\":\"WebPage\",\"@id\":\"https:\\\/\\\/www.meydan.tv\\\/az\\\/article\\\/orda-bir-kend-vardi-basi-dumanli\\\/\",\"url\":\"https:\\\/\\\/www.meydan.tv\\\/az\\\/article\\\/orda-bir-kend-vardi-basi-dumanli\\\/\",\"name\":\"Orda bir k\u0259nd vard\u0131, ba\u015f\u0131 dumanl\u0131... - MEYDAN.TV\",\"isPartOf\":{\"@id\":\"https:\\\/\\\/www.meydan.tv\\\/az\\\/#website\"},\"primaryImageOfPage\":{\"@id\":\"https:\\\/\\\/www.meydan.tv\\\/az\\\/article\\\/orda-bir-kend-vardi-basi-dumanli\\\/#primaryimage\"},\"image\":{\"@id\":\"https:\\\/\\\/www.meydan.tv\\\/az\\\/article\\\/orda-bir-kend-vardi-basi-dumanli\\\/#primaryimage\"},\"thumbnailUrl\":\"https:\\\/\\\/www.meydan.tv\\\/wp-content\\\/uploads\\\/44180.jpg\",\"datePublished\":\"2018-10-14T17:46:23+00:00\",\"breadcrumb\":{\"@id\":\"https:\\\/\\\/www.meydan.tv\\\/az\\\/article\\\/orda-bir-kend-vardi-basi-dumanli\\\/#breadcrumb\"},\"inLanguage\":\"az\",\"potentialAction\":[{\"@type\":\"ReadAction\",\"target\":[\"https:\\\/\\\/www.meydan.tv\\\/az\\\/article\\\/orda-bir-kend-vardi-basi-dumanli\\\/\"]}]},{\"@type\":\"ImageObject\",\"inLanguage\":\"az\",\"@id\":\"https:\\\/\\\/www.meydan.tv\\\/az\\\/article\\\/orda-bir-kend-vardi-basi-dumanli\\\/#primaryimage\",\"url\":\"https:\\\/\\\/www.meydan.tv\\\/wp-content\\\/uploads\\\/44180.jpg\",\"contentUrl\":\"https:\\\/\\\/www.meydan.tv\\\/wp-content\\\/uploads\\\/44180.jpg\",\"width\":747,\"height\":418,\"caption\":\"Source:\"},{\"@type\":\"BreadcrumbList\",\"@id\":\"https:\\\/\\\/www.meydan.tv\\\/az\\\/article\\\/orda-bir-kend-vardi-basi-dumanli\\\/#breadcrumb\",\"itemListElement\":[{\"@type\":\"ListItem\",\"position\":1,\"name\":\"Ana s\u0259hif\u0259\",\"item\":\"https:\\\/\\\/www.meydan.tv\\\/az\\\/\"},{\"@type\":\"ListItem\",\"position\":2,\"name\":\"M\u0259nim Fikrimc\u0259\",\"item\":\"https:\\\/\\\/www.meydan.tv\\\/az\\\/section\\\/menim-fikrimce\\\/\"},{\"@type\":\"ListItem\",\"position\":3,\"name\":\"Orda bir k\u0259nd vard\u0131, ba\u015f\u0131 dumanl\u0131&#8230;\"}]},{\"@type\":\"WebSite\",\"@id\":\"https:\\\/\\\/www.meydan.tv\\\/az\\\/#website\",\"url\":\"https:\\\/\\\/www.meydan.tv\\\/az\\\/\",\"name\":\"MEYDAN.TV\",\"description\":\"Meydan TV Az\u0259rbaycan\u0131n media m\u0259kan\u0131ndak\u0131 alternativ s\u0259sidir\",\"publisher\":{\"@id\":\"https:\\\/\\\/www.meydan.tv\\\/az\\\/#organization\"},\"potentialAction\":[{\"@type\":\"SearchAction\",\"target\":{\"@type\":\"EntryPoint\",\"urlTemplate\":\"https:\\\/\\\/www.meydan.tv\\\/az\\\/?s={search_term_string}\"},\"query-input\":{\"@type\":\"PropertyValueSpecification\",\"valueRequired\":true,\"valueName\":\"search_term_string\"}}],\"inLanguage\":\"az\"},{\"@type\":\"Organization\",\"@id\":\"https:\\\/\\\/www.meydan.tv\\\/az\\\/#organization\",\"name\":\"Meydan TV\",\"url\":\"https:\\\/\\\/www.meydan.tv\\\/az\\\/\",\"logo\":{\"@type\":\"ImageObject\",\"inLanguage\":\"az\",\"@id\":\"https:\\\/\\\/www.meydan.tv\\\/az\\\/#\\\/schema\\\/logo\\\/image\\\/\",\"url\":\"https:\\\/\\\/www.meydan.tv\\\/wp-content\\\/uploads\\\/2021\\\/07\\\/meydan-logo.svg\",\"contentUrl\":\"https:\\\/\\\/www.meydan.tv\\\/wp-content\\\/uploads\\\/2021\\\/07\\\/meydan-logo.svg\",\"width\":195,\"height\":46,\"caption\":\"Meydan TV\"},\"image\":{\"@id\":\"https:\\\/\\\/www.meydan.tv\\\/az\\\/#\\\/schema\\\/logo\\\/image\\\/\"}},{\"@type\":\"Person\",\"@id\":\"https:\\\/\\\/www.meydan.tv\\\/az\\\/#\\\/schema\\\/person\\\/10d11eccf6da3662cf5fdab9806ea91a\",\"name\":\"user-manager\"}]}<\/script>\n<!-- \/ Yoast SEO plugin. -->","yoast_head_json":{"title":"Orda bir k\u0259nd vard\u0131, ba\u015f\u0131 dumanl\u0131... - MEYDAN.TV","robots":{"index":"index","follow":"follow","max-snippet":"max-snippet:-1","max-image-preview":"max-image-preview:large","max-video-preview":"max-video-preview:-1"},"canonical":"https:\/\/www.meydan.tv\/az\/article\/orda-bir-kend-vardi-basi-dumanli\/","og_locale":"az_AZ","og_type":"article","og_title":"Orda bir k\u0259nd vard\u0131, ba\u015f\u0131 dumanl\u0131... - MEYDAN.TV","og_description":"V\u0259t\u0259n\u0259 m\u0259h\u0259bb\u0259t insan\u0131n do\u011fuldu\u011fu yuvadan ba\u015flay\u0131r","og_url":"https:\/\/www.meydan.tv\/az\/article\/orda-bir-kend-vardi-basi-dumanli\/","og_site_name":"MEYDAN.TV","article_published_time":"2018-10-14T17:46:23+00:00","og_image":[{"width":747,"height":418,"url":"https:\/\/www.meydan.tv\/wp-content\/uploads\/44180.jpg","type":"image\/jpeg"}],"author":"user-manager","twitter_card":"summary_large_image","schema":{"@context":"https:\/\/schema.org","@graph":[{"@type":"Article","@id":"https:\/\/www.meydan.tv\/az\/article\/orda-bir-kend-vardi-basi-dumanli\/#article","isPartOf":{"@id":"https:\/\/www.meydan.tv\/az\/article\/orda-bir-kend-vardi-basi-dumanli\/"},"author":{"name":"user-manager","@id":"https:\/\/www.meydan.tv\/az\/#\/schema\/person\/10d11eccf6da3662cf5fdab9806ea91a"},"headline":"Orda bir k\u0259nd vard\u0131, ba\u015f\u0131 dumanl\u0131&#8230;","datePublished":"2018-10-14T17:46:23+00:00","mainEntityOfPage":{"@id":"https:\/\/www.meydan.tv\/az\/article\/orda-bir-kend-vardi-basi-dumanli\/"},"wordCount":1069,"publisher":{"@id":"https:\/\/www.meydan.tv\/az\/#organization"},"image":{"@id":"https:\/\/www.meydan.tv\/az\/article\/orda-bir-kend-vardi-basi-dumanli\/#primaryimage"},"thumbnailUrl":"https:\/\/www.meydan.tv\/wp-content\/uploads\/44180.jpg","articleSection":["M\u0259nim Fikrimc\u0259"],"inLanguage":"az"},{"@type":"WebPage","@id":"https:\/\/www.meydan.tv\/az\/article\/orda-bir-kend-vardi-basi-dumanli\/","url":"https:\/\/www.meydan.tv\/az\/article\/orda-bir-kend-vardi-basi-dumanli\/","name":"Orda bir k\u0259nd vard\u0131, ba\u015f\u0131 dumanl\u0131... - MEYDAN.TV","isPartOf":{"@id":"https:\/\/www.meydan.tv\/az\/#website"},"primaryImageOfPage":{"@id":"https:\/\/www.meydan.tv\/az\/article\/orda-bir-kend-vardi-basi-dumanli\/#primaryimage"},"image":{"@id":"https:\/\/www.meydan.tv\/az\/article\/orda-bir-kend-vardi-basi-dumanli\/#primaryimage"},"thumbnailUrl":"https:\/\/www.meydan.tv\/wp-content\/uploads\/44180.jpg","datePublished":"2018-10-14T17:46:23+00:00","breadcrumb":{"@id":"https:\/\/www.meydan.tv\/az\/article\/orda-bir-kend-vardi-basi-dumanli\/#breadcrumb"},"inLanguage":"az","potentialAction":[{"@type":"ReadAction","target":["https:\/\/www.meydan.tv\/az\/article\/orda-bir-kend-vardi-basi-dumanli\/"]}]},{"@type":"ImageObject","inLanguage":"az","@id":"https:\/\/www.meydan.tv\/az\/article\/orda-bir-kend-vardi-basi-dumanli\/#primaryimage","url":"https:\/\/www.meydan.tv\/wp-content\/uploads\/44180.jpg","contentUrl":"https:\/\/www.meydan.tv\/wp-content\/uploads\/44180.jpg","width":747,"height":418,"caption":"Source:"},{"@type":"BreadcrumbList","@id":"https:\/\/www.meydan.tv\/az\/article\/orda-bir-kend-vardi-basi-dumanli\/#breadcrumb","itemListElement":[{"@type":"ListItem","position":1,"name":"Ana s\u0259hif\u0259","item":"https:\/\/www.meydan.tv\/az\/"},{"@type":"ListItem","position":2,"name":"M\u0259nim Fikrimc\u0259","item":"https:\/\/www.meydan.tv\/az\/section\/menim-fikrimce\/"},{"@type":"ListItem","position":3,"name":"Orda bir k\u0259nd vard\u0131, ba\u015f\u0131 dumanl\u0131&#8230;"}]},{"@type":"WebSite","@id":"https:\/\/www.meydan.tv\/az\/#website","url":"https:\/\/www.meydan.tv\/az\/","name":"MEYDAN.TV","description":"Meydan TV Az\u0259rbaycan\u0131n media m\u0259kan\u0131ndak\u0131 alternativ s\u0259sidir","publisher":{"@id":"https:\/\/www.meydan.tv\/az\/#organization"},"potentialAction":[{"@type":"SearchAction","target":{"@type":"EntryPoint","urlTemplate":"https:\/\/www.meydan.tv\/az\/?s={search_term_string}"},"query-input":{"@type":"PropertyValueSpecification","valueRequired":true,"valueName":"search_term_string"}}],"inLanguage":"az"},{"@type":"Organization","@id":"https:\/\/www.meydan.tv\/az\/#organization","name":"Meydan TV","url":"https:\/\/www.meydan.tv\/az\/","logo":{"@type":"ImageObject","inLanguage":"az","@id":"https:\/\/www.meydan.tv\/az\/#\/schema\/logo\/image\/","url":"https:\/\/www.meydan.tv\/wp-content\/uploads\/2021\/07\/meydan-logo.svg","contentUrl":"https:\/\/www.meydan.tv\/wp-content\/uploads\/2021\/07\/meydan-logo.svg","width":195,"height":46,"caption":"Meydan TV"},"image":{"@id":"https:\/\/www.meydan.tv\/az\/#\/schema\/logo\/image\/"}},{"@type":"Person","@id":"https:\/\/www.meydan.tv\/az\/#\/schema\/person\/10d11eccf6da3662cf5fdab9806ea91a","name":"user-manager"}]}},"_links":{"self":[{"href":"https:\/\/www.meydan.tv\/az\/wp-json\/wp\/v2\/posts\/192103","targetHints":{"allow":["GET"]}}],"collection":[{"href":"https:\/\/www.meydan.tv\/az\/wp-json\/wp\/v2\/posts"}],"about":[{"href":"https:\/\/www.meydan.tv\/az\/wp-json\/wp\/v2\/types\/post"}],"author":[{"embeddable":true,"href":"https:\/\/www.meydan.tv\/az\/wp-json\/wp\/v2\/users\/11"}],"replies":[{"embeddable":true,"href":"https:\/\/www.meydan.tv\/az\/wp-json\/wp\/v2\/comments?post=192103"}],"version-history":[{"count":0,"href":"https:\/\/www.meydan.tv\/az\/wp-json\/wp\/v2\/posts\/192103\/revisions"}],"wp:featuredmedia":[{"embeddable":true,"href":"https:\/\/www.meydan.tv\/az\/wp-json\/wp\/v2\/media\/111026"}],"wp:attachment":[{"href":"https:\/\/www.meydan.tv\/az\/wp-json\/wp\/v2\/media?parent=192103"}],"wp:term":[{"taxonomy":"category","embeddable":true,"href":"https:\/\/www.meydan.tv\/az\/wp-json\/wp\/v2\/categories?post=192103"},{"taxonomy":"post_tag","embeddable":true,"href":"https:\/\/www.meydan.tv\/az\/wp-json\/wp\/v2\/tags?post=192103"}],"curies":[{"name":"wp","href":"https:\/\/api.w.org\/{rel}","templated":true}]}}